{"id":48984,"date":"2016-08-14T14:00:02","date_gmt":"2016-08-14T12:00:02","guid":{"rendered":"http:\/\/somos.vicencianos.org\/blog\/2011\/09\/il-cristiano-guidato-alla-virtu-ed-alla-civilta-secondo-lo-spirito-di-san-vincenzo-de-paoli-giorno-vigesimo\/"},"modified":"2016-07-25T07:43:03","modified_gmt":"2016-07-25T05:43:03","slug":"il-cristiano-guidato-alla-virtu-ed-alla-civilta-secondo-lo-spirito-di-san-vincenzo-de-paoli-giorno-vigesimo","status":"publish","type":"post","link":"http:\/\/vincentians.com\/it\/il-cristiano-guidato-alla-virtu-ed-alla-civilta-secondo-lo-spirito-di-san-vincenzo-de-paoli-giorno-vigesimo\/","title":{"rendered":"Il cristiano guidato alla virt\u00f9 ed alla civilt\u00e0 secondo lo spirito di San Vincenzo De&#8217; Paoli. Giorno vigesimo"},"content":{"rendered":"<p><strong><strong><strong>Giorno vigesimo. Sua Gratitudine<\/strong><\/strong><\/strong><\/p>\n<p>La mancanza di gratitudine, abbench\u00e8 vizio comune, oltraggia e la Divinit\u00e0, ch&#8217;\u00e8 il principio d&#8217; ogni bene, e gli nomini di cui essa si serve per ispargere su di noi le sue liberalit\u00e0. Vincenzo ebbe per questo sciagurato vizio tutto l&#8217;orrore che ne deve avere un cuore ben fatto. Avrebbe voluto, se fosse stato possibile, proporzionare la sua gratitudine verso Dio non solo ai beni che riceveva da lui, ma a quelli eziandio che hanno ricevuto e ne ricevono giornalmente tutte le creature. Lo ringraziava de&#8217; favori a loro compartiti dal principio dei mondo, di quelli che continua a far loro, e soprattutto delle buone opere di cui la sua grazia \u00e8 stata la sorgente. La protezione che Dio accorda alla sua Chiesa, a&#8217; suoi pastori ed a coloro che lavorano per moltiplicarne i figli: i frutti che producono nel suo seno le comunit\u00e0 ben regolate, il felice successo de&#8217; ritiri, delle conferenze, dei seminari e delle missioni: la prosperit\u00e0 de&#8217; Re e dei Principi cristiani; la estinzione de&#8217; nemici della Religione, in una parola ogni avvenimento atto a procurare la gloria di Dio e l\u2019 utilit\u00e0 della cattolica Religione era l&#8217;argomento ordinario della sua gratitudine. Fu inteso a dire che bisogna impiegare tanto tempo a ringraziare Dio di un benofizio ricevuto quanto se ne impieg\u00f2 per dimandarglielo. \u00abLa gratitudine, diceva, \u00e8 un tributo che Dio esige dalla creatura; ed \u00e8 per facilitarle i mezzi di soddisfare a questo sto dovere che istitu\u00ec nell&#8217;antica legge de&#8217; sacrifizi di ringraziamento, e nella nuova legge quello dell&#8217; Eucaristia, che deve rammentarci le maraviglie da lui operate per amor nostro. L\u2019 ingratitudine \u00e8 un peccato che inaridisce la sorgente delle grazie: Ges\u00f9 Cristo se ne lagn\u00f2 quando di dieci lebbrosi guariti non ne vide ritornar addietro che un solo per testificargli la sua riconoscenza.\u00bb<\/p>\n<p>Se dalla gratitudine che il Santo ebbe versa Dio passiamo a quella ch&#8217;ebbe verso gli uomini, vedremo in essa pure l&#8217; eccellenza del suo cuore. Il servo di Dio che meritava tanti riguardi s&#8217; immaginava di non meritarne alcuno; ed a ci\u00f2 si deve in parte attribuire che fosse s\u00ec commosso per i pi\u00f9 piccoli servigi che gli si rendevano. Un fanciullo che gl&#8217;indicasse la strada, un fratello che gli accendesse la lucerna o facesse ancor meno per lui, era sicuro di esserne ringraziato. Qualunque fosse il profitto che si ritraeva nell&#8217;intrattenersi con liti, era grato a coloro che andavano a ritrovarlo. \u00abVi ringrazio, diceva ad alcuni, che non disprezziate la vecchiezza; ad altri, che abbiate avuto la pazienza di sopportarmi ed ascoltarmi&#8230;\u00bb<\/p>\n<p>Lo spirito di gratitudine che. lo dominava era la sola cosa capace di fargli dimenticare l&#8217;austerita delle regole prescrittesi. Camminando un giorno cadde in un fiume, e sarebbesi affogato se un prete che l&#8217; accompagnava non si fosse slanciato nel fiume per trarnelo. Questo giovane missionario, che aveva molto fervore, lo perd\u00e8 insensibilmente: abbandon\u00f2 la sua vocazione malgrado tutto ci\u00f2 che Vincenzo pot\u00e8 fare per trattenerlo. Appena giunto a casa sua trov\u00f2 delle contraddizioni, alle quali non era preparato, e delle croci non prevedute. Si vide oppresso da affanni e da amarezze conobbe allora di avere commesso un fallo abbandonando uno stato a cui Dio l&#8217; aveva chiamato. Sull&#8217; esempio del figlio prodigo risolv\u00e8 di ritornare al padre suo, gli chiese perdono e gli scrisse molte lettere affinch\u00e8 lo ricevesse in alcuna delle sue case. Vincenzo non gli rispose. Quel prete giusta mente afflitto raddoppia le sue istanze e gli fa sapere chiaramente essere perduto per sempre se non gli stende una mano soccorrevole. Il Santo che diffidava della conversione d&#8217;un uomo volubile, gli rappresent\u00f2 la pazienza che si era usata verso di lui, il poco conto che ne aveva fatto, ed i giusti motivi di temere che si pentisse di bel nuovo del suo pentimento stesso, e conchiuse che non si doveva ricevere. Una risposta s\u00ec austera fu un colpo di fulmine per quell&#8217; ecclesiastico; fece un ultimo sforzo attaccando Vincenzo nella parte pi\u00f9 sensibile. vale a dire dal lato della gratitudine.. \u00abSignore, gli disse, io vi ho una volta salvato la vita del corpo, salvate a me quella dell&#8217; anima.\u00bb Alla lettura di quelle parole il cuore del sant&#8217; Uomo fu commosso l&#8217;occasione d&#8217; esercitare una preziosa virt\u00f9 congiunta alla perseveranza di colui, in cui favore doveva esercitarsi, lo determin\u00f2 al&#8217;istante. Rispose perci\u00f2: \u00abVenite, signore, che sarete ricevuto a braccia aperte.\u00bb Al momento stesso che quell&#8217; ecclesiastico si disponeva a partire, si ammal\u00f2, ne fu pi\u00f9 possibile il salvarlo. Felice di aver fatto dal canto suo quanto da lui dipendeva onde riparare il suo fallo e d&#8217;aver sentiti i rimorsi, che d&#8217;ordinario si trascurano invita, e sono per lo pi\u00f9 causa di disperazione al punto di morte!<\/p>\n<p>Qualche volta oltrepass\u00f2 i limiti delle sue forze, un giorno fece un dono di due mila franchi ad un uomo che trovavasi nel bisogno, e che aveva beneficato qualcuna delle suo case. Prese cura particolare di una povera donna, la quale aveva servito due appestati della casa di s. Lazzaro nei tempo in cui i missionari vi furono stabiliti: provvide al suo nutrimento e ne pag\u00f2 l&#8217;alloggio per trenta anni. Finalmente, onde spingere la gratitudine tant&#8217; oltre quanto poteva, riguardava e voleva che ognuno de&#8217; suoi tenesse come fatto a se stesso ci\u00f2 che veniva fatto a qualcheduno di loro. Egli \u00e8 per questo che, avvisato avere alcuni religiosi data sepoltura onorevole ad uno de&#8217;suoi preti morto fra di loro, diede alla sua comunit\u00e0, per argomento di conferenza spirituale, la necesita della gratitudine, affine d&#8217; indurre i suoi tigli a pregar Dio per quei religiosi e dimandargli la grazia e le occasioni di rimunerare quel benefizio. \u00c8 in tal modo che il sant&#8217;Uomo possedeva la gratitudine in un grado eminente.<\/p>\n<p><em>Frutto<\/em>. Tre atti di carit\u00e0 per dimostrare la nostra gratitudine verso Dio, e quando riceviamo qualche favore dal nostro prossimo, siamo riconoscenti soprattutto qualora il favore ricevuto sia spirituale.<\/p>\n","protected":false},"excerpt":{"rendered":"<p>Giorno vigesimo. Sua Gratitudine La mancanza di gratitudine, abbench\u00e8 vizio comune, oltraggia e la Divinit\u00e0, ch&#8217;\u00e8 il principio d&#8217; ogni bene, e gli nomini di cui essa si serve per ispargere su di noi le &#8230; <a href=\"http:\/\/vincentians.com\/it\/il-cristiano-guidato-alla-virtu-ed-alla-civilta-secondo-lo-spirito-di-san-vincenzo-de-paoli-giorno-vigesimo\/\" class=\"more-link\">Read More<\/a><\/p>\n","protected":false},"author":4,"featured_media":153784,"comment_status":"open","ping_status":"open","sticky":false,"template":"","format":"standard","meta":{"jetpack_post_was_ever_published":false,"_jetpack_newsletter_access":"","_jetpack_dont_email_post_to_subs":false,"_jetpack_newsletter_tier_id":0,"_jetpack_memberships_contains_paywalled_content":false,"_jetpack_memberships_contains_paid_content":false,"footnotes":"","jetpack_publicize_message":"","jetpack_publicize_feature_enabled":true,"jetpack_social_post_already_shared":true,"jetpack_social_options":{"image_generator_settings":{"template":"highway","default_image_id":0,"font":"","enabled":false},"version":2}},"categories":[119],"tags":[],"class_list":["post-48984","post","type-post","status-publish","format-standard","has-post-thumbnail","hentry","category-vincenzo-de-paoli"],"yoast_head":"<!-- This site is optimized with the Yoast SEO plugin v26.3 - https:\/\/yoast.com\/wordpress\/plugins\/seo\/ -->\n<title>Il cristiano guidato alla virt\u00f9 ed alla civilt\u00e0 secondo lo spirito di San Vincenzo De&#039; Paoli. Giorno vigesimo - Siamo Vincenziani<\/title>\n<meta name=\"robots\" content=\"index, follow, max-snippet:-1, max-image-preview:large, max-video-preview:-1\" \/>\n<link rel=\"canonical\" href=\"http:\/\/vincentians.com\/it\/il-cristiano-guidato-alla-virtu-ed-alla-civilta-secondo-lo-spirito-di-san-vincenzo-de-paoli-giorno-vigesimo\/\" \/>\n<meta property=\"og:locale\" content=\"it_IT\" \/>\n<meta property=\"og:type\" content=\"article\" \/>\n<meta property=\"og:title\" content=\"Il cristiano guidato alla virt\u00f9 ed alla civilt\u00e0 secondo lo spirito di San Vincenzo De&#039; Paoli. Giorno vigesimo - Siamo Vincenziani\" \/>\n<meta property=\"og:description\" content=\"Giorno vigesimo. Sua Gratitudine La mancanza di gratitudine, abbench\u00e8 vizio comune, oltraggia e la Divinit\u00e0, ch&#8217;\u00e8 il principio d&#8217; ogni bene, e gli nomini di cui essa si serve per ispargere su di noi le ... Read More\" \/>\n<meta property=\"og:url\" content=\"http:\/\/vincentians.com\/it\/il-cristiano-guidato-alla-virtu-ed-alla-civilta-secondo-lo-spirito-di-san-vincenzo-de-paoli-giorno-vigesimo\/\" \/>\n<meta property=\"og:site_name\" content=\"Siamo Vincenziani\" \/>\n<meta property=\"article:publisher\" content=\"https:\/\/www.facebook.com\/WeAreVincentians\/\" \/>\n<meta property=\"article:author\" content=\"https:\/\/www.facebook.com\/JavierChento\" \/>\n<meta property=\"article:published_time\" content=\"2016-08-14T12:00:02+00:00\" \/>\n<meta property=\"og:image\" content=\"https:\/\/i0.wp.com\/vincentians.com\/it\/wp-content\/uploads\/sites\/12\/2016\/07\/don-bosco-y-san-vicente-de-paul.jpg?fit=1200%2C630\" \/>\n\t<meta property=\"og:image:width\" content=\"1200\" \/>\n\t<meta property=\"og:image:height\" content=\"630\" \/>\n\t<meta property=\"og:image:type\" content=\"image\/jpeg\" \/>\n<meta name=\"author\" content=\"Francisco Javier Fern\u00e1ndez Chento\" \/>\n<meta name=\"twitter:card\" content=\"summary_large_image\" \/>\n<meta name=\"twitter:creator\" content=\"@https:\/\/twitter.com\/javierchento\" \/>\n<meta name=\"twitter:site\" content=\"@WeVincentians\" \/>\n<meta name=\"twitter:label1\" content=\"Scritto da\" \/>\n\t<meta name=\"twitter:data1\" content=\"Francisco Javier Fern\u00e1ndez Chento\" \/>\n\t<meta name=\"twitter:label2\" content=\"Tempo di lettura stimato\" \/>\n\t<meta name=\"twitter:data2\" content=\"5 minuti\" \/>\n<script type=\"application\/ld+json\" class=\"yoast-schema-graph\">{\"@context\":\"https:\/\/schema.org\",\"@graph\":[{\"@type\":\"Article\",\"@id\":\"http:\/\/vincentians.com\/it\/il-cristiano-guidato-alla-virtu-ed-alla-civilta-secondo-lo-spirito-di-san-vincenzo-de-paoli-giorno-vigesimo\/#article\",\"isPartOf\":{\"@id\":\"http:\/\/vincentians.com\/it\/il-cristiano-guidato-alla-virtu-ed-alla-civilta-secondo-lo-spirito-di-san-vincenzo-de-paoli-giorno-vigesimo\/\"},\"author\":{\"name\":\"Francisco Javier Fern\u00e1ndez Chento\",\"@id\":\"http:\/\/vincentians.com\/it\/#\/schema\/person\/9623ef4d9aa3b2dfb8c061f1499288f2\"},\"headline\":\"Il cristiano guidato alla virt\u00f9 ed alla civilt\u00e0 secondo lo spirito di San Vincenzo De&#8217; Paoli. Giorno vigesimo\",\"datePublished\":\"2016-08-14T12:00:02+00:00\",\"mainEntityOfPage\":{\"@id\":\"http:\/\/vincentians.com\/it\/il-cristiano-guidato-alla-virtu-ed-alla-civilta-secondo-lo-spirito-di-san-vincenzo-de-paoli-giorno-vigesimo\/\"},\"wordCount\":998,\"commentCount\":0,\"publisher\":{\"@id\":\"http:\/\/vincentians.com\/it\/#organization\"},\"image\":{\"@id\":\"http:\/\/vincentians.com\/it\/il-cristiano-guidato-alla-virtu-ed-alla-civilta-secondo-lo-spirito-di-san-vincenzo-de-paoli-giorno-vigesimo\/#primaryimage\"},\"thumbnailUrl\":\"https:\/\/i0.wp.com\/vincentians.com\/it\/wp-content\/uploads\/sites\/12\/2016\/07\/don-bosco-y-san-vicente-de-paul.jpg?fit=1200%2C630\",\"articleSection\":[\"Vincenzo de' Paoli\"],\"inLanguage\":\"it-IT\",\"potentialAction\":[{\"@type\":\"CommentAction\",\"name\":\"Comment\",\"target\":[\"http:\/\/vincentians.com\/it\/il-cristiano-guidato-alla-virtu-ed-alla-civilta-secondo-lo-spirito-di-san-vincenzo-de-paoli-giorno-vigesimo\/#respond\"]}]},{\"@type\":\"WebPage\",\"@id\":\"http:\/\/vincentians.com\/it\/il-cristiano-guidato-alla-virtu-ed-alla-civilta-secondo-lo-spirito-di-san-vincenzo-de-paoli-giorno-vigesimo\/\",\"url\":\"http:\/\/vincentians.com\/it\/il-cristiano-guidato-alla-virtu-ed-alla-civilta-secondo-lo-spirito-di-san-vincenzo-de-paoli-giorno-vigesimo\/\",\"name\":\"Il cristiano guidato alla virt\u00f9 ed alla civilt\u00e0 secondo lo spirito di San Vincenzo De' Paoli. Giorno vigesimo - Siamo Vincenziani\",\"isPartOf\":{\"@id\":\"http:\/\/vincentians.com\/it\/#website\"},\"primaryImageOfPage\":{\"@id\":\"http:\/\/vincentians.com\/it\/il-cristiano-guidato-alla-virtu-ed-alla-civilta-secondo-lo-spirito-di-san-vincenzo-de-paoli-giorno-vigesimo\/#primaryimage\"},\"image\":{\"@id\":\"http:\/\/vincentians.com\/it\/il-cristiano-guidato-alla-virtu-ed-alla-civilta-secondo-lo-spirito-di-san-vincenzo-de-paoli-giorno-vigesimo\/#primaryimage\"},\"thumbnailUrl\":\"https:\/\/i0.wp.com\/vincentians.com\/it\/wp-content\/uploads\/sites\/12\/2016\/07\/don-bosco-y-san-vicente-de-paul.jpg?fit=1200%2C630\",\"datePublished\":\"2016-08-14T12:00:02+00:00\",\"breadcrumb\":{\"@id\":\"http:\/\/vincentians.com\/it\/il-cristiano-guidato-alla-virtu-ed-alla-civilta-secondo-lo-spirito-di-san-vincenzo-de-paoli-giorno-vigesimo\/#breadcrumb\"},\"inLanguage\":\"it-IT\",\"potentialAction\":[{\"@type\":\"ReadAction\",\"target\":[\"http:\/\/vincentians.com\/it\/il-cristiano-guidato-alla-virtu-ed-alla-civilta-secondo-lo-spirito-di-san-vincenzo-de-paoli-giorno-vigesimo\/\"]}]},{\"@type\":\"ImageObject\",\"inLanguage\":\"it-IT\",\"@id\":\"http:\/\/vincentians.com\/it\/il-cristiano-guidato-alla-virtu-ed-alla-civilta-secondo-lo-spirito-di-san-vincenzo-de-paoli-giorno-vigesimo\/#primaryimage\",\"url\":\"https:\/\/i0.wp.com\/vincentians.com\/it\/wp-content\/uploads\/sites\/12\/2016\/07\/don-bosco-y-san-vicente-de-paul.jpg?fit=1200%2C630\",\"contentUrl\":\"https:\/\/i0.wp.com\/vincentians.com\/it\/wp-content\/uploads\/sites\/12\/2016\/07\/don-bosco-y-san-vicente-de-paul.jpg?fit=1200%2C630\",\"width\":1200,\"height\":630},{\"@type\":\"BreadcrumbList\",\"@id\":\"http:\/\/vincentians.com\/it\/il-cristiano-guidato-alla-virtu-ed-alla-civilta-secondo-lo-spirito-di-san-vincenzo-de-paoli-giorno-vigesimo\/#breadcrumb\",\"itemListElement\":[{\"@type\":\"ListItem\",\"position\":1,\"name\":\"Portada\",\"item\":\"http:\/\/vincentians.com\/it\/\"},{\"@type\":\"ListItem\",\"position\":2,\"name\":\"Il cristiano guidato alla virt\u00f9 ed alla civilt\u00e0 secondo lo spirito di San Vincenzo De&#8217; Paoli. Giorno vigesimo\"}]},{\"@type\":\"WebSite\",\"@id\":\"http:\/\/vincentians.com\/it\/#website\",\"url\":\"http:\/\/vincentians.com\/it\/\",\"name\":\"Siamo Vincenziani\",\"description\":\"Know more to serve more\",\"publisher\":{\"@id\":\"http:\/\/vincentians.com\/it\/#organization\"},\"potentialAction\":[{\"@type\":\"SearchAction\",\"target\":{\"@type\":\"EntryPoint\",\"urlTemplate\":\"http:\/\/vincentians.com\/it\/?s={search_term_string}\"},\"query-input\":{\"@type\":\"PropertyValueSpecification\",\"valueRequired\":true,\"valueName\":\"search_term_string\"}}],\"inLanguage\":\"it-IT\"},{\"@type\":\"Organization\",\"@id\":\"http:\/\/vincentians.com\/it\/#organization\",\"name\":\"The Vincentian Network\",\"url\":\"http:\/\/vincentians.com\/it\/\",\"logo\":{\"@type\":\"ImageObject\",\"inLanguage\":\"it-IT\",\"@id\":\"http:\/\/vincentians.com\/it\/#\/schema\/logo\/image\/\",\"url\":\"https:\/\/i0.wp.com\/vincentians.com\/it\/wp-content\/uploads\/sites\/12\/2016\/06\/Vincentian-Network-logo-big.png?fit=778%2C778\",\"contentUrl\":\"https:\/\/i0.wp.com\/vincentians.com\/it\/wp-content\/uploads\/sites\/12\/2016\/06\/Vincentian-Network-logo-big.png?fit=778%2C778\",\"width\":778,\"height\":778,\"caption\":\"The Vincentian Network\"},\"image\":{\"@id\":\"http:\/\/vincentians.com\/it\/#\/schema\/logo\/image\/\"},\"sameAs\":[\"https:\/\/www.facebook.com\/WeAreVincentians\/\",\"https:\/\/x.com\/WeVincentians\"]},{\"@type\":\"Person\",\"@id\":\"http:\/\/vincentians.com\/it\/#\/schema\/person\/9623ef4d9aa3b2dfb8c061f1499288f2\",\"name\":\"Francisco Javier Fern\u00e1ndez Chento\",\"image\":{\"@type\":\"ImageObject\",\"inLanguage\":\"it-IT\",\"@id\":\"http:\/\/vincentians.com\/it\/#\/schema\/person\/image\/\",\"url\":\"https:\/\/secure.gravatar.com\/avatar\/497d5cde87b4c3d097d0315953521681ba2cd523ee66e5077c3711f7021e65de?s=96&d=mm&r=g\",\"contentUrl\":\"https:\/\/secure.gravatar.com\/avatar\/497d5cde87b4c3d097d0315953521681ba2cd523ee66e5077c3711f7021e65de?s=96&d=mm&r=g\",\"caption\":\"Francisco Javier Fern\u00e1ndez Chento\"},\"description\":\"Director General y cofundador de La Red de Formaci\u00f3n Vicenciana. Javier es laico vicenciano, afiliado a la Congregaci\u00f3n de la Misi\u00f3n y miembro del Equipo de Misiones Populares de la provincia can\u00f3nica de Zaragoza (Espa\u00f1a) de la Congregaci\u00f3n de la Misi\u00f3n. Graduado en la Universidad Oberta de Catalunya con cuatro grados (Asistente de direcci\u00f3n, Gesti\u00f3n Administrativa, Recursos Humanos y Contabilidad Avanzada). Bil\u00edng\u00fce Espa\u00f1ol\/Ingl\u00e9s. gestiona y mantiene varias p\u00e1ginas web cristianas y vicencianas, incluida including La Red de Formaci\u00f3n Vicenciana, de la que es cofundador. Actualmente es responsable del \u00e1rea de Espa\u00f1ol de .famvin, la Red de Noticias de la Familia Vicenciana. Tambi\u00e9n es m\u00fasico cat\u00f3lico y ha editado varios discos. Es Director General y cofundador de Trovador, una reconocida compa\u00f1\u00eda discogr\u00e1fica critiana de Espa\u00f1a. Trabaja en las Tecnolog\u00edas de la Informaci\u00f3n, ofreciendo servicios de alojamiento, dise\u00f1o y mantenimiento Web, as\u00ed como asesoramiento, formaci\u00f3n y soluciones inform\u00e1ticas, gesti\u00f3n documental y digitalizaci\u00f3n de textos, edici\u00f3n y maquetaci\u00f3n de libros, revistas, flyers, etc.\",\"sameAs\":[\"http:\/\/chento.org\",\"https:\/\/www.facebook.com\/JavierChento\",\"https:\/\/x.com\/https:\/\/twitter.com\/javierchento\"],\"url\":\"http:\/\/vincentians.com\/it\/author\/chento\/\"}]}<\/script>\n<!-- \/ Yoast SEO plugin. -->","yoast_head_json":{"title":"Il cristiano guidato alla virt\u00f9 ed alla civilt\u00e0 secondo lo spirito di San Vincenzo De' Paoli. Giorno vigesimo - Siamo Vincenziani","robots":{"index":"index","follow":"follow","max-snippet":"max-snippet:-1","max-image-preview":"max-image-preview:large","max-video-preview":"max-video-preview:-1"},"canonical":"http:\/\/vincentians.com\/it\/il-cristiano-guidato-alla-virtu-ed-alla-civilta-secondo-lo-spirito-di-san-vincenzo-de-paoli-giorno-vigesimo\/","og_locale":"it_IT","og_type":"article","og_title":"Il cristiano guidato alla virt\u00f9 ed alla civilt\u00e0 secondo lo spirito di San Vincenzo De' Paoli. Giorno vigesimo - Siamo Vincenziani","og_description":"Giorno vigesimo. Sua Gratitudine La mancanza di gratitudine, abbench\u00e8 vizio comune, oltraggia e la Divinit\u00e0, ch&#8217;\u00e8 il principio d&#8217; ogni bene, e gli nomini di cui essa si serve per ispargere su di noi le ... Read More","og_url":"http:\/\/vincentians.com\/it\/il-cristiano-guidato-alla-virtu-ed-alla-civilta-secondo-lo-spirito-di-san-vincenzo-de-paoli-giorno-vigesimo\/","og_site_name":"Siamo Vincenziani","article_publisher":"https:\/\/www.facebook.com\/WeAreVincentians\/","article_author":"https:\/\/www.facebook.com\/JavierChento","article_published_time":"2016-08-14T12:00:02+00:00","og_image":[{"width":1200,"height":630,"url":"https:\/\/i0.wp.com\/vincentians.com\/it\/wp-content\/uploads\/sites\/12\/2016\/07\/don-bosco-y-san-vicente-de-paul.jpg?fit=1200%2C630","type":"image\/jpeg"}],"author":"Francisco Javier Fern\u00e1ndez Chento","twitter_card":"summary_large_image","twitter_creator":"@https:\/\/twitter.com\/javierchento","twitter_site":"@WeVincentians","twitter_misc":{"Scritto da":"Francisco Javier Fern\u00e1ndez Chento","Tempo di lettura stimato":"5 minuti"},"schema":{"@context":"https:\/\/schema.org","@graph":[{"@type":"Article","@id":"http:\/\/vincentians.com\/it\/il-cristiano-guidato-alla-virtu-ed-alla-civilta-secondo-lo-spirito-di-san-vincenzo-de-paoli-giorno-vigesimo\/#article","isPartOf":{"@id":"http:\/\/vincentians.com\/it\/il-cristiano-guidato-alla-virtu-ed-alla-civilta-secondo-lo-spirito-di-san-vincenzo-de-paoli-giorno-vigesimo\/"},"author":{"name":"Francisco Javier Fern\u00e1ndez Chento","@id":"http:\/\/vincentians.com\/it\/#\/schema\/person\/9623ef4d9aa3b2dfb8c061f1499288f2"},"headline":"Il cristiano guidato alla virt\u00f9 ed alla civilt\u00e0 secondo lo spirito di San Vincenzo De&#8217; Paoli. Giorno vigesimo","datePublished":"2016-08-14T12:00:02+00:00","mainEntityOfPage":{"@id":"http:\/\/vincentians.com\/it\/il-cristiano-guidato-alla-virtu-ed-alla-civilta-secondo-lo-spirito-di-san-vincenzo-de-paoli-giorno-vigesimo\/"},"wordCount":998,"commentCount":0,"publisher":{"@id":"http:\/\/vincentians.com\/it\/#organization"},"image":{"@id":"http:\/\/vincentians.com\/it\/il-cristiano-guidato-alla-virtu-ed-alla-civilta-secondo-lo-spirito-di-san-vincenzo-de-paoli-giorno-vigesimo\/#primaryimage"},"thumbnailUrl":"https:\/\/i0.wp.com\/vincentians.com\/it\/wp-content\/uploads\/sites\/12\/2016\/07\/don-bosco-y-san-vicente-de-paul.jpg?fit=1200%2C630","articleSection":["Vincenzo de' Paoli"],"inLanguage":"it-IT","potentialAction":[{"@type":"CommentAction","name":"Comment","target":["http:\/\/vincentians.com\/it\/il-cristiano-guidato-alla-virtu-ed-alla-civilta-secondo-lo-spirito-di-san-vincenzo-de-paoli-giorno-vigesimo\/#respond"]}]},{"@type":"WebPage","@id":"http:\/\/vincentians.com\/it\/il-cristiano-guidato-alla-virtu-ed-alla-civilta-secondo-lo-spirito-di-san-vincenzo-de-paoli-giorno-vigesimo\/","url":"http:\/\/vincentians.com\/it\/il-cristiano-guidato-alla-virtu-ed-alla-civilta-secondo-lo-spirito-di-san-vincenzo-de-paoli-giorno-vigesimo\/","name":"Il cristiano guidato alla virt\u00f9 ed alla civilt\u00e0 secondo lo spirito di San Vincenzo De' Paoli. Giorno vigesimo - Siamo Vincenziani","isPartOf":{"@id":"http:\/\/vincentians.com\/it\/#website"},"primaryImageOfPage":{"@id":"http:\/\/vincentians.com\/it\/il-cristiano-guidato-alla-virtu-ed-alla-civilta-secondo-lo-spirito-di-san-vincenzo-de-paoli-giorno-vigesimo\/#primaryimage"},"image":{"@id":"http:\/\/vincentians.com\/it\/il-cristiano-guidato-alla-virtu-ed-alla-civilta-secondo-lo-spirito-di-san-vincenzo-de-paoli-giorno-vigesimo\/#primaryimage"},"thumbnailUrl":"https:\/\/i0.wp.com\/vincentians.com\/it\/wp-content\/uploads\/sites\/12\/2016\/07\/don-bosco-y-san-vicente-de-paul.jpg?fit=1200%2C630","datePublished":"2016-08-14T12:00:02+00:00","breadcrumb":{"@id":"http:\/\/vincentians.com\/it\/il-cristiano-guidato-alla-virtu-ed-alla-civilta-secondo-lo-spirito-di-san-vincenzo-de-paoli-giorno-vigesimo\/#breadcrumb"},"inLanguage":"it-IT","potentialAction":[{"@type":"ReadAction","target":["http:\/\/vincentians.com\/it\/il-cristiano-guidato-alla-virtu-ed-alla-civilta-secondo-lo-spirito-di-san-vincenzo-de-paoli-giorno-vigesimo\/"]}]},{"@type":"ImageObject","inLanguage":"it-IT","@id":"http:\/\/vincentians.com\/it\/il-cristiano-guidato-alla-virtu-ed-alla-civilta-secondo-lo-spirito-di-san-vincenzo-de-paoli-giorno-vigesimo\/#primaryimage","url":"https:\/\/i0.wp.com\/vincentians.com\/it\/wp-content\/uploads\/sites\/12\/2016\/07\/don-bosco-y-san-vicente-de-paul.jpg?fit=1200%2C630","contentUrl":"https:\/\/i0.wp.com\/vincentians.com\/it\/wp-content\/uploads\/sites\/12\/2016\/07\/don-bosco-y-san-vicente-de-paul.jpg?fit=1200%2C630","width":1200,"height":630},{"@type":"BreadcrumbList","@id":"http:\/\/vincentians.com\/it\/il-cristiano-guidato-alla-virtu-ed-alla-civilta-secondo-lo-spirito-di-san-vincenzo-de-paoli-giorno-vigesimo\/#breadcrumb","itemListElement":[{"@type":"ListItem","position":1,"name":"Portada","item":"http:\/\/vincentians.com\/it\/"},{"@type":"ListItem","position":2,"name":"Il cristiano guidato alla virt\u00f9 ed alla civilt\u00e0 secondo lo spirito di San Vincenzo De&#8217; Paoli. Giorno vigesimo"}]},{"@type":"WebSite","@id":"http:\/\/vincentians.com\/it\/#website","url":"http:\/\/vincentians.com\/it\/","name":"Siamo Vincenziani","description":"Know more to serve more","publisher":{"@id":"http:\/\/vincentians.com\/it\/#organization"},"potentialAction":[{"@type":"SearchAction","target":{"@type":"EntryPoint","urlTemplate":"http:\/\/vincentians.com\/it\/?s={search_term_string}"},"query-input":{"@type":"PropertyValueSpecification","valueRequired":true,"valueName":"search_term_string"}}],"inLanguage":"it-IT"},{"@type":"Organization","@id":"http:\/\/vincentians.com\/it\/#organization","name":"The Vincentian Network","url":"http:\/\/vincentians.com\/it\/","logo":{"@type":"ImageObject","inLanguage":"it-IT","@id":"http:\/\/vincentians.com\/it\/#\/schema\/logo\/image\/","url":"https:\/\/i0.wp.com\/vincentians.com\/it\/wp-content\/uploads\/sites\/12\/2016\/06\/Vincentian-Network-logo-big.png?fit=778%2C778","contentUrl":"https:\/\/i0.wp.com\/vincentians.com\/it\/wp-content\/uploads\/sites\/12\/2016\/06\/Vincentian-Network-logo-big.png?fit=778%2C778","width":778,"height":778,"caption":"The Vincentian Network"},"image":{"@id":"http:\/\/vincentians.com\/it\/#\/schema\/logo\/image\/"},"sameAs":["https:\/\/www.facebook.com\/WeAreVincentians\/","https:\/\/x.com\/WeVincentians"]},{"@type":"Person","@id":"http:\/\/vincentians.com\/it\/#\/schema\/person\/9623ef4d9aa3b2dfb8c061f1499288f2","name":"Francisco Javier Fern\u00e1ndez Chento","image":{"@type":"ImageObject","inLanguage":"it-IT","@id":"http:\/\/vincentians.com\/it\/#\/schema\/person\/image\/","url":"https:\/\/secure.gravatar.com\/avatar\/497d5cde87b4c3d097d0315953521681ba2cd523ee66e5077c3711f7021e65de?s=96&d=mm&r=g","contentUrl":"https:\/\/secure.gravatar.com\/avatar\/497d5cde87b4c3d097d0315953521681ba2cd523ee66e5077c3711f7021e65de?s=96&d=mm&r=g","caption":"Francisco Javier Fern\u00e1ndez Chento"},"description":"Director General y cofundador de La Red de Formaci\u00f3n Vicenciana. Javier es laico vicenciano, afiliado a la Congregaci\u00f3n de la Misi\u00f3n y miembro del Equipo de Misiones Populares de la provincia can\u00f3nica de Zaragoza (Espa\u00f1a) de la Congregaci\u00f3n de la Misi\u00f3n. Graduado en la Universidad Oberta de Catalunya con cuatro grados (Asistente de direcci\u00f3n, Gesti\u00f3n Administrativa, Recursos Humanos y Contabilidad Avanzada). Bil\u00edng\u00fce Espa\u00f1ol\/Ingl\u00e9s. gestiona y mantiene varias p\u00e1ginas web cristianas y vicencianas, incluida including La Red de Formaci\u00f3n Vicenciana, de la que es cofundador. Actualmente es responsable del \u00e1rea de Espa\u00f1ol de .famvin, la Red de Noticias de la Familia Vicenciana. Tambi\u00e9n es m\u00fasico cat\u00f3lico y ha editado varios discos. Es Director General y cofundador de Trovador, una reconocida compa\u00f1\u00eda discogr\u00e1fica critiana de Espa\u00f1a. Trabaja en las Tecnolog\u00edas de la Informaci\u00f3n, ofreciendo servicios de alojamiento, dise\u00f1o y mantenimiento Web, as\u00ed como asesoramiento, formaci\u00f3n y soluciones inform\u00e1ticas, gesti\u00f3n documental y digitalizaci\u00f3n de textos, edici\u00f3n y maquetaci\u00f3n de libros, revistas, flyers, etc.","sameAs":["http:\/\/chento.org","https:\/\/www.facebook.com\/JavierChento","https:\/\/x.com\/https:\/\/twitter.com\/javierchento"],"url":"http:\/\/vincentians.com\/it\/author\/chento\/"}]}},"jetpack_publicize_connections":[],"jetpack_featured_media_url":"https:\/\/i0.wp.com\/vincentians.com\/it\/wp-content\/uploads\/sites\/12\/2016\/07\/don-bosco-y-san-vicente-de-paul.jpg?fit=1200%2C630","jetpack_sharing_enabled":true,"jetpack_shortlink":"https:\/\/wp.me\/p7ETFo-cK4","jetpack-related-posts":[{"id":48996,"url":"http:\/\/vincentians.com\/it\/il-cristiano-guidato-alla-virtu-ed-alla-civilta-secondo-lo-spirito-di-san-vincenzo-de-paoli-al-glorioso-s-vincenzo-de-paoli\/","url_meta":{"origin":48984,"position":0},"title":"Il cristiano guidato alla virt\u00f9 ed alla civilt\u00e0 secondo lo spirito di San Vincenzo De&#8217; Paoli. Al glorioso S. Vincenzo de&#8217; Paoli","author":"Francisco Javier Fern\u00e1ndez Chento","date":"26\/08\/2016","format":false,"excerpt":"Al glorioso S. Vincenzo de' Paoli Che nato in Francia l'anno 1676, sedendo sopra la Cattedra di s. Pietro Gregorio XIII, destinato alla custodia della paterna greggia, applicato agli studi, laureato in teologia, ordinato sacerdote, fatto schiavo da' Barbari, venduto a tre padroni, l\u2019 ultimo apostata riconduce alla fede, riceve\u2026","rel":"","context":"In &quot;Vincenzo de' Paoli&quot;","block_context":{"text":"Vincenzo de' Paoli","link":"http:\/\/vincentians.com\/it\/category\/vincenzo-de-paoli\/"},"img":{"alt_text":"","src":"https:\/\/i0.wp.com\/vincentians.com\/it\/wp-content\/uploads\/sites\/12\/2016\/07\/don-bosco-y-san-vicente-de-paul.jpg?fit=1200%2C630&resize=350%2C200","width":350,"height":200,"srcset":"https:\/\/i0.wp.com\/vincentians.com\/it\/wp-content\/uploads\/sites\/12\/2016\/07\/don-bosco-y-san-vicente-de-paul.jpg?fit=1200%2C630&resize=350%2C200 1x, https:\/\/i0.wp.com\/vincentians.com\/it\/wp-content\/uploads\/sites\/12\/2016\/07\/don-bosco-y-san-vicente-de-paul.jpg?fit=1200%2C630&resize=525%2C300 1.5x, https:\/\/i0.wp.com\/vincentians.com\/it\/wp-content\/uploads\/sites\/12\/2016\/07\/don-bosco-y-san-vicente-de-paul.jpg?fit=1200%2C630&resize=700%2C400 2x, https:\/\/i0.wp.com\/vincentians.com\/it\/wp-content\/uploads\/sites\/12\/2016\/07\/don-bosco-y-san-vicente-de-paul.jpg?fit=1200%2C630&resize=1050%2C600 3x"},"classes":[]},{"id":45891,"url":"http:\/\/vincentians.com\/it\/il-cristiano-guidato-alla-virtu-ed-alla-civilta-secondo-lo-spirito-di-san-vincenzo-de-paoli-giorno-quarto\/","url_meta":{"origin":48984,"position":1},"title":"Il cristiano guidato alla virt\u00f9 ed alla civilt\u00e0 secondo lo spirito di San Vincenzo De&#8217; Paoli. Giorno quarto","author":"Francisco Javier Fern\u00e1ndez Chento","date":"29\/07\/2016","format":false,"excerpt":"Giorno quarto. Amore del Santo per Dio. Per bene apprezzare qual sia stato l\u2019 amore di s. Vincenzo verso Dio, sarebbe mestieri conoscere tutta l'influenza dello Spirito Salito sul cuore di lui, e la fedele sua cooperazione a' lumi che ne riceveva. Questa manifestazione cui Dio ha dato principio sulla\u2026","rel":"","context":"In &quot;Vincenzo de' Paoli&quot;","block_context":{"text":"Vincenzo de' Paoli","link":"http:\/\/vincentians.com\/it\/category\/vincenzo-de-paoli\/"},"img":{"alt_text":"","src":"https:\/\/i0.wp.com\/vincentians.com\/it\/wp-content\/uploads\/sites\/12\/2016\/07\/don-bosco-y-san-vicente-de-paul.jpg?fit=1200%2C630&resize=350%2C200","width":350,"height":200,"srcset":"https:\/\/i0.wp.com\/vincentians.com\/it\/wp-content\/uploads\/sites\/12\/2016\/07\/don-bosco-y-san-vicente-de-paul.jpg?fit=1200%2C630&resize=350%2C200 1x, https:\/\/i0.wp.com\/vincentians.com\/it\/wp-content\/uploads\/sites\/12\/2016\/07\/don-bosco-y-san-vicente-de-paul.jpg?fit=1200%2C630&resize=525%2C300 1.5x, https:\/\/i0.wp.com\/vincentians.com\/it\/wp-content\/uploads\/sites\/12\/2016\/07\/don-bosco-y-san-vicente-de-paul.jpg?fit=1200%2C630&resize=700%2C400 2x, https:\/\/i0.wp.com\/vincentians.com\/it\/wp-content\/uploads\/sites\/12\/2016\/07\/don-bosco-y-san-vicente-de-paul.jpg?fit=1200%2C630&resize=1050%2C600 3x"},"classes":[]},{"id":47745,"url":"http:\/\/vincentians.com\/it\/il-cristiano-guidato-alla-virtu-ed-alla-civilta-secondo-lo-spirito-di-san-vincenzo-de-paoli-giorno-decimoprimo\/","url_meta":{"origin":48984,"position":2},"title":"Il cristiano guidato alla virt\u00f9 ed alla civilt\u00e0 secondo lo spirito di San Vincenzo De&#8217; Paoli. Giorno decimoprimo","author":"Francisco Javier Fern\u00e1ndez Chento","date":"05\/08\/2016","format":false,"excerpt":"Giorno decimoprimo. Dell' umilt\u00e0 di S. Vincenzo de' Paoli. Sono pochi i Santi che abbiano spinto l'umilt\u00e0 s\u00ec oltre come Vincenzo. \u00abUn virtuoso ecclesiastico disse, che giammai si \u00e8 trovato sulla terra ambizioso, che abbia avuto tanta frenesia per conseguire la stima e l'innalzamento o la gloria, quanto ardore ebbe\u2026","rel":"","context":"In &quot;Vincenzo de' Paoli&quot;","block_context":{"text":"Vincenzo de' Paoli","link":"http:\/\/vincentians.com\/it\/category\/vincenzo-de-paoli\/"},"img":{"alt_text":"","src":"https:\/\/i0.wp.com\/vincentians.com\/it\/wp-content\/uploads\/sites\/12\/2016\/07\/don-bosco-y-san-vicente-de-paul.jpg?fit=1200%2C630&resize=350%2C200","width":350,"height":200,"srcset":"https:\/\/i0.wp.com\/vincentians.com\/it\/wp-content\/uploads\/sites\/12\/2016\/07\/don-bosco-y-san-vicente-de-paul.jpg?fit=1200%2C630&resize=350%2C200 1x, https:\/\/i0.wp.com\/vincentians.com\/it\/wp-content\/uploads\/sites\/12\/2016\/07\/don-bosco-y-san-vicente-de-paul.jpg?fit=1200%2C630&resize=525%2C300 1.5x, https:\/\/i0.wp.com\/vincentians.com\/it\/wp-content\/uploads\/sites\/12\/2016\/07\/don-bosco-y-san-vicente-de-paul.jpg?fit=1200%2C630&resize=700%2C400 2x, https:\/\/i0.wp.com\/vincentians.com\/it\/wp-content\/uploads\/sites\/12\/2016\/07\/don-bosco-y-san-vicente-de-paul.jpg?fit=1200%2C630&resize=1050%2C600 3x"},"classes":[]},{"id":45889,"url":"http:\/\/vincentians.com\/it\/il-cristiano-guidato-alla-virtu-ed-alla-civilta-secondo-lo-spirito-di-san-vincenzo-de-paoli-giorno-secondo\/","url_meta":{"origin":48984,"position":3},"title":"Il cristiano guidato alla virt\u00f9 ed alla civilt\u00e0 secondo lo spirito di San Vincenzo De&#8217; Paoli. Giorno secondo","author":"Francisco Javier Fern\u00e1ndez Chento","date":"27\/07\/2016","format":false,"excerpt":"Giorno secondo. Sua imitazione di Ges\u00f9 Cristo. Il nostro divin Salvatore aveva detto a tutti i fedeli cristiani, che colui il quale cammina dietro a' suoi passi non cammina nelle tenebre, ed \u00e8 sicuro di avere un giorno il lume di vita eterna. Perci\u00f2 invitava tutti a seguirlo, proporselo per\u2026","rel":"","context":"In &quot;Vincenzo de' Paoli&quot;","block_context":{"text":"Vincenzo de' Paoli","link":"http:\/\/vincentians.com\/it\/category\/vincenzo-de-paoli\/"},"img":{"alt_text":"","src":"https:\/\/i0.wp.com\/vincentians.com\/it\/wp-content\/uploads\/sites\/12\/2016\/07\/don-bosco-y-san-vicente-de-paul.jpg?fit=1200%2C630&resize=350%2C200","width":350,"height":200,"srcset":"https:\/\/i0.wp.com\/vincentians.com\/it\/wp-content\/uploads\/sites\/12\/2016\/07\/don-bosco-y-san-vicente-de-paul.jpg?fit=1200%2C630&resize=350%2C200 1x, https:\/\/i0.wp.com\/vincentians.com\/it\/wp-content\/uploads\/sites\/12\/2016\/07\/don-bosco-y-san-vicente-de-paul.jpg?fit=1200%2C630&resize=525%2C300 1.5x, https:\/\/i0.wp.com\/vincentians.com\/it\/wp-content\/uploads\/sites\/12\/2016\/07\/don-bosco-y-san-vicente-de-paul.jpg?fit=1200%2C630&resize=700%2C400 2x, https:\/\/i0.wp.com\/vincentians.com\/it\/wp-content\/uploads\/sites\/12\/2016\/07\/don-bosco-y-san-vicente-de-paul.jpg?fit=1200%2C630&resize=1050%2C600 3x"},"classes":[]},{"id":48994,"url":"http:\/\/vincentians.com\/it\/il-cristiano-guidato-alla-virtu-ed-alla-civilta-secondo-lo-spirito-di-san-vincenzo-de-paoli-giorno-trentesimo\/","url_meta":{"origin":48984,"position":4},"title":"Il cristiano guidato alla virt\u00f9 ed alla civilt\u00e0 secondo lo spirito di San Vincenzo De&#8217; Paoli. Giorno trentesimo","author":"Francisco Javier Fern\u00e1ndez Chento","date":"24\/08\/2016","format":false,"excerpt":"Giorno trentesimo. Sua preziosa morte. Due sono le cose che sogliono turbare in punto di morte; i peccati della vita passata, e il dover comparire davanti al Divin giudice. voi spesso vediamo uomini ridersi della morte e burlare chi con opere buone ci si prepara. Ma costoro medesimi trovandosi in\u2026","rel":"","context":"In &quot;Vincenzo de' Paoli&quot;","block_context":{"text":"Vincenzo de' Paoli","link":"http:\/\/vincentians.com\/it\/category\/vincenzo-de-paoli\/"},"img":{"alt_text":"","src":"https:\/\/i0.wp.com\/vincentians.com\/it\/wp-content\/uploads\/sites\/12\/2016\/07\/don-bosco-y-san-vicente-de-paul.jpg?fit=1200%2C630&resize=350%2C200","width":350,"height":200,"srcset":"https:\/\/i0.wp.com\/vincentians.com\/it\/wp-content\/uploads\/sites\/12\/2016\/07\/don-bosco-y-san-vicente-de-paul.jpg?fit=1200%2C630&resize=350%2C200 1x, https:\/\/i0.wp.com\/vincentians.com\/it\/wp-content\/uploads\/sites\/12\/2016\/07\/don-bosco-y-san-vicente-de-paul.jpg?fit=1200%2C630&resize=525%2C300 1.5x, https:\/\/i0.wp.com\/vincentians.com\/it\/wp-content\/uploads\/sites\/12\/2016\/07\/don-bosco-y-san-vicente-de-paul.jpg?fit=1200%2C630&resize=700%2C400 2x, https:\/\/i0.wp.com\/vincentians.com\/it\/wp-content\/uploads\/sites\/12\/2016\/07\/don-bosco-y-san-vicente-de-paul.jpg?fit=1200%2C630&resize=1050%2C600 3x"},"classes":[]},{"id":48988,"url":"http:\/\/vincentians.com\/it\/il-cristiano-guidato-alla-virtu-ed-alla-civilta-secondo-lo-spirito-di-san-vincenzo-de-paoli-giorno-vigesimoquarto\/","url_meta":{"origin":48984,"position":5},"title":"Il cristiano guidato alla virt\u00f9 ed alla civilt\u00e0 secondo lo spirito di San Vincenzo De&#8217; Paoli. Giorno vigesimoquarto","author":"Francisco Javier Fern\u00e1ndez Chento","date":"18\/08\/2016","format":false,"excerpt":"Giorno vigesimoquarto. Della sua confidenza in pio. Il signore ci dice che ehi confida in lui non rimarr\u00e0 confuso; e che pu\u00f2 tutto chi e dal Signore confortato. Dal che Vincenzo animato intraprese delle cose, che i Principi,tessi non avrebbero osato, e sostenere degli stabilimenti che sembravano disperati. La provvidenza\u2026","rel":"","context":"In &quot;Vincenzo de' Paoli&quot;","block_context":{"text":"Vincenzo de' Paoli","link":"http:\/\/vincentians.com\/it\/category\/vincenzo-de-paoli\/"},"img":{"alt_text":"","src":"https:\/\/i0.wp.com\/vincentians.com\/it\/wp-content\/uploads\/sites\/12\/2016\/07\/don-bosco-y-san-vicente-de-paul.jpg?fit=1200%2C630&resize=350%2C200","width":350,"height":200,"srcset":"https:\/\/i0.wp.com\/vincentians.com\/it\/wp-content\/uploads\/sites\/12\/2016\/07\/don-bosco-y-san-vicente-de-paul.jpg?fit=1200%2C630&resize=350%2C200 1x, https:\/\/i0.wp.com\/vincentians.com\/it\/wp-content\/uploads\/sites\/12\/2016\/07\/don-bosco-y-san-vicente-de-paul.jpg?fit=1200%2C630&resize=525%2C300 1.5x, https:\/\/i0.wp.com\/vincentians.com\/it\/wp-content\/uploads\/sites\/12\/2016\/07\/don-bosco-y-san-vicente-de-paul.jpg?fit=1200%2C630&resize=700%2C400 2x, https:\/\/i0.wp.com\/vincentians.com\/it\/wp-content\/uploads\/sites\/12\/2016\/07\/don-bosco-y-san-vicente-de-paul.jpg?fit=1200%2C630&resize=1050%2C600 3x"},"classes":[]}],"_links":{"self":[{"href":"http:\/\/vincentians.com\/it\/wp-json\/wp\/v2\/posts\/48984","targetHints":{"allow":["GET"]}}],"collection":[{"href":"http:\/\/vincentians.com\/it\/wp-json\/wp\/v2\/posts"}],"about":[{"href":"http:\/\/vincentians.com\/it\/wp-json\/wp\/v2\/types\/post"}],"author":[{"embeddable":true,"href":"http:\/\/vincentians.com\/it\/wp-json\/wp\/v2\/users\/4"}],"replies":[{"embeddable":true,"href":"http:\/\/vincentians.com\/it\/wp-json\/wp\/v2\/comments?post=48984"}],"version-history":[{"count":0,"href":"http:\/\/vincentians.com\/it\/wp-json\/wp\/v2\/posts\/48984\/revisions"}],"wp:featuredmedia":[{"embeddable":true,"href":"http:\/\/vincentians.com\/it\/wp-json\/wp\/v2\/media\/153784"}],"wp:attachment":[{"href":"http:\/\/vincentians.com\/it\/wp-json\/wp\/v2\/media?parent=48984"}],"wp:term":[{"taxonomy":"category","embeddable":true,"href":"http:\/\/vincentians.com\/it\/wp-json\/wp\/v2\/categories?post=48984"},{"taxonomy":"post_tag","embeddable":true,"href":"http:\/\/vincentians.com\/it\/wp-json\/wp\/v2\/tags?post=48984"}],"curies":[{"name":"wp","href":"https:\/\/api.w.org\/{rel}","templated":true}]}}