{"id":47751,"date":"2016-08-11T14:00:02","date_gmt":"2016-08-11T12:00:02","guid":{"rendered":"http:\/\/somos.vicencianos.org\/blog\/2011\/08\/il-cristiano-guidato-alla-virtu-ed-alla-civilta-secondo-lo-spirito-di-san-vincenzo-de-paoli-giorno-decimosettimo\/"},"modified":"2016-07-25T07:42:00","modified_gmt":"2016-07-25T05:42:00","slug":"il-cristiano-guidato-alla-virtu-ed-alla-civilta-secondo-lo-spirito-di-san-vincenzo-de-paoli-giorno-decimosettimo","status":"publish","type":"post","link":"http:\/\/vincentians.com\/it\/il-cristiano-guidato-alla-virtu-ed-alla-civilta-secondo-lo-spirito-di-san-vincenzo-de-paoli-giorno-decimosettimo\/","title":{"rendered":"Il cristiano guidato alla virt\u00f9 ed alla civilt\u00e0 secondo lo spirito di San Vincenzo De&#8217; Paoli. Giorno decimosettimo"},"content":{"rendered":"<p><strong>Giorno decimosettimo. Sua povert\u00e0.<\/strong><\/p>\n<p>Quanto pi\u00f9 il cuore dell&#8217;uomo si distacca dalle cose della terra, altrettanto si avvicina a quelle del cielo e diviene vero seguace di Ges\u00f9 Cristo. Indi nasce lo spirito di povert\u00e0, il quale propriamente consiste nello staccarci dalle cose del mondo e servirsene solo in quanto conducono alla vera felicit\u00e0. Vincenzo, sebbene prima di conoscere i disegni di Dio su di lui avesse qualche ragione di pensare al suo stabilimento, ha confessato che sentiva nel suo interno non so qual segreto movimento, che facevagli desiderare di nulla avete di proprio e di vivere in comunit\u00e0. Dio gli accord\u00f2 l&#8217; una e l&#8217; altra. Si vide Padre di numerosa famiglia, e se lo stato in cui la Provvidenza lo colloc\u00f2 non fu incompatibile con una vera propriet\u00e0, seppe nondimeno renderlo compatibile con una rigorosissima povert\u00e0. Era sua regola prendere per se ci\u00f2 che vi ora di pi\u00f9 cattivo; portava i suoi abiti per tanto tempo quanto poteva valersene, ovvero prendeva quelli di gi\u00e0 usitati da altri all&#8217; incirca della sua statura onde averne de&#8217; nuovi il meno che fosse possibile. Con tutto ci\u00f2 ebbe il talento di mantenere la propriet\u00e0, quale conveniva ad una persona del suo stato. La necessit\u00e0 in cui si trov\u00f2 di andare frequentemente alla corte, nulla cangi\u00f2 del solito suo tenore di vita. Si present\u00f2 al re in quel modo con cui compariva dinanzi alla sua comunit\u00e0. Il cardinale Mazzarino prendendolo un giorno per la cintura ch&#8217;era alquanto lacera: \u00abVedete, disse al circolo della regina, come il signor Vincenzo vien vestito alla corte, e la bella cintura che porta.\u00bb Forse al punto di sua morte questo ricco ministro avrebbe voluto poter cangiare anima e fortuna con quel povero prete.<\/p>\n<p>Il nutrimento corrispondeva al vestiario, l&#8217;alloggio corrispondeva ad ambidue. Per ci\u00f2 che concerne il nutrimento nessuna distinzione esisteva fra lui ed i suoi, tranne quella di una austera astinenza. Egli era contento quando mancavagli qualche cosa, e poteva pranzare cogli avanzi e col rifiuto di un altro. Teneva una simile condotta nelle sue malattie; infermo com&#8217;era, credevasi proibito ci\u00f2 che non era permesso a&#8217; suoi fratelli; l&#8217;esempio di s. Francesco Saverio che mendicava il pane, gli sembrava ammirabile. L&#8217;esercit\u00f2 qualche volta nelle campagne, ove violentato dalla fame, privo di danaro, perch\u00e8 d&#8217;ordinario non ne portava seco, si presentava a qualche contadino domandando un tozzo di pane per amor di Dio. Comunque sobrio negli alimenti facevasi un rimprovero eziandio di quei pochi, non vedendo in se che quel servo inutile, il quale non ha alcun diritto al suo nutrimento, e perci\u00f2 ripeteva quella espressione a lui s\u00ec famigliare, che gli conveniva s\u00ec poco: <em>Ah! sciagurato, tu non hai certamente guadagnato il pane che mangi<\/em>.<\/p>\n<p>Il suo alloggio era il pi\u00f9 semplice che si possa immaginare: una camera senza camino, un letto senza cortine, un pagliericcio senza materazzo, una tavola senza tappeto, mura senza alcun drappo, due sedie di paglia, una sola immagine di carta, un crocifisso di legno, ecco tutti i mobili della stia stanza. Nella sua deposizione il primo medico del re, quando vide un uomo di tanto merito e di tanta riputazione alloggiato cos\u00ec miserabilmente,attonito asser\u00ec che non aveva altri mobili se non quelli di cui assolutamente non poteva fare di meno.<\/p>\n<p>Lo spirito di povert\u00e0 lo seguiva dovunque; se aveva bisogno di scaldarsi nell&#8217;inverno, risparmiava quanto poteva le legna a profitto de&#8217; poveri; se faceva fare degli ornamenti per la sua chiesa, voleva, ad eccezione di quelli de&#8217; giorni pi\u00f9 solenni, fossero della stoffa pi\u00f9 comune; so ai vecchi mobili, che non potevano pi\u00f9 sere re, se ne sostituivano degli altri di maggior prezzo facevali togliere. \u00abGli averi della casa, diceva, sono de&#8217; poveri; noi ne siamo gli economi e non gi\u00e0 i padroni, e tutto ci\u00f2 che non ci \u00e8 necessario sar\u00e0 materia di un gran rendiconto. Noi non siamo claustrali perch\u00e8 si \u00e8 creduto bene che non lo fossimo, ed anche perch\u00e8 non siamo degni di esserlo; ma non \u00e8 per questo men vero, che la povert\u00e0 sia il nodo delle comunit\u00e0, e particolarmente della \u00ab nostra; \u00e8 appunto questo nodo che, sciogliendola da tutte le cose della terra, l&#8217;unir\u00e0 perfettamente a Dio. Ohim\u00e8! che diverr\u00e0 questa compagnia se d\u00e0 accesso alla cupidigia di que&#8217; beni, cui l&#8217;Apostolo dice essere la radice di tutti i mali?&#8230;. Se questa disgrazia accadesse, come si viver\u00e0 fra di noi? Si dir\u00e0: abbiamo tante mila lire di rendita; or ci conviene di starcene un poco in riposo. Perch\u00e8 mai lavorar tanto? abbandoniamo la povera gente di campagna, lasciando che i loro parroci n&#8217;abbiano cura, se cosi lor piace; viviamo agiatamente senza darci tarale pene, ed \u00e8 cosi che l&#8217; ozio terr\u00e0 dietro allo spirito di avarizia; non ci occuperemo pi\u00f9 ad altro che a conservare ed aumentare i beni temporali, ed a cercar la, propria soddisfazione. Allora si potr\u00e0 dare l&#8217; addio a tutti gli esercizi della missione, e alla missione stessa, perch\u00e8 non ce ne saranno pi\u00f9. Basta leggere te storie, e si troveranno infiniti esempi da&#8217; quali risulta che le ricchezze e l&#8217; abbondanza dei beni temporali furono sempre la causa della perdita non solo di molti ecclesiastici, ma eziandio delle intere comunit\u00e0, e che per non avere conservato fedelmente il loro primo spirito di povert\u00e0, sono cadute nel colmo della disgrazia.\u00bb Uno de&#8217; suoi preti gli rappresent\u00f2 un giorno i bisogni della sua casa. \u00abChe cosa fate, gli dimand\u00f2 il Santo, quando mancate ancora del necessario? Ricorro a Dio, rispose l&#8217; altro. Ebbene! replic\u00f2 Vincenzo, eccovi ci\u00f2 che produce la povert\u00e0; essa ci fa pensare a Dio, quando invece lo dimenticheremmo se avessimo tutto ci\u00f2 che ci \u00e8 necessario. Per questo appunto provo una grande allegrezza, che la povert\u00e0 volontaria e reale si pratichi in tutte le nostre case. C&#8217;\u00e8 sotto questa povert\u00e0 una grazia nascosta, quale non conosciamo; ma, ripigli\u00f2 quel missionario, procurato del pane agli altri poveri e trascurate i vostri? Prego Dio, gli disse l&#8217; Uomo del Signore, di perdonarvi queste parole. Voglio credere che le abbiate proferite con tanta semplicit\u00e0, ma sappiate che non saremo giammai cos\u00ec ricchi come quando saremo simili a Ges\u00f9 Cristo.\u00bb<\/p>\n<p>Questi consigli appoggiati ai grandi esempi di chi li suggeriva fecero un&#8217;impressione s\u00ec grande sul cuore do&#8217; suoi figli che, generalmente parlando, non v&#8217;era sulla terra cosa alcuna che gli attirasse. Vincenzo non fu mai grande encomiatore de&#8217;suoi, soprattutto quand&#8217;erano presenti. Un giorno dopo aver loro detto che un uomo, il quale ha il vero spirito di povert\u00e0, nulla teme, tutto pu\u00f2, e va dovunque, non pot\u00e8 fare a meno di render loro giustizia, dicendo: \u00abChe mediante la misericordia di Dio quello spirito si trovava nella congregazione; bisognava perci\u00f2 pregare Iddio di mantenervelo, e credersi felici di morir poveri s sull&#8217;esempio del Salvatore, che cominci\u00f2 a da una mangiatoia e termin\u00f2 sulla croce.\u00bb<\/p>\n<p><em>Frutto<\/em>. Pensiamo adesso a far buon uso delle ricchezze, altrimenti esse saranno altrettante spine che ci addoloreranno in punto di morte. <em>Non saremo mai cosi ricchi come quando saremo simili a Ges\u00f9 Cristo<\/em>, il quale per altro aveva nemmeno un palmo di terra ove riporre il suo capo.<\/p>\n","protected":false},"excerpt":{"rendered":"<p>Giorno decimosettimo. Sua povert\u00e0. Quanto pi\u00f9 il cuore dell&#8217;uomo si distacca dalle cose della terra, altrettanto si avvicina a quelle del cielo e diviene vero seguace di Ges\u00f9 Cristo. Indi nasce lo spirito di povert\u00e0, &#8230; <a href=\"http:\/\/vincentians.com\/it\/il-cristiano-guidato-alla-virtu-ed-alla-civilta-secondo-lo-spirito-di-san-vincenzo-de-paoli-giorno-decimosettimo\/\" class=\"more-link\">Read More<\/a><\/p>\n","protected":false},"author":4,"featured_media":153784,"comment_status":"open","ping_status":"open","sticky":false,"template":"","format":"standard","meta":{"jetpack_post_was_ever_published":false,"_jetpack_newsletter_access":"","_jetpack_dont_email_post_to_subs":false,"_jetpack_newsletter_tier_id":0,"_jetpack_memberships_contains_paywalled_content":false,"_jetpack_memberships_contains_paid_content":false,"footnotes":"","jetpack_publicize_message":"","jetpack_publicize_feature_enabled":true,"jetpack_social_post_already_shared":true,"jetpack_social_options":{"image_generator_settings":{"template":"highway","default_image_id":0,"font":"","enabled":false},"version":2}},"categories":[119],"tags":[],"class_list":["post-47751","post","type-post","status-publish","format-standard","has-post-thumbnail","hentry","category-vincenzo-de-paoli"],"yoast_head":"<!-- This site is optimized with the Yoast SEO plugin v26.3 - https:\/\/yoast.com\/wordpress\/plugins\/seo\/ -->\n<title>Il cristiano guidato alla virt\u00f9 ed alla civilt\u00e0 secondo lo spirito di San Vincenzo De&#039; Paoli. Giorno decimosettimo - Siamo Vincenziani<\/title>\n<meta name=\"robots\" content=\"index, follow, max-snippet:-1, max-image-preview:large, max-video-preview:-1\" \/>\n<link rel=\"canonical\" href=\"http:\/\/vincentians.com\/it\/il-cristiano-guidato-alla-virtu-ed-alla-civilta-secondo-lo-spirito-di-san-vincenzo-de-paoli-giorno-decimosettimo\/\" \/>\n<meta property=\"og:locale\" content=\"it_IT\" \/>\n<meta property=\"og:type\" content=\"article\" \/>\n<meta property=\"og:title\" content=\"Il cristiano guidato alla virt\u00f9 ed alla civilt\u00e0 secondo lo spirito di San Vincenzo De&#039; Paoli. Giorno decimosettimo - Siamo Vincenziani\" \/>\n<meta property=\"og:description\" content=\"Giorno decimosettimo. Sua povert\u00e0. Quanto pi\u00f9 il cuore dell&#8217;uomo si distacca dalle cose della terra, altrettanto si avvicina a quelle del cielo e diviene vero seguace di Ges\u00f9 Cristo. Indi nasce lo spirito di povert\u00e0, ... Read More\" \/>\n<meta property=\"og:url\" content=\"http:\/\/vincentians.com\/it\/il-cristiano-guidato-alla-virtu-ed-alla-civilta-secondo-lo-spirito-di-san-vincenzo-de-paoli-giorno-decimosettimo\/\" \/>\n<meta property=\"og:site_name\" content=\"Siamo Vincenziani\" \/>\n<meta property=\"article:publisher\" content=\"https:\/\/www.facebook.com\/WeAreVincentians\/\" \/>\n<meta property=\"article:author\" content=\"https:\/\/www.facebook.com\/JavierChento\" \/>\n<meta property=\"article:published_time\" content=\"2016-08-11T12:00:02+00:00\" \/>\n<meta property=\"og:image\" content=\"https:\/\/i0.wp.com\/vincentians.com\/it\/wp-content\/uploads\/sites\/12\/2016\/07\/don-bosco-y-san-vicente-de-paul.jpg?fit=1200%2C630\" \/>\n\t<meta property=\"og:image:width\" content=\"1200\" \/>\n\t<meta property=\"og:image:height\" content=\"630\" \/>\n\t<meta property=\"og:image:type\" content=\"image\/jpeg\" \/>\n<meta name=\"author\" content=\"Francisco Javier Fern\u00e1ndez Chento\" \/>\n<meta name=\"twitter:card\" content=\"summary_large_image\" \/>\n<meta name=\"twitter:creator\" content=\"@https:\/\/twitter.com\/javierchento\" \/>\n<meta name=\"twitter:site\" content=\"@WeVincentians\" \/>\n<meta name=\"twitter:label1\" content=\"Scritto da\" \/>\n\t<meta name=\"twitter:data1\" content=\"Francisco Javier Fern\u00e1ndez Chento\" \/>\n\t<meta name=\"twitter:label2\" content=\"Tempo di lettura stimato\" \/>\n\t<meta name=\"twitter:data2\" content=\"6 minuti\" \/>\n<script type=\"application\/ld+json\" class=\"yoast-schema-graph\">{\"@context\":\"https:\/\/schema.org\",\"@graph\":[{\"@type\":\"Article\",\"@id\":\"http:\/\/vincentians.com\/it\/il-cristiano-guidato-alla-virtu-ed-alla-civilta-secondo-lo-spirito-di-san-vincenzo-de-paoli-giorno-decimosettimo\/#article\",\"isPartOf\":{\"@id\":\"http:\/\/vincentians.com\/it\/il-cristiano-guidato-alla-virtu-ed-alla-civilta-secondo-lo-spirito-di-san-vincenzo-de-paoli-giorno-decimosettimo\/\"},\"author\":{\"name\":\"Francisco Javier Fern\u00e1ndez Chento\",\"@id\":\"http:\/\/vincentians.com\/it\/#\/schema\/person\/9623ef4d9aa3b2dfb8c061f1499288f2\"},\"headline\":\"Il cristiano guidato alla virt\u00f9 ed alla civilt\u00e0 secondo lo spirito di San Vincenzo De&#8217; Paoli. Giorno decimosettimo\",\"datePublished\":\"2016-08-11T12:00:02+00:00\",\"mainEntityOfPage\":{\"@id\":\"http:\/\/vincentians.com\/it\/il-cristiano-guidato-alla-virtu-ed-alla-civilta-secondo-lo-spirito-di-san-vincenzo-de-paoli-giorno-decimosettimo\/\"},\"wordCount\":1191,\"commentCount\":0,\"publisher\":{\"@id\":\"http:\/\/vincentians.com\/it\/#organization\"},\"image\":{\"@id\":\"http:\/\/vincentians.com\/it\/il-cristiano-guidato-alla-virtu-ed-alla-civilta-secondo-lo-spirito-di-san-vincenzo-de-paoli-giorno-decimosettimo\/#primaryimage\"},\"thumbnailUrl\":\"https:\/\/i0.wp.com\/vincentians.com\/it\/wp-content\/uploads\/sites\/12\/2016\/07\/don-bosco-y-san-vicente-de-paul.jpg?fit=1200%2C630\",\"articleSection\":[\"Vincenzo de' Paoli\"],\"inLanguage\":\"it-IT\",\"potentialAction\":[{\"@type\":\"CommentAction\",\"name\":\"Comment\",\"target\":[\"http:\/\/vincentians.com\/it\/il-cristiano-guidato-alla-virtu-ed-alla-civilta-secondo-lo-spirito-di-san-vincenzo-de-paoli-giorno-decimosettimo\/#respond\"]}]},{\"@type\":\"WebPage\",\"@id\":\"http:\/\/vincentians.com\/it\/il-cristiano-guidato-alla-virtu-ed-alla-civilta-secondo-lo-spirito-di-san-vincenzo-de-paoli-giorno-decimosettimo\/\",\"url\":\"http:\/\/vincentians.com\/it\/il-cristiano-guidato-alla-virtu-ed-alla-civilta-secondo-lo-spirito-di-san-vincenzo-de-paoli-giorno-decimosettimo\/\",\"name\":\"Il cristiano guidato alla virt\u00f9 ed alla civilt\u00e0 secondo lo spirito di San Vincenzo De' Paoli. Giorno decimosettimo - Siamo Vincenziani\",\"isPartOf\":{\"@id\":\"http:\/\/vincentians.com\/it\/#website\"},\"primaryImageOfPage\":{\"@id\":\"http:\/\/vincentians.com\/it\/il-cristiano-guidato-alla-virtu-ed-alla-civilta-secondo-lo-spirito-di-san-vincenzo-de-paoli-giorno-decimosettimo\/#primaryimage\"},\"image\":{\"@id\":\"http:\/\/vincentians.com\/it\/il-cristiano-guidato-alla-virtu-ed-alla-civilta-secondo-lo-spirito-di-san-vincenzo-de-paoli-giorno-decimosettimo\/#primaryimage\"},\"thumbnailUrl\":\"https:\/\/i0.wp.com\/vincentians.com\/it\/wp-content\/uploads\/sites\/12\/2016\/07\/don-bosco-y-san-vicente-de-paul.jpg?fit=1200%2C630\",\"datePublished\":\"2016-08-11T12:00:02+00:00\",\"breadcrumb\":{\"@id\":\"http:\/\/vincentians.com\/it\/il-cristiano-guidato-alla-virtu-ed-alla-civilta-secondo-lo-spirito-di-san-vincenzo-de-paoli-giorno-decimosettimo\/#breadcrumb\"},\"inLanguage\":\"it-IT\",\"potentialAction\":[{\"@type\":\"ReadAction\",\"target\":[\"http:\/\/vincentians.com\/it\/il-cristiano-guidato-alla-virtu-ed-alla-civilta-secondo-lo-spirito-di-san-vincenzo-de-paoli-giorno-decimosettimo\/\"]}]},{\"@type\":\"ImageObject\",\"inLanguage\":\"it-IT\",\"@id\":\"http:\/\/vincentians.com\/it\/il-cristiano-guidato-alla-virtu-ed-alla-civilta-secondo-lo-spirito-di-san-vincenzo-de-paoli-giorno-decimosettimo\/#primaryimage\",\"url\":\"https:\/\/i0.wp.com\/vincentians.com\/it\/wp-content\/uploads\/sites\/12\/2016\/07\/don-bosco-y-san-vicente-de-paul.jpg?fit=1200%2C630\",\"contentUrl\":\"https:\/\/i0.wp.com\/vincentians.com\/it\/wp-content\/uploads\/sites\/12\/2016\/07\/don-bosco-y-san-vicente-de-paul.jpg?fit=1200%2C630\",\"width\":1200,\"height\":630},{\"@type\":\"BreadcrumbList\",\"@id\":\"http:\/\/vincentians.com\/it\/il-cristiano-guidato-alla-virtu-ed-alla-civilta-secondo-lo-spirito-di-san-vincenzo-de-paoli-giorno-decimosettimo\/#breadcrumb\",\"itemListElement\":[{\"@type\":\"ListItem\",\"position\":1,\"name\":\"Portada\",\"item\":\"http:\/\/vincentians.com\/it\/\"},{\"@type\":\"ListItem\",\"position\":2,\"name\":\"Il cristiano guidato alla virt\u00f9 ed alla civilt\u00e0 secondo lo spirito di San Vincenzo De&#8217; Paoli. Giorno decimosettimo\"}]},{\"@type\":\"WebSite\",\"@id\":\"http:\/\/vincentians.com\/it\/#website\",\"url\":\"http:\/\/vincentians.com\/it\/\",\"name\":\"Siamo Vincenziani\",\"description\":\"Know more to serve more\",\"publisher\":{\"@id\":\"http:\/\/vincentians.com\/it\/#organization\"},\"potentialAction\":[{\"@type\":\"SearchAction\",\"target\":{\"@type\":\"EntryPoint\",\"urlTemplate\":\"http:\/\/vincentians.com\/it\/?s={search_term_string}\"},\"query-input\":{\"@type\":\"PropertyValueSpecification\",\"valueRequired\":true,\"valueName\":\"search_term_string\"}}],\"inLanguage\":\"it-IT\"},{\"@type\":\"Organization\",\"@id\":\"http:\/\/vincentians.com\/it\/#organization\",\"name\":\"The Vincentian Network\",\"url\":\"http:\/\/vincentians.com\/it\/\",\"logo\":{\"@type\":\"ImageObject\",\"inLanguage\":\"it-IT\",\"@id\":\"http:\/\/vincentians.com\/it\/#\/schema\/logo\/image\/\",\"url\":\"https:\/\/i0.wp.com\/vincentians.com\/it\/wp-content\/uploads\/sites\/12\/2016\/06\/Vincentian-Network-logo-big.png?fit=778%2C778\",\"contentUrl\":\"https:\/\/i0.wp.com\/vincentians.com\/it\/wp-content\/uploads\/sites\/12\/2016\/06\/Vincentian-Network-logo-big.png?fit=778%2C778\",\"width\":778,\"height\":778,\"caption\":\"The Vincentian Network\"},\"image\":{\"@id\":\"http:\/\/vincentians.com\/it\/#\/schema\/logo\/image\/\"},\"sameAs\":[\"https:\/\/www.facebook.com\/WeAreVincentians\/\",\"https:\/\/x.com\/WeVincentians\"]},{\"@type\":\"Person\",\"@id\":\"http:\/\/vincentians.com\/it\/#\/schema\/person\/9623ef4d9aa3b2dfb8c061f1499288f2\",\"name\":\"Francisco Javier Fern\u00e1ndez Chento\",\"image\":{\"@type\":\"ImageObject\",\"inLanguage\":\"it-IT\",\"@id\":\"http:\/\/vincentians.com\/it\/#\/schema\/person\/image\/\",\"url\":\"https:\/\/secure.gravatar.com\/avatar\/497d5cde87b4c3d097d0315953521681ba2cd523ee66e5077c3711f7021e65de?s=96&d=mm&r=g\",\"contentUrl\":\"https:\/\/secure.gravatar.com\/avatar\/497d5cde87b4c3d097d0315953521681ba2cd523ee66e5077c3711f7021e65de?s=96&d=mm&r=g\",\"caption\":\"Francisco Javier Fern\u00e1ndez Chento\"},\"description\":\"Director General y cofundador de La Red de Formaci\u00f3n Vicenciana. Javier es laico vicenciano, afiliado a la Congregaci\u00f3n de la Misi\u00f3n y miembro del Equipo de Misiones Populares de la provincia can\u00f3nica de Zaragoza (Espa\u00f1a) de la Congregaci\u00f3n de la Misi\u00f3n. Graduado en la Universidad Oberta de Catalunya con cuatro grados (Asistente de direcci\u00f3n, Gesti\u00f3n Administrativa, Recursos Humanos y Contabilidad Avanzada). Bil\u00edng\u00fce Espa\u00f1ol\/Ingl\u00e9s. gestiona y mantiene varias p\u00e1ginas web cristianas y vicencianas, incluida including La Red de Formaci\u00f3n Vicenciana, de la que es cofundador. Actualmente es responsable del \u00e1rea de Espa\u00f1ol de .famvin, la Red de Noticias de la Familia Vicenciana. Tambi\u00e9n es m\u00fasico cat\u00f3lico y ha editado varios discos. Es Director General y cofundador de Trovador, una reconocida compa\u00f1\u00eda discogr\u00e1fica critiana de Espa\u00f1a. Trabaja en las Tecnolog\u00edas de la Informaci\u00f3n, ofreciendo servicios de alojamiento, dise\u00f1o y mantenimiento Web, as\u00ed como asesoramiento, formaci\u00f3n y soluciones inform\u00e1ticas, gesti\u00f3n documental y digitalizaci\u00f3n de textos, edici\u00f3n y maquetaci\u00f3n de libros, revistas, flyers, etc.\",\"sameAs\":[\"http:\/\/chento.org\",\"https:\/\/www.facebook.com\/JavierChento\",\"https:\/\/x.com\/https:\/\/twitter.com\/javierchento\"],\"url\":\"http:\/\/vincentians.com\/it\/author\/chento\/\"}]}<\/script>\n<!-- \/ Yoast SEO plugin. -->","yoast_head_json":{"title":"Il cristiano guidato alla virt\u00f9 ed alla civilt\u00e0 secondo lo spirito di San Vincenzo De' Paoli. Giorno decimosettimo - Siamo Vincenziani","robots":{"index":"index","follow":"follow","max-snippet":"max-snippet:-1","max-image-preview":"max-image-preview:large","max-video-preview":"max-video-preview:-1"},"canonical":"http:\/\/vincentians.com\/it\/il-cristiano-guidato-alla-virtu-ed-alla-civilta-secondo-lo-spirito-di-san-vincenzo-de-paoli-giorno-decimosettimo\/","og_locale":"it_IT","og_type":"article","og_title":"Il cristiano guidato alla virt\u00f9 ed alla civilt\u00e0 secondo lo spirito di San Vincenzo De' Paoli. Giorno decimosettimo - Siamo Vincenziani","og_description":"Giorno decimosettimo. Sua povert\u00e0. Quanto pi\u00f9 il cuore dell&#8217;uomo si distacca dalle cose della terra, altrettanto si avvicina a quelle del cielo e diviene vero seguace di Ges\u00f9 Cristo. Indi nasce lo spirito di povert\u00e0, ... Read More","og_url":"http:\/\/vincentians.com\/it\/il-cristiano-guidato-alla-virtu-ed-alla-civilta-secondo-lo-spirito-di-san-vincenzo-de-paoli-giorno-decimosettimo\/","og_site_name":"Siamo Vincenziani","article_publisher":"https:\/\/www.facebook.com\/WeAreVincentians\/","article_author":"https:\/\/www.facebook.com\/JavierChento","article_published_time":"2016-08-11T12:00:02+00:00","og_image":[{"width":1200,"height":630,"url":"https:\/\/i0.wp.com\/vincentians.com\/it\/wp-content\/uploads\/sites\/12\/2016\/07\/don-bosco-y-san-vicente-de-paul.jpg?fit=1200%2C630","type":"image\/jpeg"}],"author":"Francisco Javier Fern\u00e1ndez Chento","twitter_card":"summary_large_image","twitter_creator":"@https:\/\/twitter.com\/javierchento","twitter_site":"@WeVincentians","twitter_misc":{"Scritto da":"Francisco Javier Fern\u00e1ndez Chento","Tempo di lettura stimato":"6 minuti"},"schema":{"@context":"https:\/\/schema.org","@graph":[{"@type":"Article","@id":"http:\/\/vincentians.com\/it\/il-cristiano-guidato-alla-virtu-ed-alla-civilta-secondo-lo-spirito-di-san-vincenzo-de-paoli-giorno-decimosettimo\/#article","isPartOf":{"@id":"http:\/\/vincentians.com\/it\/il-cristiano-guidato-alla-virtu-ed-alla-civilta-secondo-lo-spirito-di-san-vincenzo-de-paoli-giorno-decimosettimo\/"},"author":{"name":"Francisco Javier Fern\u00e1ndez Chento","@id":"http:\/\/vincentians.com\/it\/#\/schema\/person\/9623ef4d9aa3b2dfb8c061f1499288f2"},"headline":"Il cristiano guidato alla virt\u00f9 ed alla civilt\u00e0 secondo lo spirito di San Vincenzo De&#8217; Paoli. Giorno decimosettimo","datePublished":"2016-08-11T12:00:02+00:00","mainEntityOfPage":{"@id":"http:\/\/vincentians.com\/it\/il-cristiano-guidato-alla-virtu-ed-alla-civilta-secondo-lo-spirito-di-san-vincenzo-de-paoli-giorno-decimosettimo\/"},"wordCount":1191,"commentCount":0,"publisher":{"@id":"http:\/\/vincentians.com\/it\/#organization"},"image":{"@id":"http:\/\/vincentians.com\/it\/il-cristiano-guidato-alla-virtu-ed-alla-civilta-secondo-lo-spirito-di-san-vincenzo-de-paoli-giorno-decimosettimo\/#primaryimage"},"thumbnailUrl":"https:\/\/i0.wp.com\/vincentians.com\/it\/wp-content\/uploads\/sites\/12\/2016\/07\/don-bosco-y-san-vicente-de-paul.jpg?fit=1200%2C630","articleSection":["Vincenzo de' Paoli"],"inLanguage":"it-IT","potentialAction":[{"@type":"CommentAction","name":"Comment","target":["http:\/\/vincentians.com\/it\/il-cristiano-guidato-alla-virtu-ed-alla-civilta-secondo-lo-spirito-di-san-vincenzo-de-paoli-giorno-decimosettimo\/#respond"]}]},{"@type":"WebPage","@id":"http:\/\/vincentians.com\/it\/il-cristiano-guidato-alla-virtu-ed-alla-civilta-secondo-lo-spirito-di-san-vincenzo-de-paoli-giorno-decimosettimo\/","url":"http:\/\/vincentians.com\/it\/il-cristiano-guidato-alla-virtu-ed-alla-civilta-secondo-lo-spirito-di-san-vincenzo-de-paoli-giorno-decimosettimo\/","name":"Il cristiano guidato alla virt\u00f9 ed alla civilt\u00e0 secondo lo spirito di San Vincenzo De' Paoli. Giorno decimosettimo - Siamo Vincenziani","isPartOf":{"@id":"http:\/\/vincentians.com\/it\/#website"},"primaryImageOfPage":{"@id":"http:\/\/vincentians.com\/it\/il-cristiano-guidato-alla-virtu-ed-alla-civilta-secondo-lo-spirito-di-san-vincenzo-de-paoli-giorno-decimosettimo\/#primaryimage"},"image":{"@id":"http:\/\/vincentians.com\/it\/il-cristiano-guidato-alla-virtu-ed-alla-civilta-secondo-lo-spirito-di-san-vincenzo-de-paoli-giorno-decimosettimo\/#primaryimage"},"thumbnailUrl":"https:\/\/i0.wp.com\/vincentians.com\/it\/wp-content\/uploads\/sites\/12\/2016\/07\/don-bosco-y-san-vicente-de-paul.jpg?fit=1200%2C630","datePublished":"2016-08-11T12:00:02+00:00","breadcrumb":{"@id":"http:\/\/vincentians.com\/it\/il-cristiano-guidato-alla-virtu-ed-alla-civilta-secondo-lo-spirito-di-san-vincenzo-de-paoli-giorno-decimosettimo\/#breadcrumb"},"inLanguage":"it-IT","potentialAction":[{"@type":"ReadAction","target":["http:\/\/vincentians.com\/it\/il-cristiano-guidato-alla-virtu-ed-alla-civilta-secondo-lo-spirito-di-san-vincenzo-de-paoli-giorno-decimosettimo\/"]}]},{"@type":"ImageObject","inLanguage":"it-IT","@id":"http:\/\/vincentians.com\/it\/il-cristiano-guidato-alla-virtu-ed-alla-civilta-secondo-lo-spirito-di-san-vincenzo-de-paoli-giorno-decimosettimo\/#primaryimage","url":"https:\/\/i0.wp.com\/vincentians.com\/it\/wp-content\/uploads\/sites\/12\/2016\/07\/don-bosco-y-san-vicente-de-paul.jpg?fit=1200%2C630","contentUrl":"https:\/\/i0.wp.com\/vincentians.com\/it\/wp-content\/uploads\/sites\/12\/2016\/07\/don-bosco-y-san-vicente-de-paul.jpg?fit=1200%2C630","width":1200,"height":630},{"@type":"BreadcrumbList","@id":"http:\/\/vincentians.com\/it\/il-cristiano-guidato-alla-virtu-ed-alla-civilta-secondo-lo-spirito-di-san-vincenzo-de-paoli-giorno-decimosettimo\/#breadcrumb","itemListElement":[{"@type":"ListItem","position":1,"name":"Portada","item":"http:\/\/vincentians.com\/it\/"},{"@type":"ListItem","position":2,"name":"Il cristiano guidato alla virt\u00f9 ed alla civilt\u00e0 secondo lo spirito di San Vincenzo De&#8217; Paoli. Giorno decimosettimo"}]},{"@type":"WebSite","@id":"http:\/\/vincentians.com\/it\/#website","url":"http:\/\/vincentians.com\/it\/","name":"Siamo Vincenziani","description":"Know more to serve more","publisher":{"@id":"http:\/\/vincentians.com\/it\/#organization"},"potentialAction":[{"@type":"SearchAction","target":{"@type":"EntryPoint","urlTemplate":"http:\/\/vincentians.com\/it\/?s={search_term_string}"},"query-input":{"@type":"PropertyValueSpecification","valueRequired":true,"valueName":"search_term_string"}}],"inLanguage":"it-IT"},{"@type":"Organization","@id":"http:\/\/vincentians.com\/it\/#organization","name":"The Vincentian Network","url":"http:\/\/vincentians.com\/it\/","logo":{"@type":"ImageObject","inLanguage":"it-IT","@id":"http:\/\/vincentians.com\/it\/#\/schema\/logo\/image\/","url":"https:\/\/i0.wp.com\/vincentians.com\/it\/wp-content\/uploads\/sites\/12\/2016\/06\/Vincentian-Network-logo-big.png?fit=778%2C778","contentUrl":"https:\/\/i0.wp.com\/vincentians.com\/it\/wp-content\/uploads\/sites\/12\/2016\/06\/Vincentian-Network-logo-big.png?fit=778%2C778","width":778,"height":778,"caption":"The Vincentian Network"},"image":{"@id":"http:\/\/vincentians.com\/it\/#\/schema\/logo\/image\/"},"sameAs":["https:\/\/www.facebook.com\/WeAreVincentians\/","https:\/\/x.com\/WeVincentians"]},{"@type":"Person","@id":"http:\/\/vincentians.com\/it\/#\/schema\/person\/9623ef4d9aa3b2dfb8c061f1499288f2","name":"Francisco Javier Fern\u00e1ndez Chento","image":{"@type":"ImageObject","inLanguage":"it-IT","@id":"http:\/\/vincentians.com\/it\/#\/schema\/person\/image\/","url":"https:\/\/secure.gravatar.com\/avatar\/497d5cde87b4c3d097d0315953521681ba2cd523ee66e5077c3711f7021e65de?s=96&d=mm&r=g","contentUrl":"https:\/\/secure.gravatar.com\/avatar\/497d5cde87b4c3d097d0315953521681ba2cd523ee66e5077c3711f7021e65de?s=96&d=mm&r=g","caption":"Francisco Javier Fern\u00e1ndez Chento"},"description":"Director General y cofundador de La Red de Formaci\u00f3n Vicenciana. Javier es laico vicenciano, afiliado a la Congregaci\u00f3n de la Misi\u00f3n y miembro del Equipo de Misiones Populares de la provincia can\u00f3nica de Zaragoza (Espa\u00f1a) de la Congregaci\u00f3n de la Misi\u00f3n. Graduado en la Universidad Oberta de Catalunya con cuatro grados (Asistente de direcci\u00f3n, Gesti\u00f3n Administrativa, Recursos Humanos y Contabilidad Avanzada). Bil\u00edng\u00fce Espa\u00f1ol\/Ingl\u00e9s. gestiona y mantiene varias p\u00e1ginas web cristianas y vicencianas, incluida including La Red de Formaci\u00f3n Vicenciana, de la que es cofundador. Actualmente es responsable del \u00e1rea de Espa\u00f1ol de .famvin, la Red de Noticias de la Familia Vicenciana. Tambi\u00e9n es m\u00fasico cat\u00f3lico y ha editado varios discos. Es Director General y cofundador de Trovador, una reconocida compa\u00f1\u00eda discogr\u00e1fica critiana de Espa\u00f1a. Trabaja en las Tecnolog\u00edas de la Informaci\u00f3n, ofreciendo servicios de alojamiento, dise\u00f1o y mantenimiento Web, as\u00ed como asesoramiento, formaci\u00f3n y soluciones inform\u00e1ticas, gesti\u00f3n documental y digitalizaci\u00f3n de textos, edici\u00f3n y maquetaci\u00f3n de libros, revistas, flyers, etc.","sameAs":["http:\/\/chento.org","https:\/\/www.facebook.com\/JavierChento","https:\/\/x.com\/https:\/\/twitter.com\/javierchento"],"url":"http:\/\/vincentians.com\/it\/author\/chento\/"}]}},"jetpack_publicize_connections":[],"jetpack_featured_media_url":"https:\/\/i0.wp.com\/vincentians.com\/it\/wp-content\/uploads\/sites\/12\/2016\/07\/don-bosco-y-san-vicente-de-paul.jpg?fit=1200%2C630","jetpack_sharing_enabled":true,"jetpack_shortlink":"https:\/\/wp.me\/p7ETFo-cqb","jetpack-related-posts":[{"id":48988,"url":"http:\/\/vincentians.com\/it\/il-cristiano-guidato-alla-virtu-ed-alla-civilta-secondo-lo-spirito-di-san-vincenzo-de-paoli-giorno-vigesimoquarto\/","url_meta":{"origin":47751,"position":0},"title":"Il cristiano guidato alla virt\u00f9 ed alla civilt\u00e0 secondo lo spirito di San Vincenzo De&#8217; Paoli. Giorno vigesimoquarto","author":"Francisco Javier Fern\u00e1ndez Chento","date":"18\/08\/2016","format":false,"excerpt":"Giorno vigesimoquarto. Della sua confidenza in pio. Il signore ci dice che ehi confida in lui non rimarr\u00e0 confuso; e che pu\u00f2 tutto chi e dal Signore confortato. Dal che Vincenzo animato intraprese delle cose, che i Principi,tessi non avrebbero osato, e sostenere degli stabilimenti che sembravano disperati. La provvidenza\u2026","rel":"","context":"In &quot;Vincenzo de' Paoli&quot;","block_context":{"text":"Vincenzo de' Paoli","link":"http:\/\/vincentians.com\/it\/category\/vincenzo-de-paoli\/"},"img":{"alt_text":"","src":"https:\/\/i0.wp.com\/vincentians.com\/it\/wp-content\/uploads\/sites\/12\/2016\/07\/don-bosco-y-san-vicente-de-paul.jpg?fit=1200%2C630&resize=350%2C200","width":350,"height":200,"srcset":"https:\/\/i0.wp.com\/vincentians.com\/it\/wp-content\/uploads\/sites\/12\/2016\/07\/don-bosco-y-san-vicente-de-paul.jpg?fit=1200%2C630&resize=350%2C200 1x, https:\/\/i0.wp.com\/vincentians.com\/it\/wp-content\/uploads\/sites\/12\/2016\/07\/don-bosco-y-san-vicente-de-paul.jpg?fit=1200%2C630&resize=525%2C300 1.5x, https:\/\/i0.wp.com\/vincentians.com\/it\/wp-content\/uploads\/sites\/12\/2016\/07\/don-bosco-y-san-vicente-de-paul.jpg?fit=1200%2C630&resize=700%2C400 2x, https:\/\/i0.wp.com\/vincentians.com\/it\/wp-content\/uploads\/sites\/12\/2016\/07\/don-bosco-y-san-vicente-de-paul.jpg?fit=1200%2C630&resize=1050%2C600 3x"},"classes":[]},{"id":45889,"url":"http:\/\/vincentians.com\/it\/il-cristiano-guidato-alla-virtu-ed-alla-civilta-secondo-lo-spirito-di-san-vincenzo-de-paoli-giorno-secondo\/","url_meta":{"origin":47751,"position":1},"title":"Il cristiano guidato alla virt\u00f9 ed alla civilt\u00e0 secondo lo spirito di San Vincenzo De&#8217; Paoli. Giorno secondo","author":"Francisco Javier Fern\u00e1ndez Chento","date":"27\/07\/2016","format":false,"excerpt":"Giorno secondo. Sua imitazione di Ges\u00f9 Cristo. Il nostro divin Salvatore aveva detto a tutti i fedeli cristiani, che colui il quale cammina dietro a' suoi passi non cammina nelle tenebre, ed \u00e8 sicuro di avere un giorno il lume di vita eterna. Perci\u00f2 invitava tutti a seguirlo, proporselo per\u2026","rel":"","context":"In &quot;Vincenzo de' Paoli&quot;","block_context":{"text":"Vincenzo de' Paoli","link":"http:\/\/vincentians.com\/it\/category\/vincenzo-de-paoli\/"},"img":{"alt_text":"","src":"https:\/\/i0.wp.com\/vincentians.com\/it\/wp-content\/uploads\/sites\/12\/2016\/07\/don-bosco-y-san-vicente-de-paul.jpg?fit=1200%2C630&resize=350%2C200","width":350,"height":200,"srcset":"https:\/\/i0.wp.com\/vincentians.com\/it\/wp-content\/uploads\/sites\/12\/2016\/07\/don-bosco-y-san-vicente-de-paul.jpg?fit=1200%2C630&resize=350%2C200 1x, https:\/\/i0.wp.com\/vincentians.com\/it\/wp-content\/uploads\/sites\/12\/2016\/07\/don-bosco-y-san-vicente-de-paul.jpg?fit=1200%2C630&resize=525%2C300 1.5x, https:\/\/i0.wp.com\/vincentians.com\/it\/wp-content\/uploads\/sites\/12\/2016\/07\/don-bosco-y-san-vicente-de-paul.jpg?fit=1200%2C630&resize=700%2C400 2x, https:\/\/i0.wp.com\/vincentians.com\/it\/wp-content\/uploads\/sites\/12\/2016\/07\/don-bosco-y-san-vicente-de-paul.jpg?fit=1200%2C630&resize=1050%2C600 3x"},"classes":[]},{"id":47745,"url":"http:\/\/vincentians.com\/it\/il-cristiano-guidato-alla-virtu-ed-alla-civilta-secondo-lo-spirito-di-san-vincenzo-de-paoli-giorno-decimoprimo\/","url_meta":{"origin":47751,"position":2},"title":"Il cristiano guidato alla virt\u00f9 ed alla civilt\u00e0 secondo lo spirito di San Vincenzo De&#8217; Paoli. Giorno decimoprimo","author":"Francisco Javier Fern\u00e1ndez Chento","date":"05\/08\/2016","format":false,"excerpt":"Giorno decimoprimo. Dell' umilt\u00e0 di S. Vincenzo de' Paoli. Sono pochi i Santi che abbiano spinto l'umilt\u00e0 s\u00ec oltre come Vincenzo. \u00abUn virtuoso ecclesiastico disse, che giammai si \u00e8 trovato sulla terra ambizioso, che abbia avuto tanta frenesia per conseguire la stima e l'innalzamento o la gloria, quanto ardore ebbe\u2026","rel":"","context":"In &quot;Vincenzo de' Paoli&quot;","block_context":{"text":"Vincenzo de' Paoli","link":"http:\/\/vincentians.com\/it\/category\/vincenzo-de-paoli\/"},"img":{"alt_text":"","src":"https:\/\/i0.wp.com\/vincentians.com\/it\/wp-content\/uploads\/sites\/12\/2016\/07\/don-bosco-y-san-vicente-de-paul.jpg?fit=1200%2C630&resize=350%2C200","width":350,"height":200,"srcset":"https:\/\/i0.wp.com\/vincentians.com\/it\/wp-content\/uploads\/sites\/12\/2016\/07\/don-bosco-y-san-vicente-de-paul.jpg?fit=1200%2C630&resize=350%2C200 1x, https:\/\/i0.wp.com\/vincentians.com\/it\/wp-content\/uploads\/sites\/12\/2016\/07\/don-bosco-y-san-vicente-de-paul.jpg?fit=1200%2C630&resize=525%2C300 1.5x, https:\/\/i0.wp.com\/vincentians.com\/it\/wp-content\/uploads\/sites\/12\/2016\/07\/don-bosco-y-san-vicente-de-paul.jpg?fit=1200%2C630&resize=700%2C400 2x, https:\/\/i0.wp.com\/vincentians.com\/it\/wp-content\/uploads\/sites\/12\/2016\/07\/don-bosco-y-san-vicente-de-paul.jpg?fit=1200%2C630&resize=1050%2C600 3x"},"classes":[]},{"id":46003,"url":"http:\/\/vincentians.com\/it\/la-vocazione-sacerdotale-di-san-vincenzo-de-paoli\/","url_meta":{"origin":47751,"position":3},"title":"La Vocazione Sacerdotale Di San Vincenzo De Paoli","author":"Francisco Javier Fern\u00e1ndez Chento","date":"03\/09\/2016","format":false,"excerpt":"Vocazione sacerdotale o dignit\u00e1 della vocazione sacerdotale? L'epoca berulliana non lascia dubbi a riguardo: sviluppava una dot\u00adtrina del sacerdozio che accentuava la sovraeminenza di questa vo\u00adcazione, rispetto a tutte le altre, inclusa la stessa vocazione religiosa. Questa appunto non appariva pi\u00fa perfetta di quella sacedotale. E Pietro di B\u00e9rulle, maestro\u2026","rel":"","context":"In &quot;Vincenzo de' Paoli&quot;","block_context":{"text":"Vincenzo de' Paoli","link":"http:\/\/vincentians.com\/it\/category\/vincenzo-de-paoli\/"},"img":{"alt_text":"","src":"https:\/\/i0.wp.com\/vincentians.com\/it\/wp-content\/uploads\/sites\/12\/2013\/11\/Saint-Vincent-and-Discernment.jpg?fit=1200%2C630&resize=350%2C200","width":350,"height":200,"srcset":"https:\/\/i0.wp.com\/vincentians.com\/it\/wp-content\/uploads\/sites\/12\/2013\/11\/Saint-Vincent-and-Discernment.jpg?fit=1200%2C630&resize=350%2C200 1x, https:\/\/i0.wp.com\/vincentians.com\/it\/wp-content\/uploads\/sites\/12\/2013\/11\/Saint-Vincent-and-Discernment.jpg?fit=1200%2C630&resize=525%2C300 1.5x, https:\/\/i0.wp.com\/vincentians.com\/it\/wp-content\/uploads\/sites\/12\/2013\/11\/Saint-Vincent-and-Discernment.jpg?fit=1200%2C630&resize=700%2C400 2x, https:\/\/i0.wp.com\/vincentians.com\/it\/wp-content\/uploads\/sites\/12\/2013\/11\/Saint-Vincent-and-Discernment.jpg?fit=1200%2C630&resize=1050%2C600 3x"},"classes":[]},{"id":48989,"url":"http:\/\/vincentians.com\/it\/il-cristiano-guidato-alla-virtu-ed-alla-civilta-secondo-lo-spirito-di-san-vincenzo-de-paoli-giorno-vigesimoquinto\/","url_meta":{"origin":47751,"position":4},"title":"Il cristiano guidato alla virt\u00f9 ed alla civilt\u00e0 secondo lo spirito di San Vincenzo De&#8217; Paoli. Giorno vigesimoquinto","author":"Francisco Javier Fern\u00e1ndez Chento","date":"19\/08\/2016","format":false,"excerpt":"Giorno vigesimoquinto. Sua uniformit\u00e0 al Divino volere. La confidenza nel Signore portava Vincenzo a riconoscere in ogni cosa i divini voleri, e a questi in ogni cosa uniformavasi. Dal mattino alla sera sembrava dire con S. Paolo: Signore, che volete voi ch'io faccia? e in qual maniera devo io farlo?\u2026","rel":"","context":"In &quot;Vincenzo de' Paoli&quot;","block_context":{"text":"Vincenzo de' Paoli","link":"http:\/\/vincentians.com\/it\/category\/vincenzo-de-paoli\/"},"img":{"alt_text":"","src":"https:\/\/i0.wp.com\/vincentians.com\/it\/wp-content\/uploads\/sites\/12\/2016\/07\/don-bosco-y-san-vicente-de-paul.jpg?fit=1200%2C630&resize=350%2C200","width":350,"height":200,"srcset":"https:\/\/i0.wp.com\/vincentians.com\/it\/wp-content\/uploads\/sites\/12\/2016\/07\/don-bosco-y-san-vicente-de-paul.jpg?fit=1200%2C630&resize=350%2C200 1x, https:\/\/i0.wp.com\/vincentians.com\/it\/wp-content\/uploads\/sites\/12\/2016\/07\/don-bosco-y-san-vicente-de-paul.jpg?fit=1200%2C630&resize=525%2C300 1.5x, https:\/\/i0.wp.com\/vincentians.com\/it\/wp-content\/uploads\/sites\/12\/2016\/07\/don-bosco-y-san-vicente-de-paul.jpg?fit=1200%2C630&resize=700%2C400 2x, https:\/\/i0.wp.com\/vincentians.com\/it\/wp-content\/uploads\/sites\/12\/2016\/07\/don-bosco-y-san-vicente-de-paul.jpg?fit=1200%2C630&resize=1050%2C600 3x"},"classes":[]},{"id":48994,"url":"http:\/\/vincentians.com\/it\/il-cristiano-guidato-alla-virtu-ed-alla-civilta-secondo-lo-spirito-di-san-vincenzo-de-paoli-giorno-trentesimo\/","url_meta":{"origin":47751,"position":5},"title":"Il cristiano guidato alla virt\u00f9 ed alla civilt\u00e0 secondo lo spirito di San Vincenzo De&#8217; Paoli. Giorno trentesimo","author":"Francisco Javier Fern\u00e1ndez Chento","date":"24\/08\/2016","format":false,"excerpt":"Giorno trentesimo. Sua preziosa morte. Due sono le cose che sogliono turbare in punto di morte; i peccati della vita passata, e il dover comparire davanti al Divin giudice. voi spesso vediamo uomini ridersi della morte e burlare chi con opere buone ci si prepara. Ma costoro medesimi trovandosi in\u2026","rel":"","context":"In &quot;Vincenzo de' Paoli&quot;","block_context":{"text":"Vincenzo de' Paoli","link":"http:\/\/vincentians.com\/it\/category\/vincenzo-de-paoli\/"},"img":{"alt_text":"","src":"https:\/\/i0.wp.com\/vincentians.com\/it\/wp-content\/uploads\/sites\/12\/2016\/07\/don-bosco-y-san-vicente-de-paul.jpg?fit=1200%2C630&resize=350%2C200","width":350,"height":200,"srcset":"https:\/\/i0.wp.com\/vincentians.com\/it\/wp-content\/uploads\/sites\/12\/2016\/07\/don-bosco-y-san-vicente-de-paul.jpg?fit=1200%2C630&resize=350%2C200 1x, https:\/\/i0.wp.com\/vincentians.com\/it\/wp-content\/uploads\/sites\/12\/2016\/07\/don-bosco-y-san-vicente-de-paul.jpg?fit=1200%2C630&resize=525%2C300 1.5x, https:\/\/i0.wp.com\/vincentians.com\/it\/wp-content\/uploads\/sites\/12\/2016\/07\/don-bosco-y-san-vicente-de-paul.jpg?fit=1200%2C630&resize=700%2C400 2x, https:\/\/i0.wp.com\/vincentians.com\/it\/wp-content\/uploads\/sites\/12\/2016\/07\/don-bosco-y-san-vicente-de-paul.jpg?fit=1200%2C630&resize=1050%2C600 3x"},"classes":[]}],"_links":{"self":[{"href":"http:\/\/vincentians.com\/it\/wp-json\/wp\/v2\/posts\/47751","targetHints":{"allow":["GET"]}}],"collection":[{"href":"http:\/\/vincentians.com\/it\/wp-json\/wp\/v2\/posts"}],"about":[{"href":"http:\/\/vincentians.com\/it\/wp-json\/wp\/v2\/types\/post"}],"author":[{"embeddable":true,"href":"http:\/\/vincentians.com\/it\/wp-json\/wp\/v2\/users\/4"}],"replies":[{"embeddable":true,"href":"http:\/\/vincentians.com\/it\/wp-json\/wp\/v2\/comments?post=47751"}],"version-history":[{"count":0,"href":"http:\/\/vincentians.com\/it\/wp-json\/wp\/v2\/posts\/47751\/revisions"}],"wp:featuredmedia":[{"embeddable":true,"href":"http:\/\/vincentians.com\/it\/wp-json\/wp\/v2\/media\/153784"}],"wp:attachment":[{"href":"http:\/\/vincentians.com\/it\/wp-json\/wp\/v2\/media?parent=47751"}],"wp:term":[{"taxonomy":"category","embeddable":true,"href":"http:\/\/vincentians.com\/it\/wp-json\/wp\/v2\/categories?post=47751"},{"taxonomy":"post_tag","embeddable":true,"href":"http:\/\/vincentians.com\/it\/wp-json\/wp\/v2\/tags?post=47751"}],"curies":[{"name":"wp","href":"https:\/\/api.w.org\/{rel}","templated":true}]}}