{"id":47749,"date":"2016-08-09T14:00:02","date_gmt":"2016-08-09T12:00:02","guid":{"rendered":"http:\/\/somos.vicencianos.org\/blog\/2011\/08\/il-cristiano-guidato-alla-virtu-ed-alla-civilta-secondo-lo-spirito-di-san-vincenzo-de-paoli-giorno-decimoquinto\/"},"modified":"2016-07-25T07:41:25","modified_gmt":"2016-07-25T05:41:25","slug":"il-cristiano-guidato-alla-virtu-ed-alla-civilta-secondo-lo-spirito-di-san-vincenzo-de-paoli-giorno-decimoquinto","status":"publish","type":"post","link":"http:\/\/vincentians.com\/it\/il-cristiano-guidato-alla-virtu-ed-alla-civilta-secondo-lo-spirito-di-san-vincenzo-de-paoli-giorno-decimoquinto\/","title":{"rendered":"Il cristiano guidato alla virt\u00f9 ed alla civilt\u00e0 secondo lo spirito di San Vincenzo De&#8217; Paoli. Giorno decimoquinto"},"content":{"rendered":"<p><strong>Giorno decimoquinto. Sue occupazioni.<\/strong><\/p>\n<p>Vincenzo che si riguardava qual servo inutile era talmente occupato da mattino a sera, che la sua vita era una continuazione di opere buone. Un altro uomo laborioso, meno sostenuto dalla grazia avrebbe soggiaciuto sotto quella moltitudine di affari. Non si pu\u00f2 concepire come un uomo soggetto ad infermit\u00e0, senza mai tralasciare i suoi esercizi di divozione, abbia potuto soddisfare tante occupazioni s\u00ec disparate; ultimare un s\u00ec gran numero di affari, che non avevano connessione tra di loro; rispondere ad una folla prodigiosa di lettere che riceveva da ogni parte, e assistere con attenzione le due compagnie che aveva instituite. Le sue occupazioni erano talvolta sconcertate da&#8217; contrattempi, ma il Santo sapeva mirabilmente rimetterle in ordine. Coglieva l&#8217;occasione di fare un nuovo bene senza perdere di vista quello, di cui aveva formato il progetto.<\/p>\n<p>Non ci rimane pi\u00f9 che una piccola parte delle lettere che scriveva in Francia, in Italia, in Barberia e ne&#8217; paesi ancor pi\u00f9 lontani, ed esse sono nulladimeno in s\u00ec gran numero, che fa spavento la loro moltitudine, e la variet\u00e0 delle materie, sulle quali era obbligato a rispondere. Vescovi, Abati de&#8217; pi\u00f9 distinti, Direttori illuminati lo consultavano sovra affari tanto delicati, quanto importanti. Principesse gli dimandavano delle missioni per le loro signorie, soccorso che non rifiutava giammai. Ora \u00e8 la congregazione di Propaganda, che scongiura di spedire i suoi figli al Gran Cairo; ora se gliene dimandano per i paesi stranieri; ora una madre afflitta che da&#8217; confini del Regno, ove la sua carit\u00e0 l&#8217;aveva fatto conoscere&#8217; Io prega d&#8217; interessarsi per un figlio, che schiavo in, Algeri \u00e8 in pericolo di perdere o la vita, o la fede. Un giorno \u00e8 un rinnegato che da: Algeri s&#8217;indirizza a lui, per trovare nella sua carit\u00e0 i mezzi di riparare alla sua apostasia; un altro giorno \u00e8 una Abadessa che, disanimata dalle difficolt\u00e0 del governo, non sa qual partito prendere. Oggi \u00e8 un giovane che, trascorsi alcuni mesi di noviziato, \u00e8 tentato di ritirarsi dal chiostro. Domani saranno i Nunzii <em>Bagni <\/em>e <em>Piccolomini <\/em>che, a voce o in iscritto, bramano avere il suo parere sopra diversi articoli che riguardano o il bene particolare delle Diocesi, o il ben generale della Chiesa intera. Sovente saranno saggi religiosi che ricorrono a lui, come ad un padre sempre pronto ad aiutarli, sia nella riforma de&#8217;loro ordini, sia in altri affari spinosi. Nel mattino sar\u00e0 il capo d&#8217;augusta compagnia che combiner\u00e0 con lui alcuni di quegli affari, che la politica vorrebbe riprovare, ma che la equit\u00e0 e la religione approveranno sempre. Alla sera sar\u00e0 un missionario che ha bisogno di essere confortato nel suo stato o di essere ricondotto al primiero fervore. Qualche volta saranno virtuosi preti i quali non conoscono sollievo n\u00e8 riposo, e di cui bisogna moderare lo zelo perch\u00e8 possa continuare pi\u00f9 a lungo. Dei resto quelle lettere innumerevoli son tutte ricolme dello spirito di colui `che le scriveva.<\/p>\n<p>L&#8217;umilt\u00e0, la dolcezza, il disinteresse, la saggezza, la rettitudine, la carit\u00e0, la sottomissione a tutte le volont\u00e0 di Dio, sono il marchio uniforme, coi quale vengono contrassegnate.<\/p>\n<p>Nel tempo stesso in cui Vincenzo trovavasi distratto dalle persone famigliari e straniere, era totalmente occupato da una moltitudine d&#8217;opere sante e penose. Lavorava a sbandire la mendicit\u00e0 da Parigi, e a fare riuscire il progetto d&#8217;un Ospedal-generale; si sforzava di confortare coloro de&#8217;suoi che avevano penetrato in Iscozia e nelle Ebridi; ogni giorno riceveva le pi\u00f9 spiacevoli notizie della desolazione della Piccardia, della Sciampagna e della Lorena, e che per impedirne la rovina totale faceva passare in quelle parti immense elemosine.<\/p>\n<p>Durante sua vita la casa di san Lazzaro tu sempre quella ch&#8217;era al tempo degli ultimi giudici d&#8217;Israello la casa del Profeta: era come un oracolo a cui tutte le persone. che meditavano intraprendere qualche buona opera, accorrevano da ogni parte per attignere ne&#8217;lumi del&#8217;Uomo di Dio i consigli oli cui abbisognavano. Oltre le assemblee ordinarie, alle quali assisteva esattamente tre volte per settimana, era frequentemente chiamato per elezioni di prelati, di dottori, di superiori di comunit\u00e0 e di altre persone d&#8217;ogni condizione, sia per fermare il corso di qualche grave disordine, sia all&#8217;oggetto di stabilire un buon governo, sia per ricondurre la pace in un monastero o in una famiglia. Perci\u00f2, eccettuato il tempo ch&#8217;egli consacrava al ritiro annuale, usciva quasi tutti i giorni per affari di carit\u00e0, che lo toglievano alla sua solitudine. Ritornato a casa, dopo aver recitato il suo uffizio in ginocchio, ascoltava coloro de&#8217;suoi o degli esteri, i quali desideravano parlare con lui. Se a queste serie occupazioni si aggiungono quelle procurate da diverse case della sua congregazione, quelle delle figlie della carit\u00e0, e delle religiose della Visitazione, delle quali ebbe, finch\u00e8 visse, una cura particolare, si potr\u00e0 forse non convenire che i suoi anni furono pieni, e che non ebbe alcun di quei mesi vuoti, che la Scrittura condanna?<\/p>\n<p>Bench\u00e8 la gloria d&#8217;Iddio fosse l&#8217;unico motivo delle imprese del Santo, ci\u00f2 non pertanto non tutte riuscirono. In quel modo che per le campagne vi sono degli anni sterili, in cui le speranze del coltivatore sono pi\u00f9 o meno deluse, cos\u00ec per le opere di Dio ci sono delle stagioni le quali sembrano sonnacchiose riguardo a&#8217; suoi pi\u00f9 fedeli servitori. Gli Apostoli lo provarono pi\u00f9 d&#8217;una volta, e Vincenzo lo prov\u00f2 com&#8217;essi.<\/p>\n<p>Desta sorpresa l&#8217;udir parlare di grandi occupazioni, quando si tratta di un uomo che si avanza a gran passi verso l&#8217;eternit\u00e0. Ci\u00f2 nondimeno il nostro Santo, comunque sopraccarico fino al giorno che preced\u00e8 la vigilia della sua morte, le disimpegn\u00f2 con una precisione ed una presenza di spirito ammirabile. Radunava sovente gli ufficiali della sua casa ed i suoi assistenti: parlava a tutti riuniti o ad ognuno in particolare, secondo che esigevano le circostanze, si faceva render conto dello stato degli affari, e ne deliberava con essi. Regolava le missioni, destinava ad esse quelli che erano pi\u00f9 adattati, e concordava con loro la maniera con cui bisognava agire per farle riuscire. Faceva per le altre compagnie, delle quali era incaricato, quanto faceva per la sua propria congregazione. Inviava alcuni suoi preti per rappresentarlo ne&#8217; luoghi ove non poteva pi\u00f9 trasferirsi, e quando si trattava di qualche affare importante, dava loro una lezione s\u00ec esatta che non avevano, se volevano essere sicuri del successo, che ad ubbidire. Giudicando di lui dalle sue risposte credevasi nelle provincie la sua salute fosse sempre a un di presso nel medesimo stato, ed \u00e8 perci\u00f2 che riceveva una infinit\u00e0 di lettere, alle quali non tralasciava mai di rispondere. Sebbene scrivesse sopra ogni argomento, scriveva pi\u00f9 volentieri in favor della miseria e dell&#8217; indigenza: si osserv\u00f2 le ultime sue lettere riguardare in tutto a&#8217; bisogni ed al sollievo de&#8217; poveri.<\/p>\n<p>Nel trambusto delle occupazioni ed in mezzo alle importunit\u00e0 di una folla di persone di ogni condizione che l&#8217;assediavano, si scorgeva sempre l&#8217;uomo di pace e di consolazione. Finalmente conciliava s\u00ec bene l&#8217;offizio di Marta con quello di Maria, che allorquando sembrava maggiormente occupato, si riconosceva ancor meglio che lavorava per Dio e sotto gli occhi di Dio. Se a tante occupazioni si aggiungono gli esercizi di divozione, si vedr\u00e0 che conosceva il prezzo del tempo. Sarebbesi fatto uno scrupolo di perderne un solo istante, e cosi raddoppiava i suoi anni innanzi a Dio. Era l&#8217;ultimo di tutti nell&#8217;andare al riposo notturno, e durante il giorno era quasi sempre occupato a pregare, a ricevere o a dare consigli, a formare deliberazioni o ad esequirle. I suoi preti avevano dopo orni pasto un&#8217;ora circa di ricreazione, egli in vece quasi mai ne profittava, perch\u00e8 aveva ordinariamente qualche cosa premurosa da tare. Finalmente, quantunque accordasse a coloro che gli parlavano, e soprattutto agli stranieri, il comodo per dirgli tutto ci\u00f2 che era d&#8217;uopo, era per altro attentissimo ad eliminare \u00ec discorsi inutili: evitava le digressioni fino nelle assemblee di divozione, alle quali interveniva per li poveri. Tanto preciso nelle sue parole, quanto giusto nelle sue idee riconduceva al punto essenziale coloro che se n&#8217; erano allontanati, ma lo faceva con tanta grazia, che niuno trovava a ridire. Possedeva una forza di spirito infaticabile per applicarsi a&#8217; pi\u00f9 grandi affari, e la pi\u00f9 sorprendente facilit\u00e0 di abbandonare tutto in favore dei deboli e dei semplici che venivano ad interromperlo.<\/p>\n<p>In ciascun giorno degli ultimi anni di sua vita, per disporsi alla morte, recitava le preghiere degli agonizzanti colla raccomandazione dell&#8217;anima, e alla sera si metteva in grado di rispondere al Divin Giudice, nel caso che quella notte stessa gli fosse piaciuto di chiamarlo al suo tribunale supremo.<\/p>\n<p><em>Frutto<\/em>. Un atto di contrizione per dimandare a Dio perdono del tempo perduto, promettendo di occupare santamente tutti que&#8217; giorni di vita che Dio ci vorr\u00e0 ancora donare.<\/p>\n","protected":false},"excerpt":{"rendered":"<p>Giorno decimoquinto. Sue occupazioni. Vincenzo che si riguardava qual servo inutile era talmente occupato da mattino a sera, che la sua vita era una continuazione di opere buone. Un altro uomo laborioso, meno sostenuto dalla &#8230; <a href=\"http:\/\/vincentians.com\/it\/il-cristiano-guidato-alla-virtu-ed-alla-civilta-secondo-lo-spirito-di-san-vincenzo-de-paoli-giorno-decimoquinto\/\" class=\"more-link\">Read More<\/a><\/p>\n","protected":false},"author":4,"featured_media":153784,"comment_status":"open","ping_status":"open","sticky":false,"template":"","format":"standard","meta":{"jetpack_post_was_ever_published":false,"_jetpack_newsletter_access":"","_jetpack_dont_email_post_to_subs":false,"_jetpack_newsletter_tier_id":0,"_jetpack_memberships_contains_paywalled_content":false,"_jetpack_memberships_contains_paid_content":false,"footnotes":"","jetpack_publicize_message":"","jetpack_publicize_feature_enabled":true,"jetpack_social_post_already_shared":true,"jetpack_social_options":{"image_generator_settings":{"template":"highway","default_image_id":0,"font":"","enabled":false},"version":2}},"categories":[119],"tags":[],"class_list":["post-47749","post","type-post","status-publish","format-standard","has-post-thumbnail","hentry","category-vincenzo-de-paoli"],"yoast_head":"<!-- This site is optimized with the Yoast SEO plugin v26.3 - https:\/\/yoast.com\/wordpress\/plugins\/seo\/ -->\n<title>Il cristiano guidato alla virt\u00f9 ed alla civilt\u00e0 secondo lo spirito di San Vincenzo De&#039; Paoli. Giorno decimoquinto - Siamo Vincenziani<\/title>\n<meta name=\"robots\" content=\"index, follow, max-snippet:-1, max-image-preview:large, max-video-preview:-1\" \/>\n<link rel=\"canonical\" href=\"http:\/\/vincentians.com\/it\/il-cristiano-guidato-alla-virtu-ed-alla-civilta-secondo-lo-spirito-di-san-vincenzo-de-paoli-giorno-decimoquinto\/\" \/>\n<meta property=\"og:locale\" content=\"it_IT\" \/>\n<meta property=\"og:type\" content=\"article\" \/>\n<meta property=\"og:title\" content=\"Il cristiano guidato alla virt\u00f9 ed alla civilt\u00e0 secondo lo spirito di San Vincenzo De&#039; Paoli. Giorno decimoquinto - Siamo Vincenziani\" \/>\n<meta property=\"og:description\" content=\"Giorno decimoquinto. Sue occupazioni. Vincenzo che si riguardava qual servo inutile era talmente occupato da mattino a sera, che la sua vita era una continuazione di opere buone. Un altro uomo laborioso, meno sostenuto dalla ... Read More\" \/>\n<meta property=\"og:url\" content=\"http:\/\/vincentians.com\/it\/il-cristiano-guidato-alla-virtu-ed-alla-civilta-secondo-lo-spirito-di-san-vincenzo-de-paoli-giorno-decimoquinto\/\" \/>\n<meta property=\"og:site_name\" content=\"Siamo Vincenziani\" \/>\n<meta property=\"article:publisher\" content=\"https:\/\/www.facebook.com\/WeAreVincentians\/\" \/>\n<meta property=\"article:author\" content=\"https:\/\/www.facebook.com\/JavierChento\" \/>\n<meta property=\"article:published_time\" content=\"2016-08-09T12:00:02+00:00\" \/>\n<meta property=\"og:image\" content=\"https:\/\/i0.wp.com\/vincentians.com\/it\/wp-content\/uploads\/sites\/12\/2016\/07\/don-bosco-y-san-vicente-de-paul.jpg?fit=1200%2C630\" \/>\n\t<meta property=\"og:image:width\" content=\"1200\" \/>\n\t<meta property=\"og:image:height\" content=\"630\" \/>\n\t<meta property=\"og:image:type\" content=\"image\/jpeg\" \/>\n<meta name=\"author\" content=\"Francisco Javier Fern\u00e1ndez Chento\" \/>\n<meta name=\"twitter:card\" content=\"summary_large_image\" \/>\n<meta name=\"twitter:creator\" content=\"@https:\/\/twitter.com\/javierchento\" \/>\n<meta name=\"twitter:site\" content=\"@WeVincentians\" \/>\n<meta name=\"twitter:label1\" content=\"Scritto da\" \/>\n\t<meta name=\"twitter:data1\" content=\"Francisco Javier Fern\u00e1ndez Chento\" \/>\n\t<meta name=\"twitter:label2\" content=\"Tempo di lettura stimato\" \/>\n\t<meta name=\"twitter:data2\" content=\"7 minuti\" \/>\n<script type=\"application\/ld+json\" class=\"yoast-schema-graph\">{\"@context\":\"https:\/\/schema.org\",\"@graph\":[{\"@type\":\"Article\",\"@id\":\"http:\/\/vincentians.com\/it\/il-cristiano-guidato-alla-virtu-ed-alla-civilta-secondo-lo-spirito-di-san-vincenzo-de-paoli-giorno-decimoquinto\/#article\",\"isPartOf\":{\"@id\":\"http:\/\/vincentians.com\/it\/il-cristiano-guidato-alla-virtu-ed-alla-civilta-secondo-lo-spirito-di-san-vincenzo-de-paoli-giorno-decimoquinto\/\"},\"author\":{\"name\":\"Francisco Javier Fern\u00e1ndez Chento\",\"@id\":\"https:\/\/vincentians.com\/it\/#\/schema\/person\/9623ef4d9aa3b2dfb8c061f1499288f2\"},\"headline\":\"Il cristiano guidato alla virt\u00f9 ed alla civilt\u00e0 secondo lo spirito di San Vincenzo De&#8217; Paoli. Giorno decimoquinto\",\"datePublished\":\"2016-08-09T12:00:02+00:00\",\"mainEntityOfPage\":{\"@id\":\"http:\/\/vincentians.com\/it\/il-cristiano-guidato-alla-virtu-ed-alla-civilta-secondo-lo-spirito-di-san-vincenzo-de-paoli-giorno-decimoquinto\/\"},\"wordCount\":1458,\"commentCount\":0,\"publisher\":{\"@id\":\"https:\/\/vincentians.com\/it\/#organization\"},\"image\":{\"@id\":\"http:\/\/vincentians.com\/it\/il-cristiano-guidato-alla-virtu-ed-alla-civilta-secondo-lo-spirito-di-san-vincenzo-de-paoli-giorno-decimoquinto\/#primaryimage\"},\"thumbnailUrl\":\"https:\/\/i0.wp.com\/vincentians.com\/it\/wp-content\/uploads\/sites\/12\/2016\/07\/don-bosco-y-san-vicente-de-paul.jpg?fit=1200%2C630\",\"articleSection\":[\"Vincenzo de' Paoli\"],\"inLanguage\":\"it-IT\",\"potentialAction\":[{\"@type\":\"CommentAction\",\"name\":\"Comment\",\"target\":[\"http:\/\/vincentians.com\/it\/il-cristiano-guidato-alla-virtu-ed-alla-civilta-secondo-lo-spirito-di-san-vincenzo-de-paoli-giorno-decimoquinto\/#respond\"]}]},{\"@type\":\"WebPage\",\"@id\":\"http:\/\/vincentians.com\/it\/il-cristiano-guidato-alla-virtu-ed-alla-civilta-secondo-lo-spirito-di-san-vincenzo-de-paoli-giorno-decimoquinto\/\",\"url\":\"http:\/\/vincentians.com\/it\/il-cristiano-guidato-alla-virtu-ed-alla-civilta-secondo-lo-spirito-di-san-vincenzo-de-paoli-giorno-decimoquinto\/\",\"name\":\"Il cristiano guidato alla virt\u00f9 ed alla civilt\u00e0 secondo lo spirito di San Vincenzo De' Paoli. Giorno decimoquinto - Siamo Vincenziani\",\"isPartOf\":{\"@id\":\"https:\/\/vincentians.com\/it\/#website\"},\"primaryImageOfPage\":{\"@id\":\"http:\/\/vincentians.com\/it\/il-cristiano-guidato-alla-virtu-ed-alla-civilta-secondo-lo-spirito-di-san-vincenzo-de-paoli-giorno-decimoquinto\/#primaryimage\"},\"image\":{\"@id\":\"http:\/\/vincentians.com\/it\/il-cristiano-guidato-alla-virtu-ed-alla-civilta-secondo-lo-spirito-di-san-vincenzo-de-paoli-giorno-decimoquinto\/#primaryimage\"},\"thumbnailUrl\":\"https:\/\/i0.wp.com\/vincentians.com\/it\/wp-content\/uploads\/sites\/12\/2016\/07\/don-bosco-y-san-vicente-de-paul.jpg?fit=1200%2C630\",\"datePublished\":\"2016-08-09T12:00:02+00:00\",\"breadcrumb\":{\"@id\":\"http:\/\/vincentians.com\/it\/il-cristiano-guidato-alla-virtu-ed-alla-civilta-secondo-lo-spirito-di-san-vincenzo-de-paoli-giorno-decimoquinto\/#breadcrumb\"},\"inLanguage\":\"it-IT\",\"potentialAction\":[{\"@type\":\"ReadAction\",\"target\":[\"http:\/\/vincentians.com\/it\/il-cristiano-guidato-alla-virtu-ed-alla-civilta-secondo-lo-spirito-di-san-vincenzo-de-paoli-giorno-decimoquinto\/\"]}]},{\"@type\":\"ImageObject\",\"inLanguage\":\"it-IT\",\"@id\":\"http:\/\/vincentians.com\/it\/il-cristiano-guidato-alla-virtu-ed-alla-civilta-secondo-lo-spirito-di-san-vincenzo-de-paoli-giorno-decimoquinto\/#primaryimage\",\"url\":\"https:\/\/i0.wp.com\/vincentians.com\/it\/wp-content\/uploads\/sites\/12\/2016\/07\/don-bosco-y-san-vicente-de-paul.jpg?fit=1200%2C630\",\"contentUrl\":\"https:\/\/i0.wp.com\/vincentians.com\/it\/wp-content\/uploads\/sites\/12\/2016\/07\/don-bosco-y-san-vicente-de-paul.jpg?fit=1200%2C630\",\"width\":1200,\"height\":630},{\"@type\":\"BreadcrumbList\",\"@id\":\"http:\/\/vincentians.com\/it\/il-cristiano-guidato-alla-virtu-ed-alla-civilta-secondo-lo-spirito-di-san-vincenzo-de-paoli-giorno-decimoquinto\/#breadcrumb\",\"itemListElement\":[{\"@type\":\"ListItem\",\"position\":1,\"name\":\"Portada\",\"item\":\"https:\/\/vincentians.com\/it\/\"},{\"@type\":\"ListItem\",\"position\":2,\"name\":\"Il cristiano guidato alla virt\u00f9 ed alla civilt\u00e0 secondo lo spirito di San Vincenzo De&#8217; Paoli. Giorno decimoquinto\"}]},{\"@type\":\"WebSite\",\"@id\":\"https:\/\/vincentians.com\/it\/#website\",\"url\":\"https:\/\/vincentians.com\/it\/\",\"name\":\"Siamo Vincenziani\",\"description\":\"Know more to serve more\",\"publisher\":{\"@id\":\"https:\/\/vincentians.com\/it\/#organization\"},\"potentialAction\":[{\"@type\":\"SearchAction\",\"target\":{\"@type\":\"EntryPoint\",\"urlTemplate\":\"https:\/\/vincentians.com\/it\/?s={search_term_string}\"},\"query-input\":{\"@type\":\"PropertyValueSpecification\",\"valueRequired\":true,\"valueName\":\"search_term_string\"}}],\"inLanguage\":\"it-IT\"},{\"@type\":\"Organization\",\"@id\":\"https:\/\/vincentians.com\/it\/#organization\",\"name\":\"The Vincentian Network\",\"url\":\"https:\/\/vincentians.com\/it\/\",\"logo\":{\"@type\":\"ImageObject\",\"inLanguage\":\"it-IT\",\"@id\":\"https:\/\/vincentians.com\/it\/#\/schema\/logo\/image\/\",\"url\":\"https:\/\/i0.wp.com\/vincentians.com\/it\/wp-content\/uploads\/sites\/12\/2016\/06\/Vincentian-Network-logo-big.png?fit=778%2C778\",\"contentUrl\":\"https:\/\/i0.wp.com\/vincentians.com\/it\/wp-content\/uploads\/sites\/12\/2016\/06\/Vincentian-Network-logo-big.png?fit=778%2C778\",\"width\":778,\"height\":778,\"caption\":\"The Vincentian Network\"},\"image\":{\"@id\":\"https:\/\/vincentians.com\/it\/#\/schema\/logo\/image\/\"},\"sameAs\":[\"https:\/\/www.facebook.com\/WeAreVincentians\/\",\"https:\/\/x.com\/WeVincentians\"]},{\"@type\":\"Person\",\"@id\":\"https:\/\/vincentians.com\/it\/#\/schema\/person\/9623ef4d9aa3b2dfb8c061f1499288f2\",\"name\":\"Francisco Javier Fern\u00e1ndez Chento\",\"image\":{\"@type\":\"ImageObject\",\"inLanguage\":\"it-IT\",\"@id\":\"https:\/\/vincentians.com\/it\/#\/schema\/person\/image\/\",\"url\":\"https:\/\/secure.gravatar.com\/avatar\/497d5cde87b4c3d097d0315953521681ba2cd523ee66e5077c3711f7021e65de?s=96&d=mm&r=g\",\"contentUrl\":\"https:\/\/secure.gravatar.com\/avatar\/497d5cde87b4c3d097d0315953521681ba2cd523ee66e5077c3711f7021e65de?s=96&d=mm&r=g\",\"caption\":\"Francisco Javier Fern\u00e1ndez Chento\"},\"description\":\"Director General y cofundador de La Red de Formaci\u00f3n Vicenciana. Javier es laico vicenciano, afiliado a la Congregaci\u00f3n de la Misi\u00f3n y miembro del Equipo de Misiones Populares de la provincia can\u00f3nica de Zaragoza (Espa\u00f1a) de la Congregaci\u00f3n de la Misi\u00f3n. Graduado en la Universidad Oberta de Catalunya con cuatro grados (Asistente de direcci\u00f3n, Gesti\u00f3n Administrativa, Recursos Humanos y Contabilidad Avanzada). Bil\u00edng\u00fce Espa\u00f1ol\/Ingl\u00e9s. gestiona y mantiene varias p\u00e1ginas web cristianas y vicencianas, incluida including La Red de Formaci\u00f3n Vicenciana, de la que es cofundador. Actualmente es responsable del \u00e1rea de Espa\u00f1ol de .famvin, la Red de Noticias de la Familia Vicenciana. Tambi\u00e9n es m\u00fasico cat\u00f3lico y ha editado varios discos. Es Director General y cofundador de Trovador, una reconocida compa\u00f1\u00eda discogr\u00e1fica critiana de Espa\u00f1a. Trabaja en las Tecnolog\u00edas de la Informaci\u00f3n, ofreciendo servicios de alojamiento, dise\u00f1o y mantenimiento Web, as\u00ed como asesoramiento, formaci\u00f3n y soluciones inform\u00e1ticas, gesti\u00f3n documental y digitalizaci\u00f3n de textos, edici\u00f3n y maquetaci\u00f3n de libros, revistas, flyers, etc.\",\"sameAs\":[\"http:\/\/chento.org\",\"https:\/\/www.facebook.com\/JavierChento\",\"https:\/\/x.com\/https:\/\/twitter.com\/javierchento\"],\"url\":\"http:\/\/vincentians.com\/it\/author\/chento\/\"}]}<\/script>\n<!-- \/ Yoast SEO plugin. -->","yoast_head_json":{"title":"Il cristiano guidato alla virt\u00f9 ed alla civilt\u00e0 secondo lo spirito di San Vincenzo De' Paoli. Giorno decimoquinto - Siamo Vincenziani","robots":{"index":"index","follow":"follow","max-snippet":"max-snippet:-1","max-image-preview":"max-image-preview:large","max-video-preview":"max-video-preview:-1"},"canonical":"http:\/\/vincentians.com\/it\/il-cristiano-guidato-alla-virtu-ed-alla-civilta-secondo-lo-spirito-di-san-vincenzo-de-paoli-giorno-decimoquinto\/","og_locale":"it_IT","og_type":"article","og_title":"Il cristiano guidato alla virt\u00f9 ed alla civilt\u00e0 secondo lo spirito di San Vincenzo De' Paoli. Giorno decimoquinto - Siamo Vincenziani","og_description":"Giorno decimoquinto. Sue occupazioni. Vincenzo che si riguardava qual servo inutile era talmente occupato da mattino a sera, che la sua vita era una continuazione di opere buone. Un altro uomo laborioso, meno sostenuto dalla ... Read More","og_url":"http:\/\/vincentians.com\/it\/il-cristiano-guidato-alla-virtu-ed-alla-civilta-secondo-lo-spirito-di-san-vincenzo-de-paoli-giorno-decimoquinto\/","og_site_name":"Siamo Vincenziani","article_publisher":"https:\/\/www.facebook.com\/WeAreVincentians\/","article_author":"https:\/\/www.facebook.com\/JavierChento","article_published_time":"2016-08-09T12:00:02+00:00","og_image":[{"width":1200,"height":630,"url":"https:\/\/i0.wp.com\/vincentians.com\/it\/wp-content\/uploads\/sites\/12\/2016\/07\/don-bosco-y-san-vicente-de-paul.jpg?fit=1200%2C630","type":"image\/jpeg"}],"author":"Francisco Javier Fern\u00e1ndez Chento","twitter_card":"summary_large_image","twitter_creator":"@https:\/\/twitter.com\/javierchento","twitter_site":"@WeVincentians","twitter_misc":{"Scritto da":"Francisco Javier Fern\u00e1ndez Chento","Tempo di lettura stimato":"7 minuti"},"schema":{"@context":"https:\/\/schema.org","@graph":[{"@type":"Article","@id":"http:\/\/vincentians.com\/it\/il-cristiano-guidato-alla-virtu-ed-alla-civilta-secondo-lo-spirito-di-san-vincenzo-de-paoli-giorno-decimoquinto\/#article","isPartOf":{"@id":"http:\/\/vincentians.com\/it\/il-cristiano-guidato-alla-virtu-ed-alla-civilta-secondo-lo-spirito-di-san-vincenzo-de-paoli-giorno-decimoquinto\/"},"author":{"name":"Francisco Javier Fern\u00e1ndez Chento","@id":"https:\/\/vincentians.com\/it\/#\/schema\/person\/9623ef4d9aa3b2dfb8c061f1499288f2"},"headline":"Il cristiano guidato alla virt\u00f9 ed alla civilt\u00e0 secondo lo spirito di San Vincenzo De&#8217; Paoli. Giorno decimoquinto","datePublished":"2016-08-09T12:00:02+00:00","mainEntityOfPage":{"@id":"http:\/\/vincentians.com\/it\/il-cristiano-guidato-alla-virtu-ed-alla-civilta-secondo-lo-spirito-di-san-vincenzo-de-paoli-giorno-decimoquinto\/"},"wordCount":1458,"commentCount":0,"publisher":{"@id":"https:\/\/vincentians.com\/it\/#organization"},"image":{"@id":"http:\/\/vincentians.com\/it\/il-cristiano-guidato-alla-virtu-ed-alla-civilta-secondo-lo-spirito-di-san-vincenzo-de-paoli-giorno-decimoquinto\/#primaryimage"},"thumbnailUrl":"https:\/\/i0.wp.com\/vincentians.com\/it\/wp-content\/uploads\/sites\/12\/2016\/07\/don-bosco-y-san-vicente-de-paul.jpg?fit=1200%2C630","articleSection":["Vincenzo de' Paoli"],"inLanguage":"it-IT","potentialAction":[{"@type":"CommentAction","name":"Comment","target":["http:\/\/vincentians.com\/it\/il-cristiano-guidato-alla-virtu-ed-alla-civilta-secondo-lo-spirito-di-san-vincenzo-de-paoli-giorno-decimoquinto\/#respond"]}]},{"@type":"WebPage","@id":"http:\/\/vincentians.com\/it\/il-cristiano-guidato-alla-virtu-ed-alla-civilta-secondo-lo-spirito-di-san-vincenzo-de-paoli-giorno-decimoquinto\/","url":"http:\/\/vincentians.com\/it\/il-cristiano-guidato-alla-virtu-ed-alla-civilta-secondo-lo-spirito-di-san-vincenzo-de-paoli-giorno-decimoquinto\/","name":"Il cristiano guidato alla virt\u00f9 ed alla civilt\u00e0 secondo lo spirito di San Vincenzo De' Paoli. Giorno decimoquinto - Siamo Vincenziani","isPartOf":{"@id":"https:\/\/vincentians.com\/it\/#website"},"primaryImageOfPage":{"@id":"http:\/\/vincentians.com\/it\/il-cristiano-guidato-alla-virtu-ed-alla-civilta-secondo-lo-spirito-di-san-vincenzo-de-paoli-giorno-decimoquinto\/#primaryimage"},"image":{"@id":"http:\/\/vincentians.com\/it\/il-cristiano-guidato-alla-virtu-ed-alla-civilta-secondo-lo-spirito-di-san-vincenzo-de-paoli-giorno-decimoquinto\/#primaryimage"},"thumbnailUrl":"https:\/\/i0.wp.com\/vincentians.com\/it\/wp-content\/uploads\/sites\/12\/2016\/07\/don-bosco-y-san-vicente-de-paul.jpg?fit=1200%2C630","datePublished":"2016-08-09T12:00:02+00:00","breadcrumb":{"@id":"http:\/\/vincentians.com\/it\/il-cristiano-guidato-alla-virtu-ed-alla-civilta-secondo-lo-spirito-di-san-vincenzo-de-paoli-giorno-decimoquinto\/#breadcrumb"},"inLanguage":"it-IT","potentialAction":[{"@type":"ReadAction","target":["http:\/\/vincentians.com\/it\/il-cristiano-guidato-alla-virtu-ed-alla-civilta-secondo-lo-spirito-di-san-vincenzo-de-paoli-giorno-decimoquinto\/"]}]},{"@type":"ImageObject","inLanguage":"it-IT","@id":"http:\/\/vincentians.com\/it\/il-cristiano-guidato-alla-virtu-ed-alla-civilta-secondo-lo-spirito-di-san-vincenzo-de-paoli-giorno-decimoquinto\/#primaryimage","url":"https:\/\/i0.wp.com\/vincentians.com\/it\/wp-content\/uploads\/sites\/12\/2016\/07\/don-bosco-y-san-vicente-de-paul.jpg?fit=1200%2C630","contentUrl":"https:\/\/i0.wp.com\/vincentians.com\/it\/wp-content\/uploads\/sites\/12\/2016\/07\/don-bosco-y-san-vicente-de-paul.jpg?fit=1200%2C630","width":1200,"height":630},{"@type":"BreadcrumbList","@id":"http:\/\/vincentians.com\/it\/il-cristiano-guidato-alla-virtu-ed-alla-civilta-secondo-lo-spirito-di-san-vincenzo-de-paoli-giorno-decimoquinto\/#breadcrumb","itemListElement":[{"@type":"ListItem","position":1,"name":"Portada","item":"https:\/\/vincentians.com\/it\/"},{"@type":"ListItem","position":2,"name":"Il cristiano guidato alla virt\u00f9 ed alla civilt\u00e0 secondo lo spirito di San Vincenzo De&#8217; Paoli. Giorno decimoquinto"}]},{"@type":"WebSite","@id":"https:\/\/vincentians.com\/it\/#website","url":"https:\/\/vincentians.com\/it\/","name":"Siamo Vincenziani","description":"Know more to serve more","publisher":{"@id":"https:\/\/vincentians.com\/it\/#organization"},"potentialAction":[{"@type":"SearchAction","target":{"@type":"EntryPoint","urlTemplate":"https:\/\/vincentians.com\/it\/?s={search_term_string}"},"query-input":{"@type":"PropertyValueSpecification","valueRequired":true,"valueName":"search_term_string"}}],"inLanguage":"it-IT"},{"@type":"Organization","@id":"https:\/\/vincentians.com\/it\/#organization","name":"The Vincentian Network","url":"https:\/\/vincentians.com\/it\/","logo":{"@type":"ImageObject","inLanguage":"it-IT","@id":"https:\/\/vincentians.com\/it\/#\/schema\/logo\/image\/","url":"https:\/\/i0.wp.com\/vincentians.com\/it\/wp-content\/uploads\/sites\/12\/2016\/06\/Vincentian-Network-logo-big.png?fit=778%2C778","contentUrl":"https:\/\/i0.wp.com\/vincentians.com\/it\/wp-content\/uploads\/sites\/12\/2016\/06\/Vincentian-Network-logo-big.png?fit=778%2C778","width":778,"height":778,"caption":"The Vincentian Network"},"image":{"@id":"https:\/\/vincentians.com\/it\/#\/schema\/logo\/image\/"},"sameAs":["https:\/\/www.facebook.com\/WeAreVincentians\/","https:\/\/x.com\/WeVincentians"]},{"@type":"Person","@id":"https:\/\/vincentians.com\/it\/#\/schema\/person\/9623ef4d9aa3b2dfb8c061f1499288f2","name":"Francisco Javier Fern\u00e1ndez Chento","image":{"@type":"ImageObject","inLanguage":"it-IT","@id":"https:\/\/vincentians.com\/it\/#\/schema\/person\/image\/","url":"https:\/\/secure.gravatar.com\/avatar\/497d5cde87b4c3d097d0315953521681ba2cd523ee66e5077c3711f7021e65de?s=96&d=mm&r=g","contentUrl":"https:\/\/secure.gravatar.com\/avatar\/497d5cde87b4c3d097d0315953521681ba2cd523ee66e5077c3711f7021e65de?s=96&d=mm&r=g","caption":"Francisco Javier Fern\u00e1ndez Chento"},"description":"Director General y cofundador de La Red de Formaci\u00f3n Vicenciana. Javier es laico vicenciano, afiliado a la Congregaci\u00f3n de la Misi\u00f3n y miembro del Equipo de Misiones Populares de la provincia can\u00f3nica de Zaragoza (Espa\u00f1a) de la Congregaci\u00f3n de la Misi\u00f3n. Graduado en la Universidad Oberta de Catalunya con cuatro grados (Asistente de direcci\u00f3n, Gesti\u00f3n Administrativa, Recursos Humanos y Contabilidad Avanzada). Bil\u00edng\u00fce Espa\u00f1ol\/Ingl\u00e9s. gestiona y mantiene varias p\u00e1ginas web cristianas y vicencianas, incluida including La Red de Formaci\u00f3n Vicenciana, de la que es cofundador. Actualmente es responsable del \u00e1rea de Espa\u00f1ol de .famvin, la Red de Noticias de la Familia Vicenciana. Tambi\u00e9n es m\u00fasico cat\u00f3lico y ha editado varios discos. Es Director General y cofundador de Trovador, una reconocida compa\u00f1\u00eda discogr\u00e1fica critiana de Espa\u00f1a. Trabaja en las Tecnolog\u00edas de la Informaci\u00f3n, ofreciendo servicios de alojamiento, dise\u00f1o y mantenimiento Web, as\u00ed como asesoramiento, formaci\u00f3n y soluciones inform\u00e1ticas, gesti\u00f3n documental y digitalizaci\u00f3n de textos, edici\u00f3n y maquetaci\u00f3n de libros, revistas, flyers, etc.","sameAs":["http:\/\/chento.org","https:\/\/www.facebook.com\/JavierChento","https:\/\/x.com\/https:\/\/twitter.com\/javierchento"],"url":"http:\/\/vincentians.com\/it\/author\/chento\/"}]}},"jetpack_publicize_connections":[],"jetpack_featured_media_url":"https:\/\/i0.wp.com\/vincentians.com\/it\/wp-content\/uploads\/sites\/12\/2016\/07\/don-bosco-y-san-vicente-de-paul.jpg?fit=1200%2C630","jetpack_sharing_enabled":true,"jetpack_shortlink":"https:\/\/wp.me\/p7ETFo-cq9","jetpack-related-posts":[{"id":45877,"url":"http:\/\/vincentians.com\/it\/il-cristiano-guidato-alla-virtu-ed-alla-civilta-secondo-lo-spirito-di-san-vincenzo-de-paoli-introduzione\/","url_meta":{"origin":47749,"position":0},"title":"Il cristiano guidato alla virt\u00f9 ed alla civilt\u00e0 secondo lo spirito di San Vincenzo De&#8217; Paoli. Introduzione","author":"Francisco Javier Fern\u00e1ndez Chento","date":"25\/07\/2016","format":false,"excerpt":"Il cristiano guidato alla virtu ed alla civilt\u00e0 secondo lo spirito di San Vincenzo De' Paoli Opera che pu\u00f2 servire a consacrare il mese di luglio in onore del medesimo Santo TORINO MDCCCXLVIII TIPOGRAFIA PARAVIA E COMPAGNIA L'Autore intende di godere dei privilegi accordati dalle Regie Leggi, avendo adempito a\u2026","rel":"","context":"In &quot;Vincenzo de' Paoli&quot;","block_context":{"text":"Vincenzo de' Paoli","link":"http:\/\/vincentians.com\/it\/category\/vincenzo-de-paoli\/"},"img":{"alt_text":"","src":"https:\/\/i0.wp.com\/vincentians.com\/it\/wp-content\/uploads\/sites\/12\/2016\/07\/don-bosco-y-san-vicente-de-paul.jpg?fit=1200%2C630&resize=350%2C200","width":350,"height":200,"srcset":"https:\/\/i0.wp.com\/vincentians.com\/it\/wp-content\/uploads\/sites\/12\/2016\/07\/don-bosco-y-san-vicente-de-paul.jpg?fit=1200%2C630&resize=350%2C200 1x, https:\/\/i0.wp.com\/vincentians.com\/it\/wp-content\/uploads\/sites\/12\/2016\/07\/don-bosco-y-san-vicente-de-paul.jpg?fit=1200%2C630&resize=525%2C300 1.5x, https:\/\/i0.wp.com\/vincentians.com\/it\/wp-content\/uploads\/sites\/12\/2016\/07\/don-bosco-y-san-vicente-de-paul.jpg?fit=1200%2C630&resize=700%2C400 2x, https:\/\/i0.wp.com\/vincentians.com\/it\/wp-content\/uploads\/sites\/12\/2016\/07\/don-bosco-y-san-vicente-de-paul.jpg?fit=1200%2C630&resize=1050%2C600 3x"},"classes":[]},{"id":72793,"url":"http:\/\/vincentians.com\/it\/il-cristiano-guidato-alla-virtu-ed-alla-civilta-secondo-lo-spirito-di-san-vincenzo-de-paoli-giorno-decimoottavo\/","url_meta":{"origin":47749,"position":1},"title":"Il cristiano guidato alla virt\u00f9 ed alla civilt\u00e0 secondo lo spirito di San Vincenzo De&#8217; Paoli. Giorno decimoottavo","author":"Francisco Javier Fern\u00e1ndez Chento","date":"12\/08\/2016","format":false,"excerpt":"Giorno decimoottavo. Sua prudenza. La prudenza cristiana consiste nel servirci de'mezzi presenti onde procurarci un bene futuro. Vincenzo diceva che questa deve sempre tendere ad un fine, cio\u00e8 a Dio solo. \u00abEssa sceglie i mezzi, egli diceva, e regola le azioni e le parole, fa tutto con. maturit\u00e0, peso, numero\u2026","rel":"","context":"In &quot;Vincenzo de' Paoli&quot;","block_context":{"text":"Vincenzo de' Paoli","link":"http:\/\/vincentians.com\/it\/category\/vincenzo-de-paoli\/"},"img":{"alt_text":"","src":"https:\/\/i0.wp.com\/vincentians.com\/it\/wp-content\/uploads\/sites\/12\/2016\/07\/don-bosco-y-san-vicente-de-paul.jpg?fit=1200%2C630&resize=350%2C200","width":350,"height":200,"srcset":"https:\/\/i0.wp.com\/vincentians.com\/it\/wp-content\/uploads\/sites\/12\/2016\/07\/don-bosco-y-san-vicente-de-paul.jpg?fit=1200%2C630&resize=350%2C200 1x, https:\/\/i0.wp.com\/vincentians.com\/it\/wp-content\/uploads\/sites\/12\/2016\/07\/don-bosco-y-san-vicente-de-paul.jpg?fit=1200%2C630&resize=525%2C300 1.5x, https:\/\/i0.wp.com\/vincentians.com\/it\/wp-content\/uploads\/sites\/12\/2016\/07\/don-bosco-y-san-vicente-de-paul.jpg?fit=1200%2C630&resize=700%2C400 2x, https:\/\/i0.wp.com\/vincentians.com\/it\/wp-content\/uploads\/sites\/12\/2016\/07\/don-bosco-y-san-vicente-de-paul.jpg?fit=1200%2C630&resize=1050%2C600 3x"},"classes":[]},{"id":48988,"url":"http:\/\/vincentians.com\/it\/il-cristiano-guidato-alla-virtu-ed-alla-civilta-secondo-lo-spirito-di-san-vincenzo-de-paoli-giorno-vigesimoquarto\/","url_meta":{"origin":47749,"position":2},"title":"Il cristiano guidato alla virt\u00f9 ed alla civilt\u00e0 secondo lo spirito di San Vincenzo De&#8217; Paoli. Giorno vigesimoquarto","author":"Francisco Javier Fern\u00e1ndez Chento","date":"18\/08\/2016","format":false,"excerpt":"Giorno vigesimoquarto. Della sua confidenza in pio. Il signore ci dice che ehi confida in lui non rimarr\u00e0 confuso; e che pu\u00f2 tutto chi e dal Signore confortato. Dal che Vincenzo animato intraprese delle cose, che i Principi,tessi non avrebbero osato, e sostenere degli stabilimenti che sembravano disperati. La provvidenza\u2026","rel":"","context":"In &quot;Vincenzo de' Paoli&quot;","block_context":{"text":"Vincenzo de' Paoli","link":"http:\/\/vincentians.com\/it\/category\/vincenzo-de-paoli\/"},"img":{"alt_text":"","src":"https:\/\/i0.wp.com\/vincentians.com\/it\/wp-content\/uploads\/sites\/12\/2016\/07\/don-bosco-y-san-vicente-de-paul.jpg?fit=1200%2C630&resize=350%2C200","width":350,"height":200,"srcset":"https:\/\/i0.wp.com\/vincentians.com\/it\/wp-content\/uploads\/sites\/12\/2016\/07\/don-bosco-y-san-vicente-de-paul.jpg?fit=1200%2C630&resize=350%2C200 1x, https:\/\/i0.wp.com\/vincentians.com\/it\/wp-content\/uploads\/sites\/12\/2016\/07\/don-bosco-y-san-vicente-de-paul.jpg?fit=1200%2C630&resize=525%2C300 1.5x, https:\/\/i0.wp.com\/vincentians.com\/it\/wp-content\/uploads\/sites\/12\/2016\/07\/don-bosco-y-san-vicente-de-paul.jpg?fit=1200%2C630&resize=700%2C400 2x, https:\/\/i0.wp.com\/vincentians.com\/it\/wp-content\/uploads\/sites\/12\/2016\/07\/don-bosco-y-san-vicente-de-paul.jpg?fit=1200%2C630&resize=1050%2C600 3x"},"classes":[]},{"id":45887,"url":"http:\/\/vincentians.com\/it\/il-cristiano-guidato-alla-virtu-ed-alla-civilta-secondo-lo-spirito-di-san-vincenzo-de-paoli-giorno-primo\/","url_meta":{"origin":47749,"position":3},"title":"Il cristiano guidato alla virt\u00f9 ed alla civilt\u00e0 secondo lo spirito di San Vincenzo De&#8217; Paoli. Giorno primo","author":"Francisco Javier Fern\u00e1ndez Chento","date":"26\/07\/2016","format":false,"excerpt":"Giorno primo. Carattere di S. Vincenzo de'Paoli Il carattere dell'uomo si deve considerare sotto tre aspetti;. in quanto al corpo, al cuore ed allo spirito. Onde noi per farci un'idea esatta di Vincenzo lo considereremo relativamente al corpo, al cuore, ed allo spirito. Quanto al corpo. La sua statura era\u2026","rel":"","context":"In &quot;Vincenzo de' Paoli&quot;","block_context":{"text":"Vincenzo de' Paoli","link":"http:\/\/vincentians.com\/it\/category\/vincenzo-de-paoli\/"},"img":{"alt_text":"","src":"https:\/\/i0.wp.com\/vincentians.com\/it\/wp-content\/uploads\/sites\/12\/2016\/07\/don-bosco-y-san-vicente-de-paul.jpg?fit=1200%2C630&resize=350%2C200","width":350,"height":200,"srcset":"https:\/\/i0.wp.com\/vincentians.com\/it\/wp-content\/uploads\/sites\/12\/2016\/07\/don-bosco-y-san-vicente-de-paul.jpg?fit=1200%2C630&resize=350%2C200 1x, https:\/\/i0.wp.com\/vincentians.com\/it\/wp-content\/uploads\/sites\/12\/2016\/07\/don-bosco-y-san-vicente-de-paul.jpg?fit=1200%2C630&resize=525%2C300 1.5x, https:\/\/i0.wp.com\/vincentians.com\/it\/wp-content\/uploads\/sites\/12\/2016\/07\/don-bosco-y-san-vicente-de-paul.jpg?fit=1200%2C630&resize=700%2C400 2x, https:\/\/i0.wp.com\/vincentians.com\/it\/wp-content\/uploads\/sites\/12\/2016\/07\/don-bosco-y-san-vicente-de-paul.jpg?fit=1200%2C630&resize=1050%2C600 3x"},"classes":[]},{"id":46003,"url":"http:\/\/vincentians.com\/it\/la-vocazione-sacerdotale-di-san-vincenzo-de-paoli\/","url_meta":{"origin":47749,"position":4},"title":"La Vocazione Sacerdotale Di San Vincenzo De Paoli","author":"Francisco Javier Fern\u00e1ndez Chento","date":"03\/09\/2016","format":false,"excerpt":"Vocazione sacerdotale o dignit\u00e1 della vocazione sacerdotale? L'epoca berulliana non lascia dubbi a riguardo: sviluppava una dot\u00adtrina del sacerdozio che accentuava la sovraeminenza di questa vo\u00adcazione, rispetto a tutte le altre, inclusa la stessa vocazione religiosa. Questa appunto non appariva pi\u00fa perfetta di quella sacedotale. E Pietro di B\u00e9rulle, maestro\u2026","rel":"","context":"In &quot;Vincenzo de' Paoli&quot;","block_context":{"text":"Vincenzo de' Paoli","link":"http:\/\/vincentians.com\/it\/category\/vincenzo-de-paoli\/"},"img":{"alt_text":"","src":"https:\/\/i0.wp.com\/vincentians.com\/it\/wp-content\/uploads\/sites\/12\/2013\/11\/Saint-Vincent-and-Discernment.jpg?fit=1200%2C630&resize=350%2C200","width":350,"height":200,"srcset":"https:\/\/i0.wp.com\/vincentians.com\/it\/wp-content\/uploads\/sites\/12\/2013\/11\/Saint-Vincent-and-Discernment.jpg?fit=1200%2C630&resize=350%2C200 1x, https:\/\/i0.wp.com\/vincentians.com\/it\/wp-content\/uploads\/sites\/12\/2013\/11\/Saint-Vincent-and-Discernment.jpg?fit=1200%2C630&resize=525%2C300 1.5x, https:\/\/i0.wp.com\/vincentians.com\/it\/wp-content\/uploads\/sites\/12\/2013\/11\/Saint-Vincent-and-Discernment.jpg?fit=1200%2C630&resize=700%2C400 2x, https:\/\/i0.wp.com\/vincentians.com\/it\/wp-content\/uploads\/sites\/12\/2013\/11\/Saint-Vincent-and-Discernment.jpg?fit=1200%2C630&resize=1050%2C600 3x"},"classes":[]},{"id":48987,"url":"http:\/\/vincentians.com\/it\/il-cristiano-guidato-alla-virtu-ed-alla-civilta-secondo-lo-spirito-di-san-vincenzo-de-paoli-giorno-vigesimoterzo\/","url_meta":{"origin":47749,"position":5},"title":"Il cristiano guidato alla virt\u00f9 ed alla civilt\u00e0 secondo lo spirito di San Vincenzo De&#8217; Paoli. Giorno vigesimoterzo","author":"Francisco Javier Fern\u00e1ndez Chento","date":"17\/08\/2016","format":false,"excerpt":"Giorno vigesimoterzo. Sua semplicit\u00e0. La semplicit\u00e0, che molti tengono cotte un difetto o tutto al pi\u00f9 come il retaggio degli spiriti deboli, \u00e8 nondimeno la virtu delle anime grandi, e ad esse sole appai, tiene di calpestare gli umani rispetti, dire le cose come si pensano; disprezzare gli artifizi del\u2026","rel":"","context":"In &quot;Vincenzo de' Paoli&quot;","block_context":{"text":"Vincenzo de' Paoli","link":"http:\/\/vincentians.com\/it\/category\/vincenzo-de-paoli\/"},"img":{"alt_text":"","src":"https:\/\/i0.wp.com\/vincentians.com\/it\/wp-content\/uploads\/sites\/12\/2016\/07\/don-bosco-y-san-vicente-de-paul.jpg?fit=1200%2C630&resize=350%2C200","width":350,"height":200,"srcset":"https:\/\/i0.wp.com\/vincentians.com\/it\/wp-content\/uploads\/sites\/12\/2016\/07\/don-bosco-y-san-vicente-de-paul.jpg?fit=1200%2C630&resize=350%2C200 1x, https:\/\/i0.wp.com\/vincentians.com\/it\/wp-content\/uploads\/sites\/12\/2016\/07\/don-bosco-y-san-vicente-de-paul.jpg?fit=1200%2C630&resize=525%2C300 1.5x, https:\/\/i0.wp.com\/vincentians.com\/it\/wp-content\/uploads\/sites\/12\/2016\/07\/don-bosco-y-san-vicente-de-paul.jpg?fit=1200%2C630&resize=700%2C400 2x, https:\/\/i0.wp.com\/vincentians.com\/it\/wp-content\/uploads\/sites\/12\/2016\/07\/don-bosco-y-san-vicente-de-paul.jpg?fit=1200%2C630&resize=1050%2C600 3x"},"classes":[]}],"_links":{"self":[{"href":"http:\/\/vincentians.com\/it\/wp-json\/wp\/v2\/posts\/47749","targetHints":{"allow":["GET"]}}],"collection":[{"href":"http:\/\/vincentians.com\/it\/wp-json\/wp\/v2\/posts"}],"about":[{"href":"http:\/\/vincentians.com\/it\/wp-json\/wp\/v2\/types\/post"}],"author":[{"embeddable":true,"href":"http:\/\/vincentians.com\/it\/wp-json\/wp\/v2\/users\/4"}],"replies":[{"embeddable":true,"href":"http:\/\/vincentians.com\/it\/wp-json\/wp\/v2\/comments?post=47749"}],"version-history":[{"count":0,"href":"http:\/\/vincentians.com\/it\/wp-json\/wp\/v2\/posts\/47749\/revisions"}],"wp:featuredmedia":[{"embeddable":true,"href":"http:\/\/vincentians.com\/it\/wp-json\/wp\/v2\/media\/153784"}],"wp:attachment":[{"href":"http:\/\/vincentians.com\/it\/wp-json\/wp\/v2\/media?parent=47749"}],"wp:term":[{"taxonomy":"category","embeddable":true,"href":"http:\/\/vincentians.com\/it\/wp-json\/wp\/v2\/categories?post=47749"},{"taxonomy":"post_tag","embeddable":true,"href":"http:\/\/vincentians.com\/it\/wp-json\/wp\/v2\/tags?post=47749"}],"curies":[{"name":"wp","href":"https:\/\/api.w.org\/{rel}","templated":true}]}}