{"id":47748,"date":"2016-08-08T14:00:02","date_gmt":"2016-08-08T12:00:02","guid":{"rendered":"http:\/\/somos.vicencianos.org\/blog\/2011\/08\/il-cristiano-guidato-alla-virtu-ed-alla-civilta-secondo-lo-spirito-di-san-vincenzo-de-paoli-giorno-decimoquarto\/"},"modified":"2016-07-25T07:39:53","modified_gmt":"2016-07-25T05:39:53","slug":"il-cristiano-guidato-alla-virtu-ed-alla-civilta-secondo-lo-spirito-di-san-vincenzo-de-paoli-giorno-decimoquarto","status":"publish","type":"post","link":"http:\/\/vincentians.com\/it\/il-cristiano-guidato-alla-virtu-ed-alla-civilta-secondo-lo-spirito-di-san-vincenzo-de-paoli-giorno-decimoquarto\/","title":{"rendered":"Il cristiano guidato alla virt\u00f9 ed alla civilt\u00e0 secondo lo spirito di San Vincenzo De&#8217; Paoli. Giorno decimoquarto"},"content":{"rendered":"<p><strong>Giorno decimoquarto. Sua mortificazione.<\/strong><\/p>\n<p>Se \u00e8 glorioso di seguire il Signore, bisogna pur confessarlo, che nulla costa maggiormente alla natura; poich\u00e8 il primo passo che debbono fare coloro che vogliono seguir Dio, quello si \u00e8 di rinunciare a se stessi e portare la loro croce. Questo il Santo trovava assai difficile, ma lo fece in tutti i momenti di sua vita; e colla pi\u00f9 esatta verit\u00e0 si \u00e8 detto di lui, che all&#8217;ombra d&#8217;una vita comune la mortificazione interna ed esterna \u00e8 forse fra tutte le virt\u00f9 quella che pratic\u00f2 pi\u00f9 costantemente.<\/p>\n<p>Per mortificazione interna quella intendo la quale ha per oggetto immediato il giudizio, la volont\u00e0, le inclinazioni del cuore, e le tendenze le pi\u00f9 dolci della natura. Per mortificazione esterna intendo quella che crocifigge tutti i sensi.<\/p>\n<p>La sua mortificazione interna si ravvisa sensibilmente nella riforma quale fece del suo naturale. Si pu\u00f2 ben combattere la propria natura, che quasi sempre ricompare. So vien raffrenata nelle occasioni prevedute, si svela nelle subitanee; son pochi gli uomini i quali, studiando un altr&#8217;uomo, almeno al lungo andare, non iscoprano in lui ci\u00f2 che noti avevano scorto de prima. Vincenzo aveva naturalmente l&#8217;aspetto severo ed alquanto aspro; nulladimeno seppe si ben violentarsi che fu sempre considerato da quanti lo conobbero qual modello di dolcezza e di affabilit\u00e0. Riguardava egli stesso questo cangiamento come una specie di miracolo e to attribuiva alla compassione di chi Io aveva avvertito di prendere un aspetto metto cupo e meno austero. Combatteva con tanta forza l&#8217;amor proprio che giudicando di lui dalle sue apparenze, sarebbesi dubitato se da quel lato fosse figlio di Adamo; nulla occultava di ci\u00f2 che poteva farlo disprezzare; nascondeva quanto poteva ridondare a sua gloria. Il segretaro del Re era stato schiavo in Algeri e sapeva che Vincenzo eralo stato in Tunisi. Raccontando egli volentieri le sue avventure al Santo, avrebbe gradito assaissimo gli raccontasse le proprie. Lo metteva espressamente in argomento per farlo parlare, ma confessa sulla sua deposizione che non pot\u00e8 mai ottenere una sola parola su questa materia. Venti liste ebbe occasione di parlarne in onorevoli assemblee, e venti fiate stette in silenzio.<\/p>\n<p>Quella specie d&#8217;indifferenza che sembr\u00f2 avere per i suoi parenti era in lai l&#8217;effetto della pi\u00f9 viva e della pi\u00f9 perseverante mortificazione. \u00abPensate forse, diceva a qualcheduno che lo sollecitava di giovar loro, pensate forse che non ami i miei parenti? Io provo per essi tutti i sentimenti di tenerezza e di affetto come qualunque altro pu\u00f2 avete per li propri, e questo amor naturale mi sollecita molto di assisterli; ma elevo operare secondo i movimenti della grazia e non secondo quelli della natura, e pensare a&#8217;poveri pi\u00f9 abbandonati senza arrestarmi a&#8217; vincoli dell&#8217; amicizia e della parentela. Devo imitare il Salvatore, il quale in una pubblica occasione sembr\u00f2 non conoscere madre ne fratelli, e riguardare nell&#8217;impiego delle mie elemosine conte miei parenti pi\u00f9 prossimi non gi\u00e0 quelli che lo sono diffatti, ma bens\u00ec quelli i quali hanno maggior bisogno di essere sollevati. Ohim\u00e8! i miei parenti non sono essi molto felici? e possono forse trovarsi in uno stato migliore di quello in cui eseguiscono la sentenza di Dio, la quale ordina che l&#8217; uomo guadagni il pane col sudore della sua fronte?\u00bb Il Santo seguiva questi principi anche quando avrebbe assolutamente potuto allontanarsene. Un suo amico gli diede cento doppie per i suoi parenti: l&#8217;uomo di Dio non le rifiut\u00f2, ma disse al benefattore che la sua famiglia poteva vivere com&#8217;era vissuta fin allora; quel nuovo soccorso non servirebbe a renderla pi\u00f9 virtuosa, anzi credeva che una buona missione fatta nella loro parrocchia avrebbe maggior valore al cospetto di Dio e degli uomini. Quell&#8217;amico si arrend\u00e8 a tali ragioni; ma il Santo non trov\u00f2 l&#8217; occasione d&#8217;eseguire il progetto: le guerre civili che sopraggiunsero desolarono la Guienna; i parenti di Vincenzo de&#8217;Paoli furono dei pi\u00f9 malconci, ogni cosa fu loro tolta, e alcuni persino vi perdettero la vita. II sant&#8217; uomo riconobbe allora essere stato per una particolare disposizione delta Provvidenza elio non avesse potuto dare quella missione. Bened\u00ec Iddio per una protezione s\u00ec speciale e visibile. Fece partire con tutta fretta il soccorso che il cielo aveva preparato alla sua famiglia. E questo \u00e8 il solo bene che fece a&#8217;suoi parenti un uomo cui sarebbe stato facilissimo di procurare loro una vita comoda e per inclinazione spinto a toglierli dalla miseria.<\/p>\n<p>Prova della mortificazione interna del nostro Santo \u00e8 la perfetta sua eguaglianza di spirito. Ei l&#8217;ebbe in grado eminente. La sua storia ne somministra delle prove tali che si dificolterebbe a trovarle nella vita dei pi\u00f9 gran santi. L&#8217;abbiamo veduto tranquillo nelle turbolenze della guerra come in seno della pace; nelle malattie come nella pi\u00f9 florida sanit\u00e0; ne&#8217; buoni successi come nei pi\u00f9 disgustosi avvenimenti. Per giungere fino l\u00e0 bisogna in qualche modo non vivere pi\u00f9, o non vivere, come S. Paolo, che della vita di Ges\u00f9 Cristo. Bisogna aver sepolto l&#8217;uomo vecchio con tutti i suoi desideri, bisogna non conoscere pi\u00f9 inclinazione n\u00e8 tendenza.<\/p>\n<p>Non fu gi\u00e0 cos\u00ec della sua mortificazione esteriore: bench\u00e8 abbia usata tutta la precauzione per nasconderne una parto, e pei travisarne l&#8217;altra, fu bastantemente conosciuto per giudicarlo degno di avere un posto nel numero de&#8217; pi\u00f9 illustri penitenti. Ecco ci\u00f2 che si rileva dal processo di sua canonizzazione.<\/p>\n<p>Vincenzo non si coricava quasi mai che verso mezzanotte, perch\u00e8 i grandi e moltiplico affari de&#8217;quali era sopraccaricato non gli permettevano di farlo prima. Il suo letto consisteva in un cattivo pagliericcio: sano o infermo alzavasi regolarmente a quattr&#8217;ore del mattino. Al suo svegliarsi si disciplinava: un fratello, la cui stanza era attigua alla sua, assicur\u00f2 non aver mai tralasciato questo esercizio in dodici anni che fu suo vicino. A questa austerit\u00e0 ne aggiungeva altre per chiedere a Dio delle grazie particolari per calmare la collera in tempo delle pubbliche calamit\u00e0. Il cilizio, i braccialetti, le cinture con punte erano anch&#8217;essi strumenti di cui usava famigliarmente; ma il cilizio particolare di cui servivasi di tempo in tempo e che esiste tuttora, fa tremare coloro perfino che sono pi\u00f9 abituati alla mortificazione. Del resto, a caso soltanto si scopri il grado e la misura della sua penitenza, perch\u00e8 era tanto premuroso di tenerla occulta, quanto ardente in praticarla.<\/p>\n<p>Ogni giorno, ed anche negli inverni pi\u00f9 rigidi, impiegava tutte le mattine pi\u00f9 di tre ore nell&#8217;orazione, nel prepararsi a celebrar la santa messa e nel ringraziamento. Stava in ginocchio sul nudo pavimento senza aver mai permesso si coprisse con una stoia it posto in cui aveva costumanza di collocarsi; nemico e quasi carnefice del suo corpo, malgrado l&#8217;enfiagione delle sue gambe e una febbre quartana che lo coglieva due tempi dell&#8217;anno, lavorava con tanta esattezza come se avesse goduto della miglior sanit\u00e0. Oltre i digiuni prescritti dalla Chiesa, e da&#8217; quali giammai si dispens\u00f2, digiunava ordinariamente due volte per settimana, n\u00e8 le sue infermit\u00e0, n\u00e8 la sua vecchiezza poterono fargliene tralasciare l&#8217;abitudine: il suo nutrimento fu sempre dei pi\u00f9 comuni; non vi era alcuna differenza fra lui e l&#8217;ultimo de&#8217;suoi n\u00e8 per la quantit\u00e0, n\u00e8 per la qualit\u00e0 de&#8217; cibi; sceglieva sempre a preferenza nella sua porzione il meno appetente, e per timore di allettare la sensualit\u00e0, quale s&#8217;insinua dovunque, spargeva di tempo in tempo sugli alimenti una polvere amara che rendevali disgustosi. In qual si voglia luogo si trovasse, beveva e mangiava pochissimo, non gi\u00e0 per mancanza d&#8217;appetito, ma perch\u00f2 erasi fatta una legge di non mai soddisfarlo. Allorch\u00e8 trovavasi alla seconda mensa, si frammischiava a&#8217; domestici perch\u00e8 gli fossero dati come ad essi gli avanzi della prima; se giungeva dopo ch&#8217;erasi sparecchiato, e che si era levato il suo vino, mai ne dimandava e si contentava d&#8217;acqua pura, malgrado non vi fosse chi avesse maggior bisogno di lui di acquistare delle forze. Per quanto tardi ritornasse in casa per pranzare, fossero anche due o tre ore pomeridiane, ora sempre digiuno.<\/p>\n<p>All&#8217;et\u00e0 di 60 e pi\u00f9 anni digiunava nella quaresima pi\u00f9 rigorosamente di un uomo robusto nel fiore della sua et\u00e0. Il merluzzo, l&#8217;aringa e gli altri salumi erano il suo nutrimento, come lo erano per la comunit\u00e0. Si tent\u00f2 d&#8217;ingannarlo servendolo alla seconda tavola con pesce fresco in luogo del pesce salato ch&#8217;erasi dato a&#8217;suoi fratelli, ma quell&#8217;innocente artifizio fu ben presto scoperto da un uomo, che l&#8217; amore della mortificazione rendeva vigilante. S&#8217;informava di ci\u00f2 ch&#8217;erasi dato agli altri, e bisognava trattarlo al pari di essi, altrimenti nulla avrebbe mangiato. Alla sera un tozzo di pane, una mela e dell&#8217;acqua tinta di vino formavano la sua cena. Qualche volta bench\u00e8 non giorno di digiuno e di astinenza se giungeva a casa un po&#8217; tardi, si ritirava senza mangiare.<\/p>\n<p>Non impiegando la sua lingua che per raccomandare la virt\u00f9; combattere il vizio, solo dava ascolto a&#8217; discorsi che tendevano al bene. La sua regola era di chiudere l&#8217;orecchio alle vane curiosit\u00e0, alle notizie inutili, e molto pi\u00f9 a quelle che potevano intaccare la carit\u00e0. Per ci\u00f2 che concerne il gusto, avevalo assoggettato fino ad un punto straordinario. Il freddo ed il caldo, il buono ed il cattivo erano per lui cose indifferenti. Ci son poche persone delle quali non si possa dire che preferiscano un tal genere di alimenti ad un altro: Vincenzo, qualunque fosse lo studio che avessero fatto del suo appetito i figli di lui impegnati a conservarlo, noi poterono mai ravvisare: prendeva a lunghi sorsi e a varie riprese le medicine pi\u00f9 amare e pi\u00f9 disgustose, e non mangiava se non perch\u00e8 \u00e8 ingiunto all&#8217;uomo di non lasciarsi morir di fame.<\/p>\n<p>Soleva dire che la vera mortificazione non la perdona n\u00e8 all&#8217;anima, n\u00e8 al corpo; che sacrifica il giudizio, la volont\u00e0, i sensi, le passioni, le inclinazioni le pi\u00f9 dolci e le pi\u00f9 naturali: il giudizio, conducendo l&#8217;uomo a stimare le proprie idee meno delle altrui; la volont\u00e0, facendole seguire l&#8217;esempio del Salvatore, il quale nell&#8217;intero corso di sua vita non fece mai la propria, ma sempre quella del suo celeste Padre: <em>qu\u00e6<\/em> <em>plavita sunt ei facio semper<\/em>: i sensi, tenendoli soggetti a Dio, e soprattutto vegliando attentamente sulla curiosit\u00e0 di vedere e di udire, curiosit\u00e0 tanto pericolosa e che ha tanta forza da distogliere lo spirito da Dio; le stesse inclinazioni naturali, e principalmente quella che domina in molti di conservare la sanit\u00e0 erano per lui l&#8217;oggetto di mortificazione. \u00abPerch\u00e8, andava dicendo, una tale immoderata sollecitudine di stai bene, e l&#8217;eccessivo timore di soffrire qual\u00ab che incomodo, che scorgesi in alcuni, i quali ripongon ogni loro attenzione alla cura della loro misera vita, impediscono grandemente di servire a Dio, togliendo la libert\u00e0 di servire a Ges\u00f9 Cristo. Oh! miei fratelli, noi siamo i discepoli eli quel Divin Salvatore; e nulladimeno egli ci trova simili a&#8217; schiavi incatenati; ed a chi? ad un po&#8217; di salute&#8230;. O mio Salvatore! dateci la grazia di liberarci da noi stessi; fate, se pur vi piace, che abbiamo in odio noi medesimi onde amarvi con maggior perfezione. Voi che .d&#8217;ogni perfezione siete la sorgente, come siete il nemico mortale della sensualit\u00e0, \u00ab dateci lo spirito di mortificazione e la grazia di resistere sempre all&#8217;amor proprio, ch&#8217;\u00e8 il germe di tutte le nostre sensualit\u00e0.\u00bb<\/p>\n<p>Nemico implacabile della sensualit\u00e0 la combatteva fino nelle apparenze. \u00abNon trovasi vizio, diceva a&#8217; suoi figli; che pi\u00f9 di questo sia opposto allo spirito che deve animarvi, e sia pi\u00f9 capace a farvi perdere il gusto delle vostre funzioni. Un missionario deve vivere come se non avesse corpo, e non deve temere n\u00e8 il caldo, n\u00e8 il freddo, n\u00e8 le malattie, n\u00e8 la fame, n\u00e8 le altre miserie della vita. Egli deve stimarsi felice di soffrire qualche cosa per Ges\u00f9 Cristo, e se fugge i travagli, la fatica e gl&#8217; incomodi, \u00e8 indegno del suo nome, e a nulla pu\u00f2 servire. Un piccolo numero di preti che avranno rinunciato a&#8217;loro corpi ed alle lor soddisfazioni faranno maggior bene di quello che ne far\u00e0 una folla d&#8217;altri, i quali non hanno timore pi\u00f9 grande di quello d&#8217; indebolire la propria salute. Costoro si credono saggi, e la loro saggezza \u00e8 carnale; sono <em>spiriti di carne<\/em>. Guai a colui, che fugge le croci, perch\u00e8 ne trover\u00e0 altre tanto pesanti che lo opprimeranno.\u00bb<\/p>\n<p><em>Frutto<\/em>. Fate quest&#8217;oggi qualche astinenza in onore di Maria santissima.<\/p>\n","protected":false},"excerpt":{"rendered":"<p>Giorno decimoquarto. Sua mortificazione. Se \u00e8 glorioso di seguire il Signore, bisogna pur confessarlo, che nulla costa maggiormente alla natura; poich\u00e8 il primo passo che debbono fare coloro che vogliono seguir Dio, quello si \u00e8 &#8230; <a href=\"http:\/\/vincentians.com\/it\/il-cristiano-guidato-alla-virtu-ed-alla-civilta-secondo-lo-spirito-di-san-vincenzo-de-paoli-giorno-decimoquarto\/\" class=\"more-link\">Read More<\/a><\/p>\n","protected":false},"author":4,"featured_media":153784,"comment_status":"open","ping_status":"open","sticky":false,"template":"","format":"standard","meta":{"jetpack_post_was_ever_published":false,"_jetpack_newsletter_access":"","_jetpack_dont_email_post_to_subs":false,"_jetpack_newsletter_tier_id":0,"_jetpack_memberships_contains_paywalled_content":false,"_jetpack_memberships_contains_paid_content":false,"footnotes":"","jetpack_publicize_message":"","jetpack_publicize_feature_enabled":true,"jetpack_social_post_already_shared":true,"jetpack_social_options":{"image_generator_settings":{"template":"highway","default_image_id":0,"font":"","enabled":false},"version":2}},"categories":[119],"tags":[],"class_list":["post-47748","post","type-post","status-publish","format-standard","has-post-thumbnail","hentry","category-vincenzo-de-paoli"],"yoast_head":"<!-- This site is optimized with the Yoast SEO plugin v26.3 - https:\/\/yoast.com\/wordpress\/plugins\/seo\/ -->\n<title>Il cristiano guidato alla virt\u00f9 ed alla civilt\u00e0 secondo lo spirito di San Vincenzo De&#039; Paoli. Giorno decimoquarto - Siamo Vincenziani<\/title>\n<meta name=\"robots\" content=\"index, follow, max-snippet:-1, max-image-preview:large, max-video-preview:-1\" \/>\n<link rel=\"canonical\" href=\"http:\/\/vincentians.com\/it\/il-cristiano-guidato-alla-virtu-ed-alla-civilta-secondo-lo-spirito-di-san-vincenzo-de-paoli-giorno-decimoquarto\/\" \/>\n<meta property=\"og:locale\" content=\"it_IT\" \/>\n<meta property=\"og:type\" content=\"article\" \/>\n<meta property=\"og:title\" content=\"Il cristiano guidato alla virt\u00f9 ed alla civilt\u00e0 secondo lo spirito di San Vincenzo De&#039; Paoli. Giorno decimoquarto - Siamo Vincenziani\" \/>\n<meta property=\"og:description\" content=\"Giorno decimoquarto. Sua mortificazione. Se \u00e8 glorioso di seguire il Signore, bisogna pur confessarlo, che nulla costa maggiormente alla natura; poich\u00e8 il primo passo che debbono fare coloro che vogliono seguir Dio, quello si \u00e8 ... Read More\" \/>\n<meta property=\"og:url\" content=\"http:\/\/vincentians.com\/it\/il-cristiano-guidato-alla-virtu-ed-alla-civilta-secondo-lo-spirito-di-san-vincenzo-de-paoli-giorno-decimoquarto\/\" \/>\n<meta property=\"og:site_name\" content=\"Siamo Vincenziani\" \/>\n<meta property=\"article:publisher\" content=\"https:\/\/www.facebook.com\/WeAreVincentians\/\" \/>\n<meta property=\"article:author\" content=\"https:\/\/www.facebook.com\/JavierChento\" \/>\n<meta property=\"article:published_time\" content=\"2016-08-08T12:00:02+00:00\" \/>\n<meta property=\"og:image\" content=\"https:\/\/i0.wp.com\/vincentians.com\/it\/wp-content\/uploads\/sites\/12\/2016\/07\/don-bosco-y-san-vicente-de-paul.jpg?fit=1200%2C630\" \/>\n\t<meta property=\"og:image:width\" content=\"1200\" \/>\n\t<meta property=\"og:image:height\" content=\"630\" \/>\n\t<meta property=\"og:image:type\" content=\"image\/jpeg\" \/>\n<meta name=\"author\" content=\"Francisco Javier Fern\u00e1ndez Chento\" \/>\n<meta name=\"twitter:card\" content=\"summary_large_image\" \/>\n<meta name=\"twitter:creator\" content=\"@https:\/\/twitter.com\/javierchento\" \/>\n<meta name=\"twitter:site\" content=\"@WeVincentians\" \/>\n<meta name=\"twitter:label1\" content=\"Scritto da\" \/>\n\t<meta name=\"twitter:data1\" content=\"Francisco Javier Fern\u00e1ndez Chento\" \/>\n\t<meta name=\"twitter:label2\" content=\"Tempo di lettura stimato\" \/>\n\t<meta name=\"twitter:data2\" content=\"10 minuti\" \/>\n<script type=\"application\/ld+json\" class=\"yoast-schema-graph\">{\"@context\":\"https:\/\/schema.org\",\"@graph\":[{\"@type\":\"Article\",\"@id\":\"http:\/\/vincentians.com\/it\/il-cristiano-guidato-alla-virtu-ed-alla-civilta-secondo-lo-spirito-di-san-vincenzo-de-paoli-giorno-decimoquarto\/#article\",\"isPartOf\":{\"@id\":\"http:\/\/vincentians.com\/it\/il-cristiano-guidato-alla-virtu-ed-alla-civilta-secondo-lo-spirito-di-san-vincenzo-de-paoli-giorno-decimoquarto\/\"},\"author\":{\"name\":\"Francisco Javier Fern\u00e1ndez Chento\",\"@id\":\"http:\/\/vincentians.com\/it\/#\/schema\/person\/9623ef4d9aa3b2dfb8c061f1499288f2\"},\"headline\":\"Il cristiano guidato alla virt\u00f9 ed alla civilt\u00e0 secondo lo spirito di San Vincenzo De&#8217; Paoli. Giorno decimoquarto\",\"datePublished\":\"2016-08-08T12:00:02+00:00\",\"mainEntityOfPage\":{\"@id\":\"http:\/\/vincentians.com\/it\/il-cristiano-guidato-alla-virtu-ed-alla-civilta-secondo-lo-spirito-di-san-vincenzo-de-paoli-giorno-decimoquarto\/\"},\"wordCount\":2039,\"commentCount\":0,\"publisher\":{\"@id\":\"http:\/\/vincentians.com\/it\/#organization\"},\"image\":{\"@id\":\"http:\/\/vincentians.com\/it\/il-cristiano-guidato-alla-virtu-ed-alla-civilta-secondo-lo-spirito-di-san-vincenzo-de-paoli-giorno-decimoquarto\/#primaryimage\"},\"thumbnailUrl\":\"https:\/\/i0.wp.com\/vincentians.com\/it\/wp-content\/uploads\/sites\/12\/2016\/07\/don-bosco-y-san-vicente-de-paul.jpg?fit=1200%2C630\",\"articleSection\":[\"Vincenzo de' Paoli\"],\"inLanguage\":\"it-IT\",\"potentialAction\":[{\"@type\":\"CommentAction\",\"name\":\"Comment\",\"target\":[\"http:\/\/vincentians.com\/it\/il-cristiano-guidato-alla-virtu-ed-alla-civilta-secondo-lo-spirito-di-san-vincenzo-de-paoli-giorno-decimoquarto\/#respond\"]}]},{\"@type\":\"WebPage\",\"@id\":\"http:\/\/vincentians.com\/it\/il-cristiano-guidato-alla-virtu-ed-alla-civilta-secondo-lo-spirito-di-san-vincenzo-de-paoli-giorno-decimoquarto\/\",\"url\":\"http:\/\/vincentians.com\/it\/il-cristiano-guidato-alla-virtu-ed-alla-civilta-secondo-lo-spirito-di-san-vincenzo-de-paoli-giorno-decimoquarto\/\",\"name\":\"Il cristiano guidato alla virt\u00f9 ed alla civilt\u00e0 secondo lo spirito di San Vincenzo De' Paoli. Giorno decimoquarto - Siamo Vincenziani\",\"isPartOf\":{\"@id\":\"http:\/\/vincentians.com\/it\/#website\"},\"primaryImageOfPage\":{\"@id\":\"http:\/\/vincentians.com\/it\/il-cristiano-guidato-alla-virtu-ed-alla-civilta-secondo-lo-spirito-di-san-vincenzo-de-paoli-giorno-decimoquarto\/#primaryimage\"},\"image\":{\"@id\":\"http:\/\/vincentians.com\/it\/il-cristiano-guidato-alla-virtu-ed-alla-civilta-secondo-lo-spirito-di-san-vincenzo-de-paoli-giorno-decimoquarto\/#primaryimage\"},\"thumbnailUrl\":\"https:\/\/i0.wp.com\/vincentians.com\/it\/wp-content\/uploads\/sites\/12\/2016\/07\/don-bosco-y-san-vicente-de-paul.jpg?fit=1200%2C630\",\"datePublished\":\"2016-08-08T12:00:02+00:00\",\"breadcrumb\":{\"@id\":\"http:\/\/vincentians.com\/it\/il-cristiano-guidato-alla-virtu-ed-alla-civilta-secondo-lo-spirito-di-san-vincenzo-de-paoli-giorno-decimoquarto\/#breadcrumb\"},\"inLanguage\":\"it-IT\",\"potentialAction\":[{\"@type\":\"ReadAction\",\"target\":[\"http:\/\/vincentians.com\/it\/il-cristiano-guidato-alla-virtu-ed-alla-civilta-secondo-lo-spirito-di-san-vincenzo-de-paoli-giorno-decimoquarto\/\"]}]},{\"@type\":\"ImageObject\",\"inLanguage\":\"it-IT\",\"@id\":\"http:\/\/vincentians.com\/it\/il-cristiano-guidato-alla-virtu-ed-alla-civilta-secondo-lo-spirito-di-san-vincenzo-de-paoli-giorno-decimoquarto\/#primaryimage\",\"url\":\"https:\/\/i0.wp.com\/vincentians.com\/it\/wp-content\/uploads\/sites\/12\/2016\/07\/don-bosco-y-san-vicente-de-paul.jpg?fit=1200%2C630\",\"contentUrl\":\"https:\/\/i0.wp.com\/vincentians.com\/it\/wp-content\/uploads\/sites\/12\/2016\/07\/don-bosco-y-san-vicente-de-paul.jpg?fit=1200%2C630\",\"width\":1200,\"height\":630},{\"@type\":\"BreadcrumbList\",\"@id\":\"http:\/\/vincentians.com\/it\/il-cristiano-guidato-alla-virtu-ed-alla-civilta-secondo-lo-spirito-di-san-vincenzo-de-paoli-giorno-decimoquarto\/#breadcrumb\",\"itemListElement\":[{\"@type\":\"ListItem\",\"position\":1,\"name\":\"Portada\",\"item\":\"http:\/\/vincentians.com\/it\/\"},{\"@type\":\"ListItem\",\"position\":2,\"name\":\"Il cristiano guidato alla virt\u00f9 ed alla civilt\u00e0 secondo lo spirito di San Vincenzo De&#8217; Paoli. Giorno decimoquarto\"}]},{\"@type\":\"WebSite\",\"@id\":\"http:\/\/vincentians.com\/it\/#website\",\"url\":\"http:\/\/vincentians.com\/it\/\",\"name\":\"Siamo Vincenziani\",\"description\":\"Know more to serve more\",\"publisher\":{\"@id\":\"http:\/\/vincentians.com\/it\/#organization\"},\"potentialAction\":[{\"@type\":\"SearchAction\",\"target\":{\"@type\":\"EntryPoint\",\"urlTemplate\":\"http:\/\/vincentians.com\/it\/?s={search_term_string}\"},\"query-input\":{\"@type\":\"PropertyValueSpecification\",\"valueRequired\":true,\"valueName\":\"search_term_string\"}}],\"inLanguage\":\"it-IT\"},{\"@type\":\"Organization\",\"@id\":\"http:\/\/vincentians.com\/it\/#organization\",\"name\":\"The Vincentian Network\",\"url\":\"http:\/\/vincentians.com\/it\/\",\"logo\":{\"@type\":\"ImageObject\",\"inLanguage\":\"it-IT\",\"@id\":\"http:\/\/vincentians.com\/it\/#\/schema\/logo\/image\/\",\"url\":\"https:\/\/i0.wp.com\/vincentians.com\/it\/wp-content\/uploads\/sites\/12\/2016\/06\/Vincentian-Network-logo-big.png?fit=778%2C778\",\"contentUrl\":\"https:\/\/i0.wp.com\/vincentians.com\/it\/wp-content\/uploads\/sites\/12\/2016\/06\/Vincentian-Network-logo-big.png?fit=778%2C778\",\"width\":778,\"height\":778,\"caption\":\"The Vincentian Network\"},\"image\":{\"@id\":\"http:\/\/vincentians.com\/it\/#\/schema\/logo\/image\/\"},\"sameAs\":[\"https:\/\/www.facebook.com\/WeAreVincentians\/\",\"https:\/\/x.com\/WeVincentians\"]},{\"@type\":\"Person\",\"@id\":\"http:\/\/vincentians.com\/it\/#\/schema\/person\/9623ef4d9aa3b2dfb8c061f1499288f2\",\"name\":\"Francisco Javier Fern\u00e1ndez Chento\",\"image\":{\"@type\":\"ImageObject\",\"inLanguage\":\"it-IT\",\"@id\":\"http:\/\/vincentians.com\/it\/#\/schema\/person\/image\/\",\"url\":\"https:\/\/secure.gravatar.com\/avatar\/497d5cde87b4c3d097d0315953521681ba2cd523ee66e5077c3711f7021e65de?s=96&d=mm&r=g\",\"contentUrl\":\"https:\/\/secure.gravatar.com\/avatar\/497d5cde87b4c3d097d0315953521681ba2cd523ee66e5077c3711f7021e65de?s=96&d=mm&r=g\",\"caption\":\"Francisco Javier Fern\u00e1ndez Chento\"},\"description\":\"Director General y cofundador de La Red de Formaci\u00f3n Vicenciana. Javier es laico vicenciano, afiliado a la Congregaci\u00f3n de la Misi\u00f3n y miembro del Equipo de Misiones Populares de la provincia can\u00f3nica de Zaragoza (Espa\u00f1a) de la Congregaci\u00f3n de la Misi\u00f3n. Graduado en la Universidad Oberta de Catalunya con cuatro grados (Asistente de direcci\u00f3n, Gesti\u00f3n Administrativa, Recursos Humanos y Contabilidad Avanzada). Bil\u00edng\u00fce Espa\u00f1ol\/Ingl\u00e9s. gestiona y mantiene varias p\u00e1ginas web cristianas y vicencianas, incluida including La Red de Formaci\u00f3n Vicenciana, de la que es cofundador. Actualmente es responsable del \u00e1rea de Espa\u00f1ol de .famvin, la Red de Noticias de la Familia Vicenciana. Tambi\u00e9n es m\u00fasico cat\u00f3lico y ha editado varios discos. Es Director General y cofundador de Trovador, una reconocida compa\u00f1\u00eda discogr\u00e1fica critiana de Espa\u00f1a. Trabaja en las Tecnolog\u00edas de la Informaci\u00f3n, ofreciendo servicios de alojamiento, dise\u00f1o y mantenimiento Web, as\u00ed como asesoramiento, formaci\u00f3n y soluciones inform\u00e1ticas, gesti\u00f3n documental y digitalizaci\u00f3n de textos, edici\u00f3n y maquetaci\u00f3n de libros, revistas, flyers, etc.\",\"sameAs\":[\"http:\/\/chento.org\",\"https:\/\/www.facebook.com\/JavierChento\",\"https:\/\/x.com\/https:\/\/twitter.com\/javierchento\"],\"url\":\"http:\/\/vincentians.com\/it\/author\/chento\/\"}]}<\/script>\n<!-- \/ Yoast SEO plugin. -->","yoast_head_json":{"title":"Il cristiano guidato alla virt\u00f9 ed alla civilt\u00e0 secondo lo spirito di San Vincenzo De' Paoli. Giorno decimoquarto - Siamo Vincenziani","robots":{"index":"index","follow":"follow","max-snippet":"max-snippet:-1","max-image-preview":"max-image-preview:large","max-video-preview":"max-video-preview:-1"},"canonical":"http:\/\/vincentians.com\/it\/il-cristiano-guidato-alla-virtu-ed-alla-civilta-secondo-lo-spirito-di-san-vincenzo-de-paoli-giorno-decimoquarto\/","og_locale":"it_IT","og_type":"article","og_title":"Il cristiano guidato alla virt\u00f9 ed alla civilt\u00e0 secondo lo spirito di San Vincenzo De' Paoli. Giorno decimoquarto - Siamo Vincenziani","og_description":"Giorno decimoquarto. Sua mortificazione. Se \u00e8 glorioso di seguire il Signore, bisogna pur confessarlo, che nulla costa maggiormente alla natura; poich\u00e8 il primo passo che debbono fare coloro che vogliono seguir Dio, quello si \u00e8 ... Read More","og_url":"http:\/\/vincentians.com\/it\/il-cristiano-guidato-alla-virtu-ed-alla-civilta-secondo-lo-spirito-di-san-vincenzo-de-paoli-giorno-decimoquarto\/","og_site_name":"Siamo Vincenziani","article_publisher":"https:\/\/www.facebook.com\/WeAreVincentians\/","article_author":"https:\/\/www.facebook.com\/JavierChento","article_published_time":"2016-08-08T12:00:02+00:00","og_image":[{"width":1200,"height":630,"url":"https:\/\/i0.wp.com\/vincentians.com\/it\/wp-content\/uploads\/sites\/12\/2016\/07\/don-bosco-y-san-vicente-de-paul.jpg?fit=1200%2C630","type":"image\/jpeg"}],"author":"Francisco Javier Fern\u00e1ndez Chento","twitter_card":"summary_large_image","twitter_creator":"@https:\/\/twitter.com\/javierchento","twitter_site":"@WeVincentians","twitter_misc":{"Scritto da":"Francisco Javier Fern\u00e1ndez Chento","Tempo di lettura stimato":"10 minuti"},"schema":{"@context":"https:\/\/schema.org","@graph":[{"@type":"Article","@id":"http:\/\/vincentians.com\/it\/il-cristiano-guidato-alla-virtu-ed-alla-civilta-secondo-lo-spirito-di-san-vincenzo-de-paoli-giorno-decimoquarto\/#article","isPartOf":{"@id":"http:\/\/vincentians.com\/it\/il-cristiano-guidato-alla-virtu-ed-alla-civilta-secondo-lo-spirito-di-san-vincenzo-de-paoli-giorno-decimoquarto\/"},"author":{"name":"Francisco Javier Fern\u00e1ndez Chento","@id":"http:\/\/vincentians.com\/it\/#\/schema\/person\/9623ef4d9aa3b2dfb8c061f1499288f2"},"headline":"Il cristiano guidato alla virt\u00f9 ed alla civilt\u00e0 secondo lo spirito di San Vincenzo De&#8217; Paoli. Giorno decimoquarto","datePublished":"2016-08-08T12:00:02+00:00","mainEntityOfPage":{"@id":"http:\/\/vincentians.com\/it\/il-cristiano-guidato-alla-virtu-ed-alla-civilta-secondo-lo-spirito-di-san-vincenzo-de-paoli-giorno-decimoquarto\/"},"wordCount":2039,"commentCount":0,"publisher":{"@id":"http:\/\/vincentians.com\/it\/#organization"},"image":{"@id":"http:\/\/vincentians.com\/it\/il-cristiano-guidato-alla-virtu-ed-alla-civilta-secondo-lo-spirito-di-san-vincenzo-de-paoli-giorno-decimoquarto\/#primaryimage"},"thumbnailUrl":"https:\/\/i0.wp.com\/vincentians.com\/it\/wp-content\/uploads\/sites\/12\/2016\/07\/don-bosco-y-san-vicente-de-paul.jpg?fit=1200%2C630","articleSection":["Vincenzo de' Paoli"],"inLanguage":"it-IT","potentialAction":[{"@type":"CommentAction","name":"Comment","target":["http:\/\/vincentians.com\/it\/il-cristiano-guidato-alla-virtu-ed-alla-civilta-secondo-lo-spirito-di-san-vincenzo-de-paoli-giorno-decimoquarto\/#respond"]}]},{"@type":"WebPage","@id":"http:\/\/vincentians.com\/it\/il-cristiano-guidato-alla-virtu-ed-alla-civilta-secondo-lo-spirito-di-san-vincenzo-de-paoli-giorno-decimoquarto\/","url":"http:\/\/vincentians.com\/it\/il-cristiano-guidato-alla-virtu-ed-alla-civilta-secondo-lo-spirito-di-san-vincenzo-de-paoli-giorno-decimoquarto\/","name":"Il cristiano guidato alla virt\u00f9 ed alla civilt\u00e0 secondo lo spirito di San Vincenzo De' Paoli. Giorno decimoquarto - Siamo Vincenziani","isPartOf":{"@id":"http:\/\/vincentians.com\/it\/#website"},"primaryImageOfPage":{"@id":"http:\/\/vincentians.com\/it\/il-cristiano-guidato-alla-virtu-ed-alla-civilta-secondo-lo-spirito-di-san-vincenzo-de-paoli-giorno-decimoquarto\/#primaryimage"},"image":{"@id":"http:\/\/vincentians.com\/it\/il-cristiano-guidato-alla-virtu-ed-alla-civilta-secondo-lo-spirito-di-san-vincenzo-de-paoli-giorno-decimoquarto\/#primaryimage"},"thumbnailUrl":"https:\/\/i0.wp.com\/vincentians.com\/it\/wp-content\/uploads\/sites\/12\/2016\/07\/don-bosco-y-san-vicente-de-paul.jpg?fit=1200%2C630","datePublished":"2016-08-08T12:00:02+00:00","breadcrumb":{"@id":"http:\/\/vincentians.com\/it\/il-cristiano-guidato-alla-virtu-ed-alla-civilta-secondo-lo-spirito-di-san-vincenzo-de-paoli-giorno-decimoquarto\/#breadcrumb"},"inLanguage":"it-IT","potentialAction":[{"@type":"ReadAction","target":["http:\/\/vincentians.com\/it\/il-cristiano-guidato-alla-virtu-ed-alla-civilta-secondo-lo-spirito-di-san-vincenzo-de-paoli-giorno-decimoquarto\/"]}]},{"@type":"ImageObject","inLanguage":"it-IT","@id":"http:\/\/vincentians.com\/it\/il-cristiano-guidato-alla-virtu-ed-alla-civilta-secondo-lo-spirito-di-san-vincenzo-de-paoli-giorno-decimoquarto\/#primaryimage","url":"https:\/\/i0.wp.com\/vincentians.com\/it\/wp-content\/uploads\/sites\/12\/2016\/07\/don-bosco-y-san-vicente-de-paul.jpg?fit=1200%2C630","contentUrl":"https:\/\/i0.wp.com\/vincentians.com\/it\/wp-content\/uploads\/sites\/12\/2016\/07\/don-bosco-y-san-vicente-de-paul.jpg?fit=1200%2C630","width":1200,"height":630},{"@type":"BreadcrumbList","@id":"http:\/\/vincentians.com\/it\/il-cristiano-guidato-alla-virtu-ed-alla-civilta-secondo-lo-spirito-di-san-vincenzo-de-paoli-giorno-decimoquarto\/#breadcrumb","itemListElement":[{"@type":"ListItem","position":1,"name":"Portada","item":"http:\/\/vincentians.com\/it\/"},{"@type":"ListItem","position":2,"name":"Il cristiano guidato alla virt\u00f9 ed alla civilt\u00e0 secondo lo spirito di San Vincenzo De&#8217; Paoli. Giorno decimoquarto"}]},{"@type":"WebSite","@id":"http:\/\/vincentians.com\/it\/#website","url":"http:\/\/vincentians.com\/it\/","name":"Siamo Vincenziani","description":"Know more to serve more","publisher":{"@id":"http:\/\/vincentians.com\/it\/#organization"},"potentialAction":[{"@type":"SearchAction","target":{"@type":"EntryPoint","urlTemplate":"http:\/\/vincentians.com\/it\/?s={search_term_string}"},"query-input":{"@type":"PropertyValueSpecification","valueRequired":true,"valueName":"search_term_string"}}],"inLanguage":"it-IT"},{"@type":"Organization","@id":"http:\/\/vincentians.com\/it\/#organization","name":"The Vincentian Network","url":"http:\/\/vincentians.com\/it\/","logo":{"@type":"ImageObject","inLanguage":"it-IT","@id":"http:\/\/vincentians.com\/it\/#\/schema\/logo\/image\/","url":"https:\/\/i0.wp.com\/vincentians.com\/it\/wp-content\/uploads\/sites\/12\/2016\/06\/Vincentian-Network-logo-big.png?fit=778%2C778","contentUrl":"https:\/\/i0.wp.com\/vincentians.com\/it\/wp-content\/uploads\/sites\/12\/2016\/06\/Vincentian-Network-logo-big.png?fit=778%2C778","width":778,"height":778,"caption":"The Vincentian Network"},"image":{"@id":"http:\/\/vincentians.com\/it\/#\/schema\/logo\/image\/"},"sameAs":["https:\/\/www.facebook.com\/WeAreVincentians\/","https:\/\/x.com\/WeVincentians"]},{"@type":"Person","@id":"http:\/\/vincentians.com\/it\/#\/schema\/person\/9623ef4d9aa3b2dfb8c061f1499288f2","name":"Francisco Javier Fern\u00e1ndez Chento","image":{"@type":"ImageObject","inLanguage":"it-IT","@id":"http:\/\/vincentians.com\/it\/#\/schema\/person\/image\/","url":"https:\/\/secure.gravatar.com\/avatar\/497d5cde87b4c3d097d0315953521681ba2cd523ee66e5077c3711f7021e65de?s=96&d=mm&r=g","contentUrl":"https:\/\/secure.gravatar.com\/avatar\/497d5cde87b4c3d097d0315953521681ba2cd523ee66e5077c3711f7021e65de?s=96&d=mm&r=g","caption":"Francisco Javier Fern\u00e1ndez Chento"},"description":"Director General y cofundador de La Red de Formaci\u00f3n Vicenciana. Javier es laico vicenciano, afiliado a la Congregaci\u00f3n de la Misi\u00f3n y miembro del Equipo de Misiones Populares de la provincia can\u00f3nica de Zaragoza (Espa\u00f1a) de la Congregaci\u00f3n de la Misi\u00f3n. Graduado en la Universidad Oberta de Catalunya con cuatro grados (Asistente de direcci\u00f3n, Gesti\u00f3n Administrativa, Recursos Humanos y Contabilidad Avanzada). Bil\u00edng\u00fce Espa\u00f1ol\/Ingl\u00e9s. gestiona y mantiene varias p\u00e1ginas web cristianas y vicencianas, incluida including La Red de Formaci\u00f3n Vicenciana, de la que es cofundador. Actualmente es responsable del \u00e1rea de Espa\u00f1ol de .famvin, la Red de Noticias de la Familia Vicenciana. Tambi\u00e9n es m\u00fasico cat\u00f3lico y ha editado varios discos. Es Director General y cofundador de Trovador, una reconocida compa\u00f1\u00eda discogr\u00e1fica critiana de Espa\u00f1a. Trabaja en las Tecnolog\u00edas de la Informaci\u00f3n, ofreciendo servicios de alojamiento, dise\u00f1o y mantenimiento Web, as\u00ed como asesoramiento, formaci\u00f3n y soluciones inform\u00e1ticas, gesti\u00f3n documental y digitalizaci\u00f3n de textos, edici\u00f3n y maquetaci\u00f3n de libros, revistas, flyers, etc.","sameAs":["http:\/\/chento.org","https:\/\/www.facebook.com\/JavierChento","https:\/\/x.com\/https:\/\/twitter.com\/javierchento"],"url":"http:\/\/vincentians.com\/it\/author\/chento\/"}]}},"jetpack_publicize_connections":[],"jetpack_featured_media_url":"https:\/\/i0.wp.com\/vincentians.com\/it\/wp-content\/uploads\/sites\/12\/2016\/07\/don-bosco-y-san-vicente-de-paul.jpg?fit=1200%2C630","jetpack_sharing_enabled":true,"jetpack_shortlink":"https:\/\/wp.me\/p7ETFo-cq8","jetpack-related-posts":[{"id":47744,"url":"http:\/\/vincentians.com\/it\/il-cristiano-guidato-alla-virtu-ed-alla-civilta-secondo-lo-spirito-di-san-vincenzo-de-paoli-giorno-decimo\/","url_meta":{"origin":47748,"position":0},"title":"Il cristiano guidato alla virt\u00f9 ed alla civilt\u00e0 secondo lo spirito di San Vincenzo De&#8217; Paoli. Giorno decimo","author":"Francisco Javier Fern\u00e1ndez Chento","date":"04\/08\/2016","format":false,"excerpt":"Giorno decimo. Dell' eguaglianza del suo spirito. Quella situazione del corpo e dell'anima, per cui un uomo, qualunque cosa succeda, resta sempre tranquillo, sempre simile a se stesso \u00ab\u00e8 meno, dice Vincenzo, una virt\u00f9 particolare, che uno stato il quale suppone il complesso di tutto te virt\u00f9. E questo un\u2026","rel":"","context":"In &quot;Vincenzo de' Paoli&quot;","block_context":{"text":"Vincenzo de' Paoli","link":"http:\/\/vincentians.com\/it\/category\/vincenzo-de-paoli\/"},"img":{"alt_text":"","src":"https:\/\/i0.wp.com\/vincentians.com\/it\/wp-content\/uploads\/sites\/12\/2016\/07\/don-bosco-y-san-vicente-de-paul.jpg?fit=1200%2C630&resize=350%2C200","width":350,"height":200,"srcset":"https:\/\/i0.wp.com\/vincentians.com\/it\/wp-content\/uploads\/sites\/12\/2016\/07\/don-bosco-y-san-vicente-de-paul.jpg?fit=1200%2C630&resize=350%2C200 1x, https:\/\/i0.wp.com\/vincentians.com\/it\/wp-content\/uploads\/sites\/12\/2016\/07\/don-bosco-y-san-vicente-de-paul.jpg?fit=1200%2C630&resize=525%2C300 1.5x, https:\/\/i0.wp.com\/vincentians.com\/it\/wp-content\/uploads\/sites\/12\/2016\/07\/don-bosco-y-san-vicente-de-paul.jpg?fit=1200%2C630&resize=700%2C400 2x, https:\/\/i0.wp.com\/vincentians.com\/it\/wp-content\/uploads\/sites\/12\/2016\/07\/don-bosco-y-san-vicente-de-paul.jpg?fit=1200%2C630&resize=1050%2C600 3x"},"classes":[]},{"id":45889,"url":"http:\/\/vincentians.com\/it\/il-cristiano-guidato-alla-virtu-ed-alla-civilta-secondo-lo-spirito-di-san-vincenzo-de-paoli-giorno-secondo\/","url_meta":{"origin":47748,"position":1},"title":"Il cristiano guidato alla virt\u00f9 ed alla civilt\u00e0 secondo lo spirito di San Vincenzo De&#8217; Paoli. Giorno secondo","author":"Francisco Javier Fern\u00e1ndez Chento","date":"27\/07\/2016","format":false,"excerpt":"Giorno secondo. Sua imitazione di Ges\u00f9 Cristo. Il nostro divin Salvatore aveva detto a tutti i fedeli cristiani, che colui il quale cammina dietro a' suoi passi non cammina nelle tenebre, ed \u00e8 sicuro di avere un giorno il lume di vita eterna. Perci\u00f2 invitava tutti a seguirlo, proporselo per\u2026","rel":"","context":"In &quot;Vincenzo de' Paoli&quot;","block_context":{"text":"Vincenzo de' Paoli","link":"http:\/\/vincentians.com\/it\/category\/vincenzo-de-paoli\/"},"img":{"alt_text":"","src":"https:\/\/i0.wp.com\/vincentians.com\/it\/wp-content\/uploads\/sites\/12\/2016\/07\/don-bosco-y-san-vicente-de-paul.jpg?fit=1200%2C630&resize=350%2C200","width":350,"height":200,"srcset":"https:\/\/i0.wp.com\/vincentians.com\/it\/wp-content\/uploads\/sites\/12\/2016\/07\/don-bosco-y-san-vicente-de-paul.jpg?fit=1200%2C630&resize=350%2C200 1x, https:\/\/i0.wp.com\/vincentians.com\/it\/wp-content\/uploads\/sites\/12\/2016\/07\/don-bosco-y-san-vicente-de-paul.jpg?fit=1200%2C630&resize=525%2C300 1.5x, https:\/\/i0.wp.com\/vincentians.com\/it\/wp-content\/uploads\/sites\/12\/2016\/07\/don-bosco-y-san-vicente-de-paul.jpg?fit=1200%2C630&resize=700%2C400 2x, https:\/\/i0.wp.com\/vincentians.com\/it\/wp-content\/uploads\/sites\/12\/2016\/07\/don-bosco-y-san-vicente-de-paul.jpg?fit=1200%2C630&resize=1050%2C600 3x"},"classes":[]},{"id":45877,"url":"http:\/\/vincentians.com\/it\/il-cristiano-guidato-alla-virtu-ed-alla-civilta-secondo-lo-spirito-di-san-vincenzo-de-paoli-introduzione\/","url_meta":{"origin":47748,"position":2},"title":"Il cristiano guidato alla virt\u00f9 ed alla civilt\u00e0 secondo lo spirito di San Vincenzo De&#8217; Paoli. Introduzione","author":"Francisco Javier Fern\u00e1ndez Chento","date":"25\/07\/2016","format":false,"excerpt":"Il cristiano guidato alla virtu ed alla civilt\u00e0 secondo lo spirito di San Vincenzo De' Paoli Opera che pu\u00f2 servire a consacrare il mese di luglio in onore del medesimo Santo TORINO MDCCCXLVIII TIPOGRAFIA PARAVIA E COMPAGNIA L'Autore intende di godere dei privilegi accordati dalle Regie Leggi, avendo adempito a\u2026","rel":"","context":"In &quot;Vincenzo de' Paoli&quot;","block_context":{"text":"Vincenzo de' Paoli","link":"http:\/\/vincentians.com\/it\/category\/vincenzo-de-paoli\/"},"img":{"alt_text":"","src":"https:\/\/i0.wp.com\/vincentians.com\/it\/wp-content\/uploads\/sites\/12\/2016\/07\/don-bosco-y-san-vicente-de-paul.jpg?fit=1200%2C630&resize=350%2C200","width":350,"height":200,"srcset":"https:\/\/i0.wp.com\/vincentians.com\/it\/wp-content\/uploads\/sites\/12\/2016\/07\/don-bosco-y-san-vicente-de-paul.jpg?fit=1200%2C630&resize=350%2C200 1x, https:\/\/i0.wp.com\/vincentians.com\/it\/wp-content\/uploads\/sites\/12\/2016\/07\/don-bosco-y-san-vicente-de-paul.jpg?fit=1200%2C630&resize=525%2C300 1.5x, https:\/\/i0.wp.com\/vincentians.com\/it\/wp-content\/uploads\/sites\/12\/2016\/07\/don-bosco-y-san-vicente-de-paul.jpg?fit=1200%2C630&resize=700%2C400 2x, https:\/\/i0.wp.com\/vincentians.com\/it\/wp-content\/uploads\/sites\/12\/2016\/07\/don-bosco-y-san-vicente-de-paul.jpg?fit=1200%2C630&resize=1050%2C600 3x"},"classes":[]},{"id":47743,"url":"http:\/\/vincentians.com\/it\/il-cristiano-guidato-alla-virtu-ed-alla-civilta-secondo-lo-spirito-di-san-vincenzo-de-paoli-giorno-nono\/","url_meta":{"origin":47748,"position":3},"title":"Il cristiano guidato alla virt\u00f9 ed alla civilt\u00e0 secondo lo spirito di San Vincenzo De&#8217; Paoli. Giorno nono","author":"Francisco Javier Fern\u00e1ndez Chento","date":"03\/08\/2016","format":false,"excerpt":"Giorno nono. Delle sue divozioni particolari. Vincenzo aveva un'altissima idea della Maest\u00e0 infinita di Dio; l'aspetto d'au uomo annichilato ch'egli assumeva negli esercizi di religione, vocaboli pieni di rispetto di cui si serviva quando si trattava di parlare di Dio; l' ardente zelo col quale si sforzava di comunicare agli\u2026","rel":"","context":"In &quot;Vincenzo de' Paoli&quot;","block_context":{"text":"Vincenzo de' Paoli","link":"http:\/\/vincentians.com\/it\/category\/vincenzo-de-paoli\/"},"img":{"alt_text":"","src":"https:\/\/i0.wp.com\/vincentians.com\/it\/wp-content\/uploads\/sites\/12\/2016\/07\/don-bosco-y-san-vicente-de-paul.jpg?fit=1200%2C630&resize=350%2C200","width":350,"height":200,"srcset":"https:\/\/i0.wp.com\/vincentians.com\/it\/wp-content\/uploads\/sites\/12\/2016\/07\/don-bosco-y-san-vicente-de-paul.jpg?fit=1200%2C630&resize=350%2C200 1x, https:\/\/i0.wp.com\/vincentians.com\/it\/wp-content\/uploads\/sites\/12\/2016\/07\/don-bosco-y-san-vicente-de-paul.jpg?fit=1200%2C630&resize=525%2C300 1.5x, https:\/\/i0.wp.com\/vincentians.com\/it\/wp-content\/uploads\/sites\/12\/2016\/07\/don-bosco-y-san-vicente-de-paul.jpg?fit=1200%2C630&resize=700%2C400 2x, https:\/\/i0.wp.com\/vincentians.com\/it\/wp-content\/uploads\/sites\/12\/2016\/07\/don-bosco-y-san-vicente-de-paul.jpg?fit=1200%2C630&resize=1050%2C600 3x"},"classes":[]},{"id":47747,"url":"http:\/\/vincentians.com\/it\/il-cristiano-guidato-alla-virtu-ed-alla-civilta-secondo-lo-spirito-di-san-vincenzo-de-paoli-giorno-decimoterzo\/","url_meta":{"origin":47748,"position":4},"title":"Il cristiano guidato alla virt\u00f9 ed alla civilt\u00e0 secondo lo spirito di San Vincenzo De&#8217; Paoli. Giorno decimoterzo","author":"Francisco Javier Fern\u00e1ndez Chento","date":"07\/08\/2016","format":false,"excerpt":"Giorno decimoterzo. Delle sue massime. Il pensiero della morte \u00e8 il mezzo pi\u00f9 efficace per farci fuggire il male ed animarci al bene. Questo pensiero suggeriva Vincenzo per sostegno della virt\u00f9; tuttavia non voleva che tale pensiero occupasse la mente sino al pericolo d'alterare la confidenza cristiana. \u00ab\u00c8 cosa molto\u2026","rel":"","context":"In &quot;Vincenzo de' Paoli&quot;","block_context":{"text":"Vincenzo de' Paoli","link":"http:\/\/vincentians.com\/it\/category\/vincenzo-de-paoli\/"},"img":{"alt_text":"","src":"https:\/\/i0.wp.com\/vincentians.com\/it\/wp-content\/uploads\/sites\/12\/2016\/07\/don-bosco-y-san-vicente-de-paul.jpg?fit=1200%2C630&resize=350%2C200","width":350,"height":200,"srcset":"https:\/\/i0.wp.com\/vincentians.com\/it\/wp-content\/uploads\/sites\/12\/2016\/07\/don-bosco-y-san-vicente-de-paul.jpg?fit=1200%2C630&resize=350%2C200 1x, https:\/\/i0.wp.com\/vincentians.com\/it\/wp-content\/uploads\/sites\/12\/2016\/07\/don-bosco-y-san-vicente-de-paul.jpg?fit=1200%2C630&resize=525%2C300 1.5x, https:\/\/i0.wp.com\/vincentians.com\/it\/wp-content\/uploads\/sites\/12\/2016\/07\/don-bosco-y-san-vicente-de-paul.jpg?fit=1200%2C630&resize=700%2C400 2x, https:\/\/i0.wp.com\/vincentians.com\/it\/wp-content\/uploads\/sites\/12\/2016\/07\/don-bosco-y-san-vicente-de-paul.jpg?fit=1200%2C630&resize=1050%2C600 3x"},"classes":[]},{"id":47752,"url":"http:\/\/vincentians.com\/it\/il-cristiano-guidato-alla-virtu-ed-alla-civilta-secondo-lo-spirito-di-san-vincenzo-de-paoli-giorno-decimonono\/","url_meta":{"origin":47748,"position":5},"title":"Il cristiano guidato alla virt\u00f9 ed alla civilt\u00e0 secondo lo spirito di San Vincenzo De&#8217; Paoli. Giorno decimonono","author":"Francisco Javier Fern\u00e1ndez Chento","date":"13\/08\/2016","format":false,"excerpt":"Giorno decimonono. Sua purit\u00e0. \u00c8 facile il comprendere che un uomo, il quale non agognava che la mortificazione di Ges\u00f9 Cristo, mortificava la sua carne colla pi\u00f9 austera penitenza, \u00e8 facile il comprendere, ripeter\u00f2, che un uomo di tal fatta aveva un grande impero sopra se stesso. Malgrado ci\u00f2, era\u2026","rel":"","context":"In &quot;Vincenzo de' Paoli&quot;","block_context":{"text":"Vincenzo de' Paoli","link":"http:\/\/vincentians.com\/it\/category\/vincenzo-de-paoli\/"},"img":{"alt_text":"","src":"https:\/\/i0.wp.com\/vincentians.com\/it\/wp-content\/uploads\/sites\/12\/2016\/07\/don-bosco-y-san-vicente-de-paul.jpg?fit=1200%2C630&resize=350%2C200","width":350,"height":200,"srcset":"https:\/\/i0.wp.com\/vincentians.com\/it\/wp-content\/uploads\/sites\/12\/2016\/07\/don-bosco-y-san-vicente-de-paul.jpg?fit=1200%2C630&resize=350%2C200 1x, https:\/\/i0.wp.com\/vincentians.com\/it\/wp-content\/uploads\/sites\/12\/2016\/07\/don-bosco-y-san-vicente-de-paul.jpg?fit=1200%2C630&resize=525%2C300 1.5x, https:\/\/i0.wp.com\/vincentians.com\/it\/wp-content\/uploads\/sites\/12\/2016\/07\/don-bosco-y-san-vicente-de-paul.jpg?fit=1200%2C630&resize=700%2C400 2x, https:\/\/i0.wp.com\/vincentians.com\/it\/wp-content\/uploads\/sites\/12\/2016\/07\/don-bosco-y-san-vicente-de-paul.jpg?fit=1200%2C630&resize=1050%2C600 3x"},"classes":[]}],"_links":{"self":[{"href":"http:\/\/vincentians.com\/it\/wp-json\/wp\/v2\/posts\/47748","targetHints":{"allow":["GET"]}}],"collection":[{"href":"http:\/\/vincentians.com\/it\/wp-json\/wp\/v2\/posts"}],"about":[{"href":"http:\/\/vincentians.com\/it\/wp-json\/wp\/v2\/types\/post"}],"author":[{"embeddable":true,"href":"http:\/\/vincentians.com\/it\/wp-json\/wp\/v2\/users\/4"}],"replies":[{"embeddable":true,"href":"http:\/\/vincentians.com\/it\/wp-json\/wp\/v2\/comments?post=47748"}],"version-history":[{"count":0,"href":"http:\/\/vincentians.com\/it\/wp-json\/wp\/v2\/posts\/47748\/revisions"}],"wp:featuredmedia":[{"embeddable":true,"href":"http:\/\/vincentians.com\/it\/wp-json\/wp\/v2\/media\/153784"}],"wp:attachment":[{"href":"http:\/\/vincentians.com\/it\/wp-json\/wp\/v2\/media?parent=47748"}],"wp:term":[{"taxonomy":"category","embeddable":true,"href":"http:\/\/vincentians.com\/it\/wp-json\/wp\/v2\/categories?post=47748"},{"taxonomy":"post_tag","embeddable":true,"href":"http:\/\/vincentians.com\/it\/wp-json\/wp\/v2\/tags?post=47748"}],"curies":[{"name":"wp","href":"https:\/\/api.w.org\/{rel}","templated":true}]}}