{"id":45895,"date":"2016-08-02T14:00:02","date_gmt":"2016-08-02T12:00:02","guid":{"rendered":"http:\/\/somos.vicencianos.org\/blog\/2011\/08\/il-cristiano-guidato-alla-virtu-ed-alla-civilta-secondo-lo-spirito-di-san-vincenzo-de-paoli-giorno-ottavo\/"},"modified":"2016-07-25T07:38:05","modified_gmt":"2016-07-25T05:38:05","slug":"il-cristiano-guidato-alla-virtu-ed-alla-civilta-secondo-lo-spirito-di-san-vincenzo-de-paoli-giorno-ottavo","status":"publish","type":"post","link":"http:\/\/vincentians.com\/it\/il-cristiano-guidato-alla-virtu-ed-alla-civilta-secondo-lo-spirito-di-san-vincenzo-de-paoli-giorno-ottavo\/","title":{"rendered":"Il cristiano guidato alla virt\u00f9 ed alla civilt\u00e0 secondo lo spirito di San Vincenzo De&#8217; Paoli. Giorno ottavo"},"content":{"rendered":"<p><strong>Giorno ottavo. Della sua dolcezza.<\/strong><\/p>\n<p>Questa virt\u00f9 s\u00ec propria a cattivare i cuori forse pi\u00f9 d&#8217;ogni altra cost\u00f2 a S. Vincenzo. Nato bilioso e con uno spirito vivace era naturalmente inclinato alla collera. Si affatic\u00f2 da principio a reprimere i movimenti destatisi nell&#8217;animo suo, ma la violenza che si faceva internamente traspariva al di fuori da un&#8217;aria scortese e malinconica. Fece su di se uno studio ben serio; vide quale cosa gli mancava ed ebbe ricorso al Signore, il quale solo pu\u00f2 disporre di noi come a lui piace e solo colla sua grazia riforma la natura. Si anim\u00f2 sull&#8217;esempio di san Francesco di Sales, la cui estrema dolcezza lo colp\u00ec al bel primo trattenimento avuto con lui; finalmente a forza di vigilanza divenne s\u00ec dolce e s\u00ec affabile, che sarebbe stato in questo genere il primo uomo del suo secolo, se il suo secolo non avesse avuto il santo Vescovo di Ginevra. \u00abVedendo il signor Vincenzo, diceva Monsignor di F\u00e9n\u00e9lon, si crederebbe \u00bb vedere s. Paolo scongiurare i Corinti colla dolcezza e colla modestia di Ges\u00f9 Cristo.\u00bb<\/p>\n<p>Costa ben poco il praticare la dolcezza riguardo a coloro i quali l&#8217;esercitano con noi: i pagani lo fanno egualmente; ma praticarla con coloro che ci offendono, ci contraddicono e nulla ascoltano, si \u00e8 l&#8217;effetto di una virt\u00f9 eroica, virt\u00f9 degna di un S. Vincenzo de&#8217; Paoli. Ebbe a trattare e sovente nello stesso giorno con persone educate e con altre rozze ed ignoranti, con persone di spirito e con uomini grossolani, con gente scrupolosa e con orgogliosi filosofi; in una parola con quanti possono immaginarsi dal trono dei Re fino alla capanna de&#8217; pastori, con tutti esercitava quel maraviglioso tratto di civilt\u00e0 evangelica di farsi tutto a tutti per guadagnare tutti a G. C., richiamando ovunque si trovava l&#8217; idea dei Salvatore quando conversava cogli uomini.<\/p>\n<p>Giammai si vide un&#8217;alterazione sul suo volto, un&#8217; asprezza nelle sue parole, un segno di noia nel suo esteriore; fu veduto interrompere il suo colloquio con persone di qualit\u00e0 per ripetere fino a cinque fiate la stessa cosa a chi non la comprendeva, e dirgliela l&#8217;ultima volta con tanta tranquillit\u00e0 come la prima; senz&#8217;ombra d&#8217;impazienza fu veduto ascoltare povere persone che mal parlavano ed a lungo, dare alle loro parole il poco buon senso di cui erano capaci; fu veduto lasciarsi interrompere trenta volte in un giorno da scrupolosi che sempre ripetevano la stessa cosa in termini differenti, ascoltarli fino alla fine con una pazienza inalterabile; scriver loro qualche volta di propria mano quanto aveva loro detto, e spiegarglielo pi\u00f9 a lungo qualora non lo intendevano bene; finalmente interrompere il suo uffizio o il suo sonno per non mancare all&#8217;occasione di fare un sacrifizio, quale costa talvolta assai ad un uomo occupato in tanta diversit\u00e0 di cose. Particolarmente cogli eretici la dolcezza gli sembrava pi\u00f9 necessaria. Diceva che nelle contestazioni vive, colui contro del quale si disputa, e che da principio \u00e8 persuaso di ci\u00f2 che dice, si voglia prendere il dissopra e prevalere su di lui; allora si prepara non gi\u00e0 a riconoscere la verit\u00e0, ma a combatterla; questa disputa in vece di entrare nel suo spirito chiude ordinariamente la porta del suo cuore, mentr la dolcezza e l&#8217;affabilit\u00e0 l&#8217;avrebbero aperta; che l&#8217;esempio di s. Francesco di Sales era una prova palpabile di questa verit\u00e0, poich\u00e8 quel. prelato, sebbene abilissimo nella controversia, aveva ricondotti pi\u00f9 eretici colla stia dolcezza che per mezzo della scienza; e a questo proposito il Cardinale di Perron era solito dire, che quanto a lui si sentiva bens\u00ec di convincere i novatori, ma soltanto Monsignor eli Ginevra sapeva convertirli. \u00abFinalmente, soggiungeva, non ho mai veduto n\u00e8 inteso alcun eretico siasi convertito &#8216;colla forza della disputa, o per la sottigliezza degli argomenti, ma s\u00ec bene colla dolcezza; tale \u00e8 la forza di questa virt\u00f9 per guadagnare gli uomini a Dio.\u00bb<\/p>\n<p>Il servo di Dio era altres\u00ec persuaso potersi soltanto colla dolcezza ricavar del frutto dalle missioni di campagna. \u00abRendetevi affabili all&#8217;assemblea de&#8217; poveri, questo \u00e8 il consiglio della Scrittura: <em>Congregatione pauperum affabilem te facito<\/em>. Tale deve essere la nostra regola, diceva ai\u00bb suoi; senza questo la povera gente si allontaner\u00e0, e non oseranno avvicinarsi a noi; ci riguarderanno come persone o troppo severe o troppo gran signori per loro; cos\u00ec l&#8217;opera di Dio cader\u00e0, e noi non potremo soddisfare a&#8217; disegni ch&#8217;egli ha sopra di noi. Se Dio ha accordato qualche benedizione alle nostre prime missioni, si \u00e8 osservato esser questo avvenuto per avere operato amichevolmente verso ogni classe di persone, e se \u00e8 piaciuto a Dio di servirsi del pi\u00f9 miserabile degli uomini per la conversione di qualche eretico, hanno confessato eglino stessi esser questo per la dolcezza e la cordialit\u00e0 avuta verso di loro. I forzati, coi quali ho coabitato, non si guadagnano in ala tra maniera; ed allorch\u00e8 m&#8217;\u00e8 accaduto di parlare loro aspramente, ho guastato tutto; al contrario, allorch\u00e8 gli ho lodati della loro rassegnazione, ed ho compatito ai loro patimenti, quando ho eletto che erano felici di fare il loro purgatorio in questo mondo, quando ho baciato le loro catene, si \u00e8 allora che mi hanno ascoltato, hanno glorificato Dio, e si sono posti in istato di salvezza. Vi prego d&#8217;aiutarmi a ringraziare Dio e a dimandargli che si compiaccia di mettere tutti i missionari in quest&#8217; uso di trattare dolcemente il prossimo in pubblico ed in privato, ed anche i peccatori ostinati, senza usare in alcun tempo rimproveri ed invettive o parole aspre contro di chicchessia.\u00bb<\/p>\n<p>Il Santo fondava la sua dolcezza sopra. due principi; l&#8217; uno era la parola e l&#8217;esempio del Salvatore, e l&#8217;altro la conoscenza dell&#8217;umana debolezza. In quanto al primo principio, diceva la dolcezza e l&#8217; umilt\u00e0 essere due sorelle, che si uniscono molto bene insieme; Ges\u00f9 Cristo averci insegnato ad unirle quando ha detto: <em>Imparate da me che sono dolce ed umile di cuore<\/em>; e queste parole sono state sostenute da&#8217;suoi esempi; perci\u00f2 il Salvatore ha voluto avere de&#8217; discepoli grossolani e soggetti a vari difetti per insegnare a coloro che sono in dignit\u00e0 la maniera con cui devono trattare quelli di cui hanno la direzione; n\u00e8 &#8216;potersi vedere la dolcezza eli&#8217; egli ha praticato nel corso della sua passione senza essere portati a quella virt\u00f9; come quando ha dato il nome di amico al perverso Giuda traditore, e soffr\u00ec senz&#8217; alcun lamento le crudelt\u00e0 di una sbirraglia che lo sputacchiava nel viso, ed insultava a&#8217;suoi dolori. \u00abOh Ges\u00f9, mio Dio, esclamava, qual esempio per noi che abbiamo preso ad imitarvi! Che lezione per coloro i quali nulla vogliono soffrire o che s&#8217;inquietano e si inaspriscono allorch\u00e8 soffrono!\u00bb<\/p>\n<p>Quanto al secondo principio Vincenzo diceva che \u00e8 proprio all&#8217;uomo di fallire, come \u00e8 proprio dei rovi di aver delle spine pungenti; che il giusto stesso cade sette volte, cio\u00e8 molte volte; che lo spirito al pari del corpo ha le sue malattie; che essendo sovente un uomo da se stesso un grande esercizio di pazienza, non \u00e8 cosa strana eh&#8217; egli eserciti quella degli altri; e che, come l&#8217; ha osservato s. Gregorio il Grande, la vera giustizia conosce la compassione, e non conosce collera, n\u00e8 trasporti; quindi egli conchiudeva, che fa bisogno di dolcezza nel commercio della vita; le parole che ci feriscono sono sovente piuttosto impeti della natura che indisposizioni del cuore; i pi\u00f9 saggi non sono esenti dalle passioni; e queste passioni strappano loro qualche volta certe espressioni delle quali si pentono un momento dopo; in qualunque luogo uno sia, devesi sempre soffrire, ma che potendosi nello stesso tempo meritare, \u00e8 molto utile il fare provigione di dolcezza, poich\u00e8 senza questa virt\u00f9 si soffre senza merito ed anche con pericolo della salvezza.<\/p>\n<p>\u00abLa dolcezza, aggiungeva il Santo, ha tre principali atti. Il primo di questi alti reprime i movimenti della collera e gli impeti di quel fuoco che turba l&#8217;anima, sale al volto e ne cangia il colore. Un uomo dolce non lascia n\u00e8 di sentire una prima emozione, perch\u00e8 i movimenti della natura prevengono que&#8217; della grazia; ma sta fermo affinch\u00e9 la passione non trionfi, e se comparisce in lui, suo malgrado, qualche alterazione nel suo esteriore, si rimette ben presto e rientra nello stato naturale; allorch\u00e8 \u00e8 costretto di riprendere, di gastigare, segue la via del dovere, e non mai quella dell&#8217; impeto: in ci\u00f2 imita il Figlio d&#8217; Iddio che chiam\u00f2 S. Pietro Satanno; che nella stessa occasione tratt\u00f2 dieci o dodici volte i giudei d&#8217;ipocriti; che rovesci\u00f2 le tavole de&#8217; negoziatori; che tutto ci\u00f2 fece con una per fetta tranquillit\u00e0, mentre un uomo senza dolcezza avrebbe fatto per collera. Un superiore operando cos\u00ec farebbe un gran frutto, le sue correzioni sarebbero ben accolto, perch\u00e8 fatte per ragione e non per mal umore. Coloro i quali devono regolare non possono bastante mente far attenzione a&#8217; riguardi che il salvatore ha avuto per i suoi. Niuno vuol essere corretto con rigore, ed ognuno dice presso a poco come il Re Profeta gastigatemi, ma ci\u00f2 non sia nel vostro furore.<\/p>\n<p>Il secondo atto della dolcezza consiste \u00bb in una grande affabilit\u00e0, in quella serenit\u00e0 di volto che rassicura chiunque si avvicina. Certe persone con aria ridente ed amabile contentano tutti, e dal primo istante sembrano offerirvi il loro cuore e chiedere il vostro; altre all&#8217;opposto si presentano sentano con un aspetto riservato, il cui viso arido, accigliato spaventa e sconcerta. I missionari che per vocazione sono obbligati a trattare colla povera gente di campagna, cogli ordinandi ed esercitandi, devono procurare di formarsi queste maniere insinuanti le quali cattivano i cuori. Senza questo non faranno mai frutto, e saranno come una terra secca altro non producendo se non cardi selvatici.<\/p>\n<p>Finalmente il terzo atto della dolcezza consiste nello sbandire dal proprio spirito le riflessioni che seguono pur troppo le pene che ci vennero cagionate, o i cattivi servigi che ci furono resi. Bisogna allora assuefarsi a distogliere il proprio pensiero dall&#8217;offesa, a scusare quello da cui proviene, a dire a se stesso ch&#8217;egli ha operato con precipitazione, e che un primo movimento l&#8217; ha trasportato; soprattutto non bisogna aprir bocca per rispondere a coloro stessi che altro non cercano se non d&#8217;inasprirci. Devesi egualmente trattare con dolcezza coloro che hanno meno riguardi per noi, e se giungessero ad oltraggiarci sino a darci uno schiaffo, bisogna offerire a Dio e soffrire per amor suo questo ingiurioso trattamento; devonsi ancora trattenere gl&#8217; impeti della collera e preferire ad ogni altro linguaggio quello della dolcezza, perch\u00e8 una parola di dolcezza pu\u00f2 convertire un ostinato, quando all&#8217;opposto una parola aspra \u00e8 capace di desolare un&#8217;anima. \u00bb lo non mi sono servito in vita mia che tre sole volte di parole ruvide per riprendere gli altri; e quantunque avessi creduto da principio di aver qualque ragione d&#8217;usare in tal modo, me ne sono sempre pentito in appresso, perch\u00e9 ci\u00f2 mi \u00e8 riuscito molto male, quando all&#8217;opposto ho sempre ottenuto colla dolcezza ci\u00f2 che desiderava.\u00bb<\/p>\n<p>La dolcezza, la quale alletta ovunque, aveva presso il sant&#8217;uomo un non so che di schietto, di spiritoso e di saggio ch&#8217;era difficile il resistervi. Un d\u00ec essendo con diverse persone qualificate, una di queste disse fra le altre imprecazioni bramare che il diavolo via se lo portasse: a queste parole Vincenzo abbracciandola gentilmente gli disse sorridendo: \u00abed io, Signore, io vi lascio per Dio, perch\u00e8 sarebbe un gran danno che il demonio vi possedesse.\u00bb<\/p>\n<p>Queste poche parole edificarono la compagnia, e commossero tanto colui a cui si dirigevano, che promise d&#8217;astenersi da simile foggia di parlare.<\/p>\n<p>La dolcezza del santo Sacerdote non indeboliva punto lo spirito di fermezza e di vigore, di cui un uomo pari a lui non poteva essere sprovvisto. \u00abNiuno, diceva, \u00e8 pi\u00f9 costante nel bene di coloro che fanno professione di dolcezza; queglino al contrario che si lasciano trasportare dalla collera e dalle loro passioni, sono d&#8217;ordinario molto incostanti. I primi sono simili a quei fiumi che scorrono senza fracasso, ma abbondano sempre, n\u00e8 inaridiscon mai; i secondi somigliano ai torrenti: come questi da principio fanno un fracasso terribile, ma la loro forza passa col loro straripamento; essi non varino che per ghiribizzo, e perci\u00f2 vanno molto male. Che hassi dunque a fare per riuscire nelle cose di Dio? Seguire da per tutto l&#8217;esempio di Dio medesimo; andare, come fece egli stesso, fortemente al suo scopo, ma andarvi per istrade piene, di soavit\u00e0 e di dolcezza. <em>Attingit a fine usque ad finem fortiter, et disponit omnia suaviter<\/em>.\u00bb<\/p>\n<p>Vincenzo accoppiava la forza alla dolcezza, egli non avvis\u00f2 altro appoggio che la virt\u00f9, n\u00e8 altra politica che la sua fede; sosteneva la verit\u00e0 fino in mezzo alla corte; n\u00e8 prometteva mai ci\u00f2 che la sua coscienza non gli permetteva di mantenere. Resisteva saldo alle pi\u00f9 potenti sollicitazioni; la riconoscenza stessa e la tenerezza lo trovavano sempre inesorabile; n\u00e8 mai gli avvenne in vita sua di dire un s\u00ec quando il suo dovere l&#8217;obbligava al no. Potremmo produrre in gran numero di testimonianze, ma valga per tutte quella di Monsignor F\u00e9n\u00e9lon Arcivescovo di Cambrai. Egli dice nella sua lettera a Clemente XI: \u00abche il discernimento degli spiriti e la fermezza del coraggio furono doni che brillarono nell&#8217; uomo di Dio in un grado che si durerebbe pena a crederlo; che nel dar consiglio non ebbe riguardo alcuno all&#8217;odio, n\u00e8 al furore de&#8217; grandi, ma unicamente agi&#8217; interessi della Chiesa.\u00bb<\/p>\n<p>Alcuni fatti fanno altres\u00ec conoscere, Vincenzo de&#8217; Paoli non avere sulla terra altro timore fuori quello di Dio. Leggiamo che egli, superiore a tutte le regole della prudenza umana, and\u00f2 a trovare un padre, non per felicitarlo sulla nomina di suo figlio all&#8217; Episcopato, ma per scongiurarlo a non permettere elio quel figlio occupasse una dignit\u00e0 di cui non era degno. Leggiamo che ricus\u00f2 a signore di prima distinzione ed anche a principesse l&#8217; ingresso nel monastero delle figlie di cui era Superiore; che accettava volentieri sopra di se tutto ci\u00f2 che questi rifiuti hanno d&#8217;odioso, perci\u00f2 esponendosi a tutti i risentimenti. Parecchi tratti consimili provano come Vincenzo dovette, a guisa degli antichi Profeti, essere un muro di bronzo, e averne la fermezza, senza allontanarsi nulladimeno dalle strade della dolcezza.<\/p>\n<p><em>\u00a0Frutto<\/em>. Imparino i padri e le madri e gli altri superiori a reprimere que&#8217; trasporti di collera che li signoreggiano; piuttosto usino affabilit\u00e0 e dolcezza colle persone loro affidate, soprattutto quando trattasi dar consigli in fatto di religione; e si vedr\u00e0 che le loro correzioni e i loro avvisi saranno assai pi\u00f9 efficaci.<\/p>\n","protected":false},"excerpt":{"rendered":"<p>Giorno ottavo. Della sua dolcezza. Questa virt\u00f9 s\u00ec propria a cattivare i cuori forse pi\u00f9 d&#8217;ogni altra cost\u00f2 a S. Vincenzo. Nato bilioso e con uno spirito vivace era naturalmente inclinato alla collera. Si affatic\u00f2 &#8230; <a href=\"http:\/\/vincentians.com\/it\/il-cristiano-guidato-alla-virtu-ed-alla-civilta-secondo-lo-spirito-di-san-vincenzo-de-paoli-giorno-ottavo\/\" class=\"more-link\">Read More<\/a><\/p>\n","protected":false},"author":4,"featured_media":153784,"comment_status":"open","ping_status":"open","sticky":false,"template":"","format":"standard","meta":{"jetpack_post_was_ever_published":false,"_jetpack_newsletter_access":"","_jetpack_dont_email_post_to_subs":false,"_jetpack_newsletter_tier_id":0,"_jetpack_memberships_contains_paywalled_content":false,"_jetpack_memberships_contains_paid_content":false,"footnotes":"","jetpack_publicize_message":"","jetpack_publicize_feature_enabled":true,"jetpack_social_post_already_shared":true,"jetpack_social_options":{"image_generator_settings":{"template":"highway","default_image_id":0,"font":"","enabled":false},"version":2}},"categories":[119],"tags":[],"class_list":["post-45895","post","type-post","status-publish","format-standard","has-post-thumbnail","hentry","category-vincenzo-de-paoli"],"yoast_head":"<!-- This site is optimized with the Yoast SEO plugin v26.3 - https:\/\/yoast.com\/wordpress\/plugins\/seo\/ -->\n<title>Il cristiano guidato alla virt\u00f9 ed alla civilt\u00e0 secondo lo spirito di San Vincenzo De&#039; Paoli. Giorno ottavo - Siamo Vincenziani<\/title>\n<meta name=\"robots\" content=\"index, follow, max-snippet:-1, max-image-preview:large, max-video-preview:-1\" \/>\n<link rel=\"canonical\" href=\"http:\/\/vincentians.com\/it\/il-cristiano-guidato-alla-virtu-ed-alla-civilta-secondo-lo-spirito-di-san-vincenzo-de-paoli-giorno-ottavo\/\" \/>\n<meta property=\"og:locale\" content=\"it_IT\" \/>\n<meta property=\"og:type\" content=\"article\" \/>\n<meta property=\"og:title\" content=\"Il cristiano guidato alla virt\u00f9 ed alla civilt\u00e0 secondo lo spirito di San Vincenzo De&#039; Paoli. Giorno ottavo - Siamo Vincenziani\" \/>\n<meta property=\"og:description\" content=\"Giorno ottavo. Della sua dolcezza. Questa virt\u00f9 s\u00ec propria a cattivare i cuori forse pi\u00f9 d&#8217;ogni altra cost\u00f2 a S. Vincenzo. Nato bilioso e con uno spirito vivace era naturalmente inclinato alla collera. Si affatic\u00f2 ... Read More\" \/>\n<meta property=\"og:url\" content=\"http:\/\/vincentians.com\/it\/il-cristiano-guidato-alla-virtu-ed-alla-civilta-secondo-lo-spirito-di-san-vincenzo-de-paoli-giorno-ottavo\/\" \/>\n<meta property=\"og:site_name\" content=\"Siamo Vincenziani\" \/>\n<meta property=\"article:publisher\" content=\"https:\/\/www.facebook.com\/WeAreVincentians\/\" \/>\n<meta property=\"article:author\" content=\"https:\/\/www.facebook.com\/JavierChento\" \/>\n<meta property=\"article:published_time\" content=\"2016-08-02T12:00:02+00:00\" \/>\n<meta property=\"og:image\" content=\"https:\/\/i0.wp.com\/vincentians.com\/it\/wp-content\/uploads\/sites\/12\/2016\/07\/don-bosco-y-san-vicente-de-paul.jpg?fit=1200%2C630\" \/>\n\t<meta property=\"og:image:width\" content=\"1200\" \/>\n\t<meta property=\"og:image:height\" content=\"630\" \/>\n\t<meta property=\"og:image:type\" content=\"image\/jpeg\" \/>\n<meta name=\"author\" content=\"Francisco Javier Fern\u00e1ndez Chento\" \/>\n<meta name=\"twitter:card\" content=\"summary_large_image\" \/>\n<meta name=\"twitter:creator\" content=\"@https:\/\/twitter.com\/javierchento\" \/>\n<meta name=\"twitter:site\" content=\"@WeVincentians\" \/>\n<meta name=\"twitter:label1\" content=\"Scritto da\" \/>\n\t<meta name=\"twitter:data1\" content=\"Francisco Javier Fern\u00e1ndez Chento\" \/>\n\t<meta name=\"twitter:label2\" content=\"Tempo di lettura stimato\" \/>\n\t<meta name=\"twitter:data2\" content=\"12 minuti\" \/>\n<script type=\"application\/ld+json\" class=\"yoast-schema-graph\">{\"@context\":\"https:\/\/schema.org\",\"@graph\":[{\"@type\":\"Article\",\"@id\":\"http:\/\/vincentians.com\/it\/il-cristiano-guidato-alla-virtu-ed-alla-civilta-secondo-lo-spirito-di-san-vincenzo-de-paoli-giorno-ottavo\/#article\",\"isPartOf\":{\"@id\":\"http:\/\/vincentians.com\/it\/il-cristiano-guidato-alla-virtu-ed-alla-civilta-secondo-lo-spirito-di-san-vincenzo-de-paoli-giorno-ottavo\/\"},\"author\":{\"name\":\"Francisco Javier Fern\u00e1ndez Chento\",\"@id\":\"http:\/\/vincentians.com\/it\/#\/schema\/person\/9623ef4d9aa3b2dfb8c061f1499288f2\"},\"headline\":\"Il cristiano guidato alla virt\u00f9 ed alla civilt\u00e0 secondo lo spirito di San Vincenzo De&#8217; Paoli. Giorno ottavo\",\"datePublished\":\"2016-08-02T12:00:02+00:00\",\"mainEntityOfPage\":{\"@id\":\"http:\/\/vincentians.com\/it\/il-cristiano-guidato-alla-virtu-ed-alla-civilta-secondo-lo-spirito-di-san-vincenzo-de-paoli-giorno-ottavo\/\"},\"wordCount\":2399,\"commentCount\":0,\"publisher\":{\"@id\":\"http:\/\/vincentians.com\/it\/#organization\"},\"image\":{\"@id\":\"http:\/\/vincentians.com\/it\/il-cristiano-guidato-alla-virtu-ed-alla-civilta-secondo-lo-spirito-di-san-vincenzo-de-paoli-giorno-ottavo\/#primaryimage\"},\"thumbnailUrl\":\"https:\/\/i0.wp.com\/vincentians.com\/it\/wp-content\/uploads\/sites\/12\/2016\/07\/don-bosco-y-san-vicente-de-paul.jpg?fit=1200%2C630\",\"articleSection\":[\"Vincenzo de' Paoli\"],\"inLanguage\":\"it-IT\",\"potentialAction\":[{\"@type\":\"CommentAction\",\"name\":\"Comment\",\"target\":[\"http:\/\/vincentians.com\/it\/il-cristiano-guidato-alla-virtu-ed-alla-civilta-secondo-lo-spirito-di-san-vincenzo-de-paoli-giorno-ottavo\/#respond\"]}]},{\"@type\":\"WebPage\",\"@id\":\"http:\/\/vincentians.com\/it\/il-cristiano-guidato-alla-virtu-ed-alla-civilta-secondo-lo-spirito-di-san-vincenzo-de-paoli-giorno-ottavo\/\",\"url\":\"http:\/\/vincentians.com\/it\/il-cristiano-guidato-alla-virtu-ed-alla-civilta-secondo-lo-spirito-di-san-vincenzo-de-paoli-giorno-ottavo\/\",\"name\":\"Il cristiano guidato alla virt\u00f9 ed alla civilt\u00e0 secondo lo spirito di San Vincenzo De' Paoli. Giorno ottavo - Siamo Vincenziani\",\"isPartOf\":{\"@id\":\"http:\/\/vincentians.com\/it\/#website\"},\"primaryImageOfPage\":{\"@id\":\"http:\/\/vincentians.com\/it\/il-cristiano-guidato-alla-virtu-ed-alla-civilta-secondo-lo-spirito-di-san-vincenzo-de-paoli-giorno-ottavo\/#primaryimage\"},\"image\":{\"@id\":\"http:\/\/vincentians.com\/it\/il-cristiano-guidato-alla-virtu-ed-alla-civilta-secondo-lo-spirito-di-san-vincenzo-de-paoli-giorno-ottavo\/#primaryimage\"},\"thumbnailUrl\":\"https:\/\/i0.wp.com\/vincentians.com\/it\/wp-content\/uploads\/sites\/12\/2016\/07\/don-bosco-y-san-vicente-de-paul.jpg?fit=1200%2C630\",\"datePublished\":\"2016-08-02T12:00:02+00:00\",\"breadcrumb\":{\"@id\":\"http:\/\/vincentians.com\/it\/il-cristiano-guidato-alla-virtu-ed-alla-civilta-secondo-lo-spirito-di-san-vincenzo-de-paoli-giorno-ottavo\/#breadcrumb\"},\"inLanguage\":\"it-IT\",\"potentialAction\":[{\"@type\":\"ReadAction\",\"target\":[\"http:\/\/vincentians.com\/it\/il-cristiano-guidato-alla-virtu-ed-alla-civilta-secondo-lo-spirito-di-san-vincenzo-de-paoli-giorno-ottavo\/\"]}]},{\"@type\":\"ImageObject\",\"inLanguage\":\"it-IT\",\"@id\":\"http:\/\/vincentians.com\/it\/il-cristiano-guidato-alla-virtu-ed-alla-civilta-secondo-lo-spirito-di-san-vincenzo-de-paoli-giorno-ottavo\/#primaryimage\",\"url\":\"https:\/\/i0.wp.com\/vincentians.com\/it\/wp-content\/uploads\/sites\/12\/2016\/07\/don-bosco-y-san-vicente-de-paul.jpg?fit=1200%2C630\",\"contentUrl\":\"https:\/\/i0.wp.com\/vincentians.com\/it\/wp-content\/uploads\/sites\/12\/2016\/07\/don-bosco-y-san-vicente-de-paul.jpg?fit=1200%2C630\",\"width\":1200,\"height\":630},{\"@type\":\"BreadcrumbList\",\"@id\":\"http:\/\/vincentians.com\/it\/il-cristiano-guidato-alla-virtu-ed-alla-civilta-secondo-lo-spirito-di-san-vincenzo-de-paoli-giorno-ottavo\/#breadcrumb\",\"itemListElement\":[{\"@type\":\"ListItem\",\"position\":1,\"name\":\"Portada\",\"item\":\"http:\/\/vincentians.com\/it\/\"},{\"@type\":\"ListItem\",\"position\":2,\"name\":\"Il cristiano guidato alla virt\u00f9 ed alla civilt\u00e0 secondo lo spirito di San Vincenzo De&#8217; Paoli. Giorno ottavo\"}]},{\"@type\":\"WebSite\",\"@id\":\"http:\/\/vincentians.com\/it\/#website\",\"url\":\"http:\/\/vincentians.com\/it\/\",\"name\":\"Siamo Vincenziani\",\"description\":\"Know more to serve more\",\"publisher\":{\"@id\":\"http:\/\/vincentians.com\/it\/#organization\"},\"potentialAction\":[{\"@type\":\"SearchAction\",\"target\":{\"@type\":\"EntryPoint\",\"urlTemplate\":\"http:\/\/vincentians.com\/it\/?s={search_term_string}\"},\"query-input\":{\"@type\":\"PropertyValueSpecification\",\"valueRequired\":true,\"valueName\":\"search_term_string\"}}],\"inLanguage\":\"it-IT\"},{\"@type\":\"Organization\",\"@id\":\"http:\/\/vincentians.com\/it\/#organization\",\"name\":\"The Vincentian Network\",\"url\":\"http:\/\/vincentians.com\/it\/\",\"logo\":{\"@type\":\"ImageObject\",\"inLanguage\":\"it-IT\",\"@id\":\"http:\/\/vincentians.com\/it\/#\/schema\/logo\/image\/\",\"url\":\"https:\/\/i0.wp.com\/vincentians.com\/it\/wp-content\/uploads\/sites\/12\/2016\/06\/Vincentian-Network-logo-big.png?fit=778%2C778\",\"contentUrl\":\"https:\/\/i0.wp.com\/vincentians.com\/it\/wp-content\/uploads\/sites\/12\/2016\/06\/Vincentian-Network-logo-big.png?fit=778%2C778\",\"width\":778,\"height\":778,\"caption\":\"The Vincentian Network\"},\"image\":{\"@id\":\"http:\/\/vincentians.com\/it\/#\/schema\/logo\/image\/\"},\"sameAs\":[\"https:\/\/www.facebook.com\/WeAreVincentians\/\",\"https:\/\/x.com\/WeVincentians\"]},{\"@type\":\"Person\",\"@id\":\"http:\/\/vincentians.com\/it\/#\/schema\/person\/9623ef4d9aa3b2dfb8c061f1499288f2\",\"name\":\"Francisco Javier Fern\u00e1ndez Chento\",\"image\":{\"@type\":\"ImageObject\",\"inLanguage\":\"it-IT\",\"@id\":\"http:\/\/vincentians.com\/it\/#\/schema\/person\/image\/\",\"url\":\"https:\/\/secure.gravatar.com\/avatar\/497d5cde87b4c3d097d0315953521681ba2cd523ee66e5077c3711f7021e65de?s=96&d=mm&r=g\",\"contentUrl\":\"https:\/\/secure.gravatar.com\/avatar\/497d5cde87b4c3d097d0315953521681ba2cd523ee66e5077c3711f7021e65de?s=96&d=mm&r=g\",\"caption\":\"Francisco Javier Fern\u00e1ndez Chento\"},\"description\":\"Director General y cofundador de La Red de Formaci\u00f3n Vicenciana. Javier es laico vicenciano, afiliado a la Congregaci\u00f3n de la Misi\u00f3n y miembro del Equipo de Misiones Populares de la provincia can\u00f3nica de Zaragoza (Espa\u00f1a) de la Congregaci\u00f3n de la Misi\u00f3n. Graduado en la Universidad Oberta de Catalunya con cuatro grados (Asistente de direcci\u00f3n, Gesti\u00f3n Administrativa, Recursos Humanos y Contabilidad Avanzada). Bil\u00edng\u00fce Espa\u00f1ol\/Ingl\u00e9s. gestiona y mantiene varias p\u00e1ginas web cristianas y vicencianas, incluida including La Red de Formaci\u00f3n Vicenciana, de la que es cofundador. Actualmente es responsable del \u00e1rea de Espa\u00f1ol de .famvin, la Red de Noticias de la Familia Vicenciana. Tambi\u00e9n es m\u00fasico cat\u00f3lico y ha editado varios discos. Es Director General y cofundador de Trovador, una reconocida compa\u00f1\u00eda discogr\u00e1fica critiana de Espa\u00f1a. Trabaja en las Tecnolog\u00edas de la Informaci\u00f3n, ofreciendo servicios de alojamiento, dise\u00f1o y mantenimiento Web, as\u00ed como asesoramiento, formaci\u00f3n y soluciones inform\u00e1ticas, gesti\u00f3n documental y digitalizaci\u00f3n de textos, edici\u00f3n y maquetaci\u00f3n de libros, revistas, flyers, etc.\",\"sameAs\":[\"http:\/\/chento.org\",\"https:\/\/www.facebook.com\/JavierChento\",\"https:\/\/x.com\/https:\/\/twitter.com\/javierchento\"],\"url\":\"http:\/\/vincentians.com\/it\/author\/chento\/\"}]}<\/script>\n<!-- \/ Yoast SEO plugin. -->","yoast_head_json":{"title":"Il cristiano guidato alla virt\u00f9 ed alla civilt\u00e0 secondo lo spirito di San Vincenzo De' Paoli. Giorno ottavo - Siamo Vincenziani","robots":{"index":"index","follow":"follow","max-snippet":"max-snippet:-1","max-image-preview":"max-image-preview:large","max-video-preview":"max-video-preview:-1"},"canonical":"http:\/\/vincentians.com\/it\/il-cristiano-guidato-alla-virtu-ed-alla-civilta-secondo-lo-spirito-di-san-vincenzo-de-paoli-giorno-ottavo\/","og_locale":"it_IT","og_type":"article","og_title":"Il cristiano guidato alla virt\u00f9 ed alla civilt\u00e0 secondo lo spirito di San Vincenzo De' Paoli. Giorno ottavo - Siamo Vincenziani","og_description":"Giorno ottavo. Della sua dolcezza. Questa virt\u00f9 s\u00ec propria a cattivare i cuori forse pi\u00f9 d&#8217;ogni altra cost\u00f2 a S. Vincenzo. Nato bilioso e con uno spirito vivace era naturalmente inclinato alla collera. Si affatic\u00f2 ... Read More","og_url":"http:\/\/vincentians.com\/it\/il-cristiano-guidato-alla-virtu-ed-alla-civilta-secondo-lo-spirito-di-san-vincenzo-de-paoli-giorno-ottavo\/","og_site_name":"Siamo Vincenziani","article_publisher":"https:\/\/www.facebook.com\/WeAreVincentians\/","article_author":"https:\/\/www.facebook.com\/JavierChento","article_published_time":"2016-08-02T12:00:02+00:00","og_image":[{"width":1200,"height":630,"url":"https:\/\/i0.wp.com\/vincentians.com\/it\/wp-content\/uploads\/sites\/12\/2016\/07\/don-bosco-y-san-vicente-de-paul.jpg?fit=1200%2C630","type":"image\/jpeg"}],"author":"Francisco Javier Fern\u00e1ndez Chento","twitter_card":"summary_large_image","twitter_creator":"@https:\/\/twitter.com\/javierchento","twitter_site":"@WeVincentians","twitter_misc":{"Scritto da":"Francisco Javier Fern\u00e1ndez Chento","Tempo di lettura stimato":"12 minuti"},"schema":{"@context":"https:\/\/schema.org","@graph":[{"@type":"Article","@id":"http:\/\/vincentians.com\/it\/il-cristiano-guidato-alla-virtu-ed-alla-civilta-secondo-lo-spirito-di-san-vincenzo-de-paoli-giorno-ottavo\/#article","isPartOf":{"@id":"http:\/\/vincentians.com\/it\/il-cristiano-guidato-alla-virtu-ed-alla-civilta-secondo-lo-spirito-di-san-vincenzo-de-paoli-giorno-ottavo\/"},"author":{"name":"Francisco Javier Fern\u00e1ndez Chento","@id":"http:\/\/vincentians.com\/it\/#\/schema\/person\/9623ef4d9aa3b2dfb8c061f1499288f2"},"headline":"Il cristiano guidato alla virt\u00f9 ed alla civilt\u00e0 secondo lo spirito di San Vincenzo De&#8217; Paoli. Giorno ottavo","datePublished":"2016-08-02T12:00:02+00:00","mainEntityOfPage":{"@id":"http:\/\/vincentians.com\/it\/il-cristiano-guidato-alla-virtu-ed-alla-civilta-secondo-lo-spirito-di-san-vincenzo-de-paoli-giorno-ottavo\/"},"wordCount":2399,"commentCount":0,"publisher":{"@id":"http:\/\/vincentians.com\/it\/#organization"},"image":{"@id":"http:\/\/vincentians.com\/it\/il-cristiano-guidato-alla-virtu-ed-alla-civilta-secondo-lo-spirito-di-san-vincenzo-de-paoli-giorno-ottavo\/#primaryimage"},"thumbnailUrl":"https:\/\/i0.wp.com\/vincentians.com\/it\/wp-content\/uploads\/sites\/12\/2016\/07\/don-bosco-y-san-vicente-de-paul.jpg?fit=1200%2C630","articleSection":["Vincenzo de' Paoli"],"inLanguage":"it-IT","potentialAction":[{"@type":"CommentAction","name":"Comment","target":["http:\/\/vincentians.com\/it\/il-cristiano-guidato-alla-virtu-ed-alla-civilta-secondo-lo-spirito-di-san-vincenzo-de-paoli-giorno-ottavo\/#respond"]}]},{"@type":"WebPage","@id":"http:\/\/vincentians.com\/it\/il-cristiano-guidato-alla-virtu-ed-alla-civilta-secondo-lo-spirito-di-san-vincenzo-de-paoli-giorno-ottavo\/","url":"http:\/\/vincentians.com\/it\/il-cristiano-guidato-alla-virtu-ed-alla-civilta-secondo-lo-spirito-di-san-vincenzo-de-paoli-giorno-ottavo\/","name":"Il cristiano guidato alla virt\u00f9 ed alla civilt\u00e0 secondo lo spirito di San Vincenzo De' Paoli. Giorno ottavo - Siamo Vincenziani","isPartOf":{"@id":"http:\/\/vincentians.com\/it\/#website"},"primaryImageOfPage":{"@id":"http:\/\/vincentians.com\/it\/il-cristiano-guidato-alla-virtu-ed-alla-civilta-secondo-lo-spirito-di-san-vincenzo-de-paoli-giorno-ottavo\/#primaryimage"},"image":{"@id":"http:\/\/vincentians.com\/it\/il-cristiano-guidato-alla-virtu-ed-alla-civilta-secondo-lo-spirito-di-san-vincenzo-de-paoli-giorno-ottavo\/#primaryimage"},"thumbnailUrl":"https:\/\/i0.wp.com\/vincentians.com\/it\/wp-content\/uploads\/sites\/12\/2016\/07\/don-bosco-y-san-vicente-de-paul.jpg?fit=1200%2C630","datePublished":"2016-08-02T12:00:02+00:00","breadcrumb":{"@id":"http:\/\/vincentians.com\/it\/il-cristiano-guidato-alla-virtu-ed-alla-civilta-secondo-lo-spirito-di-san-vincenzo-de-paoli-giorno-ottavo\/#breadcrumb"},"inLanguage":"it-IT","potentialAction":[{"@type":"ReadAction","target":["http:\/\/vincentians.com\/it\/il-cristiano-guidato-alla-virtu-ed-alla-civilta-secondo-lo-spirito-di-san-vincenzo-de-paoli-giorno-ottavo\/"]}]},{"@type":"ImageObject","inLanguage":"it-IT","@id":"http:\/\/vincentians.com\/it\/il-cristiano-guidato-alla-virtu-ed-alla-civilta-secondo-lo-spirito-di-san-vincenzo-de-paoli-giorno-ottavo\/#primaryimage","url":"https:\/\/i0.wp.com\/vincentians.com\/it\/wp-content\/uploads\/sites\/12\/2016\/07\/don-bosco-y-san-vicente-de-paul.jpg?fit=1200%2C630","contentUrl":"https:\/\/i0.wp.com\/vincentians.com\/it\/wp-content\/uploads\/sites\/12\/2016\/07\/don-bosco-y-san-vicente-de-paul.jpg?fit=1200%2C630","width":1200,"height":630},{"@type":"BreadcrumbList","@id":"http:\/\/vincentians.com\/it\/il-cristiano-guidato-alla-virtu-ed-alla-civilta-secondo-lo-spirito-di-san-vincenzo-de-paoli-giorno-ottavo\/#breadcrumb","itemListElement":[{"@type":"ListItem","position":1,"name":"Portada","item":"http:\/\/vincentians.com\/it\/"},{"@type":"ListItem","position":2,"name":"Il cristiano guidato alla virt\u00f9 ed alla civilt\u00e0 secondo lo spirito di San Vincenzo De&#8217; Paoli. Giorno ottavo"}]},{"@type":"WebSite","@id":"http:\/\/vincentians.com\/it\/#website","url":"http:\/\/vincentians.com\/it\/","name":"Siamo Vincenziani","description":"Know more to serve more","publisher":{"@id":"http:\/\/vincentians.com\/it\/#organization"},"potentialAction":[{"@type":"SearchAction","target":{"@type":"EntryPoint","urlTemplate":"http:\/\/vincentians.com\/it\/?s={search_term_string}"},"query-input":{"@type":"PropertyValueSpecification","valueRequired":true,"valueName":"search_term_string"}}],"inLanguage":"it-IT"},{"@type":"Organization","@id":"http:\/\/vincentians.com\/it\/#organization","name":"The Vincentian Network","url":"http:\/\/vincentians.com\/it\/","logo":{"@type":"ImageObject","inLanguage":"it-IT","@id":"http:\/\/vincentians.com\/it\/#\/schema\/logo\/image\/","url":"https:\/\/i0.wp.com\/vincentians.com\/it\/wp-content\/uploads\/sites\/12\/2016\/06\/Vincentian-Network-logo-big.png?fit=778%2C778","contentUrl":"https:\/\/i0.wp.com\/vincentians.com\/it\/wp-content\/uploads\/sites\/12\/2016\/06\/Vincentian-Network-logo-big.png?fit=778%2C778","width":778,"height":778,"caption":"The Vincentian Network"},"image":{"@id":"http:\/\/vincentians.com\/it\/#\/schema\/logo\/image\/"},"sameAs":["https:\/\/www.facebook.com\/WeAreVincentians\/","https:\/\/x.com\/WeVincentians"]},{"@type":"Person","@id":"http:\/\/vincentians.com\/it\/#\/schema\/person\/9623ef4d9aa3b2dfb8c061f1499288f2","name":"Francisco Javier Fern\u00e1ndez Chento","image":{"@type":"ImageObject","inLanguage":"it-IT","@id":"http:\/\/vincentians.com\/it\/#\/schema\/person\/image\/","url":"https:\/\/secure.gravatar.com\/avatar\/497d5cde87b4c3d097d0315953521681ba2cd523ee66e5077c3711f7021e65de?s=96&d=mm&r=g","contentUrl":"https:\/\/secure.gravatar.com\/avatar\/497d5cde87b4c3d097d0315953521681ba2cd523ee66e5077c3711f7021e65de?s=96&d=mm&r=g","caption":"Francisco Javier Fern\u00e1ndez Chento"},"description":"Director General y cofundador de La Red de Formaci\u00f3n Vicenciana. Javier es laico vicenciano, afiliado a la Congregaci\u00f3n de la Misi\u00f3n y miembro del Equipo de Misiones Populares de la provincia can\u00f3nica de Zaragoza (Espa\u00f1a) de la Congregaci\u00f3n de la Misi\u00f3n. Graduado en la Universidad Oberta de Catalunya con cuatro grados (Asistente de direcci\u00f3n, Gesti\u00f3n Administrativa, Recursos Humanos y Contabilidad Avanzada). Bil\u00edng\u00fce Espa\u00f1ol\/Ingl\u00e9s. gestiona y mantiene varias p\u00e1ginas web cristianas y vicencianas, incluida including La Red de Formaci\u00f3n Vicenciana, de la que es cofundador. Actualmente es responsable del \u00e1rea de Espa\u00f1ol de .famvin, la Red de Noticias de la Familia Vicenciana. Tambi\u00e9n es m\u00fasico cat\u00f3lico y ha editado varios discos. Es Director General y cofundador de Trovador, una reconocida compa\u00f1\u00eda discogr\u00e1fica critiana de Espa\u00f1a. Trabaja en las Tecnolog\u00edas de la Informaci\u00f3n, ofreciendo servicios de alojamiento, dise\u00f1o y mantenimiento Web, as\u00ed como asesoramiento, formaci\u00f3n y soluciones inform\u00e1ticas, gesti\u00f3n documental y digitalizaci\u00f3n de textos, edici\u00f3n y maquetaci\u00f3n de libros, revistas, flyers, etc.","sameAs":["http:\/\/chento.org","https:\/\/www.facebook.com\/JavierChento","https:\/\/x.com\/https:\/\/twitter.com\/javierchento"],"url":"http:\/\/vincentians.com\/it\/author\/chento\/"}]}},"jetpack_publicize_connections":[],"jetpack_featured_media_url":"https:\/\/i0.wp.com\/vincentians.com\/it\/wp-content\/uploads\/sites\/12\/2016\/07\/don-bosco-y-san-vicente-de-paul.jpg?fit=1200%2C630","jetpack_sharing_enabled":true,"jetpack_shortlink":"https:\/\/wp.me\/p7ETFo-bWf","jetpack-related-posts":[{"id":47744,"url":"http:\/\/vincentians.com\/it\/il-cristiano-guidato-alla-virtu-ed-alla-civilta-secondo-lo-spirito-di-san-vincenzo-de-paoli-giorno-decimo\/","url_meta":{"origin":45895,"position":0},"title":"Il cristiano guidato alla virt\u00f9 ed alla civilt\u00e0 secondo lo spirito di San Vincenzo De&#8217; Paoli. Giorno decimo","author":"Francisco Javier Fern\u00e1ndez Chento","date":"04\/08\/2016","format":false,"excerpt":"Giorno decimo. Dell' eguaglianza del suo spirito. Quella situazione del corpo e dell'anima, per cui un uomo, qualunque cosa succeda, resta sempre tranquillo, sempre simile a se stesso \u00ab\u00e8 meno, dice Vincenzo, una virt\u00f9 particolare, che uno stato il quale suppone il complesso di tutto te virt\u00f9. E questo un\u2026","rel":"","context":"In &quot;Vincenzo de' Paoli&quot;","block_context":{"text":"Vincenzo de' Paoli","link":"http:\/\/vincentians.com\/it\/category\/vincenzo-de-paoli\/"},"img":{"alt_text":"","src":"https:\/\/i0.wp.com\/vincentians.com\/it\/wp-content\/uploads\/sites\/12\/2016\/07\/don-bosco-y-san-vicente-de-paul.jpg?fit=1200%2C630&resize=350%2C200","width":350,"height":200,"srcset":"https:\/\/i0.wp.com\/vincentians.com\/it\/wp-content\/uploads\/sites\/12\/2016\/07\/don-bosco-y-san-vicente-de-paul.jpg?fit=1200%2C630&resize=350%2C200 1x, https:\/\/i0.wp.com\/vincentians.com\/it\/wp-content\/uploads\/sites\/12\/2016\/07\/don-bosco-y-san-vicente-de-paul.jpg?fit=1200%2C630&resize=525%2C300 1.5x, https:\/\/i0.wp.com\/vincentians.com\/it\/wp-content\/uploads\/sites\/12\/2016\/07\/don-bosco-y-san-vicente-de-paul.jpg?fit=1200%2C630&resize=700%2C400 2x, https:\/\/i0.wp.com\/vincentians.com\/it\/wp-content\/uploads\/sites\/12\/2016\/07\/don-bosco-y-san-vicente-de-paul.jpg?fit=1200%2C630&resize=1050%2C600 3x"},"classes":[]},{"id":48985,"url":"http:\/\/vincentians.com\/it\/il-cristiano-guidato-alla-virtu-ed-alla-civilta-secondo-lo-spirito-di-san-vincenzo-de-paoli-giorno-vigesimoprimo\/","url_meta":{"origin":45895,"position":1},"title":"Il cristiano guidato alla virt\u00f9 ed alla civilt\u00e0 secondo lo spirito di San Vincenzo De&#8217; Paoli. Giorno vigesimoprimo","author":"Francisco Javier Fern\u00e1ndez Chento","date":"15\/08\/2016","format":false,"excerpt":"Giorno vigesimoprimo. Suo rispetto Terso i superiori ecclesiastici. VINCENZO amava ed onorava lo stato ecclesiastico in ogni sua parto. Rispettava Ges\u00f9 Cristo nella persona del primo de' Pastori, che lo rappresenta sulla terra. Quando la Sede apostolica era vacante non cessava di chiedere e di far chiedere a Dio che\u2026","rel":"","context":"In &quot;Vincenzo de' Paoli&quot;","block_context":{"text":"Vincenzo de' Paoli","link":"http:\/\/vincentians.com\/it\/category\/vincenzo-de-paoli\/"},"img":{"alt_text":"","src":"https:\/\/i0.wp.com\/vincentians.com\/it\/wp-content\/uploads\/sites\/12\/2016\/07\/don-bosco-y-san-vicente-de-paul.jpg?fit=1200%2C630&resize=350%2C200","width":350,"height":200,"srcset":"https:\/\/i0.wp.com\/vincentians.com\/it\/wp-content\/uploads\/sites\/12\/2016\/07\/don-bosco-y-san-vicente-de-paul.jpg?fit=1200%2C630&resize=350%2C200 1x, https:\/\/i0.wp.com\/vincentians.com\/it\/wp-content\/uploads\/sites\/12\/2016\/07\/don-bosco-y-san-vicente-de-paul.jpg?fit=1200%2C630&resize=525%2C300 1.5x, https:\/\/i0.wp.com\/vincentians.com\/it\/wp-content\/uploads\/sites\/12\/2016\/07\/don-bosco-y-san-vicente-de-paul.jpg?fit=1200%2C630&resize=700%2C400 2x, https:\/\/i0.wp.com\/vincentians.com\/it\/wp-content\/uploads\/sites\/12\/2016\/07\/don-bosco-y-san-vicente-de-paul.jpg?fit=1200%2C630&resize=1050%2C600 3x"},"classes":[]},{"id":45877,"url":"http:\/\/vincentians.com\/it\/il-cristiano-guidato-alla-virtu-ed-alla-civilta-secondo-lo-spirito-di-san-vincenzo-de-paoli-introduzione\/","url_meta":{"origin":45895,"position":2},"title":"Il cristiano guidato alla virt\u00f9 ed alla civilt\u00e0 secondo lo spirito di San Vincenzo De&#8217; Paoli. Introduzione","author":"Francisco Javier Fern\u00e1ndez Chento","date":"25\/07\/2016","format":false,"excerpt":"Il cristiano guidato alla virtu ed alla civilt\u00e0 secondo lo spirito di San Vincenzo De' Paoli Opera che pu\u00f2 servire a consacrare il mese di luglio in onore del medesimo Santo TORINO MDCCCXLVIII TIPOGRAFIA PARAVIA E COMPAGNIA L'Autore intende di godere dei privilegi accordati dalle Regie Leggi, avendo adempito a\u2026","rel":"","context":"In &quot;Vincenzo de' Paoli&quot;","block_context":{"text":"Vincenzo de' Paoli","link":"http:\/\/vincentians.com\/it\/category\/vincenzo-de-paoli\/"},"img":{"alt_text":"","src":"https:\/\/i0.wp.com\/vincentians.com\/it\/wp-content\/uploads\/sites\/12\/2016\/07\/don-bosco-y-san-vicente-de-paul.jpg?fit=1200%2C630&resize=350%2C200","width":350,"height":200,"srcset":"https:\/\/i0.wp.com\/vincentians.com\/it\/wp-content\/uploads\/sites\/12\/2016\/07\/don-bosco-y-san-vicente-de-paul.jpg?fit=1200%2C630&resize=350%2C200 1x, https:\/\/i0.wp.com\/vincentians.com\/it\/wp-content\/uploads\/sites\/12\/2016\/07\/don-bosco-y-san-vicente-de-paul.jpg?fit=1200%2C630&resize=525%2C300 1.5x, https:\/\/i0.wp.com\/vincentians.com\/it\/wp-content\/uploads\/sites\/12\/2016\/07\/don-bosco-y-san-vicente-de-paul.jpg?fit=1200%2C630&resize=700%2C400 2x, https:\/\/i0.wp.com\/vincentians.com\/it\/wp-content\/uploads\/sites\/12\/2016\/07\/don-bosco-y-san-vicente-de-paul.jpg?fit=1200%2C630&resize=1050%2C600 3x"},"classes":[]},{"id":45890,"url":"http:\/\/vincentians.com\/it\/il-cristiano-guidato-alla-virtu-ed-alla-civilta-secondo-lo-spirito-di-san-vincenzo-de-paoli-giorno-terzo\/","url_meta":{"origin":45895,"position":3},"title":"Il cristiano guidato alla virt\u00f9 ed alla civilt\u00e0 secondo lo spirito di San Vincenzo De&#8217; Paoli. Giorno terzo","author":"Francisco Javier Fern\u00e1ndez Chento","date":"28\/07\/2016","format":false,"excerpt":"Giorno terzo. Sua carit\u00e0 verso de'mendici. La virt\u00f9 che caratterizza essenzialmente il cristiano \u00e8 la carit\u00e0. L'uomo privo di questa virt\u00f9, dice s. Gioanni, \u00e8 come un corpo morto incapace di agire. Motivo per cui S. Paolo la chiama la pi\u00f9 bella e la maggiore di tutte, la quale solleva\u2026","rel":"","context":"In &quot;Vincenzo de' Paoli&quot;","block_context":{"text":"Vincenzo de' Paoli","link":"http:\/\/vincentians.com\/it\/category\/vincenzo-de-paoli\/"},"img":{"alt_text":"","src":"https:\/\/i0.wp.com\/vincentians.com\/it\/wp-content\/uploads\/sites\/12\/2016\/07\/don-bosco-y-san-vicente-de-paul.jpg?fit=1200%2C630&resize=350%2C200","width":350,"height":200,"srcset":"https:\/\/i0.wp.com\/vincentians.com\/it\/wp-content\/uploads\/sites\/12\/2016\/07\/don-bosco-y-san-vicente-de-paul.jpg?fit=1200%2C630&resize=350%2C200 1x, https:\/\/i0.wp.com\/vincentians.com\/it\/wp-content\/uploads\/sites\/12\/2016\/07\/don-bosco-y-san-vicente-de-paul.jpg?fit=1200%2C630&resize=525%2C300 1.5x, https:\/\/i0.wp.com\/vincentians.com\/it\/wp-content\/uploads\/sites\/12\/2016\/07\/don-bosco-y-san-vicente-de-paul.jpg?fit=1200%2C630&resize=700%2C400 2x, https:\/\/i0.wp.com\/vincentians.com\/it\/wp-content\/uploads\/sites\/12\/2016\/07\/don-bosco-y-san-vicente-de-paul.jpg?fit=1200%2C630&resize=1050%2C600 3x"},"classes":[]},{"id":48987,"url":"http:\/\/vincentians.com\/it\/il-cristiano-guidato-alla-virtu-ed-alla-civilta-secondo-lo-spirito-di-san-vincenzo-de-paoli-giorno-vigesimoterzo\/","url_meta":{"origin":45895,"position":4},"title":"Il cristiano guidato alla virt\u00f9 ed alla civilt\u00e0 secondo lo spirito di San Vincenzo De&#8217; Paoli. Giorno vigesimoterzo","author":"Francisco Javier Fern\u00e1ndez Chento","date":"17\/08\/2016","format":false,"excerpt":"Giorno vigesimoterzo. Sua semplicit\u00e0. La semplicit\u00e0, che molti tengono cotte un difetto o tutto al pi\u00f9 come il retaggio degli spiriti deboli, \u00e8 nondimeno la virtu delle anime grandi, e ad esse sole appai, tiene di calpestare gli umani rispetti, dire le cose come si pensano; disprezzare gli artifizi del\u2026","rel":"","context":"In &quot;Vincenzo de' Paoli&quot;","block_context":{"text":"Vincenzo de' Paoli","link":"http:\/\/vincentians.com\/it\/category\/vincenzo-de-paoli\/"},"img":{"alt_text":"","src":"https:\/\/i0.wp.com\/vincentians.com\/it\/wp-content\/uploads\/sites\/12\/2016\/07\/don-bosco-y-san-vicente-de-paul.jpg?fit=1200%2C630&resize=350%2C200","width":350,"height":200,"srcset":"https:\/\/i0.wp.com\/vincentians.com\/it\/wp-content\/uploads\/sites\/12\/2016\/07\/don-bosco-y-san-vicente-de-paul.jpg?fit=1200%2C630&resize=350%2C200 1x, https:\/\/i0.wp.com\/vincentians.com\/it\/wp-content\/uploads\/sites\/12\/2016\/07\/don-bosco-y-san-vicente-de-paul.jpg?fit=1200%2C630&resize=525%2C300 1.5x, https:\/\/i0.wp.com\/vincentians.com\/it\/wp-content\/uploads\/sites\/12\/2016\/07\/don-bosco-y-san-vicente-de-paul.jpg?fit=1200%2C630&resize=700%2C400 2x, https:\/\/i0.wp.com\/vincentians.com\/it\/wp-content\/uploads\/sites\/12\/2016\/07\/don-bosco-y-san-vicente-de-paul.jpg?fit=1200%2C630&resize=1050%2C600 3x"},"classes":[]},{"id":48984,"url":"http:\/\/vincentians.com\/it\/il-cristiano-guidato-alla-virtu-ed-alla-civilta-secondo-lo-spirito-di-san-vincenzo-de-paoli-giorno-vigesimo\/","url_meta":{"origin":45895,"position":5},"title":"Il cristiano guidato alla virt\u00f9 ed alla civilt\u00e0 secondo lo spirito di San Vincenzo De&#8217; Paoli. Giorno vigesimo","author":"Francisco Javier Fern\u00e1ndez Chento","date":"14\/08\/2016","format":false,"excerpt":"Giorno vigesimo. Sua Gratitudine La mancanza di gratitudine, abbench\u00e8 vizio comune, oltraggia e la Divinit\u00e0, ch'\u00e8 il principio d' ogni bene, e gli nomini di cui essa si serve per ispargere su di noi le sue liberalit\u00e0. Vincenzo ebbe per questo sciagurato vizio tutto l'orrore che ne deve avere un\u2026","rel":"","context":"In &quot;Vincenzo de' Paoli&quot;","block_context":{"text":"Vincenzo de' Paoli","link":"http:\/\/vincentians.com\/it\/category\/vincenzo-de-paoli\/"},"img":{"alt_text":"","src":"https:\/\/i0.wp.com\/vincentians.com\/it\/wp-content\/uploads\/sites\/12\/2016\/07\/don-bosco-y-san-vicente-de-paul.jpg?fit=1200%2C630&resize=350%2C200","width":350,"height":200,"srcset":"https:\/\/i0.wp.com\/vincentians.com\/it\/wp-content\/uploads\/sites\/12\/2016\/07\/don-bosco-y-san-vicente-de-paul.jpg?fit=1200%2C630&resize=350%2C200 1x, https:\/\/i0.wp.com\/vincentians.com\/it\/wp-content\/uploads\/sites\/12\/2016\/07\/don-bosco-y-san-vicente-de-paul.jpg?fit=1200%2C630&resize=525%2C300 1.5x, https:\/\/i0.wp.com\/vincentians.com\/it\/wp-content\/uploads\/sites\/12\/2016\/07\/don-bosco-y-san-vicente-de-paul.jpg?fit=1200%2C630&resize=700%2C400 2x, https:\/\/i0.wp.com\/vincentians.com\/it\/wp-content\/uploads\/sites\/12\/2016\/07\/don-bosco-y-san-vicente-de-paul.jpg?fit=1200%2C630&resize=1050%2C600 3x"},"classes":[]}],"_links":{"self":[{"href":"http:\/\/vincentians.com\/it\/wp-json\/wp\/v2\/posts\/45895","targetHints":{"allow":["GET"]}}],"collection":[{"href":"http:\/\/vincentians.com\/it\/wp-json\/wp\/v2\/posts"}],"about":[{"href":"http:\/\/vincentians.com\/it\/wp-json\/wp\/v2\/types\/post"}],"author":[{"embeddable":true,"href":"http:\/\/vincentians.com\/it\/wp-json\/wp\/v2\/users\/4"}],"replies":[{"embeddable":true,"href":"http:\/\/vincentians.com\/it\/wp-json\/wp\/v2\/comments?post=45895"}],"version-history":[{"count":0,"href":"http:\/\/vincentians.com\/it\/wp-json\/wp\/v2\/posts\/45895\/revisions"}],"wp:featuredmedia":[{"embeddable":true,"href":"http:\/\/vincentians.com\/it\/wp-json\/wp\/v2\/media\/153784"}],"wp:attachment":[{"href":"http:\/\/vincentians.com\/it\/wp-json\/wp\/v2\/media?parent=45895"}],"wp:term":[{"taxonomy":"category","embeddable":true,"href":"http:\/\/vincentians.com\/it\/wp-json\/wp\/v2\/categories?post=45895"},{"taxonomy":"post_tag","embeddable":true,"href":"http:\/\/vincentians.com\/it\/wp-json\/wp\/v2\/tags?post=45895"}],"curies":[{"name":"wp","href":"https:\/\/api.w.org\/{rel}","templated":true}]}}