{"id":45892,"date":"2016-07-30T14:00:02","date_gmt":"2016-07-30T12:00:02","guid":{"rendered":"http:\/\/somos.vicencianos.org\/blog\/2011\/07\/il-cristiano-guidato-alla-virtu-ed-alla-civilta-secondo-lo-spirito-di-san-vincenzo-de-paoli-giorno-quinto\/"},"modified":"2016-07-25T07:37:21","modified_gmt":"2016-07-25T05:37:21","slug":"il-cristiano-guidato-alla-virtu-ed-alla-civilta-secondo-lo-spirito-di-san-vincenzo-de-paoli-giorno-quinto","status":"publish","type":"post","link":"http:\/\/vincentians.com\/it\/il-cristiano-guidato-alla-virtu-ed-alla-civilta-secondo-lo-spirito-di-san-vincenzo-de-paoli-giorno-quinto\/","title":{"rendered":"Il cristiano guidato alla virt\u00f9 ed alla civilt\u00e0 secondo lo spirito di San Vincenzo De&#8217; Paoli. Giorno quinto"},"content":{"rendered":"<p><strong>Giorno quinto. Sua carit\u00e0 verso il prossimo e specialmente versi de&#8217;condannati alle galere.<\/strong><\/p>\n<p>Bench\u00e8 i bisogni de&#8217;poveri della campagna fossero il grande oggetto dello zelo di san Vincenzo, non limitavasi per altro a questi; tuttoci\u00f2 che portava l&#8217;impronto della miseria era di sua pertinenza. Non aveva bisogno di sollecitazioni, n\u00e8 di preghiere importune, andava in cerca de&#8217;pi\u00f9 miserabili e si affrettava a sollevare quegli stessi, i quali non avevano giammai pensato d&#8217;implorare il suo soccorso. Non cos\u00ec tosto ritornava dalle Missioni, che per sollevarsi dalle fatiche inseparabili da s\u00ec penoso ministero, visitava gli ospedali e le prigioni, e prodigava a&#8217;prigionieri ed a&#8217; malati tutti i servigi che poteva. La sua inclinazione spingendolo sempre laddove trovavasi maggior quantit\u00e0 di piaghe da guarire, volle sapere com&#8217;erano trattati i forzati a Parigi prima di esser condotti a Marsiglia. Lo fecero entrare nelle pi\u00f9 secrete prigioni; s&#8217; immaginava bens\u00ec di trovarvi molta miseria, ma assai pi\u00f9 ne trov\u00f2 di quella ch&#8217; aveva creduto. Ecco un&#8217; idea in poche parole de&#8217; disgraziati rinchiusi in oscure e profonde caverne, <em>divorati da insetti schifosi, estenuati dal languore e dalla povert\u00e0, e interamente trascurati quanto al corpo e quanto all&#8217;anima<\/em>.<\/p>\n<p>Un trattamento s\u00ec opposto alle regole del cristianesimo e dell&#8217;umanit\u00e0 stessa commosse vivamente il santo Sacerdote; non si dissimul\u00f2 che il rimedio ad un s\u00ec gran male costerebbe molto. Da una parte si trattava di sollevare un gran numero di miserabili, dall&#8217;altra bisognava raddolcire il loro stato senza sottrarli alla giustizia; inspirare un salutar timore de&#8217; giudizi di Dio ad uomini che non ci avevano mai pensato, insegnare ad una moltitudine di cuori ostinati nella colpa, a santificare coll&#8217;amore e colla pazienza quei medesimi patimenti che gl&#8217;inasprivano, e che erano per essi un&#8217; occasione cos\u00ec prossima e continua di bestemmia e disperazione. Per loro ventura non conosceva Vincenzo che cosa fosso difficolt\u00e0 quando si trattava di procurare la gloria di Dio, e di soccorrere gli afflitti.<\/p>\n<p>Ripieno ancora delle emozioni cagionategli da que&#8217; tristi oggetti ne parl\u00f2 col Signor de&#8217; Gondi generale delle galere: gli rappresent\u00f2 que&#8217; colpevoli appartenere a lui, e mentre s&#8217;indugiava per condurli al luogo lor destinato, essere proprio della sua carit\u00e0 di non soffrire che restassero senza consolazione propose un. mezzo onde assisterli corporalmente e spiritualmente; il Sig. de&#8217; Gondi lo approv\u00f2, e diede a Vincenzo un pieno potere onde eseguirlo.<\/p>\n<p>Il sant&#8217; Uomo affitt\u00f2 una casa, ove riun\u00ec tutti i forzati dispersi nelle diverse. prigioni della citt\u00e0. Non avendo per questa buona opera altri fondi tranne quelli della Provvidenza, mise in qualche modo a contribuzione quelli fra i suoi amici che erano in situazione di supplire alla sposa. Il Vescovo di Parigi prese parte a&#8217;suoi disegni, e con un monitorio del i giugno dell&#8217; anno 1618 ingiunse a&#8217; Parrochi, a&#8217; Vicari ed a&#8217; Predicatori della stessa citt\u00e0, di esortare i popoli a concorrere ad una s\u00ec santa impresa. Le sollecitudini che si diede Vincenzo non furono inutili, il suo esempio fu seguito da molti, talmente che si vide in grado, dopo aver rimediato ad una parte de&#8217; bisogni del corpo, di poter cominciare a mitigar quelli dell&#8217;anima. Spesso visitava i forzati, e loro parlava di Dio con una forza piena di dolcezza, instruivali intorno alle verit\u00e0 della fede e alle loro obbligazioni; faceva loro sentire, che sebbene involontarie fossero le loro pene, potevano essere sopportate in un modo da essere meritorie; aggiungeva questa acquiescenza perfetta diminuirebbe la loro amarezza, e giustamente parlando, non vi erano vere pene, se non quelle che devono gastigare l&#8217;impenitenza finale per tutta l&#8217;eternit\u00e0.<\/p>\n<p>Questi discorsi fecero una grande impressione sopra uomini i quali non vi erano punto assuefatti, e renduti eziandio pi\u00f9 attenti dai buoni trattamenti che di continuo ricevevano, si videro molti segni di un dolore sincero. Le confessioni generali col tempo condussero al termine ci\u00f2 che le esortazioni avevano cominciato. Vincenzo ebbe la consolazione di veder uomini, i quali sovente avevano dimenticato Iddio per un lungo corso d&#8217;anni, appressarsi a&#8217; Santi Sacramenti con disposizioni capaci di animare altres\u00ec le persone gi\u00e0 inoltrate nella virt\u00f9.<\/p>\n<p>Questo cangiamento mentre annunziava in un modo tanto sensibile la forza della mano dell&#8217;Altissimo fece molto onore al nostro Santo, sia in Parigi, che alla Corte. Non si poteva concepire come un sul uomo potesse farne sussistere tanti altri, n\u00e8 con quale destrezza avesse potuto soggiogare cuori naturalmente feroci, n\u00e8 ove trovasse forze bastanti per sostenere, senza posarsi un momento, tante funzioni s\u00ec varie e s\u00ec pericolose. Difatti il Santo Sacerdote trattenevasi ogni giorno per un tempo considerabile presso i forzati e rendeva loro servigi d&#8217;ogni specie. Le malattie contagiose dalle quali erano qualche volta infetti non lo respingevano; anzi richiudevasi con essi ond&#8217; essere pi\u00f9 in agio di consolarli e di soccorrerli.<\/p>\n<p>Quando altri affari, di cui era sopraccaricato, lo chiamavano altrove, ne lasciava la cura a due virtuosi ecclesiastici dal medesimo spirito animati. Essi alloggiavano in questo nuovo spedale di forzati, vi celebravano la messa, e nudrivano ogni d\u00ec la semente quale il nostro Santo aveva s\u00ec felicemente gettata. Egli non li lasciava soli che il minor tempo possibile. il suo tesoro era in mezzo di questa terra nuovamente dissodata, il suo cuore vi era incessantemente richiamato.<\/p>\n<p>Il signor de&#8217; Gondi, egualmente sorpreso ed edificato dell&#8217; ordine da Vincenzo stabilito in fra uomini i quali mai non ne aveano conosciuto, stabil\u00ec d&#8217;introdurlo in tutte le galere del regno. Espose al Re la grande capacit\u00e0 e lo zelo del nostro Santo, e gli fece comprendere che, col favore della corte non mancherebbe di procurare in molti luoghi i vantaggi che aveva gi\u00e0 procurato a Parigi. Luigi XIII acconsent\u00ec volentieri ad una proposizione s\u00ec giusta, stabil\u00ec Vincenzo Cappellano Regio e generale di tutte le galere.<\/p>\n<p>Nel 1622 Vincenzo and\u00f2 a Marsiglia in soccorso de&#8217;forzati. Chi \u00e8 pratico di questi luoghi capisce che il solo nome di forzato rappresenta assai spesso l&#8217;idea d&#8217;una moltitudine di scellerati, i quali nel proprio delitto detestano la sola pena che ne \u00e8 la conseguenza; i quali dall&#8217;eccesso del gastigo resi insolenti e furiosi credono vendicarsi colte loro bestemmie contra Dio de&#8217; cattivi trattamenti ricevuti dagli uomini, simili in qualche modo a quegli angeli delle tenebre, i quali puniti da Dio con tanto rigore, cangiano di luogo e di clima senza cangiar mai di situazione, perch\u00e8 portano ovunque la loro prigione, le lor catene, e le loro perverse disposizioni. Al primo entrare in que&#8217; tetri luoghi trovavasi una parte di ci\u00f2 che pu\u00f2 servire a formarsi un&#8217;idea dell&#8217;inferno: si vedeva un ammasso di disgraziati che soffrivano da disperati, e pronunziavano il nome di Dio come lo pronunziano i demoni, cio\u00e8 per bestemmiarlo; che raddoppiavano i loro supplizi, maledicendo quella mano la quale li percuoteva. Alla vista di questo spettacolo il sant&#8217;Uomo si sent\u00ec commosso, ma non stette contento ad una sterile compassione.<\/p>\n<p>Qual tenero padre and\u00f2 a visitare quegli infelici, ascoltava i loro lamenti con molta pazienza,, piangeva con chi piangeva, baciava le lor catene e te bagnava di lagrime, alle parole univa per quanto il poteva l&#8217;elemosina, e con questa si apri la strada ai cuori; parl\u00f2 ancora agli ufficiali ed impiegati, gl&#8217;indusse a trattare con maggior riguardi degli uomini che soffrivano di gi\u00e0 assai. Le sue cure non riuscirono inutili, si vide pi\u00f9 umanit\u00e0 da una parte, e pi\u00f9 docilit\u00e0 dall&#8217; altra; lo spirito di pace s&#8217;introdusse progressivamente, le doglianze si calmarono, i cappellani ordinari poterono parlare liberamente d&#8217;Iddio, delle cose dell&#8217;anima, e conobbero che gli stessi forzati sono altres\u00ec capaci di virt\u00f9.<\/p>\n<p>Il Santo diede una Missione a Bord\u00f2, ove il sig. de&#8217;Gondi avendo condotto dieci galere, Vincenzo scelse venti de&#8217; migliori operai evangelici e li distribu\u00ec due a due in ogni galera. Egli era presente dovunque; guadagn\u00f2 a Dio un maomettano, il quale fu sempre s\u00ec riconoscente alla grazia che il sant&#8217;Uomo gli avea procurata, che l&#8217;onorava come padre. Ebbe il Santo la consolazione di vedere un gran numero di forzati convertirsi con tutta la sincerit\u00e0 del loro cuore.<\/p>\n<p>Si port\u00f2 pure Vincenzo a Parigi dove procur\u00f2 lo stesso bene nelle prigioni instituendo un ospizio per i forzati. La Divina provvidenza lo aiut\u00f2 mirabilmente inspirando una persona virtuosa dilegare sei mila lire di rendita al novello ospizio. Fu stabilito che il procuratore generale avrebbe in perpetuo l&#8217;amministrazione temporale di questa specie di spelate, le figlie delta carit\u00e0 sarebbero destinate al servizio de&#8217; disgraziati, e sopra tutto degli ammalati; che ogni anno si darebbe ad alcuni preti determinati la somma di trecento lire, colta obbligazione di rendere loro lutti i servizi spirituali che i preti della Missione avevano reso fin allora. Lo zelo di questi virtuosi ecclesiastici non rallent\u00f2 quello del Santo per la salvezza de&#8217; forzati. Si adoper\u00f2 di maniera che da quando in quando si facessero delle missioni, soprattutto allorch\u00e8 essi erano in punto d&#8217;essere condotti alle galere, vale a dire precisamente in quel tempo, in cui essi avevano maggior bisogno di rassegnazione, ed in cui era pi\u00f9 opportuno il disporli a fare un sant&#8217;uso delle loro pene.<\/p>\n<p>La sua tenerezza per essi non limitossi solamente a&#8217; servigi di cui parliamo, ma li sollev\u00f2 nel luogo stesso ove maggiormente soffrivano. Lo stato tristo di quelli tra i forzati che ammalavano in Marsiglia l&#8217;avea commosso assai. Interamente abbandonati, sempre attaccati alle loro catene, oppressi dai dolori, pressoch\u00e8 consunti dal fracidume e dall&#8217;infezione, quei cadaveri tutt&#8217;ora viventi provavano gli orrori del sepolcro. Vincenzo non pot\u00e8 senza una profonda emozione vedere uomini formati ad immagine di Dio, cristiani redenti dal sangue di Ges\u00f9 Cristo, ridotti a morire quali bestie.<\/p>\n<p>Egli ricorsa al Cardinale di Richelieu; gli rappresent\u00f2 l&#8217;orribile stato in cui trovavansi i forzali a Marsiglia nel tempo delle lor malattie, e la necessit\u00e0 di fondare un ospedale per loro. Il Cardinale fece aggradire questo progetto al Re, il quale assegn\u00f2 in seguilo a sostegno dell&#8217; ospedale dodici mila lire di annua rendita sulle gabelle della provincia, e divenne in poco tempo uno de&#8217;pi\u00f9 comodi del regno. Vi si trovarono trecento letti, gli ammalati furono serviti da altri forzati i quali venivano sorvegliati da uomini liberi. I preti della Missione vennero incaricati dello spirituale. Questo stabilimento fu una sorgente di benedizioni per i forzati e per gli stessi maomettani; poich\u00e8 tocchi costoro dalla carit\u00e0 che aveva il Santo per essi rendevano omaggio ad una Religione che in Ges\u00f9 Cristo e per Ges\u00f9 Cristo forma un popolo solo di tutti i popoli dell&#8217;universo. La Duchessa di Aguillion aveva dato a&#8217;preti della Missione quattordici mila lire, a condizione che quattro di loro s&#8217;incaricassero dell&#8217;istituzione de&#8217;forzati, i quali facessero ad essi delle missioni ogni cinque anni, allorch\u00e8 le galere si trovassero a Marsiglia, o in altra parte del regno. Cos\u00ec un solo prete, un povero prete metteva in movimento quanto lo stato aveva di pi\u00f9 grande per procurare a&#8217; disgraziati, che considerava come suoi fratelli, tutti i soccorsi della pi\u00f9 attiva carit\u00e0.<\/p>\n<p>\u00abIl frutto della missione, scrisse il Vescovo di Marsiglia alla suddetta Duchessa, ha superato ogni aspettazione. Si trovaron da prima degli spiriti ignoranti e cos\u00ec ostinati ne&#8217; lor peccati e talmente inospiti contra la loro misera condizione, da non voler a niun patto sentir parlare di Dio: ma poco a poco la grazia del Signore coll&#8217;opera de&#8217;Missionari ha siffattamente ammollito il loro cuore, che mostrano al presente tanta contrizione quanta ostinatezza dimostravano per l&#8217;addietro. Sareste maravigliata, Signora, se conosceste il numero di quelli che passarono lunghissimi anni senza confessarsi. \u00ab Ve ne furono di quelli che avevano trascorso venticinque anni in questo stato, e protestavano di non voler fare nulla fino a tanto che restassero nella schiavit\u00f9, ma finalmente Nostro Signore si \u00e8 impadronito di loro, ed ha scacciato Satana da quelle anime sulle quali aveva usurpato un grande impero. Lodo Dio d&#8217;avervi inspirato un tanto bene (di fondare una missione); ed \u00e8 l&#8217;arrivo di questi Missionari che m&#8217;ha interamente determinato a questa missione, che forse avrei differita ad altro tempo; e ci\u00f2 non ostante sarebbe forse accaduto che alcuni fra di essi sarebbero morti nel miserabile stato in cui erano. lo non vi posso \u00ab esprimere quante benedizioni questi poveri forzati danno a coloro, i quali procurarono loro un soccorso cotanto salutare. Io cerco i mezzi onde possano continuare nelle buone disposizioni in cui si trovano, vado ora ad accordare l&#8217; assoluzione a quattro \u00ab eretici, che furono convertiti nelle galere, (per cura di Vincenzo) altri ve ne sono che hanno la medesima disposizione; poich\u00e9 queste cose straordinarie li commo vono assai.\u00bb<\/p>\n<p>In un&#8217;altra missione trenta eretici in circa fecero Ia loro abiura, un turco fu battezzato sulla galera, altri nove lo furono egualmente ma con maggior solennit\u00e0 nella Chiesa Cattedrale, ove furono condotti come in trionfo alla vista di un gran popolo il quale benediceva Dio. Il disegno de&#8217; Missionari nel rendere solenne quell&#8217;azione, era di scuotere qualche altro turco, che sembrava esitare. La conversione di questi dieci musulmani era scala preceduta da quella di altri sette battezzati dal Vescovo di Marsiglia. Quanto mai queste cose sono preziose agli occhi di colui, il quale lascia le novantanove pecore nel deserto, per correre dietro ad una sola smarrita. Fecero i missionari di quando in quando delle missioni sopra le galere sia a Marsiglia, che a Tolone; tutte hanno impedito de&#8217; grandi mali, ed aumentarono il numero degli eletti.<\/p>\n<p><em>\u00a0Frutto<\/em>. Chi non pu\u00f2 prestarsi per li detenuti, si presti per li schiavi del demonio animando e consigliando altri a lasciare il peccato e porsi in grazia di Dio.<\/p>\n","protected":false},"excerpt":{"rendered":"<p>Giorno quinto. Sua carit\u00e0 verso il prossimo e specialmente versi de&#8217;condannati alle galere. Bench\u00e8 i bisogni de&#8217;poveri della campagna fossero il grande oggetto dello zelo di san Vincenzo, non limitavasi per altro a questi; tuttoci\u00f2 &#8230; <a href=\"http:\/\/vincentians.com\/it\/il-cristiano-guidato-alla-virtu-ed-alla-civilta-secondo-lo-spirito-di-san-vincenzo-de-paoli-giorno-quinto\/\" class=\"more-link\">Read More<\/a><\/p>\n","protected":false},"author":4,"featured_media":153784,"comment_status":"open","ping_status":"open","sticky":false,"template":"","format":"standard","meta":{"jetpack_post_was_ever_published":false,"_jetpack_newsletter_access":"","_jetpack_dont_email_post_to_subs":false,"_jetpack_newsletter_tier_id":0,"_jetpack_memberships_contains_paywalled_content":false,"_jetpack_memberships_contains_paid_content":false,"footnotes":"","jetpack_publicize_message":"","jetpack_publicize_feature_enabled":true,"jetpack_social_post_already_shared":true,"jetpack_social_options":{"image_generator_settings":{"template":"highway","default_image_id":0,"font":"","enabled":false},"version":2}},"categories":[119],"tags":[],"class_list":["post-45892","post","type-post","status-publish","format-standard","has-post-thumbnail","hentry","category-vincenzo-de-paoli"],"yoast_head":"<!-- This site is optimized with the Yoast SEO plugin v26.3 - https:\/\/yoast.com\/wordpress\/plugins\/seo\/ -->\n<title>Il cristiano guidato alla virt\u00f9 ed alla civilt\u00e0 secondo lo spirito di San Vincenzo De&#039; Paoli. Giorno quinto - Siamo Vincenziani<\/title>\n<meta name=\"robots\" content=\"index, follow, max-snippet:-1, max-image-preview:large, max-video-preview:-1\" \/>\n<link rel=\"canonical\" href=\"http:\/\/vincentians.com\/it\/il-cristiano-guidato-alla-virtu-ed-alla-civilta-secondo-lo-spirito-di-san-vincenzo-de-paoli-giorno-quinto\/\" \/>\n<meta property=\"og:locale\" content=\"it_IT\" \/>\n<meta property=\"og:type\" content=\"article\" \/>\n<meta property=\"og:title\" content=\"Il cristiano guidato alla virt\u00f9 ed alla civilt\u00e0 secondo lo spirito di San Vincenzo De&#039; Paoli. Giorno quinto - Siamo Vincenziani\" \/>\n<meta property=\"og:description\" content=\"Giorno quinto. Sua carit\u00e0 verso il prossimo e specialmente versi de&#8217;condannati alle galere. Bench\u00e8 i bisogni de&#8217;poveri della campagna fossero il grande oggetto dello zelo di san Vincenzo, non limitavasi per altro a questi; tuttoci\u00f2 ... Read More\" \/>\n<meta property=\"og:url\" content=\"http:\/\/vincentians.com\/it\/il-cristiano-guidato-alla-virtu-ed-alla-civilta-secondo-lo-spirito-di-san-vincenzo-de-paoli-giorno-quinto\/\" \/>\n<meta property=\"og:site_name\" content=\"Siamo Vincenziani\" \/>\n<meta property=\"article:publisher\" content=\"https:\/\/www.facebook.com\/WeAreVincentians\/\" \/>\n<meta property=\"article:author\" content=\"https:\/\/www.facebook.com\/JavierChento\" \/>\n<meta property=\"article:published_time\" content=\"2016-07-30T12:00:02+00:00\" \/>\n<meta property=\"og:image\" content=\"https:\/\/i0.wp.com\/vincentians.com\/it\/wp-content\/uploads\/sites\/12\/2016\/07\/don-bosco-y-san-vicente-de-paul.jpg?fit=1200%2C630\" \/>\n\t<meta property=\"og:image:width\" content=\"1200\" \/>\n\t<meta property=\"og:image:height\" content=\"630\" \/>\n\t<meta property=\"og:image:type\" content=\"image\/jpeg\" \/>\n<meta name=\"author\" content=\"Francisco Javier Fern\u00e1ndez Chento\" \/>\n<meta name=\"twitter:card\" content=\"summary_large_image\" \/>\n<meta name=\"twitter:creator\" content=\"@https:\/\/twitter.com\/javierchento\" \/>\n<meta name=\"twitter:site\" content=\"@WeVincentians\" \/>\n<meta name=\"twitter:label1\" content=\"Scritto da\" \/>\n\t<meta name=\"twitter:data1\" content=\"Francisco Javier Fern\u00e1ndez Chento\" \/>\n\t<meta name=\"twitter:label2\" content=\"Tempo di lettura stimato\" \/>\n\t<meta name=\"twitter:data2\" content=\"11 minuti\" \/>\n<script type=\"application\/ld+json\" class=\"yoast-schema-graph\">{\"@context\":\"https:\/\/schema.org\",\"@graph\":[{\"@type\":\"Article\",\"@id\":\"http:\/\/vincentians.com\/it\/il-cristiano-guidato-alla-virtu-ed-alla-civilta-secondo-lo-spirito-di-san-vincenzo-de-paoli-giorno-quinto\/#article\",\"isPartOf\":{\"@id\":\"http:\/\/vincentians.com\/it\/il-cristiano-guidato-alla-virtu-ed-alla-civilta-secondo-lo-spirito-di-san-vincenzo-de-paoli-giorno-quinto\/\"},\"author\":{\"name\":\"Francisco Javier Fern\u00e1ndez Chento\",\"@id\":\"http:\/\/vincentians.com\/it\/#\/schema\/person\/9623ef4d9aa3b2dfb8c061f1499288f2\"},\"headline\":\"Il cristiano guidato alla virt\u00f9 ed alla civilt\u00e0 secondo lo spirito di San Vincenzo De&#8217; Paoli. Giorno quinto\",\"datePublished\":\"2016-07-30T12:00:02+00:00\",\"mainEntityOfPage\":{\"@id\":\"http:\/\/vincentians.com\/it\/il-cristiano-guidato-alla-virtu-ed-alla-civilta-secondo-lo-spirito-di-san-vincenzo-de-paoli-giorno-quinto\/\"},\"wordCount\":2230,\"commentCount\":0,\"publisher\":{\"@id\":\"http:\/\/vincentians.com\/it\/#organization\"},\"image\":{\"@id\":\"http:\/\/vincentians.com\/it\/il-cristiano-guidato-alla-virtu-ed-alla-civilta-secondo-lo-spirito-di-san-vincenzo-de-paoli-giorno-quinto\/#primaryimage\"},\"thumbnailUrl\":\"https:\/\/i0.wp.com\/vincentians.com\/it\/wp-content\/uploads\/sites\/12\/2016\/07\/don-bosco-y-san-vicente-de-paul.jpg?fit=1200%2C630\",\"articleSection\":[\"Vincenzo de' Paoli\"],\"inLanguage\":\"it-IT\",\"potentialAction\":[{\"@type\":\"CommentAction\",\"name\":\"Comment\",\"target\":[\"http:\/\/vincentians.com\/it\/il-cristiano-guidato-alla-virtu-ed-alla-civilta-secondo-lo-spirito-di-san-vincenzo-de-paoli-giorno-quinto\/#respond\"]}]},{\"@type\":\"WebPage\",\"@id\":\"http:\/\/vincentians.com\/it\/il-cristiano-guidato-alla-virtu-ed-alla-civilta-secondo-lo-spirito-di-san-vincenzo-de-paoli-giorno-quinto\/\",\"url\":\"http:\/\/vincentians.com\/it\/il-cristiano-guidato-alla-virtu-ed-alla-civilta-secondo-lo-spirito-di-san-vincenzo-de-paoli-giorno-quinto\/\",\"name\":\"Il cristiano guidato alla virt\u00f9 ed alla civilt\u00e0 secondo lo spirito di San Vincenzo De' Paoli. Giorno quinto - Siamo Vincenziani\",\"isPartOf\":{\"@id\":\"http:\/\/vincentians.com\/it\/#website\"},\"primaryImageOfPage\":{\"@id\":\"http:\/\/vincentians.com\/it\/il-cristiano-guidato-alla-virtu-ed-alla-civilta-secondo-lo-spirito-di-san-vincenzo-de-paoli-giorno-quinto\/#primaryimage\"},\"image\":{\"@id\":\"http:\/\/vincentians.com\/it\/il-cristiano-guidato-alla-virtu-ed-alla-civilta-secondo-lo-spirito-di-san-vincenzo-de-paoli-giorno-quinto\/#primaryimage\"},\"thumbnailUrl\":\"https:\/\/i0.wp.com\/vincentians.com\/it\/wp-content\/uploads\/sites\/12\/2016\/07\/don-bosco-y-san-vicente-de-paul.jpg?fit=1200%2C630\",\"datePublished\":\"2016-07-30T12:00:02+00:00\",\"breadcrumb\":{\"@id\":\"http:\/\/vincentians.com\/it\/il-cristiano-guidato-alla-virtu-ed-alla-civilta-secondo-lo-spirito-di-san-vincenzo-de-paoli-giorno-quinto\/#breadcrumb\"},\"inLanguage\":\"it-IT\",\"potentialAction\":[{\"@type\":\"ReadAction\",\"target\":[\"http:\/\/vincentians.com\/it\/il-cristiano-guidato-alla-virtu-ed-alla-civilta-secondo-lo-spirito-di-san-vincenzo-de-paoli-giorno-quinto\/\"]}]},{\"@type\":\"ImageObject\",\"inLanguage\":\"it-IT\",\"@id\":\"http:\/\/vincentians.com\/it\/il-cristiano-guidato-alla-virtu-ed-alla-civilta-secondo-lo-spirito-di-san-vincenzo-de-paoli-giorno-quinto\/#primaryimage\",\"url\":\"https:\/\/i0.wp.com\/vincentians.com\/it\/wp-content\/uploads\/sites\/12\/2016\/07\/don-bosco-y-san-vicente-de-paul.jpg?fit=1200%2C630\",\"contentUrl\":\"https:\/\/i0.wp.com\/vincentians.com\/it\/wp-content\/uploads\/sites\/12\/2016\/07\/don-bosco-y-san-vicente-de-paul.jpg?fit=1200%2C630\",\"width\":1200,\"height\":630},{\"@type\":\"BreadcrumbList\",\"@id\":\"http:\/\/vincentians.com\/it\/il-cristiano-guidato-alla-virtu-ed-alla-civilta-secondo-lo-spirito-di-san-vincenzo-de-paoli-giorno-quinto\/#breadcrumb\",\"itemListElement\":[{\"@type\":\"ListItem\",\"position\":1,\"name\":\"Portada\",\"item\":\"http:\/\/vincentians.com\/it\/\"},{\"@type\":\"ListItem\",\"position\":2,\"name\":\"Il cristiano guidato alla virt\u00f9 ed alla civilt\u00e0 secondo lo spirito di San Vincenzo De&#8217; Paoli. Giorno quinto\"}]},{\"@type\":\"WebSite\",\"@id\":\"http:\/\/vincentians.com\/it\/#website\",\"url\":\"http:\/\/vincentians.com\/it\/\",\"name\":\"Siamo Vincenziani\",\"description\":\"Know more to serve more\",\"publisher\":{\"@id\":\"http:\/\/vincentians.com\/it\/#organization\"},\"potentialAction\":[{\"@type\":\"SearchAction\",\"target\":{\"@type\":\"EntryPoint\",\"urlTemplate\":\"http:\/\/vincentians.com\/it\/?s={search_term_string}\"},\"query-input\":{\"@type\":\"PropertyValueSpecification\",\"valueRequired\":true,\"valueName\":\"search_term_string\"}}],\"inLanguage\":\"it-IT\"},{\"@type\":\"Organization\",\"@id\":\"http:\/\/vincentians.com\/it\/#organization\",\"name\":\"The Vincentian Network\",\"url\":\"http:\/\/vincentians.com\/it\/\",\"logo\":{\"@type\":\"ImageObject\",\"inLanguage\":\"it-IT\",\"@id\":\"http:\/\/vincentians.com\/it\/#\/schema\/logo\/image\/\",\"url\":\"https:\/\/i0.wp.com\/vincentians.com\/it\/wp-content\/uploads\/sites\/12\/2016\/06\/Vincentian-Network-logo-big.png?fit=778%2C778\",\"contentUrl\":\"https:\/\/i0.wp.com\/vincentians.com\/it\/wp-content\/uploads\/sites\/12\/2016\/06\/Vincentian-Network-logo-big.png?fit=778%2C778\",\"width\":778,\"height\":778,\"caption\":\"The Vincentian Network\"},\"image\":{\"@id\":\"http:\/\/vincentians.com\/it\/#\/schema\/logo\/image\/\"},\"sameAs\":[\"https:\/\/www.facebook.com\/WeAreVincentians\/\",\"https:\/\/x.com\/WeVincentians\"]},{\"@type\":\"Person\",\"@id\":\"http:\/\/vincentians.com\/it\/#\/schema\/person\/9623ef4d9aa3b2dfb8c061f1499288f2\",\"name\":\"Francisco Javier Fern\u00e1ndez Chento\",\"image\":{\"@type\":\"ImageObject\",\"inLanguage\":\"it-IT\",\"@id\":\"http:\/\/vincentians.com\/it\/#\/schema\/person\/image\/\",\"url\":\"https:\/\/secure.gravatar.com\/avatar\/497d5cde87b4c3d097d0315953521681ba2cd523ee66e5077c3711f7021e65de?s=96&d=mm&r=g\",\"contentUrl\":\"https:\/\/secure.gravatar.com\/avatar\/497d5cde87b4c3d097d0315953521681ba2cd523ee66e5077c3711f7021e65de?s=96&d=mm&r=g\",\"caption\":\"Francisco Javier Fern\u00e1ndez Chento\"},\"description\":\"Director General y cofundador de La Red de Formaci\u00f3n Vicenciana. Javier es laico vicenciano, afiliado a la Congregaci\u00f3n de la Misi\u00f3n y miembro del Equipo de Misiones Populares de la provincia can\u00f3nica de Zaragoza (Espa\u00f1a) de la Congregaci\u00f3n de la Misi\u00f3n. Graduado en la Universidad Oberta de Catalunya con cuatro grados (Asistente de direcci\u00f3n, Gesti\u00f3n Administrativa, Recursos Humanos y Contabilidad Avanzada). Bil\u00edng\u00fce Espa\u00f1ol\/Ingl\u00e9s. gestiona y mantiene varias p\u00e1ginas web cristianas y vicencianas, incluida including La Red de Formaci\u00f3n Vicenciana, de la que es cofundador. Actualmente es responsable del \u00e1rea de Espa\u00f1ol de .famvin, la Red de Noticias de la Familia Vicenciana. Tambi\u00e9n es m\u00fasico cat\u00f3lico y ha editado varios discos. Es Director General y cofundador de Trovador, una reconocida compa\u00f1\u00eda discogr\u00e1fica critiana de Espa\u00f1a. Trabaja en las Tecnolog\u00edas de la Informaci\u00f3n, ofreciendo servicios de alojamiento, dise\u00f1o y mantenimiento Web, as\u00ed como asesoramiento, formaci\u00f3n y soluciones inform\u00e1ticas, gesti\u00f3n documental y digitalizaci\u00f3n de textos, edici\u00f3n y maquetaci\u00f3n de libros, revistas, flyers, etc.\",\"sameAs\":[\"http:\/\/chento.org\",\"https:\/\/www.facebook.com\/JavierChento\",\"https:\/\/x.com\/https:\/\/twitter.com\/javierchento\"],\"url\":\"http:\/\/vincentians.com\/it\/author\/chento\/\"}]}<\/script>\n<!-- \/ Yoast SEO plugin. -->","yoast_head_json":{"title":"Il cristiano guidato alla virt\u00f9 ed alla civilt\u00e0 secondo lo spirito di San Vincenzo De' Paoli. Giorno quinto - Siamo Vincenziani","robots":{"index":"index","follow":"follow","max-snippet":"max-snippet:-1","max-image-preview":"max-image-preview:large","max-video-preview":"max-video-preview:-1"},"canonical":"http:\/\/vincentians.com\/it\/il-cristiano-guidato-alla-virtu-ed-alla-civilta-secondo-lo-spirito-di-san-vincenzo-de-paoli-giorno-quinto\/","og_locale":"it_IT","og_type":"article","og_title":"Il cristiano guidato alla virt\u00f9 ed alla civilt\u00e0 secondo lo spirito di San Vincenzo De' Paoli. Giorno quinto - Siamo Vincenziani","og_description":"Giorno quinto. Sua carit\u00e0 verso il prossimo e specialmente versi de&#8217;condannati alle galere. Bench\u00e8 i bisogni de&#8217;poveri della campagna fossero il grande oggetto dello zelo di san Vincenzo, non limitavasi per altro a questi; tuttoci\u00f2 ... Read More","og_url":"http:\/\/vincentians.com\/it\/il-cristiano-guidato-alla-virtu-ed-alla-civilta-secondo-lo-spirito-di-san-vincenzo-de-paoli-giorno-quinto\/","og_site_name":"Siamo Vincenziani","article_publisher":"https:\/\/www.facebook.com\/WeAreVincentians\/","article_author":"https:\/\/www.facebook.com\/JavierChento","article_published_time":"2016-07-30T12:00:02+00:00","og_image":[{"width":1200,"height":630,"url":"https:\/\/i0.wp.com\/vincentians.com\/it\/wp-content\/uploads\/sites\/12\/2016\/07\/don-bosco-y-san-vicente-de-paul.jpg?fit=1200%2C630","type":"image\/jpeg"}],"author":"Francisco Javier Fern\u00e1ndez Chento","twitter_card":"summary_large_image","twitter_creator":"@https:\/\/twitter.com\/javierchento","twitter_site":"@WeVincentians","twitter_misc":{"Scritto da":"Francisco Javier Fern\u00e1ndez Chento","Tempo di lettura stimato":"11 minuti"},"schema":{"@context":"https:\/\/schema.org","@graph":[{"@type":"Article","@id":"http:\/\/vincentians.com\/it\/il-cristiano-guidato-alla-virtu-ed-alla-civilta-secondo-lo-spirito-di-san-vincenzo-de-paoli-giorno-quinto\/#article","isPartOf":{"@id":"http:\/\/vincentians.com\/it\/il-cristiano-guidato-alla-virtu-ed-alla-civilta-secondo-lo-spirito-di-san-vincenzo-de-paoli-giorno-quinto\/"},"author":{"name":"Francisco Javier Fern\u00e1ndez Chento","@id":"http:\/\/vincentians.com\/it\/#\/schema\/person\/9623ef4d9aa3b2dfb8c061f1499288f2"},"headline":"Il cristiano guidato alla virt\u00f9 ed alla civilt\u00e0 secondo lo spirito di San Vincenzo De&#8217; Paoli. Giorno quinto","datePublished":"2016-07-30T12:00:02+00:00","mainEntityOfPage":{"@id":"http:\/\/vincentians.com\/it\/il-cristiano-guidato-alla-virtu-ed-alla-civilta-secondo-lo-spirito-di-san-vincenzo-de-paoli-giorno-quinto\/"},"wordCount":2230,"commentCount":0,"publisher":{"@id":"http:\/\/vincentians.com\/it\/#organization"},"image":{"@id":"http:\/\/vincentians.com\/it\/il-cristiano-guidato-alla-virtu-ed-alla-civilta-secondo-lo-spirito-di-san-vincenzo-de-paoli-giorno-quinto\/#primaryimage"},"thumbnailUrl":"https:\/\/i0.wp.com\/vincentians.com\/it\/wp-content\/uploads\/sites\/12\/2016\/07\/don-bosco-y-san-vicente-de-paul.jpg?fit=1200%2C630","articleSection":["Vincenzo de' Paoli"],"inLanguage":"it-IT","potentialAction":[{"@type":"CommentAction","name":"Comment","target":["http:\/\/vincentians.com\/it\/il-cristiano-guidato-alla-virtu-ed-alla-civilta-secondo-lo-spirito-di-san-vincenzo-de-paoli-giorno-quinto\/#respond"]}]},{"@type":"WebPage","@id":"http:\/\/vincentians.com\/it\/il-cristiano-guidato-alla-virtu-ed-alla-civilta-secondo-lo-spirito-di-san-vincenzo-de-paoli-giorno-quinto\/","url":"http:\/\/vincentians.com\/it\/il-cristiano-guidato-alla-virtu-ed-alla-civilta-secondo-lo-spirito-di-san-vincenzo-de-paoli-giorno-quinto\/","name":"Il cristiano guidato alla virt\u00f9 ed alla civilt\u00e0 secondo lo spirito di San Vincenzo De' Paoli. Giorno quinto - Siamo Vincenziani","isPartOf":{"@id":"http:\/\/vincentians.com\/it\/#website"},"primaryImageOfPage":{"@id":"http:\/\/vincentians.com\/it\/il-cristiano-guidato-alla-virtu-ed-alla-civilta-secondo-lo-spirito-di-san-vincenzo-de-paoli-giorno-quinto\/#primaryimage"},"image":{"@id":"http:\/\/vincentians.com\/it\/il-cristiano-guidato-alla-virtu-ed-alla-civilta-secondo-lo-spirito-di-san-vincenzo-de-paoli-giorno-quinto\/#primaryimage"},"thumbnailUrl":"https:\/\/i0.wp.com\/vincentians.com\/it\/wp-content\/uploads\/sites\/12\/2016\/07\/don-bosco-y-san-vicente-de-paul.jpg?fit=1200%2C630","datePublished":"2016-07-30T12:00:02+00:00","breadcrumb":{"@id":"http:\/\/vincentians.com\/it\/il-cristiano-guidato-alla-virtu-ed-alla-civilta-secondo-lo-spirito-di-san-vincenzo-de-paoli-giorno-quinto\/#breadcrumb"},"inLanguage":"it-IT","potentialAction":[{"@type":"ReadAction","target":["http:\/\/vincentians.com\/it\/il-cristiano-guidato-alla-virtu-ed-alla-civilta-secondo-lo-spirito-di-san-vincenzo-de-paoli-giorno-quinto\/"]}]},{"@type":"ImageObject","inLanguage":"it-IT","@id":"http:\/\/vincentians.com\/it\/il-cristiano-guidato-alla-virtu-ed-alla-civilta-secondo-lo-spirito-di-san-vincenzo-de-paoli-giorno-quinto\/#primaryimage","url":"https:\/\/i0.wp.com\/vincentians.com\/it\/wp-content\/uploads\/sites\/12\/2016\/07\/don-bosco-y-san-vicente-de-paul.jpg?fit=1200%2C630","contentUrl":"https:\/\/i0.wp.com\/vincentians.com\/it\/wp-content\/uploads\/sites\/12\/2016\/07\/don-bosco-y-san-vicente-de-paul.jpg?fit=1200%2C630","width":1200,"height":630},{"@type":"BreadcrumbList","@id":"http:\/\/vincentians.com\/it\/il-cristiano-guidato-alla-virtu-ed-alla-civilta-secondo-lo-spirito-di-san-vincenzo-de-paoli-giorno-quinto\/#breadcrumb","itemListElement":[{"@type":"ListItem","position":1,"name":"Portada","item":"http:\/\/vincentians.com\/it\/"},{"@type":"ListItem","position":2,"name":"Il cristiano guidato alla virt\u00f9 ed alla civilt\u00e0 secondo lo spirito di San Vincenzo De&#8217; Paoli. Giorno quinto"}]},{"@type":"WebSite","@id":"http:\/\/vincentians.com\/it\/#website","url":"http:\/\/vincentians.com\/it\/","name":"Siamo Vincenziani","description":"Know more to serve more","publisher":{"@id":"http:\/\/vincentians.com\/it\/#organization"},"potentialAction":[{"@type":"SearchAction","target":{"@type":"EntryPoint","urlTemplate":"http:\/\/vincentians.com\/it\/?s={search_term_string}"},"query-input":{"@type":"PropertyValueSpecification","valueRequired":true,"valueName":"search_term_string"}}],"inLanguage":"it-IT"},{"@type":"Organization","@id":"http:\/\/vincentians.com\/it\/#organization","name":"The Vincentian Network","url":"http:\/\/vincentians.com\/it\/","logo":{"@type":"ImageObject","inLanguage":"it-IT","@id":"http:\/\/vincentians.com\/it\/#\/schema\/logo\/image\/","url":"https:\/\/i0.wp.com\/vincentians.com\/it\/wp-content\/uploads\/sites\/12\/2016\/06\/Vincentian-Network-logo-big.png?fit=778%2C778","contentUrl":"https:\/\/i0.wp.com\/vincentians.com\/it\/wp-content\/uploads\/sites\/12\/2016\/06\/Vincentian-Network-logo-big.png?fit=778%2C778","width":778,"height":778,"caption":"The Vincentian Network"},"image":{"@id":"http:\/\/vincentians.com\/it\/#\/schema\/logo\/image\/"},"sameAs":["https:\/\/www.facebook.com\/WeAreVincentians\/","https:\/\/x.com\/WeVincentians"]},{"@type":"Person","@id":"http:\/\/vincentians.com\/it\/#\/schema\/person\/9623ef4d9aa3b2dfb8c061f1499288f2","name":"Francisco Javier Fern\u00e1ndez Chento","image":{"@type":"ImageObject","inLanguage":"it-IT","@id":"http:\/\/vincentians.com\/it\/#\/schema\/person\/image\/","url":"https:\/\/secure.gravatar.com\/avatar\/497d5cde87b4c3d097d0315953521681ba2cd523ee66e5077c3711f7021e65de?s=96&d=mm&r=g","contentUrl":"https:\/\/secure.gravatar.com\/avatar\/497d5cde87b4c3d097d0315953521681ba2cd523ee66e5077c3711f7021e65de?s=96&d=mm&r=g","caption":"Francisco Javier Fern\u00e1ndez Chento"},"description":"Director General y cofundador de La Red de Formaci\u00f3n Vicenciana. Javier es laico vicenciano, afiliado a la Congregaci\u00f3n de la Misi\u00f3n y miembro del Equipo de Misiones Populares de la provincia can\u00f3nica de Zaragoza (Espa\u00f1a) de la Congregaci\u00f3n de la Misi\u00f3n. Graduado en la Universidad Oberta de Catalunya con cuatro grados (Asistente de direcci\u00f3n, Gesti\u00f3n Administrativa, Recursos Humanos y Contabilidad Avanzada). Bil\u00edng\u00fce Espa\u00f1ol\/Ingl\u00e9s. gestiona y mantiene varias p\u00e1ginas web cristianas y vicencianas, incluida including La Red de Formaci\u00f3n Vicenciana, de la que es cofundador. Actualmente es responsable del \u00e1rea de Espa\u00f1ol de .famvin, la Red de Noticias de la Familia Vicenciana. Tambi\u00e9n es m\u00fasico cat\u00f3lico y ha editado varios discos. Es Director General y cofundador de Trovador, una reconocida compa\u00f1\u00eda discogr\u00e1fica critiana de Espa\u00f1a. Trabaja en las Tecnolog\u00edas de la Informaci\u00f3n, ofreciendo servicios de alojamiento, dise\u00f1o y mantenimiento Web, as\u00ed como asesoramiento, formaci\u00f3n y soluciones inform\u00e1ticas, gesti\u00f3n documental y digitalizaci\u00f3n de textos, edici\u00f3n y maquetaci\u00f3n de libros, revistas, flyers, etc.","sameAs":["http:\/\/chento.org","https:\/\/www.facebook.com\/JavierChento","https:\/\/x.com\/https:\/\/twitter.com\/javierchento"],"url":"http:\/\/vincentians.com\/it\/author\/chento\/"}]}},"jetpack_publicize_connections":[],"jetpack_featured_media_url":"https:\/\/i0.wp.com\/vincentians.com\/it\/wp-content\/uploads\/sites\/12\/2016\/07\/don-bosco-y-san-vicente-de-paul.jpg?fit=1200%2C630","jetpack_sharing_enabled":true,"jetpack_shortlink":"https:\/\/wp.me\/p7ETFo-bWc","jetpack-related-posts":[{"id":45890,"url":"http:\/\/vincentians.com\/it\/il-cristiano-guidato-alla-virtu-ed-alla-civilta-secondo-lo-spirito-di-san-vincenzo-de-paoli-giorno-terzo\/","url_meta":{"origin":45892,"position":0},"title":"Il cristiano guidato alla virt\u00f9 ed alla civilt\u00e0 secondo lo spirito di San Vincenzo De&#8217; Paoli. Giorno terzo","author":"Francisco Javier Fern\u00e1ndez Chento","date":"28\/07\/2016","format":false,"excerpt":"Giorno terzo. Sua carit\u00e0 verso de'mendici. La virt\u00f9 che caratterizza essenzialmente il cristiano \u00e8 la carit\u00e0. L'uomo privo di questa virt\u00f9, dice s. Gioanni, \u00e8 come un corpo morto incapace di agire. Motivo per cui S. Paolo la chiama la pi\u00f9 bella e la maggiore di tutte, la quale solleva\u2026","rel":"","context":"In &quot;Vincenzo de' Paoli&quot;","block_context":{"text":"Vincenzo de' Paoli","link":"http:\/\/vincentians.com\/it\/category\/vincenzo-de-paoli\/"},"img":{"alt_text":"","src":"https:\/\/i0.wp.com\/vincentians.com\/it\/wp-content\/uploads\/sites\/12\/2016\/07\/don-bosco-y-san-vicente-de-paul.jpg?fit=1200%2C630&resize=350%2C200","width":350,"height":200,"srcset":"https:\/\/i0.wp.com\/vincentians.com\/it\/wp-content\/uploads\/sites\/12\/2016\/07\/don-bosco-y-san-vicente-de-paul.jpg?fit=1200%2C630&resize=350%2C200 1x, https:\/\/i0.wp.com\/vincentians.com\/it\/wp-content\/uploads\/sites\/12\/2016\/07\/don-bosco-y-san-vicente-de-paul.jpg?fit=1200%2C630&resize=525%2C300 1.5x, https:\/\/i0.wp.com\/vincentians.com\/it\/wp-content\/uploads\/sites\/12\/2016\/07\/don-bosco-y-san-vicente-de-paul.jpg?fit=1200%2C630&resize=700%2C400 2x, https:\/\/i0.wp.com\/vincentians.com\/it\/wp-content\/uploads\/sites\/12\/2016\/07\/don-bosco-y-san-vicente-de-paul.jpg?fit=1200%2C630&resize=1050%2C600 3x"},"classes":[]},{"id":38841,"url":"http:\/\/vincentians.com\/it\/san-vincenzo-de-paoli-sacerdote-e-fondatore\/","url_meta":{"origin":45892,"position":1},"title":"San Vincenzo de&#8217; Paoli Sacerdote e fondatore","author":"Francisco Javier Fern\u00e1ndez Chento","date":"05\/09\/2016","format":false,"excerpt":"Nato a Pouy in Guascogna il 24 aprile 1581, fino a quindici anni fece il guardiano di porci per poter pagarsi gli studi. Ordinato sacerdote a 19 anni, nel 1605 mentre viaggiava da Marsiglia a Narbona fu fatto prigioniero dai pirati turchi e venduto come schiavo a Tunisi. Venne liberato\u2026","rel":"","context":"In &quot;Vincenzo de' Paoli&quot;","block_context":{"text":"Vincenzo de' Paoli","link":"http:\/\/vincentians.com\/it\/category\/vincenzo-de-paoli\/"},"img":{"alt_text":"","src":"https:\/\/i0.wp.com\/vincentians.com\/it\/wp-content\/uploads\/sites\/12\/2016\/07\/st-vincent-de-paul.jpg?fit=1200%2C630&resize=350%2C200","width":350,"height":200,"srcset":"https:\/\/i0.wp.com\/vincentians.com\/it\/wp-content\/uploads\/sites\/12\/2016\/07\/st-vincent-de-paul.jpg?fit=1200%2C630&resize=350%2C200 1x, https:\/\/i0.wp.com\/vincentians.com\/it\/wp-content\/uploads\/sites\/12\/2016\/07\/st-vincent-de-paul.jpg?fit=1200%2C630&resize=525%2C300 1.5x, https:\/\/i0.wp.com\/vincentians.com\/it\/wp-content\/uploads\/sites\/12\/2016\/07\/st-vincent-de-paul.jpg?fit=1200%2C630&resize=700%2C400 2x, https:\/\/i0.wp.com\/vincentians.com\/it\/wp-content\/uploads\/sites\/12\/2016\/07\/st-vincent-de-paul.jpg?fit=1200%2C630&resize=1050%2C600 3x"},"classes":[]},{"id":45877,"url":"http:\/\/vincentians.com\/it\/il-cristiano-guidato-alla-virtu-ed-alla-civilta-secondo-lo-spirito-di-san-vincenzo-de-paoli-introduzione\/","url_meta":{"origin":45892,"position":2},"title":"Il cristiano guidato alla virt\u00f9 ed alla civilt\u00e0 secondo lo spirito di San Vincenzo De&#8217; Paoli. Introduzione","author":"Francisco Javier Fern\u00e1ndez Chento","date":"25\/07\/2016","format":false,"excerpt":"Il cristiano guidato alla virtu ed alla civilt\u00e0 secondo lo spirito di San Vincenzo De' Paoli Opera che pu\u00f2 servire a consacrare il mese di luglio in onore del medesimo Santo TORINO MDCCCXLVIII TIPOGRAFIA PARAVIA E COMPAGNIA L'Autore intende di godere dei privilegi accordati dalle Regie Leggi, avendo adempito a\u2026","rel":"","context":"In &quot;Vincenzo de' Paoli&quot;","block_context":{"text":"Vincenzo de' Paoli","link":"http:\/\/vincentians.com\/it\/category\/vincenzo-de-paoli\/"},"img":{"alt_text":"","src":"https:\/\/i0.wp.com\/vincentians.com\/it\/wp-content\/uploads\/sites\/12\/2016\/07\/don-bosco-y-san-vicente-de-paul.jpg?fit=1200%2C630&resize=350%2C200","width":350,"height":200,"srcset":"https:\/\/i0.wp.com\/vincentians.com\/it\/wp-content\/uploads\/sites\/12\/2016\/07\/don-bosco-y-san-vicente-de-paul.jpg?fit=1200%2C630&resize=350%2C200 1x, https:\/\/i0.wp.com\/vincentians.com\/it\/wp-content\/uploads\/sites\/12\/2016\/07\/don-bosco-y-san-vicente-de-paul.jpg?fit=1200%2C630&resize=525%2C300 1.5x, https:\/\/i0.wp.com\/vincentians.com\/it\/wp-content\/uploads\/sites\/12\/2016\/07\/don-bosco-y-san-vicente-de-paul.jpg?fit=1200%2C630&resize=700%2C400 2x, https:\/\/i0.wp.com\/vincentians.com\/it\/wp-content\/uploads\/sites\/12\/2016\/07\/don-bosco-y-san-vicente-de-paul.jpg?fit=1200%2C630&resize=1050%2C600 3x"},"classes":[]},{"id":48985,"url":"http:\/\/vincentians.com\/it\/il-cristiano-guidato-alla-virtu-ed-alla-civilta-secondo-lo-spirito-di-san-vincenzo-de-paoli-giorno-vigesimoprimo\/","url_meta":{"origin":45892,"position":3},"title":"Il cristiano guidato alla virt\u00f9 ed alla civilt\u00e0 secondo lo spirito di San Vincenzo De&#8217; Paoli. Giorno vigesimoprimo","author":"Francisco Javier Fern\u00e1ndez Chento","date":"15\/08\/2016","format":false,"excerpt":"Giorno vigesimoprimo. Suo rispetto Terso i superiori ecclesiastici. VINCENZO amava ed onorava lo stato ecclesiastico in ogni sua parto. Rispettava Ges\u00f9 Cristo nella persona del primo de' Pastori, che lo rappresenta sulla terra. Quando la Sede apostolica era vacante non cessava di chiedere e di far chiedere a Dio che\u2026","rel":"","context":"In &quot;Vincenzo de' Paoli&quot;","block_context":{"text":"Vincenzo de' Paoli","link":"http:\/\/vincentians.com\/it\/category\/vincenzo-de-paoli\/"},"img":{"alt_text":"","src":"https:\/\/i0.wp.com\/vincentians.com\/it\/wp-content\/uploads\/sites\/12\/2016\/07\/don-bosco-y-san-vicente-de-paul.jpg?fit=1200%2C630&resize=350%2C200","width":350,"height":200,"srcset":"https:\/\/i0.wp.com\/vincentians.com\/it\/wp-content\/uploads\/sites\/12\/2016\/07\/don-bosco-y-san-vicente-de-paul.jpg?fit=1200%2C630&resize=350%2C200 1x, https:\/\/i0.wp.com\/vincentians.com\/it\/wp-content\/uploads\/sites\/12\/2016\/07\/don-bosco-y-san-vicente-de-paul.jpg?fit=1200%2C630&resize=525%2C300 1.5x, https:\/\/i0.wp.com\/vincentians.com\/it\/wp-content\/uploads\/sites\/12\/2016\/07\/don-bosco-y-san-vicente-de-paul.jpg?fit=1200%2C630&resize=700%2C400 2x, https:\/\/i0.wp.com\/vincentians.com\/it\/wp-content\/uploads\/sites\/12\/2016\/07\/don-bosco-y-san-vicente-de-paul.jpg?fit=1200%2C630&resize=1050%2C600 3x"},"classes":[]},{"id":48984,"url":"http:\/\/vincentians.com\/it\/il-cristiano-guidato-alla-virtu-ed-alla-civilta-secondo-lo-spirito-di-san-vincenzo-de-paoli-giorno-vigesimo\/","url_meta":{"origin":45892,"position":4},"title":"Il cristiano guidato alla virt\u00f9 ed alla civilt\u00e0 secondo lo spirito di San Vincenzo De&#8217; Paoli. Giorno vigesimo","author":"Francisco Javier Fern\u00e1ndez Chento","date":"14\/08\/2016","format":false,"excerpt":"Giorno vigesimo. Sua Gratitudine La mancanza di gratitudine, abbench\u00e8 vizio comune, oltraggia e la Divinit\u00e0, ch'\u00e8 il principio d' ogni bene, e gli nomini di cui essa si serve per ispargere su di noi le sue liberalit\u00e0. Vincenzo ebbe per questo sciagurato vizio tutto l'orrore che ne deve avere un\u2026","rel":"","context":"In &quot;Vincenzo de' Paoli&quot;","block_context":{"text":"Vincenzo de' Paoli","link":"http:\/\/vincentians.com\/it\/category\/vincenzo-de-paoli\/"},"img":{"alt_text":"","src":"https:\/\/i0.wp.com\/vincentians.com\/it\/wp-content\/uploads\/sites\/12\/2016\/07\/don-bosco-y-san-vicente-de-paul.jpg?fit=1200%2C630&resize=350%2C200","width":350,"height":200,"srcset":"https:\/\/i0.wp.com\/vincentians.com\/it\/wp-content\/uploads\/sites\/12\/2016\/07\/don-bosco-y-san-vicente-de-paul.jpg?fit=1200%2C630&resize=350%2C200 1x, https:\/\/i0.wp.com\/vincentians.com\/it\/wp-content\/uploads\/sites\/12\/2016\/07\/don-bosco-y-san-vicente-de-paul.jpg?fit=1200%2C630&resize=525%2C300 1.5x, https:\/\/i0.wp.com\/vincentians.com\/it\/wp-content\/uploads\/sites\/12\/2016\/07\/don-bosco-y-san-vicente-de-paul.jpg?fit=1200%2C630&resize=700%2C400 2x, https:\/\/i0.wp.com\/vincentians.com\/it\/wp-content\/uploads\/sites\/12\/2016\/07\/don-bosco-y-san-vicente-de-paul.jpg?fit=1200%2C630&resize=1050%2C600 3x"},"classes":[]},{"id":47744,"url":"http:\/\/vincentians.com\/it\/il-cristiano-guidato-alla-virtu-ed-alla-civilta-secondo-lo-spirito-di-san-vincenzo-de-paoli-giorno-decimo\/","url_meta":{"origin":45892,"position":5},"title":"Il cristiano guidato alla virt\u00f9 ed alla civilt\u00e0 secondo lo spirito di San Vincenzo De&#8217; Paoli. Giorno decimo","author":"Francisco Javier Fern\u00e1ndez Chento","date":"04\/08\/2016","format":false,"excerpt":"Giorno decimo. Dell' eguaglianza del suo spirito. Quella situazione del corpo e dell'anima, per cui un uomo, qualunque cosa succeda, resta sempre tranquillo, sempre simile a se stesso \u00ab\u00e8 meno, dice Vincenzo, una virt\u00f9 particolare, che uno stato il quale suppone il complesso di tutto te virt\u00f9. E questo un\u2026","rel":"","context":"In &quot;Vincenzo de' Paoli&quot;","block_context":{"text":"Vincenzo de' Paoli","link":"http:\/\/vincentians.com\/it\/category\/vincenzo-de-paoli\/"},"img":{"alt_text":"","src":"https:\/\/i0.wp.com\/vincentians.com\/it\/wp-content\/uploads\/sites\/12\/2016\/07\/don-bosco-y-san-vicente-de-paul.jpg?fit=1200%2C630&resize=350%2C200","width":350,"height":200,"srcset":"https:\/\/i0.wp.com\/vincentians.com\/it\/wp-content\/uploads\/sites\/12\/2016\/07\/don-bosco-y-san-vicente-de-paul.jpg?fit=1200%2C630&resize=350%2C200 1x, https:\/\/i0.wp.com\/vincentians.com\/it\/wp-content\/uploads\/sites\/12\/2016\/07\/don-bosco-y-san-vicente-de-paul.jpg?fit=1200%2C630&resize=525%2C300 1.5x, https:\/\/i0.wp.com\/vincentians.com\/it\/wp-content\/uploads\/sites\/12\/2016\/07\/don-bosco-y-san-vicente-de-paul.jpg?fit=1200%2C630&resize=700%2C400 2x, https:\/\/i0.wp.com\/vincentians.com\/it\/wp-content\/uploads\/sites\/12\/2016\/07\/don-bosco-y-san-vicente-de-paul.jpg?fit=1200%2C630&resize=1050%2C600 3x"},"classes":[]}],"_links":{"self":[{"href":"http:\/\/vincentians.com\/it\/wp-json\/wp\/v2\/posts\/45892","targetHints":{"allow":["GET"]}}],"collection":[{"href":"http:\/\/vincentians.com\/it\/wp-json\/wp\/v2\/posts"}],"about":[{"href":"http:\/\/vincentians.com\/it\/wp-json\/wp\/v2\/types\/post"}],"author":[{"embeddable":true,"href":"http:\/\/vincentians.com\/it\/wp-json\/wp\/v2\/users\/4"}],"replies":[{"embeddable":true,"href":"http:\/\/vincentians.com\/it\/wp-json\/wp\/v2\/comments?post=45892"}],"version-history":[{"count":0,"href":"http:\/\/vincentians.com\/it\/wp-json\/wp\/v2\/posts\/45892\/revisions"}],"wp:featuredmedia":[{"embeddable":true,"href":"http:\/\/vincentians.com\/it\/wp-json\/wp\/v2\/media\/153784"}],"wp:attachment":[{"href":"http:\/\/vincentians.com\/it\/wp-json\/wp\/v2\/media?parent=45892"}],"wp:term":[{"taxonomy":"category","embeddable":true,"href":"http:\/\/vincentians.com\/it\/wp-json\/wp\/v2\/categories?post=45892"},{"taxonomy":"post_tag","embeddable":true,"href":"http:\/\/vincentians.com\/it\/wp-json\/wp\/v2\/tags?post=45892"}],"curies":[{"name":"wp","href":"https:\/\/api.w.org\/{rel}","templated":true}]}}