{"id":45889,"date":"2016-07-27T14:00:02","date_gmt":"2016-07-27T12:00:02","guid":{"rendered":"http:\/\/somos.vicencianos.org\/blog\/2011\/07\/il-cristiano-guidato-alla-virtu-ed-alla-civilta-secondo-lo-spirito-di-san-vincenzo-de-paoli-giorno-secondo\/"},"modified":"2016-07-25T07:36:12","modified_gmt":"2016-07-25T05:36:12","slug":"il-cristiano-guidato-alla-virtu-ed-alla-civilta-secondo-lo-spirito-di-san-vincenzo-de-paoli-giorno-secondo","status":"publish","type":"post","link":"http:\/\/vincentians.com\/it\/il-cristiano-guidato-alla-virtu-ed-alla-civilta-secondo-lo-spirito-di-san-vincenzo-de-paoli-giorno-secondo\/","title":{"rendered":"Il cristiano guidato alla virt\u00f9 ed alla civilt\u00e0 secondo lo spirito di San Vincenzo De&#8217; Paoli. Giorno secondo"},"content":{"rendered":"<p><strong>Giorno secondo. Sua imitazione di Ges\u00f9 Cristo.<\/strong><\/p>\n<p>Il nostro divin Salvatore aveva detto a tutti i fedeli cristiani, che colui il quale cammina dietro a&#8217; suoi passi non cammina nelle tenebre, ed \u00e8 sicuro di avere un giorno il lume di vita eterna. Perci\u00f2 invitava tutti a seguirlo, proporselo per modello d&#8217;umilt\u00e0 e di mansuetudine. Persuaso Vincenzo che il discepolo non \u00e8 perfetto se non quando rassomiglia al suo maestro si prefisse di averlo continuamente dinanzi agli occhi. Lo esprimeva nelle sue parole, nelle sue azioni, seguitando, per quanto ad un mortale \u00e8 concesso, le vie penose che ci ha insegnato il Salvatore. Lo esprimeva ne&#8217; consigli ch&#8217;era obbligato di dare, procurando di non darne alcuno che il Figlio di Dio potesse disapprovare; l&#8217;esprimeva colla sua fermezza, calpestando l&#8217;amor proprio ed il timore di vedere riprovata la sua condotta da coloro che amano la gloria degli uomini pi\u00f9 di quella di Dio; colla sua sottomissione, ricevendo il bene ed il male con perfetta indifferenza; col suo zelo per la salvezza delle anime, risoluto di correre, e di far correre in traccia della pecorella smarrita per sino alle porte dell&#8217; inferno, se poteva sperare di riacquistarla; colle sue mortificazioni sempre coll&#8217;attenzione rivolta a quel Dio penitente a cui ne&#8217; suoi giorni mortali manc\u00f2 una pietra ove posare il capo. Finalmente l&#8217;esprimeva cos\u00ec bene in tutta la sua condotta che un sacerdote il quale ebbe la sorte di godere della stia dimestichezza per lo spazio di cinquant&#8217;anni, confess\u00f2 di non averlo mai udito a dire parola o fare cosa alcuna che non fosse in ordine a Dio.<\/p>\n<p>Un celebre Dottore avendo dimandato a qualcuno che aveva conosciuto particolarmente il Santo, quale era stata la sua propria e particolare virt\u00f9, rispose, ch&#8217; era l&#8217; imitazione di Ges\u00f9 Cristo, che il Divin Salvatore era stato la sua regola eterna, ed il libro da lui consultato in tutte le sue azioni. Avrebbe potuto soggiungere eh&#8217; egli l&#8217;apriva a&#8217; dotti del pari che agi&#8217; ignoranti, ai re egualmente che a&#8217; sudditi. Luigi XIII ne fece la prova nell&#8217; ultima sua malattia. Quel principe fece venire a se Vincenzo. Il Santo per annunziargli la morte, che una malintesa politica nasconde quanto pu\u00f2 agli occhi dei grandi del secolo, gli disse avvicinandose gli: \u00abSire, colui che teme Dio si trova bene negli ultimi momenti: <em>Timenti Dominum! bene erit in extremis<\/em>.\u00bb Quest&#8217;introduzione non sorprese un re assuefatto a nudrirsi colle pi\u00f9 belle massime della Sacra Scrittura, terminando la sentenza tranquillamente rispose: <em>Et in die defunctionis suae benedicetur<\/em>. Sembrava che due cose occupassero quel principe; la conversione de&#8217; protestanti e l&#8217;elezione alle dignit\u00e0 ecclesiastiche, di cui se ne fa un onore in vita, e che costa tal fata ben caro in punto di morte.<\/p>\n<p>Scorgendo dalla sua camera il luogo ove dovevano le sue ceneri dopo la sua morte essere riunite a quelle de&#8217; suoi predecessori, disse: Io non uscir\u00f2 di qui che per andare col\u00e0. Vincenzo non lo perdette mai di vista duranti gli ultimi giorni di sua vita: lo confort\u00f2 ad elevare lo spirito ed il cuore a Dio, dove gli stavano preparati troni e ricchezze assai pi\u00f9 durevoli che le terrene non sono. Quel principe il quale vedeva con occhio intrepido approssimarsi l&#8217;ultimo suo momento, dimand\u00f2 al nostro Santo quale era il miglior modo di prepararsi alla morte: \u00abSire, rispose Vincenzo, si \u00e8 d&#8217; imitare quello con cui Ges\u00f9 Cristo si prepar\u00f2 alla propria, e di sottomettersi interamente e perfettamente, come egli fece, alla volont\u00e0 del Padre celeste.\u00bb <em>Non mea voluntas sed tua fiat<\/em>. O Ges\u00f9, ripigli\u00f2 quel monarca cristianissimo, e spir\u00f2 con questi buoni sentimenti fra le braccia del nostro Santo, il giorno nel qual trenta anni addietro era salito sul trono.<\/p>\n<p>Cos\u00ec Vincenzo ebbe ognor presente il Figlio d&#8217;Iddio per servirsene di modello; ed appunto per ricopiare pi\u00f9 esattamente Ges\u00f9 Cristo annichilato fuggiva fino l\u2019 ombre di ostentazione! pubblicava ovunque la bassezza de&#8217;suoi natali, si qualificava per ignorante, e detestava la pompa delle parole ed il fasto della mondana eloquenza.<\/p>\n<p>\u00abNostro Signor Ges\u00f9 Cristo, soleva dire, poteva dare un grande splendore alle sue azioni, ed una sublime virt\u00f9 alle sue parole; non volle farlo; fece anche di pi\u00f9, poich\u00e8 per confondere maggiormente il nostro orgoglio colle sue ammirabili umiliazioni, ha voluto che i suoi discepoli facessero assai pi\u00f9 di quel che egli non fece; e perch\u00e9 ci\u00f2? perch\u00e8 volle essere superato nelle azioni pubbliche, per ispiccare nelle pi\u00f9 abbiette e nelle pi\u00f9 umili di cui gli uomini non conoscono il pregio; vuole i frutti dell&#8217;Evangelio, e non vuole le acclamazioni del mondo. Ed oh! perch\u00e8 non seguitiamo l&#8217;esempio di quel Divino Maestro! perch\u00e8 cediamo sempre il vantaggio agli altri! perch\u00e8 non scegliamo il peggiore ed il pi\u00f9 umiliante per noi! Essendo questo certamente il pi\u00f9 gradito agli occhi del nostro Signore, unico scopo a cui dobbiamo tendere. Da quest&#8217;oggi risolviamo adunque di seguirlo e di offerirgli i piccoli sacrifizi. Diciamo gli, e diciamolo a noi stessi&#8230;. Fra due pensieri che potranno venirmi alla mente, io non produrr\u00f2 all&#8217;esterno che il minore per umiliarmi, e riterr\u00f2 nascosto il pi\u00f9 bello per farne un sacrifizio a Dio nel secreto del mio cuore. S\u00ec, \u00e8 una verit\u00e0 del vangelo, che nostro Signore non si compiace maggiormente quanto nell&#8217; umilt\u00e0 del cuore e nella semplicit\u00e0 delle parole e delle azioni. Ivi risiede il suo spirito e invano lo cercheremmo altrove. Se volete dunque trovarlo, fa di mestieri rinunciare all&#8217;affettazione ed al desiderio di comparire, alla pompa dello spirito non che a, quella del corpo, e infine a tutte le vanit\u00e0 e a tutte le soddisfazioni della vita.\u00bb Per tal maniera Vincenzo seguitava il&#8217; gran modello della vera virt\u00f9, il fonte di ogni santit\u00e0, l\u2019 Uomo Dio Cristo Ges\u00f9.<\/p>\n<p>Siccome l&#8217;uomo \u00e8 nato per amar Dio e far del bene al suo simile, cos\u00ec noi vedremo tutti i pensieri di Vincenzo intenti a questi due oggetti, Dio per amarlo, prossimo per beneficarlo. <em>Transibat benefaciendo<\/em>.<\/p>\n<p><em>Frutto<\/em>. Bisogna risolversi ad imitare G. C. e seguirlo ne&#8217;patimenti; altrimenti non verremo giammai a partecipare della sua gloria. <em>Qui vult gaudere cum Christo oportet pali cum Christo<\/em>.<\/p>\n","protected":false},"excerpt":{"rendered":"<p>Giorno secondo. Sua imitazione di Ges\u00f9 Cristo. Il nostro divin Salvatore aveva detto a tutti i fedeli cristiani, che colui il quale cammina dietro a&#8217; suoi passi non cammina nelle tenebre, ed \u00e8 sicuro di &#8230; <a href=\"http:\/\/vincentians.com\/it\/il-cristiano-guidato-alla-virtu-ed-alla-civilta-secondo-lo-spirito-di-san-vincenzo-de-paoli-giorno-secondo\/\" class=\"more-link\">Read More<\/a><\/p>\n","protected":false},"author":4,"featured_media":153784,"comment_status":"open","ping_status":"open","sticky":false,"template":"","format":"standard","meta":{"jetpack_post_was_ever_published":false,"_jetpack_newsletter_access":"","_jetpack_dont_email_post_to_subs":false,"_jetpack_newsletter_tier_id":0,"_jetpack_memberships_contains_paywalled_content":false,"_jetpack_memberships_contains_paid_content":false,"footnotes":"","jetpack_publicize_message":"","jetpack_publicize_feature_enabled":true,"jetpack_social_post_already_shared":true,"jetpack_social_options":{"image_generator_settings":{"template":"highway","default_image_id":0,"font":"","enabled":false},"version":2}},"categories":[119],"tags":[],"class_list":["post-45889","post","type-post","status-publish","format-standard","has-post-thumbnail","hentry","category-vincenzo-de-paoli"],"yoast_head":"<!-- This site is optimized with the Yoast SEO plugin v26.3 - https:\/\/yoast.com\/wordpress\/plugins\/seo\/ -->\n<title>Il cristiano guidato alla virt\u00f9 ed alla civilt\u00e0 secondo lo spirito di San Vincenzo De&#039; Paoli. Giorno secondo - Siamo Vincenziani<\/title>\n<meta name=\"robots\" content=\"index, follow, max-snippet:-1, max-image-preview:large, max-video-preview:-1\" \/>\n<link rel=\"canonical\" href=\"https:\/\/vincentians.com\/it\/il-cristiano-guidato-alla-virtu-ed-alla-civilta-secondo-lo-spirito-di-san-vincenzo-de-paoli-giorno-secondo\/\" \/>\n<meta property=\"og:locale\" content=\"it_IT\" \/>\n<meta property=\"og:type\" content=\"article\" \/>\n<meta property=\"og:title\" content=\"Il cristiano guidato alla virt\u00f9 ed alla civilt\u00e0 secondo lo spirito di San Vincenzo De&#039; Paoli. Giorno secondo - Siamo Vincenziani\" \/>\n<meta property=\"og:description\" content=\"Giorno secondo. Sua imitazione di Ges\u00f9 Cristo. Il nostro divin Salvatore aveva detto a tutti i fedeli cristiani, che colui il quale cammina dietro a&#8217; suoi passi non cammina nelle tenebre, ed \u00e8 sicuro di ... Read More\" \/>\n<meta property=\"og:url\" content=\"https:\/\/vincentians.com\/it\/il-cristiano-guidato-alla-virtu-ed-alla-civilta-secondo-lo-spirito-di-san-vincenzo-de-paoli-giorno-secondo\/\" \/>\n<meta property=\"og:site_name\" content=\"Siamo Vincenziani\" \/>\n<meta property=\"article:publisher\" content=\"https:\/\/www.facebook.com\/WeAreVincentians\/\" \/>\n<meta property=\"article:author\" content=\"https:\/\/www.facebook.com\/JavierChento\" \/>\n<meta property=\"article:published_time\" content=\"2016-07-27T12:00:02+00:00\" \/>\n<meta property=\"og:image\" content=\"https:\/\/i0.wp.com\/vincentians.com\/it\/wp-content\/uploads\/sites\/12\/2016\/07\/don-bosco-y-san-vicente-de-paul.jpg?fit=1200%2C630&ssl=1\" \/>\n\t<meta property=\"og:image:width\" content=\"1200\" \/>\n\t<meta property=\"og:image:height\" content=\"630\" \/>\n\t<meta property=\"og:image:type\" content=\"image\/jpeg\" \/>\n<meta name=\"author\" content=\"Francisco Javier Fern\u00e1ndez Chento\" \/>\n<meta name=\"twitter:card\" content=\"summary_large_image\" \/>\n<meta name=\"twitter:creator\" content=\"@https:\/\/twitter.com\/javierchento\" \/>\n<meta name=\"twitter:site\" content=\"@WeVincentians\" \/>\n<meta name=\"twitter:label1\" content=\"Scritto da\" \/>\n\t<meta name=\"twitter:data1\" content=\"Francisco Javier Fern\u00e1ndez Chento\" \/>\n\t<meta name=\"twitter:label2\" content=\"Tempo di lettura stimato\" \/>\n\t<meta name=\"twitter:data2\" content=\"5 minuti\" \/>\n<script type=\"application\/ld+json\" class=\"yoast-schema-graph\">{\"@context\":\"https:\/\/schema.org\",\"@graph\":[{\"@type\":\"Article\",\"@id\":\"https:\/\/vincentians.com\/it\/il-cristiano-guidato-alla-virtu-ed-alla-civilta-secondo-lo-spirito-di-san-vincenzo-de-paoli-giorno-secondo\/#article\",\"isPartOf\":{\"@id\":\"https:\/\/vincentians.com\/it\/il-cristiano-guidato-alla-virtu-ed-alla-civilta-secondo-lo-spirito-di-san-vincenzo-de-paoli-giorno-secondo\/\"},\"author\":{\"name\":\"Francisco Javier Fern\u00e1ndez Chento\",\"@id\":\"https:\/\/vincentians.com\/it\/#\/schema\/person\/9623ef4d9aa3b2dfb8c061f1499288f2\"},\"headline\":\"Il cristiano guidato alla virt\u00f9 ed alla civilt\u00e0 secondo lo spirito di San Vincenzo De&#8217; Paoli. Giorno secondo\",\"datePublished\":\"2016-07-27T12:00:02+00:00\",\"mainEntityOfPage\":{\"@id\":\"https:\/\/vincentians.com\/it\/il-cristiano-guidato-alla-virtu-ed-alla-civilta-secondo-lo-spirito-di-san-vincenzo-de-paoli-giorno-secondo\/\"},\"wordCount\":1024,\"commentCount\":0,\"publisher\":{\"@id\":\"https:\/\/vincentians.com\/it\/#organization\"},\"image\":{\"@id\":\"https:\/\/vincentians.com\/it\/il-cristiano-guidato-alla-virtu-ed-alla-civilta-secondo-lo-spirito-di-san-vincenzo-de-paoli-giorno-secondo\/#primaryimage\"},\"thumbnailUrl\":\"https:\/\/i0.wp.com\/vincentians.com\/it\/wp-content\/uploads\/sites\/12\/2016\/07\/don-bosco-y-san-vicente-de-paul.jpg?fit=1200%2C630\",\"articleSection\":[\"Vincenzo de' Paoli\"],\"inLanguage\":\"it-IT\",\"potentialAction\":[{\"@type\":\"CommentAction\",\"name\":\"Comment\",\"target\":[\"https:\/\/vincentians.com\/it\/il-cristiano-guidato-alla-virtu-ed-alla-civilta-secondo-lo-spirito-di-san-vincenzo-de-paoli-giorno-secondo\/#respond\"]}]},{\"@type\":\"WebPage\",\"@id\":\"https:\/\/vincentians.com\/it\/il-cristiano-guidato-alla-virtu-ed-alla-civilta-secondo-lo-spirito-di-san-vincenzo-de-paoli-giorno-secondo\/\",\"url\":\"https:\/\/vincentians.com\/it\/il-cristiano-guidato-alla-virtu-ed-alla-civilta-secondo-lo-spirito-di-san-vincenzo-de-paoli-giorno-secondo\/\",\"name\":\"Il cristiano guidato alla virt\u00f9 ed alla civilt\u00e0 secondo lo spirito di San Vincenzo De' Paoli. Giorno secondo - Siamo Vincenziani\",\"isPartOf\":{\"@id\":\"https:\/\/vincentians.com\/it\/#website\"},\"primaryImageOfPage\":{\"@id\":\"https:\/\/vincentians.com\/it\/il-cristiano-guidato-alla-virtu-ed-alla-civilta-secondo-lo-spirito-di-san-vincenzo-de-paoli-giorno-secondo\/#primaryimage\"},\"image\":{\"@id\":\"https:\/\/vincentians.com\/it\/il-cristiano-guidato-alla-virtu-ed-alla-civilta-secondo-lo-spirito-di-san-vincenzo-de-paoli-giorno-secondo\/#primaryimage\"},\"thumbnailUrl\":\"https:\/\/i0.wp.com\/vincentians.com\/it\/wp-content\/uploads\/sites\/12\/2016\/07\/don-bosco-y-san-vicente-de-paul.jpg?fit=1200%2C630\",\"datePublished\":\"2016-07-27T12:00:02+00:00\",\"breadcrumb\":{\"@id\":\"https:\/\/vincentians.com\/it\/il-cristiano-guidato-alla-virtu-ed-alla-civilta-secondo-lo-spirito-di-san-vincenzo-de-paoli-giorno-secondo\/#breadcrumb\"},\"inLanguage\":\"it-IT\",\"potentialAction\":[{\"@type\":\"ReadAction\",\"target\":[\"https:\/\/vincentians.com\/it\/il-cristiano-guidato-alla-virtu-ed-alla-civilta-secondo-lo-spirito-di-san-vincenzo-de-paoli-giorno-secondo\/\"]}]},{\"@type\":\"ImageObject\",\"inLanguage\":\"it-IT\",\"@id\":\"https:\/\/vincentians.com\/it\/il-cristiano-guidato-alla-virtu-ed-alla-civilta-secondo-lo-spirito-di-san-vincenzo-de-paoli-giorno-secondo\/#primaryimage\",\"url\":\"https:\/\/i0.wp.com\/vincentians.com\/it\/wp-content\/uploads\/sites\/12\/2016\/07\/don-bosco-y-san-vicente-de-paul.jpg?fit=1200%2C630\",\"contentUrl\":\"https:\/\/i0.wp.com\/vincentians.com\/it\/wp-content\/uploads\/sites\/12\/2016\/07\/don-bosco-y-san-vicente-de-paul.jpg?fit=1200%2C630\",\"width\":1200,\"height\":630},{\"@type\":\"BreadcrumbList\",\"@id\":\"https:\/\/vincentians.com\/it\/il-cristiano-guidato-alla-virtu-ed-alla-civilta-secondo-lo-spirito-di-san-vincenzo-de-paoli-giorno-secondo\/#breadcrumb\",\"itemListElement\":[{\"@type\":\"ListItem\",\"position\":1,\"name\":\"Portada\",\"item\":\"https:\/\/vincentians.com\/it\/\"},{\"@type\":\"ListItem\",\"position\":2,\"name\":\"Il cristiano guidato alla virt\u00f9 ed alla civilt\u00e0 secondo lo spirito di San Vincenzo De&#8217; Paoli. Giorno secondo\"}]},{\"@type\":\"WebSite\",\"@id\":\"https:\/\/vincentians.com\/it\/#website\",\"url\":\"https:\/\/vincentians.com\/it\/\",\"name\":\"Siamo Vincenziani\",\"description\":\"Know more to serve more\",\"publisher\":{\"@id\":\"https:\/\/vincentians.com\/it\/#organization\"},\"potentialAction\":[{\"@type\":\"SearchAction\",\"target\":{\"@type\":\"EntryPoint\",\"urlTemplate\":\"https:\/\/vincentians.com\/it\/?s={search_term_string}\"},\"query-input\":{\"@type\":\"PropertyValueSpecification\",\"valueRequired\":true,\"valueName\":\"search_term_string\"}}],\"inLanguage\":\"it-IT\"},{\"@type\":\"Organization\",\"@id\":\"https:\/\/vincentians.com\/it\/#organization\",\"name\":\"The Vincentian Network\",\"url\":\"https:\/\/vincentians.com\/it\/\",\"logo\":{\"@type\":\"ImageObject\",\"inLanguage\":\"it-IT\",\"@id\":\"https:\/\/vincentians.com\/it\/#\/schema\/logo\/image\/\",\"url\":\"https:\/\/i0.wp.com\/vincentians.com\/it\/wp-content\/uploads\/sites\/12\/2016\/06\/Vincentian-Network-logo-big.png?fit=778%2C778\",\"contentUrl\":\"https:\/\/i0.wp.com\/vincentians.com\/it\/wp-content\/uploads\/sites\/12\/2016\/06\/Vincentian-Network-logo-big.png?fit=778%2C778\",\"width\":778,\"height\":778,\"caption\":\"The Vincentian Network\"},\"image\":{\"@id\":\"https:\/\/vincentians.com\/it\/#\/schema\/logo\/image\/\"},\"sameAs\":[\"https:\/\/www.facebook.com\/WeAreVincentians\/\",\"https:\/\/x.com\/WeVincentians\"]},{\"@type\":\"Person\",\"@id\":\"https:\/\/vincentians.com\/it\/#\/schema\/person\/9623ef4d9aa3b2dfb8c061f1499288f2\",\"name\":\"Francisco Javier Fern\u00e1ndez Chento\",\"image\":{\"@type\":\"ImageObject\",\"inLanguage\":\"it-IT\",\"@id\":\"https:\/\/vincentians.com\/it\/#\/schema\/person\/image\/\",\"url\":\"https:\/\/secure.gravatar.com\/avatar\/497d5cde87b4c3d097d0315953521681ba2cd523ee66e5077c3711f7021e65de?s=96&d=mm&r=g\",\"contentUrl\":\"https:\/\/secure.gravatar.com\/avatar\/497d5cde87b4c3d097d0315953521681ba2cd523ee66e5077c3711f7021e65de?s=96&d=mm&r=g\",\"caption\":\"Francisco Javier Fern\u00e1ndez Chento\"},\"description\":\"Director General y cofundador de La Red de Formaci\u00f3n Vicenciana. Javier es laico vicenciano, afiliado a la Congregaci\u00f3n de la Misi\u00f3n y miembro del Equipo de Misiones Populares de la provincia can\u00f3nica de Zaragoza (Espa\u00f1a) de la Congregaci\u00f3n de la Misi\u00f3n. Graduado en la Universidad Oberta de Catalunya con cuatro grados (Asistente de direcci\u00f3n, Gesti\u00f3n Administrativa, Recursos Humanos y Contabilidad Avanzada). Bil\u00edng\u00fce Espa\u00f1ol\/Ingl\u00e9s. gestiona y mantiene varias p\u00e1ginas web cristianas y vicencianas, incluida including La Red de Formaci\u00f3n Vicenciana, de la que es cofundador. Actualmente es responsable del \u00e1rea de Espa\u00f1ol de .famvin, la Red de Noticias de la Familia Vicenciana. Tambi\u00e9n es m\u00fasico cat\u00f3lico y ha editado varios discos. Es Director General y cofundador de Trovador, una reconocida compa\u00f1\u00eda discogr\u00e1fica critiana de Espa\u00f1a. Trabaja en las Tecnolog\u00edas de la Informaci\u00f3n, ofreciendo servicios de alojamiento, dise\u00f1o y mantenimiento Web, as\u00ed como asesoramiento, formaci\u00f3n y soluciones inform\u00e1ticas, gesti\u00f3n documental y digitalizaci\u00f3n de textos, edici\u00f3n y maquetaci\u00f3n de libros, revistas, flyers, etc.\",\"sameAs\":[\"http:\/\/chento.org\",\"https:\/\/www.facebook.com\/JavierChento\",\"https:\/\/x.com\/https:\/\/twitter.com\/javierchento\"],\"url\":\"http:\/\/vincentians.com\/it\/author\/chento\/\"}]}<\/script>\n<!-- \/ Yoast SEO plugin. -->","yoast_head_json":{"title":"Il cristiano guidato alla virt\u00f9 ed alla civilt\u00e0 secondo lo spirito di San Vincenzo De' Paoli. Giorno secondo - Siamo Vincenziani","robots":{"index":"index","follow":"follow","max-snippet":"max-snippet:-1","max-image-preview":"max-image-preview:large","max-video-preview":"max-video-preview:-1"},"canonical":"https:\/\/vincentians.com\/it\/il-cristiano-guidato-alla-virtu-ed-alla-civilta-secondo-lo-spirito-di-san-vincenzo-de-paoli-giorno-secondo\/","og_locale":"it_IT","og_type":"article","og_title":"Il cristiano guidato alla virt\u00f9 ed alla civilt\u00e0 secondo lo spirito di San Vincenzo De' Paoli. Giorno secondo - Siamo Vincenziani","og_description":"Giorno secondo. Sua imitazione di Ges\u00f9 Cristo. Il nostro divin Salvatore aveva detto a tutti i fedeli cristiani, che colui il quale cammina dietro a&#8217; suoi passi non cammina nelle tenebre, ed \u00e8 sicuro di ... Read More","og_url":"https:\/\/vincentians.com\/it\/il-cristiano-guidato-alla-virtu-ed-alla-civilta-secondo-lo-spirito-di-san-vincenzo-de-paoli-giorno-secondo\/","og_site_name":"Siamo Vincenziani","article_publisher":"https:\/\/www.facebook.com\/WeAreVincentians\/","article_author":"https:\/\/www.facebook.com\/JavierChento","article_published_time":"2016-07-27T12:00:02+00:00","og_image":[{"width":1200,"height":630,"url":"https:\/\/i0.wp.com\/vincentians.com\/it\/wp-content\/uploads\/sites\/12\/2016\/07\/don-bosco-y-san-vicente-de-paul.jpg?fit=1200%2C630&ssl=1","type":"image\/jpeg"}],"author":"Francisco Javier Fern\u00e1ndez Chento","twitter_card":"summary_large_image","twitter_creator":"@https:\/\/twitter.com\/javierchento","twitter_site":"@WeVincentians","twitter_misc":{"Scritto da":"Francisco Javier Fern\u00e1ndez Chento","Tempo di lettura stimato":"5 minuti"},"schema":{"@context":"https:\/\/schema.org","@graph":[{"@type":"Article","@id":"https:\/\/vincentians.com\/it\/il-cristiano-guidato-alla-virtu-ed-alla-civilta-secondo-lo-spirito-di-san-vincenzo-de-paoli-giorno-secondo\/#article","isPartOf":{"@id":"https:\/\/vincentians.com\/it\/il-cristiano-guidato-alla-virtu-ed-alla-civilta-secondo-lo-spirito-di-san-vincenzo-de-paoli-giorno-secondo\/"},"author":{"name":"Francisco Javier Fern\u00e1ndez Chento","@id":"https:\/\/vincentians.com\/it\/#\/schema\/person\/9623ef4d9aa3b2dfb8c061f1499288f2"},"headline":"Il cristiano guidato alla virt\u00f9 ed alla civilt\u00e0 secondo lo spirito di San Vincenzo De&#8217; Paoli. Giorno secondo","datePublished":"2016-07-27T12:00:02+00:00","mainEntityOfPage":{"@id":"https:\/\/vincentians.com\/it\/il-cristiano-guidato-alla-virtu-ed-alla-civilta-secondo-lo-spirito-di-san-vincenzo-de-paoli-giorno-secondo\/"},"wordCount":1024,"commentCount":0,"publisher":{"@id":"https:\/\/vincentians.com\/it\/#organization"},"image":{"@id":"https:\/\/vincentians.com\/it\/il-cristiano-guidato-alla-virtu-ed-alla-civilta-secondo-lo-spirito-di-san-vincenzo-de-paoli-giorno-secondo\/#primaryimage"},"thumbnailUrl":"https:\/\/i0.wp.com\/vincentians.com\/it\/wp-content\/uploads\/sites\/12\/2016\/07\/don-bosco-y-san-vicente-de-paul.jpg?fit=1200%2C630","articleSection":["Vincenzo de' Paoli"],"inLanguage":"it-IT","potentialAction":[{"@type":"CommentAction","name":"Comment","target":["https:\/\/vincentians.com\/it\/il-cristiano-guidato-alla-virtu-ed-alla-civilta-secondo-lo-spirito-di-san-vincenzo-de-paoli-giorno-secondo\/#respond"]}]},{"@type":"WebPage","@id":"https:\/\/vincentians.com\/it\/il-cristiano-guidato-alla-virtu-ed-alla-civilta-secondo-lo-spirito-di-san-vincenzo-de-paoli-giorno-secondo\/","url":"https:\/\/vincentians.com\/it\/il-cristiano-guidato-alla-virtu-ed-alla-civilta-secondo-lo-spirito-di-san-vincenzo-de-paoli-giorno-secondo\/","name":"Il cristiano guidato alla virt\u00f9 ed alla civilt\u00e0 secondo lo spirito di San Vincenzo De' Paoli. Giorno secondo - Siamo Vincenziani","isPartOf":{"@id":"https:\/\/vincentians.com\/it\/#website"},"primaryImageOfPage":{"@id":"https:\/\/vincentians.com\/it\/il-cristiano-guidato-alla-virtu-ed-alla-civilta-secondo-lo-spirito-di-san-vincenzo-de-paoli-giorno-secondo\/#primaryimage"},"image":{"@id":"https:\/\/vincentians.com\/it\/il-cristiano-guidato-alla-virtu-ed-alla-civilta-secondo-lo-spirito-di-san-vincenzo-de-paoli-giorno-secondo\/#primaryimage"},"thumbnailUrl":"https:\/\/i0.wp.com\/vincentians.com\/it\/wp-content\/uploads\/sites\/12\/2016\/07\/don-bosco-y-san-vicente-de-paul.jpg?fit=1200%2C630","datePublished":"2016-07-27T12:00:02+00:00","breadcrumb":{"@id":"https:\/\/vincentians.com\/it\/il-cristiano-guidato-alla-virtu-ed-alla-civilta-secondo-lo-spirito-di-san-vincenzo-de-paoli-giorno-secondo\/#breadcrumb"},"inLanguage":"it-IT","potentialAction":[{"@type":"ReadAction","target":["https:\/\/vincentians.com\/it\/il-cristiano-guidato-alla-virtu-ed-alla-civilta-secondo-lo-spirito-di-san-vincenzo-de-paoli-giorno-secondo\/"]}]},{"@type":"ImageObject","inLanguage":"it-IT","@id":"https:\/\/vincentians.com\/it\/il-cristiano-guidato-alla-virtu-ed-alla-civilta-secondo-lo-spirito-di-san-vincenzo-de-paoli-giorno-secondo\/#primaryimage","url":"https:\/\/i0.wp.com\/vincentians.com\/it\/wp-content\/uploads\/sites\/12\/2016\/07\/don-bosco-y-san-vicente-de-paul.jpg?fit=1200%2C630","contentUrl":"https:\/\/i0.wp.com\/vincentians.com\/it\/wp-content\/uploads\/sites\/12\/2016\/07\/don-bosco-y-san-vicente-de-paul.jpg?fit=1200%2C630","width":1200,"height":630},{"@type":"BreadcrumbList","@id":"https:\/\/vincentians.com\/it\/il-cristiano-guidato-alla-virtu-ed-alla-civilta-secondo-lo-spirito-di-san-vincenzo-de-paoli-giorno-secondo\/#breadcrumb","itemListElement":[{"@type":"ListItem","position":1,"name":"Portada","item":"https:\/\/vincentians.com\/it\/"},{"@type":"ListItem","position":2,"name":"Il cristiano guidato alla virt\u00f9 ed alla civilt\u00e0 secondo lo spirito di San Vincenzo De&#8217; Paoli. Giorno secondo"}]},{"@type":"WebSite","@id":"https:\/\/vincentians.com\/it\/#website","url":"https:\/\/vincentians.com\/it\/","name":"Siamo Vincenziani","description":"Know more to serve more","publisher":{"@id":"https:\/\/vincentians.com\/it\/#organization"},"potentialAction":[{"@type":"SearchAction","target":{"@type":"EntryPoint","urlTemplate":"https:\/\/vincentians.com\/it\/?s={search_term_string}"},"query-input":{"@type":"PropertyValueSpecification","valueRequired":true,"valueName":"search_term_string"}}],"inLanguage":"it-IT"},{"@type":"Organization","@id":"https:\/\/vincentians.com\/it\/#organization","name":"The Vincentian Network","url":"https:\/\/vincentians.com\/it\/","logo":{"@type":"ImageObject","inLanguage":"it-IT","@id":"https:\/\/vincentians.com\/it\/#\/schema\/logo\/image\/","url":"https:\/\/i0.wp.com\/vincentians.com\/it\/wp-content\/uploads\/sites\/12\/2016\/06\/Vincentian-Network-logo-big.png?fit=778%2C778","contentUrl":"https:\/\/i0.wp.com\/vincentians.com\/it\/wp-content\/uploads\/sites\/12\/2016\/06\/Vincentian-Network-logo-big.png?fit=778%2C778","width":778,"height":778,"caption":"The Vincentian Network"},"image":{"@id":"https:\/\/vincentians.com\/it\/#\/schema\/logo\/image\/"},"sameAs":["https:\/\/www.facebook.com\/WeAreVincentians\/","https:\/\/x.com\/WeVincentians"]},{"@type":"Person","@id":"https:\/\/vincentians.com\/it\/#\/schema\/person\/9623ef4d9aa3b2dfb8c061f1499288f2","name":"Francisco Javier Fern\u00e1ndez Chento","image":{"@type":"ImageObject","inLanguage":"it-IT","@id":"https:\/\/vincentians.com\/it\/#\/schema\/person\/image\/","url":"https:\/\/secure.gravatar.com\/avatar\/497d5cde87b4c3d097d0315953521681ba2cd523ee66e5077c3711f7021e65de?s=96&d=mm&r=g","contentUrl":"https:\/\/secure.gravatar.com\/avatar\/497d5cde87b4c3d097d0315953521681ba2cd523ee66e5077c3711f7021e65de?s=96&d=mm&r=g","caption":"Francisco Javier Fern\u00e1ndez Chento"},"description":"Director General y cofundador de La Red de Formaci\u00f3n Vicenciana. Javier es laico vicenciano, afiliado a la Congregaci\u00f3n de la Misi\u00f3n y miembro del Equipo de Misiones Populares de la provincia can\u00f3nica de Zaragoza (Espa\u00f1a) de la Congregaci\u00f3n de la Misi\u00f3n. Graduado en la Universidad Oberta de Catalunya con cuatro grados (Asistente de direcci\u00f3n, Gesti\u00f3n Administrativa, Recursos Humanos y Contabilidad Avanzada). Bil\u00edng\u00fce Espa\u00f1ol\/Ingl\u00e9s. gestiona y mantiene varias p\u00e1ginas web cristianas y vicencianas, incluida including La Red de Formaci\u00f3n Vicenciana, de la que es cofundador. Actualmente es responsable del \u00e1rea de Espa\u00f1ol de .famvin, la Red de Noticias de la Familia Vicenciana. Tambi\u00e9n es m\u00fasico cat\u00f3lico y ha editado varios discos. Es Director General y cofundador de Trovador, una reconocida compa\u00f1\u00eda discogr\u00e1fica critiana de Espa\u00f1a. Trabaja en las Tecnolog\u00edas de la Informaci\u00f3n, ofreciendo servicios de alojamiento, dise\u00f1o y mantenimiento Web, as\u00ed como asesoramiento, formaci\u00f3n y soluciones inform\u00e1ticas, gesti\u00f3n documental y digitalizaci\u00f3n de textos, edici\u00f3n y maquetaci\u00f3n de libros, revistas, flyers, etc.","sameAs":["http:\/\/chento.org","https:\/\/www.facebook.com\/JavierChento","https:\/\/x.com\/https:\/\/twitter.com\/javierchento"],"url":"http:\/\/vincentians.com\/it\/author\/chento\/"}]}},"jetpack_publicize_connections":[],"jetpack_featured_media_url":"https:\/\/i0.wp.com\/vincentians.com\/it\/wp-content\/uploads\/sites\/12\/2016\/07\/don-bosco-y-san-vicente-de-paul.jpg?fit=1200%2C630","jetpack_sharing_enabled":true,"jetpack_shortlink":"https:\/\/wp.me\/p7ETFo-bW9","jetpack-related-posts":[{"id":72793,"url":"http:\/\/vincentians.com\/it\/il-cristiano-guidato-alla-virtu-ed-alla-civilta-secondo-lo-spirito-di-san-vincenzo-de-paoli-giorno-decimoottavo\/","url_meta":{"origin":45889,"position":0},"title":"Il cristiano guidato alla virt\u00f9 ed alla civilt\u00e0 secondo lo spirito di San Vincenzo De&#8217; Paoli. Giorno decimoottavo","author":"Francisco Javier Fern\u00e1ndez Chento","date":"12\/08\/2016","format":false,"excerpt":"Giorno decimoottavo. Sua prudenza. La prudenza cristiana consiste nel servirci de'mezzi presenti onde procurarci un bene futuro. Vincenzo diceva che questa deve sempre tendere ad un fine, cio\u00e8 a Dio solo. \u00abEssa sceglie i mezzi, egli diceva, e regola le azioni e le parole, fa tutto con. maturit\u00e0, peso, numero\u2026","rel":"","context":"In &quot;Vincenzo de' Paoli&quot;","block_context":{"text":"Vincenzo de' Paoli","link":"http:\/\/vincentians.com\/it\/category\/vincenzo-de-paoli\/"},"img":{"alt_text":"","src":"https:\/\/i0.wp.com\/vincentians.com\/it\/wp-content\/uploads\/sites\/12\/2016\/07\/don-bosco-y-san-vicente-de-paul.jpg?fit=1200%2C630&resize=350%2C200","width":350,"height":200,"srcset":"https:\/\/i0.wp.com\/vincentians.com\/it\/wp-content\/uploads\/sites\/12\/2016\/07\/don-bosco-y-san-vicente-de-paul.jpg?fit=1200%2C630&resize=350%2C200 1x, https:\/\/i0.wp.com\/vincentians.com\/it\/wp-content\/uploads\/sites\/12\/2016\/07\/don-bosco-y-san-vicente-de-paul.jpg?fit=1200%2C630&resize=525%2C300 1.5x, https:\/\/i0.wp.com\/vincentians.com\/it\/wp-content\/uploads\/sites\/12\/2016\/07\/don-bosco-y-san-vicente-de-paul.jpg?fit=1200%2C630&resize=700%2C400 2x, https:\/\/i0.wp.com\/vincentians.com\/it\/wp-content\/uploads\/sites\/12\/2016\/07\/don-bosco-y-san-vicente-de-paul.jpg?fit=1200%2C630&resize=1050%2C600 3x"},"classes":[]},{"id":45887,"url":"http:\/\/vincentians.com\/it\/il-cristiano-guidato-alla-virtu-ed-alla-civilta-secondo-lo-spirito-di-san-vincenzo-de-paoli-giorno-primo\/","url_meta":{"origin":45889,"position":1},"title":"Il cristiano guidato alla virt\u00f9 ed alla civilt\u00e0 secondo lo spirito di San Vincenzo De&#8217; Paoli. Giorno primo","author":"Francisco Javier Fern\u00e1ndez Chento","date":"26\/07\/2016","format":false,"excerpt":"Giorno primo. Carattere di S. Vincenzo de'Paoli Il carattere dell'uomo si deve considerare sotto tre aspetti;. in quanto al corpo, al cuore ed allo spirito. Onde noi per farci un'idea esatta di Vincenzo lo considereremo relativamente al corpo, al cuore, ed allo spirito. Quanto al corpo. La sua statura era\u2026","rel":"","context":"In &quot;Vincenzo de' Paoli&quot;","block_context":{"text":"Vincenzo de' Paoli","link":"http:\/\/vincentians.com\/it\/category\/vincenzo-de-paoli\/"},"img":{"alt_text":"","src":"https:\/\/i0.wp.com\/vincentians.com\/it\/wp-content\/uploads\/sites\/12\/2016\/07\/don-bosco-y-san-vicente-de-paul.jpg?fit=1200%2C630&resize=350%2C200","width":350,"height":200,"srcset":"https:\/\/i0.wp.com\/vincentians.com\/it\/wp-content\/uploads\/sites\/12\/2016\/07\/don-bosco-y-san-vicente-de-paul.jpg?fit=1200%2C630&resize=350%2C200 1x, https:\/\/i0.wp.com\/vincentians.com\/it\/wp-content\/uploads\/sites\/12\/2016\/07\/don-bosco-y-san-vicente-de-paul.jpg?fit=1200%2C630&resize=525%2C300 1.5x, https:\/\/i0.wp.com\/vincentians.com\/it\/wp-content\/uploads\/sites\/12\/2016\/07\/don-bosco-y-san-vicente-de-paul.jpg?fit=1200%2C630&resize=700%2C400 2x, https:\/\/i0.wp.com\/vincentians.com\/it\/wp-content\/uploads\/sites\/12\/2016\/07\/don-bosco-y-san-vicente-de-paul.jpg?fit=1200%2C630&resize=1050%2C600 3x"},"classes":[]},{"id":48987,"url":"http:\/\/vincentians.com\/it\/il-cristiano-guidato-alla-virtu-ed-alla-civilta-secondo-lo-spirito-di-san-vincenzo-de-paoli-giorno-vigesimoterzo\/","url_meta":{"origin":45889,"position":2},"title":"Il cristiano guidato alla virt\u00f9 ed alla civilt\u00e0 secondo lo spirito di San Vincenzo De&#8217; Paoli. Giorno vigesimoterzo","author":"Francisco Javier Fern\u00e1ndez Chento","date":"17\/08\/2016","format":false,"excerpt":"Giorno vigesimoterzo. Sua semplicit\u00e0. La semplicit\u00e0, che molti tengono cotte un difetto o tutto al pi\u00f9 come il retaggio degli spiriti deboli, \u00e8 nondimeno la virtu delle anime grandi, e ad esse sole appai, tiene di calpestare gli umani rispetti, dire le cose come si pensano; disprezzare gli artifizi del\u2026","rel":"","context":"In &quot;Vincenzo de' Paoli&quot;","block_context":{"text":"Vincenzo de' Paoli","link":"http:\/\/vincentians.com\/it\/category\/vincenzo-de-paoli\/"},"img":{"alt_text":"","src":"https:\/\/i0.wp.com\/vincentians.com\/it\/wp-content\/uploads\/sites\/12\/2016\/07\/don-bosco-y-san-vicente-de-paul.jpg?fit=1200%2C630&resize=350%2C200","width":350,"height":200,"srcset":"https:\/\/i0.wp.com\/vincentians.com\/it\/wp-content\/uploads\/sites\/12\/2016\/07\/don-bosco-y-san-vicente-de-paul.jpg?fit=1200%2C630&resize=350%2C200 1x, https:\/\/i0.wp.com\/vincentians.com\/it\/wp-content\/uploads\/sites\/12\/2016\/07\/don-bosco-y-san-vicente-de-paul.jpg?fit=1200%2C630&resize=525%2C300 1.5x, https:\/\/i0.wp.com\/vincentians.com\/it\/wp-content\/uploads\/sites\/12\/2016\/07\/don-bosco-y-san-vicente-de-paul.jpg?fit=1200%2C630&resize=700%2C400 2x, https:\/\/i0.wp.com\/vincentians.com\/it\/wp-content\/uploads\/sites\/12\/2016\/07\/don-bosco-y-san-vicente-de-paul.jpg?fit=1200%2C630&resize=1050%2C600 3x"},"classes":[]},{"id":48985,"url":"http:\/\/vincentians.com\/it\/il-cristiano-guidato-alla-virtu-ed-alla-civilta-secondo-lo-spirito-di-san-vincenzo-de-paoli-giorno-vigesimoprimo\/","url_meta":{"origin":45889,"position":3},"title":"Il cristiano guidato alla virt\u00f9 ed alla civilt\u00e0 secondo lo spirito di San Vincenzo De&#8217; Paoli. Giorno vigesimoprimo","author":"Francisco Javier Fern\u00e1ndez Chento","date":"15\/08\/2016","format":false,"excerpt":"Giorno vigesimoprimo. Suo rispetto Terso i superiori ecclesiastici. VINCENZO amava ed onorava lo stato ecclesiastico in ogni sua parto. Rispettava Ges\u00f9 Cristo nella persona del primo de' Pastori, che lo rappresenta sulla terra. Quando la Sede apostolica era vacante non cessava di chiedere e di far chiedere a Dio che\u2026","rel":"","context":"In &quot;Vincenzo de' Paoli&quot;","block_context":{"text":"Vincenzo de' Paoli","link":"http:\/\/vincentians.com\/it\/category\/vincenzo-de-paoli\/"},"img":{"alt_text":"","src":"https:\/\/i0.wp.com\/vincentians.com\/it\/wp-content\/uploads\/sites\/12\/2016\/07\/don-bosco-y-san-vicente-de-paul.jpg?fit=1200%2C630&resize=350%2C200","width":350,"height":200,"srcset":"https:\/\/i0.wp.com\/vincentians.com\/it\/wp-content\/uploads\/sites\/12\/2016\/07\/don-bosco-y-san-vicente-de-paul.jpg?fit=1200%2C630&resize=350%2C200 1x, https:\/\/i0.wp.com\/vincentians.com\/it\/wp-content\/uploads\/sites\/12\/2016\/07\/don-bosco-y-san-vicente-de-paul.jpg?fit=1200%2C630&resize=525%2C300 1.5x, https:\/\/i0.wp.com\/vincentians.com\/it\/wp-content\/uploads\/sites\/12\/2016\/07\/don-bosco-y-san-vicente-de-paul.jpg?fit=1200%2C630&resize=700%2C400 2x, https:\/\/i0.wp.com\/vincentians.com\/it\/wp-content\/uploads\/sites\/12\/2016\/07\/don-bosco-y-san-vicente-de-paul.jpg?fit=1200%2C630&resize=1050%2C600 3x"},"classes":[]},{"id":47744,"url":"http:\/\/vincentians.com\/it\/il-cristiano-guidato-alla-virtu-ed-alla-civilta-secondo-lo-spirito-di-san-vincenzo-de-paoli-giorno-decimo\/","url_meta":{"origin":45889,"position":4},"title":"Il cristiano guidato alla virt\u00f9 ed alla civilt\u00e0 secondo lo spirito di San Vincenzo De&#8217; Paoli. Giorno decimo","author":"Francisco Javier Fern\u00e1ndez Chento","date":"04\/08\/2016","format":false,"excerpt":"Giorno decimo. Dell' eguaglianza del suo spirito. Quella situazione del corpo e dell'anima, per cui un uomo, qualunque cosa succeda, resta sempre tranquillo, sempre simile a se stesso \u00ab\u00e8 meno, dice Vincenzo, una virt\u00f9 particolare, che uno stato il quale suppone il complesso di tutto te virt\u00f9. E questo un\u2026","rel":"","context":"In &quot;Vincenzo de' Paoli&quot;","block_context":{"text":"Vincenzo de' Paoli","link":"http:\/\/vincentians.com\/it\/category\/vincenzo-de-paoli\/"},"img":{"alt_text":"","src":"https:\/\/i0.wp.com\/vincentians.com\/it\/wp-content\/uploads\/sites\/12\/2016\/07\/don-bosco-y-san-vicente-de-paul.jpg?fit=1200%2C630&resize=350%2C200","width":350,"height":200,"srcset":"https:\/\/i0.wp.com\/vincentians.com\/it\/wp-content\/uploads\/sites\/12\/2016\/07\/don-bosco-y-san-vicente-de-paul.jpg?fit=1200%2C630&resize=350%2C200 1x, https:\/\/i0.wp.com\/vincentians.com\/it\/wp-content\/uploads\/sites\/12\/2016\/07\/don-bosco-y-san-vicente-de-paul.jpg?fit=1200%2C630&resize=525%2C300 1.5x, https:\/\/i0.wp.com\/vincentians.com\/it\/wp-content\/uploads\/sites\/12\/2016\/07\/don-bosco-y-san-vicente-de-paul.jpg?fit=1200%2C630&resize=700%2C400 2x, https:\/\/i0.wp.com\/vincentians.com\/it\/wp-content\/uploads\/sites\/12\/2016\/07\/don-bosco-y-san-vicente-de-paul.jpg?fit=1200%2C630&resize=1050%2C600 3x"},"classes":[]},{"id":45877,"url":"http:\/\/vincentians.com\/it\/il-cristiano-guidato-alla-virtu-ed-alla-civilta-secondo-lo-spirito-di-san-vincenzo-de-paoli-introduzione\/","url_meta":{"origin":45889,"position":5},"title":"Il cristiano guidato alla virt\u00f9 ed alla civilt\u00e0 secondo lo spirito di San Vincenzo De&#8217; Paoli. Introduzione","author":"Francisco Javier Fern\u00e1ndez Chento","date":"25\/07\/2016","format":false,"excerpt":"Il cristiano guidato alla virtu ed alla civilt\u00e0 secondo lo spirito di San Vincenzo De' Paoli Opera che pu\u00f2 servire a consacrare il mese di luglio in onore del medesimo Santo TORINO MDCCCXLVIII TIPOGRAFIA PARAVIA E COMPAGNIA L'Autore intende di godere dei privilegi accordati dalle Regie Leggi, avendo adempito a\u2026","rel":"","context":"In &quot;Vincenzo de' Paoli&quot;","block_context":{"text":"Vincenzo de' Paoli","link":"http:\/\/vincentians.com\/it\/category\/vincenzo-de-paoli\/"},"img":{"alt_text":"","src":"https:\/\/i0.wp.com\/vincentians.com\/it\/wp-content\/uploads\/sites\/12\/2016\/07\/don-bosco-y-san-vicente-de-paul.jpg?fit=1200%2C630&resize=350%2C200","width":350,"height":200,"srcset":"https:\/\/i0.wp.com\/vincentians.com\/it\/wp-content\/uploads\/sites\/12\/2016\/07\/don-bosco-y-san-vicente-de-paul.jpg?fit=1200%2C630&resize=350%2C200 1x, https:\/\/i0.wp.com\/vincentians.com\/it\/wp-content\/uploads\/sites\/12\/2016\/07\/don-bosco-y-san-vicente-de-paul.jpg?fit=1200%2C630&resize=525%2C300 1.5x, https:\/\/i0.wp.com\/vincentians.com\/it\/wp-content\/uploads\/sites\/12\/2016\/07\/don-bosco-y-san-vicente-de-paul.jpg?fit=1200%2C630&resize=700%2C400 2x, https:\/\/i0.wp.com\/vincentians.com\/it\/wp-content\/uploads\/sites\/12\/2016\/07\/don-bosco-y-san-vicente-de-paul.jpg?fit=1200%2C630&resize=1050%2C600 3x"},"classes":[]}],"_links":{"self":[{"href":"http:\/\/vincentians.com\/it\/wp-json\/wp\/v2\/posts\/45889","targetHints":{"allow":["GET"]}}],"collection":[{"href":"http:\/\/vincentians.com\/it\/wp-json\/wp\/v2\/posts"}],"about":[{"href":"http:\/\/vincentians.com\/it\/wp-json\/wp\/v2\/types\/post"}],"author":[{"embeddable":true,"href":"http:\/\/vincentians.com\/it\/wp-json\/wp\/v2\/users\/4"}],"replies":[{"embeddable":true,"href":"http:\/\/vincentians.com\/it\/wp-json\/wp\/v2\/comments?post=45889"}],"version-history":[{"count":0,"href":"http:\/\/vincentians.com\/it\/wp-json\/wp\/v2\/posts\/45889\/revisions"}],"wp:featuredmedia":[{"embeddable":true,"href":"http:\/\/vincentians.com\/it\/wp-json\/wp\/v2\/media\/153784"}],"wp:attachment":[{"href":"http:\/\/vincentians.com\/it\/wp-json\/wp\/v2\/media?parent=45889"}],"wp:term":[{"taxonomy":"category","embeddable":true,"href":"http:\/\/vincentians.com\/it\/wp-json\/wp\/v2\/categories?post=45889"},{"taxonomy":"post_tag","embeddable":true,"href":"http:\/\/vincentians.com\/it\/wp-json\/wp\/v2\/tags?post=45889"}],"curies":[{"name":"wp","href":"https:\/\/api.w.org\/{rel}","templated":true}]}}