{"id":153964,"date":"2016-08-21T18:00:10","date_gmt":"2016-08-21T16:00:10","guid":{"rendered":"http:\/\/vincentians.com\/it?p=153964&#038;preview_id=153964"},"modified":"2016-08-21T08:06:02","modified_gmt":"2016-08-21T06:06:02","slug":"lorigine-delle-confraternite-della-carita","status":"publish","type":"post","link":"http:\/\/vincentians.com\/it\/lorigine-delle-confraternite-della-carita\/","title":{"rendered":"L\u2019origine delle Confraternite della Carit\u00e0"},"content":{"rendered":"<p>Nell\u2019agosto del 1617 Vincenzo de\u2019 Paoli, che aveva 37 anni, diede inizio ad un movimento che continua ancora ai nostri giorni.<\/p>\n<p>Dopo essere stato nominato parroco a Chatillon les Dombes (oggi Chatillon sur Chalaronne) il 1\u00b0 agosto\u00a0 di quell\u2019anno arriv\u00f2 nella sua nuova parrocchia che aveva circa 2.000 abitanti. Fino a poco tempo prima\u00a0 la regione di Chatillon era stata in guerra e nel 1617 molti edifici erano distrutti; inoltre molte persone si erano convertite al protestantesimo.<\/p>\n<p>Vincenzo si impegn\u00f2 in un intenso lavoro con i fedeli. Il tema principale dei suoi sermoni era sempre la Carit\u00e0. Con questo nuovo modo di insegnare e invitare alla Carit\u00e0 portava a Dio anche i cuori pi\u00f9 induriti.<\/p>\n<p>Poco dopo essere arrivato a Chatillon (il 20 di agosto) gli si avvicinarono alcune persone e gli dissero che vi era una famiglia in stato di grande bisogno, questo fatto fu all\u2019origine di un grande cambio tanto nella sua vita come in quella delle persone che lo circondavano.<\/p>\n<p>Lasciamo che lui stesso ce ne parli:<\/p>\n<p style=\"padding-left: 30px;\"><em>\u201cSappiate che, mentre mi trovavo vicino a Lione in una piccola citt\u00e0 in cui la Provvidenza mi aveva condotto a fare il parroco, una domenica, mentre mi stavo preparando a celebrare la Santa Messa, vennero a dirmi che in una casa isolata, a un quarto d\u2019ora da l\u00ec, vi era una famiglia in cui tutti erano ammalati, senza che vi fosse nemmeno una persona che potesse assistere le altre e tutti si trovano in una tale una condizione di bisogno da non poterla descrivere. Questo mi tocc\u00f2 profondente il cuore e non mancai di parlarne nella predica con molto sentimento, e Dio, toccando il cuore di quelli che mi ascoltavano, fece che s\u00ec che tutti si sentissero mossi a compassione per quei poveri infelici.\u201d <\/em>(Coste IX, 232).<\/p>\n<p>Nel pomeriggio Vincenzo si rec\u00f2 a visitare quei malati e con sorpresa incontr\u00f2 lungo il cammino molte donne che andavano o tornavano dall\u2019averli visitati e aver portato loro dei viveri. Faceva caldo e molta gente era seduta lungo il sentiero per riposare e rinfrescarsi un poco. Sembrava un pellegrinaggio. Vincenzo arriv\u00f2 e si rese conto anche lui dell\u2019estremo bisogno di quella povera gente. Amministr\u00f2 i sacramenti ai pi\u00f9 gravi. Vide anche la quantit\u00e0 di aiuti che i fedeli avevano portato e fece una riflessione: <em>\u201cQuesti poveri malati oggi hanno ricevuto troppe provviste tutte insieme; parte di esse andranno\u00a0 sprecate e domani saranno di nuovo bisognosi come prima. Questa carit\u00e0 non \u00e8 ben ordinata.\u201d <\/em>E\u2019 necessario organizzare la carit\u00e0!<\/p>\n<p>La sera stessa San Vincenzo dava inizio al suo progetto e tre giorni dopo, il mercoled\u00ec 23 di agosto, organizz\u00f2 il primo gruppo di donne del villaggio e le anim\u00f2 a creare un\u2019associazione, dando loro il compito di occuparsi dei malati nelle loro case. Tra di loro vi erano Francisca Baschet signora di Chassaigne e Carlota de Brie, signora di Brunand.<\/p>\n<p>Vincenzo diede loro un Regolamento provvisorio dell\u2019associazione, che lui stesso aveva redatto e che indicava un obiettivo ben definito: <strong>\u201cAssistere spiritualmente e corporalmente i poveri\u201d <\/strong>e ne dava ragione: \u201cLa carit\u00e0 \u00e8 il segno infallibile dei veri figli di Dio\u201d. {197 (XIV,125-126)} Il giorno seguente le signore gi\u00e0 erano gi\u00e0 impegnate in questa opera, realizzando il servizio ogni giorno, in ordine di\u00a0 iscrizione.<\/p>\n<p>Il Regolamento provvisorio di agosto riuniva tre elementi essenziali:<\/p>\n<ol>\n<li>Organizzazione del servizio da realizzare,<\/li>\n<li>Aiuto (per il corpo e per l\u2019anima) agli infermi nel loro domicilio,<\/li>\n<li>Forte spiritualit\u00e0 evangelica e competenza professionale in modo da realizzare il servizio con attenzione e<\/li>\n<\/ol>\n<p>Era nata la prima Associazione di Carit\u00e0, grazie ad una catena di compassione che si cre\u00f2 intorno all\u2019Eucaristia: una donna compassionevole, il parroco, i fedeli.<\/p>\n<p>Questo avvenimento mette in evidenza come l\u2019Eucaristia sia fonte di Carit\u00e0. Possiamo affermare che l\u2019associazione Internazionale delle Carit\u00e0 \u00e8 nata dall\u2019Eucaristia: in essa e per essa fu possibile che si organizzassero per servire i poveri.<\/p>\n<p>Con la consegna del Regolamento ufficiale (pi\u00f9 esteso del primo da parte di San Vincenzo, alle\u00a0 Dame della Carit\u00e0 di Chatillon, l\u2019Arcivescovo di Lione riconobbe ufficialmente la prima Carit\u00e0 il 24 novembre 1617, e la proclam\u00f2 l\u20198 dicembre 1617.<\/p>\n<h2><strong>Primo Regolamento del 23 agosto 1617 delle Confraternite della Carit\u00e0:<\/strong><\/h2>\n<p>Documento 197. Questo documento che riferisce <strong>gli inizi della Carit\u00e0 di Chatillon <\/strong>fu scoperto negli archivi del comune di Chatillon nel 1839. E\u2019 stato scritto dal Santo stesso. \u00ab La Compagnie des Filles de la Charit\u00e9 aux origines : Documents \u00bb (ed. Sister Elisabeth Charpy DC, Document 1 pp.1-2)<\/p>\n<blockquote><p>Ges\u00f9, Maria,<\/p>\n<p>Nel nome del Padre, del Figlio e dello Spirito Santo. Oggi, 23 agosto 1617, le signore sotto menzionate si sono associate caritatevolmente per assistere i poveri infermi di questa citt\u00e0 di Chatillon, a turno, avendo deciso di comune accordo che una di loro si faccia carico, per un giorno intero, di tutti quelli che ne abbiano fatto richiesta e abbia cura di prestare loro aiuto. Si propongono due obiettivi: aiutare il corpo e l\u2019anima; il corpo fornendo alimenti e cure e l\u2019anima disponendo a una buona morte coloro che sono prossimi alla fine e aiutando a vivere cristianamente coloro che guariscono.<\/p>\n<p>Dato che la <strong>Madre di Dio \u00e8 invocata e scelta come patrona per le cose importanti, e affinch\u00e9 tutto risulti e si realizzi per la gloria del buon Ges\u00f9, suo Figlio, le dame la assumono come patrona e protettrice dell\u2019opera <\/strong>e le chiedono umilmente di proteggerle in modo speciale, cos\u00ec come lo chiedono a San Martino e a sant\u2019Andrea, veri esempi di Carit\u00e0 e patroni di Chatillon. Cominceranno, con l\u2019aiuto di Dio, a lavorare in questa buona opera domani, giorno della festa di san Bartolomeo, secondo l\u2019ordine in cui sono iscritte.<\/p>\n<p>In primo luogo la Signora del Castello, al suo turno. La signorina de Brie, al suo. La Signora Filiberta, sposa del Signor de les Hugoni\u00e8res. Benita, la figlia del Signor Ennem\u00f3ndo Prost. La Signora Dionisia Beynier, sposa del Signor Claudio Bouchour. Una delle figlie della Signora Perra. La Signora Coleta. Ed infine la Signorina de la Chassaigne.<\/p>\n<p>Dopo di lei la Signora del Castello comincer\u00e0 di nuovo il servizio per un altro turno e cos\u00ec le altre, alternandosi secondo l\u2019ordine stabilito e tenendo in conto che, quando una non pu\u00f2, per giuste ragioni, dedicarsi a questa santa opera al suo turno, lo dir\u00e0 il giorno precedente e avvertir\u00e0 della sua impossibilit\u00e0 quella che viene dopo, in modo che la sostituisca e si faccia carico del servizio dei poveri in quel giorno; essa non si rifiuter\u00e0 di farlo, se pu\u00f2, e cos\u00ec sar\u00e0 libera il giorno che le corrisponderebbe secondo l\u2019ordine stabilito.<\/p>\n<p>E\u2019 necessario chiedere al buon Ges\u00f9 che l\u2019ordine stabilito si mantenga e che ricolmi di benedizioni divine tutte quelle e quelli che lavorano con le loro mani o contribuiscono con i loro beni affinch\u00e9 si mantenga; sicuramente Egli lo far\u00e0, perch\u00e9 Egli stesso ce lo assicura con le sue parole; nel terribile giorno del giudizio, quando sentiremo la sua voce, essa dolce e benevola per quelli che aiutano i poveri: venite benedetti dal Padre mio e possedete il regno che vi ha preparato fin dall\u2019inizio del mondo Al contrario, quelli che non se ne sono preoccupati saranno scacciati da Lui con parole dure e terribili: Maledetti, allontanatevi da me, andate nel fuoco eterno che \u00e8 preparato per il diavolo e i suoi angeli.<\/p>\n<p>A Dio Padre, Figlio e Spirito Santo ogni onore e gloria nei secoli dei secoli. Amen.<\/p><\/blockquote>\n<p>&nbsp;<\/p>\n","protected":false},"excerpt":{"rendered":"<p>Nell\u2019agosto del 1617 Vincenzo de\u2019 Paoli, che aveva 37 anni, diede inizio ad un movimento che continua ancora ai nostri giorni. Dopo essere stato nominato parroco a Chatillon les Dombes (oggi Chatillon sur Chalaronne) il &#8230; <a href=\"http:\/\/vincentians.com\/it\/lorigine-delle-confraternite-della-carita\/\" class=\"more-link\">Read More<\/a><\/p>\n","protected":false},"author":4,"featured_media":153965,"comment_status":"open","ping_status":"open","sticky":false,"template":"","format":"standard","meta":{"jetpack_post_was_ever_published":false,"_jetpack_newsletter_access":"","_jetpack_dont_email_post_to_subs":false,"_jetpack_newsletter_tier_id":0,"_jetpack_memberships_contains_paywalled_content":false,"_jetpack_memberships_contains_paid_content":false,"footnotes":"","jetpack_publicize_message":"","jetpack_publicize_feature_enabled":true,"jetpack_social_post_already_shared":true,"jetpack_social_options":{"image_generator_settings":{"template":"highway","default_image_id":0,"font":"","enabled":false},"version":2}},"categories":[17,156],"tags":[],"class_list":["post-153964","post","type-post","status-publish","format-standard","has-post-thumbnail","hentry","category-at-the-time-of-vincent-de-paul","category-la-storia-dellassociazione-internazionale-della-carita"],"yoast_head":"<!-- This site is optimized with the Yoast SEO plugin v26.3 - https:\/\/yoast.com\/wordpress\/plugins\/seo\/ -->\n<title>L\u2019origine delle Confraternite della Carit\u00e0 - Siamo Vincenziani<\/title>\n<meta name=\"robots\" content=\"index, follow, max-snippet:-1, max-image-preview:large, max-video-preview:-1\" \/>\n<link rel=\"canonical\" href=\"http:\/\/vincentians.com\/it\/lorigine-delle-confraternite-della-carita\/\" \/>\n<meta property=\"og:locale\" content=\"it_IT\" \/>\n<meta property=\"og:type\" content=\"article\" \/>\n<meta property=\"og:title\" content=\"L\u2019origine delle Confraternite della Carit\u00e0 - Siamo Vincenziani\" \/>\n<meta property=\"og:description\" content=\"Nell\u2019agosto del 1617 Vincenzo de\u2019 Paoli, che aveva 37 anni, diede inizio ad un movimento che continua ancora ai nostri giorni. Dopo essere stato nominato parroco a Chatillon les Dombes (oggi Chatillon sur Chalaronne) il ... Read More\" \/>\n<meta property=\"og:url\" content=\"http:\/\/vincentians.com\/it\/lorigine-delle-confraternite-della-carita\/\" \/>\n<meta property=\"og:site_name\" content=\"Siamo Vincenziani\" \/>\n<meta property=\"article:publisher\" content=\"https:\/\/www.facebook.com\/WeAreVincentians\/\" \/>\n<meta property=\"article:author\" content=\"https:\/\/www.facebook.com\/JavierChento\" \/>\n<meta property=\"article:published_time\" content=\"2016-08-21T16:00:10+00:00\" \/>\n<meta property=\"og:image\" content=\"https:\/\/i0.wp.com\/vincentians.com\/it\/wp-content\/uploads\/sites\/12\/2016\/08\/cofradias-de-caridad.jpg?fit=1200%2C630\" \/>\n\t<meta property=\"og:image:width\" content=\"1200\" \/>\n\t<meta property=\"og:image:height\" content=\"630\" \/>\n\t<meta property=\"og:image:type\" content=\"image\/jpeg\" \/>\n<meta name=\"author\" content=\"Francisco Javier Fern\u00e1ndez Chento\" \/>\n<meta name=\"twitter:card\" content=\"summary_large_image\" \/>\n<meta name=\"twitter:creator\" content=\"@https:\/\/twitter.com\/javierchento\" \/>\n<meta name=\"twitter:site\" content=\"@WeVincentians\" \/>\n<meta name=\"twitter:label1\" content=\"Scritto da\" \/>\n\t<meta name=\"twitter:data1\" content=\"Francisco Javier Fern\u00e1ndez Chento\" \/>\n\t<meta name=\"twitter:label2\" content=\"Tempo di lettura stimato\" \/>\n\t<meta name=\"twitter:data2\" content=\"6 minuti\" \/>\n<script type=\"application\/ld+json\" class=\"yoast-schema-graph\">{\"@context\":\"https:\/\/schema.org\",\"@graph\":[{\"@type\":\"Article\",\"@id\":\"http:\/\/vincentians.com\/it\/lorigine-delle-confraternite-della-carita\/#article\",\"isPartOf\":{\"@id\":\"http:\/\/vincentians.com\/it\/lorigine-delle-confraternite-della-carita\/\"},\"author\":{\"name\":\"Francisco Javier Fern\u00e1ndez Chento\",\"@id\":\"https:\/\/vincentians.com\/it\/#\/schema\/person\/9623ef4d9aa3b2dfb8c061f1499288f2\"},\"headline\":\"L\u2019origine delle Confraternite della Carit\u00e0\",\"datePublished\":\"2016-08-21T16:00:10+00:00\",\"mainEntityOfPage\":{\"@id\":\"http:\/\/vincentians.com\/it\/lorigine-delle-confraternite-della-carita\/\"},\"wordCount\":1230,\"commentCount\":0,\"publisher\":{\"@id\":\"https:\/\/vincentians.com\/it\/#organization\"},\"image\":{\"@id\":\"http:\/\/vincentians.com\/it\/lorigine-delle-confraternite-della-carita\/#primaryimage\"},\"thumbnailUrl\":\"https:\/\/i0.wp.com\/vincentians.com\/it\/wp-content\/uploads\/sites\/12\/2016\/08\/cofradias-de-caridad.jpg?fit=1200%2C630\",\"articleSection\":[\"At the time of Vincent de Paul\",\"La storia dell'Associazione Internazionale della Carit\u00e0\"],\"inLanguage\":\"it-IT\",\"potentialAction\":[{\"@type\":\"CommentAction\",\"name\":\"Comment\",\"target\":[\"http:\/\/vincentians.com\/it\/lorigine-delle-confraternite-della-carita\/#respond\"]}]},{\"@type\":\"WebPage\",\"@id\":\"http:\/\/vincentians.com\/it\/lorigine-delle-confraternite-della-carita\/\",\"url\":\"http:\/\/vincentians.com\/it\/lorigine-delle-confraternite-della-carita\/\",\"name\":\"L\u2019origine delle Confraternite della Carit\u00e0 - Siamo Vincenziani\",\"isPartOf\":{\"@id\":\"https:\/\/vincentians.com\/it\/#website\"},\"primaryImageOfPage\":{\"@id\":\"http:\/\/vincentians.com\/it\/lorigine-delle-confraternite-della-carita\/#primaryimage\"},\"image\":{\"@id\":\"http:\/\/vincentians.com\/it\/lorigine-delle-confraternite-della-carita\/#primaryimage\"},\"thumbnailUrl\":\"https:\/\/i0.wp.com\/vincentians.com\/it\/wp-content\/uploads\/sites\/12\/2016\/08\/cofradias-de-caridad.jpg?fit=1200%2C630\",\"datePublished\":\"2016-08-21T16:00:10+00:00\",\"breadcrumb\":{\"@id\":\"http:\/\/vincentians.com\/it\/lorigine-delle-confraternite-della-carita\/#breadcrumb\"},\"inLanguage\":\"it-IT\",\"potentialAction\":[{\"@type\":\"ReadAction\",\"target\":[\"http:\/\/vincentians.com\/it\/lorigine-delle-confraternite-della-carita\/\"]}]},{\"@type\":\"ImageObject\",\"inLanguage\":\"it-IT\",\"@id\":\"http:\/\/vincentians.com\/it\/lorigine-delle-confraternite-della-carita\/#primaryimage\",\"url\":\"https:\/\/i0.wp.com\/vincentians.com\/it\/wp-content\/uploads\/sites\/12\/2016\/08\/cofradias-de-caridad.jpg?fit=1200%2C630\",\"contentUrl\":\"https:\/\/i0.wp.com\/vincentians.com\/it\/wp-content\/uploads\/sites\/12\/2016\/08\/cofradias-de-caridad.jpg?fit=1200%2C630\",\"width\":1200,\"height\":630},{\"@type\":\"BreadcrumbList\",\"@id\":\"http:\/\/vincentians.com\/it\/lorigine-delle-confraternite-della-carita\/#breadcrumb\",\"itemListElement\":[{\"@type\":\"ListItem\",\"position\":1,\"name\":\"Portada\",\"item\":\"https:\/\/vincentians.com\/it\/\"},{\"@type\":\"ListItem\",\"position\":2,\"name\":\"L\u2019origine delle Confraternite della Carit\u00e0\"}]},{\"@type\":\"WebSite\",\"@id\":\"https:\/\/vincentians.com\/it\/#website\",\"url\":\"https:\/\/vincentians.com\/it\/\",\"name\":\"Siamo Vincenziani\",\"description\":\"Know more to serve more\",\"publisher\":{\"@id\":\"https:\/\/vincentians.com\/it\/#organization\"},\"potentialAction\":[{\"@type\":\"SearchAction\",\"target\":{\"@type\":\"EntryPoint\",\"urlTemplate\":\"https:\/\/vincentians.com\/it\/?s={search_term_string}\"},\"query-input\":{\"@type\":\"PropertyValueSpecification\",\"valueRequired\":true,\"valueName\":\"search_term_string\"}}],\"inLanguage\":\"it-IT\"},{\"@type\":\"Organization\",\"@id\":\"https:\/\/vincentians.com\/it\/#organization\",\"name\":\"The Vincentian Network\",\"url\":\"https:\/\/vincentians.com\/it\/\",\"logo\":{\"@type\":\"ImageObject\",\"inLanguage\":\"it-IT\",\"@id\":\"https:\/\/vincentians.com\/it\/#\/schema\/logo\/image\/\",\"url\":\"https:\/\/i0.wp.com\/vincentians.com\/it\/wp-content\/uploads\/sites\/12\/2016\/06\/Vincentian-Network-logo-big.png?fit=778%2C778\",\"contentUrl\":\"https:\/\/i0.wp.com\/vincentians.com\/it\/wp-content\/uploads\/sites\/12\/2016\/06\/Vincentian-Network-logo-big.png?fit=778%2C778\",\"width\":778,\"height\":778,\"caption\":\"The Vincentian Network\"},\"image\":{\"@id\":\"https:\/\/vincentians.com\/it\/#\/schema\/logo\/image\/\"},\"sameAs\":[\"https:\/\/www.facebook.com\/WeAreVincentians\/\",\"https:\/\/x.com\/WeVincentians\"]},{\"@type\":\"Person\",\"@id\":\"https:\/\/vincentians.com\/it\/#\/schema\/person\/9623ef4d9aa3b2dfb8c061f1499288f2\",\"name\":\"Francisco Javier Fern\u00e1ndez Chento\",\"image\":{\"@type\":\"ImageObject\",\"inLanguage\":\"it-IT\",\"@id\":\"https:\/\/vincentians.com\/it\/#\/schema\/person\/image\/\",\"url\":\"https:\/\/secure.gravatar.com\/avatar\/497d5cde87b4c3d097d0315953521681ba2cd523ee66e5077c3711f7021e65de?s=96&d=mm&r=g\",\"contentUrl\":\"https:\/\/secure.gravatar.com\/avatar\/497d5cde87b4c3d097d0315953521681ba2cd523ee66e5077c3711f7021e65de?s=96&d=mm&r=g\",\"caption\":\"Francisco Javier Fern\u00e1ndez Chento\"},\"description\":\"Director General y cofundador de La Red de Formaci\u00f3n Vicenciana. Javier es laico vicenciano, afiliado a la Congregaci\u00f3n de la Misi\u00f3n y miembro del Equipo de Misiones Populares de la provincia can\u00f3nica de Zaragoza (Espa\u00f1a) de la Congregaci\u00f3n de la Misi\u00f3n. Graduado en la Universidad Oberta de Catalunya con cuatro grados (Asistente de direcci\u00f3n, Gesti\u00f3n Administrativa, Recursos Humanos y Contabilidad Avanzada). Bil\u00edng\u00fce Espa\u00f1ol\/Ingl\u00e9s. gestiona y mantiene varias p\u00e1ginas web cristianas y vicencianas, incluida including La Red de Formaci\u00f3n Vicenciana, de la que es cofundador. Actualmente es responsable del \u00e1rea de Espa\u00f1ol de .famvin, la Red de Noticias de la Familia Vicenciana. Tambi\u00e9n es m\u00fasico cat\u00f3lico y ha editado varios discos. Es Director General y cofundador de Trovador, una reconocida compa\u00f1\u00eda discogr\u00e1fica critiana de Espa\u00f1a. Trabaja en las Tecnolog\u00edas de la Informaci\u00f3n, ofreciendo servicios de alojamiento, dise\u00f1o y mantenimiento Web, as\u00ed como asesoramiento, formaci\u00f3n y soluciones inform\u00e1ticas, gesti\u00f3n documental y digitalizaci\u00f3n de textos, edici\u00f3n y maquetaci\u00f3n de libros, revistas, flyers, etc.\",\"sameAs\":[\"http:\/\/chento.org\",\"https:\/\/www.facebook.com\/JavierChento\",\"https:\/\/x.com\/https:\/\/twitter.com\/javierchento\"],\"url\":\"http:\/\/vincentians.com\/it\/author\/chento\/\"}]}<\/script>\n<!-- \/ Yoast SEO plugin. -->","yoast_head_json":{"title":"L\u2019origine delle Confraternite della Carit\u00e0 - Siamo Vincenziani","robots":{"index":"index","follow":"follow","max-snippet":"max-snippet:-1","max-image-preview":"max-image-preview:large","max-video-preview":"max-video-preview:-1"},"canonical":"http:\/\/vincentians.com\/it\/lorigine-delle-confraternite-della-carita\/","og_locale":"it_IT","og_type":"article","og_title":"L\u2019origine delle Confraternite della Carit\u00e0 - Siamo Vincenziani","og_description":"Nell\u2019agosto del 1617 Vincenzo de\u2019 Paoli, che aveva 37 anni, diede inizio ad un movimento che continua ancora ai nostri giorni. Dopo essere stato nominato parroco a Chatillon les Dombes (oggi Chatillon sur Chalaronne) il ... Read More","og_url":"http:\/\/vincentians.com\/it\/lorigine-delle-confraternite-della-carita\/","og_site_name":"Siamo Vincenziani","article_publisher":"https:\/\/www.facebook.com\/WeAreVincentians\/","article_author":"https:\/\/www.facebook.com\/JavierChento","article_published_time":"2016-08-21T16:00:10+00:00","og_image":[{"width":1200,"height":630,"url":"https:\/\/i0.wp.com\/vincentians.com\/it\/wp-content\/uploads\/sites\/12\/2016\/08\/cofradias-de-caridad.jpg?fit=1200%2C630","type":"image\/jpeg"}],"author":"Francisco Javier Fern\u00e1ndez Chento","twitter_card":"summary_large_image","twitter_creator":"@https:\/\/twitter.com\/javierchento","twitter_site":"@WeVincentians","twitter_misc":{"Scritto da":"Francisco Javier Fern\u00e1ndez Chento","Tempo di lettura stimato":"6 minuti"},"schema":{"@context":"https:\/\/schema.org","@graph":[{"@type":"Article","@id":"http:\/\/vincentians.com\/it\/lorigine-delle-confraternite-della-carita\/#article","isPartOf":{"@id":"http:\/\/vincentians.com\/it\/lorigine-delle-confraternite-della-carita\/"},"author":{"name":"Francisco Javier Fern\u00e1ndez Chento","@id":"https:\/\/vincentians.com\/it\/#\/schema\/person\/9623ef4d9aa3b2dfb8c061f1499288f2"},"headline":"L\u2019origine delle Confraternite della Carit\u00e0","datePublished":"2016-08-21T16:00:10+00:00","mainEntityOfPage":{"@id":"http:\/\/vincentians.com\/it\/lorigine-delle-confraternite-della-carita\/"},"wordCount":1230,"commentCount":0,"publisher":{"@id":"https:\/\/vincentians.com\/it\/#organization"},"image":{"@id":"http:\/\/vincentians.com\/it\/lorigine-delle-confraternite-della-carita\/#primaryimage"},"thumbnailUrl":"https:\/\/i0.wp.com\/vincentians.com\/it\/wp-content\/uploads\/sites\/12\/2016\/08\/cofradias-de-caridad.jpg?fit=1200%2C630","articleSection":["At the time of Vincent de Paul","La storia dell'Associazione Internazionale della Carit\u00e0"],"inLanguage":"it-IT","potentialAction":[{"@type":"CommentAction","name":"Comment","target":["http:\/\/vincentians.com\/it\/lorigine-delle-confraternite-della-carita\/#respond"]}]},{"@type":"WebPage","@id":"http:\/\/vincentians.com\/it\/lorigine-delle-confraternite-della-carita\/","url":"http:\/\/vincentians.com\/it\/lorigine-delle-confraternite-della-carita\/","name":"L\u2019origine delle Confraternite della Carit\u00e0 - Siamo Vincenziani","isPartOf":{"@id":"https:\/\/vincentians.com\/it\/#website"},"primaryImageOfPage":{"@id":"http:\/\/vincentians.com\/it\/lorigine-delle-confraternite-della-carita\/#primaryimage"},"image":{"@id":"http:\/\/vincentians.com\/it\/lorigine-delle-confraternite-della-carita\/#primaryimage"},"thumbnailUrl":"https:\/\/i0.wp.com\/vincentians.com\/it\/wp-content\/uploads\/sites\/12\/2016\/08\/cofradias-de-caridad.jpg?fit=1200%2C630","datePublished":"2016-08-21T16:00:10+00:00","breadcrumb":{"@id":"http:\/\/vincentians.com\/it\/lorigine-delle-confraternite-della-carita\/#breadcrumb"},"inLanguage":"it-IT","potentialAction":[{"@type":"ReadAction","target":["http:\/\/vincentians.com\/it\/lorigine-delle-confraternite-della-carita\/"]}]},{"@type":"ImageObject","inLanguage":"it-IT","@id":"http:\/\/vincentians.com\/it\/lorigine-delle-confraternite-della-carita\/#primaryimage","url":"https:\/\/i0.wp.com\/vincentians.com\/it\/wp-content\/uploads\/sites\/12\/2016\/08\/cofradias-de-caridad.jpg?fit=1200%2C630","contentUrl":"https:\/\/i0.wp.com\/vincentians.com\/it\/wp-content\/uploads\/sites\/12\/2016\/08\/cofradias-de-caridad.jpg?fit=1200%2C630","width":1200,"height":630},{"@type":"BreadcrumbList","@id":"http:\/\/vincentians.com\/it\/lorigine-delle-confraternite-della-carita\/#breadcrumb","itemListElement":[{"@type":"ListItem","position":1,"name":"Portada","item":"https:\/\/vincentians.com\/it\/"},{"@type":"ListItem","position":2,"name":"L\u2019origine delle Confraternite della Carit\u00e0"}]},{"@type":"WebSite","@id":"https:\/\/vincentians.com\/it\/#website","url":"https:\/\/vincentians.com\/it\/","name":"Siamo Vincenziani","description":"Know more to serve more","publisher":{"@id":"https:\/\/vincentians.com\/it\/#organization"},"potentialAction":[{"@type":"SearchAction","target":{"@type":"EntryPoint","urlTemplate":"https:\/\/vincentians.com\/it\/?s={search_term_string}"},"query-input":{"@type":"PropertyValueSpecification","valueRequired":true,"valueName":"search_term_string"}}],"inLanguage":"it-IT"},{"@type":"Organization","@id":"https:\/\/vincentians.com\/it\/#organization","name":"The Vincentian Network","url":"https:\/\/vincentians.com\/it\/","logo":{"@type":"ImageObject","inLanguage":"it-IT","@id":"https:\/\/vincentians.com\/it\/#\/schema\/logo\/image\/","url":"https:\/\/i0.wp.com\/vincentians.com\/it\/wp-content\/uploads\/sites\/12\/2016\/06\/Vincentian-Network-logo-big.png?fit=778%2C778","contentUrl":"https:\/\/i0.wp.com\/vincentians.com\/it\/wp-content\/uploads\/sites\/12\/2016\/06\/Vincentian-Network-logo-big.png?fit=778%2C778","width":778,"height":778,"caption":"The Vincentian Network"},"image":{"@id":"https:\/\/vincentians.com\/it\/#\/schema\/logo\/image\/"},"sameAs":["https:\/\/www.facebook.com\/WeAreVincentians\/","https:\/\/x.com\/WeVincentians"]},{"@type":"Person","@id":"https:\/\/vincentians.com\/it\/#\/schema\/person\/9623ef4d9aa3b2dfb8c061f1499288f2","name":"Francisco Javier Fern\u00e1ndez Chento","image":{"@type":"ImageObject","inLanguage":"it-IT","@id":"https:\/\/vincentians.com\/it\/#\/schema\/person\/image\/","url":"https:\/\/secure.gravatar.com\/avatar\/497d5cde87b4c3d097d0315953521681ba2cd523ee66e5077c3711f7021e65de?s=96&d=mm&r=g","contentUrl":"https:\/\/secure.gravatar.com\/avatar\/497d5cde87b4c3d097d0315953521681ba2cd523ee66e5077c3711f7021e65de?s=96&d=mm&r=g","caption":"Francisco Javier Fern\u00e1ndez Chento"},"description":"Director General y cofundador de La Red de Formaci\u00f3n Vicenciana. Javier es laico vicenciano, afiliado a la Congregaci\u00f3n de la Misi\u00f3n y miembro del Equipo de Misiones Populares de la provincia can\u00f3nica de Zaragoza (Espa\u00f1a) de la Congregaci\u00f3n de la Misi\u00f3n. Graduado en la Universidad Oberta de Catalunya con cuatro grados (Asistente de direcci\u00f3n, Gesti\u00f3n Administrativa, Recursos Humanos y Contabilidad Avanzada). Bil\u00edng\u00fce Espa\u00f1ol\/Ingl\u00e9s. gestiona y mantiene varias p\u00e1ginas web cristianas y vicencianas, incluida including La Red de Formaci\u00f3n Vicenciana, de la que es cofundador. Actualmente es responsable del \u00e1rea de Espa\u00f1ol de .famvin, la Red de Noticias de la Familia Vicenciana. Tambi\u00e9n es m\u00fasico cat\u00f3lico y ha editado varios discos. Es Director General y cofundador de Trovador, una reconocida compa\u00f1\u00eda discogr\u00e1fica critiana de Espa\u00f1a. Trabaja en las Tecnolog\u00edas de la Informaci\u00f3n, ofreciendo servicios de alojamiento, dise\u00f1o y mantenimiento Web, as\u00ed como asesoramiento, formaci\u00f3n y soluciones inform\u00e1ticas, gesti\u00f3n documental y digitalizaci\u00f3n de textos, edici\u00f3n y maquetaci\u00f3n de libros, revistas, flyers, etc.","sameAs":["http:\/\/chento.org","https:\/\/www.facebook.com\/JavierChento","https:\/\/x.com\/https:\/\/twitter.com\/javierchento"],"url":"http:\/\/vincentians.com\/it\/author\/chento\/"}]}},"jetpack_publicize_connections":[],"jetpack_featured_media_url":"https:\/\/i0.wp.com\/vincentians.com\/it\/wp-content\/uploads\/sites\/12\/2016\/08\/cofradias-de-caridad.jpg?fit=1200%2C630","jetpack_sharing_enabled":true,"jetpack_shortlink":"https:\/\/wp.me\/p7ETFo-E3i","jetpack-related-posts":[{"id":38841,"url":"http:\/\/vincentians.com\/it\/san-vincenzo-de-paoli-sacerdote-e-fondatore\/","url_meta":{"origin":153964,"position":0},"title":"San Vincenzo de&#8217; Paoli Sacerdote e fondatore","author":"Francisco Javier Fern\u00e1ndez Chento","date":"05\/09\/2016","format":false,"excerpt":"Nato a Pouy in Guascogna il 24 aprile 1581, fino a quindici anni fece il guardiano di porci per poter pagarsi gli studi. Ordinato sacerdote a 19 anni, nel 1605 mentre viaggiava da Marsiglia a Narbona fu fatto prigioniero dai pirati turchi e venduto come schiavo a Tunisi. Venne liberato\u2026","rel":"","context":"In &quot;Vincenzo de' Paoli&quot;","block_context":{"text":"Vincenzo de' Paoli","link":"http:\/\/vincentians.com\/it\/category\/vincenzo-de-paoli\/"},"img":{"alt_text":"","src":"https:\/\/i0.wp.com\/vincentians.com\/it\/wp-content\/uploads\/sites\/12\/2016\/07\/st-vincent-de-paul.jpg?fit=1200%2C630&resize=350%2C200","width":350,"height":200,"srcset":"https:\/\/i0.wp.com\/vincentians.com\/it\/wp-content\/uploads\/sites\/12\/2016\/07\/st-vincent-de-paul.jpg?fit=1200%2C630&resize=350%2C200 1x, https:\/\/i0.wp.com\/vincentians.com\/it\/wp-content\/uploads\/sites\/12\/2016\/07\/st-vincent-de-paul.jpg?fit=1200%2C630&resize=525%2C300 1.5x, https:\/\/i0.wp.com\/vincentians.com\/it\/wp-content\/uploads\/sites\/12\/2016\/07\/st-vincent-de-paul.jpg?fit=1200%2C630&resize=700%2C400 2x, https:\/\/i0.wp.com\/vincentians.com\/it\/wp-content\/uploads\/sites\/12\/2016\/07\/st-vincent-de-paul.jpg?fit=1200%2C630&resize=1050%2C600 3x"},"classes":[]},{"id":73000,"url":"http:\/\/vincentians.com\/it\/vita-di-san-vincenzo-de-paoli\/","url_meta":{"origin":153964,"position":1},"title":"Vita di san Vincenzo de&#8217; Paoli","author":"Francisco Javier Fern\u00e1ndez Chento","date":"02\/09\/2016","format":false,"excerpt":"San Vincenzo non \u00e8 un santo morto cent'anni fa, come don Bosco (ricordate che don Bosco mor\u00ec nel 1888), ma non \u00e8 nemmeno uno vissuto al tempo dei \"Padri della Chiesa\" (nei primi settecento anni di cristianesimo). San Vincenzo, o meglio, Vincenzo, nacque il 24 aprile 1581. Egli nacque nel\u2026","rel":"","context":"In &quot;Vincenzo de' Paoli&quot;","block_context":{"text":"Vincenzo de' Paoli","link":"http:\/\/vincentians.com\/it\/category\/vincenzo-de-paoli\/"},"img":{"alt_text":"","src":"https:\/\/i0.wp.com\/vincentians.com\/it\/wp-content\/uploads\/sites\/12\/2013\/03\/vincent-de-paul-gonzalez-carbonell.jpg?fit=1200%2C630&resize=350%2C200","width":350,"height":200,"srcset":"https:\/\/i0.wp.com\/vincentians.com\/it\/wp-content\/uploads\/sites\/12\/2013\/03\/vincent-de-paul-gonzalez-carbonell.jpg?fit=1200%2C630&resize=350%2C200 1x, https:\/\/i0.wp.com\/vincentians.com\/it\/wp-content\/uploads\/sites\/12\/2013\/03\/vincent-de-paul-gonzalez-carbonell.jpg?fit=1200%2C630&resize=525%2C300 1.5x, https:\/\/i0.wp.com\/vincentians.com\/it\/wp-content\/uploads\/sites\/12\/2013\/03\/vincent-de-paul-gonzalez-carbonell.jpg?fit=1200%2C630&resize=700%2C400 2x, https:\/\/i0.wp.com\/vincentians.com\/it\/wp-content\/uploads\/sites\/12\/2013\/03\/vincent-de-paul-gonzalez-carbonell.jpg?fit=1200%2C630&resize=1050%2C600 3x"},"classes":[]},{"id":72561,"url":"http:\/\/vincentians.com\/it\/federico-ozanam-1813-1853-i\/","url_meta":{"origin":153964,"position":2},"title":"Federico Ozanam (1813-1853) (I)","author":"Francisco Javier Fern\u00e1ndez Chento","date":"14\/07\/2016","format":false,"excerpt":"I.- La fucina di un grande cuore La famiglia pu\u00f3 essere considerata come la fucina dei cuori degli uomini. In essa si forgiano le virt\u00fa e le caratteri\u00adstiche di base, che i vari stadi della vita svilupperanno, sen\u00adza pi\u00fa mutare gran che. Nulla pu\u00f3 sostituire le ginocchia di una buona\u2026","rel":"","context":"In &quot;Federico Ozanam&quot;","block_context":{"text":"Federico Ozanam","link":"http:\/\/vincentians.com\/it\/category\/federico-ozanam\/"},"img":{"alt_text":"","src":"https:\/\/i0.wp.com\/vincentians.com\/it\/wp-content\/uploads\/sites\/12\/2016\/07\/ozanam-brazil.jpg?fit=1200%2C630&resize=350%2C200","width":350,"height":200,"srcset":"https:\/\/i0.wp.com\/vincentians.com\/it\/wp-content\/uploads\/sites\/12\/2016\/07\/ozanam-brazil.jpg?fit=1200%2C630&resize=350%2C200 1x, https:\/\/i0.wp.com\/vincentians.com\/it\/wp-content\/uploads\/sites\/12\/2016\/07\/ozanam-brazil.jpg?fit=1200%2C630&resize=525%2C300 1.5x, https:\/\/i0.wp.com\/vincentians.com\/it\/wp-content\/uploads\/sites\/12\/2016\/07\/ozanam-brazil.jpg?fit=1200%2C630&resize=700%2C400 2x, https:\/\/i0.wp.com\/vincentians.com\/it\/wp-content\/uploads\/sites\/12\/2016\/07\/ozanam-brazil.jpg?fit=1200%2C630&resize=1050%2C600 3x"},"classes":[]},{"id":48996,"url":"http:\/\/vincentians.com\/it\/il-cristiano-guidato-alla-virtu-ed-alla-civilta-secondo-lo-spirito-di-san-vincenzo-de-paoli-al-glorioso-s-vincenzo-de-paoli\/","url_meta":{"origin":153964,"position":3},"title":"Il cristiano guidato alla virt\u00f9 ed alla civilt\u00e0 secondo lo spirito di San Vincenzo De&#8217; Paoli. Al glorioso S. Vincenzo de&#8217; Paoli","author":"Francisco Javier Fern\u00e1ndez Chento","date":"26\/08\/2016","format":false,"excerpt":"Al glorioso S. Vincenzo de' Paoli Che nato in Francia l'anno 1676, sedendo sopra la Cattedra di s. Pietro Gregorio XIII, destinato alla custodia della paterna greggia, applicato agli studi, laureato in teologia, ordinato sacerdote, fatto schiavo da' Barbari, venduto a tre padroni, l\u2019 ultimo apostata riconduce alla fede, riceve\u2026","rel":"","context":"In &quot;Vincenzo de' Paoli&quot;","block_context":{"text":"Vincenzo de' Paoli","link":"http:\/\/vincentians.com\/it\/category\/vincenzo-de-paoli\/"},"img":{"alt_text":"","src":"https:\/\/i0.wp.com\/vincentians.com\/it\/wp-content\/uploads\/sites\/12\/2016\/07\/don-bosco-y-san-vicente-de-paul.jpg?fit=1200%2C630&resize=350%2C200","width":350,"height":200,"srcset":"https:\/\/i0.wp.com\/vincentians.com\/it\/wp-content\/uploads\/sites\/12\/2016\/07\/don-bosco-y-san-vicente-de-paul.jpg?fit=1200%2C630&resize=350%2C200 1x, https:\/\/i0.wp.com\/vincentians.com\/it\/wp-content\/uploads\/sites\/12\/2016\/07\/don-bosco-y-san-vicente-de-paul.jpg?fit=1200%2C630&resize=525%2C300 1.5x, https:\/\/i0.wp.com\/vincentians.com\/it\/wp-content\/uploads\/sites\/12\/2016\/07\/don-bosco-y-san-vicente-de-paul.jpg?fit=1200%2C630&resize=700%2C400 2x, https:\/\/i0.wp.com\/vincentians.com\/it\/wp-content\/uploads\/sites\/12\/2016\/07\/don-bosco-y-san-vicente-de-paul.jpg?fit=1200%2C630&resize=1050%2C600 3x"},"classes":[]},{"id":45890,"url":"http:\/\/vincentians.com\/it\/il-cristiano-guidato-alla-virtu-ed-alla-civilta-secondo-lo-spirito-di-san-vincenzo-de-paoli-giorno-terzo\/","url_meta":{"origin":153964,"position":4},"title":"Il cristiano guidato alla virt\u00f9 ed alla civilt\u00e0 secondo lo spirito di San Vincenzo De&#8217; Paoli. Giorno terzo","author":"Francisco Javier Fern\u00e1ndez Chento","date":"28\/07\/2016","format":false,"excerpt":"Giorno terzo. Sua carit\u00e0 verso de'mendici. La virt\u00f9 che caratterizza essenzialmente il cristiano \u00e8 la carit\u00e0. L'uomo privo di questa virt\u00f9, dice s. Gioanni, \u00e8 come un corpo morto incapace di agire. Motivo per cui S. Paolo la chiama la pi\u00f9 bella e la maggiore di tutte, la quale solleva\u2026","rel":"","context":"In &quot;Vincenzo de' Paoli&quot;","block_context":{"text":"Vincenzo de' Paoli","link":"http:\/\/vincentians.com\/it\/category\/vincenzo-de-paoli\/"},"img":{"alt_text":"","src":"https:\/\/i0.wp.com\/vincentians.com\/it\/wp-content\/uploads\/sites\/12\/2016\/07\/don-bosco-y-san-vicente-de-paul.jpg?fit=1200%2C630&resize=350%2C200","width":350,"height":200,"srcset":"https:\/\/i0.wp.com\/vincentians.com\/it\/wp-content\/uploads\/sites\/12\/2016\/07\/don-bosco-y-san-vicente-de-paul.jpg?fit=1200%2C630&resize=350%2C200 1x, https:\/\/i0.wp.com\/vincentians.com\/it\/wp-content\/uploads\/sites\/12\/2016\/07\/don-bosco-y-san-vicente-de-paul.jpg?fit=1200%2C630&resize=525%2C300 1.5x, https:\/\/i0.wp.com\/vincentians.com\/it\/wp-content\/uploads\/sites\/12\/2016\/07\/don-bosco-y-san-vicente-de-paul.jpg?fit=1200%2C630&resize=700%2C400 2x, https:\/\/i0.wp.com\/vincentians.com\/it\/wp-content\/uploads\/sites\/12\/2016\/07\/don-bosco-y-san-vicente-de-paul.jpg?fit=1200%2C630&resize=1050%2C600 3x"},"classes":[]},{"id":46003,"url":"http:\/\/vincentians.com\/it\/la-vocazione-sacerdotale-di-san-vincenzo-de-paoli\/","url_meta":{"origin":153964,"position":5},"title":"La Vocazione Sacerdotale Di San Vincenzo De Paoli","author":"Francisco Javier Fern\u00e1ndez Chento","date":"03\/09\/2016","format":false,"excerpt":"Vocazione sacerdotale o dignit\u00e1 della vocazione sacerdotale? L'epoca berulliana non lascia dubbi a riguardo: sviluppava una dot\u00adtrina del sacerdozio che accentuava la sovraeminenza di questa vo\u00adcazione, rispetto a tutte le altre, inclusa la stessa vocazione religiosa. Questa appunto non appariva pi\u00fa perfetta di quella sacedotale. E Pietro di B\u00e9rulle, maestro\u2026","rel":"","context":"In &quot;Vincenzo de' Paoli&quot;","block_context":{"text":"Vincenzo de' Paoli","link":"http:\/\/vincentians.com\/it\/category\/vincenzo-de-paoli\/"},"img":{"alt_text":"","src":"https:\/\/i0.wp.com\/vincentians.com\/it\/wp-content\/uploads\/sites\/12\/2013\/11\/Saint-Vincent-and-Discernment.jpg?fit=1200%2C630&resize=350%2C200","width":350,"height":200,"srcset":"https:\/\/i0.wp.com\/vincentians.com\/it\/wp-content\/uploads\/sites\/12\/2013\/11\/Saint-Vincent-and-Discernment.jpg?fit=1200%2C630&resize=350%2C200 1x, https:\/\/i0.wp.com\/vincentians.com\/it\/wp-content\/uploads\/sites\/12\/2013\/11\/Saint-Vincent-and-Discernment.jpg?fit=1200%2C630&resize=525%2C300 1.5x, https:\/\/i0.wp.com\/vincentians.com\/it\/wp-content\/uploads\/sites\/12\/2013\/11\/Saint-Vincent-and-Discernment.jpg?fit=1200%2C630&resize=700%2C400 2x, https:\/\/i0.wp.com\/vincentians.com\/it\/wp-content\/uploads\/sites\/12\/2013\/11\/Saint-Vincent-and-Discernment.jpg?fit=1200%2C630&resize=1050%2C600 3x"},"classes":[]}],"_links":{"self":[{"href":"http:\/\/vincentians.com\/it\/wp-json\/wp\/v2\/posts\/153964","targetHints":{"allow":["GET"]}}],"collection":[{"href":"http:\/\/vincentians.com\/it\/wp-json\/wp\/v2\/posts"}],"about":[{"href":"http:\/\/vincentians.com\/it\/wp-json\/wp\/v2\/types\/post"}],"author":[{"embeddable":true,"href":"http:\/\/vincentians.com\/it\/wp-json\/wp\/v2\/users\/4"}],"replies":[{"embeddable":true,"href":"http:\/\/vincentians.com\/it\/wp-json\/wp\/v2\/comments?post=153964"}],"version-history":[{"count":1,"href":"http:\/\/vincentians.com\/it\/wp-json\/wp\/v2\/posts\/153964\/revisions"}],"predecessor-version":[{"id":153966,"href":"http:\/\/vincentians.com\/it\/wp-json\/wp\/v2\/posts\/153964\/revisions\/153966"}],"wp:featuredmedia":[{"embeddable":true,"href":"http:\/\/vincentians.com\/it\/wp-json\/wp\/v2\/media\/153965"}],"wp:attachment":[{"href":"http:\/\/vincentians.com\/it\/wp-json\/wp\/v2\/media?parent=153964"}],"wp:term":[{"taxonomy":"category","embeddable":true,"href":"http:\/\/vincentians.com\/it\/wp-json\/wp\/v2\/categories?post=153964"},{"taxonomy":"post_tag","embeddable":true,"href":"http:\/\/vincentians.com\/it\/wp-json\/wp\/v2\/tags?post=153964"}],"curies":[{"name":"wp","href":"https:\/\/api.w.org\/{rel}","templated":true}]}}