{"id":153962,"date":"2016-08-21T05:39:12","date_gmt":"2016-08-21T03:39:12","guid":{"rendered":"http:\/\/vincentians.com\/it?p=153962&#038;preview_id=153962"},"modified":"2016-08-21T05:39:12","modified_gmt":"2016-08-21T03:39:12","slug":"ventunesima-domenica-del-tempo-ordinario-c","status":"publish","type":"post","link":"http:\/\/vincentians.com\/it\/ventunesima-domenica-del-tempo-ordinario-c\/","title":{"rendered":"Ventunesima domenica del Tempo Ordinario C"},"content":{"rendered":"<p>Isaia 66,18-21;<br \/>\nSalmo 116;<br \/>\nEbrei 12,5-7.11-13;<br \/>\nLuca 13,22-30<\/p>\n<h3>Lectio<\/h3>\n<p>In Israele i rabbini si ponevano le grandi domande: chi siamo, da dove veniamo, dove andiamo, quanti sono quelli che si salvano, perch\u00e9 nel mondo c\u2019\u00e8 il male? Solo Dio poteva rispondere a tali quesiti. Ora, se Ges\u00f9 di Nazareth riesce a rispondere alle domande fondamentali, questi \u00e8 Dio.<\/p>\n<p>Inoltre l\u2019autore del vangelo di Luca pone in risalto come gli ultimi \u2013 i popoli pagani \u2013 si siano convertiti al vangelo, mentre il popolo d\u2019Israele, anche se non completamente, si sia opposto, prima alla predicazione di Ges\u00f9 e poi a quella degli apostoli.<\/p>\n<p>In precedenza Israele aveva perseguitato i profeti, perch\u00e9 non avevano paura di opporsi ai re che, invece di servire il popolo, lo dominarono e lo condussero alla rovina o all\u2019esilio.<\/p>\n<p>Nella persecuzione si trova anche la comunit\u00e0 cristiana a cui \u00e8 rivolta la lettera agli Ebrei. L\u2019autore la rincuora, ricordandole che, passare per la porta stretta, che \u00e8 Cristo, \u00e8 il solo modo per dare senso alla vita umana che trova il suo compimento nella vita eterna.<\/p>\n<h3>Meditatio<\/h3>\n<p>Che cosa significa passare per la porta stretta? Purtroppo nel secondo millennio la porta stretta \u00e8 stata ridotta alla sopportazione del male, alla sopportazione delle persone moleste, alla sopportazione in genere, a questo vanno aggiunti ogni genere di mortificazioni e di fioretti. Questo modo di pensare e di agire ha ridotto, spesso, i cristiani a non avere idee, a tacere ed obbedire ed ha cogliere ogni tipo di critica come un pettegolezzo. Cos\u00ec tutte le ingiustizie ed i soprusi, tutti gli abusi in materia sessuale, economica e comunitaria, hanno continuato ad essere coperti\u2026.<\/p>\n<p>Un esempio: da quanto tempo nel meridione durante le processioni si sono fatte inchinare le statue della Madonna e dei santi di fronte alle case dei mafiosi? Solo ora, dopo l\u2019elezione di papa Francesco che, passando per primo per la porta stretta che \u00e8 Cristo, si \u00e8 mosso contro queste usanze pagane ed ha infuso, con il suo esempio, il coraggio ai vescovi ed ai parroci per cercare d\u2019impedire queste usanze sacrileghe.<\/p>\n<p>Quindi passare per la porta stretta \u00e8 una cosa molto seria: altro che fioretti e mortificazioni e poi, se vedo l\u2019ultimo che soffre taccio, me ne guardo bene di parlare, perch\u00e9 parlare \u00e8 pettegolare. Parlare \u00e8 invece un dovere per un cristiano!!!!!!!<\/p>\n<p>Un cristiano che ci mette la faccia \u00e8 una persona che passa per la porta stretta. \u00c8 necessario avere coraggio, anche se ci si rimette, anche se si deve navigare contro corrente, anche se qualcuno che si \u00e8 accomodato e entra per la porta larga, ci pu\u00f2 dire che siamo persone rompiscatole, come diceva il vescovo di Cremona a don Mazzolari, ma oggi leggiamo Mazzolari e lo prendiamo ad esempio e, di quel vescovo di Cremona, non ricordiamo neppure il nome. Eppure, al tempo di Mazzolari, la maggioranza del clero era contro di lui e contro don Minzoni. Facciamo in modo di non trovarci a lottare contro lo Spirito Santo che, spesso e volentieri ci parla, non attraverso i \u201cprimi\u201d nella chiesa, ma attraverso gli \u201cultimi\u201d quelli che piantano i \u201cpolentini\u201d che i mediocri chiamano cos\u00ec mentre i profeti invece vi colgono la voce dello Spirito.<\/p>\n<p>Santa Caterina da Siena diceva a tal proposito: \u201cAvete taciuto abbastanza. E\u2019 ora di finirla di stare zitti! Gridate con centomila lingue. Io vedo che a forza di silenzio il mondo \u00e8 marcito\u201d.<\/p>\n","protected":false},"excerpt":{"rendered":"<p>Isaia 66,18-21; Salmo 116; Ebrei 12,5-7.11-13; Luca 13,22-30 Lectio In Israele i rabbini si ponevano le grandi domande: chi siamo, da dove veniamo, dove andiamo, quanti sono quelli che si salvano, perch\u00e9 nel mondo c\u2019\u00e8 &#8230; <a href=\"http:\/\/vincentians.com\/it\/ventunesima-domenica-del-tempo-ordinario-c\/\" class=\"more-link\">Read More<\/a><\/p>\n","protected":false},"author":4,"featured_media":153936,"comment_status":"open","ping_status":"open","sticky":false,"template":"","format":"standard","meta":{"jetpack_post_was_ever_published":false,"_jetpack_newsletter_access":"","_jetpack_dont_email_post_to_subs":false,"_jetpack_newsletter_tier_id":0,"_jetpack_memberships_contains_paywalled_content":false,"_jetpack_memberships_contains_paid_content":false,"footnotes":"","jetpack_publicize_message":"","jetpack_publicize_feature_enabled":true,"jetpack_social_post_already_shared":true,"jetpack_social_options":{"image_generator_settings":{"template":"highway","default_image_id":0,"font":"","enabled":false},"version":2}},"categories":[94],"tags":[],"class_list":["post-153962","post","type-post","status-publish","format-standard","has-post-thumbnail","hentry","category-homilies-and-reflections-year-c"],"yoast_head":"<!-- This site is optimized with the Yoast SEO plugin v26.3 - https:\/\/yoast.com\/wordpress\/plugins\/seo\/ -->\n<title>Ventunesima domenica del Tempo Ordinario C - Siamo Vincenziani<\/title>\n<meta name=\"robots\" content=\"index, follow, max-snippet:-1, max-image-preview:large, max-video-preview:-1\" \/>\n<link rel=\"canonical\" href=\"https:\/\/vincentians.com\/it\/ventunesima-domenica-del-tempo-ordinario-c\/\" \/>\n<meta property=\"og:locale\" content=\"it_IT\" \/>\n<meta property=\"og:type\" content=\"article\" \/>\n<meta property=\"og:title\" content=\"Ventunesima domenica del Tempo Ordinario C - Siamo Vincenziani\" \/>\n<meta property=\"og:description\" content=\"Isaia 66,18-21; Salmo 116; Ebrei 12,5-7.11-13; Luca 13,22-30 Lectio In Israele i rabbini si ponevano le grandi domande: chi siamo, da dove veniamo, dove andiamo, quanti sono quelli che si salvano, perch\u00e9 nel mondo c\u2019\u00e8 ... Read More\" \/>\n<meta property=\"og:url\" content=\"https:\/\/vincentians.com\/it\/ventunesima-domenica-del-tempo-ordinario-c\/\" \/>\n<meta property=\"og:site_name\" content=\"Siamo Vincenziani\" \/>\n<meta property=\"article:publisher\" content=\"https:\/\/www.facebook.com\/WeAreVincentians\/\" \/>\n<meta property=\"article:author\" content=\"https:\/\/www.facebook.com\/JavierChento\" \/>\n<meta property=\"article:published_time\" content=\"2016-08-21T03:39:12+00:00\" \/>\n<meta property=\"og:image\" content=\"https:\/\/i0.wp.com\/vincentians.com\/it\/wp-content\/uploads\/sites\/12\/2016\/08\/Giorgio-Bontempi-cm.jpg?fit=1200%2C630&ssl=1\" \/>\n\t<meta property=\"og:image:width\" content=\"1200\" \/>\n\t<meta property=\"og:image:height\" content=\"630\" \/>\n\t<meta property=\"og:image:type\" content=\"image\/jpeg\" \/>\n<meta name=\"author\" content=\"Francisco Javier Fern\u00e1ndez Chento\" \/>\n<meta name=\"twitter:card\" content=\"summary_large_image\" \/>\n<meta name=\"twitter:creator\" content=\"@https:\/\/twitter.com\/javierchento\" \/>\n<meta name=\"twitter:site\" content=\"@WeVincentians\" \/>\n<meta name=\"twitter:label1\" content=\"Scritto da\" \/>\n\t<meta name=\"twitter:data1\" content=\"Francisco Javier Fern\u00e1ndez Chento\" \/>\n\t<meta name=\"twitter:label2\" content=\"Tempo di lettura stimato\" \/>\n\t<meta name=\"twitter:data2\" content=\"3 minuti\" \/>\n<script type=\"application\/ld+json\" class=\"yoast-schema-graph\">{\"@context\":\"https:\/\/schema.org\",\"@graph\":[{\"@type\":\"Article\",\"@id\":\"https:\/\/vincentians.com\/it\/ventunesima-domenica-del-tempo-ordinario-c\/#article\",\"isPartOf\":{\"@id\":\"https:\/\/vincentians.com\/it\/ventunesima-domenica-del-tempo-ordinario-c\/\"},\"author\":{\"name\":\"Francisco Javier Fern\u00e1ndez Chento\",\"@id\":\"https:\/\/vincentians.com\/it\/#\/schema\/person\/9623ef4d9aa3b2dfb8c061f1499288f2\"},\"headline\":\"Ventunesima domenica del Tempo Ordinario C\",\"datePublished\":\"2016-08-21T03:39:12+00:00\",\"mainEntityOfPage\":{\"@id\":\"https:\/\/vincentians.com\/it\/ventunesima-domenica-del-tempo-ordinario-c\/\"},\"wordCount\":563,\"commentCount\":0,\"publisher\":{\"@id\":\"https:\/\/vincentians.com\/it\/#organization\"},\"image\":{\"@id\":\"https:\/\/vincentians.com\/it\/ventunesima-domenica-del-tempo-ordinario-c\/#primaryimage\"},\"thumbnailUrl\":\"https:\/\/i0.wp.com\/vincentians.com\/it\/wp-content\/uploads\/sites\/12\/2016\/08\/Giorgio-Bontempi-cm.jpg?fit=1200%2C630\",\"articleSection\":[\"Homilies and reflections, Year C\"],\"inLanguage\":\"it-IT\",\"potentialAction\":[{\"@type\":\"CommentAction\",\"name\":\"Comment\",\"target\":[\"https:\/\/vincentians.com\/it\/ventunesima-domenica-del-tempo-ordinario-c\/#respond\"]}]},{\"@type\":\"WebPage\",\"@id\":\"https:\/\/vincentians.com\/it\/ventunesima-domenica-del-tempo-ordinario-c\/\",\"url\":\"https:\/\/vincentians.com\/it\/ventunesima-domenica-del-tempo-ordinario-c\/\",\"name\":\"Ventunesima domenica del Tempo Ordinario C - Siamo Vincenziani\",\"isPartOf\":{\"@id\":\"https:\/\/vincentians.com\/it\/#website\"},\"primaryImageOfPage\":{\"@id\":\"https:\/\/vincentians.com\/it\/ventunesima-domenica-del-tempo-ordinario-c\/#primaryimage\"},\"image\":{\"@id\":\"https:\/\/vincentians.com\/it\/ventunesima-domenica-del-tempo-ordinario-c\/#primaryimage\"},\"thumbnailUrl\":\"https:\/\/i0.wp.com\/vincentians.com\/it\/wp-content\/uploads\/sites\/12\/2016\/08\/Giorgio-Bontempi-cm.jpg?fit=1200%2C630\",\"datePublished\":\"2016-08-21T03:39:12+00:00\",\"breadcrumb\":{\"@id\":\"https:\/\/vincentians.com\/it\/ventunesima-domenica-del-tempo-ordinario-c\/#breadcrumb\"},\"inLanguage\":\"it-IT\",\"potentialAction\":[{\"@type\":\"ReadAction\",\"target\":[\"https:\/\/vincentians.com\/it\/ventunesima-domenica-del-tempo-ordinario-c\/\"]}]},{\"@type\":\"ImageObject\",\"inLanguage\":\"it-IT\",\"@id\":\"https:\/\/vincentians.com\/it\/ventunesima-domenica-del-tempo-ordinario-c\/#primaryimage\",\"url\":\"https:\/\/i0.wp.com\/vincentians.com\/it\/wp-content\/uploads\/sites\/12\/2016\/08\/Giorgio-Bontempi-cm.jpg?fit=1200%2C630\",\"contentUrl\":\"https:\/\/i0.wp.com\/vincentians.com\/it\/wp-content\/uploads\/sites\/12\/2016\/08\/Giorgio-Bontempi-cm.jpg?fit=1200%2C630\",\"width\":1200,\"height\":630},{\"@type\":\"BreadcrumbList\",\"@id\":\"https:\/\/vincentians.com\/it\/ventunesima-domenica-del-tempo-ordinario-c\/#breadcrumb\",\"itemListElement\":[{\"@type\":\"ListItem\",\"position\":1,\"name\":\"Portada\",\"item\":\"https:\/\/vincentians.com\/it\/\"},{\"@type\":\"ListItem\",\"position\":2,\"name\":\"Ventunesima domenica del Tempo Ordinario C\"}]},{\"@type\":\"WebSite\",\"@id\":\"https:\/\/vincentians.com\/it\/#website\",\"url\":\"https:\/\/vincentians.com\/it\/\",\"name\":\"Siamo Vincenziani\",\"description\":\"Know more to serve more\",\"publisher\":{\"@id\":\"https:\/\/vincentians.com\/it\/#organization\"},\"potentialAction\":[{\"@type\":\"SearchAction\",\"target\":{\"@type\":\"EntryPoint\",\"urlTemplate\":\"https:\/\/vincentians.com\/it\/?s={search_term_string}\"},\"query-input\":{\"@type\":\"PropertyValueSpecification\",\"valueRequired\":true,\"valueName\":\"search_term_string\"}}],\"inLanguage\":\"it-IT\"},{\"@type\":\"Organization\",\"@id\":\"https:\/\/vincentians.com\/it\/#organization\",\"name\":\"The Vincentian Network\",\"url\":\"https:\/\/vincentians.com\/it\/\",\"logo\":{\"@type\":\"ImageObject\",\"inLanguage\":\"it-IT\",\"@id\":\"https:\/\/vincentians.com\/it\/#\/schema\/logo\/image\/\",\"url\":\"https:\/\/i0.wp.com\/vincentians.com\/it\/wp-content\/uploads\/sites\/12\/2016\/06\/Vincentian-Network-logo-big.png?fit=778%2C778\",\"contentUrl\":\"https:\/\/i0.wp.com\/vincentians.com\/it\/wp-content\/uploads\/sites\/12\/2016\/06\/Vincentian-Network-logo-big.png?fit=778%2C778\",\"width\":778,\"height\":778,\"caption\":\"The Vincentian Network\"},\"image\":{\"@id\":\"https:\/\/vincentians.com\/it\/#\/schema\/logo\/image\/\"},\"sameAs\":[\"https:\/\/www.facebook.com\/WeAreVincentians\/\",\"https:\/\/x.com\/WeVincentians\"]},{\"@type\":\"Person\",\"@id\":\"https:\/\/vincentians.com\/it\/#\/schema\/person\/9623ef4d9aa3b2dfb8c061f1499288f2\",\"name\":\"Francisco Javier Fern\u00e1ndez Chento\",\"image\":{\"@type\":\"ImageObject\",\"inLanguage\":\"it-IT\",\"@id\":\"https:\/\/vincentians.com\/it\/#\/schema\/person\/image\/\",\"url\":\"https:\/\/secure.gravatar.com\/avatar\/497d5cde87b4c3d097d0315953521681ba2cd523ee66e5077c3711f7021e65de?s=96&d=mm&r=g\",\"contentUrl\":\"https:\/\/secure.gravatar.com\/avatar\/497d5cde87b4c3d097d0315953521681ba2cd523ee66e5077c3711f7021e65de?s=96&d=mm&r=g\",\"caption\":\"Francisco Javier Fern\u00e1ndez Chento\"},\"description\":\"Director General y cofundador de La Red de Formaci\u00f3n Vicenciana. Javier es laico vicenciano, afiliado a la Congregaci\u00f3n de la Misi\u00f3n y miembro del Equipo de Misiones Populares de la provincia can\u00f3nica de Zaragoza (Espa\u00f1a) de la Congregaci\u00f3n de la Misi\u00f3n. Graduado en la Universidad Oberta de Catalunya con cuatro grados (Asistente de direcci\u00f3n, Gesti\u00f3n Administrativa, Recursos Humanos y Contabilidad Avanzada). Bil\u00edng\u00fce Espa\u00f1ol\/Ingl\u00e9s. gestiona y mantiene varias p\u00e1ginas web cristianas y vicencianas, incluida including La Red de Formaci\u00f3n Vicenciana, de la que es cofundador. Actualmente es responsable del \u00e1rea de Espa\u00f1ol de .famvin, la Red de Noticias de la Familia Vicenciana. Tambi\u00e9n es m\u00fasico cat\u00f3lico y ha editado varios discos. Es Director General y cofundador de Trovador, una reconocida compa\u00f1\u00eda discogr\u00e1fica critiana de Espa\u00f1a. Trabaja en las Tecnolog\u00edas de la Informaci\u00f3n, ofreciendo servicios de alojamiento, dise\u00f1o y mantenimiento Web, as\u00ed como asesoramiento, formaci\u00f3n y soluciones inform\u00e1ticas, gesti\u00f3n documental y digitalizaci\u00f3n de textos, edici\u00f3n y maquetaci\u00f3n de libros, revistas, flyers, etc.\",\"sameAs\":[\"http:\/\/chento.org\",\"https:\/\/www.facebook.com\/JavierChento\",\"https:\/\/x.com\/https:\/\/twitter.com\/javierchento\"],\"url\":\"http:\/\/vincentians.com\/it\/author\/chento\/\"}]}<\/script>\n<!-- \/ Yoast SEO plugin. -->","yoast_head_json":{"title":"Ventunesima domenica del Tempo Ordinario C - Siamo Vincenziani","robots":{"index":"index","follow":"follow","max-snippet":"max-snippet:-1","max-image-preview":"max-image-preview:large","max-video-preview":"max-video-preview:-1"},"canonical":"https:\/\/vincentians.com\/it\/ventunesima-domenica-del-tempo-ordinario-c\/","og_locale":"it_IT","og_type":"article","og_title":"Ventunesima domenica del Tempo Ordinario C - Siamo Vincenziani","og_description":"Isaia 66,18-21; Salmo 116; Ebrei 12,5-7.11-13; Luca 13,22-30 Lectio In Israele i rabbini si ponevano le grandi domande: chi siamo, da dove veniamo, dove andiamo, quanti sono quelli che si salvano, perch\u00e9 nel mondo c\u2019\u00e8 ... Read More","og_url":"https:\/\/vincentians.com\/it\/ventunesima-domenica-del-tempo-ordinario-c\/","og_site_name":"Siamo Vincenziani","article_publisher":"https:\/\/www.facebook.com\/WeAreVincentians\/","article_author":"https:\/\/www.facebook.com\/JavierChento","article_published_time":"2016-08-21T03:39:12+00:00","og_image":[{"width":1200,"height":630,"url":"https:\/\/i0.wp.com\/vincentians.com\/it\/wp-content\/uploads\/sites\/12\/2016\/08\/Giorgio-Bontempi-cm.jpg?fit=1200%2C630&ssl=1","type":"image\/jpeg"}],"author":"Francisco Javier Fern\u00e1ndez Chento","twitter_card":"summary_large_image","twitter_creator":"@https:\/\/twitter.com\/javierchento","twitter_site":"@WeVincentians","twitter_misc":{"Scritto da":"Francisco Javier Fern\u00e1ndez Chento","Tempo di lettura stimato":"3 minuti"},"schema":{"@context":"https:\/\/schema.org","@graph":[{"@type":"Article","@id":"https:\/\/vincentians.com\/it\/ventunesima-domenica-del-tempo-ordinario-c\/#article","isPartOf":{"@id":"https:\/\/vincentians.com\/it\/ventunesima-domenica-del-tempo-ordinario-c\/"},"author":{"name":"Francisco Javier Fern\u00e1ndez Chento","@id":"https:\/\/vincentians.com\/it\/#\/schema\/person\/9623ef4d9aa3b2dfb8c061f1499288f2"},"headline":"Ventunesima domenica del Tempo Ordinario C","datePublished":"2016-08-21T03:39:12+00:00","mainEntityOfPage":{"@id":"https:\/\/vincentians.com\/it\/ventunesima-domenica-del-tempo-ordinario-c\/"},"wordCount":563,"commentCount":0,"publisher":{"@id":"https:\/\/vincentians.com\/it\/#organization"},"image":{"@id":"https:\/\/vincentians.com\/it\/ventunesima-domenica-del-tempo-ordinario-c\/#primaryimage"},"thumbnailUrl":"https:\/\/i0.wp.com\/vincentians.com\/it\/wp-content\/uploads\/sites\/12\/2016\/08\/Giorgio-Bontempi-cm.jpg?fit=1200%2C630","articleSection":["Homilies and reflections, Year C"],"inLanguage":"it-IT","potentialAction":[{"@type":"CommentAction","name":"Comment","target":["https:\/\/vincentians.com\/it\/ventunesima-domenica-del-tempo-ordinario-c\/#respond"]}]},{"@type":"WebPage","@id":"https:\/\/vincentians.com\/it\/ventunesima-domenica-del-tempo-ordinario-c\/","url":"https:\/\/vincentians.com\/it\/ventunesima-domenica-del-tempo-ordinario-c\/","name":"Ventunesima domenica del Tempo Ordinario C - Siamo Vincenziani","isPartOf":{"@id":"https:\/\/vincentians.com\/it\/#website"},"primaryImageOfPage":{"@id":"https:\/\/vincentians.com\/it\/ventunesima-domenica-del-tempo-ordinario-c\/#primaryimage"},"image":{"@id":"https:\/\/vincentians.com\/it\/ventunesima-domenica-del-tempo-ordinario-c\/#primaryimage"},"thumbnailUrl":"https:\/\/i0.wp.com\/vincentians.com\/it\/wp-content\/uploads\/sites\/12\/2016\/08\/Giorgio-Bontempi-cm.jpg?fit=1200%2C630","datePublished":"2016-08-21T03:39:12+00:00","breadcrumb":{"@id":"https:\/\/vincentians.com\/it\/ventunesima-domenica-del-tempo-ordinario-c\/#breadcrumb"},"inLanguage":"it-IT","potentialAction":[{"@type":"ReadAction","target":["https:\/\/vincentians.com\/it\/ventunesima-domenica-del-tempo-ordinario-c\/"]}]},{"@type":"ImageObject","inLanguage":"it-IT","@id":"https:\/\/vincentians.com\/it\/ventunesima-domenica-del-tempo-ordinario-c\/#primaryimage","url":"https:\/\/i0.wp.com\/vincentians.com\/it\/wp-content\/uploads\/sites\/12\/2016\/08\/Giorgio-Bontempi-cm.jpg?fit=1200%2C630","contentUrl":"https:\/\/i0.wp.com\/vincentians.com\/it\/wp-content\/uploads\/sites\/12\/2016\/08\/Giorgio-Bontempi-cm.jpg?fit=1200%2C630","width":1200,"height":630},{"@type":"BreadcrumbList","@id":"https:\/\/vincentians.com\/it\/ventunesima-domenica-del-tempo-ordinario-c\/#breadcrumb","itemListElement":[{"@type":"ListItem","position":1,"name":"Portada","item":"https:\/\/vincentians.com\/it\/"},{"@type":"ListItem","position":2,"name":"Ventunesima domenica del Tempo Ordinario C"}]},{"@type":"WebSite","@id":"https:\/\/vincentians.com\/it\/#website","url":"https:\/\/vincentians.com\/it\/","name":"Siamo Vincenziani","description":"Know more to serve more","publisher":{"@id":"https:\/\/vincentians.com\/it\/#organization"},"potentialAction":[{"@type":"SearchAction","target":{"@type":"EntryPoint","urlTemplate":"https:\/\/vincentians.com\/it\/?s={search_term_string}"},"query-input":{"@type":"PropertyValueSpecification","valueRequired":true,"valueName":"search_term_string"}}],"inLanguage":"it-IT"},{"@type":"Organization","@id":"https:\/\/vincentians.com\/it\/#organization","name":"The Vincentian Network","url":"https:\/\/vincentians.com\/it\/","logo":{"@type":"ImageObject","inLanguage":"it-IT","@id":"https:\/\/vincentians.com\/it\/#\/schema\/logo\/image\/","url":"https:\/\/i0.wp.com\/vincentians.com\/it\/wp-content\/uploads\/sites\/12\/2016\/06\/Vincentian-Network-logo-big.png?fit=778%2C778","contentUrl":"https:\/\/i0.wp.com\/vincentians.com\/it\/wp-content\/uploads\/sites\/12\/2016\/06\/Vincentian-Network-logo-big.png?fit=778%2C778","width":778,"height":778,"caption":"The Vincentian Network"},"image":{"@id":"https:\/\/vincentians.com\/it\/#\/schema\/logo\/image\/"},"sameAs":["https:\/\/www.facebook.com\/WeAreVincentians\/","https:\/\/x.com\/WeVincentians"]},{"@type":"Person","@id":"https:\/\/vincentians.com\/it\/#\/schema\/person\/9623ef4d9aa3b2dfb8c061f1499288f2","name":"Francisco Javier Fern\u00e1ndez Chento","image":{"@type":"ImageObject","inLanguage":"it-IT","@id":"https:\/\/vincentians.com\/it\/#\/schema\/person\/image\/","url":"https:\/\/secure.gravatar.com\/avatar\/497d5cde87b4c3d097d0315953521681ba2cd523ee66e5077c3711f7021e65de?s=96&d=mm&r=g","contentUrl":"https:\/\/secure.gravatar.com\/avatar\/497d5cde87b4c3d097d0315953521681ba2cd523ee66e5077c3711f7021e65de?s=96&d=mm&r=g","caption":"Francisco Javier Fern\u00e1ndez Chento"},"description":"Director General y cofundador de La Red de Formaci\u00f3n Vicenciana. Javier es laico vicenciano, afiliado a la Congregaci\u00f3n de la Misi\u00f3n y miembro del Equipo de Misiones Populares de la provincia can\u00f3nica de Zaragoza (Espa\u00f1a) de la Congregaci\u00f3n de la Misi\u00f3n. Graduado en la Universidad Oberta de Catalunya con cuatro grados (Asistente de direcci\u00f3n, Gesti\u00f3n Administrativa, Recursos Humanos y Contabilidad Avanzada). Bil\u00edng\u00fce Espa\u00f1ol\/Ingl\u00e9s. gestiona y mantiene varias p\u00e1ginas web cristianas y vicencianas, incluida including La Red de Formaci\u00f3n Vicenciana, de la que es cofundador. Actualmente es responsable del \u00e1rea de Espa\u00f1ol de .famvin, la Red de Noticias de la Familia Vicenciana. Tambi\u00e9n es m\u00fasico cat\u00f3lico y ha editado varios discos. Es Director General y cofundador de Trovador, una reconocida compa\u00f1\u00eda discogr\u00e1fica critiana de Espa\u00f1a. Trabaja en las Tecnolog\u00edas de la Informaci\u00f3n, ofreciendo servicios de alojamiento, dise\u00f1o y mantenimiento Web, as\u00ed como asesoramiento, formaci\u00f3n y soluciones inform\u00e1ticas, gesti\u00f3n documental y digitalizaci\u00f3n de textos, edici\u00f3n y maquetaci\u00f3n de libros, revistas, flyers, etc.","sameAs":["http:\/\/chento.org","https:\/\/www.facebook.com\/JavierChento","https:\/\/x.com\/https:\/\/twitter.com\/javierchento"],"url":"http:\/\/vincentians.com\/it\/author\/chento\/"}]}},"jetpack_publicize_connections":[],"jetpack_featured_media_url":"https:\/\/i0.wp.com\/vincentians.com\/it\/wp-content\/uploads\/sites\/12\/2016\/08\/Giorgio-Bontempi-cm.jpg?fit=1200%2C630","jetpack_sharing_enabled":true,"jetpack_shortlink":"https:\/\/wp.me\/p7ETFo-E3g","jetpack-related-posts":[{"id":153935,"url":"http:\/\/vincentians.com\/it\/ventesima-domenica-del-tempo-ordinario-c\/","url_meta":{"origin":153962,"position":0},"title":"Ventesima domenica del Tempo Ordinario C","author":"Francisco Javier Fern\u00e1ndez Chento","date":"14\/08\/2016","format":false,"excerpt":"Geremia 38,4-6.8-10; Salmo 39; Ebrei 12,1-4; Luca 12,49-53 Lectio Il battesimo di cui parla Ges\u00f9, in questo brano di vangelo \u00e8 quello della sua morte e della sua risurrezione. Infatti egli si immerge nella morte \u2013 simbolo del male \u2013 per poi riemergere nella sua risurrezione come modello del cristiano\u2026","rel":"","context":"In &quot;Homilies and reflections, Year C&quot;","block_context":{"text":"Homilies and reflections, Year C","link":"http:\/\/vincentians.com\/it\/category\/homilies-and-reflections-on-the-word-of-god\/homilies-and-reflections-year-c\/"},"img":{"alt_text":"","src":"https:\/\/i0.wp.com\/vincentians.com\/it\/wp-content\/uploads\/sites\/12\/2016\/08\/Giorgio-Bontempi-cm.jpg?fit=1200%2C630&resize=350%2C200","width":350,"height":200,"srcset":"https:\/\/i0.wp.com\/vincentians.com\/it\/wp-content\/uploads\/sites\/12\/2016\/08\/Giorgio-Bontempi-cm.jpg?fit=1200%2C630&resize=350%2C200 1x, https:\/\/i0.wp.com\/vincentians.com\/it\/wp-content\/uploads\/sites\/12\/2016\/08\/Giorgio-Bontempi-cm.jpg?fit=1200%2C630&resize=525%2C300 1.5x, https:\/\/i0.wp.com\/vincentians.com\/it\/wp-content\/uploads\/sites\/12\/2016\/08\/Giorgio-Bontempi-cm.jpg?fit=1200%2C630&resize=700%2C400 2x, https:\/\/i0.wp.com\/vincentians.com\/it\/wp-content\/uploads\/sites\/12\/2016\/08\/Giorgio-Bontempi-cm.jpg?fit=1200%2C630&resize=1050%2C600 3x"},"classes":[]},{"id":48987,"url":"http:\/\/vincentians.com\/it\/il-cristiano-guidato-alla-virtu-ed-alla-civilta-secondo-lo-spirito-di-san-vincenzo-de-paoli-giorno-vigesimoterzo\/","url_meta":{"origin":153962,"position":1},"title":"Il cristiano guidato alla virt\u00f9 ed alla civilt\u00e0 secondo lo spirito di San Vincenzo De&#8217; Paoli. Giorno vigesimoterzo","author":"Francisco Javier Fern\u00e1ndez Chento","date":"17\/08\/2016","format":false,"excerpt":"Giorno vigesimoterzo. Sua semplicit\u00e0. La semplicit\u00e0, che molti tengono cotte un difetto o tutto al pi\u00f9 come il retaggio degli spiriti deboli, \u00e8 nondimeno la virtu delle anime grandi, e ad esse sole appai, tiene di calpestare gli umani rispetti, dire le cose come si pensano; disprezzare gli artifizi del\u2026","rel":"","context":"In &quot;Vincenzo de' Paoli&quot;","block_context":{"text":"Vincenzo de' Paoli","link":"http:\/\/vincentians.com\/it\/category\/vincenzo-de-paoli\/"},"img":{"alt_text":"","src":"https:\/\/i0.wp.com\/vincentians.com\/it\/wp-content\/uploads\/sites\/12\/2016\/07\/don-bosco-y-san-vicente-de-paul.jpg?fit=1200%2C630&resize=350%2C200","width":350,"height":200,"srcset":"https:\/\/i0.wp.com\/vincentians.com\/it\/wp-content\/uploads\/sites\/12\/2016\/07\/don-bosco-y-san-vicente-de-paul.jpg?fit=1200%2C630&resize=350%2C200 1x, https:\/\/i0.wp.com\/vincentians.com\/it\/wp-content\/uploads\/sites\/12\/2016\/07\/don-bosco-y-san-vicente-de-paul.jpg?fit=1200%2C630&resize=525%2C300 1.5x, https:\/\/i0.wp.com\/vincentians.com\/it\/wp-content\/uploads\/sites\/12\/2016\/07\/don-bosco-y-san-vicente-de-paul.jpg?fit=1200%2C630&resize=700%2C400 2x, https:\/\/i0.wp.com\/vincentians.com\/it\/wp-content\/uploads\/sites\/12\/2016\/07\/don-bosco-y-san-vicente-de-paul.jpg?fit=1200%2C630&resize=1050%2C600 3x"},"classes":[]},{"id":45889,"url":"http:\/\/vincentians.com\/it\/il-cristiano-guidato-alla-virtu-ed-alla-civilta-secondo-lo-spirito-di-san-vincenzo-de-paoli-giorno-secondo\/","url_meta":{"origin":153962,"position":2},"title":"Il cristiano guidato alla virt\u00f9 ed alla civilt\u00e0 secondo lo spirito di San Vincenzo De&#8217; Paoli. Giorno secondo","author":"Francisco Javier Fern\u00e1ndez Chento","date":"27\/07\/2016","format":false,"excerpt":"Giorno secondo. Sua imitazione di Ges\u00f9 Cristo. Il nostro divin Salvatore aveva detto a tutti i fedeli cristiani, che colui il quale cammina dietro a' suoi passi non cammina nelle tenebre, ed \u00e8 sicuro di avere un giorno il lume di vita eterna. Perci\u00f2 invitava tutti a seguirlo, proporselo per\u2026","rel":"","context":"In &quot;Vincenzo de' Paoli&quot;","block_context":{"text":"Vincenzo de' Paoli","link":"http:\/\/vincentians.com\/it\/category\/vincenzo-de-paoli\/"},"img":{"alt_text":"","src":"https:\/\/i0.wp.com\/vincentians.com\/it\/wp-content\/uploads\/sites\/12\/2016\/07\/don-bosco-y-san-vicente-de-paul.jpg?fit=1200%2C630&resize=350%2C200","width":350,"height":200,"srcset":"https:\/\/i0.wp.com\/vincentians.com\/it\/wp-content\/uploads\/sites\/12\/2016\/07\/don-bosco-y-san-vicente-de-paul.jpg?fit=1200%2C630&resize=350%2C200 1x, https:\/\/i0.wp.com\/vincentians.com\/it\/wp-content\/uploads\/sites\/12\/2016\/07\/don-bosco-y-san-vicente-de-paul.jpg?fit=1200%2C630&resize=525%2C300 1.5x, https:\/\/i0.wp.com\/vincentians.com\/it\/wp-content\/uploads\/sites\/12\/2016\/07\/don-bosco-y-san-vicente-de-paul.jpg?fit=1200%2C630&resize=700%2C400 2x, https:\/\/i0.wp.com\/vincentians.com\/it\/wp-content\/uploads\/sites\/12\/2016\/07\/don-bosco-y-san-vicente-de-paul.jpg?fit=1200%2C630&resize=1050%2C600 3x"},"classes":[]},{"id":38791,"url":"http:\/\/vincentians.com\/it\/il-volto-materno-di-gesu-una-nota-su-vincenzo-de-paoli\/","url_meta":{"origin":153962,"position":3},"title":"Il volto materno di Ges\u00f9: una nota su Vincenzo de Paoli","author":"Francisco Javier Fern\u00e1ndez Chento","date":"04\/09\/2016","format":false,"excerpt":"C\u2019\u00e8 molto da dire sulla relazione di Vincenzo de Paoli con le donne. Tra gli amici e i collaboratori pi\u00f9 stretti vi erano due donne sante, Giovanna Francesca di Chantal e Luisa di Marillac. Altre donne svolsero un ruolo molto significativo nella sua vita e lui nella loro: dalla giovane\u2026","rel":"","context":"In &quot;Vincenzo de' Paoli&quot;","block_context":{"text":"Vincenzo de' Paoli","link":"http:\/\/vincentians.com\/it\/category\/vincenzo-de-paoli\/"},"img":{"alt_text":"","src":"https:\/\/i0.wp.com\/vincentians.com\/it\/wp-content\/uploads\/sites\/12\/2016\/07\/life-of-st-vincent-de-paul.jpg?fit=1200%2C630&resize=350%2C200","width":350,"height":200,"srcset":"https:\/\/i0.wp.com\/vincentians.com\/it\/wp-content\/uploads\/sites\/12\/2016\/07\/life-of-st-vincent-de-paul.jpg?fit=1200%2C630&resize=350%2C200 1x, https:\/\/i0.wp.com\/vincentians.com\/it\/wp-content\/uploads\/sites\/12\/2016\/07\/life-of-st-vincent-de-paul.jpg?fit=1200%2C630&resize=525%2C300 1.5x, https:\/\/i0.wp.com\/vincentians.com\/it\/wp-content\/uploads\/sites\/12\/2016\/07\/life-of-st-vincent-de-paul.jpg?fit=1200%2C630&resize=700%2C400 2x, https:\/\/i0.wp.com\/vincentians.com\/it\/wp-content\/uploads\/sites\/12\/2016\/07\/life-of-st-vincent-de-paul.jpg?fit=1200%2C630&resize=1050%2C600 3x"},"classes":[]},{"id":48995,"url":"http:\/\/vincentians.com\/it\/il-cristiano-guidato-alla-virtu-ed-alla-civilta-secondo-lo-spirito-di-san-vincenzo-de-paoli-giorno-trentesmiprimo\/","url_meta":{"origin":153962,"position":4},"title":"Il cristiano guidato alla virt\u00f9 ed alla civilt\u00e0 secondo lo spirito di San Vincenzo De&#8217; Paoli. Giorno trentesmiprimo","author":"Francisco Javier Fern\u00e1ndez Chento","date":"25\/08\/2016","format":false,"excerpt":"Giorno trentesmiprimo. Elogio per la festa del Santo. Dilectus Deo et hominibus. Pare difficil cosa il piacere a Dio ed agli uomini; perciocch\u00e8 mentre uno studiasi di piacere a Dio per lo pi\u00f9 incontra l\u2019indignazione dei mondani, i quali punto non capiscono le cose che al Signore riguardano. Tuttavia Vincenzo\u2026","rel":"","context":"In &quot;Vincenzo de' Paoli&quot;","block_context":{"text":"Vincenzo de' Paoli","link":"http:\/\/vincentians.com\/it\/category\/vincenzo-de-paoli\/"},"img":{"alt_text":"","src":"https:\/\/i0.wp.com\/vincentians.com\/it\/wp-content\/uploads\/sites\/12\/2016\/07\/don-bosco-y-san-vicente-de-paul.jpg?fit=1200%2C630&resize=350%2C200","width":350,"height":200,"srcset":"https:\/\/i0.wp.com\/vincentians.com\/it\/wp-content\/uploads\/sites\/12\/2016\/07\/don-bosco-y-san-vicente-de-paul.jpg?fit=1200%2C630&resize=350%2C200 1x, https:\/\/i0.wp.com\/vincentians.com\/it\/wp-content\/uploads\/sites\/12\/2016\/07\/don-bosco-y-san-vicente-de-paul.jpg?fit=1200%2C630&resize=525%2C300 1.5x, https:\/\/i0.wp.com\/vincentians.com\/it\/wp-content\/uploads\/sites\/12\/2016\/07\/don-bosco-y-san-vicente-de-paul.jpg?fit=1200%2C630&resize=700%2C400 2x, https:\/\/i0.wp.com\/vincentians.com\/it\/wp-content\/uploads\/sites\/12\/2016\/07\/don-bosco-y-san-vicente-de-paul.jpg?fit=1200%2C630&resize=1050%2C600 3x"},"classes":[]},{"id":48986,"url":"http:\/\/vincentians.com\/it\/il-cristiano-guidato-alla-virtu-ed-alla-civilta-secondo-lo-spirito-di-san-vincenzo-de-paoli-giorno-vigesimosecondo\/","url_meta":{"origin":153962,"position":5},"title":"Il cristiano guidato alla virt\u00f9 ed alla civilt\u00e0 secondo lo spirito di San Vincenzo De&#8217; Paoli. Giorno vigesimosecondo","author":"Francisco Javier Fern\u00e1ndez Chento","date":"16\/08\/2016","format":false,"excerpt":"Giorno vigesimosecondo. Suoi ritiri spirituali. Niuno aveva fino allora intrapreso in questo genere ci\u00f2 che Vincenzo esegu\u00ec. I pi\u00f9 gran Santi degli ultimi secoli avevano dovuto gemere sulla corruzione che regnava nel cristianesimo. Esortavano i fedeli a pesare tutte le loro azioni sulla bilancia della verit\u00e0 ed a riflettere profondamente\u2026","rel":"","context":"In &quot;Vincenzo de' Paoli&quot;","block_context":{"text":"Vincenzo de' Paoli","link":"http:\/\/vincentians.com\/it\/category\/vincenzo-de-paoli\/"},"img":{"alt_text":"","src":"https:\/\/i0.wp.com\/vincentians.com\/it\/wp-content\/uploads\/sites\/12\/2016\/07\/don-bosco-y-san-vicente-de-paul.jpg?fit=1200%2C630&resize=350%2C200","width":350,"height":200,"srcset":"https:\/\/i0.wp.com\/vincentians.com\/it\/wp-content\/uploads\/sites\/12\/2016\/07\/don-bosco-y-san-vicente-de-paul.jpg?fit=1200%2C630&resize=350%2C200 1x, https:\/\/i0.wp.com\/vincentians.com\/it\/wp-content\/uploads\/sites\/12\/2016\/07\/don-bosco-y-san-vicente-de-paul.jpg?fit=1200%2C630&resize=525%2C300 1.5x, https:\/\/i0.wp.com\/vincentians.com\/it\/wp-content\/uploads\/sites\/12\/2016\/07\/don-bosco-y-san-vicente-de-paul.jpg?fit=1200%2C630&resize=700%2C400 2x, https:\/\/i0.wp.com\/vincentians.com\/it\/wp-content\/uploads\/sites\/12\/2016\/07\/don-bosco-y-san-vicente-de-paul.jpg?fit=1200%2C630&resize=1050%2C600 3x"},"classes":[]}],"_links":{"self":[{"href":"http:\/\/vincentians.com\/it\/wp-json\/wp\/v2\/posts\/153962","targetHints":{"allow":["GET"]}}],"collection":[{"href":"http:\/\/vincentians.com\/it\/wp-json\/wp\/v2\/posts"}],"about":[{"href":"http:\/\/vincentians.com\/it\/wp-json\/wp\/v2\/types\/post"}],"author":[{"embeddable":true,"href":"http:\/\/vincentians.com\/it\/wp-json\/wp\/v2\/users\/4"}],"replies":[{"embeddable":true,"href":"http:\/\/vincentians.com\/it\/wp-json\/wp\/v2\/comments?post=153962"}],"version-history":[{"count":0,"href":"http:\/\/vincentians.com\/it\/wp-json\/wp\/v2\/posts\/153962\/revisions"}],"wp:featuredmedia":[{"embeddable":true,"href":"http:\/\/vincentians.com\/it\/wp-json\/wp\/v2\/media\/153936"}],"wp:attachment":[{"href":"http:\/\/vincentians.com\/it\/wp-json\/wp\/v2\/media?parent=153962"}],"wp:term":[{"taxonomy":"category","embeddable":true,"href":"http:\/\/vincentians.com\/it\/wp-json\/wp\/v2\/categories?post=153962"},{"taxonomy":"post_tag","embeddable":true,"href":"http:\/\/vincentians.com\/it\/wp-json\/wp\/v2\/tags?post=153962"}],"curies":[{"name":"wp","href":"https:\/\/api.w.org\/{rel}","templated":true}]}}