{"id":153875,"date":"2016-07-30T12:00:05","date_gmt":"2016-07-30T10:00:05","guid":{"rendered":"http:\/\/vincentians.com\/it\/?p=153875"},"modified":"2016-08-14T10:51:45","modified_gmt":"2016-08-14T08:51:45","slug":"lettera-agli-studenti-tedeschi-in-seguito-alloccupazione-della-ruhr-da-parte-dei-francesi-gennaio-1923","status":"publish","type":"post","link":"http:\/\/vincentians.com\/it\/lettera-agli-studenti-tedeschi-in-seguito-alloccupazione-della-ruhr-da-parte-dei-francesi-gennaio-1923\/","title":{"rendered":"Frassati: Lettera agli studenti tedeschi in seguito all&#8217;occupazione della Ruhr da parte dei francesi, gennaio 1923"},"content":{"rendered":"<p><i>Gennaio 1923<\/i><\/p>\n<p>In questi tragici, dolorosi momenti nei quali la vostra Patria \u00e8 calpestata dal piede straniero, mentre il vostro antagonista occupa i vostri focolari come nemico della Patria, vi mandiamo noi studenti cattolici, l&#8217;espressione del nostro fraterno amore. Non abbiamo la possibilit\u00e0 di mutare la triste situazione, ma sentiamo in noi l&#8217;intera forza del nostro amore cristiano che ci affratella oltre i confini di tutte le Nazioni. [&#8230;] Fratelli, in queste nuove prove e terribili dolori, sappiate che la grande famiglia cristiana prega per voi.<\/p>\n<p>Pier Giorgio Frassati Circolo Universitario Cattolico \u00abCesare Balbo\u00bb<\/p>\n","protected":false},"excerpt":{"rendered":"<p>Gennaio 1923 In questi tragici, dolorosi momenti nei quali la vostra Patria \u00e8 calpestata dal piede straniero, mentre il vostro antagonista occupa i vostri focolari come nemico della Patria, vi mandiamo noi studenti cattolici, l&#8217;espressione &#8230; <a href=\"http:\/\/vincentians.com\/it\/lettera-agli-studenti-tedeschi-in-seguito-alloccupazione-della-ruhr-da-parte-dei-francesi-gennaio-1923\/\" class=\"more-link\">Read More<\/a><\/p>\n","protected":false},"author":4,"featured_media":153842,"comment_status":"open","ping_status":"open","sticky":false,"template":"","format":"standard","meta":{"jetpack_post_was_ever_published":false,"_jetpack_newsletter_access":"","_jetpack_dont_email_post_to_subs":false,"_jetpack_newsletter_tier_id":0,"_jetpack_memberships_contains_paywalled_content":false,"_jetpack_memberships_contains_paid_content":false,"footnotes":"","jetpack_publicize_message":"","jetpack_publicize_feature_enabled":true,"jetpack_social_post_already_shared":true,"jetpack_social_options":{"image_generator_settings":{"template":"highway","default_image_id":0,"font":"","enabled":false},"version":2}},"categories":[140],"tags":[],"class_list":["post-153875","post","type-post","status-publish","format-standard","has-post-thumbnail","hentry","category-testi-di-pier-giorgio-frassati"],"yoast_head":"<!-- This site is optimized with the Yoast SEO plugin v26.3 - https:\/\/yoast.com\/wordpress\/plugins\/seo\/ -->\n<title>Frassati: Lettera agli studenti tedeschi in seguito all&#039;occupazione della Ruhr da parte dei francesi, gennaio 1923 - Siamo Vincenziani<\/title>\n<meta name=\"robots\" content=\"index, follow, max-snippet:-1, max-image-preview:large, max-video-preview:-1\" \/>\n<link rel=\"canonical\" href=\"https:\/\/vincentians.com\/it\/lettera-agli-studenti-tedeschi-in-seguito-alloccupazione-della-ruhr-da-parte-dei-francesi-gennaio-1923\/\" \/>\n<meta property=\"og:locale\" content=\"it_IT\" \/>\n<meta property=\"og:type\" content=\"article\" \/>\n<meta property=\"og:title\" content=\"Frassati: Lettera agli studenti tedeschi in seguito all&#039;occupazione della Ruhr da parte dei francesi, gennaio 1923 - Siamo Vincenziani\" \/>\n<meta property=\"og:description\" content=\"Gennaio 1923 In questi tragici, dolorosi momenti nei quali la vostra Patria \u00e8 calpestata dal piede straniero, mentre il vostro antagonista occupa i vostri focolari come nemico della Patria, vi mandiamo noi studenti cattolici, l&#8217;espressione ... Read More\" \/>\n<meta property=\"og:url\" content=\"https:\/\/vincentians.com\/it\/lettera-agli-studenti-tedeschi-in-seguito-alloccupazione-della-ruhr-da-parte-dei-francesi-gennaio-1923\/\" \/>\n<meta property=\"og:site_name\" content=\"Siamo Vincenziani\" \/>\n<meta property=\"article:publisher\" content=\"https:\/\/www.facebook.com\/WeAreVincentians\/\" \/>\n<meta property=\"article:author\" content=\"https:\/\/www.facebook.com\/JavierChento\" \/>\n<meta property=\"article:published_time\" content=\"2016-07-30T10:00:05+00:00\" \/>\n<meta property=\"article:modified_time\" content=\"2016-08-14T08:51:45+00:00\" \/>\n<meta property=\"og:image\" content=\"https:\/\/i0.wp.com\/vincentians.com\/it\/wp-content\/uploads\/sites\/12\/2016\/07\/testi-pier-giorgio-frassati.jpg?fit=1200%2C630&ssl=1\" \/>\n\t<meta property=\"og:image:width\" content=\"1200\" \/>\n\t<meta property=\"og:image:height\" content=\"630\" \/>\n\t<meta property=\"og:image:type\" content=\"image\/jpeg\" \/>\n<meta name=\"author\" content=\"Francisco Javier Fern\u00e1ndez Chento\" \/>\n<meta name=\"twitter:card\" content=\"summary_large_image\" \/>\n<meta name=\"twitter:creator\" content=\"@https:\/\/twitter.com\/javierchento\" \/>\n<meta name=\"twitter:site\" content=\"@WeVincentians\" \/>\n<meta name=\"twitter:label1\" content=\"Scritto da\" \/>\n\t<meta name=\"twitter:data1\" content=\"Francisco Javier Fern\u00e1ndez Chento\" \/>\n<script type=\"application\/ld+json\" class=\"yoast-schema-graph\">{\"@context\":\"https:\/\/schema.org\",\"@graph\":[{\"@type\":\"Article\",\"@id\":\"https:\/\/vincentians.com\/it\/lettera-agli-studenti-tedeschi-in-seguito-alloccupazione-della-ruhr-da-parte-dei-francesi-gennaio-1923\/#article\",\"isPartOf\":{\"@id\":\"https:\/\/vincentians.com\/it\/lettera-agli-studenti-tedeschi-in-seguito-alloccupazione-della-ruhr-da-parte-dei-francesi-gennaio-1923\/\"},\"author\":{\"name\":\"Francisco Javier Fern\u00e1ndez Chento\",\"@id\":\"https:\/\/vincentians.com\/it\/#\/schema\/person\/9623ef4d9aa3b2dfb8c061f1499288f2\"},\"headline\":\"Frassati: Lettera agli studenti tedeschi in seguito all&#8217;occupazione della Ruhr da parte dei francesi, gennaio 1923\",\"datePublished\":\"2016-07-30T10:00:05+00:00\",\"dateModified\":\"2016-08-14T08:51:45+00:00\",\"mainEntityOfPage\":{\"@id\":\"https:\/\/vincentians.com\/it\/lettera-agli-studenti-tedeschi-in-seguito-alloccupazione-della-ruhr-da-parte-dei-francesi-gennaio-1923\/\"},\"wordCount\":106,\"commentCount\":0,\"publisher\":{\"@id\":\"https:\/\/vincentians.com\/it\/#organization\"},\"image\":{\"@id\":\"https:\/\/vincentians.com\/it\/lettera-agli-studenti-tedeschi-in-seguito-alloccupazione-della-ruhr-da-parte-dei-francesi-gennaio-1923\/#primaryimage\"},\"thumbnailUrl\":\"https:\/\/i0.wp.com\/vincentians.com\/it\/wp-content\/uploads\/sites\/12\/2016\/07\/testi-pier-giorgio-frassati.jpg?fit=1200%2C630\",\"articleSection\":[\"Testi di Pier Giorgio Frassati\"],\"inLanguage\":\"it-IT\",\"potentialAction\":[{\"@type\":\"CommentAction\",\"name\":\"Comment\",\"target\":[\"https:\/\/vincentians.com\/it\/lettera-agli-studenti-tedeschi-in-seguito-alloccupazione-della-ruhr-da-parte-dei-francesi-gennaio-1923\/#respond\"]}]},{\"@type\":\"WebPage\",\"@id\":\"https:\/\/vincentians.com\/it\/lettera-agli-studenti-tedeschi-in-seguito-alloccupazione-della-ruhr-da-parte-dei-francesi-gennaio-1923\/\",\"url\":\"https:\/\/vincentians.com\/it\/lettera-agli-studenti-tedeschi-in-seguito-alloccupazione-della-ruhr-da-parte-dei-francesi-gennaio-1923\/\",\"name\":\"Frassati: Lettera agli studenti tedeschi in seguito all'occupazione della Ruhr da parte dei francesi, gennaio 1923 - Siamo Vincenziani\",\"isPartOf\":{\"@id\":\"https:\/\/vincentians.com\/it\/#website\"},\"primaryImageOfPage\":{\"@id\":\"https:\/\/vincentians.com\/it\/lettera-agli-studenti-tedeschi-in-seguito-alloccupazione-della-ruhr-da-parte-dei-francesi-gennaio-1923\/#primaryimage\"},\"image\":{\"@id\":\"https:\/\/vincentians.com\/it\/lettera-agli-studenti-tedeschi-in-seguito-alloccupazione-della-ruhr-da-parte-dei-francesi-gennaio-1923\/#primaryimage\"},\"thumbnailUrl\":\"https:\/\/i0.wp.com\/vincentians.com\/it\/wp-content\/uploads\/sites\/12\/2016\/07\/testi-pier-giorgio-frassati.jpg?fit=1200%2C630\",\"datePublished\":\"2016-07-30T10:00:05+00:00\",\"dateModified\":\"2016-08-14T08:51:45+00:00\",\"breadcrumb\":{\"@id\":\"https:\/\/vincentians.com\/it\/lettera-agli-studenti-tedeschi-in-seguito-alloccupazione-della-ruhr-da-parte-dei-francesi-gennaio-1923\/#breadcrumb\"},\"inLanguage\":\"it-IT\",\"potentialAction\":[{\"@type\":\"ReadAction\",\"target\":[\"https:\/\/vincentians.com\/it\/lettera-agli-studenti-tedeschi-in-seguito-alloccupazione-della-ruhr-da-parte-dei-francesi-gennaio-1923\/\"]}]},{\"@type\":\"ImageObject\",\"inLanguage\":\"it-IT\",\"@id\":\"https:\/\/vincentians.com\/it\/lettera-agli-studenti-tedeschi-in-seguito-alloccupazione-della-ruhr-da-parte-dei-francesi-gennaio-1923\/#primaryimage\",\"url\":\"https:\/\/i0.wp.com\/vincentians.com\/it\/wp-content\/uploads\/sites\/12\/2016\/07\/testi-pier-giorgio-frassati.jpg?fit=1200%2C630\",\"contentUrl\":\"https:\/\/i0.wp.com\/vincentians.com\/it\/wp-content\/uploads\/sites\/12\/2016\/07\/testi-pier-giorgio-frassati.jpg?fit=1200%2C630\",\"width\":1200,\"height\":630},{\"@type\":\"BreadcrumbList\",\"@id\":\"https:\/\/vincentians.com\/it\/lettera-agli-studenti-tedeschi-in-seguito-alloccupazione-della-ruhr-da-parte-dei-francesi-gennaio-1923\/#breadcrumb\",\"itemListElement\":[{\"@type\":\"ListItem\",\"position\":1,\"name\":\"Portada\",\"item\":\"https:\/\/vincentians.com\/it\/\"},{\"@type\":\"ListItem\",\"position\":2,\"name\":\"Frassati: Lettera agli studenti tedeschi in seguito all&#8217;occupazione della Ruhr da parte dei francesi, gennaio 1923\"}]},{\"@type\":\"WebSite\",\"@id\":\"https:\/\/vincentians.com\/it\/#website\",\"url\":\"https:\/\/vincentians.com\/it\/\",\"name\":\"Siamo Vincenziani\",\"description\":\"Know more to serve more\",\"publisher\":{\"@id\":\"https:\/\/vincentians.com\/it\/#organization\"},\"potentialAction\":[{\"@type\":\"SearchAction\",\"target\":{\"@type\":\"EntryPoint\",\"urlTemplate\":\"https:\/\/vincentians.com\/it\/?s={search_term_string}\"},\"query-input\":{\"@type\":\"PropertyValueSpecification\",\"valueRequired\":true,\"valueName\":\"search_term_string\"}}],\"inLanguage\":\"it-IT\"},{\"@type\":\"Organization\",\"@id\":\"https:\/\/vincentians.com\/it\/#organization\",\"name\":\"The Vincentian Network\",\"url\":\"https:\/\/vincentians.com\/it\/\",\"logo\":{\"@type\":\"ImageObject\",\"inLanguage\":\"it-IT\",\"@id\":\"https:\/\/vincentians.com\/it\/#\/schema\/logo\/image\/\",\"url\":\"https:\/\/i0.wp.com\/vincentians.com\/it\/wp-content\/uploads\/sites\/12\/2016\/06\/Vincentian-Network-logo-big.png?fit=778%2C778\",\"contentUrl\":\"https:\/\/i0.wp.com\/vincentians.com\/it\/wp-content\/uploads\/sites\/12\/2016\/06\/Vincentian-Network-logo-big.png?fit=778%2C778\",\"width\":778,\"height\":778,\"caption\":\"The Vincentian Network\"},\"image\":{\"@id\":\"https:\/\/vincentians.com\/it\/#\/schema\/logo\/image\/\"},\"sameAs\":[\"https:\/\/www.facebook.com\/WeAreVincentians\/\",\"https:\/\/x.com\/WeVincentians\"]},{\"@type\":\"Person\",\"@id\":\"https:\/\/vincentians.com\/it\/#\/schema\/person\/9623ef4d9aa3b2dfb8c061f1499288f2\",\"name\":\"Francisco Javier Fern\u00e1ndez Chento\",\"image\":{\"@type\":\"ImageObject\",\"inLanguage\":\"it-IT\",\"@id\":\"https:\/\/vincentians.com\/it\/#\/schema\/person\/image\/\",\"url\":\"https:\/\/secure.gravatar.com\/avatar\/497d5cde87b4c3d097d0315953521681ba2cd523ee66e5077c3711f7021e65de?s=96&d=mm&r=g\",\"contentUrl\":\"https:\/\/secure.gravatar.com\/avatar\/497d5cde87b4c3d097d0315953521681ba2cd523ee66e5077c3711f7021e65de?s=96&d=mm&r=g\",\"caption\":\"Francisco Javier Fern\u00e1ndez Chento\"},\"description\":\"Director General y cofundador de La Red de Formaci\u00f3n Vicenciana. Javier es laico vicenciano, afiliado a la Congregaci\u00f3n de la Misi\u00f3n y miembro del Equipo de Misiones Populares de la provincia can\u00f3nica de Zaragoza (Espa\u00f1a) de la Congregaci\u00f3n de la Misi\u00f3n. Graduado en la Universidad Oberta de Catalunya con cuatro grados (Asistente de direcci\u00f3n, Gesti\u00f3n Administrativa, Recursos Humanos y Contabilidad Avanzada). Bil\u00edng\u00fce Espa\u00f1ol\/Ingl\u00e9s. gestiona y mantiene varias p\u00e1ginas web cristianas y vicencianas, incluida including La Red de Formaci\u00f3n Vicenciana, de la que es cofundador. Actualmente es responsable del \u00e1rea de Espa\u00f1ol de .famvin, la Red de Noticias de la Familia Vicenciana. Tambi\u00e9n es m\u00fasico cat\u00f3lico y ha editado varios discos. Es Director General y cofundador de Trovador, una reconocida compa\u00f1\u00eda discogr\u00e1fica critiana de Espa\u00f1a. Trabaja en las Tecnolog\u00edas de la Informaci\u00f3n, ofreciendo servicios de alojamiento, dise\u00f1o y mantenimiento Web, as\u00ed como asesoramiento, formaci\u00f3n y soluciones inform\u00e1ticas, gesti\u00f3n documental y digitalizaci\u00f3n de textos, edici\u00f3n y maquetaci\u00f3n de libros, revistas, flyers, etc.\",\"sameAs\":[\"http:\/\/chento.org\",\"https:\/\/www.facebook.com\/JavierChento\",\"https:\/\/x.com\/https:\/\/twitter.com\/javierchento\"],\"url\":\"http:\/\/vincentians.com\/it\/author\/chento\/\"}]}<\/script>\n<!-- \/ Yoast SEO plugin. -->","yoast_head_json":{"title":"Frassati: Lettera agli studenti tedeschi in seguito all'occupazione della Ruhr da parte dei francesi, gennaio 1923 - Siamo Vincenziani","robots":{"index":"index","follow":"follow","max-snippet":"max-snippet:-1","max-image-preview":"max-image-preview:large","max-video-preview":"max-video-preview:-1"},"canonical":"https:\/\/vincentians.com\/it\/lettera-agli-studenti-tedeschi-in-seguito-alloccupazione-della-ruhr-da-parte-dei-francesi-gennaio-1923\/","og_locale":"it_IT","og_type":"article","og_title":"Frassati: Lettera agli studenti tedeschi in seguito all'occupazione della Ruhr da parte dei francesi, gennaio 1923 - Siamo Vincenziani","og_description":"Gennaio 1923 In questi tragici, dolorosi momenti nei quali la vostra Patria \u00e8 calpestata dal piede straniero, mentre il vostro antagonista occupa i vostri focolari come nemico della Patria, vi mandiamo noi studenti cattolici, l&#8217;espressione ... Read More","og_url":"https:\/\/vincentians.com\/it\/lettera-agli-studenti-tedeschi-in-seguito-alloccupazione-della-ruhr-da-parte-dei-francesi-gennaio-1923\/","og_site_name":"Siamo Vincenziani","article_publisher":"https:\/\/www.facebook.com\/WeAreVincentians\/","article_author":"https:\/\/www.facebook.com\/JavierChento","article_published_time":"2016-07-30T10:00:05+00:00","article_modified_time":"2016-08-14T08:51:45+00:00","og_image":[{"width":1200,"height":630,"url":"https:\/\/i0.wp.com\/vincentians.com\/it\/wp-content\/uploads\/sites\/12\/2016\/07\/testi-pier-giorgio-frassati.jpg?fit=1200%2C630&ssl=1","type":"image\/jpeg"}],"author":"Francisco Javier Fern\u00e1ndez Chento","twitter_card":"summary_large_image","twitter_creator":"@https:\/\/twitter.com\/javierchento","twitter_site":"@WeVincentians","twitter_misc":{"Scritto da":"Francisco Javier Fern\u00e1ndez Chento"},"schema":{"@context":"https:\/\/schema.org","@graph":[{"@type":"Article","@id":"https:\/\/vincentians.com\/it\/lettera-agli-studenti-tedeschi-in-seguito-alloccupazione-della-ruhr-da-parte-dei-francesi-gennaio-1923\/#article","isPartOf":{"@id":"https:\/\/vincentians.com\/it\/lettera-agli-studenti-tedeschi-in-seguito-alloccupazione-della-ruhr-da-parte-dei-francesi-gennaio-1923\/"},"author":{"name":"Francisco Javier Fern\u00e1ndez Chento","@id":"https:\/\/vincentians.com\/it\/#\/schema\/person\/9623ef4d9aa3b2dfb8c061f1499288f2"},"headline":"Frassati: Lettera agli studenti tedeschi in seguito all&#8217;occupazione della Ruhr da parte dei francesi, gennaio 1923","datePublished":"2016-07-30T10:00:05+00:00","dateModified":"2016-08-14T08:51:45+00:00","mainEntityOfPage":{"@id":"https:\/\/vincentians.com\/it\/lettera-agli-studenti-tedeschi-in-seguito-alloccupazione-della-ruhr-da-parte-dei-francesi-gennaio-1923\/"},"wordCount":106,"commentCount":0,"publisher":{"@id":"https:\/\/vincentians.com\/it\/#organization"},"image":{"@id":"https:\/\/vincentians.com\/it\/lettera-agli-studenti-tedeschi-in-seguito-alloccupazione-della-ruhr-da-parte-dei-francesi-gennaio-1923\/#primaryimage"},"thumbnailUrl":"https:\/\/i0.wp.com\/vincentians.com\/it\/wp-content\/uploads\/sites\/12\/2016\/07\/testi-pier-giorgio-frassati.jpg?fit=1200%2C630","articleSection":["Testi di Pier Giorgio Frassati"],"inLanguage":"it-IT","potentialAction":[{"@type":"CommentAction","name":"Comment","target":["https:\/\/vincentians.com\/it\/lettera-agli-studenti-tedeschi-in-seguito-alloccupazione-della-ruhr-da-parte-dei-francesi-gennaio-1923\/#respond"]}]},{"@type":"WebPage","@id":"https:\/\/vincentians.com\/it\/lettera-agli-studenti-tedeschi-in-seguito-alloccupazione-della-ruhr-da-parte-dei-francesi-gennaio-1923\/","url":"https:\/\/vincentians.com\/it\/lettera-agli-studenti-tedeschi-in-seguito-alloccupazione-della-ruhr-da-parte-dei-francesi-gennaio-1923\/","name":"Frassati: Lettera agli studenti tedeschi in seguito all'occupazione della Ruhr da parte dei francesi, gennaio 1923 - Siamo Vincenziani","isPartOf":{"@id":"https:\/\/vincentians.com\/it\/#website"},"primaryImageOfPage":{"@id":"https:\/\/vincentians.com\/it\/lettera-agli-studenti-tedeschi-in-seguito-alloccupazione-della-ruhr-da-parte-dei-francesi-gennaio-1923\/#primaryimage"},"image":{"@id":"https:\/\/vincentians.com\/it\/lettera-agli-studenti-tedeschi-in-seguito-alloccupazione-della-ruhr-da-parte-dei-francesi-gennaio-1923\/#primaryimage"},"thumbnailUrl":"https:\/\/i0.wp.com\/vincentians.com\/it\/wp-content\/uploads\/sites\/12\/2016\/07\/testi-pier-giorgio-frassati.jpg?fit=1200%2C630","datePublished":"2016-07-30T10:00:05+00:00","dateModified":"2016-08-14T08:51:45+00:00","breadcrumb":{"@id":"https:\/\/vincentians.com\/it\/lettera-agli-studenti-tedeschi-in-seguito-alloccupazione-della-ruhr-da-parte-dei-francesi-gennaio-1923\/#breadcrumb"},"inLanguage":"it-IT","potentialAction":[{"@type":"ReadAction","target":["https:\/\/vincentians.com\/it\/lettera-agli-studenti-tedeschi-in-seguito-alloccupazione-della-ruhr-da-parte-dei-francesi-gennaio-1923\/"]}]},{"@type":"ImageObject","inLanguage":"it-IT","@id":"https:\/\/vincentians.com\/it\/lettera-agli-studenti-tedeschi-in-seguito-alloccupazione-della-ruhr-da-parte-dei-francesi-gennaio-1923\/#primaryimage","url":"https:\/\/i0.wp.com\/vincentians.com\/it\/wp-content\/uploads\/sites\/12\/2016\/07\/testi-pier-giorgio-frassati.jpg?fit=1200%2C630","contentUrl":"https:\/\/i0.wp.com\/vincentians.com\/it\/wp-content\/uploads\/sites\/12\/2016\/07\/testi-pier-giorgio-frassati.jpg?fit=1200%2C630","width":1200,"height":630},{"@type":"BreadcrumbList","@id":"https:\/\/vincentians.com\/it\/lettera-agli-studenti-tedeschi-in-seguito-alloccupazione-della-ruhr-da-parte-dei-francesi-gennaio-1923\/#breadcrumb","itemListElement":[{"@type":"ListItem","position":1,"name":"Portada","item":"https:\/\/vincentians.com\/it\/"},{"@type":"ListItem","position":2,"name":"Frassati: Lettera agli studenti tedeschi in seguito all&#8217;occupazione della Ruhr da parte dei francesi, gennaio 1923"}]},{"@type":"WebSite","@id":"https:\/\/vincentians.com\/it\/#website","url":"https:\/\/vincentians.com\/it\/","name":"Siamo Vincenziani","description":"Know more to serve more","publisher":{"@id":"https:\/\/vincentians.com\/it\/#organization"},"potentialAction":[{"@type":"SearchAction","target":{"@type":"EntryPoint","urlTemplate":"https:\/\/vincentians.com\/it\/?s={search_term_string}"},"query-input":{"@type":"PropertyValueSpecification","valueRequired":true,"valueName":"search_term_string"}}],"inLanguage":"it-IT"},{"@type":"Organization","@id":"https:\/\/vincentians.com\/it\/#organization","name":"The Vincentian Network","url":"https:\/\/vincentians.com\/it\/","logo":{"@type":"ImageObject","inLanguage":"it-IT","@id":"https:\/\/vincentians.com\/it\/#\/schema\/logo\/image\/","url":"https:\/\/i0.wp.com\/vincentians.com\/it\/wp-content\/uploads\/sites\/12\/2016\/06\/Vincentian-Network-logo-big.png?fit=778%2C778","contentUrl":"https:\/\/i0.wp.com\/vincentians.com\/it\/wp-content\/uploads\/sites\/12\/2016\/06\/Vincentian-Network-logo-big.png?fit=778%2C778","width":778,"height":778,"caption":"The Vincentian Network"},"image":{"@id":"https:\/\/vincentians.com\/it\/#\/schema\/logo\/image\/"},"sameAs":["https:\/\/www.facebook.com\/WeAreVincentians\/","https:\/\/x.com\/WeVincentians"]},{"@type":"Person","@id":"https:\/\/vincentians.com\/it\/#\/schema\/person\/9623ef4d9aa3b2dfb8c061f1499288f2","name":"Francisco Javier Fern\u00e1ndez Chento","image":{"@type":"ImageObject","inLanguage":"it-IT","@id":"https:\/\/vincentians.com\/it\/#\/schema\/person\/image\/","url":"https:\/\/secure.gravatar.com\/avatar\/497d5cde87b4c3d097d0315953521681ba2cd523ee66e5077c3711f7021e65de?s=96&d=mm&r=g","contentUrl":"https:\/\/secure.gravatar.com\/avatar\/497d5cde87b4c3d097d0315953521681ba2cd523ee66e5077c3711f7021e65de?s=96&d=mm&r=g","caption":"Francisco Javier Fern\u00e1ndez Chento"},"description":"Director General y cofundador de La Red de Formaci\u00f3n Vicenciana. Javier es laico vicenciano, afiliado a la Congregaci\u00f3n de la Misi\u00f3n y miembro del Equipo de Misiones Populares de la provincia can\u00f3nica de Zaragoza (Espa\u00f1a) de la Congregaci\u00f3n de la Misi\u00f3n. Graduado en la Universidad Oberta de Catalunya con cuatro grados (Asistente de direcci\u00f3n, Gesti\u00f3n Administrativa, Recursos Humanos y Contabilidad Avanzada). Bil\u00edng\u00fce Espa\u00f1ol\/Ingl\u00e9s. gestiona y mantiene varias p\u00e1ginas web cristianas y vicencianas, incluida including La Red de Formaci\u00f3n Vicenciana, de la que es cofundador. Actualmente es responsable del \u00e1rea de Espa\u00f1ol de .famvin, la Red de Noticias de la Familia Vicenciana. Tambi\u00e9n es m\u00fasico cat\u00f3lico y ha editado varios discos. Es Director General y cofundador de Trovador, una reconocida compa\u00f1\u00eda discogr\u00e1fica critiana de Espa\u00f1a. Trabaja en las Tecnolog\u00edas de la Informaci\u00f3n, ofreciendo servicios de alojamiento, dise\u00f1o y mantenimiento Web, as\u00ed como asesoramiento, formaci\u00f3n y soluciones inform\u00e1ticas, gesti\u00f3n documental y digitalizaci\u00f3n de textos, edici\u00f3n y maquetaci\u00f3n de libros, revistas, flyers, etc.","sameAs":["http:\/\/chento.org","https:\/\/www.facebook.com\/JavierChento","https:\/\/x.com\/https:\/\/twitter.com\/javierchento"],"url":"http:\/\/vincentians.com\/it\/author\/chento\/"}]}},"jetpack_publicize_connections":[],"jetpack_featured_media_url":"https:\/\/i0.wp.com\/vincentians.com\/it\/wp-content\/uploads\/sites\/12\/2016\/07\/testi-pier-giorgio-frassati.jpg?fit=1200%2C630","jetpack_sharing_enabled":true,"jetpack_shortlink":"https:\/\/wp.me\/p7ETFo-E1R","jetpack-related-posts":[{"id":153893,"url":"http:\/\/vincentians.com\/it\/frassati-lettera-ad-antonio-villani-26-marzo-1923\/","url_meta":{"origin":153875,"position":0},"title":"Frassati: Lettera ad Antonio Villani, 26 marzo 1923","author":"Francisco Javier Fern\u00e1ndez Chento","date":"01\/08\/2016","format":false,"excerpt":"Ti scrivo mentre ho dinanzi aperto quel bel libro di S. Tommaso d'Aquino e quando leggo quei sublimi concetti, penso sempre a te che sei stato il primo ad infondere in me il desiderio di conoscere le grandi verit\u00e0 contenute in questa opera scritta per esaltare, glorificare la Divina Provvidenza.\u2026","rel":"","context":"In &quot;Testi di Pier Giorgio Frassati&quot;","block_context":{"text":"Testi di Pier Giorgio Frassati","link":"http:\/\/vincentians.com\/it\/category\/writings\/testi-di-pier-giorgio-frassati\/"},"img":{"alt_text":"","src":"https:\/\/i0.wp.com\/vincentians.com\/it\/wp-content\/uploads\/sites\/12\/2016\/07\/testi-pier-giorgio-frassati.jpg?fit=1200%2C630&resize=350%2C200","width":350,"height":200,"srcset":"https:\/\/i0.wp.com\/vincentians.com\/it\/wp-content\/uploads\/sites\/12\/2016\/07\/testi-pier-giorgio-frassati.jpg?fit=1200%2C630&resize=350%2C200 1x, https:\/\/i0.wp.com\/vincentians.com\/it\/wp-content\/uploads\/sites\/12\/2016\/07\/testi-pier-giorgio-frassati.jpg?fit=1200%2C630&resize=525%2C300 1.5x, https:\/\/i0.wp.com\/vincentians.com\/it\/wp-content\/uploads\/sites\/12\/2016\/07\/testi-pier-giorgio-frassati.jpg?fit=1200%2C630&resize=700%2C400 2x, https:\/\/i0.wp.com\/vincentians.com\/it\/wp-content\/uploads\/sites\/12\/2016\/07\/testi-pier-giorgio-frassati.jpg?fit=1200%2C630&resize=1050%2C600 3x"},"classes":[]},{"id":153874,"url":"http:\/\/vincentians.com\/it\/lettera-costantino-guardia-riva-dopo-la-visita-di-b-mussolini-torino-24-ottobre-1923\/","url_meta":{"origin":153875,"position":1},"title":"Frassati: Lettera a Costantino Guardia Riva, dopo la visita di B. Mussolini a Torino, 24 ottobre 1923","author":"Francisco Javier Fern\u00e1ndez Chento","date":"06\/08\/2016","format":false,"excerpt":"Torino, 24\/10\/1923 Sono veramente indignato perch\u00e9 hai esposto la Bandiera, che tante volte, bench\u00e9 indegno, ho portato nei cortei religiosi, dal balcone per rendere omaggio a colui, che disf\u00f2 le opere pie, che non mette freno ai fascisti e lascia uccidere i Ministri di Dio come Don Minzoni ecc. e\u2026","rel":"","context":"In &quot;Testi di Pier Giorgio Frassati&quot;","block_context":{"text":"Testi di Pier Giorgio Frassati","link":"http:\/\/vincentians.com\/it\/category\/writings\/testi-di-pier-giorgio-frassati\/"},"img":{"alt_text":"","src":"https:\/\/i0.wp.com\/vincentians.com\/it\/wp-content\/uploads\/sites\/12\/2016\/07\/testi-pier-giorgio-frassati.jpg?fit=1200%2C630&resize=350%2C200","width":350,"height":200,"srcset":"https:\/\/i0.wp.com\/vincentians.com\/it\/wp-content\/uploads\/sites\/12\/2016\/07\/testi-pier-giorgio-frassati.jpg?fit=1200%2C630&resize=350%2C200 1x, https:\/\/i0.wp.com\/vincentians.com\/it\/wp-content\/uploads\/sites\/12\/2016\/07\/testi-pier-giorgio-frassati.jpg?fit=1200%2C630&resize=525%2C300 1.5x, https:\/\/i0.wp.com\/vincentians.com\/it\/wp-content\/uploads\/sites\/12\/2016\/07\/testi-pier-giorgio-frassati.jpg?fit=1200%2C630&resize=700%2C400 2x, https:\/\/i0.wp.com\/vincentians.com\/it\/wp-content\/uploads\/sites\/12\/2016\/07\/testi-pier-giorgio-frassati.jpg?fit=1200%2C630&resize=1050%2C600 3x"},"classes":[]},{"id":153899,"url":"http:\/\/vincentians.com\/it\/lettera-antonio-severi-2-agosto-1923\/","url_meta":{"origin":153875,"position":2},"title":"Frassati: Lettera a Antonio Severi, 2 agosto 1923","author":"Francisco Javier Fern\u00e1ndez Chento","date":"03\/08\/2016","format":false,"excerpt":"Molto entusiasmo regnava nei petti dei bravi giovani e pi\u00f9 di mille fratelli e sorelle erano accorsi qui a Pollone per fare onore a queste nuove bandiere. Credo che a Pollone non vi era stato un entusiasmo cos\u00ec da parecchi anni: ora i 2 circoli sono abbastanza fiorenti. Ora resta\u2026","rel":"","context":"In &quot;Testi di Pier Giorgio Frassati&quot;","block_context":{"text":"Testi di Pier Giorgio Frassati","link":"http:\/\/vincentians.com\/it\/category\/writings\/testi-di-pier-giorgio-frassati\/"},"img":{"alt_text":"","src":"https:\/\/i0.wp.com\/vincentians.com\/it\/wp-content\/uploads\/sites\/12\/2016\/07\/testi-pier-giorgio-frassati.jpg?fit=1200%2C630&resize=350%2C200","width":350,"height":200,"srcset":"https:\/\/i0.wp.com\/vincentians.com\/it\/wp-content\/uploads\/sites\/12\/2016\/07\/testi-pier-giorgio-frassati.jpg?fit=1200%2C630&resize=350%2C200 1x, https:\/\/i0.wp.com\/vincentians.com\/it\/wp-content\/uploads\/sites\/12\/2016\/07\/testi-pier-giorgio-frassati.jpg?fit=1200%2C630&resize=525%2C300 1.5x, https:\/\/i0.wp.com\/vincentians.com\/it\/wp-content\/uploads\/sites\/12\/2016\/07\/testi-pier-giorgio-frassati.jpg?fit=1200%2C630&resize=700%2C400 2x, https:\/\/i0.wp.com\/vincentians.com\/it\/wp-content\/uploads\/sites\/12\/2016\/07\/testi-pier-giorgio-frassati.jpg?fit=1200%2C630&resize=1050%2C600 3x"},"classes":[]},{"id":153898,"url":"http:\/\/vincentians.com\/it\/ai-soci-del-circolo-milites-mariae-30-ottobre-1922\/","url_meta":{"origin":153875,"position":3},"title":"Frassati: Ai soci del Circolo \u00abMilites Mariae\u00bb, 30 ottobre 1922","author":"Francisco Javier Fern\u00e1ndez Chento","date":"28\/07\/2016","format":false,"excerpt":"Torino, 30 ottobre 1922. Cari soci, In questo momento grave\u00a0 attraversato dalla nostra Patria, noi cattolici e specialmente noi studenti\u00a0 abbiamo un grave dovere da compiere: la formazione di noi stessi. Noi,che per grazia di Dio siamo cattolici, non dobbiamo sciupare i pi\u00f9 belli anni della nostra vita, come purtroppo\u2026","rel":"","context":"In &quot;Testi di Pier Giorgio Frassati&quot;","block_context":{"text":"Testi di Pier Giorgio Frassati","link":"http:\/\/vincentians.com\/it\/category\/writings\/testi-di-pier-giorgio-frassati\/"},"img":{"alt_text":"","src":"https:\/\/i0.wp.com\/vincentians.com\/it\/wp-content\/uploads\/sites\/12\/2016\/07\/testi-pier-giorgio-frassati.jpg?fit=1200%2C630&resize=350%2C200","width":350,"height":200,"srcset":"https:\/\/i0.wp.com\/vincentians.com\/it\/wp-content\/uploads\/sites\/12\/2016\/07\/testi-pier-giorgio-frassati.jpg?fit=1200%2C630&resize=350%2C200 1x, https:\/\/i0.wp.com\/vincentians.com\/it\/wp-content\/uploads\/sites\/12\/2016\/07\/testi-pier-giorgio-frassati.jpg?fit=1200%2C630&resize=525%2C300 1.5x, https:\/\/i0.wp.com\/vincentians.com\/it\/wp-content\/uploads\/sites\/12\/2016\/07\/testi-pier-giorgio-frassati.jpg?fit=1200%2C630&resize=700%2C400 2x, https:\/\/i0.wp.com\/vincentians.com\/it\/wp-content\/uploads\/sites\/12\/2016\/07\/testi-pier-giorgio-frassati.jpg?fit=1200%2C630&resize=1050%2C600 3x"},"classes":[]},{"id":153876,"url":"http:\/\/vincentians.com\/it\/lettera-al-padre-27-settembre-1923\/","url_meta":{"origin":153875,"position":4},"title":"Frassati: Lettera al padre, 27 settembre 1923","author":"Francisco Javier Fern\u00e1ndez Chento","date":"05\/08\/2016","format":false,"excerpt":"Carissimo pap\u00e0, domani \u00e8 la tua festa e mi rincresce molto di non poterti esprimere a voce tutti i sentimenti del mio animo. Per\u00f2 io domani sar\u00f2 vicino a te e pregher\u00f2, perch\u00e9 Iddio ti dia tutte le consolazioni possibili per il Bene, che hai fatto e che fai.","rel":"","context":"In &quot;Testi di Pier Giorgio Frassati&quot;","block_context":{"text":"Testi di Pier Giorgio Frassati","link":"http:\/\/vincentians.com\/it\/category\/writings\/testi-di-pier-giorgio-frassati\/"},"img":{"alt_text":"","src":"https:\/\/i0.wp.com\/vincentians.com\/it\/wp-content\/uploads\/sites\/12\/2016\/07\/testi-pier-giorgio-frassati.jpg?fit=1200%2C630&resize=350%2C200","width":350,"height":200,"srcset":"https:\/\/i0.wp.com\/vincentians.com\/it\/wp-content\/uploads\/sites\/12\/2016\/07\/testi-pier-giorgio-frassati.jpg?fit=1200%2C630&resize=350%2C200 1x, https:\/\/i0.wp.com\/vincentians.com\/it\/wp-content\/uploads\/sites\/12\/2016\/07\/testi-pier-giorgio-frassati.jpg?fit=1200%2C630&resize=525%2C300 1.5x, https:\/\/i0.wp.com\/vincentians.com\/it\/wp-content\/uploads\/sites\/12\/2016\/07\/testi-pier-giorgio-frassati.jpg?fit=1200%2C630&resize=700%2C400 2x, https:\/\/i0.wp.com\/vincentians.com\/it\/wp-content\/uploads\/sites\/12\/2016\/07\/testi-pier-giorgio-frassati.jpg?fit=1200%2C630&resize=1050%2C600 3x"},"classes":[]},{"id":153908,"url":"http:\/\/vincentians.com\/it\/lettera-ad-antonio-villani-31-agosto-1923\/","url_meta":{"origin":153875,"position":5},"title":"Frassati: Lettera ad Antonio Villani, 31 agosto 1923","author":"Francisco Javier Fern\u00e1ndez Chento","date":"04\/08\/2016","format":false,"excerpt":"Pollone, 31\/8\/1923 Mi piacerebbe molto che tu assumessi il nome di Fra Girolamo, non perch\u00e9 \u00e8 il nome che io ho come figlio di San Domenico, ma perch\u00e9 mi ricorda una figura a me cara e certamente anche a te, che hai comune a me gli stessi sentimenti contro i\u2026","rel":"","context":"In &quot;Testi di Pier Giorgio Frassati&quot;","block_context":{"text":"Testi di Pier Giorgio Frassati","link":"http:\/\/vincentians.com\/it\/category\/writings\/testi-di-pier-giorgio-frassati\/"},"img":{"alt_text":"","src":"https:\/\/i0.wp.com\/vincentians.com\/it\/wp-content\/uploads\/sites\/12\/2016\/07\/testi-pier-giorgio-frassati.jpg?fit=1200%2C630&resize=350%2C200","width":350,"height":200,"srcset":"https:\/\/i0.wp.com\/vincentians.com\/it\/wp-content\/uploads\/sites\/12\/2016\/07\/testi-pier-giorgio-frassati.jpg?fit=1200%2C630&resize=350%2C200 1x, https:\/\/i0.wp.com\/vincentians.com\/it\/wp-content\/uploads\/sites\/12\/2016\/07\/testi-pier-giorgio-frassati.jpg?fit=1200%2C630&resize=525%2C300 1.5x, https:\/\/i0.wp.com\/vincentians.com\/it\/wp-content\/uploads\/sites\/12\/2016\/07\/testi-pier-giorgio-frassati.jpg?fit=1200%2C630&resize=700%2C400 2x, https:\/\/i0.wp.com\/vincentians.com\/it\/wp-content\/uploads\/sites\/12\/2016\/07\/testi-pier-giorgio-frassati.jpg?fit=1200%2C630&resize=1050%2C600 3x"},"classes":[]}],"_links":{"self":[{"href":"http:\/\/vincentians.com\/it\/wp-json\/wp\/v2\/posts\/153875","targetHints":{"allow":["GET"]}}],"collection":[{"href":"http:\/\/vincentians.com\/it\/wp-json\/wp\/v2\/posts"}],"about":[{"href":"http:\/\/vincentians.com\/it\/wp-json\/wp\/v2\/types\/post"}],"author":[{"embeddable":true,"href":"http:\/\/vincentians.com\/it\/wp-json\/wp\/v2\/users\/4"}],"replies":[{"embeddable":true,"href":"http:\/\/vincentians.com\/it\/wp-json\/wp\/v2\/comments?post=153875"}],"version-history":[{"count":0,"href":"http:\/\/vincentians.com\/it\/wp-json\/wp\/v2\/posts\/153875\/revisions"}],"wp:featuredmedia":[{"embeddable":true,"href":"http:\/\/vincentians.com\/it\/wp-json\/wp\/v2\/media\/153842"}],"wp:attachment":[{"href":"http:\/\/vincentians.com\/it\/wp-json\/wp\/v2\/media?parent=153875"}],"wp:term":[{"taxonomy":"category","embeddable":true,"href":"http:\/\/vincentians.com\/it\/wp-json\/wp\/v2\/categories?post=153875"},{"taxonomy":"post_tag","embeddable":true,"href":"http:\/\/vincentians.com\/it\/wp-json\/wp\/v2\/tags?post=153875"}],"curies":[{"name":"wp","href":"https:\/\/api.w.org\/{rel}","templated":true}]}}