{"id":153846,"date":"2016-08-02T12:00:09","date_gmt":"2016-08-02T10:00:09","guid":{"rendered":"http:\/\/vincentians.com\/it\/?p=153846"},"modified":"2016-08-14T10:52:07","modified_gmt":"2016-08-14T08:52:07","slug":"lettera-ad-antonio-villani-19-luglio-1923","status":"publish","type":"post","link":"http:\/\/vincentians.com\/it\/lettera-ad-antonio-villani-19-luglio-1923\/","title":{"rendered":"Frassati: Lettera ad Antonio Villani, 19 luglio 1923"},"content":{"rendered":"<p>Oggi sono stato alla sepoltura di un laureato di lettere amico di Bertini [&#8230;].<\/p>\n<p>Ho riflettuto e ho pensato che anch&#8217;io fra qualche anno sar\u00f2 in quello stato; dester\u00f2 anch&#8217;io il senso di compassione misto a quello di ribrezzo e pure delle volte sono stato ambizioso. A che pro: tanto la morte, questo grande mistero, unico giusto, perch\u00e8 non guarda in faccia a nessuno, dissolver\u00e0 il mio corpo ed in poco tempo lo render\u00e0 in polvere. Ma oltre il corpo materiale v&#8217;\u00e8 l&#8217;anima a cui bisogna che dedichiamo tutte le nostre forze, perch\u00e8 possa presentarsi al Sommo Tribunale senza colpa o almeno con piccole colpe, in modo che dopo aver scontato qualche anno di purgatorio possa salire alla pace Eterna. Ma come prepararsi al grande Trapasso e quando? Siccome uno non sa quando la Morte verr\u00e0 a prenderlo, \u00e8 grande prudenza ogni giorno prepararsi per morire lo stesso giorno; quindi d&#8217;ora in poi cercher\u00f2 di far tutti i giorni un piccolo preparamento per la morte, per non dovere trovarmi impreparato in punto di morte e dover rimpiangere gli anni belli della giovent\u00f9, sprecati dal lato spirituale.<\/p>\n<p>E tu cosa fai? Che ne dici di questi propositi, che spero con la Grazia di Dio di poter mantenere?<\/p>\n","protected":false},"excerpt":{"rendered":"<p>Oggi sono stato alla sepoltura di un laureato di lettere amico di Bertini [&#8230;]. Ho riflettuto e ho pensato che anch&#8217;io fra qualche anno sar\u00f2 in quello stato; dester\u00f2 anch&#8217;io il senso di compassione misto &#8230; <a href=\"http:\/\/vincentians.com\/it\/lettera-ad-antonio-villani-19-luglio-1923\/\" class=\"more-link\">Read More<\/a><\/p>\n","protected":false},"author":4,"featured_media":153842,"comment_status":"open","ping_status":"open","sticky":false,"template":"","format":"standard","meta":{"jetpack_post_was_ever_published":false,"_jetpack_newsletter_access":"","_jetpack_dont_email_post_to_subs":false,"_jetpack_newsletter_tier_id":0,"_jetpack_memberships_contains_paywalled_content":false,"_jetpack_memberships_contains_paid_content":false,"footnotes":"","jetpack_publicize_message":"","jetpack_publicize_feature_enabled":true,"jetpack_social_post_already_shared":true,"jetpack_social_options":{"image_generator_settings":{"template":"highway","default_image_id":0,"font":"","enabled":false},"version":2}},"categories":[140],"tags":[],"class_list":["post-153846","post","type-post","status-publish","format-standard","has-post-thumbnail","hentry","category-testi-di-pier-giorgio-frassati"],"yoast_head":"<!-- This site is optimized with the Yoast SEO plugin v26.3 - https:\/\/yoast.com\/wordpress\/plugins\/seo\/ -->\n<title>Frassati: Lettera ad Antonio Villani, 19 luglio 1923 - Siamo Vincenziani<\/title>\n<meta name=\"robots\" content=\"index, follow, max-snippet:-1, max-image-preview:large, max-video-preview:-1\" \/>\n<link rel=\"canonical\" href=\"http:\/\/vincentians.com\/it\/lettera-ad-antonio-villani-19-luglio-1923\/\" \/>\n<meta property=\"og:locale\" content=\"it_IT\" \/>\n<meta property=\"og:type\" content=\"article\" \/>\n<meta property=\"og:title\" content=\"Frassati: Lettera ad Antonio Villani, 19 luglio 1923 - Siamo Vincenziani\" \/>\n<meta property=\"og:description\" content=\"Oggi sono stato alla sepoltura di un laureato di lettere amico di Bertini [&#8230;]. Ho riflettuto e ho pensato che anch&#8217;io fra qualche anno sar\u00f2 in quello stato; dester\u00f2 anch&#8217;io il senso di compassione misto ... Read More\" \/>\n<meta property=\"og:url\" content=\"http:\/\/vincentians.com\/it\/lettera-ad-antonio-villani-19-luglio-1923\/\" \/>\n<meta property=\"og:site_name\" content=\"Siamo Vincenziani\" \/>\n<meta property=\"article:publisher\" content=\"https:\/\/www.facebook.com\/WeAreVincentians\/\" \/>\n<meta property=\"article:author\" content=\"https:\/\/www.facebook.com\/JavierChento\" \/>\n<meta property=\"article:published_time\" content=\"2016-08-02T10:00:09+00:00\" \/>\n<meta property=\"article:modified_time\" content=\"2016-08-14T08:52:07+00:00\" \/>\n<meta property=\"og:image\" content=\"https:\/\/i0.wp.com\/vincentians.com\/it\/wp-content\/uploads\/sites\/12\/2016\/07\/testi-pier-giorgio-frassati.jpg?fit=1200%2C630\" \/>\n\t<meta property=\"og:image:width\" content=\"1200\" \/>\n\t<meta property=\"og:image:height\" content=\"630\" \/>\n\t<meta property=\"og:image:type\" content=\"image\/jpeg\" \/>\n<meta name=\"author\" content=\"Francisco Javier Fern\u00e1ndez Chento\" \/>\n<meta name=\"twitter:card\" content=\"summary_large_image\" \/>\n<meta name=\"twitter:creator\" content=\"@https:\/\/twitter.com\/javierchento\" \/>\n<meta name=\"twitter:site\" content=\"@WeVincentians\" \/>\n<meta name=\"twitter:label1\" content=\"Scritto da\" \/>\n\t<meta name=\"twitter:data1\" content=\"Francisco Javier Fern\u00e1ndez Chento\" \/>\n\t<meta name=\"twitter:label2\" content=\"Tempo di lettura stimato\" \/>\n\t<meta name=\"twitter:data2\" content=\"1 minuto\" \/>\n<script type=\"application\/ld+json\" class=\"yoast-schema-graph\">{\"@context\":\"https:\/\/schema.org\",\"@graph\":[{\"@type\":\"Article\",\"@id\":\"http:\/\/vincentians.com\/it\/lettera-ad-antonio-villani-19-luglio-1923\/#article\",\"isPartOf\":{\"@id\":\"http:\/\/vincentians.com\/it\/lettera-ad-antonio-villani-19-luglio-1923\/\"},\"author\":{\"name\":\"Francisco Javier Fern\u00e1ndez Chento\",\"@id\":\"https:\/\/vincentians.com\/it\/#\/schema\/person\/9623ef4d9aa3b2dfb8c061f1499288f2\"},\"headline\":\"Frassati: Lettera ad Antonio Villani, 19 luglio 1923\",\"datePublished\":\"2016-08-02T10:00:09+00:00\",\"dateModified\":\"2016-08-14T08:52:07+00:00\",\"mainEntityOfPage\":{\"@id\":\"http:\/\/vincentians.com\/it\/lettera-ad-antonio-villani-19-luglio-1923\/\"},\"wordCount\":210,\"commentCount\":0,\"publisher\":{\"@id\":\"https:\/\/vincentians.com\/it\/#organization\"},\"image\":{\"@id\":\"http:\/\/vincentians.com\/it\/lettera-ad-antonio-villani-19-luglio-1923\/#primaryimage\"},\"thumbnailUrl\":\"https:\/\/i0.wp.com\/vincentians.com\/it\/wp-content\/uploads\/sites\/12\/2016\/07\/testi-pier-giorgio-frassati.jpg?fit=1200%2C630\",\"articleSection\":[\"Testi di Pier Giorgio Frassati\"],\"inLanguage\":\"it-IT\",\"potentialAction\":[{\"@type\":\"CommentAction\",\"name\":\"Comment\",\"target\":[\"http:\/\/vincentians.com\/it\/lettera-ad-antonio-villani-19-luglio-1923\/#respond\"]}]},{\"@type\":\"WebPage\",\"@id\":\"http:\/\/vincentians.com\/it\/lettera-ad-antonio-villani-19-luglio-1923\/\",\"url\":\"http:\/\/vincentians.com\/it\/lettera-ad-antonio-villani-19-luglio-1923\/\",\"name\":\"Frassati: Lettera ad Antonio Villani, 19 luglio 1923 - Siamo Vincenziani\",\"isPartOf\":{\"@id\":\"https:\/\/vincentians.com\/it\/#website\"},\"primaryImageOfPage\":{\"@id\":\"http:\/\/vincentians.com\/it\/lettera-ad-antonio-villani-19-luglio-1923\/#primaryimage\"},\"image\":{\"@id\":\"http:\/\/vincentians.com\/it\/lettera-ad-antonio-villani-19-luglio-1923\/#primaryimage\"},\"thumbnailUrl\":\"https:\/\/i0.wp.com\/vincentians.com\/it\/wp-content\/uploads\/sites\/12\/2016\/07\/testi-pier-giorgio-frassati.jpg?fit=1200%2C630\",\"datePublished\":\"2016-08-02T10:00:09+00:00\",\"dateModified\":\"2016-08-14T08:52:07+00:00\",\"breadcrumb\":{\"@id\":\"http:\/\/vincentians.com\/it\/lettera-ad-antonio-villani-19-luglio-1923\/#breadcrumb\"},\"inLanguage\":\"it-IT\",\"potentialAction\":[{\"@type\":\"ReadAction\",\"target\":[\"http:\/\/vincentians.com\/it\/lettera-ad-antonio-villani-19-luglio-1923\/\"]}]},{\"@type\":\"ImageObject\",\"inLanguage\":\"it-IT\",\"@id\":\"http:\/\/vincentians.com\/it\/lettera-ad-antonio-villani-19-luglio-1923\/#primaryimage\",\"url\":\"https:\/\/i0.wp.com\/vincentians.com\/it\/wp-content\/uploads\/sites\/12\/2016\/07\/testi-pier-giorgio-frassati.jpg?fit=1200%2C630\",\"contentUrl\":\"https:\/\/i0.wp.com\/vincentians.com\/it\/wp-content\/uploads\/sites\/12\/2016\/07\/testi-pier-giorgio-frassati.jpg?fit=1200%2C630\",\"width\":1200,\"height\":630},{\"@type\":\"BreadcrumbList\",\"@id\":\"http:\/\/vincentians.com\/it\/lettera-ad-antonio-villani-19-luglio-1923\/#breadcrumb\",\"itemListElement\":[{\"@type\":\"ListItem\",\"position\":1,\"name\":\"Portada\",\"item\":\"https:\/\/vincentians.com\/it\/\"},{\"@type\":\"ListItem\",\"position\":2,\"name\":\"Frassati: Lettera ad Antonio Villani, 19 luglio 1923\"}]},{\"@type\":\"WebSite\",\"@id\":\"https:\/\/vincentians.com\/it\/#website\",\"url\":\"https:\/\/vincentians.com\/it\/\",\"name\":\"Siamo Vincenziani\",\"description\":\"Know more to serve more\",\"publisher\":{\"@id\":\"https:\/\/vincentians.com\/it\/#organization\"},\"potentialAction\":[{\"@type\":\"SearchAction\",\"target\":{\"@type\":\"EntryPoint\",\"urlTemplate\":\"https:\/\/vincentians.com\/it\/?s={search_term_string}\"},\"query-input\":{\"@type\":\"PropertyValueSpecification\",\"valueRequired\":true,\"valueName\":\"search_term_string\"}}],\"inLanguage\":\"it-IT\"},{\"@type\":\"Organization\",\"@id\":\"https:\/\/vincentians.com\/it\/#organization\",\"name\":\"The Vincentian Network\",\"url\":\"https:\/\/vincentians.com\/it\/\",\"logo\":{\"@type\":\"ImageObject\",\"inLanguage\":\"it-IT\",\"@id\":\"https:\/\/vincentians.com\/it\/#\/schema\/logo\/image\/\",\"url\":\"https:\/\/i0.wp.com\/vincentians.com\/it\/wp-content\/uploads\/sites\/12\/2016\/06\/Vincentian-Network-logo-big.png?fit=778%2C778\",\"contentUrl\":\"https:\/\/i0.wp.com\/vincentians.com\/it\/wp-content\/uploads\/sites\/12\/2016\/06\/Vincentian-Network-logo-big.png?fit=778%2C778\",\"width\":778,\"height\":778,\"caption\":\"The Vincentian Network\"},\"image\":{\"@id\":\"https:\/\/vincentians.com\/it\/#\/schema\/logo\/image\/\"},\"sameAs\":[\"https:\/\/www.facebook.com\/WeAreVincentians\/\",\"https:\/\/x.com\/WeVincentians\"]},{\"@type\":\"Person\",\"@id\":\"https:\/\/vincentians.com\/it\/#\/schema\/person\/9623ef4d9aa3b2dfb8c061f1499288f2\",\"name\":\"Francisco Javier Fern\u00e1ndez Chento\",\"image\":{\"@type\":\"ImageObject\",\"inLanguage\":\"it-IT\",\"@id\":\"https:\/\/vincentians.com\/it\/#\/schema\/person\/image\/\",\"url\":\"https:\/\/secure.gravatar.com\/avatar\/497d5cde87b4c3d097d0315953521681ba2cd523ee66e5077c3711f7021e65de?s=96&d=mm&r=g\",\"contentUrl\":\"https:\/\/secure.gravatar.com\/avatar\/497d5cde87b4c3d097d0315953521681ba2cd523ee66e5077c3711f7021e65de?s=96&d=mm&r=g\",\"caption\":\"Francisco Javier Fern\u00e1ndez Chento\"},\"description\":\"Director General y cofundador de La Red de Formaci\u00f3n Vicenciana. Javier es laico vicenciano, afiliado a la Congregaci\u00f3n de la Misi\u00f3n y miembro del Equipo de Misiones Populares de la provincia can\u00f3nica de Zaragoza (Espa\u00f1a) de la Congregaci\u00f3n de la Misi\u00f3n. Graduado en la Universidad Oberta de Catalunya con cuatro grados (Asistente de direcci\u00f3n, Gesti\u00f3n Administrativa, Recursos Humanos y Contabilidad Avanzada). Bil\u00edng\u00fce Espa\u00f1ol\/Ingl\u00e9s. gestiona y mantiene varias p\u00e1ginas web cristianas y vicencianas, incluida including La Red de Formaci\u00f3n Vicenciana, de la que es cofundador. Actualmente es responsable del \u00e1rea de Espa\u00f1ol de .famvin, la Red de Noticias de la Familia Vicenciana. Tambi\u00e9n es m\u00fasico cat\u00f3lico y ha editado varios discos. Es Director General y cofundador de Trovador, una reconocida compa\u00f1\u00eda discogr\u00e1fica critiana de Espa\u00f1a. Trabaja en las Tecnolog\u00edas de la Informaci\u00f3n, ofreciendo servicios de alojamiento, dise\u00f1o y mantenimiento Web, as\u00ed como asesoramiento, formaci\u00f3n y soluciones inform\u00e1ticas, gesti\u00f3n documental y digitalizaci\u00f3n de textos, edici\u00f3n y maquetaci\u00f3n de libros, revistas, flyers, etc.\",\"sameAs\":[\"http:\/\/chento.org\",\"https:\/\/www.facebook.com\/JavierChento\",\"https:\/\/x.com\/https:\/\/twitter.com\/javierchento\"],\"url\":\"http:\/\/vincentians.com\/it\/author\/chento\/\"}]}<\/script>\n<!-- \/ Yoast SEO plugin. -->","yoast_head_json":{"title":"Frassati: Lettera ad Antonio Villani, 19 luglio 1923 - Siamo Vincenziani","robots":{"index":"index","follow":"follow","max-snippet":"max-snippet:-1","max-image-preview":"max-image-preview:large","max-video-preview":"max-video-preview:-1"},"canonical":"http:\/\/vincentians.com\/it\/lettera-ad-antonio-villani-19-luglio-1923\/","og_locale":"it_IT","og_type":"article","og_title":"Frassati: Lettera ad Antonio Villani, 19 luglio 1923 - Siamo Vincenziani","og_description":"Oggi sono stato alla sepoltura di un laureato di lettere amico di Bertini [&#8230;]. Ho riflettuto e ho pensato che anch&#8217;io fra qualche anno sar\u00f2 in quello stato; dester\u00f2 anch&#8217;io il senso di compassione misto ... Read More","og_url":"http:\/\/vincentians.com\/it\/lettera-ad-antonio-villani-19-luglio-1923\/","og_site_name":"Siamo Vincenziani","article_publisher":"https:\/\/www.facebook.com\/WeAreVincentians\/","article_author":"https:\/\/www.facebook.com\/JavierChento","article_published_time":"2016-08-02T10:00:09+00:00","article_modified_time":"2016-08-14T08:52:07+00:00","og_image":[{"width":1200,"height":630,"url":"https:\/\/i0.wp.com\/vincentians.com\/it\/wp-content\/uploads\/sites\/12\/2016\/07\/testi-pier-giorgio-frassati.jpg?fit=1200%2C630","type":"image\/jpeg"}],"author":"Francisco Javier Fern\u00e1ndez Chento","twitter_card":"summary_large_image","twitter_creator":"@https:\/\/twitter.com\/javierchento","twitter_site":"@WeVincentians","twitter_misc":{"Scritto da":"Francisco Javier Fern\u00e1ndez Chento","Tempo di lettura stimato":"1 minuto"},"schema":{"@context":"https:\/\/schema.org","@graph":[{"@type":"Article","@id":"http:\/\/vincentians.com\/it\/lettera-ad-antonio-villani-19-luglio-1923\/#article","isPartOf":{"@id":"http:\/\/vincentians.com\/it\/lettera-ad-antonio-villani-19-luglio-1923\/"},"author":{"name":"Francisco Javier Fern\u00e1ndez Chento","@id":"https:\/\/vincentians.com\/it\/#\/schema\/person\/9623ef4d9aa3b2dfb8c061f1499288f2"},"headline":"Frassati: Lettera ad Antonio Villani, 19 luglio 1923","datePublished":"2016-08-02T10:00:09+00:00","dateModified":"2016-08-14T08:52:07+00:00","mainEntityOfPage":{"@id":"http:\/\/vincentians.com\/it\/lettera-ad-antonio-villani-19-luglio-1923\/"},"wordCount":210,"commentCount":0,"publisher":{"@id":"https:\/\/vincentians.com\/it\/#organization"},"image":{"@id":"http:\/\/vincentians.com\/it\/lettera-ad-antonio-villani-19-luglio-1923\/#primaryimage"},"thumbnailUrl":"https:\/\/i0.wp.com\/vincentians.com\/it\/wp-content\/uploads\/sites\/12\/2016\/07\/testi-pier-giorgio-frassati.jpg?fit=1200%2C630","articleSection":["Testi di Pier Giorgio Frassati"],"inLanguage":"it-IT","potentialAction":[{"@type":"CommentAction","name":"Comment","target":["http:\/\/vincentians.com\/it\/lettera-ad-antonio-villani-19-luglio-1923\/#respond"]}]},{"@type":"WebPage","@id":"http:\/\/vincentians.com\/it\/lettera-ad-antonio-villani-19-luglio-1923\/","url":"http:\/\/vincentians.com\/it\/lettera-ad-antonio-villani-19-luglio-1923\/","name":"Frassati: Lettera ad Antonio Villani, 19 luglio 1923 - Siamo Vincenziani","isPartOf":{"@id":"https:\/\/vincentians.com\/it\/#website"},"primaryImageOfPage":{"@id":"http:\/\/vincentians.com\/it\/lettera-ad-antonio-villani-19-luglio-1923\/#primaryimage"},"image":{"@id":"http:\/\/vincentians.com\/it\/lettera-ad-antonio-villani-19-luglio-1923\/#primaryimage"},"thumbnailUrl":"https:\/\/i0.wp.com\/vincentians.com\/it\/wp-content\/uploads\/sites\/12\/2016\/07\/testi-pier-giorgio-frassati.jpg?fit=1200%2C630","datePublished":"2016-08-02T10:00:09+00:00","dateModified":"2016-08-14T08:52:07+00:00","breadcrumb":{"@id":"http:\/\/vincentians.com\/it\/lettera-ad-antonio-villani-19-luglio-1923\/#breadcrumb"},"inLanguage":"it-IT","potentialAction":[{"@type":"ReadAction","target":["http:\/\/vincentians.com\/it\/lettera-ad-antonio-villani-19-luglio-1923\/"]}]},{"@type":"ImageObject","inLanguage":"it-IT","@id":"http:\/\/vincentians.com\/it\/lettera-ad-antonio-villani-19-luglio-1923\/#primaryimage","url":"https:\/\/i0.wp.com\/vincentians.com\/it\/wp-content\/uploads\/sites\/12\/2016\/07\/testi-pier-giorgio-frassati.jpg?fit=1200%2C630","contentUrl":"https:\/\/i0.wp.com\/vincentians.com\/it\/wp-content\/uploads\/sites\/12\/2016\/07\/testi-pier-giorgio-frassati.jpg?fit=1200%2C630","width":1200,"height":630},{"@type":"BreadcrumbList","@id":"http:\/\/vincentians.com\/it\/lettera-ad-antonio-villani-19-luglio-1923\/#breadcrumb","itemListElement":[{"@type":"ListItem","position":1,"name":"Portada","item":"https:\/\/vincentians.com\/it\/"},{"@type":"ListItem","position":2,"name":"Frassati: Lettera ad Antonio Villani, 19 luglio 1923"}]},{"@type":"WebSite","@id":"https:\/\/vincentians.com\/it\/#website","url":"https:\/\/vincentians.com\/it\/","name":"Siamo Vincenziani","description":"Know more to serve more","publisher":{"@id":"https:\/\/vincentians.com\/it\/#organization"},"potentialAction":[{"@type":"SearchAction","target":{"@type":"EntryPoint","urlTemplate":"https:\/\/vincentians.com\/it\/?s={search_term_string}"},"query-input":{"@type":"PropertyValueSpecification","valueRequired":true,"valueName":"search_term_string"}}],"inLanguage":"it-IT"},{"@type":"Organization","@id":"https:\/\/vincentians.com\/it\/#organization","name":"The Vincentian Network","url":"https:\/\/vincentians.com\/it\/","logo":{"@type":"ImageObject","inLanguage":"it-IT","@id":"https:\/\/vincentians.com\/it\/#\/schema\/logo\/image\/","url":"https:\/\/i0.wp.com\/vincentians.com\/it\/wp-content\/uploads\/sites\/12\/2016\/06\/Vincentian-Network-logo-big.png?fit=778%2C778","contentUrl":"https:\/\/i0.wp.com\/vincentians.com\/it\/wp-content\/uploads\/sites\/12\/2016\/06\/Vincentian-Network-logo-big.png?fit=778%2C778","width":778,"height":778,"caption":"The Vincentian Network"},"image":{"@id":"https:\/\/vincentians.com\/it\/#\/schema\/logo\/image\/"},"sameAs":["https:\/\/www.facebook.com\/WeAreVincentians\/","https:\/\/x.com\/WeVincentians"]},{"@type":"Person","@id":"https:\/\/vincentians.com\/it\/#\/schema\/person\/9623ef4d9aa3b2dfb8c061f1499288f2","name":"Francisco Javier Fern\u00e1ndez Chento","image":{"@type":"ImageObject","inLanguage":"it-IT","@id":"https:\/\/vincentians.com\/it\/#\/schema\/person\/image\/","url":"https:\/\/secure.gravatar.com\/avatar\/497d5cde87b4c3d097d0315953521681ba2cd523ee66e5077c3711f7021e65de?s=96&d=mm&r=g","contentUrl":"https:\/\/secure.gravatar.com\/avatar\/497d5cde87b4c3d097d0315953521681ba2cd523ee66e5077c3711f7021e65de?s=96&d=mm&r=g","caption":"Francisco Javier Fern\u00e1ndez Chento"},"description":"Director General y cofundador de La Red de Formaci\u00f3n Vicenciana. Javier es laico vicenciano, afiliado a la Congregaci\u00f3n de la Misi\u00f3n y miembro del Equipo de Misiones Populares de la provincia can\u00f3nica de Zaragoza (Espa\u00f1a) de la Congregaci\u00f3n de la Misi\u00f3n. Graduado en la Universidad Oberta de Catalunya con cuatro grados (Asistente de direcci\u00f3n, Gesti\u00f3n Administrativa, Recursos Humanos y Contabilidad Avanzada). Bil\u00edng\u00fce Espa\u00f1ol\/Ingl\u00e9s. gestiona y mantiene varias p\u00e1ginas web cristianas y vicencianas, incluida including La Red de Formaci\u00f3n Vicenciana, de la que es cofundador. Actualmente es responsable del \u00e1rea de Espa\u00f1ol de .famvin, la Red de Noticias de la Familia Vicenciana. Tambi\u00e9n es m\u00fasico cat\u00f3lico y ha editado varios discos. Es Director General y cofundador de Trovador, una reconocida compa\u00f1\u00eda discogr\u00e1fica critiana de Espa\u00f1a. Trabaja en las Tecnolog\u00edas de la Informaci\u00f3n, ofreciendo servicios de alojamiento, dise\u00f1o y mantenimiento Web, as\u00ed como asesoramiento, formaci\u00f3n y soluciones inform\u00e1ticas, gesti\u00f3n documental y digitalizaci\u00f3n de textos, edici\u00f3n y maquetaci\u00f3n de libros, revistas, flyers, etc.","sameAs":["http:\/\/chento.org","https:\/\/www.facebook.com\/JavierChento","https:\/\/x.com\/https:\/\/twitter.com\/javierchento"],"url":"http:\/\/vincentians.com\/it\/author\/chento\/"}]}},"jetpack_publicize_connections":[],"jetpack_featured_media_url":"https:\/\/i0.wp.com\/vincentians.com\/it\/wp-content\/uploads\/sites\/12\/2016\/07\/testi-pier-giorgio-frassati.jpg?fit=1200%2C630","jetpack_sharing_enabled":true,"jetpack_shortlink":"https:\/\/wp.me\/p7ETFo-E1o","jetpack-related-posts":[{"id":153845,"url":"http:\/\/vincentians.com\/it\/lettera-isidoro-bonini-28-dicembre-1924\/","url_meta":{"origin":153846,"position":0},"title":"Frassati: Lettera a Isidoro Bonini, 28 dicembre 1924","author":"Francisco Javier Fern\u00e1ndez Chento","date":"08\/08\/2016","format":false,"excerpt":"Modena, 28\/12\/1924 Carissimo, sto leggendo il romanzo di Italo Mario Angeloni \"Ho amato cos\u00ec\" dove egli descrive nella prima parte il suo amore per un'andalusa e credi provo delle emozioni perch\u00e8 sembra la storia del mio amore. Anch'io ho amato cos\u00ec solo che nel romanzo il sacrificio lo fa l'andalusa\u2026","rel":"","context":"In &quot;Testi di Pier Giorgio Frassati&quot;","block_context":{"text":"Testi di Pier Giorgio Frassati","link":"http:\/\/vincentians.com\/it\/category\/writings\/testi-di-pier-giorgio-frassati\/"},"img":{"alt_text":"","src":"https:\/\/i0.wp.com\/vincentians.com\/it\/wp-content\/uploads\/sites\/12\/2016\/07\/testi-pier-giorgio-frassati.jpg?fit=1200%2C630&resize=350%2C200","width":350,"height":200,"srcset":"https:\/\/i0.wp.com\/vincentians.com\/it\/wp-content\/uploads\/sites\/12\/2016\/07\/testi-pier-giorgio-frassati.jpg?fit=1200%2C630&resize=350%2C200 1x, https:\/\/i0.wp.com\/vincentians.com\/it\/wp-content\/uploads\/sites\/12\/2016\/07\/testi-pier-giorgio-frassati.jpg?fit=1200%2C630&resize=525%2C300 1.5x, https:\/\/i0.wp.com\/vincentians.com\/it\/wp-content\/uploads\/sites\/12\/2016\/07\/testi-pier-giorgio-frassati.jpg?fit=1200%2C630&resize=700%2C400 2x, https:\/\/i0.wp.com\/vincentians.com\/it\/wp-content\/uploads\/sites\/12\/2016\/07\/testi-pier-giorgio-frassati.jpg?fit=1200%2C630&resize=1050%2C600 3x"},"classes":[]},{"id":153909,"url":"http:\/\/vincentians.com\/it\/lettera-ad-antonio-villani-16-novembre-1922\/","url_meta":{"origin":153846,"position":1},"title":"Frassati: Lettera ad Antonio Villani, 16 novembre 1922","author":"Francisco Javier Fern\u00e1ndez Chento","date":"29\/07\/2016","format":false,"excerpt":"Berlino, 16\/11\/1922 Carissimo Tonino, sono arrivato da qualche giorno in questa bella citt\u00e0; il cielo \u00e8 sempre bigio per\u00f2 Berlino mi piace sempre pi\u00f9. Fa proprio pena vedere magnifici negozi con ogni sorta di roba, che per\u00f2 i Tedeschi non possono pi\u00f9 comprare, perch\u00e9 la vita qui, \u00e8 carissima. Oggi\u2026","rel":"","context":"In &quot;Testi di Pier Giorgio Frassati&quot;","block_context":{"text":"Testi di Pier Giorgio Frassati","link":"http:\/\/vincentians.com\/it\/category\/writings\/testi-di-pier-giorgio-frassati\/"},"img":{"alt_text":"","src":"https:\/\/i0.wp.com\/vincentians.com\/it\/wp-content\/uploads\/sites\/12\/2016\/07\/testi-pier-giorgio-frassati.jpg?fit=1200%2C630&resize=350%2C200","width":350,"height":200,"srcset":"https:\/\/i0.wp.com\/vincentians.com\/it\/wp-content\/uploads\/sites\/12\/2016\/07\/testi-pier-giorgio-frassati.jpg?fit=1200%2C630&resize=350%2C200 1x, https:\/\/i0.wp.com\/vincentians.com\/it\/wp-content\/uploads\/sites\/12\/2016\/07\/testi-pier-giorgio-frassati.jpg?fit=1200%2C630&resize=525%2C300 1.5x, https:\/\/i0.wp.com\/vincentians.com\/it\/wp-content\/uploads\/sites\/12\/2016\/07\/testi-pier-giorgio-frassati.jpg?fit=1200%2C630&resize=700%2C400 2x, https:\/\/i0.wp.com\/vincentians.com\/it\/wp-content\/uploads\/sites\/12\/2016\/07\/testi-pier-giorgio-frassati.jpg?fit=1200%2C630&resize=1050%2C600 3x"},"classes":[]},{"id":153894,"url":"http:\/\/vincentians.com\/it\/frassati-lettera-isidoro-bonini-15-aprile-1925\/","url_meta":{"origin":153846,"position":2},"title":"Frassati: Lettera a Isidoro Bonini, 15 aprile 1925","author":"Francisco Javier Fern\u00e1ndez Chento","date":"17\/08\/2016","format":false,"excerpt":"Pollone, 15\/4\/1925 L'altro giorno sfogliando il calendario ho fatto una terribile constatazione: che ci avvicinavamo alla met\u00e0 del mese ed allora mi sono detto fra di me qui \u00e8 ora di intensificare lo studio ed allora ho deciso che appena giunto a Torino sar\u00f2 morto a tutti tranne alla conferenza\u2026","rel":"","context":"In &quot;Testi di Pier Giorgio Frassati&quot;","block_context":{"text":"Testi di Pier Giorgio Frassati","link":"http:\/\/vincentians.com\/it\/category\/writings\/testi-di-pier-giorgio-frassati\/"},"img":{"alt_text":"","src":"https:\/\/i0.wp.com\/vincentians.com\/it\/wp-content\/uploads\/sites\/12\/2016\/07\/testi-pier-giorgio-frassati.jpg?fit=1200%2C630&resize=350%2C200","width":350,"height":200,"srcset":"https:\/\/i0.wp.com\/vincentians.com\/it\/wp-content\/uploads\/sites\/12\/2016\/07\/testi-pier-giorgio-frassati.jpg?fit=1200%2C630&resize=350%2C200 1x, https:\/\/i0.wp.com\/vincentians.com\/it\/wp-content\/uploads\/sites\/12\/2016\/07\/testi-pier-giorgio-frassati.jpg?fit=1200%2C630&resize=525%2C300 1.5x, https:\/\/i0.wp.com\/vincentians.com\/it\/wp-content\/uploads\/sites\/12\/2016\/07\/testi-pier-giorgio-frassati.jpg?fit=1200%2C630&resize=700%2C400 2x, https:\/\/i0.wp.com\/vincentians.com\/it\/wp-content\/uploads\/sites\/12\/2016\/07\/testi-pier-giorgio-frassati.jpg?fit=1200%2C630&resize=1050%2C600 3x"},"classes":[]},{"id":153893,"url":"http:\/\/vincentians.com\/it\/frassati-lettera-ad-antonio-villani-26-marzo-1923\/","url_meta":{"origin":153846,"position":3},"title":"Frassati: Lettera ad Antonio Villani, 26 marzo 1923","author":"Francisco Javier Fern\u00e1ndez Chento","date":"01\/08\/2016","format":false,"excerpt":"Ti scrivo mentre ho dinanzi aperto quel bel libro di S. Tommaso d'Aquino e quando leggo quei sublimi concetti, penso sempre a te che sei stato il primo ad infondere in me il desiderio di conoscere le grandi verit\u00e0 contenute in questa opera scritta per esaltare, glorificare la Divina Provvidenza.\u2026","rel":"","context":"In &quot;Testi di Pier Giorgio Frassati&quot;","block_context":{"text":"Testi di Pier Giorgio Frassati","link":"http:\/\/vincentians.com\/it\/category\/writings\/testi-di-pier-giorgio-frassati\/"},"img":{"alt_text":"","src":"https:\/\/i0.wp.com\/vincentians.com\/it\/wp-content\/uploads\/sites\/12\/2016\/07\/testi-pier-giorgio-frassati.jpg?fit=1200%2C630&resize=350%2C200","width":350,"height":200,"srcset":"https:\/\/i0.wp.com\/vincentians.com\/it\/wp-content\/uploads\/sites\/12\/2016\/07\/testi-pier-giorgio-frassati.jpg?fit=1200%2C630&resize=350%2C200 1x, https:\/\/i0.wp.com\/vincentians.com\/it\/wp-content\/uploads\/sites\/12\/2016\/07\/testi-pier-giorgio-frassati.jpg?fit=1200%2C630&resize=525%2C300 1.5x, https:\/\/i0.wp.com\/vincentians.com\/it\/wp-content\/uploads\/sites\/12\/2016\/07\/testi-pier-giorgio-frassati.jpg?fit=1200%2C630&resize=700%2C400 2x, https:\/\/i0.wp.com\/vincentians.com\/it\/wp-content\/uploads\/sites\/12\/2016\/07\/testi-pier-giorgio-frassati.jpg?fit=1200%2C630&resize=1050%2C600 3x"},"classes":[]},{"id":153841,"url":"http:\/\/vincentians.com\/it\/frassati-lettera-marco-beltramo-10-aprile-1925\/","url_meta":{"origin":153846,"position":4},"title":"Frassati: Lettera a Marco Beltramo, 10 aprile 1925","author":"Francisco Javier Fern\u00e1ndez Chento","date":"16\/08\/2016","format":false,"excerpt":"Nella vita terrena dopo l'affetto dei genitori e sorelle uno degli affetti pi\u00f9 belli \u00e8 quello dell'amicizia: ed io ogni giorno dovrei ringraziare Dio perch\u00e9 mi ha dato amici cos\u00ec buoni ed amiche che formano per me una guida preziosa, per tutta la mia vita. Ogni volta che io frequento\u2026","rel":"","context":"In &quot;Testi di Pier Giorgio Frassati&quot;","block_context":{"text":"Testi di Pier Giorgio Frassati","link":"http:\/\/vincentians.com\/it\/category\/writings\/testi-di-pier-giorgio-frassati\/"},"img":{"alt_text":"","src":"https:\/\/i0.wp.com\/vincentians.com\/it\/wp-content\/uploads\/sites\/12\/2016\/07\/testi-pier-giorgio-frassati.jpg?fit=1200%2C630&resize=350%2C200","width":350,"height":200,"srcset":"https:\/\/i0.wp.com\/vincentians.com\/it\/wp-content\/uploads\/sites\/12\/2016\/07\/testi-pier-giorgio-frassati.jpg?fit=1200%2C630&resize=350%2C200 1x, https:\/\/i0.wp.com\/vincentians.com\/it\/wp-content\/uploads\/sites\/12\/2016\/07\/testi-pier-giorgio-frassati.jpg?fit=1200%2C630&resize=525%2C300 1.5x, https:\/\/i0.wp.com\/vincentians.com\/it\/wp-content\/uploads\/sites\/12\/2016\/07\/testi-pier-giorgio-frassati.jpg?fit=1200%2C630&resize=700%2C400 2x, https:\/\/i0.wp.com\/vincentians.com\/it\/wp-content\/uploads\/sites\/12\/2016\/07\/testi-pier-giorgio-frassati.jpg?fit=1200%2C630&resize=1050%2C600 3x"},"classes":[]},{"id":153872,"url":"http:\/\/vincentians.com\/it\/frassati-lettera-isidoro-bonini-6-marzo-1925\/","url_meta":{"origin":153846,"position":5},"title":"Frassati: Lettera a Isidoro Bonini, 6 marzo 1925","author":"Francisco Javier Fern\u00e1ndez Chento","date":"14\/08\/2016","format":false,"excerpt":"Torino, 6\/3\/1925 Nelle mie lotte interne mi sono spesso domandato perch\u00e9 dovrei io essere triste? dovrei soffrire, sopportare a malincuore questo sacrifizio? Ho forse io perso la Fede? no, grazie a Dio, la mia Fede \u00e8 ancora abbastanza salda ed allora rinforziamo, rinsaldiamo questa che \u00e8 l'unica Gioia, di cui\u2026","rel":"","context":"In &quot;Testi di Pier Giorgio Frassati&quot;","block_context":{"text":"Testi di Pier Giorgio Frassati","link":"http:\/\/vincentians.com\/it\/category\/writings\/testi-di-pier-giorgio-frassati\/"},"img":{"alt_text":"","src":"https:\/\/i0.wp.com\/vincentians.com\/it\/wp-content\/uploads\/sites\/12\/2016\/07\/testi-pier-giorgio-frassati.jpg?fit=1200%2C630&resize=350%2C200","width":350,"height":200,"srcset":"https:\/\/i0.wp.com\/vincentians.com\/it\/wp-content\/uploads\/sites\/12\/2016\/07\/testi-pier-giorgio-frassati.jpg?fit=1200%2C630&resize=350%2C200 1x, https:\/\/i0.wp.com\/vincentians.com\/it\/wp-content\/uploads\/sites\/12\/2016\/07\/testi-pier-giorgio-frassati.jpg?fit=1200%2C630&resize=525%2C300 1.5x, https:\/\/i0.wp.com\/vincentians.com\/it\/wp-content\/uploads\/sites\/12\/2016\/07\/testi-pier-giorgio-frassati.jpg?fit=1200%2C630&resize=700%2C400 2x, https:\/\/i0.wp.com\/vincentians.com\/it\/wp-content\/uploads\/sites\/12\/2016\/07\/testi-pier-giorgio-frassati.jpg?fit=1200%2C630&resize=1050%2C600 3x"},"classes":[]}],"_links":{"self":[{"href":"http:\/\/vincentians.com\/it\/wp-json\/wp\/v2\/posts\/153846","targetHints":{"allow":["GET"]}}],"collection":[{"href":"http:\/\/vincentians.com\/it\/wp-json\/wp\/v2\/posts"}],"about":[{"href":"http:\/\/vincentians.com\/it\/wp-json\/wp\/v2\/types\/post"}],"author":[{"embeddable":true,"href":"http:\/\/vincentians.com\/it\/wp-json\/wp\/v2\/users\/4"}],"replies":[{"embeddable":true,"href":"http:\/\/vincentians.com\/it\/wp-json\/wp\/v2\/comments?post=153846"}],"version-history":[{"count":0,"href":"http:\/\/vincentians.com\/it\/wp-json\/wp\/v2\/posts\/153846\/revisions"}],"wp:featuredmedia":[{"embeddable":true,"href":"http:\/\/vincentians.com\/it\/wp-json\/wp\/v2\/media\/153842"}],"wp:attachment":[{"href":"http:\/\/vincentians.com\/it\/wp-json\/wp\/v2\/media?parent=153846"}],"wp:term":[{"taxonomy":"category","embeddable":true,"href":"http:\/\/vincentians.com\/it\/wp-json\/wp\/v2\/categories?post=153846"},{"taxonomy":"post_tag","embeddable":true,"href":"http:\/\/vincentians.com\/it\/wp-json\/wp\/v2\/tags?post=153846"}],"curies":[{"name":"wp","href":"https:\/\/api.w.org\/{rel}","templated":true}]}}