{"id":56718,"date":"2012-11-06T07:45:36","date_gmt":"2012-11-06T06:45:36","guid":{"rendered":"http:\/\/somos.vicencianos.org\/blog\/2011\/12\/louis-abelly\/"},"modified":"2012-11-06T07:45:36","modified_gmt":"2012-11-06T06:45:36","slug":"louis-abelly","status":"publish","type":"post","link":"http:\/\/vincentians.com\/fr\/louis-abelly\/","title":{"rendered":"Louis Abelly"},"content":{"rendered":"<dl id=\"attachment_28831\" class=\"wp-caption alignright\" style=\"width: 208px\">\n<dt class=\"wp-caption-dt\"><a href=\"https:\/\/i0.wp.com\/vincentiens.org\/wp-content\/uploads\/2011\/12\/abelly.jpg\"><img data-recalc-dims=\"1\" loading=\"lazy\" decoding=\"async\" class=\"size-medium wp-image-28831\" title=\"Luis Abelly\" src=\"https:\/\/i0.wp.com\/vincentiens.org\/wp-content\/uploads\/2011\/12\/abelly-198x300.jpg?resize=198%2C300\" alt=\"Luis Abelly\" width=\"198\" height=\"300\" \/><\/a><\/dt>\n<dd class=\"wp-caption-dd\">Luis Abelly<\/dd>\n<\/dl>\n<p>Voici une anecdote historique d&rsquo;un spectateur de cirque qui, chaque soir, venait voir le num\u00e9ro du dompteur de lions. Et, comme on l&rsquo;interrogeait sur cette inutile r\u00e9p\u00e9tition, il r\u00e9pondit: \u00abJ&rsquo;attends le moment o\u00f9 le lion va d\u00e9vorer le dompteur. Ceci arrivera bien un jour\u00bb. Si vous &amp;es dans cette disposition, c. \u00e1. d. si vous attendez que mon sujet me d\u00e9vore, je vous en donne ma parole sur l&rsquo;honneur, vous serez satisfaits.Je dois donc vous donner quelques aper\u00e7us sur l&rsquo;homme fuyant et sur l&rsquo;\u0153uvre multiforme d&rsquo;un nomm\u00e9 Louis Abelly. Je vais d&rsquo;abord judiciairement et polici\u00e8rement vous donner sa carte d&rsquo;identit\u00e9 telle que la police du XVII&rsquo; si\u00e8cle pouvait l&rsquo;\u00e9tablir. Elle est assez compl\u00e9t\u00e9e. Louis Abelly est n\u00e9 \u00e1 Paris en juin 1604. Nous n&rsquo;avons pas son acte de baptisme. Il est nomm\u00e9 par le roi au si\u00e9g\u00e9 de Rodez, mais ceci par deux fois, comme quoi l&rsquo;escalade des degr\u00e9s pontificaux \u00e9tait assez difficile pour lui. La premi\u00e8re fois, ce fut le 18 avril 1662, la seconde fois le 22 mai 1663. Il fut agr\u00e9\u00e9 par le pape le 9 juin 1664 et consacr\u00e9 \u00e1 Paris, en l&rsquo;\u00e9glise des p\u00e8res j\u00e9suites, ce qui est tout-\u00e1-fait significatif \u00e9tant donn\u00e9es les tractations pour les changements de si\u00e8ges pontifi\u00adcaux. II est consacr\u00e9 \u00e1 Paris, rue Saint Antoine, le 24 ao\u00fbt 1664, par Hardouin de P\u00e9r\u00e9fixe archev\u00eaque de Paris, Gaspar de Daillon, \u00e9v\u00eaque d&rsquo;Albi et Charles de Lorraine \u00e9v\u00eaque de Condon. Il d\u00e9mis\u00adsionne en 1666, all\u00e9guant ses maux de poitrine. Il se retire \u00e1 Saint Lazare-les-Paris o\u00f9 il meurt le 4 octobre 1961. C&rsquo;est dire que ce malade s&rsquo;\u00e9tait conserv\u00e9 longtemps vivant. Il avait pris soin de faire construire \u00e1 l&rsquo;int\u00e9rieur de l&rsquo;\u00e9glise de Saint-Lazare la chapelle des Saints Anges. Les Filles de la Charit\u00e9 doivent savoir que la d\u00e9votion aux neuf ch\u0153urs des Anges leur vient de Messire Louis Abelly, ancien \u00e9v\u00eaque de Rodez. Il voulait aussi se faire enterrer dans cette chapelle des Anges.<\/p>\n<p>Je veux vous dire qu&rsquo;en 1941, Monsieur Jean Parrang, auquel nous devons \u00e9norm\u00e9ment, et qui connaissait fort bien la topogra\u00adphie de l&rsquo;ancien Saint-Lazare, fut mand\u00e9 avec votre serviteur pour d\u00e9couvrir o\u00f9 se trouvaient la tombe de Saint Vincent, celle de Ren\u00e9 Alm\u00e9ras, d&rsquo;Edme Joly, de l&rsquo;\u00e9v\u00eaque de Saintes et de Bassompierre. Nous les retrouv\u00e2mes. D&rsquo;autres parts, il y eut une petite erreur de la part de Monsieur Jean Parrang, une erreur de cinquante centim\u00e8tres, car nous voulions avoir \u00e9galement ce qu&rsquo;il restait des osse\u00adments ou du squelette de Louis Abelly, erreur de cinquante centim\u00e8tres, mais qui est fatale. Mais, voil\u00e0 qu&rsquo;en 1968, si je ne me trompe, un coup de t\u00e9l\u00e9phone du cur\u00e9 de \u00ab\u00a0Saint Vincent de Paul\u00a0\u00bb m&rsquo;alerte: \u00ab\u00a0on creuse de nouveau pour faire un parking d&rsquo;autos, venez vite\u00a0\u00bb. L\u00e0 j&rsquo;indique qu&rsquo;il fallait creuser tout \u00e1 c\u00e8ne d&rsquo;un panneau mar\u00adquant \u00ab\u00a0Sens interdit\u00a0\u00bb, c&rsquo;est l\u00e0 qu&rsquo;il se trouve. Et, en effet, on trouva un certain nombre d&rsquo;ossements. Mais, je vous le dis en secret pour que vous le disiez \u00e1 tout le monde, le cur\u00e9 de \u00ab\u00a0Saint Vincent de Paul\u00a0\u00bb, apr\u00e8s n\u00e9gociation, obtint de ramasser ces ossements, de les mettre dans deux valises et, si vous voulez les voir, il faut aller dans le grenier de l&rsquo;\u00e9glise de Saint Vincent de Paul, Paris 10&prime; arrondisse\u00adment.<\/p>\n<p>Voil\u00e0 ce que je puis vous dire sur la mat\u00e9rialit\u00e9 polici\u00e8re de Louis Abelly.<\/p>\n<p>Si, d&rsquo;autre part, nous voyons ses \u0153uvres, parmi lesquelles nous allons trouver une vie de Vincent de Paul, notons d&rsquo;abord que, depuis l&rsquo;\u00e2ge de vingt-deux ans, 1616, jusqu&rsquo;en 1678, c.\u00e0.d. pendant cinquante-deux ans, il a publi\u00e9 trente-huit ouvrages. Le plus \u00e9dit\u00e9 c&rsquo;est \u00ab\u00a0La couronne de l&rsquo;Ann\u00e9e chr\u00e9tienne\u00a0\u00bb. Elle est \u00e9dit\u00e9e depuis 1657 jusqu&rsquo;en 1875 et comporte cinquante et une \u00e9ditions. \u00ab\u00a0La moelle th\u00e9ologique \u2014 la medula theologica \u2014\u00a0\u00bb comporte deux volumes. Elle est publi\u00e9e en 1651. Elle sera encore \u00e9dit\u00e9e en 1735. Allez plut\u00f4t \u00e1 Salamanque et \u00e1 Rio de Janeiro pour en retrouver quelques exemplaires. Et puis, voil\u00e0 \u00ab\u00a0La vie de Messire Vincent de Paul, ins\u00adtituteur de la Congr\u00e9gation de la Mission et premier sup\u00e9rieur\u00a0\u00bb (1664), dont les r\u00e9\u00e9ditions s&rsquo;\u00e9talent jusqu&rsquo;en 1901. De sorte qu&rsquo;il faut faire extr\u00eamement attention, non seulement \u00e1 la date de l&rsquo;\u00e9dition, mais aussi au contenu. Je veux vous en donner un simple exemple. L&rsquo;\u00e9dition de 1664, que je n&rsquo;ai pas transport\u00e9s faute de camionneur, comporte 2.539.727 caract\u00e8res. L&rsquo;\u00e9dition de 1667, qui est assez rare \u2014 \u00e1 ma connaissance, il n&rsquo;en existe que quatre \u2014 comporte seule\u00adment 1.288.445 caract\u00e8res, c.\u00e0.d. 1.251.282 en moins. Bien des modi\u00adfications sont intervenues et Louis Abelly, paisiblement retir\u00e9 \u00e1 Saint Lazare \u00e1 cette p\u00e9riode, n&rsquo;est plus l&rsquo;auteur. C&rsquo;est un autre, c&rsquo;est le secr\u00e9taire g\u00e9n\u00e9ral Fournier. Si le temps le permet, je vous lirai un passage hautement significatif.<\/p>\n<p>Cette vie de 1664 fut recommand\u00e9e par Ren\u00e9 Alm\u00e9ras dans une lettre circulaire du 16 septembre 1664 que vous trouverez dans le Recueil des circulaires de 1877, tome premier, pape 67-69. L&rsquo;essen\u00adtiel, c&rsquo;est la phrase de Ren\u00e9 Alm\u00e9ras: \u00ab\u00a0Un missionnaire n&rsquo;a besoin que de trois livres: les R\u00e8gles ou Constitutions de la Congr\u00e9gation de la Mission, deuxi\u00e8mement l&rsquo;Ecriture et, troisi\u00e8mement, Louis Abelly, \u00ab\u00a0La vie de Messire Vincent de Paul\u00a0\u00bb\u00a0\u00bb. Remarquez que l&rsquo;approbation tombe sur l&rsquo;\u00e9dition de 1664. Il n&rsquo;est pas parl\u00e9 de l&rsquo;\u00e9dition de 1667 qui devenait indispensable, \u00e9tant donn\u00e9 que la diffi\u00adcult\u00e9 des transports, les gr\u00e8ves de chemins de fer de l&rsquo;\u00e9poque, n\u00e9ces\u00adsitaient un volume portatif que l&rsquo;on peut mettre facilement entre les mains des missionnaires circulants et, \u00e9galement, dans les bagages des Filles de la Charit\u00e9. Aux Archives Nationales, nous avons les inventaires de ce que les Filles de la Charit\u00e9 emportaient lorsqu&rsquo;elles partaient pour un pays lointain, ne fut-ce que le Sud de la France.<\/p>\n<p>Voil\u00e0 la fiche polici\u00e8re externe de Messire Louis Abelly, \u00e9v\u00eaque de Rodez, auteur signal\u00e9 d&rsquo;une vie de Vincent de Paul.<\/p>\n<p>Mais, pour comprendre son \u0153uvre, \u00e1 la fois dans sa diversit\u00e9 d&rsquo;ouvrages, dans sa mani\u00e9r\u00e9 de travailler, essayons de p\u00e9n\u00e9trer dans son laboratoire, son oratoire, et de voir sa mani\u00e9r\u00e9 de proc\u00e9der, car ce n&rsquo;est pas un esprit inventif. Il y a des sch\u00e9mas tous faits. Il a d\u00e9j\u00e0 \u00e9crit la vie de Monsieur Renard et l&rsquo;hagiographie \u00e0 ses r\u00e8gles au XVIIe si\u00e8cle comme elle en aura plus tard. \u00ab\u00a0N\u00e9 de parents pauvres, mais honn\u00eates, montra de bonne heure une grande d\u00e9votion \u00e1 la Sainte Vierge\u00a0\u00bb. Les parents de Vincent de Paul, on pouvait les appauvrir, mais enfin, ils avaient du b\u00e9tail. La d\u00e9votion \u00e1 la Vierge Marie est une projection r\u00e9trospective. Mais Abelly est fid\u00e8le aux r\u00e8gles de l&rsquo;hagiographie du XVIIe si\u00e8cle.<\/p>\n<p>Quelles sont ses dispositions? Je vais essayer de vous fournir quel\u00adques traits pour un portrait. \u00ab\u00a0Portrait, dit Pascal, dit pr\u00e9sence et absence\u00a0\u00bb. Dieu veuille que les traits que je vous fournisse vous per\u00admettent de saisir une faible pr\u00e9sence, fut-ce celle d&rsquo;une ombre ou d&rsquo;un fant6me. Louis Abelly ne fut ni un grand homme ni un \u00e9cri\u00advain de talent. Simplement, malgr\u00e9 le cadre \u00e9troit de son horizon, ce fut un honn\u00eate homme et un bon pr\u00eatre, mais un honn\u00eate homme qui ne fr\u00e9quentait pas les salons, un bon pr\u00eatre au sens Oit la r\u00e9forme catholique du XVIIe si\u00e8cle r\u00eavait de son clerg\u00e9 et&#8230; de temps \u00e1 autre retrouvait un pr\u00eatre.<\/p>\n<p>Dans sa carri\u00e8re, il avait pratiqu\u00e9 \u2014 de la pastorale dirions-nous \u2014 autant qu&rsquo;\u00e9crit, c&rsquo;est-\u00e1-dire qu&rsquo;il avait g\u00e9n\u00e9reusement donn\u00e9 de son temps et de sa personne autant que de son encre et de sa plume qui \u00e9tait p\u00e2teuse, laborieuse sans fatigue et sans force.<\/p>\n<p>Tour \u00e1 tour, pasteur et administrateur, directeur d&rsquo;\u00e2mes et \u00e9cri\u00advain, pol\u00e9miste et spirituel, moraliste et liturgiste, ami et courtisan de la paix, mais aussi pol\u00e9miste sans venin et sans originalit\u00e9. Cet \u00e9rudit sans critique et sans pr\u00e9tention \u00e9tait un biographe prodigieu\u00adsement inattentif aux horizons de l&rsquo;Histoire.<\/p>\n<p>Par temp\u00e9rament, il se serait cru actif, une tantine bilieux avec des \u00ab\u00a0retomb\u00e9es lymphatiques\u00a0\u00bb. Au vrai, c&rsquo;\u00e9tait un simple, graci\u00e9 de quelque ing\u00e9nuit\u00e9. Par temp\u00e9rament, il \u00e9tait tout d&rsquo;une pi\u00e8ce, sans brutalit\u00e9 bien s\u00fbr, mais d&rsquo;une lourdeur \u00e9prouvante. Sa d\u00e9vo\u00adtion \u00e9tait \u00e9trang\u00e8re \u00e1 tout mysticisme. Elle s&rsquo;imposait par sa cons\u00adtance et accablait par la continuit\u00e9 de son s\u00e9rieux&#8230; et aussi, par une absence inqui\u00e9tante de verve et de sourire. Elle colonisait par lassi\u00adtude et se conservait par un discret ennui.<\/p>\n<p>Son style, car Monsieur Abelly \u00e0 un style particulier, \u00e9tait la premi\u00e8re expression et donnait le dernier mot de son caract\u00e8re. \u00c9tait moins onctueux que l\u00e2che et d\u00e9tendu, et le dessein de son pro- pos demeurait irr\u00e9m\u00e9diablement priv\u00e9 de vitalit\u00e9 et de couleur.<\/p>\n<p>Sans doute, Monsieur Abelly n&rsquo;arrivait-il pas \u00e1 se donner \u00e1 lui-m\u00eame une image exacte de ce qu&rsquo;il \u00e9tait, de ce qu&rsquo;il r\u00eavait devenir. C&rsquo;est pourquoi, il n&rsquo;imposait pas aux autres un portrait qui se gra\u00advait dans les m\u00e9moires. Apr\u00e8s ce long d\u00e9roulement d&rsquo;ann\u00e9es qui nous s\u00e9pare de lui, son nom \u00e9voque trois personnages.<\/p>\n<p align=\"center\">* * *<\/p>\n<p>Le premier, celui d&rsquo;un th\u00e9ologien, un peu morne, il est vrai, le P\u00e8re de la \u00ab\u00a0Moelle th\u00e9ologique\u00a0\u00bb et de la \u00ab\u00a0D\u00e9fense de l&rsquo;Eglise\u00a0\u00bb. Mais les historiens de la th\u00e9ologie le perdent facilement de vue et le laissent en lisi\u00e8re du grand combat du jans\u00e9nisme. Dans la gri\u00adsaille des arri\u00e8res plans, ce fantassin sans gloire et sans esp\u00e9rance s\u2019estompe.<\/p>\n<p>Le second personnage est celui d&rsquo;un spirituel puisque Monsieur Abelly est auteur de m\u00e9ditations et qu&rsquo;il a longtemps parl\u00e9 aux pr\u00eatres par son \u00ab\u00a0Sacerdos christianus\u00a0\u00bb. Dans ce domaine, c&rsquo;est un classique dirait-on, ou plus rigoureusement, c&rsquo;est un traditionnel. Dans la liturgie \u00e9prouvante de la vie religieuse, il est au \u00ab\u00a0Commun des confesseurs anonymes\u00a0\u00bb.<\/p>\n<p>Le troisi\u00e8me personnage, le biographe patronne la vie de Mon\u00adsieur Renard et reste le t\u00e9moin irrespirable de la vie de Vincent de Paul. Qu&rsquo;on le regrette ou qu&rsquo;on s&rsquo;en r\u00e9jouisse, fi reste l&rsquo;ordonna\u00adteur d&rsquo;un br\u00e9viaire des \u00e9tudes vincentiennes et de la vie charitable au grand si\u00e8cle. Son d\u2019ile, en raison des multiples \u00e9ditions de la bio\u00adgraphie de Monsieur Vincent, est dans l&rsquo;histoire de la biographie reli\u00adgieuse comme dans le soutien permanent d&rsquo;une tradition religieuse, consid\u00e9rable. C&rsquo;est sous ce double aspect que nous continuons encore aujourd&rsquo;hui \u00e1 l&rsquo;\u00e9tudier.<\/p>\n<p align=\"center\">* * *<\/p>\n<p>Je ne puis maintenant que vous fournir quelques indications sur les sources de la vie de Louis Abelly concernant Vincent de Paul. Ces sources sont nombreuses, mais de valeur extr\u00eamement in\u00e9gale. Elles comprennent:<\/p>\n<ul>\n<li><em>des \u00e9crits objectifs, <\/em>des pi\u00e8ces juridiques, des lettres, jusqu&rsquo;\u00e1 600 lettres;<\/li>\n<li><em>des \u00e9crits accidentels: conf\u00e9rences aux Filles de la Charit\u00e9, <\/em>menus pr\u00e9l\u00e8vements quoique le texte soit celui qui ait \u00e9t\u00e9 v\u00e9rifi\u00e9 du vivant de Saint Vincent par Saint Vincent lui-m\u00eame, ce qui n&rsquo;est pas le cas des conf\u00e9rences aux missionnaires;<\/li>\n<li><em>quelques entretiens aux Dames de la Charit\u00e8, <\/em>certains de ces entre\u00adtiens et de ces allocutions ayant \u00e9t\u00e9 conserv\u00e9s hors de la Congr\u00e9ga\u00adtion et r\u00e9v\u00e9l\u00e9s par des pi\u00e8ces d&rsquo;archives que l&rsquo;on trouve uniquement l\u00e0 o\u00f9 elles sont et elles sont l\u00e0 o\u00f9 nous ne le pensons pas. C&rsquo;est ainsi que Jules Gossin en 1834 a donn\u00e9, ne venant pas de la Congr\u00e9ga\u00adtion, une allocution aux Dames de la Charit\u00e9. C&rsquo;est ainsi que Mon\u00adsieur Robert Schumann avait une allocution aux Dames de la Cha\u00adrit\u00e9 que j&rsquo;ai photographi\u00e9e avant qu&rsquo;elle ne soit mise en vente \u00e1 l&rsquo;h\u00f4tel Drouot et que j&rsquo;ai publi\u00e9e dans le tome XV. Curieusement Mon\u00adsieur Vincent parle de Jeanne d&rsquo;Arc au XVIIe si\u00e8cle.<\/li>\n<\/ul>\n<p>Parmi ces \u00e9crits accidentels, il faut signaler la pr\u00e9sence, au milieu des <em>t\u00e9moignages individuels ou collectifs, les cahiers du fr\u00e8re Robineau, <\/em>secr\u00e9\u00adtaire de Monsieur Vincent. Je pr\u00e9cise: il y a tr\u00e8s exactement 393 remarques qui comporteront \u2014 car elles sont d\u00e9j\u00e0 imprim\u00e9es \u2014 393 notes. Car il est possible, et il est facile d&rsquo;une certaine fa\u00e7on, de voir ce qui a \u00e9t\u00e9 pr\u00e9par\u00e9 pour Louis Abelly, ceci est soulign\u00e9, pour que Abelly n&rsquo;ait qu&rsquo;\u00e1 recopier, ce qu&rsquo;il a bien fait.<\/p>\n<p>Quant \u00e1 la composition de la vie de 1664, au cours de la seconde moiti\u00e9 du XVIIe si\u00e8cle, la biographie op\u00e9r\u00e9 sa mutation. Elle com\u00admence \u00e1 se situer, \u00e1 se d\u00e9finir. Grande sera donc la tentation des auteurs de biographies d&rsquo;\u00e9marger sur des \u0153uvres analogues et d&#8217;em\u00adprunter des facilit\u00e9s aux genres parall\u00e8les, \u00e1 savoir: les pan\u00e9gyriques. Et il y a du pan\u00e9gyrique et d&rsquo;habiles gommages dans la vie de 1664.<\/p>\n<p>N\u2019est pas opportun, lorsqu\u2019on Fai un discours fun\u00e8bre, de remar\u00adquer et de mettre en lumi\u00e8re certains traits qui donneraient un cer\u00adtain fr\u00e9missement au portrait, le rendrait vivant en indiquant les ombres et les lumi\u00e8res, les grimaces et les sourires. Or, Monsieur Vincent est absolument immobile. Il est invariable dans l&rsquo;espace et dans le temps, de sorte que l&rsquo;on comprend fort bien ce qui est inscrit dans les litanies de Vincent de Paul: Monsieur Vincent \u00ab\u00a0senex a puero\u00a0\u00bb, ce qui peut se traduire de deux fa\u00e7ons, c&rsquo;est-\u00e1-dire que c&rsquo;\u00e9tait un jeune vieux ou que c&rsquo;\u00e9tait un vieux jeune. Il \u00e9tait n\u00e9 vieux ou, qu&rsquo;\u00e9tant \u00e2g\u00e9, il restait jeune. Facilit\u00e9s des \u0153uvres parall\u00e8les bien que Abelly \u00e9crive \u00ab\u00a0Je ne fais pas de pan\u00e9gyrique. La v\u00e9rit\u00e9 est l&rsquo;\u00e2me de l&rsquo;Histoire\u00a0\u00bb.<\/p>\n<p>N&rsquo;oublions pas qu&rsquo;il y a une d\u00e9dicace \u00e1 Anne d&rsquo;Autriche alors encore subsistante et qu&rsquo;une d\u00e9dicace en ce temps-l\u00e0 rapportait aux auteurs. Dans l&rsquo;histoire litt\u00e9raire et religieuse, savez-vous qu&rsquo;il y avait des pr\u00e9faciers constitutionnels? Une pr\u00e9face, une d\u00e9dicace rappor\u00adtaient beaucoup. Un petit auteur comme Pierre Corneille essaie de d\u00e9dier \u00ab\u00a0Le Cid\u00a0\u00bb \u00e1 Louis XIII. A ce moment-l\u00e0, les finances royales ne sont pas tr\u00e8s fournies. C&rsquo;est pourquoi Louis XIII refuse et c&rsquo;est un bourgeois de Rouen qui a la d\u00e9dicace, \u00e0 son geste de m\u00e9c\u00e8ne. Cela rapportait trop, car au bout d&rsquo;un certain temps, il y eut des livres de d\u00e9dicaces. \u00ab\u00a0Premi\u00e8re lettre au chancelier S\u00e9guier\u00a0\u00bb, alors on lui mettait la premi\u00e8re lettre. Il y en avait d&rsquo;autres apr\u00e8s. Et puis, on changeait d&rsquo;ordre. A chaque fois cela rapportait un petit quelque chose. Au bout d&rsquo;un certain temps, la man\u0153uvre \u00e9tait trop mani\u00adfeste et les d\u00e9dicaces ne rapportaient plus rien. Mais en 1664, la d\u00e9di\u00adcace \u00e1 Anne d&rsquo;Autriche \u00e9tait un parapluie protecteur en m\u00e9m\u00e9 temps qu&rsquo;une source financi\u00e8re aupr\u00e8s du gouvernement.<\/p>\n<p>On peut dire que l&rsquo;auteur qui se refuse au pan\u00e9gyrique reste fid\u00e8le au genre de conf\u00e9rences sur un d\u00e9funt. II offre le portrait du bon et saint pr\u00eatre. Le mot \u00e9voque l&rsquo;image de Charles Borrom\u00e9e, de Fran\u00e7ois de Sales, du cardinal de la Rochefoucauld. Faut-il ajou\u00adter que la perspective d&rsquo;avenir de Louis Abelly c&rsquo;est la canonisation?<\/p>\n<p>Le dernier chapitre: Pourquoi n&rsquo;est-il pas rapport\u00e9 de miracles? \u2014 Parce que toute sa vie fut un miracle. Remarquez que Jean XXIII utilisa le m\u00eame argument pour Saint Thomas d&rsquo;Aquin disant: autant d&rsquo;articles, autant de miracles. Aujourd&rsquo;hui encore, au sujet de la b\u00e9a\u00adtification de Fr\u00e9d\u00e9ric Ozanam, Paul VI tant\u00f4t disait: il faut des mira\u00adcles; tant\u00f4t: l&rsquo;\u0153uvre de la Soci\u00e9t\u00e9, r\u00e9alis\u00e9e pendant cent cinquante ans, est un miracle.<\/p>\n<p>Mais, la perspective \u00e9tait bien la pr\u00e9paration d&rsquo;une b\u00e9atification.<\/p>\n<p>Si l&rsquo;on voit le contenu, l&rsquo;inventaire critique et l&rsquo;authenticit\u00e9 de la vie de Louis Abelly, nous apercevons qu&rsquo;il y a pas mal d&rsquo;\u00e1 peu pr\u00e9s. La date de naissance de Vincent de Paul n&rsquo;est pas 1576, mais Abelly est innocent. Est-ce que nous pouvons nous transporter au 27 septembre 1660 \u00e1 quatre heures quarante-cinq du matin, au moment o\u00f9 Vincent de Paul \u00e9met son dernier soupir terrestre?\u00a0 L\u2019en\u00adterrement doit avoir lieu le lendemain \u00e1 dix heures. Quel \u00e2ge a-t-il? Il a l&rsquo;\u00e2ge l\u00e9gal, c&rsquo;est-\u00e1-dire qu&rsquo;il a \u00e9t\u00e9 ordonn\u00e9 \u00e0 vingt-quatre ans, donc il est de 1576 et il faut faire travailler les pompes fun\u00e8bres, le grau-&lsquo; ver. Nous sommes \u00e1 quatre heures quarante-cinq du matin. Il faut que pour le lendemain tout soit pr\u00eat. Alors on met \u00ab\u00a0n\u00e9 en 1576 ou environ\u00a0\u00bb. C&rsquo;est une mani\u00e9r\u00e9 d&rsquo;huiler de fa\u00e7on \u00e1 ce que la date puisse osciller si possible. Mais on maintiendra longtemps 1576.<\/p>\n<p>Il y a une quantit\u00e9 de remarques qui sont des remarques d\u00e9ter\u00adsives. Abelly, facilement fait passer un acte accompli un jour avec un verbe \u00e1 l&rsquo;imparfait continuait. \u00ab\u00a0Il c\u00e9l\u00e9brait la messe tous les jours\u00a0\u00bb. Bien s\u00fbr, chaque fois qu&rsquo;il le faisait, car lorsqu&rsquo;il trottait pen\u00addant six mois de Paris jusqu&rsquo;\u00e1 Lu\u00e7on, Rennes et la Bretagne, il \u00e9tait difficile, m\u00eame \u00e1 Franceville, o\u00f9 je me suis rendu sur place pour voir son habitat, il \u00e9tait bien difficile de c\u00e9l\u00e9brer la messe. \u00ab\u00a0Il se confes\u00adsait avant chaque messe\u00a0\u00bb. Habituellement, il faut un confesseur, tout au moins c&rsquo;est l&rsquo;usage commun. Or, nous ne voyons pas comment durant cette p\u00e9riode il pouvait se confesser tous les jours. \u00ab\u00a0Il \u00e9tait trois heures \u00e1 la chapelle, disait-on, le matin\u00a0\u00bb. Oui, incontestable\u00adment, chaque fois qu&rsquo;il \u00e9tait pr\u00e9sent, qu&rsquo;il n&rsquo;\u00e9tait pas malade et que, d&rsquo;autre part, il n&rsquo;avait pas de visite. Il y a entre le texte d&rsquo;Abelly et la r\u00e9alit\u00e9 un espace variable mais qui est toujours guid\u00e9 par l&rsquo;\u00e9di\u00adfication.<\/p>\n<p>Je voudrais terminer en vous signalant la destin\u00e9e de la vie de Vincent de Paul, c&rsquo;est-\u00e1-dire de vous signaler l&rsquo;histoire dont il allait \u00eatre \u00e1 la fois l&rsquo;auteur et peut-\u00eatre le guide mystique, \u00e9bouriff\u00e9 et incer\u00adtain. Car, si nous voyons le nombre d&rsquo;\u00e9ditions d&rsquo;Abelly, nous devons tout de suite remarquer que ce ne sont pas des copies conformes de la pr\u00e9c\u00e9dente. En particulier l&rsquo;\u00e9dition de 1891, annot\u00e9e par un pr\u00eatre de la Mission secret, tellement secret qu&rsquo;il s&rsquo;appelle Monsieur P\u00e9martin. Monsieur P\u00e9martin commet les erreurs qu&rsquo;\u00e1 partir du d\u00e9but du XIXe si\u00e8cle on commettait concernant la t\u00e2te m\u00eame de Monsieur Vincent. Parce que la t\u00e2te de Monsieur Vincent, figurez-vous, se transforme apr\u00e8s sa mort. Quant au XIXe, il n&rsquo;\u00e9tait plus d&rsquo;usage de porter la calotte, on lui a retir\u00e9 la calotte. Ceci s&rsquo;est fait \u00e1 Lisbonne en 1743. Alors il n&rsquo;a plus conserv\u00e9 qu&rsquo;un petit toupet de Barde au milieu du front. Et puis, au XIXe si\u00e8cle, la calotte reve\u00adnait d&rsquo;usage. On la lui remit. II y avait des th\u00e9ories sur l&rsquo;intelligence gr\u00e2ce \u00e1 Lavater qui disait qu&rsquo;il fallait une solide et vaste cervelle pour \u00e2tre intelligent. Alors la t\u00e2te de Vincent gonfle. Son front devient non seulement large et majestueux, il devient presque monstrueux. Et suivant la vision des peintres, des iconographes ou des iconoclas\u00adtes, nous nous apercevons qu&rsquo;il y a des transformations et que Mon\u00adsieur Vincent, comme un singulier mystique, ne cesse de progresser et d&rsquo;\u00e9voluer pour se mettre \u00e1 la mode du jour.<\/p>\n<p>Or, Abelly a \u00e9t\u00e9 le point de d\u00e9part, et un point de d\u00e9part mobile, permettant toutes les \u00e9volutions pour qu&rsquo;on puisse remodeler et habil\u00adler Monsieur Vincent \u00e1 la mode, voire pour lui fournir non seule\u00adment un habillement, une t\u00e2te et un coloris de t\u00eate et m\u00eame un colo\u00adris des yeux. Car Francis Trochu, en 1942, n&rsquo;h\u00e9site pas \u00e1 dire \u00ab\u00a0Mon\u00adsieur Vincent qui avait les yeux bleus\u00a0\u00bb. Nous sommes heureux de ce t\u00e9moignage tardif, car en r\u00e9alit\u00e9, si nous voyons les deux portraits \u00e1 la fois de Simon-Fran\u00e7ois de Tours en habit de ch\u0153ur ou en habit de ville, nous apercevons bien qu&rsquo;il avait un regard plut\u00f4t fonc\u00e9. Nous avons beau l&rsquo;\u00e9clairer de toutes les fa\u00e7ons, il reste dans la partie gau\u00adche, lorsqu&rsquo;on le regarde, un demi-sourire, dans la partie droite, lorsqu&rsquo;on le regarde, une certaine profondeur, je ne dirai pas noire, mais grave, observatrice, scrutatrice. C\u2019est dans cette complexit\u00e9 qu\u2019Abelly nous a laiss\u00e9s, mais nous a laiss\u00e9s non pas dans un \u00e9tat inno\u00adcent, dans la pire des situations, car il n&rsquo;a pas su capter le dynamisme de Vincent de Paul. Il eut fallu qu&rsquo;il fut de la m\u00eame famille, c&rsquo;est-\u00e1\u00addire un peu plus mystique. Il nous a donn\u00e9 un monument, mais un monument inachev\u00e9 et propre \u00e1 nous d\u00e9router.<\/p>\n<p>Je voudrais vous faire simplement remarquer ou redire devant vous ce que le cardinal Jean Marie Lustiger disait au sortir officiel du \u00ab\u00a0Dictionnaire des Religions\u00a0\u00bb o\u00f9 se regroupaient \u00e1 la fois le car\u00addinal de Paris, le grand rabbin et le maitre de la mosqu\u00e9e. Le cardi\u00adnal, dans un discours exceptionnellement dactylographi\u00e9, faisait remarquer: \u00ab\u00a0Dieu a cr\u00e9\u00e9 l&rsquo;homme \u00e1 son image, mais l&rsquo;image de Dieu, c&rsquo;est un myst\u00e8re et l&rsquo;homme reste myst\u00e9rieux\u00a0\u00bb. Alors, merci \u00e1 Abelly de nous avoir donn\u00e9 la possibilit\u00e9 de le critiquer, de ne pas avoir trop confiance en lui. Et merci \u00e1 d&rsquo;autres qui nous laisseront tou\u00adjours entendre qu&rsquo;\u00e1 travers le myst\u00e9rieux visage de Monsieur Vin\u00adcent un autre visage peut encore apparaitre.<\/p>\n<p align=\"center\"><em>QUESTIONS \/ REPONSES<\/em><\/p>\n<p><em>1.- en ce qui concerne <\/em>le tableau de Simon-Fran\u00e7ois de Tours, <em>il faut, du point de vue bibliographique, consulter les dix volumes de Benezit repris en 1980 par les \u00e9ditions Gr\u00fcnd (Paris) qui nous fournissent l&rsquo;inventaire de toute les \u0153uvres sculpt\u00e9es, grav\u00e9es et peintes. Ce n&rsquo;est pas la premi\u00e8re fois que la question m&rsquo;est pos\u00e9e de l&rsquo;authenticit\u00e9 du tableau, c. \u00e1. d. de sa ressem\u00adblance avec l&rsquo;original. Des gens sont venus de loin, m\u00eame de Suisse, pour me dire: Simon-Fran\u00e7ois de Tours n&rsquo;es pas tellement connu. \u2014 Permettez. D&rsquo;Al\u00adlemagne \u00e9galement des questions me sont pos\u00e9es. Je renvoie \u00e1 l&rsquo;encyclop\u00e9die de Thiene qui comprend trente-neuf volumes avec cette indication mineure: \u00ab\u00a0Mais, Monsieur, je suis \u00e1 Paris. Pourquoi ne consultez-vous pas un volume commenc\u00e9 en 1905 et fini en 1947 \u00e9dit\u00e9 \u00e1 Leipzig\u00a0\u00bb.<\/em><\/p>\n<p><em>2. &#8211; En ce qui concerne <\/em>l&rsquo;aspect de Vincent de Paul, <em>il y a deux <\/em><em>tableaux: un, 95 rue de S\u00e9vres \u00e1 Paris. Ce tableau a \u00e9t\u00e9 singuli\u00e8rement restitu\u00e9, <\/em><em>au moins trois fois. J&rsquo;ai pu avoir la photographie sur plage du tableau vers 1900, 1910. La t\u00e9t\u00e9 \u00e1 ce moment-l\u00e0 est beaucoup mieux d\u00e9coup\u00e9e, pas de gri\u00adsaille telle qu&rsquo;elle a \u00e9t\u00e9 rajout\u00e9e apr\u00e8s coup. Deuxi\u00e8mement, vous avez le tableau qui se trouve \u00e1 Moutiers-St. Jean, lequel tableau nous donne Vincent de Paul en habit de ch\u0153ur. Dans l&rsquo;\u00e9dition \u00ab\u00a0Saint Vincent et la charit\u00e9\u00a0\u00bb, vous trouve\u00adrez cette reproduction mais simplement en noir et blanc puisque l&rsquo;\u00e9dition ne com\u00adporte pas de couleurs \u00e1 l&rsquo;int\u00e9rieur. C\u2019\u00e9tai \u00a0une premi\u00e8re photographie qui datait de 1959. Depuis ce temps, une excellente remise en \u00e9tat du tableau a \u00e9t\u00e9 faite. Pour la photographie de ce tableau, il a fallu trois photographes. Le premier est un allemand, Helmut Loose Niels, qui est venu de la part de Hender. Il est rest\u00e9 un mois \u00e1 Paris. Je lui ai indiqu\u00e9 ce qu&rsquo;il y avait \u00e1 photographier dans les diff\u00e9rents endroits y compris jusqu&rsquo;\u00e1 Richelieu. En reconnaissance, il m&rsquo;a donn\u00e9 le clich\u00e9 de Saint Vincent de Moutiers-St., fan. Fe lui ai dit que jamais ce clich\u00e9 ne devrait paraitre sur le premier pape d&rsquo;une \u00e9dition de Hen\u00adder. A l&rsquo;int\u00e9rieur, tant que vous voulez. Deux autres photographes, d&rsquo;une part, mon neveu qui est photographe \u00e1 Louxor, au CNRS, seul photographe officiel de toutes les fouilles d&rsquo;Egypte, et l&rsquo;autre, que vous pouvez deviner, qui ne fait de la photographie que depuis 1928. Pour arriver \u00e1 bien cadrer, \u00e1 bien d\u00e9cou\u00adper, \u00e1 bien chauffer, seules deux maisons \u00e1 Paris font ce travail 1 assez copieux. De sorte que le portrait de Moutiers-St. Jean a servi 1\u00b0 \u00e1 faire le poster qui a \u00e9t\u00e9 \u00e9dit\u00e9 par la FOCS; 2\u00b0 vous le trouverez ensuite dans une autre revue \u00ab\u00a0Dieu est amour\u00a0\u00bb dans laquelle la reproduction est plus exacte; 3\u00b0 en images, mais il faut prendre le d\u00e9pliant.<\/em><\/p>\n<p><em>Je vous signale d&rsquo;autre part qu&rsquo;au point de vue authenticit\u00e9, quand peton parler d&rsquo;authenticit\u00e9 surtout en mati\u00e8re picturale? Il y a une \u00e9volution de <\/em><em>la t\u00e9t\u00e9 de Vincent de Paul \u00e1 travers les si\u00e8cles. Il est devenu chauve uniquement <\/em><em>82 ans apr\u00e8s sa mort. De son vivant, il n&rsquo;\u00e9tait pas chauve, il l&rsquo;\u00e9tait un peu. <\/em><em>Ce qui permet de dire que le tableau est v\u00e9ritablement le tableau de quelqu&rsquo;un qui a exist\u00e9, il m&rsquo;a fallu des milliers de tirages pour bien isoler les diff\u00e9rentes <\/em><em>parties et, d&rsquo;autre part, voir la dissym\u00e9trie du visage qui est particuli\u00e8rement perceptible dans le mie leur des quatre graveurs, bous des Flamands. Si vous <\/em><em>regardez le c\u00f4t\u00e9 gauche, le visage est ouvert, si vous regardez le c\u00f4t\u00e9 droit, le <\/em><em>visage est plut\u00f4t ferm\u00e9, triste. Si l&rsquo;on faisait une image en reproduisant unique\u00ad<\/em><em>ment un c\u00f4t\u00e9 et en le mettant sur l&rsquo;autre, vous auriez un Vincent de Paul sou\u00adriant, tandis que le Vincent de Paul en tableau ordinaire est plut\u00f4t neutre, il y a \u00e1 la fois du sourire et de l&rsquo;inqui\u00e9tude. Mais, d&rsquo;autre part, suivant l&rsquo;\u00e9clai\u00adrage, donn\u00e9 \u00e1 la gravure, vous arrivez \u00e1 le faire sourire. C&rsquo;est pourquoi, dans \u00ab\u00a0Monsieur Vincent parle \u00e1 ceux qui souffrent\u00a0\u00bb ou \u00ab\u00a0En pri\u00e8re avec Monsieur Vincent\u00a0\u00bb, vous voyez la mani\u00e9r\u00e9 dont le portrait est tourn\u00e9 et vous avez, avec Simon-Fran\u00e7ois de Tours comme avec Ren\u00e9 Lochon, le m\u00eame visage souriant et malicieux.<\/em><\/p>\n<p><em>3.- \u00a0Que <\/em>Saint Vincent soit un ind\u00e9pendant, <em>ceci est particuli\u00e8rement remarquable et je pense vous en donner quel qu\u2019exemples, quelques traits dans la question de \u00ab\u00a0L&rsquo;Ecole Fran\u00e7aise\u00a0\u00bb. Maintenant, son ind\u00e9pendance, vous pouvez mat\u00e9riellement la voir dans sa recherche, comme on dit aujourd&rsquo;hui, mais il savait ce qu&rsquo;il recherchait. Voyez comme il sait \u00e1 la fois s&rsquo;attacher et se d\u00e9ta\u00adcher. S&rsquo;il s&rsquo;agit de Monsieur de Cornet, on n&rsquo;en entend plus parler apr\u00e8s, sinon pour les r\u00e9clamations de ces \u00ab\u00a0mis\u00e9rables lettres\u00a0\u00bb. Il aborde B\u00e9rulle, mais ne s&rsquo;attache pas \u00e1 B\u00e9rulle. Il est du c\u00f4t\u00e9 d\u2019Andr\u00e9 Duval (cf. l&rsquo;article \u00ab\u00a0Duval\u00a0\u00bb du \u00ab\u00a0Dictionnaire de Spiritualit\u00e9\u00a0\u00bb). Duval n&rsquo;h\u00e9site pas \u00e1 d\u00e9noncer aupr\u00e8s du Nonce, aupr\u00e8s de la Facult\u00e9 de Douai, le v\u0153u de servitude institu\u00e9 par B\u00e9rulle, car B\u00e9rulle b\u00e9rullisait le Carmel,\u00a0\u00a0\u00a0\u00a0\u00a0\u00a0\u00a0\u00a0\u00a0\u00a0 l&rsquo;\u00e9clatement du Carmel, certains passant<br \/>\n\u00e1 Bruxelles pour \u00eatre en-dehors de l&rsquo;influence de B\u00e9rulle. D&rsquo;autre part, toute une s\u00e9rie de protestations de Duval: \u00ab\u00a0De quel droit un particulier introduit-il un nouveau v\u0153u qui n&rsquo;est pas un v\u0153u de religion?\u00a0\u00bb En ce qui concerne la Congr\u00e9gation de la Mission, il est certain que B\u00e9rulle y \u00e9tait violemment oppos\u00e9. Qui est-ce qui a soutenu Vincent de Paul? \u2014 C&rsquo;est Duval. C&rsquo;est dans le texte du Carmel de Pontoise. Duval est toujours rest\u00e9 le conseiller dogmatique. On n&rsquo;avait pas le droit de s&rsquo;opposer, futon Nonce, \u00e1 Monsieur Duval. Etant donn\u00e9 que Duval \u00e9tait nettement ultramontain et savait tr\u00e8s bien se tenir jusqu&rsquo;en 1638, date de sa mort. Je m&rsquo;excuse de vous dire que certain proc\u00e8s en nullit\u00e9 qui agite l&rsquo;opinion publique pourrait trouver dans Monsieur Vincent une petite explication. Vous voyez \u00e1 quoi je fais allusion, proc\u00e8s en nullit\u00e9 de mariage de Caroline de Monaco. S&rsquo;agit-il du Droit gallican ou s&rsquo;agit-il du Droit romain? Vous savez que la question a \u00e9t\u00e9 pos\u00e9e en 1634 par Richelieu \u00e1 Saint-Cyran lequel Saint-Cyran a r\u00e9pondu que le mariage de Gaston d&rsquo;Orl\u00e9ans avec Mar\u00adguerite de Lorraine \u00e9tait valide suivant les r\u00e8gles du concile de Trente. Il \u00e0 demand\u00e9 \u00e1 Vincent de Paul, et Vincent de Paul a dit: le mariage est douteux. Le plus pauvre des \u00e9l\u00e8ves canonistes sait qu&rsquo;une loi douteuse n&rsquo;oblige pas, reprise d&rsquo;ailleurs de la l\u00e9gislation gallicane au sujet du di vorace de Napol\u00e9on I\u00a0\u00bb avec Jos\u00e9phine Beauharnais. L&rsquo;officialit\u00e9 a correctement proc\u00e9d\u00e9. Un ouvrage, une biographie, Edouard Fournier, \u00ab\u00a0L&rsquo;origine du vicaire g\u00e9n\u00e9ral et de la Curie\u00a0\u00bb, Arras 1940. Je l&rsquo;ai dans ma chambre au cas o\u00f9\u2026\u00a0\u00a0\u00a0\u00a0\u00a0\u00a0\u00a0\u00a0\u00a0\u00a0\u00a0 S&rsquo;agit-il, pour la princi\u2011paut\u00e9, du Droit gallican ou du Droit romain?<\/em><\/p>\n<p><em>Je n&rsquo;ai pas r\u00e9pondu \u00e1 votre question. Il \u00e9tait tr\u00e8s ind\u00e9pendant. Normale\u00adment, il aurait d\u00fb donner la m\u00eame r\u00e9ponse que Saint-Cyran, surnomm\u00e9 \u00ab\u00a0l&rsquo;ora\u00ad<\/em><em>cle de Notre-Dame\u00a0\u00bb. Quand il avait dit une chose. Malgr\u00e9 tout, il \u00e9tait <\/em><em>ind\u00e9pendant.<\/em><\/p>\n<p><em>Ind\u00e9pendance aussi \u00e1 l&rsquo;\u00e9gard des autres congr\u00e9gations. Je vous dirai ce soir ce qu&rsquo;II pensait des autres congr\u00e9gations, ceci huit jours avant sa mort.<\/em><\/p>\n<p align=\"center\">* * *<\/p>\n<p><em>4.- Dans votre question, il a <\/em>deux auteurs qu&rsquo;ils ne faut pas met\u00adtre l&rsquo;un dans l&rsquo;autre, <em>\u00e1 savoir <\/em>Saint Fran\u00e7ois d&rsquo;Assise <em>probablement <\/em><em>et <\/em>Saint Bernard. <em>Je connais depuis quinze ans Julien Green. Ce n&rsquo;est pas <\/em><em>moi qui l&rsquo;ai pouss\u00e9 \u00e1 \u00e9crire la vie de Fran\u00e7ois d&rsquo;Assise \u00e9tant donn\u00e9e la quantit\u00e9 de l\u00e9gendes. \u00ab\u00a011 a \u00e9pous\u00e9 dame pauvret\u00e9\u00a0\u00bb. Vincent de Paul a \u00e9pous\u00e9 les pauvres. C&rsquo;est tout \u00e1 fait diff\u00e9rent. D&rsquo;autre part, que cette ambiance d&rsquo;amour de la pauvret\u00e9 s&rsquo;allie facilement avec l&rsquo;amour des pauvres, soit pour dire le climat favorable \u00e1 la mani\u00e8re de se porter vers les pauvres.<\/em><em><\/em><\/p>\n<p>En ce qui concerne Saint Bernard, je crois qu&rsquo;il faut placer la question dans le domaine de l&rsquo;affectivit\u00e9 bernardine ou cistercienne. On a pu voir dans Saint Bernard le pr\u00e9curseur de la d\u00e9votion au Sacr\u00e9-Coeur. Egalement en ce qui concerne les bras de la croix. Dans les entretiens aux Filles de la Charit\u00e9, le r\u00f4le que Saint Bernard a jou\u00e9 dans la spiritualit\u00e9 de l&rsquo;ensoi gemment religieux de l&rsquo;Occident est assez complexe. Si nous parlons du caract\u00e8re de Saint Ber\u00adnard, nous nous apercevons qu&rsquo;il est d&rsquo;une douceur para-\u00e9vang\u00e9lique. Il suffit de voir ce qu&rsquo;il assen\u00e9, avec une s\u00e9r\u00e9nit\u00e9 constante et vigoureuse, sur ceux qui ne pensent pas comme lu&rsquo;. Cf. ses d\u00e9m\u00eal\u00e9s avec Abelard. Egalement ce qu&rsquo;il dit dans le domaine tout particulier de ses rapports avec le m\u00e9decin. Ce sont de v\u00e9ritables insultes. Beaucoup de personnes me disent: quel mauvais caract\u00e8re.<\/p>\n<p>L&rsquo;entreprise cistercienne: voyez plut\u00f4t le livre de Zakar sur \u00ab\u00a0La tradition cistercienne\u00a0\u00bb, car il est difficile de savoir qu&rsquo;est-ce qui est vrai des M\u00e9moires chronologiques de Robillan d&rsquo;Avrigny et, d&rsquo;autre part, de ce que l&rsquo;on consid\u00e9\u00adrait comme la v\u00e9ritable tradition cistercienne. Il y a aussi la toute la querelle entre augustiniens, bernardins, une querelle extr\u00eamement complexe qui a eu sa r\u00e9percussion sur l&rsquo;Histoire de Port-Royal, la mani\u00e8re dont la M\u00e8re Ang\u00e9lique a fond\u00e9 l&rsquo;Institut du St. Sacrement en se d\u00e9tachant des cisterciens.<\/p>\n<p>L&rsquo;influence de St. Bernard m&rsquo;apparat comme minime dans le cas de Vin\u00adcent de Paul. Cela faisait bien de citer S. Bernard. Les phrases n&rsquo;\u00e9taient pas mauvaises, mais pas au-del\u00e0, d&rsquo;apr\u00e8s l&rsquo;inventaire. Il ne citera jamais un ouvrage de St. Bernard.<\/p>\n<p><em>5. &#8211; <\/em>l&rsquo;influence de St. Augustin &#8211; <em>l&rsquo;homme faible, p\u00e9cheur.<\/em><\/p>\n<p>Votre question rejoint une procession de questions qui me sont pos\u00e9es depuis 1949. Est-ce que Vincent de Paul a muri dans l&rsquo;ambiance de Port-Royal? Une r\u00e9ponse en deux temps, trois mouvements, est absolument nulle. Ce que nous pouvons constater, c&rsquo;est le sens des contraires, des contrastes, qui se trouvent dans Vincent de Paul. Si vous prenez la conf\u00e9rence sur \u00ab\u00a0L&rsquo;humilit\u00e9\u00a0\u00bb, qu&rsquo;il faut d\u00e9finir relation \u00e1 Dieu et non pas par rapport aux hommes. La position de Vincent de Paul est: de nous-m\u00eames, nous ne sommes capables que de p\u00e9cher. Le dernier paragraphe des R\u00e8gles communes: \u00ab\u00a0Quand vous aurez fait tout cela, d\u2019iles que vous \u00e9t\u00e9s des serviteurs Mutiles\u00a0\u00bb. Remarquez que c&rsquo;est le texte de Saint Luc, son \u00e9vangile pr\u00e9f\u00e9r\u00e9. Nous ne sommes que mis\u00e8re, p\u00e9ch\u00e9&#8230; Mais, d&rsquo;autre part, il y a un autre aspect, c&rsquo;est la vigueur de l&rsquo;activit\u00e9 de Vincent de P. II ne doutait pas de sa solidit\u00e9. Son ind\u00e9pendance, dont j&rsquo;ai parl\u00e9. Si vous prenez <em>le premier chapitre des vertus dans Abelly, vous avez cette phrase: \u00ab\u00a0Nous avons <\/em><em>la toute-puissance de Dieu en nous\u00a0\u00bb. A ce moment-l\u00e0, il ne s&rsquo;agit pas de dou\u00adter. L&rsquo;opposition, la compl\u00e9mentarit\u00e9: \u00ab\u00a0De moi-m\u00eame je ne puis rien\u00a0\u00bb de fa\u00e7on \u00e1 ce que le sujet s&rsquo;appuie sur une v\u00e9rit\u00e9 \u00e9vang\u00e9lique et sur une pr\u00e9sence de Dieu qui est invincible. Les maximes du monde sauteront, le monde s&rsquo;\u00e9vanouira comme un nuage, mais la v\u00e9rit\u00e9 r\u00e9v\u00e9l\u00e9e est plus vraie que tout ce qui se voit. Les v\u00e9rit\u00e9s \u00e9ternelles, invisibles, celles-l\u00e0 sont solides et nous avons la toute-puissance de Dien en nous. Ce qui fait que son humilit\u00e9 ne peut pas \u00eatre \u00e9tudi\u00e9e, ni m\u00eame expos\u00e9e, sans rapport \u00e1 sa magnanimit\u00e9, et \u00e1 la deuxi\u00e8me phrase: \u00ab\u00a0\u00e9largissons notre c\u0153ur\u00a0\u00bb. \u00ab\u00a0Un c\u0153ur \u00e1 la dimension du monde\u00a0\u00bb, comme l&rsquo;a traduit le Pire Naidenoff. Ce n&rsquo;est pas quelqu&rsquo;un qui fait de l&rsquo;introspection d\u00e9vorante. Nous avons un homme extr\u00eamement vigoureux du point de vue physique et qui n&rsquo;h\u00e9site &#8211; terra pas dans des aventures.<\/em><\/p>\n<p><em>6. &#8211; <\/em>Quelle est la signification du mot \u00ab\u00a0philosophe franglais\u00a0\u00bb appos\u00e9 sous la statue de Vincent de Paul en 1822?<\/p>\n<p>C&rsquo;est une imposture. Premi\u00e8rement, s&rsquo;il s&rsquo;agit de la philosophie en France au XVIIIe si\u00e8cle, il y a un terme qui est utilis\u00e9, c&rsquo;est le si\u00e8cle des lumi\u00e8res. Ces Lumi\u00e8res ne sont pas tr\u00e8s` fortes. Le XVIII&rsquo; si\u00e8cle n&rsquo;est pas caract\u00e9ris\u00e9 en France par un si\u00e8cle de grands philosophes. Il a des juristes, tel que Montes\u00adquieu; il a des politiciens, des critiques. 11 y a surtout Jean-Jacques Rousseau qui a une id\u00e9e de la nature bonne qui est d\u00e9prav\u00e9e par la soci\u00e9t\u00e9. Mais encore dans le dernier num\u00e9ro de \u00ab\u00a0France Catholique-Eccl\u00e9sia\u00a0\u00bb, il y avait un article de Pierre Chaunu au sujet du si\u00e8cle des lumi\u00e8res. On peut dire que le XVIII&rsquo; s. est un si\u00e8cle de philosophes au sens mineur du mot. D&rsquo;autre part, c&rsquo;est le si\u00e8cle qui \u00e0 le mieux \u00e9clair\u00e9 la langue fran\u00e7aise mais non pas la pens\u00e9e.<\/p>\n<p><em>7. &#8211; <\/em>Jans\u00e9nisme \u2014 authenticit\u00e9 d&rsquo;Abelly \u2014?<\/p>\n<p>Cette remarque, grand merci de l&rsquo;avoir pos\u00e9e. Imm\u00e9diatement on a accus\u00e9 Abelly de n&rsquo;avoir \u00e9t\u00e9 que le valet des j\u00e9suites. Ceci vous le trouvez dans le \u00ab\u00a0Dic\u00adtionnaire critique\u00a0\u00bb. D&rsquo;autre part, il est assez \u00e9vident qu&rsquo;il a laiss\u00e9 de c\u00f4t\u00e9 pas mal de choses, car en 1664, il ne s&rsquo;agissait pas de dire que Vincent de Paul avait \u00e9t\u00e9 en relation avec Port-Royal et en relation amicale \u00e1 tel point que Vin\u00adcent de Paul, condamnait un certain Jean-Jacques Olier et Monsieur Picot\u00e9. Plus tard, dans sa sereine na\u00efvet\u00e9, Pierre Collet disait que si la d\u00e9position de Vincent de Paul au proc\u00e8s de St. Cyran existait, le monde serait renvers\u00e9. Or cette d\u00e9po\u00adsition conserv\u00e9e soigneusement dans les papiers de Jacques Lescot, se trouve actuel\u00adlement \u00e1 la Biblioth\u00e8que Mazarine.<\/p>\n<p>&nbsp;<\/p>\n","protected":false},"excerpt":{"rendered":"<p>Luis Abelly Voici une anecdote historique d&rsquo;un spectateur de cirque qui, chaque soir, venait voir le num\u00e9ro du dompteur de lions. Et, comme on l&rsquo;interrogeait sur cette inutile r\u00e9p\u00e9tition, il r\u00e9pondit: \u00abJ&rsquo;attends le moment o\u00f9 &#8230; <a href=\"http:\/\/vincentians.com\/fr\/louis-abelly\/\" class=\"more-link\">Read More<\/a><\/p>\n","protected":false},"author":4,"featured_media":104019,"comment_status":"open","ping_status":"open","sticky":false,"template":"","format":"standard","meta":{"jetpack_post_was_ever_published":false,"_jetpack_newsletter_access":"","_jetpack_dont_email_post_to_subs":false,"_jetpack_newsletter_tier_id":0,"_jetpack_memberships_contains_paywalled_content":false,"_jetpack_memberships_contains_paid_content":false,"footnotes":"","jetpack_publicize_message":"","jetpack_publicize_feature_enabled":true,"jetpack_social_post_already_shared":true,"jetpack_social_options":{"image_generator_settings":{"template":"highway","default_image_id":0,"font":"","enabled":false},"version":2}},"categories":[128],"tags":[],"class_list":["post-56718","post","type-post","status-publish","format-standard","has-post-thumbnail","hentry","category-au-temps-de-vincent-de-paul"],"yoast_head":"<!-- This site is optimized with the Yoast SEO plugin v26.3 - https:\/\/yoast.com\/wordpress\/plugins\/seo\/ -->\n<title>Louis Abelly - Nous Sommes Vincentiens<\/title>\n<meta name=\"robots\" content=\"index, follow, max-snippet:-1, max-image-preview:large, max-video-preview:-1\" \/>\n<link rel=\"canonical\" href=\"https:\/\/vincentians.com\/fr\/louis-abelly\/\" \/>\n<meta property=\"og:locale\" content=\"fr_FR\" \/>\n<meta property=\"og:type\" content=\"article\" \/>\n<meta property=\"og:title\" content=\"Louis Abelly - Nous Sommes Vincentiens\" \/>\n<meta property=\"og:description\" content=\"Luis Abelly Voici une anecdote historique d&rsquo;un spectateur de cirque qui, chaque soir, venait voir le num\u00e9ro du dompteur de lions. Et, comme on l&rsquo;interrogeait sur cette inutile r\u00e9p\u00e9tition, il r\u00e9pondit: \u00abJ&rsquo;attends le moment o\u00f9 ... Read More\" \/>\n<meta property=\"og:url\" content=\"https:\/\/vincentians.com\/fr\/louis-abelly\/\" \/>\n<meta property=\"og:site_name\" content=\"Nous Sommes Vincentiens\" \/>\n<meta property=\"article:publisher\" content=\"https:\/\/www.facebook.com\/WeAreVincentians\/\" \/>\n<meta property=\"article:author\" content=\"https:\/\/www.facebook.com\/JavierChento\" \/>\n<meta property=\"article:published_time\" content=\"2012-11-06T06:45:36+00:00\" \/>\n<meta name=\"author\" content=\"Francisco Javier Fern\u00e1ndez Chento\" \/>\n<meta name=\"twitter:card\" content=\"summary_large_image\" \/>\n<meta name=\"twitter:creator\" content=\"@https:\/\/twitter.com\/javierchento\" \/>\n<meta name=\"twitter:site\" content=\"@WeVincentians\" \/>\n<meta name=\"twitter:label1\" content=\"\u00c9crit par\" \/>\n\t<meta name=\"twitter:data1\" content=\"Francisco Javier Fern\u00e1ndez Chento\" \/>\n\t<meta name=\"twitter:label2\" content=\"Dur\u00e9e de lecture estim\u00e9e\" \/>\n\t<meta name=\"twitter:data2\" content=\"30 minutes\" \/>\n<script type=\"application\/ld+json\" class=\"yoast-schema-graph\">{\"@context\":\"https:\/\/schema.org\",\"@graph\":[{\"@type\":\"WebPage\",\"@id\":\"https:\/\/vincentians.com\/fr\/louis-abelly\/\",\"url\":\"https:\/\/vincentians.com\/fr\/louis-abelly\/\",\"name\":\"Louis Abelly - Nous Sommes Vincentiens\",\"isPartOf\":{\"@id\":\"http:\/\/vincentians.com\/fr\/#website\"},\"primaryImageOfPage\":{\"@id\":\"https:\/\/vincentians.com\/fr\/louis-abelly\/#primaryimage\"},\"image\":{\"@id\":\"https:\/\/vincentians.com\/fr\/louis-abelly\/#primaryimage\"},\"thumbnailUrl\":\"\",\"datePublished\":\"2012-11-06T06:45:36+00:00\",\"author\":{\"@id\":\"http:\/\/vincentians.com\/fr\/#\/schema\/person\/9623ef4d9aa3b2dfb8c061f1499288f2\"},\"breadcrumb\":{\"@id\":\"https:\/\/vincentians.com\/fr\/louis-abelly\/#breadcrumb\"},\"inLanguage\":\"fr-FR\",\"potentialAction\":[{\"@type\":\"ReadAction\",\"target\":[\"https:\/\/vincentians.com\/fr\/louis-abelly\/\"]}]},{\"@type\":\"ImageObject\",\"inLanguage\":\"fr-FR\",\"@id\":\"https:\/\/vincentians.com\/fr\/louis-abelly\/#primaryimage\",\"url\":\"\",\"contentUrl\":\"\"},{\"@type\":\"BreadcrumbList\",\"@id\":\"https:\/\/vincentians.com\/fr\/louis-abelly\/#breadcrumb\",\"itemListElement\":[{\"@type\":\"ListItem\",\"position\":1,\"name\":\"Portada\",\"item\":\"http:\/\/vincentians.com\/fr\/\"},{\"@type\":\"ListItem\",\"position\":2,\"name\":\"Louis Abelly\"}]},{\"@type\":\"WebSite\",\"@id\":\"http:\/\/vincentians.com\/fr\/#website\",\"url\":\"http:\/\/vincentians.com\/fr\/\",\"name\":\"Nous Sommes Vincentiens\",\"description\":\"Know more to serve more\",\"potentialAction\":[{\"@type\":\"SearchAction\",\"target\":{\"@type\":\"EntryPoint\",\"urlTemplate\":\"http:\/\/vincentians.com\/fr\/?s={search_term_string}\"},\"query-input\":{\"@type\":\"PropertyValueSpecification\",\"valueRequired\":true,\"valueName\":\"search_term_string\"}}],\"inLanguage\":\"fr-FR\"},{\"@type\":\"Person\",\"@id\":\"http:\/\/vincentians.com\/fr\/#\/schema\/person\/9623ef4d9aa3b2dfb8c061f1499288f2\",\"name\":\"Francisco Javier Fern\u00e1ndez Chento\",\"image\":{\"@type\":\"ImageObject\",\"inLanguage\":\"fr-FR\",\"@id\":\"http:\/\/vincentians.com\/fr\/#\/schema\/person\/image\/\",\"url\":\"https:\/\/secure.gravatar.com\/avatar\/497d5cde87b4c3d097d0315953521681ba2cd523ee66e5077c3711f7021e65de?s=96&d=mm&r=g\",\"contentUrl\":\"https:\/\/secure.gravatar.com\/avatar\/497d5cde87b4c3d097d0315953521681ba2cd523ee66e5077c3711f7021e65de?s=96&d=mm&r=g\",\"caption\":\"Francisco Javier Fern\u00e1ndez Chento\"},\"description\":\"Director General y cofundador de La Red de Formaci\u00f3n Vicenciana. Javier es laico vicenciano, afiliado a la Congregaci\u00f3n de la Misi\u00f3n y miembro del Equipo de Misiones Populares de la provincia can\u00f3nica de Zaragoza (Espa\u00f1a) de la Congregaci\u00f3n de la Misi\u00f3n. Graduado en la Universidad Oberta de Catalunya con cuatro grados (Asistente de direcci\u00f3n, Gesti\u00f3n Administrativa, Recursos Humanos y Contabilidad Avanzada). Bil\u00edng\u00fce Espa\u00f1ol\/Ingl\u00e9s. gestiona y mantiene varias p\u00e1ginas web cristianas y vicencianas, incluida including La Red de Formaci\u00f3n Vicenciana, de la que es cofundador. Actualmente es responsable del \u00e1rea de Espa\u00f1ol de .famvin, la Red de Noticias de la Familia Vicenciana. Tambi\u00e9n es m\u00fasico cat\u00f3lico y ha editado varios discos. Es Director General y cofundador de Trovador, una reconocida compa\u00f1\u00eda discogr\u00e1fica critiana de Espa\u00f1a. Trabaja en las Tecnolog\u00edas de la Informaci\u00f3n, ofreciendo servicios de alojamiento, dise\u00f1o y mantenimiento Web, as\u00ed como asesoramiento, formaci\u00f3n y soluciones inform\u00e1ticas, gesti\u00f3n documental y digitalizaci\u00f3n de textos, edici\u00f3n y maquetaci\u00f3n de libros, revistas, flyers, etc.\",\"sameAs\":[\"http:\/\/chento.org\",\"https:\/\/www.facebook.com\/JavierChento\",\"https:\/\/x.com\/https:\/\/twitter.com\/javierchento\"],\"url\":\"http:\/\/vincentians.com\/fr\/author\/chento\/\"}]}<\/script>\n<!-- \/ Yoast SEO plugin. -->","yoast_head_json":{"title":"Louis Abelly - Nous Sommes Vincentiens","robots":{"index":"index","follow":"follow","max-snippet":"max-snippet:-1","max-image-preview":"max-image-preview:large","max-video-preview":"max-video-preview:-1"},"canonical":"https:\/\/vincentians.com\/fr\/louis-abelly\/","og_locale":"fr_FR","og_type":"article","og_title":"Louis Abelly - Nous Sommes Vincentiens","og_description":"Luis Abelly Voici une anecdote historique d&rsquo;un spectateur de cirque qui, chaque soir, venait voir le num\u00e9ro du dompteur de lions. Et, comme on l&rsquo;interrogeait sur cette inutile r\u00e9p\u00e9tition, il r\u00e9pondit: \u00abJ&rsquo;attends le moment o\u00f9 ... Read More","og_url":"https:\/\/vincentians.com\/fr\/louis-abelly\/","og_site_name":"Nous Sommes Vincentiens","article_publisher":"https:\/\/www.facebook.com\/WeAreVincentians\/","article_author":"https:\/\/www.facebook.com\/JavierChento","article_published_time":"2012-11-06T06:45:36+00:00","author":"Francisco Javier Fern\u00e1ndez Chento","twitter_card":"summary_large_image","twitter_creator":"@https:\/\/twitter.com\/javierchento","twitter_site":"@WeVincentians","twitter_misc":{"\u00c9crit par":"Francisco Javier Fern\u00e1ndez Chento","Dur\u00e9e de lecture estim\u00e9e":"30 minutes"},"schema":{"@context":"https:\/\/schema.org","@graph":[{"@type":"WebPage","@id":"https:\/\/vincentians.com\/fr\/louis-abelly\/","url":"https:\/\/vincentians.com\/fr\/louis-abelly\/","name":"Louis Abelly - Nous Sommes Vincentiens","isPartOf":{"@id":"http:\/\/vincentians.com\/fr\/#website"},"primaryImageOfPage":{"@id":"https:\/\/vincentians.com\/fr\/louis-abelly\/#primaryimage"},"image":{"@id":"https:\/\/vincentians.com\/fr\/louis-abelly\/#primaryimage"},"thumbnailUrl":"","datePublished":"2012-11-06T06:45:36+00:00","author":{"@id":"http:\/\/vincentians.com\/fr\/#\/schema\/person\/9623ef4d9aa3b2dfb8c061f1499288f2"},"breadcrumb":{"@id":"https:\/\/vincentians.com\/fr\/louis-abelly\/#breadcrumb"},"inLanguage":"fr-FR","potentialAction":[{"@type":"ReadAction","target":["https:\/\/vincentians.com\/fr\/louis-abelly\/"]}]},{"@type":"ImageObject","inLanguage":"fr-FR","@id":"https:\/\/vincentians.com\/fr\/louis-abelly\/#primaryimage","url":"","contentUrl":""},{"@type":"BreadcrumbList","@id":"https:\/\/vincentians.com\/fr\/louis-abelly\/#breadcrumb","itemListElement":[{"@type":"ListItem","position":1,"name":"Portada","item":"http:\/\/vincentians.com\/fr\/"},{"@type":"ListItem","position":2,"name":"Louis Abelly"}]},{"@type":"WebSite","@id":"http:\/\/vincentians.com\/fr\/#website","url":"http:\/\/vincentians.com\/fr\/","name":"Nous Sommes Vincentiens","description":"Know more to serve more","potentialAction":[{"@type":"SearchAction","target":{"@type":"EntryPoint","urlTemplate":"http:\/\/vincentians.com\/fr\/?s={search_term_string}"},"query-input":{"@type":"PropertyValueSpecification","valueRequired":true,"valueName":"search_term_string"}}],"inLanguage":"fr-FR"},{"@type":"Person","@id":"http:\/\/vincentians.com\/fr\/#\/schema\/person\/9623ef4d9aa3b2dfb8c061f1499288f2","name":"Francisco Javier Fern\u00e1ndez Chento","image":{"@type":"ImageObject","inLanguage":"fr-FR","@id":"http:\/\/vincentians.com\/fr\/#\/schema\/person\/image\/","url":"https:\/\/secure.gravatar.com\/avatar\/497d5cde87b4c3d097d0315953521681ba2cd523ee66e5077c3711f7021e65de?s=96&d=mm&r=g","contentUrl":"https:\/\/secure.gravatar.com\/avatar\/497d5cde87b4c3d097d0315953521681ba2cd523ee66e5077c3711f7021e65de?s=96&d=mm&r=g","caption":"Francisco Javier Fern\u00e1ndez Chento"},"description":"Director General y cofundador de La Red de Formaci\u00f3n Vicenciana. Javier es laico vicenciano, afiliado a la Congregaci\u00f3n de la Misi\u00f3n y miembro del Equipo de Misiones Populares de la provincia can\u00f3nica de Zaragoza (Espa\u00f1a) de la Congregaci\u00f3n de la Misi\u00f3n. Graduado en la Universidad Oberta de Catalunya con cuatro grados (Asistente de direcci\u00f3n, Gesti\u00f3n Administrativa, Recursos Humanos y Contabilidad Avanzada). Bil\u00edng\u00fce Espa\u00f1ol\/Ingl\u00e9s. gestiona y mantiene varias p\u00e1ginas web cristianas y vicencianas, incluida including La Red de Formaci\u00f3n Vicenciana, de la que es cofundador. Actualmente es responsable del \u00e1rea de Espa\u00f1ol de .famvin, la Red de Noticias de la Familia Vicenciana. Tambi\u00e9n es m\u00fasico cat\u00f3lico y ha editado varios discos. Es Director General y cofundador de Trovador, una reconocida compa\u00f1\u00eda discogr\u00e1fica critiana de Espa\u00f1a. Trabaja en las Tecnolog\u00edas de la Informaci\u00f3n, ofreciendo servicios de alojamiento, dise\u00f1o y mantenimiento Web, as\u00ed como asesoramiento, formaci\u00f3n y soluciones inform\u00e1ticas, gesti\u00f3n documental y digitalizaci\u00f3n de textos, edici\u00f3n y maquetaci\u00f3n de libros, revistas, flyers, etc.","sameAs":["http:\/\/chento.org","https:\/\/www.facebook.com\/JavierChento","https:\/\/x.com\/https:\/\/twitter.com\/javierchento"],"url":"http:\/\/vincentians.com\/fr\/author\/chento\/"}]}},"jetpack_publicize_connections":[],"jetpack_featured_media_url":"","jetpack_sharing_enabled":true,"jetpack_shortlink":"https:\/\/wp.me\/p7ETMP-eKO","jetpack-related-posts":[{"id":58748,"url":"http:\/\/vincentians.com\/fr\/de-la-devotion-a-lanalyse-historique\/","url_meta":{"origin":56718,"position":0},"title":"De la devotion a l&rsquo;analyse historique","author":"Francisco Javier Fern\u00e1ndez Chento","date":"27\/12\/2012","format":false,"excerpt":"Cette causerie est programm\u00e9e en fin de premi\u00e8re semaine, la semaine consacr\u00e9e \u00e0 la m\u00e9thodologie. Je me trouve donc en situa\u00adtion de transition et cela \u2014 je l'avoue \u2014 me s\u00e9curise un peu. Je ne suis pas, en effet, un sp\u00e9cialiste du niveau de ceux qui m'ont pr\u00e9c\u00e9d\u00e9 et \u2014\u2026","rel":"","context":"Dans &quot;Formation Vincentienne&quot;","block_context":{"text":"Formation Vincentienne","link":"http:\/\/vincentians.com\/fr\/category\/formation-vincentienne\/"},"img":{"alt_text":"","src":"https:\/\/i0.wp.com\/vincentiens.org\/wp-content\/uploads\/2011\/12\/abelly-198x300.jpg?resize=350%2C200","width":350,"height":200},"classes":[]},{"id":49618,"url":"http:\/\/vincentians.com\/fr\/la-priere-de-monsieur-vincent-de-paul\/","url_meta":{"origin":56718,"position":1},"title":"La pri\u00e8re de Monsieur Vincent de Paul","author":"Francisco Javier Fern\u00e1ndez Chento","date":"15\/12\/2014","format":false,"excerpt":"Summarium Ne suis-je pas imprudent en voulant traiter ce sujet? Les contemporains de Monsieur Vincent ne sont pas arriv\u00e9s \u00e1 caract\u00e9\u00adriser la pri\u00e8re de l'homme qu'ils avaient sous les yeux. Leur t\u00e9moignage est une accusation explicite de t\u00e9m\u00e9rit\u00e9. Voici ce qu'\u00e9crit L. Abelly, le premier biographe, au mois de septembre\u2026","rel":"","context":"Dans &quot;Vincent de Paul&quot;","block_context":{"text":"Vincent de Paul","link":"http:\/\/vincentians.com\/fr\/category\/the-vincentian-family\/founders\/vincent-de-paul\/"},"img":{"alt_text":"","src":"https:\/\/i0.wp.com\/vincentiens.org\/wp-content\/uploads\/2011\/09\/vincent_de_paul2-195x300.jpg?resize=350%2C200","width":350,"height":200},"classes":[]},{"id":190225,"url":"http:\/\/vincentians.com\/fr\/ephemerides-04-octobre\/","url_meta":{"origin":56718,"position":2},"title":"Eph\u00e9m\u00e9rides : 04 octobre","author":"Francisco Javier Fern\u00e1ndez Chento","date":"04\/10\/2016","format":false,"excerpt":"1691. \u00c0 Paris, mort de messire Louis Abelly. C\u2019est aux environs de sa vingti\u00e8me ann\u00e9e qu\u2019il s\u2019attacha \u00e0 Monsieur Vincent et lui confia son \u00e2me. Le fondateur de la Mission le donna d\u2019abord comme vicaire g\u00e9n\u00e9ral \u00e0 l\u2019\u00e9v\u00eaque de Bayonne, Fran\u00e7ois Fouquet. D\u00e8s son retour \u00e0 Paris, Abelly qui, comme\u2026","rel":"","context":"Dans &quot;\u00c9ph\u00e9m\u00e9rides vincentiens&quot;","block_context":{"text":"\u00c9ph\u00e9m\u00e9rides vincentiens","link":"http:\/\/vincentians.com\/fr\/category\/ephemerides-vincentiens\/"},"img":{"alt_text":"","src":"https:\/\/i0.wp.com\/vincentians.com\/fr\/wp-content\/uploads\/sites\/10\/2016\/07\/ephemerides-fb.jpg?fit=1200%2C630&resize=350%2C200","width":350,"height":200,"srcset":"https:\/\/i0.wp.com\/vincentians.com\/fr\/wp-content\/uploads\/sites\/10\/2016\/07\/ephemerides-fb.jpg?fit=1200%2C630&resize=350%2C200 1x, https:\/\/i0.wp.com\/vincentians.com\/fr\/wp-content\/uploads\/sites\/10\/2016\/07\/ephemerides-fb.jpg?fit=1200%2C630&resize=525%2C300 1.5x, https:\/\/i0.wp.com\/vincentians.com\/fr\/wp-content\/uploads\/sites\/10\/2016\/07\/ephemerides-fb.jpg?fit=1200%2C630&resize=700%2C400 2x, https:\/\/i0.wp.com\/vincentians.com\/fr\/wp-content\/uploads\/sites\/10\/2016\/07\/ephemerides-fb.jpg?fit=1200%2C630&resize=1050%2C600 3x"},"classes":[]},{"id":45335,"url":"http:\/\/vincentians.com\/fr\/saint-vincent-et-les-missions\/","url_meta":{"origin":56718,"position":3},"title":"Saint Vincent et les Missions","author":"Francisco Javier Fern\u00e1ndez Chento","date":"14\/12\/2014","format":false,"excerpt":"Introduction A.- Lorsque nous essayons d'\u00e9tudier le travail missionnaire de Vincent de Paul et de ses premiers compagnons, nous trouvons une v\u00e9ritable mystique de la Mission; alors que nous d\u00e9sirerions que le Saint nous ait donn\u00e9 aussi une doctrine th\u00e9ologique sur ce qui constitue l'objectif de sa vie, sur ce\u2026","rel":"","context":"Dans &quot;Vincent de Paul&quot;","block_context":{"text":"Vincent de Paul","link":"http:\/\/vincentians.com\/fr\/category\/the-vincentian-family\/founders\/vincent-de-paul\/"},"img":{"alt_text":"Vincent de Paul portrait","src":"https:\/\/i0.wp.com\/vincentiens.org\/wp-content\/uploads\/2014\/12\/Vincent-de-Paul-portrait-300x300.jpg?resize=350%2C200","width":350,"height":200},"classes":[]},{"id":58834,"url":"http:\/\/vincentians.com\/fr\/les-origines-et-lenfance\/","url_meta":{"origin":56718,"position":4},"title":"Les Origines Et L&rsquo;Enfance","author":"Francisco Javier Fern\u00e1ndez Chento","date":"22\/12\/2012","format":false,"excerpt":"Pour \u00e9voquer cette \u00e9tape d\u00e9terminante de la vie de St Vincent, nous n'avons \u2014 vous le savez \u2014 que bien peu de documents. A cela, rien d'\u00e9tonnant puisque Vincent est n\u00e9 dans une humble famille et qu'il eut \u00e9t\u00e9 vraiment invraisemblable qu'un lettr\u00e9 quelconque ait pens\u00e9 consigner par \u00e9crit quelques\u2026","rel":"","context":"Dans &quot;Vincent de Paul&quot;","block_context":{"text":"Vincent de Paul","link":"http:\/\/vincentians.com\/fr\/category\/the-vincentian-family\/founders\/vincent-de-paul\/"},"img":{"alt_text":"","src":"https:\/\/i0.wp.com\/vincentiens.org\/wp-content\/uploads\/2012\/12\/San-Vicente-3-198x300.jpg?resize=350%2C200","width":350,"height":200},"classes":[]},{"id":190720,"url":"http:\/\/vincentians.com\/fr\/saint-vincent-paul-biographie-00-introduction\/","url_meta":{"origin":56718,"position":5},"title":"Saint Vincent de Paul, biographie 00 &#8211; Introduction","author":"Francisco Javier Fern\u00e1ndez Chento","date":"20\/12\/2016","format":false,"excerpt":"Introduction Vincent de Paul est l\u2019un des saints dont la vie a \u00e9t\u00e9 le plus retrac\u00e9e, par des auteurs diff\u00e9rents (environ 1500 fois). Mais la qualit\u00e9 ne va pas toujours avec la quantit\u00e9. La plus grande partie de cette litt\u00e9rature est de caract\u00e8re occasionnel, destin\u00e9e \u00e0 \u00eatre r\u00e9pandue dans des\u2026","rel":"","context":"Dans &quot;Vincent de Paul&quot;","block_context":{"text":"Vincent de Paul","link":"http:\/\/vincentians.com\/fr\/category\/the-vincentian-family\/founders\/vincent-de-paul\/"},"img":{"alt_text":"","src":"https:\/\/i0.wp.com\/vincentians.com\/fr\/wp-content\/uploads\/sites\/10\/2016\/07\/Saint-Vincent-de-Paul-a-biography.jpg?fit=1200%2C630&resize=350%2C200","width":350,"height":200,"srcset":"https:\/\/i0.wp.com\/vincentians.com\/fr\/wp-content\/uploads\/sites\/10\/2016\/07\/Saint-Vincent-de-Paul-a-biography.jpg?fit=1200%2C630&resize=350%2C200 1x, https:\/\/i0.wp.com\/vincentians.com\/fr\/wp-content\/uploads\/sites\/10\/2016\/07\/Saint-Vincent-de-Paul-a-biography.jpg?fit=1200%2C630&resize=525%2C300 1.5x, https:\/\/i0.wp.com\/vincentians.com\/fr\/wp-content\/uploads\/sites\/10\/2016\/07\/Saint-Vincent-de-Paul-a-biography.jpg?fit=1200%2C630&resize=700%2C400 2x, https:\/\/i0.wp.com\/vincentians.com\/fr\/wp-content\/uploads\/sites\/10\/2016\/07\/Saint-Vincent-de-Paul-a-biography.jpg?fit=1200%2C630&resize=1050%2C600 3x"},"classes":[]}],"_links":{"self":[{"href":"http:\/\/vincentians.com\/fr\/wp-json\/wp\/v2\/posts\/56718","targetHints":{"allow":["GET"]}}],"collection":[{"href":"http:\/\/vincentians.com\/fr\/wp-json\/wp\/v2\/posts"}],"about":[{"href":"http:\/\/vincentians.com\/fr\/wp-json\/wp\/v2\/types\/post"}],"author":[{"embeddable":true,"href":"http:\/\/vincentians.com\/fr\/wp-json\/wp\/v2\/users\/4"}],"replies":[{"embeddable":true,"href":"http:\/\/vincentians.com\/fr\/wp-json\/wp\/v2\/comments?post=56718"}],"version-history":[{"count":0,"href":"http:\/\/vincentians.com\/fr\/wp-json\/wp\/v2\/posts\/56718\/revisions"}],"wp:featuredmedia":[{"embeddable":true,"href":"http:\/\/vincentians.com\/fr\/wp-json\/"}],"wp:attachment":[{"href":"http:\/\/vincentians.com\/fr\/wp-json\/wp\/v2\/media?parent=56718"}],"wp:term":[{"taxonomy":"category","embeddable":true,"href":"http:\/\/vincentians.com\/fr\/wp-json\/wp\/v2\/categories?post=56718"},{"taxonomy":"post_tag","embeddable":true,"href":"http:\/\/vincentians.com\/fr\/wp-json\/wp\/v2\/tags?post=56718"}],"curies":[{"name":"wp","href":"https:\/\/api.w.org\/{rel}","templated":true}]}}