{"id":52066,"date":"2014-12-29T04:45:22","date_gmt":"2014-12-29T03:45:22","guid":{"rendered":"http:\/\/somos.vicencianos.org\/blog\/2011\/10\/saint-vincent-de-paul-et-sa-mission-sociale-v-la-canonisation\/"},"modified":"2014-12-29T04:45:22","modified_gmt":"2014-12-29T03:45:22","slug":"saint-vincent-de-paul-et-sa-mission-sociale-v-la-canonisation","status":"publish","type":"post","link":"http:\/\/vincentians.com\/fr\/saint-vincent-de-paul-et-sa-mission-sociale-v-la-canonisation\/","title":{"rendered":"Saint Vincent De Paul Et Sa Mission Sociale. V &#8211; La Canonisation"},"content":{"rendered":"<p><a href=\"https:\/\/i0.wp.com\/vincentiens.org\/wp-content\/uploads\/2012\/12\/vincent_mission_sociale.jpg\"><img data-recalc-dims=\"1\" loading=\"lazy\" decoding=\"async\" class=\"alignright size-medium wp-image-104029\" title=\"vincent_mission_sociale\" src=\"https:\/\/i0.wp.com\/vincentiens.org\/wp-content\/uploads\/2012\/12\/vincent_mission_sociale-300x283.jpg?resize=300%2C283\" alt=\"\" width=\"300\" height=\"283\" \/><\/a>Le 22 juillet 1709, Jean Conty, procureur de la Mission \u00e0 Rome, offrait au pape Cl\u00e9ment XI, dans un bassin de vermeil, plus de soixante lettres par lesquelles on demandait au Souverain Pontife la canonisation de Vincent de Paul. Ces lettres \u00e9taient sign\u00e9es des noms les plus illustres dans l\u2019\u00c9glise et dans l\u2019\u00c9tat Louis XIV, roi de France ; Jacques III, fils du roi d\u00e9tr\u00f4n\u00e9 d\u2019Angleterre ; Marie de Mod\u00e8ne, sa m\u00e8re ; L\u00e9opold duc de Lorraine, depuis empereur ; le grand-duc de Toscane ; le doge Hector de Flisco et les gouverneurs de la r\u00e9publique de G\u00eanes ; le pr\u00e9v\u00f4t des marchands et les \u00e9chevins de la ville de Paris ; les cardinaux de Bouillon, doyen du Sacr\u00e9-Coll\u00e8ge ; Le Camus, \u00e9v\u00eaque de Grenoble ; d\u2019Estr\u00e9es, ancien \u00e9v\u00eaque de Laon de Forbin-Janson, \u00e9v\u00eaque de Beauvais ; de Noailles et l\u2019Assembl\u00e9e du clerg\u00e9 de France ; Porto-Carrero archev\u00eaque de Tol\u00e8de ; Durazzo, \u00e9v\u00eaque de Faenza ; Fiesco, archev\u00eaque de G\u00eanes ; Cenci, archev\u00eaque de Fermo. Aux souverains et aux cardinaux s\u2019\u00e9taient unis un grand nombre d\u2019archev\u00eaques et d\u2019\u00e9v\u00eaques de France, parmi lesquels on distinguait Bossuet, F\u00e9nelon, Fl\u00e9chier, et plusieurs \u00e9v\u00eaques d\u2019Espagne, de Grande-Bretagne, d\u2019Italie et de Pologne. Il faut ajouter encore les lettres du chapitre de Notre-Dame de Paris, de la coll\u00e9giale de Saint-Germain-l\u2019Auxerrois ; des sup\u00e9rieurs de la Doctrine chr\u00e9tienne, de l\u2019Oratoire et de Saint-Sulpice ; des abb\u00e9s de Sainte-Genevi\u00e8ve, de Grandmont, de Pr\u00e9montr\u00e9, de Saint-Antoine et de Bonfay des g\u00e9n\u00e9raux de la Congr\u00e9gation de Saint-Maur, de Saint-Vannes, des Fr\u00e8res Pr\u00eacheurs, des Minimes et des Carmes ; enfin du vicaire g\u00e9n\u00e9ral de la Merci et du provincial des Capucins de France. Nous citerons seulement celle de Bossuet, qui est une des plus remarquables, et qui les r\u00e9sume toutes.<\/p>\n<p align=\"center\">LETTRE DE BOSSUET, \u00c9V\u00caQUE DE MEAUX<\/p>\n<p align=\"center\">TEXTE<\/p>\n<p>Beatissime Pater,<\/p>\n<p>Oportet Episcopos ad Apostolicam Sedem sincerum atque integrum deferre testimonium veritatis in quacumque causa, qu\u00e6 ad ejus judicium devenire possit ac debeat. Cum itaque de venerabilis Presbyteri Vincentii a Paulo, Congregationis Missionis Institutoris ac primi Pr\u00e6positi Generalis, vita et sanctitate qu\u00e6stio habeatur, testamur eumdem Virum ab ipsa adolescentia nobis fuisse notum, ejusque piis sermonibus atque consiliis veros et integros Christian\u00e6 pietatis et Ecclesiastic\u00e6 Disciplin\u00e6 sensus nobis esse instillatos, quorum recordatione in hac quoque \u00e6tate mirifice delectamur.<\/p>\n<p>Processu temporis, et jam in Presbyterio constituti, in eam Sodalitatem coaptati sumus, qu\u00e6 pios Presbyteros ipso Duce et Autore in unum colligebat de divinis rebus per singuIas hebdomadas tractaturos. Pium c\u0153tum animabat ipse Vincentius, quem cum disserentem avidi audiremus, tunc impleriri sentiebamus ApostoIicum illud : <em>Si quis loquitur, tanquam sermones Dei ; Si quis ministrat, tanquam ex virtute, quam administrat Deus<\/em>.<\/p>\n<p>Aderant pIerumque magni nominis Episcopi, Viri fama et pietate perducti, ab eaque sodaIitate mirum in modum Autore Vincentio in Apostolicis curis ac laboribus juvabantur. Pr\u00e6sto erant Operarii inconfusibiles, qui per eorum Ecclesias recte tractabant verbum veritalis, nec minus exemplis quam verbis Evangelium pr\u00e6dicabant. Fuit etiam illud nobis desideratissimum tempus, quo eorum laboribus sociati, Metensem Ecc1esiam, in qua tunc Ecclesiasticis Officiis fungebamur, in vitre Pascua deducere conabamur ; cujus Missionis fructus venerabilis Vincentii non modo piis instigationibus atque consiliis, verum etiam precibus tribuendos nemo non sensit,<\/p>\n<p>Ille nos ad Sacerdotium promovendos sua suorumque opera juvit. Ille secessus pios Clericorum, qui ordinandi veniebant, sedulo instituit : Nosque etiam non semel invitati, ut consuetos per illa tempora de rebus ecclesiasticis sermones haberemus, pium laborem, optimi vi ri orationibus et monitis freti libenter suscepimus ; licuitque nobis affatim eo frui in Domino, ejusque virtutes coram intueri, ac pr\u0153sertim genuinam illum et apostolicam charitatem, gravitatem atque prudentiam cum admirabili simplicitate conjunctam, Ecclesiastic\u00e6 rei studium, zelum animurum, et adversus omnigenas corruptelas invictissimum robur atque constantiam.<\/p>\n<p>Quam puram fidem coleret, quam Sedi Apostolic\u0153 ejusque Decretis reverentiam exhiberet, quanta animi demissione et humilitate, in amplissimis licet Regiorum etiam Consiliorum functionibus constitutus, Domino deserviret, recordantur omnes, et ego suavissime recolo.<\/p>\n<p>Crescit in dies pii Viri memoria, qui in omni loco Christi bonus odor fuctus, dignus ab omnibus habetur, qui a sancto Pontifice rite et canonice Sanctorum numero inseratur, si Vestr\u00e6 Beatitudini placuerit,<\/p>\n<p>Nostris vero sensibus, Beatissime Pater, eo gratior ac firmior venerandi Vincentii h\u00e6ret recordatio, quod in sua Congregatione, et in nostra quoque Di\u0153cesi spirantem intuemur, Cum ejus Discipulis Compresbyteris nostris vivimus, cum iis laboramus, eorumque doctrina et exemplis commissum nobis gregem indefesso studio, neque unquam intermisso opere pasci gaudemus in Domino.<\/p>\n<p>Neque Iicet conticere de piarum f\u0153minarum c\u0153tu, qu\u00e6 ab ipso sanctissimis Regulis informat\u00e6 pauperibus et \u00e6grotis sublevandis tanta castitate, humiIitate, charitate serviunt, ut sui Institutoris, ab eoque insiti spiritus oblivisci non sinant.<\/p>\n<p>Sanctitatis paternum sinum effundimus ; gnari scilicet Sanctorum mentione delectari Sanctos. Sed plura proferre tanta Majestas, et Pontificiis humeris ingens negotiorum moles non sinunt : quanquam maximarum rerum gubernacula tenenti et magnitudo mentis, et rerum providentia, et de C\u0153lo solatia atque consilia abunde suppetunt, viresque integrant ; quo bono ut EccIesia Christi diutissime potiatur, summa votorum est. H\u00e6c coram Deo in Christo loquor in conscientia bona et fide non ficta, ego<\/p>\n<p>Sanctitatis Vestr\u00e6, Beatissime Pater,<\/p>\n<p>Devotissimus atque obedientissimus Servus ac Filius,<\/p>\n<p>J. BENIGNUS, Episcopus MELDENSIS. Dalum in Ciritate nostra Meldensi 2 Augusli 1702.<\/p>\n<p><em>TRADUCTION<\/em><\/p>\n<p>LETTRE DE BOSSUET, \u00c9V\u00caQUE DE MEAUX<\/p>\n<p>Tr\u00e8s Saint P\u00e8re,<\/p>\n<p>C\u2019est un devoir pour les \u00e9v\u00eaques de porter au Si\u00e8ge Apostolique le t\u00e9moignage sinc\u00e8re et complet de la v\u00e9rit\u00e9, dans toute cause qui peut ou qui doit \u00eatre soumise \u00e0 son jugement. Aussi, puisque la question de la vie et de la saintet\u00e9 du v\u00e9n\u00e9rable Vincent de Paul, fondateur et premier sup\u00e9rieur g\u00e9n\u00e9ral de la Congr\u00e9gation de la Mission, est pos\u00e9e, nous attestons que nous l\u2019avons connu d\u00e8s notre jeunesse, et que nous avons puis\u00e9 le v\u00e9ritable et parfait esprit de la pi\u00e9t\u00e9 chr\u00e9tienne et de la discipline eccl\u00e9siastique dans ses pieux entretiens et ses sages conseils, dont le souvenir nous charme grandement encore \u00e0 cet \u00e2ge.<\/p>\n<p>Dans la suite, alors que nous \u00e9tions d\u00e9j\u00e0 dans les ordres, nous f\u00fbmes admis dans cette compagnie de vertueux pr\u00eatres institu\u00e9e par lui, et qui s\u2019assemblait chaque semaine sous sa direction, pour conf\u00e9rer des choses de Dieu. Vincent \u00e9tait l\u2019\u00e2me de ces pieuses r\u00e9unions. Quand, avides, nous \u00e9coutions sa parole, pas un qui n\u2019y sent\u00eet l\u2019accomplissement du mot de l\u2019ap\u00f4tre : <em>Si quelqu\u2019un parle, que sa parole soit comme de Dieu ; si quelqu\u2019un administre, que son administration \u00e9mane comme de la vertu m\u00eame de Dieu.<\/em><\/p>\n<p>La r\u00e9putation et la pi\u00e9t\u00e9 de Vincent attiraient souvent \u00e0 ces conf\u00e9rences des pr\u00e9lats renomm\u00e9s, qui y trouvaient de pr\u00e9cieuses ressources en vue de leurs charges pastorales et de leurs travaux apostoliques. L\u00e0, en effet, s\u2019offraient \u00e0 eux d\u2019infatigables ouvriers pr\u00eats \u00e0 porter la parole de v\u00e9rit\u00e9 dans leurs dioc\u00e8ses et \u00e0 pr\u00eacher l\u2019\u00c9vangile non moins par l\u2019exemple que par la parole. Ce fut pour nous-m\u00eame un temps bien cher que celui o\u00f9, partageant leurs labeurs, nous nous efforcions de conduire dans les p\u00e2turages de vie le troupeau de l\u2019\u00e9glise de Metz, dans laquelle nous remplissions alors des fonctions ; il n\u2019\u00e9tait personne qui ne compr\u00eet que le succ\u00e8s de cette mission devait \u00eatre attribu\u00e9 aux saintes exhortations du v\u00e9n\u00e9rable Vincent, \u00e0 ses conseils, et surtout \u00e0 ses pri\u00e8res.<\/p>\n<p>Lorsque nous d\u00fbmes \u00eatre promu au sacerdoce, ce fut lui et les siens qui nous y pr\u00e9par\u00e8rent. Il avait \u00e9tabli des retraites pour les ordinands, et plusieurs fois m\u00eame il nous pria de prendre la parole sur les devoirs des eccl\u00e9siastiques, comme cela se fait d\u2019ordinaire durant ces exercices, et, fortifi\u00e9 par les pri\u00e8res et par les avis de cet homme excellent, nous acceptions volontiers le pieux fardeau, C\u2019est dans ces rencontres qu\u2019il nous a \u00e9t\u00e9 donn\u00e9 de jouir de lui \u00e0 loisir dans le Seigneur, d\u2019admirer de pr\u00e8s ses vertus et surtout sa charit\u00e9 vraiment apostolique, sa gravit\u00e9, sa prudence, jointe \u00e0 une admirable simplicit\u00e9 ; son amour de la discipline eccl\u00e9siastique, son z\u00e8le pour le salut des \u00e2mes, sa force invincible et sa constance contre tous les genres de corruption.<\/p>\n<p>Tout le monde se rappelle, et pour moi c\u2019est avec bonheur, combien sa foi \u00e9tait pure, son respect pour le Si\u00e8ge apostolique profond, sa soumission \u00e0 ses d\u00e9crets sinc\u00e8re et sans r\u00e9serve ; avec quel abaissement d\u2019esprit, quelle humilit\u00e9 de c\u0153ur il servait Dieu, m\u00eame au milieu des plus hautes fonctions qu\u2019il remplissait \u00e0 la Cour.<\/p>\n<p>Aussi la m\u00e9moire de ce saint homme cro\u00eet de jour en jour : il est en tout lieu la bonne odeur de J\u00e9sus-Christ, et tous le jugent digne, s\u2019il pla\u00eet \u00e0 Votre B\u00e9atitude, d\u2019\u00eatre mis au rang des saints par un saint Pontife.<\/p>\n<p>Pour nous, Tr\u00e8s Saint P\u00e8re, nous conservons d\u2019autant plus ch\u00e8rement et plus profond\u00e9ment le souvenir du v\u00e9n\u00e9rable Vincent, qu\u2019il vit encore dans sa Congr\u00e9gation, qu\u2019il nous semble encore le voir travailler dans notre dioc\u00e8se en la personne de ses dignes enfants, qui vivent sous nos yeux, avec qui nous partageons le travail, que nous voyons avec joie infatigablement occup\u00e9s \u00e0 repa\u00eetre et de paroles et d\u2019exemples le troupeau qui nous est confi\u00e9.<\/p>\n<p>Mais pourrions-nous taire cette compagnie de vertueuses filles, qui, form\u00e9e par le pieux Vincent, conduite par les sages r\u00e8gles qu\u2019il leur a donn\u00e9es, s\u2019applique \u00e0 soulager les pauvres et surtout les malades, avec une humilit\u00e9, une charit\u00e9 et une puret\u00e9 qui retracent \u00e0 chaque moment \u00e0 nos yeux et le saint fondateur, et l\u2019esprit dont il \u00e9tait rempli et qu\u2019il a inspir\u00e9 \u00e0 ce saint Institut,<\/p>\n<p>C\u2019est donc avec le souvenir de cet homme de Dieu que nous venons, Tr\u00e8s Saint P\u00e8re, d\u00e9poser dans votre sein paternel le juste t\u00e9moignage que nous devons \u00e0 Vincent, persuad\u00e9 que c\u2019est faire plaisir \u00e0 un saint que de lui parler d\u2019un saint. Mais le profond respect que nous avons pour Votre Saintet\u00e9, et la multitude des affaires importantes qui l\u2019occupent, ne nous permettent pas de l\u2019interrompre plus longtemps, quoique nous sachions que rien n\u2019embarrasse un esprit aussi \u00e9lev\u00e9, une habilet\u00e9 pour les affaires aussi \u00e9tendue, une \u00e2me que le Ciel favorise de ses plus douces consolations, \u00e0 qui il inspire et de sages conseils et la force de les ex\u00e9cuter. Que Dieu conserve longtemps \u00e0 son \u00c9glise un tel chef. Ce sont nos v\u0153ux les plus ardents et les plus sinc\u00e8res, Au reste, Tr\u00e8s Saint P\u00e8re, tout ce que je viens de dire, je le dis devant Dieu en J\u00e9sus- Christ dans toute la sinc\u00e9rit\u00e9 et toute la fid\u00e9lit\u00e9 que je dois et \u00e0 la v\u00e9rit\u00e9 et \u00e0 Votre Saintet\u00e9, dont je suis,<\/p>\n<p>Tr\u00e8s Saint P\u00e8re,<\/p>\n<p>Le tr\u00e8s d\u00e9vou\u00e9 et tr\u00e8s ob\u00e9issant serviteur et fils,<\/p>\n<p>J. B\u00c9NIGNE, \u00c9V\u00caQUE DE MEAUX,<\/p>\n<p>Donn\u00e9 dans notre ville de Meaux le 2 ao\u00fbt 1702.<\/p>\n<p align=\"center\">Lecture <em>Clemens Episcopus Servus servorum<\/em><\/p>\n<p align=\"center\"><em>Ad perpetuam rei memoriam<\/em><\/p>\n<p><em>Superna Hierusalem, et Beata Dei viventis Civitras, in qua a celesti Patre familias unus \u00e6tern\u00e6 vit\u00e6 denarius \u00e6qualiter omnibus, qui in vinea sua operati sunt, distribuitur, habet diversa loca, et mansiones, quas quisque pro suo accepturus est merito\u2026<\/em><\/p>\n<p><em>Beatum Vincentium a Paulo sanctum esse decrevimus et definivimus, ac Sanctorum cathalogo adscripsimus, prout tenore presentium similiter decernimus, definimus et adscribimus, illumque universos Christi fideles tanquam vere sanctum honorare et venerari mandavimus et mandamus ; statuentes, ut ab universali Ecclesia in ejus honorem ecclesie et altaria, in quibus sacrificia Deo offerantur, edificari et consecrari, et singulis annis, die decima nona mensis Julii, memoria ipsius inter Sanctos Confessores non Pontifices pia devotione recoli possit\u2026<\/em><\/p>\n<p>\u2026<\/p>\n<p><em>Decet autem nos gratias agere et gloriam dare Deo viventi in secula seculorum, qui benedixit conservum nostrum in omni benedictione spirituali, ut esset sanctus et immaculatus coram ipso ; et cum illum dederit nobis quasi fulgentem solem in templo suo in hac nocte peccatorum et tribulationum nostrarum, adeamus cum fiducia thronum divine misericordie, ore et opere supplicantes, ut sanctus Vincentius universo chrtistiano populo prosit meritis et exemplo, precibus adsit, et patrocinio, et in tempore iracundie fiat reconciliatio\u2026<\/em><\/p>\n<p align=\"center\"><em>TRADUCTION<\/em><\/p>\n<p align=\"center\"><em>Cl\u00e9ment \u00c9v\u00eaque Serviteur des serviteurs de Dieu Pour perp\u00e9tuelle m\u00e9moire<\/em><\/p>\n<p><em>La J\u00e9rusalem d\u2019en haut, cette bienheureuse Cit\u00e9 du Dieu vivant, dans laquelle le c\u00e9leste P\u00e8re de famille donne \u00e9galement \u00e0 tous ceux qui ont travaill\u00e9 \u00e0 sa vigne le denier de la vie \u00e9ternelle, a des places et des demeures diff\u00e9rentes qui leur seront assign\u00e9es proportionn\u00e9ment \u00e0 leurs m\u00e9rites\u2026<\/em><\/p>\n<p><em>Avons d\u00e9clar\u00e9 et d\u00e9fini que le Bienheureux Vincent de Paul est saint, et nous l\u2019avons mis au catalogue des Saints, comme par la teneur des pr\u00e9sentes nous d\u00e9clarons et d\u00e9finissons la m\u00eame chose, et le pla\u00e7ons audit catalogue ; et nous avons command\u00e9 et commandons \u00e0 tous les fid\u00e8les chr\u00e9tiens de le respecter et honorer comme v\u00e9ritablement saint ; ordonnant de plus que dans toute l\u2019\u00c9glise on puisse b\u00e2tir et consacrer \u00e0 Dieu en l\u2019honneur de son serviteur des \u00e9glises et des autels sur lesquels on offrira des sacrifices au Tout-Puissant, et que chaque ann\u00e9e, le 19 juillet, on puisse en faire la m\u00e9moire comme d\u2019un saint Confesseur non Pontife<\/em>\u2026<\/p>\n<p>\u2026<\/p>\n<p><em>Il est juste que nous rendions gr\u00e2ces et gloire au Dieu vivant dans les si\u00e8cles des si\u00e8cles, de ce qu\u2019il a combl\u00e9 de toutes sortes de b\u00e9n\u00e9dictions spirituelles son serviteur, pour le faire devenir saint et irr\u00e9pr\u00e9hensible en sa pr\u00e9sence ; et, puisqu\u2019il nous l\u2019a donn\u00e9 pour briller dans son temple comme un soleil durant la nuit de nos p\u00e9ch\u00e9s et de nos afflictions, allons avec confiance nous pr\u00e9senter devant le tr\u00f4ne de sa divine mis\u00e9ricorde et lui demander autant par nos \u0153uvres que par nos paroles, que les m\u00e9rites, les exemples, les pri\u00e8res et l\u2019intercession de saint Vincent contribuent \u00e0 l\u2019avantage de tout le peuple chr\u00e9tien, et qu\u2019au temps de la col\u00e8re le Bienheureux soit notre r\u00e9conciliation\u2026<\/em><\/p>\n<p>Signatures du Pape et des trois premiers cardinaux qui ont sign\u00e9 apr\u00e8s lui la bulle de canonisation de saint Vincent de Paul,<\/p>\n<p>&nbsp;<\/p>\n<p>#Ego Clemens Catholic\u00e6 Ecclesi\u00e6\u00a0\u00a0\u00a0\u00a0\u00a0\u00a0\u00a0\u00a0\u00a0\u00a0\u00a0\u00a0\u00a0\u00a0\u00a0\u00a0\u00a0\u00a0\u00a0\u00a0\u00a0 #Cl\u00e9ment, \u00e9v\u00eaque de l\u2019\u00c9glise catholique.<\/p>\n<p>Episcopus,<\/p>\n<p>#Ego Franciscus Episcopus Ostiensis,\u00a0\u00a0\u00a0\u00a0\u00a0\u00a0\u00a0\u00a0\u00a0\u00a0\u00a0\u00a0\u00a0\u00a0\u00a0\u00a0 #Fran\u00e7ois Barberini, Cardinal, \u00c9v\u00eaque<\/p>\n<p>Cardinalis Barberinus.\u00a0\u00a0\u00a0\u00a0\u00a0\u00a0\u00a0\u00a0\u00a0\u00a0\u00a0\u00a0\u00a0\u00a0\u00a0\u00a0\u00a0\u00a0\u00a0\u00a0\u00a0\u00a0\u00a0\u00a0\u00a0\u00a0\u00a0\u00a0\u00a0\u00a0\u00a0\u00a0\u00a0\u00a0\u00a0\u00a0\u00a0\u00a0\u00a0 d\u2019Ostie.<\/p>\n<p>#Ego Petrus Episcopus Portuensis,\u00a0\u00a0\u00a0\u00a0\u00a0\u00a0\u00a0\u00a0\u00a0\u00a0\u00a0\u00a0\u00a0\u00a0\u00a0\u00a0\u00a0\u00a0\u00a0\u00a0\u00a0 # Pierre Ottoboni, Cardinal, \u00e9v\u00eaque<\/p>\n<p>Cardinalis Otthobonus. de Porto,<\/p>\n<p># Ego Thomas Episcopus Pr\u0153nestinus,\u00a0\u00a0\u00a0\u00a0\u00a0\u00a0\u00a0\u00a0\u00a0\u00a0\u00a0\u00a0\u00a0\u00a0\u00a0 #Thomas Ruffo, Cardinal, \u00e9v\u00eaque de<\/p>\n<p>Cardinalis Ruffus. Palestrine.<\/p>\n<p>(Suivent les signatures de trente-deux autres cardinaux)<\/p>\n","protected":false},"excerpt":{"rendered":"<p>Le 22 juillet 1709, Jean Conty, procureur de la Mission \u00e0 Rome, offrait au pape Cl\u00e9ment XI, dans un bassin de vermeil, plus de soixante lettres par lesquelles on demandait au Souverain Pontife la canonisation &#8230; <a href=\"http:\/\/vincentians.com\/fr\/saint-vincent-de-paul-et-sa-mission-sociale-v-la-canonisation\/\" class=\"more-link\">Read More<\/a><\/p>\n","protected":false},"author":4,"featured_media":189807,"comment_status":"open","ping_status":"open","sticky":false,"template":"","format":"standard","meta":{"jetpack_post_was_ever_published":false,"_jetpack_newsletter_access":"","_jetpack_dont_email_post_to_subs":false,"_jetpack_newsletter_tier_id":0,"_jetpack_memberships_contains_paywalled_content":false,"_jetpack_memberships_contains_paid_content":false,"footnotes":"","jetpack_publicize_message":"","jetpack_publicize_feature_enabled":true,"jetpack_social_post_already_shared":true,"jetpack_social_options":{"image_generator_settings":{"template":"highway","default_image_id":0,"font":"","enabled":false},"version":2}},"categories":[5],"tags":[],"class_list":["post-52066","post","type-post","status-publish","format-standard","has-post-thumbnail","hentry","category-vincent-de-paul"],"yoast_head":"<!-- This site is optimized with the Yoast SEO plugin v26.3 - https:\/\/yoast.com\/wordpress\/plugins\/seo\/ -->\n<title>Saint Vincent De Paul Et Sa Mission Sociale. V - La Canonisation - Nous Sommes Vincentiens<\/title>\n<meta name=\"robots\" content=\"index, follow, max-snippet:-1, max-image-preview:large, max-video-preview:-1\" \/>\n<link rel=\"canonical\" href=\"http:\/\/vincentians.com\/fr\/saint-vincent-de-paul-et-sa-mission-sociale-v-la-canonisation\/\" \/>\n<meta property=\"og:locale\" content=\"fr_FR\" \/>\n<meta property=\"og:type\" content=\"article\" \/>\n<meta property=\"og:title\" content=\"Saint Vincent De Paul Et Sa Mission Sociale. V - La Canonisation - Nous Sommes Vincentiens\" \/>\n<meta property=\"og:description\" content=\"Le 22 juillet 1709, Jean Conty, procureur de la Mission \u00e0 Rome, offrait au pape Cl\u00e9ment XI, dans un bassin de vermeil, plus de soixante lettres par lesquelles on demandait au Souverain Pontife la canonisation ... Read More\" \/>\n<meta property=\"og:url\" content=\"http:\/\/vincentians.com\/fr\/saint-vincent-de-paul-et-sa-mission-sociale-v-la-canonisation\/\" \/>\n<meta property=\"og:site_name\" content=\"Nous Sommes Vincentiens\" \/>\n<meta property=\"article:publisher\" content=\"https:\/\/www.facebook.com\/WeAreVincentians\/\" \/>\n<meta property=\"article:author\" content=\"https:\/\/www.facebook.com\/JavierChento\" \/>\n<meta property=\"article:published_time\" content=\"2014-12-29T03:45:22+00:00\" \/>\n<meta property=\"og:image\" content=\"https:\/\/i0.wp.com\/vincentians.com\/fr\/wp-content\/uploads\/sites\/10\/2016\/07\/vincent-et-sa-action-sociale.jpg?fit=1160%2C630\" \/>\n\t<meta property=\"og:image:width\" content=\"1160\" \/>\n\t<meta property=\"og:image:height\" content=\"630\" \/>\n\t<meta property=\"og:image:type\" content=\"image\/jpeg\" \/>\n<meta name=\"author\" content=\"Francisco Javier Fern\u00e1ndez Chento\" \/>\n<meta name=\"twitter:card\" content=\"summary_large_image\" \/>\n<meta name=\"twitter:creator\" content=\"@https:\/\/twitter.com\/javierchento\" \/>\n<meta name=\"twitter:site\" content=\"@WeVincentians\" \/>\n<meta name=\"twitter:label1\" content=\"\u00c9crit par\" \/>\n\t<meta name=\"twitter:data1\" content=\"Francisco Javier Fern\u00e1ndez Chento\" \/>\n\t<meta name=\"twitter:label2\" content=\"Dur\u00e9e de lecture estim\u00e9e\" \/>\n\t<meta name=\"twitter:data2\" content=\"13 minutes\" \/>\n<script type=\"application\/ld+json\" class=\"yoast-schema-graph\">{\"@context\":\"https:\/\/schema.org\",\"@graph\":[{\"@type\":\"WebPage\",\"@id\":\"http:\/\/vincentians.com\/fr\/saint-vincent-de-paul-et-sa-mission-sociale-v-la-canonisation\/\",\"url\":\"http:\/\/vincentians.com\/fr\/saint-vincent-de-paul-et-sa-mission-sociale-v-la-canonisation\/\",\"name\":\"Saint Vincent De Paul Et Sa Mission Sociale. V - La Canonisation - Nous Sommes Vincentiens\",\"isPartOf\":{\"@id\":\"http:\/\/vincentians.com\/fr\/#website\"},\"primaryImageOfPage\":{\"@id\":\"http:\/\/vincentians.com\/fr\/saint-vincent-de-paul-et-sa-mission-sociale-v-la-canonisation\/#primaryimage\"},\"image\":{\"@id\":\"http:\/\/vincentians.com\/fr\/saint-vincent-de-paul-et-sa-mission-sociale-v-la-canonisation\/#primaryimage\"},\"thumbnailUrl\":\"https:\/\/i0.wp.com\/vincentians.com\/fr\/wp-content\/uploads\/sites\/10\/2016\/07\/vincent-et-sa-action-sociale.jpg?fit=1160%2C630\",\"datePublished\":\"2014-12-29T03:45:22+00:00\",\"author\":{\"@id\":\"http:\/\/vincentians.com\/fr\/#\/schema\/person\/9623ef4d9aa3b2dfb8c061f1499288f2\"},\"breadcrumb\":{\"@id\":\"http:\/\/vincentians.com\/fr\/saint-vincent-de-paul-et-sa-mission-sociale-v-la-canonisation\/#breadcrumb\"},\"inLanguage\":\"fr-FR\",\"potentialAction\":[{\"@type\":\"ReadAction\",\"target\":[\"http:\/\/vincentians.com\/fr\/saint-vincent-de-paul-et-sa-mission-sociale-v-la-canonisation\/\"]}]},{\"@type\":\"ImageObject\",\"inLanguage\":\"fr-FR\",\"@id\":\"http:\/\/vincentians.com\/fr\/saint-vincent-de-paul-et-sa-mission-sociale-v-la-canonisation\/#primaryimage\",\"url\":\"https:\/\/i0.wp.com\/vincentians.com\/fr\/wp-content\/uploads\/sites\/10\/2016\/07\/vincent-et-sa-action-sociale.jpg?fit=1160%2C630\",\"contentUrl\":\"https:\/\/i0.wp.com\/vincentians.com\/fr\/wp-content\/uploads\/sites\/10\/2016\/07\/vincent-et-sa-action-sociale.jpg?fit=1160%2C630\",\"width\":1160,\"height\":630},{\"@type\":\"BreadcrumbList\",\"@id\":\"http:\/\/vincentians.com\/fr\/saint-vincent-de-paul-et-sa-mission-sociale-v-la-canonisation\/#breadcrumb\",\"itemListElement\":[{\"@type\":\"ListItem\",\"position\":1,\"name\":\"Portada\",\"item\":\"http:\/\/vincentians.com\/fr\/\"},{\"@type\":\"ListItem\",\"position\":2,\"name\":\"Saint Vincent De Paul Et Sa Mission Sociale. V &#8211; La Canonisation\"}]},{\"@type\":\"WebSite\",\"@id\":\"http:\/\/vincentians.com\/fr\/#website\",\"url\":\"http:\/\/vincentians.com\/fr\/\",\"name\":\"Nous Sommes Vincentiens\",\"description\":\"Know more to serve more\",\"potentialAction\":[{\"@type\":\"SearchAction\",\"target\":{\"@type\":\"EntryPoint\",\"urlTemplate\":\"http:\/\/vincentians.com\/fr\/?s={search_term_string}\"},\"query-input\":{\"@type\":\"PropertyValueSpecification\",\"valueRequired\":true,\"valueName\":\"search_term_string\"}}],\"inLanguage\":\"fr-FR\"},{\"@type\":\"Person\",\"@id\":\"http:\/\/vincentians.com\/fr\/#\/schema\/person\/9623ef4d9aa3b2dfb8c061f1499288f2\",\"name\":\"Francisco Javier Fern\u00e1ndez Chento\",\"image\":{\"@type\":\"ImageObject\",\"inLanguage\":\"fr-FR\",\"@id\":\"http:\/\/vincentians.com\/fr\/#\/schema\/person\/image\/\",\"url\":\"https:\/\/secure.gravatar.com\/avatar\/497d5cde87b4c3d097d0315953521681ba2cd523ee66e5077c3711f7021e65de?s=96&d=mm&r=g\",\"contentUrl\":\"https:\/\/secure.gravatar.com\/avatar\/497d5cde87b4c3d097d0315953521681ba2cd523ee66e5077c3711f7021e65de?s=96&d=mm&r=g\",\"caption\":\"Francisco Javier Fern\u00e1ndez Chento\"},\"description\":\"Director General y cofundador de La Red de Formaci\u00f3n Vicenciana. Javier es laico vicenciano, afiliado a la Congregaci\u00f3n de la Misi\u00f3n y miembro del Equipo de Misiones Populares de la provincia can\u00f3nica de Zaragoza (Espa\u00f1a) de la Congregaci\u00f3n de la Misi\u00f3n. Graduado en la Universidad Oberta de Catalunya con cuatro grados (Asistente de direcci\u00f3n, Gesti\u00f3n Administrativa, Recursos Humanos y Contabilidad Avanzada). Bil\u00edng\u00fce Espa\u00f1ol\/Ingl\u00e9s. gestiona y mantiene varias p\u00e1ginas web cristianas y vicencianas, incluida including La Red de Formaci\u00f3n Vicenciana, de la que es cofundador. Actualmente es responsable del \u00e1rea de Espa\u00f1ol de .famvin, la Red de Noticias de la Familia Vicenciana. Tambi\u00e9n es m\u00fasico cat\u00f3lico y ha editado varios discos. Es Director General y cofundador de Trovador, una reconocida compa\u00f1\u00eda discogr\u00e1fica critiana de Espa\u00f1a. Trabaja en las Tecnolog\u00edas de la Informaci\u00f3n, ofreciendo servicios de alojamiento, dise\u00f1o y mantenimiento Web, as\u00ed como asesoramiento, formaci\u00f3n y soluciones inform\u00e1ticas, gesti\u00f3n documental y digitalizaci\u00f3n de textos, edici\u00f3n y maquetaci\u00f3n de libros, revistas, flyers, etc.\",\"sameAs\":[\"http:\/\/chento.org\",\"https:\/\/www.facebook.com\/JavierChento\",\"https:\/\/x.com\/https:\/\/twitter.com\/javierchento\"],\"url\":\"http:\/\/vincentians.com\/fr\/author\/chento\/\"}]}<\/script>\n<!-- \/ Yoast SEO plugin. -->","yoast_head_json":{"title":"Saint Vincent De Paul Et Sa Mission Sociale. V - La Canonisation - Nous Sommes Vincentiens","robots":{"index":"index","follow":"follow","max-snippet":"max-snippet:-1","max-image-preview":"max-image-preview:large","max-video-preview":"max-video-preview:-1"},"canonical":"http:\/\/vincentians.com\/fr\/saint-vincent-de-paul-et-sa-mission-sociale-v-la-canonisation\/","og_locale":"fr_FR","og_type":"article","og_title":"Saint Vincent De Paul Et Sa Mission Sociale. V - La Canonisation - Nous Sommes Vincentiens","og_description":"Le 22 juillet 1709, Jean Conty, procureur de la Mission \u00e0 Rome, offrait au pape Cl\u00e9ment XI, dans un bassin de vermeil, plus de soixante lettres par lesquelles on demandait au Souverain Pontife la canonisation ... Read More","og_url":"http:\/\/vincentians.com\/fr\/saint-vincent-de-paul-et-sa-mission-sociale-v-la-canonisation\/","og_site_name":"Nous Sommes Vincentiens","article_publisher":"https:\/\/www.facebook.com\/WeAreVincentians\/","article_author":"https:\/\/www.facebook.com\/JavierChento","article_published_time":"2014-12-29T03:45:22+00:00","og_image":[{"width":1160,"height":630,"url":"https:\/\/i0.wp.com\/vincentians.com\/fr\/wp-content\/uploads\/sites\/10\/2016\/07\/vincent-et-sa-action-sociale.jpg?fit=1160%2C630","type":"image\/jpeg"}],"author":"Francisco Javier Fern\u00e1ndez Chento","twitter_card":"summary_large_image","twitter_creator":"@https:\/\/twitter.com\/javierchento","twitter_site":"@WeVincentians","twitter_misc":{"\u00c9crit par":"Francisco Javier Fern\u00e1ndez Chento","Dur\u00e9e de lecture estim\u00e9e":"13 minutes"},"schema":{"@context":"https:\/\/schema.org","@graph":[{"@type":"WebPage","@id":"http:\/\/vincentians.com\/fr\/saint-vincent-de-paul-et-sa-mission-sociale-v-la-canonisation\/","url":"http:\/\/vincentians.com\/fr\/saint-vincent-de-paul-et-sa-mission-sociale-v-la-canonisation\/","name":"Saint Vincent De Paul Et Sa Mission Sociale. V - La Canonisation - Nous Sommes Vincentiens","isPartOf":{"@id":"http:\/\/vincentians.com\/fr\/#website"},"primaryImageOfPage":{"@id":"http:\/\/vincentians.com\/fr\/saint-vincent-de-paul-et-sa-mission-sociale-v-la-canonisation\/#primaryimage"},"image":{"@id":"http:\/\/vincentians.com\/fr\/saint-vincent-de-paul-et-sa-mission-sociale-v-la-canonisation\/#primaryimage"},"thumbnailUrl":"https:\/\/i0.wp.com\/vincentians.com\/fr\/wp-content\/uploads\/sites\/10\/2016\/07\/vincent-et-sa-action-sociale.jpg?fit=1160%2C630","datePublished":"2014-12-29T03:45:22+00:00","author":{"@id":"http:\/\/vincentians.com\/fr\/#\/schema\/person\/9623ef4d9aa3b2dfb8c061f1499288f2"},"breadcrumb":{"@id":"http:\/\/vincentians.com\/fr\/saint-vincent-de-paul-et-sa-mission-sociale-v-la-canonisation\/#breadcrumb"},"inLanguage":"fr-FR","potentialAction":[{"@type":"ReadAction","target":["http:\/\/vincentians.com\/fr\/saint-vincent-de-paul-et-sa-mission-sociale-v-la-canonisation\/"]}]},{"@type":"ImageObject","inLanguage":"fr-FR","@id":"http:\/\/vincentians.com\/fr\/saint-vincent-de-paul-et-sa-mission-sociale-v-la-canonisation\/#primaryimage","url":"https:\/\/i0.wp.com\/vincentians.com\/fr\/wp-content\/uploads\/sites\/10\/2016\/07\/vincent-et-sa-action-sociale.jpg?fit=1160%2C630","contentUrl":"https:\/\/i0.wp.com\/vincentians.com\/fr\/wp-content\/uploads\/sites\/10\/2016\/07\/vincent-et-sa-action-sociale.jpg?fit=1160%2C630","width":1160,"height":630},{"@type":"BreadcrumbList","@id":"http:\/\/vincentians.com\/fr\/saint-vincent-de-paul-et-sa-mission-sociale-v-la-canonisation\/#breadcrumb","itemListElement":[{"@type":"ListItem","position":1,"name":"Portada","item":"http:\/\/vincentians.com\/fr\/"},{"@type":"ListItem","position":2,"name":"Saint Vincent De Paul Et Sa Mission Sociale. V &#8211; La Canonisation"}]},{"@type":"WebSite","@id":"http:\/\/vincentians.com\/fr\/#website","url":"http:\/\/vincentians.com\/fr\/","name":"Nous Sommes Vincentiens","description":"Know more to serve more","potentialAction":[{"@type":"SearchAction","target":{"@type":"EntryPoint","urlTemplate":"http:\/\/vincentians.com\/fr\/?s={search_term_string}"},"query-input":{"@type":"PropertyValueSpecification","valueRequired":true,"valueName":"search_term_string"}}],"inLanguage":"fr-FR"},{"@type":"Person","@id":"http:\/\/vincentians.com\/fr\/#\/schema\/person\/9623ef4d9aa3b2dfb8c061f1499288f2","name":"Francisco Javier Fern\u00e1ndez Chento","image":{"@type":"ImageObject","inLanguage":"fr-FR","@id":"http:\/\/vincentians.com\/fr\/#\/schema\/person\/image\/","url":"https:\/\/secure.gravatar.com\/avatar\/497d5cde87b4c3d097d0315953521681ba2cd523ee66e5077c3711f7021e65de?s=96&d=mm&r=g","contentUrl":"https:\/\/secure.gravatar.com\/avatar\/497d5cde87b4c3d097d0315953521681ba2cd523ee66e5077c3711f7021e65de?s=96&d=mm&r=g","caption":"Francisco Javier Fern\u00e1ndez Chento"},"description":"Director General y cofundador de La Red de Formaci\u00f3n Vicenciana. Javier es laico vicenciano, afiliado a la Congregaci\u00f3n de la Misi\u00f3n y miembro del Equipo de Misiones Populares de la provincia can\u00f3nica de Zaragoza (Espa\u00f1a) de la Congregaci\u00f3n de la Misi\u00f3n. Graduado en la Universidad Oberta de Catalunya con cuatro grados (Asistente de direcci\u00f3n, Gesti\u00f3n Administrativa, Recursos Humanos y Contabilidad Avanzada). Bil\u00edng\u00fce Espa\u00f1ol\/Ingl\u00e9s. gestiona y mantiene varias p\u00e1ginas web cristianas y vicencianas, incluida including La Red de Formaci\u00f3n Vicenciana, de la que es cofundador. Actualmente es responsable del \u00e1rea de Espa\u00f1ol de .famvin, la Red de Noticias de la Familia Vicenciana. Tambi\u00e9n es m\u00fasico cat\u00f3lico y ha editado varios discos. Es Director General y cofundador de Trovador, una reconocida compa\u00f1\u00eda discogr\u00e1fica critiana de Espa\u00f1a. Trabaja en las Tecnolog\u00edas de la Informaci\u00f3n, ofreciendo servicios de alojamiento, dise\u00f1o y mantenimiento Web, as\u00ed como asesoramiento, formaci\u00f3n y soluciones inform\u00e1ticas, gesti\u00f3n documental y digitalizaci\u00f3n de textos, edici\u00f3n y maquetaci\u00f3n de libros, revistas, flyers, etc.","sameAs":["http:\/\/chento.org","https:\/\/www.facebook.com\/JavierChento","https:\/\/x.com\/https:\/\/twitter.com\/javierchento"],"url":"http:\/\/vincentians.com\/fr\/author\/chento\/"}]}},"jetpack_publicize_connections":[],"jetpack_featured_media_url":"https:\/\/i0.wp.com\/vincentians.com\/fr\/wp-content\/uploads\/sites\/10\/2016\/07\/vincent-et-sa-action-sociale.jpg?fit=1160%2C630","jetpack_sharing_enabled":true,"jetpack_shortlink":"https:\/\/wp.me\/p7ETMP-dxM","jetpack-related-posts":[{"id":52057,"url":"http:\/\/vincentians.com\/fr\/saint-vincent-de-paul-et-sa-mission-sociale-iii-laction-3\/","url_meta":{"origin":52066,"position":0},"title":"Saint Vincent De Paul Et Sa Mission Sociale. III &#8211; L\u2019action (3)","author":"Francisco Javier Fern\u00e1ndez Chento","date":"27\/12\/2014","format":false,"excerpt":"LA POLITIQUE ET LA CHARIT\u00c9. \u2014 La charit\u00e9 dans l\u2019\u00c9tat. \u2014 La guerre en Lorraine. \u2014 Vincent de Paul vient au secours de cette malheureuse province. \u2014 Les r\u00e9fugi\u00e9s lorrains \u00e0 Paris. \u2014 Vincent de Paul et Richelieu. \u2014 Les deux politiques. \u2014 Vincent au lit de mort de Louis\u2026","rel":"","context":"Dans &quot;Vincent de Paul&quot;","block_context":{"text":"Vincent de Paul","link":"http:\/\/vincentians.com\/fr\/category\/the-vincentian-family\/founders\/vincent-de-paul\/"},"img":{"alt_text":"","src":"https:\/\/i0.wp.com\/vincentians.com\/fr\/wp-content\/uploads\/sites\/10\/2016\/07\/vincent-et-sa-action-sociale.jpg?fit=1160%2C630&resize=350%2C200","width":350,"height":200,"srcset":"https:\/\/i0.wp.com\/vincentians.com\/fr\/wp-content\/uploads\/sites\/10\/2016\/07\/vincent-et-sa-action-sociale.jpg?fit=1160%2C630&resize=350%2C200 1x, https:\/\/i0.wp.com\/vincentians.com\/fr\/wp-content\/uploads\/sites\/10\/2016\/07\/vincent-et-sa-action-sociale.jpg?fit=1160%2C630&resize=525%2C300 1.5x, https:\/\/i0.wp.com\/vincentians.com\/fr\/wp-content\/uploads\/sites\/10\/2016\/07\/vincent-et-sa-action-sociale.jpg?fit=1160%2C630&resize=700%2C400 2x, https:\/\/i0.wp.com\/vincentians.com\/fr\/wp-content\/uploads\/sites\/10\/2016\/07\/vincent-et-sa-action-sociale.jpg?fit=1160%2C630&resize=1050%2C600 3x"},"classes":[]},{"id":52054,"url":"http:\/\/vincentians.com\/fr\/saint-vincent-de-paul-et-sa-mission-sociale-iii-laction-2\/","url_meta":{"origin":52066,"position":1},"title":"Saint Vincent De Paul Et Sa Mission Sociale. III &#8211; L\u2019action (2)","author":"Francisco Javier Fern\u00e1ndez Chento","date":"26\/12\/2014","format":false,"excerpt":"LA RENAISSANCE RELIGIEUSE. \u2014 Le compl\u00e9ment des missions. \u2014 \u00c9tat du clerg\u00e9 depuis le concile de Trente. \u2014 N\u00e9cessit\u00e9 d\u2019une r\u00e9forme. \u2014 Les exercices des ordinands. \u2014 Saint-Lazare. \u2014 La conf\u00e9rence du mardi. \u2014 Bossuet. \u2014 Les retraites spirituelles. \u2014 Le coll\u00e8ge des Bons-Enfants. \u2014 Vincent de Paul et Olier.\u2026","rel":"","context":"Dans &quot;Vincent de Paul&quot;","block_context":{"text":"Vincent de Paul","link":"http:\/\/vincentians.com\/fr\/category\/the-vincentian-family\/founders\/vincent-de-paul\/"},"img":{"alt_text":"","src":"https:\/\/i0.wp.com\/vincentians.com\/fr\/wp-content\/uploads\/sites\/10\/2016\/07\/vincent-et-sa-action-sociale.jpg?fit=1160%2C630&resize=350%2C200","width":350,"height":200,"srcset":"https:\/\/i0.wp.com\/vincentians.com\/fr\/wp-content\/uploads\/sites\/10\/2016\/07\/vincent-et-sa-action-sociale.jpg?fit=1160%2C630&resize=350%2C200 1x, https:\/\/i0.wp.com\/vincentians.com\/fr\/wp-content\/uploads\/sites\/10\/2016\/07\/vincent-et-sa-action-sociale.jpg?fit=1160%2C630&resize=525%2C300 1.5x, https:\/\/i0.wp.com\/vincentians.com\/fr\/wp-content\/uploads\/sites\/10\/2016\/07\/vincent-et-sa-action-sociale.jpg?fit=1160%2C630&resize=700%2C400 2x, https:\/\/i0.wp.com\/vincentians.com\/fr\/wp-content\/uploads\/sites\/10\/2016\/07\/vincent-et-sa-action-sociale.jpg?fit=1160%2C630&resize=1050%2C600 3x"},"classes":[]},{"id":105532,"url":"http:\/\/vincentians.com\/fr\/ephemerides-15-janvier\/","url_meta":{"origin":52066,"position":2},"title":"Eph\u00e9m\u00e9rides: 15 janvier","author":"Francisco Javier Fern\u00e1ndez Chento","date":"15\/01\/2017","format":false,"excerpt":"1947. \u00c0 Shanghai, M. Paul Legris\u00a0: il partit en Chine, sit\u00f4t son ordination, en 1894, et, apr\u00e8s avoir solidement travaill\u00e9 pendant vingt-six ans dans le Kiang-si, il fut nomm\u00e9 visiteur de la Chine m\u00e9ridionale et directeur des Filles de la Charit\u00e9 pour toute la Chine. Il donna sa d\u00e9mission en\u2026","rel":"","context":"Dans &quot;\u00c9ph\u00e9m\u00e9rides vincentiens&quot;","block_context":{"text":"\u00c9ph\u00e9m\u00e9rides vincentiens","link":"http:\/\/vincentians.com\/fr\/category\/ephemerides-vincentiens\/"},"img":{"alt_text":"","src":"https:\/\/i0.wp.com\/vincentians.com\/fr\/wp-content\/uploads\/sites\/10\/2016\/07\/ephemerides-fb.jpg?fit=1200%2C630&resize=350%2C200","width":350,"height":200,"srcset":"https:\/\/i0.wp.com\/vincentians.com\/fr\/wp-content\/uploads\/sites\/10\/2016\/07\/ephemerides-fb.jpg?fit=1200%2C630&resize=350%2C200 1x, https:\/\/i0.wp.com\/vincentians.com\/fr\/wp-content\/uploads\/sites\/10\/2016\/07\/ephemerides-fb.jpg?fit=1200%2C630&resize=525%2C300 1.5x, https:\/\/i0.wp.com\/vincentians.com\/fr\/wp-content\/uploads\/sites\/10\/2016\/07\/ephemerides-fb.jpg?fit=1200%2C630&resize=700%2C400 2x, https:\/\/i0.wp.com\/vincentians.com\/fr\/wp-content\/uploads\/sites\/10\/2016\/07\/ephemerides-fb.jpg?fit=1200%2C630&resize=1050%2C600 3x"},"classes":[]},{"id":52052,"url":"http:\/\/vincentians.com\/fr\/saint-vincent-de-paul-et-sa-mission-sociale-iii-laction-1\/","url_meta":{"origin":52066,"position":3},"title":"Saint Vincent De Paul Et Sa Mission Sociale. III &#8211; L\u2019action (1)","author":"Francisco Javier Fern\u00e1ndez Chento","date":"25\/12\/2014","format":false,"excerpt":"LES MISSIONS. \u2014 Saint Vincent de Paul missionnaire. \u2014 Organisation des missions rurales. \u2014 Vertus et qualit\u00e9s des missionnaires. \u2014 La pr\u00e9dication d\u2019apr\u00e8s le saint. \u2014 Sa conduite envers les h\u00e9r\u00e9tiques et les infid\u00e8les. \u2014 Les imitateurs de Vincent de Paul. \u2014 Fruits du nouvel apostolat. \u2014 Missions \u00e0 la\u2026","rel":"","context":"Dans &quot;Vincent de Paul&quot;","block_context":{"text":"Vincent de Paul","link":"http:\/\/vincentians.com\/fr\/category\/the-vincentian-family\/founders\/vincent-de-paul\/"},"img":{"alt_text":"","src":"https:\/\/i0.wp.com\/vincentians.com\/fr\/wp-content\/uploads\/sites\/10\/2016\/07\/vincent-et-sa-action-sociale.jpg?fit=1160%2C630&resize=350%2C200","width":350,"height":200,"srcset":"https:\/\/i0.wp.com\/vincentians.com\/fr\/wp-content\/uploads\/sites\/10\/2016\/07\/vincent-et-sa-action-sociale.jpg?fit=1160%2C630&resize=350%2C200 1x, https:\/\/i0.wp.com\/vincentians.com\/fr\/wp-content\/uploads\/sites\/10\/2016\/07\/vincent-et-sa-action-sociale.jpg?fit=1160%2C630&resize=525%2C300 1.5x, https:\/\/i0.wp.com\/vincentians.com\/fr\/wp-content\/uploads\/sites\/10\/2016\/07\/vincent-et-sa-action-sociale.jpg?fit=1160%2C630&resize=700%2C400 2x, https:\/\/i0.wp.com\/vincentians.com\/fr\/wp-content\/uploads\/sites\/10\/2016\/07\/vincent-et-sa-action-sociale.jpg?fit=1160%2C630&resize=1050%2C600 3x"},"classes":[]},{"id":52024,"url":"http:\/\/vincentians.com\/fr\/saint-vincent-de-paul-et-sa-mission-sociale-i-la-vocation-2\/","url_meta":{"origin":52066,"position":4},"title":"Saint Vincent De Paul Et Sa Mission Sociale. I &#8211; La vocation (2)","author":"Francisco Javier Fern\u00e1ndez Chento","date":"19\/12\/2014","format":false,"excerpt":"LA PR\u00c9PARATION. Vincent ach\u00e8ve ses \u00e9tudes th\u00e9ologiques et re\u00e7oit les ordres sacr\u00e9s. \u2014 Son voyage \u00e0 Bordeaux. \u2014 Sa captivit\u00e9 en Tunisie. \u2014 Il va \u00e0 Rome. \u2014 Mission aupr\u00e8s de Henri IV. \u2014 Le juge de Sore. \u2014 Vincent chez la reine Marguerite. \u2014 Commencement de sa vocation. \u2014\u2026","rel":"","context":"Dans &quot;Vincent de Paul&quot;","block_context":{"text":"Vincent de Paul","link":"http:\/\/vincentians.com\/fr\/category\/the-vincentian-family\/founders\/vincent-de-paul\/"},"img":{"alt_text":"","src":"https:\/\/i0.wp.com\/vincentians.com\/fr\/wp-content\/uploads\/sites\/10\/2016\/07\/vincent-et-sa-action-sociale.jpg?fit=1160%2C630&resize=350%2C200","width":350,"height":200,"srcset":"https:\/\/i0.wp.com\/vincentians.com\/fr\/wp-content\/uploads\/sites\/10\/2016\/07\/vincent-et-sa-action-sociale.jpg?fit=1160%2C630&resize=350%2C200 1x, https:\/\/i0.wp.com\/vincentians.com\/fr\/wp-content\/uploads\/sites\/10\/2016\/07\/vincent-et-sa-action-sociale.jpg?fit=1160%2C630&resize=525%2C300 1.5x, https:\/\/i0.wp.com\/vincentians.com\/fr\/wp-content\/uploads\/sites\/10\/2016\/07\/vincent-et-sa-action-sociale.jpg?fit=1160%2C630&resize=700%2C400 2x, https:\/\/i0.wp.com\/vincentians.com\/fr\/wp-content\/uploads\/sites\/10\/2016\/07\/vincent-et-sa-action-sociale.jpg?fit=1160%2C630&resize=1050%2C600 3x"},"classes":[]},{"id":56718,"url":"http:\/\/vincentians.com\/fr\/louis-abelly\/","url_meta":{"origin":52066,"position":5},"title":"Louis Abelly","author":"Francisco Javier Fern\u00e1ndez Chento","date":"06\/11\/2012","format":false,"excerpt":"Luis AbellyVoici une anecdote historique d'un spectateur de cirque qui, chaque soir, venait voir le num\u00e9ro du dompteur de lions. Et, comme on l'interrogeait sur cette inutile r\u00e9p\u00e9tition, il r\u00e9pondit: \u00abJ'attends le moment o\u00f9 le lion va d\u00e9vorer le dompteur. Ceci arrivera bien un jour\u00bb. Si vous &es dans cette\u2026","rel":"","context":"Dans &quot;Au temps de Vincent de Paul&quot;","block_context":{"text":"Au temps de Vincent de Paul","link":"http:\/\/vincentians.com\/fr\/category\/au-temps-de-vincent-de-paul\/"},"img":{"alt_text":"Luis Abelly","src":"https:\/\/i0.wp.com\/vincentiens.org\/wp-content\/uploads\/2011\/12\/abelly-198x300.jpg?resize=350%2C200","width":350,"height":200},"classes":[]}],"_links":{"self":[{"href":"http:\/\/vincentians.com\/fr\/wp-json\/wp\/v2\/posts\/52066","targetHints":{"allow":["GET"]}}],"collection":[{"href":"http:\/\/vincentians.com\/fr\/wp-json\/wp\/v2\/posts"}],"about":[{"href":"http:\/\/vincentians.com\/fr\/wp-json\/wp\/v2\/types\/post"}],"author":[{"embeddable":true,"href":"http:\/\/vincentians.com\/fr\/wp-json\/wp\/v2\/users\/4"}],"replies":[{"embeddable":true,"href":"http:\/\/vincentians.com\/fr\/wp-json\/wp\/v2\/comments?post=52066"}],"version-history":[{"count":0,"href":"http:\/\/vincentians.com\/fr\/wp-json\/wp\/v2\/posts\/52066\/revisions"}],"wp:featuredmedia":[{"embeddable":true,"href":"http:\/\/vincentians.com\/fr\/wp-json\/wp\/v2\/media\/189807"}],"wp:attachment":[{"href":"http:\/\/vincentians.com\/fr\/wp-json\/wp\/v2\/media?parent=52066"}],"wp:term":[{"taxonomy":"category","embeddable":true,"href":"http:\/\/vincentians.com\/fr\/wp-json\/wp\/v2\/categories?post=52066"},{"taxonomy":"post_tag","embeddable":true,"href":"http:\/\/vincentians.com\/fr\/wp-json\/wp\/v2\/tags?post=52066"}],"curies":[{"name":"wp","href":"https:\/\/api.w.org\/{rel}","templated":true}]}}