{"id":46550,"date":"2012-11-07T00:30:02","date_gmt":"2012-11-06T23:30:02","guid":{"rendered":"http:\/\/somos.vicencianos.org\/?p=46550"},"modified":"2012-11-07T00:30:02","modified_gmt":"2012-11-06T23:30:02","slug":"le-pere-jean-le-vacher-consul-de-france-martyrise-a-algeron-de-leglise","status":"publish","type":"post","link":"http:\/\/vincentians.com\/fr\/le-pere-jean-le-vacher-consul-de-france-martyrise-a-algeron-de-leglise\/","title":{"rendered":"Le P\u00e8re Jean Le Vacher, consul de France, martyris\u00e9 \u00e0 Algeron de l&rsquo;\u00c9glise"},"content":{"rendered":"<p>N\u00e9 le 15 mars 1619 \u00e0 Ecouen, Jean est l&rsquo;a\u00een\u00e9 de Philippe Le Vacher son fr\u00e8re cadet. Leurs parents sont tr\u00e8s croyants et ont sept enfants (4 gar\u00e7ons et 3 filles). Jean et Philippe, apr\u00e8s de solides \u00e9tudes prennent l&rsquo;habit eccl\u00e9siastique au s\u00e9minaire de Saint-Vincent de Paul.<\/p>\n<h2 align=\"center\"><strong>Les deux fr\u00e8res missionnaires<\/strong><\/h2>\n<p align=\"left\">Saint-Vincent-de-Paul ayant appris que le Roi de France avait obtenu des musulmans l&rsquo;autorisation d&rsquo;avoir un aum\u00f4nier dans chaque consulat, envoya Jean le 22 novembre 1647 \u00e0 Tunis et ayant besoin d&rsquo;un missionnaire \u00e0 Alger, il y envoya Philippe au milieu de l&rsquo;ann\u00e9e 1650 celui-ci avait \u00e9t\u00e9 ordonn\u00e9 pr\u00eatre le 2 avril 1650 \u00e0 Marseille.<\/p>\n<p align=\"left\"><a href=\"https:\/\/i0.wp.com\/vincentiens.org\/wp-content\/uploads\/2011\/07\/Jean_fraLe_Vacher.jpg\"><img data-recalc-dims=\"1\" loading=\"lazy\" decoding=\"async\" class=\"alignright size-full wp-image-104021\" title=\"Jean_fraLe_Vacher\" src=\"https:\/\/i0.wp.com\/vincentiens.org\/wp-content\/uploads\/2011\/07\/Jean_fraLe_Vacher.jpg?resize=180%2C259\" alt=\"\" width=\"180\" height=\"259\" \/><\/a>Charg\u00e9 d&rsquo;aider les esclaves chr\u00e9tiens, Philippe remplit merveilleusement sa t\u00e2che.<\/p>\n<p align=\"left\">Il se rend r\u00e9guli\u00e8rement \u00e0 Paris faire des qu\u00eates pour le rachat des captifs et laisse \u00e0 Alger le souvenir d&rsquo;un missionnaire tr\u00e8s d\u00e9vou\u00e9. Il sera rappel\u00e9 \u00e0 Paris le 17 juillet 1662 et d\u00e9c\u00e8dera \u00e0 Fontainebleau le 5 ao\u00fbt 1679.<\/p>\n<p align=\"left\">Quant \u00e0 son fr\u00e8re Jean, il se retrouva dans un Tunis infest\u00e9 par la peste. Il ne n\u00e9gligea rien concernant les bagnards et les esclaves.<\/p>\n<p align=\"left\">Pourtant de sant\u00e9 fragile, il fera l&rsquo;admiration de tous.A deux reprises, il sera atteint par la peste mais s&rsquo;en sortira \u00e0 chaque fois. Charg\u00e9, seul, du salut de 5 \u00e0 6000 esclaves, il y fera merveille tant et si bien que Saint Vincent le fera nommer Consul \u00e0 Tunis. Jean m\u00e8nera de front ses deux t\u00e2ches de Consul et Missionnaire jusqu&rsquo;en 1653.<\/p>\n<p align=\"left\">Le travail \u00e9tant trop vaste, il sera d\u00e9charg\u00e9 du Consulat et ne s&rsquo;occupera que des esclaves \u00e0 Bizerte.<\/p>\n<p align=\"left\">Le nouveau Consul n&rsquo;\u00e9tant pas \u00e0 la hauteur, on rappela \u00e0 Tunis le P\u00e8re jean Le Vacher en 1657 pour reprendre le Consulat.<\/p>\n<p align=\"left\">Ob\u00e9issant, il accepta. Nomm\u00e9 de plus, Vicaire apostolique en 1652, il r\u00e9organisa les t\u00e2ches et fonctions des pr\u00eatres locaux. Son z\u00e8le d\u00e9plut aux autorit\u00e9s locales et il fut rappel\u00e9 \u00e0 Paris en juillet 1666.<\/p>\n<p align=\"left\">Dans la maison-m\u00e8re des Lazaristes \u00e0 Paris, ce fut une grande joie de l&rsquo;accueillir. Il n&rsquo;y resta que peu de temps car la situation se d\u00e9gradait \u00e0 Alger. Il y d\u00e9barqua le 23 mai 1668.<\/p>\n<h2 align=\"center\"><strong>Consul \u00e0 Alger<\/strong><\/h2>\n<p align=\"left\">Il y trouva une dizaine de pr\u00eatres et des milliers de chr\u00e9tiens esclaves. La t\u00e2che \u00e9tait \u00e0 nouveau \u00e9norme.<\/p>\n<p align=\"left\">Il s&rsquo;occupa de tout, l&rsquo;h\u00f4pital qui mena\u00e7ait ruines, un cimeti\u00e8re pour les chr\u00e9tiens, plusieurs chapelles dans toute la ville. Il organisa, dans toute la France des qu\u00eates pour le rachat des esclaves.<\/p>\n<p align=\"left\">En 1676, la peste ravagea Alger, il fut nomm\u00e9 Consul de France de cette m\u00eame ville. Il fut, encore, plusieurs fois atteint par le fl\u00e9au. Ses jambes \u00e9taient prodigieusement enfl\u00e9es et ulc\u00e9r\u00e9es.<\/p>\n<p align=\"left\">Il ne se plaignait jamais, augmentant, au contraire, sa capacit\u00e9 de travail d\u00e8s qu&rsquo;un l\u00e9ger mieux appara\u00eessait.<\/p>\n<p align=\"left\">Devenu paralys\u00e9 des membres inf\u00e9rieurs, le P\u00e8re Le Vacher redoubla d&rsquo;efforts quand une m\u00e9sentente entre la France et le Dey d&rsquo;Alger s&rsquo;envenima.<\/p>\n<p align=\"left\">Afin d&rsquo;obtenir r\u00e9paration des griefs dont il avait \u00e0 se plaindre, le gouvernement de la France envoya de Tourville avec quelques vaisseaux devant Alger le 12 mai 1879. Gr\u00e2ce aux talents de m\u00e9diateur de Jean Le Vacher, le pire fut \u00e9vit\u00e9 et de Tourville reprit la mer le lendemain.<\/p>\n<p align=\"left\">Mais les relations \u00e9taient tendues. Louis XIV exigeant la lib\u00e9ration de 83 esclaves fran\u00e7ais, le Dey rompit ses relations avec la France en 1681.<\/p>\n<p align=\"left\">La flotte r\u00e9apparut devant Alger fin ao\u00fbt 1682. Duquesne bombarda Alger au grand d\u00e9sarroi du p\u00e8re Jean.<\/p>\n<p align=\"left\">Le p\u00e8re Le Vacher fait tout pour emp\u00eacher une nouvelle guerre. Rien n&rsquo;y fait et le 20 juin 1683, Duquesne est l\u00e0 devant Alger qu&rsquo;il bombarde \u00e0 nouveau le 28.<\/p>\n<p align=\"left\">Il y eut des milliers de morts dans la population civile. Le p\u00e8re Jean \u00e9tait d\u00e9sesp\u00e9r\u00e9. Le Dey proposa au P\u00e8re Le Vacher d&rsquo;\u00eatre leur interpr\u00e8te aupr\u00e8s du Marquis Duquesne.<\/p>\n<p align=\"left\">Le Marquis n&rsquo;accepta aucune tractation sauf pour le Dey \u00e0 accepter la lib\u00e9ration des esclaves fran\u00e7ais.<\/p>\n<p align=\"left\">Apr\u00e8s bien des h\u00e9sitations, 546 esclaves prirent place sur les b\u00e2timents de Duquesne.<\/p>\n<p align=\"left\">Cependant, les notables d&rsquo;Alger \u00e9taient furieux d&rsquo;avoir perdu leurs esclaves et se r\u00e9volt\u00e8rent contre le Dey. Les relations furent coup\u00e9es avec Duquesne qui laissa le P\u00e8re jean et quelques fran\u00e7ais encore sur place \u00e0 la merci des barbaresques.<\/p>\n<h2 align=\"center\"><strong>Le martyre<\/strong><\/h2>\n<p align=\"left\">Le 29 juillet 1683, l&rsquo;ordre donn\u00e9 d&rsquo;amener Jean Le Vacher fut de suite ex\u00e9cut\u00e9 et sa maison livr\u00e9e au pillage. Paralys\u00e9, il ne pouvait marcher. &#8212;&#8212;On le mit sur les \u00e9paules d&rsquo;un portefaix et il fut transport\u00e9 chez le Dey. Ce dernier \u00e9tait absent mais connaissant ses intentions, ces forcen\u00e9s amen\u00e8rent leur victime sur le m\u00f4le, le dos tourn\u00e9 \u00e0 la mer, et on l&rsquo;attacha \u00e0 la bouche d&rsquo;un canon.<\/p>\n<p align=\"left\">\u00ab\u00a0<em>Tu ne mourras pas si tu veux arborer le turban<\/em>\u00a0\u00bb lui dit le commandant de la troupe. \u00ab\u00a0<em>Garde ton turban, lui r\u00e9pliqua le missionnaire et qu&rsquo;il p\u00e9risse avec toi ; sache que je suis chr\u00e9tien et qu&rsquo;\u00e0 mon \u00e2ge, on ne craint pas la mort. J&rsquo;abhorre la fausse loi de Mahomet et je ne reconnais que la religion catholique, apostolique et romaine la seule v\u00e9ritable, dont je fais profession et pour la d\u00e9fense de laquelle je suis pr\u00eat \u00e0 r\u00e9pandre jusqu&rsquo;\u00e0 la derni\u00e8re goutte de mon sang\u00a0\u00bb<\/em>.<\/p>\n<p align=\"left\">Il \u00e9tait connu des Turcs comme \u00e9tant un homme d&rsquo;une pi\u00e9t\u00e9, d&rsquo;une douceur et d&rsquo;une charit\u00e9 sans pareilles, aussi, aucun d&rsquo;eux ne voulut mettre le feu au canon.<\/p>\n<p align=\"left\">Comme il y avait plusieurs juifs pr\u00e9sents \u00e0 ce triste spectacle, on voulut les forcer \u00e0 allumer la m\u00e8che.Tous refus\u00e8rent. Un ren\u00e9gat accepta. Il mit le feu et au m\u00eame moment eut le bras estropi\u00e9 par un ch\u00e2timent de la justice divine. Il ne put plus le remuer et fut la ris\u00e9e de tous ces barbares. Le canon \u00e9clata et, depuis, ne servit plus. Aussit\u00f4t le coup de feu tir\u00e9, on vit sortir de l&rsquo;eau o\u00f9 tomb\u00e8rent les parties du corps du P\u00e8re Le Vacher, une colonne de feu qui s&rsquo;\u00e9leva dans les airs. Les restes de son corps et de ses habits furent ramass\u00e9s par des Chr\u00e9tiens qui les conserv\u00e8rent comme de pr\u00e9cieuses reliques. Il y eut m\u00eame des Turcs qui en voulurent pour se souvenir d&rsquo;un homme dont les vertus et la rare prudence les avaient charm\u00e9s pendant sa vie. Ainsi s&rsquo;envola cette \u00e2me g\u00e9n\u00e9reuse et si bienfaisante apr\u00e8s avoir consacr\u00e9 36 ans au soulagement des pauvres esclaves chr\u00e9tiens de Tunis et d&rsquo;Alger et pr\u00e8s de 20 ans \u00e0 soutenir l&rsquo;honneur de son Roi qu&rsquo;il repr\u00e9sentait comme Consul sur cette terre barbare.<\/p>\n<p align=\"left\">Le meurtre du Consul fut suivi de celui de vingt autres chr\u00e9tiens qui p\u00e9rirent de la m\u00eame mani\u00e8re.<\/p>\n<p align=\"left\">Trois si\u00e8cles apr\u00e8s, les moines de Tib-Harine, Mgr Claverie et tous les autres ont donn\u00e9 eux aussi leurs vies sur une terre qui, d\u00e9cid\u00e9ment, n&rsquo;a pas chang\u00e9.<\/p>\n","protected":false},"excerpt":{"rendered":"<p>N\u00e9 le 15 mars 1619 \u00e0 Ecouen, Jean est l&rsquo;a\u00een\u00e9 de Philippe Le Vacher son fr\u00e8re cadet. Leurs parents sont tr\u00e8s croyants et ont sept enfants (4 gar\u00e7ons et 3 filles). Jean et Philippe, apr\u00e8s &#8230; <a href=\"http:\/\/vincentians.com\/fr\/le-pere-jean-le-vacher-consul-de-france-martyrise-a-algeron-de-leglise\/\" class=\"more-link\">Read More<\/a><\/p>\n","protected":false},"author":4,"featured_media":189930,"comment_status":"open","ping_status":"open","sticky":false,"template":"","format":"standard","meta":{"jetpack_post_was_ever_published":false,"_jetpack_newsletter_access":"","_jetpack_dont_email_post_to_subs":false,"_jetpack_newsletter_tier_id":0,"_jetpack_memberships_contains_paywalled_content":false,"_jetpack_memberships_contains_paid_content":false,"footnotes":"","jetpack_publicize_message":"","jetpack_publicize_feature_enabled":true,"jetpack_social_post_already_shared":true,"jetpack_social_options":{"image_generator_settings":{"template":"highway","default_image_id":0,"font":"","enabled":false},"version":2}},"categories":[115],"tags":[],"class_list":["post-46550","post","type-post","status-publish","format-standard","has-post-thumbnail","hentry","category-biographies-lazaristes"],"yoast_head":"<!-- This site is optimized with the Yoast SEO plugin v26.3 - https:\/\/yoast.com\/wordpress\/plugins\/seo\/ -->\n<title>Le P\u00e8re Jean Le Vacher, consul de France, martyris\u00e9 \u00e0 Algeron de l&#039;\u00c9glise - Nous Sommes Vincentiens<\/title>\n<meta name=\"robots\" content=\"index, follow, max-snippet:-1, max-image-preview:large, max-video-preview:-1\" \/>\n<link rel=\"canonical\" href=\"http:\/\/vincentians.com\/fr\/le-pere-jean-le-vacher-consul-de-france-martyrise-a-algeron-de-leglise\/\" \/>\n<meta property=\"og:locale\" content=\"fr_FR\" \/>\n<meta property=\"og:type\" content=\"article\" \/>\n<meta property=\"og:title\" content=\"Le P\u00e8re Jean Le Vacher, consul de France, martyris\u00e9 \u00e0 Algeron de l&#039;\u00c9glise - Nous Sommes Vincentiens\" \/>\n<meta property=\"og:description\" content=\"N\u00e9 le 15 mars 1619 \u00e0 Ecouen, Jean est l&rsquo;a\u00een\u00e9 de Philippe Le Vacher son fr\u00e8re cadet. Leurs parents sont tr\u00e8s croyants et ont sept enfants (4 gar\u00e7ons et 3 filles). Jean et Philippe, apr\u00e8s ... Read More\" \/>\n<meta property=\"og:url\" content=\"http:\/\/vincentians.com\/fr\/le-pere-jean-le-vacher-consul-de-france-martyrise-a-algeron-de-leglise\/\" \/>\n<meta property=\"og:site_name\" content=\"Nous Sommes Vincentiens\" \/>\n<meta property=\"article:publisher\" content=\"https:\/\/www.facebook.com\/WeAreVincentians\/\" \/>\n<meta property=\"article:author\" content=\"https:\/\/www.facebook.com\/JavierChento\" \/>\n<meta property=\"article:published_time\" content=\"2012-11-06T23:30:02+00:00\" \/>\n<meta property=\"og:image\" content=\"https:\/\/i0.wp.com\/vincentians.com\/fr\/wp-content\/uploads\/sites\/10\/2016\/08\/bio-congregation-of-the-mission.jpg?fit=1200%2C630\" \/>\n\t<meta property=\"og:image:width\" content=\"1200\" \/>\n\t<meta property=\"og:image:height\" content=\"630\" \/>\n\t<meta property=\"og:image:type\" content=\"image\/jpeg\" \/>\n<meta name=\"author\" content=\"Francisco Javier Fern\u00e1ndez Chento\" \/>\n<meta name=\"twitter:card\" content=\"summary_large_image\" \/>\n<meta name=\"twitter:creator\" content=\"@https:\/\/twitter.com\/javierchento\" \/>\n<meta name=\"twitter:site\" content=\"@WeVincentians\" \/>\n<meta name=\"twitter:label1\" content=\"\u00c9crit par\" \/>\n\t<meta name=\"twitter:data1\" content=\"Francisco Javier Fern\u00e1ndez Chento\" \/>\n\t<meta name=\"twitter:label2\" content=\"Dur\u00e9e de lecture estim\u00e9e\" \/>\n\t<meta name=\"twitter:data2\" content=\"6 minutes\" \/>\n<script type=\"application\/ld+json\" class=\"yoast-schema-graph\">{\"@context\":\"https:\/\/schema.org\",\"@graph\":[{\"@type\":\"WebPage\",\"@id\":\"http:\/\/vincentians.com\/fr\/le-pere-jean-le-vacher-consul-de-france-martyrise-a-algeron-de-leglise\/\",\"url\":\"http:\/\/vincentians.com\/fr\/le-pere-jean-le-vacher-consul-de-france-martyrise-a-algeron-de-leglise\/\",\"name\":\"Le P\u00e8re Jean Le Vacher, consul de France, martyris\u00e9 \u00e0 Algeron de l'\u00c9glise - Nous Sommes Vincentiens\",\"isPartOf\":{\"@id\":\"http:\/\/vincentians.com\/fr\/#website\"},\"primaryImageOfPage\":{\"@id\":\"http:\/\/vincentians.com\/fr\/le-pere-jean-le-vacher-consul-de-france-martyrise-a-algeron-de-leglise\/#primaryimage\"},\"image\":{\"@id\":\"http:\/\/vincentians.com\/fr\/le-pere-jean-le-vacher-consul-de-france-martyrise-a-algeron-de-leglise\/#primaryimage\"},\"thumbnailUrl\":\"https:\/\/i0.wp.com\/vincentians.com\/fr\/wp-content\/uploads\/sites\/10\/2016\/08\/bio-congregation-of-the-mission.jpg?fit=1200%2C630\",\"datePublished\":\"2012-11-06T23:30:02+00:00\",\"author\":{\"@id\":\"http:\/\/vincentians.com\/fr\/#\/schema\/person\/9623ef4d9aa3b2dfb8c061f1499288f2\"},\"breadcrumb\":{\"@id\":\"http:\/\/vincentians.com\/fr\/le-pere-jean-le-vacher-consul-de-france-martyrise-a-algeron-de-leglise\/#breadcrumb\"},\"inLanguage\":\"fr-FR\",\"potentialAction\":[{\"@type\":\"ReadAction\",\"target\":[\"http:\/\/vincentians.com\/fr\/le-pere-jean-le-vacher-consul-de-france-martyrise-a-algeron-de-leglise\/\"]}]},{\"@type\":\"ImageObject\",\"inLanguage\":\"fr-FR\",\"@id\":\"http:\/\/vincentians.com\/fr\/le-pere-jean-le-vacher-consul-de-france-martyrise-a-algeron-de-leglise\/#primaryimage\",\"url\":\"https:\/\/i0.wp.com\/vincentians.com\/fr\/wp-content\/uploads\/sites\/10\/2016\/08\/bio-congregation-of-the-mission.jpg?fit=1200%2C630\",\"contentUrl\":\"https:\/\/i0.wp.com\/vincentians.com\/fr\/wp-content\/uploads\/sites\/10\/2016\/08\/bio-congregation-of-the-mission.jpg?fit=1200%2C630\",\"width\":1200,\"height\":630},{\"@type\":\"BreadcrumbList\",\"@id\":\"http:\/\/vincentians.com\/fr\/le-pere-jean-le-vacher-consul-de-france-martyrise-a-algeron-de-leglise\/#breadcrumb\",\"itemListElement\":[{\"@type\":\"ListItem\",\"position\":1,\"name\":\"Portada\",\"item\":\"http:\/\/vincentians.com\/fr\/\"},{\"@type\":\"ListItem\",\"position\":2,\"name\":\"Le P\u00e8re Jean Le Vacher, consul de France, martyris\u00e9 \u00e0 Algeron de l&rsquo;\u00c9glise\"}]},{\"@type\":\"WebSite\",\"@id\":\"http:\/\/vincentians.com\/fr\/#website\",\"url\":\"http:\/\/vincentians.com\/fr\/\",\"name\":\"Nous Sommes Vincentiens\",\"description\":\"Know more to serve more\",\"potentialAction\":[{\"@type\":\"SearchAction\",\"target\":{\"@type\":\"EntryPoint\",\"urlTemplate\":\"http:\/\/vincentians.com\/fr\/?s={search_term_string}\"},\"query-input\":{\"@type\":\"PropertyValueSpecification\",\"valueRequired\":true,\"valueName\":\"search_term_string\"}}],\"inLanguage\":\"fr-FR\"},{\"@type\":\"Person\",\"@id\":\"http:\/\/vincentians.com\/fr\/#\/schema\/person\/9623ef4d9aa3b2dfb8c061f1499288f2\",\"name\":\"Francisco Javier Fern\u00e1ndez Chento\",\"image\":{\"@type\":\"ImageObject\",\"inLanguage\":\"fr-FR\",\"@id\":\"http:\/\/vincentians.com\/fr\/#\/schema\/person\/image\/\",\"url\":\"https:\/\/secure.gravatar.com\/avatar\/497d5cde87b4c3d097d0315953521681ba2cd523ee66e5077c3711f7021e65de?s=96&d=mm&r=g\",\"contentUrl\":\"https:\/\/secure.gravatar.com\/avatar\/497d5cde87b4c3d097d0315953521681ba2cd523ee66e5077c3711f7021e65de?s=96&d=mm&r=g\",\"caption\":\"Francisco Javier Fern\u00e1ndez Chento\"},\"description\":\"Director General y cofundador de La Red de Formaci\u00f3n Vicenciana. Javier es laico vicenciano, afiliado a la Congregaci\u00f3n de la Misi\u00f3n y miembro del Equipo de Misiones Populares de la provincia can\u00f3nica de Zaragoza (Espa\u00f1a) de la Congregaci\u00f3n de la Misi\u00f3n. Graduado en la Universidad Oberta de Catalunya con cuatro grados (Asistente de direcci\u00f3n, Gesti\u00f3n Administrativa, Recursos Humanos y Contabilidad Avanzada). Bil\u00edng\u00fce Espa\u00f1ol\/Ingl\u00e9s. gestiona y mantiene varias p\u00e1ginas web cristianas y vicencianas, incluida including La Red de Formaci\u00f3n Vicenciana, de la que es cofundador. Actualmente es responsable del \u00e1rea de Espa\u00f1ol de .famvin, la Red de Noticias de la Familia Vicenciana. Tambi\u00e9n es m\u00fasico cat\u00f3lico y ha editado varios discos. Es Director General y cofundador de Trovador, una reconocida compa\u00f1\u00eda discogr\u00e1fica critiana de Espa\u00f1a. Trabaja en las Tecnolog\u00edas de la Informaci\u00f3n, ofreciendo servicios de alojamiento, dise\u00f1o y mantenimiento Web, as\u00ed como asesoramiento, formaci\u00f3n y soluciones inform\u00e1ticas, gesti\u00f3n documental y digitalizaci\u00f3n de textos, edici\u00f3n y maquetaci\u00f3n de libros, revistas, flyers, etc.\",\"sameAs\":[\"http:\/\/chento.org\",\"https:\/\/www.facebook.com\/JavierChento\",\"https:\/\/x.com\/https:\/\/twitter.com\/javierchento\"],\"url\":\"http:\/\/vincentians.com\/fr\/author\/chento\/\"}]}<\/script>\n<!-- \/ Yoast SEO plugin. -->","yoast_head_json":{"title":"Le P\u00e8re Jean Le Vacher, consul de France, martyris\u00e9 \u00e0 Algeron de l'\u00c9glise - Nous Sommes Vincentiens","robots":{"index":"index","follow":"follow","max-snippet":"max-snippet:-1","max-image-preview":"max-image-preview:large","max-video-preview":"max-video-preview:-1"},"canonical":"http:\/\/vincentians.com\/fr\/le-pere-jean-le-vacher-consul-de-france-martyrise-a-algeron-de-leglise\/","og_locale":"fr_FR","og_type":"article","og_title":"Le P\u00e8re Jean Le Vacher, consul de France, martyris\u00e9 \u00e0 Algeron de l'\u00c9glise - Nous Sommes Vincentiens","og_description":"N\u00e9 le 15 mars 1619 \u00e0 Ecouen, Jean est l&rsquo;a\u00een\u00e9 de Philippe Le Vacher son fr\u00e8re cadet. Leurs parents sont tr\u00e8s croyants et ont sept enfants (4 gar\u00e7ons et 3 filles). Jean et Philippe, apr\u00e8s ... Read More","og_url":"http:\/\/vincentians.com\/fr\/le-pere-jean-le-vacher-consul-de-france-martyrise-a-algeron-de-leglise\/","og_site_name":"Nous Sommes Vincentiens","article_publisher":"https:\/\/www.facebook.com\/WeAreVincentians\/","article_author":"https:\/\/www.facebook.com\/JavierChento","article_published_time":"2012-11-06T23:30:02+00:00","og_image":[{"width":1200,"height":630,"url":"https:\/\/i0.wp.com\/vincentians.com\/fr\/wp-content\/uploads\/sites\/10\/2016\/08\/bio-congregation-of-the-mission.jpg?fit=1200%2C630","type":"image\/jpeg"}],"author":"Francisco Javier Fern\u00e1ndez Chento","twitter_card":"summary_large_image","twitter_creator":"@https:\/\/twitter.com\/javierchento","twitter_site":"@WeVincentians","twitter_misc":{"\u00c9crit par":"Francisco Javier Fern\u00e1ndez Chento","Dur\u00e9e de lecture estim\u00e9e":"6 minutes"},"schema":{"@context":"https:\/\/schema.org","@graph":[{"@type":"WebPage","@id":"http:\/\/vincentians.com\/fr\/le-pere-jean-le-vacher-consul-de-france-martyrise-a-algeron-de-leglise\/","url":"http:\/\/vincentians.com\/fr\/le-pere-jean-le-vacher-consul-de-france-martyrise-a-algeron-de-leglise\/","name":"Le P\u00e8re Jean Le Vacher, consul de France, martyris\u00e9 \u00e0 Algeron de l'\u00c9glise - Nous Sommes Vincentiens","isPartOf":{"@id":"http:\/\/vincentians.com\/fr\/#website"},"primaryImageOfPage":{"@id":"http:\/\/vincentians.com\/fr\/le-pere-jean-le-vacher-consul-de-france-martyrise-a-algeron-de-leglise\/#primaryimage"},"image":{"@id":"http:\/\/vincentians.com\/fr\/le-pere-jean-le-vacher-consul-de-france-martyrise-a-algeron-de-leglise\/#primaryimage"},"thumbnailUrl":"https:\/\/i0.wp.com\/vincentians.com\/fr\/wp-content\/uploads\/sites\/10\/2016\/08\/bio-congregation-of-the-mission.jpg?fit=1200%2C630","datePublished":"2012-11-06T23:30:02+00:00","author":{"@id":"http:\/\/vincentians.com\/fr\/#\/schema\/person\/9623ef4d9aa3b2dfb8c061f1499288f2"},"breadcrumb":{"@id":"http:\/\/vincentians.com\/fr\/le-pere-jean-le-vacher-consul-de-france-martyrise-a-algeron-de-leglise\/#breadcrumb"},"inLanguage":"fr-FR","potentialAction":[{"@type":"ReadAction","target":["http:\/\/vincentians.com\/fr\/le-pere-jean-le-vacher-consul-de-france-martyrise-a-algeron-de-leglise\/"]}]},{"@type":"ImageObject","inLanguage":"fr-FR","@id":"http:\/\/vincentians.com\/fr\/le-pere-jean-le-vacher-consul-de-france-martyrise-a-algeron-de-leglise\/#primaryimage","url":"https:\/\/i0.wp.com\/vincentians.com\/fr\/wp-content\/uploads\/sites\/10\/2016\/08\/bio-congregation-of-the-mission.jpg?fit=1200%2C630","contentUrl":"https:\/\/i0.wp.com\/vincentians.com\/fr\/wp-content\/uploads\/sites\/10\/2016\/08\/bio-congregation-of-the-mission.jpg?fit=1200%2C630","width":1200,"height":630},{"@type":"BreadcrumbList","@id":"http:\/\/vincentians.com\/fr\/le-pere-jean-le-vacher-consul-de-france-martyrise-a-algeron-de-leglise\/#breadcrumb","itemListElement":[{"@type":"ListItem","position":1,"name":"Portada","item":"http:\/\/vincentians.com\/fr\/"},{"@type":"ListItem","position":2,"name":"Le P\u00e8re Jean Le Vacher, consul de France, martyris\u00e9 \u00e0 Algeron de l&rsquo;\u00c9glise"}]},{"@type":"WebSite","@id":"http:\/\/vincentians.com\/fr\/#website","url":"http:\/\/vincentians.com\/fr\/","name":"Nous Sommes Vincentiens","description":"Know more to serve more","potentialAction":[{"@type":"SearchAction","target":{"@type":"EntryPoint","urlTemplate":"http:\/\/vincentians.com\/fr\/?s={search_term_string}"},"query-input":{"@type":"PropertyValueSpecification","valueRequired":true,"valueName":"search_term_string"}}],"inLanguage":"fr-FR"},{"@type":"Person","@id":"http:\/\/vincentians.com\/fr\/#\/schema\/person\/9623ef4d9aa3b2dfb8c061f1499288f2","name":"Francisco Javier Fern\u00e1ndez Chento","image":{"@type":"ImageObject","inLanguage":"fr-FR","@id":"http:\/\/vincentians.com\/fr\/#\/schema\/person\/image\/","url":"https:\/\/secure.gravatar.com\/avatar\/497d5cde87b4c3d097d0315953521681ba2cd523ee66e5077c3711f7021e65de?s=96&d=mm&r=g","contentUrl":"https:\/\/secure.gravatar.com\/avatar\/497d5cde87b4c3d097d0315953521681ba2cd523ee66e5077c3711f7021e65de?s=96&d=mm&r=g","caption":"Francisco Javier Fern\u00e1ndez Chento"},"description":"Director General y cofundador de La Red de Formaci\u00f3n Vicenciana. Javier es laico vicenciano, afiliado a la Congregaci\u00f3n de la Misi\u00f3n y miembro del Equipo de Misiones Populares de la provincia can\u00f3nica de Zaragoza (Espa\u00f1a) de la Congregaci\u00f3n de la Misi\u00f3n. Graduado en la Universidad Oberta de Catalunya con cuatro grados (Asistente de direcci\u00f3n, Gesti\u00f3n Administrativa, Recursos Humanos y Contabilidad Avanzada). Bil\u00edng\u00fce Espa\u00f1ol\/Ingl\u00e9s. gestiona y mantiene varias p\u00e1ginas web cristianas y vicencianas, incluida including La Red de Formaci\u00f3n Vicenciana, de la que es cofundador. Actualmente es responsable del \u00e1rea de Espa\u00f1ol de .famvin, la Red de Noticias de la Familia Vicenciana. Tambi\u00e9n es m\u00fasico cat\u00f3lico y ha editado varios discos. Es Director General y cofundador de Trovador, una reconocida compa\u00f1\u00eda discogr\u00e1fica critiana de Espa\u00f1a. Trabaja en las Tecnolog\u00edas de la Informaci\u00f3n, ofreciendo servicios de alojamiento, dise\u00f1o y mantenimiento Web, as\u00ed como asesoramiento, formaci\u00f3n y soluciones inform\u00e1ticas, gesti\u00f3n documental y digitalizaci\u00f3n de textos, edici\u00f3n y maquetaci\u00f3n de libros, revistas, flyers, etc.","sameAs":["http:\/\/chento.org","https:\/\/www.facebook.com\/JavierChento","https:\/\/x.com\/https:\/\/twitter.com\/javierchento"],"url":"http:\/\/vincentians.com\/fr\/author\/chento\/"}]}},"jetpack_publicize_connections":[],"jetpack_featured_media_url":"https:\/\/i0.wp.com\/vincentians.com\/fr\/wp-content\/uploads\/sites\/10\/2016\/08\/bio-congregation-of-the-mission.jpg?fit=1200%2C630","jetpack_sharing_enabled":true,"jetpack_shortlink":"https:\/\/wp.me\/p7ETMP-c6O","jetpack-related-posts":[{"id":57593,"url":"http:\/\/vincentians.com\/fr\/lexpansion-de-la-congregation-de-la-mission-pendant-la-vie-de-st-vincent\/","url_meta":{"origin":46550,"position":0},"title":"L&rsquo;expansion de la Congregation de la Mission pendant la vie de St. Vincent","author":"Francisco Javier Fern\u00e1ndez Chento","date":"20\/05\/2015","format":false,"excerpt":"Pierre Collet (\"La Vie de St. Vincent de Paul\", Nancy 1748, II, 325) a constat\u00e9 que les biographies des grands fondateurs d'ordres sont concentr\u00e9es sur la personne elle-m\u00eame du fondateur. On n'y trouve pas le r\u00e9cit des travaux de leurs premiers disciples.En suivant cet exemple Collet voulut supprimer dans sa\u2026","rel":"","context":"Dans &quot;Au temps de Vincent de Paul&quot;","block_context":{"text":"Au temps de Vincent de Paul","link":"http:\/\/vincentians.com\/fr\/category\/au-temps-de-vincent-de-paul\/"},"img":{"alt_text":"","src":"https:\/\/i0.wp.com\/vincentians.com\/fr\/wp-content\/uploads\/sites\/10\/2015\/05\/congregation-de-la-mission-lazaristes.jpg?fit=1200%2C630&resize=350%2C200","width":350,"height":200,"srcset":"https:\/\/i0.wp.com\/vincentians.com\/fr\/wp-content\/uploads\/sites\/10\/2015\/05\/congregation-de-la-mission-lazaristes.jpg?fit=1200%2C630&resize=350%2C200 1x, https:\/\/i0.wp.com\/vincentians.com\/fr\/wp-content\/uploads\/sites\/10\/2015\/05\/congregation-de-la-mission-lazaristes.jpg?fit=1200%2C630&resize=525%2C300 1.5x, https:\/\/i0.wp.com\/vincentians.com\/fr\/wp-content\/uploads\/sites\/10\/2015\/05\/congregation-de-la-mission-lazaristes.jpg?fit=1200%2C630&resize=700%2C400 2x, https:\/\/i0.wp.com\/vincentians.com\/fr\/wp-content\/uploads\/sites\/10\/2015\/05\/congregation-de-la-mission-lazaristes.jpg?fit=1200%2C630&resize=1050%2C600 3x"},"classes":[]},{"id":45335,"url":"http:\/\/vincentians.com\/fr\/saint-vincent-et-les-missions\/","url_meta":{"origin":46550,"position":1},"title":"Saint Vincent et les Missions","author":"Francisco Javier Fern\u00e1ndez Chento","date":"14\/12\/2014","format":false,"excerpt":"Introduction A.- Lorsque nous essayons d'\u00e9tudier le travail missionnaire de Vincent de Paul et de ses premiers compagnons, nous trouvons une v\u00e9ritable mystique de la Mission; alors que nous d\u00e9sirerions que le Saint nous ait donn\u00e9 aussi une doctrine th\u00e9ologique sur ce qui constitue l'objectif de sa vie, sur ce\u2026","rel":"","context":"Dans &quot;Vincent de Paul&quot;","block_context":{"text":"Vincent de Paul","link":"http:\/\/vincentians.com\/fr\/category\/the-vincentian-family\/founders\/vincent-de-paul\/"},"img":{"alt_text":"Vincent de Paul portrait","src":"https:\/\/i0.wp.com\/vincentiens.org\/wp-content\/uploads\/2014\/12\/Vincent-de-Paul-portrait-300x300.jpg?resize=350%2C200","width":350,"height":200},"classes":[]},{"id":42756,"url":"http:\/\/vincentians.com\/fr\/saint-vincent-de-paul-maitre-doraison-lettre-preface\/","url_meta":{"origin":46550,"position":2},"title":"Saint Vincent De Paul, Ma\u00eetre d\u2019Oraison. Lettre pr\u00e9face","author":"Francisco Javier Fern\u00e1ndez Chento","date":"10\/05\/2015","format":false,"excerpt":"Paris, le 7 octobre 1928 MON CHER ABB\u00c9, Ecrivant le 8 avril 1933 \u00e0 M. Coste, pr\u00eatre de la Mission, \u00e9diteur des entretiens de saint Vincent, c'est \u00e0 savoir : les conf\u00e9rences aux missionnaires et aux Filles de la Charit\u00e9, les r\u00e9p\u00e9titions d\u2019oraison, les conseils, avis et lignes de conduite,\u2026","rel":"","context":"Dans &quot;Vincent de Paul&quot;","block_context":{"text":"Vincent de Paul","link":"http:\/\/vincentians.com\/fr\/category\/the-vincentian-family\/founders\/vincent-de-paul\/"},"img":{"alt_text":"","src":"https:\/\/i0.wp.com\/vincentians.com\/fr\/wp-content\/uploads\/sites\/10\/2016\/07\/vincent-maitre-d-oraison.jpg?fit=1200%2C630&resize=350%2C200","width":350,"height":200,"srcset":"https:\/\/i0.wp.com\/vincentians.com\/fr\/wp-content\/uploads\/sites\/10\/2016\/07\/vincent-maitre-d-oraison.jpg?fit=1200%2C630&resize=350%2C200 1x, https:\/\/i0.wp.com\/vincentians.com\/fr\/wp-content\/uploads\/sites\/10\/2016\/07\/vincent-maitre-d-oraison.jpg?fit=1200%2C630&resize=525%2C300 1.5x, https:\/\/i0.wp.com\/vincentians.com\/fr\/wp-content\/uploads\/sites\/10\/2016\/07\/vincent-maitre-d-oraison.jpg?fit=1200%2C630&resize=700%2C400 2x, https:\/\/i0.wp.com\/vincentians.com\/fr\/wp-content\/uploads\/sites\/10\/2016\/07\/vincent-maitre-d-oraison.jpg?fit=1200%2C630&resize=1050%2C600 3x"},"classes":[]},{"id":52052,"url":"http:\/\/vincentians.com\/fr\/saint-vincent-de-paul-et-sa-mission-sociale-iii-laction-1\/","url_meta":{"origin":46550,"position":3},"title":"Saint Vincent De Paul Et Sa Mission Sociale. III &#8211; L\u2019action (1)","author":"Francisco Javier Fern\u00e1ndez Chento","date":"25\/12\/2014","format":false,"excerpt":"LES MISSIONS. \u2014 Saint Vincent de Paul missionnaire. \u2014 Organisation des missions rurales. \u2014 Vertus et qualit\u00e9s des missionnaires. \u2014 La pr\u00e9dication d\u2019apr\u00e8s le saint. \u2014 Sa conduite envers les h\u00e9r\u00e9tiques et les infid\u00e8les. \u2014 Les imitateurs de Vincent de Paul. \u2014 Fruits du nouvel apostolat. \u2014 Missions \u00e0 la\u2026","rel":"","context":"Dans &quot;Vincent de Paul&quot;","block_context":{"text":"Vincent de Paul","link":"http:\/\/vincentians.com\/fr\/category\/the-vincentian-family\/founders\/vincent-de-paul\/"},"img":{"alt_text":"","src":"https:\/\/i0.wp.com\/vincentians.com\/fr\/wp-content\/uploads\/sites\/10\/2016\/07\/vincent-et-sa-action-sociale.jpg?fit=1160%2C630&resize=350%2C200","width":350,"height":200,"srcset":"https:\/\/i0.wp.com\/vincentians.com\/fr\/wp-content\/uploads\/sites\/10\/2016\/07\/vincent-et-sa-action-sociale.jpg?fit=1160%2C630&resize=350%2C200 1x, https:\/\/i0.wp.com\/vincentians.com\/fr\/wp-content\/uploads\/sites\/10\/2016\/07\/vincent-et-sa-action-sociale.jpg?fit=1160%2C630&resize=525%2C300 1.5x, https:\/\/i0.wp.com\/vincentians.com\/fr\/wp-content\/uploads\/sites\/10\/2016\/07\/vincent-et-sa-action-sociale.jpg?fit=1160%2C630&resize=700%2C400 2x, https:\/\/i0.wp.com\/vincentians.com\/fr\/wp-content\/uploads\/sites\/10\/2016\/07\/vincent-et-sa-action-sociale.jpg?fit=1160%2C630&resize=1050%2C600 3x"},"classes":[]},{"id":38477,"url":"http:\/\/vincentians.com\/fr\/le-directeur-provincial-animateur-des-filles-de-la-charite\/","url_meta":{"origin":46550,"position":4},"title":"Le Directeur Provincial \u201canimateur\u201d des Filles de la Charit\u00e9","author":"Francisco Javier Fern\u00e1ndez Chento","date":"03\/10\/2012","format":false,"excerpt":"Dans les Constitutions des Filles de la Charit\u00e9, nous trouvons \u00e0 l\u2019article 3.38: le Directeur Provincial est un pr\u00eatre de la Congr\u00e9gation de la Mission, nomm\u00e9 par le Sup\u00e9rieur G\u00e9n\u00e9ral; \u201cil partage avec la Visitatrice et son Conseil la responsabilit\u00e9 de promouvoir l\u2019esprit vincentien dans la Province\u201d Missionnaire, le directeur\u2026","rel":"","context":"Dans &quot;Congr\u00e9gation de la Mission&quot;","block_context":{"text":"Congr\u00e9gation de la Mission","link":"http:\/\/vincentians.com\/fr\/category\/congregation-de-la-mission\/"},"img":{"alt_text":"","src":"https:\/\/i0.wp.com\/vincentiens.org\/wp-content\/uploads\/2011\/05\/filles_charite-228x300.jpg?resize=350%2C200","width":350,"height":200},"classes":[]},{"id":56628,"url":"http:\/\/vincentians.com\/fr\/lincarnation-et-noel-avec-saint-vincent\/","url_meta":{"origin":46550,"position":5},"title":"L\u2019incarnation Et No\u00ebl Avec Saint Vincent","author":"Francisco Javier Fern\u00e1ndez Chento","date":"19\/12\/2012","format":false,"excerpt":"La Congr\u00e9gation de la Mission a \u00e9t\u00e9 fond\u00e9e, le 17 avril 1625, \u00abpour honorer le myst\u00e8re de l'Incarnation, la vie et la mort de J\u00e9sus-Christ\u00bb, SV, XIII, 198, et la Bulle qui l'institue canoniquement, le 12 janvier 1633, sp\u00e9cifie qu'elle \u00abhonorera sp\u00e9cialement la tr\u00e8s sainte Trinit\u00e9, le saint myst\u00e8re de\u2026","rel":"","context":"Dans &quot;Vincent de Paul&quot;","block_context":{"text":"Vincent de Paul","link":"http:\/\/vincentians.com\/fr\/category\/the-vincentian-family\/founders\/vincent-de-paul\/"},"img":{"alt_text":"","src":"https:\/\/i0.wp.com\/vincentiens.org\/wp-content\/uploads\/2012\/12\/noel_avec_vincent_01-209x300.jpg?resize=350%2C200","width":350,"height":200},"classes":[]}],"_links":{"self":[{"href":"http:\/\/vincentians.com\/fr\/wp-json\/wp\/v2\/posts\/46550","targetHints":{"allow":["GET"]}}],"collection":[{"href":"http:\/\/vincentians.com\/fr\/wp-json\/wp\/v2\/posts"}],"about":[{"href":"http:\/\/vincentians.com\/fr\/wp-json\/wp\/v2\/types\/post"}],"author":[{"embeddable":true,"href":"http:\/\/vincentians.com\/fr\/wp-json\/wp\/v2\/users\/4"}],"replies":[{"embeddable":true,"href":"http:\/\/vincentians.com\/fr\/wp-json\/wp\/v2\/comments?post=46550"}],"version-history":[{"count":0,"href":"http:\/\/vincentians.com\/fr\/wp-json\/wp\/v2\/posts\/46550\/revisions"}],"wp:featuredmedia":[{"embeddable":true,"href":"http:\/\/vincentians.com\/fr\/wp-json\/wp\/v2\/media\/189930"}],"wp:attachment":[{"href":"http:\/\/vincentians.com\/fr\/wp-json\/wp\/v2\/media?parent=46550"}],"wp:term":[{"taxonomy":"category","embeddable":true,"href":"http:\/\/vincentians.com\/fr\/wp-json\/wp\/v2\/categories?post=46550"},{"taxonomy":"post_tag","embeddable":true,"href":"http:\/\/vincentians.com\/fr\/wp-json\/wp\/v2\/tags?post=46550"}],"curies":[{"name":"wp","href":"https:\/\/api.w.org\/{rel}","templated":true}]}}