{"id":43443,"date":"2012-10-11T01:58:52","date_gmt":"2012-10-11T00:58:52","guid":{"rendered":"http:\/\/somos.vicencianos.org\/blog\/2011\/06\/les-missions-scolaires-dans-les-etablissements-vincentiens-de-france\/"},"modified":"2012-10-11T01:58:52","modified_gmt":"2012-10-11T00:58:52","slug":"les-missions-scolaires-dans-les-etablissements-vincentiens-de-france","status":"publish","type":"post","link":"http:\/\/vincentians.com\/fr\/les-missions-scolaires-dans-les-etablissements-vincentiens-de-france\/","title":{"rendered":"Les Missions Scolaires dans les \u00e9tablissements vincentiens de France"},"content":{"rendered":"<h2><strong>Pr\u00e9ambule <\/strong>:<strong> <\/strong><\/h2>\n<p>\u00ab <em>Vous devez faire entendre que le pauvre peuple se damne, faute de savoir les choses n\u00e9cessaires \u00e0 Salut et faute de se confesser <\/em>\u00bb (SV I, 115).<\/p>\n<p>Un jour, Vincent de Paul ouvrit les yeux sur l\u2019\u00e9tat d\u00e9prav\u00e9 de l\u2019Eglise de France et l\u2019abandon du peuple des campagnes, constituant la majorit\u00e9 de la population de l\u2019\u00e9poque. Un peuple errant au milieu des calamit\u00e9s, sans espoir, sans esp\u00e9rance, et d\u00e9laiss\u00e9 par le clerg\u00e9. Il initia alors les missions, appel\u00e9es aujourd\u2019hui mission populaire, pour venir en aide spirituellement et corporellement aux hommes et aux femmes de son temps.<\/p>\n<p>La situation de la France a bien chang\u00e9 en 4 si\u00e8cles. L\u2019Eglise n\u2019est plus tant d\u00e9prav\u00e9e qu\u2019au XVIIe si\u00e8cle, malgr\u00e9 l\u2019\u00e9cho des m\u00e9dias autour d\u2019affaires douloureuses mais non moins fort minoritaires. Nous pouvons voir l\u00e0 le travail accomplit suite \u00e0 l\u2019\u00e9lan donn\u00e9 par l\u2019Ecole Fran\u00e7aise (St Vincent de Paul, St Jean Eude, Pierre de B\u00e9rulle, Jean-Jacques Olier, \u00c9). Et malgr\u00e9 les j\u00e9r\u00e9miades jans\u00e9nisantes de quelques nostalgiques du XIXe si\u00e8cle, d\u00e9but XXe, o\u00f9 des cur\u00e9s \u00e9taient pr\u00e9sents dans chaque village, l\u2019Eglise est bien pr\u00e9sente sur le terrain, par le peuple chr\u00e9tien qui la constitue, mettant surtout en avant son option pr\u00e9f\u00e9rentielle pour les pauvres. Aujourd\u2019hui, le \u00ab\u00a0<em>peuple des campagnes<\/em>\u00a0\u00bb ne repr\u00e9sente plus que 14% de la population et la situation \u00e9conomique du pays a consid\u00e9rablement \u00e9volu\u00e9. Mais le peuple n\u2019en continue pas moins <em>\u00e0 se damner, faute de savoir les choses n\u00e9cessaires \u00e0 Salut <\/em>! Qu\u2019est\u00adce que cela veut dire pour nous aujourd\u2019hui ? Sous l\u2019opulence apparente des biens de consommation se cache un r\u00e9el d\u00e9sespoir. Quelques constats souvent rappel\u00e9s : la France est le premier pays consommateur d\u2019antid\u00e9presseurs, nous sommes champion en taux de suicides et, avec l\u2019Afghanistan, nous battons le record de la population la plus pessimiste ! Alors que nous avons tout, que nous vivons dans un pays que tout le monde nous envie, que nous sommes les rois du bien-vivre, nous d\u00e9primons ! Pourquoi ? Il n\u2019y a pas une r\u00e9ponse qui expliquerait tout, et nous ne sommes pas des experts.<\/p>\n<h2><strong>Les jeunes, constat <\/strong>:<strong> <\/strong><\/h2>\n<p>Parmi les diff\u00e9rentes cat\u00e9gories de la population fran\u00e7aise, il en est une que notre \u00e9quipe (Vincent Goguey et \u00c9ric Ravoux) tente d\u2019approcher plus particuli\u00e8rement : les jeunes coll\u00e9giens et lyc\u00e9ens (11-20 ans). Plut\u00f4t que d\u2019attendre sur le perron de nos \u00e9glises ou dans des locaux d\u2019aum\u00f4nerie que ceux-ci viennent \u00e0 nous, nous avons entrepris depuis l\u2019ann\u00e9e derni\u00e8re \u00e0 la demande des Filles de la Charit\u00e9, d\u2019aller vers eux, d\u2019aller \u00e0 leur rencontre sur leur terrain, en parcourant les \u00e9tablissements scolaires du r\u00e9seau vincentien. Il faut bien commencer quelque part.<\/p>\n<p>Petit historique : En octobre 2009, dans le cadre du 350<sup>e<\/sup> anniversaire de la mort de St Vincent et de Ste Louise, l\u2019\u00e9quipe du Service des Vocations des Provinces CM\/FdlC francophones organisa un week-end rencontre qui rassembla pr\u00e8s de 130 cons\u0153urs et confr\u00e8res. Un constat apparu : St Vincent et Ste Louise ne sont pas connus de nos contemporains. Il nous fut alors demand\u00e9 d\u2019intervenir dans quelques \u00e9tablissements scolaires pour organiser des temps forts autour de nos fondateurs, histoire de les faire conna\u00eetre un peu plus.<\/p>\n<div id=\"attachment_43444\" style=\"width: 310px\" class=\"wp-caption aligncenter\"><a href=\"https:\/\/i0.wp.com\/vincentiens.org\/wp-content\/uploads\/2012\/10\/Missions_Scolaires_Bilan-2010_11.jpg\"><img data-recalc-dims=\"1\" loading=\"lazy\" decoding=\"async\" aria-describedby=\"caption-attachment-43444\" class=\"size-medium wp-image-43444 \" title=\"Lyc\u00e9e St Vincent de Paul de Bordeaux\" src=\"https:\/\/i0.wp.com\/vincentiens.org\/wp-content\/uploads\/2012\/10\/Missions_Scolaires_Bilan-2010_11-300x199.jpg?resize=300%2C199\" alt=\"Lyc\u00e9e St Vincent de Paul de Bordeaux\" width=\"300\" height=\"199\" \/><\/a><p id=\"caption-attachment-43444\" class=\"wp-caption-text\">Lyc\u00e9e St Vincent de Paul de Bordeaux<\/p><\/div>\n<p>Tr\u00e8s vite, \u00e0 la demande des \u00e9tablissements et appuy\u00e9s par la Tutelle des \u00e9tablissements (la Compagnie des Filles de la Charit\u00e9, Provinces France Nord et Sud), d\u2019autres th\u00e8mes vinrent se greffer \u00e0 nos interventions pour se rapprocher un peu plus des r\u00e9alit\u00e9s quotidiennes des jeunes : <em>La violence ; La libert\u00e9 ; L\u2019accueil des diff\u00e9rences ; Des mod\u00e8les pour se construire <\/em>; <em>Qui nous fera voir le bonheur <\/em>\u00c9 D\u00e8s le d\u00e9part, nous avons demand\u00e9 \u00e0 rencontrer tous les \u00e9l\u00e8ves, toutes les classes, de mani\u00e8re obligatoire, pendant une ou deux heures, ce qui est un luxe aujourd\u2019hui, m\u00eame dans des \u00e9tablissements catholiques. Demeurant en moyenne une semaine dans chaque \u00e9tablissement, cela oblige les responsables de la Vie Scolaire et le corps enseignant \u00e0 un v\u00e9ritable casse-t\u00eate, devant chambouler enti\u00e8rement l\u2019emploi du temps des classes.<\/p>\n<div id=\"attachment_43445\" style=\"width: 310px\" class=\"wp-caption aligncenter\"><a href=\"https:\/\/i0.wp.com\/vincentiens.org\/wp-content\/uploads\/2012\/10\/Missions_Scolaires_Bilan-2010_11b.jpg\"><img data-recalc-dims=\"1\" loading=\"lazy\" decoding=\"async\" aria-describedby=\"caption-attachment-43445\" class=\"size-medium wp-image-43445\" title=\"Lyc\u00e9e St Vincent de Paul de Versailles\" src=\"https:\/\/i0.wp.com\/vincentiens.org\/wp-content\/uploads\/2012\/10\/Missions_Scolaires_Bilan-2010_11b-300x199.jpg?resize=300%2C199\" alt=\"Lyc\u00e9e St Vincent de Paul de Versailles\" width=\"300\" height=\"199\" \/><\/a><p id=\"caption-attachment-43445\" class=\"wp-caption-text\">Lyc\u00e9e St Vincent de Paul de Versailles<\/p><\/div>\n<p>Au-del\u00e0 des th\u00e8mes propos\u00e9s, le but de nos interventions n\u2019est pas tant de fournir un enseignement mais de les faire r\u00e9fl\u00e9chir, r\u00e9agir, sur le sens de la vie, en leur laissant la parole, parole libre, pour qu\u2019ils puissent se dire. Et ce que nous entendons, par leurs mots ou leurs silences, est des plus alarmants. Devant les questions fondamentales que tout \u00eatre humain se pose (ou doit se poser), telles que : <em>Qu&rsquo;est-ce que l&rsquo;homme ? Quel est le sens et le but de la vie ? Qu&rsquo;est-ce que le bien et qu&rsquo;est-ce que le p\u00e9ch\u00e9 ? Quels sont l&rsquo;origine et le but de la souffrance ? Quelle est la voie pour parvenir au vrai bonheur ? Qu&rsquo;est-ce que la mort, le jugement et la r\u00e9tribution apr\u00e8s la mort ? Qu&rsquo;est-ce enfin que le myst\u00e8re dernier et ineffable qui entoure notre existence, d&rsquo;o\u00f9 nous tirons notre origine et vers lequel nous tendons ? (D\u00e9claration Nostra Aetate, 1, Concile Vatican II)<\/em>, les r\u00e9ponses, les r\u00e9actions, sont rares ! Non pas que ces questions soient absentes de leur esprit, mais pour beaucoup, ils n\u2019ont pas les mots ou aucunes notions pouvant les aider \u00e0 formuler ne serait-ce qu\u2019un ambrions de r\u00e9ponse. Beaucoup se r\u00e9fugient alors derri\u00e8re des <em>Bof<\/em>, des <em>Je Sais Pas<\/em>, ou des silences vides de tout. Nous d\u00e9couvrons une incapacit\u00e9 \u00e0 se projeter dans l\u2019avenir, une absence de r\u00eaves (autre que l\u2019imaginaire), une m\u00e9sestime de soi, voire un rejet du corps. Et quand nous leur demandons ce qu\u2019est le bonheur pour eux, la plus part l\u2019identifie \u00e0 l\u2019argent, au mat\u00e9riel. Un rappel : le suicide demeure en France l\u2019une des premi\u00e8res causes de mortalit\u00e9 chez les jeunes de 15-25 ans.<\/p>\n<div id=\"attachment_43446\" style=\"width: 310px\" class=\"wp-caption aligncenter\"><a href=\"https:\/\/i0.wp.com\/vincentiens.org\/wp-content\/uploads\/2012\/10\/Missions_Scolaires_Bilan-2010_11c.jpg\"><img data-recalc-dims=\"1\" loading=\"lazy\" decoding=\"async\" aria-describedby=\"caption-attachment-43446\" class=\"size-medium wp-image-43446\" title=\"\u00c9ric au Lyc\u00e9e de Ch\u00e2lons\" src=\"https:\/\/i0.wp.com\/vincentiens.org\/wp-content\/uploads\/2012\/10\/Missions_Scolaires_Bilan-2010_11c-300x199.jpg?resize=300%2C199\" alt=\"\u00c9ric au Lyc\u00e9e de Ch\u00e2lons\" width=\"300\" height=\"199\" \/><\/a><p id=\"caption-attachment-43446\" class=\"wp-caption-text\">\u00c9ric au Lyc\u00e9e de Ch\u00e2lons<\/p><\/div>\n<p>D\u2019un autre c\u00f4t\u00e9, l\u2019image qu\u2019ils v\u00e9hiculent de l\u2019Eglise et de ses pasteurs est \u00e9galement des plus n\u00e9gatives : Vieux, hors du temps, coup\u00e9s des r\u00e9alit\u00e9s, absents, enferm\u00e9s, toujours en noir, et \u00c9 p\u00e9dophiles !<\/p>\n<h2><strong>Un Peuple qui se damne ! <\/strong>:<strong> <\/strong><\/h2>\n<p>Nous ne pouvons alors que reprendre l\u2019exclamation de St Vincent : <em>\u00c7le pauvre peuple se damne, faute de savoir les choses n\u00e9cessaires \u00e0 Salut et faute de se confesser \u00bb <\/em>!<\/p>\n<ul>\n<li><em>Le pauvre peuple se damne<\/em> ! Certes, il ne s\u2019agit pas pour la plus part de ces jeunes de pauvret\u00e9 mat\u00e9rielle, bien que celle-ci existe chez certains, mais bien plus de pauvret\u00e9 de sens, d\u2019Esp\u00e9rance. <em>La vie ne sert \u00e0 rien, on nait, on vit, on meurt et on se fait bouffer par les vers <\/em>!! Absence d\u2019Esp\u00e9rance.<\/li>\n<li><em>Faute de savoir les choses n\u00e9cessaires \u00e0 Salut<\/em> ! La dimension spirituelle, n\u00e9cessaire au bon d\u00e9veloppement de l\u2019\u00eatre humain, est compl\u00e8tement absente de leurs pr\u00e9occupations, et m\u00eame de leur environnement. L\u2019Eglise ne leur parle pas, non pas qu\u2019elle ne le fasse pas (leur parler), mais son message leur est le plus souvent incompr\u00e9hensible. Il semble loin le temps o\u00f9 St Vincent demandait aux confr\u00e8res de pr\u00eacher <em>dans la simplicit\u00e9, avec un discours familier, de sorte que chacun puisse entendre et en faire son profit <\/em>(SV XI, 258). Certains jeunes n\u2019en cherchent pas moins des r\u00e9ponses, mais ce n\u2019est pas vers l\u2019Eglise qu\u2019ils se tournent. Beaucoup vont faire leur march\u00e9 personnel dans les innombrables rayons religiosit\u00e9 d\u2019internet, prenant ce qui les int\u00e9ressent sans aucun discernement, ce qui conduit parfois \u00e0 des catastrophes.<br \/>\nDans leur incapacit\u00e9 \u00e0 se projeter dans l\u2019avenir, en plus de la dimension spirituelle, appara\u00eet un grand manque de m\u00e9moire, de fondations culturelles, traditionnelles. Nourris d\u2019instantan\u00e9 m\u00e9diatique, leur culture g\u00e9n\u00e9rale est proche de z\u00e9ro. Le probl\u00e8me ne vient pas tant de l\u2019\u00e9cole que de leur environnement familiale o\u00f9 il semble ne plus rien se transmettre. Nous observons l\u00e0 une diff\u00e9rence entre les jeunes d\u2019origine musulmane, ceux \u00e9lev\u00e9s dans un environnement chr\u00e9tien, et les autres repr\u00e9sentants une grande majorit\u00e9. Les jeunes musulmans sont beaucoup plus \u00e0 l\u2019aise, ouverts, participatifs et confiants. Les jeunes chr\u00e9tiens, rares, bien que beaucoup plus sur la r\u00e9serve, affichent \u00e9galement une plus grande assise. Mais pour les autres, la grande majorit\u00e9, c\u2019est le vide, un vide culturel, un vide traditionnel. Et il appara\u00eet de plus en plus \u00e9vident que sans m\u00e9moire, sans fondation, on ne peut b\u00e2tir un avenir. Ils b\u00e2tissent sur du sable et \u00e0 la premi\u00e8re \u00e9preuve, ils s\u2019effondrent.<\/li>\n<li><em>Faute de se confesser<\/em> ! \u00ab <em>C\u2019est la premi\u00e8re fois qu\u2019il m\u2019\u00e9tait donn\u00e9 de parler s\u00e9rieusement \u00e0 un adulte et d\u2019\u00eatre \u00e9cout\u00e9 ! <\/em>\u00bb. Manque d\u2019\u00e9coute, manque de lieux de parole. Beaucoup de jeunes aujourd\u2019hui ne peuvent et ne savent se dire, manque de mots, manque d\u2019\u00e9coute. Ne pouvant se dire, ils ne se sentent pas exister. Pour beaucoup, ils ne retiennent d\u2019eux que le n\u00e9gatif qu\u2019on leur ass\u00e8ne trop souvent. M\u00e9sestime, d\u00e9valorisation, le regard qu\u2019ils posent sur eux-m\u00eames est d\u00e9vastateur. Grande est alors la tentation d\u2019aller trouver un r\u00e9confort ailleurs, fuir dans l\u2019alcool, la drogue, les jeux vid\u00e9os, le sexe, \u00c9 Ils ont le sentiment de ne pas \u00eatre pris au s\u00e9rieux, de ne pas \u00eatre \u00e9cout\u00e9.<\/li>\n<\/ul>\n<h2><strong>Les jeunes, un espoir <\/strong>:<strong> <\/strong><\/h2>\n<p>Mais le tableau est loin d\u2019\u00eatre si sombre ! Pass\u00e9 les constats et les premi\u00e8res impressions, c\u2019est toute une richesse que nous d\u00e9couvrons. Le caract\u00e8re obligatoire de nos interventions plonge souvent les \u00e9l\u00e8ves dans un repli plein de m\u00e9fiance. \u00ab <em>Ils vont nous faire prier ; ils vont nous baratiner avec le Bon Dieu ; ils veulent nous r\u00e9cup\u00e9rer, nous convertir&#8230; <\/em>\u00bb. Autant dire qu\u2019ils entrent souvent dans la salle de classe avec des semelles de plomb ! Mais heureusement la glace se brise vite alors qu\u2019ils d\u00e9couvrent leurs interlocuteurs. Et pass\u00e9 la surprise, le dialogue peut s\u2019installer. Apr\u00e8s une courte pr\u00e9sentation de St Vincent de Paul, de notre Congr\u00e9gation et de notre mission au sein des \u00e9tablissements scolaires, nous \u00ab\u00a0<em>attaquons<\/em>\u00a0\u00bb en leur posant quelques questions chocs : \u00ab <em>Qu\u2019est-ce qui te rend heureux ? Quel est ton bonheur \u00e0 toi ? <\/em>\u00bb, suivies de \u00ab <em>est-ce que tu t\u2019es d\u00e9j\u00e0 demand\u00e9 ce que tu faisais sur cette terre ?! <\/em>\u00bb. Questions d\u00e9concertantes, qui les obligent \u00e0 passer du \u00ab\u00a0on\u00a0\u00bb au \u00ab\u00a0je\u00a0\u00bb. A ces questions, hormis la r\u00e9ponse <em>fric<\/em>, ils se retrouvent tr\u00e8s souvent autour des valeurs de la fraternit\u00e9, de l\u2019amiti\u00e9 et de la famille, cette derni\u00e8re demeurant pour eux la valeur s\u00fbre, malgr\u00e9 les \u00e9checs dont ils sont souvent les t\u00e9moins. L\u2019un des th\u00e8mes utilis\u00e9 \u00e9tant <em>Des Mod\u00e8les Pour Te Construire<\/em>, imag\u00e9 par une vid\u00e9o que nous leur diffusons, nous sommes toujours surpris de les entendre r\u00e9pondre \u00e0 la question \u00ab <em>quel est ton mod\u00e8le ?<\/em>\u00bb : \u00ab <em>ma m\u00e8re ! <\/em>\u00bb \u00e0 95%. Suivent les p\u00e8res, les fr\u00e8res et les s\u0153urs, les grands-parents. La famille est toujours pour eux le lieu de construction et aussi une r\u00e9alit\u00e9 dans laquelle ils se projettent.<\/p>\n<div id=\"attachment_43447\" style=\"width: 310px\" class=\"wp-caption aligncenter\"><a href=\"https:\/\/i0.wp.com\/vincentiens.org\/wp-content\/uploads\/2012\/10\/Missions_Scolaires_Bilan-2010_11d.jpg\"><img data-recalc-dims=\"1\" loading=\"lazy\" decoding=\"async\" aria-describedby=\"caption-attachment-43447\" class=\"size-medium wp-image-43447\" title=\"Vincent au Lyc\u00e9e de Ch\u00e2lons\" src=\"https:\/\/i0.wp.com\/vincentiens.org\/wp-content\/uploads\/2012\/10\/Missions_Scolaires_Bilan-2010_11d-300x199.jpg?resize=300%2C199\" alt=\"Vincent au Lyc\u00e9e de Ch\u00e2lons\" width=\"300\" height=\"199\" \/><\/a><p id=\"caption-attachment-43447\" class=\"wp-caption-text\">Vincent au Lyc\u00e9e de Ch\u00e2lons<\/p><\/div>\n<p>Plus difficile est de trouver une r\u00e9ponse, ou un semblant de r\u00e9ponse \u00e0 la raison de notre pr\u00e9sence sur terre, au sens de la vie. Dans une soci\u00e9t\u00e9 atteinte de jeunisme, o\u00f9 tout est vendu afin de rester \u00e9ternellement jeune, o\u00f9 les seules personnes \u00e2g\u00e9es montr\u00e9es en exemple sont les retrait\u00e9s actifs, en bonne sant\u00e9 et \u00e0 fort pouvoir d\u2019achat, la r\u00e9alit\u00e9 m\u00eame de la mort, de notre mort, est gomm\u00e9e. La vie ne se r\u00e9sume plus alors qu\u2019\u00e0 un temps de consommation, d\u2019acquisition sans borne, d\u2019imm\u00e9diatet\u00e9 aveugle. En leur remettant devant les yeux cette r\u00e9alit\u00e9 qui nous touche tous, la mort, nous les invitons \u00e0 se poser, ou \u00e0 se reposer, les vraies questions : <em>Pourquoi ? <\/em>et, <em>qu\u2019est-ce qu\u2019il y a apr\u00e8s ? <\/em>Questions fondamentales sur lesquelles repose la dimension spirituelle de l\u2019\u00eatre humain, et auxquelles les religions tentent de r\u00e9pondre. Nous ne leur imposons pas de r\u00e9ponses, nous ne pouvons que t\u00e9moigner de notre foi, de notre Esp\u00e9rance. Souvent, autour de ce sujet, de grands d\u00e9bats se vivent dans les classes, d\u00e9bats auxquels nous laissons libre court. Cela nous montre que l\u2019int\u00e9r\u00eat est bien pr\u00e9sent, que le questionnement est bien pr\u00e9sent et qu\u2019il peut se construire. Tout est loin d\u2019\u00eatre perdu. Nous leur permettons de prendre conscience de ces questions, nous leur procurons quelques clefs afin qu\u2019ils travaillent, tout au long de leur vie, \u00e0 y r\u00e9pondre s\u00e9rieusement.<\/p>\n<p>Une des clefs que nous leur proposons est de grandir en int\u00e9riorit\u00e9, notamment en leur faisant faire l\u2019exp\u00e9rience du silence. Apr\u00e8s leur avoir projet\u00e9 un montage vid\u00e9o, nous les invitons \u00e0 rester un temps en silence. Deux minutes, ce n\u2019est rien pour qui a l\u2019habitude de l\u2019oraison, mais c\u2019est souvent une torture pour les jeunes. \u00ab <em>Je me suis ennuy\u00e9 ; c\u2019est long, \u00e7a m\u2019a sembl\u00e9 une \u00e9ternit\u00e9 ; \u00e7a sert \u00e0 rien ; on perd du temps ; c\u2019est angoissant &#8230; <\/em>\u00bb. Quelques uns heureusement appr\u00e9cient ce moment, \u00ab <em>c\u2019est apaisant ; on est avec soi-m\u00eame ; \u00e7a fait du bien ; on peut penser &#8230; <\/em>\u00bb, mais ce n\u2019est pas la majorit\u00e9. Force est de constater, bien que cela varie selon l\u2019\u00e2ge et les lieux, que la plupart ne connait pas le silence, le redoute m\u00eame, pr\u00e9f\u00e9rant se noyer dans un fond sonore permanent. Nous essayons alors de leur faire prendre conscience de l\u2019importance de ce temps. Temps avec soi-m\u00eame, temps de recul, de discernement, temps de pri\u00e8re. Temps pour se poser les vraies questions de mani\u00e8re apais\u00e9e, loin des bruits et des fracas d\u2019un monde qui nous emp\u00eache de penser, qui ne veut pas que nous pensions.<\/p>\n<p>Parall\u00e8lement \u00e0 cela, nous abordons avec eux la dimension du service, du don de soi, seul lieu de r\u00e9alisation de la personne humaine. On grandit le jour o\u00f9 on apprend \u00e0 donner de sa personne. Et cela, ils l\u2019entendent !<\/p>\n<p>Il arrive aussi que, d\u00e8s le d\u00e9but de nos interventions, se soient les jeunes eux-m\u00eames qui nous inondent de questions. \u00ab <em>C\u2019est vrai que les pr\u00eatres n\u2019ont pas le droit de se marier ? Vous ne pouvez pas avoir d\u2019enfants ? Comment vivez-vous ? Comment devient-on pr\u00eatre ? Qu\u2019est-ce qui vous est arriv\u00e9 pour que vous d\u00e9cidiez de devenir pr\u00eatre ? Quelles sont les \u00e9tudes pour devenir pr\u00eatre ? Que pensez-vous des autres religions ? \u00c7a sert \u00e0 quoi un pr\u00eatre ? Vous \u00eates pay\u00e9s ? Vous ne pouvez pas avoir de rapports sexuels ? Y a-t-il beaucoup de p\u00e9dophiles chez les pr\u00eatres ? Ils devraient se marier ! Le Pape ? Adam et Eve, vous y croyez ? Et le Big Bang ?\u00c9 <\/em>\u00bb. La liste peut \u00eatre tr\u00e8s longue ! C\u2019est souvent l\u00e0 que nous voyons les clich\u00e9s qui se v\u00e9hiculent. Pourtant, \u00e0 la diff\u00e9rence de leurs ain\u00e9s, rare est le m\u00e9pris derri\u00e8re ces questions, au contraire, nous y percevons toujours un v\u00e9ritable int\u00e9r\u00eat, une v\u00e9ritable curiosit\u00e9, une saine curiosit\u00e9. A nous de r\u00e9pondre \u00e0 toutes ces questions avec le plus d\u2019honn\u00eatet\u00e9, de v\u00e9rit\u00e9 et de simplicit\u00e9 possible, car ils sentent tout de suite quand on les m\u00e8ne en bateau. Nous d\u00e9couvrons alors des jeunes tr\u00e8s sensibles au t\u00e9moignage de vie que nous pouvons leur offrir, sensibles \u00e0 la coh\u00e9rence du choix de vie qui est le n\u00f4tre. Nous d\u00e9couvrons des jeunes ouverts, curieux, respectueux, m\u00eame quand ils ne comprennent pas ce choix. M\u00eame chose pour le discours de l\u2019Eglise qu\u2019ils r\u00e9duisent souvent \u00e0 des clich\u00e9s v\u00e9hicul\u00e9s par la plupart des m\u00e9dias. Nous prenons alors le temps d\u2019expliquer, de traduire et de montrer la beaut\u00e9 et la grandeur d\u2019un message qui ne souhaite que le bien de toute l\u2019humanit\u00e9. Ils veulent comprendre et la plupart d\u2019entre eux \u00e9coute. Ils ont soif et faim !! C\u2019est pour nous ainsi une mani\u00e8re toute simple de semer pour d\u2019\u00e9ventuelles vocations religieuses ou sacerdotales.<\/p>\n<h2><strong>Les animateurs pastoraux, le corps enseignant, les parents <\/strong>:<strong> <\/strong><\/h2>\n<p>Partis dans l\u2019optique d\u2019aller exclusivement \u00e0 la rencontre des jeunes, d\u2019autres demandent vinrent tr\u00e8s vite de la part des animateurs pastoraux et du corps enseignant. Force est de constater que pour eux aussi, les lieux d\u2019\u00e9coute et de parole sont rares, et ils en ressentent fortement le besoin.<\/p>\n<p>Dans la mesure du possible et pour assurer un suivi, nous t\u00e2chons de faire un lien durant nos interventions avec le th\u00e8me d\u2019ann\u00e9e de l\u2019\u00e9tablissement, quand il y en a un. Il arrive parfois que les professeurs eux-m\u00eames rebondissent avec leurs \u00e9l\u00e8ves sur les th\u00e8mes abord\u00e9s pour savoir ce qu\u2019ils en ont retenu et voir avec eux ce qu\u2019ils souhaiteraient approfondir. Toujours est-il que la question du suivi reste \u00e0 travailler, \u00e0 renforcer, avec les animateurs pastoraux. Quels outils, quelles clefs leur laisser pour qu\u2019ils puissent prendre la suite de ce que nous avons initi\u00e9 ? L\u2019id\u00e9e que l\u2019on essaie de mettre en place avec le VAREF (Vincentiens Aujourd\u2019hui, R\u00e9seau Enseignement France) est de proposer une formation aux animateurs pastoraux en lien avec nos interventions. Proposer quelque chose sur place, et non pas seulement sur Paris, qui puissent \u00e0 la fois permettre aux animateurs de continuer sur la lanc\u00e9e de nos interventions et en m\u00eame temps leur procurer un enseignement sur St Vincent, Ste Louise et leur spiritualit\u00e9, en lien avec les r\u00e9alit\u00e9s d\u2019aujourd\u2019hui. C\u2019est \u00e0 l\u2019\u00e9tude.<\/p>\n<p>Afin de construire ce suivi, plusieurs \u00e9tablissements ont choisi de faire appel \u00e0 nos services de mani\u00e8re r\u00e9guli\u00e8re, nous faisant revenir d\u2019une ann\u00e9e sur l\u2019autre. Le travail en amont se voit ainsi facilit\u00e9. Les \u00e9l\u00e8ves nous connaissant rentrent beaucoup plus facilement dans la d\u00e9marche et le partage. Et d\u2019une ann\u00e9e sur l\u2019autre, une plus grande coh\u00e9rence se construit entre la pastorale locale et nos interventions.<\/p>\n<p>Le corps enseignant n\u2019est pas des plus \u00e9vidents \u00e0 rejoindre et le contact diff\u00e8re \u00e9norm\u00e9ment d\u2019un \u00e9tablissement \u00e0 un autre, contact d\u00e9pendant en grande partie des relations entre la direction, la pastorale et les enseignants. Tant\u00f4t nous baignons d\u00e8s notre arriv\u00e9e dans une totale indiff\u00e9rence de leur part et cela demeure tout au long de la semaine, tant\u00f4t nous sentons d\u00e8s notre arriv\u00e9e un accueil et une int\u00e9gration imm\u00e9diate avec ce d\u00e9sir de travailler ensemble pour le bien des \u00e9l\u00e8ves. Il nous fut m\u00eame donn\u00e9 dans un \u00e9tablissement (Marseille St Louis pour ne pas le nommer) d\u2019animer une demi-journ\u00e9e p\u00e9dagogique avec l\u2019ensemble du corps enseignant et administratif, autour de la vie de St Vincent, de nos missions, journ\u00e9e conclue par la b\u00e9n\u00e9diction de la nouvelle salle d\u2019aum\u00f4nerie. De mani\u00e8re g\u00e9n\u00e9rale, nous essayons toujours de prendre un temps avec les enseignants, temps gratuit pour ceux qui le veulent. Souvent, ces temps se transforment en lieu de parole, de \u00ab\u00a0d\u00e9ballage\u00a0\u00bb, parole que nous essayons de reprendre, d\u2019analyser avec eux. Ils se sentent souvent tr\u00e8s d\u00e9munis face aux jeunes qu\u2019ils sont charg\u00e9s d\u2019aider \u00e0 grandir. Mais les moyens nous manquent et ils expriment le besoin de pouvoir parler et d\u2019\u00eatre \u00e9cout\u00e9 plus souvent. Il en est de m\u00eame avec les surveillants d\u2019internat, au Berceau par exemple.<\/p>\n<p>Enfin les parents. C\u2019est \u00e0 l\u2019initiative du directeur du lyc\u00e9e St Vincent de Paul de Versailles, Mr. R\u00e9my Cagnolo, qu\u2019une premi\u00e8re rencontre fut organis\u00e9e avec les parents d\u2019\u00e9l\u00e8ves, quelques semaines apr\u00e8s notre passage dans l\u2019\u00e9tablissement. Certes, ils ne furent pas nombreux \u00e0 se d\u00e9placer. Mais l\u00e0 encore l\u2019\u00e9change fut des plus int\u00e9ressants et riches. Les parents aussi ont besoin d\u2019\u00eatre \u00e9cout\u00e9s et rassur\u00e9s. Ils ont besoins d\u2019entendre enfin de belles choses sur leurs enfants, sans tomber dans l\u2019ang\u00e9lisme. Le m\u00e9tier de parents aujourd\u2019hui est loin d\u2019\u00eatre \u00e9vident !<\/p>\n<h2><strong>Conclusion <\/strong>:<strong><\/strong><\/h2>\n<p>Cette ann\u00e9e il nous a \u00e9t\u00e9 donn\u00e9 d\u2019intervenir dans 13 \u00e9tablissements, sur 50 coll\u00e8ges-lyc\u00e9es vincentiens en France, mais ce n\u2019est pas le nombre qui compte. De missions en missions, nos interventions ont beaucoup \u00e9volu\u00e9. Si au d\u00e9part il nous \u00e9tait difficile d\u2019aborder les questions de spiritualit\u00e9, de foi, en lien avec les th\u00e8mes que nous abordions, cela est devenu petit \u00e0 petit plus \u00e9vident, un sch\u00e9ma d\u2019approche plus clair s\u2019est dessin\u00e9, gr\u00e2ce notamment \u00e0 ce que les jeunes nous apprirent d\u2019eux-m\u00eames. Conscients d\u2019approcher les adultes de demain, nous r\u00e9alisons chaque jour un peu plus l\u2019\u00e9tendu du chantier. La France, au travers de ses jeunes, n\u2019est pas \u00e0 r\u00e9-\u00e9vang\u00e9liser mais \u00e0 \u00e9vang\u00e9liser ! Nous n\u2019avons pas la pr\u00e9tention de leur apporter des solutions toutes faites aux grandes questions du sens de la vie, du bonheur, nous comptons seulement sur le t\u00e9moignage de notre foi pour les inviter \u00e0 se poser ces questions, tout en leur laissant quelques clefs.<\/p>\n<p>A l\u2019\u00e9cole de St Vincent, nous apprenons sans cesse \u00e0 nous laisser \u00e9vang\u00e9liser par ces jeunes. Sans cesse, ils nous renvoient \u00e0 notre propre foi, \u00e0 notre Esp\u00e9rance, nous for\u00e7ant chaque jour \u00e0 revoir notre formulation, notre entendement, notre \u00e9coute de la Parole et sa transmission.<\/p>\n<p>Ces interventions sont \u00e9galement pour nous l\u2019occasion de renforcer nos liens avec les autres membres de la Famille Vincentienne, et notamment les Filles de la Charit\u00e9. Il est important pour nous de sentir de mani\u00e8re affective et effective, que nous ne sommes pas seuls \u00e0 porter cette mission. Elle n\u2019est pas n\u00f4tre, celle-ci se vit en famille, avec d\u2019autres. Et c\u2019est avec d\u2019autres justement que nous souhaiterions l\u2019\u00e9tendre. Les Provinces de France ne manquent pas de jeunes confr\u00e8res et cons\u0153urs \u00e0-m\u00eame de consacrer un peu de temps \u00e0 cela, ce n\u2019est qu\u2019une question de volont\u00e9.<\/p>\n<p><a href=\"https:\/\/i0.wp.com\/vincentiens.org\/wp-content\/uploads\/2012\/10\/Missions_Scolaires_Bilan-2010_11e.jpg\"><img data-recalc-dims=\"1\" loading=\"lazy\" decoding=\"async\" class=\"aligncenter size-full wp-image-43448\" title=\"Missions_Scolaires_Bilan 2010_11e\" src=\"https:\/\/i0.wp.com\/vincentiens.org\/wp-content\/uploads\/2012\/10\/Missions_Scolaires_Bilan-2010_11e.jpg?resize=579%2C435\" alt=\"\" width=\"579\" height=\"435\" \/><\/a><\/p>\n<p>Derni\u00e8re petite chose : Quelle joie d\u2019\u00eatre missionnaire !&#8230;&#8230;&#8230;&#8230;&#8230;&#8230;&#8230;&#8230;&#8230;&#8230;&#8230;&#8230;. !!!!!!!!!!<\/p>\n<p><strong><br \/>\n<\/strong><\/p>\n","protected":false},"excerpt":{"rendered":"<p>Pr\u00e9ambule : \u00ab Vous devez faire entendre que le pauvre peuple se damne, faute de savoir les choses n\u00e9cessaires \u00e0 Salut et faute de se confesser \u00bb (SV I, 115). Un jour, Vincent de Paul &#8230; <a href=\"http:\/\/vincentians.com\/fr\/les-missions-scolaires-dans-les-etablissements-vincentiens-de-france\/\" class=\"more-link\">Read More<\/a><\/p>\n","protected":false},"author":4,"featured_media":103839,"comment_status":"open","ping_status":"open","sticky":false,"template":"","format":"standard","meta":{"jetpack_post_was_ever_published":false,"_jetpack_newsletter_access":"","_jetpack_dont_email_post_to_subs":false,"_jetpack_newsletter_tier_id":0,"_jetpack_memberships_contains_paywalled_content":false,"_jetpack_memberships_contains_paid_content":false,"footnotes":"","jetpack_publicize_message":"","jetpack_publicize_feature_enabled":true,"jetpack_social_post_already_shared":true,"jetpack_social_options":{"image_generator_settings":{"template":"highway","default_image_id":0,"font":"","enabled":false},"version":2}},"categories":[126],"tags":[],"class_list":["post-43443","post","type-post","status-publish","format-standard","has-post-thumbnail","hentry","category-ministere-de-la-jeunesse"],"yoast_head":"<!-- This site is optimized with the Yoast SEO plugin v26.3 - https:\/\/yoast.com\/wordpress\/plugins\/seo\/ -->\n<title>Les Missions Scolaires dans les \u00e9tablissements vincentiens de France - Nous Sommes Vincentiens<\/title>\n<meta name=\"robots\" content=\"index, follow, max-snippet:-1, max-image-preview:large, max-video-preview:-1\" \/>\n<link rel=\"canonical\" href=\"http:\/\/vincentians.com\/fr\/les-missions-scolaires-dans-les-etablissements-vincentiens-de-france\/\" \/>\n<meta property=\"og:locale\" content=\"fr_FR\" \/>\n<meta property=\"og:type\" content=\"article\" \/>\n<meta property=\"og:title\" content=\"Les Missions Scolaires dans les \u00e9tablissements vincentiens de France - Nous Sommes Vincentiens\" \/>\n<meta property=\"og:description\" content=\"Pr\u00e9ambule : \u00ab Vous devez faire entendre que le pauvre peuple se damne, faute de savoir les choses n\u00e9cessaires \u00e0 Salut et faute de se confesser \u00bb (SV I, 115). Un jour, Vincent de Paul ... Read More\" \/>\n<meta property=\"og:url\" content=\"http:\/\/vincentians.com\/fr\/les-missions-scolaires-dans-les-etablissements-vincentiens-de-france\/\" \/>\n<meta property=\"og:site_name\" content=\"Nous Sommes Vincentiens\" \/>\n<meta property=\"article:publisher\" content=\"https:\/\/www.facebook.com\/WeAreVincentians\/\" \/>\n<meta property=\"article:author\" content=\"https:\/\/www.facebook.com\/JavierChento\" \/>\n<meta property=\"article:published_time\" content=\"2012-10-11T00:58:52+00:00\" \/>\n<meta name=\"author\" content=\"Francisco Javier Fern\u00e1ndez Chento\" \/>\n<meta name=\"twitter:card\" content=\"summary_large_image\" \/>\n<meta name=\"twitter:creator\" content=\"@https:\/\/twitter.com\/javierchento\" \/>\n<meta name=\"twitter:site\" content=\"@WeVincentians\" \/>\n<meta name=\"twitter:label1\" content=\"\u00c9crit par\" \/>\n\t<meta name=\"twitter:data1\" content=\"Francisco Javier Fern\u00e1ndez Chento\" \/>\n\t<meta name=\"twitter:label2\" content=\"Dur\u00e9e de lecture estim\u00e9e\" \/>\n\t<meta name=\"twitter:data2\" content=\"19 minutes\" \/>\n<script type=\"application\/ld+json\" class=\"yoast-schema-graph\">{\"@context\":\"https:\/\/schema.org\",\"@graph\":[{\"@type\":\"WebPage\",\"@id\":\"http:\/\/vincentians.com\/fr\/les-missions-scolaires-dans-les-etablissements-vincentiens-de-france\/\",\"url\":\"http:\/\/vincentians.com\/fr\/les-missions-scolaires-dans-les-etablissements-vincentiens-de-france\/\",\"name\":\"Les Missions Scolaires dans les \u00e9tablissements vincentiens de France - Nous Sommes Vincentiens\",\"isPartOf\":{\"@id\":\"http:\/\/vincentians.com\/fr\/#website\"},\"primaryImageOfPage\":{\"@id\":\"http:\/\/vincentians.com\/fr\/les-missions-scolaires-dans-les-etablissements-vincentiens-de-france\/#primaryimage\"},\"image\":{\"@id\":\"http:\/\/vincentians.com\/fr\/les-missions-scolaires-dans-les-etablissements-vincentiens-de-france\/#primaryimage\"},\"thumbnailUrl\":\"\",\"datePublished\":\"2012-10-11T00:58:52+00:00\",\"author\":{\"@id\":\"http:\/\/vincentians.com\/fr\/#\/schema\/person\/9623ef4d9aa3b2dfb8c061f1499288f2\"},\"breadcrumb\":{\"@id\":\"http:\/\/vincentians.com\/fr\/les-missions-scolaires-dans-les-etablissements-vincentiens-de-france\/#breadcrumb\"},\"inLanguage\":\"fr-FR\",\"potentialAction\":[{\"@type\":\"ReadAction\",\"target\":[\"http:\/\/vincentians.com\/fr\/les-missions-scolaires-dans-les-etablissements-vincentiens-de-france\/\"]}]},{\"@type\":\"ImageObject\",\"inLanguage\":\"fr-FR\",\"@id\":\"http:\/\/vincentians.com\/fr\/les-missions-scolaires-dans-les-etablissements-vincentiens-de-france\/#primaryimage\",\"url\":\"\",\"contentUrl\":\"\"},{\"@type\":\"BreadcrumbList\",\"@id\":\"http:\/\/vincentians.com\/fr\/les-missions-scolaires-dans-les-etablissements-vincentiens-de-france\/#breadcrumb\",\"itemListElement\":[{\"@type\":\"ListItem\",\"position\":1,\"name\":\"Portada\",\"item\":\"http:\/\/vincentians.com\/fr\/\"},{\"@type\":\"ListItem\",\"position\":2,\"name\":\"Les Missions Scolaires dans les \u00e9tablissements vincentiens de France\"}]},{\"@type\":\"WebSite\",\"@id\":\"http:\/\/vincentians.com\/fr\/#website\",\"url\":\"http:\/\/vincentians.com\/fr\/\",\"name\":\"Nous Sommes Vincentiens\",\"description\":\"Know more to serve more\",\"potentialAction\":[{\"@type\":\"SearchAction\",\"target\":{\"@type\":\"EntryPoint\",\"urlTemplate\":\"http:\/\/vincentians.com\/fr\/?s={search_term_string}\"},\"query-input\":{\"@type\":\"PropertyValueSpecification\",\"valueRequired\":true,\"valueName\":\"search_term_string\"}}],\"inLanguage\":\"fr-FR\"},{\"@type\":\"Person\",\"@id\":\"http:\/\/vincentians.com\/fr\/#\/schema\/person\/9623ef4d9aa3b2dfb8c061f1499288f2\",\"name\":\"Francisco Javier Fern\u00e1ndez Chento\",\"image\":{\"@type\":\"ImageObject\",\"inLanguage\":\"fr-FR\",\"@id\":\"http:\/\/vincentians.com\/fr\/#\/schema\/person\/image\/\",\"url\":\"https:\/\/secure.gravatar.com\/avatar\/497d5cde87b4c3d097d0315953521681ba2cd523ee66e5077c3711f7021e65de?s=96&d=mm&r=g\",\"contentUrl\":\"https:\/\/secure.gravatar.com\/avatar\/497d5cde87b4c3d097d0315953521681ba2cd523ee66e5077c3711f7021e65de?s=96&d=mm&r=g\",\"caption\":\"Francisco Javier Fern\u00e1ndez Chento\"},\"description\":\"Director General y cofundador de La Red de Formaci\u00f3n Vicenciana. Javier es laico vicenciano, afiliado a la Congregaci\u00f3n de la Misi\u00f3n y miembro del Equipo de Misiones Populares de la provincia can\u00f3nica de Zaragoza (Espa\u00f1a) de la Congregaci\u00f3n de la Misi\u00f3n. Graduado en la Universidad Oberta de Catalunya con cuatro grados (Asistente de direcci\u00f3n, Gesti\u00f3n Administrativa, Recursos Humanos y Contabilidad Avanzada). Bil\u00edng\u00fce Espa\u00f1ol\/Ingl\u00e9s. gestiona y mantiene varias p\u00e1ginas web cristianas y vicencianas, incluida including La Red de Formaci\u00f3n Vicenciana, de la que es cofundador. Actualmente es responsable del \u00e1rea de Espa\u00f1ol de .famvin, la Red de Noticias de la Familia Vicenciana. Tambi\u00e9n es m\u00fasico cat\u00f3lico y ha editado varios discos. Es Director General y cofundador de Trovador, una reconocida compa\u00f1\u00eda discogr\u00e1fica critiana de Espa\u00f1a. Trabaja en las Tecnolog\u00edas de la Informaci\u00f3n, ofreciendo servicios de alojamiento, dise\u00f1o y mantenimiento Web, as\u00ed como asesoramiento, formaci\u00f3n y soluciones inform\u00e1ticas, gesti\u00f3n documental y digitalizaci\u00f3n de textos, edici\u00f3n y maquetaci\u00f3n de libros, revistas, flyers, etc.\",\"sameAs\":[\"http:\/\/chento.org\",\"https:\/\/www.facebook.com\/JavierChento\",\"https:\/\/x.com\/https:\/\/twitter.com\/javierchento\"],\"url\":\"http:\/\/vincentians.com\/fr\/author\/chento\/\"}]}<\/script>\n<!-- \/ Yoast SEO plugin. -->","yoast_head_json":{"title":"Les Missions Scolaires dans les \u00e9tablissements vincentiens de France - Nous Sommes Vincentiens","robots":{"index":"index","follow":"follow","max-snippet":"max-snippet:-1","max-image-preview":"max-image-preview:large","max-video-preview":"max-video-preview:-1"},"canonical":"http:\/\/vincentians.com\/fr\/les-missions-scolaires-dans-les-etablissements-vincentiens-de-france\/","og_locale":"fr_FR","og_type":"article","og_title":"Les Missions Scolaires dans les \u00e9tablissements vincentiens de France - Nous Sommes Vincentiens","og_description":"Pr\u00e9ambule : \u00ab Vous devez faire entendre que le pauvre peuple se damne, faute de savoir les choses n\u00e9cessaires \u00e0 Salut et faute de se confesser \u00bb (SV I, 115). Un jour, Vincent de Paul ... Read More","og_url":"http:\/\/vincentians.com\/fr\/les-missions-scolaires-dans-les-etablissements-vincentiens-de-france\/","og_site_name":"Nous Sommes Vincentiens","article_publisher":"https:\/\/www.facebook.com\/WeAreVincentians\/","article_author":"https:\/\/www.facebook.com\/JavierChento","article_published_time":"2012-10-11T00:58:52+00:00","author":"Francisco Javier Fern\u00e1ndez Chento","twitter_card":"summary_large_image","twitter_creator":"@https:\/\/twitter.com\/javierchento","twitter_site":"@WeVincentians","twitter_misc":{"\u00c9crit par":"Francisco Javier Fern\u00e1ndez Chento","Dur\u00e9e de lecture estim\u00e9e":"19 minutes"},"schema":{"@context":"https:\/\/schema.org","@graph":[{"@type":"WebPage","@id":"http:\/\/vincentians.com\/fr\/les-missions-scolaires-dans-les-etablissements-vincentiens-de-france\/","url":"http:\/\/vincentians.com\/fr\/les-missions-scolaires-dans-les-etablissements-vincentiens-de-france\/","name":"Les Missions Scolaires dans les \u00e9tablissements vincentiens de France - Nous Sommes Vincentiens","isPartOf":{"@id":"http:\/\/vincentians.com\/fr\/#website"},"primaryImageOfPage":{"@id":"http:\/\/vincentians.com\/fr\/les-missions-scolaires-dans-les-etablissements-vincentiens-de-france\/#primaryimage"},"image":{"@id":"http:\/\/vincentians.com\/fr\/les-missions-scolaires-dans-les-etablissements-vincentiens-de-france\/#primaryimage"},"thumbnailUrl":"","datePublished":"2012-10-11T00:58:52+00:00","author":{"@id":"http:\/\/vincentians.com\/fr\/#\/schema\/person\/9623ef4d9aa3b2dfb8c061f1499288f2"},"breadcrumb":{"@id":"http:\/\/vincentians.com\/fr\/les-missions-scolaires-dans-les-etablissements-vincentiens-de-france\/#breadcrumb"},"inLanguage":"fr-FR","potentialAction":[{"@type":"ReadAction","target":["http:\/\/vincentians.com\/fr\/les-missions-scolaires-dans-les-etablissements-vincentiens-de-france\/"]}]},{"@type":"ImageObject","inLanguage":"fr-FR","@id":"http:\/\/vincentians.com\/fr\/les-missions-scolaires-dans-les-etablissements-vincentiens-de-france\/#primaryimage","url":"","contentUrl":""},{"@type":"BreadcrumbList","@id":"http:\/\/vincentians.com\/fr\/les-missions-scolaires-dans-les-etablissements-vincentiens-de-france\/#breadcrumb","itemListElement":[{"@type":"ListItem","position":1,"name":"Portada","item":"http:\/\/vincentians.com\/fr\/"},{"@type":"ListItem","position":2,"name":"Les Missions Scolaires dans les \u00e9tablissements vincentiens de France"}]},{"@type":"WebSite","@id":"http:\/\/vincentians.com\/fr\/#website","url":"http:\/\/vincentians.com\/fr\/","name":"Nous Sommes Vincentiens","description":"Know more to serve more","potentialAction":[{"@type":"SearchAction","target":{"@type":"EntryPoint","urlTemplate":"http:\/\/vincentians.com\/fr\/?s={search_term_string}"},"query-input":{"@type":"PropertyValueSpecification","valueRequired":true,"valueName":"search_term_string"}}],"inLanguage":"fr-FR"},{"@type":"Person","@id":"http:\/\/vincentians.com\/fr\/#\/schema\/person\/9623ef4d9aa3b2dfb8c061f1499288f2","name":"Francisco Javier Fern\u00e1ndez Chento","image":{"@type":"ImageObject","inLanguage":"fr-FR","@id":"http:\/\/vincentians.com\/fr\/#\/schema\/person\/image\/","url":"https:\/\/secure.gravatar.com\/avatar\/497d5cde87b4c3d097d0315953521681ba2cd523ee66e5077c3711f7021e65de?s=96&d=mm&r=g","contentUrl":"https:\/\/secure.gravatar.com\/avatar\/497d5cde87b4c3d097d0315953521681ba2cd523ee66e5077c3711f7021e65de?s=96&d=mm&r=g","caption":"Francisco Javier Fern\u00e1ndez Chento"},"description":"Director General y cofundador de La Red de Formaci\u00f3n Vicenciana. Javier es laico vicenciano, afiliado a la Congregaci\u00f3n de la Misi\u00f3n y miembro del Equipo de Misiones Populares de la provincia can\u00f3nica de Zaragoza (Espa\u00f1a) de la Congregaci\u00f3n de la Misi\u00f3n. Graduado en la Universidad Oberta de Catalunya con cuatro grados (Asistente de direcci\u00f3n, Gesti\u00f3n Administrativa, Recursos Humanos y Contabilidad Avanzada). Bil\u00edng\u00fce Espa\u00f1ol\/Ingl\u00e9s. gestiona y mantiene varias p\u00e1ginas web cristianas y vicencianas, incluida including La Red de Formaci\u00f3n Vicenciana, de la que es cofundador. Actualmente es responsable del \u00e1rea de Espa\u00f1ol de .famvin, la Red de Noticias de la Familia Vicenciana. Tambi\u00e9n es m\u00fasico cat\u00f3lico y ha editado varios discos. Es Director General y cofundador de Trovador, una reconocida compa\u00f1\u00eda discogr\u00e1fica critiana de Espa\u00f1a. Trabaja en las Tecnolog\u00edas de la Informaci\u00f3n, ofreciendo servicios de alojamiento, dise\u00f1o y mantenimiento Web, as\u00ed como asesoramiento, formaci\u00f3n y soluciones inform\u00e1ticas, gesti\u00f3n documental y digitalizaci\u00f3n de textos, edici\u00f3n y maquetaci\u00f3n de libros, revistas, flyers, etc.","sameAs":["http:\/\/chento.org","https:\/\/www.facebook.com\/JavierChento","https:\/\/x.com\/https:\/\/twitter.com\/javierchento"],"url":"http:\/\/vincentians.com\/fr\/author\/chento\/"}]}},"jetpack_publicize_connections":[],"jetpack_featured_media_url":"","jetpack_sharing_enabled":true,"jetpack_shortlink":"https:\/\/wp.me\/p7ETMP-biH","jetpack-related-posts":[{"id":52068,"url":"http:\/\/vincentians.com\/fr\/saint-vincent-de-paul-et-sa-mission-sociale-vi-la-posterite-1\/","url_meta":{"origin":43443,"position":0},"title":"Saint Vincent De Paul Et Sa Mission Sociale. VI &#8211; La Post\u00e9rit\u00e9 (1)","author":"Francisco Javier Fern\u00e1ndez Chento","date":"30\/12\/2014","format":false,"excerpt":"L\u2019ACCROISSEMENT. \u2014 Extension des deux familles de saint Vincent de Paul. \u2014 Progr\u00e8s de leurs \u0153uvres. \u2014 Les missions \u00e9trang\u00e8res et les s\u00e9minaires. \u2014 Les successeurs de saint Vincent. \u2014 Congr\u00e9gations religieuses fond\u00e9es sur le mod\u00e8le de la Mission. \u2014 Les Filles de la Charit\u00e9 en France et \u00e0 l\u2019\u00e9tranger.\u2026","rel":"","context":"Dans &quot;Vincent de Paul&quot;","block_context":{"text":"Vincent de Paul","link":"http:\/\/vincentians.com\/fr\/category\/the-vincentian-family\/founders\/vincent-de-paul\/"},"img":{"alt_text":"","src":"https:\/\/i0.wp.com\/vincentians.com\/fr\/wp-content\/uploads\/sites\/10\/2016\/07\/vincent-et-sa-action-sociale.jpg?fit=1160%2C630&resize=350%2C200","width":350,"height":200,"srcset":"https:\/\/i0.wp.com\/vincentians.com\/fr\/wp-content\/uploads\/sites\/10\/2016\/07\/vincent-et-sa-action-sociale.jpg?fit=1160%2C630&resize=350%2C200 1x, https:\/\/i0.wp.com\/vincentians.com\/fr\/wp-content\/uploads\/sites\/10\/2016\/07\/vincent-et-sa-action-sociale.jpg?fit=1160%2C630&resize=525%2C300 1.5x, https:\/\/i0.wp.com\/vincentians.com\/fr\/wp-content\/uploads\/sites\/10\/2016\/07\/vincent-et-sa-action-sociale.jpg?fit=1160%2C630&resize=700%2C400 2x, https:\/\/i0.wp.com\/vincentians.com\/fr\/wp-content\/uploads\/sites\/10\/2016\/07\/vincent-et-sa-action-sociale.jpg?fit=1160%2C630&resize=1050%2C600 3x"},"classes":[]},{"id":52016,"url":"http:\/\/vincentians.com\/fr\/saint-vincent-de-paul-et-sa-mission-sociale-introduction\/","url_meta":{"origin":43443,"position":1},"title":"Saint Vincent De Paul Et Sa Mission Sociale. Introduction","author":"Francisco Javier Fern\u00e1ndez Chento","date":"17\/12\/2014","format":false,"excerpt":"Les antiennes que l\u2019on chante aux premi\u00e8res v\u00eapres de saint Vincent de Paul sont le portrait et l\u2019\u00e9loge le plus exact que l\u2019on puisse faire de ce h\u00e9ros de la charit\u00e9 : Les indigents et les pauvres cherchent de l\u2019eau et n\u2019en trouvent pas ; moi, dit le Seigneur, je\u2026","rel":"","context":"Dans &quot;Vincent de Paul&quot;","block_context":{"text":"Vincent de Paul","link":"http:\/\/vincentians.com\/fr\/category\/the-vincentian-family\/founders\/vincent-de-paul\/"},"img":{"alt_text":"","src":"https:\/\/i0.wp.com\/vincentians.com\/fr\/wp-content\/uploads\/sites\/10\/2016\/07\/vincent-et-sa-action-sociale.jpg?fit=1160%2C630&resize=350%2C200","width":350,"height":200,"srcset":"https:\/\/i0.wp.com\/vincentians.com\/fr\/wp-content\/uploads\/sites\/10\/2016\/07\/vincent-et-sa-action-sociale.jpg?fit=1160%2C630&resize=350%2C200 1x, https:\/\/i0.wp.com\/vincentians.com\/fr\/wp-content\/uploads\/sites\/10\/2016\/07\/vincent-et-sa-action-sociale.jpg?fit=1160%2C630&resize=525%2C300 1.5x, https:\/\/i0.wp.com\/vincentians.com\/fr\/wp-content\/uploads\/sites\/10\/2016\/07\/vincent-et-sa-action-sociale.jpg?fit=1160%2C630&resize=700%2C400 2x, https:\/\/i0.wp.com\/vincentians.com\/fr\/wp-content\/uploads\/sites\/10\/2016\/07\/vincent-et-sa-action-sociale.jpg?fit=1160%2C630&resize=1050%2C600 3x"},"classes":[]},{"id":52052,"url":"http:\/\/vincentians.com\/fr\/saint-vincent-de-paul-et-sa-mission-sociale-iii-laction-1\/","url_meta":{"origin":43443,"position":2},"title":"Saint Vincent De Paul Et Sa Mission Sociale. III &#8211; L\u2019action (1)","author":"Francisco Javier Fern\u00e1ndez Chento","date":"25\/12\/2014","format":false,"excerpt":"LES MISSIONS. \u2014 Saint Vincent de Paul missionnaire. \u2014 Organisation des missions rurales. \u2014 Vertus et qualit\u00e9s des missionnaires. \u2014 La pr\u00e9dication d\u2019apr\u00e8s le saint. \u2014 Sa conduite envers les h\u00e9r\u00e9tiques et les infid\u00e8les. \u2014 Les imitateurs de Vincent de Paul. \u2014 Fruits du nouvel apostolat. \u2014 Missions \u00e0 la\u2026","rel":"","context":"Dans &quot;Vincent de Paul&quot;","block_context":{"text":"Vincent de Paul","link":"http:\/\/vincentians.com\/fr\/category\/the-vincentian-family\/founders\/vincent-de-paul\/"},"img":{"alt_text":"","src":"https:\/\/i0.wp.com\/vincentians.com\/fr\/wp-content\/uploads\/sites\/10\/2016\/07\/vincent-et-sa-action-sociale.jpg?fit=1160%2C630&resize=350%2C200","width":350,"height":200,"srcset":"https:\/\/i0.wp.com\/vincentians.com\/fr\/wp-content\/uploads\/sites\/10\/2016\/07\/vincent-et-sa-action-sociale.jpg?fit=1160%2C630&resize=350%2C200 1x, https:\/\/i0.wp.com\/vincentians.com\/fr\/wp-content\/uploads\/sites\/10\/2016\/07\/vincent-et-sa-action-sociale.jpg?fit=1160%2C630&resize=525%2C300 1.5x, https:\/\/i0.wp.com\/vincentians.com\/fr\/wp-content\/uploads\/sites\/10\/2016\/07\/vincent-et-sa-action-sociale.jpg?fit=1160%2C630&resize=700%2C400 2x, https:\/\/i0.wp.com\/vincentians.com\/fr\/wp-content\/uploads\/sites\/10\/2016\/07\/vincent-et-sa-action-sociale.jpg?fit=1160%2C630&resize=1050%2C600 3x"},"classes":[]},{"id":52054,"url":"http:\/\/vincentians.com\/fr\/saint-vincent-de-paul-et-sa-mission-sociale-iii-laction-2\/","url_meta":{"origin":43443,"position":3},"title":"Saint Vincent De Paul Et Sa Mission Sociale. III &#8211; L\u2019action (2)","author":"Francisco Javier Fern\u00e1ndez Chento","date":"26\/12\/2014","format":false,"excerpt":"LA RENAISSANCE RELIGIEUSE. \u2014 Le compl\u00e9ment des missions. \u2014 \u00c9tat du clerg\u00e9 depuis le concile de Trente. \u2014 N\u00e9cessit\u00e9 d\u2019une r\u00e9forme. \u2014 Les exercices des ordinands. \u2014 Saint-Lazare. \u2014 La conf\u00e9rence du mardi. \u2014 Bossuet. \u2014 Les retraites spirituelles. \u2014 Le coll\u00e8ge des Bons-Enfants. \u2014 Vincent de Paul et Olier.\u2026","rel":"","context":"Dans &quot;Vincent de Paul&quot;","block_context":{"text":"Vincent de Paul","link":"http:\/\/vincentians.com\/fr\/category\/the-vincentian-family\/founders\/vincent-de-paul\/"},"img":{"alt_text":"","src":"https:\/\/i0.wp.com\/vincentians.com\/fr\/wp-content\/uploads\/sites\/10\/2016\/07\/vincent-et-sa-action-sociale.jpg?fit=1160%2C630&resize=350%2C200","width":350,"height":200,"srcset":"https:\/\/i0.wp.com\/vincentians.com\/fr\/wp-content\/uploads\/sites\/10\/2016\/07\/vincent-et-sa-action-sociale.jpg?fit=1160%2C630&resize=350%2C200 1x, https:\/\/i0.wp.com\/vincentians.com\/fr\/wp-content\/uploads\/sites\/10\/2016\/07\/vincent-et-sa-action-sociale.jpg?fit=1160%2C630&resize=525%2C300 1.5x, https:\/\/i0.wp.com\/vincentians.com\/fr\/wp-content\/uploads\/sites\/10\/2016\/07\/vincent-et-sa-action-sociale.jpg?fit=1160%2C630&resize=700%2C400 2x, https:\/\/i0.wp.com\/vincentians.com\/fr\/wp-content\/uploads\/sites\/10\/2016\/07\/vincent-et-sa-action-sociale.jpg?fit=1160%2C630&resize=1050%2C600 3x"},"classes":[]},{"id":52020,"url":"http:\/\/vincentians.com\/fr\/saint-vincent-de-paul-et-sa-mission-sociale-i-la-vocation-1\/","url_meta":{"origin":43443,"position":4},"title":"Saint Vincent De Paul Et Sa Mission Sociale. I &#8211; La vocation (1)","author":"Francisco Javier Fern\u00e1ndez Chento","date":"18\/12\/2014","format":false,"excerpt":"L\u2019HOMME ET L\u2019\u0152UVRE \u2014 Le seizi\u00e8me si\u00e8cle et le protestantisme en France. \u2014 Ravages caus\u00e9s par les guerres de religion. \u2014 Changements dans la soci\u00e9t\u00e9. \u2014 Accroissement de la mis\u00e8re. \u2014 L\u2019\u0153uvre nouvelle de la Charit\u00e9. \u2014 Saint Vincent de Paul. \u2014 Sa mission. \u2014 Naissance et premi\u00e8res ann\u00e9es. \u2014\u2026","rel":"","context":"Dans &quot;Vincent de Paul&quot;","block_context":{"text":"Vincent de Paul","link":"http:\/\/vincentians.com\/fr\/category\/the-vincentian-family\/founders\/vincent-de-paul\/"},"img":{"alt_text":"","src":"https:\/\/i0.wp.com\/vincentians.com\/fr\/wp-content\/uploads\/sites\/10\/2016\/07\/vincent-et-sa-action-sociale.jpg?fit=1160%2C630&resize=350%2C200","width":350,"height":200,"srcset":"https:\/\/i0.wp.com\/vincentians.com\/fr\/wp-content\/uploads\/sites\/10\/2016\/07\/vincent-et-sa-action-sociale.jpg?fit=1160%2C630&resize=350%2C200 1x, https:\/\/i0.wp.com\/vincentians.com\/fr\/wp-content\/uploads\/sites\/10\/2016\/07\/vincent-et-sa-action-sociale.jpg?fit=1160%2C630&resize=525%2C300 1.5x, https:\/\/i0.wp.com\/vincentians.com\/fr\/wp-content\/uploads\/sites\/10\/2016\/07\/vincent-et-sa-action-sociale.jpg?fit=1160%2C630&resize=700%2C400 2x, https:\/\/i0.wp.com\/vincentians.com\/fr\/wp-content\/uploads\/sites\/10\/2016\/07\/vincent-et-sa-action-sociale.jpg?fit=1160%2C630&resize=1050%2C600 3x"},"classes":[]},{"id":189847,"url":"http:\/\/vincentians.com\/fr\/les-contributions-du-charisme-vincentien-la-mission-leglise-4\/","url_meta":{"origin":43443,"position":5},"title":"Les contributions du charisme vincentien \u00e0 la mission de l&rsquo;Eglise (4)","author":"Francisco Javier Fern\u00e1ndez Chento","date":"07\/08\/2016","format":false,"excerpt":"4. Le salut des pauvres au centre de la mission de l'\u00c9glise Vincent de Paul et Louise de Marillac ont partag\u00e9 la m\u00eame exp\u00e9rience\u00a0: les pauvres sont membres du Christ et en tant que tels, ils sont membres de l'Eglise. Dans l'\u00c9glise, le Corps du Christ, les pauvres occupent une\u2026","rel":"","context":"Dans &quot;Formation Vincentienne&quot;","block_context":{"text":"Formation Vincentienne","link":"http:\/\/vincentians.com\/fr\/category\/formation-vincentienne\/"},"img":{"alt_text":"","src":"https:\/\/i0.wp.com\/vincentians.com\/fr\/wp-content\/uploads\/sites\/10\/2016\/06\/contributions-charism.jpg?fit=1200%2C630&resize=350%2C200","width":350,"height":200,"srcset":"https:\/\/i0.wp.com\/vincentians.com\/fr\/wp-content\/uploads\/sites\/10\/2016\/06\/contributions-charism.jpg?fit=1200%2C630&resize=350%2C200 1x, https:\/\/i0.wp.com\/vincentians.com\/fr\/wp-content\/uploads\/sites\/10\/2016\/06\/contributions-charism.jpg?fit=1200%2C630&resize=525%2C300 1.5x, https:\/\/i0.wp.com\/vincentians.com\/fr\/wp-content\/uploads\/sites\/10\/2016\/06\/contributions-charism.jpg?fit=1200%2C630&resize=700%2C400 2x, https:\/\/i0.wp.com\/vincentians.com\/fr\/wp-content\/uploads\/sites\/10\/2016\/06\/contributions-charism.jpg?fit=1200%2C630&resize=1050%2C600 3x"},"classes":[]}],"_links":{"self":[{"href":"http:\/\/vincentians.com\/fr\/wp-json\/wp\/v2\/posts\/43443","targetHints":{"allow":["GET"]}}],"collection":[{"href":"http:\/\/vincentians.com\/fr\/wp-json\/wp\/v2\/posts"}],"about":[{"href":"http:\/\/vincentians.com\/fr\/wp-json\/wp\/v2\/types\/post"}],"author":[{"embeddable":true,"href":"http:\/\/vincentians.com\/fr\/wp-json\/wp\/v2\/users\/4"}],"replies":[{"embeddable":true,"href":"http:\/\/vincentians.com\/fr\/wp-json\/wp\/v2\/comments?post=43443"}],"version-history":[{"count":0,"href":"http:\/\/vincentians.com\/fr\/wp-json\/wp\/v2\/posts\/43443\/revisions"}],"wp:featuredmedia":[{"embeddable":true,"href":"http:\/\/vincentians.com\/fr\/wp-json\/"}],"wp:attachment":[{"href":"http:\/\/vincentians.com\/fr\/wp-json\/wp\/v2\/media?parent=43443"}],"wp:term":[{"taxonomy":"category","embeddable":true,"href":"http:\/\/vincentians.com\/fr\/wp-json\/wp\/v2\/categories?post=43443"},{"taxonomy":"post_tag","embeddable":true,"href":"http:\/\/vincentians.com\/fr\/wp-json\/wp\/v2\/tags?post=43443"}],"curies":[{"name":"wp","href":"https:\/\/api.w.org\/{rel}","templated":true}]}}