{"id":43147,"date":"2015-05-15T02:30:52","date_gmt":"2015-05-15T00:30:52","guid":{"rendered":"http:\/\/somos.vicencianos.org\/blog\/2011\/06\/saint-vincent-de-paul-maitre-d%e2%80%99oraison-chapitre-iv\/"},"modified":"2015-05-15T02:30:52","modified_gmt":"2015-05-15T00:30:52","slug":"saint-vincent-de-paul-maitre-doraison-chapitre-iv","status":"publish","type":"post","link":"http:\/\/vincentians.com\/fr\/saint-vincent-de-paul-maitre-doraison-chapitre-iv\/","title":{"rendered":"Saint Vincent De Paul, Ma\u00eetre d\u2019Oraison. Chapitre IV"},"content":{"rendered":"<p><strong><a href=\"https:\/\/i0.wp.com\/vincentiens.org\/wp-content\/uploads\/2011\/06\/vincent.jpg\"><img data-recalc-dims=\"1\" loading=\"lazy\" decoding=\"async\" class=\"alignright size-medium wp-image-103920\" title=\"vincent\" src=\"https:\/\/i0.wp.com\/vincentiens.org\/wp-content\/uploads\/2011\/06\/vincent-225x300.jpg?resize=225%2C300\" alt=\"\" width=\"225\" height=\"300\" \/><\/a>Chapitre IV<\/strong><\/p>\n<p><strong>Comment devenir homme d&rsquo;oraison?<\/strong><\/p>\n<p>Voici, d\u2019apr\u00e8s saint Vincent de Paul, quelques principes pour devenir des hommes d\u2019oraison, en dehors des vertus qui facilitent cet exercice et le rendent plus fructueux. Cet derni\u00e8res seront l\u2019objet d\u2019un autre chapitre. La premi\u00e8re disposition d\u2019esprit qu\u2019il faut avoir est de se bien convaincre du r\u00f4le de l\u2019oraison dans la vie chr\u00e9tienne et de son importance. Telle est d\u2019ailleurs la raison d\u2019\u00eatre des pages qu\u2019on vient de lire sur la n\u00e9cessit\u00e9 de cet acte.<\/p>\n<p>Proposer cette conviction comme point de d\u00e9part est suivre le saint dans sa tactique pour gagner les \u00e2mes \u00e0 l\u2019oraison et les y attacher fortement. Il commence par attirer les d\u00e9sirs sur celle-ci en montrant sa grandeur, sa beaut\u00e9, ses avantages. Puis, l\u2019imagination et le c\u0153ur pris, il conquiert l\u2019intelligence et la volont\u00e9 en la leur pr\u00e9sentant comme un bien qui leur est aussi n\u00e9cessaire que l\u2019 air, la nourriture et l\u2019 \u00e2me elle-m\u00eame le sont au corps.<\/p>\n<p>Ne dites pas, je suis persuad\u00e9, moi aussi, de cette fonction vitale de l\u2019oraison, je la tiens pour indispensable, et pourtant je ne la fais qu\u2019irr\u00e9guli\u00e8rement. Peut-\u00eatre en \u00eates-vous r\u00e9ellement convaincu, mais il est des degr\u00e9s divers dans la conviction, comme la chaleur et la lumi\u00e8re. La v\u00f4tre, est-elle solide et profonde ? Je ne le crois pas, et je suis m\u00eame certain du contraire. Sur ce clou d\u2019or, vous n\u2019avez frapp\u00e9 qu\u2019un trop petit nombre de coups et des coups trop faibles pour l\u2019avoir enfonc\u00e9 bien avant dans votre \u00e2me. Sa pointe n\u2019a pas p\u00e9n\u00e9tr\u00e9 au del\u00e0 des premi\u00e8res couches de l\u2019 esprit auxquelles le <em>moi<\/em> ne prend qu\u2019 un faible int\u00e9r\u00eat. Tant qu\u2019elle ne transpercera pas les couches sous jacentes, celles o\u00f9 la vraie personnalit\u00e9 se cache et se concentre, rien de s\u00e9rieux ne sera fait. Pour enfoncer une conviction jusqu\u2019au fond de l\u2019\u00e2me, l\u2019imagination, la m\u00e9moire, le jugement, la raison, le c\u0153ur, la volont\u00e9 doivent s\u2019unir et ne former qu\u2019une masse pour frapper sur cette id\u00e9e fortement et \u00e0 coups redoubl\u00e9s. Alors, mais alors seulement, la cause sera enfin gagn\u00e9e.<\/p>\n<p>Si M. Vincent insiste tant sur la n\u00e9cessit\u00e9 de l\u2019oraison dans ses entretiens et dans ses \u00e9crits, s\u2019il d\u00e9ploie \u00e0 ce sujet une \u00e9loquence si persuasive, s\u2019il s\u2019adresse au c\u0153ur ainsi qu\u2019\u00e0 l\u2019 esprit en m\u00eame temps qu\u2019il stimule l\u2019\u00e9nergie volontaire, c\u2019est afin d\u2019 aider ses fils et filles spirituels \u00e0 frapper sur le clou d\u2019or pour l\u2019enfoncer davantage dans leur \u00e2me.<\/p>\n<p>Le saint aurait v\u00e9cu plus d\u2019un si\u00e8cle qu\u2019il serait revenu jusqu\u2019\u00e0 la fin sur le r\u00f4le et la n\u00e9cessit\u00e9 de l\u2019oraison dans la vie chr\u00e9tienne, tant il voyait dans cette certitude la condition <em>sine qua non<\/em> de la fid\u00e9lit\u00e9 \u00e0 cet exercice. Cette certitude, le psychologue qu\u2019il \u00e9tait, la voulait m\u00fbrement r\u00e9fl\u00e9chie, pleinement accept\u00e9e, joyeusement aim\u00e9e et en quelque sorte v\u00e9cue. D\u2019o\u00f9 son habilet\u00e9 \u00e0 faire resplendir ce chef-d\u2019\u0153uvre qu\u2019est l\u2019oraison et son insistance \u00e0 vouloir faire entrer toutes les \u00e2mes en ce paradis sur terre, pr\u00e9lude et gage du Ciel de gloire.<\/p>\n<p>Dans l\u2019impossibilit\u00e9 d\u2019entendre le saint, dont la parole aurait agi profond\u00e9ment sur nous, prenons la r\u00e9solution de relire, tous les quinze jours, ce chapitre en m\u00e9ditant sur les diverses comparaisons qu\u2019il d\u00e9veloppe avec tant de justesse et de pr\u00e9cision.<\/p>\n<p>Il est bon de se faire dans le secret du c\u0153ur l\u2019application \u00e0 soi-m\u00eame de cette n\u00e9cessit\u00e9. Chacun se dira : pour telles et telles causes, l\u2019oraison m\u2019est particuli\u00e8rement n\u00e9cessaire. An\u00e9mi\u00e9 au point de vue moral par mes n\u00e9gligences et mes fautes, comment reprendre vigueur si ce n\u2019est en respirant cet air des sommets et en nourrissant mon \u00e2me affam\u00e9e de cette nourriture des forts.<\/p>\n<p>Vu l\u2019importance de mes devoirs d\u2019\u00e9tat et l\u2019obligation o\u00f9 je suis de les remplir chaque jour, alors m\u00eame que je succombe sous leur poids, ne suis-je pas heureux d\u2019avoir \u00e0 ma disposition cette fontaine de Jouvence o\u00f9 je puis, tous les matins, me rajeunir et me renouveler ?<\/p>\n<p>Appel\u00e9 plus souvent que je le voudrais, \u00e0 r\u00e9soudre de graves probl\u00e8mes pour mon compte personnel ou pour celui des autres, j\u2019ai besoin des lumi\u00e8res de l\u2019Esprit-Saint qui me seront surtout accord\u00e9es au cours de ces entretiens intimes avec Dieu.<\/p>\n<p>N\u2019ai-je pas \u00e9t\u00e9 imprudent et maladroit en plusieurs circonstances, faute de m\u2019\u00eatre donn\u00e9 le temps de r\u00e9fl\u00e9chir sur ce qu\u2019il convenait le mieux de faire ? Si j\u2019avais m\u00e9dit\u00e9 avant d\u2019agir, ma conduite e\u00fbt \u00e9t\u00e9 tout autre.<\/p>\n<p>Constatation plus regrettable encore : que de p\u00e9ch\u00e9s commis soit par faiblesse de volont\u00e9, soit par l\u00e9g\u00e8ret\u00e9 d\u2019esprit, et contre lesquels l\u2019oraison du matin m\u2019aurait mis \u00e0 couvert.<\/p>\n<p>N\u2019ai-je pas vu et, pour ainsi dire, touch\u00e9 du doigt combien il est regrettable de se conna\u00eetre si incompl\u00e8tement et si mal. N\u2019ai-je pas souffert d\u2019\u00eatre \u00e0 la merci de mes impressions et ballott\u00e9 continuellement par elles ? Et pourtant j\u2019ai dans l\u2019oraison une source merveilleuse de documentation sur mon caract\u00e8re, mes aptitudes, mes tendances, en m\u00eame temps qu\u2019un moyen non moins bon pour parvenir \u00e0 ce bien fondamental de la ma\u00eetrise de soi qui conditionne tous les autres.<\/p>\n<p>N\u2019est-ce pas dommage d\u2019avoir en moi des ressources d\u2019ordre moral inexploit\u00e9es, alors qu\u2019en m\u00e9ditant, chaque jour, j\u2019en verrai l\u2019emploi ?<\/p>\n<p>Ne serais-je pas un sot de me d\u00e9sint\u00e9resser d\u2019un proc\u00e9d\u00e9 de sanctification qui a fait ses preuves et du moyen d\u2019assurer mon salut \u00e9ternel dans la plus large mesure possible ?<\/p>\n<p>Il faut enfin se rem\u00e9morer des situations difficiles devant lesquelles on s\u2019est trouv\u00e9 d\u00e9sempar\u00e9 faute d\u2019y avoir \u00e9t\u00e9 pr\u00e9par\u00e9 par la pri\u00e8re et la r\u00e9flexion.<\/p>\n<p>Chacun doit aussi se rappeler le r\u00e9confort et l\u2019entrain caus\u00e9s par une oraison bien faite : et ce souvenir, dans les mauvais jours, dissipera toute tentation d\u2019abandonner cet exercice.<\/p>\n<p>Apr\u00e8s s\u2019\u00eatre convaincu de la n\u00e9cessit\u00e9 de l\u2019oraison, il importe de se bien persuader qu\u2019elle est accessible \u00e0 tout le monde et qu\u2019on aurait tort de pr\u00e9texter son inaptitude pour s\u2019en dispenser. Cette persuasion n\u2019est pas aussi commune qu\u2019on pourrait le croire, et comme elle est indispensable, il en sera question dans un autre chapitre. Ce probl\u00e8me rel\u00e8ve \u00e0 la fois de la psychologie et de la th\u00e9ologie. C\u2019est en l\u2019\u00e9tudiant sous ce double aspect qu\u2019on peut le r\u00e9soudre d\u2019une fa\u00e7on compl\u00e8te.<\/p>\n<p>L\u2019on verra au cours de cette \u00e9tude la solidit\u00e9 des arguments sur lesquels s\u2019appuie le saint pour soutenir que l\u2019oraison mentale est \u00e0 la port\u00e9e de toutes les \u00e2mes.<\/p>\n<p>M. Vincent recommande aux chr\u00e9tiens qui veulent rester fid\u00e8les \u00e0 l\u2019oraison quotidienne de se mettre dans les meilleurs conditions possibles pour en contracter l\u2019habitude. Il faut se livrer \u00e0 cet exercice toujours \u00e0 le m\u00eame heure, sauf emp\u00eachement grave. L\u2019id\u00e9al est d\u2019en faire la premi\u00e8re action de la journ\u00e9e, et par suite de fixer le moment de son r\u00e9veil, et celui-ci fix\u00e9 de ne pas s\u2019en \u00e9carter si ce n\u2019est pour des raisons tr\u00e8s s\u00e9rieuses. L\u2019insomnie n\u2019est pas un motif suffisant de se lever plus tard et par l\u00e0 m\u00eame de changer l\u2019heure de l\u2019oraison.<\/p>\n<p>Le saint pr\u00e9munit ses filles contre la n\u00e9gligence habile \u00e0 transformer le difficile en impossible, et il insiste en ces termes sur l\u2019obligation du lever matinal<span id='easy-footnote-1-43147' class='easy-footnote-margin-adjust'><\/span><span class='easy-footnote'><a href='http:\/\/vincentians.com\/fr\/saint-vincent-de-paul-maitre-doraison-chapitre-iv\/#easy-footnote-bottom-1-43147' title='X, 41-42, n\u00b0 64. Conf\u00e9rence du 15 novembre 1654 sur '><sup>1<\/sup><\/a><\/span> : \u00ab Si l\u2019on ne se l\u00e8ve \u00e0 l\u2019heure, le temps passe, l\u2019on n\u2019a pas de loisir, il faut vitement s\u2019habiller et ainsi on laisse l\u00e0 l\u2019oraison&#8230; Apr\u00e8s avoir fait cette faute un jour, on la fera le lendemain. Si deux Soeurs la font, il y en aura bient\u00f4t trois, surtout quand ce sont des anciennes. Si cela arrivait, bient\u00f4t toute la communaut\u00e9 ne ferait plus l\u2019oraison. \u00bb<\/p>\n<p>Rappelons-nous qu\u2019un acte oppos\u00e9 \u00e0 une habitude affaiblit celle-ci par le fait m\u00eame qu\u2019il tend \u00e0 lui en substituer une contraire. Nos journ\u00e9es forment une cha\u00eene plus ou moins l\u00e2che ou plus ou moins serr\u00e9e, dont les cha\u00eenons sont nos gestes. D\u2019o\u00f9 l\u2019importance de respecter l\u2019ordre de ces derniers le plus possible. L\u2019essentiel est de lier fortement ensemble les premiers cha\u00eenons, puisque chacun de nos jours est en quelque sorte une nouvelle vie qu\u2019il faut bien orienter d\u00e8s le principe.<\/p>\n<p>L\u2019on comprend alors pourquoi M. Vincent estime l\u2019habitude de l\u2019oraison un tr\u00e9sor. Il n\u2019 est pas de peine qu\u2019il ne faille prendre pour l\u2019 acqu\u00e9rir. C\u2019est triste de voir tant de pr\u00eatres, de religieuses et de pieux la\u00efcs n\u2019 en poursuivre que mollement l\u2019 acquisition, tout comme s\u2019il s\u2019agissait d\u2019un bien quelconque.<\/p>\n<p>Le saint regarde avec piti\u00e9 ces d\u00e9vots incapables de contracter l\u2019habitude du lever matinal et de l\u2019oraison. Pour leur faire davantage sentir leur l\u00e2chet\u00e9, il l\u2019oppose au courage avec lequel beaucoup d\u2019hommes suivent ponctuellement l\u2019ordre du temps qu\u2019ils se sont trac\u00e9. Comment reculer, pour le service de Dieu, devant des efforts que s\u2019imposent tant de fonctionnaires pour le service de l\u2019Etat, tant de commer\u00e7ants et d\u2019ouvriers dans l\u2019espoir d\u2019un plus grand gain !<\/p>\n<p>Vincent s\u2019indigne en ces termes contre une telle conduite<span id='easy-footnote-2-43147' class='easy-footnote-margin-adjust'><\/span><span class='easy-footnote'><a href='http:\/\/vincentians.com\/fr\/saint-vincent-de-paul-maitre-doraison-chapitre-iv\/#easy-footnote-bottom-2-43147' title='I, 177, n\u00b0 125. Lettre \u00e0 M. Antoine Portail, Pr\u00eatre de la Mission, \u00e0 Montmirail, Saint-Lazare, 28 novembre 1632.'><sup>2<\/sup><\/a><\/span> : \u00ab Pourquoi ne mettons-nous pas peine \u00e0 cela pour Dieu, puisque nous voyons que la plupart du monde est exact observateur de l\u2019ordre qu\u2019il s\u2019est propos\u00e9 ? Jamais ou fort rarement les gens de justice ne manquent de se lever et coucher, aller et revenir du palais \u00e0 m\u00eame heure. La plupart des artisans en font de m\u00eame. Il n\u2019y a que nous autres eccl\u00e9siastiques qui sommes si amateurs de nos aises que nous ne marchons qu\u2019 au branle de nos inclinations. Pour l\u2019 amour de Dieu, travaillons \u00e0 nous d\u00e9p\u00eatrer de cette ch\u00e9tive sensualit\u00e9 qui nous rend captifs de ces volont\u00e9s. \u00bb<\/p>\n<p>Si nous sommes du nombre de ces volont\u00e9s faibles, \u00e9coutons le saint et mettons-nous tout de suite \u00e0 l\u2019 oeuvre.<\/p>\n<p>L\u2019 habitude du lever matinal et de l\u2019oraison ne se forme qu\u2019 au prix d\u2019 efforts r\u00e9p\u00e9t\u00e9s, mais en revanche, cette habitude une fois contract\u00e9e, les actes qui en sont l\u2019objet deviennent d\u2019une ex\u00e9cution de plus en plus facile. A chacun de se dire : si je veux pers\u00e9v\u00e9rer dans l\u2019oraison, comme je le dois puisque Dieu m\u2019en donne le d\u00e9sir, je n\u2019ai pas d\u2019autre moyen \u00e0 ma disposition : si p\u00e9nible qu\u2019il me paraisse, force m\u2019est de le prendre, et je le prends sans plus tarder.<\/p>\n<p>Comme les habitudes acquises d\u00e8s l\u2019enfance s\u2019enracinent plus profond\u00e9ment dans l\u2019\u00e2me, on ne saurait trop conseiller aux pr\u00eatres, parents et ma\u00eetre d\u2019initier de bonne heure fillettes et gar\u00e7ons \u00e0 la m\u00e9ditation. Mieux vaut pourtant ne pas pousser les \u00e9ducateurs dans cette voie, s\u2019ils sont des p\u00e9dagogues m\u00e9diocres.<\/p>\n<p>Cette initiation doit \u00eatre faite avec tact et habilet\u00e9. Sans quoi l\u2019on risquerait de d\u00e9go\u00fbter \u00e0 jamais l\u2019 enfant de l\u2019oraison. S\u2019il est f\u00e2cheux de ne rien dire de cet exercice au jeune \u00e2ge, il serait plus regrettable de lui en parler comme on en parlerait \u00e0 des hommes faits. L\u2019 acte en question, r\u00e9duit au d\u00e9but \u00e0 deux ou trois minutes, doit \u00eatre propos\u00e9 aux plus sages comme une marque d\u2019 estime et une r\u00e9compense d\u2019 ordre sup\u00e9rieur.<\/p>\n<p>Les id\u00e9es et les sentiments, sur lesquels l\u2019enfant m\u00e9ditera, seront tr\u00e8s simples, bien appropri\u00e9s \u00e0 sa mentalit\u00e9 naissante et \u00e0 ses besoins. Plus ils seront pr\u00e9sent\u00e9s d\u2019une fa\u00e7on concr\u00e8te et vivante, meilleur en sera l\u2019effet.<\/p>\n<p>Rien de mieux que de se servir de tableaux en couleur repr\u00e9sentant les principaux myst\u00e8res du Christ-J\u00e9sus et de la Vierge, \u00e0 condition que le coloris en soit vif, le dessin net et les personnages peu nombreux. Il importe, en pr\u00e9sentant ces belles images, d\u2019\u00eatre sobre, tr\u00e8s sobre de paroles. Un mot suffit pourvu qu\u2019il soit bien choisi.<\/p>\n<p>Sur le terrain p\u00e9dagogique, les longs discours ne valent rien. C\u2019est le tort de la plupart des parents et des ma\u00eetres de multiplier explications et reproches. Mieux vaudrait se taire neuf fois sur dix et ne parler qu\u2019apr\u00e8s r\u00e9flexion. Vrai dans tous les ordres d\u2019id\u00e9es, ce principe d\u2019exp\u00e9rience l\u2019est particuli\u00e8rement au point de vue religieux.<\/p>\n<p>Quel que soit notre \u00e2ge, un moyen de rester fid\u00e8le \u00e0 l\u2019oraison est de lui donner pour objet les myst\u00e8res qui nous attirent davantage, nos devoirs d\u2019\u00e9tat, les d\u2019ordre moral auxquels nous et les n\u00f4tres sommes expos\u00e9s, en un mot tout ce qui nous tient le plus \u00e0 c\u0153ur.<\/p>\n<p>La plupart du temps, on se d\u00e9sint\u00e9resse de l\u2019oraison et l\u2019on y renonce faute de l\u2019adapter \u00e0 ses besoins et de lui donner un caract\u00e8re pratique. Pour qu\u2019une v\u00e9rit\u00e9 religieuse ait prise sur soi, il faut s\u2019en faire l\u2019application dans le secret de sa conscience. Ce n\u2019est qu\u2019\u00e0 cette condition que, de th\u00e9orique et immobile, elle devient vivante et agissante. Quand on souffre du froid, l\u2019on ne regarde pas la flamme de loin, l\u2019on s\u2019en rapproche le plus pr\u00e8s possible de mani\u00e8re \u00e0 en sentir la chaleur et \u00e0 s\u2019en p\u00e9n\u00e9trer. Ainsi en est-il des \u00e2mes toutes plus ou moins refroidies par l\u2019\u00e9go\u00efsme.<\/p>\n<p>L\u2019inconv\u00e9nient des sujets de m\u00e9ditation pris dans des livres est leur note impersonnelle. Par le fait m\u00eame qu\u2019ils ont \u00e9t\u00e9 compos\u00e9s et publi\u00e9s pour tout le monde, ces sujets nous touchent peu. La moindre pens\u00e9e sortie de notre propre fond leur est pr\u00e9f\u00e9rable.<\/p>\n<p>Autant recourir \u00e0 un recueil de m\u00e9ditation est bon dans les d\u00e9buts parce qu\u2019il apprend insensiblement la technique de cet exercice, autant s\u2019en servir toujours pourrait nuire aux progr\u00e8s spirituels. Une fois l\u2019habitude prise de d\u00e9velopper le contenu d\u2019une pens\u00e9e ou d\u2019un sentiment, le mieux est de faire travailler l\u2019\u00e2me toute seule sous le regard de Dieu. La besogne sera plus dure, mais beaucoup plus int\u00e9ressante et fructueuse. Exp\u00e9rimentons-le, et bient\u00f4t nous ne voudrons plus sous aucun pr\u00e9texte nous servir d\u2019un livre si bien fait soit-il.<\/p>\n<p>Des chr\u00e9tiens adonn\u00e9s \u00e0 l\u2019oraison mentale, quels sont les plus pers\u00e9v\u00e9rants ? Sans conteste ceux qui la font sans manuel d\u2019aucune sorte. Exer\u00e7ant davantage leurs facult\u00e9s psychiques, ils les assouplissent et les fortifient de sorte qu\u2019elles sont toujours pr\u00eates \u00e0 entrer en jeu. L\u2019esprit, le c\u0153ur, la volont\u00e9 sont port\u00e9s, au moment voulu, le premier \u00e0 fixer son attention, le second \u00e0 s\u2019\u00e9mouvoir et la troisi\u00e8me \u00e0 prendre de fortes r\u00e9solutions. C\u2019est bien de ne s\u2019aider d\u2019aucun livre au cours de l\u2019oraison, mais encore faut-il enrichir son propre fond par des lectures substantielles et adapt\u00e9es \u00e0 ses besoins. Faites r\u00e9guli\u00e8rement chaque soir, ces lectures alimenteront le r\u00e9servoir o\u00f9 l\u2019\u00e2me puise, chaque matin, id\u00e9es et sentiments.<\/p>\n<p>Est-ce n\u00e9cessaire d\u2019en faire la remarque ? Les divers proc\u00e9d\u00e9s indiqu\u00e9s dans ce chapitre n\u2019ont point par eux-m\u00eames la vertu de nous rendre fid\u00e8les \u00e0 l\u2019oraison quotidienne. Puisque cet exercice est surnaturel, son accomplissement exige un secours du m\u00eame ordre, d\u2019o\u00f9 la n\u00e9cessit\u00e9 de la gr\u00e2ce et des dons du Saint-Esprit, par suite l\u2019obligation pour nous de les solliciter par la pri\u00e8re.<\/p>\n<p>Cette assistance divine nous sera octroy\u00e9e d\u2019autant plus largement que nous en sentirons plus profond\u00e9ment le besoin et que nous l\u2019implorerons avec plus de constance et de ferveur.<\/p>\n<p>Sous pr\u00e9texte de se d\u00e9fier de soi et de placer sa confiance en Dieu seul, il ne faudrait pas ne tenir aucun compte des proc\u00e9d\u00e9s indiqu\u00e9s. En faire fi serait m\u00e9priser indirectement l\u2019exp\u00e9rience de saint Vincent de Paul et des ma\u00eetres de la spiritualit\u00e9. Loin d\u2019\u00eatre signe d\u2019humilit\u00e9, cette attitude serait preuve d\u2019orgueil ou de paresse, \u00e0 tout le moins de sottise.<\/p>\n<p>L\u2019hagiographie chr\u00e9tienne le montre : dans le domaine de l\u2019oraison plus que dans tout autre, Dieu exige de notre part une collaboration tr\u00e8s active et pers\u00e9v\u00e9rante. L\u00e0, plus que partout ailleurs, se v\u00e9rifie le mot de Saint Augustin : Dieu qui nous a cr\u00e9\u00e9 sans nous ne veut pas nous sauver sans nous.<\/p>\n","protected":false},"excerpt":{"rendered":"<p>Chapitre IV Comment devenir homme d&rsquo;oraison? Voici, d\u2019apr\u00e8s saint Vincent de Paul, quelques principes pour devenir des hommes d\u2019oraison, en dehors des vertus qui facilitent cet exercice et le rendent plus fructueux. Cet derni\u00e8res seront &#8230; <a href=\"http:\/\/vincentians.com\/fr\/saint-vincent-de-paul-maitre-doraison-chapitre-iv\/\" class=\"more-link\">Read More<\/a><\/p>\n","protected":false},"author":4,"featured_media":189799,"comment_status":"open","ping_status":"open","sticky":false,"template":"","format":"standard","meta":{"jetpack_post_was_ever_published":false,"_jetpack_newsletter_access":"","_jetpack_dont_email_post_to_subs":false,"_jetpack_newsletter_tier_id":0,"_jetpack_memberships_contains_paywalled_content":false,"_jetpack_memberships_contains_paid_content":false,"footnotes":"","jetpack_publicize_message":"","jetpack_publicize_feature_enabled":true,"jetpack_social_post_already_shared":true,"jetpack_social_options":{"image_generator_settings":{"template":"highway","default_image_id":0,"font":"","enabled":false},"version":2}},"categories":[5],"tags":[],"class_list":["post-43147","post","type-post","status-publish","format-standard","has-post-thumbnail","hentry","category-vincent-de-paul"],"yoast_head":"<!-- This site is optimized with the Yoast SEO plugin v26.3 - https:\/\/yoast.com\/wordpress\/plugins\/seo\/ -->\n<title>Saint Vincent De Paul, Ma\u00eetre d\u2019Oraison. Chapitre IV - Nous Sommes Vincentiens<\/title>\n<meta name=\"robots\" content=\"index, follow, max-snippet:-1, max-image-preview:large, max-video-preview:-1\" \/>\n<link rel=\"canonical\" href=\"https:\/\/vincentians.com\/fr\/saint-vincent-de-paul-maitre-doraison-chapitre-iv\/\" \/>\n<meta property=\"og:locale\" content=\"fr_FR\" \/>\n<meta property=\"og:type\" content=\"article\" \/>\n<meta property=\"og:title\" content=\"Saint Vincent De Paul, Ma\u00eetre d\u2019Oraison. Chapitre IV - Nous Sommes Vincentiens\" \/>\n<meta property=\"og:description\" content=\"Chapitre IV Comment devenir homme d&rsquo;oraison? Voici, d\u2019apr\u00e8s saint Vincent de Paul, quelques principes pour devenir des hommes d\u2019oraison, en dehors des vertus qui facilitent cet exercice et le rendent plus fructueux. Cet derni\u00e8res seront ... Read More\" \/>\n<meta property=\"og:url\" content=\"https:\/\/vincentians.com\/fr\/saint-vincent-de-paul-maitre-doraison-chapitre-iv\/\" \/>\n<meta property=\"og:site_name\" content=\"Nous Sommes Vincentiens\" \/>\n<meta property=\"article:publisher\" content=\"https:\/\/www.facebook.com\/WeAreVincentians\/\" \/>\n<meta property=\"article:author\" content=\"https:\/\/www.facebook.com\/JavierChento\" \/>\n<meta property=\"article:published_time\" content=\"2015-05-15T00:30:52+00:00\" \/>\n<meta property=\"og:image\" content=\"https:\/\/i0.wp.com\/vincentians.com\/fr\/wp-content\/uploads\/sites\/10\/2016\/07\/vincent-maitre-d-oraison.jpg?fit=1200%2C630&ssl=1\" \/>\n\t<meta property=\"og:image:width\" content=\"1200\" \/>\n\t<meta property=\"og:image:height\" content=\"630\" \/>\n\t<meta property=\"og:image:type\" content=\"image\/jpeg\" \/>\n<meta name=\"author\" content=\"Francisco Javier Fern\u00e1ndez Chento\" \/>\n<meta name=\"twitter:card\" content=\"summary_large_image\" \/>\n<meta name=\"twitter:creator\" content=\"@https:\/\/twitter.com\/javierchento\" \/>\n<meta name=\"twitter:site\" content=\"@WeVincentians\" \/>\n<meta name=\"twitter:label1\" content=\"\u00c9crit par\" \/>\n\t<meta name=\"twitter:data1\" content=\"Francisco Javier Fern\u00e1ndez Chento\" \/>\n\t<meta name=\"twitter:label2\" content=\"Dur\u00e9e de lecture estim\u00e9e\" \/>\n\t<meta name=\"twitter:data2\" content=\"15 minutes\" \/>\n<script type=\"application\/ld+json\" class=\"yoast-schema-graph\">{\"@context\":\"https:\/\/schema.org\",\"@graph\":[{\"@type\":\"WebPage\",\"@id\":\"https:\/\/vincentians.com\/fr\/saint-vincent-de-paul-maitre-doraison-chapitre-iv\/\",\"url\":\"https:\/\/vincentians.com\/fr\/saint-vincent-de-paul-maitre-doraison-chapitre-iv\/\",\"name\":\"Saint Vincent De Paul, Ma\u00eetre d\u2019Oraison. Chapitre IV - Nous Sommes Vincentiens\",\"isPartOf\":{\"@id\":\"http:\/\/vincentians.com\/fr\/#website\"},\"primaryImageOfPage\":{\"@id\":\"https:\/\/vincentians.com\/fr\/saint-vincent-de-paul-maitre-doraison-chapitre-iv\/#primaryimage\"},\"image\":{\"@id\":\"https:\/\/vincentians.com\/fr\/saint-vincent-de-paul-maitre-doraison-chapitre-iv\/#primaryimage\"},\"thumbnailUrl\":\"https:\/\/i0.wp.com\/vincentians.com\/fr\/wp-content\/uploads\/sites\/10\/2016\/07\/vincent-maitre-d-oraison.jpg?fit=1200%2C630\",\"datePublished\":\"2015-05-15T00:30:52+00:00\",\"author\":{\"@id\":\"http:\/\/vincentians.com\/fr\/#\/schema\/person\/9623ef4d9aa3b2dfb8c061f1499288f2\"},\"breadcrumb\":{\"@id\":\"https:\/\/vincentians.com\/fr\/saint-vincent-de-paul-maitre-doraison-chapitre-iv\/#breadcrumb\"},\"inLanguage\":\"fr-FR\",\"potentialAction\":[{\"@type\":\"ReadAction\",\"target\":[\"https:\/\/vincentians.com\/fr\/saint-vincent-de-paul-maitre-doraison-chapitre-iv\/\"]}]},{\"@type\":\"ImageObject\",\"inLanguage\":\"fr-FR\",\"@id\":\"https:\/\/vincentians.com\/fr\/saint-vincent-de-paul-maitre-doraison-chapitre-iv\/#primaryimage\",\"url\":\"https:\/\/i0.wp.com\/vincentians.com\/fr\/wp-content\/uploads\/sites\/10\/2016\/07\/vincent-maitre-d-oraison.jpg?fit=1200%2C630\",\"contentUrl\":\"https:\/\/i0.wp.com\/vincentians.com\/fr\/wp-content\/uploads\/sites\/10\/2016\/07\/vincent-maitre-d-oraison.jpg?fit=1200%2C630\",\"width\":1200,\"height\":630},{\"@type\":\"BreadcrumbList\",\"@id\":\"https:\/\/vincentians.com\/fr\/saint-vincent-de-paul-maitre-doraison-chapitre-iv\/#breadcrumb\",\"itemListElement\":[{\"@type\":\"ListItem\",\"position\":1,\"name\":\"Portada\",\"item\":\"http:\/\/vincentians.com\/fr\/\"},{\"@type\":\"ListItem\",\"position\":2,\"name\":\"Saint Vincent De Paul, Ma\u00eetre d\u2019Oraison. Chapitre IV\"}]},{\"@type\":\"WebSite\",\"@id\":\"http:\/\/vincentians.com\/fr\/#website\",\"url\":\"http:\/\/vincentians.com\/fr\/\",\"name\":\"Nous Sommes Vincentiens\",\"description\":\"Know more to serve more\",\"potentialAction\":[{\"@type\":\"SearchAction\",\"target\":{\"@type\":\"EntryPoint\",\"urlTemplate\":\"http:\/\/vincentians.com\/fr\/?s={search_term_string}\"},\"query-input\":{\"@type\":\"PropertyValueSpecification\",\"valueRequired\":true,\"valueName\":\"search_term_string\"}}],\"inLanguage\":\"fr-FR\"},{\"@type\":\"Person\",\"@id\":\"http:\/\/vincentians.com\/fr\/#\/schema\/person\/9623ef4d9aa3b2dfb8c061f1499288f2\",\"name\":\"Francisco Javier Fern\u00e1ndez Chento\",\"image\":{\"@type\":\"ImageObject\",\"inLanguage\":\"fr-FR\",\"@id\":\"http:\/\/vincentians.com\/fr\/#\/schema\/person\/image\/\",\"url\":\"https:\/\/secure.gravatar.com\/avatar\/497d5cde87b4c3d097d0315953521681ba2cd523ee66e5077c3711f7021e65de?s=96&d=mm&r=g\",\"contentUrl\":\"https:\/\/secure.gravatar.com\/avatar\/497d5cde87b4c3d097d0315953521681ba2cd523ee66e5077c3711f7021e65de?s=96&d=mm&r=g\",\"caption\":\"Francisco Javier Fern\u00e1ndez Chento\"},\"description\":\"Director General y cofundador de La Red de Formaci\u00f3n Vicenciana. Javier es laico vicenciano, afiliado a la Congregaci\u00f3n de la Misi\u00f3n y miembro del Equipo de Misiones Populares de la provincia can\u00f3nica de Zaragoza (Espa\u00f1a) de la Congregaci\u00f3n de la Misi\u00f3n. Graduado en la Universidad Oberta de Catalunya con cuatro grados (Asistente de direcci\u00f3n, Gesti\u00f3n Administrativa, Recursos Humanos y Contabilidad Avanzada). Bil\u00edng\u00fce Espa\u00f1ol\/Ingl\u00e9s. gestiona y mantiene varias p\u00e1ginas web cristianas y vicencianas, incluida including La Red de Formaci\u00f3n Vicenciana, de la que es cofundador. Actualmente es responsable del \u00e1rea de Espa\u00f1ol de .famvin, la Red de Noticias de la Familia Vicenciana. Tambi\u00e9n es m\u00fasico cat\u00f3lico y ha editado varios discos. Es Director General y cofundador de Trovador, una reconocida compa\u00f1\u00eda discogr\u00e1fica critiana de Espa\u00f1a. Trabaja en las Tecnolog\u00edas de la Informaci\u00f3n, ofreciendo servicios de alojamiento, dise\u00f1o y mantenimiento Web, as\u00ed como asesoramiento, formaci\u00f3n y soluciones inform\u00e1ticas, gesti\u00f3n documental y digitalizaci\u00f3n de textos, edici\u00f3n y maquetaci\u00f3n de libros, revistas, flyers, etc.\",\"sameAs\":[\"http:\/\/chento.org\",\"https:\/\/www.facebook.com\/JavierChento\",\"https:\/\/x.com\/https:\/\/twitter.com\/javierchento\"],\"url\":\"http:\/\/vincentians.com\/fr\/author\/chento\/\"}]}<\/script>\n<!-- \/ Yoast SEO plugin. -->","yoast_head_json":{"title":"Saint Vincent De Paul, Ma\u00eetre d\u2019Oraison. Chapitre IV - Nous Sommes Vincentiens","robots":{"index":"index","follow":"follow","max-snippet":"max-snippet:-1","max-image-preview":"max-image-preview:large","max-video-preview":"max-video-preview:-1"},"canonical":"https:\/\/vincentians.com\/fr\/saint-vincent-de-paul-maitre-doraison-chapitre-iv\/","og_locale":"fr_FR","og_type":"article","og_title":"Saint Vincent De Paul, Ma\u00eetre d\u2019Oraison. Chapitre IV - Nous Sommes Vincentiens","og_description":"Chapitre IV Comment devenir homme d&rsquo;oraison? Voici, d\u2019apr\u00e8s saint Vincent de Paul, quelques principes pour devenir des hommes d\u2019oraison, en dehors des vertus qui facilitent cet exercice et le rendent plus fructueux. Cet derni\u00e8res seront ... Read More","og_url":"https:\/\/vincentians.com\/fr\/saint-vincent-de-paul-maitre-doraison-chapitre-iv\/","og_site_name":"Nous Sommes Vincentiens","article_publisher":"https:\/\/www.facebook.com\/WeAreVincentians\/","article_author":"https:\/\/www.facebook.com\/JavierChento","article_published_time":"2015-05-15T00:30:52+00:00","og_image":[{"width":1200,"height":630,"url":"https:\/\/i0.wp.com\/vincentians.com\/fr\/wp-content\/uploads\/sites\/10\/2016\/07\/vincent-maitre-d-oraison.jpg?fit=1200%2C630&ssl=1","type":"image\/jpeg"}],"author":"Francisco Javier Fern\u00e1ndez Chento","twitter_card":"summary_large_image","twitter_creator":"@https:\/\/twitter.com\/javierchento","twitter_site":"@WeVincentians","twitter_misc":{"\u00c9crit par":"Francisco Javier Fern\u00e1ndez Chento","Dur\u00e9e de lecture estim\u00e9e":"15 minutes"},"schema":{"@context":"https:\/\/schema.org","@graph":[{"@type":"WebPage","@id":"https:\/\/vincentians.com\/fr\/saint-vincent-de-paul-maitre-doraison-chapitre-iv\/","url":"https:\/\/vincentians.com\/fr\/saint-vincent-de-paul-maitre-doraison-chapitre-iv\/","name":"Saint Vincent De Paul, Ma\u00eetre d\u2019Oraison. Chapitre IV - Nous Sommes Vincentiens","isPartOf":{"@id":"http:\/\/vincentians.com\/fr\/#website"},"primaryImageOfPage":{"@id":"https:\/\/vincentians.com\/fr\/saint-vincent-de-paul-maitre-doraison-chapitre-iv\/#primaryimage"},"image":{"@id":"https:\/\/vincentians.com\/fr\/saint-vincent-de-paul-maitre-doraison-chapitre-iv\/#primaryimage"},"thumbnailUrl":"https:\/\/i0.wp.com\/vincentians.com\/fr\/wp-content\/uploads\/sites\/10\/2016\/07\/vincent-maitre-d-oraison.jpg?fit=1200%2C630","datePublished":"2015-05-15T00:30:52+00:00","author":{"@id":"http:\/\/vincentians.com\/fr\/#\/schema\/person\/9623ef4d9aa3b2dfb8c061f1499288f2"},"breadcrumb":{"@id":"https:\/\/vincentians.com\/fr\/saint-vincent-de-paul-maitre-doraison-chapitre-iv\/#breadcrumb"},"inLanguage":"fr-FR","potentialAction":[{"@type":"ReadAction","target":["https:\/\/vincentians.com\/fr\/saint-vincent-de-paul-maitre-doraison-chapitre-iv\/"]}]},{"@type":"ImageObject","inLanguage":"fr-FR","@id":"https:\/\/vincentians.com\/fr\/saint-vincent-de-paul-maitre-doraison-chapitre-iv\/#primaryimage","url":"https:\/\/i0.wp.com\/vincentians.com\/fr\/wp-content\/uploads\/sites\/10\/2016\/07\/vincent-maitre-d-oraison.jpg?fit=1200%2C630","contentUrl":"https:\/\/i0.wp.com\/vincentians.com\/fr\/wp-content\/uploads\/sites\/10\/2016\/07\/vincent-maitre-d-oraison.jpg?fit=1200%2C630","width":1200,"height":630},{"@type":"BreadcrumbList","@id":"https:\/\/vincentians.com\/fr\/saint-vincent-de-paul-maitre-doraison-chapitre-iv\/#breadcrumb","itemListElement":[{"@type":"ListItem","position":1,"name":"Portada","item":"http:\/\/vincentians.com\/fr\/"},{"@type":"ListItem","position":2,"name":"Saint Vincent De Paul, Ma\u00eetre d\u2019Oraison. Chapitre IV"}]},{"@type":"WebSite","@id":"http:\/\/vincentians.com\/fr\/#website","url":"http:\/\/vincentians.com\/fr\/","name":"Nous Sommes Vincentiens","description":"Know more to serve more","potentialAction":[{"@type":"SearchAction","target":{"@type":"EntryPoint","urlTemplate":"http:\/\/vincentians.com\/fr\/?s={search_term_string}"},"query-input":{"@type":"PropertyValueSpecification","valueRequired":true,"valueName":"search_term_string"}}],"inLanguage":"fr-FR"},{"@type":"Person","@id":"http:\/\/vincentians.com\/fr\/#\/schema\/person\/9623ef4d9aa3b2dfb8c061f1499288f2","name":"Francisco Javier Fern\u00e1ndez Chento","image":{"@type":"ImageObject","inLanguage":"fr-FR","@id":"http:\/\/vincentians.com\/fr\/#\/schema\/person\/image\/","url":"https:\/\/secure.gravatar.com\/avatar\/497d5cde87b4c3d097d0315953521681ba2cd523ee66e5077c3711f7021e65de?s=96&d=mm&r=g","contentUrl":"https:\/\/secure.gravatar.com\/avatar\/497d5cde87b4c3d097d0315953521681ba2cd523ee66e5077c3711f7021e65de?s=96&d=mm&r=g","caption":"Francisco Javier Fern\u00e1ndez Chento"},"description":"Director General y cofundador de La Red de Formaci\u00f3n Vicenciana. Javier es laico vicenciano, afiliado a la Congregaci\u00f3n de la Misi\u00f3n y miembro del Equipo de Misiones Populares de la provincia can\u00f3nica de Zaragoza (Espa\u00f1a) de la Congregaci\u00f3n de la Misi\u00f3n. Graduado en la Universidad Oberta de Catalunya con cuatro grados (Asistente de direcci\u00f3n, Gesti\u00f3n Administrativa, Recursos Humanos y Contabilidad Avanzada). Bil\u00edng\u00fce Espa\u00f1ol\/Ingl\u00e9s. gestiona y mantiene varias p\u00e1ginas web cristianas y vicencianas, incluida including La Red de Formaci\u00f3n Vicenciana, de la que es cofundador. Actualmente es responsable del \u00e1rea de Espa\u00f1ol de .famvin, la Red de Noticias de la Familia Vicenciana. Tambi\u00e9n es m\u00fasico cat\u00f3lico y ha editado varios discos. Es Director General y cofundador de Trovador, una reconocida compa\u00f1\u00eda discogr\u00e1fica critiana de Espa\u00f1a. Trabaja en las Tecnolog\u00edas de la Informaci\u00f3n, ofreciendo servicios de alojamiento, dise\u00f1o y mantenimiento Web, as\u00ed como asesoramiento, formaci\u00f3n y soluciones inform\u00e1ticas, gesti\u00f3n documental y digitalizaci\u00f3n de textos, edici\u00f3n y maquetaci\u00f3n de libros, revistas, flyers, etc.","sameAs":["http:\/\/chento.org","https:\/\/www.facebook.com\/JavierChento","https:\/\/x.com\/https:\/\/twitter.com\/javierchento"],"url":"http:\/\/vincentians.com\/fr\/author\/chento\/"}]}},"jetpack_publicize_connections":[],"jetpack_featured_media_url":"https:\/\/i0.wp.com\/vincentians.com\/fr\/wp-content\/uploads\/sites\/10\/2016\/07\/vincent-maitre-d-oraison.jpg?fit=1200%2C630","jetpack_sharing_enabled":true,"jetpack_shortlink":"https:\/\/wp.me\/p7ETMP-bdV","jetpack-related-posts":[{"id":42756,"url":"http:\/\/vincentians.com\/fr\/saint-vincent-de-paul-maitre-doraison-lettre-preface\/","url_meta":{"origin":43147,"position":0},"title":"Saint Vincent De Paul, Ma\u00eetre d\u2019Oraison. Lettre pr\u00e9face","author":"Francisco Javier Fern\u00e1ndez Chento","date":"10\/05\/2015","format":false,"excerpt":"Paris, le 7 octobre 1928 MON CHER ABB\u00c9, Ecrivant le 8 avril 1933 \u00e0 M. Coste, pr\u00eatre de la Mission, \u00e9diteur des entretiens de saint Vincent, c'est \u00e0 savoir : les conf\u00e9rences aux missionnaires et aux Filles de la Charit\u00e9, les r\u00e9p\u00e9titions d\u2019oraison, les conseils, avis et lignes de conduite,\u2026","rel":"","context":"Dans &quot;Vincent de Paul&quot;","block_context":{"text":"Vincent de Paul","link":"http:\/\/vincentians.com\/fr\/category\/the-vincentian-family\/founders\/vincent-de-paul\/"},"img":{"alt_text":"","src":"https:\/\/i0.wp.com\/vincentians.com\/fr\/wp-content\/uploads\/sites\/10\/2016\/07\/vincent-maitre-d-oraison.jpg?fit=1200%2C630&resize=350%2C200","width":350,"height":200,"srcset":"https:\/\/i0.wp.com\/vincentians.com\/fr\/wp-content\/uploads\/sites\/10\/2016\/07\/vincent-maitre-d-oraison.jpg?fit=1200%2C630&resize=350%2C200 1x, https:\/\/i0.wp.com\/vincentians.com\/fr\/wp-content\/uploads\/sites\/10\/2016\/07\/vincent-maitre-d-oraison.jpg?fit=1200%2C630&resize=525%2C300 1.5x, https:\/\/i0.wp.com\/vincentians.com\/fr\/wp-content\/uploads\/sites\/10\/2016\/07\/vincent-maitre-d-oraison.jpg?fit=1200%2C630&resize=700%2C400 2x, https:\/\/i0.wp.com\/vincentians.com\/fr\/wp-content\/uploads\/sites\/10\/2016\/07\/vincent-maitre-d-oraison.jpg?fit=1200%2C630&resize=1050%2C600 3x"},"classes":[]},{"id":42759,"url":"http:\/\/vincentians.com\/fr\/saint-vincent-de-paul-maitre-doraison-chapitre-premier\/","url_meta":{"origin":43147,"position":1},"title":"Saint Vincent De Paul, Ma\u00eetre d\u2019Oraison. Chapitre I","author":"Francisco Javier Fern\u00e1ndez Chento","date":"11\/05\/2015","format":false,"excerpt":"Chapitre premier Ce qu\u2019est L\u2019oraison au point de vue psychique Psychologue de premier ordre, comme son contemporain et ami Fran\u00e7ois de Sales, saint Vincent de Paul ne se m\u00e9prend sur la nature psychique de l\u2019oraison mentale. Sous ses formes multiples et \u00e0 ses divers degr\u00e9s, cette derni\u00e8re est \u00e0 ses\u2026","rel":"","context":"Dans &quot;Vincent de Paul&quot;","block_context":{"text":"Vincent de Paul","link":"http:\/\/vincentians.com\/fr\/category\/the-vincentian-family\/founders\/vincent-de-paul\/"},"img":{"alt_text":"","src":"https:\/\/i0.wp.com\/vincentians.com\/fr\/wp-content\/uploads\/sites\/10\/2016\/07\/vincent-maitre-d-oraison.jpg?fit=1200%2C630&resize=350%2C200","width":350,"height":200,"srcset":"https:\/\/i0.wp.com\/vincentians.com\/fr\/wp-content\/uploads\/sites\/10\/2016\/07\/vincent-maitre-d-oraison.jpg?fit=1200%2C630&resize=350%2C200 1x, https:\/\/i0.wp.com\/vincentians.com\/fr\/wp-content\/uploads\/sites\/10\/2016\/07\/vincent-maitre-d-oraison.jpg?fit=1200%2C630&resize=525%2C300 1.5x, https:\/\/i0.wp.com\/vincentians.com\/fr\/wp-content\/uploads\/sites\/10\/2016\/07\/vincent-maitre-d-oraison.jpg?fit=1200%2C630&resize=700%2C400 2x, https:\/\/i0.wp.com\/vincentians.com\/fr\/wp-content\/uploads\/sites\/10\/2016\/07\/vincent-maitre-d-oraison.jpg?fit=1200%2C630&resize=1050%2C600 3x"},"classes":[]},{"id":42903,"url":"http:\/\/vincentians.com\/fr\/saint-vincent-de-paul-maitre-doraison-chapitre-ii\/","url_meta":{"origin":43147,"position":2},"title":"Saint Vincent De Paul, Ma\u00eetre d\u2019Oraison. Chapitre II","author":"Francisco Javier Fern\u00e1ndez Chento","date":"13\/05\/2015","format":false,"excerpt":"Chapitre II: Ce qu\u2019est l\u2019oraison au point de vue surnaturel Son importance, ses effets Saint Vincent de Paul tourne et retourne l\u2019oraison mentale en tous sens et n\u2019en laisse dans l\u2019ombre aucun aspect. Gr\u00e2ce aux comparaisons les plus vari\u00e9es, il donne une id\u00e9e aussi compl\u00e8te que possible de la diversit\u00e9\u2026","rel":"","context":"Dans &quot;Vincent de Paul&quot;","block_context":{"text":"Vincent de Paul","link":"http:\/\/vincentians.com\/fr\/category\/the-vincentian-family\/founders\/vincent-de-paul\/"},"img":{"alt_text":"","src":"https:\/\/i0.wp.com\/vincentians.com\/fr\/wp-content\/uploads\/sites\/10\/2016\/07\/vincent-maitre-d-oraison.jpg?fit=1200%2C630&resize=350%2C200","width":350,"height":200,"srcset":"https:\/\/i0.wp.com\/vincentians.com\/fr\/wp-content\/uploads\/sites\/10\/2016\/07\/vincent-maitre-d-oraison.jpg?fit=1200%2C630&resize=350%2C200 1x, https:\/\/i0.wp.com\/vincentians.com\/fr\/wp-content\/uploads\/sites\/10\/2016\/07\/vincent-maitre-d-oraison.jpg?fit=1200%2C630&resize=525%2C300 1.5x, https:\/\/i0.wp.com\/vincentians.com\/fr\/wp-content\/uploads\/sites\/10\/2016\/07\/vincent-maitre-d-oraison.jpg?fit=1200%2C630&resize=700%2C400 2x, https:\/\/i0.wp.com\/vincentians.com\/fr\/wp-content\/uploads\/sites\/10\/2016\/07\/vincent-maitre-d-oraison.jpg?fit=1200%2C630&resize=1050%2C600 3x"},"classes":[]},{"id":43087,"url":"http:\/\/vincentians.com\/fr\/saint-vincent-de-paul-maitre-doraison-chapitre-iii\/","url_meta":{"origin":43147,"position":3},"title":"Saint Vincent De Paul, Ma\u00eetre d\u2019Oraison. Chapitre III","author":"Francisco Javier Fern\u00e1ndez Chento","date":"14\/05\/2015","format":false,"excerpt":"Chaptire III Necessite morale de l\u2019Oraison Homme pratique s\u2019il en fut, M. Vincent n\u2019 \u00e9tudie pas l\u2019oraison en th\u00e9oricien absorb\u00e9 par de savantes recherches et des discutions sans fin. Qu\u2019il traite de cet exercice dans ses conf\u00e9rences et entretiens ou dans ses lettres de direction, son but est toujours d\u2019y\u2026","rel":"","context":"Dans &quot;Vincent de Paul&quot;","block_context":{"text":"Vincent de Paul","link":"http:\/\/vincentians.com\/fr\/category\/the-vincentian-family\/founders\/vincent-de-paul\/"},"img":{"alt_text":"","src":"https:\/\/i0.wp.com\/vincentians.com\/fr\/wp-content\/uploads\/sites\/10\/2016\/07\/vincent-maitre-d-oraison.jpg?fit=1200%2C630&resize=350%2C200","width":350,"height":200,"srcset":"https:\/\/i0.wp.com\/vincentians.com\/fr\/wp-content\/uploads\/sites\/10\/2016\/07\/vincent-maitre-d-oraison.jpg?fit=1200%2C630&resize=350%2C200 1x, https:\/\/i0.wp.com\/vincentians.com\/fr\/wp-content\/uploads\/sites\/10\/2016\/07\/vincent-maitre-d-oraison.jpg?fit=1200%2C630&resize=525%2C300 1.5x, https:\/\/i0.wp.com\/vincentians.com\/fr\/wp-content\/uploads\/sites\/10\/2016\/07\/vincent-maitre-d-oraison.jpg?fit=1200%2C630&resize=700%2C400 2x, https:\/\/i0.wp.com\/vincentians.com\/fr\/wp-content\/uploads\/sites\/10\/2016\/07\/vincent-maitre-d-oraison.jpg?fit=1200%2C630&resize=1050%2C600 3x"},"classes":[]},{"id":43260,"url":"http:\/\/vincentians.com\/fr\/saint-vincent-de-paul-maitre-doraison-chapitre-v\/","url_meta":{"origin":43147,"position":4},"title":"Saint Vincent De Paul, Ma\u00eetre d\u2019Oraison. Chapitre V","author":"Francisco Javier Fern\u00e1ndez Chento","date":"16\/05\/2015","format":false,"excerpt":"Chapitre V L\u2019oraison accessible \u00e0 tous Apr\u00e8s les pages pr\u00e9c\u00e9dentes o\u00f9 l\u2019oraison mentale est reconnue n\u00e9cessaire pour toute \u00e2me \u00e9prise d\u2019amour de Dieu, le pr\u00e9sent chapitre sur la possibilit\u00e9 de cet exercice peut sembler inutile. Du moment qu\u2019un acte est n\u00e9cessaire aux Chr\u00e9tiens soucieux de perfection, il doit \u00eatre r\u00e9alisable\u2026","rel":"","context":"Dans &quot;Vincent de Paul&quot;","block_context":{"text":"Vincent de Paul","link":"http:\/\/vincentians.com\/fr\/category\/the-vincentian-family\/founders\/vincent-de-paul\/"},"img":{"alt_text":"","src":"https:\/\/i0.wp.com\/vincentians.com\/fr\/wp-content\/uploads\/sites\/10\/2016\/07\/vincent-maitre-d-oraison.jpg?fit=1200%2C630&resize=350%2C200","width":350,"height":200,"srcset":"https:\/\/i0.wp.com\/vincentians.com\/fr\/wp-content\/uploads\/sites\/10\/2016\/07\/vincent-maitre-d-oraison.jpg?fit=1200%2C630&resize=350%2C200 1x, https:\/\/i0.wp.com\/vincentians.com\/fr\/wp-content\/uploads\/sites\/10\/2016\/07\/vincent-maitre-d-oraison.jpg?fit=1200%2C630&resize=525%2C300 1.5x, https:\/\/i0.wp.com\/vincentians.com\/fr\/wp-content\/uploads\/sites\/10\/2016\/07\/vincent-maitre-d-oraison.jpg?fit=1200%2C630&resize=700%2C400 2x, https:\/\/i0.wp.com\/vincentians.com\/fr\/wp-content\/uploads\/sites\/10\/2016\/07\/vincent-maitre-d-oraison.jpg?fit=1200%2C630&resize=1050%2C600 3x"},"classes":[]},{"id":43860,"url":"http:\/\/vincentians.com\/fr\/saint-vincent-de-paul-maitre-doraison-chapitre-viii\/","url_meta":{"origin":43147,"position":5},"title":"Saint Vincent De Paul, Ma\u00eetre d\u2019Oraison. Chapitre VIII","author":"Francisco Javier Fern\u00e1ndez Chento","date":"19\/05\/2015","format":false,"excerpt":"Chapitre VIII Pr\u00e9parations prochaines et pr\u00e9liminaires imm\u00e9diats Recueillement. \u2013 Choix de l\u2019heure et du lieu. Sommeil et R\u00e9veil. \u2013 Mise en la pr\u00e9sence de Dieu. Comme on l\u2019a vu dans un autre chapitre, la pr\u00e9paration lointaine \u00e0 l\u2019oraison est une sainte vie. Le seul fait d\u2019une existence profond\u00e9ment chr\u00e9tienne prouve\u2026","rel":"","context":"Dans &quot;Vincent de Paul&quot;","block_context":{"text":"Vincent de Paul","link":"http:\/\/vincentians.com\/fr\/category\/the-vincentian-family\/founders\/vincent-de-paul\/"},"img":{"alt_text":"","src":"https:\/\/i0.wp.com\/vincentians.com\/fr\/wp-content\/uploads\/sites\/10\/2016\/07\/vincent-maitre-d-oraison.jpg?fit=1200%2C630&resize=350%2C200","width":350,"height":200,"srcset":"https:\/\/i0.wp.com\/vincentians.com\/fr\/wp-content\/uploads\/sites\/10\/2016\/07\/vincent-maitre-d-oraison.jpg?fit=1200%2C630&resize=350%2C200 1x, https:\/\/i0.wp.com\/vincentians.com\/fr\/wp-content\/uploads\/sites\/10\/2016\/07\/vincent-maitre-d-oraison.jpg?fit=1200%2C630&resize=525%2C300 1.5x, https:\/\/i0.wp.com\/vincentians.com\/fr\/wp-content\/uploads\/sites\/10\/2016\/07\/vincent-maitre-d-oraison.jpg?fit=1200%2C630&resize=700%2C400 2x, https:\/\/i0.wp.com\/vincentians.com\/fr\/wp-content\/uploads\/sites\/10\/2016\/07\/vincent-maitre-d-oraison.jpg?fit=1200%2C630&resize=1050%2C600 3x"},"classes":[]}],"_links":{"self":[{"href":"http:\/\/vincentians.com\/fr\/wp-json\/wp\/v2\/posts\/43147","targetHints":{"allow":["GET"]}}],"collection":[{"href":"http:\/\/vincentians.com\/fr\/wp-json\/wp\/v2\/posts"}],"about":[{"href":"http:\/\/vincentians.com\/fr\/wp-json\/wp\/v2\/types\/post"}],"author":[{"embeddable":true,"href":"http:\/\/vincentians.com\/fr\/wp-json\/wp\/v2\/users\/4"}],"replies":[{"embeddable":true,"href":"http:\/\/vincentians.com\/fr\/wp-json\/wp\/v2\/comments?post=43147"}],"version-history":[{"count":0,"href":"http:\/\/vincentians.com\/fr\/wp-json\/wp\/v2\/posts\/43147\/revisions"}],"wp:featuredmedia":[{"embeddable":true,"href":"http:\/\/vincentians.com\/fr\/wp-json\/wp\/v2\/media\/189799"}],"wp:attachment":[{"href":"http:\/\/vincentians.com\/fr\/wp-json\/wp\/v2\/media?parent=43147"}],"wp:term":[{"taxonomy":"category","embeddable":true,"href":"http:\/\/vincentians.com\/fr\/wp-json\/wp\/v2\/categories?post=43147"},{"taxonomy":"post_tag","embeddable":true,"href":"http:\/\/vincentians.com\/fr\/wp-json\/wp\/v2\/tags?post=43147"}],"curies":[{"name":"wp","href":"https:\/\/api.w.org\/{rel}","templated":true}]}}