{"id":38477,"date":"2012-10-03T06:01:45","date_gmt":"2012-10-03T05:01:45","guid":{"rendered":"http:\/\/somos.vicencianos.org\/blog\/2011\/05\/le-directeur-provincial-%e2%80%9canimateur%e2%80%9d-des-filles-de-la-charite\/"},"modified":"2012-10-03T06:01:45","modified_gmt":"2012-10-03T05:01:45","slug":"le-directeur-provincial-animateur-des-filles-de-la-charite","status":"publish","type":"post","link":"http:\/\/vincentians.com\/fr\/le-directeur-provincial-animateur-des-filles-de-la-charite\/","title":{"rendered":"Le Directeur Provincial \u201canimateur\u201d des Filles de la Charit\u00e9"},"content":{"rendered":"<p>Dans les Constitutions des Filles de la Charit\u00e9, nous trouvons \u00e0 l\u2019article 3.38: le Directeur Provincial est <em>un pr\u00eatre de la Congr\u00e9gation de la Mission<\/em>, nomm\u00e9 par le Sup\u00e9rieur G\u00e9n\u00e9ral; <em>\u201cil partage avec la Visitatrice et son Conseil la responsabilit\u00e9 de promouvoir l\u2019esprit vincentien dans la Province\u201d <\/em><\/p>\n<p>Missionnaire, le directeur est, par vocation, un \u201c\u00c9vang\u00e9lisateur des Pauvres\u201d. Par son office, dans une Province des Filles de la charit\u00e9, il vit sa vocation et sa mission, en communion avec les S\u0153urs. Il les \u201caide\u201d, \u201ccollabore\u201d et \u201cpartage\u201d avec elles l\u2019\u00c9vang\u00e9lisation et le Service des Pauvres.<\/p>\n<p>C\u2019est dans cet esprit soulign\u00e9 par les Contitutions et le Directoire, qu\u2019il nous faut situer la mission d\u2019animateur du Directeur Provincial.<span id='easy-footnote-1-38477' class='easy-footnote-margin-adjust'><\/span><span class='easy-footnote'><a href='http:\/\/vincentians.com\/fr\/le-directeur-provincial-animateur-des-filles-de-la-charite\/#easy-footnote-bottom-1-38477' title='Constitutions des Filles de la Charit\u00e9 \u2013Gouvernement: Niveau Provincial 3. 38; Statuts des Filles de la Charit\u00e9 n46; Directeur pour les Directeurs Provinciaux des Filles de la Charit\u00e9, 1985 (Le directeur et la Communaut\u00e9 locale n\u00b034 et sv).'><sup>1<\/sup><\/a><\/span>\n<p>Je diviserai mon intervention en trois chapitres, en soulignant notre H\u00e9ritage Commun Vincentien:<\/p>\n<ol>\n<li>La Congr\u00e9gation de la Mission et la Compagnie des Filles de la Charit\u00e9: Une histoire commune \u00e0 l\u2019\u00e9coute des pauvres;<\/li>\n<li>Pr\u00eatres de la Mission et Filles de la Charit\u00e9: Service des pauvres: un partage de la mission;<\/li>\n<li>Le Directeur des Filles de la Charit\u00e9, \u201cAnimateur\u201d. Les visites aux communaut\u00e9s.<\/li>\n<\/ol>\n<h2><strong>1. La Congr\u00e9gation de la Mission et la Compagnie des Filles de la Charit\u00e9:<\/strong><strong> <\/strong><strong>une histoire commune \u00e0 l\u2019\u00e9coute des pauvres. <\/strong><\/h2>\n<h3><strong><em>Aux origines .<\/em><\/strong><\/h3>\n<p><em>Deux \u00e9v\u00e9nements: Folleville et Ch\u00e2tillon<\/em><\/p>\n<p>Saint Vincent, \u00e0 travers les \u00e9v\u00e9nements de sa vie,<span id='easy-footnote-2-38477' class='easy-footnote-margin-adjust'><\/span><span class='easy-footnote'><a href='http:\/\/vincentians.com\/fr\/le-directeur-provincial-animateur-des-filles-de-la-charite\/#easy-footnote-bottom-2-38477' title='Vincent de Paul . Son exp\u00e9rience Spirituelle et la n\u00f4tre (brochure'><sup>2<\/sup><\/a><\/span>) a \u00e9t\u00e9 amen\u00e9 par la divine Providence \u00e0 se consacrer au salut des pauvres.<\/p>\n<p>En 1617, tandis qu\u2019exerce son minist\u00e8re \u00e0 Gannes-Folleville, il se rend compte de l\u2019extr\u00eame urgence de l&rsquo;\u00e9vang\u00e9lisation des pauvres.<\/p>\n<p style=\"padding-left: 30px\"><em>\u00ab &#8230;Les pauvres gens des champs&#8230; meurent souvent dans les p\u00e9ch\u00e9s de leur jeunesse, pour avoir eu honte de les d\u00e9couvrir \u00e0 des cur\u00e9s ou \u00e0 des vicaires qui leur sont connus et familiers \u00bb<\/em>.<span id='easy-footnote-3-38477' class='easy-footnote-margin-adjust'><\/span><span class='easy-footnote'><a href='http:\/\/vincentians.com\/fr\/le-directeur-provincial-animateur-des-filles-de-la-charite\/#easy-footnote-bottom-3-38477' title='Au Pape Urbain VIII- Juin 1628- Coste I, 45'><sup>3<\/sup><\/a><\/span>\n<p><a href=\"https:\/\/i0.wp.com\/vincentiens.org\/wp-content\/uploads\/2011\/05\/filles_charite.jpg\"><img data-recalc-dims=\"1\" loading=\"lazy\" decoding=\"async\" class=\"alignleft size-medium wp-image-103825\" title=\"filles_charite\" src=\"https:\/\/i0.wp.com\/vincentiens.org\/wp-content\/uploads\/2011\/05\/filles_charite-228x300.jpg?resize=228%2C300\" alt=\"\" width=\"228\" height=\"300\" \/><\/a>pr\u00e8s la \u00abconversion du paysan de Gannes\u00bb, raconte Saint Vincent: (Madame de Gondi) \u00abme pria de faire une pr\u00e9dication en l\u2019\u00e9glise de Folleville, pour exhorter les habitants \u00e0 la confession g\u00e9n\u00e9rale; ce que je fis&#8230; Il y eut grand concours et Dieu donna partout sa b\u00e9n\u00e9diction. Et voil\u00e0 le premier sermon de la Mssion, et le succ\u00e8s que Dieu lui donna le jour de la conversion de saint Paul; ce que Dieu ne fit pas sans dessein, en un tel jour.<span id='easy-footnote-4-38477' class='easy-footnote-margin-adjust'><\/span><span class='easy-footnote'><a href='http:\/\/vincentians.com\/fr\/le-directeur-provincial-animateur-des-filles-de-la-charite\/#easy-footnote-bottom-4-38477' title='Entretien sur la Mission donn\u00e9e \u00e0 Folleville en 1617- Coste XI, 2 \u00e0 5'><sup>4<\/sup><\/a><\/span>\n<p>Saint Vincent a toujours reconnu cette date de 1617 comme \u00e9tant le principe de son \u0153uvre Missionnaire.<\/p>\n<p>Pour bien montrer aussi le caract\u00e8re providenciel de l\u2019origine de la Mission, il confiera plus tard \u00e0 ses missionnaires: \u00abH\u00e9las! Messieurs et mes fr\u00e8res, jamais personne n\u2019avait pens\u00e9 \u00e0 cela, l\u2019on ne savait ce que c\u2019\u00e9tait que les Missions, nous n\u2019y pensions point et ne savions ce que c\u2019\u00e9tait, et c\u2019est en cela que l\u2019on reconnait que c\u2019est une \u0153uvre de Dieu\u00bb (R\u00e9p\u00e9tition d\u2019Oraison du 25 Janvier 1655-XI, 169)<\/p>\n<p>Concr\u00e8tement, Vincent est parti d\u2019un regard sur LA VIE, et non d\u2019abord d\u2019une th\u00e9orie sur la Mission. Il reconna\u00eet lui-m\u00eame que c\u2019est l\u2019amour des pauvres qui explique la t\u00e2che de la Compagnie de la Mission:<\/p>\n<p style=\"padding-left: 30px\"><em>\u00ab Allons donc, mes fr\u00e8res, et nous employons avec un nouvel amour \u00e0 servir les pauvres, et m\u00eame cherchons les plus pauvres et les plus abandonn\u00e9s \u00bb <\/em>(XI. 393)<\/p>\n<p>Quand il a bien saisi l\u2019\u00e9v\u00e9nement qu\u2019il a compris sa co\u00efncidance avec la volont\u00e9 de Dieu, c\u2019est alors qu\u2019il passe \u00e0 l\u2019action.<\/p>\n<p>\u00abSaint Vincent \u2013 \u00e9crit le P\u00e8re Jean Morin \u2013 nous propose une exp\u00e9rience spirituelle&#8230; dans sa fa\u00e7on de lire et d\u2019interpr\u00e9ter les \u00e9v\u00e9nements. Il suffit de se reporter aux textes o\u00fa il \u00e9voque les \u00e9v\u00e9nements de Folleville ou Ch\u00e2tillon ou encore l\u2019histoire du vol, histoire de la Mission de Marchais&#8230; etc.<\/p>\n<p>Dans tous ces cas et quantit\u00e9 d\u2019autres qui jalonnent la vie de Saint Vincent, il s\u2019agit d\u2019\u00e9v\u00e9nements qu\u2019il vit et interpr\u00e8te pour lui et pour nous. C\u2019est alors qu\u2019il nous livre la cl\u00e9 de \u00absa spiritualit\u00e9\u00bb.<\/p>\n<h3>Au mois d&rsquo;Ao\u00fbt de la m\u00eame ann\u00e9e 1617 \u00e0 Ch\u00e2tillon-les-Dombes, ce fut la rencontre des pauvres malades dans le besoin.<\/h3>\n<p>Dans la Conf\u00e9rence aux Filles de la Charit\u00e9 du 13 F\u00e9vrier 1646, sur l\u2019amour de la vocation et l\u2019assistance des Pauvres, Vincent parlera aux Soeurs de l\u2019\u00e9v\u00e9nement fondateur de leur Compagnie: \u00ab(dans) une petite ville o\u00f9 la Providence m\u2019avait appel\u00e9 pour \u00eatre cur\u00e9, un dimanche, comme je m\u2019habillais pour dire la sainte messe, on me vint dire qu\u2019en une maison \u00e9cart\u00e9e des autres, \u00e0 un quart de lieue de l\u00e0, tout le monde \u00e9tait malade, sans qu\u2019il rest\u00e2t une seule personne pour assister les autres, et toutes dans une n\u00e9cessit\u00e9 qui ne se pouvait dire. Cela me toucha sensiblement le c\u0153ur. Je ne manquai pas de les recommander au pr\u00f4ne avec affection, et Dieu, touchant le c\u0153ur de ceux qui m\u2019\u00e9coutaient, fit qu\u2019ils se trouv\u00e8rent tous \u00e9mus de compassion pour ces pauvres afflig\u00e9s&#8230; .<\/p>\n<p>Et c\u2019est le premier lieu o\u00fa la charit\u00e9 a \u00e9t\u00e9 \u00e9tablie. Monsieur Vincent ajoute, en faisant la re-lecture de l\u2019\u00e9v\u00e9nement: \u00abVoil\u00e0, mes filles, quel a \u00e9t\u00e9 le commencement de votre Compagnie\u00bb.<span id='easy-footnote-5-38477' class='easy-footnote-margin-adjust'><\/span><span class='easy-footnote'><a href='http:\/\/vincentians.com\/fr\/le-directeur-provincial-animateur-des-filles-de-la-charite\/#easy-footnote-bottom-5-38477' title='Conf\u00e9rence du 29 octobre 1638 sur la pers\u00e9v\u00e9rance dans la vocation- Coste XI, 108'><sup>5<\/sup><\/a><\/span>\n<p>\u00c0 Ch\u00e2tillon, un pas de plus semble donc franchi par saint Vincent. Le Missionnaire, charg\u00e9 de \u00abl\u2019\u00c9vang\u00e9lisation \u2013 Confession\u00bb des Pauvres gens, devra \u00e9galement savoir faire face et imm\u00e9diatement aux urgences et pourvoir \u00e0 des secours mat\u00e9riels organis\u00e9s.<\/p>\n<p>Une conviction premi\u00e8re anime cet homme par le v\u00e9cu et la lecture qu\u2019il fait. \u00abnul ne peut se d\u00e9sint\u00e9resser de la mis\u00e8re\u00bb. Le vrai p\u00e9cheur serait celui qui ne percevrait pas la mis\u00e8re. Nous sommes tous solidaires du pauvre.<\/p>\n<p>Saint Vincent n\u2019\u00e9tudie pas les dossiers, il voit les pauvres. Il les conna\u00eet \u00e0 l\u2019\u0153il comme il le fait remarque au Fr\u00e8re Jean Parre.<\/p>\n<p>Tr\u00e8s vite, M.Vincent fait le lien entre la Mission et la Charit\u00e9: entre l\u2019importance de l\u2019une et la n\u00e9cessit\u00e9 de l\u2019autre.<\/p>\n<p><strong><em>Deux Appels: \u00c9vang\u00e9liser et Servir les Pauvres<\/em><\/strong><\/p>\n<p>&nbsp;<\/p>\n<p>\u00c0 partir de ces deux \u00e9v\u00e9nements et des Appels entendus, saint Vincent d\u00e9couvre et proclame qu\u2019un lien intime existe entre l\u2019\u00c9vang\u00e9lisation des Pauvres et leur Service.<\/p>\n<p>D\u00e9sormais, l\u2019\u00c9vang\u00e9lisation et le Service des Pauvres se trouvent au coeur de la Mission des Fils et Filles deVincent de Paul. Notre vocation, \u2013 dira Vincent aux missionnaires \u2013 c\u2019est \u00abd\u2019assister\u00bb \u00abservir\u00bb \u00ab\u00e9vang\u00e9liser et soulager les pauvres\u00bb&#8230;\u00e0 la suite de J\u00e9sus-Christ:<\/p>\n<p style=\"padding-left: 30px\"><em>\u00abNous sommes en cette vocation fort conformes \u00e0 Notre-Seigneur J\u00e9sus-Christ, qui, ce semble, avait fait son principal, en venant au monde, d\u2019assister les pauvres (&#8230;) Et si on demande \u00e0 Notre Seigneur: \u00abQu\u2019\u00eates-vous venu faire en terre?\u00bb \u2013 \u00abAssister les pauvres\u00bb, \u2013 \u00abAutre chose?\u00bb \u2013 \u00ab Assister les pauvres \u00bb, etc. (&#8230;)<\/em><span id='easy-footnote-6-38477' class='easy-footnote-margin-adjust'><\/span><span class='easy-footnote'><a href='http:\/\/vincentians.com\/fr\/le-directeur-provincial-animateur-des-filles-de-la-charite\/#easy-footnote-bottom-6-38477' title='Extrait d\u2019entretien aux Missionnaires.- janvier 1657 Sur l\u2019Amour des Pauvres- XI, 392'><sup>6<\/sup><\/a><\/span> <em> <\/em><\/p>\n<p style=\"padding-left: 30px\"><em>\u201c <\/em>(&#8230;)<em> la petite Compagnie de la Mission t\u00e2che de s\u2019appliquer avec affection \u00e0 servir les pauvres, qui sont les bien-aim\u00e9s de Dieu ; et ainsi nous avons sujet d\u2019esp\u00e9rer que, pour l\u2019amour d\u2019eux, Dieu nous aimera. <\/em>(&#8230;)<em> cherchons les plus pauvres et les plus abandonn\u00e9s, reconnaissons devant Dieu que ce sont nos seigneurs et nos ma\u00eetres, et que nous sommes indignes de leur rendre nos petits services.\u201d<\/em><span id='easy-footnote-7-38477' class='easy-footnote-margin-adjust'><\/span><span class='easy-footnote'><a href='http:\/\/vincentians.com\/fr\/le-directeur-provincial-animateur-des-filles-de-la-charite\/#easy-footnote-bottom-7-38477' title='Conf\u00e9rence du 6 d\u00e9cembre 1658 Sur la Fin de la Congr\u00e9gation de la Mission (R\u00e8gles Communes, I. 1. XII, 87).'><sup>7<\/sup><\/a><\/span>\n<p style=\"padding-left: 30px\"><em>\u201c <\/em>(&#8230;)<em> S\u2019il s\u2019en trouve parmi nous qui pensent qu\u2019ils sont \u00e0 la Mission pour \u00e9vang\u00e9liser les pauvres et non pour les soulager, pour rem\u00e9dier \u00e0 leurs besoins spirituels et non aux temporels, je r\u00e9ponds que nous les devons assister et faire assister en toutes les mani\u00e8res, par nous et par autrui.<\/em><\/p>\n<p>Parlant du Service du Christ dans les Pauvres, Saint Vincent dira aux Filles de la charit\u00e9 dans la conf\u00e9rence du 14 Juin 1643:<\/p>\n<p style=\"padding-left: 30px\"><em>\u201cVous devez souvent penser que votre principale affaire et ce que Dieu vous demande particuli\u00e8rement est d\u2019avoir un grand soin de servir les pauvres, qui sont nos seigneurs. Oh ! oui, mes s\u0153urs, ce sont nos ma\u00eetres. C\u2019est pourquoi vous les devez traiter avec douceur et cordialit\u00e9, pensant que c\u2019est pour cela que Dieu vous a mises et associ\u00e9es ensemble, c\u2019est pour cela que Dieu a fait votre Compagnie. Vous devez avoir soin que rien ne leur manque en ce que vous pourrez, tant pour la sant\u00e9 de leur corps, que pour le salut de leur \u00e2me. Que vous \u00eates heureuses, mes filles, que Dieu vous ait destin\u00e9es \u00e0 cela pour toute votre vie !<\/em><span id='easy-footnote-8-38477' class='easy-footnote-margin-adjust'><\/span><span class='easy-footnote'><a href='http:\/\/vincentians.com\/fr\/le-directeur-provincial-animateur-des-filles-de-la-charite\/#easy-footnote-bottom-8-38477' title='Aux Filles de la Charit\u00e9- Conf\u00e9rence du 14 juin 1643, sur le R\u00e8glement et la mani\u00e8re de vie des Filles de la Charit\u00e9- IX, 119.'><sup>8<\/sup><\/a><\/span><em> <\/em><\/p>\n<p>Le 24 Novembre 1658, Vincent de Paul \u00e9crira \u00e0 Soeur Anne Hardemont:<\/p>\n<p style=\"padding-left: 30px\"><em>\u00ab &#8230; Combien serez-vous consol\u00e9es \u00e0 l\u2019heure de la mort d\u2019avoir consomm\u00e9 votre vie pour le m\u00eame sujet pour lequel J\u00e9sus-Christ a donn\u00e9 la sienne! C\u2019est pour la Charit\u00e9, \u2019est pour Dieu, \u2019est pour les Pauvres&#8230;\u00bb<\/em><span id='easy-footnote-9-38477' class='easy-footnote-margin-adjust'><\/span><span class='easy-footnote'><a href='http:\/\/vincentians.com\/fr\/le-directeur-provincial-animateur-des-filles-de-la-charite\/#easy-footnote-bottom-9-38477' title='\u00c0 Anne Hardemont, 24 novembre 1658- VII, 382.'><sup>9<\/sup><\/a><\/span>\n<h3><strong><em>Deux R\u00e9ponses aux Appels des Pauvres: <\/em><\/strong><\/h3>\n<p>Le 17 Avril 1625, Monsieur Vincent signe le contrat de fondation de la Congr\u00e9gation de la Mission, pour \u00c9vang\u00e9liser les Pauvres.<\/p>\n<p>Evangelizare pauperibus misit me (sceau de la Congr\u00e9gation)<\/p>\n<p style=\"padding-left: 30px\"><em>\u201cIl m\u2019a envoy\u00e9 porter la Bonne Nouvelle aux Pauvres\u201d <\/em><\/p>\n<p style=\"padding-left: 30px\"><em>\u00abLa fin de la Congr\u00e9gation de la Mission est de suivre le Christ \u00c9vang\u00e9lisateur des Pauvres. Cette fin se r\u00e9alise lorsque, fid\u00e8les \u00e0 Saint Vincent, confr\u00e8res et communaut\u00e9s. s\u2019emploient&#8230; \u00e0 se rev\u00eatir de l\u2019esprit du Christ.. et s\u2019appliquent \u00e0 l\u2019evang\u00e9lisation des pauvres surtout des plus abandonn\u00e9s&#8230;\u00bb<\/em><span id='easy-footnote-10-38477' class='easy-footnote-margin-adjust'><\/span><span class='easy-footnote'><a href='http:\/\/vincentians.com\/fr\/le-directeur-provincial-animateur-des-filles-de-la-charite\/#easy-footnote-bottom-10-38477' title='Constitutions de la Congr\u00e9gation de la Mission. Article 1&lt;sup&gt;er&lt;\/sup&gt;.'><sup>10<\/sup><\/a><\/span>\n<p>Le 29 Novembre 1633, Vincent de Paul et Louise de Marillac fondent la Compagnie des Filles de la Charit\u00e9, servantes des Pauvres malades.<\/p>\n<p>Caritas Christi urget nos (sceau de la Compagnie)<\/p>\n<p style=\"padding-left: 30px\"><em>La Charit\u00e9 du Christ nous presse<\/em><\/p>\n<p>La charit\u00e9 de J\u00e9sus-Christ anime et enflamme le coeur de la Fille de la Charit\u00e9, la presse de courir au service de toutes les mis\u00e8res.<\/p>\n<p style=\"padding-left: 30px\"><em>\u00abLa fin principale pour laquelle Dieu a appel\u00e9 et assembl\u00e9 les Filles de la Charit\u00e9 est&#8230; pour servir le Christ dans les Pauvres\u00bb<\/em><span id='easy-footnote-11-38477' class='easy-footnote-margin-adjust'><\/span><span class='easy-footnote'><a href='http:\/\/vincentians.com\/fr\/le-directeur-provincial-animateur-des-filles-de-la-charite\/#easy-footnote-bottom-11-38477' title='Constitutions des Filles de la Charit\u00e9 Article 1.3'><sup>11<\/sup><\/a><\/span>\n<h3><strong><em>Aujourd\u2019hui.<\/em><\/strong><\/h3>\n<p><em>La Congr\u00e9gation de la Mission et les Filles de la Charit\u00e9 ayant recueilli un h\u00e9ritage commun, les Confr\u00e8res viendront volontiers en aide \u00e0 ces derni\u00e8res lorsqu&rsquo;elles en feront la demande, surtout pour les exercices de la retraite et la direction spirituelle et ils leur apporteront aussi une collaboration fraternelle et constante dans les \u0153uvres entreprises de concert.<\/em><span id='easy-footnote-12-38477' class='easy-footnote-margin-adjust'><\/span><span class='easy-footnote'><a href='http:\/\/vincentians.com\/fr\/le-directeur-provincial-animateur-des-filles-de-la-charite\/#easy-footnote-bottom-12-38477' title='Constitutions:Vie de la Congr\u00e9gation de la Mission-Activit\u00e9s Apostoliques, art 17.'><sup>12<\/sup><\/a><\/span>\n<h2><strong>2. Pr\u00eatres de la Mission et Filles de la Charit\u00e9: Service des pauvres: un partage de la mission<em> <\/em><\/strong><\/h2>\n<p>Le Directeur \u201cpartage <strong>avec<\/strong> la Visitatrice et son Conseil\u201d la responsabilit\u00e9 de promouvoir l\u2019esprit Vincentien et <em>\u201ccollabore \u00e0 l\u2019organisation de tout ce qui concerne la formation spirituelle des S\u0153urs, en particulier des S\u0153urs Servantes.\u201d<\/em><span id='easy-footnote-13-38477' class='easy-footnote-margin-adjust'><\/span><span class='easy-footnote'><a href='http:\/\/vincentians.com\/fr\/le-directeur-provincial-animateur-des-filles-de-la-charite\/#easy-footnote-bottom-13-38477' title='C 3.38\/ \u00a7 2'><sup>13<\/sup><\/a><\/span>\n<p>&nbsp;<\/p>\n<p>Dans la patente de nomination que les Directeurs re\u00e7oivent du Sup\u00e9rieur G\u00e9n\u00e9ral, leur mission est pr\u00e9cis\u00e9e en ces termes: \u201c&#8230;promouvoir la vie spirituelle et apostolique des Filles de la Charit\u00e9 et aider la Visitatrice dans le gouvernement de la Province&#8230;\u201d<\/p>\n<h3><strong><em>Aux origines.<\/em><\/strong><strong> <\/strong><\/h3>\n<p>Sainte Louise demand\u00e9 \u00e0 Saint Vincent que la Compagnie<em>, \u00ab&#8230; recevoir la direction spirituelle des Missionnaires\u00bb.<\/em><\/p>\n<p>Sainte Louise de Marillac a voulu que la Compagnie des Filles de la Charit\u00e9 soit plac\u00e9e sous l\u2019autorit\u00e9 du Sup\u00e9rieur G\u00e9n\u00e9ral de la Mission et re\u00e7oive la direction spirituelle des Missionnaires. Elle \u00e9voque trois raisons:<\/p>\n<ul>\n<li>\u201c&#8230; Les pauvres seraient secourus\u201d ;<\/li>\n<li>La Compagnie restera \u201csous la conduite que la Providence lui a donn\u00e9e\u201d;<\/li>\n<li>La Compagnie pourra \u201cvivre de l\u2019esprit\u201d de la Congr\u00e9gation anim\u00e9e par Monsieur Vincent.<\/li>\n<li>En 1646, Louise \u00e9crivait \u00e0 Vincent:<\/li>\n<\/ul>\n<p style=\"padding-left: 30px\"><em>\u201c&#8230; Monsieur, ne permettez pas qu\u2019il se passe rien qui donne tant soit peu de jour de tirer la compagnie de la direction que Dieu lui a donn\u00e9e, car vous \u00eates assur\u00e9 que aussit\u00f4t ce ne serait plus ce que c\u2019est, et les pauvres malades ne seraient plus secourus ; <\/em>(&#8230;).<span id='easy-footnote-14-38477' class='easy-footnote-margin-adjust'><\/span><span class='easy-footnote'><a href='http:\/\/vincentians.com\/fr\/le-directeur-provincial-animateur-des-filles-de-la-charite\/#easy-footnote-bottom-14-38477' title='Sainte Louise de Marillac \u00e0 Saint Vincent de Paul\/ Coste III, 122.'><sup>14<\/sup><\/a><\/span>\n<ul>\n<li>Un an apr\u00e8s, en novembre 1647, \u201cDans la paix et la simplicit\u00e9,\u201d Louise de Marillac fait part \u00e0 Vincent de Paul de, \u201c&#8230; la n\u00e9cessit\u00e9 que la compagnie des Filles de la Charit\u00e9 soit toujours successivement sous la conduite que la divine Providence leur a donn\u00e9e, tant pour le spirituel que temporel,&#8230;\u201d<span id='easy-footnote-15-38477' class='easy-footnote-margin-adjust'><\/span><span class='easy-footnote'><a href='http:\/\/vincentians.com\/fr\/le-directeur-provincial-animateur-des-filles-de-la-charite\/#easy-footnote-bottom-15-38477' title='Louise de Marillac \u00e0 Saint Vincent \/ Coste III, 255).'><sup>15<\/sup><\/a><\/span><\/li>\n<li>Le 5 Juillet 1651, &#8230; Louise de Marillac s\u2019adressait au G\u00e9n\u00e9ral des v\u00e9n\u00e9rables pr\u00eatres de la Mission, elle insiste sur la n\u00e9cessit\u00e9 de la Compagnie des Filles de la Charit\u00e9 d\u2019\u00eatre <em>\u201csoumise et d\u00e9pendante\u201d du G\u00e9n\u00e9ral des pr\u00eatres de la Mission, &#8230; \u201cpour vivre de l\u2019esprit\u201d dont Monsieur anime la Congr\u00e9gation de la Mission&#8230;<\/em><\/li>\n<\/ul>\n<p style=\"padding-left: 30px\"><em>\u201cla n\u00e9cessit\u00e9 que ladite compagnie,(&#8230;) enti\u00e8rement soumise et d\u00e9pendante de la conduite v\u00e9n\u00e9rable du tr\u00e8s honor\u00e9 g\u00e9n\u00e9ral de Messieurs les v\u00e9n\u00e9rables pr\u00eatres de la Mission, du consentement de leur compagnie, pour, y \u00e9tant agr\u00e9g\u00e9es, \u00eatre participantes du bien qui s\u2019y fait, \u00e0 ce que la divine bont\u00e9, par les m\u00e9rites de J\u00e9susChrist et les pri\u00e8res de la sainte Vierge, leur fasse la gr\u00e2ce de vivre de l\u2019esprit dont sa bont\u00e9 anime ladite honorable compagnie.\u201d<\/em><span id='easy-footnote-16-38477' class='easy-footnote-margin-adjust'><\/span><span class='easy-footnote'><a href='http:\/\/vincentians.com\/fr\/le-directeur-provincial-animateur-des-filles-de-la-charite\/#easy-footnote-bottom-16-38477' title='Louise de Marillac \u00e0 Vincent de Paul \/ Coste IV-220-222).'><sup>16<\/sup><\/a><\/span>\n<p>Sainte Louise conclut sa lettre en faisant allusion \u00e0 son exp\u00e9rience d\u2019avoir \u00e9t\u00e9 <em>\u201csous la conduite\u201d de saint Vincent depuis 25 ans, \u201cpour faire la sainte volont\u00e9 de Dieu.\u201d<\/em><\/p>\n<p>La r\u00e9ponse de Saint Vincent pour que la Congr\u00e9gation de la Mission, <em>\u201cconduise les Filles de la Charit\u00e9\u201d. <\/em><\/p>\n<p>Dans les R\u00e8gles Communes de la Congr\u00e9gation de la Mission, figure le minist\u00e8re aupr\u00e8s des Filles de la Charit\u00e9: <em>\u201cnotre Congr\u00e9gation est d\u00e9put\u00e9e pour conduire les Filles de la communaut\u00e9 de la Charit\u00e9\u201d<\/em><span id='easy-footnote-17-38477' class='easy-footnote-margin-adjust'><\/span><span class='easy-footnote'><a href='http:\/\/vincentians.com\/fr\/le-directeur-provincial-animateur-des-filles-de-la-charite\/#easy-footnote-bottom-17-38477' title='1658- R\u00e8gles Communes de la Congr\u00e9gation de la Mission, minist\u00e8re aupr\u00e8s des Filles de la Charit\u00e9, chapitre XI, 11.'><sup>17<\/sup><\/a><\/span>\n<p>Saint Vincent, en donnant les R\u00e8gles Communes aux confr\u00e8res, en 1658, commente:<\/p>\n<p style=\"padding-left: 30px\"><em>\u00abIl est vrai qu&rsquo;on a laiss\u00e9 passer trente-trois ans ou environ, qu&rsquo;il y a que notre Congr\u00e9gation est institu\u00e9e, sans que nous vous les ayons donn\u00e9es imprim\u00e9es: <\/em>(&#8230;)<em> la Congr\u00e9gation les a peu \u00e0 peu et suavement pratiqu\u00e9es, avant qu&rsquo;elles aient \u00e9t\u00e9 mises en lumi\u00e8re <\/em>(&#8230;).<\/p>\n<p>Le Minist\u00e8re aupr\u00e8s des Filles de la Charit\u00e9, fait partie de cette pratique avant la lettre. Il y a eu \u00able faire\u00bb, \u00abla pratique\u00bb, le service \u00abcorporel et spirituel des Pauvres\u00bb des pr\u00eatres de la Mission et des Filles de la Charit\u00e9.<\/p>\n<p>Depuis \u00ables fondations\u00bb de la Double Famille. \u00abDieu de qui tout bien proc\u00e8de\u00bb \u00e9tait \u00e0 l\u2019oeuvre dans ce minist\u00e8re de \u00abdirection\u00bb et \u00abcollaboration\u00bb<\/p>\n<p>D\u00e8s le 29 novembre 1633 jusqu\u2019a l\u2019ann\u00e9e de sa mort, en 1660, saint Vincent intervient dans la formation, l\u2019animation spirituelle et apostolique des Filles de la Charit\u00e9, par ses Conf\u00e9rences et entretiens.<span id='easy-footnote-18-38477' class='easy-footnote-margin-adjust'><\/span><span class='easy-footnote'><a href='http:\/\/vincentians.com\/fr\/le-directeur-provincial-animateur-des-filles-de-la-charite\/#easy-footnote-bottom-18-38477' title='Saint Vincent de Paul.- Conf\u00e9rences aux Filles de la Charit\u00e9- Notes Biographiques- F.Combaluzier \u201clivre Bleu\u201d\/ p. VII) IX, 507.'><sup>18<\/sup><\/a><\/span>\n<p>Pour le seconder dans l\u2019animation spirituelle et le gouvernement des Filles de la Charit\u00e9, saint Vincent nomme Monsieur Portail, qui sera depuis 1640, le premier \u201cdirecteur g\u00e9n\u00e9ral\u201d des S\u0153urs.<span id='easy-footnote-19-38477' class='easy-footnote-margin-adjust'><\/span><span class='easy-footnote'><a href='http:\/\/vincentians.com\/fr\/le-directeur-provincial-animateur-des-filles-de-la-charite\/#easy-footnote-bottom-19-38477' title='Conf\u00e9rence du 19 Avril 1650\/ Coste IX, pages 498 et 507'><sup>19<\/sup><\/a><\/span>)<\/p>\n<p>Monsieur Portail (+ 1660) assiste aux conf\u00e9rences que saint Vincent donne aux s\u0153urs, en pr\u00e9side quelques-unes. Il assiste aux conseils et Il est Consult\u00e9 pour les v\u0153ux des s\u0153urs.<span id='easy-footnote-20-38477' class='easy-footnote-margin-adjust'><\/span><span class='easy-footnote'><a href='http:\/\/vincentians.com\/fr\/le-directeur-provincial-animateur-des-filles-de-la-charite\/#easy-footnote-bottom-20-38477' title='Coste XIV- Table de Mati\u00e8res. Portail (Antoine'><sup>20<\/sup><\/a><\/span>)<\/p>\n<p>Dans le dialogue qu\u2019il a avec les S\u0153urs, au cours de la conf\u00e9rence, du 19 Avril 1650, M. Portail fait allusion aux \u201cdix ou douze ans\u201d qu\u2019il a l\u2019honneur de \u201cservir la Compagnie\u201d<\/p>\n<p>Dans une lettre adress\u00e9e \u00e0 Jacques de la Fosse,<span id='easy-footnote-21-38477' class='easy-footnote-margin-adjust'><\/span><span class='easy-footnote'><a href='http:\/\/vincentians.com\/fr\/le-directeur-provincial-animateur-des-filles-de-la-charite\/#easy-footnote-bottom-21-38477' title='Saint Vincent \u00e0 Jacques de la Fosse, pr\u00eatre de la Mission, \u00e0 Troyes, le 7 f\u00e9vrier 1660-Coste VIII, 237-240'><sup>21<\/sup><\/a><\/span>) pr\u00eatre de la Mission, \u00e0 Troyes, le 7 f\u00e9vrier 1660, saint Vincent explique les raisons pour lesquelles la Compagnie prend soin des Filles de la Charit\u00e9:<\/p>\n<p style=\"padding-left: 30px\"><em>\u201c les Filles de la Charit\u00e9 ne sont pas religieuses, mais des filles qui vont et viennent comme des s\u00e9culiers ; ce sont personnes de paroisses sous la conduite des cur\u00e9s o\u00f9 elles sont \u00e9tablies ; et si nous avons la direction de la maison o\u00f9 elles sont \u00e9lev\u00e9es, c&rsquo;est parce que la conduite de Dieu, pour donner naissance \u00e0 leur petite compagnie, s&rsquo;est servie de la n\u00f4tre ; et vous savez que des m\u00eames choses que Dieu emploie pour donner l&rsquo;\u00eatre aux choses, il s&rsquo;en sert pour les conserver. <\/em>(&#8230;)<\/p>\n<p>Il y a donc cette diff\u00e9rence entre elles et les religieuses, que les religieuses n&rsquo;ont pour fin que leur propre perfection, au lieu que ces filles sont appliqu\u00e9es comme nous au salut et soulagement du prochain ; et si je dis <em>avec nous, <\/em>je ne dirai rien de contraire \u00e0 l&rsquo;Evangile, mais fort conforme \u00e0 l&rsquo;usage de la primitive Eglise, car Notre-Seigneur prenait soin de quelques femmes qui le suivaient, et nous voyons dans le <em>Canon des Ap\u00f4tres <\/em>qu&rsquo;elles administraient les vivres aux fid\u00e8les et qu&rsquo;elles avaient relation aux fonctions apostoliques\u201d.<span id='easy-footnote-22-38477' class='easy-footnote-margin-adjust'><\/span><span class='easy-footnote'><a href='http:\/\/vincentians.com\/fr\/le-directeur-provincial-animateur-des-filles-de-la-charite\/#easy-footnote-bottom-22-38477' title='A Jacques de la Fosse, pr\u00eatre de la Mission, \u00e0 Troyes, le 7 f\u00e9vrier 1660, Coste VIII, 237-240.'><sup>22<\/sup><\/a><\/span>\n<h3><strong><em>Aujourd\u2019hui&#8230;.<\/em><\/strong><strong> <\/strong><\/h3>\n<p>Comme au temps de saint Vincent, les Filles de la Charit\u00e9 sont dans leur ensemble conscientes de l\u2019aide spirituelle que la Congr\u00e9gation de la Mission peut leur apporter:<\/p>\n<p style=\"padding-left: 30px\"><em>\u201c<\/em><em>La direction spirituelle est un moyen efficace de cro\u00eetre dans l\u2019imitation du Christ. Les Filles de la Charit\u00e9 s\u2019adressent pour cela de pr\u00e9f\u00e9rence aux Pr\u00eatres de la Mission qui sont \u00e0 m\u00eame de les aider \u00e0 r\u00e9pondre \u00e0 leur vocation vincentienne.\u201d <\/em>(C 2.13\/ 3.5- St 23)<\/p>\n<p style=\"padding-left: 30px\"><em>\u201cLa Congr\u00e9gation de la Mission accueille volontier le d\u00e9sir des S\u0153urs et la responsabilit\u00e9 que saint Vincent lui a confi\u00e9e. Elle sait que, en aidant les Filles de la Charit\u00e9 \u00e0 se maintenir dans leur esprit propre et \u00e0 rester fid\u00e8les aux exigences de leur vocation, elle prolonge son propre travail apostolique dans le service des pauvres, comme St Vincent l\u2019en assure: \u201cfaire par leur mains ce que nous ne pouvons pas faire par les n\u00f4tres\u201d<\/em><\/p>\n<p style=\"padding-left: 30px\"><em>\u201cLes missionnaires auxquels est confi\u00e9 le minist\u00e8re aupr\u00e8s des Filles de la Charit\u00e9 savent parfaitement que, en s\u2019en acquittant,&#8230; ils r\u00e9alisent les d\u00e9sirs de Saint Vincent et de Sainte Louise et agissent en conformit\u00e9 avec un aspect tr\u00e8s important de leur vocation. Ils sont \u00e9galement conscients de la richesse spirituelle qu\u2019ils re\u00e7oivent des Soeurs.\u201d<\/em><span id='easy-footnote-23-38477' class='easy-footnote-margin-adjust'><\/span><span class='easy-footnote'><a href='http:\/\/vincentians.com\/fr\/le-directeur-provincial-animateur-des-filles-de-la-charite\/#easy-footnote-bottom-23-38477' title='Directoire pour les Directeurs Provinciaux 1985\/ pp.3 et 4.'><sup>23<\/sup><\/a><\/span>\n<h2><strong>3. Le Directeur des Filles de la Charit\u00e9, \u201canimateur\u201d<\/strong><\/h2>\n<h3><strong>Les visites aux communaut\u00e9s<\/strong><\/h3>\n<p><em> <\/em>&#8211; Visites du Directeur et animation communautaire. Le Directeur Provincial, <em>\u201cfait la visite des Communaut\u00e9s locales<\/em> demand\u00e9es par l\u2019\u00c9glise. (C 3.38\/\u00cc &#8211; Canon 628\/)<\/p>\n<h3><strong><em>Un temps&#8230;<\/em><\/strong><\/h3>\n<p>La Visite,\u201cdoit \u00eatre un moment de mise au point et d\u2019animation sur le plan personnel et communautaire. \u201cElle porte sur l\u2019aspect spirituel et vincentien de la vie des Soeurs\u201d(St 46).<span id='easy-footnote-24-38477' class='easy-footnote-margin-adjust'><\/span><span class='easy-footnote'><a href='http:\/\/vincentians.com\/fr\/le-directeur-provincial-animateur-des-filles-de-la-charite\/#easy-footnote-bottom-24-38477' title='Cf Le Directoire pour les Directeurs Provinciaux, num\u00e9ros 55 \u00e0 58.'><sup>24<\/sup><\/a><\/span> Pour la Visite, il est pr\u00e9vu, autant que possible:<\/p>\n<ol>\n<li>Une pr\u00e9paration convenable. Une re-lecture et v\u00e9rification du projet Communautaire. \u00c9change sur un sch\u00e9ma appropi\u00e9 ;<\/li>\n<li>\u00c9coute de toutes les S\u0153urs individuellement, avec moements de pri\u00e8re, de r\u00e9vision de vie communautaire. (Proposer une grille de r\u00e9flexion pour la rencontre individuelle avec les S\u0153urs);<\/li>\n<li>La cl\u00f4ture de la visite&#8230; avec une c\u00e9l\u00e9bration communautaire ;<\/li>\n<li>Une nouvelle rencontre, quand c\u2019est possible, quelque temps apr\u00e8s avec la communaut\u00e9 visit\u00e9e.<\/li>\n<\/ol>\n<p style=\"padding-left: 30px\"><em>\u201cOutre les visites officielles(canoniques), le directeur se pr\u00e9occupera de faire d\u2019autres visites informelles pour se rendre compte de l\u2019\u00e9volution et du climat d\u2019une maison, pour rencontrer les Soeurs, pour participer, si on l\u2019y invite, \u00e0 une r\u00e9flexion communautaire ou \u00e0 une r\u00e9flexion plus approfondie sur tel ou tel sujet\u201d <\/em>(Directoire, n\u00ba 58)<\/p>\n<h3><strong><em>Un lieu.<\/em><\/strong><\/h3>\n<p>La Communaut\u00e9 locale que le directeur visite, est le lieu o\u00fa l\u2019esprit de la Compagnie est v\u00e9cu:<\/p>\n<p style=\"padding-left: 30px\"><em>\u201cLes Fondateurs ont vu dans la vie fraternelle un des soutiens essentiels de la vocation des Filles de la Charit\u00e9. Cette vie commune et fraternelle est men\u00e9 dans la Communaut\u00e9 locale, o\u00fa les Soeurs collaborent dans la foi et la joie, t\u00e9moignent de J\u00e9sus-Christ et se ressourcent continuellement en vue de la mission\u201d <\/em>( C 1.6)<\/p>\n<p>La Soeur Servante re\u00e7oit la mission d\u2019animer la communaut\u00e9 locale (cf C 2.24\/ 3.45) Ce service r\u00e9side dans l\u2019animation de la vie spirituelle, apostolique et communautaire des S\u0153urs.<span id='easy-footnote-25-38477' class='easy-footnote-margin-adjust'><\/span><span class='easy-footnote'><a href='http:\/\/vincentians.com\/fr\/le-directeur-provincial-animateur-des-filles-de-la-charite\/#easy-footnote-bottom-25-38477' title='F. Quintano La Soeur Servante animatrice De quoi? Comment?. En &lt;em&gt;\u00c9chos&lt;\/em&gt; n\u00ba 12 D\u00e9cembre 2000, pp. 407-418'><sup>25<\/sup><\/a><\/span>\n<p>Par ailleurs, la Constitution 3.38\/\u00ad souligne, la collaboration du directeur provincial \u00ab\u00e0 l\u2019organisation de tout ce qui concerne la formation spirituelle des S\u0153urs, en particulier des S\u0153urs Servantes. \u00bb<\/p>\n<p>La Communaut\u00e9 locale, peut \u00eatre aussi un lieu privil\u00e9gi\u00e9 d\u2019animation pour le directeur provincial dans le cadre de sa mission.<\/p>\n<p><em> <\/em>Le directeur aide la Soeur Servante \u00e0 \u00eatre animatrice des Soeurs, \u00ab toutes donn\u00e9es `Dieu pour le Service des pauvres dans une continuelle et croissante radicalit\u00e9 \u00e0 suivre le Christ selon le charisme propre:<\/p>\n<p style=\"padding-left: 30px\"><em>\u00ab animatrice de communion, du service communautaire et ecclesiale animatrice dans l\u2019\u00e9coute et l\u2019attention aux personnes&#8230;<\/em> (Directoire n\u00ba36 \u00e0 39)<\/p>\n<p>Pour les S\u0153urs, en g\u00e9n\u00e9ral, le directeur, \u00ab les aide \u00e0 \u00eatre de vraies servantes de Pauvres restant \u00e0 l\u2019\u00e9coute de leurs nouveaux appels et d\u00e9passant toutes les tentations de routine et d\u2019immobilisme( Directoire n\u00ba 43)<\/p>\n<p>&#8211;<strong>Visites<\/strong> du directeur: collaboration et formation \u00e0 l\u2019animation communautaire<\/p>\n<p><em> <\/em>Les Visites du directeur aux Communaut\u00e9s locales sont des occasions privil\u00e9gi\u00e9es pour une animation,en collaboration avec la S\u0153ur Servante, \u00e0 la vie spirituelle, fraternelle et apostolique des S\u0153urs.<\/p>\n<p>Les Constitutions soulignent l\u2019\u00e9troite relation existante entre ces trois dimensions de la vie d\u2019une fille de la charit\u00e9. Le service \u201cnourrit leur contemplation et donne sens \u00e0 leur vie communautaire, de m\u00eame que leur relation \u00e0 Dieu et leur vie fraternelle en commun ranime sans cesse leur engagement apostolique\u201d (C 2. 1\/3)<\/p>\n<p>Une animation sur le terrain communautaire local, c\u2019est un bon moyen pour que par \u201cune connaissance \u00e0 l\u2019oeil\u201d, de la Mission des S\u0153urs, le directeur \u201c aide les S\u0153urs \u00e0 grandir dans leur vocation\u201d conformement au service qui lui est demand\u00e9.<\/p>\n<p>Recr\u00e9er des Communaut\u00e9s enracin\u00e9es en J\u00e9sus Christ&#8230; qui partagent l\u2019exp\u00e9rience de Dieu, &#8230; qui vivent la communion dans le dialogue et le <em>discernement,<\/em> &#8230;en attitude de servantes, mobilis\u00e9es par <em>des projet communautaires<\/em> cr\u00e9atifs, r\u00e9alistes, exigeants et \u00e9valuable. ( Feu Nouveau 1997)<\/p>\n<p>Le directeur provincial est souvent sollicit\u00e9 par les S\u0153urs Servantes pour former et animer les Communaut\u00e9s dans la pratique de la R\u00e9flexion et Apostolique et l\u2019\u00e9laboration du Projet Communautaire.<\/p>\n<p>Cette animation sur le terrain demand\u00e9e par les S\u0153urs, est un moyen pour vitaliser les Communaut\u00e9 dans l\u2019Esprit de derni\u00e8res Assembl\u00e9es G\u00e9n\u00e9rales et les Constitutions:<\/p>\n<p style=\"padding-left: 30px\"><em>\u201c La R\u00e9flexion Apostolique permet aux Filles de la Charit\u00e9 de mieux discerner l\u2019action de Dieu dans le coeur et la vie des hommes.\u201d <\/em>(C.2.9 \/Statut 5).<\/p>\n<p style=\"padding-left: 30px\"><em>\u00ab Nous nous engageons sur la voie du discernement, par la R\u00e9flexion Apostolique \u00bb<\/em> (Au Puits de Jacob\/ Assembl\u00e9e G\u00e9n\u00e9rale 1991.<\/p>\n<p style=\"padding-left: 30px\"><em>\u201cPour assurer la vitalit\u00e9 de son service du Christ dans les Pauvres, en r\u00e9f\u00e9rence \u00e0 la mission confi\u00e9e par l\u2019\u00c9glise locale et la Province, chaque Communaut\u00e9 \u00e9tablit son projet de vie.\u201d <\/em>(C 3.46).<\/p>\n","protected":false},"excerpt":{"rendered":"<p>Dans les Constitutions des Filles de la Charit\u00e9, nous trouvons \u00e0 l\u2019article 3.38: le Directeur Provincial est un pr\u00eatre de la Congr\u00e9gation de la Mission, nomm\u00e9 par le Sup\u00e9rieur G\u00e9n\u00e9ral; \u201cil partage avec la Visitatrice &#8230; <a href=\"http:\/\/vincentians.com\/fr\/le-directeur-provincial-animateur-des-filles-de-la-charite\/\" class=\"more-link\">Read More<\/a><\/p>\n","protected":false},"author":4,"featured_media":103825,"comment_status":"open","ping_status":"open","sticky":false,"template":"","format":"standard","meta":{"jetpack_post_was_ever_published":false,"_jetpack_newsletter_access":"","_jetpack_dont_email_post_to_subs":false,"_jetpack_newsletter_tier_id":0,"_jetpack_memberships_contains_paywalled_content":false,"_jetpack_memberships_contains_paid_content":false,"footnotes":"","jetpack_publicize_message":"","jetpack_publicize_feature_enabled":true,"jetpack_social_post_already_shared":true,"jetpack_social_options":{"image_generator_settings":{"template":"highway","default_image_id":0,"font":"","enabled":false},"version":2}},"categories":[124,125],"tags":[],"class_list":["post-38477","post","type-post","status-publish","format-standard","has-post-thumbnail","hentry","category-congregation-de-la-mission","category-filles-de-la-charite"],"yoast_head":"<!-- This site is optimized with the Yoast SEO plugin v26.3 - https:\/\/yoast.com\/wordpress\/plugins\/seo\/ -->\n<title>Le Directeur Provincial \u201canimateur\u201d des Filles de la Charit\u00e9 - Nous Sommes Vincentiens<\/title>\n<meta name=\"robots\" content=\"index, follow, max-snippet:-1, max-image-preview:large, max-video-preview:-1\" \/>\n<link rel=\"canonical\" href=\"https:\/\/vincentians.com\/fr\/le-directeur-provincial-animateur-des-filles-de-la-charite\/\" \/>\n<meta property=\"og:locale\" content=\"fr_FR\" \/>\n<meta property=\"og:type\" content=\"article\" \/>\n<meta property=\"og:title\" content=\"Le Directeur Provincial \u201canimateur\u201d des Filles de la Charit\u00e9 - Nous Sommes Vincentiens\" \/>\n<meta property=\"og:description\" content=\"Dans les Constitutions des Filles de la Charit\u00e9, nous trouvons \u00e0 l\u2019article 3.38: le Directeur Provincial est un pr\u00eatre de la Congr\u00e9gation de la Mission, nomm\u00e9 par le Sup\u00e9rieur G\u00e9n\u00e9ral; \u201cil partage avec la Visitatrice ... Read More\" \/>\n<meta property=\"og:url\" content=\"https:\/\/vincentians.com\/fr\/le-directeur-provincial-animateur-des-filles-de-la-charite\/\" \/>\n<meta property=\"og:site_name\" content=\"Nous Sommes Vincentiens\" \/>\n<meta property=\"article:publisher\" content=\"https:\/\/www.facebook.com\/WeAreVincentians\/\" \/>\n<meta property=\"article:author\" content=\"https:\/\/www.facebook.com\/JavierChento\" \/>\n<meta property=\"article:published_time\" content=\"2012-10-03T05:01:45+00:00\" \/>\n<meta name=\"author\" content=\"Francisco Javier Fern\u00e1ndez Chento\" \/>\n<meta name=\"twitter:card\" content=\"summary_large_image\" \/>\n<meta name=\"twitter:creator\" content=\"@https:\/\/twitter.com\/javierchento\" \/>\n<meta name=\"twitter:site\" content=\"@WeVincentians\" \/>\n<meta name=\"twitter:label1\" content=\"\u00c9crit par\" \/>\n\t<meta name=\"twitter:data1\" content=\"Francisco Javier Fern\u00e1ndez Chento\" \/>\n\t<meta name=\"twitter:label2\" content=\"Dur\u00e9e de lecture estim\u00e9e\" \/>\n\t<meta name=\"twitter:data2\" content=\"21 minutes\" \/>\n<script type=\"application\/ld+json\" class=\"yoast-schema-graph\">{\"@context\":\"https:\/\/schema.org\",\"@graph\":[{\"@type\":\"WebPage\",\"@id\":\"https:\/\/vincentians.com\/fr\/le-directeur-provincial-animateur-des-filles-de-la-charite\/\",\"url\":\"https:\/\/vincentians.com\/fr\/le-directeur-provincial-animateur-des-filles-de-la-charite\/\",\"name\":\"Le Directeur Provincial \u201canimateur\u201d des Filles de la Charit\u00e9 - Nous Sommes Vincentiens\",\"isPartOf\":{\"@id\":\"http:\/\/vincentians.com\/fr\/#website\"},\"primaryImageOfPage\":{\"@id\":\"https:\/\/vincentians.com\/fr\/le-directeur-provincial-animateur-des-filles-de-la-charite\/#primaryimage\"},\"image\":{\"@id\":\"https:\/\/vincentians.com\/fr\/le-directeur-provincial-animateur-des-filles-de-la-charite\/#primaryimage\"},\"thumbnailUrl\":\"\",\"datePublished\":\"2012-10-03T05:01:45+00:00\",\"author\":{\"@id\":\"http:\/\/vincentians.com\/fr\/#\/schema\/person\/9623ef4d9aa3b2dfb8c061f1499288f2\"},\"breadcrumb\":{\"@id\":\"https:\/\/vincentians.com\/fr\/le-directeur-provincial-animateur-des-filles-de-la-charite\/#breadcrumb\"},\"inLanguage\":\"fr-FR\",\"potentialAction\":[{\"@type\":\"ReadAction\",\"target\":[\"https:\/\/vincentians.com\/fr\/le-directeur-provincial-animateur-des-filles-de-la-charite\/\"]}]},{\"@type\":\"ImageObject\",\"inLanguage\":\"fr-FR\",\"@id\":\"https:\/\/vincentians.com\/fr\/le-directeur-provincial-animateur-des-filles-de-la-charite\/#primaryimage\",\"url\":\"\",\"contentUrl\":\"\"},{\"@type\":\"BreadcrumbList\",\"@id\":\"https:\/\/vincentians.com\/fr\/le-directeur-provincial-animateur-des-filles-de-la-charite\/#breadcrumb\",\"itemListElement\":[{\"@type\":\"ListItem\",\"position\":1,\"name\":\"Portada\",\"item\":\"http:\/\/vincentians.com\/fr\/\"},{\"@type\":\"ListItem\",\"position\":2,\"name\":\"Le Directeur Provincial \u201canimateur\u201d des Filles de la Charit\u00e9\"}]},{\"@type\":\"WebSite\",\"@id\":\"http:\/\/vincentians.com\/fr\/#website\",\"url\":\"http:\/\/vincentians.com\/fr\/\",\"name\":\"Nous Sommes Vincentiens\",\"description\":\"Know more to serve more\",\"potentialAction\":[{\"@type\":\"SearchAction\",\"target\":{\"@type\":\"EntryPoint\",\"urlTemplate\":\"http:\/\/vincentians.com\/fr\/?s={search_term_string}\"},\"query-input\":{\"@type\":\"PropertyValueSpecification\",\"valueRequired\":true,\"valueName\":\"search_term_string\"}}],\"inLanguage\":\"fr-FR\"},{\"@type\":\"Person\",\"@id\":\"http:\/\/vincentians.com\/fr\/#\/schema\/person\/9623ef4d9aa3b2dfb8c061f1499288f2\",\"name\":\"Francisco Javier Fern\u00e1ndez Chento\",\"image\":{\"@type\":\"ImageObject\",\"inLanguage\":\"fr-FR\",\"@id\":\"http:\/\/vincentians.com\/fr\/#\/schema\/person\/image\/\",\"url\":\"https:\/\/secure.gravatar.com\/avatar\/497d5cde87b4c3d097d0315953521681ba2cd523ee66e5077c3711f7021e65de?s=96&d=mm&r=g\",\"contentUrl\":\"https:\/\/secure.gravatar.com\/avatar\/497d5cde87b4c3d097d0315953521681ba2cd523ee66e5077c3711f7021e65de?s=96&d=mm&r=g\",\"caption\":\"Francisco Javier Fern\u00e1ndez Chento\"},\"description\":\"Director General y cofundador de La Red de Formaci\u00f3n Vicenciana. Javier es laico vicenciano, afiliado a la Congregaci\u00f3n de la Misi\u00f3n y miembro del Equipo de Misiones Populares de la provincia can\u00f3nica de Zaragoza (Espa\u00f1a) de la Congregaci\u00f3n de la Misi\u00f3n. Graduado en la Universidad Oberta de Catalunya con cuatro grados (Asistente de direcci\u00f3n, Gesti\u00f3n Administrativa, Recursos Humanos y Contabilidad Avanzada). Bil\u00edng\u00fce Espa\u00f1ol\/Ingl\u00e9s. gestiona y mantiene varias p\u00e1ginas web cristianas y vicencianas, incluida including La Red de Formaci\u00f3n Vicenciana, de la que es cofundador. Actualmente es responsable del \u00e1rea de Espa\u00f1ol de .famvin, la Red de Noticias de la Familia Vicenciana. Tambi\u00e9n es m\u00fasico cat\u00f3lico y ha editado varios discos. Es Director General y cofundador de Trovador, una reconocida compa\u00f1\u00eda discogr\u00e1fica critiana de Espa\u00f1a. Trabaja en las Tecnolog\u00edas de la Informaci\u00f3n, ofreciendo servicios de alojamiento, dise\u00f1o y mantenimiento Web, as\u00ed como asesoramiento, formaci\u00f3n y soluciones inform\u00e1ticas, gesti\u00f3n documental y digitalizaci\u00f3n de textos, edici\u00f3n y maquetaci\u00f3n de libros, revistas, flyers, etc.\",\"sameAs\":[\"http:\/\/chento.org\",\"https:\/\/www.facebook.com\/JavierChento\",\"https:\/\/x.com\/https:\/\/twitter.com\/javierchento\"],\"url\":\"http:\/\/vincentians.com\/fr\/author\/chento\/\"}]}<\/script>\n<!-- \/ Yoast SEO plugin. -->","yoast_head_json":{"title":"Le Directeur Provincial \u201canimateur\u201d des Filles de la Charit\u00e9 - Nous Sommes Vincentiens","robots":{"index":"index","follow":"follow","max-snippet":"max-snippet:-1","max-image-preview":"max-image-preview:large","max-video-preview":"max-video-preview:-1"},"canonical":"https:\/\/vincentians.com\/fr\/le-directeur-provincial-animateur-des-filles-de-la-charite\/","og_locale":"fr_FR","og_type":"article","og_title":"Le Directeur Provincial \u201canimateur\u201d des Filles de la Charit\u00e9 - Nous Sommes Vincentiens","og_description":"Dans les Constitutions des Filles de la Charit\u00e9, nous trouvons \u00e0 l\u2019article 3.38: le Directeur Provincial est un pr\u00eatre de la Congr\u00e9gation de la Mission, nomm\u00e9 par le Sup\u00e9rieur G\u00e9n\u00e9ral; \u201cil partage avec la Visitatrice ... Read More","og_url":"https:\/\/vincentians.com\/fr\/le-directeur-provincial-animateur-des-filles-de-la-charite\/","og_site_name":"Nous Sommes Vincentiens","article_publisher":"https:\/\/www.facebook.com\/WeAreVincentians\/","article_author":"https:\/\/www.facebook.com\/JavierChento","article_published_time":"2012-10-03T05:01:45+00:00","author":"Francisco Javier Fern\u00e1ndez Chento","twitter_card":"summary_large_image","twitter_creator":"@https:\/\/twitter.com\/javierchento","twitter_site":"@WeVincentians","twitter_misc":{"\u00c9crit par":"Francisco Javier Fern\u00e1ndez Chento","Dur\u00e9e de lecture estim\u00e9e":"21 minutes"},"schema":{"@context":"https:\/\/schema.org","@graph":[{"@type":"WebPage","@id":"https:\/\/vincentians.com\/fr\/le-directeur-provincial-animateur-des-filles-de-la-charite\/","url":"https:\/\/vincentians.com\/fr\/le-directeur-provincial-animateur-des-filles-de-la-charite\/","name":"Le Directeur Provincial \u201canimateur\u201d des Filles de la Charit\u00e9 - Nous Sommes Vincentiens","isPartOf":{"@id":"http:\/\/vincentians.com\/fr\/#website"},"primaryImageOfPage":{"@id":"https:\/\/vincentians.com\/fr\/le-directeur-provincial-animateur-des-filles-de-la-charite\/#primaryimage"},"image":{"@id":"https:\/\/vincentians.com\/fr\/le-directeur-provincial-animateur-des-filles-de-la-charite\/#primaryimage"},"thumbnailUrl":"","datePublished":"2012-10-03T05:01:45+00:00","author":{"@id":"http:\/\/vincentians.com\/fr\/#\/schema\/person\/9623ef4d9aa3b2dfb8c061f1499288f2"},"breadcrumb":{"@id":"https:\/\/vincentians.com\/fr\/le-directeur-provincial-animateur-des-filles-de-la-charite\/#breadcrumb"},"inLanguage":"fr-FR","potentialAction":[{"@type":"ReadAction","target":["https:\/\/vincentians.com\/fr\/le-directeur-provincial-animateur-des-filles-de-la-charite\/"]}]},{"@type":"ImageObject","inLanguage":"fr-FR","@id":"https:\/\/vincentians.com\/fr\/le-directeur-provincial-animateur-des-filles-de-la-charite\/#primaryimage","url":"","contentUrl":""},{"@type":"BreadcrumbList","@id":"https:\/\/vincentians.com\/fr\/le-directeur-provincial-animateur-des-filles-de-la-charite\/#breadcrumb","itemListElement":[{"@type":"ListItem","position":1,"name":"Portada","item":"http:\/\/vincentians.com\/fr\/"},{"@type":"ListItem","position":2,"name":"Le Directeur Provincial \u201canimateur\u201d des Filles de la Charit\u00e9"}]},{"@type":"WebSite","@id":"http:\/\/vincentians.com\/fr\/#website","url":"http:\/\/vincentians.com\/fr\/","name":"Nous Sommes Vincentiens","description":"Know more to serve more","potentialAction":[{"@type":"SearchAction","target":{"@type":"EntryPoint","urlTemplate":"http:\/\/vincentians.com\/fr\/?s={search_term_string}"},"query-input":{"@type":"PropertyValueSpecification","valueRequired":true,"valueName":"search_term_string"}}],"inLanguage":"fr-FR"},{"@type":"Person","@id":"http:\/\/vincentians.com\/fr\/#\/schema\/person\/9623ef4d9aa3b2dfb8c061f1499288f2","name":"Francisco Javier Fern\u00e1ndez Chento","image":{"@type":"ImageObject","inLanguage":"fr-FR","@id":"http:\/\/vincentians.com\/fr\/#\/schema\/person\/image\/","url":"https:\/\/secure.gravatar.com\/avatar\/497d5cde87b4c3d097d0315953521681ba2cd523ee66e5077c3711f7021e65de?s=96&d=mm&r=g","contentUrl":"https:\/\/secure.gravatar.com\/avatar\/497d5cde87b4c3d097d0315953521681ba2cd523ee66e5077c3711f7021e65de?s=96&d=mm&r=g","caption":"Francisco Javier Fern\u00e1ndez Chento"},"description":"Director General y cofundador de La Red de Formaci\u00f3n Vicenciana. Javier es laico vicenciano, afiliado a la Congregaci\u00f3n de la Misi\u00f3n y miembro del Equipo de Misiones Populares de la provincia can\u00f3nica de Zaragoza (Espa\u00f1a) de la Congregaci\u00f3n de la Misi\u00f3n. Graduado en la Universidad Oberta de Catalunya con cuatro grados (Asistente de direcci\u00f3n, Gesti\u00f3n Administrativa, Recursos Humanos y Contabilidad Avanzada). Bil\u00edng\u00fce Espa\u00f1ol\/Ingl\u00e9s. gestiona y mantiene varias p\u00e1ginas web cristianas y vicencianas, incluida including La Red de Formaci\u00f3n Vicenciana, de la que es cofundador. Actualmente es responsable del \u00e1rea de Espa\u00f1ol de .famvin, la Red de Noticias de la Familia Vicenciana. Tambi\u00e9n es m\u00fasico cat\u00f3lico y ha editado varios discos. Es Director General y cofundador de Trovador, una reconocida compa\u00f1\u00eda discogr\u00e1fica critiana de Espa\u00f1a. Trabaja en las Tecnolog\u00edas de la Informaci\u00f3n, ofreciendo servicios de alojamiento, dise\u00f1o y mantenimiento Web, as\u00ed como asesoramiento, formaci\u00f3n y soluciones inform\u00e1ticas, gesti\u00f3n documental y digitalizaci\u00f3n de textos, edici\u00f3n y maquetaci\u00f3n de libros, revistas, flyers, etc.","sameAs":["http:\/\/chento.org","https:\/\/www.facebook.com\/JavierChento","https:\/\/x.com\/https:\/\/twitter.com\/javierchento"],"url":"http:\/\/vincentians.com\/fr\/author\/chento\/"}]}},"jetpack_publicize_connections":[],"jetpack_featured_media_url":"","jetpack_sharing_enabled":true,"jetpack_shortlink":"https:\/\/wp.me\/p7ETMP-a0B","jetpack-related-posts":[{"id":39762,"url":"http:\/\/vincentians.com\/fr\/lidentite-de-la-fille-de-la-charite-elements-caracteristiques-et-distinctifs-comment-la-fdlc-peut-elle-la-vivre-aujourdhui\/","url_meta":{"origin":38477,"position":0},"title":"L\u2019identit\u00e9 de la Fille de la Charit\u00e9: \u00c9l\u00e9ments caract\u00e9ristiques et distinctifs. Comment la FdlC peut-elle la vivre aujourd\u2019hui?","author":"Francisco Javier Fern\u00e1ndez Chento","date":"05\/10\/2012","format":false,"excerpt":"Introduction Aujourd\u2019hui, les id\u00e9ologies rationalistes et totalitaires sont en partie tomb\u00e9es, et les grands progr\u00e8s scientifiques et techniques r\u00e9alis\u00e9s offrent sans aucun doute \u00e0 notre monde d\u2019immenses possibilit\u00e9s. Les progr\u00e8s mat\u00e9riels donnent lieu \u00e0 l\u2019am\u00e9lioration des conditions de vie de l\u2019humanit\u00e9 dans diff\u00e9rents domaines de la sant\u00e9, de l\u2019\u00e9ducation et\u2026","rel":"","context":"Dans &quot;Filles de la Charit\u00e9&quot;","block_context":{"text":"Filles de la Charit\u00e9","link":"http:\/\/vincentians.com\/fr\/category\/filles-de-la-charite\/"},"img":{"alt_text":"","src":"https:\/\/i0.wp.com\/vincentiens.org\/wp-content\/uploads\/2011\/05\/cruz_sv-212x300.jpg?resize=350%2C200","width":350,"height":200},"classes":[]},{"id":52068,"url":"http:\/\/vincentians.com\/fr\/saint-vincent-de-paul-et-sa-mission-sociale-vi-la-posterite-1\/","url_meta":{"origin":38477,"position":1},"title":"Saint Vincent De Paul Et Sa Mission Sociale. VI &#8211; La Post\u00e9rit\u00e9 (1)","author":"Francisco Javier Fern\u00e1ndez Chento","date":"30\/12\/2014","format":false,"excerpt":"L\u2019ACCROISSEMENT. \u2014 Extension des deux familles de saint Vincent de Paul. \u2014 Progr\u00e8s de leurs \u0153uvres. \u2014 Les missions \u00e9trang\u00e8res et les s\u00e9minaires. \u2014 Les successeurs de saint Vincent. \u2014 Congr\u00e9gations religieuses fond\u00e9es sur le mod\u00e8le de la Mission. \u2014 Les Filles de la Charit\u00e9 en France et \u00e0 l\u2019\u00e9tranger.\u2026","rel":"","context":"Dans &quot;Vincent de Paul&quot;","block_context":{"text":"Vincent de Paul","link":"http:\/\/vincentians.com\/fr\/category\/the-vincentian-family\/founders\/vincent-de-paul\/"},"img":{"alt_text":"","src":"https:\/\/i0.wp.com\/vincentians.com\/fr\/wp-content\/uploads\/sites\/10\/2016\/07\/vincent-et-sa-action-sociale.jpg?fit=1160%2C630&resize=350%2C200","width":350,"height":200,"srcset":"https:\/\/i0.wp.com\/vincentians.com\/fr\/wp-content\/uploads\/sites\/10\/2016\/07\/vincent-et-sa-action-sociale.jpg?fit=1160%2C630&resize=350%2C200 1x, https:\/\/i0.wp.com\/vincentians.com\/fr\/wp-content\/uploads\/sites\/10\/2016\/07\/vincent-et-sa-action-sociale.jpg?fit=1160%2C630&resize=525%2C300 1.5x, https:\/\/i0.wp.com\/vincentians.com\/fr\/wp-content\/uploads\/sites\/10\/2016\/07\/vincent-et-sa-action-sociale.jpg?fit=1160%2C630&resize=700%2C400 2x, https:\/\/i0.wp.com\/vincentians.com\/fr\/wp-content\/uploads\/sites\/10\/2016\/07\/vincent-et-sa-action-sociale.jpg?fit=1160%2C630&resize=1050%2C600 3x"},"classes":[]},{"id":52038,"url":"http:\/\/vincentians.com\/fr\/saint-vincent-de-paul-et-sa-mission-sociale-ii-les-oeuvres-3\/","url_meta":{"origin":38477,"position":2},"title":"Saint Vincent De Paul Et Sa Mission Sociale. II &#8211; Les \u0152uvres (3)","author":"Francisco Javier Fern\u00e1ndez Chento","date":"23\/12\/2014","format":false,"excerpt":"LA S\u0152UR DE CHARIT\u00c9. \u2014 Mademoiselle Le Gras et Vincent de Paul. \u2014 Premiers rapports ; premi\u00e8res \u0153uvres. \u2014 Institution des Filles de la Charit\u00e9, servantes des pauvres. \u2014 Une nouvelle religieuse. \u2014 Conf\u00e9rences. \u2014 R\u00e8gles. \u2014 L\u2019H\u00f4tel de Rambouillet et l\u2019H\u00f4tel-Dieu. \u2014 Les Dames de la Charit\u00e9. Madame Goussault.\u2026","rel":"","context":"Dans &quot;Vincent de Paul&quot;","block_context":{"text":"Vincent de Paul","link":"http:\/\/vincentians.com\/fr\/category\/the-vincentian-family\/founders\/vincent-de-paul\/"},"img":{"alt_text":"","src":"https:\/\/i0.wp.com\/vincentians.com\/fr\/wp-content\/uploads\/sites\/10\/2016\/07\/vincent-et-sa-action-sociale.jpg?fit=1160%2C630&resize=350%2C200","width":350,"height":200,"srcset":"https:\/\/i0.wp.com\/vincentians.com\/fr\/wp-content\/uploads\/sites\/10\/2016\/07\/vincent-et-sa-action-sociale.jpg?fit=1160%2C630&resize=350%2C200 1x, https:\/\/i0.wp.com\/vincentians.com\/fr\/wp-content\/uploads\/sites\/10\/2016\/07\/vincent-et-sa-action-sociale.jpg?fit=1160%2C630&resize=525%2C300 1.5x, https:\/\/i0.wp.com\/vincentians.com\/fr\/wp-content\/uploads\/sites\/10\/2016\/07\/vincent-et-sa-action-sociale.jpg?fit=1160%2C630&resize=700%2C400 2x, https:\/\/i0.wp.com\/vincentians.com\/fr\/wp-content\/uploads\/sites\/10\/2016\/07\/vincent-et-sa-action-sociale.jpg?fit=1160%2C630&resize=1050%2C600 3x"},"classes":[]},{"id":52033,"url":"http:\/\/vincentians.com\/fr\/saint-vincent-de-paul-et-sa-mission-sociale-ii-les-oeuvres-1\/","url_meta":{"origin":38477,"position":3},"title":"Saint Vincent De Paul Et Sa Mission Sociale. II &#8211; Les \u0152uvres (1)","author":"Francisco Javier Fern\u00e1ndez Chento","date":"21\/12\/2014","format":false,"excerpt":"LES CONFR\u00c9RIES DE LA CHARIT\u00c9. Organisation et d\u00e9veloppement de la confr\u00e9rie de la Charit\u00e9. \u2014 Les domaines du seigneur de Gondi. \u2014 Premi\u00e8re id\u00e9e de la congr\u00e9gation de la Mission. \u2014 Vincent de Paul devient aum\u00f4nier royal des gal\u00e8res et sup\u00e9rieur des religieuses de la Visitation. \u2014 Saint Fran\u00e7ois de\u2026","rel":"","context":"Dans &quot;Vincent de Paul&quot;","block_context":{"text":"Vincent de Paul","link":"http:\/\/vincentians.com\/fr\/category\/the-vincentian-family\/founders\/vincent-de-paul\/"},"img":{"alt_text":"","src":"https:\/\/i0.wp.com\/vincentians.com\/fr\/wp-content\/uploads\/sites\/10\/2016\/07\/vincent-et-sa-action-sociale.jpg?fit=1160%2C630&resize=350%2C200","width":350,"height":200,"srcset":"https:\/\/i0.wp.com\/vincentians.com\/fr\/wp-content\/uploads\/sites\/10\/2016\/07\/vincent-et-sa-action-sociale.jpg?fit=1160%2C630&resize=350%2C200 1x, https:\/\/i0.wp.com\/vincentians.com\/fr\/wp-content\/uploads\/sites\/10\/2016\/07\/vincent-et-sa-action-sociale.jpg?fit=1160%2C630&resize=525%2C300 1.5x, https:\/\/i0.wp.com\/vincentians.com\/fr\/wp-content\/uploads\/sites\/10\/2016\/07\/vincent-et-sa-action-sociale.jpg?fit=1160%2C630&resize=700%2C400 2x, https:\/\/i0.wp.com\/vincentians.com\/fr\/wp-content\/uploads\/sites\/10\/2016\/07\/vincent-et-sa-action-sociale.jpg?fit=1160%2C630&resize=1050%2C600 3x"},"classes":[]},{"id":41345,"url":"http:\/\/vincentians.com\/fr\/la-spiritualite-de-la-fille-de-la-charite\/","url_meta":{"origin":38477,"position":4},"title":"La Spiritualit\u00e9 de la Fille de la Charit\u00e9","author":"Francisco Javier Fern\u00e1ndez Chento","date":"17\/11\/2013","format":false,"excerpt":"Il m\u2019a \u00e9t\u00e9 demand\u00e9 de pr\u00e9senter la spiritualit\u00e9 de la FdlC et comment vivre aujourd\u2019hui la spiritualit\u00e9 de la Compagnie? Je n\u2019ai pas la pr\u00e9tention de faire un expos\u00e9 fondamental sur la spiritualit\u00e9 de la FdlC. Je vais vous partager tout simplement ma mani\u00e8re de pr\u00e9senter notre spiritualit\u00e9 aux jeunes\u2026","rel":"","context":"Dans &quot;Filles de la Charit\u00e9&quot;","block_context":{"text":"Filles de la Charit\u00e9","link":"http:\/\/vincentians.com\/fr\/category\/filles-de-la-charite\/"},"img":{"alt_text":"","src":"https:\/\/i0.wp.com\/vincentiens.org\/wp-content\/uploads\/2011\/05\/cruz_sv-212x300.jpg?resize=350%2C200","width":350,"height":200},"classes":[]},{"id":52072,"url":"http:\/\/vincentians.com\/fr\/saint-vincent-de-paul-et-sa-mission-sociale-vi-la-posterite-3\/","url_meta":{"origin":38477,"position":5},"title":"Saint Vincent De Paul Et Sa Mission Sociale. VI &#8211; La Post\u00e9rit\u00e9 (3)","author":"Francisco Javier Fern\u00e1ndez Chento","date":"01\/01\/2015","format":false,"excerpt":"LA RESTAURATION. \u2014 R\u00e9sultats de la R\u00e9volution. \u2014 Le retour des Filles de la Charit\u00e9. \u2014 R\u00e9tablissement de la Congr\u00e9gation de la Mission. \u2014 \u00c9preuves et progr\u00e8s. \u2014 La translation du corps de saint Vincent de Paul. \u2014 Une \u00e8re nouvelle de charit\u00e9. \u2014 La Soci\u00e9t\u00e9 de Saint-Vincent-de-Paul. \u2014 \u0152uvres\u2026","rel":"","context":"Dans &quot;Vincent de Paul&quot;","block_context":{"text":"Vincent de Paul","link":"http:\/\/vincentians.com\/fr\/category\/the-vincentian-family\/founders\/vincent-de-paul\/"},"img":{"alt_text":"","src":"https:\/\/i0.wp.com\/vincentians.com\/fr\/wp-content\/uploads\/sites\/10\/2016\/07\/vincent-et-sa-action-sociale.jpg?fit=1160%2C630&resize=350%2C200","width":350,"height":200,"srcset":"https:\/\/i0.wp.com\/vincentians.com\/fr\/wp-content\/uploads\/sites\/10\/2016\/07\/vincent-et-sa-action-sociale.jpg?fit=1160%2C630&resize=350%2C200 1x, https:\/\/i0.wp.com\/vincentians.com\/fr\/wp-content\/uploads\/sites\/10\/2016\/07\/vincent-et-sa-action-sociale.jpg?fit=1160%2C630&resize=525%2C300 1.5x, https:\/\/i0.wp.com\/vincentians.com\/fr\/wp-content\/uploads\/sites\/10\/2016\/07\/vincent-et-sa-action-sociale.jpg?fit=1160%2C630&resize=700%2C400 2x, https:\/\/i0.wp.com\/vincentians.com\/fr\/wp-content\/uploads\/sites\/10\/2016\/07\/vincent-et-sa-action-sociale.jpg?fit=1160%2C630&resize=1050%2C600 3x"},"classes":[]}],"_links":{"self":[{"href":"http:\/\/vincentians.com\/fr\/wp-json\/wp\/v2\/posts\/38477","targetHints":{"allow":["GET"]}}],"collection":[{"href":"http:\/\/vincentians.com\/fr\/wp-json\/wp\/v2\/posts"}],"about":[{"href":"http:\/\/vincentians.com\/fr\/wp-json\/wp\/v2\/types\/post"}],"author":[{"embeddable":true,"href":"http:\/\/vincentians.com\/fr\/wp-json\/wp\/v2\/users\/4"}],"replies":[{"embeddable":true,"href":"http:\/\/vincentians.com\/fr\/wp-json\/wp\/v2\/comments?post=38477"}],"version-history":[{"count":0,"href":"http:\/\/vincentians.com\/fr\/wp-json\/wp\/v2\/posts\/38477\/revisions"}],"wp:featuredmedia":[{"embeddable":true,"href":"http:\/\/vincentians.com\/fr\/wp-json\/"}],"wp:attachment":[{"href":"http:\/\/vincentians.com\/fr\/wp-json\/wp\/v2\/media?parent=38477"}],"wp:term":[{"taxonomy":"category","embeddable":true,"href":"http:\/\/vincentians.com\/fr\/wp-json\/wp\/v2\/categories?post=38477"},{"taxonomy":"post_tag","embeddable":true,"href":"http:\/\/vincentians.com\/fr\/wp-json\/wp\/v2\/tags?post=38477"}],"curies":[{"name":"wp","href":"https:\/\/api.w.org\/{rel}","templated":true}]}}