{"id":38183,"date":"2012-10-01T11:01:45","date_gmt":"2012-10-01T10:01:45","guid":{"rendered":"http:\/\/somos.vicencianos.org\/?p=38183"},"modified":"2012-10-01T11:01:45","modified_gmt":"2012-10-01T10:01:45","slug":"sainte-louise-et-saint-vincent","status":"publish","type":"post","link":"http:\/\/vincentians.com\/fr\/sainte-louise-et-saint-vincent\/","title":{"rendered":"Sainte Louise et Saint Vincent"},"content":{"rendered":"<p><a href=\"https:\/\/i0.wp.com\/vincentiens.org\/wp-content\/uploads\/2011\/05\/StainedGlassStVincentLouise.jpg\"><img data-recalc-dims=\"1\" loading=\"lazy\" decoding=\"async\" class=\"size-medium wp-image-103821 alignright\" title=\"StainedGlassStVincentLouise\" src=\"https:\/\/i0.wp.com\/vincentiens.org\/wp-content\/uploads\/2011\/05\/StainedGlassStVincentLouise-140x300.jpg?resize=140%2C300\" alt=\"\" width=\"140\" height=\"300\" \/><\/a>Comme chaque ann\u00e9e d\u00e9sormais, la f\u00eate, de Saint Vincent de Paul est c\u00e9l\u00e9br\u00e9e sur trois journ\u00e9es cons\u00e9cutives au berceau. L&rsquo;Eucharistie de cette ann\u00e9e a \u00e9t\u00e9 c\u00e9l\u00e9br\u00e9e par Mgr Sarrab\u00e8re, anim\u00e9e par le P. Christian Laboure. De nombreux amis entouraient \u00ab\u00a0les r\u00e9sidants\u00a0\u00bb dont une d\u00e9l\u00e9gation volontaire de 120 jeunes gens du Coll\u00e8ge et du BEP.<\/p>\n<p>Il revenait au P\u00e8re Jean-Pierre Renouard de donner, le lendemain, une causerie sur les liens existant entre sainte Louise de Marillac et saint Vincent de Paul: une mani\u00e8re de c\u00e9l\u00e9brer une ultime fois, le quatri\u00e8me centenaire de la naissance de sainte Louise.<\/p>\n<p>Depuis huit jours, Sainte Louise vit dans l&rsquo;angoisse. Elle y entrait insensiblement, au fil des ans sans trop s&rsquo;en rendre compte. Mais brusquement, au matin de cette Ascension du 25 mai 1623, tout chavire: elle est assaillie par mille questions qui la torturent et l\u2019enferment dans une grave crise de conscience.<\/p>\n<p>Elle a envie de fuir, de quitter son mari malade et son enfant trop lent \u00e0 s&rsquo;\u00e9veiller, elle se met \u00e0 douter de tout, de l&rsquo;immortalit\u00e9 de l&rsquo;\u00e2me, et m\u00eame de l&rsquo;existence de Dieu. Pensant retrouver la paix, Louise multiplie je\u00fbnes, veilles et oraisons (Petite vie p.12). Le P\u00e8re Gonthier, lecteur attentif de sainte Louise depuis des ann\u00e9es, a bien saisi l&rsquo;angoisse dans laquelle elle vit: \u00ab\u00a0<em>Sa nuit int\u00e9rieure atteint sa plus noire \u00e9paisseur en la f\u00eate de l&rsquo;Ascension&#8230; Son temp\u00e9rament scrupuleux et sa tendance \u00e0 la neurasth\u00e9nie se font les alli\u00e9s des tentations qui secouent sa foi en la vie \u00e9ternelle et m\u00eame en l&rsquo;existence de Dieu. Par-l\u00e0, le Seigneur \u00e9prouve sa servante qui veut l&rsquo;aimer de l&rsquo;amour le plus pur.\u00a0\u00bb<\/em> (Messages et Messagers n\u00b0 202 p V).<\/p>\n<p>La voil\u00e0 donc qui prend une grave d\u00e9cision: si son mari vient \u00e0 mourir, elle n&rsquo;\u00e9coutera personne et n&rsquo;acceptera pas un deuxi\u00e8me mariage, m\u00eame si celui-ci pourrait devenir flatteur et la conduire vers une ascension sociale int\u00e9ressante. Elle fait v\u0153u de rester veuve. Pour elle, Dieu doit \u00eatre le premier servi. Mais la \u00abmani\u00e8re\u00bb lui \u00e9chappe toujours&#8230; Elle ne sait \u00abcomment cela se fera\u00bb&#8230; Elle ne retrouve pas la paix pour autant.<\/p>\n<p>C&rsquo;est dans ce contexte difficile et \u00e9prouvant qu&rsquo;elle p\u00e9n\u00e8tre dans l&rsquo;Eglise saint Nicolas des Champs au matin de la Pentec\u00f4te. Souffrante mais non d\u00e9sesp\u00e9r\u00e9e, elle prie Dieu de la pacifier&#8230; Au moment de pr\u00e9parer l&rsquo;Eucharistie par l&rsquo;oraison ou peut-\u00eatre \u00e0 celui si parlant, du \u00ab<em>Veni Sancte Spiritus<\/em>\u00bb, elle est tout \u00e0 coup envahie par une gr\u00e2ce mystique extraordinaire. Nous la nommons \u00ab<em>Lumi\u00e8re de Pentec\u00f4te<\/em>\u00bb. Cette gr\u00e2ce toute personnelle et intime est parvenue jusqu&rsquo;\u00e0 nous par le biais d&rsquo;un manuscrit de 28 cm sur 9, fragilis\u00e9 \u00e0 force d&rsquo;\u00eatre pli\u00e9 et port\u00e9 sur elle, dans une poche ou dans un sac. \u00c0 n&rsquo;en pas douter, voil\u00e0 l&rsquo;\u00e9v\u00e9nement majeur qui a chang\u00e9 la vie de Sainte Louise et qui est \u00e0 l&rsquo;origine de votre Compagnie:<\/p>\n<p>\u00abLe jour de la Pentec\u00f4te, oyant la sainte messe ou faisant l&rsquo;oraison, \u00e0 l&rsquo;Eglise, tout en un instant, mon esprit fut \u00e9clairci de ses doutes. Et je fus avertie que je devais demeurer avec mon mari, et qu&rsquo;un temps devait venir que je serai en \u00e9tat de faire v\u0153u de pauvret\u00e9, chastet\u00e9 et ob\u00e9issance, et que je serai en une petite communaut\u00e9 o\u00f9 quelques-unes feraient le semblable. J\u2019entendais alors \u00eatre en un lieu pour servir le prochain; mais Je ne pouvais entendre comment cela se pourrait faire \u00e0 cause qu&rsquo;il y devait avoir allant et venant.<\/p>\n<p>Je fus encore assur\u00e9e que je devais demeurer en repos sur mon Directeur et que Dieu m&rsquo;en donnerait un qu&rsquo;il me fit voir lors, ce me semble, et sentis r\u00e9pugnance d accepter, n\u00e9anmoins j\u2019aquiescai et me semblait que c&rsquo;\u00e9tait pour ne pas encore devoir ex\u00e9cuter ce changement.<\/p>\n<p><em>Ma troisi\u00e8me peine me fut \u00f4t\u00e9e par l&rsquo;assurance que Je, sentis en mon esprit que c&rsquo;\u00e9tait Dieu qui m\u2019enseignait ce que dessus, et que, y ayant un Dieu, je ne devais douter du reste\u2026\u00bb <\/em><\/p>\n<p>Cette <em>\u00ab\u00a0Lumi\u00e8re de Pentec\u00f4te\u00a0\u00bb<\/em> est vraiment l&rsquo;\u00e9v\u00e9nement majeur de sa vie, celui qui la transforme et la resitue dans la paix et l&rsquo;union \u00e0 Dieu, g\u00e9n\u00e9ratrice de son ardente et fructueuse charit\u00e9, au-del\u00e0 de toutes ses souffrances et limitations humaines. Tous ses doutes tombent, elle sait qu&rsquo;elle doit conduire son mari jusqu&rsquo;au port, qu&rsquo;elle pourra ensuite s&rsquo;engager \u00e0 vivre la vie consacr\u00e9e m\u00eame si elle ne per\u00e7oit pas d&#8217;embl\u00e9e toutes les nouveaut\u00e9s de la vie communautaire et future des Filles de la Charit\u00e9. Le temps fera son \u0153uvre et insensiblement comme dirait M. Vincent elle verra se r\u00e9aliser \u00e0 la lettre tout ce qu&rsquo;elle entrevoit pendant cette matin\u00e9e de Pentec\u00f4te. Manifestement l&rsquo;Esprit Saint, ce grand Ma\u00eetre int\u00e9rieur la pr\u00e9pare \u00e0 de grandes choses en lui donnant du m\u00eame coup, la gr\u00e2ce de la s\u00e9r\u00e9nit\u00e9.<\/p>\n<p>Cette proph\u00e9tie va aussi mettre dans sa vie quelqu&rsquo;un qu&rsquo;elle aura \u00ab\u00a0r\u00e9pugnance d&rsquo;accepter\u00a0\u00bb, je veux parler, bien entendu de M. Vincent C\u2019est ce compagnonnage que nous devons d\u00e9couvrir maintenant. Je vous propose donc de nous livrer \u00e0 l&rsquo;\u00e9vocation de quelques faits avant d&rsquo;expliquer ce que fut la qualit\u00e9 et la nature de leur collaboration.<\/p>\n<h2><strong>Les faits: d\u00e9couverte et collaboration<\/strong><\/h2>\n<p>\u00ab\u00a0La lumi\u00e8re de Pentec\u00f4te\u00a0\u00bb apporte donc \u00e0 sainte Louise un apaisement sur son Directeur de Conscience. Si cette vision proph\u00e9tique date de 1623, elle ne se r\u00e9alisera que l&rsquo;ann\u00e9e 1626. Antoine Le Gras meurt le 21 d\u00e9cembre 1625. Louise raconte: \u00ab\u00a0J&rsquo;\u00e9tais seule avec lui pour l&rsquo;assister&#8230; Il ne put jamais rien dire sinon \u00abPriez pour moi, je n&rsquo;en puis plus\u00bb; paroles qui seront \u00e0 jamais grav\u00e9es dans mon c\u0153ur\u00a0\u00bb (Ecrits 986-987).<\/p>\n<p>La premi\u00e8re lettre de saint Vincent \u00e0 sainte Louise est du 30 octobre 1626 et la premi\u00e8re de Louise \u00e0 Vincent du 5 juin 1627. Nous devons manquer des billets interm\u00e9diaires. Au dire du P\u00e8re Jean MORIN, au d\u00e9part, la relation para\u00eet difficile. Il ne semble pas que les difficult\u00e9s viennent d&rsquo;une incompatibilit\u00e9 quelconque mais du fait que le directeur spirituel est accapar\u00e9 par mille autres responsabilit\u00e9s et activit\u00e9s, alors que Louise de Marillac en est un peu au stade o\u00f9 en \u00e9tait Madame de Gondi qui aurait aim\u00e9 pouvoir disposer d&rsquo;un aum\u00f4nier personnel, permanent et toujours accessible.<\/p>\n<p>Les deux premi\u00e8res lettres ci-dessous sont \u00e0 ce sujet, fort significatives.<\/p>\n<p>Saint Vincent (1,25-26) est \u00e0 28 lieues de Paris (112 km), \u00e0 LOISY-en- BRIE o\u00f9 il pr\u00eache une mission. Ceci entra\u00eene une absence de quelque 15-20 jours. Mais il est parti sans pr\u00e9venir! \u00ab<em>J&rsquo;avais peine de vous faire de la peine!<\/em>\u00bb Il renvoie Louise pour le temps de son absence, \u00e0 la direction de Notre Seigneur, et s&rsquo;excuse de ses occupations. \u00c0 vrai dire, on comprend les r\u00e9ticences \u00e0 peine voil\u00e9es de Vincent qui vient de fonder la Congr\u00e9gation de la Mission, qui est aum\u00f4nier G\u00e9n\u00e9ral des Gal\u00e8res, Sup\u00e9rieur de la Visitation et animateur d&rsquo;un bon nombre de Confr\u00e9ries&#8230; trouvant cependant le temps de pr\u00eacher mission sur mission.<\/p>\n<p>La premi\u00e8re lettre de Louise de Marillac est aussi tr\u00e8s r\u00e9v\u00e9latrice (I,28-30), les premi\u00e8res lignes surtout: \u00ab<em>J&rsquo;esp\u00e8re que vous me pardonnerez la libert\u00e9 que je prends de vous t\u00e9moigner l&rsquo;impatience de mon esprit tant pour le long s\u00e9jour pass\u00e9 que sur l&rsquo;appr\u00e9hension de l&rsquo;avenir et de ne savoir le lieu o\u00f9 vous \u00eates\u00bb<\/em>. Il est clair que Louise de Marillac trouve son directeur un peu trop remuant. D&rsquo;ailleurs, elle s&rsquo;en plaint \u00e0 son cousin l&rsquo;Ev\u00eaque de Belley, puisque celui-ci lui r\u00e9pond un jour: \u00ab<em>Pardonnez, ma tr\u00e8s ch\u00e8re S\u0153ur, si je vous dis que vous vous attachez un peu trop \u00e0 ceux qui vous conduisent et vous appuyez trop sur eux: voil\u00e0 M. Vincent qui s&rsquo;\u00e9clipse et Mademoiselle Le Gras est hors de pile et d\u00e9sorient\u00e9e\u00bb.<\/em> Mgr Le Camus, cependant, promet de rencontrer M. Vincent.<\/p>\n<p>Peu \u00e0 peu la correspondance devient, plus r\u00e9guli\u00e8re, et surtout plus chaleureuse, bien que saint Vincent soit toujours aussi surcharg\u00e9: \u00ab<em>Je vous \u00e9cris environ la minuit, un peu harass\u00e9. Pardonnez \u00e0 mon c\u0153ur s&rsquo;il ne s&rsquo;\u00e9pand un peu plus dans cette lettre\u00bb<\/em> et pour la premi\u00e8re fois \u00e0 notre connaissance saint Vincent demande \u00e0 Louise de Marillac un service, un petit service pour la Confr\u00e9rie de Gentilly. Il s&rsquo;agit de deux ou trois chemises \u00e0 envoyer&#8230; Il se produit une \u00e9volution remarquable, sans doute et m\u00eame voulue, par l&rsquo;excellent \u00abdirecteur animateur\u00bb qu&rsquo;est M. Vincent. Il sait que c&rsquo;est en s&rsquo;ouvrant aux autres \u2013 aux pauvres surtout \u2013 et en s&rsquo;engageant vis \u00e0 vis d&rsquo;eux, que l&rsquo;on a les meilleures chances d&rsquo;oublier ses soucis personnels et ses scrupules, et de retrouver l&rsquo;\u00e9quilibre et l&rsquo;\u00e9panouissement individuel&#8230; Vincent lui-m\u00eame avait bien exp\u00e9riment\u00e9 cela entre 1616 et 1618.<span id='easy-footnote-1-38183' class='easy-footnote-margin-adjust'><\/span><span class='easy-footnote'><a href='http:\/\/vincentians.com\/fr\/sainte-louise-et-saint-vincent\/#easy-footnote-bottom-1-38183' title='Jean MORIN dans \u201cCarnets Vincentiens\u201d N\u00b0 2 pages 32-33.'><sup>1<\/sup><\/a><\/span> Entre la p\u00e9riode 1626-1629, nous avons 18 lettres de saint Vincent \u00e0 sainte Louise et une de la sainte. Il appara\u00eet toujours press\u00e9 mais toujours fid\u00e8le \u00e0 faire avancer Mademoiselle sur la voie de la perfection: la gu\u00e9rir d&rsquo;une inqui\u00e9tude excessive pour son fils, la tourner vers les d\u00e9munis, la former \u00e0 la joie, l&rsquo;obliger au dialogue par oral (sans doute pour l&rsquo;aider \u00e0 nuancer ses propos), l&rsquo;habituer \u00e0 la s\u00e9paration et \u00e0 une prise en charge personnelle, l&rsquo;inviter \u00e0 lire l&rsquo;Evangile et \u00e0 le m\u00e9diter, lui faire rechercher et accueillir la volont\u00e9 de Dieu, lui apprendre \u00e0 s&rsquo;abandonner \u00e0 la Sainte Providence, il lui apprend \u00e0 voir dans tout \u00e9v\u00e9nement \u00ables signes de Dieu\u00bb. Toute cette spiritualit\u00e9 est formatrice pour celle qui allait devenir, un jour, elle-m\u00eame formatrice \u00e0 la charit\u00e9.<\/p>\n<p>Ce qui me frappe dans cette \u00e9num\u00e9ration, c&rsquo;est d&rsquo;une part l&rsquo;extr\u00eame attention de saint Vincent \u00e0 former une \u00e2me et la grande docilit\u00e9 de Sainte Louise qui continue \u00e0 attendre de lui consignes et aide spirituelle. Peu \u00e0 peu, comme l&rsquo;indique S\u0153ur CHARPY, \u00abl&rsquo;\u00e9tat d\u00e9pressif qui accablait Louise s&rsquo;estompe, tout son \u00eatre se d\u00e9tend progressivement\u00bb (Petite vie 19). Elle reprend confiance en elle aid\u00e9e par le pr\u00eatre qui soutient et oriente sa vie et son activit\u00e9.<\/p>\n<p>Elle apprend aussi \u00e0 aller au-del\u00e0 des apparences, \u00e0 d\u00e9passer le c\u00f4t\u00e9 fruste et paysan de saint Vincent&#8230; \u00e0 vaincre son antipathie naturelle pour lui. Elle d\u00e9couvre en lui, \u00abl&rsquo;homme de Dieu\u00bb. Selon le P\u00e8re FLOURENS, \u00abIl est plein de sagesse surnaturelle et capable de comprendre tous les mouvements de son \u00e2me\u00bb. La r\u00e9flexion du soir de sa vie en dit long sur cet accompagnement spirituel et nous vaut toute une m\u00e9ditation: \u00abJ&rsquo;aimerai mieux mourir que de vous d\u00e9sob\u00e9ir\u00bb (Ecrits, 496-f\u00e9vrier 1656). On est bien loin du sentiment de r\u00e9pugnance initial !<\/p>\n<p>Pr\u00e8s de trois ans apr\u00e8s les premi\u00e8res rencontres, sainte Louise est toute pr\u00eate pour la grande aventure de la charit\u00e9. Le 6 mai 1629, elle re\u00e7oit une lettre d&rsquo;envoi en mission qui a fait le tour du monde tant elle est r\u00e9v\u00e9latrice et de la confiance que Saint Vincent lui donne et de la capacit\u00e9 qu&rsquo;elle-m\u00eame peut manifester: \u00ab<em>Allez donc Mademoiselle, allez au nom de Notre Seigneur. Je prie sa divine bont\u00e9 qu&rsquo; elle vous accompagne, qu&rsquo;elle soit votre soulas (consolation) en votre chemin, votre ombre contre l&rsquo;ardeur du soleil, votre couvert \u00e0 la pluie et au froid, votre lit mollet en votre lassitude, votre force et votre travail, et qu&rsquo; enfin il vous ram\u00e8ne en parfaite sant\u00e9 et pleine de bonnes oeuvres.<\/em><\/p>\n<p>&nbsp;<\/p>\n<p><em>Vous communierez le jour de votre d\u00e9part, pour honorer la charit\u00e9 de Notre-Seigneur, et les voyages qu&rsquo;il a faits pour cette m\u00eame et par la m\u00eame charit\u00e9, les peines, les contradictions, les lassitudes et les travaux qu&rsquo;il a soufferts, et afin qu&rsquo;il lui plaise b\u00e9nir votre voyage, vous donner son esprit et la gr\u00e2ce d&rsquo;agir en ce m\u00eame esprit et de supporter vos peines en la mani\u00e8re qu&rsquo;il a support\u00e9 les siennes.<\/em><\/p>\n<p>&nbsp;<\/p>\n<p><em>Pour ce que vous demandez, si vous ferez plus long s\u00e9jour que nous l&rsquo;avons dit, je pense que ce sera assez d&rsquo;\u00eatre un jour ou deux en chaque lieu pour la premi\u00e8re fois, sauf \u00e0 y retourner l&rsquo;\u00e9t\u00e9 prochain, si Notre-Seigneur vous fait para\u00eetre que vous lui puissiez rendre quelque autre service. Quand je dis deux jours, votre charit\u00e9 en prendra davantage, si besoin est, et nous fera celle de nous \u00e9crire.<\/em><\/p>\n<p>&nbsp;<\/p>\n<p>Pour la Charit\u00e9 de Mademoiselle Gu\u00e9rin, vous prendrez le nom de sa paroisse, s&rsquo;il vous pla\u00eet, et si nous allons vers Chartres, nous t\u00e2cherons de l&rsquo;aller servir pour la Charit\u00e9, ne connaissant personne en ce quartier-l\u00e0 qui soit fait \u00e0 cet \u00e9tablissement.<\/p>\n<p>&nbsp;<\/p>\n<p><em>Adieu, Mademoiselle, ressouvenez-vous de nous en vos pri\u00e8res et ayez sur toutes choses soin de votre sant\u00e9, que je prie Dieu vous conserver , \u00e9tant, en son amour\u00bb.<\/em>(I, 73)<\/p>\n<p>J&rsquo;ai cit\u00e9 cette lettre in extenso parce qu&rsquo;il n&rsquo;est pas habituel de le faire et pourtant, elle est tr\u00e8s r\u00e9v\u00e9latrice de la mani\u00e8re dont saint Vincent et sainte Louise vont travailler ensemble. Dans ces lignes, on passe du spirituel au mat\u00e9riel. Sans cesse les deux saints vont correspondre et travailler de cette fa\u00e7on. De Visiteuse des Charit\u00e9s, Sainte Louise va devenir Fondatrice puis Sup\u00e9rieure G\u00e9n\u00e9rale des Filles de la Charit\u00e9. (de 1633 \u00e0 1660). Leurs pr\u00e9occupations communes vont toujours se situer \u00e0 ces deux niveaux: le spirituel et le temporel et ces \u00abdeux ordres\u00bb vont s&rsquo;enchev\u00eatrer dans leur correspondance comme s&rsquo;ils \u00e9taient indissociables. C&rsquo;est d&rsquo;ailleurs une constante vincentienne avou\u00e9e par M. Vincent \u00e0 Antoine Durand, jeune sup\u00e9rieur nomm\u00e9 pour le s\u00e9minaire d&rsquo;Agde, lui faisant remarquer fort \u00e0 propos \u00ab<em>que l&rsquo;on ne doit pas seulement s&rsquo;appliquer \u00e0 ce qui est relev\u00e9, comme sont les fonctions qui regardent les choses spirituelles<\/em>\u00bb mais qu&rsquo;il faut aussi \u00ab<em>avoir le soin des moindres choses temporelles<\/em>\u00bb.(XI, 351 )<\/p>\n<p>Ce qui est s\u00fbr, c&rsquo;est que leur collaboration va devenir tr\u00e8s efficace: ils vont vivre une compl\u00e9mentarit\u00e9 dans et pour le service des pauvres soit \u00e0 l&rsquo;int\u00e9rieur des Charit\u00e9s, soit \u00e0 l&rsquo;int\u00e9rieur de la Compagnie des Filles de la Charit\u00e9. Il est impensable ici de faire l&rsquo;inventaire de leur labeur\u2026 Essayons simplement de cerner la nature et la qualit\u00e9 de leur travail commun.<\/p>\n<p>&nbsp;<\/p>\n<h2><strong>La nature de leur collaboration: une relation de communion<\/strong><\/h2>\n<p>&nbsp;<\/p>\n<p>De r\u00e9centes \u00e9tudes ont bien montr\u00e9 ce qu&rsquo;ils furent l&rsquo;un pour l&rsquo;autre et l&rsquo;un \u00e0 cause de l&rsquo;autre. Je cite le num\u00e9ro 52, des \u00abFiches Vincentiennes\u00bb:<span id='easy-footnote-2-38183' class='easy-footnote-margin-adjust'><\/span><span class='easy-footnote'><a href='http:\/\/vincentians.com\/fr\/sainte-louise-et-saint-vincent\/#easy-footnote-bottom-2-38183' title='Cahier N\u00b0 52 \u2013 Louise de Marillac: \u00abUne amiti\u00e9 r\u00e9ussie\u00bb'><sup>2<\/sup><\/a><\/span> \u00abMonsieur Vincent trouve en Louise de Marillac:<\/p>\n<ul>\n<li>Une femme intuitive, rapide, vive, toujours pr\u00eate \u00e0 aller de l&rsquo;avant sans se laisser arr\u00eater par sa sant\u00e9: une missionnaire.<\/li>\n<\/ul>\n<ul>\n<li>Une femme ayant le sens de l&rsquo;organisation au service des Seigneurs et Ma\u00eetres, les Pauvres.<\/li>\n<\/ul>\n<ul>\n<li>Une Dame \u00e0 l&rsquo;aise parmi les dames de La Charit\u00e9, elle est une \u00abMarillac\u00bb.<\/li>\n<\/ul>\n<p>Louise de Marillac trouve en Monsieur Vincent:<\/p>\n<ul>\n<li>Un pr\u00eatre, un conseiller s\u00fbr, pour qui maintenant, elle n&rsquo;a plus r\u00e9pugnance,<\/li>\n<\/ul>\n<ul>\n<li>Un homme, c&rsquo;est-\u00e0-dire un appui solide, qu&rsquo;elle n&rsquo;a trouv\u00e9 ni en son p\u00e8re, ni en son mari,<\/li>\n<\/ul>\n<ul>\n<li>Un paysan, un rural qui conna\u00eet la n\u00e9cessit\u00e9 des longs m\u00fbrissements, qui suit la Providence sans jamais l&rsquo;enjamber\u00bb.<\/li>\n<\/ul>\n<p>Ils se compl\u00e8tent, dirions-nous aujourd&rsquo;hui. Mais bien au-del\u00e0 des dons naturels ou d&rsquo;une sympathie enfin trouv\u00e9e. Ils vivent pour un objectif commun, pour un objectif choisi et voulu en commun, parce que fonci\u00e8rement \u00e9vang\u00e9lique: la lib\u00e9ration des pauvres, tant sur le plan humain que spirituel. Ils sont attel\u00e9s \u00e0 cette t\u00e2che par conviction et par choix. Ils ont v\u00e9cu tous deux une v\u00e9ritable purification int\u00e9rieure, ils ont \u00e9t\u00e9 livr\u00e9s au m\u00eame Myst\u00e8re Pascal. Ils ont d\u00e9couvert dans leur \u00eatre profond et dans leur exp\u00e9rience r\u00e9ciproque, l&rsquo;urgence et l&rsquo;imp\u00e9rieuse n\u00e9cessit\u00e9 de lib\u00e9rer ceux que la faim ou la \u00abmal-foi\u00bb tiennent captifs de la d\u00e9tresse extr\u00eame. Leur lien n&rsquo;est ni l&rsquo;int\u00e9r\u00eat, ni la recherche d&rsquo;un avantage ou d&rsquo;une promotion mais la seule cause de Dieu qui est indissociable de la cause des pauvres. Voil\u00e0 leur raison de communier et de vibrer ensemble, au jour le jour. Ils sont li\u00e9s par une m\u00eame vocation et par une m\u00eame fin.<\/p>\n<p>Ils ont \u00e9pous\u00e9 la cause des pauvres par fid\u00e9lit\u00e9 \u00e0 leur Dieu. Et ils vivent une v\u00e9ritable amiti\u00e9. Pas de sentimentalisme. Pas m\u00eame une union quasi-mystique, au-del\u00e0 de toute ambigu\u00eft\u00e9 humaine. Mais, comme on l&rsquo; a dit si bien \u00abun accord dans la diversit\u00e9\u00bb, <em>une alliance pour l&rsquo;essentiel.<\/em><\/p>\n<p>Il est frappant de constater combien Ils sont libres l&rsquo;un par rapport \u00e0 l&rsquo;autre. S&rsquo;ils collaborent \u00e9troitement, jamais ils ne se croient oblig\u00e9s de s&rsquo;aligner l&rsquo;un sur l&rsquo;autre ou de taire leur diff\u00e9rence d&rsquo;appr\u00e9ciation et de jugement. Cela est manifeste dans les minutes des Conseils de la Compagnie qui nous ont \u00e9t\u00e9 conserv\u00e9s. On a cit\u00e9 le fait suivant: \u00ab\u00c0 propos de l&rsquo;acceptation de petits gar\u00e7ons \u00e0 l&rsquo;\u00e9cole rurale des S\u0153urs, Sainte Louise y est tr\u00e8s favorable et y voit beaucoup d&rsquo;avantages. Mais le refus de M. Vincent est formel \u00abil faut ob\u00e9ir aux ordonnances du Roi et des Ev\u00eaques\u00bb.De m\u00eame, pour l&rsquo;acceptation des pensionnaires dans les petites maisons \u00e0 la campagne: sainte Louise y est favorable, mais saint Vincent y voit de nombreux inconv\u00e9nients. L&rsquo;avis de saint Vincent pr\u00e9vaut et sainte Louise le transmet clairement aux S\u0153urs\u00bb. (Documents 493 ou XIII, 646 et Ecrits 455 et 466.)<\/p>\n<p>Jacqueline \u00abest un esprit mal fait, qui cause beaucoup de petits d\u00e9sordres, pour lesquels il serait bien n\u00e9cessaire qu&rsquo;elle ne f\u00fbt plus dans la Compagnie\u00bb. Les s\u0153urs pr\u00e9sentes sont invit\u00e9es \u00e0 donner leur avis. \u00abMademoiselle le Gras dit qu&rsquo;il \u00e9tait tr\u00e8s n\u00e9cessaire de l&rsquo;\u00f4ter parce que la tenir comme volontaire c\u00e9ans serait de mauvais exemple aux autres\u00bb. Saint Vincent nuance le propos en disant de fa\u00e7on fort gasconne: \u00abSi d&rsquo;elle-m\u00eame, elle se pouvait porter \u00e0 se retirer quelque part et vivre tout doucement&#8230; je pense qu&rsquo;il serait bien \u00e0 propos\u00bb&#8230;(XIII, 593-596).<\/p>\n<p>On pourrait donner d&rsquo;autres exemples. Oui, sainte Louise et saint Vincent sont libres, confiants, simples: ils disent leur point de vue sans agressivit\u00e9 ni d\u00e9sir de l&#8217;emporter. Ils ne craignent ni la confrontation ni l&rsquo;opposition mais ils s&rsquo;en tiennent l&rsquo;un et l&rsquo;autre \u00e0 la d\u00e9cision finale.<\/p>\n<p>L&rsquo;autre caract\u00e9ristique de leur amiti\u00e9 est le par tage. Ils se disent tout ce qui est utile et indispensable pour l&rsquo;animation de leur fondation. S\u0153ur Charpy a remarqu\u00e9 ce double \u00e9change: \u00abVincent partage \u00e0 Louise la bont\u00e9 de son regard sur toute chose, sa paix profonde. Louise partage \u00e0 Vincent son sens de l&rsquo;organisation, son intuition profonde sur la Compagnie\u00bb(Cahier Vincentien 52 p. 5).<\/p>\n<p>Mais le plus saisissant et amusant est leur sollicitude mutuelle pour leur sant\u00e9 r\u00e9ciproque. Ainsi les recommandations les plus pr\u00e9cises sont adress\u00e9es \u00e0 sainte Louise par M. Vincent lui-m\u00eame, par exemple: \u00abN&rsquo;\u00e9pargnez rien pour vous nourrir pendant votre grand travail, j&rsquo;ai toujours opinion que vous ne vous nourrissez pas assez\u00bb (I, 242) ou: \u00abvous me consoleriez fort, si vous vouliez vous mettre en repos dans votre lit pendant ces deux jours\u00bb. (I, 338).<\/p>\n<p>On peut lire aussi dans une lettre: \u00abJe pense que votre rhume serait bien plut\u00f4t gu\u00e9ri, si vous gardiez le lit un peu plus t\u00f4t le soir, car le grand travail et \u00eatre debout \u00e9chauffent le sang\u00bb. (II, 441).<\/p>\n<p>Et de parler de purges, de saign\u00e9es, de bouillons, de convalescence, de repos, des m\u00e9decins etc.\u2026<\/p>\n<p>En fait Mademoiselle rend la pareille \u00e0 saint Vincent. Elle lui demande constamment de ses nouvelles, signale les derniers rem\u00e8des en cours, et lui, malin, se laisse faire: \u00abVotre m\u00e9decine, Mademoiselle, m&rsquo;a fait faire neuf op\u00e9rations&#8230; Ma petite fi\u00e9vrotte est, comme vous le dites, double tierce; mais vous savez qu&rsquo;en cette saison je l&rsquo;ai pour l&rsquo;ordinaire double-quarte et l&rsquo;ai d\u00e9j\u00e0 eue telle cet automne\u00bb. (I, 581)<\/p>\n<p>Je ne r\u00e9siste pas au plaisir de vous citer cette description de M. Vincent sur son bilan de sant\u00e9: \u00abJe me porte mieux de mon petit rhume, Dieu merci et fais tout ce que je puis pour cela\u2026: je ne sors point de la chambre; je repose tous les matins, je mange tout ce qu&rsquo;on me donne et ai pris tous les soirs une esp\u00e8re de julep<span id='easy-footnote-3-38183' class='easy-footnote-margin-adjust'><\/span><span class='easy-footnote'><a href='http:\/\/vincentians.com\/fr\/sainte-louise-et-saint-vincent\/#easy-footnote-bottom-3-38183' title='Potion compos\u00e9e d\u2019un sirop mucilagineux ou narcotique dessous dans un hydrolat, une infusion de plantes \u00e9mollientes ou une \u00e9mulsion, pr\u00e9cise Coste.'><sup>3<\/sup><\/a><\/span> que notre fr\u00e8re Alexandre me donne. Quant \u00e0 l&rsquo;\u00e9tat de mon rhume, il est diminu\u00e9 de la moiti\u00e9 de la petite incommodit\u00e9 que j&rsquo;en avais, et s&rsquo;en va peu \u00e0 peu. Selon cela, il n&rsquo;est pas besoin de penser au th\u00e9. Si, par accident, le peu d&rsquo;incommodit\u00e9 que j&rsquo;ai, empirait, j&rsquo;en userais\u2026 Je prie la charit\u00e9 de madite demoiselle d&rsquo;\u00eatre en repos de ce c\u00f4t\u00e9-l\u00e0, et la remercie de ce chef\u00bb&#8230; (25 novembre 1656 &#8211; VI, 136).<\/p>\n<p>Et je terminerai l&rsquo;illustration de ce partage m\u00e9dical touchant par cet envoi de sainte Louise: \u00abC&rsquo;est de r\u00e9glisse dont l&rsquo;on fait de la tisane dont je vous ai envoy\u00e9 petits morceaux pour en rendre l&rsquo;usage plus facile; mais il faut qu&rsquo;elle soit nouvelle et n&rsquo;en couper qu&rsquo;\u00e0 mesure que l&rsquo;on en use, \u00e0 cause qu&rsquo;elle noircit\u00bb. (III, 377).<\/p>\n<p>Et ce partage s&rsquo;\u00e9tend, bien entendu, \u00e0 tous les tracas qui traversent leurs vies: les probl\u00e8mes communautaires des s\u0153urs, les relations avec les cur\u00e9s ou les administrateurs, le petit Michel, le fils \u00ab\u00a0\u00e0 soucis\u00a0\u00bb de sainte Louise.<\/p>\n<p>On a l\u00e0, le troisi\u00e8me \u00e9l\u00e9ment de leur solide amiti\u00e9: la force.<\/p>\n<p>Ils savent qu&rsquo;ils peuvent s&rsquo;appuyer l&rsquo;un sur l&rsquo;autre, particuli\u00e8rement dans les moments difficiles. L&rsquo;illustration la plus parlante est le moment o\u00f9 la communaut\u00e9 naissante des Filles de la Charit\u00e9 traverse une v\u00e9ritable crise de croissance, \u00abcrise d&rsquo;adolescence, purification, prise de conscience de l&rsquo;originalit\u00e9 de cette Compagnie et de ses exigences\u00bb (Petite vie p. 71). D\u00e9j\u00e0 vers la fin de 1645, il y avait eu des indices de malaise: refus de changement de paroisse, contestation de la s\u0153ur servante, murmures, critiques. Sainte Louise demande \u00e0 M. Vincent d&rsquo;intervenir et c&rsquo;est ce que fait celui-ci le 13 f\u00e9vrier 1646. Il insiste sur la pauvret\u00e9 et sur l&rsquo;action de Dieu. La Compagnie est vraiment l&rsquo;\u0153uvre de Dieu. Il faut s&rsquo;attaquer \u00e0 la racine du mal: rompre les attaches avec telle ou telle dame, bannir les critiques, interrompre les murmures, \u00e9viter les antipathies, parler avec amabilit\u00e9 et douceur, vivre intens\u00e9ment l&rsquo;amour de J\u00e9sus et du Pauvre qui se confondent en un seul et m\u00eame amour: \u00abVous servez J\u00e9sus-Christ en la personne des pauvres. Et cela est aussi vrai que nous sommes ici. Une s\u0153ur ira dix fois le jour voir les malades, et dix fois par jour, elle y trouvera Dieu\u00bb. (IX, 252).<\/p>\n<p>\u00c0 partir de l\u00e0, c&rsquo;est la grande interrogation, des s\u0153urs r\u00e9fl\u00e9chissent et quittent la Compagnie. Mathurine GUERIN qui fut secr\u00e9taire notera en 1661: \u00abil sortait si grande quantit\u00e9 de s\u0153urs qu&rsquo;il semblait que Dieu voulait vider la maison\u00bb. (Doc. 949)<\/p>\n<p>Et puis, il y a aussi l&rsquo;affaire du Mans! Un faux d\u00e9part en somme: quatre S\u0153urs qui partent le 4 mai 1646 et qui ne parviennent pas \u00e0 se faire accepter des hospitaliers qu&rsquo;elles viennent remplacer. Louise se culpabilise: \u00abCe nous est une grande confusion de penser qu&rsquo;il n&rsquo;y ait que nos l\u00e2chet\u00e9s et mauvaises dispositions qui causent tant de troubles au sujet de notre emploi\u00bb. (Ecrits 148 &#8211; \u00e0 M. Portail) Obligation est de repartir au bout de trois semaines. Echec cuisant donc!<\/p>\n<p>Pendant ce temps, une mort inopin\u00e9e survient \u00e0 Angers et le d\u00e9part de Catherine Huitmill \u00e9meut la communaut\u00e9&#8230; La maison de Paris est marqu\u00e9e par les vives critiques de Jacqueline. On l&rsquo; a vu: un Conseil statue sur son cas et on pense au renvoi (28 juin 1646 &#8211; Doc 397 ou XIII 589). Et c&rsquo;est au cours de ce m\u00eame Conseil qu&rsquo;est constitu\u00e9e la communaut\u00e9 de Nantes: six s\u0153urs sont choisies dont Elizabeth Martin, la servante.<\/p>\n<p>Louise va pr\u00e9parer, sur place, cette nouvelle implantation pendant deux mois! Le voyage des s\u0153urs est un v\u00e9ritable marathon. \u00c0 leur arriv\u00e9e, elles sont accueillies les bras ouverts: les d\u00e9buts sont prometteurs. Louise est tout \u00e0 la joie de cette fondation. mais en mars 1647, et apr\u00e8s un hiver fertile en d\u00e9c\u00e8s de s\u0153urs, h\u00e9las! Les premi\u00e8res difficult\u00e9s nantaises surgissent. De graves conflits communautaires apparaissent. On constate \u00abun immense d\u00e9sordre\u00bb. Jeanne Lepintre est d\u00e9p\u00each\u00e9e sur place et ouvre une v\u00e9ritable visite canonique. Le 22 septembre 1647, \u00e0 la demande de Mademoiselle, M. Vincent intervient encore, c&rsquo;est une nouvelle conf\u00e9rence sur la tentation et la pers\u00e9v\u00e9rance dans la vocation (IX, 350 etc\u2026.)<\/p>\n<p>Peu \u00e0 peu l&rsquo;intensit\u00e9 de la crise se calme. J&rsquo;aime le commentaire autoris\u00e9 de l&rsquo;auteur de \u00abcontre vents et temp\u00eates\u00bb: au cours de ces longs mois Louise de Marillac s&rsquo;est laiss\u00e9e buriner par la gr\u00e2ce de Dieu. Persuad\u00e9e au d\u00e9part de sa lourde responsabilit\u00e9 dans la crise que vit la Compagnie, elle d\u00e9couvre, peu \u00e0 peu, l\u2019\u0153uvre de purification du Seigneur, les d\u00e9chirements de toute croissance. \u00abLa survie\u00bb de la Compagnie, apr\u00e8s tous ces soubresauts, \u00abest la preuve que Dieu veille sur elle\u00bb (p. 87). N&rsquo;\u00e9crit-t-elle pas ce moment l\u00e0: \u00ab<strong>Dieu est mon Dieu<\/strong>\u00bb (Ecrits 340). Il est clair, en tous cas que saint Vincent l&rsquo;a aid\u00e9e fortement \u00e0 passer ce cap difficile et qu&rsquo;ils ont tous deux essay\u00e9 de chercher \u00e0 travers ces conflits, \u00e0 discerner, la volont\u00e9 de Dieu. Et nous pouvons \u00eatre assur\u00e9s qu&rsquo;ils l&rsquo;ont trouv\u00e9e puisque leur \u0153uvre dure encore !<\/p>\n<p>Et c&rsquo;est ici que nous pouvons parler d&rsquo;authentique amiti\u00e9. Ce fut un accord sur l&rsquo;essentiel. Il est d&rsquo;ailleurs tout \u00e0 fait r\u00e9v\u00e9lateur que \u00ableurs spiritualit\u00e9s\u00bb se rejoignent. Comme il serait ais\u00e9 de montrer leurs convergences. Qu&rsquo;il nous suffise pour aujourd&rsquo;hui d&rsquo;\u00e9num\u00e9rer les points essentiels d&rsquo;accord avant de conclure: la personne du Christ, leur unique pr\u00e9tention; l&rsquo;imitation de sa conduite; la r\u00e9f\u00e9rence quotidienne \u00e0 l&rsquo;oraison; la recherche inlassable de la volont\u00e9 de Dieu; une charit\u00e9 tout \u00e0 la fois affective et effective; une constance \u00e0 vivre l&rsquo;humilit\u00e9; un don total de leur \u00eatre pour le service et l&rsquo;\u00e9vang\u00e9lisation des pauvres; une volont\u00e9 de vivre la Communaut\u00e9; bref, toutes les valeurs dont les disciples de l&rsquo;une et de l&rsquo;autre essayent de vivre encore et qui perdurent par del\u00e0 les si\u00e8cles.<\/p>\n<p>Pour en finir, permettez-moi d&#8217;emprunter la propre conclusion de S\u0153ur Charpy dans son ouvrage \u00abPetite vie de Louise de Marillac\u00bb, parce qu&rsquo;elle dit le fin mot de ce que nous pouvons penser de l&rsquo;amiti\u00e9 de saint Vincent et de sainte Louise: \u00abL&rsquo;amiti\u00e9 v\u00e9cue par Vincent de Paul et Louise de Marillac a \u00e9t\u00e9 bas\u00e9e sur l&rsquo;authenticit\u00e9, c&rsquo;est-\u00e0-dire sur l&rsquo;acceptation profonde de l&rsquo;identit\u00e9 de l&rsquo;autre, la reconnaissance et le respect de leurs diversit\u00e9s. Partie de l&rsquo;ob\u00e9issance dans une relation volontaire de direction spirituelle, passant par l&rsquo;apprentissage de l&rsquo;autre dans une relation compl\u00e9mentaire de collaboration, arrivant \u00e0 la s\u00e9r\u00e9nit\u00e9 du vieil \u00e2ge dans une <strong>relation de communion<\/strong>, cette amiti\u00e9 est un \u00e9tonnant parcours de saintet\u00e9, r\u00e9confortant d&rsquo;humanit\u00e9\u00bb (p. 114).<\/p>\n","protected":false},"excerpt":{"rendered":"<p>Comme chaque ann\u00e9e d\u00e9sormais, la f\u00eate, de Saint Vincent de Paul est c\u00e9l\u00e9br\u00e9e sur trois journ\u00e9es cons\u00e9cutives au berceau. L&rsquo;Eucharistie de cette ann\u00e9e a \u00e9t\u00e9 c\u00e9l\u00e9br\u00e9e par Mgr Sarrab\u00e8re, anim\u00e9e par le P. Christian Laboure. &#8230; <a href=\"http:\/\/vincentians.com\/fr\/sainte-louise-et-saint-vincent\/\" class=\"more-link\">Read More<\/a><\/p>\n","protected":false},"author":4,"featured_media":103821,"comment_status":"open","ping_status":"open","sticky":false,"template":"","format":"standard","meta":{"jetpack_post_was_ever_published":false,"_jetpack_newsletter_access":"","_jetpack_dont_email_post_to_subs":false,"_jetpack_newsletter_tier_id":0,"_jetpack_memberships_contains_paywalled_content":false,"_jetpack_memberships_contains_paid_content":false,"footnotes":"","jetpack_publicize_message":"","jetpack_publicize_feature_enabled":true,"jetpack_social_post_already_shared":true,"jetpack_social_options":{"image_generator_settings":{"template":"highway","default_image_id":0,"font":"","enabled":false},"version":2}},"categories":[118],"tags":[],"class_list":["post-38183","post","type-post","status-publish","format-standard","has-post-thumbnail","hentry","category-formation-vincentienne"],"yoast_head":"<!-- This site is optimized with the Yoast SEO plugin v26.3 - https:\/\/yoast.com\/wordpress\/plugins\/seo\/ -->\n<title>Sainte Louise et Saint Vincent - Nous Sommes Vincentiens<\/title>\n<meta name=\"robots\" content=\"index, follow, max-snippet:-1, max-image-preview:large, max-video-preview:-1\" \/>\n<link rel=\"canonical\" href=\"http:\/\/vincentians.com\/fr\/sainte-louise-et-saint-vincent\/\" \/>\n<meta property=\"og:locale\" content=\"fr_FR\" \/>\n<meta property=\"og:type\" content=\"article\" \/>\n<meta property=\"og:title\" content=\"Sainte Louise et Saint Vincent - Nous Sommes Vincentiens\" \/>\n<meta property=\"og:description\" content=\"Comme chaque ann\u00e9e d\u00e9sormais, la f\u00eate, de Saint Vincent de Paul est c\u00e9l\u00e9br\u00e9e sur trois journ\u00e9es cons\u00e9cutives au berceau. L&rsquo;Eucharistie de cette ann\u00e9e a \u00e9t\u00e9 c\u00e9l\u00e9br\u00e9e par Mgr Sarrab\u00e8re, anim\u00e9e par le P. Christian Laboure. ... Read More\" \/>\n<meta property=\"og:url\" content=\"http:\/\/vincentians.com\/fr\/sainte-louise-et-saint-vincent\/\" \/>\n<meta property=\"og:site_name\" content=\"Nous Sommes Vincentiens\" \/>\n<meta property=\"article:publisher\" content=\"https:\/\/www.facebook.com\/WeAreVincentians\/\" \/>\n<meta property=\"article:author\" content=\"https:\/\/www.facebook.com\/JavierChento\" \/>\n<meta property=\"article:published_time\" content=\"2012-10-01T10:01:45+00:00\" \/>\n<meta name=\"author\" content=\"Francisco Javier Fern\u00e1ndez Chento\" \/>\n<meta name=\"twitter:card\" content=\"summary_large_image\" \/>\n<meta name=\"twitter:creator\" content=\"@https:\/\/twitter.com\/javierchento\" \/>\n<meta name=\"twitter:site\" content=\"@WeVincentians\" \/>\n<meta name=\"twitter:label1\" content=\"\u00c9crit par\" \/>\n\t<meta name=\"twitter:data1\" content=\"Francisco Javier Fern\u00e1ndez Chento\" \/>\n\t<meta name=\"twitter:label2\" content=\"Dur\u00e9e de lecture estim\u00e9e\" \/>\n\t<meta name=\"twitter:data2\" content=\"23 minutes\" \/>\n<script type=\"application\/ld+json\" class=\"yoast-schema-graph\">{\"@context\":\"https:\/\/schema.org\",\"@graph\":[{\"@type\":\"WebPage\",\"@id\":\"http:\/\/vincentians.com\/fr\/sainte-louise-et-saint-vincent\/\",\"url\":\"http:\/\/vincentians.com\/fr\/sainte-louise-et-saint-vincent\/\",\"name\":\"Sainte Louise et Saint Vincent - Nous Sommes Vincentiens\",\"isPartOf\":{\"@id\":\"http:\/\/vincentians.com\/fr\/#website\"},\"primaryImageOfPage\":{\"@id\":\"http:\/\/vincentians.com\/fr\/sainte-louise-et-saint-vincent\/#primaryimage\"},\"image\":{\"@id\":\"http:\/\/vincentians.com\/fr\/sainte-louise-et-saint-vincent\/#primaryimage\"},\"thumbnailUrl\":\"\",\"datePublished\":\"2012-10-01T10:01:45+00:00\",\"author\":{\"@id\":\"http:\/\/vincentians.com\/fr\/#\/schema\/person\/9623ef4d9aa3b2dfb8c061f1499288f2\"},\"breadcrumb\":{\"@id\":\"http:\/\/vincentians.com\/fr\/sainte-louise-et-saint-vincent\/#breadcrumb\"},\"inLanguage\":\"fr-FR\",\"potentialAction\":[{\"@type\":\"ReadAction\",\"target\":[\"http:\/\/vincentians.com\/fr\/sainte-louise-et-saint-vincent\/\"]}]},{\"@type\":\"ImageObject\",\"inLanguage\":\"fr-FR\",\"@id\":\"http:\/\/vincentians.com\/fr\/sainte-louise-et-saint-vincent\/#primaryimage\",\"url\":\"\",\"contentUrl\":\"\"},{\"@type\":\"BreadcrumbList\",\"@id\":\"http:\/\/vincentians.com\/fr\/sainte-louise-et-saint-vincent\/#breadcrumb\",\"itemListElement\":[{\"@type\":\"ListItem\",\"position\":1,\"name\":\"Portada\",\"item\":\"http:\/\/vincentians.com\/fr\/\"},{\"@type\":\"ListItem\",\"position\":2,\"name\":\"Sainte Louise et Saint Vincent\"}]},{\"@type\":\"WebSite\",\"@id\":\"http:\/\/vincentians.com\/fr\/#website\",\"url\":\"http:\/\/vincentians.com\/fr\/\",\"name\":\"Nous Sommes Vincentiens\",\"description\":\"Know more to serve more\",\"potentialAction\":[{\"@type\":\"SearchAction\",\"target\":{\"@type\":\"EntryPoint\",\"urlTemplate\":\"http:\/\/vincentians.com\/fr\/?s={search_term_string}\"},\"query-input\":{\"@type\":\"PropertyValueSpecification\",\"valueRequired\":true,\"valueName\":\"search_term_string\"}}],\"inLanguage\":\"fr-FR\"},{\"@type\":\"Person\",\"@id\":\"http:\/\/vincentians.com\/fr\/#\/schema\/person\/9623ef4d9aa3b2dfb8c061f1499288f2\",\"name\":\"Francisco Javier Fern\u00e1ndez Chento\",\"image\":{\"@type\":\"ImageObject\",\"inLanguage\":\"fr-FR\",\"@id\":\"http:\/\/vincentians.com\/fr\/#\/schema\/person\/image\/\",\"url\":\"https:\/\/secure.gravatar.com\/avatar\/497d5cde87b4c3d097d0315953521681ba2cd523ee66e5077c3711f7021e65de?s=96&d=mm&r=g\",\"contentUrl\":\"https:\/\/secure.gravatar.com\/avatar\/497d5cde87b4c3d097d0315953521681ba2cd523ee66e5077c3711f7021e65de?s=96&d=mm&r=g\",\"caption\":\"Francisco Javier Fern\u00e1ndez Chento\"},\"description\":\"Director General y cofundador de La Red de Formaci\u00f3n Vicenciana. Javier es laico vicenciano, afiliado a la Congregaci\u00f3n de la Misi\u00f3n y miembro del Equipo de Misiones Populares de la provincia can\u00f3nica de Zaragoza (Espa\u00f1a) de la Congregaci\u00f3n de la Misi\u00f3n. Graduado en la Universidad Oberta de Catalunya con cuatro grados (Asistente de direcci\u00f3n, Gesti\u00f3n Administrativa, Recursos Humanos y Contabilidad Avanzada). Bil\u00edng\u00fce Espa\u00f1ol\/Ingl\u00e9s. gestiona y mantiene varias p\u00e1ginas web cristianas y vicencianas, incluida including La Red de Formaci\u00f3n Vicenciana, de la que es cofundador. Actualmente es responsable del \u00e1rea de Espa\u00f1ol de .famvin, la Red de Noticias de la Familia Vicenciana. Tambi\u00e9n es m\u00fasico cat\u00f3lico y ha editado varios discos. Es Director General y cofundador de Trovador, una reconocida compa\u00f1\u00eda discogr\u00e1fica critiana de Espa\u00f1a. Trabaja en las Tecnolog\u00edas de la Informaci\u00f3n, ofreciendo servicios de alojamiento, dise\u00f1o y mantenimiento Web, as\u00ed como asesoramiento, formaci\u00f3n y soluciones inform\u00e1ticas, gesti\u00f3n documental y digitalizaci\u00f3n de textos, edici\u00f3n y maquetaci\u00f3n de libros, revistas, flyers, etc.\",\"sameAs\":[\"http:\/\/chento.org\",\"https:\/\/www.facebook.com\/JavierChento\",\"https:\/\/x.com\/https:\/\/twitter.com\/javierchento\"],\"url\":\"http:\/\/vincentians.com\/fr\/author\/chento\/\"}]}<\/script>\n<!-- \/ Yoast SEO plugin. -->","yoast_head_json":{"title":"Sainte Louise et Saint Vincent - Nous Sommes Vincentiens","robots":{"index":"index","follow":"follow","max-snippet":"max-snippet:-1","max-image-preview":"max-image-preview:large","max-video-preview":"max-video-preview:-1"},"canonical":"http:\/\/vincentians.com\/fr\/sainte-louise-et-saint-vincent\/","og_locale":"fr_FR","og_type":"article","og_title":"Sainte Louise et Saint Vincent - Nous Sommes Vincentiens","og_description":"Comme chaque ann\u00e9e d\u00e9sormais, la f\u00eate, de Saint Vincent de Paul est c\u00e9l\u00e9br\u00e9e sur trois journ\u00e9es cons\u00e9cutives au berceau. L&rsquo;Eucharistie de cette ann\u00e9e a \u00e9t\u00e9 c\u00e9l\u00e9br\u00e9e par Mgr Sarrab\u00e8re, anim\u00e9e par le P. Christian Laboure. ... Read More","og_url":"http:\/\/vincentians.com\/fr\/sainte-louise-et-saint-vincent\/","og_site_name":"Nous Sommes Vincentiens","article_publisher":"https:\/\/www.facebook.com\/WeAreVincentians\/","article_author":"https:\/\/www.facebook.com\/JavierChento","article_published_time":"2012-10-01T10:01:45+00:00","author":"Francisco Javier Fern\u00e1ndez Chento","twitter_card":"summary_large_image","twitter_creator":"@https:\/\/twitter.com\/javierchento","twitter_site":"@WeVincentians","twitter_misc":{"\u00c9crit par":"Francisco Javier Fern\u00e1ndez Chento","Dur\u00e9e de lecture estim\u00e9e":"23 minutes"},"schema":{"@context":"https:\/\/schema.org","@graph":[{"@type":"WebPage","@id":"http:\/\/vincentians.com\/fr\/sainte-louise-et-saint-vincent\/","url":"http:\/\/vincentians.com\/fr\/sainte-louise-et-saint-vincent\/","name":"Sainte Louise et Saint Vincent - Nous Sommes Vincentiens","isPartOf":{"@id":"http:\/\/vincentians.com\/fr\/#website"},"primaryImageOfPage":{"@id":"http:\/\/vincentians.com\/fr\/sainte-louise-et-saint-vincent\/#primaryimage"},"image":{"@id":"http:\/\/vincentians.com\/fr\/sainte-louise-et-saint-vincent\/#primaryimage"},"thumbnailUrl":"","datePublished":"2012-10-01T10:01:45+00:00","author":{"@id":"http:\/\/vincentians.com\/fr\/#\/schema\/person\/9623ef4d9aa3b2dfb8c061f1499288f2"},"breadcrumb":{"@id":"http:\/\/vincentians.com\/fr\/sainte-louise-et-saint-vincent\/#breadcrumb"},"inLanguage":"fr-FR","potentialAction":[{"@type":"ReadAction","target":["http:\/\/vincentians.com\/fr\/sainte-louise-et-saint-vincent\/"]}]},{"@type":"ImageObject","inLanguage":"fr-FR","@id":"http:\/\/vincentians.com\/fr\/sainte-louise-et-saint-vincent\/#primaryimage","url":"","contentUrl":""},{"@type":"BreadcrumbList","@id":"http:\/\/vincentians.com\/fr\/sainte-louise-et-saint-vincent\/#breadcrumb","itemListElement":[{"@type":"ListItem","position":1,"name":"Portada","item":"http:\/\/vincentians.com\/fr\/"},{"@type":"ListItem","position":2,"name":"Sainte Louise et Saint Vincent"}]},{"@type":"WebSite","@id":"http:\/\/vincentians.com\/fr\/#website","url":"http:\/\/vincentians.com\/fr\/","name":"Nous Sommes Vincentiens","description":"Know more to serve more","potentialAction":[{"@type":"SearchAction","target":{"@type":"EntryPoint","urlTemplate":"http:\/\/vincentians.com\/fr\/?s={search_term_string}"},"query-input":{"@type":"PropertyValueSpecification","valueRequired":true,"valueName":"search_term_string"}}],"inLanguage":"fr-FR"},{"@type":"Person","@id":"http:\/\/vincentians.com\/fr\/#\/schema\/person\/9623ef4d9aa3b2dfb8c061f1499288f2","name":"Francisco Javier Fern\u00e1ndez Chento","image":{"@type":"ImageObject","inLanguage":"fr-FR","@id":"http:\/\/vincentians.com\/fr\/#\/schema\/person\/image\/","url":"https:\/\/secure.gravatar.com\/avatar\/497d5cde87b4c3d097d0315953521681ba2cd523ee66e5077c3711f7021e65de?s=96&d=mm&r=g","contentUrl":"https:\/\/secure.gravatar.com\/avatar\/497d5cde87b4c3d097d0315953521681ba2cd523ee66e5077c3711f7021e65de?s=96&d=mm&r=g","caption":"Francisco Javier Fern\u00e1ndez Chento"},"description":"Director General y cofundador de La Red de Formaci\u00f3n Vicenciana. Javier es laico vicenciano, afiliado a la Congregaci\u00f3n de la Misi\u00f3n y miembro del Equipo de Misiones Populares de la provincia can\u00f3nica de Zaragoza (Espa\u00f1a) de la Congregaci\u00f3n de la Misi\u00f3n. Graduado en la Universidad Oberta de Catalunya con cuatro grados (Asistente de direcci\u00f3n, Gesti\u00f3n Administrativa, Recursos Humanos y Contabilidad Avanzada). Bil\u00edng\u00fce Espa\u00f1ol\/Ingl\u00e9s. gestiona y mantiene varias p\u00e1ginas web cristianas y vicencianas, incluida including La Red de Formaci\u00f3n Vicenciana, de la que es cofundador. Actualmente es responsable del \u00e1rea de Espa\u00f1ol de .famvin, la Red de Noticias de la Familia Vicenciana. Tambi\u00e9n es m\u00fasico cat\u00f3lico y ha editado varios discos. Es Director General y cofundador de Trovador, una reconocida compa\u00f1\u00eda discogr\u00e1fica critiana de Espa\u00f1a. Trabaja en las Tecnolog\u00edas de la Informaci\u00f3n, ofreciendo servicios de alojamiento, dise\u00f1o y mantenimiento Web, as\u00ed como asesoramiento, formaci\u00f3n y soluciones inform\u00e1ticas, gesti\u00f3n documental y digitalizaci\u00f3n de textos, edici\u00f3n y maquetaci\u00f3n de libros, revistas, flyers, etc.","sameAs":["http:\/\/chento.org","https:\/\/www.facebook.com\/JavierChento","https:\/\/x.com\/https:\/\/twitter.com\/javierchento"],"url":"http:\/\/vincentians.com\/fr\/author\/chento\/"}]}},"jetpack_publicize_connections":[],"jetpack_featured_media_url":"","jetpack_sharing_enabled":true,"jetpack_shortlink":"https:\/\/wp.me\/p7ETMP-9VR","jetpack-related-posts":[{"id":105005,"url":"http:\/\/vincentians.com\/fr\/saint-vincent-de-paul-et-sainte-louise-de-marillac-leurs-relations-dapres-leur-correspondance-avant-propos\/","url_meta":{"origin":38183,"position":0},"title":"Saint Vincent de Paul et sainte Louise de Marillac, leurs relations d&rsquo;apr\u00e8s leur correspondance. Avant-Propos","author":"Francisco Javier Fern\u00e1ndez Chento","date":"15\/05\/2015","format":false,"excerpt":"Louise de Marillac naquit en 1591, dix ans apr\u00e8s Vincent de Paul. En f\u00e9vrier 1613, elle \u00e9pousa Antoine Le Gras, secr\u00e9taire de la reine Marie de M\u00e9dicis. La m\u00eame ann\u00e9e, elle donna le jour \u00e0 son fils Michel. Apr\u00e8s son mariage, elle fut mademoiselle Le Gras pour ses contemporains, \u00e0\u2026","rel":"","context":"Dans &quot;Au temps de Vincent de Paul&quot;","block_context":{"text":"Au temps de Vincent de Paul","link":"http:\/\/vincentians.com\/fr\/category\/au-temps-de-vincent-de-paul\/"},"img":{"alt_text":"","src":"https:\/\/i0.wp.com\/vincentiens.org\/wp-content\/uploads\/2012\/12\/vincent_louise-300x231.jpg?resize=350%2C200","width":350,"height":200},"classes":[]},{"id":104568,"url":"http:\/\/vincentians.com\/fr\/vincent-de-paul-le-saint-de-la-charite\/","url_meta":{"origin":38183,"position":1},"title":"Vincent de Paul : le Saint de la Charit\u00e9","author":"Francisco Javier Fern\u00e1ndez Chento","date":"13\/12\/2014","format":false,"excerpt":"https:\/\/www.youtube.com\/watch?v=PXjkbKvbgF4 Lettre de pr\u00e9sentation Chers amis, Pendant longtemps, les membres de la Famille Vincentienne ont exprim\u00e9 le souhait de cr\u00e9er une vid\u00e9o sur Saint Vincent qui serve \u00e0 \u00e9duquer, \u00e0 former et \u00e0 inspirer. Les nombreuses \u00e9tudes modernes sur l\u2019histoire de Vincent de Paul, de Louise de Marillac et la\u2026","rel":"","context":"Dans &quot;Vincent de Paul&quot;","block_context":{"text":"Vincent de Paul","link":"http:\/\/vincentians.com\/fr\/category\/the-vincentian-family\/founders\/vincent-de-paul\/"},"img":{"alt_text":"vincent_dvd_cover","src":"https:\/\/i0.wp.com\/vincentiens.org\/wp-content\/uploads\/2014\/12\/vincent_dvd_cover-246x300.jpg?resize=350%2C200","width":350,"height":200},"classes":[]},{"id":38477,"url":"http:\/\/vincentians.com\/fr\/le-directeur-provincial-animateur-des-filles-de-la-charite\/","url_meta":{"origin":38183,"position":2},"title":"Le Directeur Provincial \u201canimateur\u201d des Filles de la Charit\u00e9","author":"Francisco Javier Fern\u00e1ndez Chento","date":"03\/10\/2012","format":false,"excerpt":"Dans les Constitutions des Filles de la Charit\u00e9, nous trouvons \u00e0 l\u2019article 3.38: le Directeur Provincial est un pr\u00eatre de la Congr\u00e9gation de la Mission, nomm\u00e9 par le Sup\u00e9rieur G\u00e9n\u00e9ral; \u201cil partage avec la Visitatrice et son Conseil la responsabilit\u00e9 de promouvoir l\u2019esprit vincentien dans la Province\u201d Missionnaire, le directeur\u2026","rel":"","context":"Dans &quot;Congr\u00e9gation de la Mission&quot;","block_context":{"text":"Congr\u00e9gation de la Mission","link":"http:\/\/vincentians.com\/fr\/category\/congregation-de-la-mission\/"},"img":{"alt_text":"","src":"https:\/\/i0.wp.com\/vincentiens.org\/wp-content\/uploads\/2011\/05\/filles_charite-228x300.jpg?resize=350%2C200","width":350,"height":200},"classes":[]},{"id":105018,"url":"http:\/\/vincentians.com\/fr\/saint-vincent-de-paul-et-sainte-louise-de-marillac-leurs-relations-dapres-leur-correspondance-conclusion\/","url_meta":{"origin":38183,"position":3},"title":"Saint Vincent de Paul et sainte Louise de Marillac, leurs relations d&rsquo;apr\u00e8s leur correspondance. Conclusion","author":"Francisco Javier Fern\u00e1ndez Chento","date":"19\/05\/2015","format":false,"excerpt":"Conclusion Apr\u00e8s la mort de Louise de Marillac, les Filles de la Charit\u00e9 dress\u00e8rent le tableau de ses vertus, en deux r\u00e9unions que pr\u00e9sidait Vincent de Paul. Elles \u00e9taient invit\u00e9es \u00e0 dire, en toute simplicit\u00e9, comment leur \u00e9tait apparue leur premi\u00e8re Sup\u00e9rieure pendant pr\u00e8s de trente ans. Au jugement de\u2026","rel":"","context":"Dans &quot;Au temps de Vincent de Paul&quot;","block_context":{"text":"Au temps de Vincent de Paul","link":"http:\/\/vincentians.com\/fr\/category\/au-temps-de-vincent-de-paul\/"},"img":{"alt_text":"","src":"https:\/\/i0.wp.com\/vincentiens.org\/wp-content\/uploads\/2012\/12\/vincent_louise-300x231.jpg?resize=350%2C200","width":350,"height":200},"classes":[]},{"id":104557,"url":"http:\/\/vincentians.com\/fr\/louise-de-marillac-fondatrice\/","url_meta":{"origin":38183,"position":4},"title":"Louise de Marillac, fondatrice","author":"Francisco Javier Fern\u00e1ndez Chento","date":"31\/10\/2012","format":false,"excerpt":"Parlant de l'origine de la Compagnie, Monsieur Vincent aimait \u00e0 dire aux Soeurs au cours des Conf\u00e9rences : \"Je n'y pensais pas, Mademoiselle n'y pensait pas, ni Monsieur Portail.\" Et Vincent de Paul expliquait aux Soeurs que Dieu seul est l'auteur de la Compagnie. Mais pour accomplir son oeuvre, Dieu\u2026","rel":"","context":"Dans &quot;Louise de Marillac&quot;","block_context":{"text":"Louise de Marillac","link":"http:\/\/vincentians.com\/fr\/category\/the-vincentian-family\/founders\/louise-de-marillac\/"},"img":{"alt_text":"","src":"https:\/\/i0.wp.com\/vincentiens.org\/wp-content\/uploads\/2012\/10\/louise_de_marillac-235x300.jpg?resize=350%2C200","width":350,"height":200},"classes":[]},{"id":107849,"url":"http:\/\/vincentians.com\/fr\/vincent-de-paul-lettre-0018-a-louise-de-marillac\/","url_meta":{"origin":38183,"position":5},"title":"Vincent de Paul, Lettre 0018. A Louise De Marillac","author":"Francisco Javier Fern\u00e1ndez Chento","date":"31\/10\/2016","format":false,"excerpt":"B\u00e9ni soit Dieu, Mademoiselle, de ce que vous vous portez mieux ! Vous serez la bien venue demain pour communier \u00e0 la messe de Monsieur de la Salle, car pour moi, je suis oblig\u00e9 de la dire de matin, ce \u00e0 cause d'une assembl\u00e9e d'eccl\u00e9siastiques qui se doit faire demain\u2026","rel":"","context":"Dans &quot;\u00c9crits de Vincent de Paul&quot;","block_context":{"text":"\u00c9crits de Vincent de Paul","link":"http:\/\/vincentians.com\/fr\/category\/ecrits-de-vincent-de-paul\/"},"img":{"alt_text":"","src":"https:\/\/i0.wp.com\/vincentians.com\/fr\/wp-content\/uploads\/sites\/10\/2016\/07\/cartas-vicente-de-paul.jpg?fit=1200%2C630&resize=350%2C200","width":350,"height":200,"srcset":"https:\/\/i0.wp.com\/vincentians.com\/fr\/wp-content\/uploads\/sites\/10\/2016\/07\/cartas-vicente-de-paul.jpg?fit=1200%2C630&resize=350%2C200 1x, https:\/\/i0.wp.com\/vincentians.com\/fr\/wp-content\/uploads\/sites\/10\/2016\/07\/cartas-vicente-de-paul.jpg?fit=1200%2C630&resize=525%2C300 1.5x, https:\/\/i0.wp.com\/vincentians.com\/fr\/wp-content\/uploads\/sites\/10\/2016\/07\/cartas-vicente-de-paul.jpg?fit=1200%2C630&resize=700%2C400 2x, https:\/\/i0.wp.com\/vincentians.com\/fr\/wp-content\/uploads\/sites\/10\/2016\/07\/cartas-vicente-de-paul.jpg?fit=1200%2C630&resize=1050%2C600 3x"},"classes":[]}],"_links":{"self":[{"href":"http:\/\/vincentians.com\/fr\/wp-json\/wp\/v2\/posts\/38183","targetHints":{"allow":["GET"]}}],"collection":[{"href":"http:\/\/vincentians.com\/fr\/wp-json\/wp\/v2\/posts"}],"about":[{"href":"http:\/\/vincentians.com\/fr\/wp-json\/wp\/v2\/types\/post"}],"author":[{"embeddable":true,"href":"http:\/\/vincentians.com\/fr\/wp-json\/wp\/v2\/users\/4"}],"replies":[{"embeddable":true,"href":"http:\/\/vincentians.com\/fr\/wp-json\/wp\/v2\/comments?post=38183"}],"version-history":[{"count":0,"href":"http:\/\/vincentians.com\/fr\/wp-json\/wp\/v2\/posts\/38183\/revisions"}],"wp:featuredmedia":[{"embeddable":true,"href":"http:\/\/vincentians.com\/fr\/wp-json\/"}],"wp:attachment":[{"href":"http:\/\/vincentians.com\/fr\/wp-json\/wp\/v2\/media?parent=38183"}],"wp:term":[{"taxonomy":"category","embeddable":true,"href":"http:\/\/vincentians.com\/fr\/wp-json\/wp\/v2\/categories?post=38183"},{"taxonomy":"post_tag","embeddable":true,"href":"http:\/\/vincentians.com\/fr\/wp-json\/wp\/v2\/tags?post=38183"}],"curies":[{"name":"wp","href":"https:\/\/api.w.org\/{rel}","templated":true}]}}