{"id":190886,"date":"2019-04-02T06:00:44","date_gmt":"2019-04-02T04:00:44","guid":{"rendered":"http:\/\/vincentians.com\/fr\/?p=190886"},"modified":"2019-04-01T19:18:24","modified_gmt":"2019-04-01T17:18:24","slug":"declaration-de-solidarite-de-la-famille-vincentienne-avec-le-peuple-du-venezuela","status":"publish","type":"post","link":"http:\/\/vincentians.com\/fr\/declaration-de-solidarite-de-la-famille-vincentienne-avec-le-peuple-du-venezuela\/","title":{"rendered":"D\u00e9claration de solidarit\u00e9 de la Famille Vincentienne avec le peuple du Venezuela"},"content":{"rendered":"<p><em>\u00c0 tous les membres de la Famille Vincentienne (VF) du monde, et plus particuli\u00e8rement \u00e0 nos fr\u00e8res et s\u0153urs du Venezuela, nous exprimons notre pr\u00e9occupation et notre solidarit\u00e9 face \u00e0 la situation dramatique que les V\u00e9n\u00e9zu\u00e9liens vivent dans leur pays.<\/em><\/p>\n<p>&nbsp;<\/p>\n<div style=\"padding: 2px 6px 4px 6px; color: #555555; background-color: #eeeeee; border: #dddddd 2px solid;\">\n<p>Nous sommes conscients de la douloureuse situation d\u2019injustice et de souffrance que vit le peuple v\u00e9n\u00e9zu\u00e9lien en raison du manque de ce qui est n\u00e9cessaire pour pouvoir mener une vie digne et productive et de son impuissance face \u00e0 l\u2019injustice croissante. Nous prions pour que le peuple v\u00e9n\u00e9zu\u00e9lien garde l\u2019esp\u00e9rance pendant qu\u2019il cherche un changement socio-politique et \u00e9conomique pacifique et transparent. Nous prions \u00e9galement pour que ce changement permette au pays de retrouver sa pleine d\u00e9mocratie et le conduise \u00e0 r\u00e9tablir l\u2019\u00e9tat de droit, \u00e0 reconstruire le tissu social, \u00e0 produire librement et \u00e0 promouvoir la r\u00e9conciliation nationale au sein de cette nation rest\u00e9e toujours pacifique.<\/p>\n<p>En cette p\u00e9riode de conflit, nous appelons \u00e0 la protection des droits individuels et collectifs, tels que d\u00e9finis dans la constitution nationale, et au respect des protocoles internationaux. Nous sommes profond\u00e9ment \u00e9mus par la r\u00e9alit\u00e9 insupportable des plus d\u00e9munis: famine croissante, impossibilit\u00e9 d\u2019avoir acc\u00e8s aux m\u00e9dicaments, salaires diminu\u00e9s en raison de l\u2019inflation sans cesse croissante, ins\u00e9curit\u00e9 et violence g\u00e9n\u00e9ralis\u00e9es, manque d\u2019acc\u00e8s \u00e0 l\u2019emploi et \u00e0 un logement d\u00e9cent, etc. Dans cette crise humanitaire, la Famille Vincentienne voudrait se rendre pr\u00e9sente non seulement par la solidarit\u00e9 dans la pri\u00e8re et l\u2019accompagnement spirituel, mais aussi en offrant une aide qui puisse soulager une partie de la douleur des plus abandonn\u00e9s.<\/p>\n<p>En tant que personnes de foi et fr\u00e8res\/s\u0153urs partageant le m\u00eame charisme, nous voulons accompagner de pr\u00e8s le peuple v\u00e9n\u00e9zu\u00e9lien sur ce long et p\u00e9nible chemin de croix, vers la pl\u00e9nitude de la vie (Jean 10: 10). Nous aimerions les aider \u00e0 se sentir proches du Dieu de la vie gr\u00e2ce \u00e0 notre \u00e9treinte compatissante, \u00e0 notre pri\u00e8re continue et \u00e0 une campagne internationale d\u2019aide vincentienne en faveur des plus d\u00e9munis du pays, ainsi qu\u2019en faveur des programmes mis en place par notre Famille Vincentienne au Venezuela.<\/p>\n<p>Nous remercions tous les membres de la Famille Vincentienne qui ont d\u00e9velopp\u00e9 leur vie et leur mission dans le pays. Nous savons que cette r\u00e9alit\u00e9 les a oblig\u00e9s \u00e0 une cr\u00e9ativit\u00e9 extr\u00eame au service du charisme. Humblement, nous voulons nous associer aux nombreux r\u00e9seaux de solidarit\u00e9 et de compassion destin\u00e9s \u00e0 soulager la douleur croissante du peuple v\u00e9n\u00e9zu\u00e9lien.<\/p>\n<p>En ce moment crucial de l\u2019histoire de ce pays fr\u00e8re, nous invitons tous les membres de la Famille Vincentienne \u00e0 nous rejoindre dans ce geste de communion et de solidarit\u00e9, chacun selon ses possibilit\u00e9s et ses domaines de comp\u00e9tence.<\/p>\n<p>Nous invitons \u00e9galement nos r\u00e9seaux de la Famille Vincentienne \u00e0 accueillir, prot\u00e9ger et soutenir tous les V\u00e9n\u00e9zu\u00e9liens qui ont migr\u00e9 \u00e0 travers le monde. Pr\u00e8s de 5 millions de V\u00e9n\u00e9zu\u00e9liens sont aujourd\u2019hui des r\u00e9fugi\u00e9s vivant dans des conditions dramatiques en Colombie, au P\u00e9rou, en \u00c9quateur, au Br\u00e9sil et dans d\u2019autres pays, en particulier en Am\u00e9rique et en Europe.<\/p>\n<p>Nous nous associons au souhait du pape Fran\u00e7ois et \u00e0 l\u2019appel qu\u2019il a lanc\u00e9 pour que la transformation du pays se fasse sans effusion de sang et conduise \u00e0 la r\u00e9conciliation totale du pays et \u00e0 la r\u00e9paration des tissus bris\u00e9s de la soci\u00e9t\u00e9, en veillant \u00e0 promouvoir des opportunit\u00e9s de d\u00e9veloppement humain int\u00e9gral et \u00e0 r\u00e9activer des valeurs de paix et de justice.<\/p>\n<p>Nous faisons confiance au Dieu de l\u2019histoire. Il est le Dieu du salut et le J\u00e9sus lib\u00e9rateur qui nous dit: \u00ab N\u2019ayez pas peur, je serai avec vous tous les jours jusqu\u2019\u00e0 la fin du monde \u00bb (Mt 28, 20). Que Marie de Coromoto, patronne de la nation, prot\u00e8ge toujours le Venezuela, pendant que nous exprimons notre plus profonde solidarit\u00e9 ! Saint Vincent de Paul et tous nos Saints et Bienheureux vincentiens, priez pour nous !<\/p>\n<\/div>\n<p>&nbsp;<\/p>\n<h2>Message du P\u00e8re Toma\u017e Mavri\u010d, pr\u00e9sident du Comit\u00e9 Ex\u00e9cutif de la Famille Vincentienne :<\/h2>\n<div class=\"x-embed x-is-unknown x-is-unknown\"><span class=\"embed-youtube\" style=\"text-align:center; display: block;\"><iframe loading=\"lazy\" class=\"youtube-player\" width=\"846\" height=\"476\" src=\"https:\/\/www.youtube.com\/embed\/5L3oqy21WWk?version=3&#038;rel=1&#038;showsearch=0&#038;showinfo=1&#038;iv_load_policy=1&#038;fs=1&#038;hl=fr-FR&#038;autohide=2&#038;cc_load_policy=1&#038;cc_lang_pref=fr&#038;wmode=transparent\" allowfullscreen=\"true\" style=\"border:0;\" sandbox=\"allow-scripts allow-same-origin allow-popups allow-presentation allow-popups-to-escape-sandbox\"><\/iframe><\/span><\/div>\n<blockquote><p><em>Le Venezuela traverse une crise humanitaire d\u2019une dimension exceptionnelle. Le peuple v\u00e9n\u00e9zu\u00e9lien souffre et nous ne pouvons rester impassibles devant tant de souffrances. Les membres de la Famille Vincentienne, soit plus de quatre millions de personnes qui servent les plus d\u00e9munis \u00e0 l\u2019exemple de saint Vincent de Paul, vous demandent de vous joindre \u00e0 nous et de collaborer de toutes les mani\u00e8res possibles pour qu\u2019aucun V\u00e9n\u00e9zu\u00e9lien ne souffre de la faim ou ne reste dans le besoin. S\u2019il vous pla\u00eet, aidez-nous \u00e0 les aider.<\/em><\/p><\/blockquote>\n<div style=\"padding: 2px 6px 4px 6px; color: #555555; background-color: #eeeeee; border: #dddddd 2px solid;\">\n<h2>Quelques suggestions d\u2019action :<\/h2>\n<ol>\n<li><strong>Passez le mot<\/strong>: partagez la d\u00e9claration sur vos r\u00e9seaux sociaux, imprimez-la et distribuez-la, etc. .<\/li>\n<li><strong>Priez pour le Venezuela<\/strong>: en priv\u00e9 et en communaut\u00e9.<\/li>\n<li><strong>Contribuez avec un don<\/strong>: personnel ou communautaire (de votre groupe, branche, \u00e9cole, paroisse &#8230;).<\/li>\n<\/ol>\n<h3><strong>Comptes sur lesquels envoyer les dons (choisissez n&rsquo;importe lequel) :<\/strong><\/h3>\n<h3>Titulaire du compte: CONGREGACI\u00d3N DE LA MISI\u00d3N &#8211; PADRES VICENTINOS<br \/>\nBanque: BANCOLOMBIA<br \/>\nSuccursale 219, Calle 26 #32-61, Bogot\u00e1 (Colombia)<br \/>\nNum\u00e9ro de compte: 219-000127-25<br \/>\nSWIFT: COLOCOBM<br \/>\nDevise du compte: pesos colombiens<br \/>\nType de transaction: OUR ou SHA<\/h3>\n<h3>Titulaire du compte: HIJAS DE LA CARIDAD DE SAN VICENTE DE PA\u00daL<br \/>\nBanque: BANCOLOMBIA<br \/>\nSuccursale 219, Calle 26 #32-61, Bogot\u00e1 (Colombia)<br \/>\nNum\u00e9ro de compte: 219-000126-82<br \/>\nSWIFT: COLOCOBM<br \/>\nDevise du compte: pesos colombiens<br \/>\nType de transaction: OUR ou SHA<\/h3>\n<h3><strong>Tous les revenus de ces comptes, g\u00e9r\u00e9s par la Famille Vincentienne de Colombie, seront envoy\u00e9s \u00e0 nos fr\u00e8res au Venezuela.<\/strong><\/h3>\n<\/div>\n<p>&nbsp;<\/p>\n<div style=\"padding: 2px 6px 4px 6px; color: #555555; background-color: #eeeeee; border: #dddddd 2px solid;\">\n<h3>T\u00e9l\u00e9chargez cette d\u00e9claration au format PDF :<\/h3>\n<table>\n<colgroup>\n<col \/>\n<col \/><\/colgroup>\n<tbody>\n<tr>\n<td><strong>Folder<\/strong><\/td>\n<td><a href=\"https:\/\/famv.in\/VENEZUELA\" target=\"_blank\" rel=\"noopener noreferrer\" data-saferedirecturl=\"https:\/\/www.google.com\/url?q=https:\/\/famv.in\/VENEZUELA&amp;source=gmail&amp;ust=1553844238805000&amp;usg=AFQjCNEVLaOuEJ5dg2KWw6Ln5lsc7LoLFw\">https:\/\/famv.in\/VENEZUELA<\/a><\/td>\n<\/tr>\n<tr>\n<td><strong>English<\/strong><\/td>\n<td><a href=\"https:\/\/famv.in\/Venezuela_EN\" target=\"_blank\" rel=\"noopener noreferrer\" data-saferedirecturl=\"https:\/\/www.google.com\/url?q=https:\/\/famv.in\/Venezuela_EN&amp;source=gmail&amp;ust=1553844238805000&amp;usg=AFQjCNEl56uA1XqxMTF6w-PqgErEEbmMTA\">https:\/\/famv.in\/Venezuela_EN<\/a><\/td>\n<\/tr>\n<tr>\n<td><strong>Fran\u00e7ais<\/strong><\/td>\n<td><a href=\"https:\/\/famv.in\/Venezuela_FR\" target=\"_blank\" rel=\"noopener noreferrer\" data-saferedirecturl=\"https:\/\/www.google.com\/url?q=https:\/\/famv.in\/Venezuela_FR&amp;source=gmail&amp;ust=1553844238805000&amp;usg=AFQjCNGtX-aS6yHwenrVJ0zF7eAi8PpO9A\">https:\/\/famv.in\/Venezuela_FR<\/a><\/td>\n<\/tr>\n<tr>\n<td><strong>Espa\u00f1ol<\/strong><\/td>\n<td><a href=\"https:\/\/famv.in\/Venezuela_ES\" target=\"_blank\" rel=\"noopener noreferrer\" data-saferedirecturl=\"https:\/\/www.google.com\/url?q=https:\/\/famv.in\/Venezuela_ES&amp;source=gmail&amp;ust=1553844238805000&amp;usg=AFQjCNFKKSe6zH8gq6yzCS-SRsiVxgJtkw\">https:\/\/famv.in\/Venezuela_ES<\/a><\/td>\n<\/tr>\n<tr>\n<td><strong>Polski<\/strong><\/td>\n<td><a href=\"https:\/\/famv.in\/Venezuela_PL\" target=\"_blank\" rel=\"noopener noreferrer\" data-saferedirecturl=\"https:\/\/www.google.com\/url?q=https:\/\/famv.in\/Venezuela_PL&amp;source=gmail&amp;ust=1553844238805000&amp;usg=AFQjCNGd1GXFbSmuopQzG9eF8DmuAxuLlQ\">https:\/\/famv.in\/Venezuela_PL<\/a><\/td>\n<\/tr>\n<tr>\n<td><strong>Portugu\u00eas<\/strong><\/td>\n<td><a href=\"https:\/\/famv.in\/Venezuela_PT\" target=\"_blank\" rel=\"noopener noreferrer\" data-saferedirecturl=\"https:\/\/www.google.com\/url?q=https:\/\/famv.in\/Venezuela_PT&amp;source=gmail&amp;ust=1553844238805000&amp;usg=AFQjCNHqnDtC3BCDAigi9y-Mpa10uQdwJQ\">https:\/\/famv.in\/Venezuela_PT<\/a><\/td>\n<\/tr>\n<tr>\n<td><strong>Italiano<\/strong><\/td>\n<td><a href=\"https:\/\/famv.in\/Venezuela_IT\" target=\"_blank\" rel=\"noopener noreferrer\" data-saferedirecturl=\"https:\/\/www.google.com\/url?q=https:\/\/famv.in\/Venezuela_IT&amp;source=gmail&amp;ust=1553844238805000&amp;usg=AFQjCNFGwrSfJ4vsIGXaAb9MIfDgm2XpMQ\">https:\/\/famv.in\/Venezuela_IT<\/a><\/td>\n<\/tr>\n<\/tbody>\n<\/table>\n<\/div>\n","protected":false},"excerpt":{"rendered":"<p>\u00c0 tous les membres de la Famille Vincentienne (VF) du monde, et plus particuli\u00e8rement \u00e0 nos fr\u00e8res et s\u0153urs du Venezuela, nous exprimons notre pr\u00e9occupation et notre solidarit\u00e9 face \u00e0 la situation dramatique que les &#8230; <a href=\"http:\/\/vincentians.com\/fr\/declaration-de-solidarite-de-la-famille-vincentienne-avec-le-peuple-du-venezuela\/\" class=\"more-link\">Read More<\/a><\/p>\n","protected":false},"author":4,"featured_media":190887,"comment_status":"open","ping_status":"open","sticky":false,"template":"","format":"standard","meta":{"jetpack_post_was_ever_published":false,"_jetpack_newsletter_access":"","_jetpack_dont_email_post_to_subs":false,"_jetpack_newsletter_tier_id":0,"_jetpack_memberships_contains_paywalled_content":false,"_jetpack_memberships_contains_paid_content":false,"footnotes":"","jetpack_publicize_message":"","jetpack_publicize_feature_enabled":true,"jetpack_social_post_already_shared":true,"jetpack_social_options":{"image_generator_settings":{"template":"highway","default_image_id":0,"font":"","enabled":false},"version":2}},"categories":[123],"tags":[],"class_list":["post-190886","post","type-post","status-publish","format-standard","has-post-thumbnail","hentry","category-la-famille-vincentienne"],"yoast_head":"<!-- This site is optimized with the Yoast SEO plugin v26.3 - https:\/\/yoast.com\/wordpress\/plugins\/seo\/ -->\n<title>D\u00e9claration de solidarit\u00e9 de la Famille Vincentienne avec le peuple du Venezuela - Nous Sommes Vincentiens<\/title>\n<meta name=\"robots\" content=\"index, follow, max-snippet:-1, max-image-preview:large, max-video-preview:-1\" \/>\n<link rel=\"canonical\" href=\"http:\/\/vincentians.com\/fr\/declaration-de-solidarite-de-la-famille-vincentienne-avec-le-peuple-du-venezuela\/\" \/>\n<meta property=\"og:locale\" content=\"fr_FR\" \/>\n<meta property=\"og:type\" content=\"article\" \/>\n<meta property=\"og:title\" content=\"D\u00e9claration de solidarit\u00e9 de la Famille Vincentienne avec le peuple du Venezuela - Nous Sommes Vincentiens\" \/>\n<meta property=\"og:description\" content=\"\u00c0 tous les membres de la Famille Vincentienne (VF) du monde, et plus particuli\u00e8rement \u00e0 nos fr\u00e8res et s\u0153urs du Venezuela, nous exprimons notre pr\u00e9occupation et notre solidarit\u00e9 face \u00e0 la situation dramatique que les ... Read More\" \/>\n<meta property=\"og:url\" content=\"http:\/\/vincentians.com\/fr\/declaration-de-solidarite-de-la-famille-vincentienne-avec-le-peuple-du-venezuela\/\" \/>\n<meta property=\"og:site_name\" content=\"Nous Sommes Vincentiens\" \/>\n<meta property=\"article:publisher\" content=\"https:\/\/www.facebook.com\/WeAreVincentians\/\" \/>\n<meta property=\"article:author\" content=\"https:\/\/www.facebook.com\/JavierChento\" \/>\n<meta property=\"article:published_time\" content=\"2019-04-02T04:00:44+00:00\" \/>\n<meta property=\"og:image\" content=\"https:\/\/i0.wp.com\/vincentians.com\/fr\/wp-content\/uploads\/sites\/10\/2019\/04\/201904VF-venezuela-statement.jpg?fit=1200%2C630\" \/>\n\t<meta property=\"og:image:width\" content=\"1200\" \/>\n\t<meta property=\"og:image:height\" content=\"630\" \/>\n\t<meta property=\"og:image:type\" content=\"image\/jpeg\" \/>\n<meta name=\"author\" content=\"Francisco Javier Fern\u00e1ndez Chento\" \/>\n<meta name=\"twitter:card\" content=\"summary_large_image\" \/>\n<meta name=\"twitter:creator\" content=\"@https:\/\/twitter.com\/javierchento\" \/>\n<meta name=\"twitter:site\" content=\"@WeVincentians\" \/>\n<meta name=\"twitter:label1\" content=\"\u00c9crit par\" \/>\n\t<meta name=\"twitter:data1\" content=\"Francisco Javier Fern\u00e1ndez Chento\" \/>\n\t<meta name=\"twitter:label2\" content=\"Dur\u00e9e de lecture estim\u00e9e\" \/>\n\t<meta name=\"twitter:data2\" content=\"5 minutes\" \/>\n<script type=\"application\/ld+json\" class=\"yoast-schema-graph\">{\"@context\":\"https:\/\/schema.org\",\"@graph\":[{\"@type\":\"WebPage\",\"@id\":\"http:\/\/vincentians.com\/fr\/declaration-de-solidarite-de-la-famille-vincentienne-avec-le-peuple-du-venezuela\/\",\"url\":\"http:\/\/vincentians.com\/fr\/declaration-de-solidarite-de-la-famille-vincentienne-avec-le-peuple-du-venezuela\/\",\"name\":\"D\u00e9claration de solidarit\u00e9 de la Famille Vincentienne avec le peuple du Venezuela - Nous Sommes Vincentiens\",\"isPartOf\":{\"@id\":\"http:\/\/vincentians.com\/fr\/#website\"},\"primaryImageOfPage\":{\"@id\":\"http:\/\/vincentians.com\/fr\/declaration-de-solidarite-de-la-famille-vincentienne-avec-le-peuple-du-venezuela\/#primaryimage\"},\"image\":{\"@id\":\"http:\/\/vincentians.com\/fr\/declaration-de-solidarite-de-la-famille-vincentienne-avec-le-peuple-du-venezuela\/#primaryimage\"},\"thumbnailUrl\":\"https:\/\/i0.wp.com\/vincentians.com\/fr\/wp-content\/uploads\/sites\/10\/2019\/04\/201904VF-venezuela-statement.jpg?fit=1200%2C630\",\"datePublished\":\"2019-04-02T04:00:44+00:00\",\"author\":{\"@id\":\"http:\/\/vincentians.com\/fr\/#\/schema\/person\/9623ef4d9aa3b2dfb8c061f1499288f2\"},\"breadcrumb\":{\"@id\":\"http:\/\/vincentians.com\/fr\/declaration-de-solidarite-de-la-famille-vincentienne-avec-le-peuple-du-venezuela\/#breadcrumb\"},\"inLanguage\":\"fr-FR\",\"potentialAction\":[{\"@type\":\"ReadAction\",\"target\":[\"http:\/\/vincentians.com\/fr\/declaration-de-solidarite-de-la-famille-vincentienne-avec-le-peuple-du-venezuela\/\"]}]},{\"@type\":\"ImageObject\",\"inLanguage\":\"fr-FR\",\"@id\":\"http:\/\/vincentians.com\/fr\/declaration-de-solidarite-de-la-famille-vincentienne-avec-le-peuple-du-venezuela\/#primaryimage\",\"url\":\"https:\/\/i0.wp.com\/vincentians.com\/fr\/wp-content\/uploads\/sites\/10\/2019\/04\/201904VF-venezuela-statement.jpg?fit=1200%2C630\",\"contentUrl\":\"https:\/\/i0.wp.com\/vincentians.com\/fr\/wp-content\/uploads\/sites\/10\/2019\/04\/201904VF-venezuela-statement.jpg?fit=1200%2C630\",\"width\":1200,\"height\":630},{\"@type\":\"BreadcrumbList\",\"@id\":\"http:\/\/vincentians.com\/fr\/declaration-de-solidarite-de-la-famille-vincentienne-avec-le-peuple-du-venezuela\/#breadcrumb\",\"itemListElement\":[{\"@type\":\"ListItem\",\"position\":1,\"name\":\"Portada\",\"item\":\"http:\/\/vincentians.com\/fr\/\"},{\"@type\":\"ListItem\",\"position\":2,\"name\":\"D\u00e9claration de solidarit\u00e9 de la Famille Vincentienne avec le peuple du Venezuela\"}]},{\"@type\":\"WebSite\",\"@id\":\"http:\/\/vincentians.com\/fr\/#website\",\"url\":\"http:\/\/vincentians.com\/fr\/\",\"name\":\"Nous Sommes Vincentiens\",\"description\":\"Know more to serve more\",\"potentialAction\":[{\"@type\":\"SearchAction\",\"target\":{\"@type\":\"EntryPoint\",\"urlTemplate\":\"http:\/\/vincentians.com\/fr\/?s={search_term_string}\"},\"query-input\":{\"@type\":\"PropertyValueSpecification\",\"valueRequired\":true,\"valueName\":\"search_term_string\"}}],\"inLanguage\":\"fr-FR\"},{\"@type\":\"Person\",\"@id\":\"http:\/\/vincentians.com\/fr\/#\/schema\/person\/9623ef4d9aa3b2dfb8c061f1499288f2\",\"name\":\"Francisco Javier Fern\u00e1ndez Chento\",\"image\":{\"@type\":\"ImageObject\",\"inLanguage\":\"fr-FR\",\"@id\":\"http:\/\/vincentians.com\/fr\/#\/schema\/person\/image\/\",\"url\":\"https:\/\/secure.gravatar.com\/avatar\/497d5cde87b4c3d097d0315953521681ba2cd523ee66e5077c3711f7021e65de?s=96&d=mm&r=g\",\"contentUrl\":\"https:\/\/secure.gravatar.com\/avatar\/497d5cde87b4c3d097d0315953521681ba2cd523ee66e5077c3711f7021e65de?s=96&d=mm&r=g\",\"caption\":\"Francisco Javier Fern\u00e1ndez Chento\"},\"description\":\"Director General y cofundador de La Red de Formaci\u00f3n Vicenciana. Javier es laico vicenciano, afiliado a la Congregaci\u00f3n de la Misi\u00f3n y miembro del Equipo de Misiones Populares de la provincia can\u00f3nica de Zaragoza (Espa\u00f1a) de la Congregaci\u00f3n de la Misi\u00f3n. Graduado en la Universidad Oberta de Catalunya con cuatro grados (Asistente de direcci\u00f3n, Gesti\u00f3n Administrativa, Recursos Humanos y Contabilidad Avanzada). Bil\u00edng\u00fce Espa\u00f1ol\/Ingl\u00e9s. gestiona y mantiene varias p\u00e1ginas web cristianas y vicencianas, incluida including La Red de Formaci\u00f3n Vicenciana, de la que es cofundador. Actualmente es responsable del \u00e1rea de Espa\u00f1ol de .famvin, la Red de Noticias de la Familia Vicenciana. Tambi\u00e9n es m\u00fasico cat\u00f3lico y ha editado varios discos. Es Director General y cofundador de Trovador, una reconocida compa\u00f1\u00eda discogr\u00e1fica critiana de Espa\u00f1a. Trabaja en las Tecnolog\u00edas de la Informaci\u00f3n, ofreciendo servicios de alojamiento, dise\u00f1o y mantenimiento Web, as\u00ed como asesoramiento, formaci\u00f3n y soluciones inform\u00e1ticas, gesti\u00f3n documental y digitalizaci\u00f3n de textos, edici\u00f3n y maquetaci\u00f3n de libros, revistas, flyers, etc.\",\"sameAs\":[\"http:\/\/chento.org\",\"https:\/\/www.facebook.com\/JavierChento\",\"https:\/\/x.com\/https:\/\/twitter.com\/javierchento\"],\"url\":\"http:\/\/vincentians.com\/fr\/author\/chento\/\"}]}<\/script>\n<!-- \/ Yoast SEO plugin. -->","yoast_head_json":{"title":"D\u00e9claration de solidarit\u00e9 de la Famille Vincentienne avec le peuple du Venezuela - Nous Sommes Vincentiens","robots":{"index":"index","follow":"follow","max-snippet":"max-snippet:-1","max-image-preview":"max-image-preview:large","max-video-preview":"max-video-preview:-1"},"canonical":"http:\/\/vincentians.com\/fr\/declaration-de-solidarite-de-la-famille-vincentienne-avec-le-peuple-du-venezuela\/","og_locale":"fr_FR","og_type":"article","og_title":"D\u00e9claration de solidarit\u00e9 de la Famille Vincentienne avec le peuple du Venezuela - Nous Sommes Vincentiens","og_description":"\u00c0 tous les membres de la Famille Vincentienne (VF) du monde, et plus particuli\u00e8rement \u00e0 nos fr\u00e8res et s\u0153urs du Venezuela, nous exprimons notre pr\u00e9occupation et notre solidarit\u00e9 face \u00e0 la situation dramatique que les ... Read More","og_url":"http:\/\/vincentians.com\/fr\/declaration-de-solidarite-de-la-famille-vincentienne-avec-le-peuple-du-venezuela\/","og_site_name":"Nous Sommes Vincentiens","article_publisher":"https:\/\/www.facebook.com\/WeAreVincentians\/","article_author":"https:\/\/www.facebook.com\/JavierChento","article_published_time":"2019-04-02T04:00:44+00:00","og_image":[{"width":1200,"height":630,"url":"https:\/\/i0.wp.com\/vincentians.com\/fr\/wp-content\/uploads\/sites\/10\/2019\/04\/201904VF-venezuela-statement.jpg?fit=1200%2C630","type":"image\/jpeg"}],"author":"Francisco Javier Fern\u00e1ndez Chento","twitter_card":"summary_large_image","twitter_creator":"@https:\/\/twitter.com\/javierchento","twitter_site":"@WeVincentians","twitter_misc":{"\u00c9crit par":"Francisco Javier Fern\u00e1ndez Chento","Dur\u00e9e de lecture estim\u00e9e":"5 minutes"},"schema":{"@context":"https:\/\/schema.org","@graph":[{"@type":"WebPage","@id":"http:\/\/vincentians.com\/fr\/declaration-de-solidarite-de-la-famille-vincentienne-avec-le-peuple-du-venezuela\/","url":"http:\/\/vincentians.com\/fr\/declaration-de-solidarite-de-la-famille-vincentienne-avec-le-peuple-du-venezuela\/","name":"D\u00e9claration de solidarit\u00e9 de la Famille Vincentienne avec le peuple du Venezuela - Nous Sommes Vincentiens","isPartOf":{"@id":"http:\/\/vincentians.com\/fr\/#website"},"primaryImageOfPage":{"@id":"http:\/\/vincentians.com\/fr\/declaration-de-solidarite-de-la-famille-vincentienne-avec-le-peuple-du-venezuela\/#primaryimage"},"image":{"@id":"http:\/\/vincentians.com\/fr\/declaration-de-solidarite-de-la-famille-vincentienne-avec-le-peuple-du-venezuela\/#primaryimage"},"thumbnailUrl":"https:\/\/i0.wp.com\/vincentians.com\/fr\/wp-content\/uploads\/sites\/10\/2019\/04\/201904VF-venezuela-statement.jpg?fit=1200%2C630","datePublished":"2019-04-02T04:00:44+00:00","author":{"@id":"http:\/\/vincentians.com\/fr\/#\/schema\/person\/9623ef4d9aa3b2dfb8c061f1499288f2"},"breadcrumb":{"@id":"http:\/\/vincentians.com\/fr\/declaration-de-solidarite-de-la-famille-vincentienne-avec-le-peuple-du-venezuela\/#breadcrumb"},"inLanguage":"fr-FR","potentialAction":[{"@type":"ReadAction","target":["http:\/\/vincentians.com\/fr\/declaration-de-solidarite-de-la-famille-vincentienne-avec-le-peuple-du-venezuela\/"]}]},{"@type":"ImageObject","inLanguage":"fr-FR","@id":"http:\/\/vincentians.com\/fr\/declaration-de-solidarite-de-la-famille-vincentienne-avec-le-peuple-du-venezuela\/#primaryimage","url":"https:\/\/i0.wp.com\/vincentians.com\/fr\/wp-content\/uploads\/sites\/10\/2019\/04\/201904VF-venezuela-statement.jpg?fit=1200%2C630","contentUrl":"https:\/\/i0.wp.com\/vincentians.com\/fr\/wp-content\/uploads\/sites\/10\/2019\/04\/201904VF-venezuela-statement.jpg?fit=1200%2C630","width":1200,"height":630},{"@type":"BreadcrumbList","@id":"http:\/\/vincentians.com\/fr\/declaration-de-solidarite-de-la-famille-vincentienne-avec-le-peuple-du-venezuela\/#breadcrumb","itemListElement":[{"@type":"ListItem","position":1,"name":"Portada","item":"http:\/\/vincentians.com\/fr\/"},{"@type":"ListItem","position":2,"name":"D\u00e9claration de solidarit\u00e9 de la Famille Vincentienne avec le peuple du Venezuela"}]},{"@type":"WebSite","@id":"http:\/\/vincentians.com\/fr\/#website","url":"http:\/\/vincentians.com\/fr\/","name":"Nous Sommes Vincentiens","description":"Know more to serve more","potentialAction":[{"@type":"SearchAction","target":{"@type":"EntryPoint","urlTemplate":"http:\/\/vincentians.com\/fr\/?s={search_term_string}"},"query-input":{"@type":"PropertyValueSpecification","valueRequired":true,"valueName":"search_term_string"}}],"inLanguage":"fr-FR"},{"@type":"Person","@id":"http:\/\/vincentians.com\/fr\/#\/schema\/person\/9623ef4d9aa3b2dfb8c061f1499288f2","name":"Francisco Javier Fern\u00e1ndez Chento","image":{"@type":"ImageObject","inLanguage":"fr-FR","@id":"http:\/\/vincentians.com\/fr\/#\/schema\/person\/image\/","url":"https:\/\/secure.gravatar.com\/avatar\/497d5cde87b4c3d097d0315953521681ba2cd523ee66e5077c3711f7021e65de?s=96&d=mm&r=g","contentUrl":"https:\/\/secure.gravatar.com\/avatar\/497d5cde87b4c3d097d0315953521681ba2cd523ee66e5077c3711f7021e65de?s=96&d=mm&r=g","caption":"Francisco Javier Fern\u00e1ndez Chento"},"description":"Director General y cofundador de La Red de Formaci\u00f3n Vicenciana. Javier es laico vicenciano, afiliado a la Congregaci\u00f3n de la Misi\u00f3n y miembro del Equipo de Misiones Populares de la provincia can\u00f3nica de Zaragoza (Espa\u00f1a) de la Congregaci\u00f3n de la Misi\u00f3n. Graduado en la Universidad Oberta de Catalunya con cuatro grados (Asistente de direcci\u00f3n, Gesti\u00f3n Administrativa, Recursos Humanos y Contabilidad Avanzada). Bil\u00edng\u00fce Espa\u00f1ol\/Ingl\u00e9s. gestiona y mantiene varias p\u00e1ginas web cristianas y vicencianas, incluida including La Red de Formaci\u00f3n Vicenciana, de la que es cofundador. Actualmente es responsable del \u00e1rea de Espa\u00f1ol de .famvin, la Red de Noticias de la Familia Vicenciana. Tambi\u00e9n es m\u00fasico cat\u00f3lico y ha editado varios discos. Es Director General y cofundador de Trovador, una reconocida compa\u00f1\u00eda discogr\u00e1fica critiana de Espa\u00f1a. Trabaja en las Tecnolog\u00edas de la Informaci\u00f3n, ofreciendo servicios de alojamiento, dise\u00f1o y mantenimiento Web, as\u00ed como asesoramiento, formaci\u00f3n y soluciones inform\u00e1ticas, gesti\u00f3n documental y digitalizaci\u00f3n de textos, edici\u00f3n y maquetaci\u00f3n de libros, revistas, flyers, etc.","sameAs":["http:\/\/chento.org","https:\/\/www.facebook.com\/JavierChento","https:\/\/x.com\/https:\/\/twitter.com\/javierchento"],"url":"http:\/\/vincentians.com\/fr\/author\/chento\/"}]}},"jetpack_publicize_connections":[],"jetpack_featured_media_url":"https:\/\/i0.wp.com\/vincentians.com\/fr\/wp-content\/uploads\/sites\/10\/2019\/04\/201904VF-venezuela-statement.jpg?fit=1200%2C630","jetpack_sharing_enabled":true,"jetpack_shortlink":"https:\/\/wp.me\/p7ETMP-NEO","jetpack-related-posts":[{"id":38257,"url":"http:\/\/vincentians.com\/fr\/elements-dunion-dans-la-famille-vincentienne\/","url_meta":{"origin":190886,"position":0},"title":"\u00c9l\u00e9ments d\u2019union dans la Famille Vincentienne","author":"Francisco Javier Fern\u00e1ndez Chento","date":"04\/08\/2016","format":false,"excerpt":"A. De quelle famille parlons-nous ? Lorsque nous parlons de la Famille Vincentienne nous faisons allusion \u00e0 tous ces groupes d\u2019associations ou \u00e0 des congr\u00e9gations qui, dans leur vie (style) et dans leur action (apostolat), s\u2019inspirent avec diverses nuances, de ce que nous appelons aujourd\u2019hui \u00ab charisme vincentien \u00bb. D\u2019autre\u2026","rel":"","context":"Dans &quot;La Famille Vincentienne&quot;","block_context":{"text":"La Famille Vincentienne","link":"http:\/\/vincentians.com\/fr\/category\/la-famille-vincentienne\/"},"img":{"alt_text":"","src":"https:\/\/i0.wp.com\/vincentians.com\/fr\/wp-content\/uploads\/sites\/10\/2014\/01\/Vincentian-Family-leaders-meeting-in-Paris.jpg?fit=1200%2C630&resize=350%2C200","width":350,"height":200,"srcset":"https:\/\/i0.wp.com\/vincentians.com\/fr\/wp-content\/uploads\/sites\/10\/2014\/01\/Vincentian-Family-leaders-meeting-in-Paris.jpg?fit=1200%2C630&resize=350%2C200 1x, https:\/\/i0.wp.com\/vincentians.com\/fr\/wp-content\/uploads\/sites\/10\/2014\/01\/Vincentian-Family-leaders-meeting-in-Paris.jpg?fit=1200%2C630&resize=525%2C300 1.5x, https:\/\/i0.wp.com\/vincentians.com\/fr\/wp-content\/uploads\/sites\/10\/2014\/01\/Vincentian-Family-leaders-meeting-in-Paris.jpg?fit=1200%2C630&resize=700%2C400 2x, https:\/\/i0.wp.com\/vincentians.com\/fr\/wp-content\/uploads\/sites\/10\/2014\/01\/Vincentian-Family-leaders-meeting-in-Paris.jpg?fit=1200%2C630&resize=1050%2C600 3x"},"classes":[]},{"id":43443,"url":"http:\/\/vincentians.com\/fr\/les-missions-scolaires-dans-les-etablissements-vincentiens-de-france\/","url_meta":{"origin":190886,"position":1},"title":"Les Missions Scolaires dans les \u00e9tablissements vincentiens de France","author":"Francisco Javier Fern\u00e1ndez Chento","date":"11\/10\/2012","format":false,"excerpt":"Pr\u00e9ambule : \u00ab Vous devez faire entendre que le pauvre peuple se damne, faute de savoir les choses n\u00e9cessaires \u00e0 Salut et faute de se confesser \u00bb (SV I, 115). Un jour, Vincent de Paul ouvrit les yeux sur l\u2019\u00e9tat d\u00e9prav\u00e9 de l\u2019Eglise de France et l\u2019abandon du peuple des\u2026","rel":"","context":"Dans &quot;Minist\u00e8re de la Jeunesse&quot;","block_context":{"text":"Minist\u00e8re de la Jeunesse","link":"http:\/\/vincentians.com\/fr\/category\/ministere-de-la-jeunesse\/"},"img":{"alt_text":"Lyc\u00e9e St Vincent de Paul de Bordeaux","src":"https:\/\/i0.wp.com\/vincentiens.org\/wp-content\/uploads\/2012\/10\/Missions_Scolaires_Bilan-2010_11-300x199.jpg?resize=350%2C200","width":350,"height":200},"classes":[]},{"id":190822,"url":"http:\/\/vincentians.com\/fr\/prophetisme-charisme-vincentien-a-lumiere-de-doctrine-sociale-de-leglise-6\/","url_meta":{"origin":190886,"position":2},"title":"Proph\u00e9tisme du charisme vincentien a la lumi\u00e8re de la Doctrine Sociale de l\u2019\u00c9glise (6)","author":"Francisco Javier Fern\u00e1ndez Chento","date":"14\/02\/2017","format":false,"excerpt":"6.- SAINT VINCENT ET LA SOLIDARITE Le mot \u2018solidarit\u00e9\u2019 est l\u2019un de ces mots souvent employ\u00e9s, mais qui parfois n\u2019a pas sa v\u00e9ritable signification. Elle vient du latin \u2018solidus\u2019, solide, fort\u2026 Est solidaire celui qui pr\u00eate ou montre adh\u00e9sion ou appui \u00e0 la cause d\u2019autrui, sp\u00e9cialement dans les situations difficiles.\u2026","rel":"","context":"Dans &quot;Formation Vincentienne&quot;","block_context":{"text":"Formation Vincentienne","link":"http:\/\/vincentians.com\/fr\/category\/formation-vincentienne\/"},"img":{"alt_text":"","src":"https:\/\/i0.wp.com\/vincentians.com\/fr\/wp-content\/uploads\/sites\/10\/2017\/02\/profetismo-fb.jpg?fit=1200%2C630&resize=350%2C200","width":350,"height":200,"srcset":"https:\/\/i0.wp.com\/vincentians.com\/fr\/wp-content\/uploads\/sites\/10\/2017\/02\/profetismo-fb.jpg?fit=1200%2C630&resize=350%2C200 1x, https:\/\/i0.wp.com\/vincentians.com\/fr\/wp-content\/uploads\/sites\/10\/2017\/02\/profetismo-fb.jpg?fit=1200%2C630&resize=525%2C300 1.5x, https:\/\/i0.wp.com\/vincentians.com\/fr\/wp-content\/uploads\/sites\/10\/2017\/02\/profetismo-fb.jpg?fit=1200%2C630&resize=700%2C400 2x, https:\/\/i0.wp.com\/vincentians.com\/fr\/wp-content\/uploads\/sites\/10\/2017\/02\/profetismo-fb.jpg?fit=1200%2C630&resize=1050%2C600 3x"},"classes":[]},{"id":106930,"url":"http:\/\/vincentians.com\/fr\/lettre-du-pere-gregory-gay-de-lavent-2013\/","url_meta":{"origin":190886,"position":3},"title":"Lettre du P\u00e8re Gregory Gay de l\u2019Avent 2013","author":"Francisco Javier Fern\u00e1ndez Chento","date":"21\/11\/2013","format":false,"excerpt":"A tous les membres de la Famille vincentienne Que la gr\u00e2ce et la paix de Notre Seigneur J\u00e9sus-Christ emplissent vos c\u0153urs maintenant et \u00e0 jamais ! Cette ann\u00e9e 2013 a \u00e9t\u00e9 une ann\u00e9e marquante. Nous avons c\u00e9l\u00e9br\u00e9 \u00ab\u00a0l\u2019Ann\u00e9e de la Foi\u00a0\u00bb qui co\u00efncidait avec le 50\u00e8me anniversaire du d\u00e9but du\u2026","rel":"","context":"Dans &quot;Sup\u00e9rieur G\u00e9n\u00e9ral&quot;","block_context":{"text":"Sup\u00e9rieur G\u00e9n\u00e9ral","link":"http:\/\/vincentians.com\/fr\/category\/superieur-general\/"},"img":{"alt_text":"\u00ab \u2026 et un petit gar\u00e7on les conduira \u00bb Is 11, 6.","src":"https:\/\/i0.wp.com\/vincentiens.org\/wp-content\/uploads\/2013\/11\/papa_y_ninyo.jpg?resize=350%2C200","width":350,"height":200},"classes":[]},{"id":106319,"url":"http:\/\/vincentians.com\/fr\/nous-souvenant-de-vincent-et-de-louise-deux-grands-prophetes-de-la-charite\/","url_meta":{"origin":190886,"position":4},"title":"Nous souvenant de Vincent et de Louise \u2026 deux grands proph\u00e8tes de la charit\u00e9","author":"Francisco Javier Fern\u00e1ndez Chento","date":"19\/04\/2013","format":false,"excerpt":"Les c\u00e9l\u00e9brations sont un rappel collectif d'\u00e9v\u00e9nements significatifs pour des groupes et des communaut\u00e9s. Elles unissent \u00e0 un moment d\u00e9termin\u00e9 le pass\u00e9, le pr\u00e9sent et l'avenir. Elles t\u00e9moignent de notre reconnaissance pour le pass\u00e9, d'un engagement fort pour le pr\u00e9sent et engendrent l'esp\u00e9rance en l'avenir. Quand nous c\u00e9l\u00e9brons le 350\u00e8me\u2026","rel":"","context":"Dans &quot;Formation Vincentienne&quot;","block_context":{"text":"Formation Vincentienne","link":"http:\/\/vincentians.com\/fr\/category\/formation-vincentienne\/"},"img":{"alt_text":"vincent_louise","src":"https:\/\/i0.wp.com\/vincentiens.org\/wp-content\/uploads\/2013\/04\/vincent_louise-284x300.jpg?resize=350%2C200","width":350,"height":200},"classes":[]},{"id":54376,"url":"http:\/\/vincentians.com\/fr\/des-conseils-evangeliques\/","url_meta":{"origin":190886,"position":5},"title":"Des Conseils Evangeliques","author":"Francisco Javier Fern\u00e1ndez Chento","date":"04\/12\/2012","format":false,"excerpt":"Remarque pr\u00e9liminaire: Vaste est la litt\u00e9rature postconciliaire traitant des Conseils Evang\u00e9liques dans leurs relations avec la vie religieuse dans l'Eglise. A nous d'\u00e9tudier et de m\u00e9diter ces publi\u00adcations, surtout celles relatives aux Instituts de vie commune et aux Instituts S\u00e9culiers. I. Les conseils \u00e9vang\u00e9liques en g\u00e9n\u00e9ral 1.1 Aspect Th\u00e9ologique 1.1.1.\u2026","rel":"","context":"Dans &quot;Spiritualit\u00e9 Vincentienne&quot;","block_context":{"text":"Spiritualit\u00e9 Vincentienne","link":"http:\/\/vincentians.com\/fr\/category\/spiritualite-vincentienne\/"},"img":{"alt_text":"","src":"https:\/\/i0.wp.com\/vincentiens.org\/wp-content\/uploads\/2012\/12\/consejos-164x300.jpg?resize=350%2C200","width":350,"height":200},"classes":[]}],"_links":{"self":[{"href":"http:\/\/vincentians.com\/fr\/wp-json\/wp\/v2\/posts\/190886","targetHints":{"allow":["GET"]}}],"collection":[{"href":"http:\/\/vincentians.com\/fr\/wp-json\/wp\/v2\/posts"}],"about":[{"href":"http:\/\/vincentians.com\/fr\/wp-json\/wp\/v2\/types\/post"}],"author":[{"embeddable":true,"href":"http:\/\/vincentians.com\/fr\/wp-json\/wp\/v2\/users\/4"}],"replies":[{"embeddable":true,"href":"http:\/\/vincentians.com\/fr\/wp-json\/wp\/v2\/comments?post=190886"}],"version-history":[{"count":5,"href":"http:\/\/vincentians.com\/fr\/wp-json\/wp\/v2\/posts\/190886\/revisions"}],"predecessor-version":[{"id":190896,"href":"http:\/\/vincentians.com\/fr\/wp-json\/wp\/v2\/posts\/190886\/revisions\/190896"}],"wp:featuredmedia":[{"embeddable":true,"href":"http:\/\/vincentians.com\/fr\/wp-json\/wp\/v2\/media\/190887"}],"wp:attachment":[{"href":"http:\/\/vincentians.com\/fr\/wp-json\/wp\/v2\/media?parent=190886"}],"wp:term":[{"taxonomy":"category","embeddable":true,"href":"http:\/\/vincentians.com\/fr\/wp-json\/wp\/v2\/categories?post=190886"},{"taxonomy":"post_tag","embeddable":true,"href":"http:\/\/vincentians.com\/fr\/wp-json\/wp\/v2\/tags?post=190886"}],"curies":[{"name":"wp","href":"https:\/\/api.w.org\/{rel}","templated":true}]}}