{"id":190839,"date":"2017-02-16T08:55:24","date_gmt":"2017-02-16T07:55:24","guid":{"rendered":"http:\/\/vincentians.com\/fr\/?p=190839"},"modified":"2017-02-14T08:58:34","modified_gmt":"2017-02-14T07:58:34","slug":"prophetisme-charisme-vincentien-a-lumiere-de-doctrine-sociale-de-leglise-8-se-terminent","status":"publish","type":"post","link":"http:\/\/vincentians.com\/fr\/prophetisme-charisme-vincentien-a-lumiere-de-doctrine-sociale-de-leglise-8-se-terminent\/","title":{"rendered":"Proph\u00e9tisme du charisme vincentien a la lumi\u00e8re de la Doctrine Sociale de l\u2019\u00c9glise (8 et se terminent)"},"content":{"rendered":"<h3><strong>8.- EN GUISE DE CONCLUSION\u00a0: VISIONS ET REVES.<\/strong><\/h3>\n<p>Avec la M\u00e8re Guillemin, nous pouvons dire que nous ne trouvons pas d\u2019esprit plus remarquable que celui de Saint Vincent. Pour elle ce fut une des plus grandes d\u00e9couvertes et une des plus grandes merveilles durant le Concile. Elle exprimait cette id\u00e9e comme suit :<\/p>\n<p style=\"padding-left: 30px;\"><em>\u00ab\u00a0Chaque fois qu\u2019une id\u00e9e similaire \u00e9tait avanc\u00e9e, je me disais profond\u00e9ment touch\u00e9e et heureuse : \u201cC\u2019est Saint Vincent qui nous l\u2019a enseign\u00e9\u201d\u2026 Il n\u2019a peut-\u00eatre pas utilis\u00e9 le m\u00eame vocabulaire lorsqu\u2019il exprimait l\u2019id\u00e9e en utilisant les mots de son \u00e9poque. Mais cette pens\u00e9e avait une puret\u00e9, une clart\u00e9 et une authenticit\u00e9 qui n\u2019a jamais \u00e9t\u00e9 contredite ou censur\u00e9e par l\u2019enseignement de l\u2019Eglise\u2026 R\u00e9jouissons-nous d\u2019\u00eatre les enfants d\u2019un tel p\u00e8re\u00a0\u00bb.<\/em><a href=\"#_ftn1\" name=\"_ftnref1\">[1]<\/a><\/p>\n<p>Je serais tr\u00e8s heureuse si, relativement parlant, ceci est le sentiment que chacun de nous renforce ce matin.<\/p>\n<p>J\u2019ose vous inviter \u00e0 approfondir l\u2019\u00e9tude de la DES car elle nous aide \u00e0 maintenir quatre grandes fid\u00e9lit\u00e9s essentielles \u00e0 notre vie\u00a0:<\/p>\n<ul>\n<li>Fid\u00e9lit\u00e9 \u00e0 <strong>l\u2019homme et \u00e0 notre temps<\/strong><\/li>\n<li>Fid\u00e9lit\u00e9 au <strong>Christ et \u00e0 l\u2019Evangile<\/strong><\/li>\n<li>Fid\u00e9lit\u00e9 \u00e0 <strong>l\u2019Eglise et \u00e0 sa mission dans le monde<\/strong><\/li>\n<li>Fid\u00e9lit\u00e9 au <strong>charisme de nos Fondateurs<\/strong>.<\/li>\n<\/ul>\n<p>Apr\u00e8s le tr\u00e9sor de la foi, nous avons un autre grand tr\u00e9sor qui est notre propre charisme et, paraphrasant Saint Paul, en ce moment de l\u2019histoire, <strong><em>\u00ab\u00a0nous portons ce tr\u00e9sor en des vases fragiles\u00a0\u00bb<\/em><\/strong> (2 Co 4,7). Prenons le temps de nous interroger dans le concret de notre vie\u00a0: nous sommes <strong>PROPHETES<\/strong>, qu\u2019annon\u00e7ons-nous\u00a0? <strong>TEMOINS <\/strong>de qui\u00a0? De quoi\u00a0? Confrontons nos r\u00e9ponses \u00e0 la vie proph\u00e9tique de nos Fondateurs, aux \u00ab\u00a0proph\u00e8tes de chez nous\u00a0\u00bb que nous avons mentionn\u00e9s et \u00e0 tant d\u2019autres que nous connaissons au sein de la Famille Vincentienne.<\/p>\n<p>Rappelons-nous que le proph\u00e8te est celui qui a le courage de <strong>lever les yeux et de les fixer dans les yeux de Dieu<\/strong>, qui rencontre Dieu face \u00e0 face, comme Mo\u00efse, mais <strong>qui retire ses sandales <\/strong>devant le buisson ardent, c\u2019est-\u00e0-dire, qui <strong>perd ses certitudes<\/strong>, ses s\u00e9curit\u00e9s, et se tourne vers d\u2019autres points de r\u00e9f\u00e9rence comme l\u2019a fait Marie de Nazareth. Comme le potier de J\u00e9r\u00e9mie, <strong>il accepte de perdre ce qui ne lui sert pas<\/strong>. Il contemple Yahv\u00e9 et ne meurt pas. Le proph\u00e8te supporte le regard de Dieu\u2026 parfois il est intimid\u00e9. En entendant l\u2019appel, tous ont peur et veulent fuir\u00a0: Mo\u00efse, Isa\u00efe, J\u00e9r\u00e9mie, Jonas\u2026 Elie esp\u00e9rait la mort dans le d\u00e9sert\u2026. Mais, devant l\u2019appel de Dieu, ils finissent par dire\u00a0: <strong>\u00ab\u00a0Me voici, envoie-moi\u00a0\u00bb, \u00ab\u00a0Tu m\u2019as s\u00e9duit\u00a0\u00bb.<\/strong><\/p>\n<p>Nous sommes appel\u00e9es \u00e0 reproduire avec courage, <strong>l\u2019audace, la cr\u00e9ativit\u00e9 et la Saintet\u00e9 de nos Fondateurs, <\/strong>r\u00e9pondant aux signes des temps qui surgissent en notre monde, avec une <strong>fid\u00e9lit\u00e9 dynamique \u00e0 notre charisme<\/strong> adapt\u00e9 aux situations et aux n\u00e9cessit\u00e9s de notre temps<a href=\"#_ftn2\" name=\"_ftnref2\">[2]<\/a>.<\/p>\n<p>Le Concile nous dit\u00a0:<\/p>\n<p style=\"padding-left: 30px;\">\u00ab\u00a0<strong>L\u2019avenir de l\u2019humanit\u00e9 appartient \u00e0 ceux qui sauront donner aux g\u00e9n\u00e9rations futures des raisons de vivre et des raisons d\u2019esp\u00e9rer<\/strong>\u00a0\u00bb <a href=\"#_ftn3\" name=\"_ftnref3\">[3]<\/a>.<\/p>\n<p>Jean Paul II nous a dit\u00a0:<\/p>\n<p style=\"padding-left: 30px;\"><strong>\u00ab\u00a0C\u2019est l\u2019heure d\u2019une nouvelle \u201cimagination de la charit\u00e9<\/strong>\u201d\u00a0\u00bb <a href=\"#_ftn4\" name=\"_ftnref4\">[4]<\/a><\/p>\n<p>Nous offensons le Cr\u00e9ateur et le Sauveur quand nous nous abandonnons aux pessimismes historiques\u00a0: pour rien au monde le pessimisme ne favorise la philosophie de la vie chez les personnes qui ne croient pas en Dieu.<\/p>\n<p>Dans l\u2019esprit de J\u00e9sus, nous devons cultiver cette <strong>esp\u00e9rance<\/strong> qui nous permet, comme l\u2019affirme Paul dans sa lettre aux Romains, <strong>de regarder avec confiance l\u2019avenir<\/strong> de la cr\u00e9ation et de l\u2019humanit\u00e9 qui, bien que g\u00e9missant dans les douleurs de l\u2019enfantement, <strong>est en chemin vers la lib\u00e9ration.<\/strong> (Cfr. Rm 8,18-23).<strong> L\u2019esp\u00e9rance du Royaume <\/strong>ne se v\u00e9rifie pas dans la r\u00e9signation passive mais dans l\u2019anticipation de ce Royaume \u00e0 travers <strong>les lib\u00e9rations concr\u00e8tes, partielles<\/strong>, si petites qu\u2019elles soient, mais <strong>ouvertes \u00e0 un avenir de pl\u00e9nitude.<\/strong><\/p>\n<p>Souvenons-nous que le proph\u00e8te n\u2019est pas seulement celui qui voit\u00a0; dans sa vie, il essaie aussi de <strong>rapprocher la r\u00e9alit\u00e9 du r\u00eave<\/strong> et ceci est <strong>l\u2019esp\u00e9rance, l\u2019utopie chr\u00e9tienne. <\/strong>Pour cela<strong>, <\/strong>Il est dispos\u00e9 \u00e0 <strong>perdre la vie<\/strong> d\u2019un coup ou goutte \u00e0 goutte.<\/p>\n<p>Le proph\u00e8te a une sensibilit\u00e9 distincte\u00a0; en son c\u0153ur s\u2019allume la certitude que la cr\u00e9ativit\u00e9 de Dieu ne peut demeurer captive. Il s\u2019agit d\u2019\u00eatre toujours attentifs, r\u00e9veill\u00e9s, regardant la r\u00e9alit\u00e9 avec des yeux nouveaux, parce que \u00e0 tout moment peut jaillir l\u2019inesp\u00e9r\u00e9, le surprenant <a href=\"#_ftn5\" name=\"_ftnref5\">[5]<\/a>.<\/p>\n<p>Ecoutons le proph\u00e8te Jo\u00ebl\u00a0:<\/p>\n<p style=\"padding-left: 30px;\"><strong><em>\u00ab\u00a0Les jeunes auront des visions, les anciens des songes\u00a0\u00bb<\/em><\/strong> (Jl 3,1).<\/p>\n<p>Rappelons-nous que pour le peuple d\u2019Isra\u00ebl, les \u00ab\u00a0visions\u00a0\u00bb, les \u00ab\u00a0songes\u00a0\u00bb \u00e9taient des communications divines. Notre monde, les pauvres, l\u2019Eglise, ont le droit et ont besoin de nos visions et de nos songes. Ce texte du proph\u00e8te Jo\u00ebl, nous invite \u00e0 <strong>r\u00eaver avec Dieu les songes que Dieu r\u00eave pour son peuple, <\/strong>\u00e0 pr\u00e9-voir un monde meilleur et \u00e0 travailler de toutes nos forces pour que ces r\u00eaves deviennent r\u00e9alit\u00e9. N\u2019est-ce pas ce qu\u2019a fait Vincent de Paul, ce qu\u2019ont r\u00e9alis\u00e9 tant de proph\u00e8tes qui nous ont pr\u00e9c\u00e9d\u00e9s dans le charisme vincentien\u00a0?<\/p>\n<p>Quand il nous semble avoir des visions, quand nous r\u00eavons de choses meilleures pour les pauvres que Dieu nous a confi\u00e9s et que cela nous semble impossible, <strong>reconnaissons en elles les r\u00eaves de Dieu <\/strong>et luttons pour qu\u2019elles deviennent r\u00e9alit\u00e9. Approfondissons la Parole de Dieu, approfondissons la DSE, approfondissons notre charisme et nous verrons comme cela nous stimulera pour que nos songes et visions soient grands et soient <strong>le meilleur pour chacun des pauvres que Dieu nous a confi\u00e9s.<br \/>\n<\/strong><\/p>\n<p>Qu\u2019il en soit ainsi.<\/p>\n<p><a href=\"#_ftnref1\" name=\"_ftn1\">[1]<\/a> Idem, 363.<\/p>\n<p><a href=\"#_ftnref2\" name=\"_ftn2\">[2]<\/a> V.C.37<\/p>\n<p><a href=\"#_ftnref3\" name=\"_ftn3\">[3]<\/a> G.S. 31<\/p>\n<p><a href=\"#_ftnref4\" name=\"_ftn4\">[4]<\/a> N.M.I, 50<\/p>\n<p><a href=\"#_ftnref5\" name=\"_ftn5\">[5]<\/a> B. GONZALEZ BUELTA, <em>Voir ou p\u00e9rir.<\/em><\/p>\n","protected":false},"excerpt":{"rendered":"<p>8.- EN GUISE DE CONCLUSION\u00a0: VISIONS ET REVES. Avec la M\u00e8re Guillemin, nous pouvons dire que nous ne trouvons pas d\u2019esprit plus remarquable que celui de Saint Vincent. Pour elle ce fut une des plus &#8230; <a href=\"http:\/\/vincentians.com\/fr\/prophetisme-charisme-vincentien-a-lumiere-de-doctrine-sociale-de-leglise-8-se-terminent\/\" class=\"more-link\">Read More<\/a><\/p>\n","protected":false},"author":4,"featured_media":190817,"comment_status":"open","ping_status":"open","sticky":false,"template":"","format":"standard","meta":{"jetpack_post_was_ever_published":false,"_jetpack_newsletter_access":"","_jetpack_dont_email_post_to_subs":false,"_jetpack_newsletter_tier_id":0,"_jetpack_memberships_contains_paywalled_content":false,"_jetpack_memberships_contains_paid_content":false,"footnotes":"","jetpack_publicize_message":"","jetpack_publicize_feature_enabled":true,"jetpack_social_post_already_shared":true,"jetpack_social_options":{"image_generator_settings":{"template":"highway","default_image_id":0,"font":"","enabled":false},"version":2}},"categories":[118],"tags":[],"class_list":["post-190839","post","type-post","status-publish","format-standard","has-post-thumbnail","hentry","category-formation-vincentienne"],"yoast_head":"<!-- This site is optimized with the Yoast SEO plugin v26.3 - https:\/\/yoast.com\/wordpress\/plugins\/seo\/ -->\n<title>Proph\u00e9tisme du charisme vincentien a la lumi\u00e8re de la Doctrine Sociale de l\u2019\u00c9glise (8 et se terminent) - Nous Sommes Vincentiens<\/title>\n<meta name=\"robots\" content=\"index, follow, max-snippet:-1, max-image-preview:large, max-video-preview:-1\" \/>\n<link rel=\"canonical\" href=\"http:\/\/vincentians.com\/fr\/prophetisme-charisme-vincentien-a-lumiere-de-doctrine-sociale-de-leglise-8-se-terminent\/\" \/>\n<meta property=\"og:locale\" content=\"fr_FR\" \/>\n<meta property=\"og:type\" content=\"article\" \/>\n<meta property=\"og:title\" content=\"Proph\u00e9tisme du charisme vincentien a la lumi\u00e8re de la Doctrine Sociale de l\u2019\u00c9glise (8 et se terminent) - Nous Sommes Vincentiens\" \/>\n<meta property=\"og:description\" content=\"8.- EN GUISE DE CONCLUSION\u00a0: VISIONS ET REVES. Avec la M\u00e8re Guillemin, nous pouvons dire que nous ne trouvons pas d\u2019esprit plus remarquable que celui de Saint Vincent. Pour elle ce fut une des plus ... Read More\" \/>\n<meta property=\"og:url\" content=\"http:\/\/vincentians.com\/fr\/prophetisme-charisme-vincentien-a-lumiere-de-doctrine-sociale-de-leglise-8-se-terminent\/\" \/>\n<meta property=\"og:site_name\" content=\"Nous Sommes Vincentiens\" \/>\n<meta property=\"article:publisher\" content=\"https:\/\/www.facebook.com\/WeAreVincentians\/\" \/>\n<meta property=\"article:author\" content=\"https:\/\/www.facebook.com\/JavierChento\" \/>\n<meta property=\"article:published_time\" content=\"2017-02-16T07:55:24+00:00\" \/>\n<meta property=\"og:image\" content=\"https:\/\/i0.wp.com\/vincentians.com\/fr\/wp-content\/uploads\/sites\/10\/2017\/02\/profetismo-fb.jpg?fit=1200%2C630\" \/>\n\t<meta property=\"og:image:width\" content=\"1200\" \/>\n\t<meta property=\"og:image:height\" content=\"630\" \/>\n\t<meta property=\"og:image:type\" content=\"image\/jpeg\" \/>\n<meta name=\"author\" content=\"Francisco Javier Fern\u00e1ndez Chento\" \/>\n<meta name=\"twitter:card\" content=\"summary_large_image\" \/>\n<meta name=\"twitter:creator\" content=\"@https:\/\/twitter.com\/javierchento\" \/>\n<meta name=\"twitter:site\" content=\"@WeVincentians\" \/>\n<meta name=\"twitter:label1\" content=\"\u00c9crit par\" \/>\n\t<meta name=\"twitter:data1\" content=\"Francisco Javier Fern\u00e1ndez Chento\" \/>\n\t<meta name=\"twitter:label2\" content=\"Dur\u00e9e de lecture estim\u00e9e\" \/>\n\t<meta name=\"twitter:data2\" content=\"5 minutes\" \/>\n<script type=\"application\/ld+json\" class=\"yoast-schema-graph\">{\"@context\":\"https:\/\/schema.org\",\"@graph\":[{\"@type\":\"WebPage\",\"@id\":\"http:\/\/vincentians.com\/fr\/prophetisme-charisme-vincentien-a-lumiere-de-doctrine-sociale-de-leglise-8-se-terminent\/\",\"url\":\"http:\/\/vincentians.com\/fr\/prophetisme-charisme-vincentien-a-lumiere-de-doctrine-sociale-de-leglise-8-se-terminent\/\",\"name\":\"Proph\u00e9tisme du charisme vincentien a la lumi\u00e8re de la Doctrine Sociale de l\u2019\u00c9glise (8 et se terminent) - Nous Sommes Vincentiens\",\"isPartOf\":{\"@id\":\"http:\/\/vincentians.com\/fr\/#website\"},\"primaryImageOfPage\":{\"@id\":\"http:\/\/vincentians.com\/fr\/prophetisme-charisme-vincentien-a-lumiere-de-doctrine-sociale-de-leglise-8-se-terminent\/#primaryimage\"},\"image\":{\"@id\":\"http:\/\/vincentians.com\/fr\/prophetisme-charisme-vincentien-a-lumiere-de-doctrine-sociale-de-leglise-8-se-terminent\/#primaryimage\"},\"thumbnailUrl\":\"https:\/\/i0.wp.com\/vincentians.com\/fr\/wp-content\/uploads\/sites\/10\/2017\/02\/profetismo-fb.jpg?fit=1200%2C630\",\"datePublished\":\"2017-02-16T07:55:24+00:00\",\"author\":{\"@id\":\"http:\/\/vincentians.com\/fr\/#\/schema\/person\/9623ef4d9aa3b2dfb8c061f1499288f2\"},\"breadcrumb\":{\"@id\":\"http:\/\/vincentians.com\/fr\/prophetisme-charisme-vincentien-a-lumiere-de-doctrine-sociale-de-leglise-8-se-terminent\/#breadcrumb\"},\"inLanguage\":\"fr-FR\",\"potentialAction\":[{\"@type\":\"ReadAction\",\"target\":[\"http:\/\/vincentians.com\/fr\/prophetisme-charisme-vincentien-a-lumiere-de-doctrine-sociale-de-leglise-8-se-terminent\/\"]}]},{\"@type\":\"ImageObject\",\"inLanguage\":\"fr-FR\",\"@id\":\"http:\/\/vincentians.com\/fr\/prophetisme-charisme-vincentien-a-lumiere-de-doctrine-sociale-de-leglise-8-se-terminent\/#primaryimage\",\"url\":\"https:\/\/i0.wp.com\/vincentians.com\/fr\/wp-content\/uploads\/sites\/10\/2017\/02\/profetismo-fb.jpg?fit=1200%2C630\",\"contentUrl\":\"https:\/\/i0.wp.com\/vincentians.com\/fr\/wp-content\/uploads\/sites\/10\/2017\/02\/profetismo-fb.jpg?fit=1200%2C630\",\"width\":1200,\"height\":630},{\"@type\":\"BreadcrumbList\",\"@id\":\"http:\/\/vincentians.com\/fr\/prophetisme-charisme-vincentien-a-lumiere-de-doctrine-sociale-de-leglise-8-se-terminent\/#breadcrumb\",\"itemListElement\":[{\"@type\":\"ListItem\",\"position\":1,\"name\":\"Portada\",\"item\":\"http:\/\/vincentians.com\/fr\/\"},{\"@type\":\"ListItem\",\"position\":2,\"name\":\"Proph\u00e9tisme du charisme vincentien a la lumi\u00e8re de la Doctrine Sociale de l\u2019\u00c9glise (8 et se terminent)\"}]},{\"@type\":\"WebSite\",\"@id\":\"http:\/\/vincentians.com\/fr\/#website\",\"url\":\"http:\/\/vincentians.com\/fr\/\",\"name\":\"Nous Sommes Vincentiens\",\"description\":\"Know more to serve more\",\"potentialAction\":[{\"@type\":\"SearchAction\",\"target\":{\"@type\":\"EntryPoint\",\"urlTemplate\":\"http:\/\/vincentians.com\/fr\/?s={search_term_string}\"},\"query-input\":{\"@type\":\"PropertyValueSpecification\",\"valueRequired\":true,\"valueName\":\"search_term_string\"}}],\"inLanguage\":\"fr-FR\"},{\"@type\":\"Person\",\"@id\":\"http:\/\/vincentians.com\/fr\/#\/schema\/person\/9623ef4d9aa3b2dfb8c061f1499288f2\",\"name\":\"Francisco Javier Fern\u00e1ndez Chento\",\"image\":{\"@type\":\"ImageObject\",\"inLanguage\":\"fr-FR\",\"@id\":\"http:\/\/vincentians.com\/fr\/#\/schema\/person\/image\/\",\"url\":\"https:\/\/secure.gravatar.com\/avatar\/497d5cde87b4c3d097d0315953521681ba2cd523ee66e5077c3711f7021e65de?s=96&d=mm&r=g\",\"contentUrl\":\"https:\/\/secure.gravatar.com\/avatar\/497d5cde87b4c3d097d0315953521681ba2cd523ee66e5077c3711f7021e65de?s=96&d=mm&r=g\",\"caption\":\"Francisco Javier Fern\u00e1ndez Chento\"},\"description\":\"Director General y cofundador de La Red de Formaci\u00f3n Vicenciana. Javier es laico vicenciano, afiliado a la Congregaci\u00f3n de la Misi\u00f3n y miembro del Equipo de Misiones Populares de la provincia can\u00f3nica de Zaragoza (Espa\u00f1a) de la Congregaci\u00f3n de la Misi\u00f3n. Graduado en la Universidad Oberta de Catalunya con cuatro grados (Asistente de direcci\u00f3n, Gesti\u00f3n Administrativa, Recursos Humanos y Contabilidad Avanzada). Bil\u00edng\u00fce Espa\u00f1ol\/Ingl\u00e9s. gestiona y mantiene varias p\u00e1ginas web cristianas y vicencianas, incluida including La Red de Formaci\u00f3n Vicenciana, de la que es cofundador. Actualmente es responsable del \u00e1rea de Espa\u00f1ol de .famvin, la Red de Noticias de la Familia Vicenciana. Tambi\u00e9n es m\u00fasico cat\u00f3lico y ha editado varios discos. Es Director General y cofundador de Trovador, una reconocida compa\u00f1\u00eda discogr\u00e1fica critiana de Espa\u00f1a. Trabaja en las Tecnolog\u00edas de la Informaci\u00f3n, ofreciendo servicios de alojamiento, dise\u00f1o y mantenimiento Web, as\u00ed como asesoramiento, formaci\u00f3n y soluciones inform\u00e1ticas, gesti\u00f3n documental y digitalizaci\u00f3n de textos, edici\u00f3n y maquetaci\u00f3n de libros, revistas, flyers, etc.\",\"sameAs\":[\"http:\/\/chento.org\",\"https:\/\/www.facebook.com\/JavierChento\",\"https:\/\/x.com\/https:\/\/twitter.com\/javierchento\"],\"url\":\"http:\/\/vincentians.com\/fr\/author\/chento\/\"}]}<\/script>\n<!-- \/ Yoast SEO plugin. -->","yoast_head_json":{"title":"Proph\u00e9tisme du charisme vincentien a la lumi\u00e8re de la Doctrine Sociale de l\u2019\u00c9glise (8 et se terminent) - Nous Sommes Vincentiens","robots":{"index":"index","follow":"follow","max-snippet":"max-snippet:-1","max-image-preview":"max-image-preview:large","max-video-preview":"max-video-preview:-1"},"canonical":"http:\/\/vincentians.com\/fr\/prophetisme-charisme-vincentien-a-lumiere-de-doctrine-sociale-de-leglise-8-se-terminent\/","og_locale":"fr_FR","og_type":"article","og_title":"Proph\u00e9tisme du charisme vincentien a la lumi\u00e8re de la Doctrine Sociale de l\u2019\u00c9glise (8 et se terminent) - Nous Sommes Vincentiens","og_description":"8.- EN GUISE DE CONCLUSION\u00a0: VISIONS ET REVES. Avec la M\u00e8re Guillemin, nous pouvons dire que nous ne trouvons pas d\u2019esprit plus remarquable que celui de Saint Vincent. Pour elle ce fut une des plus ... Read More","og_url":"http:\/\/vincentians.com\/fr\/prophetisme-charisme-vincentien-a-lumiere-de-doctrine-sociale-de-leglise-8-se-terminent\/","og_site_name":"Nous Sommes Vincentiens","article_publisher":"https:\/\/www.facebook.com\/WeAreVincentians\/","article_author":"https:\/\/www.facebook.com\/JavierChento","article_published_time":"2017-02-16T07:55:24+00:00","og_image":[{"width":1200,"height":630,"url":"https:\/\/i0.wp.com\/vincentians.com\/fr\/wp-content\/uploads\/sites\/10\/2017\/02\/profetismo-fb.jpg?fit=1200%2C630","type":"image\/jpeg"}],"author":"Francisco Javier Fern\u00e1ndez Chento","twitter_card":"summary_large_image","twitter_creator":"@https:\/\/twitter.com\/javierchento","twitter_site":"@WeVincentians","twitter_misc":{"\u00c9crit par":"Francisco Javier Fern\u00e1ndez Chento","Dur\u00e9e de lecture estim\u00e9e":"5 minutes"},"schema":{"@context":"https:\/\/schema.org","@graph":[{"@type":"WebPage","@id":"http:\/\/vincentians.com\/fr\/prophetisme-charisme-vincentien-a-lumiere-de-doctrine-sociale-de-leglise-8-se-terminent\/","url":"http:\/\/vincentians.com\/fr\/prophetisme-charisme-vincentien-a-lumiere-de-doctrine-sociale-de-leglise-8-se-terminent\/","name":"Proph\u00e9tisme du charisme vincentien a la lumi\u00e8re de la Doctrine Sociale de l\u2019\u00c9glise (8 et se terminent) - Nous Sommes Vincentiens","isPartOf":{"@id":"http:\/\/vincentians.com\/fr\/#website"},"primaryImageOfPage":{"@id":"http:\/\/vincentians.com\/fr\/prophetisme-charisme-vincentien-a-lumiere-de-doctrine-sociale-de-leglise-8-se-terminent\/#primaryimage"},"image":{"@id":"http:\/\/vincentians.com\/fr\/prophetisme-charisme-vincentien-a-lumiere-de-doctrine-sociale-de-leglise-8-se-terminent\/#primaryimage"},"thumbnailUrl":"https:\/\/i0.wp.com\/vincentians.com\/fr\/wp-content\/uploads\/sites\/10\/2017\/02\/profetismo-fb.jpg?fit=1200%2C630","datePublished":"2017-02-16T07:55:24+00:00","author":{"@id":"http:\/\/vincentians.com\/fr\/#\/schema\/person\/9623ef4d9aa3b2dfb8c061f1499288f2"},"breadcrumb":{"@id":"http:\/\/vincentians.com\/fr\/prophetisme-charisme-vincentien-a-lumiere-de-doctrine-sociale-de-leglise-8-se-terminent\/#breadcrumb"},"inLanguage":"fr-FR","potentialAction":[{"@type":"ReadAction","target":["http:\/\/vincentians.com\/fr\/prophetisme-charisme-vincentien-a-lumiere-de-doctrine-sociale-de-leglise-8-se-terminent\/"]}]},{"@type":"ImageObject","inLanguage":"fr-FR","@id":"http:\/\/vincentians.com\/fr\/prophetisme-charisme-vincentien-a-lumiere-de-doctrine-sociale-de-leglise-8-se-terminent\/#primaryimage","url":"https:\/\/i0.wp.com\/vincentians.com\/fr\/wp-content\/uploads\/sites\/10\/2017\/02\/profetismo-fb.jpg?fit=1200%2C630","contentUrl":"https:\/\/i0.wp.com\/vincentians.com\/fr\/wp-content\/uploads\/sites\/10\/2017\/02\/profetismo-fb.jpg?fit=1200%2C630","width":1200,"height":630},{"@type":"BreadcrumbList","@id":"http:\/\/vincentians.com\/fr\/prophetisme-charisme-vincentien-a-lumiere-de-doctrine-sociale-de-leglise-8-se-terminent\/#breadcrumb","itemListElement":[{"@type":"ListItem","position":1,"name":"Portada","item":"http:\/\/vincentians.com\/fr\/"},{"@type":"ListItem","position":2,"name":"Proph\u00e9tisme du charisme vincentien a la lumi\u00e8re de la Doctrine Sociale de l\u2019\u00c9glise (8 et se terminent)"}]},{"@type":"WebSite","@id":"http:\/\/vincentians.com\/fr\/#website","url":"http:\/\/vincentians.com\/fr\/","name":"Nous Sommes Vincentiens","description":"Know more to serve more","potentialAction":[{"@type":"SearchAction","target":{"@type":"EntryPoint","urlTemplate":"http:\/\/vincentians.com\/fr\/?s={search_term_string}"},"query-input":{"@type":"PropertyValueSpecification","valueRequired":true,"valueName":"search_term_string"}}],"inLanguage":"fr-FR"},{"@type":"Person","@id":"http:\/\/vincentians.com\/fr\/#\/schema\/person\/9623ef4d9aa3b2dfb8c061f1499288f2","name":"Francisco Javier Fern\u00e1ndez Chento","image":{"@type":"ImageObject","inLanguage":"fr-FR","@id":"http:\/\/vincentians.com\/fr\/#\/schema\/person\/image\/","url":"https:\/\/secure.gravatar.com\/avatar\/497d5cde87b4c3d097d0315953521681ba2cd523ee66e5077c3711f7021e65de?s=96&d=mm&r=g","contentUrl":"https:\/\/secure.gravatar.com\/avatar\/497d5cde87b4c3d097d0315953521681ba2cd523ee66e5077c3711f7021e65de?s=96&d=mm&r=g","caption":"Francisco Javier Fern\u00e1ndez Chento"},"description":"Director General y cofundador de La Red de Formaci\u00f3n Vicenciana. Javier es laico vicenciano, afiliado a la Congregaci\u00f3n de la Misi\u00f3n y miembro del Equipo de Misiones Populares de la provincia can\u00f3nica de Zaragoza (Espa\u00f1a) de la Congregaci\u00f3n de la Misi\u00f3n. Graduado en la Universidad Oberta de Catalunya con cuatro grados (Asistente de direcci\u00f3n, Gesti\u00f3n Administrativa, Recursos Humanos y Contabilidad Avanzada). Bil\u00edng\u00fce Espa\u00f1ol\/Ingl\u00e9s. gestiona y mantiene varias p\u00e1ginas web cristianas y vicencianas, incluida including La Red de Formaci\u00f3n Vicenciana, de la que es cofundador. Actualmente es responsable del \u00e1rea de Espa\u00f1ol de .famvin, la Red de Noticias de la Familia Vicenciana. Tambi\u00e9n es m\u00fasico cat\u00f3lico y ha editado varios discos. Es Director General y cofundador de Trovador, una reconocida compa\u00f1\u00eda discogr\u00e1fica critiana de Espa\u00f1a. Trabaja en las Tecnolog\u00edas de la Informaci\u00f3n, ofreciendo servicios de alojamiento, dise\u00f1o y mantenimiento Web, as\u00ed como asesoramiento, formaci\u00f3n y soluciones inform\u00e1ticas, gesti\u00f3n documental y digitalizaci\u00f3n de textos, edici\u00f3n y maquetaci\u00f3n de libros, revistas, flyers, etc.","sameAs":["http:\/\/chento.org","https:\/\/www.facebook.com\/JavierChento","https:\/\/x.com\/https:\/\/twitter.com\/javierchento"],"url":"http:\/\/vincentians.com\/fr\/author\/chento\/"}]}},"jetpack_publicize_connections":[],"jetpack_featured_media_url":"https:\/\/i0.wp.com\/vincentians.com\/fr\/wp-content\/uploads\/sites\/10\/2017\/02\/profetismo-fb.jpg?fit=1200%2C630","jetpack_sharing_enabled":true,"jetpack_shortlink":"https:\/\/wp.me\/p7ETMP-NE3","jetpack-related-posts":[{"id":74152,"url":"http:\/\/vincentians.com\/fr\/fernand-portal-fils-de-saint-vincent-de-paul\/","url_meta":{"origin":190839,"position":0},"title":"Fernand Portal, Fils de Saint Vincent de Paul","author":"Francisco Javier Fern\u00e1ndez Chento","date":"20\/02\/2015","format":false,"excerpt":"\u00abCelui que vous voyez devant vous est un pr\u00eatre fran\u00e7ais, humble fils de saint Vincent de Paul\u00bb. C'est ainsi que Fernand Portal se pr\u00e9sentait, le 13 juillet 1896, \u00e0 Londres, devant une assembl\u00e9e compos\u00e9e en majeure partie de pr\u00eatres anglicans. En mettant ainsi en avant sa carte d'identit\u00e9 vincentienne, recourait-il\u2026","rel":"","context":"Dans &quot;Biographies Lazaristes&quot;","block_context":{"text":"Biographies Lazaristes","link":"http:\/\/vincentians.com\/fr\/category\/biographies-lazaristes\/"},"img":{"alt_text":"","src":"https:\/\/i0.wp.com\/vincentians.com\/fr\/wp-content\/uploads\/sites\/10\/2016\/08\/bio-congregation-of-the-mission.jpg?fit=1200%2C630&resize=350%2C200","width":350,"height":200,"srcset":"https:\/\/i0.wp.com\/vincentians.com\/fr\/wp-content\/uploads\/sites\/10\/2016\/08\/bio-congregation-of-the-mission.jpg?fit=1200%2C630&resize=350%2C200 1x, https:\/\/i0.wp.com\/vincentians.com\/fr\/wp-content\/uploads\/sites\/10\/2016\/08\/bio-congregation-of-the-mission.jpg?fit=1200%2C630&resize=525%2C300 1.5x, https:\/\/i0.wp.com\/vincentians.com\/fr\/wp-content\/uploads\/sites\/10\/2016\/08\/bio-congregation-of-the-mission.jpg?fit=1200%2C630&resize=700%2C400 2x, https:\/\/i0.wp.com\/vincentians.com\/fr\/wp-content\/uploads\/sites\/10\/2016\/08\/bio-congregation-of-the-mission.jpg?fit=1200%2C630&resize=1050%2C600 3x"},"classes":[]},{"id":38257,"url":"http:\/\/vincentians.com\/fr\/elements-dunion-dans-la-famille-vincentienne\/","url_meta":{"origin":190839,"position":1},"title":"\u00c9l\u00e9ments d\u2019union dans la Famille Vincentienne","author":"Francisco Javier Fern\u00e1ndez Chento","date":"04\/08\/2016","format":false,"excerpt":"A. De quelle famille parlons-nous ? Lorsque nous parlons de la Famille Vincentienne nous faisons allusion \u00e0 tous ces groupes d\u2019associations ou \u00e0 des congr\u00e9gations qui, dans leur vie (style) et dans leur action (apostolat), s\u2019inspirent avec diverses nuances, de ce que nous appelons aujourd\u2019hui \u00ab charisme vincentien \u00bb. D\u2019autre\u2026","rel":"","context":"Dans &quot;La Famille Vincentienne&quot;","block_context":{"text":"La Famille Vincentienne","link":"http:\/\/vincentians.com\/fr\/category\/la-famille-vincentienne\/"},"img":{"alt_text":"","src":"https:\/\/i0.wp.com\/vincentians.com\/fr\/wp-content\/uploads\/sites\/10\/2014\/01\/Vincentian-Family-leaders-meeting-in-Paris.jpg?fit=1200%2C630&resize=350%2C200","width":350,"height":200,"srcset":"https:\/\/i0.wp.com\/vincentians.com\/fr\/wp-content\/uploads\/sites\/10\/2014\/01\/Vincentian-Family-leaders-meeting-in-Paris.jpg?fit=1200%2C630&resize=350%2C200 1x, https:\/\/i0.wp.com\/vincentians.com\/fr\/wp-content\/uploads\/sites\/10\/2014\/01\/Vincentian-Family-leaders-meeting-in-Paris.jpg?fit=1200%2C630&resize=525%2C300 1.5x, https:\/\/i0.wp.com\/vincentians.com\/fr\/wp-content\/uploads\/sites\/10\/2014\/01\/Vincentian-Family-leaders-meeting-in-Paris.jpg?fit=1200%2C630&resize=700%2C400 2x, https:\/\/i0.wp.com\/vincentians.com\/fr\/wp-content\/uploads\/sites\/10\/2014\/01\/Vincentian-Family-leaders-meeting-in-Paris.jpg?fit=1200%2C630&resize=1050%2C600 3x"},"classes":[]},{"id":57182,"url":"http:\/\/vincentians.com\/fr\/lhistoriographie-vincentienne-selon-les-epoques-culturelles\/","url_meta":{"origin":190839,"position":2},"title":"L&rsquo;historiographie vincentienne selon les epoques culturelles","author":"Francisco Javier Fern\u00e1ndez Chento","date":"16\/05\/2015","format":false,"excerpt":"Dans \"Les nouvelles consid\u00e9rations sur l'histoire\" (1744) Vol\u00adtaire affirmait que l'histoire n'est pas un genre immuable. Elle d\u00e9pend du progr\u00e8s scientifique g\u00e9n\u00e9ral. C'\u00e9tait \u00e0 une intuition trop en avance sur son temps. Et pourtant, cette intuition se trouve amplement con\u00adfirm\u00e9e, par la suite. Nous en trouvons une preuve \u00e9vidente dans\u2026","rel":"","context":"Dans &quot;Formation Vincentienne&quot;","block_context":{"text":"Formation Vincentienne","link":"http:\/\/vincentians.com\/fr\/category\/formation-vincentienne\/"},"img":{"alt_text":"","src":"https:\/\/i0.wp.com\/vincentiens.org\/wp-content\/uploads\/2012\/12\/sanvicentemosaico-213x300.jpg?resize=350%2C200","width":350,"height":200},"classes":[]},{"id":43443,"url":"http:\/\/vincentians.com\/fr\/les-missions-scolaires-dans-les-etablissements-vincentiens-de-france\/","url_meta":{"origin":190839,"position":3},"title":"Les Missions Scolaires dans les \u00e9tablissements vincentiens de France","author":"Francisco Javier Fern\u00e1ndez Chento","date":"11\/10\/2012","format":false,"excerpt":"Pr\u00e9ambule : \u00ab Vous devez faire entendre que le pauvre peuple se damne, faute de savoir les choses n\u00e9cessaires \u00e0 Salut et faute de se confesser \u00bb (SV I, 115). Un jour, Vincent de Paul ouvrit les yeux sur l\u2019\u00e9tat d\u00e9prav\u00e9 de l\u2019Eglise de France et l\u2019abandon du peuple des\u2026","rel":"","context":"Dans &quot;Minist\u00e8re de la Jeunesse&quot;","block_context":{"text":"Minist\u00e8re de la Jeunesse","link":"http:\/\/vincentians.com\/fr\/category\/ministere-de-la-jeunesse\/"},"img":{"alt_text":"Lyc\u00e9e St Vincent de Paul de Bordeaux","src":"https:\/\/i0.wp.com\/vincentiens.org\/wp-content\/uploads\/2012\/10\/Missions_Scolaires_Bilan-2010_11-300x199.jpg?resize=350%2C200","width":350,"height":200},"classes":[]},{"id":52155,"url":"http:\/\/vincentians.com\/fr\/theologie-de-la-charite-selon-saint-vincent-de-paul\/","url_meta":{"origin":190839,"position":4},"title":"Th\u00e9ologie De La Charit\u00e9 Selon Saint Vincent De Paul","author":"Francisco Javier Fern\u00e1ndez Chento","date":"12\/12\/2014","format":false,"excerpt":"Caract\u00e9riser la th\u00e9ologie de la charit\u00e9 n'est pas t\u00e2che facile. Nous nous trouvons devant deux difficult\u00e9s majeures barrant notre route. Qu'est-ce exactement que la \u00abth\u00e9ologie de la charit\u00e9\u00bb? La dogmatique et la morale de la troisi\u00e8me vertu th\u00e9ologale, l'expli\u00adcation de son enracinement dans la gr\u00e2ce cr\u00e9\u00e9e, la description de ses\u2026","rel":"","context":"Dans &quot;Vincent de Paul&quot;","block_context":{"text":"Vincent de Paul","link":"http:\/\/vincentians.com\/fr\/category\/the-vincentian-family\/founders\/vincent-de-paul\/"},"img":{"alt_text":"","src":"https:\/\/i0.wp.com\/vincentiens.org\/wp-content\/uploads\/2011\/09\/Vincent_de_Paul_and_bread-188x300.jpg?resize=350%2C200","width":350,"height":200},"classes":[]},{"id":54377,"url":"http:\/\/vincentians.com\/fr\/difference-entre-nous-et-les-religieux-notre-secularite-et-notre-exemption\/","url_meta":{"origin":190839,"position":5},"title":"Difference entre nous et les religieux, notre secularit\u00e9 et notre exemption","author":"Francisco Javier Fern\u00e1ndez Chento","date":"21\/12\/2012","format":false,"excerpt":"Au cours du temps, la vie et la profession des \u00ab conseils \u00e9van\u00adg\u00e9liques prennent des formes canoniques vari\u00e9es. Sur ce sujet, nous avons aujourd'hui des \u00e9tudes bien faites et de bonnes synth\u00e9\u00adses. Cf. par exemple, la premi\u00e9re partie de: Per una presenza viva dei Religiosa nella Chiesa e nel mondo,\u2026","rel":"","context":"Dans &quot;Congr\u00e9gation de la Mission&quot;","block_context":{"text":"Congr\u00e9gation de la Mission","link":"http:\/\/vincentians.com\/fr\/category\/congregation-de-la-mission\/"},"img":{"alt_text":"","src":"https:\/\/i0.wp.com\/vincentiens.org\/wp-content\/uploads\/2011\/11\/logocmotro-216x300.jpg?resize=350%2C200","width":350,"height":200},"classes":[]}],"_links":{"self":[{"href":"http:\/\/vincentians.com\/fr\/wp-json\/wp\/v2\/posts\/190839","targetHints":{"allow":["GET"]}}],"collection":[{"href":"http:\/\/vincentians.com\/fr\/wp-json\/wp\/v2\/posts"}],"about":[{"href":"http:\/\/vincentians.com\/fr\/wp-json\/wp\/v2\/types\/post"}],"author":[{"embeddable":true,"href":"http:\/\/vincentians.com\/fr\/wp-json\/wp\/v2\/users\/4"}],"replies":[{"embeddable":true,"href":"http:\/\/vincentians.com\/fr\/wp-json\/wp\/v2\/comments?post=190839"}],"version-history":[{"count":1,"href":"http:\/\/vincentians.com\/fr\/wp-json\/wp\/v2\/posts\/190839\/revisions"}],"predecessor-version":[{"id":190841,"href":"http:\/\/vincentians.com\/fr\/wp-json\/wp\/v2\/posts\/190839\/revisions\/190841"}],"wp:featuredmedia":[{"embeddable":true,"href":"http:\/\/vincentians.com\/fr\/wp-json\/wp\/v2\/media\/190817"}],"wp:attachment":[{"href":"http:\/\/vincentians.com\/fr\/wp-json\/wp\/v2\/media?parent=190839"}],"wp:term":[{"taxonomy":"category","embeddable":true,"href":"http:\/\/vincentians.com\/fr\/wp-json\/wp\/v2\/categories?post=190839"},{"taxonomy":"post_tag","embeddable":true,"href":"http:\/\/vincentians.com\/fr\/wp-json\/wp\/v2\/tags?post=190839"}],"curies":[{"name":"wp","href":"https:\/\/api.w.org\/{rel}","templated":true}]}}