{"id":190819,"date":"2017-02-11T08:24:47","date_gmt":"2017-02-11T07:24:47","guid":{"rendered":"http:\/\/vincentians.com\/fr\/?p=190819"},"modified":"2017-02-14T08:43:13","modified_gmt":"2017-02-14T07:43:13","slug":"prophetisme-charisme-vincentien-a-lumiere-de-doctrine-sociale-de-leglise-3","status":"publish","type":"post","link":"http:\/\/vincentians.com\/fr\/prophetisme-charisme-vincentien-a-lumiere-de-doctrine-sociale-de-leglise-3\/","title":{"rendered":"Proph\u00e9tisme du charisme vincentien a la lumi\u00e8re de la Doctrine Sociale de l\u2019\u00c9glise (3)"},"content":{"rendered":"<h3><strong>3. SAINT VINCENT ET LA DIGNITE HUMAINE<\/strong><\/h3>\n<p>Le principe fondamental de la DSE<strong>, la dignit\u00e9 de la personne humaine, <\/strong>se base sur la grandeur du fait que l\u2019homme est cr\u00e9\u00e9 \u00e0 <strong>l\u2019image et ressemblance de Dieu. <\/strong>Rappelons-nous le cri de Jean Paul II lors de son discours inaugural \u00e0 Puebla\u00a0:<\/p>\n<p style=\"padding-left: 30px;\"><em>\u00ab\u00a0Respectez l\u2019homme\u00a0! <strong>Il est l\u2019image de Dieu\u00a0!<\/strong> Evang\u00e9lisez pour que cela devienne une r\u00e9alit\u00e9\u00a0! Pour que le Seigneur transforme les c\u0153urs et humanise les syst\u00e8mes politiques et \u00e9conomiques\u00a0\u00bb<\/em><span id='easy-footnote-1-190819' class='easy-footnote-margin-adjust'><\/span><span class='easy-footnote'><a href='http:\/\/vincentians.com\/fr\/prophetisme-charisme-vincentien-a-lumiere-de-doctrine-sociale-de-leglise-3\/#easy-footnote-bottom-1-190819' title='Jean Paul II. Discours inaugural \u00e0 Puebla n\u00b0 5.'><sup>1<\/sup><\/a><\/span><a href=\"#_ftn1\" name=\"_ftnref1\"><\/a><em>.<\/em><\/p>\n<p>Plus de trois si\u00e8cles avant, Saint Vincent disait aux Missionnaires\u00a0:<\/p>\n<p style=\"padding-left: 30px;\"><em>\u00ab\u00a0Il ne me suffit pas d\u2019aimer Dieu, si mon prochain ne l\u2019aime. Je dois aimer <strong>mon prochain comme l\u2019image de Dieu <\/strong>et l\u2019objet de son amour\u00a0\u00bb<\/em><span id='easy-footnote-2-190819' class='easy-footnote-margin-adjust'><\/span><span class='easy-footnote'><a href='http:\/\/vincentians.com\/fr\/prophetisme-charisme-vincentien-a-lumiere-de-doctrine-sociale-de-leglise-3\/#easy-footnote-bottom-2-190819' title='Saint Vincent de Paul, Pierre Coste, tome XII, 262.'><sup>2<\/sup><\/a><\/span><a href=\"#_ftn2\" name=\"_ftnref2\"><\/a><em>.<\/em><\/p>\n<p>La personne est l\u2019<strong>\u00e2me de l\u2019enseignement social de l\u2019Eglise.<\/strong> En plus du r\u00e9cit de la Gen\u00e8se, en de nombreuses occasions, la DSE cite le Chapitre 25 de l\u2019Evangile de Mathieu comme fondement. Ainsi dans la lettre <em>Centesimus Annus<\/em>, Jean Paul II nous dit\u00a0:<\/p>\n<p style=\"padding-left: 30px;\">\u00ab\u00a0&#8230;les paroles du Christ\u00a0:\u00a0\u2018ce que vous avez fait \u00e0 l\u2019un de ces plus petits de mes fr\u00e8res, <strong>c\u2019est \u00e0 moi que vous l\u2019avez fait\u2019<\/strong> ne doivent pas rester un v\u0153u pieux mais devenir un engagement concret de la vie. Aujourd\u2019hui plus que jamais, l\u2019Eglise est consciente que <strong>son message social sera cr\u00e9dible par le t\u00e9moignage des \u0153uvres\u00a0\u00bb<\/strong><span id='easy-footnote-3-190819' class='easy-footnote-margin-adjust'><\/span><span class='easy-footnote'><a href='http:\/\/vincentians.com\/fr\/prophetisme-charisme-vincentien-a-lumiere-de-doctrine-sociale-de-leglise-3\/#easy-footnote-bottom-3-190819' title='C.A., 57.'><sup>3<\/sup><\/a><\/span><a href=\"#_ftn3\" name=\"_ftnref3\"><\/a>.<\/p>\n<p>Pour St Vincent ce passage de l\u2019Evangile, joint au Myst\u00e8re de l\u2019Incarnation, fonde sa mani\u00e8re de suivre J\u00e9sus Christ. Relisons en guise d\u2019exemple quelques-uns des nombreux textes dans lesquels il le rappelle aux Filles de la Charit\u00e9\u00a0:<\/p>\n<p style=\"padding-left: 30px;\"><strong>\u00ab\u00a0Servantes des pauvres<\/strong>, c\u2019est comme si l\u2019on disait <strong>Servantes de J\u00e9sus Christ<\/strong>, puisqu\u2019il dit fait \u00e0 lui-m\u00eame ce qui leur est fait, et que ce sont ses membres\u00a0\u00bb<span id='easy-footnote-4-190819' class='easy-footnote-margin-adjust'><\/span><span class='easy-footnote'><a href='http:\/\/vincentians.com\/fr\/prophetisme-charisme-vincentien-a-lumiere-de-doctrine-sociale-de-leglise-3\/#easy-footnote-bottom-4-190819' title='Coste IX, 324'><sup>4<\/sup><\/a><\/span><a href=\"#_ftn4\" name=\"_ftnref4\"><\/a>.<\/p>\n<p style=\"padding-left: 30px;\">\u00ab\u00a0Servant les pauvres, on sert J\u00e9sus Christ. O mes filles, que cela est vrai\u00a0! <strong>Vous servez J\u00e9sus Christ en la personne des pauvres.<\/strong> Et cela est aussi vrai que nous sommes ici\u00a0\u00bb<span id='easy-footnote-5-190819' class='easy-footnote-margin-adjust'><\/span><span class='easy-footnote'><a href='http:\/\/vincentians.com\/fr\/prophetisme-charisme-vincentien-a-lumiere-de-doctrine-sociale-de-leglise-3\/#easy-footnote-bottom-5-190819' title='Coste IX, 252'><sup>5<\/sup><\/a><\/span><a href=\"#_ftn5\" name=\"_ftnref5\"><\/a>.<\/p>\n<p>Chez Vincent de Paul, l\u2019exp\u00e9rience de Dieu passe par la m\u00e9diation des pauvres. Beno\u00eet XVI, dans l\u2019encyclique <em>\u2018Deus Caritas est\u2019<\/em> o\u00f9 il mentionne Saint Vincent, exprime le m\u00eame principe\u00a0:<\/p>\n<p style=\"padding-left: 30px;\">\u00ab\u00a0L\u2019amour de Dieu et l\u2019amour du prochain se fondent entre eux\u00a0; <strong>dans le plus humble, nous rencontrons J\u00e9sus lui-m\u00eame et en J\u00e9sus nous rencontrons Dieu<\/strong>\u00a0\u00bb<span id='easy-footnote-6-190819' class='easy-footnote-margin-adjust'><\/span><span class='easy-footnote'><a href='http:\/\/vincentians.com\/fr\/prophetisme-charisme-vincentien-a-lumiere-de-doctrine-sociale-de-leglise-3\/#easy-footnote-bottom-6-190819' title='DCE,15'><sup>6<\/sup><\/a><\/span><a href=\"#_ftn6\" name=\"_ftnref6\"><\/a><strong>.<\/strong><\/p>\n<p>Laissant aux experts la discussion de savoir si on peut ou non parler de spiritualit\u00e9 vincentienne, disons que si nous entendons par spiritualit\u00e9 l\u2019ensemble des id\u00e9es et des attitudes qui caract\u00e9risent la vie spirituelle d\u2019une personne ou d\u2019un groupe, pour le chr\u00e9tien ce sera une <strong>fa\u00e7on concr\u00e8te de suite du Christ. La spiritualit\u00e9 de Vincent de Paul, <\/strong>sa forme concr\u00e8te de suivre le Christ, na\u00eet de sa<strong> forte rencontre avec Dieu et avec le Christ dans le monde des Pauvres, <\/strong>qui le porte \u00e0 exp\u00e9rimenter <strong>deux principes cl\u00e9s<\/strong> dans son exp\u00e9rience v\u00e9cue de l\u2019Evangile\u00a0:<\/p>\n<ul>\n<li>\u00ab\u00a0<strong>Servir les pauvres c\u2019est aller \u00e0 Dieu\u00a0\u00bb<\/strong><span id='easy-footnote-7-190819' class='easy-footnote-margin-adjust'><\/span><span class='easy-footnote'><a href='http:\/\/vincentians.com\/fr\/prophetisme-charisme-vincentien-a-lumiere-de-doctrine-sociale-de-leglise-3\/#easy-footnote-bottom-7-190819' title='Coste IX, 5'><sup>7<\/sup><\/a><\/span><a href=\"#_ftn7\" name=\"_ftnref7\"><\/a><strong>.<\/strong><\/li>\n<li>Servir les Pauvres c\u2019est <strong>construire en leur faveur, le Royaume de Dieu et sa justice<a href=\"#_ftn8\" name=\"_ftnref8\"><\/a>.<\/strong><span id='easy-footnote-8-190819' class='easy-footnote-margin-adjust'><\/span><span class='easy-footnote'><a href='http:\/\/vincentians.com\/fr\/prophetisme-charisme-vincentien-a-lumiere-de-doctrine-sociale-de-leglise-3\/#easy-footnote-bottom-8-190819' title='Cf.\u00a0 Coste XII,\u00a0 130-150 et Coste XII, 150-153'><sup>8<\/sup><\/a><\/span><\/li>\n<\/ul>\n<p>Ces principes sont, pour Vincent de Paul, l\u2019expression manifeste de la <strong>r\u00e9alisation de la volont\u00e9 de Dieu <\/strong>et de<strong> la continuit\u00e9 <\/strong>de la vie et de la <strong>mission du Christ<\/strong> \u00e9vang\u00e9lisateur des Pauvres.<\/p>\n<p>Saint Vincent insistait non seulement aupr\u00e8s des Missionnaires et des S\u0153urs sur <strong>l\u2019identification du Christ avec le pauvre<\/strong> et <strong>la continuit\u00e9 de sa Mission<\/strong>, mais le 11 juillet 1657, dans une conversation avec les Dames, il leur dit\u00a0:<\/p>\n<p style=\"padding-left: 30px;\">\u00ab\u00a0Lui-m\u00eame a voulu na\u00eetre pauvre, recevoir en sa compagnie des pauvres, servir les pauvres, se mettre \u00e0 la place des pauvres, jusqu\u2019\u00e0 dire que le bien et le mal que nous ferons aux pauvres, il le tiendrait fait \u00e0 sa personne divine. Quel plus tendre amour pouvait-il t\u00e9moigner pour les pauvres\u00a0! Et quel amour, je vous prie, pouvons-nous avoir pour Lui, si nous n\u2019aimons pas ce qu\u2019Il a aim\u00e9\u00a0! Tant y a Mesdames, <strong>c\u2019est l\u2019aimer de la bonne sorte que d\u2019aimer les pauvres<\/strong>\u00a0; <strong>c\u2019est le bien servir, que de les bien servir<\/strong>, et c\u2019est l\u2019honorer comme il faut que de l\u2019imiter\u00a0\u00bb<span id='easy-footnote-9-190819' class='easy-footnote-margin-adjust'><\/span><span class='easy-footnote'><a href='http:\/\/vincentians.com\/fr\/prophetisme-charisme-vincentien-a-lumiere-de-doctrine-sociale-de-leglise-3\/#easy-footnote-bottom-9-190819' title='Coste X, 811'><sup>9<\/sup><\/a><\/span><a href=\"#_ftn9\" name=\"_ftnref9\"><\/a>.<\/p>\n<p>Pour Vincent de Paul, dans le fait de continuer la Mission du Christ est toujours pr\u00e9sent l\u2019accomplissement de la volont\u00e9 du P\u00e8re qui est pour notre Fondateur, l\u2019\u00e9quivalent d\u2019<strong>avoir faim et soif de justice,<\/strong> de construire le R\u00e8gne de Dieu et sa justice. Une des <strong>caract\u00e9ristiques<\/strong> propres et originales de la <strong>spiritualit\u00e9 vincentienne<\/strong> est cette <strong>relation<\/strong> que notre Fondateur \u00e9tablit <strong>entre R\u00e8gne de Dieu et volont\u00e9 de Dieu<\/strong>, et qui, &#8211; comme lui nous le montre par sa vie &#8211; se r\u00e9alise par l\u2019action.<\/p>\n<p>Le christianisme a toujours d\u00e9fendu <strong>l\u2019unit\u00e9 de l\u2019\u00eatre humain, <\/strong>face \u00e0 la philosophie grecque qui con\u00e7oit l\u2019homme comme un <strong>compos\u00e9 <\/strong>d\u2019\u00e2me et de corps. Cette dichotomie, comme le dit le P\u00e8re Iba\u00f1ez, fin connaisseur de St Vincent qui n\u2019est plus en ce monde, conduit \u00e0 \u00ab\u00a0la schizophr\u00e9nie de la vie chr\u00e9tienne\u00a0\u00bb qui met d\u2019un c\u00f4t\u00e9 la vie int\u00e9rieure et de l\u2019autre la lutte pour la justice et l\u2019engagement sociopolitique en faveur des pauvres. Dans son livre \u00ab\u00a0<em>La foi v\u00e9rifi\u00e9e dans l\u2019amour\u00a0\u00bb<\/em>, le P\u00e8re Iba\u00f1ez poursuit\u00a0: \u00ab\u00a0<em>La foi et l\u2019exp\u00e9rience de Vincent de Paul lui font d\u00e9couvrir que, tandis que dans le christianisme les attitudes spiritualistes sont d\u00e9velopp\u00e9es, la lutte pour la justice et la d\u00e9fense des pauvres vont par d\u2019autres chemins tr\u00e8s distincts de ceux de l\u2019Eglise de J\u00e9sus Christ\u00a0\u00bb<a href=\"#_ftn10\" name=\"_ftnref10\"><\/a>.<\/em><span id='easy-footnote-10-190819' class='easy-footnote-margin-adjust'><\/span><span class='easy-footnote'><a href='http:\/\/vincentians.com\/fr\/prophetisme-charisme-vincentien-a-lumiere-de-doctrine-sociale-de-leglise-3\/#easy-footnote-bottom-10-190819' title='J.M. Ibanez, &lt;em&gt;La fe verificada en el amor,&lt;\/em&gt; Ed.Paulinas, 1993, 65'><sup>10<\/sup><\/a><\/span>\n<p>Saint Vincent affirme qu\u2019il faut servir tout l\u2019homme, toute la personne. Cette s\u00e9paration entre le \u2018spirituel\u2019 et le \u2018corporel\u2019 semble d\u00e9j\u00e0 cr\u00e9er probl\u00e8me en son temps, car dans une conf\u00e9rence sur la finalit\u00e9 de la Congr\u00e9gation de la Mission, il dit aux Missionnaires\u00a0:<\/p>\n<p style=\"padding-left: 30px;\">\u00ab De sorte que, s\u2019il s\u2019en trouve parmi vous qui pensent qu\u2019ils sont \u00e0 la Mission pour \u00e9vang\u00e9liser les pauvres et non pour les soulager, pour rem\u00e9dier \u00e0 leurs besoins spirituels et non aux temporels, je r\u00e9ponds que<strong> nous les devons assister et faire assister <\/strong>de toutes les mani\u00e8res, <strong>par nous et par autrui<\/strong> \u2026 Faire cela, c\u2019est <strong>\u00e9vang\u00e9liser par paroles et par \u0153uvres, <\/strong>et c\u2019est le plus parfait, et c\u2019est aussi ce que Notre Seigneur a pratiqu\u00e9, et ce <strong>que doivent faire ceux qui le repr\u00e9sentent sur la terre\u00a0\u00bb<\/strong><span id='easy-footnote-11-190819' class='easy-footnote-margin-adjust'><\/span><span class='easy-footnote'><a href='http:\/\/vincentians.com\/fr\/prophetisme-charisme-vincentien-a-lumiere-de-doctrine-sociale-de-leglise-3\/#easy-footnote-bottom-11-190819' title='Coste XII, 87'><sup>11<\/sup><\/a><\/span><a href=\"#_ftn11\" name=\"_ftnref11\"><\/a>.<\/p>\n<p>Dans un langage diff\u00e9rent, car trois si\u00e8cles les s\u00e9parent, le Compendium nous rappelle que le <strong>salut est int\u00e9gral,<\/strong> il concerne toute la personne.<\/p>\n<p style=\"padding-left: 30px;\">\u00ab\u00a0La Doctrine sociale de l\u2019Eglise a une <strong>profonde unit\u00e9<\/strong>, qui jaillit de la <strong>Foi<\/strong> en un <strong>salut int\u00e9gral,<\/strong> de <strong>l\u2019Esp\u00e9rance<\/strong> en une <strong>justice pleine<\/strong>, de la <strong>Charit\u00e9<\/strong> qui nous fait v\u00e9ritablement <strong>fr\u00e8res<\/strong> <strong>de tous les hommes<\/strong> en Christ\u00a0\u00bb<span id='easy-footnote-12-190819' class='easy-footnote-margin-adjust'><\/span><span class='easy-footnote'><a href='http:\/\/vincentians.com\/fr\/prophetisme-charisme-vincentien-a-lumiere-de-doctrine-sociale-de-leglise-3\/#easy-footnote-bottom-12-190819' title='Compendium, 3'><sup>12<\/sup><\/a><\/span><a href=\"#_ftn12\" name=\"_ftnref12\"><\/a>.<\/p>\n<p>Saint Vincent est \u00e0 des ann\u00e9es-lumi\u00e8re d\u2019un spiritualisme d\u00e9sincarn\u00e9. Voyons les Conf\u00e9rences aux Missionnaires. Le texte est un peu long mais je crois qu\u2019il est important que nous le connaissions en entier\u00a0:<\/p>\n<p style=\"padding-left: 30px;\">Aimons Dieu, mes fr\u00e8res, aimons Dieu, mais que ce soit <strong>aux d\u00e9pens de nos bras, que ce soit \u00e0 la sueur de nos visages. <\/strong>Car bien souvent tant d\u2019actes d\u2019amour de Dieu, de complaisance, de bienveillance, et autres semblables affections et pratiques int\u00e9rieures d\u2019un c\u0153ur tendre, quoique tr\u00e8s bonnes et tr\u00e8s d\u00e9sirables, sont n\u00e9anmoins tr\u00e8s <strong>suspectes, <\/strong>quand on <strong>n\u2019en vient point \u00e0 la pratique de l\u2019amour effectif. \u2018<\/strong>En cela, dit Notre Seigneur<strong>, mon P\u00e8re est glorifi\u00e9 que vous rapportiez beaucoup de fruit\u2019. Et c\u2019est \u00e0 quoi nous devons bien prendre garde\u00a0; car il y en a plusieurs qui<\/strong>, pour <strong>avoir l\u2019ext\u00e9rieur bien compos\u00e9 et l\u2019int\u00e9rieur rempli de grands sentiments de Dieu, <\/strong>s\u2019arr\u00eatent \u00e0 cela\u00a0; et quand on vient au fait et qu\u2019ils se trouvent dans <strong>les occasions d\u2019agir, ils demeurent courts. <\/strong>Ils se flattent de leur imagination \u00e9chauff\u00e9e\u00a0; ils se contentent des doux entretiens qu\u2019ils ont avec Dieu dans l\u2019oraison\u00a0; ils en parlent m\u00eame comme des anges\u00a0; mais au sortir de l\u00e0, est-il question<strong> de travailler pour Dieu,<\/strong> de souffrir, de se mortifier, d\u2019instruire les pauvres, d\u2019aller chercher la brebis \u00e9gar\u00e9e, d\u2019aimer qu\u2019\u00ecl leur manque quelque chose, d\u2019agr\u00e9er les maladies ou quelque autre disgr\u00e2ce, h\u00e9las\u00a0! Il n\u2019y a plus personne, le courage leur manque\u00a0: Non, non ne nous trompons pas\u00a0:<strong>Totum opus nostrum in operatione consistit <\/strong>\u00bb<span id='easy-footnote-13-190819' class='easy-footnote-margin-adjust'><\/span><span class='easy-footnote'><a href='http:\/\/vincentians.com\/fr\/prophetisme-charisme-vincentien-a-lumiere-de-doctrine-sociale-de-leglise-3\/#easy-footnote-bottom-13-190819' title='Coste XI, 40'><sup>13<\/sup><\/a><\/span><a href=\"#_ftn13\" name=\"_ftnref13\"><\/a>. (Tour notre travail c\u2019est l\u2019action).<\/p>\n<p>Notre <strong>fid\u00e9lit\u00e9 aux pauvres<\/strong>, nous rendra plus ouverts \u00e0 l\u2019amour universel, aux grandes causes de l\u2019humanit\u00e9, plus utiles \u00e0 l\u2019Eglise de Dieu, plus f\u00e9conds pour le Royaume et sa justice. Il n\u2019est pas n\u00e9cessaire de r\u00e9p\u00e9ter exactement ce que fit Saint Vincent, ce qui compte, c\u2019est la <strong>fid\u00e9lit\u00e9 inventive au charisme re\u00e7u en h\u00e9ritage<\/strong>, une nouvelle <strong><em>\u00ab\u00a0imagination de la charit\u00e9\u00a0\u00bb<\/em><\/strong><em>,<\/em> comme disait Jean Paul II\u00a0:<\/p>\n<p style=\"padding-left: 30px;\">\u00ab\u00a0Il s\u2019agit de poursuivre une tradition de charit\u00e9 qui a d\u00e9j\u00e0 rev\u00eatu de multiples expressions au cours des deux mill\u00e9naires pass\u00e9s, mais qui aujourd\u2019hui requiert sans doute encore une plus grande inventivit\u00e9. C\u2019est l\u2019heure d\u2019une <strong>nouvelle imagination de la charit\u00e9<\/strong> qui se d\u00e9ploierait non seulement \u00e0 travers les secours prodigu\u00e9s avec efficacit\u00e9, mais aussi dans la capacit\u00e9 de se faire <strong>proches, d\u2019\u00eatre solidaires de ceux qui souffrent<\/strong>, de mani\u00e8re \u00e0 ce que le geste d\u2019aide soit ressenti non comme une aum\u00f4ne humiliante, mais comme un partage fraternel\u00a0\u00bb<span id='easy-footnote-14-190819' class='easy-footnote-margin-adjust'><\/span><span class='easy-footnote'><a href='http:\/\/vincentians.com\/fr\/prophetisme-charisme-vincentien-a-lumiere-de-doctrine-sociale-de-leglise-3\/#easy-footnote-bottom-14-190819' title='Novo Millennio Ineunte, 50'><sup>14<\/sup><\/a><\/span><a href=\"#_ftn14\" name=\"_ftnref14\"><\/a>.<\/p>\n<p>Dans le chapitre d\u00e9di\u00e9 \u00e0 l\u2019homme cr\u00e9\u00e9 \u00e0 l\u2019image de Dieu, le Compendium aborde la question de <strong>l\u2019homme<\/strong> <strong>et de la femme qui ont m\u00eame dignit\u00e9 et \u00e9gale valeur.<\/strong> Il utilise les textes de deux documents que Jean Paul II a d\u00e9di\u00e9s \u00e0 la femme\u00a0: en 1988 la Lettre Apostolique<strong> <em>\u00ab\u00a0Mulieris Dignitatem\u00a0\u00bb<\/em><\/strong>, et en 1995 la tr\u00e8s belle <strong><em>\u00ab\u00a0Lettre aux femmes\u00a0\u00bb<\/em><\/strong>, \u00e0 l\u2019occasion de la IV Conf\u00e9rence Mondiale de la Femme c\u00e9l\u00e9br\u00e9e \u00e0 P\u00e9kin. Prenons un texte de cette derni\u00e8re dans lequel Jean Paul II fait r\u00e9f\u00e9rence au comportement de J\u00e9sus \u00e0 l\u2019\u00e9gard des femmes\u00a0; il dit ceci\u00a0:<\/p>\n<p style=\"padding-left: 30px;\">\u00ab\u00a0Lui, <strong>d\u00e9passant les normes en vigueur dans la culture de son temps, <\/strong>a eu avec les femmes une attitude d\u2019ouverture, de respect, d\u2019accueil et de tendresse. De cette fa\u00e7on il honorait dans la femme,<strong> la dignit\u00e9 qu\u2019elle a depuis toujours, <\/strong>dans le projet et dans l\u2019amour de Dieu\u00a0\u00bb<span id='easy-footnote-15-190819' class='easy-footnote-margin-adjust'><\/span><span class='easy-footnote'><a href='http:\/\/vincentians.com\/fr\/prophetisme-charisme-vincentien-a-lumiere-de-doctrine-sociale-de-leglise-3\/#easy-footnote-bottom-15-190819' title='\u2018Lettre de Jean Paul II aux femmes\u2019, Vatican 29 juin 1995'><sup>15<\/sup><\/a><\/span><a href=\"#_ftn15\" name=\"_ftnref15\"><\/a>.<\/p>\n<p>Les femmes, \u00e0 l\u2019\u00e9poque de Saint Vincent, \u00e9taient des personnes de second rang, tant au point de vue social qu\u2019eccl\u00e9sial, soumises aux hommes et sans personnalit\u00e9 juridique. Vincent de Paul rompt avec cette mani\u00e8re de voir, se lib\u00e8re de la conception antihumaine v\u00e9cue par les femmes et commence \u00e0 d\u00e9couvrir que <strong>la femme est indispensable pour d\u00e9passer la situation de mis\u00e8re dans laquelle se trouvent les pauvres.<br \/>\n<\/strong><\/p>\n<p>Convaincu de cela, il confronte les traditions de son temps, ouvre des chemins et <strong>introduit la femme dans la vie sociale et religieuse, <\/strong>avec toutes les cons\u00e9quences que cela comporte. Avec un exemple comprenons sa pens\u00e9e\u00a0:<\/p>\n<p style=\"padding-left: 30px;\">\u00ab\u00a0Il semble que c\u2019est ouvrage d\u2019hommes et non de femmes que le soin des enfants trouv\u00e9s. R\u00e9pondez que <strong>Dieu se sert de ceux qu\u2019il lui pla\u00eet<\/strong>\u2026 Judith d\u00e9fit Holopherne et son arm\u00e9e\u00a0; Esther donna la vie \u00e0 tous les juifs\u00a0; S\u00e9phora conduisit et jugea le peuple de Dieu\u00a0; les veuves dont parle Saint Paul soutiendront l\u2019Eglise \u00e0 son commencement\u00a0; sainte Genevi\u00e8ve pourvut Paris de bl\u00e9s pendant une famine et une veuve a chass\u00e9 les Allemands de ce royaume\u00a0\u00bb<span id='easy-footnote-16-190819' class='easy-footnote-margin-adjust'><\/span><span class='easy-footnote'><a href='http:\/\/vincentians.com\/fr\/prophetisme-charisme-vincentien-a-lumiere-de-doctrine-sociale-de-leglise-3\/#easy-footnote-bottom-16-190819' title='Coste XIII, 796'><sup>16<\/sup><\/a><\/span><a href=\"#_ftn16\" name=\"_ftnref16\"><\/a>.<\/p>\n<p>Voyons aussi comment Saint Vincent d\u00e9passe les normes en vigueur dans la culture de son temps. Dans le langage d\u2019aujourd\u2019hui nous dirions qu\u2019il a \u00e9t\u00e9 \u00e0 contre-courant.<\/p>\n<p>Prenons l\u2019exemple du R\u00e8glement de la \u00ab\u00a0Charit\u00e9 des femmes de Ch\u00e2tillon-les- Dombes\u00a0\u00bb de la fin de 1617. Il s\u2019agit l\u00e0 de leur document fondateur, vieux de plus de 390 ans. Nous lisons\u00a0:<\/p>\n<p style=\"padding-left: 30px;\">\u00ab\u00a0Et pour ce qui regarde les fondations en faveur de la dite confr\u00e9rie et que ce <strong>n\u2019est pas le propre des femmes d\u2019avoir seules le maniement d\u2019icelles<\/strong>, les dites servantes des pauvres \u00e9liront pour leur procureur quelque pieux et d\u00e9vot eccl\u00e9siastique, ou un bourgeois de la ville, vertueux\u00a0\u00bb<span id='easy-footnote-17-190819' class='easy-footnote-margin-adjust'><\/span><span class='easy-footnote'><a href='http:\/\/vincentians.com\/fr\/prophetisme-charisme-vincentien-a-lumiere-de-doctrine-sociale-de-leglise-3\/#easy-footnote-bottom-17-190819' title='Coste XIII, 424'><sup>17<\/sup><\/a><\/span>.<\/p>\n<p>En peu de temps Vincent de Paul se rend compte que ce trait culturel de son \u00e9poque, <em>\u00ab\u00a0cela ne convient pas aux femmes de porter seules l\u2019administration\u00a0\u00bb, <\/em>n\u2019est pas valable. Tr\u00e8s vite, vers 1630, il \u00e9crit \u00e0 Louise de Marillac\u00a0:<\/p>\n<p style=\"padding-left: 30px;\">\u00ab\u00a0L\u2019exp\u00e9rience nous fait voir qu\u2019il est <strong>absolument n\u00e9cessaire que les femmes ne d\u00e9pendent pas en ceci des hommes,<\/strong> surtout pour la bourse\u00a0\u00bb<span id='easy-footnote-18-190819' class='easy-footnote-margin-adjust'><\/span><span class='easy-footnote'><a href='http:\/\/vincentians.com\/fr\/prophetisme-charisme-vincentien-a-lumiere-de-doctrine-sociale-de-leglise-3\/#easy-footnote-bottom-18-190819' title='Coste I, 78'><sup>18<\/sup><\/a><\/span>.<\/p>\n<p>Que nous enseigne ici Saint Vincent\u00a0? Deux choses\u00a0: que l\u00e0 aussi, Monsieur Vincent ne fait autre chose que de suivre l\u2019exemple de J\u00e9sus Christ comme l\u2019a observ\u00e9 Jean Paul II et que quand il s\u2019agit du bien des pauvres, il ne faut pas h\u00e9siter et agir \u00e0 contre-courant, si c\u2019est n\u00e9cessaire.<\/p>\n","protected":false},"excerpt":{"rendered":"<p>3. SAINT VINCENT ET LA DIGNITE HUMAINE Le principe fondamental de la DSE, la dignit\u00e9 de la personne humaine, se base sur la grandeur du fait que l\u2019homme est cr\u00e9\u00e9 \u00e0 l\u2019image et ressemblance de &#8230; <a href=\"http:\/\/vincentians.com\/fr\/prophetisme-charisme-vincentien-a-lumiere-de-doctrine-sociale-de-leglise-3\/\" class=\"more-link\">Read More<\/a><\/p>\n","protected":false},"author":4,"featured_media":190817,"comment_status":"open","ping_status":"open","sticky":false,"template":"","format":"standard","meta":{"jetpack_post_was_ever_published":false,"_jetpack_newsletter_access":"","_jetpack_dont_email_post_to_subs":false,"_jetpack_newsletter_tier_id":0,"_jetpack_memberships_contains_paywalled_content":false,"_jetpack_memberships_contains_paid_content":false,"footnotes":"","jetpack_publicize_message":"","jetpack_publicize_feature_enabled":true,"jetpack_social_post_already_shared":true,"jetpack_social_options":{"image_generator_settings":{"template":"highway","default_image_id":0,"font":"","enabled":false},"version":2}},"categories":[118],"tags":[],"class_list":["post-190819","post","type-post","status-publish","format-standard","has-post-thumbnail","hentry","category-formation-vincentienne"],"yoast_head":"<!-- This site is optimized with the Yoast SEO plugin v26.3 - https:\/\/yoast.com\/wordpress\/plugins\/seo\/ -->\n<title>Proph\u00e9tisme du charisme vincentien a la lumi\u00e8re de la Doctrine Sociale de l\u2019\u00c9glise (3) - Nous Sommes Vincentiens<\/title>\n<meta name=\"robots\" content=\"index, follow, max-snippet:-1, max-image-preview:large, max-video-preview:-1\" \/>\n<link rel=\"canonical\" href=\"https:\/\/vincentians.com\/fr\/prophetisme-charisme-vincentien-a-lumiere-de-doctrine-sociale-de-leglise-3\/\" \/>\n<meta property=\"og:locale\" content=\"fr_FR\" \/>\n<meta property=\"og:type\" content=\"article\" \/>\n<meta property=\"og:title\" content=\"Proph\u00e9tisme du charisme vincentien a la lumi\u00e8re de la Doctrine Sociale de l\u2019\u00c9glise (3) - Nous Sommes Vincentiens\" \/>\n<meta property=\"og:description\" content=\"3. SAINT VINCENT ET LA DIGNITE HUMAINE Le principe fondamental de la DSE, la dignit\u00e9 de la personne humaine, se base sur la grandeur du fait que l\u2019homme est cr\u00e9\u00e9 \u00e0 l\u2019image et ressemblance de ... Read More\" \/>\n<meta property=\"og:url\" content=\"https:\/\/vincentians.com\/fr\/prophetisme-charisme-vincentien-a-lumiere-de-doctrine-sociale-de-leglise-3\/\" \/>\n<meta property=\"og:site_name\" content=\"Nous Sommes Vincentiens\" \/>\n<meta property=\"article:publisher\" content=\"https:\/\/www.facebook.com\/WeAreVincentians\/\" \/>\n<meta property=\"article:author\" content=\"https:\/\/www.facebook.com\/JavierChento\" \/>\n<meta property=\"article:published_time\" content=\"2017-02-11T07:24:47+00:00\" \/>\n<meta property=\"article:modified_time\" content=\"2017-02-14T07:43:13+00:00\" \/>\n<meta property=\"og:image\" content=\"https:\/\/i0.wp.com\/vincentians.com\/fr\/wp-content\/uploads\/sites\/10\/2017\/02\/profetismo-fb.jpg?fit=1200%2C630&ssl=1\" \/>\n\t<meta property=\"og:image:width\" content=\"1200\" \/>\n\t<meta property=\"og:image:height\" content=\"630\" \/>\n\t<meta property=\"og:image:type\" content=\"image\/jpeg\" \/>\n<meta name=\"author\" content=\"Francisco Javier Fern\u00e1ndez Chento\" \/>\n<meta name=\"twitter:card\" content=\"summary_large_image\" \/>\n<meta name=\"twitter:creator\" content=\"@https:\/\/twitter.com\/javierchento\" \/>\n<meta name=\"twitter:site\" content=\"@WeVincentians\" \/>\n<meta name=\"twitter:label1\" content=\"\u00c9crit par\" \/>\n\t<meta name=\"twitter:data1\" content=\"Francisco Javier Fern\u00e1ndez Chento\" \/>\n\t<meta name=\"twitter:label2\" content=\"Dur\u00e9e de lecture estim\u00e9e\" \/>\n\t<meta name=\"twitter:data2\" content=\"12 minutes\" \/>\n<script type=\"application\/ld+json\" class=\"yoast-schema-graph\">{\"@context\":\"https:\/\/schema.org\",\"@graph\":[{\"@type\":\"WebPage\",\"@id\":\"https:\/\/vincentians.com\/fr\/prophetisme-charisme-vincentien-a-lumiere-de-doctrine-sociale-de-leglise-3\/\",\"url\":\"https:\/\/vincentians.com\/fr\/prophetisme-charisme-vincentien-a-lumiere-de-doctrine-sociale-de-leglise-3\/\",\"name\":\"Proph\u00e9tisme du charisme vincentien a la lumi\u00e8re de la Doctrine Sociale de l\u2019\u00c9glise (3) - Nous Sommes Vincentiens\",\"isPartOf\":{\"@id\":\"http:\/\/vincentians.com\/fr\/#website\"},\"primaryImageOfPage\":{\"@id\":\"https:\/\/vincentians.com\/fr\/prophetisme-charisme-vincentien-a-lumiere-de-doctrine-sociale-de-leglise-3\/#primaryimage\"},\"image\":{\"@id\":\"https:\/\/vincentians.com\/fr\/prophetisme-charisme-vincentien-a-lumiere-de-doctrine-sociale-de-leglise-3\/#primaryimage\"},\"thumbnailUrl\":\"https:\/\/i0.wp.com\/vincentians.com\/fr\/wp-content\/uploads\/sites\/10\/2017\/02\/profetismo-fb.jpg?fit=1200%2C630\",\"datePublished\":\"2017-02-11T07:24:47+00:00\",\"dateModified\":\"2017-02-14T07:43:13+00:00\",\"author\":{\"@id\":\"http:\/\/vincentians.com\/fr\/#\/schema\/person\/9623ef4d9aa3b2dfb8c061f1499288f2\"},\"breadcrumb\":{\"@id\":\"https:\/\/vincentians.com\/fr\/prophetisme-charisme-vincentien-a-lumiere-de-doctrine-sociale-de-leglise-3\/#breadcrumb\"},\"inLanguage\":\"fr-FR\",\"potentialAction\":[{\"@type\":\"ReadAction\",\"target\":[\"https:\/\/vincentians.com\/fr\/prophetisme-charisme-vincentien-a-lumiere-de-doctrine-sociale-de-leglise-3\/\"]}]},{\"@type\":\"ImageObject\",\"inLanguage\":\"fr-FR\",\"@id\":\"https:\/\/vincentians.com\/fr\/prophetisme-charisme-vincentien-a-lumiere-de-doctrine-sociale-de-leglise-3\/#primaryimage\",\"url\":\"https:\/\/i0.wp.com\/vincentians.com\/fr\/wp-content\/uploads\/sites\/10\/2017\/02\/profetismo-fb.jpg?fit=1200%2C630\",\"contentUrl\":\"https:\/\/i0.wp.com\/vincentians.com\/fr\/wp-content\/uploads\/sites\/10\/2017\/02\/profetismo-fb.jpg?fit=1200%2C630\",\"width\":1200,\"height\":630},{\"@type\":\"BreadcrumbList\",\"@id\":\"https:\/\/vincentians.com\/fr\/prophetisme-charisme-vincentien-a-lumiere-de-doctrine-sociale-de-leglise-3\/#breadcrumb\",\"itemListElement\":[{\"@type\":\"ListItem\",\"position\":1,\"name\":\"Portada\",\"item\":\"http:\/\/vincentians.com\/fr\/\"},{\"@type\":\"ListItem\",\"position\":2,\"name\":\"Proph\u00e9tisme du charisme vincentien a la lumi\u00e8re de la Doctrine Sociale de l\u2019\u00c9glise (3)\"}]},{\"@type\":\"WebSite\",\"@id\":\"http:\/\/vincentians.com\/fr\/#website\",\"url\":\"http:\/\/vincentians.com\/fr\/\",\"name\":\"Nous Sommes Vincentiens\",\"description\":\"Know more to serve more\",\"potentialAction\":[{\"@type\":\"SearchAction\",\"target\":{\"@type\":\"EntryPoint\",\"urlTemplate\":\"http:\/\/vincentians.com\/fr\/?s={search_term_string}\"},\"query-input\":{\"@type\":\"PropertyValueSpecification\",\"valueRequired\":true,\"valueName\":\"search_term_string\"}}],\"inLanguage\":\"fr-FR\"},{\"@type\":\"Person\",\"@id\":\"http:\/\/vincentians.com\/fr\/#\/schema\/person\/9623ef4d9aa3b2dfb8c061f1499288f2\",\"name\":\"Francisco Javier Fern\u00e1ndez Chento\",\"image\":{\"@type\":\"ImageObject\",\"inLanguage\":\"fr-FR\",\"@id\":\"http:\/\/vincentians.com\/fr\/#\/schema\/person\/image\/\",\"url\":\"https:\/\/secure.gravatar.com\/avatar\/497d5cde87b4c3d097d0315953521681ba2cd523ee66e5077c3711f7021e65de?s=96&d=mm&r=g\",\"contentUrl\":\"https:\/\/secure.gravatar.com\/avatar\/497d5cde87b4c3d097d0315953521681ba2cd523ee66e5077c3711f7021e65de?s=96&d=mm&r=g\",\"caption\":\"Francisco Javier Fern\u00e1ndez Chento\"},\"description\":\"Director General y cofundador de La Red de Formaci\u00f3n Vicenciana. Javier es laico vicenciano, afiliado a la Congregaci\u00f3n de la Misi\u00f3n y miembro del Equipo de Misiones Populares de la provincia can\u00f3nica de Zaragoza (Espa\u00f1a) de la Congregaci\u00f3n de la Misi\u00f3n. Graduado en la Universidad Oberta de Catalunya con cuatro grados (Asistente de direcci\u00f3n, Gesti\u00f3n Administrativa, Recursos Humanos y Contabilidad Avanzada). Bil\u00edng\u00fce Espa\u00f1ol\/Ingl\u00e9s. gestiona y mantiene varias p\u00e1ginas web cristianas y vicencianas, incluida including La Red de Formaci\u00f3n Vicenciana, de la que es cofundador. Actualmente es responsable del \u00e1rea de Espa\u00f1ol de .famvin, la Red de Noticias de la Familia Vicenciana. Tambi\u00e9n es m\u00fasico cat\u00f3lico y ha editado varios discos. Es Director General y cofundador de Trovador, una reconocida compa\u00f1\u00eda discogr\u00e1fica critiana de Espa\u00f1a. Trabaja en las Tecnolog\u00edas de la Informaci\u00f3n, ofreciendo servicios de alojamiento, dise\u00f1o y mantenimiento Web, as\u00ed como asesoramiento, formaci\u00f3n y soluciones inform\u00e1ticas, gesti\u00f3n documental y digitalizaci\u00f3n de textos, edici\u00f3n y maquetaci\u00f3n de libros, revistas, flyers, etc.\",\"sameAs\":[\"http:\/\/chento.org\",\"https:\/\/www.facebook.com\/JavierChento\",\"https:\/\/x.com\/https:\/\/twitter.com\/javierchento\"],\"url\":\"http:\/\/vincentians.com\/fr\/author\/chento\/\"}]}<\/script>\n<!-- \/ Yoast SEO plugin. -->","yoast_head_json":{"title":"Proph\u00e9tisme du charisme vincentien a la lumi\u00e8re de la Doctrine Sociale de l\u2019\u00c9glise (3) - Nous Sommes Vincentiens","robots":{"index":"index","follow":"follow","max-snippet":"max-snippet:-1","max-image-preview":"max-image-preview:large","max-video-preview":"max-video-preview:-1"},"canonical":"https:\/\/vincentians.com\/fr\/prophetisme-charisme-vincentien-a-lumiere-de-doctrine-sociale-de-leglise-3\/","og_locale":"fr_FR","og_type":"article","og_title":"Proph\u00e9tisme du charisme vincentien a la lumi\u00e8re de la Doctrine Sociale de l\u2019\u00c9glise (3) - Nous Sommes Vincentiens","og_description":"3. SAINT VINCENT ET LA DIGNITE HUMAINE Le principe fondamental de la DSE, la dignit\u00e9 de la personne humaine, se base sur la grandeur du fait que l\u2019homme est cr\u00e9\u00e9 \u00e0 l\u2019image et ressemblance de ... Read More","og_url":"https:\/\/vincentians.com\/fr\/prophetisme-charisme-vincentien-a-lumiere-de-doctrine-sociale-de-leglise-3\/","og_site_name":"Nous Sommes Vincentiens","article_publisher":"https:\/\/www.facebook.com\/WeAreVincentians\/","article_author":"https:\/\/www.facebook.com\/JavierChento","article_published_time":"2017-02-11T07:24:47+00:00","article_modified_time":"2017-02-14T07:43:13+00:00","og_image":[{"width":1200,"height":630,"url":"https:\/\/i0.wp.com\/vincentians.com\/fr\/wp-content\/uploads\/sites\/10\/2017\/02\/profetismo-fb.jpg?fit=1200%2C630&ssl=1","type":"image\/jpeg"}],"author":"Francisco Javier Fern\u00e1ndez Chento","twitter_card":"summary_large_image","twitter_creator":"@https:\/\/twitter.com\/javierchento","twitter_site":"@WeVincentians","twitter_misc":{"\u00c9crit par":"Francisco Javier Fern\u00e1ndez Chento","Dur\u00e9e de lecture estim\u00e9e":"12 minutes"},"schema":{"@context":"https:\/\/schema.org","@graph":[{"@type":"WebPage","@id":"https:\/\/vincentians.com\/fr\/prophetisme-charisme-vincentien-a-lumiere-de-doctrine-sociale-de-leglise-3\/","url":"https:\/\/vincentians.com\/fr\/prophetisme-charisme-vincentien-a-lumiere-de-doctrine-sociale-de-leglise-3\/","name":"Proph\u00e9tisme du charisme vincentien a la lumi\u00e8re de la Doctrine Sociale de l\u2019\u00c9glise (3) - Nous Sommes Vincentiens","isPartOf":{"@id":"http:\/\/vincentians.com\/fr\/#website"},"primaryImageOfPage":{"@id":"https:\/\/vincentians.com\/fr\/prophetisme-charisme-vincentien-a-lumiere-de-doctrine-sociale-de-leglise-3\/#primaryimage"},"image":{"@id":"https:\/\/vincentians.com\/fr\/prophetisme-charisme-vincentien-a-lumiere-de-doctrine-sociale-de-leglise-3\/#primaryimage"},"thumbnailUrl":"https:\/\/i0.wp.com\/vincentians.com\/fr\/wp-content\/uploads\/sites\/10\/2017\/02\/profetismo-fb.jpg?fit=1200%2C630","datePublished":"2017-02-11T07:24:47+00:00","dateModified":"2017-02-14T07:43:13+00:00","author":{"@id":"http:\/\/vincentians.com\/fr\/#\/schema\/person\/9623ef4d9aa3b2dfb8c061f1499288f2"},"breadcrumb":{"@id":"https:\/\/vincentians.com\/fr\/prophetisme-charisme-vincentien-a-lumiere-de-doctrine-sociale-de-leglise-3\/#breadcrumb"},"inLanguage":"fr-FR","potentialAction":[{"@type":"ReadAction","target":["https:\/\/vincentians.com\/fr\/prophetisme-charisme-vincentien-a-lumiere-de-doctrine-sociale-de-leglise-3\/"]}]},{"@type":"ImageObject","inLanguage":"fr-FR","@id":"https:\/\/vincentians.com\/fr\/prophetisme-charisme-vincentien-a-lumiere-de-doctrine-sociale-de-leglise-3\/#primaryimage","url":"https:\/\/i0.wp.com\/vincentians.com\/fr\/wp-content\/uploads\/sites\/10\/2017\/02\/profetismo-fb.jpg?fit=1200%2C630","contentUrl":"https:\/\/i0.wp.com\/vincentians.com\/fr\/wp-content\/uploads\/sites\/10\/2017\/02\/profetismo-fb.jpg?fit=1200%2C630","width":1200,"height":630},{"@type":"BreadcrumbList","@id":"https:\/\/vincentians.com\/fr\/prophetisme-charisme-vincentien-a-lumiere-de-doctrine-sociale-de-leglise-3\/#breadcrumb","itemListElement":[{"@type":"ListItem","position":1,"name":"Portada","item":"http:\/\/vincentians.com\/fr\/"},{"@type":"ListItem","position":2,"name":"Proph\u00e9tisme du charisme vincentien a la lumi\u00e8re de la Doctrine Sociale de l\u2019\u00c9glise (3)"}]},{"@type":"WebSite","@id":"http:\/\/vincentians.com\/fr\/#website","url":"http:\/\/vincentians.com\/fr\/","name":"Nous Sommes Vincentiens","description":"Know more to serve more","potentialAction":[{"@type":"SearchAction","target":{"@type":"EntryPoint","urlTemplate":"http:\/\/vincentians.com\/fr\/?s={search_term_string}"},"query-input":{"@type":"PropertyValueSpecification","valueRequired":true,"valueName":"search_term_string"}}],"inLanguage":"fr-FR"},{"@type":"Person","@id":"http:\/\/vincentians.com\/fr\/#\/schema\/person\/9623ef4d9aa3b2dfb8c061f1499288f2","name":"Francisco Javier Fern\u00e1ndez Chento","image":{"@type":"ImageObject","inLanguage":"fr-FR","@id":"http:\/\/vincentians.com\/fr\/#\/schema\/person\/image\/","url":"https:\/\/secure.gravatar.com\/avatar\/497d5cde87b4c3d097d0315953521681ba2cd523ee66e5077c3711f7021e65de?s=96&d=mm&r=g","contentUrl":"https:\/\/secure.gravatar.com\/avatar\/497d5cde87b4c3d097d0315953521681ba2cd523ee66e5077c3711f7021e65de?s=96&d=mm&r=g","caption":"Francisco Javier Fern\u00e1ndez Chento"},"description":"Director General y cofundador de La Red de Formaci\u00f3n Vicenciana. Javier es laico vicenciano, afiliado a la Congregaci\u00f3n de la Misi\u00f3n y miembro del Equipo de Misiones Populares de la provincia can\u00f3nica de Zaragoza (Espa\u00f1a) de la Congregaci\u00f3n de la Misi\u00f3n. Graduado en la Universidad Oberta de Catalunya con cuatro grados (Asistente de direcci\u00f3n, Gesti\u00f3n Administrativa, Recursos Humanos y Contabilidad Avanzada). Bil\u00edng\u00fce Espa\u00f1ol\/Ingl\u00e9s. gestiona y mantiene varias p\u00e1ginas web cristianas y vicencianas, incluida including La Red de Formaci\u00f3n Vicenciana, de la que es cofundador. Actualmente es responsable del \u00e1rea de Espa\u00f1ol de .famvin, la Red de Noticias de la Familia Vicenciana. Tambi\u00e9n es m\u00fasico cat\u00f3lico y ha editado varios discos. Es Director General y cofundador de Trovador, una reconocida compa\u00f1\u00eda discogr\u00e1fica critiana de Espa\u00f1a. Trabaja en las Tecnolog\u00edas de la Informaci\u00f3n, ofreciendo servicios de alojamiento, dise\u00f1o y mantenimiento Web, as\u00ed como asesoramiento, formaci\u00f3n y soluciones inform\u00e1ticas, gesti\u00f3n documental y digitalizaci\u00f3n de textos, edici\u00f3n y maquetaci\u00f3n de libros, revistas, flyers, etc.","sameAs":["http:\/\/chento.org","https:\/\/www.facebook.com\/JavierChento","https:\/\/x.com\/https:\/\/twitter.com\/javierchento"],"url":"http:\/\/vincentians.com\/fr\/author\/chento\/"}]}},"jetpack_publicize_connections":[],"jetpack_featured_media_url":"https:\/\/i0.wp.com\/vincentians.com\/fr\/wp-content\/uploads\/sites\/10\/2017\/02\/profetismo-fb.jpg?fit=1200%2C630","jetpack_sharing_enabled":true,"jetpack_shortlink":"https:\/\/wp.me\/p7ETMP-NDJ","jetpack-related-posts":[{"id":52155,"url":"http:\/\/vincentians.com\/fr\/theologie-de-la-charite-selon-saint-vincent-de-paul\/","url_meta":{"origin":190819,"position":0},"title":"Th\u00e9ologie De La Charit\u00e9 Selon Saint Vincent De Paul","author":"Francisco Javier Fern\u00e1ndez Chento","date":"12\/12\/2014","format":false,"excerpt":"Caract\u00e9riser la th\u00e9ologie de la charit\u00e9 n'est pas t\u00e2che facile. Nous nous trouvons devant deux difficult\u00e9s majeures barrant notre route. Qu'est-ce exactement que la \u00abth\u00e9ologie de la charit\u00e9\u00bb? La dogmatique et la morale de la troisi\u00e8me vertu th\u00e9ologale, l'expli\u00adcation de son enracinement dans la gr\u00e2ce cr\u00e9\u00e9e, la description de ses\u2026","rel":"","context":"Dans &quot;Vincent de Paul&quot;","block_context":{"text":"Vincent de Paul","link":"http:\/\/vincentians.com\/fr\/category\/the-vincentian-family\/founders\/vincent-de-paul\/"},"img":{"alt_text":"","src":"https:\/\/i0.wp.com\/vincentiens.org\/wp-content\/uploads\/2011\/09\/Vincent_de_Paul_and_bread-188x300.jpg?resize=350%2C200","width":350,"height":200},"classes":[]},{"id":38257,"url":"http:\/\/vincentians.com\/fr\/elements-dunion-dans-la-famille-vincentienne\/","url_meta":{"origin":190819,"position":1},"title":"\u00c9l\u00e9ments d\u2019union dans la Famille Vincentienne","author":"Francisco Javier Fern\u00e1ndez Chento","date":"04\/08\/2016","format":false,"excerpt":"A. De quelle famille parlons-nous ? Lorsque nous parlons de la Famille Vincentienne nous faisons allusion \u00e0 tous ces groupes d\u2019associations ou \u00e0 des congr\u00e9gations qui, dans leur vie (style) et dans leur action (apostolat), s\u2019inspirent avec diverses nuances, de ce que nous appelons aujourd\u2019hui \u00ab charisme vincentien \u00bb. D\u2019autre\u2026","rel":"","context":"Dans &quot;La Famille Vincentienne&quot;","block_context":{"text":"La Famille Vincentienne","link":"http:\/\/vincentians.com\/fr\/category\/la-famille-vincentienne\/"},"img":{"alt_text":"","src":"https:\/\/i0.wp.com\/vincentians.com\/fr\/wp-content\/uploads\/sites\/10\/2014\/01\/Vincentian-Family-leaders-meeting-in-Paris.jpg?fit=1200%2C630&resize=350%2C200","width":350,"height":200,"srcset":"https:\/\/i0.wp.com\/vincentians.com\/fr\/wp-content\/uploads\/sites\/10\/2014\/01\/Vincentian-Family-leaders-meeting-in-Paris.jpg?fit=1200%2C630&resize=350%2C200 1x, https:\/\/i0.wp.com\/vincentians.com\/fr\/wp-content\/uploads\/sites\/10\/2014\/01\/Vincentian-Family-leaders-meeting-in-Paris.jpg?fit=1200%2C630&resize=525%2C300 1.5x, https:\/\/i0.wp.com\/vincentians.com\/fr\/wp-content\/uploads\/sites\/10\/2014\/01\/Vincentian-Family-leaders-meeting-in-Paris.jpg?fit=1200%2C630&resize=700%2C400 2x, https:\/\/i0.wp.com\/vincentians.com\/fr\/wp-content\/uploads\/sites\/10\/2014\/01\/Vincentian-Family-leaders-meeting-in-Paris.jpg?fit=1200%2C630&resize=1050%2C600 3x"},"classes":[]},{"id":57182,"url":"http:\/\/vincentians.com\/fr\/lhistoriographie-vincentienne-selon-les-epoques-culturelles\/","url_meta":{"origin":190819,"position":2},"title":"L&rsquo;historiographie vincentienne selon les epoques culturelles","author":"Francisco Javier Fern\u00e1ndez Chento","date":"16\/05\/2015","format":false,"excerpt":"Dans \"Les nouvelles consid\u00e9rations sur l'histoire\" (1744) Vol\u00adtaire affirmait que l'histoire n'est pas un genre immuable. Elle d\u00e9pend du progr\u00e8s scientifique g\u00e9n\u00e9ral. C'\u00e9tait \u00e0 une intuition trop en avance sur son temps. Et pourtant, cette intuition se trouve amplement con\u00adfirm\u00e9e, par la suite. Nous en trouvons une preuve \u00e9vidente dans\u2026","rel":"","context":"Dans &quot;Formation Vincentienne&quot;","block_context":{"text":"Formation Vincentienne","link":"http:\/\/vincentians.com\/fr\/category\/formation-vincentienne\/"},"img":{"alt_text":"","src":"https:\/\/i0.wp.com\/vincentiens.org\/wp-content\/uploads\/2012\/12\/sanvicentemosaico-213x300.jpg?resize=350%2C200","width":350,"height":200},"classes":[]},{"id":74152,"url":"http:\/\/vincentians.com\/fr\/fernand-portal-fils-de-saint-vincent-de-paul\/","url_meta":{"origin":190819,"position":3},"title":"Fernand Portal, Fils de Saint Vincent de Paul","author":"Francisco Javier Fern\u00e1ndez Chento","date":"20\/02\/2015","format":false,"excerpt":"\u00abCelui que vous voyez devant vous est un pr\u00eatre fran\u00e7ais, humble fils de saint Vincent de Paul\u00bb. C'est ainsi que Fernand Portal se pr\u00e9sentait, le 13 juillet 1896, \u00e0 Londres, devant une assembl\u00e9e compos\u00e9e en majeure partie de pr\u00eatres anglicans. En mettant ainsi en avant sa carte d'identit\u00e9 vincentienne, recourait-il\u2026","rel":"","context":"Dans &quot;Biographies Lazaristes&quot;","block_context":{"text":"Biographies Lazaristes","link":"http:\/\/vincentians.com\/fr\/category\/biographies-lazaristes\/"},"img":{"alt_text":"","src":"https:\/\/i0.wp.com\/vincentians.com\/fr\/wp-content\/uploads\/sites\/10\/2016\/08\/bio-congregation-of-the-mission.jpg?fit=1200%2C630&resize=350%2C200","width":350,"height":200,"srcset":"https:\/\/i0.wp.com\/vincentians.com\/fr\/wp-content\/uploads\/sites\/10\/2016\/08\/bio-congregation-of-the-mission.jpg?fit=1200%2C630&resize=350%2C200 1x, https:\/\/i0.wp.com\/vincentians.com\/fr\/wp-content\/uploads\/sites\/10\/2016\/08\/bio-congregation-of-the-mission.jpg?fit=1200%2C630&resize=525%2C300 1.5x, https:\/\/i0.wp.com\/vincentians.com\/fr\/wp-content\/uploads\/sites\/10\/2016\/08\/bio-congregation-of-the-mission.jpg?fit=1200%2C630&resize=700%2C400 2x, https:\/\/i0.wp.com\/vincentians.com\/fr\/wp-content\/uploads\/sites\/10\/2016\/08\/bio-congregation-of-the-mission.jpg?fit=1200%2C630&resize=1050%2C600 3x"},"classes":[]},{"id":45335,"url":"http:\/\/vincentians.com\/fr\/saint-vincent-et-les-missions\/","url_meta":{"origin":190819,"position":4},"title":"Saint Vincent et les Missions","author":"Francisco Javier Fern\u00e1ndez Chento","date":"14\/12\/2014","format":false,"excerpt":"Introduction A.- Lorsque nous essayons d'\u00e9tudier le travail missionnaire de Vincent de Paul et de ses premiers compagnons, nous trouvons une v\u00e9ritable mystique de la Mission; alors que nous d\u00e9sirerions que le Saint nous ait donn\u00e9 aussi une doctrine th\u00e9ologique sur ce qui constitue l'objectif de sa vie, sur ce\u2026","rel":"","context":"Dans &quot;Vincent de Paul&quot;","block_context":{"text":"Vincent de Paul","link":"http:\/\/vincentians.com\/fr\/category\/the-vincentian-family\/founders\/vincent-de-paul\/"},"img":{"alt_text":"Vincent de Paul portrait","src":"https:\/\/i0.wp.com\/vincentiens.org\/wp-content\/uploads\/2014\/12\/Vincent-de-Paul-portrait-300x300.jpg?resize=350%2C200","width":350,"height":200},"classes":[]},{"id":49618,"url":"http:\/\/vincentians.com\/fr\/la-priere-de-monsieur-vincent-de-paul\/","url_meta":{"origin":190819,"position":5},"title":"La pri\u00e8re de Monsieur Vincent de Paul","author":"Francisco Javier Fern\u00e1ndez Chento","date":"15\/12\/2014","format":false,"excerpt":"Summarium Ne suis-je pas imprudent en voulant traiter ce sujet? Les contemporains de Monsieur Vincent ne sont pas arriv\u00e9s \u00e1 caract\u00e9\u00adriser la pri\u00e8re de l'homme qu'ils avaient sous les yeux. Leur t\u00e9moignage est une accusation explicite de t\u00e9m\u00e9rit\u00e9. Voici ce qu'\u00e9crit L. Abelly, le premier biographe, au mois de septembre\u2026","rel":"","context":"Dans &quot;Vincent de Paul&quot;","block_context":{"text":"Vincent de Paul","link":"http:\/\/vincentians.com\/fr\/category\/the-vincentian-family\/founders\/vincent-de-paul\/"},"img":{"alt_text":"","src":"https:\/\/i0.wp.com\/vincentiens.org\/wp-content\/uploads\/2011\/09\/vincent_de_paul2-195x300.jpg?resize=350%2C200","width":350,"height":200},"classes":[]}],"_links":{"self":[{"href":"http:\/\/vincentians.com\/fr\/wp-json\/wp\/v2\/posts\/190819","targetHints":{"allow":["GET"]}}],"collection":[{"href":"http:\/\/vincentians.com\/fr\/wp-json\/wp\/v2\/posts"}],"about":[{"href":"http:\/\/vincentians.com\/fr\/wp-json\/wp\/v2\/types\/post"}],"author":[{"embeddable":true,"href":"http:\/\/vincentians.com\/fr\/wp-json\/wp\/v2\/users\/4"}],"replies":[{"embeddable":true,"href":"http:\/\/vincentians.com\/fr\/wp-json\/wp\/v2\/comments?post=190819"}],"version-history":[{"count":2,"href":"http:\/\/vincentians.com\/fr\/wp-json\/wp\/v2\/posts\/190819\/revisions"}],"predecessor-version":[{"id":190833,"href":"http:\/\/vincentians.com\/fr\/wp-json\/wp\/v2\/posts\/190819\/revisions\/190833"}],"wp:featuredmedia":[{"embeddable":true,"href":"http:\/\/vincentians.com\/fr\/wp-json\/wp\/v2\/media\/190817"}],"wp:attachment":[{"href":"http:\/\/vincentians.com\/fr\/wp-json\/wp\/v2\/media?parent=190819"}],"wp:term":[{"taxonomy":"category","embeddable":true,"href":"http:\/\/vincentians.com\/fr\/wp-json\/wp\/v2\/categories?post=190819"},{"taxonomy":"post_tag","embeddable":true,"href":"http:\/\/vincentians.com\/fr\/wp-json\/wp\/v2\/tags?post=190819"}],"curies":[{"name":"wp","href":"https:\/\/api.w.org\/{rel}","templated":true}]}}