{"id":190724,"date":"2016-12-24T12:00:35","date_gmt":"2016-12-24T11:00:35","guid":{"rendered":"http:\/\/vincentians.com\/fr\/?p=190724"},"modified":"2016-08-18T07:58:50","modified_gmt":"2016-08-18T05:58:50","slug":"saint-vincent-paul-biographie-04-lhistoire-du-captif","status":"publish","type":"post","link":"http:\/\/vincentians.com\/fr\/saint-vincent-paul-biographie-04-lhistoire-du-captif\/","title":{"rendered":"Saint Vincent de Paul, biographie 04 &#8211; L\u2019histoire du captif"},"content":{"rendered":"<h2>Chapitre 4\u00a0:\u00a0 L\u2019histoire du captif.<\/h2>\n<h3>Un h\u00e9ritage inesp\u00e9r\u00e9<\/h3>\n<p>Lisons les lettres dont la destruction causera tant de soucis \u00e0 Vincent de Paul devenu vieux.<span id='easy-footnote-1-190724' class='easy-footnote-margin-adjust'><\/span><span class='easy-footnote'><a href='http:\/\/vincentians.com\/fr\/saint-vincent-paul-biographie-04-lhistoire-du-captif\/#easy-footnote-bottom-1-190724' title='Le texte int\u00e9gral de ces lettres se trouve dans I, 1-17. Le lecteur fera bien de les lire dans leur int\u00e9gralit\u00e9. Nous nous r\u00e9f\u00e9rons \u00e0 elles de mani\u00e8re globale pour la relation qui suit.'><sup>1<\/sup><\/a><\/span>\n<p>Dans les premiers mois de 1605, les affaires de Vincent paraissent marcher tr\u00e8s favorablement. C\u2019est la premi\u00e8re information que nous livre la premi\u00e8re lettre. Il revenait d\u2019un court voyage \u00e0 Bordeaux quand, \u00e0 son retour \u00e0 Toulouse, il se trouva qu\u2019une bonne vieille de Castres lui avait laiss\u00e9 par testament une certaine quantit\u00e9 de terres et de meubles \u00e9valu\u00e9s en tout \u00e0 400 \u00e9cus,<span id='easy-footnote-2-190724' class='easy-footnote-margin-adjust'><\/span><span class='easy-footnote'><a href='http:\/\/vincentians.com\/fr\/saint-vincent-paul-biographie-04-lhistoire-du-captif\/#easy-footnote-bottom-2-190724' title='La monnaie fran\u00e7aise du XVII&lt;sup&gt;e&lt;\/sup&gt; avait gard\u00e9 le syst\u00e8me mon\u00e9taire m\u00e9di\u00e9val, que l\u2019on fait remonter jusqu\u2019\u00e0 Charlemagne et qui, en Angleterre a dur\u00e9 jusqu\u2019\u00e0 la deuxi\u00e8me moiti\u00e9 du XX&lt;sup&gt;e&lt;\/sup&gt;. L\u2019unit\u00e9 mon\u00e9taire bien que r\u00e9duite \u00e0 une monnaie de compte, \u00e9tait la livre, divis\u00e9e en 20 sous, chaque sou \u00e0 son tour divis\u00e9 en 12 deniers. L\u2019\u00e9cu valait 3 livres et c\u2019\u00e9tait une monnaie d\u2019argent. Pour le Fr. Jean du Saint Sacrement, l\u2019\u00e9cu fran\u00e7ais \u00e9tait \u00e9quivalent au \u201cr\u00e9al de huit espagnol\u201d. La livre de 20 sous correspondait \u00e0 un peu moins de trois r\u00e9aux d\u2019argent (2,67 exactement). Il est plus difficile d\u2019\u00e9tablir la correspondance avec la monnaie actuelle \u00e0 cause de la variation des prix et des salaires \u00e0 l\u2019une ou l\u2019autre \u00e9poque. On peut garder comme indication le fait que la portion congrue d\u2019un cur\u00e9 \u00e9tait fix\u00e9e en 1629 \u00e0 300 livres annuelles ou cent \u00e9cus, et le salaire d\u2019un journalier pouvait varier entre 7 et 11 sous par jour (environ une demi-livre).'><sup>2<\/sup><\/a><\/span> que lui devait un sujet peu recommandable. C\u2019est justement l\u2019argent dont Vincent avait besoin pour solder quelques dettes et pour affronter les d\u00e9penses exig\u00e9es par la t\u00e9m\u00e9raire entreprise \u00e0 laquelle nous avons fait allusion, sa d\u00e9signation pour un \u00e9v\u00each\u00e9.<\/p>\n<p>Ni n\u00e9gligent ni paresseux\u00a0? Vincent, sur un cheval de louage, prend le chemin de Castres. C\u2019est la premi\u00e8re fois que nous voyons Vincent \u00e0 cheval, ce ne sera pas la derni\u00e8re. Au long de sa vie il eut \u00e0 parcourir bien des lieues sur le dos d\u2019une monture. Le langage du cavalier lui sera si familier que de nombreuses m\u00e9taphores dans ses entretiens et conf\u00e9rences lui seront emprunt\u00e9es.<span id='easy-footnote-3-190724' class='easy-footnote-margin-adjust'><\/span><span class='easy-footnote'><a href='http:\/\/vincentians.com\/fr\/saint-vincent-paul-biographie-04-lhistoire-du-captif\/#easy-footnote-bottom-3-190724' title='A. Dodin, &lt;em&gt;Le\u00e7ons sur le vincentianisme&lt;\/em&gt;, p. 235'><sup>3<\/sup><\/a><\/span><a href=\"#_ftn3\" name=\"_ftnref3\"><\/a> \u00c0 Castres l\u2019attendait une surprise d\u00e9sagr\u00e9able. Le vilain avait disparu pour Marseille o\u00f9, selon les nouvelles, il menait grande vie gr\u00e2ce \u00e0 la fortune mal acquise. Vincent d\u00e9cida d\u2019aller le relancer. Il n\u2019y avait qu\u2019une difficult\u00e9, il n\u2019avait pas d\u2019argent pour le voyage. Vincent r\u00e9solut le probl\u00e8me de mani\u00e8re exp\u00e9ditive\u00a0: sans y penser \u00e0 deux fois, il vendit le cheval de louage &#8211; il le paierait au retour- et il continua son voyage. La fortune, ou mieux la Providence, \u00e9tait de son c\u00f4t\u00e9. Il arriva \u00e0 Marseille, fit emprisonner le fugitif et arriva avec lui \u00e0 un accord. Le fripon lui paya 300 \u00e9cus comptant et sonnants et Vincent se tint pour satisfait. Il se disposa aussit\u00f4t \u00e0 revenir \u00e0 Toulouse. C\u2019est alors que commenc\u00e8rent les revers.<\/p>\n<h3>L\u2019abordage<\/h3>\n<p>Sur le conseil d\u2019un gentilhomme qui devait faire le m\u00eame parcours, Vincent d\u00e9cida de revenir par mer jusque Narbonne, la premi\u00e8re \u00e9tape de son voyage de retour. La mer \u00e9tait calme, un vent favorable soufflait, tout laissait pr\u00e9sager une heureuse et rapide travers\u00e9e. Il arriverait plus t\u00f4t et \u00e0 moindre frais. En r\u00e9alit\u00e9 il n\u2019arrivera jamais et perdra tout.<\/p>\n<p>\u00c0 peu de milles de Marseille, trois brigantins turcs \u00e9taient au guet le long des c\u00f4tes de Provence\u00a0; on \u00e9tait au mois de juillet, ils attendaient les barques venant de la foire de Beaucaire, \u201cla plus belle de la chr\u00e9tient\u00e9\u201d. C\u2019\u00e9tait des corsaires barbaresques de la R\u00e9gence de Tunis, sp\u00e9cialis\u00e9s dans la capture et la vente d\u2019esclaves chr\u00e9tiens. Ils attaqu\u00e8rent la barque de Vincent, il y eut un bref combat dans lequel le navire fran\u00e7ais succomba devant la sup\u00e9riorit\u00e9 num\u00e9rique de l\u2019adversaire, non sans qu\u2019il y ait eu des pertes de part et d\u2019autre. Les turcs perdirent l\u2019un de leurs chefs et quatre ou cinq rameurs. Les fran\u00e7ais eurent deux ou trois morts et pas mal de bless\u00e9s. Vincent re\u00e7ut une fl\u00e8che qui lui servira d\u2019<em>horloge<\/em> pour le reste de sa vie. Les turcs mirent en pi\u00e8ces le pilote fran\u00e7ais en repr\u00e9sailles de leurs propres pertes. Quant aux autres, \u00e9quipage et voyageurs ils les soign\u00e8rent grossi\u00e8rement et les firent prisonniers. Avec eux \u00e0 bord, ils continu\u00e8rent leur course pendant six \u00e0 huit jours, donnant l\u2019assaut aux barques qu\u2019ils rencontraient et les saccageant. Parfois \u00e9tant assez charg\u00e9s, ils laissaient en libert\u00e9 ceux qui se rendaient sans combattre. \u00c0 la fin, ils gagn\u00e8rent la Barbarie et arriv\u00e8rent \u00e0 Tunis.<\/p>\n<h3>Le march\u00e9 aux esclaves<\/h3>\n<p>Une fois d\u00e9barqu\u00e9s, les prisonniers furent conduits au march\u00e9. On leur enleva leurs habits et on donna \u00e0 chacun une paire de cale\u00e7ons, une casaque de lin et un bonnet. Dans cette tenue ils furent promen\u00e9s \u00e0 travers la cit\u00e9 avec la cha\u00eene au cou. Les vendeurs avaient pris la pr\u00e9caution de publier que la cargaison avait \u00e9t\u00e9 captur\u00e9e sur un bateau espagnol : il \u00e9tait n\u00e9cessaire de sauver les apparences et ne pas donner sujet \u00e0 l\u2019intervention du consul fran\u00e7ais. La France avait sign\u00e9 avec les Turcs une s\u00e9rie de trait\u00e9s qui garantissaient la libert\u00e9 de commerce et de navigation pour les bateaux de sa nationalit\u00e9. Tout se passa en r\u00e8gle et selon les bonnes et honor\u00e9es coutumes du march\u00e9 aux esclaves. Les acheteurs purent sonder la gravit\u00e9 des plaies, v\u00e9rifier l\u2019aspect de la marchandise, calculer ses forces, appr\u00e9cier son allure et examiner sa dentition.<\/p>\n<h3>Le p\u00eacheur et le m\u00e9decin\u00a0: les deux premiers ma\u00eetres<\/h3>\n<p>Cette exhibition \u00e9tant termin\u00e9e et les ventes r\u00e9gl\u00e9es, commenc\u00e8rent pour Vincent deux ann\u00e9es de servitude assez paisible. Le premier qui l\u2019acheta fut un p\u00eacheur, mais comme le nouvel esclave ne supportait pas la mer, il dut s\u2019en d\u00e9faire. Vincent tomba ensuite entre les mains d\u2019un personnage pittoresque, un m\u00e9decin spagirique, alchimiste et \u00e0 demi sorcier qui se vantait de fabriquer de l\u2019or \u00e0 partir d\u2019autres m\u00e9taux -il n\u2019\u00e9tait pas arriv\u00e9 \u00e0 la pierre philosophale, mais s\u2019en \u00e9tait beaucoup approch\u00e9- il distillait les quintessences et connaissait des rem\u00e8des pour diverses maladies et il \u00e9tait arriv\u00e9 jusqu\u2019\u00e0 faire parler une t\u00eate de mort. Il y arrivait gr\u00e2ce \u00e0 une machine de son invention et trompait les gens cr\u00e9dules en leur faisant croire que c\u2019\u00e9tait Mahomet qui parlait par la bouche du mort. Vincent n\u2019\u00e9tait pas mal trait\u00e9. Son travail principal consistait \u00e0 tenir allum\u00e9s dix ou douze fourneaux jour et nuit pour les myst\u00e9rieuses d\u00e9coctions du vieil alchimiste. C\u2019\u00e9tait un homme humain et traitable. Il avait pris en affection son jeune esclave et tentait de l\u2019attirer \u00e0 l\u2019Islam en promettant de lui l\u00e9guer ses richesses et son savoir. Vincent se contenta d\u2019apprendre la recette contre le mal de la pierre, c\u2019est la maladie dont souffrait son ami et protecteur M. de Comet. Il avait confiance &#8211; les prisonniers ont toujours confiance &#8211; qu\u2019un jour il serait libre et que ce rem\u00e8de all\u00e9gerait les maux dont souffrait le vieux chevalier. Il n\u2019avait d\u00e9j\u00e0 pas pu gu\u00e9rir Comet l\u2019ancien qui \u00e9tait mort du m\u00eame mal. S\u2019il avait connu plus t\u00f4t cette recette si efficace ! D\u00e9pourvu de secours humains, Vincent se tournait vers ceux du ciel et recommandait sa cause \u00e0 l\u2019intercession de la Sainte Vierge. Par elle il obtiendrait sans aucun doute sa lib\u00e9ration attendue.<\/p>\n<h3>De ma\u00eetre en ma\u00eetre\u00a0: le Ren\u00e9gat<\/h3>\n<p>L\u2019existence de Vincent dans la maison du m\u00e9decin s\u2019interrompit brusquement lorsque celui-ci fut appel\u00e9 \u00e0 Constantinople par le Grand Turc. Vincent devint la propri\u00e9t\u00e9 d\u2019un neveu du m\u00e9decin. C\u2019\u00e9tait en ao\u00fbt 1606. Le m\u00e9decin \u00e9tait mort pendant le voyage et le neveu se d\u00e9fit de Vincent car il s\u2019\u00e9tait rendu compte qu\u2019un ambassadeur de France venait \u00e0 Tunis avec des pouvoirs du sultan pour lib\u00e9rer les esclaves fran\u00e7ais. En effet M. Savary de Br\u00e8ves \u00e9tait arriv\u00e9 \u00e0 Tunis le 17 juin 1608. Ses qualit\u00e9s d\u2019habile n\u00e9gociateur n\u2019obtinrent que de m\u00e9diocres r\u00e9sultats. Il repartit pour la France le 24 ao\u00fbt avec un lot de 72 esclaves sur les milliers qui v\u00e9g\u00e9taient dans les bains du bey de Tunis ou au pouvoir de ma\u00eetres particuliers.<span id='easy-footnote-4-190724' class='easy-footnote-margin-adjust'><\/span><span class='easy-footnote'><a href='http:\/\/vincentians.com\/fr\/saint-vincent-paul-biographie-04-lhistoire-du-captif\/#easy-footnote-bottom-4-190724' title='Baudier, &lt;em&gt;Inventaire de l\u2019histoire des Turcs&lt;\/em&gt;, (Paris, 1631) 1.17 p. 235\u00a0; cit\u00e9 par Collet, t. I., p.19\u00a0; Jacques du Castel, &lt;em&gt;Relation des voyages de Monsieur de Br\u00e8ves&lt;\/em&gt;\u2026 (Paris, 1628), cit\u00e9 par Coste M.V., t. I. p. 50.'><sup>4<\/sup><\/a><\/span><a href=\"#_ftn4\" name=\"_ftnref4\"><\/a> Vincent n\u2019appartenait pas \u00e0 ce petit groupe favoris\u00e9. Son r\u00e9cent acheteur \u00e9tait un ren\u00e9gat de Nice -ou d\u2019Annecy-<span id='easy-footnote-5-190724' class='easy-footnote-margin-adjust'><\/span><span class='easy-footnote'><a href='http:\/\/vincentians.com\/fr\/saint-vincent-paul-biographie-04-lhistoire-du-captif\/#easy-footnote-bottom-5-190724' title='La lecture de ce mot est douteuse. Traditionnellement on l\u2019interpr\u00e8te comme Nice, mais les \u00e9diteurs modernes croient plus probable que l\u2019on doive lire Nissy ou Nicy c\u2019est \u00e0 dire Annecy. Le P\u00e8re Bernard Koch est formel \u00e0 propos de Nice\u00a0:&lt;em&gt; \u00ab\u00a0Quoique plusieurs, y compris M. Chalumeau, aient voulu lire \u201cNicy\u201d ou \u201cNessy\u201d, et donc Annecy, en Savoie, l\u2019original est formel : c\u2019est bien Nice, seule la hampe d\u2019une lettre de la ligne inf\u00e9rieure a pu faire croire \u00e0 un \u201cy\u201d. De plus, M. Baldacchino a montr\u00e9 que Nice relevait de la Savoie depuis 1398, ce qui montre, contrairement \u00e0 ceux qui all\u00e8guent que Vincent dit n\u2019importe quoi dans cette lettre, qu\u2019il \u00e9tait passablement bien document\u00e9, et qu\u2019elle n\u2019est peut-\u00eatre pas tellement \u00ab\u00a0une gal\u00e9jade.\u00a0\u00bb (&lt;strong&gt;Note du traducteur&lt;\/strong&gt;)&lt;\/em&gt;'><sup>5<\/sup><\/a><\/span><a href=\"#_ftn5\" name=\"_ftnref5\"><\/a> qui s\u2019\u00e9tait mis \u00e0 l\u2019abri \u00e0 l\u2019int\u00e9rieur du pays des recherches de l\u2019envoy\u00e9 fran\u00e7ais, dans une propri\u00e9t\u00e9 lui appartenant, un \u00ab\u00a0temat\u00a0\u00bb ou \u00ab\u00a0to met\u00a0\u00bb exploit\u00e9 en m\u00e9tayage, avec le grand seigneur qui \u00e9tait le propri\u00e9taire th\u00e9orique de toute la terre.<\/p>\n<p>Le changement de sc\u00e8ne supposa, pour l\u2019esclave, un changement d\u2019occupation. Il avait maintenant \u00e0 travailler la terre sous le soleil ardent de l\u2019Afrique du nord. Il avait un travail p\u00e9nible, mais il jouissait de davantage de libert\u00e9. Le ren\u00e9gat avait trois femmes. Deux d\u2019entre elles montr\u00e8rent de l\u2019int\u00e9r\u00eat et un attachement pour le captif. L\u2019une \u00e9tait chr\u00e9tienne, grecque schismatique, l\u2019autre \u00e9tait musulmane. Cette derni\u00e8re aimait aller au champ o\u00f9 travaillait Vincent et elle l\u2019invitait \u00e0 chanter. Vincent, l\u2019\u00e2me remplie de souvenirs de son br\u00e9viaire qu\u2019il priait chaque nuit dans sa pauvre chambre et des souvenirs des lectures de l\u2019Ancien testament de ses \u00e9tudes toulousaines, entonna avec nostalgie et sentiment le psaume de la captivit\u00e9 <em>Super flumina<\/em> (<em>Sur les fleuves de Babylone<\/em>), puis le <em>Salve Regina<\/em>, et d\u2019autres hymnes. Les m\u00e9lodies gr\u00e9goriennes s\u2019\u00e9levaient toutes pures dans le silence de la campagne inond\u00e9e de soleil. La turque en fut \u00e9mue et \u00e9merveill\u00e9e. Quelle religion sublime \u00e9tait celle qui inspirait des chants si beaux et suggestifs ! Son \u00e9poux avait bien mal fait de l\u2019abandonner. Elle le lui dit le soir m\u00eame. Le ren\u00e9gat en convint. Il en \u00e9tait bien f\u00e2ch\u00e9. Les paroles de sa femme, \u201ccette autre Ca\u00efphe ou \u00e2nesse de Balaam\u201d, dit Vincent firent d\u00e9border le vase de son secret repentir. Le jour suivant il communiquait \u00e0 Vincent son projet de fuir en France \u00e0 la premi\u00e8re occasion.<\/p>\n<h3><strong>La Libert\u00e9<\/strong><\/h3>\n<p>Cependant, l\u2019occasion tarda dix mois \u00e0 se pr\u00e9senter. Finalement, un beau jour, le ma\u00eetre et l\u2019esclave s\u2019embarqu\u00e8rent dans un petit esquif et prirent la mer. Ils eurent de la chance. Ils travers\u00e8rent sans contretemps la M\u00e9diterran\u00e9e. Le 28 juin 1607, deux ans apr\u00e8s sa capture, Vincent d\u00e9barquait \u00e0 Aigues-Mortes. De l\u00e0, ils se dirig\u00e8rent vers Avignon.<\/p>\n<p>Dans la cit\u00e9 pontificale, la boussole inqui\u00e8te de Vincent lui signalera un nouveau nord\u00a0; ce sera le troisi\u00e8me de ses projets de jeunesse et aussi (mais nous anticipons sur les \u00e9v\u00e8nements) le troisi\u00e8me de ses \u00e9checs. Le Vice-l\u00e9gat pontifical en Avignon (<em>rappelons-nous que la ville et le territoire adjacent constituaient alors une enclave de souverainet\u00e9 papale en territoire fran\u00e7ais<\/em>), re\u00e7ut le ren\u00e9gat \u00e0 la p\u00e9nitence et lui promit de faciliter son entr\u00e9e dans le couvent romain des \u00ab\u00a0<em>Fate bene fratelli<\/em>\u00a0\u00bb et il s\u2019enticha de l\u2019audacieux jeune pr\u00eatre de Pouy. Pour autant que nous le sachions, apr\u00e8s M. de Comet, apr\u00e8s la g\u00e9n\u00e9reuse vieille femme de Castres, apr\u00e8s le m\u00e9decin spagirique, apr\u00e8s la femme du ren\u00e9gat, c\u2019\u00e9tait le cinqui\u00e8me protecteur que gagnait Vincent sans autres armes que sa contagieuse sympathie et peut-\u00eatre son air d\u00e9sarm\u00e9 sous une apparente s\u00e9curit\u00e9. Ce sont les armes dont il usera chaque fois pour de plus nobles fins jusqu\u2019\u00e0 la fin de sa vie. Pierre de Montorio (ainsi s\u2019appelait le Vice-l\u00e9gat) se pr\u00e9parait \u00e0 retourner \u00e0 Rome une fois arriv\u00e9 \u00e0 la fin du triennat de sa mission<span id='easy-footnote-6-190724' class='easy-footnote-margin-adjust'><\/span><span class='easy-footnote'><a href='http:\/\/vincentians.com\/fr\/saint-vincent-paul-biographie-04-lhistoire-du-captif\/#easy-footnote-bottom-6-190724' title='Vincent dit que le Vice-l\u00e9gat avait accompli son triennat le jour de la Saint-Jean. D\u2019autres documents, peut-\u00eatre par une erreur de lecture, donnent comme date le 14 juin. En tous cas les indications de Vincent concordent tr\u00e8s exactement avec les dates connues par d\u2019autres sources. En effet le 27 juillet 1607, Mgr. Montorio \u00e9crit au cardinal Borgh\u00e8se pour lui faire savoir qu\u2019il restera \u00e0 Avignon jusqu\u2019\u00e0 l\u2019arriv\u00e9e de son successeur, l\u2019archev\u00eaque d\u2019Urbino, Mgr. Jos\u00e9 Ferreri. L\u2019expression de Vincent co\u00efncide presque \u00e0 la lettre avec celle employ\u00e9e par Montorio. L\u2019arriv\u00e9e de celui-ci \u00e0 Rome eut lieu le 30 octobre 1607. On ne sait pas la date de son d\u00e9part d\u2019Avignon, mais on sait qu\u2019il fut post\u00e9rieur au 31 ao\u00fbt de cette ann\u00e9e. Pour ces dates, et en g\u00e9n\u00e9ral pour la biographie de Montorio, cf. Jean Parrang, &lt;em&gt;Un m\u00e9c\u00e8ne de Saint Vincent de Paul : Pierre Fran\u00e7ois Montoro (dit Montorio)&lt;\/em&gt; ((1643) &lt;em&gt;Annales&lt;\/em&gt; (1937) p. 245-259\u00a0;\u00a0 &lt;em&gt;Ibidem&lt;\/em&gt; (1938) p. 615-623. Ibidem (1943-1944) p.224-228. La derni\u00e8re partie de cet article est l\u2019\u0153uvre du P. Raymond Chalumeau d\u2019apr\u00e8s les notes prises par le P. Parrang, lequel est mort avant de conclure son \u00e9tude.'><sup>6<\/sup><\/a><\/span><a href=\"#_ftn6\" name=\"_ftnref6\"><\/a> et il attendait l\u2019arriv\u00e9e de son successeur. Il dit \u00e0 Vincent qu\u2019il l\u2019emm\u00e8nerait avec lui. Il se chargeait de lui procurer un bon b\u00e9n\u00e9fice, ce b\u00e9n\u00e9fice que Vincent avait chercher en vain pendant cinq ans. Depuis le projet t\u00e9m\u00e9raire qui avait tir\u00e9 Vincent de Toulouse pour l\u2019amener d\u2019abord \u00e0 Bordeaux, puis \u00e0 Castres et Marseille et \u00e0 la fin aux c\u00f4tes tunisiennes, il ne restait rien. Les deux ann\u00e9es de captivit\u00e9 avaient tout fait s\u2019\u00e9crouler comme un ch\u00e2teau de cartes, s\u2019il y avait eu toutefois un d\u00e9but de consistance. Vincent accepta avec enthousiasme les propositions du Vice-l\u00e9gat. Un nouveau chemin s\u2019ouvrait pour lui. Pour le mener \u00e0 bien il allait avoir besoin, lui dit son protecteur, des lettres testimoniales de son ordination sacerdotale, et de son titre de bachelier en th\u00e9ologie. C\u2019\u00e9tait officiellement le motif de la premi\u00e8re lettre de Vincent \u00e0 M. de Comet. Il lui demandait en plus de rassurer sa famille et le cercle de ses amis sur sa disparition inopin\u00e9e. Enfin il voulait satisfaire, au moins avec des promesses, ses cr\u00e9anciers inquiets. Il disposait de quelque argent\u00a0: le ren\u00e9gat converti lui avait fait cadeau de 100 ou 120 \u00e9cus. Pour le moment il en avait besoin pour le voyage et le s\u00e9jour \u00e0 Rome, m\u00eame s\u2019il pouvait compter sur la table du Vice-l\u00e9gat et sur sa bienveillance. Il paierait sans tarder. \u00c0 vingt sept ans, Vincent n\u2019avait pas trop de scrupules de se servir, pour son usage, de l\u2019argent d\u2019autrui, sans compter d\u2019abord sur la volont\u00e9 de ses ma\u00eetres.<\/p>\n<h3>De nouveau \u00e0 Rome<\/h3>\n<p>Pour la seconde fois en moins de sept ans Vincent va se trouver \u00e0 Rome. Il vivait dans la maison du Monseigneur et jouissait de sa confiance. Il avait donc les repas et le logement assur\u00e9s. Il profitait de son temps libre pour continuer \u00e0 \u00e9tudier dans quelqu\u2019une des universit\u00e9s romaines. En \u00e9change il offrait au pr\u00e9lat romain des services de domestique et de bouffon. Cette situation \u00e9tait fr\u00e9quente dans la Rome de la Renaissance et du Baroque. Vincent exploitait les tours qu\u2019il avait appris chez le vieux m\u00e9decin de Tunis, les petits secrets d\u2019alchimie, le miroir d\u2019Archim\u00e8de, la t\u00eate parlante. Gin\u00e8s de Pasamonte \u00e0 la cour de Rome ! Pierre de Montorio se glorifiait de pouvoir montrer devant les cardinaux les tours qu\u2019il avait appris de son employ\u00e9, et cela m\u00eame devant le pape qui \u00e9tait alors Paul V, le pape Borghese qui venait de confier \u00e0 Maderno l\u2019ach\u00e8vement de la basilique commenc\u00e9e par Michel-Ange. Il continuait \u00e0 promettre des faveurs \u00e0 son sympathique et habile familier. Mais cela n\u00e9cessitait une nouvelle copie de ses titres d\u2019\u00e9tude et de ses lettres d\u2019ordination. Les pr\u00e9c\u00e9dentes n\u2019\u00e9taient pas valides : il manquait la signature et le sceau de l\u2019\u00e9v\u00eaque de Dax. Vincent esp\u00e9rait que M. de Comet lui ferait cette nouvelle faveur de s\u2019int\u00e9resser \u00e0 son affaire. Il signait sa seconde lettre comme la premi\u00e8re avec son nom en un seul mot\u00a0: Depaul. Il ne l\u2019\u00e9crira jamais autrement bien que les contemporains et depuis, toute la bibliographie ait accoutum\u00e9 de l\u2019\u00e9crire en deux mots De Paul. Le d\u00e9tail en r\u00e9alit\u00e9 n\u2019a pas d\u2019importance. Les registres des Landes et certains documents notariaux relatifs \u00e0 Vincent connaissent indistinctement les deux formes. Ni l\u2019une ni l\u2019autre n\u2019indique la noblesse. La particule peut servir simplement \u00e0 indiquer une origine familiale. Des milliers d\u2019humbles familles paysannes des deux c\u00f4t\u00e9s des Pyr\u00e9n\u00e9es ont cette particule dans leur nom.<\/p>\n","protected":false},"excerpt":{"rendered":"<p>Chapitre 4\u00a0:\u00a0 L\u2019histoire du captif. Un h\u00e9ritage inesp\u00e9r\u00e9 Lisons les lettres dont la destruction causera tant de soucis \u00e0 Vincent de Paul devenu vieux. Dans les premiers mois de 1605, les affaires de Vincent paraissent &#8230; <a href=\"http:\/\/vincentians.com\/fr\/saint-vincent-paul-biographie-04-lhistoire-du-captif\/\" class=\"more-link\">Read More<\/a><\/p>\n","protected":false},"author":4,"featured_media":149545,"comment_status":"open","ping_status":"open","sticky":false,"template":"","format":"standard","meta":{"jetpack_post_was_ever_published":false,"_jetpack_newsletter_access":"","_jetpack_dont_email_post_to_subs":false,"_jetpack_newsletter_tier_id":0,"_jetpack_memberships_contains_paywalled_content":false,"_jetpack_memberships_contains_paid_content":false,"footnotes":"","jetpack_publicize_message":"","jetpack_publicize_feature_enabled":true,"jetpack_social_post_already_shared":true,"jetpack_social_options":{"image_generator_settings":{"template":"highway","default_image_id":0,"font":"","enabled":false},"version":2}},"categories":[5],"tags":[],"class_list":["post-190724","post","type-post","status-publish","format-standard","has-post-thumbnail","hentry","category-vincent-de-paul"],"yoast_head":"<!-- This site is optimized with the Yoast SEO plugin v26.3 - https:\/\/yoast.com\/wordpress\/plugins\/seo\/ -->\n<title>Saint Vincent de Paul, biographie 04 - L\u2019histoire du captif - Nous Sommes Vincentiens<\/title>\n<meta name=\"robots\" content=\"index, follow, max-snippet:-1, max-image-preview:large, max-video-preview:-1\" \/>\n<link rel=\"canonical\" href=\"http:\/\/vincentians.com\/fr\/saint-vincent-paul-biographie-04-lhistoire-du-captif\/\" \/>\n<meta property=\"og:locale\" content=\"fr_FR\" \/>\n<meta property=\"og:type\" content=\"article\" \/>\n<meta property=\"og:title\" content=\"Saint Vincent de Paul, biographie 04 - L\u2019histoire du captif - Nous Sommes Vincentiens\" \/>\n<meta property=\"og:description\" content=\"Chapitre 4\u00a0:\u00a0 L\u2019histoire du captif. Un h\u00e9ritage inesp\u00e9r\u00e9 Lisons les lettres dont la destruction causera tant de soucis \u00e0 Vincent de Paul devenu vieux. Dans les premiers mois de 1605, les affaires de Vincent paraissent ... Read More\" \/>\n<meta property=\"og:url\" content=\"http:\/\/vincentians.com\/fr\/saint-vincent-paul-biographie-04-lhistoire-du-captif\/\" \/>\n<meta property=\"og:site_name\" content=\"Nous Sommes Vincentiens\" \/>\n<meta property=\"article:publisher\" content=\"https:\/\/www.facebook.com\/WeAreVincentians\/\" \/>\n<meta property=\"article:author\" content=\"https:\/\/www.facebook.com\/JavierChento\" \/>\n<meta property=\"article:published_time\" content=\"2016-12-24T11:00:35+00:00\" \/>\n<meta property=\"og:image\" content=\"https:\/\/i0.wp.com\/vincentians.com\/fr\/wp-content\/uploads\/sites\/10\/2016\/07\/Saint-Vincent-de-Paul-a-biography.jpg?fit=1200%2C630\" \/>\n\t<meta property=\"og:image:width\" content=\"1200\" \/>\n\t<meta property=\"og:image:height\" content=\"630\" \/>\n\t<meta property=\"og:image:type\" content=\"image\/jpeg\" \/>\n<meta name=\"author\" content=\"Francisco Javier Fern\u00e1ndez Chento\" \/>\n<meta name=\"twitter:card\" content=\"summary_large_image\" \/>\n<meta name=\"twitter:creator\" content=\"@https:\/\/twitter.com\/javierchento\" \/>\n<meta name=\"twitter:site\" content=\"@WeVincentians\" \/>\n<meta name=\"twitter:label1\" content=\"\u00c9crit par\" \/>\n\t<meta name=\"twitter:data1\" content=\"Francisco Javier Fern\u00e1ndez Chento\" \/>\n\t<meta name=\"twitter:label2\" content=\"Dur\u00e9e de lecture estim\u00e9e\" \/>\n\t<meta name=\"twitter:data2\" content=\"16 minutes\" \/>\n<script type=\"application\/ld+json\" class=\"yoast-schema-graph\">{\"@context\":\"https:\/\/schema.org\",\"@graph\":[{\"@type\":\"WebPage\",\"@id\":\"http:\/\/vincentians.com\/fr\/saint-vincent-paul-biographie-04-lhistoire-du-captif\/\",\"url\":\"http:\/\/vincentians.com\/fr\/saint-vincent-paul-biographie-04-lhistoire-du-captif\/\",\"name\":\"Saint Vincent de Paul, biographie 04 - L\u2019histoire du captif - Nous Sommes Vincentiens\",\"isPartOf\":{\"@id\":\"https:\/\/vincentians.com\/fr\/#website\"},\"primaryImageOfPage\":{\"@id\":\"http:\/\/vincentians.com\/fr\/saint-vincent-paul-biographie-04-lhistoire-du-captif\/#primaryimage\"},\"image\":{\"@id\":\"http:\/\/vincentians.com\/fr\/saint-vincent-paul-biographie-04-lhistoire-du-captif\/#primaryimage\"},\"thumbnailUrl\":\"https:\/\/i0.wp.com\/vincentians.com\/fr\/wp-content\/uploads\/sites\/10\/2016\/07\/Saint-Vincent-de-Paul-a-biography.jpg?fit=1200%2C630\",\"datePublished\":\"2016-12-24T11:00:35+00:00\",\"author\":{\"@id\":\"https:\/\/vincentians.com\/fr\/#\/schema\/person\/9623ef4d9aa3b2dfb8c061f1499288f2\"},\"breadcrumb\":{\"@id\":\"http:\/\/vincentians.com\/fr\/saint-vincent-paul-biographie-04-lhistoire-du-captif\/#breadcrumb\"},\"inLanguage\":\"fr-FR\",\"potentialAction\":[{\"@type\":\"ReadAction\",\"target\":[\"http:\/\/vincentians.com\/fr\/saint-vincent-paul-biographie-04-lhistoire-du-captif\/\"]}]},{\"@type\":\"ImageObject\",\"inLanguage\":\"fr-FR\",\"@id\":\"http:\/\/vincentians.com\/fr\/saint-vincent-paul-biographie-04-lhistoire-du-captif\/#primaryimage\",\"url\":\"https:\/\/i0.wp.com\/vincentians.com\/fr\/wp-content\/uploads\/sites\/10\/2016\/07\/Saint-Vincent-de-Paul-a-biography.jpg?fit=1200%2C630\",\"contentUrl\":\"https:\/\/i0.wp.com\/vincentians.com\/fr\/wp-content\/uploads\/sites\/10\/2016\/07\/Saint-Vincent-de-Paul-a-biography.jpg?fit=1200%2C630\",\"width\":1200,\"height\":630},{\"@type\":\"BreadcrumbList\",\"@id\":\"http:\/\/vincentians.com\/fr\/saint-vincent-paul-biographie-04-lhistoire-du-captif\/#breadcrumb\",\"itemListElement\":[{\"@type\":\"ListItem\",\"position\":1,\"name\":\"Portada\",\"item\":\"https:\/\/vincentians.com\/fr\/\"},{\"@type\":\"ListItem\",\"position\":2,\"name\":\"Saint Vincent de Paul, biographie 04 &#8211; L\u2019histoire du captif\"}]},{\"@type\":\"WebSite\",\"@id\":\"https:\/\/vincentians.com\/fr\/#website\",\"url\":\"https:\/\/vincentians.com\/fr\/\",\"name\":\"Nous Sommes Vincentiens\",\"description\":\"Know more to serve more\",\"potentialAction\":[{\"@type\":\"SearchAction\",\"target\":{\"@type\":\"EntryPoint\",\"urlTemplate\":\"https:\/\/vincentians.com\/fr\/?s={search_term_string}\"},\"query-input\":{\"@type\":\"PropertyValueSpecification\",\"valueRequired\":true,\"valueName\":\"search_term_string\"}}],\"inLanguage\":\"fr-FR\"},{\"@type\":\"Person\",\"@id\":\"https:\/\/vincentians.com\/fr\/#\/schema\/person\/9623ef4d9aa3b2dfb8c061f1499288f2\",\"name\":\"Francisco Javier Fern\u00e1ndez Chento\",\"image\":{\"@type\":\"ImageObject\",\"inLanguage\":\"fr-FR\",\"@id\":\"https:\/\/vincentians.com\/fr\/#\/schema\/person\/image\/\",\"url\":\"https:\/\/secure.gravatar.com\/avatar\/497d5cde87b4c3d097d0315953521681ba2cd523ee66e5077c3711f7021e65de?s=96&d=mm&r=g\",\"contentUrl\":\"https:\/\/secure.gravatar.com\/avatar\/497d5cde87b4c3d097d0315953521681ba2cd523ee66e5077c3711f7021e65de?s=96&d=mm&r=g\",\"caption\":\"Francisco Javier Fern\u00e1ndez Chento\"},\"description\":\"Director General y cofundador de La Red de Formaci\u00f3n Vicenciana. Javier es laico vicenciano, afiliado a la Congregaci\u00f3n de la Misi\u00f3n y miembro del Equipo de Misiones Populares de la provincia can\u00f3nica de Zaragoza (Espa\u00f1a) de la Congregaci\u00f3n de la Misi\u00f3n. Graduado en la Universidad Oberta de Catalunya con cuatro grados (Asistente de direcci\u00f3n, Gesti\u00f3n Administrativa, Recursos Humanos y Contabilidad Avanzada). Bil\u00edng\u00fce Espa\u00f1ol\/Ingl\u00e9s. gestiona y mantiene varias p\u00e1ginas web cristianas y vicencianas, incluida including La Red de Formaci\u00f3n Vicenciana, de la que es cofundador. Actualmente es responsable del \u00e1rea de Espa\u00f1ol de .famvin, la Red de Noticias de la Familia Vicenciana. Tambi\u00e9n es m\u00fasico cat\u00f3lico y ha editado varios discos. Es Director General y cofundador de Trovador, una reconocida compa\u00f1\u00eda discogr\u00e1fica critiana de Espa\u00f1a. Trabaja en las Tecnolog\u00edas de la Informaci\u00f3n, ofreciendo servicios de alojamiento, dise\u00f1o y mantenimiento Web, as\u00ed como asesoramiento, formaci\u00f3n y soluciones inform\u00e1ticas, gesti\u00f3n documental y digitalizaci\u00f3n de textos, edici\u00f3n y maquetaci\u00f3n de libros, revistas, flyers, etc.\",\"sameAs\":[\"http:\/\/chento.org\",\"https:\/\/www.facebook.com\/JavierChento\",\"https:\/\/x.com\/https:\/\/twitter.com\/javierchento\"],\"url\":\"http:\/\/vincentians.com\/fr\/author\/chento\/\"}]}<\/script>\n<!-- \/ Yoast SEO plugin. -->","yoast_head_json":{"title":"Saint Vincent de Paul, biographie 04 - L\u2019histoire du captif - Nous Sommes Vincentiens","robots":{"index":"index","follow":"follow","max-snippet":"max-snippet:-1","max-image-preview":"max-image-preview:large","max-video-preview":"max-video-preview:-1"},"canonical":"http:\/\/vincentians.com\/fr\/saint-vincent-paul-biographie-04-lhistoire-du-captif\/","og_locale":"fr_FR","og_type":"article","og_title":"Saint Vincent de Paul, biographie 04 - L\u2019histoire du captif - Nous Sommes Vincentiens","og_description":"Chapitre 4\u00a0:\u00a0 L\u2019histoire du captif. Un h\u00e9ritage inesp\u00e9r\u00e9 Lisons les lettres dont la destruction causera tant de soucis \u00e0 Vincent de Paul devenu vieux. Dans les premiers mois de 1605, les affaires de Vincent paraissent ... Read More","og_url":"http:\/\/vincentians.com\/fr\/saint-vincent-paul-biographie-04-lhistoire-du-captif\/","og_site_name":"Nous Sommes Vincentiens","article_publisher":"https:\/\/www.facebook.com\/WeAreVincentians\/","article_author":"https:\/\/www.facebook.com\/JavierChento","article_published_time":"2016-12-24T11:00:35+00:00","og_image":[{"width":1200,"height":630,"url":"https:\/\/i0.wp.com\/vincentians.com\/fr\/wp-content\/uploads\/sites\/10\/2016\/07\/Saint-Vincent-de-Paul-a-biography.jpg?fit=1200%2C630","type":"image\/jpeg"}],"author":"Francisco Javier Fern\u00e1ndez Chento","twitter_card":"summary_large_image","twitter_creator":"@https:\/\/twitter.com\/javierchento","twitter_site":"@WeVincentians","twitter_misc":{"\u00c9crit par":"Francisco Javier Fern\u00e1ndez Chento","Dur\u00e9e de lecture estim\u00e9e":"16 minutes"},"schema":{"@context":"https:\/\/schema.org","@graph":[{"@type":"WebPage","@id":"http:\/\/vincentians.com\/fr\/saint-vincent-paul-biographie-04-lhistoire-du-captif\/","url":"http:\/\/vincentians.com\/fr\/saint-vincent-paul-biographie-04-lhistoire-du-captif\/","name":"Saint Vincent de Paul, biographie 04 - L\u2019histoire du captif - Nous Sommes Vincentiens","isPartOf":{"@id":"https:\/\/vincentians.com\/fr\/#website"},"primaryImageOfPage":{"@id":"http:\/\/vincentians.com\/fr\/saint-vincent-paul-biographie-04-lhistoire-du-captif\/#primaryimage"},"image":{"@id":"http:\/\/vincentians.com\/fr\/saint-vincent-paul-biographie-04-lhistoire-du-captif\/#primaryimage"},"thumbnailUrl":"https:\/\/i0.wp.com\/vincentians.com\/fr\/wp-content\/uploads\/sites\/10\/2016\/07\/Saint-Vincent-de-Paul-a-biography.jpg?fit=1200%2C630","datePublished":"2016-12-24T11:00:35+00:00","author":{"@id":"https:\/\/vincentians.com\/fr\/#\/schema\/person\/9623ef4d9aa3b2dfb8c061f1499288f2"},"breadcrumb":{"@id":"http:\/\/vincentians.com\/fr\/saint-vincent-paul-biographie-04-lhistoire-du-captif\/#breadcrumb"},"inLanguage":"fr-FR","potentialAction":[{"@type":"ReadAction","target":["http:\/\/vincentians.com\/fr\/saint-vincent-paul-biographie-04-lhistoire-du-captif\/"]}]},{"@type":"ImageObject","inLanguage":"fr-FR","@id":"http:\/\/vincentians.com\/fr\/saint-vincent-paul-biographie-04-lhistoire-du-captif\/#primaryimage","url":"https:\/\/i0.wp.com\/vincentians.com\/fr\/wp-content\/uploads\/sites\/10\/2016\/07\/Saint-Vincent-de-Paul-a-biography.jpg?fit=1200%2C630","contentUrl":"https:\/\/i0.wp.com\/vincentians.com\/fr\/wp-content\/uploads\/sites\/10\/2016\/07\/Saint-Vincent-de-Paul-a-biography.jpg?fit=1200%2C630","width":1200,"height":630},{"@type":"BreadcrumbList","@id":"http:\/\/vincentians.com\/fr\/saint-vincent-paul-biographie-04-lhistoire-du-captif\/#breadcrumb","itemListElement":[{"@type":"ListItem","position":1,"name":"Portada","item":"https:\/\/vincentians.com\/fr\/"},{"@type":"ListItem","position":2,"name":"Saint Vincent de Paul, biographie 04 &#8211; L\u2019histoire du captif"}]},{"@type":"WebSite","@id":"https:\/\/vincentians.com\/fr\/#website","url":"https:\/\/vincentians.com\/fr\/","name":"Nous Sommes Vincentiens","description":"Know more to serve more","potentialAction":[{"@type":"SearchAction","target":{"@type":"EntryPoint","urlTemplate":"https:\/\/vincentians.com\/fr\/?s={search_term_string}"},"query-input":{"@type":"PropertyValueSpecification","valueRequired":true,"valueName":"search_term_string"}}],"inLanguage":"fr-FR"},{"@type":"Person","@id":"https:\/\/vincentians.com\/fr\/#\/schema\/person\/9623ef4d9aa3b2dfb8c061f1499288f2","name":"Francisco Javier Fern\u00e1ndez Chento","image":{"@type":"ImageObject","inLanguage":"fr-FR","@id":"https:\/\/vincentians.com\/fr\/#\/schema\/person\/image\/","url":"https:\/\/secure.gravatar.com\/avatar\/497d5cde87b4c3d097d0315953521681ba2cd523ee66e5077c3711f7021e65de?s=96&d=mm&r=g","contentUrl":"https:\/\/secure.gravatar.com\/avatar\/497d5cde87b4c3d097d0315953521681ba2cd523ee66e5077c3711f7021e65de?s=96&d=mm&r=g","caption":"Francisco Javier Fern\u00e1ndez Chento"},"description":"Director General y cofundador de La Red de Formaci\u00f3n Vicenciana. Javier es laico vicenciano, afiliado a la Congregaci\u00f3n de la Misi\u00f3n y miembro del Equipo de Misiones Populares de la provincia can\u00f3nica de Zaragoza (Espa\u00f1a) de la Congregaci\u00f3n de la Misi\u00f3n. Graduado en la Universidad Oberta de Catalunya con cuatro grados (Asistente de direcci\u00f3n, Gesti\u00f3n Administrativa, Recursos Humanos y Contabilidad Avanzada). Bil\u00edng\u00fce Espa\u00f1ol\/Ingl\u00e9s. gestiona y mantiene varias p\u00e1ginas web cristianas y vicencianas, incluida including La Red de Formaci\u00f3n Vicenciana, de la que es cofundador. Actualmente es responsable del \u00e1rea de Espa\u00f1ol de .famvin, la Red de Noticias de la Familia Vicenciana. Tambi\u00e9n es m\u00fasico cat\u00f3lico y ha editado varios discos. Es Director General y cofundador de Trovador, una reconocida compa\u00f1\u00eda discogr\u00e1fica critiana de Espa\u00f1a. Trabaja en las Tecnolog\u00edas de la Informaci\u00f3n, ofreciendo servicios de alojamiento, dise\u00f1o y mantenimiento Web, as\u00ed como asesoramiento, formaci\u00f3n y soluciones inform\u00e1ticas, gesti\u00f3n documental y digitalizaci\u00f3n de textos, edici\u00f3n y maquetaci\u00f3n de libros, revistas, flyers, etc.","sameAs":["http:\/\/chento.org","https:\/\/www.facebook.com\/JavierChento","https:\/\/x.com\/https:\/\/twitter.com\/javierchento"],"url":"http:\/\/vincentians.com\/fr\/author\/chento\/"}]}},"jetpack_publicize_connections":[],"jetpack_featured_media_url":"https:\/\/i0.wp.com\/vincentians.com\/fr\/wp-content\/uploads\/sites\/10\/2016\/07\/Saint-Vincent-de-Paul-a-biography.jpg?fit=1200%2C630","jetpack_sharing_enabled":true,"jetpack_shortlink":"https:\/\/wp.me\/p7ETMP-NCc","jetpack-related-posts":[{"id":107720,"url":"http:\/\/vincentians.com\/fr\/vincent-de-paul-lettre-0006-a-philippe-emmauel-de-gondi-en-provence\/","url_meta":{"origin":190724,"position":0},"title":"Vincent de Paul, Lettre 0006. A Philippe-Emmauel De Gondi, En Provence","author":"Francisco Javier Fern\u00e1ndez Chento","date":"08\/08\/2016","format":false,"excerpt":"Ao\u00fbt ou septembre 1617. Saint Vincent \u00e9crit de Ch\u00e2tillon-les-Dombes, que, n'ayant aucune des qualit\u00e9s requises pour \u00eatre pr\u00e9cepteur dans une famille d'aussi haute noblesse que celle des Gondi, il a quitt\u00e9 secr\u00e8tement Paris, avec l'intention bien arr\u00eat\u00e9e d'exercer le minist\u00e8re paroissial l\u00e0 o\u00f9 il se trouve.","rel":"","context":"Dans &quot;\u00c9crits de Vincent de Paul&quot;","block_context":{"text":"\u00c9crits de Vincent de Paul","link":"http:\/\/vincentians.com\/fr\/category\/ecrits-de-vincent-de-paul\/"},"img":{"alt_text":"","src":"https:\/\/i0.wp.com\/vincentians.com\/fr\/wp-content\/uploads\/sites\/10\/2016\/07\/cartas-vicente-de-paul.jpg?fit=1200%2C630&resize=350%2C200","width":350,"height":200,"srcset":"https:\/\/i0.wp.com\/vincentians.com\/fr\/wp-content\/uploads\/sites\/10\/2016\/07\/cartas-vicente-de-paul.jpg?fit=1200%2C630&resize=350%2C200 1x, https:\/\/i0.wp.com\/vincentians.com\/fr\/wp-content\/uploads\/sites\/10\/2016\/07\/cartas-vicente-de-paul.jpg?fit=1200%2C630&resize=525%2C300 1.5x, https:\/\/i0.wp.com\/vincentians.com\/fr\/wp-content\/uploads\/sites\/10\/2016\/07\/cartas-vicente-de-paul.jpg?fit=1200%2C630&resize=700%2C400 2x, https:\/\/i0.wp.com\/vincentians.com\/fr\/wp-content\/uploads\/sites\/10\/2016\/07\/cartas-vicente-de-paul.jpg?fit=1200%2C630&resize=1050%2C600 3x"},"classes":[]},{"id":74152,"url":"http:\/\/vincentians.com\/fr\/fernand-portal-fils-de-saint-vincent-de-paul\/","url_meta":{"origin":190724,"position":1},"title":"Fernand Portal, Fils de Saint Vincent de Paul","author":"Francisco Javier Fern\u00e1ndez Chento","date":"20\/02\/2015","format":false,"excerpt":"\u00abCelui que vous voyez devant vous est un pr\u00eatre fran\u00e7ais, humble fils de saint Vincent de Paul\u00bb. C'est ainsi que Fernand Portal se pr\u00e9sentait, le 13 juillet 1896, \u00e0 Londres, devant une assembl\u00e9e compos\u00e9e en majeure partie de pr\u00eatres anglicans. En mettant ainsi en avant sa carte d'identit\u00e9 vincentienne, recourait-il\u2026","rel":"","context":"Dans &quot;Biographies Lazaristes&quot;","block_context":{"text":"Biographies Lazaristes","link":"http:\/\/vincentians.com\/fr\/category\/biographies-lazaristes\/"},"img":{"alt_text":"","src":"https:\/\/i0.wp.com\/vincentians.com\/fr\/wp-content\/uploads\/sites\/10\/2016\/08\/bio-congregation-of-the-mission.jpg?fit=1200%2C630&resize=350%2C200","width":350,"height":200,"srcset":"https:\/\/i0.wp.com\/vincentians.com\/fr\/wp-content\/uploads\/sites\/10\/2016\/08\/bio-congregation-of-the-mission.jpg?fit=1200%2C630&resize=350%2C200 1x, https:\/\/i0.wp.com\/vincentians.com\/fr\/wp-content\/uploads\/sites\/10\/2016\/08\/bio-congregation-of-the-mission.jpg?fit=1200%2C630&resize=525%2C300 1.5x, https:\/\/i0.wp.com\/vincentians.com\/fr\/wp-content\/uploads\/sites\/10\/2016\/08\/bio-congregation-of-the-mission.jpg?fit=1200%2C630&resize=700%2C400 2x, https:\/\/i0.wp.com\/vincentians.com\/fr\/wp-content\/uploads\/sites\/10\/2016\/08\/bio-congregation-of-the-mission.jpg?fit=1200%2C630&resize=1050%2C600 3x"},"classes":[]},{"id":42756,"url":"http:\/\/vincentians.com\/fr\/saint-vincent-de-paul-maitre-doraison-lettre-preface\/","url_meta":{"origin":190724,"position":2},"title":"Saint Vincent De Paul, Ma\u00eetre d\u2019Oraison. Lettre pr\u00e9face","author":"Francisco Javier Fern\u00e1ndez Chento","date":"10\/05\/2015","format":false,"excerpt":"Paris, le 7 octobre 1928 MON CHER ABB\u00c9, Ecrivant le 8 avril 1933 \u00e0 M. Coste, pr\u00eatre de la Mission, \u00e9diteur des entretiens de saint Vincent, c'est \u00e0 savoir : les conf\u00e9rences aux missionnaires et aux Filles de la Charit\u00e9, les r\u00e9p\u00e9titions d\u2019oraison, les conseils, avis et lignes de conduite,\u2026","rel":"","context":"Dans &quot;Vincent de Paul&quot;","block_context":{"text":"Vincent de Paul","link":"http:\/\/vincentians.com\/fr\/category\/the-vincentian-family\/founders\/vincent-de-paul\/"},"img":{"alt_text":"","src":"https:\/\/i0.wp.com\/vincentians.com\/fr\/wp-content\/uploads\/sites\/10\/2016\/07\/vincent-maitre-d-oraison.jpg?fit=1200%2C630&resize=350%2C200","width":350,"height":200,"srcset":"https:\/\/i0.wp.com\/vincentians.com\/fr\/wp-content\/uploads\/sites\/10\/2016\/07\/vincent-maitre-d-oraison.jpg?fit=1200%2C630&resize=350%2C200 1x, https:\/\/i0.wp.com\/vincentians.com\/fr\/wp-content\/uploads\/sites\/10\/2016\/07\/vincent-maitre-d-oraison.jpg?fit=1200%2C630&resize=525%2C300 1.5x, https:\/\/i0.wp.com\/vincentians.com\/fr\/wp-content\/uploads\/sites\/10\/2016\/07\/vincent-maitre-d-oraison.jpg?fit=1200%2C630&resize=700%2C400 2x, https:\/\/i0.wp.com\/vincentians.com\/fr\/wp-content\/uploads\/sites\/10\/2016\/07\/vincent-maitre-d-oraison.jpg?fit=1200%2C630&resize=1050%2C600 3x"},"classes":[]},{"id":56718,"url":"http:\/\/vincentians.com\/fr\/louis-abelly\/","url_meta":{"origin":190724,"position":3},"title":"Louis Abelly","author":"Francisco Javier Fern\u00e1ndez Chento","date":"06\/11\/2012","format":false,"excerpt":"Luis AbellyVoici une anecdote historique d'un spectateur de cirque qui, chaque soir, venait voir le num\u00e9ro du dompteur de lions. Et, comme on l'interrogeait sur cette inutile r\u00e9p\u00e9tition, il r\u00e9pondit: \u00abJ'attends le moment o\u00f9 le lion va d\u00e9vorer le dompteur. Ceci arrivera bien un jour\u00bb. Si vous &es dans cette\u2026","rel":"","context":"Dans &quot;Au temps de Vincent de Paul&quot;","block_context":{"text":"Au temps de Vincent de Paul","link":"http:\/\/vincentians.com\/fr\/category\/au-temps-de-vincent-de-paul\/"},"img":{"alt_text":"Luis Abelly","src":"https:\/\/i0.wp.com\/vincentiens.org\/wp-content\/uploads\/2011\/12\/abelly-198x300.jpg?resize=350%2C200","width":350,"height":200},"classes":[]},{"id":52024,"url":"http:\/\/vincentians.com\/fr\/saint-vincent-de-paul-et-sa-mission-sociale-i-la-vocation-2\/","url_meta":{"origin":190724,"position":4},"title":"Saint Vincent De Paul Et Sa Mission Sociale. I &#8211; La vocation (2)","author":"Francisco Javier Fern\u00e1ndez Chento","date":"19\/12\/2014","format":false,"excerpt":"LA PR\u00c9PARATION. Vincent ach\u00e8ve ses \u00e9tudes th\u00e9ologiques et re\u00e7oit les ordres sacr\u00e9s. \u2014 Son voyage \u00e0 Bordeaux. \u2014 Sa captivit\u00e9 en Tunisie. \u2014 Il va \u00e0 Rome. \u2014 Mission aupr\u00e8s de Henri IV. \u2014 Le juge de Sore. \u2014 Vincent chez la reine Marguerite. \u2014 Commencement de sa vocation. \u2014\u2026","rel":"","context":"Dans &quot;Vincent de Paul&quot;","block_context":{"text":"Vincent de Paul","link":"http:\/\/vincentians.com\/fr\/category\/the-vincentian-family\/founders\/vincent-de-paul\/"},"img":{"alt_text":"","src":"https:\/\/i0.wp.com\/vincentians.com\/fr\/wp-content\/uploads\/sites\/10\/2016\/07\/vincent-et-sa-action-sociale.jpg?fit=1160%2C630&resize=350%2C200","width":350,"height":200,"srcset":"https:\/\/i0.wp.com\/vincentians.com\/fr\/wp-content\/uploads\/sites\/10\/2016\/07\/vincent-et-sa-action-sociale.jpg?fit=1160%2C630&resize=350%2C200 1x, https:\/\/i0.wp.com\/vincentians.com\/fr\/wp-content\/uploads\/sites\/10\/2016\/07\/vincent-et-sa-action-sociale.jpg?fit=1160%2C630&resize=525%2C300 1.5x, https:\/\/i0.wp.com\/vincentians.com\/fr\/wp-content\/uploads\/sites\/10\/2016\/07\/vincent-et-sa-action-sociale.jpg?fit=1160%2C630&resize=700%2C400 2x, https:\/\/i0.wp.com\/vincentians.com\/fr\/wp-content\/uploads\/sites\/10\/2016\/07\/vincent-et-sa-action-sociale.jpg?fit=1160%2C630&resize=1050%2C600 3x"},"classes":[]},{"id":52033,"url":"http:\/\/vincentians.com\/fr\/saint-vincent-de-paul-et-sa-mission-sociale-ii-les-oeuvres-1\/","url_meta":{"origin":190724,"position":5},"title":"Saint Vincent De Paul Et Sa Mission Sociale. II &#8211; Les \u0152uvres (1)","author":"Francisco Javier Fern\u00e1ndez Chento","date":"21\/12\/2014","format":false,"excerpt":"LES CONFR\u00c9RIES DE LA CHARIT\u00c9. Organisation et d\u00e9veloppement de la confr\u00e9rie de la Charit\u00e9. \u2014 Les domaines du seigneur de Gondi. \u2014 Premi\u00e8re id\u00e9e de la congr\u00e9gation de la Mission. \u2014 Vincent de Paul devient aum\u00f4nier royal des gal\u00e8res et sup\u00e9rieur des religieuses de la Visitation. \u2014 Saint Fran\u00e7ois de\u2026","rel":"","context":"Dans &quot;Vincent de Paul&quot;","block_context":{"text":"Vincent de Paul","link":"http:\/\/vincentians.com\/fr\/category\/the-vincentian-family\/founders\/vincent-de-paul\/"},"img":{"alt_text":"","src":"https:\/\/i0.wp.com\/vincentians.com\/fr\/wp-content\/uploads\/sites\/10\/2016\/07\/vincent-et-sa-action-sociale.jpg?fit=1160%2C630&resize=350%2C200","width":350,"height":200,"srcset":"https:\/\/i0.wp.com\/vincentians.com\/fr\/wp-content\/uploads\/sites\/10\/2016\/07\/vincent-et-sa-action-sociale.jpg?fit=1160%2C630&resize=350%2C200 1x, https:\/\/i0.wp.com\/vincentians.com\/fr\/wp-content\/uploads\/sites\/10\/2016\/07\/vincent-et-sa-action-sociale.jpg?fit=1160%2C630&resize=525%2C300 1.5x, https:\/\/i0.wp.com\/vincentians.com\/fr\/wp-content\/uploads\/sites\/10\/2016\/07\/vincent-et-sa-action-sociale.jpg?fit=1160%2C630&resize=700%2C400 2x, https:\/\/i0.wp.com\/vincentians.com\/fr\/wp-content\/uploads\/sites\/10\/2016\/07\/vincent-et-sa-action-sociale.jpg?fit=1160%2C630&resize=1050%2C600 3x"},"classes":[]}],"_links":{"self":[{"href":"http:\/\/vincentians.com\/fr\/wp-json\/wp\/v2\/posts\/190724","targetHints":{"allow":["GET"]}}],"collection":[{"href":"http:\/\/vincentians.com\/fr\/wp-json\/wp\/v2\/posts"}],"about":[{"href":"http:\/\/vincentians.com\/fr\/wp-json\/wp\/v2\/types\/post"}],"author":[{"embeddable":true,"href":"http:\/\/vincentians.com\/fr\/wp-json\/wp\/v2\/users\/4"}],"replies":[{"embeddable":true,"href":"http:\/\/vincentians.com\/fr\/wp-json\/wp\/v2\/comments?post=190724"}],"version-history":[{"count":2,"href":"http:\/\/vincentians.com\/fr\/wp-json\/wp\/v2\/posts\/190724\/revisions"}],"predecessor-version":[{"id":190783,"href":"http:\/\/vincentians.com\/fr\/wp-json\/wp\/v2\/posts\/190724\/revisions\/190783"}],"wp:featuredmedia":[{"embeddable":true,"href":"http:\/\/vincentians.com\/fr\/wp-json\/wp\/v2\/media\/149545"}],"wp:attachment":[{"href":"http:\/\/vincentians.com\/fr\/wp-json\/wp\/v2\/media?parent=190724"}],"wp:term":[{"taxonomy":"category","embeddable":true,"href":"http:\/\/vincentians.com\/fr\/wp-json\/wp\/v2\/categories?post=190724"},{"taxonomy":"post_tag","embeddable":true,"href":"http:\/\/vincentians.com\/fr\/wp-json\/wp\/v2\/tags?post=190724"}],"curies":[{"name":"wp","href":"https:\/\/api.w.org\/{rel}","templated":true}]}}