{"id":190694,"date":"2017-12-03T04:00:58","date_gmt":"2017-12-03T03:00:58","guid":{"rendered":"http:\/\/vincentians.com\/fr\/?p=190694"},"modified":"2016-08-12T08:06:05","modified_gmt":"2016-08-12T06:06:05","slug":"jean-gabriel-perboyre-lettre-074-jean-baptiste-torrette-c-m-macao","status":"publish","type":"post","link":"http:\/\/vincentians.com\/fr\/jean-gabriel-perboyre-lettre-074-jean-baptiste-torrette-c-m-macao\/","title":{"rendered":"Jean-Gabriel Perboyre, Lettre 074. A Jean-Baptiste Torrette, C.M., \u00e0 Macao"},"content":{"rendered":"<p>7 mars 1836.<\/p>\n<p>J. M.\u00a0J.<\/p>\n<p>J\u2019\u00e9cris s\u00e9par\u00e9ment sur cette feuille les choses qui ne peuvent pas tomber sous les yeux de tout le monde ou qui vous concernent plus sp\u00e9cialement.<\/p>\n<p>Mgr le Vicaire Apostolique ne m\u2019a point parl\u00e9 des affaires du Kiangsi. Comme il n\u2019y a rien qui presse l\u00e0 dessus, je ne lui en ai pas parl\u00e9 non plus. Il va vous en \u00e9crire. Il est toujours dans la disposition, d\u2019apr\u00e8s ce que m\u2019a dit le P. Ignatio<span id='easy-footnote-1-190694' class='easy-footnote-margin-adjust'><\/span><span class='easy-footnote'><a href='http:\/\/vincentians.com\/fr\/jean-gabriel-perboyre-lettre-074-jean-baptiste-torrette-c-m-macao\/#easy-footnote-bottom-1-190694' title='Le R. P. Ignace Ortuzar, O.P. arriv\u00e9\u00a0 au Fou-kien en 1833\u00a0; d\u00e9c\u00e9d\u00e9 \u00e0 Lo-kia-hang le jour de la Pentec\u00f4te 1872. \u2014 &lt;em&gt;Nota&lt;\/em&gt;\u00a0: Le premier \u00e9v\u00eaque chinois Gr\u00e9goire Lopez, O.P. (1610-1691), est n\u00e9 dans le village de Lo-kia-bang.'><sup>1<\/sup><\/a><\/span><a href=\"#_ftn2\" name=\"_ftnref2\"><\/a>, de nous c\u00e9der la mission du Kiangsi o\u00f9 est le P\u00e8re Dominicain<span id='easy-footnote-2-190694' class='easy-footnote-margin-adjust'><\/span><span class='easy-footnote'><a href='http:\/\/vincentians.com\/fr\/jean-gabriel-perboyre-lettre-074-jean-baptiste-torrette-c-m-macao\/#easy-footnote-bottom-2-190694' title='Le nom de ce P\u00e8re Dominicain \u00e9tait Joseph Lo, originaire du Kiang-si.'><sup>2<\/sup><\/a><\/span><a href=\"#_ftn3\" name=\"_ftnref3\"><\/a>, qu\u2019on nous laissera, je crois, sans difficult\u00e9, et de faire nommer M.\u00a0Laribe Vic[aire] Apost[olique]. Le P. Ignatio m\u2019a dit que Mgr avait d\u00e9j\u00e0 \u00e9crit \u00e0 Rome pour cela, ou que du moins il \u00e9crirait aussit\u00f4t que M.\u00a0Laribe aurait avec lui un ou deux confr\u00e8res europ\u00e9ens\u00a0; j\u2019ai r\u00e9pondu qu\u2019outre M.\u00a0Perry qui \u00e9tait sur le point d\u2019entrer, d\u2019autres ne tarderaient pas \u00e0 arriver. Je lui ai dit que, quoique nous nous trouvassions assez bien sous la juridiction de Mgr Carpena pour ne pas d\u00e9sirer d\u2019y \u00eatre soustraits, nos Sup\u00e9rieurs accepteraient l\u2019arrangement en question, si la Sacr\u00e9e Congr\u00e9gation le leur proposait, \u00e0 cause des avantages particuliers qui pourraient en r\u00e9sulter pour nos missions\u00a0; mais qu\u2019ils attendaient le moment de la Providence.<\/p>\n<p>Vous sentez que j\u2019ai d\u00fb m\u2019abstenir de parler de la liaison qu\u2019on veut \u00e9tablir entre le Houp\u00e9 et le Kiangsi, n\u2019ayant pas surtout re\u00e7u commission pour cela.<\/p>\n<p>M. de Besi<span id='easy-footnote-3-190694' class='easy-footnote-margin-adjust'><\/span><span class='easy-footnote'><a href='http:\/\/vincentians.com\/fr\/jean-gabriel-perboyre-lettre-074-jean-baptiste-torrette-c-m-macao\/#easy-footnote-bottom-3-190694' title='Louis-Marie des comtes de Besi, n\u00e9 \u00e0 V\u00e9rone\u00a0; arriv\u00e9 \u00e0 Macao en 1834\u00a0; missionnaire au Hou-koang\u00a0; \u00e9lu \u00e9v\u00eaque de Canope et vic. ap. du Chan-tong, sacr\u00e9 le 14 mars 1841, administrateur de Nanking\u00a0; rentra en Europe en 1847\u00a0; d\u00e9c\u00e9d\u00e9 \u00e0 Rome en 1871. (Cf. J. de Moidrey, S. J., &lt;em&gt;La Hi\u00e9rarchie Catholique en Chine, en Cor\u00e9e et au Japon (1307-1914)&lt;\/em&gt; Chang-hai, 1914).'><sup>3<\/sup><\/a><\/span><a href=\"#_ftn4\" name=\"_ftnref4\"><\/a> en passant ici dit que probablement il ne resterait pas longtemps dans la mission du Hou-Kouang, parce que la Sacr\u00e9e Congr\u00e9gation avait l\u2019intention de nous la c\u00e9der. J\u2019ai dit au P. Ignatio que nous \u00e9tions en \u00e9tat de bien monter en missionnaires soit le Hou-Kouang, soit nos autres missions. Je lui ai m\u00eame donn\u00e9 \u00e0 entendre que nous pouvions soutenir celles de nos confr\u00e8res portugais. Tout le monde trouvera bien naturel que nous allions \u00e0 leur secours, except\u00e9 peut-\u00eatre ceux qui convoiteraient leurs d\u00e9pouilles.<\/p>\n<p>J\u2019ai dit \u00e0 Mgr que M.\u00a0Lin<span id='easy-footnote-4-190694' class='easy-footnote-margin-adjust'><\/span><span class='easy-footnote'><a href='http:\/\/vincentians.com\/fr\/jean-gabriel-perboyre-lettre-074-jean-baptiste-torrette-c-m-macao\/#easy-footnote-bottom-4-190694' title='Lin (Vincent), C.M., pr\u00eatre, n\u00e9 dans la province du Fou-kien, en 1779\u00a0; re\u00e7u au s\u00e9minaire \u00e0 P\u00e9kin le 28 septembre 1809\u00a0; il y fit les v\u0153ux le 29 septembre 1811\u00a0; ordonn\u00e9 pr\u00eatre en 1815. Missionnaire en Mongolie. D\u00e9c\u00e9d\u00e9 le 3 f\u00e9vrier 1836. \u2014 Au moment o\u00f9 le Saint \u00e9crivait, la mort de M.\u00a0Lin \u00e9tait trop r\u00e9cente, pour que lui et M.\u00a0Torrette pussent en avoir connaissance.'><sup>4<\/sup><\/a><\/span><a href=\"#_ftn5\" name=\"_ftnref5\"><\/a> et M.\u00a0Cazeaux<span id='easy-footnote-5-190694' class='easy-footnote-margin-adjust'><\/span><span class='easy-footnote'><a href='http:\/\/vincentians.com\/fr\/jean-gabriel-perboyre-lettre-074-jean-baptiste-torrette-c-m-macao\/#easy-footnote-bottom-5-190694' title='M.\u00a0Cazeau ne vint jamais en Chine.'><sup>5<\/sup><\/a><\/span><a href=\"#_ftn6\" name=\"_ftnref6\"><\/a> seraient bient\u00f4t \u00e0 la disposition de M.\u00a0Laribe. Cela ne doit pas vous emp\u00eacher d\u2019ordonner les choses autrement si vous le jugez \u00e0 propos. Ce que vous aurez fait sera bien fait \u00e0 ses yeux. Je vais laisser un petit mot \u00e0 M.\u00a0Perry pour lui dire que si vous ne lui donnez pas une commission sp\u00e9ciale, d\u2019apr\u00e8s la lettre que Mgr va vous \u00e9crire, il n\u2019y a pas de n\u00e9cessit\u00e9 \u00e0 ce qu\u2019il lui parle de ces affaires, mais que dans tous les cas, il n\u2019y a pas d\u2019inconv\u00e9nient \u00e0 ce qu\u2019il lui en parle.<\/p>\n<p>Ce qui fait qu\u2019il n\u2019est pas tr\u00e8s urgent, \u00e0 ce qu\u2019il me para\u00eet, de conclure cette affaire, c\u2019est qu\u2019on pourrait la traiter tr\u00e8s bien avec plusieurs autres dans trois ou quatre ans, par ex. avec l\u2019affaire portugaise et l\u2019affaire de M.\u00a0Clet. A cette \u00e9poque, le nombre de nos missionnaires s\u2019\u00e9tant accru et nos missions ayant pris un peu plus d\u2019\u00e9lan et de consistance, on aurait plus de raisons et de facilit\u00e9 pour traiter avec honneur et succ\u00e8s de telles affaires.<\/p>\n<p>Toutefois, comme l\u2019affaire du Kiangsi une fois conclue pourrait aussi pr\u00e9parer la voie \u00e0 des arrangements ult\u00e9rieurs, je ne veux pas mettre le b\u00e2ton dans la roue. De sorte que si, d\u2019autre part, nous ne devons pas nous presser de cueillir le fruit, de l\u2019autre nous pouvons le recevoir s\u2019il tombe de lui-m\u00eame dans nos mains.<\/p>\n<p>Quant \u00e0 l\u2019affaire de M.\u00a0Clet, je crois que nous ferons bien de la pousser, c\u2019est-\u00e0-dire de travailler \u00e0 obtenir qu\u2019il soit d\u00e9clar\u00e9 v\u00e9n\u00e9rable et si M.\u00a0Rameaux est de mon avis, il vous priera par le prochain courrier du Houp\u00e9 d\u2019agir pour avoir l\u2019autorisation et des commissaires ad hoc. Apr\u00e8s les informa\u00adtions prises sur les lieux, il serait n\u00e9cessaire que quelqu\u2019un all\u00e2t faire un tour \u00e0 Paris et \u00e0 Rome pour les proc\u00e9dures. C\u2019est pourquoi je vous disais plus haut que d\u2019une seule pierre on pourrait faire plusieurs coups.<\/p>\n<p>Les Dominicains ont eu cinq missionnaires martyris\u00e9s au Fokien<span id='easy-footnote-6-190694' class='easy-footnote-margin-adjust'><\/span><span class='easy-footnote'><a href='http:\/\/vincentians.com\/fr\/jean-gabriel-perboyre-lettre-074-jean-baptiste-torrette-c-m-macao\/#easy-footnote-bottom-6-190694' title='Les cinq martyrs Dominicains dont il est question ici sont les Bienheureux\u00a0: Pierre-Martyr Sanz, \u00e9v\u00eaque de Mauricastre et vic. ap. du Fou-kien, d\u00e9capit\u00e9 \u00e0 Fou-tcheou le 26 mai 1747\u00a0; Fran\u00e7ois Serrano, \u00e9v\u00eaque \u00e9lu de Tipasa et coadjuteur de Mgr Sanz\u00a0; Joachim Royo\u00a0; Jean Alcober et Fran\u00e7ois Diaz\u00a0; ils furent mis \u00e0 mort \u00e0 Fout-cheou le 28 octobre 1748\u00a0; de ces quatre les deux premiers furent \u00e9touff\u00e9s et les deux autres \u00e9trangl\u00e9s. B\u00e9atifi\u00e9s par L\u00e9on XIII le 18 avril 1893. \u2014 Il y a un sixi\u00e8me martyr que le saint ne signale pas\u00a0: Fran\u00e7ois-Fernandez Capillas, O.P., d\u00e9capit\u00e9 le 15 janvier 1648, et b\u00e9atifi\u00e9 par Pie X le 2 mai 1909.'><sup>6<\/sup><\/a><\/span><a href=\"#_ftn7\" name=\"_ftnref7\"><\/a>. Quand il fut question de les faire d\u00e9clarer v\u00e9n\u00e9rables, comme ils n\u2019avaient pas au Fokien de P\u00e8re europ\u00e9en, ils en envoy\u00e8rent un expr\u00e8s de Rome, avec le titre de Vicaire Apostolique, lequel \u00e9tant fort \u00e2g\u00e9, d\u00e9l\u00e9gua \u00e0 Rome un P\u00e8re Chinois avec les pi\u00e8ces n\u00e9cessaires et leur affaire fut heureusement termin\u00e9e comme ils le d\u00e9siraient. Depuis ils distribuent aux chr\u00e9tiens des images de ces cinq martyrs.<\/p>\n<p>Comme il est bon de resserrer de plus en plus nos liens de confraternit\u00e9 avec les Portugais, j\u2019ai \u00e9crit une petite lettre \u00e0 M.\u00a0Castro par l\u2019occasion du courrier de Chan-tong. Je vous en envoie une copie afin que vous voyiez ce que je lui dis. J\u2019engagerai M.\u00a0Laribe \u00e0 ne pas n\u00e9gliger sa correspondance avec M.\u00a0Henriquez<span id='easy-footnote-7-190694' class='easy-footnote-margin-adjust'><\/span><span class='easy-footnote'><a href='http:\/\/vincentians.com\/fr\/jean-gabriel-perboyre-lettre-074-jean-baptiste-torrette-c-m-macao\/#easy-footnote-bottom-7-190694' title='Henriques (Domingos-Jos\u00e9 de Santo Est\u00eavam), C.M., pr\u00eatre, n\u00e9 \u00e0 Caldos, dioc\u00e8se de Lisbonne, Portugal, le 26 d\u00e9cembre 1804\u00a0; re\u00e7u au s\u00e9minaire \u00e0 Lisbonne le 15 janvier 1826\u00a0; arriv\u00e9 \u00e0 Macao le 2 janvier 1832\u00a0; la m\u00eame ann\u00e9e il fut nomm\u00e9 vicaire g\u00e9n\u00e9ral du dioc\u00e8se de Nankin\u00a0; en 1837 la maladie le for\u00e7a de retourner \u00e0 Macao\u00a0; en 1841 il rentra au Portugal. D\u00e9c\u00e9d\u00e9 \u00e0 Benfica pr\u00e8s de Lisbonne le 19 novembre 1901.'><sup>7<\/sup><\/a><\/span><a href=\"#_ftn8\" name=\"_ftnref8\"><\/a> et M.\u00a0Rameaux celle qu\u2019il pourrait avoir avec Mgr de Nanking.<\/p>\n<p>Il me semble que vous m\u2019avez dit avoir donn\u00e9 quelques instructions l\u00e0-dessus \u00e0 M.\u00a0Mouly. Mgr Pir\u00e8s<span id='easy-footnote-8-190694' class='easy-footnote-margin-adjust'><\/span><span class='easy-footnote'><a href='http:\/\/vincentians.com\/fr\/jean-gabriel-perboyre-lettre-074-jean-baptiste-torrette-c-m-macao\/#easy-footnote-bottom-8-190694' title='Pir\u00e8s Pereira (Gaetano), C.M., \u00e9v\u00eaque, n\u00e9 \u00e0 Cerdeira pr\u00e8s de Carv\u0153ro (Portugal), en 1763\u00a0; re\u00e7u au s\u00e9minaire \u00e0 Lisbonne. Arriv\u00e9 \u00e0 Macao le 12 ao\u00fbt 1800. Nomm\u00e9 \u00e9v\u00eaque de Nankin, confirm\u00e9 dans cette charge le 29 ao\u00fbt 1804\u00a0; parvint \u00e0 P\u00e9kin en octobre de la m\u00eame ann\u00e9e\u00a0; sacr\u00e9 par Mgr de Gouv\u00e9a en 1806. Il ne put jamais se rendre dans son dioc\u00e8se, qu\u2019il fit administrer par des vicaires g\u00e9n\u00e9raux. Membre du tribunal des math\u00e9matiques en janvier 1822. Administrateur du dioc\u00e8se de P\u00e9kin en 1827. D\u00e9c\u00e9d\u00e9 \u00e0 P\u00e9kin le 2 novembre 1838.'><sup>8<\/sup><\/a><\/span><a href=\"#_ftn9\" name=\"_ftnref9\"><\/a>, qui est tr\u00e8s content de M.\u00a0Chastan<span id='easy-footnote-9-190694' class='easy-footnote-margin-adjust'><\/span><span class='easy-footnote'><a href='http:\/\/vincentians.com\/fr\/jean-gabriel-perboyre-lettre-074-jean-baptiste-torrette-c-m-macao\/#easy-footnote-bottom-9-190694' title='Bx Chastan (Jacques-Honor\u00e9), M.E., n\u00e9 \u00e0 Marcoux, Basses-Alpes, le 7 octobre 1803\u00a0; fut ordonn\u00e9 pr\u00eatre le 23 d\u00e9cembre 1826\u00a0; entr\u00e9 au S\u00e9minaire des Missions-Etrang\u00e8res le 13 janvier 1827\u00a0; partit pour Macao le 22 avril suivant. Missionnaire en Cor\u00e9e\u00a0; avant de pouvoir p\u00e9n\u00e9trer dans sa mission, il fut cinq ans professeur \u00e0 Pinang et missionna deux ans au Chan-tong\u00a0; d\u00e9capit\u00e9 le 21 septembre 1839. B\u00e9atifi\u00e9 par Pie XI le 5 juillet 1925. (Cf. A. Launay, &lt;em&gt;op. cit.&lt;\/em&gt;, p. 125).'><sup>9<\/sup><\/a><\/span><a href=\"#_ftn10\" name=\"_ftnref10\"><\/a>, voulait l\u2019appeler \u00e0 P\u00e9kin et le remplacer \u00e0 Chantong par M.\u00a0Mauban<span id='easy-footnote-10-190694' class='easy-footnote-margin-adjust'><\/span><span class='easy-footnote'><a href='http:\/\/vincentians.com\/fr\/jean-gabriel-perboyre-lettre-074-jean-baptiste-torrette-c-m-macao\/#easy-footnote-bottom-10-190694' title='Bx Mauban (Pierre-Philibert), M.E., n\u00e9 \u00e0 Vassy, Calvados, le 20 septembre 1803\u00a0; fut ordonn\u00e9 pr\u00eatre le 13 mai 1829\u00a0; entr\u00e9 au S\u00e9minaire des Missions-Etrang\u00e8res, le 18 novembre 1831\u00a0; partit pour Macao le 5 mars 1832. Missionnaire en Cor\u00e9e\u00a0; d\u00e9capit\u00e9 le 21 septembre 1839. B\u00e9atifi\u00e9 par Pie XI le 5 juillet 1925. (Cf. A. Launay, &lt;em&gt;op. cit.&lt;\/em&gt;, p. 441).'><sup>10<\/sup><\/a><\/span><a href=\"#_ftn11\" name=\"_ftnref11\"><\/a>. Mais celui-ci, soit de son propre mouvement, soit d\u2019apr\u00e8s les ordres de Mgr de Capse<span id='easy-footnote-11-190694' class='easy-footnote-margin-adjust'><\/span><span class='easy-footnote'><a href='http:\/\/vincentians.com\/fr\/jean-gabriel-perboyre-lettre-074-jean-baptiste-torrette-c-m-macao\/#easy-footnote-bottom-11-190694' title='Brugui\u00e8re (Barth\u00e9lemy), M.E., n\u00e9 \u00e0 Raissac d\u2019Aude, Aude, le 12 f\u00e9vrier 1792\u00a0; ordonn\u00e9 pr\u00eatre le 23 d\u00e9cembre 1815\u00a0; entr\u00e9 au S\u00e9minaire des Missions-Etrang\u00e8res le 17 septembre 1825\u00a0; partit pour le Siam le 5 f\u00e9vrier 1826. Elu \u00e9v\u00eaque de Capse et coadjuteur du vic. ap. du Siam, il fut sacr\u00e9 le 29 juin 1829\u00a0; nomm\u00e9 vic. ap. de Cor\u00e9e le 9 septembre 1831. D\u00e9c\u00e9d\u00e9 \u00e0 Ma-kia-tze en Mongolie, le 20 octobre 1835, \u00e9tant en route pour se rendre en Cor\u00e9e. (Cf. A. Launay, &lt;em&gt;op. cit.&lt;\/em&gt;, p. 100).'><sup>11<\/sup><\/a><\/span><a href=\"#_ftn12\" name=\"_ftnref12\"><\/a>, refusa cette proposition.<\/p>\n<p>Le courrier nous a dit avoir \u00e9t\u00e9 envoy\u00e9 l\u2019ann\u00e9e derni\u00e8re, pour cette commission. M.\u00a0Mouly n\u2019\u00e9tait pas encore arriv\u00e9. Vous savez que tous les pr\u00eatres chinois qui sont dans la province de P\u00e9kin sont \u00e0 nous et que les Portugais n\u2019en ont absolument que dans celle de Nankin.<\/p>\n<p>Si M.\u00a0Perry n\u2019est pas encore parti, ne le livrez pas \u00e0 ce contrebandier pa\u00efen qui conduisit l\u2019ann\u00e9e derni\u00e8re un P\u00e8re Dominicain. Ce P\u00e8re fut longtemps \u00e0 parvenir, parce qu\u2019on s\u2019arr\u00eatait \u00e0 tous les ports pour faire le commerce d\u2019opium, ce qui aurait bien pu le compromettre. Ensuite il eut beaucoup \u00e0 souffrir dans la barque o\u00f9 il se trouvait souvent des femmes publiques et bien des abominations. Mgr n\u2019\u00e9tait pas content qu\u2019il f\u00fbt venu par cette voie. La barque du courrier retournera \u00e0 Macao peut-\u00eatre avant le mois de septembre.<\/p>\n<p>Les provisions que vous nous aviez donn\u00e9es auraient suffi pour six mois, au moins la viande dont nous avons encore plus des trois quarts. Nous avons fini le poisson avec le voyage\u00a0; il nous restait sept ou huit pommes de terre\u00a0; le P\u00e8re Ignatio a \u00e9t\u00e9 bien aise de les avoir pour les semer. En quittant la barque nous pensions avoir encore deux cents \u0153ufs\u00a0; mais il para\u00eet qu\u2019on nous en aura vol\u00e9 la moiti\u00e9, il ne nous en est revenu qu\u2019une centaine. Comme le second de la barque, qui parle la langue mandarine, nous avait souvent dit que nous n\u2019avions rien \u00e0 craindre pour toutes les choses qui nous appartenaient, nous d\u00e9barqu\u00e2mes sans prendre beaucoup de pr\u00e9cautions pour soustraire nos affaires au pillage. On nous vola quelques livres de viande et dix sept bouteilles de vin sur vingt-trois qu\u2019il nous restait.<\/p>\n<p>Le courrier qui \u00e9tait parti avec nous \u00e9tait innocent dans tout cela. Quand il a appris ces vols, il voulait en payer le prix\u00a0; mais Mgr a dit qu\u2019il se chargeait de la restitution. Cela m\u00eame devait nous y faire renoncer. Quoique nous ayons plus mang\u00e9 de biscuits que de riz, nous en avons eu un grand pot de reste que nous laissons ici avec toutes les saucisses. Nous emportons l\u2019autre viande. Dans ce voyage nous serons oblig\u00e9s d\u2019user des dispenses. Sur la barque on fait bien d\u2019observer autant qu\u2019on peut les je\u00fbnes et l\u2019abstinence parce qu\u2019autrement on scandalise facilement les chr\u00e9tiens\u00a0; d\u2019ailleurs on a la commodit\u00e9 d\u2019acheter du poisson \u00e0 bon march\u00e9.<\/p>\n<p>Quand le Vic. apostol. vous \u00e9crivit que <em>una sarcina<\/em> ne devait pas peser plus de 90 livres il entendait parler du fardeau entier. Or, pour les Chinois, le fardeau qu\u2019ils portent sur les \u00e9paules se divise en deux parties pour \u00eatre plac\u00e9es aux deux extr\u00e9mit\u00e9s d\u2019un b\u00e2ton, comme vous le voyez \u00e0 Macao. Il m\u2019a donc fallu partager toutes nos caisses pour en composer de nouvelles qui n\u2019eussent pas plus de 40 \u00e0 45 livres chacune. Cela n\u2019a pas \u00e9t\u00e9 un petit travail que d\u2019arranger tout cela sans rien brouiller.<\/p>\n<p>J\u2019ai retenu pour le Hou-p\u00e9 un trait\u00e9 des SS. myst\u00e8res que j\u2019avais apport\u00e9 de France et que M.\u00a0Danicourt envoyait \u00e0 P\u00e9kin o\u00f9 l\u2019on doit en avoir. J\u2019ai laiss\u00e9 \u00e0 Mgr 20 piastres pour le transport de ces caisses qui ne partiront qu\u2019au retour des courriers qui nous conduisent jusqu\u2019\u00e0 Ki[e]n-tchang-fou ville du Kiang-si o\u00f9 nous en trouverons d\u2019autres pour nous conduire plus loin. Nous donnons \u00e0 chacun des deux courriers et des deux porteurs 14 piastres, ce qui fait 56 piastres pour nous deux. Les porteurs qui doivent nous accompagner ne pouvant porter plus de 70 livres pour mieux suivre, les courriers auront \u00e0 porter les lits et quelque peu de provisions. Je vous donne ces d\u00e9tails afin qu\u2019\u00e0 l\u2019avenir, vous disposiez en cons\u00e9quence les caisses et les malles. Vous pourrez en parler aussi \u00e0 M.\u00a0Le Gr\u00e9geois. Nous avons donn\u00e9 chacun deux piastres au courrier de Chantong avec une bouteille d\u2019eau-de-vie.<\/p>\n<p>A part les d\u00e9penses dont j\u2019ai parl\u00e9 et 5 piastres et demie qu\u2019il nous a fallu donner chacun pour les matelots sur la demande du courrier et l\u2019avis de Mgr, la bourse n\u2019a pas eu grand mal. J\u2019ai fait faire quatre caisses, j\u2019ai achet\u00e9 un parapluie, un foung-mao<span id='easy-footnote-12-190694' class='easy-footnote-margin-adjust'><\/span><span class='easy-footnote'><a href='http:\/\/vincentians.com\/fr\/jean-gabriel-perboyre-lettre-074-jean-baptiste-torrette-c-m-macao\/#easy-footnote-bottom-12-190694' title='Foung-mao, &lt;em&gt;cf&lt;\/em&gt;. Lettre 75, note 2, p. 74.'><sup>12<\/sup><\/a><\/span><a href=\"#_ftn13\" name=\"_ftnref13\"><\/a> et un petit sac pour porter diverses choses en route.<\/p>\n<p>Mgr n\u2019a voulu recevoir aucun d\u00e9dommagement pour les d\u00e9penses faites chez lui. Il nous a fait boire un petit reste du vin de Bordeaux que vous lui aviez envoy\u00e9 il y a plusieurs ann\u00e9es. Cette ann\u00e9e, il a re\u00e7u de M.\u00a0Le Gr\u00e9geois deux caisses de vin de Frontignan. Il a \u00e9t\u00e9 tr\u00e8s content de vos images et de vos m\u00e9dailles\u00a0; t\u00e2chez de lui faire un envoi plus consid\u00e9rable l\u2019ann\u00e9e prochaine et, si vous pouviez, vous feriez bien de lui envoyer quelques images grandes et belles pour son \u00e9glise, o\u00f9 il y en a d\u00e9j\u00e0 beaucoup de petites et o\u00f9 saint Vincent de Paul figure \u00e0 c\u00f4t\u00e9 de saint Thomas d\u2019Aquin. Je lui ai donn\u00e9 une vingtaine de m\u00e9dailles miraculeuses\u00a0; il doit vous en demander d\u2019autres avec un exemplaire de la relation des miracles qu\u2019il fera traduire par un p\u00e8re qui entend le fran\u00e7ais. Il recevrait avec plaisir un exemplaire de l\u2019<em>ordo perpetuus<\/em>, mais il n\u2019en est pas tr\u00e8s press\u00e9.<\/p>\n<p>Il vous enverra les renseignements que vous d\u00e9sirez sur la culture du th\u00e9. Pour les graines que vous demandez, il ne pourra en avoir qu\u2019au mois de d\u00e9cembre. Vous m\u2019aviez donn\u00e9 un tapis rouge pour envelopper le lit. Il para\u00eet que cette couleur ne convient qu\u2019aux femmes qui se marient, il m\u2019a fallu en changer.<\/p>\n<p>Quoique j\u2019aie d\u00e9j\u00e0 beaucoup parl\u00e9, il est possible que j\u2019oublie quelque chose. Mais je vous ai assez ennuy\u00e9 pour que vous me teniez quitte pour cette fois. C\u2019est le dix que d\u00e9finitivement nous partons du S\u00e9minaire. J\u2019aurai de la peine \u00e0 arriver \u00e0 temps pour c\u00e9l\u00e9brer la f\u00eate de P\u00e2ques avec M.\u00a0Laribe.<\/p>\n<p>Encore une fois je vous embrasse de tout c\u0153ur <em>in osculo sancto<\/em>.<\/p>\n<p>J.G. P.<\/p>\n<p><em><strong>Lettre 74.<\/strong> \u2014 Maison-M\u00e8re, original 59.<\/em><\/p>\n","protected":false},"excerpt":{"rendered":"<p>7 mars 1836. J. M.\u00a0J. J\u2019\u00e9cris s\u00e9par\u00e9ment sur cette feuille les choses qui ne peuvent pas tomber sous les yeux de tout le monde ou qui vous concernent plus sp\u00e9cialement. Mgr le Vicaire Apostolique ne &#8230; <a href=\"http:\/\/vincentians.com\/fr\/jean-gabriel-perboyre-lettre-074-jean-baptiste-torrette-c-m-macao\/\" class=\"more-link\">Read More<\/a><\/p>\n","protected":false},"author":4,"featured_media":189778,"comment_status":"open","ping_status":"open","sticky":false,"template":"","format":"standard","meta":{"jetpack_post_was_ever_published":false,"_jetpack_newsletter_access":"","_jetpack_dont_email_post_to_subs":false,"_jetpack_newsletter_tier_id":0,"_jetpack_memberships_contains_paywalled_content":false,"_jetpack_memberships_contains_paid_content":false,"footnotes":"","jetpack_publicize_message":"","jetpack_publicize_feature_enabled":true,"jetpack_social_post_already_shared":true,"jetpack_social_options":{"image_generator_settings":{"template":"highway","default_image_id":0,"font":"","enabled":false},"version":2}},"categories":[114],"tags":[],"class_list":["post-190694","post","type-post","status-publish","format-standard","has-post-thumbnail","hentry","category-ecrits-de-jean-gabriel-perboyre"],"yoast_head":"<!-- This site is optimized with the Yoast SEO plugin v26.3 - https:\/\/yoast.com\/wordpress\/plugins\/seo\/ -->\n<title>Jean-Gabriel Perboyre, Lettre 074. A Jean-Baptiste Torrette, C.M., \u00e0 Macao - Nous Sommes Vincentiens<\/title>\n<meta name=\"robots\" content=\"index, follow, max-snippet:-1, max-image-preview:large, max-video-preview:-1\" \/>\n<link rel=\"canonical\" href=\"https:\/\/vincentians.com\/fr\/jean-gabriel-perboyre-lettre-074-jean-baptiste-torrette-c-m-macao\/\" \/>\n<meta property=\"og:locale\" content=\"fr_FR\" \/>\n<meta property=\"og:type\" content=\"article\" \/>\n<meta property=\"og:title\" content=\"Jean-Gabriel Perboyre, Lettre 074. A Jean-Baptiste Torrette, C.M., \u00e0 Macao - Nous Sommes Vincentiens\" \/>\n<meta property=\"og:description\" content=\"7 mars 1836. J. M.\u00a0J. J\u2019\u00e9cris s\u00e9par\u00e9ment sur cette feuille les choses qui ne peuvent pas tomber sous les yeux de tout le monde ou qui vous concernent plus sp\u00e9cialement. Mgr le Vicaire Apostolique ne ... Read More\" \/>\n<meta property=\"og:url\" content=\"https:\/\/vincentians.com\/fr\/jean-gabriel-perboyre-lettre-074-jean-baptiste-torrette-c-m-macao\/\" \/>\n<meta property=\"og:site_name\" content=\"Nous Sommes Vincentiens\" \/>\n<meta property=\"article:publisher\" content=\"https:\/\/www.facebook.com\/WeAreVincentians\/\" \/>\n<meta property=\"article:author\" content=\"https:\/\/www.facebook.com\/JavierChento\" \/>\n<meta property=\"article:published_time\" content=\"2017-12-03T03:00:58+00:00\" \/>\n<meta property=\"og:image\" content=\"https:\/\/i0.wp.com\/vincentians.com\/fr\/wp-content\/uploads\/sites\/10\/2016\/07\/cartas-perboyre.jpg?fit=1200%2C630&ssl=1\" \/>\n\t<meta property=\"og:image:width\" content=\"1200\" \/>\n\t<meta property=\"og:image:height\" content=\"630\" \/>\n\t<meta property=\"og:image:type\" content=\"image\/jpeg\" \/>\n<meta name=\"author\" content=\"Francisco Javier Fern\u00e1ndez Chento\" \/>\n<meta name=\"twitter:card\" content=\"summary_large_image\" \/>\n<meta name=\"twitter:creator\" content=\"@https:\/\/twitter.com\/javierchento\" \/>\n<meta name=\"twitter:site\" content=\"@WeVincentians\" \/>\n<meta name=\"twitter:label1\" content=\"\u00c9crit par\" \/>\n\t<meta name=\"twitter:data1\" content=\"Francisco Javier Fern\u00e1ndez Chento\" \/>\n\t<meta name=\"twitter:label2\" content=\"Dur\u00e9e de lecture estim\u00e9e\" \/>\n\t<meta name=\"twitter:data2\" content=\"14 minutes\" \/>\n<script type=\"application\/ld+json\" class=\"yoast-schema-graph\">{\"@context\":\"https:\/\/schema.org\",\"@graph\":[{\"@type\":\"WebPage\",\"@id\":\"https:\/\/vincentians.com\/fr\/jean-gabriel-perboyre-lettre-074-jean-baptiste-torrette-c-m-macao\/\",\"url\":\"https:\/\/vincentians.com\/fr\/jean-gabriel-perboyre-lettre-074-jean-baptiste-torrette-c-m-macao\/\",\"name\":\"Jean-Gabriel Perboyre, Lettre 074. A Jean-Baptiste Torrette, C.M., \u00e0 Macao - Nous Sommes Vincentiens\",\"isPartOf\":{\"@id\":\"http:\/\/vincentians.com\/fr\/#website\"},\"primaryImageOfPage\":{\"@id\":\"https:\/\/vincentians.com\/fr\/jean-gabriel-perboyre-lettre-074-jean-baptiste-torrette-c-m-macao\/#primaryimage\"},\"image\":{\"@id\":\"https:\/\/vincentians.com\/fr\/jean-gabriel-perboyre-lettre-074-jean-baptiste-torrette-c-m-macao\/#primaryimage\"},\"thumbnailUrl\":\"https:\/\/i0.wp.com\/vincentians.com\/fr\/wp-content\/uploads\/sites\/10\/2016\/07\/cartas-perboyre.jpg?fit=1200%2C630\",\"datePublished\":\"2017-12-03T03:00:58+00:00\",\"author\":{\"@id\":\"http:\/\/vincentians.com\/fr\/#\/schema\/person\/9623ef4d9aa3b2dfb8c061f1499288f2\"},\"breadcrumb\":{\"@id\":\"https:\/\/vincentians.com\/fr\/jean-gabriel-perboyre-lettre-074-jean-baptiste-torrette-c-m-macao\/#breadcrumb\"},\"inLanguage\":\"fr-FR\",\"potentialAction\":[{\"@type\":\"ReadAction\",\"target\":[\"https:\/\/vincentians.com\/fr\/jean-gabriel-perboyre-lettre-074-jean-baptiste-torrette-c-m-macao\/\"]}]},{\"@type\":\"ImageObject\",\"inLanguage\":\"fr-FR\",\"@id\":\"https:\/\/vincentians.com\/fr\/jean-gabriel-perboyre-lettre-074-jean-baptiste-torrette-c-m-macao\/#primaryimage\",\"url\":\"https:\/\/i0.wp.com\/vincentians.com\/fr\/wp-content\/uploads\/sites\/10\/2016\/07\/cartas-perboyre.jpg?fit=1200%2C630\",\"contentUrl\":\"https:\/\/i0.wp.com\/vincentians.com\/fr\/wp-content\/uploads\/sites\/10\/2016\/07\/cartas-perboyre.jpg?fit=1200%2C630\",\"width\":1200,\"height\":630},{\"@type\":\"BreadcrumbList\",\"@id\":\"https:\/\/vincentians.com\/fr\/jean-gabriel-perboyre-lettre-074-jean-baptiste-torrette-c-m-macao\/#breadcrumb\",\"itemListElement\":[{\"@type\":\"ListItem\",\"position\":1,\"name\":\"Portada\",\"item\":\"http:\/\/vincentians.com\/fr\/\"},{\"@type\":\"ListItem\",\"position\":2,\"name\":\"Jean-Gabriel Perboyre, Lettre 074. A Jean-Baptiste Torrette, C.M., \u00e0 Macao\"}]},{\"@type\":\"WebSite\",\"@id\":\"http:\/\/vincentians.com\/fr\/#website\",\"url\":\"http:\/\/vincentians.com\/fr\/\",\"name\":\"Nous Sommes Vincentiens\",\"description\":\"Know more to serve more\",\"potentialAction\":[{\"@type\":\"SearchAction\",\"target\":{\"@type\":\"EntryPoint\",\"urlTemplate\":\"http:\/\/vincentians.com\/fr\/?s={search_term_string}\"},\"query-input\":{\"@type\":\"PropertyValueSpecification\",\"valueRequired\":true,\"valueName\":\"search_term_string\"}}],\"inLanguage\":\"fr-FR\"},{\"@type\":\"Person\",\"@id\":\"http:\/\/vincentians.com\/fr\/#\/schema\/person\/9623ef4d9aa3b2dfb8c061f1499288f2\",\"name\":\"Francisco Javier Fern\u00e1ndez Chento\",\"image\":{\"@type\":\"ImageObject\",\"inLanguage\":\"fr-FR\",\"@id\":\"http:\/\/vincentians.com\/fr\/#\/schema\/person\/image\/\",\"url\":\"https:\/\/secure.gravatar.com\/avatar\/497d5cde87b4c3d097d0315953521681ba2cd523ee66e5077c3711f7021e65de?s=96&d=mm&r=g\",\"contentUrl\":\"https:\/\/secure.gravatar.com\/avatar\/497d5cde87b4c3d097d0315953521681ba2cd523ee66e5077c3711f7021e65de?s=96&d=mm&r=g\",\"caption\":\"Francisco Javier Fern\u00e1ndez Chento\"},\"description\":\"Director General y cofundador de La Red de Formaci\u00f3n Vicenciana. Javier es laico vicenciano, afiliado a la Congregaci\u00f3n de la Misi\u00f3n y miembro del Equipo de Misiones Populares de la provincia can\u00f3nica de Zaragoza (Espa\u00f1a) de la Congregaci\u00f3n de la Misi\u00f3n. Graduado en la Universidad Oberta de Catalunya con cuatro grados (Asistente de direcci\u00f3n, Gesti\u00f3n Administrativa, Recursos Humanos y Contabilidad Avanzada). Bil\u00edng\u00fce Espa\u00f1ol\/Ingl\u00e9s. gestiona y mantiene varias p\u00e1ginas web cristianas y vicencianas, incluida including La Red de Formaci\u00f3n Vicenciana, de la que es cofundador. Actualmente es responsable del \u00e1rea de Espa\u00f1ol de .famvin, la Red de Noticias de la Familia Vicenciana. Tambi\u00e9n es m\u00fasico cat\u00f3lico y ha editado varios discos. Es Director General y cofundador de Trovador, una reconocida compa\u00f1\u00eda discogr\u00e1fica critiana de Espa\u00f1a. Trabaja en las Tecnolog\u00edas de la Informaci\u00f3n, ofreciendo servicios de alojamiento, dise\u00f1o y mantenimiento Web, as\u00ed como asesoramiento, formaci\u00f3n y soluciones inform\u00e1ticas, gesti\u00f3n documental y digitalizaci\u00f3n de textos, edici\u00f3n y maquetaci\u00f3n de libros, revistas, flyers, etc.\",\"sameAs\":[\"http:\/\/chento.org\",\"https:\/\/www.facebook.com\/JavierChento\",\"https:\/\/x.com\/https:\/\/twitter.com\/javierchento\"],\"url\":\"http:\/\/vincentians.com\/fr\/author\/chento\/\"}]}<\/script>\n<!-- \/ Yoast SEO plugin. -->","yoast_head_json":{"title":"Jean-Gabriel Perboyre, Lettre 074. A Jean-Baptiste Torrette, C.M., \u00e0 Macao - Nous Sommes Vincentiens","robots":{"index":"index","follow":"follow","max-snippet":"max-snippet:-1","max-image-preview":"max-image-preview:large","max-video-preview":"max-video-preview:-1"},"canonical":"https:\/\/vincentians.com\/fr\/jean-gabriel-perboyre-lettre-074-jean-baptiste-torrette-c-m-macao\/","og_locale":"fr_FR","og_type":"article","og_title":"Jean-Gabriel Perboyre, Lettre 074. A Jean-Baptiste Torrette, C.M., \u00e0 Macao - Nous Sommes Vincentiens","og_description":"7 mars 1836. J. M.\u00a0J. J\u2019\u00e9cris s\u00e9par\u00e9ment sur cette feuille les choses qui ne peuvent pas tomber sous les yeux de tout le monde ou qui vous concernent plus sp\u00e9cialement. Mgr le Vicaire Apostolique ne ... Read More","og_url":"https:\/\/vincentians.com\/fr\/jean-gabriel-perboyre-lettre-074-jean-baptiste-torrette-c-m-macao\/","og_site_name":"Nous Sommes Vincentiens","article_publisher":"https:\/\/www.facebook.com\/WeAreVincentians\/","article_author":"https:\/\/www.facebook.com\/JavierChento","article_published_time":"2017-12-03T03:00:58+00:00","og_image":[{"width":1200,"height":630,"url":"https:\/\/i0.wp.com\/vincentians.com\/fr\/wp-content\/uploads\/sites\/10\/2016\/07\/cartas-perboyre.jpg?fit=1200%2C630&ssl=1","type":"image\/jpeg"}],"author":"Francisco Javier Fern\u00e1ndez Chento","twitter_card":"summary_large_image","twitter_creator":"@https:\/\/twitter.com\/javierchento","twitter_site":"@WeVincentians","twitter_misc":{"\u00c9crit par":"Francisco Javier Fern\u00e1ndez Chento","Dur\u00e9e de lecture estim\u00e9e":"14 minutes"},"schema":{"@context":"https:\/\/schema.org","@graph":[{"@type":"WebPage","@id":"https:\/\/vincentians.com\/fr\/jean-gabriel-perboyre-lettre-074-jean-baptiste-torrette-c-m-macao\/","url":"https:\/\/vincentians.com\/fr\/jean-gabriel-perboyre-lettre-074-jean-baptiste-torrette-c-m-macao\/","name":"Jean-Gabriel Perboyre, Lettre 074. A Jean-Baptiste Torrette, C.M., \u00e0 Macao - Nous Sommes Vincentiens","isPartOf":{"@id":"http:\/\/vincentians.com\/fr\/#website"},"primaryImageOfPage":{"@id":"https:\/\/vincentians.com\/fr\/jean-gabriel-perboyre-lettre-074-jean-baptiste-torrette-c-m-macao\/#primaryimage"},"image":{"@id":"https:\/\/vincentians.com\/fr\/jean-gabriel-perboyre-lettre-074-jean-baptiste-torrette-c-m-macao\/#primaryimage"},"thumbnailUrl":"https:\/\/i0.wp.com\/vincentians.com\/fr\/wp-content\/uploads\/sites\/10\/2016\/07\/cartas-perboyre.jpg?fit=1200%2C630","datePublished":"2017-12-03T03:00:58+00:00","author":{"@id":"http:\/\/vincentians.com\/fr\/#\/schema\/person\/9623ef4d9aa3b2dfb8c061f1499288f2"},"breadcrumb":{"@id":"https:\/\/vincentians.com\/fr\/jean-gabriel-perboyre-lettre-074-jean-baptiste-torrette-c-m-macao\/#breadcrumb"},"inLanguage":"fr-FR","potentialAction":[{"@type":"ReadAction","target":["https:\/\/vincentians.com\/fr\/jean-gabriel-perboyre-lettre-074-jean-baptiste-torrette-c-m-macao\/"]}]},{"@type":"ImageObject","inLanguage":"fr-FR","@id":"https:\/\/vincentians.com\/fr\/jean-gabriel-perboyre-lettre-074-jean-baptiste-torrette-c-m-macao\/#primaryimage","url":"https:\/\/i0.wp.com\/vincentians.com\/fr\/wp-content\/uploads\/sites\/10\/2016\/07\/cartas-perboyre.jpg?fit=1200%2C630","contentUrl":"https:\/\/i0.wp.com\/vincentians.com\/fr\/wp-content\/uploads\/sites\/10\/2016\/07\/cartas-perboyre.jpg?fit=1200%2C630","width":1200,"height":630},{"@type":"BreadcrumbList","@id":"https:\/\/vincentians.com\/fr\/jean-gabriel-perboyre-lettre-074-jean-baptiste-torrette-c-m-macao\/#breadcrumb","itemListElement":[{"@type":"ListItem","position":1,"name":"Portada","item":"http:\/\/vincentians.com\/fr\/"},{"@type":"ListItem","position":2,"name":"Jean-Gabriel Perboyre, Lettre 074. A Jean-Baptiste Torrette, C.M., \u00e0 Macao"}]},{"@type":"WebSite","@id":"http:\/\/vincentians.com\/fr\/#website","url":"http:\/\/vincentians.com\/fr\/","name":"Nous Sommes Vincentiens","description":"Know more to serve more","potentialAction":[{"@type":"SearchAction","target":{"@type":"EntryPoint","urlTemplate":"http:\/\/vincentians.com\/fr\/?s={search_term_string}"},"query-input":{"@type":"PropertyValueSpecification","valueRequired":true,"valueName":"search_term_string"}}],"inLanguage":"fr-FR"},{"@type":"Person","@id":"http:\/\/vincentians.com\/fr\/#\/schema\/person\/9623ef4d9aa3b2dfb8c061f1499288f2","name":"Francisco Javier Fern\u00e1ndez Chento","image":{"@type":"ImageObject","inLanguage":"fr-FR","@id":"http:\/\/vincentians.com\/fr\/#\/schema\/person\/image\/","url":"https:\/\/secure.gravatar.com\/avatar\/497d5cde87b4c3d097d0315953521681ba2cd523ee66e5077c3711f7021e65de?s=96&d=mm&r=g","contentUrl":"https:\/\/secure.gravatar.com\/avatar\/497d5cde87b4c3d097d0315953521681ba2cd523ee66e5077c3711f7021e65de?s=96&d=mm&r=g","caption":"Francisco Javier Fern\u00e1ndez Chento"},"description":"Director General y cofundador de La Red de Formaci\u00f3n Vicenciana. Javier es laico vicenciano, afiliado a la Congregaci\u00f3n de la Misi\u00f3n y miembro del Equipo de Misiones Populares de la provincia can\u00f3nica de Zaragoza (Espa\u00f1a) de la Congregaci\u00f3n de la Misi\u00f3n. Graduado en la Universidad Oberta de Catalunya con cuatro grados (Asistente de direcci\u00f3n, Gesti\u00f3n Administrativa, Recursos Humanos y Contabilidad Avanzada). Bil\u00edng\u00fce Espa\u00f1ol\/Ingl\u00e9s. gestiona y mantiene varias p\u00e1ginas web cristianas y vicencianas, incluida including La Red de Formaci\u00f3n Vicenciana, de la que es cofundador. Actualmente es responsable del \u00e1rea de Espa\u00f1ol de .famvin, la Red de Noticias de la Familia Vicenciana. Tambi\u00e9n es m\u00fasico cat\u00f3lico y ha editado varios discos. Es Director General y cofundador de Trovador, una reconocida compa\u00f1\u00eda discogr\u00e1fica critiana de Espa\u00f1a. Trabaja en las Tecnolog\u00edas de la Informaci\u00f3n, ofreciendo servicios de alojamiento, dise\u00f1o y mantenimiento Web, as\u00ed como asesoramiento, formaci\u00f3n y soluciones inform\u00e1ticas, gesti\u00f3n documental y digitalizaci\u00f3n de textos, edici\u00f3n y maquetaci\u00f3n de libros, revistas, flyers, etc.","sameAs":["http:\/\/chento.org","https:\/\/www.facebook.com\/JavierChento","https:\/\/x.com\/https:\/\/twitter.com\/javierchento"],"url":"http:\/\/vincentians.com\/fr\/author\/chento\/"}]}},"jetpack_publicize_connections":[],"jetpack_featured_media_url":"https:\/\/i0.wp.com\/vincentians.com\/fr\/wp-content\/uploads\/sites\/10\/2016\/07\/cartas-perboyre.jpg?fit=1200%2C630","jetpack_sharing_enabled":true,"jetpack_shortlink":"https:\/\/wp.me\/p7ETMP-NBI","jetpack-related-posts":[{"id":104263,"url":"http:\/\/vincentians.com\/fr\/jean-gabriel-perboyre-lettre-001-a-son-pere\/","url_meta":{"origin":190694,"position":0},"title":"Jean-Gabriel Perboyre, Lettre 001. A son P\u00e8re","author":"Francisco Javier Fern\u00e1ndez Chento","date":"07\/07\/2016","format":false,"excerpt":"Montauban, 9 mai 1817. Mon cher p\u00e8re, Il y a d\u00e9j\u00e0 longtemps que je n\u2019ai pas re\u00e7u de vos nouvelles, il me tarde de savoir si vous jouissez tous d\u2019une bonne sant\u00e9. Je voulais vous \u00e9crire, mais comme je n\u2019ai jamais fait de lettres, ni m\u00eame lu, je n\u2019osais pas\u2026","rel":"","context":"Dans &quot;\u00c9crits de Jean-Gabriel Perboyre&quot;","block_context":{"text":"\u00c9crits de Jean-Gabriel Perboyre","link":"http:\/\/vincentians.com\/fr\/category\/ecrits-de-jean-gabriel-perboyre\/"},"img":{"alt_text":"","src":"https:\/\/i0.wp.com\/vincentians.com\/fr\/wp-content\/uploads\/sites\/10\/2016\/07\/cartas-perboyre.jpg?fit=1200%2C630&resize=350%2C200","width":350,"height":200,"srcset":"https:\/\/i0.wp.com\/vincentians.com\/fr\/wp-content\/uploads\/sites\/10\/2016\/07\/cartas-perboyre.jpg?fit=1200%2C630&resize=350%2C200 1x, https:\/\/i0.wp.com\/vincentians.com\/fr\/wp-content\/uploads\/sites\/10\/2016\/07\/cartas-perboyre.jpg?fit=1200%2C630&resize=525%2C300 1.5x, https:\/\/i0.wp.com\/vincentians.com\/fr\/wp-content\/uploads\/sites\/10\/2016\/07\/cartas-perboyre.jpg?fit=1200%2C630&resize=700%2C400 2x, https:\/\/i0.wp.com\/vincentians.com\/fr\/wp-content\/uploads\/sites\/10\/2016\/07\/cartas-perboyre.jpg?fit=1200%2C630&resize=1050%2C600 3x"},"classes":[]},{"id":104416,"url":"http:\/\/vincentians.com\/fr\/jean-gabriel-perboyre-lettre-007-a-son-pere\/","url_meta":{"origin":190694,"position":1},"title":"Jean-Gabriel Perboyre, Lettre 007. A son P\u00e8re","author":"Francisco Javier Fern\u00e1ndez Chento","date":"21\/08\/2016","format":false,"excerpt":"Saint-Flour, le 14 juillet 1827. Mon tr\u00e8s cher p\u00e8re, Votre lettre m\u2019a procur\u00e9 le plus grand plaisir\u00a0; il y a longtemps que je d\u00e9sirais recevoir de vos nouvelles. Je vais profiter de la m\u00eame occasion pour vous donner des miennes. Pendant toute cette ann\u00e9e je me suis tr\u00e8s bien port\u00e9.\u2026","rel":"","context":"Dans &quot;\u00c9crits de Jean-Gabriel Perboyre&quot;","block_context":{"text":"\u00c9crits de Jean-Gabriel Perboyre","link":"http:\/\/vincentians.com\/fr\/category\/ecrits-de-jean-gabriel-perboyre\/"},"img":{"alt_text":"","src":"https:\/\/i0.wp.com\/vincentians.com\/fr\/wp-content\/uploads\/sites\/10\/2016\/07\/cartas-perboyre.jpg?fit=1200%2C630&resize=350%2C200","width":350,"height":200,"srcset":"https:\/\/i0.wp.com\/vincentians.com\/fr\/wp-content\/uploads\/sites\/10\/2016\/07\/cartas-perboyre.jpg?fit=1200%2C630&resize=350%2C200 1x, https:\/\/i0.wp.com\/vincentians.com\/fr\/wp-content\/uploads\/sites\/10\/2016\/07\/cartas-perboyre.jpg?fit=1200%2C630&resize=525%2C300 1.5x, https:\/\/i0.wp.com\/vincentians.com\/fr\/wp-content\/uploads\/sites\/10\/2016\/07\/cartas-perboyre.jpg?fit=1200%2C630&resize=700%2C400 2x, https:\/\/i0.wp.com\/vincentians.com\/fr\/wp-content\/uploads\/sites\/10\/2016\/07\/cartas-perboyre.jpg?fit=1200%2C630&resize=1050%2C600 3x"},"classes":[]},{"id":190676,"url":"http:\/\/vincentians.com\/fr\/jean-gabriel-perboyre-lettre-075-jean-baptiste-torrette-c-m-macao\/","url_meta":{"origin":190694,"position":2},"title":"Jean-Gabriel Perboyre, Lettre 075. A Jean-Baptiste Torrette, C.M., \u00e0 Macao","author":"Francisco Javier Fern\u00e1ndez Chento","date":"10\/12\/2017","format":false,"excerpt":"Kiang-Si, 3 avril 1836. Monsieur et tr\u00e8s cher confr\u00e8re, La gr\u00e2ce de N. S. soit toujours avec nous. Encore un petit signe de vie avant de parvenir au Houp\u00e9. Ce n\u2019est que le 15 mars que nous sommes partis du Fokien. Les sept ou huit premiers jours nous n\u2019avons fait\u2026","rel":"","context":"Dans &quot;\u00c9crits de Jean-Gabriel Perboyre&quot;","block_context":{"text":"\u00c9crits de Jean-Gabriel Perboyre","link":"http:\/\/vincentians.com\/fr\/category\/ecrits-de-jean-gabriel-perboyre\/"},"img":{"alt_text":"","src":"https:\/\/i0.wp.com\/vincentians.com\/fr\/wp-content\/uploads\/sites\/10\/2016\/07\/cartas-perboyre.jpg?fit=1200%2C630&resize=350%2C200","width":350,"height":200,"srcset":"https:\/\/i0.wp.com\/vincentians.com\/fr\/wp-content\/uploads\/sites\/10\/2016\/07\/cartas-perboyre.jpg?fit=1200%2C630&resize=350%2C200 1x, https:\/\/i0.wp.com\/vincentians.com\/fr\/wp-content\/uploads\/sites\/10\/2016\/07\/cartas-perboyre.jpg?fit=1200%2C630&resize=525%2C300 1.5x, https:\/\/i0.wp.com\/vincentians.com\/fr\/wp-content\/uploads\/sites\/10\/2016\/07\/cartas-perboyre.jpg?fit=1200%2C630&resize=700%2C400 2x, https:\/\/i0.wp.com\/vincentians.com\/fr\/wp-content\/uploads\/sites\/10\/2016\/07\/cartas-perboyre.jpg?fit=1200%2C630&resize=1050%2C600 3x"},"classes":[]},{"id":105351,"url":"http:\/\/vincentians.com\/fr\/jean-gabriel-perboyre-lettre-042-a-son-pere\/","url_meta":{"origin":190694,"position":3},"title":"Jean-Gabriel Perboyre, Lettre 042. A son P\u00e8re","author":"Francisco Javier Fern\u00e1ndez Chento","date":"23\/04\/2017","format":false,"excerpt":"Mon tr\u00e8s cher p\u00e8re, Mon cousin Cadet, vient de m\u2019\u00e9crire de Cahors, m\u2019a appris que vous vous portiez tous assez bien \u00e0 la maison. J\u2019en remercie le Seigneur et je le prie de vouloir bien vous conserver votre sant\u00e9 et vos forces. Je le supplie surtout, au commencement de cette\u2026","rel":"","context":"Dans &quot;\u00c9crits de Jean-Gabriel Perboyre&quot;","block_context":{"text":"\u00c9crits de Jean-Gabriel Perboyre","link":"http:\/\/vincentians.com\/fr\/category\/ecrits-de-jean-gabriel-perboyre\/"},"img":{"alt_text":"","src":"https:\/\/i0.wp.com\/vincentians.com\/fr\/wp-content\/uploads\/sites\/10\/2016\/07\/cartas-perboyre.jpg?fit=1200%2C630&resize=350%2C200","width":350,"height":200,"srcset":"https:\/\/i0.wp.com\/vincentians.com\/fr\/wp-content\/uploads\/sites\/10\/2016\/07\/cartas-perboyre.jpg?fit=1200%2C630&resize=350%2C200 1x, https:\/\/i0.wp.com\/vincentians.com\/fr\/wp-content\/uploads\/sites\/10\/2016\/07\/cartas-perboyre.jpg?fit=1200%2C630&resize=525%2C300 1.5x, https:\/\/i0.wp.com\/vincentians.com\/fr\/wp-content\/uploads\/sites\/10\/2016\/07\/cartas-perboyre.jpg?fit=1200%2C630&resize=700%2C400 2x, https:\/\/i0.wp.com\/vincentians.com\/fr\/wp-content\/uploads\/sites\/10\/2016\/07\/cartas-perboyre.jpg?fit=1200%2C630&resize=1050%2C600 3x"},"classes":[]},{"id":104471,"url":"http:\/\/vincentians.com\/fr\/jean-gabriel-perboyre-lettre-032-a-son-pere\/","url_meta":{"origin":190694,"position":4},"title":"Jean-Gabriel Perboyre, Lettre 032. A son P\u00e8re","author":"Francisco Javier Fern\u00e1ndez Chento","date":"12\/02\/2017","format":false,"excerpt":"Mon tr\u00e8s cher P\u00e8re, Par la lettre que j\u2019\u00e9crivis \u00e0 ma s\u0153ur aussit\u00f4t apr\u00e8s mon arriv\u00e9e \u00e0 Paris, vous avez vu que j\u2019avais chang\u00e9 de domicile. Je n\u2019eus pas le temps de vous \u00e9crire avant mon d\u00e9part de Saint-Flour. Mon nouvel emploi est plus favorable que l\u2019ancien \u00e0 ma sant\u00e9\u2026","rel":"","context":"Dans &quot;\u00c9crits de Jean-Gabriel Perboyre&quot;","block_context":{"text":"\u00c9crits de Jean-Gabriel Perboyre","link":"http:\/\/vincentians.com\/fr\/category\/ecrits-de-jean-gabriel-perboyre\/"},"img":{"alt_text":"","src":"https:\/\/i0.wp.com\/vincentians.com\/fr\/wp-content\/uploads\/sites\/10\/2016\/07\/cartas-perboyre.jpg?fit=1200%2C630&resize=350%2C200","width":350,"height":200,"srcset":"https:\/\/i0.wp.com\/vincentians.com\/fr\/wp-content\/uploads\/sites\/10\/2016\/07\/cartas-perboyre.jpg?fit=1200%2C630&resize=350%2C200 1x, https:\/\/i0.wp.com\/vincentians.com\/fr\/wp-content\/uploads\/sites\/10\/2016\/07\/cartas-perboyre.jpg?fit=1200%2C630&resize=525%2C300 1.5x, https:\/\/i0.wp.com\/vincentians.com\/fr\/wp-content\/uploads\/sites\/10\/2016\/07\/cartas-perboyre.jpg?fit=1200%2C630&resize=700%2C400 2x, https:\/\/i0.wp.com\/vincentians.com\/fr\/wp-content\/uploads\/sites\/10\/2016\/07\/cartas-perboyre.jpg?fit=1200%2C630&resize=1050%2C600 3x"},"classes":[]},{"id":104468,"url":"http:\/\/vincentians.com\/fr\/jean-gabriel-perboyre-lettre-029-a-son-pere-et-a-sa-mere\/","url_meta":{"origin":190694,"position":5},"title":"Jean-Gabriel Perboyre, Lettre 029. A son P\u00e8re et \u00e0 sa M\u00e8re","author":"Francisco Javier Fern\u00e1ndez Chento","date":"22\/01\/2017","format":false,"excerpt":"Saint-Flour, 15 f\u00e9vrier 1832 Mon cher P\u00e8re et ma ch\u00e8re M\u00e8re, M\u00ealons nos pleurs, unissons nos pri\u00e8res\u00a0: notre cher Louis n\u2019est plus\u00a0! Quelle douloureuse nouvelle pour vous, pour moi, pour toute la famille\u00a0! Lorsque l\u2019ann\u00e9e derni\u00e8re, il quitta la France, nos \u00e2mes se trouv\u00e8rent accabl\u00e9es par le poids du sacrifice\u2026","rel":"","context":"Dans &quot;\u00c9crits de Jean-Gabriel Perboyre&quot;","block_context":{"text":"\u00c9crits de Jean-Gabriel Perboyre","link":"http:\/\/vincentians.com\/fr\/category\/ecrits-de-jean-gabriel-perboyre\/"},"img":{"alt_text":"","src":"https:\/\/i0.wp.com\/vincentians.com\/fr\/wp-content\/uploads\/sites\/10\/2016\/07\/cartas-perboyre.jpg?fit=1200%2C630&resize=350%2C200","width":350,"height":200,"srcset":"https:\/\/i0.wp.com\/vincentians.com\/fr\/wp-content\/uploads\/sites\/10\/2016\/07\/cartas-perboyre.jpg?fit=1200%2C630&resize=350%2C200 1x, https:\/\/i0.wp.com\/vincentians.com\/fr\/wp-content\/uploads\/sites\/10\/2016\/07\/cartas-perboyre.jpg?fit=1200%2C630&resize=525%2C300 1.5x, https:\/\/i0.wp.com\/vincentians.com\/fr\/wp-content\/uploads\/sites\/10\/2016\/07\/cartas-perboyre.jpg?fit=1200%2C630&resize=700%2C400 2x, https:\/\/i0.wp.com\/vincentians.com\/fr\/wp-content\/uploads\/sites\/10\/2016\/07\/cartas-perboyre.jpg?fit=1200%2C630&resize=1050%2C600 3x"},"classes":[]}],"_links":{"self":[{"href":"http:\/\/vincentians.com\/fr\/wp-json\/wp\/v2\/posts\/190694","targetHints":{"allow":["GET"]}}],"collection":[{"href":"http:\/\/vincentians.com\/fr\/wp-json\/wp\/v2\/posts"}],"about":[{"href":"http:\/\/vincentians.com\/fr\/wp-json\/wp\/v2\/types\/post"}],"author":[{"embeddable":true,"href":"http:\/\/vincentians.com\/fr\/wp-json\/wp\/v2\/users\/4"}],"replies":[{"embeddable":true,"href":"http:\/\/vincentians.com\/fr\/wp-json\/wp\/v2\/comments?post=190694"}],"version-history":[{"count":0,"href":"http:\/\/vincentians.com\/fr\/wp-json\/wp\/v2\/posts\/190694\/revisions"}],"wp:featuredmedia":[{"embeddable":true,"href":"http:\/\/vincentians.com\/fr\/wp-json\/wp\/v2\/media\/189778"}],"wp:attachment":[{"href":"http:\/\/vincentians.com\/fr\/wp-json\/wp\/v2\/media?parent=190694"}],"wp:term":[{"taxonomy":"category","embeddable":true,"href":"http:\/\/vincentians.com\/fr\/wp-json\/wp\/v2\/categories?post=190694"},{"taxonomy":"post_tag","embeddable":true,"href":"http:\/\/vincentians.com\/fr\/wp-json\/wp\/v2\/tags?post=190694"}],"curies":[{"name":"wp","href":"https:\/\/api.w.org\/{rel}","templated":true}]}}