{"id":190672,"date":"2017-12-24T04:00:58","date_gmt":"2017-12-24T03:00:58","guid":{"rendered":"http:\/\/vincentians.com\/fr\/?p=190672"},"modified":"2016-08-12T08:19:02","modified_gmt":"2016-08-12T06:19:02","slug":"jean-gabriel-perboyre-lettre-077-m-candeze-vicaire-general-saint-flour","status":"publish","type":"post","link":"http:\/\/vincentians.com\/fr\/jean-gabriel-perboyre-lettre-077-m-candeze-vicaire-general-saint-flour\/","title":{"rendered":"Jean-Gabriel Perboyre, Lettre 077. A M. Cand\u00e8ze, Vicaire g\u00e9n\u00e9ral de Saint-Flour"},"content":{"rendered":"<p>Ho-nan, 16 ao\u00fbt 1836<\/p>\n<p>Monsieur,<\/p>\n<p>Au commencement du si\u00e8cle dernier, nous avions en Chine six ou sept de nos confr\u00e8res, parmi lesquels M.\u00a0Appiani<span id='easy-footnote-1-190672' class='easy-footnote-margin-adjust'><\/span><span class='easy-footnote'><a href='http:\/\/vincentians.com\/fr\/jean-gabriel-perboyre-lettre-077-m-candeze-vicaire-general-saint-flour\/#easy-footnote-bottom-1-190672' title='Appiani (Louis-Antoine), C.M., pr\u00eatre, n\u00e9 \u00e0 Dogliani, dioc\u00e8se de Saluce, le 22 mars 1663, re\u00e7u au s\u00e9minaire \u00e0 G\u00eanes le 20 mai 1687, y a fait les v\u0153ux le 28 mai 1689, arriv\u00e9 \u00e0 Canton le 14 octobre 1699, d\u00e9c\u00e9d\u00e9 \u00e0 Macao le 29 ao\u00fbt 1732. (Coste, &lt;em&gt;op. cit.&lt;\/em&gt; p. 22. &lt;em&gt;M\u00e9moires&lt;\/em&gt;, 1).'><sup>1<\/sup><\/a><\/span><a href=\"#_ftn2\" name=\"_ftnref2\"><\/a>, secr\u00e9taire de Mgr le cardinal de Tournon<span id='easy-footnote-2-190672' class='easy-footnote-margin-adjust'><\/span><span class='easy-footnote'><a href='http:\/\/vincentians.com\/fr\/jean-gabriel-perboyre-lettre-077-m-candeze-vicaire-general-saint-flour\/#easy-footnote-bottom-2-190672' title='Charles-Antoine Maillard Cardinal de Tournon, n\u00e9 \u00e0 Turin le 31 d\u00e9cembre 1668, sacr\u00e9 \u00e0 Rome, archev\u00eaque d\u2019Antioche (de Pisidie), le 27 d\u00e9cembre 1701. L\u00e9gat en Chine, des documents lui donnent le titre de patriarche d\u2019Antioche, cr\u00e9\u00e9 cardinal le 7 ao\u00fbt 1707, re\u00e7ut la barette le 17 janvier 1710. D\u00e9c\u00e9d\u00e9 \u00e0 Macao le 8 juin 1710. (A. Battandier, &lt;em&gt;Annuaire Pontifical catholique&lt;\/em&gt;, 1916, p.\u00a0358. &lt;em&gt;M\u00e9moires&lt;\/em&gt;, 1).'><sup>2<\/sup><\/a><\/span><a href=\"#_ftn3\" name=\"_ftnref3\"><\/a>, et M.\u00a0Mullener<span id='easy-footnote-3-190672' class='easy-footnote-margin-adjust'><\/span><span class='easy-footnote'><a href='http:\/\/vincentians.com\/fr\/jean-gabriel-perboyre-lettre-077-m-candeze-vicaire-general-saint-flour\/#easy-footnote-bottom-3-190672' title='M\u00fcllener (Jean), C.M., \u00e9v\u00eaque, n\u00e9 \u00e0 Br\u00e8me, dioc\u00e8se d\u2019Osnabr\u00fcck, le 4 octobre 1673, re\u00e7u au s\u00e9minaire \u00e0 Madras (Indes) le 25 janvier 1699, arriv\u00e9 \u00e0 Canton le 14 octobre suivant, fit les v\u0153ux \u00e0 Tchong-k\u2019ing-fou le 6 f\u00e9vrier 1704, sacr\u00e9 \u00e9v\u00eaque de Myriophite et vic. ap. du Seu-tchoan en d\u00e9cembre 1716. D\u00e9c\u00e9d\u00e9 \u00e0 Sin-tou-hsien le 17 d\u00e9cembre 1742. (Coste, &lt;em&gt;op. cit&lt;\/em&gt;. p. 447. &lt;em&gt;M\u00e9moires&lt;\/em&gt;, 1).'><sup>3<\/sup><\/a><\/span><a href=\"#_ftn4\" name=\"_ftnref4\"><\/a>, qui fut vicaire apostolique du <em>Se-tchuen<\/em>. Ils y \u00e9taient venus comme simples missionnaire de la Propagande. Notre Congr\u00e9gation n\u2019y a \u00e9t\u00e9 proprement fix\u00e9e que lorsqu\u2019elle a \u00e9t\u00e9 charg\u00e9e des missions des J\u00e9suites, \u00e0 la veille de la R\u00e9volution fran\u00e7aise. Les sujets qu\u2019elle y envoya alors furent partag\u00e9s entre <em>P\u00e9kin<\/em> et les provinces\u00a0; le <em>Hou-p\u00e9<\/em> en a eu quatre\u00a0: le premier fut M.\u00a0Aubin<span id='easy-footnote-4-190672' class='easy-footnote-margin-adjust'><\/span><span class='easy-footnote'><a href='http:\/\/vincentians.com\/fr\/jean-gabriel-perboyre-lettre-077-m-candeze-vicaire-general-saint-flour\/#easy-footnote-bottom-4-190672' title='Aubin (Raymond), C.M., pr\u00eatre, n\u00e9 \u00e0 Saint-Pardoux, dioc\u00e8se de P\u00e9rigueux, le 6 juin 1759, re\u00e7u au s\u00e9minaire \u00e0 Paris le 24 ao\u00fbt 1781, y fit les v\u0153ux le 18 d\u00e9cembre 1783, arriv\u00e9 \u00e0 Macao le 21 septembre 1788, d\u00e9c\u00e9d\u00e9 \u00e0 Si-ngan-fou le 1er ao\u00fbt 1795. (Coste, &lt;em&gt;op.\u00a0cit&lt;\/em&gt;. p. 26. &lt;em&gt;M\u00e9moires&lt;\/em&gt;, 1).'><sup>4<\/sup><\/a><\/span><a href=\"#_ftn5\" name=\"_ftnref5\"><\/a>, que les vicaires apostoliques du <em>Chen-si<\/em> et du <em>Se-tchuen<\/em> travaillaient \u00e0 faire nommer vicaire apostolique du <em>Hou-kouang<\/em>\u00a0; mais comme il se rendait au <em>Chen-si<\/em>, il fut arr\u00eat\u00e9 et interrog\u00e9. Doublement content d\u2019avoir trouv\u00e9 l\u2019occasion et de d\u00e9cliner la charge qu\u2019on lui pr\u00e9parait, et d\u2019obtenir la couronne du martyre, il avoua et d\u00e9clara, en toute simplicit\u00e9, ce qu\u2019il \u00e9tait. Il fut conduit dans les prisons de la capitale de cette province, o\u00f9 il passa environ un an. L\u2019empereur <em>Kien-long<\/em>, qui aimait assez les Europ\u00e9ens, et qui lui aurait probablement fait gr\u00e2ce, manda qu\u2019on le lui envoy\u00e2t\u00a0; mais les mandarins aim\u00e8rent mieux se d\u00e9faire autrement de lui, et ils le firent empoisonner. M.\u00a0Clet, apr\u00e8s une longue carri\u00e8re apostolique, fut martyris\u00e9 en 1820. Les chr\u00e9tiens et les pr\u00eatres chinois qui ont travaill\u00e9 sous lui en parlent encore avec une grande v\u00e9n\u00e9ration\u00a0; ce que j\u2019ai vu de sa correspondance montre qu\u2019il \u00e9tait l\u2019oracle de ses confr\u00e8res. La r\u00e9volution, qui avait fait dispara\u00eetre notre Congr\u00e9gation, avec tant d\u2019autres institutions, occasionna malheureusement, dans l\u2019envoi des missionnaires, une lacune tr\u00e8s funeste, mais qui l\u2019aurait \u00e9t\u00e9 bien davantage, si elle n\u2019avait \u00e9t\u00e9 combl\u00e9e en partie par un certain nombre de bons pr\u00eatres indig\u00e8nes qui avaient \u00e9t\u00e9 form\u00e9s \u00e0 <em>P\u00e9kin<\/em>. Deux de ces pr\u00eatres ont \u00e9t\u00e9 envoy\u00e9s en exil\u00a0; l\u2019un d\u2019eux y est encore. M.\u00a0Lamiot, lors de la mort de M.\u00a0Clet, convaincu d\u2019avoir eu des relations avec lui, fut banni de la cour et de l\u2019empire. Il transporta son s\u00e9minaire de Chinois \u00e0 Macao, o\u00f9 il put former de nouveaux missionnaires tout en dirigeant ceux de l\u2019int\u00e9rieur\u00a0; enfin, le Seigneur ayant r\u00e9tabli en France la famille de saint Vincent, et l\u2019ayant mise en \u00e9tat de remplir tous ses engagements, elle est accourue de nouveau au secours des Chinois. M.\u00a0Torrette est arriv\u00e9 deux ans avant la mort de M.\u00a0Lamiot, pour recevoir sa succession et recueillir ses traditions. Mon fr\u00e8re le suivait de pr\u00e8s, mais il n\u2019y put l\u2019atteindre. Ensuite sont venus MM.\u00a0Laribe et Rameaux, MM.\u00a0Mouly et Danicourt, M.\u00a0Baldus, puis votre serviteur avec deux autres missionnaires. Au moment o\u00f9 j\u2019ai l\u2019honneur de vous \u00e9crire, quelques autres doivent s\u2019\u00eatre bien approch\u00e9s de nous. Deux de nos confr\u00e8res portugais sont dans le <em>Kiang-nan<\/em>, \u00e0 la t\u00eate d\u2019un nombreux clerg\u00e9 indig\u00e8ne. Il y a cinq \u00e0 six ans, nous perd\u00eemes dans cette province M.\u00a0Miranda<span id='easy-footnote-5-190672' class='easy-footnote-margin-adjust'><\/span><span class='easy-footnote'><a href='http:\/\/vincentians.com\/fr\/jean-gabriel-perboyre-lettre-077-m-candeze-vicaire-general-saint-flour\/#easy-footnote-bottom-5-190672' title='Miranda (Jos\u00e9-Joaquin Pereira de) junior, C.M., pr\u00eatre, n\u00e9 en Portugal en 1797, re\u00e7u au s\u00e9minaire \u00e0 Lisbonne en 1815, arriv\u00e9 \u00e0 Macao le 24 octobre 1825, nomm\u00e9 vicaire g\u00e9n\u00e9ral de Nankin, d\u00e9c\u00e9d\u00e9 le 1er novembre 1828.'><sup>5<\/sup><\/a><\/span><a href=\"#_ftn6\" name=\"_ftnref6\"><\/a>, qui mourut victime de l\u2019insalubrit\u00e9 de l\u2019air. M.\u00a0Castro, qui peu apr\u00e8s faillit y \u00e9prouver le m\u00eame sort, est maintenant dans celle de <em>Chan-tong<\/em>. Les chr\u00e9tient\u00e9s du <em>Kiang-si<\/em>, confi\u00e9es jadis aux soins de missionnaires de divers ordres, et qui, \u00e0 cause du malheur des temps, s\u2019\u00e9taient trouv\u00e9es en partie abandonn\u00e9es, ont repris une nouvelle vie, r\u00e9unies sous la houlette de M.\u00a0Laribe\u00a0; celle du <em>Hou-p\u00e9<\/em> avait \u00e9t\u00e9 d\u00e9sol\u00e9e par la pers\u00e9cution et \u00e9prouv\u00e9e par des calamit\u00e9s de tout genre. M.\u00a0Rameaux apparut au milieu d\u2019elle comme un ange consolateur\u00a0; par son z\u00e8le extraordinaire, il est parvenu \u00e0 r\u00e9parer les anciennes br\u00e8ches, et \u00e0 cicatriser les plaies qui saignaient encore. M.\u00a0Baldus, votre compatriote, qui lui a \u00e9t\u00e9 associ\u00e9, s\u2019est montr\u00e9 aussi un vaillant athl\u00e8te d\u00e8s son entr\u00e9e dans la carri\u00e8re. Dix mois ne s\u2019\u00e9taient pas \u00e9coul\u00e9s depuis son arriv\u00e9e, qu\u2019il avait parcouru au moins trois cents lieues tout en faisant mission, entendu dix mille confessions et baptis\u00e9 trente et un adultes.<\/p>\n<p>Vous savez, Monsieur, que les Missionnaires ont maintenant dans la mission de <em>P\u00e9kin<\/em> une position bien diff\u00e9rente de celle qu\u2019ils y ont occup\u00e9e pr\u00e9c\u00e9demment. Alors, quoiqu\u2019ils n\u2019eussent \u00e9t\u00e9 admis \u00e0 P\u00e9kin que comme des savants europ\u00e9ens, appel\u00e9s \u00e0 lui former une acad\u00e9mie des sciences et des arts, ils pouvaient, \u00e0 la faveur de ce titre, exercer au sein de la capitale toutes les fonctions du Missionnaire\u00a0: diriger un s\u00e9minaire, pr\u00eacher continuellement la religion dans leur \u00e9glise, recevoir dans leur maison plus de deux cents retraitants par an, former des cat\u00e9chistes, expliquer tous les jours les cas de conscience aux pr\u00eatres chinois, pendant deux mois de vacances qu\u2019ils prenaient aupr\u00e8s d\u2019eux, en revenant de mission, soigner les chr\u00e9tiens dans les divers quartiers de la ville, d\u2019o\u00f9 ils savaient encore s\u2019\u00e9chapper secr\u00e8tement, malgr\u00e9 les d\u00e9fenses de l\u2019empereur, pour aller missionner \u00e0 la campagne, etc. <em>Dominus dedit, Dominus abstulit<\/em>. La maison d\u2019o\u00f9 sortaient ces bonnes \u0153uvres est maintenant habit\u00e9e par un mandarin, qui a fait \u00e9lever sur l\u2019emplacement de l\u2019\u00e9glise une salle de com\u00e9die. L\u2019\u00e9v\u00eaque de <em>Nankin<\/em>, autoris\u00e9 \u00e0 passer \u00e0 <em>P\u00e9kin<\/em> le reste de ses jours, n\u2019a cess\u00e9 d\u2019\u00eatre l\u2019\u00e2me des pr\u00eatres chinois des environs, et d\u2019entretenir secr\u00e8tement une correspondance avec les Missionnaires des quatre provinces qu\u2019il administre\u00a0; il conserve encore l\u2019\u00e9glise portugaise o\u00f9, malgr\u00e9 ses infirmit\u00e9s et son grand \u00e2ge, il confesse r\u00e9guli\u00e8rement les veilles des f\u00eates et des dimanches. Quand \u00e0 M.\u00a0Mouly, sup\u00e9rieur de la Mission fran\u00e7aise, il demeure en Chine \u00e0 la m\u00eame condition que ses confr\u00e8res, c\u2019est-\u00e0-dire, en ne menant la vie publique qu\u2019au moyen de la vie cach\u00e9e. Notre Congr\u00e9gation est charg\u00e9e de servir les missions de sept provinces qui comprennent la partie orientale de la Chine\u00a0; elle a dans toutes des missionnaires europ\u00e9ens, fran\u00e7ais ou portugais. Puisque la Providence lui m\u00e9nage maintenant des ressources qu\u2019elle n\u2019avait jamais eues, elle remplira peu \u00e0 peu les divers besoins de ses missions, et s\u2019efforcera de procurer de plus en plus leur bien et leur prosp\u00e9rit\u00e9.<\/p>\n<p>Les dix autres provinces sont desservies\u00a0: une par les Dominicains espagnols\u00a0; quatre par les missionnaires de la Propagande, ordinairement franciscains italiens\u00a0: trois par les Messieurs du s\u00e9minaire des Missions \u00c9trang\u00e8res\u00a0: deux, <em>Kouang-tong<\/em> et <em>Kouang-si<\/em>, o\u00f9 les Europ\u00e9ens ne pourraient se cacher, par des pr\u00eatres chinois, sous la d\u00e9pendance de l\u2019\u00e9v\u00eaque de Macao. C\u2019est dans cette derni\u00e8re ville que r\u00e9sident les procureurs de ces diverses missions\u00a0; chacune d\u2019elles a un s\u00e9minaire de Chinois\u00a0: celle de la Propagande \u00e0 Naples\u00a0; celle de Messieurs des Missions \u00e0 <em>Pi-nang<\/em>\u00a0; celle des Dominicains \u00e0 Manille\u00a0; notre Mission fran\u00e7aise et celle des Portugais \u00e0 Macao. Pour le moment, les seules provinces de <em>Nankin<\/em>, du <em>Se-tchuen<\/em>, du <em>Fo-kien<\/em> et du <em>Chen-si<\/em>, lesquelles renferment le plus de chr\u00e9tiens, ont des \u00e9v\u00eaques ou vicaires apostoliques qui sont en m\u00eame temps administrateurs des autres provinces, \u00e0 part les deux qui sont sous la juridiction du vicaire capitulaire de Macao, o\u00f9 le si\u00e8ge est vacant depuis plusieurs ann\u00e9es. Dans toute la Chine, il y a \u00e0 peu pr\u00e8s quatre-vingts pr\u00eatres indig\u00e8nes, et environ quarante pr\u00eatres europ\u00e9ens, dont les trois quarts sont entr\u00e9s depuis dix ans\u00a0; depuis cette \u00e9poque il n\u2019en est mort que deux ou trois.<\/p>\n<p>Vous voyez, Monsieur, que dans un assez court intervalle le P\u00e8re de famille a envoy\u00e9 \u00e0 sa vigne un assez bon nombre d\u2019ouvriers\u00a0; quant \u00e0 celui des chr\u00e9tiens de la Chine, il ne para\u00eet pas qu\u2019il s\u2019\u00e9l\u00e8ve au-dessus de deux cent vingt mille, si m\u00eame il atteint ce chiffre. Dispers\u00e9s sur toute la surface de l\u2019empire, ils sont dans la foule des pa\u00efens comme quelques petits poissons dans la mer\u00a0; en \u00e9valuant \u00e0 trois cent millions le nombre total des Chinois\u00a0: sur treize ou quatorze cents \u00e0 peine trouve-t-on un seul chr\u00e9tien. Quand ce petit levain aura-t-il p\u00e9n\u00e9tr\u00e9 cette \u00e9norme masse\u00a0? C\u2019est le secret de Celui qui a les temps en sa puissance\u00a0; \u00e0 nous il a \u00e9t\u00e9 donn\u00e9 seulement de coop\u00e9rer, de nos ch\u00e9tifs efforts, \u00e0 cette grande \u0153uvre\u00a0: <em>Non est vestr\u00fbm nasse tempora vel momenta, quae Pater posuit in sua potestate\u00a0; sed eritis mihi testes usque ad ultimum terrae<\/em><span id='easy-footnote-6-190672' class='easy-footnote-margin-adjust'><\/span><span class='easy-footnote'><a href='http:\/\/vincentians.com\/fr\/jean-gabriel-perboyre-lettre-077-m-candeze-vicaire-general-saint-flour\/#easy-footnote-bottom-6-190672' title='\u00ab\u00a0Ce n\u2019est point \u00e0 vous de conna\u00eetre les temps ou les moments que le P\u00e8re a dispos\u00e9s dans sa puissance, mais vous me rendrez t\u00e9moignage jusqu\u2019aux extr\u00e9mit\u00e9s de la terre\u00a0\u00bb (Act. 1, 78).'><sup>6<\/sup><\/a><\/span>. Toutefois il fait d\u00e9pendre en partie l\u2019accomplissement de cette \u0153uvre du nombre, de la saintet\u00e9 et du z\u00e8le des missionnaires. Puisse-t-il donc nous multiplier, nous sanctifier et nous remplir de son esprit\u00a0!<\/p>\n<p>La conversion de la Chine d\u00e9pend aussi des pri\u00e8res que les chr\u00e9tiens d\u2019Europe peuvent faire pour elle\u00a0: <em>Orate pro invicem ut salvemini, multum enim valet deprecatio justi assidua<\/em><span id='easy-footnote-7-190672' class='easy-footnote-margin-adjust'><\/span><span class='easy-footnote'><a href='http:\/\/vincentians.com\/fr\/jean-gabriel-perboyre-lettre-077-m-candeze-vicaire-general-saint-flour\/#easy-footnote-bottom-7-190672' title='\u00ab\u00a0Priez les uns pour les autres, afin que vous soyez sauv\u00e9s, car la pri\u00e8re pers\u00e9v\u00e9rante du juste peut beaucoup\u00a0\u00bb. ( Jac. V 16).'><sup>7<\/sup><\/a><\/span>. Si donc vous voyez de toutes parts des pri\u00e8res s\u2019\u00e9lever vers le Ciel, de plus en plus multipli\u00e9es, de plus en plus ferventes, vous pouvez mieux juger de loin que nous de pr\u00e8s si le royaume de Dieu est proche pour cette grande nation. Quelle consolation pour l\u2019Eglise si elle voyait entrer dans son sein tout un peuple aussi consid\u00e9rable, aussi int\u00e9ressant que le peuple chinois\u00a0! Or, si tous ses enfants se r\u00e9unissent et font violence au P\u00e8re de mis\u00e9ricorde, ils en obtiendront t\u00f4t ou tard ce grand prodige, malgr\u00e9 les obstacles qui semblait le rendre impossible. Les membres de l\u2019Association pour la Propagation de la Foi ont tr\u00e8s heureusement entrepris cette noble mission\u00a0; puissent tous leurs fr\u00e8res en J\u00e9sus-Christ s\u2019enflammer du m\u00eame z\u00e8le pour les int\u00e9r\u00eats de notre divin Roi, s\u2019enr\u00f4ler dans la m\u00eame milice spirituelle, et prendre les armes de la pri\u00e8re pour continuer \u00e0 ruiner l\u2019empire de Satan\u00a0!<\/p>\n<p>Vous m\u2019avez recommand\u00e9, Monsieur le vicaire-g\u00e9n\u00e9ral, de prier pour que vous puissiez \u00eatre utile \u00e0 cette belle association\u00a0; elle vous rend sans doute elle-m\u00eame le t\u00e9moignage que depuis longtemps ce v\u0153u est exauc\u00e9, et elle peut esp\u00e9rer qu\u2019il le sera pendant bien longtemps encore, si Dieu daigne accueillir ceux que je lui adresse pour votre conservation et la prosp\u00e9rit\u00e9 d\u2019une \u0153uvre qui est visiblement la sienne.<\/p>\n<p>Une profonde paix r\u00e8gne dans tout l\u2019empire chinois\u00a0; mais une innombrable arm\u00e9e de sauterelles l\u2019a envahi presque tout entier. On ne peut se figurer cette multitude qui cache pour ainsi dire la surface du sol. Quoiqu\u2019elles se h\u00e2tent de faire place aux passants, on ne peut gu\u00e8re poser le pied sans en \u00e9craser, et l\u2019on est souvent oblig\u00e9 de se secouer pour les faire tomber de dessus ses \u00e9paules\u00a0; elles couvrent les arbres et tapissent les murs o\u00f9 elles courent, ne trouvant plus rien \u00e0 manger\u00a0; la terre est toute verdoyante de leurs excr\u00e9ments\u00a0: c\u2019est chose incroyable si on ne l\u2019a pas vue. Il ne reste plus un brin de toutes les herbes qui \u00e9taient \u00e0 leur go\u00fbt\u00a0; elles ont d\u00e9vor\u00e9 jusqu\u2019aux feuilles des bambous, qui r\u00e9sistent \u00e0 l\u2019hiver m\u00eame. La plupart sont petites\u00a0; mais il y en a de grosses qui ont de longues ailes\u00a0; quand elles volent, on dirait des flocons de neige qui remplissent l\u2019air\u00a0: c\u2019est vraiment un terrible fl\u00e9au. On voit des familles qui reviennent des champs en pleurant, parce que tout a \u00e9t\u00e9 emport\u00e9. On se h\u00e2te de cueillir le ma\u00efs, et m\u00eame, dit-on, le riz tout vert pour le donner aux bestiaux, plut\u00f4t que de le laisser devenir la proie de ces insectes d\u00e9vastateurs. Une esp\u00e8ce de f\u00e8ve, qui est une r\u00e9colte tr\u00e8s consid\u00e9rable en Chine, doit n\u00e9cessairement \u00eatre perdue pour cette ann\u00e9e. L\u2019empereur, en \u00e9crivant aux mandarins, d\u00e9plore, d\u2019une mani\u00e8re fort \u00e9nergique, la calamit\u00e9 qui p\u00e8se sur le peuple\u00a0; il leur ordonne, sous peine d\u2019\u00eatre d\u00e9pos\u00e9s de leur charge apr\u00e8s l\u2019espace de quarante jours, de d\u00e9truire ces indestructibles ennemis. On va aux champs comme on court au feu\u00a0: on crie, on fait du bruit avec des machines, on frappe pour tuer tout ce qu\u2019on peut, et plusieurs personnes de front pourchassent devant elles un nuage de sauterelles, jusque hors de leur propri\u00e9t\u00e9, se mettant peu en peine de celle du voisin\u00a0; tous les jours on ne fait que cela, on ne parle que de cela. Quand l\u2019empereur a \u00e9crit aux mandarins, deux provinces seulement n\u2019avaient pas \u00e9t\u00e9 envahies. Les Chinois sont ch\u00e2ti\u00e9s comme les Egyptiens, mais que ne savent-ils dire comme il faut\u00a0: <em>Le doigt de Dieu est l\u00e0\u00a0?<\/em>&#8230;<\/p>\n<p><em><strong>Lettre 77.<\/strong> \u2014 Vauris, op. cit. p. 200.<\/em><\/p>\n","protected":false},"excerpt":{"rendered":"<p>Ho-nan, 16 ao\u00fbt 1836 Monsieur, Au commencement du si\u00e8cle dernier, nous avions en Chine six ou sept de nos confr\u00e8res, parmi lesquels M.\u00a0Appiani, secr\u00e9taire de Mgr le cardinal de Tournon, et M.\u00a0Mullener, qui fut vicaire &#8230; <a href=\"http:\/\/vincentians.com\/fr\/jean-gabriel-perboyre-lettre-077-m-candeze-vicaire-general-saint-flour\/\" class=\"more-link\">Read More<\/a><\/p>\n","protected":false},"author":4,"featured_media":189778,"comment_status":"open","ping_status":"open","sticky":false,"template":"","format":"standard","meta":{"jetpack_post_was_ever_published":false,"_jetpack_newsletter_access":"","_jetpack_dont_email_post_to_subs":false,"_jetpack_newsletter_tier_id":0,"_jetpack_memberships_contains_paywalled_content":false,"_jetpack_memberships_contains_paid_content":false,"footnotes":"","jetpack_publicize_message":"","jetpack_publicize_feature_enabled":true,"jetpack_social_post_already_shared":true,"jetpack_social_options":{"image_generator_settings":{"template":"highway","default_image_id":0,"font":"","enabled":false},"version":2}},"categories":[114],"tags":[],"class_list":["post-190672","post","type-post","status-publish","format-standard","has-post-thumbnail","hentry","category-ecrits-de-jean-gabriel-perboyre"],"yoast_head":"<!-- This site is optimized with the Yoast SEO plugin v26.3 - https:\/\/yoast.com\/wordpress\/plugins\/seo\/ -->\n<title>Jean-Gabriel Perboyre, Lettre 077. A M. Cand\u00e8ze, Vicaire g\u00e9n\u00e9ral de Saint-Flour - Nous Sommes Vincentiens<\/title>\n<meta name=\"robots\" content=\"index, follow, max-snippet:-1, max-image-preview:large, max-video-preview:-1\" \/>\n<link rel=\"canonical\" href=\"http:\/\/vincentians.com\/fr\/jean-gabriel-perboyre-lettre-077-m-candeze-vicaire-general-saint-flour\/\" \/>\n<meta property=\"og:locale\" content=\"fr_FR\" \/>\n<meta property=\"og:type\" content=\"article\" \/>\n<meta property=\"og:title\" content=\"Jean-Gabriel Perboyre, Lettre 077. A M. Cand\u00e8ze, Vicaire g\u00e9n\u00e9ral de Saint-Flour - Nous Sommes Vincentiens\" \/>\n<meta property=\"og:description\" content=\"Ho-nan, 16 ao\u00fbt 1836 Monsieur, Au commencement du si\u00e8cle dernier, nous avions en Chine six ou sept de nos confr\u00e8res, parmi lesquels M.\u00a0Appiani, secr\u00e9taire de Mgr le cardinal de Tournon, et M.\u00a0Mullener, qui fut vicaire ... Read More\" \/>\n<meta property=\"og:url\" content=\"http:\/\/vincentians.com\/fr\/jean-gabriel-perboyre-lettre-077-m-candeze-vicaire-general-saint-flour\/\" \/>\n<meta property=\"og:site_name\" content=\"Nous Sommes Vincentiens\" \/>\n<meta property=\"article:publisher\" content=\"https:\/\/www.facebook.com\/WeAreVincentians\/\" \/>\n<meta property=\"article:author\" content=\"https:\/\/www.facebook.com\/JavierChento\" \/>\n<meta property=\"article:published_time\" content=\"2017-12-24T03:00:58+00:00\" \/>\n<meta property=\"og:image\" content=\"https:\/\/i0.wp.com\/vincentians.com\/fr\/wp-content\/uploads\/sites\/10\/2016\/07\/cartas-perboyre.jpg?fit=1200%2C630\" \/>\n\t<meta property=\"og:image:width\" content=\"1200\" \/>\n\t<meta property=\"og:image:height\" content=\"630\" \/>\n\t<meta property=\"og:image:type\" content=\"image\/jpeg\" \/>\n<meta name=\"author\" content=\"Francisco Javier Fern\u00e1ndez Chento\" \/>\n<meta name=\"twitter:card\" content=\"summary_large_image\" \/>\n<meta name=\"twitter:creator\" content=\"@https:\/\/twitter.com\/javierchento\" \/>\n<meta name=\"twitter:site\" content=\"@WeVincentians\" \/>\n<meta name=\"twitter:label1\" content=\"\u00c9crit par\" \/>\n\t<meta name=\"twitter:data1\" content=\"Francisco Javier Fern\u00e1ndez Chento\" \/>\n\t<meta name=\"twitter:label2\" content=\"Dur\u00e9e de lecture estim\u00e9e\" \/>\n\t<meta name=\"twitter:data2\" content=\"13 minutes\" \/>\n<script type=\"application\/ld+json\" class=\"yoast-schema-graph\">{\"@context\":\"https:\/\/schema.org\",\"@graph\":[{\"@type\":\"WebPage\",\"@id\":\"http:\/\/vincentians.com\/fr\/jean-gabriel-perboyre-lettre-077-m-candeze-vicaire-general-saint-flour\/\",\"url\":\"http:\/\/vincentians.com\/fr\/jean-gabriel-perboyre-lettre-077-m-candeze-vicaire-general-saint-flour\/\",\"name\":\"Jean-Gabriel Perboyre, Lettre 077. A M. Cand\u00e8ze, Vicaire g\u00e9n\u00e9ral de Saint-Flour - Nous Sommes Vincentiens\",\"isPartOf\":{\"@id\":\"http:\/\/vincentians.com\/fr\/#website\"},\"primaryImageOfPage\":{\"@id\":\"http:\/\/vincentians.com\/fr\/jean-gabriel-perboyre-lettre-077-m-candeze-vicaire-general-saint-flour\/#primaryimage\"},\"image\":{\"@id\":\"http:\/\/vincentians.com\/fr\/jean-gabriel-perboyre-lettre-077-m-candeze-vicaire-general-saint-flour\/#primaryimage\"},\"thumbnailUrl\":\"https:\/\/i0.wp.com\/vincentians.com\/fr\/wp-content\/uploads\/sites\/10\/2016\/07\/cartas-perboyre.jpg?fit=1200%2C630\",\"datePublished\":\"2017-12-24T03:00:58+00:00\",\"author\":{\"@id\":\"http:\/\/vincentians.com\/fr\/#\/schema\/person\/9623ef4d9aa3b2dfb8c061f1499288f2\"},\"breadcrumb\":{\"@id\":\"http:\/\/vincentians.com\/fr\/jean-gabriel-perboyre-lettre-077-m-candeze-vicaire-general-saint-flour\/#breadcrumb\"},\"inLanguage\":\"fr-FR\",\"potentialAction\":[{\"@type\":\"ReadAction\",\"target\":[\"http:\/\/vincentians.com\/fr\/jean-gabriel-perboyre-lettre-077-m-candeze-vicaire-general-saint-flour\/\"]}]},{\"@type\":\"ImageObject\",\"inLanguage\":\"fr-FR\",\"@id\":\"http:\/\/vincentians.com\/fr\/jean-gabriel-perboyre-lettre-077-m-candeze-vicaire-general-saint-flour\/#primaryimage\",\"url\":\"https:\/\/i0.wp.com\/vincentians.com\/fr\/wp-content\/uploads\/sites\/10\/2016\/07\/cartas-perboyre.jpg?fit=1200%2C630\",\"contentUrl\":\"https:\/\/i0.wp.com\/vincentians.com\/fr\/wp-content\/uploads\/sites\/10\/2016\/07\/cartas-perboyre.jpg?fit=1200%2C630\",\"width\":1200,\"height\":630},{\"@type\":\"BreadcrumbList\",\"@id\":\"http:\/\/vincentians.com\/fr\/jean-gabriel-perboyre-lettre-077-m-candeze-vicaire-general-saint-flour\/#breadcrumb\",\"itemListElement\":[{\"@type\":\"ListItem\",\"position\":1,\"name\":\"Portada\",\"item\":\"http:\/\/vincentians.com\/fr\/\"},{\"@type\":\"ListItem\",\"position\":2,\"name\":\"Jean-Gabriel Perboyre, Lettre 077. A M. Cand\u00e8ze, Vicaire g\u00e9n\u00e9ral de Saint-Flour\"}]},{\"@type\":\"WebSite\",\"@id\":\"http:\/\/vincentians.com\/fr\/#website\",\"url\":\"http:\/\/vincentians.com\/fr\/\",\"name\":\"Nous Sommes Vincentiens\",\"description\":\"Know more to serve more\",\"potentialAction\":[{\"@type\":\"SearchAction\",\"target\":{\"@type\":\"EntryPoint\",\"urlTemplate\":\"http:\/\/vincentians.com\/fr\/?s={search_term_string}\"},\"query-input\":{\"@type\":\"PropertyValueSpecification\",\"valueRequired\":true,\"valueName\":\"search_term_string\"}}],\"inLanguage\":\"fr-FR\"},{\"@type\":\"Person\",\"@id\":\"http:\/\/vincentians.com\/fr\/#\/schema\/person\/9623ef4d9aa3b2dfb8c061f1499288f2\",\"name\":\"Francisco Javier Fern\u00e1ndez Chento\",\"image\":{\"@type\":\"ImageObject\",\"inLanguage\":\"fr-FR\",\"@id\":\"http:\/\/vincentians.com\/fr\/#\/schema\/person\/image\/\",\"url\":\"https:\/\/secure.gravatar.com\/avatar\/497d5cde87b4c3d097d0315953521681ba2cd523ee66e5077c3711f7021e65de?s=96&d=mm&r=g\",\"contentUrl\":\"https:\/\/secure.gravatar.com\/avatar\/497d5cde87b4c3d097d0315953521681ba2cd523ee66e5077c3711f7021e65de?s=96&d=mm&r=g\",\"caption\":\"Francisco Javier Fern\u00e1ndez Chento\"},\"description\":\"Director General y cofundador de La Red de Formaci\u00f3n Vicenciana. Javier es laico vicenciano, afiliado a la Congregaci\u00f3n de la Misi\u00f3n y miembro del Equipo de Misiones Populares de la provincia can\u00f3nica de Zaragoza (Espa\u00f1a) de la Congregaci\u00f3n de la Misi\u00f3n. Graduado en la Universidad Oberta de Catalunya con cuatro grados (Asistente de direcci\u00f3n, Gesti\u00f3n Administrativa, Recursos Humanos y Contabilidad Avanzada). Bil\u00edng\u00fce Espa\u00f1ol\/Ingl\u00e9s. gestiona y mantiene varias p\u00e1ginas web cristianas y vicencianas, incluida including La Red de Formaci\u00f3n Vicenciana, de la que es cofundador. Actualmente es responsable del \u00e1rea de Espa\u00f1ol de .famvin, la Red de Noticias de la Familia Vicenciana. Tambi\u00e9n es m\u00fasico cat\u00f3lico y ha editado varios discos. Es Director General y cofundador de Trovador, una reconocida compa\u00f1\u00eda discogr\u00e1fica critiana de Espa\u00f1a. Trabaja en las Tecnolog\u00edas de la Informaci\u00f3n, ofreciendo servicios de alojamiento, dise\u00f1o y mantenimiento Web, as\u00ed como asesoramiento, formaci\u00f3n y soluciones inform\u00e1ticas, gesti\u00f3n documental y digitalizaci\u00f3n de textos, edici\u00f3n y maquetaci\u00f3n de libros, revistas, flyers, etc.\",\"sameAs\":[\"http:\/\/chento.org\",\"https:\/\/www.facebook.com\/JavierChento\",\"https:\/\/x.com\/https:\/\/twitter.com\/javierchento\"],\"url\":\"http:\/\/vincentians.com\/fr\/author\/chento\/\"}]}<\/script>\n<!-- \/ Yoast SEO plugin. -->","yoast_head_json":{"title":"Jean-Gabriel Perboyre, Lettre 077. A M. Cand\u00e8ze, Vicaire g\u00e9n\u00e9ral de Saint-Flour - Nous Sommes Vincentiens","robots":{"index":"index","follow":"follow","max-snippet":"max-snippet:-1","max-image-preview":"max-image-preview:large","max-video-preview":"max-video-preview:-1"},"canonical":"http:\/\/vincentians.com\/fr\/jean-gabriel-perboyre-lettre-077-m-candeze-vicaire-general-saint-flour\/","og_locale":"fr_FR","og_type":"article","og_title":"Jean-Gabriel Perboyre, Lettre 077. A M. Cand\u00e8ze, Vicaire g\u00e9n\u00e9ral de Saint-Flour - Nous Sommes Vincentiens","og_description":"Ho-nan, 16 ao\u00fbt 1836 Monsieur, Au commencement du si\u00e8cle dernier, nous avions en Chine six ou sept de nos confr\u00e8res, parmi lesquels M.\u00a0Appiani, secr\u00e9taire de Mgr le cardinal de Tournon, et M.\u00a0Mullener, qui fut vicaire ... Read More","og_url":"http:\/\/vincentians.com\/fr\/jean-gabriel-perboyre-lettre-077-m-candeze-vicaire-general-saint-flour\/","og_site_name":"Nous Sommes Vincentiens","article_publisher":"https:\/\/www.facebook.com\/WeAreVincentians\/","article_author":"https:\/\/www.facebook.com\/JavierChento","article_published_time":"2017-12-24T03:00:58+00:00","og_image":[{"width":1200,"height":630,"url":"https:\/\/i0.wp.com\/vincentians.com\/fr\/wp-content\/uploads\/sites\/10\/2016\/07\/cartas-perboyre.jpg?fit=1200%2C630","type":"image\/jpeg"}],"author":"Francisco Javier Fern\u00e1ndez Chento","twitter_card":"summary_large_image","twitter_creator":"@https:\/\/twitter.com\/javierchento","twitter_site":"@WeVincentians","twitter_misc":{"\u00c9crit par":"Francisco Javier Fern\u00e1ndez Chento","Dur\u00e9e de lecture estim\u00e9e":"13 minutes"},"schema":{"@context":"https:\/\/schema.org","@graph":[{"@type":"WebPage","@id":"http:\/\/vincentians.com\/fr\/jean-gabriel-perboyre-lettre-077-m-candeze-vicaire-general-saint-flour\/","url":"http:\/\/vincentians.com\/fr\/jean-gabriel-perboyre-lettre-077-m-candeze-vicaire-general-saint-flour\/","name":"Jean-Gabriel Perboyre, Lettre 077. A M. Cand\u00e8ze, Vicaire g\u00e9n\u00e9ral de Saint-Flour - Nous Sommes Vincentiens","isPartOf":{"@id":"http:\/\/vincentians.com\/fr\/#website"},"primaryImageOfPage":{"@id":"http:\/\/vincentians.com\/fr\/jean-gabriel-perboyre-lettre-077-m-candeze-vicaire-general-saint-flour\/#primaryimage"},"image":{"@id":"http:\/\/vincentians.com\/fr\/jean-gabriel-perboyre-lettre-077-m-candeze-vicaire-general-saint-flour\/#primaryimage"},"thumbnailUrl":"https:\/\/i0.wp.com\/vincentians.com\/fr\/wp-content\/uploads\/sites\/10\/2016\/07\/cartas-perboyre.jpg?fit=1200%2C630","datePublished":"2017-12-24T03:00:58+00:00","author":{"@id":"http:\/\/vincentians.com\/fr\/#\/schema\/person\/9623ef4d9aa3b2dfb8c061f1499288f2"},"breadcrumb":{"@id":"http:\/\/vincentians.com\/fr\/jean-gabriel-perboyre-lettre-077-m-candeze-vicaire-general-saint-flour\/#breadcrumb"},"inLanguage":"fr-FR","potentialAction":[{"@type":"ReadAction","target":["http:\/\/vincentians.com\/fr\/jean-gabriel-perboyre-lettre-077-m-candeze-vicaire-general-saint-flour\/"]}]},{"@type":"ImageObject","inLanguage":"fr-FR","@id":"http:\/\/vincentians.com\/fr\/jean-gabriel-perboyre-lettre-077-m-candeze-vicaire-general-saint-flour\/#primaryimage","url":"https:\/\/i0.wp.com\/vincentians.com\/fr\/wp-content\/uploads\/sites\/10\/2016\/07\/cartas-perboyre.jpg?fit=1200%2C630","contentUrl":"https:\/\/i0.wp.com\/vincentians.com\/fr\/wp-content\/uploads\/sites\/10\/2016\/07\/cartas-perboyre.jpg?fit=1200%2C630","width":1200,"height":630},{"@type":"BreadcrumbList","@id":"http:\/\/vincentians.com\/fr\/jean-gabriel-perboyre-lettre-077-m-candeze-vicaire-general-saint-flour\/#breadcrumb","itemListElement":[{"@type":"ListItem","position":1,"name":"Portada","item":"http:\/\/vincentians.com\/fr\/"},{"@type":"ListItem","position":2,"name":"Jean-Gabriel Perboyre, Lettre 077. A M. Cand\u00e8ze, Vicaire g\u00e9n\u00e9ral de Saint-Flour"}]},{"@type":"WebSite","@id":"http:\/\/vincentians.com\/fr\/#website","url":"http:\/\/vincentians.com\/fr\/","name":"Nous Sommes Vincentiens","description":"Know more to serve more","potentialAction":[{"@type":"SearchAction","target":{"@type":"EntryPoint","urlTemplate":"http:\/\/vincentians.com\/fr\/?s={search_term_string}"},"query-input":{"@type":"PropertyValueSpecification","valueRequired":true,"valueName":"search_term_string"}}],"inLanguage":"fr-FR"},{"@type":"Person","@id":"http:\/\/vincentians.com\/fr\/#\/schema\/person\/9623ef4d9aa3b2dfb8c061f1499288f2","name":"Francisco Javier Fern\u00e1ndez Chento","image":{"@type":"ImageObject","inLanguage":"fr-FR","@id":"http:\/\/vincentians.com\/fr\/#\/schema\/person\/image\/","url":"https:\/\/secure.gravatar.com\/avatar\/497d5cde87b4c3d097d0315953521681ba2cd523ee66e5077c3711f7021e65de?s=96&d=mm&r=g","contentUrl":"https:\/\/secure.gravatar.com\/avatar\/497d5cde87b4c3d097d0315953521681ba2cd523ee66e5077c3711f7021e65de?s=96&d=mm&r=g","caption":"Francisco Javier Fern\u00e1ndez Chento"},"description":"Director General y cofundador de La Red de Formaci\u00f3n Vicenciana. Javier es laico vicenciano, afiliado a la Congregaci\u00f3n de la Misi\u00f3n y miembro del Equipo de Misiones Populares de la provincia can\u00f3nica de Zaragoza (Espa\u00f1a) de la Congregaci\u00f3n de la Misi\u00f3n. Graduado en la Universidad Oberta de Catalunya con cuatro grados (Asistente de direcci\u00f3n, Gesti\u00f3n Administrativa, Recursos Humanos y Contabilidad Avanzada). Bil\u00edng\u00fce Espa\u00f1ol\/Ingl\u00e9s. gestiona y mantiene varias p\u00e1ginas web cristianas y vicencianas, incluida including La Red de Formaci\u00f3n Vicenciana, de la que es cofundador. Actualmente es responsable del \u00e1rea de Espa\u00f1ol de .famvin, la Red de Noticias de la Familia Vicenciana. Tambi\u00e9n es m\u00fasico cat\u00f3lico y ha editado varios discos. Es Director General y cofundador de Trovador, una reconocida compa\u00f1\u00eda discogr\u00e1fica critiana de Espa\u00f1a. Trabaja en las Tecnolog\u00edas de la Informaci\u00f3n, ofreciendo servicios de alojamiento, dise\u00f1o y mantenimiento Web, as\u00ed como asesoramiento, formaci\u00f3n y soluciones inform\u00e1ticas, gesti\u00f3n documental y digitalizaci\u00f3n de textos, edici\u00f3n y maquetaci\u00f3n de libros, revistas, flyers, etc.","sameAs":["http:\/\/chento.org","https:\/\/www.facebook.com\/JavierChento","https:\/\/x.com\/https:\/\/twitter.com\/javierchento"],"url":"http:\/\/vincentians.com\/fr\/author\/chento\/"}]}},"jetpack_publicize_connections":[],"jetpack_featured_media_url":"https:\/\/i0.wp.com\/vincentians.com\/fr\/wp-content\/uploads\/sites\/10\/2016\/07\/cartas-perboyre.jpg?fit=1200%2C630","jetpack_sharing_enabled":true,"jetpack_shortlink":"https:\/\/wp.me\/p7ETMP-NBm","jetpack-related-posts":[{"id":104794,"url":"http:\/\/vincentians.com\/fr\/louis-antoine-appiani\/","url_meta":{"origin":190672,"position":0},"title":"Louis-Antoine Appiani","author":"Francisco Javier Fern\u00e1ndez Chento","date":"24\/11\/2012","format":false,"excerpt":"\u6bd5\u5929\u7965 PI T\u2019IEN-SIANG Pr\u00eatre. N\u00e9 \u00e0 Dogliani, dioc\u00e8se de Saluces (Pi\u00e9mont), le 22 mars 1663 ; re\u00e7u au s\u00e9minaire de G\u00eanes, \u00e9tant pr\u00eatre et docteur en th\u00e9ologie, le 20 mai 1687 ; il y fit les v\u0153ux le 28 mai 1639, Envoy\u00e9 en Chine par Innocent XII, en qualit\u00e9 de\u2026","rel":"","context":"Dans &quot;Biographies Lazaristes&quot;","block_context":{"text":"Biographies Lazaristes","link":"http:\/\/vincentians.com\/fr\/category\/biographies-lazaristes\/"},"img":{"alt_text":"","src":"https:\/\/i0.wp.com\/vincentians.com\/fr\/wp-content\/uploads\/sites\/10\/2016\/08\/bio-congregation-of-the-mission.jpg?fit=1200%2C630&resize=350%2C200","width":350,"height":200,"srcset":"https:\/\/i0.wp.com\/vincentians.com\/fr\/wp-content\/uploads\/sites\/10\/2016\/08\/bio-congregation-of-the-mission.jpg?fit=1200%2C630&resize=350%2C200 1x, https:\/\/i0.wp.com\/vincentians.com\/fr\/wp-content\/uploads\/sites\/10\/2016\/08\/bio-congregation-of-the-mission.jpg?fit=1200%2C630&resize=525%2C300 1.5x, https:\/\/i0.wp.com\/vincentians.com\/fr\/wp-content\/uploads\/sites\/10\/2016\/08\/bio-congregation-of-the-mission.jpg?fit=1200%2C630&resize=700%2C400 2x, https:\/\/i0.wp.com\/vincentians.com\/fr\/wp-content\/uploads\/sites\/10\/2016\/08\/bio-congregation-of-the-mission.jpg?fit=1200%2C630&resize=1050%2C600 3x"},"classes":[]},{"id":105043,"url":"http:\/\/vincentians.com\/fr\/jean-gabriel-perboyre-lettre-038-a-son-oncle-a-montauban\/","url_meta":{"origin":190672,"position":1},"title":"Jean-Gabriel Perboyre, Lettre 038. A son Oncle, \u00e0 Montauban","author":"Francisco Javier Fern\u00e1ndez Chento","date":"26\/03\/2017","format":false,"excerpt":"Paris, le 23 ao\u00fbt 1833 Mon tr\u00e8s cher oncle, Il y a plus d\u2019un mois que je m\u2019\u00e9tais propos\u00e9 de vous \u00e9crire mais j\u2019ai diff\u00e9r\u00e9 jusqu\u2019\u00e0 ce moment pour profiter de l\u2019occasion que m\u2019offre M.\u00a0le sup\u00e9rieur du s\u00e9minaire de Montauban. M.\u00a0Tuffeau a bien voulu passer chez nous en arrivant \u00e0\u2026","rel":"","context":"Dans &quot;\u00c9crits de Jean-Gabriel Perboyre&quot;","block_context":{"text":"\u00c9crits de Jean-Gabriel Perboyre","link":"http:\/\/vincentians.com\/fr\/category\/ecrits-de-jean-gabriel-perboyre\/"},"img":{"alt_text":"","src":"https:\/\/i0.wp.com\/vincentians.com\/fr\/wp-content\/uploads\/sites\/10\/2016\/07\/cartas-perboyre.jpg?fit=1200%2C630&resize=350%2C200","width":350,"height":200,"srcset":"https:\/\/i0.wp.com\/vincentians.com\/fr\/wp-content\/uploads\/sites\/10\/2016\/07\/cartas-perboyre.jpg?fit=1200%2C630&resize=350%2C200 1x, https:\/\/i0.wp.com\/vincentians.com\/fr\/wp-content\/uploads\/sites\/10\/2016\/07\/cartas-perboyre.jpg?fit=1200%2C630&resize=525%2C300 1.5x, https:\/\/i0.wp.com\/vincentians.com\/fr\/wp-content\/uploads\/sites\/10\/2016\/07\/cartas-perboyre.jpg?fit=1200%2C630&resize=700%2C400 2x, https:\/\/i0.wp.com\/vincentians.com\/fr\/wp-content\/uploads\/sites\/10\/2016\/07\/cartas-perboyre.jpg?fit=1200%2C630&resize=1050%2C600 3x"},"classes":[]},{"id":104263,"url":"http:\/\/vincentians.com\/fr\/jean-gabriel-perboyre-lettre-001-a-son-pere\/","url_meta":{"origin":190672,"position":2},"title":"Jean-Gabriel Perboyre, Lettre 001. A son P\u00e8re","author":"Francisco Javier Fern\u00e1ndez Chento","date":"07\/07\/2016","format":false,"excerpt":"Montauban, 9 mai 1817. Mon cher p\u00e8re, Il y a d\u00e9j\u00e0 longtemps que je n\u2019ai pas re\u00e7u de vos nouvelles, il me tarde de savoir si vous jouissez tous d\u2019une bonne sant\u00e9. Je voulais vous \u00e9crire, mais comme je n\u2019ai jamais fait de lettres, ni m\u00eame lu, je n\u2019osais pas\u2026","rel":"","context":"Dans &quot;\u00c9crits de Jean-Gabriel Perboyre&quot;","block_context":{"text":"\u00c9crits de Jean-Gabriel Perboyre","link":"http:\/\/vincentians.com\/fr\/category\/ecrits-de-jean-gabriel-perboyre\/"},"img":{"alt_text":"","src":"https:\/\/i0.wp.com\/vincentians.com\/fr\/wp-content\/uploads\/sites\/10\/2016\/07\/cartas-perboyre.jpg?fit=1200%2C630&resize=350%2C200","width":350,"height":200,"srcset":"https:\/\/i0.wp.com\/vincentians.com\/fr\/wp-content\/uploads\/sites\/10\/2016\/07\/cartas-perboyre.jpg?fit=1200%2C630&resize=350%2C200 1x, https:\/\/i0.wp.com\/vincentians.com\/fr\/wp-content\/uploads\/sites\/10\/2016\/07\/cartas-perboyre.jpg?fit=1200%2C630&resize=525%2C300 1.5x, https:\/\/i0.wp.com\/vincentians.com\/fr\/wp-content\/uploads\/sites\/10\/2016\/07\/cartas-perboyre.jpg?fit=1200%2C630&resize=700%2C400 2x, https:\/\/i0.wp.com\/vincentians.com\/fr\/wp-content\/uploads\/sites\/10\/2016\/07\/cartas-perboyre.jpg?fit=1200%2C630&resize=1050%2C600 3x"},"classes":[]},{"id":190661,"url":"http:\/\/vincentians.com\/fr\/jean-gabriel-perboyre-lettre-070-jean-baptiste-nozo-superieur-general-paris\/","url_meta":{"origin":190672,"position":3},"title":"Jean-Gabriel Perboyre, Lettre 070. A Jean-Baptiste Nozo, Sup\u00e9rieur g\u00e9n\u00e9ral, \u00e0 Paris","author":"Francisco Javier Fern\u00e1ndez Chento","date":"05\/11\/2017","format":false,"excerpt":"Macao, le 19 d\u00e9cembre 1835. Monsieur et tr\u00e8s honor\u00e9 P\u00e8re, Votre sainte b\u00e9n\u00e9diction s\u2019il vous pla\u00eet. A notre arriv\u00e9e \u00e0 Macao, nous \u00e9tant remis tout entiers entre les mains de notre nouveau et cher Sup\u00e9rieur M.\u00a0Torrette, nous avons pens\u00e9 que c\u2019\u00e9tait \u00e0 lui qu\u2019il apparte\u00adnait de vous annoncer l\u2019heureuse issue\u2026","rel":"","context":"Dans &quot;\u00c9crits de Jean-Gabriel Perboyre&quot;","block_context":{"text":"\u00c9crits de Jean-Gabriel Perboyre","link":"http:\/\/vincentians.com\/fr\/category\/ecrits-de-jean-gabriel-perboyre\/"},"img":{"alt_text":"","src":"https:\/\/i0.wp.com\/vincentians.com\/fr\/wp-content\/uploads\/sites\/10\/2016\/07\/cartas-perboyre.jpg?fit=1200%2C630&resize=350%2C200","width":350,"height":200,"srcset":"https:\/\/i0.wp.com\/vincentians.com\/fr\/wp-content\/uploads\/sites\/10\/2016\/07\/cartas-perboyre.jpg?fit=1200%2C630&resize=350%2C200 1x, https:\/\/i0.wp.com\/vincentians.com\/fr\/wp-content\/uploads\/sites\/10\/2016\/07\/cartas-perboyre.jpg?fit=1200%2C630&resize=525%2C300 1.5x, https:\/\/i0.wp.com\/vincentians.com\/fr\/wp-content\/uploads\/sites\/10\/2016\/07\/cartas-perboyre.jpg?fit=1200%2C630&resize=700%2C400 2x, https:\/\/i0.wp.com\/vincentians.com\/fr\/wp-content\/uploads\/sites\/10\/2016\/07\/cartas-perboyre.jpg?fit=1200%2C630&resize=1050%2C600 3x"},"classes":[]},{"id":105354,"url":"http:\/\/vincentians.com\/fr\/jean-gabriel-perboyre-lettre-045-a-jean-baptiste-torrette-c-m-a-macao\/","url_meta":{"origin":190672,"position":4},"title":"Jean-Gabriel Perboyre, Lettre 045. A Jean-Baptiste Torrette, C.M., \u00e0 Macao","author":"Francisco Javier Fern\u00e1ndez Chento","date":"14\/05\/2017","format":false,"excerpt":"Monsieur et tr\u00e8s cher confr\u00e8re, La gr\u00e2ce de N. S. soit toujours avec nous. Un jour que nous aimions, M.\u00a0Martin et moi, \u00e0 nous rappeler que nous avions \u00e9t\u00e9 ordonn\u00e9s pr\u00eatres avec vous, nous conv\u00eenmes que nous vous enverrions un petit souvenir. J\u2019ai pens\u00e9 que vous liriez avec plaisir les\u2026","rel":"","context":"Dans &quot;\u00c9crits de Jean-Gabriel Perboyre&quot;","block_context":{"text":"\u00c9crits de Jean-Gabriel Perboyre","link":"http:\/\/vincentians.com\/fr\/category\/ecrits-de-jean-gabriel-perboyre\/"},"img":{"alt_text":"","src":"https:\/\/i0.wp.com\/vincentians.com\/fr\/wp-content\/uploads\/sites\/10\/2016\/07\/cartas-perboyre.jpg?fit=1200%2C630&resize=350%2C200","width":350,"height":200,"srcset":"https:\/\/i0.wp.com\/vincentians.com\/fr\/wp-content\/uploads\/sites\/10\/2016\/07\/cartas-perboyre.jpg?fit=1200%2C630&resize=350%2C200 1x, https:\/\/i0.wp.com\/vincentians.com\/fr\/wp-content\/uploads\/sites\/10\/2016\/07\/cartas-perboyre.jpg?fit=1200%2C630&resize=525%2C300 1.5x, https:\/\/i0.wp.com\/vincentians.com\/fr\/wp-content\/uploads\/sites\/10\/2016\/07\/cartas-perboyre.jpg?fit=1200%2C630&resize=700%2C400 2x, https:\/\/i0.wp.com\/vincentians.com\/fr\/wp-content\/uploads\/sites\/10\/2016\/07\/cartas-perboyre.jpg?fit=1200%2C630&resize=1050%2C600 3x"},"classes":[]},{"id":107243,"url":"http:\/\/vincentians.com\/fr\/jean-gabriel-perboyre-lettre-065-a-son-frere-antoine-au-puech\/","url_meta":{"origin":190672,"position":5},"title":"Jean-Gabriel Perboyre, Lettre 065. A son Fr\u00e8re Antoine, au Puech","author":"Francisco Javier Fern\u00e1ndez Chento","date":"01\/10\/2017","format":false,"excerpt":"Macao, le 13 septembre 1835. Mon tr\u00e8s cher fr\u00e8re, La gr\u00e2ce de N. S. soit toujours avec nous. La lettre que j\u2019\u00e9crivis \u00e0 Papa de Java vous apprenait que j\u2019\u00e9tais d\u00e9j\u00e0 parvenu plus loin que notre bon fr\u00e8re Louis, Dieu ne m\u2019ayant pas jug\u00e9 digne du Ciel comme lui. Celle-ci\u2026","rel":"","context":"Dans &quot;\u00c9crits de Jean-Gabriel Perboyre&quot;","block_context":{"text":"\u00c9crits de Jean-Gabriel Perboyre","link":"http:\/\/vincentians.com\/fr\/category\/ecrits-de-jean-gabriel-perboyre\/"},"img":{"alt_text":"","src":"https:\/\/i0.wp.com\/vincentians.com\/fr\/wp-content\/uploads\/sites\/10\/2016\/07\/cartas-perboyre.jpg?fit=1200%2C630&resize=350%2C200","width":350,"height":200,"srcset":"https:\/\/i0.wp.com\/vincentians.com\/fr\/wp-content\/uploads\/sites\/10\/2016\/07\/cartas-perboyre.jpg?fit=1200%2C630&resize=350%2C200 1x, https:\/\/i0.wp.com\/vincentians.com\/fr\/wp-content\/uploads\/sites\/10\/2016\/07\/cartas-perboyre.jpg?fit=1200%2C630&resize=525%2C300 1.5x, https:\/\/i0.wp.com\/vincentians.com\/fr\/wp-content\/uploads\/sites\/10\/2016\/07\/cartas-perboyre.jpg?fit=1200%2C630&resize=700%2C400 2x, https:\/\/i0.wp.com\/vincentians.com\/fr\/wp-content\/uploads\/sites\/10\/2016\/07\/cartas-perboyre.jpg?fit=1200%2C630&resize=1050%2C600 3x"},"classes":[]}],"_links":{"self":[{"href":"http:\/\/vincentians.com\/fr\/wp-json\/wp\/v2\/posts\/190672","targetHints":{"allow":["GET"]}}],"collection":[{"href":"http:\/\/vincentians.com\/fr\/wp-json\/wp\/v2\/posts"}],"about":[{"href":"http:\/\/vincentians.com\/fr\/wp-json\/wp\/v2\/types\/post"}],"author":[{"embeddable":true,"href":"http:\/\/vincentians.com\/fr\/wp-json\/wp\/v2\/users\/4"}],"replies":[{"embeddable":true,"href":"http:\/\/vincentians.com\/fr\/wp-json\/wp\/v2\/comments?post=190672"}],"version-history":[{"count":0,"href":"http:\/\/vincentians.com\/fr\/wp-json\/wp\/v2\/posts\/190672\/revisions"}],"wp:featuredmedia":[{"embeddable":true,"href":"http:\/\/vincentians.com\/fr\/wp-json\/wp\/v2\/media\/189778"}],"wp:attachment":[{"href":"http:\/\/vincentians.com\/fr\/wp-json\/wp\/v2\/media?parent=190672"}],"wp:term":[{"taxonomy":"category","embeddable":true,"href":"http:\/\/vincentians.com\/fr\/wp-json\/wp\/v2\/categories?post=190672"},{"taxonomy":"post_tag","embeddable":true,"href":"http:\/\/vincentians.com\/fr\/wp-json\/wp\/v2\/tags?post=190672"}],"curies":[{"name":"wp","href":"https:\/\/api.w.org\/{rel}","templated":true}]}}