{"id":190671,"date":"2017-12-31T04:00:58","date_gmt":"2017-12-31T03:00:58","guid":{"rendered":"http:\/\/vincentians.com\/fr\/?p=190671"},"modified":"2016-08-12T08:23:25","modified_gmt":"2016-08-12T06:23:25","slug":"jean-gabriel-perboyre-lettre-078-jean-baptiste-torrette-c-m-macao","status":"publish","type":"post","link":"http:\/\/vincentians.com\/fr\/jean-gabriel-perboyre-lettre-078-jean-baptiste-torrette-c-m-macao\/","title":{"rendered":"Jean-Gabriel Perboyre, Lettre 078. A Jean-Baptiste Torrette, C.M., \u00e0 Macao"},"content":{"rendered":"<p>Honan, le 17 ao\u00fbt 1836.<\/p>\n<p>Monsieur et tr\u00e8s cher confr\u00e8re,<\/p>\n<p>La gr\u00e2ce de N. S. soit toujours avec nous.<\/p>\n<p>C\u2019est du Honan que je vous \u00e9cris ma troisi\u00e8me lettre de la Chine. Je vous en ai \u00e9crit une longue du Fokien et une autre petite du Kiang-si. Je pense que vous les avez d\u00e9j\u00e0 re\u00e7ues\u00a0; je ne reviendrai pas sur ce que je vous y disais.<\/p>\n<p>Dans celle-ci, je ne vous parlerai m\u00eame gu\u00e8re des voyages que j\u2019ai faits depuis. Si vous avez le courage de lire celle que j\u2019\u00e9mis \u00e0 mon oncle, elle pourra vous d\u00e9dommager ainsi que M.\u00a0Danicourt. La v\u00f4tre du 25 mars et celle de M.\u00a0Etienne, je les ai re\u00e7ues ici, 8 jours apr\u00e8s mon arriv\u00e9e. Leur contenu m\u2019a caus\u00e9 plus de joie que de surprise, comme vous aurez pu le conclure de tout ce que je vous ai dit \u00e0 Macao. J\u2019ai remerci\u00e9 N. S. de tout mon c\u0153ur des grandes gr\u00e2ces qu\u2019il vient d\u2019accorder \u00e0 la Congr\u00e9gation. Puisqu\u2019il les a r\u00e9pandues avec tant d\u2019abondance \u00e0 la source, il faut esp\u00e9rer qu\u2019il les fera d\u00e9couler jusqu\u2019\u00e0 nous quelqu\u2019\u00e9loign\u00e9s et mis\u00e9rables que nous soyons.<\/p>\n<p>Je fis bien de ne pas attendre au Kiang-si les courriers du Houp\u00e9, qui ne devaient pas venir me prendre. Mais M.\u00a0Baldus avait donn\u00e9 la commission \u00e0 une barque chr\u00e9tienne qui allait au Kiang-si. Il vaut mieux \u00e0 l\u2019avenir laisser le soin de faire passer les confr\u00e8res \u00e0 M.\u00a0Laribe qui a des courriers \u00e0 sa disposition. Je me s\u00e9parai de [ce] cher confr\u00e8re \u00e0 Kientchang-fou le 8 avril, le 25 j\u2019arrivai \u00e0 Hankeou, le 7 mai aupr\u00e8s de M.\u00a0Baldus et le 9 aupr\u00e8s de M.\u00a0Rameaux, faisant mission tous les deux dans le district de Kin-men-tch\u00e9ou. Je passai l\u00e0 trois semaines avec eux, puis \u00e0 peu pr\u00e8s le m\u00eame temps \u00e0 Gan-lo-fou et enfin quinze jours \u00e0 notre r\u00e9sidence des montagnes, d\u2019o\u00f9 je partis le 12 juin pour me rendre au Honan.<\/p>\n[Je m\u2019\u00e9tais empress\u00e9 d\u2019y aller afin d\u2019emp\u00eacher M.\u00a0P\u00e9<span id='easy-footnote-1-190671' class='easy-footnote-margin-adjust'><\/span><span class='easy-footnote'><a href='http:\/\/vincentians.com\/fr\/jean-gabriel-perboyre-lettre-078-jean-baptiste-torrette-c-m-macao\/#easy-footnote-bottom-1-190671' title='P\u00e9 Jean, cf. Lettre 84, note 2, p. 226.'><sup>1<\/sup><\/a><\/span><a href=\"#_ftn2\" name=\"_ftnref2\"><\/a> de descendre\u00a0: il \u00e9tait trop tard\u00a0; nous (nous) crois\u00e2mes en chemin sans nous voir\u00a0; mais M.\u00a0Rameaux me le renvoya aussit\u00f4t, et le voil\u00e0 depuis sur mes bras ou entre mes mains. Je t\u00e2cherai d\u2019en tirer le parti que je pourrai. Jusqu\u2019ici j\u2019ai \u00e9t\u00e9 fort content de lui\u00a0; il est bien dispos\u00e9. D\u2019apr\u00e8s tous les th\u00e9ologiens, il est exempt de censure et d\u2019irr\u00e9gularit\u00e9. Il n\u2019y aura donc pas d\u2019obstacle pour lui laisser dire la messe quand il aura la conscience en r\u00e8gle. D\u2019apr\u00e8s ce qu\u2019il m\u2019a dit, il n\u2019aurait ni bien ni mal \u00e9difi\u00e9 dans sa famille. Mais l\u2019affaire des montagnes est trop publique pour qu\u2019il puisse jamais exercer dans la mission du Houp\u00e9. Il ne faut pas croire cependant qu\u2019elle soit connue du plus grand nombre des chr\u00e9tiens. M.\u00a0Laribe m\u2019a dit qu\u2019il \u00e9tait pr\u00eat \u00e0 le recevoir. M.\u00a0Mouly en dirait probablement autant. Quelque part qu\u2019il aille, on ne peut pas le perdre de vue \u00e0 cause de son peu de solidit\u00e9. M.\u00a0Song m\u2019a dit qu\u2019il aurait besoin d\u2019\u00eatre toujours en compagnie d\u2019un autre pr\u00eatre en faisant mission\u00a0; lui-m\u00eame m\u2019a dit qu\u2019il ne demanderait pas mieux. Si je fais un peu mission cette ann\u00e9e comme je l\u2019esp\u00e8re, je me propose de le faire servir de cat\u00e9chiste c.-\u00e0-d. qu\u2019il pr\u00eacherait, interrogerait sur le cat\u00e9chisme, dirait la messe sans entendre les confessions, si ce n\u2019est qu\u2019entre des enfants. Si vous l\u2019envoyez l\u2019ann\u00e9e prochaine \u00e0 M.\u00a0Laribe, il pourrait le soumettre au moins pendant un an \u00e0 ce r\u00e9gime sous pr\u00e9texte qu\u2019il ne serait pas encore bien au courant de la langue. Si vous l\u2019envoyez \u00e0 M.\u00a0Mouly, il lui ferait exercer le minist\u00e8re dans son petit s\u00e9minaire de Tartarie sans le laisser aller bien loin. Si vous ne l\u2019envoyez ni \u00e0 M.\u00a0Laribe, ni \u00e0 M.\u00a0Mouly, et que vous vouliez l\u2019appeler \u00e0 Macao, voici ce qui me semblerait le mieux, dans l\u2019int\u00e9r\u00eat de sa r\u00e9putation et de la n\u00f4tre\u00a0: c\u2019est que vous l\u2019appelassiez non comme p\u00e9nitent mais comme destin\u00e9 \u00e0 enseigner le chinois aux nouveaux confr\u00e8res europ\u00e9ens. Apr\u00e8s quelques ann\u00e9es, vous verriez si vous deviez le retenir ou le renvoyer en mission. Dans cette position vous l\u2019admettriez \u00e0 votre table et le traiteriez ext\u00e9rieurement avec les \u00e9gards ordinaires, ce qui n\u2019emp\u00eacherait pas qu\u2019en particulier vous ne le traitassiez selon ce qu\u2019il est r\u00e9ellement <em>non ad vindictam sed ad sanationem<\/em>\u00a0; ce qui n\u2019emp\u00eacherait pas qu\u2019il n\u2019assist\u00e2t aux classes de th\u00e9ologie et m\u00eame \u00e0 celles de latinit\u00e9<span id='easy-footnote-2-190671' class='easy-footnote-margin-adjust'><\/span><span class='easy-footnote'><a href='http:\/\/vincentians.com\/fr\/jean-gabriel-perboyre-lettre-078-jean-baptiste-torrette-c-m-macao\/#easy-footnote-bottom-2-190671' title='Passage non transcrit dans l&amp;rsquo;\u00e9dition de P\u00e9kin, 1940.'><sup>2<\/sup><\/a><\/span>.]\n<p>Si vous n\u2019avez pas encore envoy\u00e9 \u00e0 M.\u00a0Julien<span id='easy-footnote-3-190671' class='easy-footnote-margin-adjust'><\/span><span class='easy-footnote'><a href='http:\/\/vincentians.com\/fr\/jean-gabriel-perboyre-lettre-078-jean-baptiste-torrette-c-m-macao\/#easy-footnote-bottom-3-190671' title='Stanislas Julien, orientaliste fran\u00e7ais, n\u00e9 \u00e0 Orl\u00e9ans en 1799, mort \u00e0 Paris en 1873. En 1859, il traduisit en fran\u00e7ais, pour la Congr\u00e9gation des Rites, les documents chinois du proc\u00e8s de b\u00e9atification de saint J.G. Perboyre.'><sup>3<\/sup><\/a><\/span><a href=\"#_ftn4\" name=\"_ftnref4\"><\/a> une collection des livres chr\u00e9tiens chinois, ce serait un cadeau \u00e0 lui faire. Si vous avez fait imprimer l\u2019explication des \u00e9vangiles, j\u2019en recevrai avec plaisir un exemplaire. Vous savez que les Propagandistes viennent de le faire imprimer. Soit au Kiang-si, soit au Houp\u00e9 nous d\u00e9sirerions avoir dans la mission un exemplaire complet des Annales de la Propagation de la Foi, ainsi qu\u2019un exemplaire des Lettres Edifiantes de la rue du Bac, que vous avez demand\u00e9es cette ann\u00e9e pour vous. Puis des relations des miracles de la m\u00e9daille. Puis une grande quantit\u00e9 de ces m\u00e9dailles miraculeuses. Puis beaucoup d\u2019images de N.S. et de la Sainte Vierge, des myst\u00e8res, des petites des Ap\u00f4tres. Assez inutile d\u2019envoyer d\u2019autres esp\u00e8ces. Pour celles de saint Vincent on ne les re\u00e7oit pour ainsi dire que par force.<\/p>\n<p>Nous d\u00e9sirerions avoir les cartes du Houkouang et du Honan. Voudriez-vous nous les faire calquer par M.\u00a0Danicourt ou M.\u00a0Matta\u00a0? O\u00f9 en est-il le bon M.\u00a0Matta\u00a0?<\/p>\n<p>D\u2019apr\u00e8s ce que dit l\u2019\u00e9v\u00eaque de Nankin<span id='easy-footnote-4-190671' class='easy-footnote-margin-adjust'><\/span><span class='easy-footnote'><a href='http:\/\/vincentians.com\/fr\/jean-gabriel-perboyre-lettre-078-jean-baptiste-torrette-c-m-macao\/#easy-footnote-bottom-4-190671' title='L\u2019\u00e9v\u00eaque de Nankin, Mgr Pir\u00e8s, voir Lettre 74, note 1, p. 170.'><sup>4<\/sup><\/a><\/span><a href=\"#_ftn5\" name=\"_ftnref5\"><\/a>, on peut faire l\u2019office votif du saint Sacrement dans toute la Chine. Je pense qu\u2019il doit en \u00eatre de m\u00eame de celui de l\u2019Immacul\u00e9e Conception. Mais celui-ci, faut-il le faire double ou semi-double\u00a0? J\u2019ai entendu dire que M.\u00a0Le Gr\u00e9gois avait une bulle l\u00e0-dessus. Nous, missionnaires europ\u00e9ens sommes-nous tenus \u00e0 faire tous les je\u00fbnes des vigiles des Ap\u00f4tres et les autres qui sont marqu\u00e9s sur l\u2019<em>ordo<\/em> avec le mot <em>alicubi<\/em>\u00a0?<\/p>\n<p>J\u2019ai entendu dire que saint Bernard avait \u00e9t\u00e9 depuis peu d\u00e9clar\u00e9 docteur, quoique l\u2019<em>ordo<\/em> n\u2019en parle pas. Est-ce vrai\u00a0? Vous voyez qu\u2019il y a certaines nouvelles eccl\u00e9siastiques qu\u2019il nous serait utile de savoir.<\/p>\n<p>Ne pourriez-vous pas prier un confr\u00e8re de Rome de faire d\u00e9clarer par la Propagande quels sont express\u00e9ment ceux des privil\u00e8ges de notre Congr\u00e9gation abrog\u00e9s en Chine.<\/p>\n<p>M. Gabet n\u2019arrive pas vite\u00a0; je commence \u00e0 craindre qu\u2019il n\u2019ait eu quelque accident en route, ou \u00e0 penser que vous l\u2019aurez exp\u00e9di\u00e9 par une autre voie que celle de Canton ou que peut-\u00eatre vous aurez chang\u00e9 sa destination. S\u2019il passe ici, comme je l\u2019esp\u00e8re encore, j\u2019aurai moyen de le faire conduire soit \u00e0 P\u00e9kin soit au Chensi.<\/p>\n<p>Il me semble qu\u2019il serait assez \u00e0 propos que M.\u00a0Danicourt \u00e9tudi\u00e2t le chinois. Qu\u2019il reste \u00e0 Macao, la connaissance du chinois serait fort utile. Il faut aussi pr\u00e9voir le cas o\u00f9 il serait n\u00e9cessaire qu\u2019il entr\u00e2t en Chine, o\u00f9 un et plusieurs sup\u00e9rieurs peuvent venir \u00e0 manquer, etc. Je m\u2019\u00e9tais propos\u00e9 de lui \u00e9crire ainsi qu\u2019\u00e0 M.\u00a0Leite, mais cette fois-ci je ne le puis.<\/p>\n<p>Veuillez les assurer de ma bonne volont\u00e9 ainsi que de mes respects, amiti\u00e9s. Ceci aussi entendu pour les autres MM.\u00a0de Saint-Joseph, M.\u00a0Tchiou etc.<\/p>\n<p>Quant \u00e0 vous, Monsieur et tr\u00e8s cher Confr\u00e8re, vous savez combien je suis \u00e0 vous pour toujours en N. S.<\/p>\n<p>J.G. Perboyre i. p. d. l. m.<\/p>\n<p><em>P. S<\/em>.\u00a0: Veuillez envoyer \u00e0 Paris sous l\u2019enveloppe du tr\u00e8s honor\u00e9 P\u00e8re et sans les cacheter ma lettre \u00e0 M.\u00a0Cand\u00e8ze et celle \u00e0 m[on] Oncle.<\/p>\n<p><em>Suscription<\/em>\u00a0: Monsieur Torrette, Pr\u00eatre et Procureur de la Congr\u00e9gation de la Mission. A Macao.<\/p>\n<p><em><strong>Lettre 78.<\/strong> \u2014 Maison-M\u00e8re, original 62.<\/em><\/p>\n","protected":false},"excerpt":{"rendered":"<p>Honan, le 17 ao\u00fbt 1836. Monsieur et tr\u00e8s cher confr\u00e8re, La gr\u00e2ce de N. S. soit toujours avec nous. C\u2019est du Honan que je vous \u00e9cris ma troisi\u00e8me lettre de la Chine. Je vous en &#8230; <a href=\"http:\/\/vincentians.com\/fr\/jean-gabriel-perboyre-lettre-078-jean-baptiste-torrette-c-m-macao\/\" class=\"more-link\">Read More<\/a><\/p>\n","protected":false},"author":4,"featured_media":189778,"comment_status":"open","ping_status":"open","sticky":false,"template":"","format":"standard","meta":{"jetpack_post_was_ever_published":false,"_jetpack_newsletter_access":"","_jetpack_dont_email_post_to_subs":false,"_jetpack_newsletter_tier_id":0,"_jetpack_memberships_contains_paywalled_content":false,"_jetpack_memberships_contains_paid_content":false,"footnotes":"","jetpack_publicize_message":"","jetpack_publicize_feature_enabled":true,"jetpack_social_post_already_shared":true,"jetpack_social_options":{"image_generator_settings":{"template":"highway","default_image_id":0,"font":"","enabled":false},"version":2}},"categories":[114],"tags":[],"class_list":["post-190671","post","type-post","status-publish","format-standard","has-post-thumbnail","hentry","category-ecrits-de-jean-gabriel-perboyre"],"yoast_head":"<!-- This site is optimized with the Yoast SEO plugin v26.3 - https:\/\/yoast.com\/wordpress\/plugins\/seo\/ -->\n<title>Jean-Gabriel Perboyre, Lettre 078. A Jean-Baptiste Torrette, C.M., \u00e0 Macao - Nous Sommes Vincentiens<\/title>\n<meta name=\"robots\" content=\"index, follow, max-snippet:-1, max-image-preview:large, max-video-preview:-1\" \/>\n<link rel=\"canonical\" href=\"http:\/\/vincentians.com\/fr\/jean-gabriel-perboyre-lettre-078-jean-baptiste-torrette-c-m-macao\/\" \/>\n<meta property=\"og:locale\" content=\"fr_FR\" \/>\n<meta property=\"og:type\" content=\"article\" \/>\n<meta property=\"og:title\" content=\"Jean-Gabriel Perboyre, Lettre 078. A Jean-Baptiste Torrette, C.M., \u00e0 Macao - Nous Sommes Vincentiens\" \/>\n<meta property=\"og:description\" content=\"Honan, le 17 ao\u00fbt 1836. Monsieur et tr\u00e8s cher confr\u00e8re, La gr\u00e2ce de N. S. soit toujours avec nous. C\u2019est du Honan que je vous \u00e9cris ma troisi\u00e8me lettre de la Chine. Je vous en ... Read More\" \/>\n<meta property=\"og:url\" content=\"http:\/\/vincentians.com\/fr\/jean-gabriel-perboyre-lettre-078-jean-baptiste-torrette-c-m-macao\/\" \/>\n<meta property=\"og:site_name\" content=\"Nous Sommes Vincentiens\" \/>\n<meta property=\"article:publisher\" content=\"https:\/\/www.facebook.com\/WeAreVincentians\/\" \/>\n<meta property=\"article:author\" content=\"https:\/\/www.facebook.com\/JavierChento\" \/>\n<meta property=\"article:published_time\" content=\"2017-12-31T03:00:58+00:00\" \/>\n<meta property=\"og:image\" content=\"https:\/\/i0.wp.com\/vincentians.com\/fr\/wp-content\/uploads\/sites\/10\/2016\/07\/cartas-perboyre.jpg?fit=1200%2C630\" \/>\n\t<meta property=\"og:image:width\" content=\"1200\" \/>\n\t<meta property=\"og:image:height\" content=\"630\" \/>\n\t<meta property=\"og:image:type\" content=\"image\/jpeg\" \/>\n<meta name=\"author\" content=\"Francisco Javier Fern\u00e1ndez Chento\" \/>\n<meta name=\"twitter:card\" content=\"summary_large_image\" \/>\n<meta name=\"twitter:creator\" content=\"@https:\/\/twitter.com\/javierchento\" \/>\n<meta name=\"twitter:site\" content=\"@WeVincentians\" \/>\n<meta name=\"twitter:label1\" content=\"\u00c9crit par\" \/>\n\t<meta name=\"twitter:data1\" content=\"Francisco Javier Fern\u00e1ndez Chento\" \/>\n\t<meta name=\"twitter:label2\" content=\"Dur\u00e9e de lecture estim\u00e9e\" \/>\n\t<meta name=\"twitter:data2\" content=\"8 minutes\" \/>\n<script type=\"application\/ld+json\" class=\"yoast-schema-graph\">{\"@context\":\"https:\/\/schema.org\",\"@graph\":[{\"@type\":\"WebPage\",\"@id\":\"http:\/\/vincentians.com\/fr\/jean-gabriel-perboyre-lettre-078-jean-baptiste-torrette-c-m-macao\/\",\"url\":\"http:\/\/vincentians.com\/fr\/jean-gabriel-perboyre-lettre-078-jean-baptiste-torrette-c-m-macao\/\",\"name\":\"Jean-Gabriel Perboyre, Lettre 078. A Jean-Baptiste Torrette, C.M., \u00e0 Macao - Nous Sommes Vincentiens\",\"isPartOf\":{\"@id\":\"http:\/\/vincentians.com\/fr\/#website\"},\"primaryImageOfPage\":{\"@id\":\"http:\/\/vincentians.com\/fr\/jean-gabriel-perboyre-lettre-078-jean-baptiste-torrette-c-m-macao\/#primaryimage\"},\"image\":{\"@id\":\"http:\/\/vincentians.com\/fr\/jean-gabriel-perboyre-lettre-078-jean-baptiste-torrette-c-m-macao\/#primaryimage\"},\"thumbnailUrl\":\"https:\/\/i0.wp.com\/vincentians.com\/fr\/wp-content\/uploads\/sites\/10\/2016\/07\/cartas-perboyre.jpg?fit=1200%2C630\",\"datePublished\":\"2017-12-31T03:00:58+00:00\",\"author\":{\"@id\":\"http:\/\/vincentians.com\/fr\/#\/schema\/person\/9623ef4d9aa3b2dfb8c061f1499288f2\"},\"breadcrumb\":{\"@id\":\"http:\/\/vincentians.com\/fr\/jean-gabriel-perboyre-lettre-078-jean-baptiste-torrette-c-m-macao\/#breadcrumb\"},\"inLanguage\":\"fr-FR\",\"potentialAction\":[{\"@type\":\"ReadAction\",\"target\":[\"http:\/\/vincentians.com\/fr\/jean-gabriel-perboyre-lettre-078-jean-baptiste-torrette-c-m-macao\/\"]}]},{\"@type\":\"ImageObject\",\"inLanguage\":\"fr-FR\",\"@id\":\"http:\/\/vincentians.com\/fr\/jean-gabriel-perboyre-lettre-078-jean-baptiste-torrette-c-m-macao\/#primaryimage\",\"url\":\"https:\/\/i0.wp.com\/vincentians.com\/fr\/wp-content\/uploads\/sites\/10\/2016\/07\/cartas-perboyre.jpg?fit=1200%2C630\",\"contentUrl\":\"https:\/\/i0.wp.com\/vincentians.com\/fr\/wp-content\/uploads\/sites\/10\/2016\/07\/cartas-perboyre.jpg?fit=1200%2C630\",\"width\":1200,\"height\":630},{\"@type\":\"BreadcrumbList\",\"@id\":\"http:\/\/vincentians.com\/fr\/jean-gabriel-perboyre-lettre-078-jean-baptiste-torrette-c-m-macao\/#breadcrumb\",\"itemListElement\":[{\"@type\":\"ListItem\",\"position\":1,\"name\":\"Portada\",\"item\":\"http:\/\/vincentians.com\/fr\/\"},{\"@type\":\"ListItem\",\"position\":2,\"name\":\"Jean-Gabriel Perboyre, Lettre 078. A Jean-Baptiste Torrette, C.M., \u00e0 Macao\"}]},{\"@type\":\"WebSite\",\"@id\":\"http:\/\/vincentians.com\/fr\/#website\",\"url\":\"http:\/\/vincentians.com\/fr\/\",\"name\":\"Nous Sommes Vincentiens\",\"description\":\"Know more to serve more\",\"potentialAction\":[{\"@type\":\"SearchAction\",\"target\":{\"@type\":\"EntryPoint\",\"urlTemplate\":\"http:\/\/vincentians.com\/fr\/?s={search_term_string}\"},\"query-input\":{\"@type\":\"PropertyValueSpecification\",\"valueRequired\":true,\"valueName\":\"search_term_string\"}}],\"inLanguage\":\"fr-FR\"},{\"@type\":\"Person\",\"@id\":\"http:\/\/vincentians.com\/fr\/#\/schema\/person\/9623ef4d9aa3b2dfb8c061f1499288f2\",\"name\":\"Francisco Javier Fern\u00e1ndez Chento\",\"image\":{\"@type\":\"ImageObject\",\"inLanguage\":\"fr-FR\",\"@id\":\"http:\/\/vincentians.com\/fr\/#\/schema\/person\/image\/\",\"url\":\"https:\/\/secure.gravatar.com\/avatar\/497d5cde87b4c3d097d0315953521681ba2cd523ee66e5077c3711f7021e65de?s=96&d=mm&r=g\",\"contentUrl\":\"https:\/\/secure.gravatar.com\/avatar\/497d5cde87b4c3d097d0315953521681ba2cd523ee66e5077c3711f7021e65de?s=96&d=mm&r=g\",\"caption\":\"Francisco Javier Fern\u00e1ndez Chento\"},\"description\":\"Director General y cofundador de La Red de Formaci\u00f3n Vicenciana. Javier es laico vicenciano, afiliado a la Congregaci\u00f3n de la Misi\u00f3n y miembro del Equipo de Misiones Populares de la provincia can\u00f3nica de Zaragoza (Espa\u00f1a) de la Congregaci\u00f3n de la Misi\u00f3n. Graduado en la Universidad Oberta de Catalunya con cuatro grados (Asistente de direcci\u00f3n, Gesti\u00f3n Administrativa, Recursos Humanos y Contabilidad Avanzada). Bil\u00edng\u00fce Espa\u00f1ol\/Ingl\u00e9s. gestiona y mantiene varias p\u00e1ginas web cristianas y vicencianas, incluida including La Red de Formaci\u00f3n Vicenciana, de la que es cofundador. Actualmente es responsable del \u00e1rea de Espa\u00f1ol de .famvin, la Red de Noticias de la Familia Vicenciana. Tambi\u00e9n es m\u00fasico cat\u00f3lico y ha editado varios discos. Es Director General y cofundador de Trovador, una reconocida compa\u00f1\u00eda discogr\u00e1fica critiana de Espa\u00f1a. Trabaja en las Tecnolog\u00edas de la Informaci\u00f3n, ofreciendo servicios de alojamiento, dise\u00f1o y mantenimiento Web, as\u00ed como asesoramiento, formaci\u00f3n y soluciones inform\u00e1ticas, gesti\u00f3n documental y digitalizaci\u00f3n de textos, edici\u00f3n y maquetaci\u00f3n de libros, revistas, flyers, etc.\",\"sameAs\":[\"http:\/\/chento.org\",\"https:\/\/www.facebook.com\/JavierChento\",\"https:\/\/x.com\/https:\/\/twitter.com\/javierchento\"],\"url\":\"http:\/\/vincentians.com\/fr\/author\/chento\/\"}]}<\/script>\n<!-- \/ Yoast SEO plugin. -->","yoast_head_json":{"title":"Jean-Gabriel Perboyre, Lettre 078. A Jean-Baptiste Torrette, C.M., \u00e0 Macao - Nous Sommes Vincentiens","robots":{"index":"index","follow":"follow","max-snippet":"max-snippet:-1","max-image-preview":"max-image-preview:large","max-video-preview":"max-video-preview:-1"},"canonical":"http:\/\/vincentians.com\/fr\/jean-gabriel-perboyre-lettre-078-jean-baptiste-torrette-c-m-macao\/","og_locale":"fr_FR","og_type":"article","og_title":"Jean-Gabriel Perboyre, Lettre 078. A Jean-Baptiste Torrette, C.M., \u00e0 Macao - Nous Sommes Vincentiens","og_description":"Honan, le 17 ao\u00fbt 1836. Monsieur et tr\u00e8s cher confr\u00e8re, La gr\u00e2ce de N. S. soit toujours avec nous. C\u2019est du Honan que je vous \u00e9cris ma troisi\u00e8me lettre de la Chine. Je vous en ... Read More","og_url":"http:\/\/vincentians.com\/fr\/jean-gabriel-perboyre-lettre-078-jean-baptiste-torrette-c-m-macao\/","og_site_name":"Nous Sommes Vincentiens","article_publisher":"https:\/\/www.facebook.com\/WeAreVincentians\/","article_author":"https:\/\/www.facebook.com\/JavierChento","article_published_time":"2017-12-31T03:00:58+00:00","og_image":[{"width":1200,"height":630,"url":"https:\/\/i0.wp.com\/vincentians.com\/fr\/wp-content\/uploads\/sites\/10\/2016\/07\/cartas-perboyre.jpg?fit=1200%2C630","type":"image\/jpeg"}],"author":"Francisco Javier Fern\u00e1ndez Chento","twitter_card":"summary_large_image","twitter_creator":"@https:\/\/twitter.com\/javierchento","twitter_site":"@WeVincentians","twitter_misc":{"\u00c9crit par":"Francisco Javier Fern\u00e1ndez Chento","Dur\u00e9e de lecture estim\u00e9e":"8 minutes"},"schema":{"@context":"https:\/\/schema.org","@graph":[{"@type":"WebPage","@id":"http:\/\/vincentians.com\/fr\/jean-gabriel-perboyre-lettre-078-jean-baptiste-torrette-c-m-macao\/","url":"http:\/\/vincentians.com\/fr\/jean-gabriel-perboyre-lettre-078-jean-baptiste-torrette-c-m-macao\/","name":"Jean-Gabriel Perboyre, Lettre 078. A Jean-Baptiste Torrette, C.M., \u00e0 Macao - Nous Sommes Vincentiens","isPartOf":{"@id":"http:\/\/vincentians.com\/fr\/#website"},"primaryImageOfPage":{"@id":"http:\/\/vincentians.com\/fr\/jean-gabriel-perboyre-lettre-078-jean-baptiste-torrette-c-m-macao\/#primaryimage"},"image":{"@id":"http:\/\/vincentians.com\/fr\/jean-gabriel-perboyre-lettre-078-jean-baptiste-torrette-c-m-macao\/#primaryimage"},"thumbnailUrl":"https:\/\/i0.wp.com\/vincentians.com\/fr\/wp-content\/uploads\/sites\/10\/2016\/07\/cartas-perboyre.jpg?fit=1200%2C630","datePublished":"2017-12-31T03:00:58+00:00","author":{"@id":"http:\/\/vincentians.com\/fr\/#\/schema\/person\/9623ef4d9aa3b2dfb8c061f1499288f2"},"breadcrumb":{"@id":"http:\/\/vincentians.com\/fr\/jean-gabriel-perboyre-lettre-078-jean-baptiste-torrette-c-m-macao\/#breadcrumb"},"inLanguage":"fr-FR","potentialAction":[{"@type":"ReadAction","target":["http:\/\/vincentians.com\/fr\/jean-gabriel-perboyre-lettre-078-jean-baptiste-torrette-c-m-macao\/"]}]},{"@type":"ImageObject","inLanguage":"fr-FR","@id":"http:\/\/vincentians.com\/fr\/jean-gabriel-perboyre-lettre-078-jean-baptiste-torrette-c-m-macao\/#primaryimage","url":"https:\/\/i0.wp.com\/vincentians.com\/fr\/wp-content\/uploads\/sites\/10\/2016\/07\/cartas-perboyre.jpg?fit=1200%2C630","contentUrl":"https:\/\/i0.wp.com\/vincentians.com\/fr\/wp-content\/uploads\/sites\/10\/2016\/07\/cartas-perboyre.jpg?fit=1200%2C630","width":1200,"height":630},{"@type":"BreadcrumbList","@id":"http:\/\/vincentians.com\/fr\/jean-gabriel-perboyre-lettre-078-jean-baptiste-torrette-c-m-macao\/#breadcrumb","itemListElement":[{"@type":"ListItem","position":1,"name":"Portada","item":"http:\/\/vincentians.com\/fr\/"},{"@type":"ListItem","position":2,"name":"Jean-Gabriel Perboyre, Lettre 078. A Jean-Baptiste Torrette, C.M., \u00e0 Macao"}]},{"@type":"WebSite","@id":"http:\/\/vincentians.com\/fr\/#website","url":"http:\/\/vincentians.com\/fr\/","name":"Nous Sommes Vincentiens","description":"Know more to serve more","potentialAction":[{"@type":"SearchAction","target":{"@type":"EntryPoint","urlTemplate":"http:\/\/vincentians.com\/fr\/?s={search_term_string}"},"query-input":{"@type":"PropertyValueSpecification","valueRequired":true,"valueName":"search_term_string"}}],"inLanguage":"fr-FR"},{"@type":"Person","@id":"http:\/\/vincentians.com\/fr\/#\/schema\/person\/9623ef4d9aa3b2dfb8c061f1499288f2","name":"Francisco Javier Fern\u00e1ndez Chento","image":{"@type":"ImageObject","inLanguage":"fr-FR","@id":"http:\/\/vincentians.com\/fr\/#\/schema\/person\/image\/","url":"https:\/\/secure.gravatar.com\/avatar\/497d5cde87b4c3d097d0315953521681ba2cd523ee66e5077c3711f7021e65de?s=96&d=mm&r=g","contentUrl":"https:\/\/secure.gravatar.com\/avatar\/497d5cde87b4c3d097d0315953521681ba2cd523ee66e5077c3711f7021e65de?s=96&d=mm&r=g","caption":"Francisco Javier Fern\u00e1ndez Chento"},"description":"Director General y cofundador de La Red de Formaci\u00f3n Vicenciana. Javier es laico vicenciano, afiliado a la Congregaci\u00f3n de la Misi\u00f3n y miembro del Equipo de Misiones Populares de la provincia can\u00f3nica de Zaragoza (Espa\u00f1a) de la Congregaci\u00f3n de la Misi\u00f3n. Graduado en la Universidad Oberta de Catalunya con cuatro grados (Asistente de direcci\u00f3n, Gesti\u00f3n Administrativa, Recursos Humanos y Contabilidad Avanzada). Bil\u00edng\u00fce Espa\u00f1ol\/Ingl\u00e9s. gestiona y mantiene varias p\u00e1ginas web cristianas y vicencianas, incluida including La Red de Formaci\u00f3n Vicenciana, de la que es cofundador. Actualmente es responsable del \u00e1rea de Espa\u00f1ol de .famvin, la Red de Noticias de la Familia Vicenciana. Tambi\u00e9n es m\u00fasico cat\u00f3lico y ha editado varios discos. Es Director General y cofundador de Trovador, una reconocida compa\u00f1\u00eda discogr\u00e1fica critiana de Espa\u00f1a. Trabaja en las Tecnolog\u00edas de la Informaci\u00f3n, ofreciendo servicios de alojamiento, dise\u00f1o y mantenimiento Web, as\u00ed como asesoramiento, formaci\u00f3n y soluciones inform\u00e1ticas, gesti\u00f3n documental y digitalizaci\u00f3n de textos, edici\u00f3n y maquetaci\u00f3n de libros, revistas, flyers, etc.","sameAs":["http:\/\/chento.org","https:\/\/www.facebook.com\/JavierChento","https:\/\/x.com\/https:\/\/twitter.com\/javierchento"],"url":"http:\/\/vincentians.com\/fr\/author\/chento\/"}]}},"jetpack_publicize_connections":[],"jetpack_featured_media_url":"https:\/\/i0.wp.com\/vincentians.com\/fr\/wp-content\/uploads\/sites\/10\/2016\/07\/cartas-perboyre.jpg?fit=1200%2C630","jetpack_sharing_enabled":true,"jetpack_shortlink":"https:\/\/wp.me\/p7ETMP-NBl","jetpack-related-posts":[{"id":105354,"url":"http:\/\/vincentians.com\/fr\/jean-gabriel-perboyre-lettre-045-a-jean-baptiste-torrette-c-m-a-macao\/","url_meta":{"origin":190671,"position":0},"title":"Jean-Gabriel Perboyre, Lettre 045. A Jean-Baptiste Torrette, C.M., \u00e0 Macao","author":"Francisco Javier Fern\u00e1ndez Chento","date":"14\/05\/2017","format":false,"excerpt":"Monsieur et tr\u00e8s cher confr\u00e8re, La gr\u00e2ce de N. S. soit toujours avec nous. Un jour que nous aimions, M.\u00a0Martin et moi, \u00e0 nous rappeler que nous avions \u00e9t\u00e9 ordonn\u00e9s pr\u00eatres avec vous, nous conv\u00eenmes que nous vous enverrions un petit souvenir. J\u2019ai pens\u00e9 que vous liriez avec plaisir les\u2026","rel":"","context":"Dans &quot;\u00c9crits de Jean-Gabriel Perboyre&quot;","block_context":{"text":"\u00c9crits de Jean-Gabriel Perboyre","link":"http:\/\/vincentians.com\/fr\/category\/ecrits-de-jean-gabriel-perboyre\/"},"img":{"alt_text":"","src":"https:\/\/i0.wp.com\/vincentians.com\/fr\/wp-content\/uploads\/sites\/10\/2016\/07\/cartas-perboyre.jpg?fit=1200%2C630&resize=350%2C200","width":350,"height":200,"srcset":"https:\/\/i0.wp.com\/vincentians.com\/fr\/wp-content\/uploads\/sites\/10\/2016\/07\/cartas-perboyre.jpg?fit=1200%2C630&resize=350%2C200 1x, https:\/\/i0.wp.com\/vincentians.com\/fr\/wp-content\/uploads\/sites\/10\/2016\/07\/cartas-perboyre.jpg?fit=1200%2C630&resize=525%2C300 1.5x, https:\/\/i0.wp.com\/vincentians.com\/fr\/wp-content\/uploads\/sites\/10\/2016\/07\/cartas-perboyre.jpg?fit=1200%2C630&resize=700%2C400 2x, https:\/\/i0.wp.com\/vincentians.com\/fr\/wp-content\/uploads\/sites\/10\/2016\/07\/cartas-perboyre.jpg?fit=1200%2C630&resize=1050%2C600 3x"},"classes":[]},{"id":107242,"url":"http:\/\/vincentians.com\/fr\/jean-gabriel-perboyre-lettre-066-frere-jacques-paris\/","url_meta":{"origin":190671,"position":1},"title":"Jean-Gabriel Perboyre, Lettre 066. A son Fr\u00e8re Jacques, \u00e0 Paris","author":"Francisco Javier Fern\u00e1ndez Chento","date":"08\/10\/2017","format":false,"excerpt":"Macao, le 14 Septembre 1835. Mon tr\u00e8s cher fr\u00e8re, La gr\u00e2ce de N. S. soit toujours avec nous. N\u2019ayant qu\u2019un instant pour \u00e9crire, r\u00e9signez-vous \u00e0 n\u2019avoir que deux lignes pour cette fois. Ne vous suffit-il pas d\u2019apprendre que depuis que je vous ai \u00e9crit de Batavia, le Bon Dieu a\u2026","rel":"","context":"Dans &quot;\u00c9crits de Jean-Gabriel Perboyre&quot;","block_context":{"text":"\u00c9crits de Jean-Gabriel Perboyre","link":"http:\/\/vincentians.com\/fr\/category\/ecrits-de-jean-gabriel-perboyre\/"},"img":{"alt_text":"","src":"https:\/\/i0.wp.com\/vincentians.com\/fr\/wp-content\/uploads\/sites\/10\/2016\/07\/cartas-perboyre.jpg?fit=1200%2C630&resize=350%2C200","width":350,"height":200,"srcset":"https:\/\/i0.wp.com\/vincentians.com\/fr\/wp-content\/uploads\/sites\/10\/2016\/07\/cartas-perboyre.jpg?fit=1200%2C630&resize=350%2C200 1x, https:\/\/i0.wp.com\/vincentians.com\/fr\/wp-content\/uploads\/sites\/10\/2016\/07\/cartas-perboyre.jpg?fit=1200%2C630&resize=525%2C300 1.5x, https:\/\/i0.wp.com\/vincentians.com\/fr\/wp-content\/uploads\/sites\/10\/2016\/07\/cartas-perboyre.jpg?fit=1200%2C630&resize=700%2C400 2x, https:\/\/i0.wp.com\/vincentians.com\/fr\/wp-content\/uploads\/sites\/10\/2016\/07\/cartas-perboyre.jpg?fit=1200%2C630&resize=1050%2C600 3x"},"classes":[]},{"id":107239,"url":"http:\/\/vincentians.com\/fr\/jean-gabriel-perboyre-lettre-060-a-jean-baptiste-torrette-c-m-a-macao\/","url_meta":{"origin":190671,"position":2},"title":"Jean-Gabriel Perboyre, Lettre 060. A Jean-Baptiste Torrette, C.M., \u00e0 Macao","author":"Francisco Javier Fern\u00e1ndez Chento","date":"27\/08\/2017","format":false,"excerpt":"Surabaya, le 15 juillet 1835. Monsieur et tr\u00e8s cher confr\u00e8re, La gr\u00e2ce de N.S. soit toujours avec nous. Quoique j\u2019esp\u00e8re avoir dans peu le plaisir de vous embrasser, je profite de l\u2019occasion que nous offre le d\u00e9part d\u2019une jonque chinoise, pour vous pr\u00e9venir de l\u2019arriv\u00e9e pro-chaine chez vous de trois\u2026","rel":"","context":"Dans &quot;\u00c9crits de Jean-Gabriel Perboyre&quot;","block_context":{"text":"\u00c9crits de Jean-Gabriel Perboyre","link":"http:\/\/vincentians.com\/fr\/category\/ecrits-de-jean-gabriel-perboyre\/"},"img":{"alt_text":"","src":"https:\/\/i0.wp.com\/vincentians.com\/fr\/wp-content\/uploads\/sites\/10\/2016\/07\/cartas-perboyre.jpg?fit=1200%2C630&resize=350%2C200","width":350,"height":200,"srcset":"https:\/\/i0.wp.com\/vincentians.com\/fr\/wp-content\/uploads\/sites\/10\/2016\/07\/cartas-perboyre.jpg?fit=1200%2C630&resize=350%2C200 1x, https:\/\/i0.wp.com\/vincentians.com\/fr\/wp-content\/uploads\/sites\/10\/2016\/07\/cartas-perboyre.jpg?fit=1200%2C630&resize=525%2C300 1.5x, https:\/\/i0.wp.com\/vincentians.com\/fr\/wp-content\/uploads\/sites\/10\/2016\/07\/cartas-perboyre.jpg?fit=1200%2C630&resize=700%2C400 2x, https:\/\/i0.wp.com\/vincentians.com\/fr\/wp-content\/uploads\/sites\/10\/2016\/07\/cartas-perboyre.jpg?fit=1200%2C630&resize=1050%2C600 3x"},"classes":[]},{"id":190676,"url":"http:\/\/vincentians.com\/fr\/jean-gabriel-perboyre-lettre-075-jean-baptiste-torrette-c-m-macao\/","url_meta":{"origin":190671,"position":3},"title":"Jean-Gabriel Perboyre, Lettre 075. A Jean-Baptiste Torrette, C.M., \u00e0 Macao","author":"Francisco Javier Fern\u00e1ndez Chento","date":"10\/12\/2017","format":false,"excerpt":"Kiang-Si, 3 avril 1836. Monsieur et tr\u00e8s cher confr\u00e8re, La gr\u00e2ce de N. S. soit toujours avec nous. Encore un petit signe de vie avant de parvenir au Houp\u00e9. Ce n\u2019est que le 15 mars que nous sommes partis du Fokien. Les sept ou huit premiers jours nous n\u2019avons fait\u2026","rel":"","context":"Dans &quot;\u00c9crits de Jean-Gabriel Perboyre&quot;","block_context":{"text":"\u00c9crits de Jean-Gabriel Perboyre","link":"http:\/\/vincentians.com\/fr\/category\/ecrits-de-jean-gabriel-perboyre\/"},"img":{"alt_text":"","src":"https:\/\/i0.wp.com\/vincentians.com\/fr\/wp-content\/uploads\/sites\/10\/2016\/07\/cartas-perboyre.jpg?fit=1200%2C630&resize=350%2C200","width":350,"height":200,"srcset":"https:\/\/i0.wp.com\/vincentians.com\/fr\/wp-content\/uploads\/sites\/10\/2016\/07\/cartas-perboyre.jpg?fit=1200%2C630&resize=350%2C200 1x, https:\/\/i0.wp.com\/vincentians.com\/fr\/wp-content\/uploads\/sites\/10\/2016\/07\/cartas-perboyre.jpg?fit=1200%2C630&resize=525%2C300 1.5x, https:\/\/i0.wp.com\/vincentians.com\/fr\/wp-content\/uploads\/sites\/10\/2016\/07\/cartas-perboyre.jpg?fit=1200%2C630&resize=700%2C400 2x, https:\/\/i0.wp.com\/vincentians.com\/fr\/wp-content\/uploads\/sites\/10\/2016\/07\/cartas-perboyre.jpg?fit=1200%2C630&resize=1050%2C600 3x"},"classes":[]},{"id":107244,"url":"http:\/\/vincentians.com\/fr\/jean-gabriel-perboyre-lettre-064-a-son-oncle-a-montauban\/","url_meta":{"origin":190671,"position":4},"title":"Jean-Gabriel Perboyre, Lettre 064. A son Oncle, \u00e0 Montauban","author":"Francisco Javier Fern\u00e1ndez Chento","date":"24\/09\/2017","format":false,"excerpt":"Macao le 13 septembre 1835. Mon tr\u00e8s cher oncle, La gr\u00e2ce de N.S. soit toujours avec nous. Si, comme je l\u2019esp\u00e8re, vous avez re\u00e7u la lettre que je vous ai \u00e9crite de Surabaya vers la fin de juillet, elle vous aura d\u00e9li\u00advr\u00e9 de toute inqui\u00e9tude relativement \u00e0 ma travers\u00e9e, qui\u2026","rel":"","context":"Dans &quot;\u00c9crits de Jean-Gabriel Perboyre&quot;","block_context":{"text":"\u00c9crits de Jean-Gabriel Perboyre","link":"http:\/\/vincentians.com\/fr\/category\/ecrits-de-jean-gabriel-perboyre\/"},"img":{"alt_text":"","src":"https:\/\/i0.wp.com\/vincentians.com\/fr\/wp-content\/uploads\/sites\/10\/2016\/07\/cartas-perboyre.jpg?fit=1200%2C630&resize=350%2C200","width":350,"height":200,"srcset":"https:\/\/i0.wp.com\/vincentians.com\/fr\/wp-content\/uploads\/sites\/10\/2016\/07\/cartas-perboyre.jpg?fit=1200%2C630&resize=350%2C200 1x, https:\/\/i0.wp.com\/vincentians.com\/fr\/wp-content\/uploads\/sites\/10\/2016\/07\/cartas-perboyre.jpg?fit=1200%2C630&resize=525%2C300 1.5x, https:\/\/i0.wp.com\/vincentians.com\/fr\/wp-content\/uploads\/sites\/10\/2016\/07\/cartas-perboyre.jpg?fit=1200%2C630&resize=700%2C400 2x, https:\/\/i0.wp.com\/vincentians.com\/fr\/wp-content\/uploads\/sites\/10\/2016\/07\/cartas-perboyre.jpg?fit=1200%2C630&resize=1050%2C600 3x"},"classes":[]},{"id":107243,"url":"http:\/\/vincentians.com\/fr\/jean-gabriel-perboyre-lettre-065-a-son-frere-antoine-au-puech\/","url_meta":{"origin":190671,"position":5},"title":"Jean-Gabriel Perboyre, Lettre 065. A son Fr\u00e8re Antoine, au Puech","author":"Francisco Javier Fern\u00e1ndez Chento","date":"01\/10\/2017","format":false,"excerpt":"Macao, le 13 septembre 1835. Mon tr\u00e8s cher fr\u00e8re, La gr\u00e2ce de N. S. soit toujours avec nous. La lettre que j\u2019\u00e9crivis \u00e0 Papa de Java vous apprenait que j\u2019\u00e9tais d\u00e9j\u00e0 parvenu plus loin que notre bon fr\u00e8re Louis, Dieu ne m\u2019ayant pas jug\u00e9 digne du Ciel comme lui. Celle-ci\u2026","rel":"","context":"Dans &quot;\u00c9crits de Jean-Gabriel Perboyre&quot;","block_context":{"text":"\u00c9crits de Jean-Gabriel Perboyre","link":"http:\/\/vincentians.com\/fr\/category\/ecrits-de-jean-gabriel-perboyre\/"},"img":{"alt_text":"","src":"https:\/\/i0.wp.com\/vincentians.com\/fr\/wp-content\/uploads\/sites\/10\/2016\/07\/cartas-perboyre.jpg?fit=1200%2C630&resize=350%2C200","width":350,"height":200,"srcset":"https:\/\/i0.wp.com\/vincentians.com\/fr\/wp-content\/uploads\/sites\/10\/2016\/07\/cartas-perboyre.jpg?fit=1200%2C630&resize=350%2C200 1x, https:\/\/i0.wp.com\/vincentians.com\/fr\/wp-content\/uploads\/sites\/10\/2016\/07\/cartas-perboyre.jpg?fit=1200%2C630&resize=525%2C300 1.5x, https:\/\/i0.wp.com\/vincentians.com\/fr\/wp-content\/uploads\/sites\/10\/2016\/07\/cartas-perboyre.jpg?fit=1200%2C630&resize=700%2C400 2x, https:\/\/i0.wp.com\/vincentians.com\/fr\/wp-content\/uploads\/sites\/10\/2016\/07\/cartas-perboyre.jpg?fit=1200%2C630&resize=1050%2C600 3x"},"classes":[]}],"_links":{"self":[{"href":"http:\/\/vincentians.com\/fr\/wp-json\/wp\/v2\/posts\/190671","targetHints":{"allow":["GET"]}}],"collection":[{"href":"http:\/\/vincentians.com\/fr\/wp-json\/wp\/v2\/posts"}],"about":[{"href":"http:\/\/vincentians.com\/fr\/wp-json\/wp\/v2\/types\/post"}],"author":[{"embeddable":true,"href":"http:\/\/vincentians.com\/fr\/wp-json\/wp\/v2\/users\/4"}],"replies":[{"embeddable":true,"href":"http:\/\/vincentians.com\/fr\/wp-json\/wp\/v2\/comments?post=190671"}],"version-history":[{"count":0,"href":"http:\/\/vincentians.com\/fr\/wp-json\/wp\/v2\/posts\/190671\/revisions"}],"wp:featuredmedia":[{"embeddable":true,"href":"http:\/\/vincentians.com\/fr\/wp-json\/wp\/v2\/media\/189778"}],"wp:attachment":[{"href":"http:\/\/vincentians.com\/fr\/wp-json\/wp\/v2\/media?parent=190671"}],"wp:term":[{"taxonomy":"category","embeddable":true,"href":"http:\/\/vincentians.com\/fr\/wp-json\/wp\/v2\/categories?post=190671"},{"taxonomy":"post_tag","embeddable":true,"href":"http:\/\/vincentians.com\/fr\/wp-json\/wp\/v2\/tags?post=190671"}],"curies":[{"name":"wp","href":"https:\/\/api.w.org\/{rel}","templated":true}]}}