{"id":190661,"date":"2017-11-05T04:00:58","date_gmt":"2017-11-05T03:00:58","guid":{"rendered":"http:\/\/vincentians.com\/fr\/?p=190661"},"modified":"2016-08-12T07:48:41","modified_gmt":"2016-08-12T05:48:41","slug":"jean-gabriel-perboyre-lettre-070-jean-baptiste-nozo-superieur-general-paris","status":"publish","type":"post","link":"http:\/\/vincentians.com\/fr\/jean-gabriel-perboyre-lettre-070-jean-baptiste-nozo-superieur-general-paris\/","title":{"rendered":"Jean-Gabriel Perboyre, Lettre 070. A Jean-Baptiste Nozo, Sup\u00e9rieur g\u00e9n\u00e9ral, \u00e0 Paris"},"content":{"rendered":"<p>Macao, le 19 d\u00e9cembre 1835.<\/p>\n<p>Monsieur et tr\u00e8s honor\u00e9 P\u00e8re<span id='easy-footnote-1-190661' class='easy-footnote-margin-adjust'><\/span><span class='easy-footnote'><a href='http:\/\/vincentians.com\/fr\/jean-gabriel-perboyre-lettre-070-jean-baptiste-nozo-superieur-general-paris\/#easy-footnote-bottom-1-190661' title='Cette lettre adress\u00e9e au Sup\u00e9rieur g\u00e9n\u00e9ral de la Cong. de la Mission, revient \u00e0 M.\u00a0Nozo, \u00e9lu le 20 ao\u00fbt pr\u00e9c\u00e9dent, quoique saint J.G. Perboyre en ignorait l\u2019\u00e9lection au moment o\u00f9 il l\u2019\u00e9crivait\u00a0; il ne l\u2019apprendra que dans le courant de l\u2019ann\u00e9e suivante et le f\u00e9licitera de sa nomination le 18 ao\u00fbt 1836 (&lt;em&gt;voir &lt;\/em&gt;Lettre 80).'><sup>1<\/sup><\/a><\/span>,<\/p>\n<p>Votre sainte b\u00e9n\u00e9diction s\u2019il vous pla\u00eet.<\/p>\n<p>A notre arriv\u00e9e \u00e0 Macao, nous \u00e9tant remis tout entiers entre les mains de notre nouveau et cher Sup\u00e9rieur M.\u00a0Torrette, nous avons pens\u00e9 que c\u2019\u00e9tait \u00e0 lui qu\u2019il apparte\u00adnait de vous annoncer l\u2019heureuse issue de notre longue travers\u00e9e et de vous rendre compte de tout ce qui nous concernait\u00a0; et c\u2019est ce qui m\u2019a priv\u00e9 de la consolation de vous \u00e9crire moi-m\u00eame \u00e0 cette occasion. Je sens le besoin de m\u2019en d\u00e9dommager, au moment d\u2019entreprendre un second voyage, moins long, mais plus p\u00e9rilleux que le premier.<\/p>\n<p>Le bon accueil, les soins et les \u00e9gards dont nous avons \u00e9t\u00e9 l\u2019objet de la part de nos confr\u00e8res ont rendu aussi doux que profitable notre s\u00e9jour dans la maison de Macao. Notre s\u00e9minaire des Chinois est vraiment admirable. Il n\u2019est pas \u00e9tonnant qu\u2019il y r\u00e8gne un excellent esprit\u00a0: ceux qui le dirigent en sont \u00e9minemment remplis. M.\u00a0Torrette poss\u00e8de deux qualit\u00e9s bien pr\u00e9cieuses pour la place qu\u2019il occupe\u00a0: la sagesse et une volont\u00e9 efficace de faire observer la R\u00e8gle. Il a dans M.\u00a0Danicourt un homme inappr\u00e9ciable. MM.\u00a0Perry et Gabet passeront encore quelques mois aupr\u00e8s d\u2019eux, continuant \u00e0 recevoir de bons exemples et \u00e0 en donner. Ils \u00e9tudient la langue chinoise avec une ardeur et un succ\u00e8s extraordinaires. Pour moi, je suis d\u00e9j\u00e0 oblig\u00e9 de sacrifier les avantages de cette solitude. Ce soir m\u00eame je m\u2019embarque pour le Fokien (avec M.\u00a0Delamarre<span id='easy-footnote-2-190661' class='easy-footnote-margin-adjust'><\/span><span class='easy-footnote'><a href='http:\/\/vincentians.com\/fr\/jean-gabriel-perboyre-lettre-070-jean-baptiste-nozo-superieur-general-paris\/#easy-footnote-bottom-2-190661' title='Delamarre (Louis-Charles), naquit dans la paroisse Saint-Vivien, \u00e0 Rouen, le 11 juillet 1810\u00a0; entr\u00e9 diacre au S\u00e9minaire des Missions-Etrang\u00e8res le 26 juin 1833\u00a0; ordonn\u00e9 pr\u00eatre le 20 d\u00e9cembre 1834\u00a0; arriv\u00e9 \u00e0 Macao le 29 ao\u00fbt 1835. Missionnaire au Seu-tch\u2019oan. D\u00e9c\u00e9d\u00e9 \u00e0 Han-keou le 3 octobre 1863. (&lt;em&gt;Cf&lt;\/em&gt;. A. Launay, &lt;em&gt;M\u00e9morial&lt;\/em&gt;, p. 182).'><sup>2<\/sup><\/a><\/span><a href=\"#_ftn3\" name=\"_ftnref3\"><\/a>, pr\u00eatre des Missions \u00e9trang\u00e8res) sur une jonque conduite par des chr\u00e9tiens. Apr\u00e8s avoir travers\u00e9 cette province et celle du Kiang-si, o\u00f9 j\u2019aurai le plaisir de voir les confr\u00e8res que nous y avons, j\u2019arriverai, Dieu aidant, dans trois ou quatre mois environ, au Houp\u00e9, lieu de ma destination.<\/p>\n<p>Soldat \u00e0 qui la t\u00e9m\u00e9rit\u00e9 tient lieu de courage, j\u2019ai senti mon c\u0153ur tressaillir \u00e0 l\u2019approche du combat. Je n\u2019ai jamais \u00e9t\u00e9 plus content que dans cette circonstance. Je ne sais ce qui m\u2019est r\u00e9serv\u00e9 dans la carri\u00e8re qui s\u2019ouvre devant moi\u00a0: sans doute bien des croix, c\u2019est l\u00e0 le pain quotidien du mission\u00adnaire. Et que peut-on souhaiter de mieux, en allant pr\u00eacher un Dieu crucifi\u00e9\u00a0? Puisse-t-il me faire go\u00fbter les douceurs de son calice d\u2019amertume\u00a0! Puisse-t-il me rendre digne de mes devanciers que je vais rejoindre\u00a0! Puisse-t-il ne pas permettre qu\u2019aucun de nous d\u00e9g\u00e9n\u00e8re des beaux mod\u00e8les que notre Congr\u00e9gation nous pr\u00e9sente dans ces pays lointains\u00a0!<\/p>\n<p>Il y a un si\u00e8cle, M.\u00a0Appiani<span id='easy-footnote-3-190661' class='easy-footnote-margin-adjust'><\/span><span class='easy-footnote'><a href='http:\/\/vincentians.com\/fr\/jean-gabriel-perboyre-lettre-070-jean-baptiste-nozo-superieur-general-paris\/#easy-footnote-bottom-3-190661' title='Appiani, voir Lettre 77, note 2, p. 199.'><sup>3<\/sup><\/a><\/span><a href=\"#_ftn4\" name=\"_ftnref4\"><\/a>, cet invincible confesseur de la fid\u00e9lit\u00e9 au Saint-Si\u00e8ge, qui \u00e9tait venu faire briller en Chine toutes les vertus des premiers enfants de saint Vincent, avait d\u00e9j\u00e0 re\u00e7u la r\u00e9compense de trente-cinq ans d\u2019apostolat\u00a0; et il y a peu d\u2019ann\u00e9es, M.\u00a0Clet, apr\u00e8s une carri\u00e8re \u00e9galement longue et pleine de m\u00e9rites, a eu le bonheur de mourir martyr\u00a0: tous les chr\u00e9tiens qui l\u2019ont connu ne peuvent se lasser de publier ses bienfaits et ses vertus. Nous ne manquons ni d\u2019exemples ni de motifs pour nous exciter et nous soutenir. Cependant, tant je suis faible, tout me para\u00eetrait insuffisant si je ne pouvais compter sur le puissant secours de vos pri\u00e8res et de celles de tous nos confr\u00e8res et de nos S\u0153urs de la Charit\u00e9. Aussi ne cesserai-je de le r\u00e9clamer avec les plus vives instances.<\/p>\n<p>Vous savez, Monsieur et tr\u00e8s honor\u00e9 P\u00e8re, que sur les demandes r\u00e9it\u00e9r\u00e9es de nos confr\u00e8res portugais de Saint-Joseph, j\u2019\u00e9tais all\u00e9 habiter chez eux. La promptitude de mon d\u00e9part ne m\u2019a pas permis d\u2019y s\u00e9journer plus d\u2019un mois. Je n\u2019ai qu\u2019\u00e0 me f\u00e9liciter de leur conduite \u00e0 mon \u00e9gard\u00a0; et ils m\u2019ont beaucoup \u00e9difi\u00e9 par leur r\u00e9gularit\u00e9. Je ne veux pas dire qu\u2019il n\u2019y ait rien \u00e0 d\u00e9sirer ni \u00e0 r\u00e9former parmi eux. M.\u00a0Torrette, apr\u00e8s la visite, vous fera conna\u00eetre tout, le bon et le mauvais.<\/p>\n<p>Leur coll\u00e8ge se compose en ce moment de dix Chinois et de trente \u00e0 quarante enfants de Macao, la plupart externes. Ils d\u00e9sireraient avoir avec eux un confr\u00e8re fran\u00e7ais, qui certaine\u00adment pourrait leur \u00eatre fort utile. M.\u00a0Peschaud<span id='easy-footnote-4-190661' class='easy-footnote-margin-adjust'><\/span><span class='easy-footnote'><a href='http:\/\/vincentians.com\/fr\/jean-gabriel-perboyre-lettre-070-jean-baptiste-nozo-superieur-general-paris\/#easy-footnote-bottom-4-190661' title='Peschaud (Pierre), C.M., pr\u00eatre, n\u00e9 \u00e0 La Chapelle d\u2019Alagnon, Cantal, le 6 avril 1813\u00a0; re\u00e7u au s\u00e9minaire \u00e0 Paris le 3 octobre 1832\u00a0; y fit les v\u0153ux le 4 octobre 1834\u00a0; ordonn\u00e9 pr\u00eatre le 18 f\u00e9vrier 1837\u00a0; arriv\u00e9 \u00e0 Macao le 29 ao\u00fbt suivant. Missionnaire au Kiang-si. D\u00e9c\u00e9d\u00e9 \u00e0 Siao-han-ts\u2019ouen, T\u2019ai-ho hsien, le 12 septembre 1844.'><sup>4<\/sup><\/a><\/span><a href=\"#_ftn5\" name=\"_ftnref5\"><\/a> 2us\u00a0qui d\u00e9sire tant venir en Chine, serait parfaitement l\u2019homme qui conviendrait l\u00e0. Et si vous ne jugiez pas \u00e0 propos de le leur accorder, ce jeune confr\u00e8re me para\u00eetrait du reste tr\u00e8s propre pour nos missions et pour le s\u00e9minaire de M.\u00a0Torrette, qui veut s\u2019adjoindre plus tard un troisi\u00e8me confr\u00e8re fran\u00e7ais. Les Portugais demandent encore du renfort pour leurs missions, dont les besoins sont, en effet, assez grands. D\u00e9j\u00e0 nous les aidons un peu dans les provinces de P\u00e9kin et du Ho-nan et nous t\u00e2cherons de le faire de plus en plus. Ils nous attendent avec impatience dans celle du Kian-Nan. Comme nos missions sont voisines des leurs, nous pouvons travailler chez eux sans sortir pour ainsi dire de chez nous pour le moment. Il para\u00eet que le mieux est de s\u2019introduire chez eux peu \u00e0 peu et sans \u00e9clat, de sorte que lorsque la Propagande, dont la Providence semble vouloir nous faire acheter cher les bonnes gr\u00e2ces, aurait \u00e0 se m\u00ealer des affaires de ces Missions, elle p\u00fbt reconna\u00eetre parmi nos titres celui d\u2019une possession justifi\u00e9e par les \u0153uvres.<\/p>\n<p>M. Leite dit qu\u2019il leur faudrait peu d\u2019ouvriers, mais excellents. Il me semble aussi que c\u2019est cela, vu l\u2019\u00e9tat actuel des choses.<\/p>\n<p>Dans leurs missions il y a bien des abus\u00a0; beaucoup de chr\u00e9tiens redemandent les J\u00e9suites\u00a0; ils ont des pr\u00eatres chinois dyscoles et de mauvaise conduite, et on n\u2019aurait pas peu de m\u00e9nagements \u00e0 garder envers les missionnaires portugais eux-m\u00eames. Il serait donc n\u00e9cessaire de leur donner des hommes de grande prudence et d\u2019une patience extraordinaire, par cons\u00e9quent des gens d\u2019exp\u00e9rience et de grande vertu. M.\u00a0Torrette reconna\u00eet, comme moi, toutes ces excellentes qualit\u00e9s dans notre cher confr\u00e8re, M.\u00a0Martin. Il d\u00e9sirerait beaucoup que vous puissiez le lui envoyer\u00a0; il en ferait aussit\u00f4t une pierre angulaire pour le dioc\u00e8se de Nan-Kin.<\/p>\n<p>Puisque la Congr\u00e9gation semble appel\u00e9e \u00e0 \u00e9lever un grand \u00e9difice sur cette terre de Chine, il ne lui importe pas peu d\u2019en pr\u00e9parer d\u2019avance les mat\u00e9riaux et de l\u2019\u00e9tablir sur de solides fondements.<\/p>\n<p>M. Torrette se proposant de vous entretenir prochaine\u00adment un peu au long sur le m\u00eame sujet, je dois m\u2019abstenir de pousser plus loin mes petites r\u00e9flexions. D\u2019ailleurs \u00e0 peine me reste-t-il le temps de me jeter \u00e0 vos pieds pour vous supplier de me donner cette puissante b\u00e9n\u00e9diction qui attire sur un missionnaire de si abondantes gr\u00e2ces et d\u2019agr\u00e9er les sentiments de profond respect avec lequel je suis, Monsieur et tr\u00e8s honor\u00e9 P\u00e8re, votre tr\u00e8s ob\u00e9issant et \u00e0 jamais d\u00e9vou\u00e9 enfant,<\/p>\n<p>J.G. Perboyre ind. ptre d. l. c. d. l. m.<\/p>\n<p>P. S. \u2014 Je prie Notre tr\u00e8s honor\u00e9 P\u00e8re de me permettre d\u2019offrir ici mes respects et civilit\u00e9s amicales \u00e0 nos confr\u00e8res de la maison de Paris.<\/p>\n<p>Le d\u00e9part a \u00e9t\u00e9 renvoy\u00e9 au 21. Nous commen\u00e7ons le voyage sous de bons auspices\u00a0; puisque c\u2019est le jour de saint Thomas, l\u2019ap\u00f4tre des contr\u00e9es les plus recul\u00e9es de l\u2019Orient. M.\u00a0Torrette et nos autres confr\u00e8res de Macao me chargent de vous pr\u00e9senter leurs tr\u00e8s humbles respects.<\/p>\n<p>A Monsieur le Sup\u00e9rieur g\u00e9n\u00e9ral de la Congon\u00a0de la Mission.<\/p>\n<p><em><strong>Lettre 70.<\/strong> \u2014 Maison-M\u00e8re, original 56.<\/em><\/p>\n","protected":false},"excerpt":{"rendered":"<p>Macao, le 19 d\u00e9cembre 1835. Monsieur et tr\u00e8s honor\u00e9 P\u00e8re, Votre sainte b\u00e9n\u00e9diction s\u2019il vous pla\u00eet. A notre arriv\u00e9e \u00e0 Macao, nous \u00e9tant remis tout entiers entre les mains de notre nouveau et cher Sup\u00e9rieur &#8230; <a href=\"http:\/\/vincentians.com\/fr\/jean-gabriel-perboyre-lettre-070-jean-baptiste-nozo-superieur-general-paris\/\" class=\"more-link\">Read More<\/a><\/p>\n","protected":false},"author":4,"featured_media":189778,"comment_status":"open","ping_status":"open","sticky":false,"template":"","format":"standard","meta":{"jetpack_post_was_ever_published":false,"_jetpack_newsletter_access":"","_jetpack_dont_email_post_to_subs":false,"_jetpack_newsletter_tier_id":0,"_jetpack_memberships_contains_paywalled_content":false,"_jetpack_memberships_contains_paid_content":false,"footnotes":"","jetpack_publicize_message":"","jetpack_publicize_feature_enabled":true,"jetpack_social_post_already_shared":true,"jetpack_social_options":{"image_generator_settings":{"template":"highway","default_image_id":0,"font":"","enabled":false},"version":2}},"categories":[114],"tags":[],"class_list":["post-190661","post","type-post","status-publish","format-standard","has-post-thumbnail","hentry","category-ecrits-de-jean-gabriel-perboyre"],"yoast_head":"<!-- This site is optimized with the Yoast SEO plugin v26.3 - https:\/\/yoast.com\/wordpress\/plugins\/seo\/ -->\n<title>Jean-Gabriel Perboyre, Lettre 070. A Jean-Baptiste Nozo, Sup\u00e9rieur g\u00e9n\u00e9ral, \u00e0 Paris - Nous Sommes Vincentiens<\/title>\n<meta name=\"robots\" content=\"index, follow, max-snippet:-1, max-image-preview:large, max-video-preview:-1\" \/>\n<link rel=\"canonical\" href=\"http:\/\/vincentians.com\/fr\/jean-gabriel-perboyre-lettre-070-jean-baptiste-nozo-superieur-general-paris\/\" \/>\n<meta property=\"og:locale\" content=\"fr_FR\" \/>\n<meta property=\"og:type\" content=\"article\" \/>\n<meta property=\"og:title\" content=\"Jean-Gabriel Perboyre, Lettre 070. A Jean-Baptiste Nozo, Sup\u00e9rieur g\u00e9n\u00e9ral, \u00e0 Paris - Nous Sommes Vincentiens\" \/>\n<meta property=\"og:description\" content=\"Macao, le 19 d\u00e9cembre 1835. Monsieur et tr\u00e8s honor\u00e9 P\u00e8re, Votre sainte b\u00e9n\u00e9diction s\u2019il vous pla\u00eet. A notre arriv\u00e9e \u00e0 Macao, nous \u00e9tant remis tout entiers entre les mains de notre nouveau et cher Sup\u00e9rieur ... Read More\" \/>\n<meta property=\"og:url\" content=\"http:\/\/vincentians.com\/fr\/jean-gabriel-perboyre-lettre-070-jean-baptiste-nozo-superieur-general-paris\/\" \/>\n<meta property=\"og:site_name\" content=\"Nous Sommes Vincentiens\" \/>\n<meta property=\"article:publisher\" content=\"https:\/\/www.facebook.com\/WeAreVincentians\/\" \/>\n<meta property=\"article:author\" content=\"https:\/\/www.facebook.com\/JavierChento\" \/>\n<meta property=\"article:published_time\" content=\"2017-11-05T03:00:58+00:00\" \/>\n<meta property=\"og:image\" content=\"https:\/\/i0.wp.com\/vincentians.com\/fr\/wp-content\/uploads\/sites\/10\/2016\/07\/cartas-perboyre.jpg?fit=1200%2C630\" \/>\n\t<meta property=\"og:image:width\" content=\"1200\" \/>\n\t<meta property=\"og:image:height\" content=\"630\" \/>\n\t<meta property=\"og:image:type\" content=\"image\/jpeg\" \/>\n<meta name=\"author\" content=\"Francisco Javier Fern\u00e1ndez Chento\" \/>\n<meta name=\"twitter:card\" content=\"summary_large_image\" \/>\n<meta name=\"twitter:creator\" content=\"@https:\/\/twitter.com\/javierchento\" \/>\n<meta name=\"twitter:site\" content=\"@WeVincentians\" \/>\n<meta name=\"twitter:label1\" content=\"\u00c9crit par\" \/>\n\t<meta name=\"twitter:data1\" content=\"Francisco Javier Fern\u00e1ndez Chento\" \/>\n\t<meta name=\"twitter:label2\" content=\"Dur\u00e9e de lecture estim\u00e9e\" \/>\n\t<meta name=\"twitter:data2\" content=\"8 minutes\" \/>\n<script type=\"application\/ld+json\" class=\"yoast-schema-graph\">{\"@context\":\"https:\/\/schema.org\",\"@graph\":[{\"@type\":\"WebPage\",\"@id\":\"http:\/\/vincentians.com\/fr\/jean-gabriel-perboyre-lettre-070-jean-baptiste-nozo-superieur-general-paris\/\",\"url\":\"http:\/\/vincentians.com\/fr\/jean-gabriel-perboyre-lettre-070-jean-baptiste-nozo-superieur-general-paris\/\",\"name\":\"Jean-Gabriel Perboyre, Lettre 070. A Jean-Baptiste Nozo, Sup\u00e9rieur g\u00e9n\u00e9ral, \u00e0 Paris - Nous Sommes Vincentiens\",\"isPartOf\":{\"@id\":\"http:\/\/vincentians.com\/fr\/#website\"},\"primaryImageOfPage\":{\"@id\":\"http:\/\/vincentians.com\/fr\/jean-gabriel-perboyre-lettre-070-jean-baptiste-nozo-superieur-general-paris\/#primaryimage\"},\"image\":{\"@id\":\"http:\/\/vincentians.com\/fr\/jean-gabriel-perboyre-lettre-070-jean-baptiste-nozo-superieur-general-paris\/#primaryimage\"},\"thumbnailUrl\":\"https:\/\/i0.wp.com\/vincentians.com\/fr\/wp-content\/uploads\/sites\/10\/2016\/07\/cartas-perboyre.jpg?fit=1200%2C630\",\"datePublished\":\"2017-11-05T03:00:58+00:00\",\"author\":{\"@id\":\"http:\/\/vincentians.com\/fr\/#\/schema\/person\/9623ef4d9aa3b2dfb8c061f1499288f2\"},\"breadcrumb\":{\"@id\":\"http:\/\/vincentians.com\/fr\/jean-gabriel-perboyre-lettre-070-jean-baptiste-nozo-superieur-general-paris\/#breadcrumb\"},\"inLanguage\":\"fr-FR\",\"potentialAction\":[{\"@type\":\"ReadAction\",\"target\":[\"http:\/\/vincentians.com\/fr\/jean-gabriel-perboyre-lettre-070-jean-baptiste-nozo-superieur-general-paris\/\"]}]},{\"@type\":\"ImageObject\",\"inLanguage\":\"fr-FR\",\"@id\":\"http:\/\/vincentians.com\/fr\/jean-gabriel-perboyre-lettre-070-jean-baptiste-nozo-superieur-general-paris\/#primaryimage\",\"url\":\"https:\/\/i0.wp.com\/vincentians.com\/fr\/wp-content\/uploads\/sites\/10\/2016\/07\/cartas-perboyre.jpg?fit=1200%2C630\",\"contentUrl\":\"https:\/\/i0.wp.com\/vincentians.com\/fr\/wp-content\/uploads\/sites\/10\/2016\/07\/cartas-perboyre.jpg?fit=1200%2C630\",\"width\":1200,\"height\":630},{\"@type\":\"BreadcrumbList\",\"@id\":\"http:\/\/vincentians.com\/fr\/jean-gabriel-perboyre-lettre-070-jean-baptiste-nozo-superieur-general-paris\/#breadcrumb\",\"itemListElement\":[{\"@type\":\"ListItem\",\"position\":1,\"name\":\"Portada\",\"item\":\"http:\/\/vincentians.com\/fr\/\"},{\"@type\":\"ListItem\",\"position\":2,\"name\":\"Jean-Gabriel Perboyre, Lettre 070. A Jean-Baptiste Nozo, Sup\u00e9rieur g\u00e9n\u00e9ral, \u00e0 Paris\"}]},{\"@type\":\"WebSite\",\"@id\":\"http:\/\/vincentians.com\/fr\/#website\",\"url\":\"http:\/\/vincentians.com\/fr\/\",\"name\":\"Nous Sommes Vincentiens\",\"description\":\"Know more to serve more\",\"potentialAction\":[{\"@type\":\"SearchAction\",\"target\":{\"@type\":\"EntryPoint\",\"urlTemplate\":\"http:\/\/vincentians.com\/fr\/?s={search_term_string}\"},\"query-input\":{\"@type\":\"PropertyValueSpecification\",\"valueRequired\":true,\"valueName\":\"search_term_string\"}}],\"inLanguage\":\"fr-FR\"},{\"@type\":\"Person\",\"@id\":\"http:\/\/vincentians.com\/fr\/#\/schema\/person\/9623ef4d9aa3b2dfb8c061f1499288f2\",\"name\":\"Francisco Javier Fern\u00e1ndez Chento\",\"image\":{\"@type\":\"ImageObject\",\"inLanguage\":\"fr-FR\",\"@id\":\"http:\/\/vincentians.com\/fr\/#\/schema\/person\/image\/\",\"url\":\"https:\/\/secure.gravatar.com\/avatar\/497d5cde87b4c3d097d0315953521681ba2cd523ee66e5077c3711f7021e65de?s=96&d=mm&r=g\",\"contentUrl\":\"https:\/\/secure.gravatar.com\/avatar\/497d5cde87b4c3d097d0315953521681ba2cd523ee66e5077c3711f7021e65de?s=96&d=mm&r=g\",\"caption\":\"Francisco Javier Fern\u00e1ndez Chento\"},\"description\":\"Director General y cofundador de La Red de Formaci\u00f3n Vicenciana. Javier es laico vicenciano, afiliado a la Congregaci\u00f3n de la Misi\u00f3n y miembro del Equipo de Misiones Populares de la provincia can\u00f3nica de Zaragoza (Espa\u00f1a) de la Congregaci\u00f3n de la Misi\u00f3n. Graduado en la Universidad Oberta de Catalunya con cuatro grados (Asistente de direcci\u00f3n, Gesti\u00f3n Administrativa, Recursos Humanos y Contabilidad Avanzada). Bil\u00edng\u00fce Espa\u00f1ol\/Ingl\u00e9s. gestiona y mantiene varias p\u00e1ginas web cristianas y vicencianas, incluida including La Red de Formaci\u00f3n Vicenciana, de la que es cofundador. Actualmente es responsable del \u00e1rea de Espa\u00f1ol de .famvin, la Red de Noticias de la Familia Vicenciana. Tambi\u00e9n es m\u00fasico cat\u00f3lico y ha editado varios discos. Es Director General y cofundador de Trovador, una reconocida compa\u00f1\u00eda discogr\u00e1fica critiana de Espa\u00f1a. Trabaja en las Tecnolog\u00edas de la Informaci\u00f3n, ofreciendo servicios de alojamiento, dise\u00f1o y mantenimiento Web, as\u00ed como asesoramiento, formaci\u00f3n y soluciones inform\u00e1ticas, gesti\u00f3n documental y digitalizaci\u00f3n de textos, edici\u00f3n y maquetaci\u00f3n de libros, revistas, flyers, etc.\",\"sameAs\":[\"http:\/\/chento.org\",\"https:\/\/www.facebook.com\/JavierChento\",\"https:\/\/x.com\/https:\/\/twitter.com\/javierchento\"],\"url\":\"http:\/\/vincentians.com\/fr\/author\/chento\/\"}]}<\/script>\n<!-- \/ Yoast SEO plugin. -->","yoast_head_json":{"title":"Jean-Gabriel Perboyre, Lettre 070. A Jean-Baptiste Nozo, Sup\u00e9rieur g\u00e9n\u00e9ral, \u00e0 Paris - Nous Sommes Vincentiens","robots":{"index":"index","follow":"follow","max-snippet":"max-snippet:-1","max-image-preview":"max-image-preview:large","max-video-preview":"max-video-preview:-1"},"canonical":"http:\/\/vincentians.com\/fr\/jean-gabriel-perboyre-lettre-070-jean-baptiste-nozo-superieur-general-paris\/","og_locale":"fr_FR","og_type":"article","og_title":"Jean-Gabriel Perboyre, Lettre 070. A Jean-Baptiste Nozo, Sup\u00e9rieur g\u00e9n\u00e9ral, \u00e0 Paris - Nous Sommes Vincentiens","og_description":"Macao, le 19 d\u00e9cembre 1835. Monsieur et tr\u00e8s honor\u00e9 P\u00e8re, Votre sainte b\u00e9n\u00e9diction s\u2019il vous pla\u00eet. A notre arriv\u00e9e \u00e0 Macao, nous \u00e9tant remis tout entiers entre les mains de notre nouveau et cher Sup\u00e9rieur ... Read More","og_url":"http:\/\/vincentians.com\/fr\/jean-gabriel-perboyre-lettre-070-jean-baptiste-nozo-superieur-general-paris\/","og_site_name":"Nous Sommes Vincentiens","article_publisher":"https:\/\/www.facebook.com\/WeAreVincentians\/","article_author":"https:\/\/www.facebook.com\/JavierChento","article_published_time":"2017-11-05T03:00:58+00:00","og_image":[{"width":1200,"height":630,"url":"https:\/\/i0.wp.com\/vincentians.com\/fr\/wp-content\/uploads\/sites\/10\/2016\/07\/cartas-perboyre.jpg?fit=1200%2C630","type":"image\/jpeg"}],"author":"Francisco Javier Fern\u00e1ndez Chento","twitter_card":"summary_large_image","twitter_creator":"@https:\/\/twitter.com\/javierchento","twitter_site":"@WeVincentians","twitter_misc":{"\u00c9crit par":"Francisco Javier Fern\u00e1ndez Chento","Dur\u00e9e de lecture estim\u00e9e":"8 minutes"},"schema":{"@context":"https:\/\/schema.org","@graph":[{"@type":"WebPage","@id":"http:\/\/vincentians.com\/fr\/jean-gabriel-perboyre-lettre-070-jean-baptiste-nozo-superieur-general-paris\/","url":"http:\/\/vincentians.com\/fr\/jean-gabriel-perboyre-lettre-070-jean-baptiste-nozo-superieur-general-paris\/","name":"Jean-Gabriel Perboyre, Lettre 070. A Jean-Baptiste Nozo, Sup\u00e9rieur g\u00e9n\u00e9ral, \u00e0 Paris - Nous Sommes Vincentiens","isPartOf":{"@id":"http:\/\/vincentians.com\/fr\/#website"},"primaryImageOfPage":{"@id":"http:\/\/vincentians.com\/fr\/jean-gabriel-perboyre-lettre-070-jean-baptiste-nozo-superieur-general-paris\/#primaryimage"},"image":{"@id":"http:\/\/vincentians.com\/fr\/jean-gabriel-perboyre-lettre-070-jean-baptiste-nozo-superieur-general-paris\/#primaryimage"},"thumbnailUrl":"https:\/\/i0.wp.com\/vincentians.com\/fr\/wp-content\/uploads\/sites\/10\/2016\/07\/cartas-perboyre.jpg?fit=1200%2C630","datePublished":"2017-11-05T03:00:58+00:00","author":{"@id":"http:\/\/vincentians.com\/fr\/#\/schema\/person\/9623ef4d9aa3b2dfb8c061f1499288f2"},"breadcrumb":{"@id":"http:\/\/vincentians.com\/fr\/jean-gabriel-perboyre-lettre-070-jean-baptiste-nozo-superieur-general-paris\/#breadcrumb"},"inLanguage":"fr-FR","potentialAction":[{"@type":"ReadAction","target":["http:\/\/vincentians.com\/fr\/jean-gabriel-perboyre-lettre-070-jean-baptiste-nozo-superieur-general-paris\/"]}]},{"@type":"ImageObject","inLanguage":"fr-FR","@id":"http:\/\/vincentians.com\/fr\/jean-gabriel-perboyre-lettre-070-jean-baptiste-nozo-superieur-general-paris\/#primaryimage","url":"https:\/\/i0.wp.com\/vincentians.com\/fr\/wp-content\/uploads\/sites\/10\/2016\/07\/cartas-perboyre.jpg?fit=1200%2C630","contentUrl":"https:\/\/i0.wp.com\/vincentians.com\/fr\/wp-content\/uploads\/sites\/10\/2016\/07\/cartas-perboyre.jpg?fit=1200%2C630","width":1200,"height":630},{"@type":"BreadcrumbList","@id":"http:\/\/vincentians.com\/fr\/jean-gabriel-perboyre-lettre-070-jean-baptiste-nozo-superieur-general-paris\/#breadcrumb","itemListElement":[{"@type":"ListItem","position":1,"name":"Portada","item":"http:\/\/vincentians.com\/fr\/"},{"@type":"ListItem","position":2,"name":"Jean-Gabriel Perboyre, Lettre 070. A Jean-Baptiste Nozo, Sup\u00e9rieur g\u00e9n\u00e9ral, \u00e0 Paris"}]},{"@type":"WebSite","@id":"http:\/\/vincentians.com\/fr\/#website","url":"http:\/\/vincentians.com\/fr\/","name":"Nous Sommes Vincentiens","description":"Know more to serve more","potentialAction":[{"@type":"SearchAction","target":{"@type":"EntryPoint","urlTemplate":"http:\/\/vincentians.com\/fr\/?s={search_term_string}"},"query-input":{"@type":"PropertyValueSpecification","valueRequired":true,"valueName":"search_term_string"}}],"inLanguage":"fr-FR"},{"@type":"Person","@id":"http:\/\/vincentians.com\/fr\/#\/schema\/person\/9623ef4d9aa3b2dfb8c061f1499288f2","name":"Francisco Javier Fern\u00e1ndez Chento","image":{"@type":"ImageObject","inLanguage":"fr-FR","@id":"http:\/\/vincentians.com\/fr\/#\/schema\/person\/image\/","url":"https:\/\/secure.gravatar.com\/avatar\/497d5cde87b4c3d097d0315953521681ba2cd523ee66e5077c3711f7021e65de?s=96&d=mm&r=g","contentUrl":"https:\/\/secure.gravatar.com\/avatar\/497d5cde87b4c3d097d0315953521681ba2cd523ee66e5077c3711f7021e65de?s=96&d=mm&r=g","caption":"Francisco Javier Fern\u00e1ndez Chento"},"description":"Director General y cofundador de La Red de Formaci\u00f3n Vicenciana. Javier es laico vicenciano, afiliado a la Congregaci\u00f3n de la Misi\u00f3n y miembro del Equipo de Misiones Populares de la provincia can\u00f3nica de Zaragoza (Espa\u00f1a) de la Congregaci\u00f3n de la Misi\u00f3n. Graduado en la Universidad Oberta de Catalunya con cuatro grados (Asistente de direcci\u00f3n, Gesti\u00f3n Administrativa, Recursos Humanos y Contabilidad Avanzada). Bil\u00edng\u00fce Espa\u00f1ol\/Ingl\u00e9s. gestiona y mantiene varias p\u00e1ginas web cristianas y vicencianas, incluida including La Red de Formaci\u00f3n Vicenciana, de la que es cofundador. Actualmente es responsable del \u00e1rea de Espa\u00f1ol de .famvin, la Red de Noticias de la Familia Vicenciana. Tambi\u00e9n es m\u00fasico cat\u00f3lico y ha editado varios discos. Es Director General y cofundador de Trovador, una reconocida compa\u00f1\u00eda discogr\u00e1fica critiana de Espa\u00f1a. Trabaja en las Tecnolog\u00edas de la Informaci\u00f3n, ofreciendo servicios de alojamiento, dise\u00f1o y mantenimiento Web, as\u00ed como asesoramiento, formaci\u00f3n y soluciones inform\u00e1ticas, gesti\u00f3n documental y digitalizaci\u00f3n de textos, edici\u00f3n y maquetaci\u00f3n de libros, revistas, flyers, etc.","sameAs":["http:\/\/chento.org","https:\/\/www.facebook.com\/JavierChento","https:\/\/x.com\/https:\/\/twitter.com\/javierchento"],"url":"http:\/\/vincentians.com\/fr\/author\/chento\/"}]}},"jetpack_publicize_connections":[],"jetpack_featured_media_url":"https:\/\/i0.wp.com\/vincentians.com\/fr\/wp-content\/uploads\/sites\/10\/2016\/07\/cartas-perboyre.jpg?fit=1200%2C630","jetpack_sharing_enabled":true,"jetpack_shortlink":"https:\/\/wp.me\/p7ETMP-NBb","jetpack-related-posts":[{"id":105353,"url":"http:\/\/vincentians.com\/fr\/jean-gabriel-perboyre-lettre-044-a-son-oncle-a-montauban\/","url_meta":{"origin":190661,"position":0},"title":"Jean-Gabriel Perboyre, Lettre 044. A son Oncle, \u00e0 Montauban","author":"Francisco Javier Fern\u00e1ndez Chento","date":"07\/05\/2017","format":false,"excerpt":"Mon tr\u00e8s cher oncle, Apr\u00e8s avoir pr\u00e9sent\u00e9 \u00e0 M.\u00a0le G\u00e9n\u00e9ral vos respects et vos remerciements, je lui ai expos\u00e9 votre d\u00e9sir d\u2019avoir la permission de manger avec nos s\u0153urs quand vous allez chez elles pour 1es confesser. J\u2019ai t\u00e2ch\u00e9 de bien plaider votre cause\u00a0; cependant je n\u2019ai pu la gagner.\u2026","rel":"","context":"Dans &quot;\u00c9crits de Jean-Gabriel Perboyre&quot;","block_context":{"text":"\u00c9crits de Jean-Gabriel Perboyre","link":"http:\/\/vincentians.com\/fr\/category\/ecrits-de-jean-gabriel-perboyre\/"},"img":{"alt_text":"","src":"https:\/\/i0.wp.com\/vincentians.com\/fr\/wp-content\/uploads\/sites\/10\/2016\/07\/cartas-perboyre.jpg?fit=1200%2C630&resize=350%2C200","width":350,"height":200,"srcset":"https:\/\/i0.wp.com\/vincentians.com\/fr\/wp-content\/uploads\/sites\/10\/2016\/07\/cartas-perboyre.jpg?fit=1200%2C630&resize=350%2C200 1x, https:\/\/i0.wp.com\/vincentians.com\/fr\/wp-content\/uploads\/sites\/10\/2016\/07\/cartas-perboyre.jpg?fit=1200%2C630&resize=525%2C300 1.5x, https:\/\/i0.wp.com\/vincentians.com\/fr\/wp-content\/uploads\/sites\/10\/2016\/07\/cartas-perboyre.jpg?fit=1200%2C630&resize=700%2C400 2x, https:\/\/i0.wp.com\/vincentians.com\/fr\/wp-content\/uploads\/sites\/10\/2016\/07\/cartas-perboyre.jpg?fit=1200%2C630&resize=1050%2C600 3x"},"classes":[]},{"id":107242,"url":"http:\/\/vincentians.com\/fr\/jean-gabriel-perboyre-lettre-066-frere-jacques-paris\/","url_meta":{"origin":190661,"position":1},"title":"Jean-Gabriel Perboyre, Lettre 066. A son Fr\u00e8re Jacques, \u00e0 Paris","author":"Francisco Javier Fern\u00e1ndez Chento","date":"08\/10\/2017","format":false,"excerpt":"Macao, le 14 Septembre 1835. Mon tr\u00e8s cher fr\u00e8re, La gr\u00e2ce de N. S. soit toujours avec nous. N\u2019ayant qu\u2019un instant pour \u00e9crire, r\u00e9signez-vous \u00e0 n\u2019avoir que deux lignes pour cette fois. Ne vous suffit-il pas d\u2019apprendre que depuis que je vous ai \u00e9crit de Batavia, le Bon Dieu a\u2026","rel":"","context":"Dans &quot;\u00c9crits de Jean-Gabriel Perboyre&quot;","block_context":{"text":"\u00c9crits de Jean-Gabriel Perboyre","link":"http:\/\/vincentians.com\/fr\/category\/ecrits-de-jean-gabriel-perboyre\/"},"img":{"alt_text":"","src":"https:\/\/i0.wp.com\/vincentians.com\/fr\/wp-content\/uploads\/sites\/10\/2016\/07\/cartas-perboyre.jpg?fit=1200%2C630&resize=350%2C200","width":350,"height":200,"srcset":"https:\/\/i0.wp.com\/vincentians.com\/fr\/wp-content\/uploads\/sites\/10\/2016\/07\/cartas-perboyre.jpg?fit=1200%2C630&resize=350%2C200 1x, https:\/\/i0.wp.com\/vincentians.com\/fr\/wp-content\/uploads\/sites\/10\/2016\/07\/cartas-perboyre.jpg?fit=1200%2C630&resize=525%2C300 1.5x, https:\/\/i0.wp.com\/vincentians.com\/fr\/wp-content\/uploads\/sites\/10\/2016\/07\/cartas-perboyre.jpg?fit=1200%2C630&resize=700%2C400 2x, https:\/\/i0.wp.com\/vincentians.com\/fr\/wp-content\/uploads\/sites\/10\/2016\/07\/cartas-perboyre.jpg?fit=1200%2C630&resize=1050%2C600 3x"},"classes":[]},{"id":105354,"url":"http:\/\/vincentians.com\/fr\/jean-gabriel-perboyre-lettre-045-a-jean-baptiste-torrette-c-m-a-macao\/","url_meta":{"origin":190661,"position":2},"title":"Jean-Gabriel Perboyre, Lettre 045. A Jean-Baptiste Torrette, C.M., \u00e0 Macao","author":"Francisco Javier Fern\u00e1ndez Chento","date":"14\/05\/2017","format":false,"excerpt":"Monsieur et tr\u00e8s cher confr\u00e8re, La gr\u00e2ce de N. S. soit toujours avec nous. Un jour que nous aimions, M.\u00a0Martin et moi, \u00e0 nous rappeler que nous avions \u00e9t\u00e9 ordonn\u00e9s pr\u00eatres avec vous, nous conv\u00eenmes que nous vous enverrions un petit souvenir. J\u2019ai pens\u00e9 que vous liriez avec plaisir les\u2026","rel":"","context":"Dans &quot;\u00c9crits de Jean-Gabriel Perboyre&quot;","block_context":{"text":"\u00c9crits de Jean-Gabriel Perboyre","link":"http:\/\/vincentians.com\/fr\/category\/ecrits-de-jean-gabriel-perboyre\/"},"img":{"alt_text":"","src":"https:\/\/i0.wp.com\/vincentians.com\/fr\/wp-content\/uploads\/sites\/10\/2016\/07\/cartas-perboyre.jpg?fit=1200%2C630&resize=350%2C200","width":350,"height":200,"srcset":"https:\/\/i0.wp.com\/vincentians.com\/fr\/wp-content\/uploads\/sites\/10\/2016\/07\/cartas-perboyre.jpg?fit=1200%2C630&resize=350%2C200 1x, https:\/\/i0.wp.com\/vincentians.com\/fr\/wp-content\/uploads\/sites\/10\/2016\/07\/cartas-perboyre.jpg?fit=1200%2C630&resize=525%2C300 1.5x, https:\/\/i0.wp.com\/vincentians.com\/fr\/wp-content\/uploads\/sites\/10\/2016\/07\/cartas-perboyre.jpg?fit=1200%2C630&resize=700%2C400 2x, https:\/\/i0.wp.com\/vincentians.com\/fr\/wp-content\/uploads\/sites\/10\/2016\/07\/cartas-perboyre.jpg?fit=1200%2C630&resize=1050%2C600 3x"},"classes":[]},{"id":107239,"url":"http:\/\/vincentians.com\/fr\/jean-gabriel-perboyre-lettre-060-a-jean-baptiste-torrette-c-m-a-macao\/","url_meta":{"origin":190661,"position":3},"title":"Jean-Gabriel Perboyre, Lettre 060. A Jean-Baptiste Torrette, C.M., \u00e0 Macao","author":"Francisco Javier Fern\u00e1ndez Chento","date":"27\/08\/2017","format":false,"excerpt":"Surabaya, le 15 juillet 1835. Monsieur et tr\u00e8s cher confr\u00e8re, La gr\u00e2ce de N.S. soit toujours avec nous. Quoique j\u2019esp\u00e8re avoir dans peu le plaisir de vous embrasser, je profite de l\u2019occasion que nous offre le d\u00e9part d\u2019une jonque chinoise, pour vous pr\u00e9venir de l\u2019arriv\u00e9e pro-chaine chez vous de trois\u2026","rel":"","context":"Dans &quot;\u00c9crits de Jean-Gabriel Perboyre&quot;","block_context":{"text":"\u00c9crits de Jean-Gabriel Perboyre","link":"http:\/\/vincentians.com\/fr\/category\/ecrits-de-jean-gabriel-perboyre\/"},"img":{"alt_text":"","src":"https:\/\/i0.wp.com\/vincentians.com\/fr\/wp-content\/uploads\/sites\/10\/2016\/07\/cartas-perboyre.jpg?fit=1200%2C630&resize=350%2C200","width":350,"height":200,"srcset":"https:\/\/i0.wp.com\/vincentians.com\/fr\/wp-content\/uploads\/sites\/10\/2016\/07\/cartas-perboyre.jpg?fit=1200%2C630&resize=350%2C200 1x, https:\/\/i0.wp.com\/vincentians.com\/fr\/wp-content\/uploads\/sites\/10\/2016\/07\/cartas-perboyre.jpg?fit=1200%2C630&resize=525%2C300 1.5x, https:\/\/i0.wp.com\/vincentians.com\/fr\/wp-content\/uploads\/sites\/10\/2016\/07\/cartas-perboyre.jpg?fit=1200%2C630&resize=700%2C400 2x, https:\/\/i0.wp.com\/vincentians.com\/fr\/wp-content\/uploads\/sites\/10\/2016\/07\/cartas-perboyre.jpg?fit=1200%2C630&resize=1050%2C600 3x"},"classes":[]},{"id":107244,"url":"http:\/\/vincentians.com\/fr\/jean-gabriel-perboyre-lettre-064-a-son-oncle-a-montauban\/","url_meta":{"origin":190661,"position":4},"title":"Jean-Gabriel Perboyre, Lettre 064. A son Oncle, \u00e0 Montauban","author":"Francisco Javier Fern\u00e1ndez Chento","date":"24\/09\/2017","format":false,"excerpt":"Macao le 13 septembre 1835. Mon tr\u00e8s cher oncle, La gr\u00e2ce de N.S. soit toujours avec nous. Si, comme je l\u2019esp\u00e8re, vous avez re\u00e7u la lettre que je vous ai \u00e9crite de Surabaya vers la fin de juillet, elle vous aura d\u00e9li\u00advr\u00e9 de toute inqui\u00e9tude relativement \u00e0 ma travers\u00e9e, qui\u2026","rel":"","context":"Dans &quot;\u00c9crits de Jean-Gabriel Perboyre&quot;","block_context":{"text":"\u00c9crits de Jean-Gabriel Perboyre","link":"http:\/\/vincentians.com\/fr\/category\/ecrits-de-jean-gabriel-perboyre\/"},"img":{"alt_text":"","src":"https:\/\/i0.wp.com\/vincentians.com\/fr\/wp-content\/uploads\/sites\/10\/2016\/07\/cartas-perboyre.jpg?fit=1200%2C630&resize=350%2C200","width":350,"height":200,"srcset":"https:\/\/i0.wp.com\/vincentians.com\/fr\/wp-content\/uploads\/sites\/10\/2016\/07\/cartas-perboyre.jpg?fit=1200%2C630&resize=350%2C200 1x, https:\/\/i0.wp.com\/vincentians.com\/fr\/wp-content\/uploads\/sites\/10\/2016\/07\/cartas-perboyre.jpg?fit=1200%2C630&resize=525%2C300 1.5x, https:\/\/i0.wp.com\/vincentians.com\/fr\/wp-content\/uploads\/sites\/10\/2016\/07\/cartas-perboyre.jpg?fit=1200%2C630&resize=700%2C400 2x, https:\/\/i0.wp.com\/vincentians.com\/fr\/wp-content\/uploads\/sites\/10\/2016\/07\/cartas-perboyre.jpg?fit=1200%2C630&resize=1050%2C600 3x"},"classes":[]},{"id":105043,"url":"http:\/\/vincentians.com\/fr\/jean-gabriel-perboyre-lettre-038-a-son-oncle-a-montauban\/","url_meta":{"origin":190661,"position":5},"title":"Jean-Gabriel Perboyre, Lettre 038. A son Oncle, \u00e0 Montauban","author":"Francisco Javier Fern\u00e1ndez Chento","date":"26\/03\/2017","format":false,"excerpt":"Paris, le 23 ao\u00fbt 1833 Mon tr\u00e8s cher oncle, Il y a plus d\u2019un mois que je m\u2019\u00e9tais propos\u00e9 de vous \u00e9crire mais j\u2019ai diff\u00e9r\u00e9 jusqu\u2019\u00e0 ce moment pour profiter de l\u2019occasion que m\u2019offre M.\u00a0le sup\u00e9rieur du s\u00e9minaire de Montauban. M.\u00a0Tuffeau a bien voulu passer chez nous en arrivant \u00e0\u2026","rel":"","context":"Dans &quot;\u00c9crits de Jean-Gabriel Perboyre&quot;","block_context":{"text":"\u00c9crits de Jean-Gabriel Perboyre","link":"http:\/\/vincentians.com\/fr\/category\/ecrits-de-jean-gabriel-perboyre\/"},"img":{"alt_text":"","src":"https:\/\/i0.wp.com\/vincentians.com\/fr\/wp-content\/uploads\/sites\/10\/2016\/07\/cartas-perboyre.jpg?fit=1200%2C630&resize=350%2C200","width":350,"height":200,"srcset":"https:\/\/i0.wp.com\/vincentians.com\/fr\/wp-content\/uploads\/sites\/10\/2016\/07\/cartas-perboyre.jpg?fit=1200%2C630&resize=350%2C200 1x, https:\/\/i0.wp.com\/vincentians.com\/fr\/wp-content\/uploads\/sites\/10\/2016\/07\/cartas-perboyre.jpg?fit=1200%2C630&resize=525%2C300 1.5x, https:\/\/i0.wp.com\/vincentians.com\/fr\/wp-content\/uploads\/sites\/10\/2016\/07\/cartas-perboyre.jpg?fit=1200%2C630&resize=700%2C400 2x, https:\/\/i0.wp.com\/vincentians.com\/fr\/wp-content\/uploads\/sites\/10\/2016\/07\/cartas-perboyre.jpg?fit=1200%2C630&resize=1050%2C600 3x"},"classes":[]}],"_links":{"self":[{"href":"http:\/\/vincentians.com\/fr\/wp-json\/wp\/v2\/posts\/190661","targetHints":{"allow":["GET"]}}],"collection":[{"href":"http:\/\/vincentians.com\/fr\/wp-json\/wp\/v2\/posts"}],"about":[{"href":"http:\/\/vincentians.com\/fr\/wp-json\/wp\/v2\/types\/post"}],"author":[{"embeddable":true,"href":"http:\/\/vincentians.com\/fr\/wp-json\/wp\/v2\/users\/4"}],"replies":[{"embeddable":true,"href":"http:\/\/vincentians.com\/fr\/wp-json\/wp\/v2\/comments?post=190661"}],"version-history":[{"count":0,"href":"http:\/\/vincentians.com\/fr\/wp-json\/wp\/v2\/posts\/190661\/revisions"}],"wp:featuredmedia":[{"embeddable":true,"href":"http:\/\/vincentians.com\/fr\/wp-json\/wp\/v2\/media\/189778"}],"wp:attachment":[{"href":"http:\/\/vincentians.com\/fr\/wp-json\/wp\/v2\/media?parent=190661"}],"wp:term":[{"taxonomy":"category","embeddable":true,"href":"http:\/\/vincentians.com\/fr\/wp-json\/wp\/v2\/categories?post=190661"},{"taxonomy":"post_tag","embeddable":true,"href":"http:\/\/vincentians.com\/fr\/wp-json\/wp\/v2\/tags?post=190661"}],"curies":[{"name":"wp","href":"https:\/\/api.w.org\/{rel}","templated":true}]}}