{"id":190581,"date":"2017-06-10T00:01:05","date_gmt":"2017-06-09T22:01:05","guid":{"rendered":"http:\/\/vincentians.com\/fr\/?p=190581"},"modified":"2016-08-11T22:22:37","modified_gmt":"2016-08-11T20:22:37","slug":"ephemerides-10-juin","status":"publish","type":"post","link":"http:\/\/vincentians.com\/fr\/ephemerides-10-juin\/","title":{"rendered":"Eph\u00e9m\u00e9rides: 10 juin"},"content":{"rendered":"<p><b>1656<\/b>. Sainte Louise console une de nos S\u0153urs qui a perdu l\u2019un des siens\u00a0: \u201cJe supplie Notre-Seigneur \u00eatre votre r\u00e9compense \u00e9ternellement pour la charit\u00e9 que vous avez exerc\u00e9e envers moi au sujet de ma maladie, il n\u2019a pas plu \u00e0 sa bont\u00e9 de m\u2019effacer encore de dessus la terre, quoiqu\u2019il y ait longtemps que je le m\u00e9rite, il faut attendre l\u2019ordre de sa Providence avec soumission, nous devons toujours \u00eatre en cet \u00e9tat, soit pour la mort de nos proches, soit pour la n\u00f4tre, ou pour tous autres \u00e9v\u00e9nements f\u00e2cheux, en sorte que la divine volont\u00e9 n\u2019ait point sujet de se plaindre que nous n\u2019avons pas suivi ces ordres. Je crois, ma ch\u00e8re S\u0153ur, vous vous douterez bien que Notre-Seigneur ait permis et voulu appeler \u00e0 Lui quelqu\u2019un de vos proches dans votre famille. J\u2019ai pri\u00e9 M. Truchart de prendre la peine de vous le dire lui-m\u00eame, mais en attendant, renouvelez la donation que vous avez faite \u00e0 Dieu de tout ce que vous \u00eates, qui vous oblige \u00e0 un d\u00e9tachement g\u00e9n\u00e9ral de toutes choses de la terre. Je supplie Notre-Seigneur \u00eatre votre force, votre courage et votre consolation\u201d. (R)<\/p>\n<p><b>1793<\/b>. Le d\u00e9partement du Nord en France oblige les S\u0153urs Hospitali\u00e8res \u00e0 pr\u00eater le serment sous peine de destitution. Les S\u0153urs de Cambrai ayant refus\u00e9 sont emprisonn\u00e9es \u00e0 Compi\u00e8gne jusqu\u2019\u00e0 Thermidor. (R)<\/p>\n<p><b>1895<\/b>. De Rome, le cardinal Aloisi Masella \u00e9crit au P\u00e8re Fiat pour lui dire sa joie d&rsquo;avoir, le 4 juin, plaid\u00e9 devant la Congr\u00e9gation des Rites, dont il est le pr\u00e9fet, l&rsquo;introduction de la cause de Louise de Marillac. Le cardinal ajoute qu&rsquo;au cours de l&rsquo;audience dont il sort \u00e0 l&rsquo;instant, le Pape L\u00e9on XIII a d\u00e9cid\u00e9 de signer en ce jour le d\u00e9cret proclamant v\u00e9n\u00e9rable la cofondatrice des Filles de la Charit\u00e9 (1).<\/p>\n<p><b>1913<\/b>. \u00c0 Princeton, aux Etats-Unis, le T.H.P. Slattery est re\u00e7u dans la Congr\u00e9gation (2).<\/p>\n<p><b>1938<\/b>. Au Berceau-de-Saint-Vincent, mort du Fr\u00e8re Joachim Nun\u00e8s. N\u00e9 \u00e0 Estreito daCamara dos Labos, au Portugal, le 8 d\u00e9cembre 1868, il entrait \u00e0 vingt-deux ans dans la petite Compagnie et fit les saints vieux, \u00e0 Bemfica, le 19 f\u00e9vrier 1893. Les troubles politiques de sa patrie l&rsquo;exil\u00e8rent en France. Il vint alors au Berceau et bient\u00f4t son c\u0153ur l&rsquo;y attacha tellement que ce petit coin des Landes lui fut plus cher que son Portugal. Quand, le calme revenu, sa province d&rsquo;origine r\u00e9clama, comme de juste, ce coadjuteur dont elle avait appr\u00e9ci\u00e9 les talents vari\u00e9s, Fr\u00e8re Nun\u00e8s dit simplement\u00a0: \u00ab\u00a0Je ferai la volont\u00e9 de Dieu.\u00a0\u00bb On crut lui faire plaisir en le rapatriant. Mais il eut, sur le sol portugais, une telle nostalgie du Berceau qu&rsquo;il en d\u00e9p\u00e9rit. On s&#8217;empressa de le rendre \u00e0 la maison de son c\u0153ur. Les trente ann\u00e9es qu&rsquo;il y a v\u00e9cues out \u00e9t\u00e9 trente belles ann\u00e9es remplies de toutes sortes de travaux. Ses mains \u00e9taient habiles en tout, et son cerveau extraordinairement ing\u00e9nieux. Illettr\u00e9, il avait, tout seul, appris \u00e0 lire\u00a0; mais il gardait une certaine r\u00e9pugnance pour l&rsquo;\u00e9criture et ignorait la table de multiplication. Cette inexistence, chez lui, de toute science scolaire, ne l&rsquo;a pas emp\u00each\u00e9 de r\u00e9aliser \u00e0 lui seul, le r\u00e9seau de canalisations tr\u00e8s compliqu\u00e9es qui alimentent en eau le Berceau, et m\u00eame de laisser bouche b\u00e9e, pour de longues ann\u00e9es, l&rsquo;ing\u00e9nieur de la Compagnie du Midi venu surveiller les travaux que n\u00e9cessitait le passage de la canalisation sous la voie ferr\u00e9e. Alors qu&rsquo;il aurait fallu trois ou quatre hommes pour manier les \u00e9normes couronnes de tuyaux de plomb, pesant deux cents kilos et que la moindre brusquerie risquait de faire s&rsquo;\u00e9craser, Fr\u00e8re Nun\u00e8s, avec tout un syst\u00e8me, bien \u00e0 lui, de poulies et de petits chariots, fit le travail tout seul en moins de deux heures. On comprend qu&rsquo;un homme aussi pr\u00e9cieux ait \u00e9t\u00e9 convoit\u00e9 en m\u00eame temps par le Portugal, par Dax et par la Maison-M\u00e8re. Le Berceau l&rsquo;a gard\u00e9, et seul le Bon Dieu put l&rsquo;en arracher pour donner \u00e0 ce grand laborieux et \u00e0 ce grand modeste le repos, bien m\u00e9rit\u00e9 (3).<\/p>\n<p><b>1964<\/b>. Nomination des premiers membres du Conseil de la Vice-Province d\u2019Indon\u00e9sie. (R)<\/p>\n<dl>\n<dd>1) Annales, t. 60, P. 477.<\/dd>\n<dd>2) Annales, t. 110-111, couverture.<\/dd>\n<dd>3) Annales, t. 104, pp. 443-444.<\/dd>\n<\/dl>\n","protected":false},"excerpt":{"rendered":"<p>1656. Sainte Louise console une de nos S\u0153urs qui a perdu l\u2019un des siens\u00a0: \u201cJe supplie Notre-Seigneur \u00eatre votre r\u00e9compense \u00e9ternellement pour la charit\u00e9 que vous avez exerc\u00e9e envers moi au sujet de ma maladie, &#8230; <a href=\"http:\/\/vincentians.com\/fr\/ephemerides-10-juin\/\" class=\"more-link\">Read More<\/a><\/p>\n","protected":false},"author":4,"featured_media":149897,"comment_status":"open","ping_status":"open","sticky":false,"template":"","format":"standard","meta":{"jetpack_post_was_ever_published":false,"_jetpack_newsletter_access":"","_jetpack_dont_email_post_to_subs":false,"_jetpack_newsletter_tier_id":0,"_jetpack_memberships_contains_paywalled_content":false,"_jetpack_memberships_contains_paid_content":false,"footnotes":"","jetpack_publicize_message":"","jetpack_publicize_feature_enabled":true,"jetpack_social_post_already_shared":true,"jetpack_social_options":{"image_generator_settings":{"template":"highway","default_image_id":0,"font":"","enabled":false},"version":2}},"categories":[119],"tags":[],"class_list":["post-190581","post","type-post","status-publish","format-standard","has-post-thumbnail","hentry","category-ephemerides-vincentiens"],"yoast_head":"<!-- This site is optimized with the Yoast SEO plugin v26.3 - https:\/\/yoast.com\/wordpress\/plugins\/seo\/ -->\n<title>Eph\u00e9m\u00e9rides: 10 juin - Nous Sommes Vincentiens<\/title>\n<meta name=\"robots\" content=\"index, follow, max-snippet:-1, max-image-preview:large, max-video-preview:-1\" \/>\n<link rel=\"canonical\" href=\"http:\/\/vincentians.com\/fr\/ephemerides-10-juin\/\" \/>\n<meta property=\"og:locale\" content=\"fr_FR\" \/>\n<meta property=\"og:type\" content=\"article\" \/>\n<meta property=\"og:title\" content=\"Eph\u00e9m\u00e9rides: 10 juin - Nous Sommes Vincentiens\" \/>\n<meta property=\"og:description\" content=\"1656. Sainte Louise console une de nos S\u0153urs qui a perdu l\u2019un des siens\u00a0: \u201cJe supplie Notre-Seigneur \u00eatre votre r\u00e9compense \u00e9ternellement pour la charit\u00e9 que vous avez exerc\u00e9e envers moi au sujet de ma maladie, ... Read More\" \/>\n<meta property=\"og:url\" content=\"http:\/\/vincentians.com\/fr\/ephemerides-10-juin\/\" \/>\n<meta property=\"og:site_name\" content=\"Nous Sommes Vincentiens\" \/>\n<meta property=\"article:publisher\" content=\"https:\/\/www.facebook.com\/WeAreVincentians\/\" \/>\n<meta property=\"article:author\" content=\"https:\/\/www.facebook.com\/JavierChento\" \/>\n<meta property=\"article:published_time\" content=\"2017-06-09T22:01:05+00:00\" \/>\n<meta property=\"og:image\" content=\"https:\/\/i0.wp.com\/vincentians.com\/fr\/wp-content\/uploads\/sites\/10\/2016\/07\/ephemerides-fb.jpg?fit=1200%2C630\" \/>\n\t<meta property=\"og:image:width\" content=\"1200\" \/>\n\t<meta property=\"og:image:height\" content=\"630\" \/>\n\t<meta property=\"og:image:type\" content=\"image\/jpeg\" \/>\n<meta name=\"author\" content=\"Francisco Javier Fern\u00e1ndez Chento\" \/>\n<meta name=\"twitter:card\" content=\"summary_large_image\" \/>\n<meta name=\"twitter:creator\" content=\"@https:\/\/twitter.com\/javierchento\" \/>\n<meta name=\"twitter:site\" content=\"@WeVincentians\" \/>\n<meta name=\"twitter:label1\" content=\"\u00c9crit par\" \/>\n\t<meta name=\"twitter:data1\" content=\"Francisco Javier Fern\u00e1ndez Chento\" \/>\n\t<meta name=\"twitter:label2\" content=\"Dur\u00e9e de lecture estim\u00e9e\" \/>\n\t<meta name=\"twitter:data2\" content=\"4 minutes\" \/>\n<script type=\"application\/ld+json\" class=\"yoast-schema-graph\">{\"@context\":\"https:\/\/schema.org\",\"@graph\":[{\"@type\":\"WebPage\",\"@id\":\"http:\/\/vincentians.com\/fr\/ephemerides-10-juin\/\",\"url\":\"http:\/\/vincentians.com\/fr\/ephemerides-10-juin\/\",\"name\":\"Eph\u00e9m\u00e9rides: 10 juin - Nous Sommes Vincentiens\",\"isPartOf\":{\"@id\":\"http:\/\/vincentians.com\/fr\/#website\"},\"primaryImageOfPage\":{\"@id\":\"http:\/\/vincentians.com\/fr\/ephemerides-10-juin\/#primaryimage\"},\"image\":{\"@id\":\"http:\/\/vincentians.com\/fr\/ephemerides-10-juin\/#primaryimage\"},\"thumbnailUrl\":\"https:\/\/i0.wp.com\/vincentians.com\/fr\/wp-content\/uploads\/sites\/10\/2016\/07\/ephemerides-fb.jpg?fit=1200%2C630\",\"datePublished\":\"2017-06-09T22:01:05+00:00\",\"author\":{\"@id\":\"http:\/\/vincentians.com\/fr\/#\/schema\/person\/9623ef4d9aa3b2dfb8c061f1499288f2\"},\"breadcrumb\":{\"@id\":\"http:\/\/vincentians.com\/fr\/ephemerides-10-juin\/#breadcrumb\"},\"inLanguage\":\"fr-FR\",\"potentialAction\":[{\"@type\":\"ReadAction\",\"target\":[\"http:\/\/vincentians.com\/fr\/ephemerides-10-juin\/\"]}]},{\"@type\":\"ImageObject\",\"inLanguage\":\"fr-FR\",\"@id\":\"http:\/\/vincentians.com\/fr\/ephemerides-10-juin\/#primaryimage\",\"url\":\"https:\/\/i0.wp.com\/vincentians.com\/fr\/wp-content\/uploads\/sites\/10\/2016\/07\/ephemerides-fb.jpg?fit=1200%2C630\",\"contentUrl\":\"https:\/\/i0.wp.com\/vincentians.com\/fr\/wp-content\/uploads\/sites\/10\/2016\/07\/ephemerides-fb.jpg?fit=1200%2C630\",\"width\":1200,\"height\":630},{\"@type\":\"BreadcrumbList\",\"@id\":\"http:\/\/vincentians.com\/fr\/ephemerides-10-juin\/#breadcrumb\",\"itemListElement\":[{\"@type\":\"ListItem\",\"position\":1,\"name\":\"Portada\",\"item\":\"http:\/\/vincentians.com\/fr\/\"},{\"@type\":\"ListItem\",\"position\":2,\"name\":\"Eph\u00e9m\u00e9rides: 10 juin\"}]},{\"@type\":\"WebSite\",\"@id\":\"http:\/\/vincentians.com\/fr\/#website\",\"url\":\"http:\/\/vincentians.com\/fr\/\",\"name\":\"Nous Sommes Vincentiens\",\"description\":\"Know more to serve more\",\"potentialAction\":[{\"@type\":\"SearchAction\",\"target\":{\"@type\":\"EntryPoint\",\"urlTemplate\":\"http:\/\/vincentians.com\/fr\/?s={search_term_string}\"},\"query-input\":{\"@type\":\"PropertyValueSpecification\",\"valueRequired\":true,\"valueName\":\"search_term_string\"}}],\"inLanguage\":\"fr-FR\"},{\"@type\":\"Person\",\"@id\":\"http:\/\/vincentians.com\/fr\/#\/schema\/person\/9623ef4d9aa3b2dfb8c061f1499288f2\",\"name\":\"Francisco Javier Fern\u00e1ndez Chento\",\"image\":{\"@type\":\"ImageObject\",\"inLanguage\":\"fr-FR\",\"@id\":\"http:\/\/vincentians.com\/fr\/#\/schema\/person\/image\/\",\"url\":\"https:\/\/secure.gravatar.com\/avatar\/497d5cde87b4c3d097d0315953521681ba2cd523ee66e5077c3711f7021e65de?s=96&d=mm&r=g\",\"contentUrl\":\"https:\/\/secure.gravatar.com\/avatar\/497d5cde87b4c3d097d0315953521681ba2cd523ee66e5077c3711f7021e65de?s=96&d=mm&r=g\",\"caption\":\"Francisco Javier Fern\u00e1ndez Chento\"},\"description\":\"Director General y cofundador de La Red de Formaci\u00f3n Vicenciana. Javier es laico vicenciano, afiliado a la Congregaci\u00f3n de la Misi\u00f3n y miembro del Equipo de Misiones Populares de la provincia can\u00f3nica de Zaragoza (Espa\u00f1a) de la Congregaci\u00f3n de la Misi\u00f3n. Graduado en la Universidad Oberta de Catalunya con cuatro grados (Asistente de direcci\u00f3n, Gesti\u00f3n Administrativa, Recursos Humanos y Contabilidad Avanzada). Bil\u00edng\u00fce Espa\u00f1ol\/Ingl\u00e9s. gestiona y mantiene varias p\u00e1ginas web cristianas y vicencianas, incluida including La Red de Formaci\u00f3n Vicenciana, de la que es cofundador. Actualmente es responsable del \u00e1rea de Espa\u00f1ol de .famvin, la Red de Noticias de la Familia Vicenciana. Tambi\u00e9n es m\u00fasico cat\u00f3lico y ha editado varios discos. Es Director General y cofundador de Trovador, una reconocida compa\u00f1\u00eda discogr\u00e1fica critiana de Espa\u00f1a. Trabaja en las Tecnolog\u00edas de la Informaci\u00f3n, ofreciendo servicios de alojamiento, dise\u00f1o y mantenimiento Web, as\u00ed como asesoramiento, formaci\u00f3n y soluciones inform\u00e1ticas, gesti\u00f3n documental y digitalizaci\u00f3n de textos, edici\u00f3n y maquetaci\u00f3n de libros, revistas, flyers, etc.\",\"sameAs\":[\"http:\/\/chento.org\",\"https:\/\/www.facebook.com\/JavierChento\",\"https:\/\/x.com\/https:\/\/twitter.com\/javierchento\"],\"url\":\"http:\/\/vincentians.com\/fr\/author\/chento\/\"}]}<\/script>\n<!-- \/ Yoast SEO plugin. -->","yoast_head_json":{"title":"Eph\u00e9m\u00e9rides: 10 juin - Nous Sommes Vincentiens","robots":{"index":"index","follow":"follow","max-snippet":"max-snippet:-1","max-image-preview":"max-image-preview:large","max-video-preview":"max-video-preview:-1"},"canonical":"http:\/\/vincentians.com\/fr\/ephemerides-10-juin\/","og_locale":"fr_FR","og_type":"article","og_title":"Eph\u00e9m\u00e9rides: 10 juin - Nous Sommes Vincentiens","og_description":"1656. Sainte Louise console une de nos S\u0153urs qui a perdu l\u2019un des siens\u00a0: \u201cJe supplie Notre-Seigneur \u00eatre votre r\u00e9compense \u00e9ternellement pour la charit\u00e9 que vous avez exerc\u00e9e envers moi au sujet de ma maladie, ... Read More","og_url":"http:\/\/vincentians.com\/fr\/ephemerides-10-juin\/","og_site_name":"Nous Sommes Vincentiens","article_publisher":"https:\/\/www.facebook.com\/WeAreVincentians\/","article_author":"https:\/\/www.facebook.com\/JavierChento","article_published_time":"2017-06-09T22:01:05+00:00","og_image":[{"width":1200,"height":630,"url":"https:\/\/i0.wp.com\/vincentians.com\/fr\/wp-content\/uploads\/sites\/10\/2016\/07\/ephemerides-fb.jpg?fit=1200%2C630","type":"image\/jpeg"}],"author":"Francisco Javier Fern\u00e1ndez Chento","twitter_card":"summary_large_image","twitter_creator":"@https:\/\/twitter.com\/javierchento","twitter_site":"@WeVincentians","twitter_misc":{"\u00c9crit par":"Francisco Javier Fern\u00e1ndez Chento","Dur\u00e9e de lecture estim\u00e9e":"4 minutes"},"schema":{"@context":"https:\/\/schema.org","@graph":[{"@type":"WebPage","@id":"http:\/\/vincentians.com\/fr\/ephemerides-10-juin\/","url":"http:\/\/vincentians.com\/fr\/ephemerides-10-juin\/","name":"Eph\u00e9m\u00e9rides: 10 juin - Nous Sommes Vincentiens","isPartOf":{"@id":"http:\/\/vincentians.com\/fr\/#website"},"primaryImageOfPage":{"@id":"http:\/\/vincentians.com\/fr\/ephemerides-10-juin\/#primaryimage"},"image":{"@id":"http:\/\/vincentians.com\/fr\/ephemerides-10-juin\/#primaryimage"},"thumbnailUrl":"https:\/\/i0.wp.com\/vincentians.com\/fr\/wp-content\/uploads\/sites\/10\/2016\/07\/ephemerides-fb.jpg?fit=1200%2C630","datePublished":"2017-06-09T22:01:05+00:00","author":{"@id":"http:\/\/vincentians.com\/fr\/#\/schema\/person\/9623ef4d9aa3b2dfb8c061f1499288f2"},"breadcrumb":{"@id":"http:\/\/vincentians.com\/fr\/ephemerides-10-juin\/#breadcrumb"},"inLanguage":"fr-FR","potentialAction":[{"@type":"ReadAction","target":["http:\/\/vincentians.com\/fr\/ephemerides-10-juin\/"]}]},{"@type":"ImageObject","inLanguage":"fr-FR","@id":"http:\/\/vincentians.com\/fr\/ephemerides-10-juin\/#primaryimage","url":"https:\/\/i0.wp.com\/vincentians.com\/fr\/wp-content\/uploads\/sites\/10\/2016\/07\/ephemerides-fb.jpg?fit=1200%2C630","contentUrl":"https:\/\/i0.wp.com\/vincentians.com\/fr\/wp-content\/uploads\/sites\/10\/2016\/07\/ephemerides-fb.jpg?fit=1200%2C630","width":1200,"height":630},{"@type":"BreadcrumbList","@id":"http:\/\/vincentians.com\/fr\/ephemerides-10-juin\/#breadcrumb","itemListElement":[{"@type":"ListItem","position":1,"name":"Portada","item":"http:\/\/vincentians.com\/fr\/"},{"@type":"ListItem","position":2,"name":"Eph\u00e9m\u00e9rides: 10 juin"}]},{"@type":"WebSite","@id":"http:\/\/vincentians.com\/fr\/#website","url":"http:\/\/vincentians.com\/fr\/","name":"Nous Sommes Vincentiens","description":"Know more to serve more","potentialAction":[{"@type":"SearchAction","target":{"@type":"EntryPoint","urlTemplate":"http:\/\/vincentians.com\/fr\/?s={search_term_string}"},"query-input":{"@type":"PropertyValueSpecification","valueRequired":true,"valueName":"search_term_string"}}],"inLanguage":"fr-FR"},{"@type":"Person","@id":"http:\/\/vincentians.com\/fr\/#\/schema\/person\/9623ef4d9aa3b2dfb8c061f1499288f2","name":"Francisco Javier Fern\u00e1ndez Chento","image":{"@type":"ImageObject","inLanguage":"fr-FR","@id":"http:\/\/vincentians.com\/fr\/#\/schema\/person\/image\/","url":"https:\/\/secure.gravatar.com\/avatar\/497d5cde87b4c3d097d0315953521681ba2cd523ee66e5077c3711f7021e65de?s=96&d=mm&r=g","contentUrl":"https:\/\/secure.gravatar.com\/avatar\/497d5cde87b4c3d097d0315953521681ba2cd523ee66e5077c3711f7021e65de?s=96&d=mm&r=g","caption":"Francisco Javier Fern\u00e1ndez Chento"},"description":"Director General y cofundador de La Red de Formaci\u00f3n Vicenciana. Javier es laico vicenciano, afiliado a la Congregaci\u00f3n de la Misi\u00f3n y miembro del Equipo de Misiones Populares de la provincia can\u00f3nica de Zaragoza (Espa\u00f1a) de la Congregaci\u00f3n de la Misi\u00f3n. Graduado en la Universidad Oberta de Catalunya con cuatro grados (Asistente de direcci\u00f3n, Gesti\u00f3n Administrativa, Recursos Humanos y Contabilidad Avanzada). Bil\u00edng\u00fce Espa\u00f1ol\/Ingl\u00e9s. gestiona y mantiene varias p\u00e1ginas web cristianas y vicencianas, incluida including La Red de Formaci\u00f3n Vicenciana, de la que es cofundador. Actualmente es responsable del \u00e1rea de Espa\u00f1ol de .famvin, la Red de Noticias de la Familia Vicenciana. Tambi\u00e9n es m\u00fasico cat\u00f3lico y ha editado varios discos. Es Director General y cofundador de Trovador, una reconocida compa\u00f1\u00eda discogr\u00e1fica critiana de Espa\u00f1a. Trabaja en las Tecnolog\u00edas de la Informaci\u00f3n, ofreciendo servicios de alojamiento, dise\u00f1o y mantenimiento Web, as\u00ed como asesoramiento, formaci\u00f3n y soluciones inform\u00e1ticas, gesti\u00f3n documental y digitalizaci\u00f3n de textos, edici\u00f3n y maquetaci\u00f3n de libros, revistas, flyers, etc.","sameAs":["http:\/\/chento.org","https:\/\/www.facebook.com\/JavierChento","https:\/\/x.com\/https:\/\/twitter.com\/javierchento"],"url":"http:\/\/vincentians.com\/fr\/author\/chento\/"}]}},"jetpack_publicize_connections":[],"jetpack_featured_media_url":"https:\/\/i0.wp.com\/vincentians.com\/fr\/wp-content\/uploads\/sites\/10\/2016\/07\/ephemerides-fb.jpg?fit=1200%2C630","jetpack_sharing_enabled":true,"jetpack_shortlink":"https:\/\/wp.me\/p7ETMP-NzT","jetpack-related-posts":[{"id":106453,"url":"http:\/\/vincentians.com\/fr\/ephemerides-23-mai\/","url_meta":{"origin":190581,"position":0},"title":"Eph\u00e9m\u00e9rides: 23 mai","author":"Francisco Javier Fern\u00e1ndez Chento","date":"23\/05\/2017","format":false,"excerpt":"En 1615, \u00e0 Paris, Monsieur Vincent constitue Jean Morin son procureur pour prendre possession d'un canonicat \u00e0 Ecouis. C'est M. de Gondi, chez qui il est pr\u00e9cepteur depuis 1613, qui lui a fait obtenir cette charge de tr\u00e9sorier et de chanoine du chapitre coll\u00e9gial. Ecouis, qui d\u00e9pendait alors de Rouen,\u2026","rel":"","context":"Dans &quot;\u00c9ph\u00e9m\u00e9rides vincentiens&quot;","block_context":{"text":"\u00c9ph\u00e9m\u00e9rides vincentiens","link":"http:\/\/vincentians.com\/fr\/category\/ephemerides-vincentiens\/"},"img":{"alt_text":"","src":"https:\/\/i0.wp.com\/vincentians.com\/fr\/wp-content\/uploads\/sites\/10\/2016\/07\/ephemerides-fb.jpg?fit=1200%2C630&resize=350%2C200","width":350,"height":200,"srcset":"https:\/\/i0.wp.com\/vincentians.com\/fr\/wp-content\/uploads\/sites\/10\/2016\/07\/ephemerides-fb.jpg?fit=1200%2C630&resize=350%2C200 1x, https:\/\/i0.wp.com\/vincentians.com\/fr\/wp-content\/uploads\/sites\/10\/2016\/07\/ephemerides-fb.jpg?fit=1200%2C630&resize=525%2C300 1.5x, https:\/\/i0.wp.com\/vincentians.com\/fr\/wp-content\/uploads\/sites\/10\/2016\/07\/ephemerides-fb.jpg?fit=1200%2C630&resize=700%2C400 2x, https:\/\/i0.wp.com\/vincentians.com\/fr\/wp-content\/uploads\/sites\/10\/2016\/07\/ephemerides-fb.jpg?fit=1200%2C630&resize=1050%2C600 3x"},"classes":[]},{"id":190227,"url":"http:\/\/vincentians.com\/fr\/ephemerides-06-octobre\/","url_meta":{"origin":190581,"position":1},"title":"Eph\u00e9m\u00e9rides : 06 octobre","author":"Francisco Javier Fern\u00e1ndez Chento","date":"06\/10\/2016","format":false,"excerpt":"1651. Sainte Louise \u00e9crit \u00e0 S\u0153ur Julienne Loret\u00a0: \u201cUne de mes grandes peines pour Chars, c\u2019est que nos S\u0153urs ne se sont point accoutum\u00e9es \u00e0 chercher les occasions de servir les pauvres malades des villages circonvoisins\u201d. (R) 1658. Saint Vincent explique \u00e0 nos premi\u00e8res S\u0153urs\u00a0: \u201cPriez Dieu quand vous serez\u2026","rel":"","context":"Dans &quot;\u00c9ph\u00e9m\u00e9rides vincentiens&quot;","block_context":{"text":"\u00c9ph\u00e9m\u00e9rides vincentiens","link":"http:\/\/vincentians.com\/fr\/category\/ephemerides-vincentiens\/"},"img":{"alt_text":"","src":"https:\/\/i0.wp.com\/vincentians.com\/fr\/wp-content\/uploads\/sites\/10\/2016\/07\/ephemerides-fb.jpg?fit=1200%2C630&resize=350%2C200","width":350,"height":200,"srcset":"https:\/\/i0.wp.com\/vincentians.com\/fr\/wp-content\/uploads\/sites\/10\/2016\/07\/ephemerides-fb.jpg?fit=1200%2C630&resize=350%2C200 1x, https:\/\/i0.wp.com\/vincentians.com\/fr\/wp-content\/uploads\/sites\/10\/2016\/07\/ephemerides-fb.jpg?fit=1200%2C630&resize=525%2C300 1.5x, https:\/\/i0.wp.com\/vincentians.com\/fr\/wp-content\/uploads\/sites\/10\/2016\/07\/ephemerides-fb.jpg?fit=1200%2C630&resize=700%2C400 2x, https:\/\/i0.wp.com\/vincentians.com\/fr\/wp-content\/uploads\/sites\/10\/2016\/07\/ephemerides-fb.jpg?fit=1200%2C630&resize=1050%2C600 3x"},"classes":[]},{"id":106439,"url":"http:\/\/vincentians.com\/fr\/ephemerides-12-mai\/","url_meta":{"origin":190581,"position":2},"title":"Eph\u00e9m\u00e9rides: 12 mai","author":"Francisco Javier Fern\u00e1ndez Chento","date":"12\/05\/2017","format":false,"excerpt":"En 1648, \u00e0 Alger, mort de M. Lesage au service des pestif\u00e9r\u00e9s.(R) En 1657, Sainte Louise \u00e9crit \u00e0 S\u0153ur C\u00e9cile \u00e0 Angers\u00a0: \u201c\u2026Quand je ressens quelque petit m\u00e9contentement de quelques-unes de nos S\u0153urs et que je consid\u00e8re de pr\u00e8s pour en conna\u00eetre la cause, il faut que je vous avoue\u2026","rel":"","context":"Dans &quot;\u00c9ph\u00e9m\u00e9rides vincentiens&quot;","block_context":{"text":"\u00c9ph\u00e9m\u00e9rides vincentiens","link":"http:\/\/vincentians.com\/fr\/category\/ephemerides-vincentiens\/"},"img":{"alt_text":"","src":"https:\/\/i0.wp.com\/vincentians.com\/fr\/wp-content\/uploads\/sites\/10\/2016\/07\/ephemerides-fb.jpg?fit=1200%2C630&resize=350%2C200","width":350,"height":200,"srcset":"https:\/\/i0.wp.com\/vincentians.com\/fr\/wp-content\/uploads\/sites\/10\/2016\/07\/ephemerides-fb.jpg?fit=1200%2C630&resize=350%2C200 1x, https:\/\/i0.wp.com\/vincentians.com\/fr\/wp-content\/uploads\/sites\/10\/2016\/07\/ephemerides-fb.jpg?fit=1200%2C630&resize=525%2C300 1.5x, https:\/\/i0.wp.com\/vincentians.com\/fr\/wp-content\/uploads\/sites\/10\/2016\/07\/ephemerides-fb.jpg?fit=1200%2C630&resize=700%2C400 2x, https:\/\/i0.wp.com\/vincentians.com\/fr\/wp-content\/uploads\/sites\/10\/2016\/07\/ephemerides-fb.jpg?fit=1200%2C630&resize=1050%2C600 3x"},"classes":[]},{"id":190413,"url":"http:\/\/vincentians.com\/fr\/ephemerides-08-avril\/","url_meta":{"origin":190581,"position":3},"title":"Eph\u00e9m\u00e9rides : 08 avril","author":"Francisco Javier Fern\u00e1ndez Chento","date":"08\/04\/2017","format":false,"excerpt":"1655. Le jeudi, 8e jour d'avril, se fit la petite Conf\u00e9rence au parloir de Saint-Lazare en la pr\u00e9sence de M. Notre Tr\u00e8s Honor\u00e9 P\u00e8re, de M. Alm\u00e9ras, pour lors premier assistant sous Monsieur Vincent \u00e0 Saint-Lazare, de M. Portail, de Mademoiselle Legras et trois de nos S\u0153urs, au sujet du\u2026","rel":"","context":"Dans &quot;\u00c9ph\u00e9m\u00e9rides vincentiens&quot;","block_context":{"text":"\u00c9ph\u00e9m\u00e9rides vincentiens","link":"http:\/\/vincentians.com\/fr\/category\/ephemerides-vincentiens\/"},"img":{"alt_text":"","src":"https:\/\/i0.wp.com\/vincentians.com\/fr\/wp-content\/uploads\/sites\/10\/2016\/07\/ephemerides-fb.jpg?fit=1200%2C630&resize=350%2C200","width":350,"height":200,"srcset":"https:\/\/i0.wp.com\/vincentians.com\/fr\/wp-content\/uploads\/sites\/10\/2016\/07\/ephemerides-fb.jpg?fit=1200%2C630&resize=350%2C200 1x, https:\/\/i0.wp.com\/vincentians.com\/fr\/wp-content\/uploads\/sites\/10\/2016\/07\/ephemerides-fb.jpg?fit=1200%2C630&resize=525%2C300 1.5x, https:\/\/i0.wp.com\/vincentians.com\/fr\/wp-content\/uploads\/sites\/10\/2016\/07\/ephemerides-fb.jpg?fit=1200%2C630&resize=700%2C400 2x, https:\/\/i0.wp.com\/vincentians.com\/fr\/wp-content\/uploads\/sites\/10\/2016\/07\/ephemerides-fb.jpg?fit=1200%2C630&resize=1050%2C600 3x"},"classes":[]},{"id":190396,"url":"http:\/\/vincentians.com\/fr\/ephemerides-17-avril\/","url_meta":{"origin":190581,"position":4},"title":"Eph\u00e9m\u00e9rides : 17 avril","author":"Francisco Javier Fern\u00e1ndez Chento","date":"17\/04\/2017","format":false,"excerpt":"1625. \u00c0 Paris , l'apr\u00e8s-midi de ce jour et dans leur h\u00f4tel de la rue Pav\u00e9e, sur la paroisse Saint-Sauveur, M. et Mme de Gondy signent, par-devant notaires, le contrat de fondation de la Congr\u00e9gation de la Mission (1). 1628. \u00c0 Paris , devant le tribunal dioc\u00e9sain, Monsieur Vincent, fait\u2026","rel":"","context":"Dans &quot;\u00c9ph\u00e9m\u00e9rides vincentiens&quot;","block_context":{"text":"\u00c9ph\u00e9m\u00e9rides vincentiens","link":"http:\/\/vincentians.com\/fr\/category\/ephemerides-vincentiens\/"},"img":{"alt_text":"","src":"https:\/\/i0.wp.com\/vincentians.com\/fr\/wp-content\/uploads\/sites\/10\/2016\/07\/ephemerides-fb.jpg?fit=1200%2C630&resize=350%2C200","width":350,"height":200,"srcset":"https:\/\/i0.wp.com\/vincentians.com\/fr\/wp-content\/uploads\/sites\/10\/2016\/07\/ephemerides-fb.jpg?fit=1200%2C630&resize=350%2C200 1x, https:\/\/i0.wp.com\/vincentians.com\/fr\/wp-content\/uploads\/sites\/10\/2016\/07\/ephemerides-fb.jpg?fit=1200%2C630&resize=525%2C300 1.5x, https:\/\/i0.wp.com\/vincentians.com\/fr\/wp-content\/uploads\/sites\/10\/2016\/07\/ephemerides-fb.jpg?fit=1200%2C630&resize=700%2C400 2x, https:\/\/i0.wp.com\/vincentians.com\/fr\/wp-content\/uploads\/sites\/10\/2016\/07\/ephemerides-fb.jpg?fit=1200%2C630&resize=1050%2C600 3x"},"classes":[]},{"id":189331,"url":"http:\/\/vincentians.com\/fr\/ephemerides-11-juilliet\/","url_meta":{"origin":190581,"position":5},"title":"Eph\u00e9m\u00e9rides: 11 juilliet","author":"Francisco Javier Fern\u00e1ndez Chento","date":"11\/07\/2017","format":false,"excerpt":"1657. \u00c0 Paris, Monsieur Vincent pr\u00e9side l\u2019assembl\u00e9e des Dames de la Charit\u00e9 de l\u2019H\u00f4tel-Dieu. Cette r\u00e9union avait lieu chaque semaine chez la sup\u00e9rieure des Dames, ou \u00e0 Saint-Lazare, ou chez les S\u0153urs. L\u2019assembl\u00e9e de ce jour m\u00e9rite d\u2019\u00eatre not\u00e9e, parce qu\u2019Abelly nous a conserv\u00e9 le texte du discours que Monsieur\u2026","rel":"","context":"Dans &quot;\u00c9ph\u00e9m\u00e9rides vincentiens&quot;","block_context":{"text":"\u00c9ph\u00e9m\u00e9rides vincentiens","link":"http:\/\/vincentians.com\/fr\/category\/ephemerides-vincentiens\/"},"img":{"alt_text":"","src":"https:\/\/i0.wp.com\/vincentians.com\/fr\/wp-content\/uploads\/sites\/10\/2016\/07\/ephemerides-fb.jpg?fit=1200%2C630&resize=350%2C200","width":350,"height":200,"srcset":"https:\/\/i0.wp.com\/vincentians.com\/fr\/wp-content\/uploads\/sites\/10\/2016\/07\/ephemerides-fb.jpg?fit=1200%2C630&resize=350%2C200 1x, https:\/\/i0.wp.com\/vincentians.com\/fr\/wp-content\/uploads\/sites\/10\/2016\/07\/ephemerides-fb.jpg?fit=1200%2C630&resize=525%2C300 1.5x, https:\/\/i0.wp.com\/vincentians.com\/fr\/wp-content\/uploads\/sites\/10\/2016\/07\/ephemerides-fb.jpg?fit=1200%2C630&resize=700%2C400 2x, https:\/\/i0.wp.com\/vincentians.com\/fr\/wp-content\/uploads\/sites\/10\/2016\/07\/ephemerides-fb.jpg?fit=1200%2C630&resize=1050%2C600 3x"},"classes":[]}],"_links":{"self":[{"href":"http:\/\/vincentians.com\/fr\/wp-json\/wp\/v2\/posts\/190581","targetHints":{"allow":["GET"]}}],"collection":[{"href":"http:\/\/vincentians.com\/fr\/wp-json\/wp\/v2\/posts"}],"about":[{"href":"http:\/\/vincentians.com\/fr\/wp-json\/wp\/v2\/types\/post"}],"author":[{"embeddable":true,"href":"http:\/\/vincentians.com\/fr\/wp-json\/wp\/v2\/users\/4"}],"replies":[{"embeddable":true,"href":"http:\/\/vincentians.com\/fr\/wp-json\/wp\/v2\/comments?post=190581"}],"version-history":[{"count":0,"href":"http:\/\/vincentians.com\/fr\/wp-json\/wp\/v2\/posts\/190581\/revisions"}],"wp:featuredmedia":[{"embeddable":true,"href":"http:\/\/vincentians.com\/fr\/wp-json\/wp\/v2\/media\/149897"}],"wp:attachment":[{"href":"http:\/\/vincentians.com\/fr\/wp-json\/wp\/v2\/media?parent=190581"}],"wp:term":[{"taxonomy":"category","embeddable":true,"href":"http:\/\/vincentians.com\/fr\/wp-json\/wp\/v2\/categories?post=190581"},{"taxonomy":"post_tag","embeddable":true,"href":"http:\/\/vincentians.com\/fr\/wp-json\/wp\/v2\/tags?post=190581"}],"curies":[{"name":"wp","href":"https:\/\/api.w.org\/{rel}","templated":true}]}}