{"id":190573,"date":"2017-06-02T00:01:05","date_gmt":"2017-06-01T22:01:05","guid":{"rendered":"http:\/\/vincentians.com\/fr\/?p=190573"},"modified":"2016-08-11T22:19:22","modified_gmt":"2016-08-11T20:19:22","slug":"ephemerides-02-juin","status":"publish","type":"post","link":"http:\/\/vincentians.com\/fr\/ephemerides-02-juin\/","title":{"rendered":"Eph\u00e9m\u00e9rides: 02 juin"},"content":{"rendered":"<p><b>1658<\/b>. Saint Vincent parle aux Premi\u00e8res S\u0153urs de la \u201ccordialit\u00e9\u201d, et du \u201crespect\u201d. \u201cQuand une S\u0153ur vous approche, dit-il, montrez un visage qui fasse voir de l\u2019amiti\u00e9 pour elle, que vous \u00eates bien heureuses de la rencontrer\u201d. a Il faut que vous vous donniez \u00e0 Dieu pour t\u00e9moigner de la cordialit\u00e9 \u00e0 toutes les personnes, principalement \u00e0 vos S\u0153urs et aux Pauvres\u201d \u2014 \u201cLa cordialit\u00e9 vient du c\u0153ur, le respect prend sa source dans l\u2019entendement\u201d. \u201cCroyez-vous qu\u2019avec l\u2019habit, vous soyez Filles de la Charit\u00e9\u00a0? Non ce sera (si vous avez) I\u2019amour de Dieu, l\u2019amour du prochain, I\u2019amour de tous\u201d.(R)<\/p>\n<p><b>1670<\/b>. \u00c0 Rome, par le bref \u00ab\u00a0Ex injuncto Nobis\u00a0\u00bb, le pape Cl\u00e9ment X confirme et approuve les Constitutions de la Congr\u00e9gation de la Mission en ce qui concerne les pr\u00e9rogatives du sup\u00e9rieur g\u00e9n\u00e9ral, du vicaire g\u00e9n\u00e9ral et les pouvoirs des Assembl\u00e9es g\u00e9n\u00e9rales (1).<\/p>\n<p><b>1788<\/b>. \u00c0 Paris, M. Jean F\u00e9lix Cayla est \u00e9lu sup\u00e9rieur g\u00e9n\u00e9ral par la seizi\u00e8me Assembl\u00e9e. Quelques mois auparavant, il venait d&rsquo;\u00eatre nomm\u00e9 assistant. [Il devra s\u2019exiler \u00e0 Rome durant la R\u00e9volution, mais de l\u00e0 ne cessera d\u2019encourager ses Fils et ses Filles. On conserve aux Archives de la Communaut\u00e9 tout un livre d\u2019Instructions destin\u00e9es aux S\u0153urs du S\u00e9minaire.] Il a cinquante-quatre ans (2+R).<\/p>\n<p><b>1912<\/b>. \u00c0 Kashing, au s\u00e9minaire r\u00e9gional o\u00f9 il \u00e9tait venu chercher un peu de repos et o\u00f9 il comptait c\u00e9l\u00e9brer, en la f\u00eate de la Trinit\u00e9, le trente-cinqui\u00e8me anniversaire de son ordination sacerdotale, Mgr Jean-Casimir-Antoine Vic, \u00e9v\u00eaque de M\u00e9teilopolis et premier vicaire apostolique du Kiang-Si oriental, meurt \u00e0 l&rsquo;\u00e2ge de soixante ans, apr\u00e8s vingt-sept ans d&rsquo;\u00e9piscopat. Par sa naissance, il appartenait au dioc\u00e8se de Rodez qui a donn\u00e9 \u00e0 l&rsquo;\u00c9glise tant de pr\u00eatres et tant d&rsquo;\u00e9v\u00eaques. Mgr Vic \u00e9tait entr\u00e9 dans la petite Compagnie en 1873, avec le d\u00e9sir d&rsquo;aller en Chine. Quatre ans apr\u00e8s, il \u00e9tait donn\u00e9 \u00e0 Mgr Bray qui, depuis 1870, administrait \u00e9nergiquement le Kiang-si tout entier, dont la superficie \u00e9galait quatre fois celle de la Belgique. Du premier coup d&rsquo;\u0153il, Mgr Bray appr\u00e9cia le jeune M. Vic et lui confia des postes dont la vari\u00e9t\u00e9 avait pour but de voir \u00e0 l&rsquo;\u0153uvre les diverses aptitudes du nouveau missionnaire. Satisfait de l&rsquo;\u00e9preuve, Mgr Bray obtint de Rome qu&rsquo;une partie de son immense vicariat, &#8211; les quatre d\u00e9partements du Nord-Est &#8211; f\u00fbt \u00e9rig\u00e9 en vicariat distinct et donn\u00e9 \u00e0 Mgr Vic. Le premier \u00e9v\u00eaque du Kiang-si oriental avait un peu plus de trente-trois ans, quand il prit possession de son territoire, qui comptait en tout et pour tout cinq r\u00e9sidences, trois pr\u00eatres europ\u00e9ens, dix pr\u00eatres chinois et neuf mille huit cent cinq chr\u00e9tiens. En 1911, ann\u00e9e du jubil\u00e9 \u00e9piscopal de Mgr Vic, ce m\u00eame territoire comptera vingt-trois r\u00e9sidences, vingt-trois missionnaires europ\u00e9ens, dix pr\u00eatres chinois, vingt et un mille quatre-vingt-onze chr\u00e9tiens\u00a0; six Filles de la Charit\u00e9, et vingt-trois S\u0153urs indig\u00e8nes y auront \u00e9t\u00e9 install\u00e9es. C&rsquo;est que, avec son z\u00e8le tout empreint de modestie et de bont\u00e9, Mgr Vic a \u00e9t\u00e9 un de ces \u00e9v\u00eaques missionnaires que ni les fatigues personnelles, ni les soubresauts anti-chr\u00e9tiens de la Chine n&rsquo;ont arr\u00eat\u00e9. Juch\u00e9 sur sa mule, il visitait chaque ann\u00e9e tous les postes de son vicariat\u00a0: dans la seule ann\u00e9e 1911, il avait ainsi s\u00e9journ\u00e9 dans trois cent trente-trois lieux de mission. Mgr Vic a \u00e9t\u00e9 le bon pasteur qui, minute par minute, donne chaque Jour de sa vie pour ses brebis (4).<\/p>\n<dl>\n<dd>1) Acta Apostolica, pp. 33-38.<\/dd>\n<dd>2) Circulaires, t. II, pp. 194-203.<\/dd>\n<dd>3) Episcopat de Mgr Vic, Notes et souvenirs.<\/dd>\n<\/dl>\n","protected":false},"excerpt":{"rendered":"<p>1658. Saint Vincent parle aux Premi\u00e8res S\u0153urs de la \u201ccordialit\u00e9\u201d, et du \u201crespect\u201d. \u201cQuand une S\u0153ur vous approche, dit-il, montrez un visage qui fasse voir de l\u2019amiti\u00e9 pour elle, que vous \u00eates bien heureuses de &#8230; <a href=\"http:\/\/vincentians.com\/fr\/ephemerides-02-juin\/\" class=\"more-link\">Read More<\/a><\/p>\n","protected":false},"author":4,"featured_media":149897,"comment_status":"open","ping_status":"open","sticky":false,"template":"","format":"standard","meta":{"jetpack_post_was_ever_published":false,"_jetpack_newsletter_access":"","_jetpack_dont_email_post_to_subs":false,"_jetpack_newsletter_tier_id":0,"_jetpack_memberships_contains_paywalled_content":false,"_jetpack_memberships_contains_paid_content":false,"footnotes":"","jetpack_publicize_message":"","jetpack_publicize_feature_enabled":true,"jetpack_social_post_already_shared":true,"jetpack_social_options":{"image_generator_settings":{"template":"highway","default_image_id":0,"font":"","enabled":false},"version":2}},"categories":[119],"tags":[],"class_list":["post-190573","post","type-post","status-publish","format-standard","has-post-thumbnail","hentry","category-ephemerides-vincentiens"],"yoast_head":"<!-- This site is optimized with the Yoast SEO plugin v26.3 - https:\/\/yoast.com\/wordpress\/plugins\/seo\/ -->\n<title>Eph\u00e9m\u00e9rides: 02 juin - Nous Sommes Vincentiens<\/title>\n<meta name=\"robots\" content=\"index, follow, max-snippet:-1, max-image-preview:large, max-video-preview:-1\" \/>\n<link rel=\"canonical\" href=\"http:\/\/vincentians.com\/fr\/ephemerides-02-juin\/\" \/>\n<meta property=\"og:locale\" content=\"fr_FR\" \/>\n<meta property=\"og:type\" content=\"article\" \/>\n<meta property=\"og:title\" content=\"Eph\u00e9m\u00e9rides: 02 juin - Nous Sommes Vincentiens\" \/>\n<meta property=\"og:description\" content=\"1658. Saint Vincent parle aux Premi\u00e8res S\u0153urs de la \u201ccordialit\u00e9\u201d, et du \u201crespect\u201d. \u201cQuand une S\u0153ur vous approche, dit-il, montrez un visage qui fasse voir de l\u2019amiti\u00e9 pour elle, que vous \u00eates bien heureuses de ... Read More\" \/>\n<meta property=\"og:url\" content=\"http:\/\/vincentians.com\/fr\/ephemerides-02-juin\/\" \/>\n<meta property=\"og:site_name\" content=\"Nous Sommes Vincentiens\" \/>\n<meta property=\"article:publisher\" content=\"https:\/\/www.facebook.com\/WeAreVincentians\/\" \/>\n<meta property=\"article:author\" content=\"https:\/\/www.facebook.com\/JavierChento\" \/>\n<meta property=\"article:published_time\" content=\"2017-06-01T22:01:05+00:00\" \/>\n<meta property=\"og:image\" content=\"https:\/\/i0.wp.com\/vincentians.com\/fr\/wp-content\/uploads\/sites\/10\/2016\/07\/ephemerides-fb.jpg?fit=1200%2C630\" \/>\n\t<meta property=\"og:image:width\" content=\"1200\" \/>\n\t<meta property=\"og:image:height\" content=\"630\" \/>\n\t<meta property=\"og:image:type\" content=\"image\/jpeg\" \/>\n<meta name=\"author\" content=\"Francisco Javier Fern\u00e1ndez Chento\" \/>\n<meta name=\"twitter:card\" content=\"summary_large_image\" \/>\n<meta name=\"twitter:creator\" content=\"@https:\/\/twitter.com\/javierchento\" \/>\n<meta name=\"twitter:site\" content=\"@WeVincentians\" \/>\n<meta name=\"twitter:label1\" content=\"\u00c9crit par\" \/>\n\t<meta name=\"twitter:data1\" content=\"Francisco Javier Fern\u00e1ndez Chento\" \/>\n\t<meta name=\"twitter:label2\" content=\"Dur\u00e9e de lecture estim\u00e9e\" \/>\n\t<meta name=\"twitter:data2\" content=\"3 minutes\" \/>\n<script type=\"application\/ld+json\" class=\"yoast-schema-graph\">{\"@context\":\"https:\/\/schema.org\",\"@graph\":[{\"@type\":\"WebPage\",\"@id\":\"http:\/\/vincentians.com\/fr\/ephemerides-02-juin\/\",\"url\":\"http:\/\/vincentians.com\/fr\/ephemerides-02-juin\/\",\"name\":\"Eph\u00e9m\u00e9rides: 02 juin - Nous Sommes Vincentiens\",\"isPartOf\":{\"@id\":\"http:\/\/vincentians.com\/fr\/#website\"},\"primaryImageOfPage\":{\"@id\":\"http:\/\/vincentians.com\/fr\/ephemerides-02-juin\/#primaryimage\"},\"image\":{\"@id\":\"http:\/\/vincentians.com\/fr\/ephemerides-02-juin\/#primaryimage\"},\"thumbnailUrl\":\"https:\/\/i0.wp.com\/vincentians.com\/fr\/wp-content\/uploads\/sites\/10\/2016\/07\/ephemerides-fb.jpg?fit=1200%2C630\",\"datePublished\":\"2017-06-01T22:01:05+00:00\",\"author\":{\"@id\":\"http:\/\/vincentians.com\/fr\/#\/schema\/person\/9623ef4d9aa3b2dfb8c061f1499288f2\"},\"breadcrumb\":{\"@id\":\"http:\/\/vincentians.com\/fr\/ephemerides-02-juin\/#breadcrumb\"},\"inLanguage\":\"fr-FR\",\"potentialAction\":[{\"@type\":\"ReadAction\",\"target\":[\"http:\/\/vincentians.com\/fr\/ephemerides-02-juin\/\"]}]},{\"@type\":\"ImageObject\",\"inLanguage\":\"fr-FR\",\"@id\":\"http:\/\/vincentians.com\/fr\/ephemerides-02-juin\/#primaryimage\",\"url\":\"https:\/\/i0.wp.com\/vincentians.com\/fr\/wp-content\/uploads\/sites\/10\/2016\/07\/ephemerides-fb.jpg?fit=1200%2C630\",\"contentUrl\":\"https:\/\/i0.wp.com\/vincentians.com\/fr\/wp-content\/uploads\/sites\/10\/2016\/07\/ephemerides-fb.jpg?fit=1200%2C630\",\"width\":1200,\"height\":630},{\"@type\":\"BreadcrumbList\",\"@id\":\"http:\/\/vincentians.com\/fr\/ephemerides-02-juin\/#breadcrumb\",\"itemListElement\":[{\"@type\":\"ListItem\",\"position\":1,\"name\":\"Portada\",\"item\":\"http:\/\/vincentians.com\/fr\/\"},{\"@type\":\"ListItem\",\"position\":2,\"name\":\"Eph\u00e9m\u00e9rides: 02 juin\"}]},{\"@type\":\"WebSite\",\"@id\":\"http:\/\/vincentians.com\/fr\/#website\",\"url\":\"http:\/\/vincentians.com\/fr\/\",\"name\":\"Nous Sommes Vincentiens\",\"description\":\"Know more to serve more\",\"potentialAction\":[{\"@type\":\"SearchAction\",\"target\":{\"@type\":\"EntryPoint\",\"urlTemplate\":\"http:\/\/vincentians.com\/fr\/?s={search_term_string}\"},\"query-input\":{\"@type\":\"PropertyValueSpecification\",\"valueRequired\":true,\"valueName\":\"search_term_string\"}}],\"inLanguage\":\"fr-FR\"},{\"@type\":\"Person\",\"@id\":\"http:\/\/vincentians.com\/fr\/#\/schema\/person\/9623ef4d9aa3b2dfb8c061f1499288f2\",\"name\":\"Francisco Javier Fern\u00e1ndez Chento\",\"image\":{\"@type\":\"ImageObject\",\"inLanguage\":\"fr-FR\",\"@id\":\"http:\/\/vincentians.com\/fr\/#\/schema\/person\/image\/\",\"url\":\"https:\/\/secure.gravatar.com\/avatar\/497d5cde87b4c3d097d0315953521681ba2cd523ee66e5077c3711f7021e65de?s=96&d=mm&r=g\",\"contentUrl\":\"https:\/\/secure.gravatar.com\/avatar\/497d5cde87b4c3d097d0315953521681ba2cd523ee66e5077c3711f7021e65de?s=96&d=mm&r=g\",\"caption\":\"Francisco Javier Fern\u00e1ndez Chento\"},\"description\":\"Director General y cofundador de La Red de Formaci\u00f3n Vicenciana. Javier es laico vicenciano, afiliado a la Congregaci\u00f3n de la Misi\u00f3n y miembro del Equipo de Misiones Populares de la provincia can\u00f3nica de Zaragoza (Espa\u00f1a) de la Congregaci\u00f3n de la Misi\u00f3n. Graduado en la Universidad Oberta de Catalunya con cuatro grados (Asistente de direcci\u00f3n, Gesti\u00f3n Administrativa, Recursos Humanos y Contabilidad Avanzada). Bil\u00edng\u00fce Espa\u00f1ol\/Ingl\u00e9s. gestiona y mantiene varias p\u00e1ginas web cristianas y vicencianas, incluida including La Red de Formaci\u00f3n Vicenciana, de la que es cofundador. Actualmente es responsable del \u00e1rea de Espa\u00f1ol de .famvin, la Red de Noticias de la Familia Vicenciana. Tambi\u00e9n es m\u00fasico cat\u00f3lico y ha editado varios discos. Es Director General y cofundador de Trovador, una reconocida compa\u00f1\u00eda discogr\u00e1fica critiana de Espa\u00f1a. Trabaja en las Tecnolog\u00edas de la Informaci\u00f3n, ofreciendo servicios de alojamiento, dise\u00f1o y mantenimiento Web, as\u00ed como asesoramiento, formaci\u00f3n y soluciones inform\u00e1ticas, gesti\u00f3n documental y digitalizaci\u00f3n de textos, edici\u00f3n y maquetaci\u00f3n de libros, revistas, flyers, etc.\",\"sameAs\":[\"http:\/\/chento.org\",\"https:\/\/www.facebook.com\/JavierChento\",\"https:\/\/x.com\/https:\/\/twitter.com\/javierchento\"],\"url\":\"http:\/\/vincentians.com\/fr\/author\/chento\/\"}]}<\/script>\n<!-- \/ Yoast SEO plugin. -->","yoast_head_json":{"title":"Eph\u00e9m\u00e9rides: 02 juin - Nous Sommes Vincentiens","robots":{"index":"index","follow":"follow","max-snippet":"max-snippet:-1","max-image-preview":"max-image-preview:large","max-video-preview":"max-video-preview:-1"},"canonical":"http:\/\/vincentians.com\/fr\/ephemerides-02-juin\/","og_locale":"fr_FR","og_type":"article","og_title":"Eph\u00e9m\u00e9rides: 02 juin - Nous Sommes Vincentiens","og_description":"1658. Saint Vincent parle aux Premi\u00e8res S\u0153urs de la \u201ccordialit\u00e9\u201d, et du \u201crespect\u201d. \u201cQuand une S\u0153ur vous approche, dit-il, montrez un visage qui fasse voir de l\u2019amiti\u00e9 pour elle, que vous \u00eates bien heureuses de ... Read More","og_url":"http:\/\/vincentians.com\/fr\/ephemerides-02-juin\/","og_site_name":"Nous Sommes Vincentiens","article_publisher":"https:\/\/www.facebook.com\/WeAreVincentians\/","article_author":"https:\/\/www.facebook.com\/JavierChento","article_published_time":"2017-06-01T22:01:05+00:00","og_image":[{"width":1200,"height":630,"url":"https:\/\/i0.wp.com\/vincentians.com\/fr\/wp-content\/uploads\/sites\/10\/2016\/07\/ephemerides-fb.jpg?fit=1200%2C630","type":"image\/jpeg"}],"author":"Francisco Javier Fern\u00e1ndez Chento","twitter_card":"summary_large_image","twitter_creator":"@https:\/\/twitter.com\/javierchento","twitter_site":"@WeVincentians","twitter_misc":{"\u00c9crit par":"Francisco Javier Fern\u00e1ndez Chento","Dur\u00e9e de lecture estim\u00e9e":"3 minutes"},"schema":{"@context":"https:\/\/schema.org","@graph":[{"@type":"WebPage","@id":"http:\/\/vincentians.com\/fr\/ephemerides-02-juin\/","url":"http:\/\/vincentians.com\/fr\/ephemerides-02-juin\/","name":"Eph\u00e9m\u00e9rides: 02 juin - Nous Sommes Vincentiens","isPartOf":{"@id":"http:\/\/vincentians.com\/fr\/#website"},"primaryImageOfPage":{"@id":"http:\/\/vincentians.com\/fr\/ephemerides-02-juin\/#primaryimage"},"image":{"@id":"http:\/\/vincentians.com\/fr\/ephemerides-02-juin\/#primaryimage"},"thumbnailUrl":"https:\/\/i0.wp.com\/vincentians.com\/fr\/wp-content\/uploads\/sites\/10\/2016\/07\/ephemerides-fb.jpg?fit=1200%2C630","datePublished":"2017-06-01T22:01:05+00:00","author":{"@id":"http:\/\/vincentians.com\/fr\/#\/schema\/person\/9623ef4d9aa3b2dfb8c061f1499288f2"},"breadcrumb":{"@id":"http:\/\/vincentians.com\/fr\/ephemerides-02-juin\/#breadcrumb"},"inLanguage":"fr-FR","potentialAction":[{"@type":"ReadAction","target":["http:\/\/vincentians.com\/fr\/ephemerides-02-juin\/"]}]},{"@type":"ImageObject","inLanguage":"fr-FR","@id":"http:\/\/vincentians.com\/fr\/ephemerides-02-juin\/#primaryimage","url":"https:\/\/i0.wp.com\/vincentians.com\/fr\/wp-content\/uploads\/sites\/10\/2016\/07\/ephemerides-fb.jpg?fit=1200%2C630","contentUrl":"https:\/\/i0.wp.com\/vincentians.com\/fr\/wp-content\/uploads\/sites\/10\/2016\/07\/ephemerides-fb.jpg?fit=1200%2C630","width":1200,"height":630},{"@type":"BreadcrumbList","@id":"http:\/\/vincentians.com\/fr\/ephemerides-02-juin\/#breadcrumb","itemListElement":[{"@type":"ListItem","position":1,"name":"Portada","item":"http:\/\/vincentians.com\/fr\/"},{"@type":"ListItem","position":2,"name":"Eph\u00e9m\u00e9rides: 02 juin"}]},{"@type":"WebSite","@id":"http:\/\/vincentians.com\/fr\/#website","url":"http:\/\/vincentians.com\/fr\/","name":"Nous Sommes Vincentiens","description":"Know more to serve more","potentialAction":[{"@type":"SearchAction","target":{"@type":"EntryPoint","urlTemplate":"http:\/\/vincentians.com\/fr\/?s={search_term_string}"},"query-input":{"@type":"PropertyValueSpecification","valueRequired":true,"valueName":"search_term_string"}}],"inLanguage":"fr-FR"},{"@type":"Person","@id":"http:\/\/vincentians.com\/fr\/#\/schema\/person\/9623ef4d9aa3b2dfb8c061f1499288f2","name":"Francisco Javier Fern\u00e1ndez Chento","image":{"@type":"ImageObject","inLanguage":"fr-FR","@id":"http:\/\/vincentians.com\/fr\/#\/schema\/person\/image\/","url":"https:\/\/secure.gravatar.com\/avatar\/497d5cde87b4c3d097d0315953521681ba2cd523ee66e5077c3711f7021e65de?s=96&d=mm&r=g","contentUrl":"https:\/\/secure.gravatar.com\/avatar\/497d5cde87b4c3d097d0315953521681ba2cd523ee66e5077c3711f7021e65de?s=96&d=mm&r=g","caption":"Francisco Javier Fern\u00e1ndez Chento"},"description":"Director General y cofundador de La Red de Formaci\u00f3n Vicenciana. Javier es laico vicenciano, afiliado a la Congregaci\u00f3n de la Misi\u00f3n y miembro del Equipo de Misiones Populares de la provincia can\u00f3nica de Zaragoza (Espa\u00f1a) de la Congregaci\u00f3n de la Misi\u00f3n. Graduado en la Universidad Oberta de Catalunya con cuatro grados (Asistente de direcci\u00f3n, Gesti\u00f3n Administrativa, Recursos Humanos y Contabilidad Avanzada). Bil\u00edng\u00fce Espa\u00f1ol\/Ingl\u00e9s. gestiona y mantiene varias p\u00e1ginas web cristianas y vicencianas, incluida including La Red de Formaci\u00f3n Vicenciana, de la que es cofundador. Actualmente es responsable del \u00e1rea de Espa\u00f1ol de .famvin, la Red de Noticias de la Familia Vicenciana. Tambi\u00e9n es m\u00fasico cat\u00f3lico y ha editado varios discos. Es Director General y cofundador de Trovador, una reconocida compa\u00f1\u00eda discogr\u00e1fica critiana de Espa\u00f1a. Trabaja en las Tecnolog\u00edas de la Informaci\u00f3n, ofreciendo servicios de alojamiento, dise\u00f1o y mantenimiento Web, as\u00ed como asesoramiento, formaci\u00f3n y soluciones inform\u00e1ticas, gesti\u00f3n documental y digitalizaci\u00f3n de textos, edici\u00f3n y maquetaci\u00f3n de libros, revistas, flyers, etc.","sameAs":["http:\/\/chento.org","https:\/\/www.facebook.com\/JavierChento","https:\/\/x.com\/https:\/\/twitter.com\/javierchento"],"url":"http:\/\/vincentians.com\/fr\/author\/chento\/"}]}},"jetpack_publicize_connections":[],"jetpack_featured_media_url":"https:\/\/i0.wp.com\/vincentians.com\/fr\/wp-content\/uploads\/sites\/10\/2016\/07\/ephemerides-fb.jpg?fit=1200%2C630","jetpack_sharing_enabled":true,"jetpack_shortlink":"https:\/\/wp.me\/p7ETMP-NzL","jetpack-related-posts":[{"id":105950,"url":"http:\/\/vincentians.com\/fr\/ephemerides-5-mars\/","url_meta":{"origin":190573,"position":0},"title":"Eph\u00e9m\u00e9rides: 5 mars","author":"Francisco Javier Fern\u00e1ndez Chento","date":"05\/03\/2017","format":false,"excerpt":"1651. L'Entretien de saint Vincent avec nos Premi\u00e8res Soeurs porte sur la confession. Entre autres choses il attire l'attention sur ce point\u00a0: \"\u00c9pargner sur le bien des Pauvres pour se l'approprier, est-ce un p\u00e9ch\u00e9\u00a0? -- Oui, mon P\u00e8re. -- Ah\u00a0! Dieu\u00a0! mes Soeurs, c'est un sacril\u00e8ge et se l'appliquer \u00e0\u2026","rel":"","context":"Dans &quot;\u00c9ph\u00e9m\u00e9rides vincentiens&quot;","block_context":{"text":"\u00c9ph\u00e9m\u00e9rides vincentiens","link":"http:\/\/vincentians.com\/fr\/category\/ephemerides-vincentiens\/"},"img":{"alt_text":"","src":"https:\/\/i0.wp.com\/vincentians.com\/fr\/wp-content\/uploads\/sites\/10\/2016\/07\/ephemerides-fb.jpg?fit=1200%2C630&resize=350%2C200","width":350,"height":200,"srcset":"https:\/\/i0.wp.com\/vincentians.com\/fr\/wp-content\/uploads\/sites\/10\/2016\/07\/ephemerides-fb.jpg?fit=1200%2C630&resize=350%2C200 1x, https:\/\/i0.wp.com\/vincentians.com\/fr\/wp-content\/uploads\/sites\/10\/2016\/07\/ephemerides-fb.jpg?fit=1200%2C630&resize=525%2C300 1.5x, https:\/\/i0.wp.com\/vincentians.com\/fr\/wp-content\/uploads\/sites\/10\/2016\/07\/ephemerides-fb.jpg?fit=1200%2C630&resize=700%2C400 2x, https:\/\/i0.wp.com\/vincentians.com\/fr\/wp-content\/uploads\/sites\/10\/2016\/07\/ephemerides-fb.jpg?fit=1200%2C630&resize=1050%2C600 3x"},"classes":[]},{"id":180862,"url":"http:\/\/vincentians.com\/fr\/ephemerides-21-fevrier\/","url_meta":{"origin":190573,"position":1},"title":"Eph\u00e9m\u00e9rides: 21 f\u00e9vrier","author":"Francisco Javier Fern\u00e1ndez Chento","date":"21\/02\/2017","format":false,"excerpt":"En 1631, Jean-Fran\u00e7ois de Gondi, archev\u00eaque de Paris, publie un mandement aux termes duquel tous les clercs qui voudraient recevoir les ordres sacr\u00e9s sont tenus de \u00abse pr\u00e9senter quinze jours auparavant pour \u00eatre interrog\u00e9s et instruits gratuitement de leurs obligations et des fonctions de leurs ordres\u00bb. Apr\u00e8s quelques objections, saint\u2026","rel":"","context":"Dans &quot;\u00c9ph\u00e9m\u00e9rides vincentiens&quot;","block_context":{"text":"\u00c9ph\u00e9m\u00e9rides vincentiens","link":"http:\/\/vincentians.com\/fr\/category\/ephemerides-vincentiens\/"},"img":{"alt_text":"","src":"https:\/\/i0.wp.com\/vincentians.com\/fr\/wp-content\/uploads\/sites\/10\/2016\/07\/ephemerides-fb.jpg?fit=1200%2C630&resize=350%2C200","width":350,"height":200,"srcset":"https:\/\/i0.wp.com\/vincentians.com\/fr\/wp-content\/uploads\/sites\/10\/2016\/07\/ephemerides-fb.jpg?fit=1200%2C630&resize=350%2C200 1x, https:\/\/i0.wp.com\/vincentians.com\/fr\/wp-content\/uploads\/sites\/10\/2016\/07\/ephemerides-fb.jpg?fit=1200%2C630&resize=525%2C300 1.5x, https:\/\/i0.wp.com\/vincentians.com\/fr\/wp-content\/uploads\/sites\/10\/2016\/07\/ephemerides-fb.jpg?fit=1200%2C630&resize=700%2C400 2x, https:\/\/i0.wp.com\/vincentians.com\/fr\/wp-content\/uploads\/sites\/10\/2016\/07\/ephemerides-fb.jpg?fit=1200%2C630&resize=1050%2C600 3x"},"classes":[]},{"id":106439,"url":"http:\/\/vincentians.com\/fr\/ephemerides-12-mai\/","url_meta":{"origin":190573,"position":2},"title":"Eph\u00e9m\u00e9rides: 12 mai","author":"Francisco Javier Fern\u00e1ndez Chento","date":"12\/05\/2017","format":false,"excerpt":"En 1648, \u00e0 Alger, mort de M. Lesage au service des pestif\u00e9r\u00e9s.(R) En 1657, Sainte Louise \u00e9crit \u00e0 S\u0153ur C\u00e9cile \u00e0 Angers\u00a0: \u201c\u2026Quand je ressens quelque petit m\u00e9contentement de quelques-unes de nos S\u0153urs et que je consid\u00e8re de pr\u00e8s pour en conna\u00eetre la cause, il faut que je vous avoue\u2026","rel":"","context":"Dans &quot;\u00c9ph\u00e9m\u00e9rides vincentiens&quot;","block_context":{"text":"\u00c9ph\u00e9m\u00e9rides vincentiens","link":"http:\/\/vincentians.com\/fr\/category\/ephemerides-vincentiens\/"},"img":{"alt_text":"","src":"https:\/\/i0.wp.com\/vincentians.com\/fr\/wp-content\/uploads\/sites\/10\/2016\/07\/ephemerides-fb.jpg?fit=1200%2C630&resize=350%2C200","width":350,"height":200,"srcset":"https:\/\/i0.wp.com\/vincentians.com\/fr\/wp-content\/uploads\/sites\/10\/2016\/07\/ephemerides-fb.jpg?fit=1200%2C630&resize=350%2C200 1x, https:\/\/i0.wp.com\/vincentians.com\/fr\/wp-content\/uploads\/sites\/10\/2016\/07\/ephemerides-fb.jpg?fit=1200%2C630&resize=525%2C300 1.5x, https:\/\/i0.wp.com\/vincentians.com\/fr\/wp-content\/uploads\/sites\/10\/2016\/07\/ephemerides-fb.jpg?fit=1200%2C630&resize=700%2C400 2x, https:\/\/i0.wp.com\/vincentians.com\/fr\/wp-content\/uploads\/sites\/10\/2016\/07\/ephemerides-fb.jpg?fit=1200%2C630&resize=1050%2C600 3x"},"classes":[]},{"id":190341,"url":"http:\/\/vincentians.com\/fr\/ephemerides-18-mars\/","url_meta":{"origin":190573,"position":3},"title":"Eph\u00e9m\u00e9rides : 18 mars","author":"Francisco Javier Fern\u00e1ndez Chento","date":"18\/03\/2017","format":false,"excerpt":"1654. Sainte Louise se r\u00e9jouit de la bonne sant\u00e9 des Soeurs d'Angers et leur \u00e9crit\u00a0: \"Comme vous tenez vos forces de la main de Dieu, je vous prie de les employer aussi avec plaisir et joie pour son amour dans le Service des autres. Encouragez-vous l'une l'autre et que les\u2026","rel":"","context":"Dans &quot;\u00c9ph\u00e9m\u00e9rides vincentiens&quot;","block_context":{"text":"\u00c9ph\u00e9m\u00e9rides vincentiens","link":"http:\/\/vincentians.com\/fr\/category\/ephemerides-vincentiens\/"},"img":{"alt_text":"","src":"https:\/\/i0.wp.com\/vincentians.com\/fr\/wp-content\/uploads\/sites\/10\/2016\/07\/ephemerides-fb.jpg?fit=1200%2C630&resize=350%2C200","width":350,"height":200,"srcset":"https:\/\/i0.wp.com\/vincentians.com\/fr\/wp-content\/uploads\/sites\/10\/2016\/07\/ephemerides-fb.jpg?fit=1200%2C630&resize=350%2C200 1x, https:\/\/i0.wp.com\/vincentians.com\/fr\/wp-content\/uploads\/sites\/10\/2016\/07\/ephemerides-fb.jpg?fit=1200%2C630&resize=525%2C300 1.5x, https:\/\/i0.wp.com\/vincentians.com\/fr\/wp-content\/uploads\/sites\/10\/2016\/07\/ephemerides-fb.jpg?fit=1200%2C630&resize=700%2C400 2x, https:\/\/i0.wp.com\/vincentians.com\/fr\/wp-content\/uploads\/sites\/10\/2016\/07\/ephemerides-fb.jpg?fit=1200%2C630&resize=1050%2C600 3x"},"classes":[]},{"id":104147,"url":"http:\/\/vincentians.com\/fr\/ephemerides-14-novembre\/","url_meta":{"origin":190573,"position":4},"title":"Eph\u00e9m\u00e9rides: 14 novembre","author":"Francisco Javier Fern\u00e1ndez Chento","date":"14\/11\/2016","format":false,"excerpt":"1646. \u00c0 Saint-Lazare, Monsieur Vincent travaille \u00e0 la composition du R\u00e8glement des Filles de la Charit\u00e9 que l\u2019archev\u00eaque de Paris approuvera le 20 novembre de cette m\u00eame ann\u00e9e. Il y a treize ans qu\u2019avec Louise de Marillac quelques filles ont commenc\u00e9 \u00e0 servir en commun les pauvres. Pour les guider,\u2026","rel":"","context":"Dans &quot;\u00c9ph\u00e9m\u00e9rides vincentiens&quot;","block_context":{"text":"\u00c9ph\u00e9m\u00e9rides vincentiens","link":"http:\/\/vincentians.com\/fr\/category\/ephemerides-vincentiens\/"},"img":{"alt_text":"","src":"https:\/\/i0.wp.com\/vincentians.com\/fr\/wp-content\/uploads\/sites\/10\/2016\/07\/ephemerides-fb.jpg?fit=1200%2C630&resize=350%2C200","width":350,"height":200,"srcset":"https:\/\/i0.wp.com\/vincentians.com\/fr\/wp-content\/uploads\/sites\/10\/2016\/07\/ephemerides-fb.jpg?fit=1200%2C630&resize=350%2C200 1x, https:\/\/i0.wp.com\/vincentians.com\/fr\/wp-content\/uploads\/sites\/10\/2016\/07\/ephemerides-fb.jpg?fit=1200%2C630&resize=525%2C300 1.5x, https:\/\/i0.wp.com\/vincentians.com\/fr\/wp-content\/uploads\/sites\/10\/2016\/07\/ephemerides-fb.jpg?fit=1200%2C630&resize=700%2C400 2x, https:\/\/i0.wp.com\/vincentians.com\/fr\/wp-content\/uploads\/sites\/10\/2016\/07\/ephemerides-fb.jpg?fit=1200%2C630&resize=1050%2C600 3x"},"classes":[]},{"id":105269,"url":"http:\/\/vincentians.com\/fr\/ephemerides-29-decembre\/","url_meta":{"origin":190573,"position":5},"title":"Eph\u00e9m\u00e9rides: 29 d\u00e9cembre","author":"Francisco Javier Fern\u00e1ndez Chento","date":"29\/12\/2016","format":false,"excerpt":"1793. Loi imposant le serment civique aux membres des Congr\u00e9gations religieuses. Ce fut pour avoir refus\u00e9 ce serment qui leur semblait contraire \u00e0 leur conscience que nos S\u0153urs d\u2019Arras ont \u00e9t\u00e9 guillotin\u00e9es. 1921. \u00c0 Paris, mort de S\u0153ur Emilie Maurice, Sup\u00e9rieure de la Compagnie sous le g\u00e9n\u00e9ralat de M. Verdier\u2026","rel":"","context":"Dans &quot;\u00c9ph\u00e9m\u00e9rides vincentiens&quot;","block_context":{"text":"\u00c9ph\u00e9m\u00e9rides vincentiens","link":"http:\/\/vincentians.com\/fr\/category\/ephemerides-vincentiens\/"},"img":{"alt_text":"","src":"https:\/\/i0.wp.com\/vincentians.com\/fr\/wp-content\/uploads\/sites\/10\/2016\/07\/ephemerides-fb.jpg?fit=1200%2C630&resize=350%2C200","width":350,"height":200,"srcset":"https:\/\/i0.wp.com\/vincentians.com\/fr\/wp-content\/uploads\/sites\/10\/2016\/07\/ephemerides-fb.jpg?fit=1200%2C630&resize=350%2C200 1x, https:\/\/i0.wp.com\/vincentians.com\/fr\/wp-content\/uploads\/sites\/10\/2016\/07\/ephemerides-fb.jpg?fit=1200%2C630&resize=525%2C300 1.5x, https:\/\/i0.wp.com\/vincentians.com\/fr\/wp-content\/uploads\/sites\/10\/2016\/07\/ephemerides-fb.jpg?fit=1200%2C630&resize=700%2C400 2x, https:\/\/i0.wp.com\/vincentians.com\/fr\/wp-content\/uploads\/sites\/10\/2016\/07\/ephemerides-fb.jpg?fit=1200%2C630&resize=1050%2C600 3x"},"classes":[]}],"_links":{"self":[{"href":"http:\/\/vincentians.com\/fr\/wp-json\/wp\/v2\/posts\/190573","targetHints":{"allow":["GET"]}}],"collection":[{"href":"http:\/\/vincentians.com\/fr\/wp-json\/wp\/v2\/posts"}],"about":[{"href":"http:\/\/vincentians.com\/fr\/wp-json\/wp\/v2\/types\/post"}],"author":[{"embeddable":true,"href":"http:\/\/vincentians.com\/fr\/wp-json\/wp\/v2\/users\/4"}],"replies":[{"embeddable":true,"href":"http:\/\/vincentians.com\/fr\/wp-json\/wp\/v2\/comments?post=190573"}],"version-history":[{"count":0,"href":"http:\/\/vincentians.com\/fr\/wp-json\/wp\/v2\/posts\/190573\/revisions"}],"wp:featuredmedia":[{"embeddable":true,"href":"http:\/\/vincentians.com\/fr\/wp-json\/wp\/v2\/media\/149897"}],"wp:attachment":[{"href":"http:\/\/vincentians.com\/fr\/wp-json\/wp\/v2\/media?parent=190573"}],"wp:term":[{"taxonomy":"category","embeddable":true,"href":"http:\/\/vincentians.com\/fr\/wp-json\/wp\/v2\/categories?post=190573"},{"taxonomy":"post_tag","embeddable":true,"href":"http:\/\/vincentians.com\/fr\/wp-json\/wp\/v2\/tags?post=190573"}],"curies":[{"name":"wp","href":"https:\/\/api.w.org\/{rel}","templated":true}]}}