{"id":190420,"date":"2017-04-21T00:01:17","date_gmt":"2017-04-20T22:01:17","guid":{"rendered":"http:\/\/vincentians.com\/fr\/?p=190420"},"modified":"2016-08-11T17:59:40","modified_gmt":"2016-08-11T15:59:40","slug":"ephemerides-21-avril","status":"publish","type":"post","link":"http:\/\/vincentians.com\/fr\/ephemerides-21-avril\/","title":{"rendered":"Eph\u00e9m\u00e9rides : 21 avril"},"content":{"rendered":"<p><b>1741<\/b>. \u00c0 Rome , la Congr\u00e9gation des Rites approuve l&rsquo;office propre \u00e0 la messe de saint Vincent. D\u00e8s le lendemain de la b\u00e9atification de notre bienheureux P\u00e8re, le 13 ao\u00fbt 1729, la d\u00e9votion filiale fit s&rsquo;\u00e9panouir un peu partout une floraison d&rsquo;offices. A Paris la messe et des v\u00eapres du nouveau bienheureux, compos\u00e9s, dit-on, par Jean Richon, assistant du sup\u00e9rieur g\u00e9n\u00e9ral, et approuv\u00e9s par l&rsquo;archev\u00eaque de Paris, avaient d\u00e9j\u00e0 paru en librairie. Et nombreuses furent les maisons qui compos\u00e8rent leur office. L&rsquo;uniformit\u00e9, si ch\u00e8re \u00e0 saint Vincent, \u00e9tait, en cette mati\u00e8re, plus d\u00e9sirable qu&rsquo;en aucune autre. M. Couty qui, avant d&rsquo;\u00eatre sup\u00e9rieur g\u00e9n\u00e9ral, avait tant travaill\u00e9 \u00e0 Rome pour faire aboutir le proc\u00e8s de b\u00e9atification, soumit donc au jugement du Saint-Si\u00e8ge l&rsquo;office parisien. La Congr\u00e9gation des Rites refusa de l&rsquo;approuver. On recourut alors au Souverain Pontife. Beno\u00eet XIV, r\u00e9cemment mont\u00e9 sur le tr\u00f4ne de saint Pierre, et qui, cardinal Lambertini, avait, lui aussi, pris une part active aux travaux de la b\u00e9atification, examina lui-m\u00eame le texte parisien et si s\u00e9rieusement que, pratiquement, il composa un nouvel office, ne conservant que les hymnes et la prose, et encore tr\u00e8s retouch\u00e9s, du texte \u00e0 lui soumis par l&rsquo;administration g\u00e9n\u00e9rale. Aussi, M. Couty, dans sa circulaire du 16 juin 1741, pouvait \u00e9crire\u00a0: \u00abCet office, tel que nous vous l&rsquo;envoyons, peut \u00eatre appel\u00e9 l&rsquo;ouvrage de Beno\u00eet XIV\u00bb (1).<\/p>\n<p><b>1896<\/b>. \u00c0 Rome , par le Bref \u00ab\u00a0Cum Apostolico\u00a0\u00bb, L\u00e9on XIII nomme notre confr\u00e8re, M. Fran\u00e7ois Lesn\u00e9, archev\u00eaque de Philipopolis , et d\u00e9l\u00e9gu\u00e9 apostolique en Perse. M. Lesn\u00e9, originaire de Marou\u00e9, dans le dioc\u00e8se de Saint-Brieuc, a cinquante ans et, depuis 1874, il se d\u00e9voue dans la mission de Perse. Il sera sacr\u00e9 le 28 juin 1896, \u00e0 Paris, dans la chapelle de la Maison-M\u00e8re, par le cardinal Richard et en pr\u00e9sence de Son Excellence M. Nazare Aga, ambassadeur de Perse aupr\u00e8s du Gouvernement fran\u00e7ais. Ce qui caract\u00e9risera les quatorze ann\u00e9es au cours desquelles Mgr Lesn\u00e9 repr\u00e9sentera le Saint-Si\u00e8ge aupr\u00e8s du shah de Perse, ce sera, avec le z\u00e8le apostolique qu&rsquo;il mit \u00e0 d\u00e9velopper les oeuvres de la Mission et des Filles de la Charit\u00e9, son attitude parfaite vis-\u00e0-vis du pouvoir civil (2).<\/p>\n<p><b>1919<\/b>. \u00c0 la Maison Provinciale de Budapest , nos Soeurs qui avaient pu reprendre l&rsquo;habit pour prendre part \u00e0 la procession traditionnelle du Samedi-Saint, doivent de nouveau le quitter aujourd&rsquo;hui jour de P\u00e2ques. Et elles ont la peine de recevoir ce jour-l\u00e0 la visite de deux m\u00e9decins qui viennent examiner l&rsquo;\u00e9tat des Soeurs malades pour voir celles qui pourraient \u00eatre transport\u00e9es dans des h\u00f4pitaux la\u00efques, afin de lib\u00e9rer les locaux. Plusieurs familles de nos Soeurs alert\u00e9es vinrent les chercher. Mais les autres\u00a0? Il fallait se r\u00e9signer \u00e0 leur placement dans des h\u00f4pitaux en salle commune et sans secours religieux, sauf deux incurables. Le jeudi de P\u00e2ques \u2014 24 avril \u2014 dans la Maison, priv\u00e9e de nos infirmes, commen\u00e7a l&rsquo;am\u00e9nagement d&rsquo;une clinique maternelle. Le m\u00e9decin chef \u00e9tait bienveillant, mais le personnel qui avait les clefs de la lingerie fit \u00ab\u00a0cadeau\u00a0\u00bb aux Soeurs des fichus du S\u00e9minaire pour qu&rsquo;elles se fassent des blouses. tandis que la concierge se prom\u00e8ne avec les tabliers neufs des Soeurs, et que la femme du portier re\u00e7oit une jupe neuve taill\u00e9e dans le Saint Habit\u00a0! La cohabitation est des plus p\u00e9nibles\u00a0: \u00ab\u00a0Nous nous sentions \u00e9trang\u00e8res dans notre propre maison\u00a0\u00bb d\u00e9claraient celles qui y v\u00e9curent alors. Ne peut-on leur appliquer cette parole de saint Vincent\u00a0: \u00ab\u00a0Dieu vous traite comme Il a trait\u00e9 son Fils. Il l&rsquo;a envoy\u00e9 au monde \u00e9tablir Son \u00c9glise par sa Passion&#8230;\u201d (R)<\/p>\n<p><b>1954<\/b>. \u00c0 Paris , dans la journ\u00e9e d&rsquo;hier, d\u00e9c\u00e9dait le Fr\u00e8re Jules Huleu dans la soixante-seizi\u00e8me ann\u00e9e de son \u00e2ge et la cinquante-septi\u00e8me de sa vocation. Sa vie religieuse s&rsquo;est \u00e9coul\u00e9e au S\u00e9minaire acad\u00e9mique de Lille et \u00e0 la Maison-M\u00e8re. Beau caract\u00e8re plut\u00f4t que bon caract\u00e8re, homme d&rsquo;une \u00e9nergie farouche, homme de v\u00e9rit\u00e9, il fut un bon serviteur du Bon Dieu et de la petite Compagnie. (3)<\/p>\n<dl>\n<dd>1) Circulaires , I, 485\u00a0; Coste III, 530\u00a0; Acta Apostolica , p. 221.<\/dd>\n<dd>2) Annales , t. 61, p. 472; t. 75, p. 398\u00a0: R\u00e9pertoire historique C.M . p. 103.<\/dd>\n<dd>3) Annales , t. 119-120, pp. 104-112.<\/dd>\n<\/dl>\n","protected":false},"excerpt":{"rendered":"<p>1741. \u00c0 Rome , la Congr\u00e9gation des Rites approuve l&rsquo;office propre \u00e0 la messe de saint Vincent. D\u00e8s le lendemain de la b\u00e9atification de notre bienheureux P\u00e8re, le 13 ao\u00fbt 1729, la d\u00e9votion filiale fit &#8230; <a href=\"http:\/\/vincentians.com\/fr\/ephemerides-21-avril\/\" class=\"more-link\">Read More<\/a><\/p>\n","protected":false},"author":4,"featured_media":149897,"comment_status":"open","ping_status":"open","sticky":false,"template":"","format":"standard","meta":{"jetpack_post_was_ever_published":false,"_jetpack_newsletter_access":"","_jetpack_dont_email_post_to_subs":false,"_jetpack_newsletter_tier_id":0,"_jetpack_memberships_contains_paywalled_content":false,"_jetpack_memberships_contains_paid_content":false,"footnotes":"","jetpack_publicize_message":"","jetpack_publicize_feature_enabled":true,"jetpack_social_post_already_shared":true,"jetpack_social_options":{"image_generator_settings":{"template":"highway","default_image_id":0,"font":"","enabled":false},"version":2}},"categories":[119],"tags":[],"class_list":["post-190420","post","type-post","status-publish","format-standard","has-post-thumbnail","hentry","category-ephemerides-vincentiens"],"yoast_head":"<!-- This site is optimized with the Yoast SEO plugin v26.3 - https:\/\/yoast.com\/wordpress\/plugins\/seo\/ -->\n<title>Eph\u00e9m\u00e9rides : 21 avril - Nous Sommes Vincentiens<\/title>\n<meta name=\"robots\" content=\"index, follow, max-snippet:-1, max-image-preview:large, max-video-preview:-1\" \/>\n<link rel=\"canonical\" href=\"http:\/\/vincentians.com\/fr\/ephemerides-21-avril\/\" \/>\n<meta property=\"og:locale\" content=\"fr_FR\" \/>\n<meta property=\"og:type\" content=\"article\" \/>\n<meta property=\"og:title\" content=\"Eph\u00e9m\u00e9rides : 21 avril - Nous Sommes Vincentiens\" \/>\n<meta property=\"og:description\" content=\"1741. \u00c0 Rome , la Congr\u00e9gation des Rites approuve l&rsquo;office propre \u00e0 la messe de saint Vincent. D\u00e8s le lendemain de la b\u00e9atification de notre bienheureux P\u00e8re, le 13 ao\u00fbt 1729, la d\u00e9votion filiale fit ... Read More\" \/>\n<meta property=\"og:url\" content=\"http:\/\/vincentians.com\/fr\/ephemerides-21-avril\/\" \/>\n<meta property=\"og:site_name\" content=\"Nous Sommes Vincentiens\" \/>\n<meta property=\"article:publisher\" content=\"https:\/\/www.facebook.com\/WeAreVincentians\/\" \/>\n<meta property=\"article:author\" content=\"https:\/\/www.facebook.com\/JavierChento\" \/>\n<meta property=\"article:published_time\" content=\"2017-04-20T22:01:17+00:00\" \/>\n<meta property=\"og:image\" content=\"https:\/\/i0.wp.com\/vincentians.com\/fr\/wp-content\/uploads\/sites\/10\/2016\/07\/ephemerides-fb.jpg?fit=1200%2C630\" \/>\n\t<meta property=\"og:image:width\" content=\"1200\" \/>\n\t<meta property=\"og:image:height\" content=\"630\" \/>\n\t<meta property=\"og:image:type\" content=\"image\/jpeg\" \/>\n<meta name=\"author\" content=\"Francisco Javier Fern\u00e1ndez Chento\" \/>\n<meta name=\"twitter:card\" content=\"summary_large_image\" \/>\n<meta name=\"twitter:creator\" content=\"@https:\/\/twitter.com\/javierchento\" \/>\n<meta name=\"twitter:site\" content=\"@WeVincentians\" \/>\n<meta name=\"twitter:label1\" content=\"\u00c9crit par\" \/>\n\t<meta name=\"twitter:data1\" content=\"Francisco Javier Fern\u00e1ndez Chento\" \/>\n\t<meta name=\"twitter:label2\" content=\"Dur\u00e9e de lecture estim\u00e9e\" \/>\n\t<meta name=\"twitter:data2\" content=\"4 minutes\" \/>\n<script type=\"application\/ld+json\" class=\"yoast-schema-graph\">{\"@context\":\"https:\/\/schema.org\",\"@graph\":[{\"@type\":\"WebPage\",\"@id\":\"http:\/\/vincentians.com\/fr\/ephemerides-21-avril\/\",\"url\":\"http:\/\/vincentians.com\/fr\/ephemerides-21-avril\/\",\"name\":\"Eph\u00e9m\u00e9rides : 21 avril - Nous Sommes Vincentiens\",\"isPartOf\":{\"@id\":\"http:\/\/vincentians.com\/fr\/#website\"},\"primaryImageOfPage\":{\"@id\":\"http:\/\/vincentians.com\/fr\/ephemerides-21-avril\/#primaryimage\"},\"image\":{\"@id\":\"http:\/\/vincentians.com\/fr\/ephemerides-21-avril\/#primaryimage\"},\"thumbnailUrl\":\"https:\/\/i0.wp.com\/vincentians.com\/fr\/wp-content\/uploads\/sites\/10\/2016\/07\/ephemerides-fb.jpg?fit=1200%2C630\",\"datePublished\":\"2017-04-20T22:01:17+00:00\",\"author\":{\"@id\":\"http:\/\/vincentians.com\/fr\/#\/schema\/person\/9623ef4d9aa3b2dfb8c061f1499288f2\"},\"breadcrumb\":{\"@id\":\"http:\/\/vincentians.com\/fr\/ephemerides-21-avril\/#breadcrumb\"},\"inLanguage\":\"fr-FR\",\"potentialAction\":[{\"@type\":\"ReadAction\",\"target\":[\"http:\/\/vincentians.com\/fr\/ephemerides-21-avril\/\"]}]},{\"@type\":\"ImageObject\",\"inLanguage\":\"fr-FR\",\"@id\":\"http:\/\/vincentians.com\/fr\/ephemerides-21-avril\/#primaryimage\",\"url\":\"https:\/\/i0.wp.com\/vincentians.com\/fr\/wp-content\/uploads\/sites\/10\/2016\/07\/ephemerides-fb.jpg?fit=1200%2C630\",\"contentUrl\":\"https:\/\/i0.wp.com\/vincentians.com\/fr\/wp-content\/uploads\/sites\/10\/2016\/07\/ephemerides-fb.jpg?fit=1200%2C630\",\"width\":1200,\"height\":630},{\"@type\":\"BreadcrumbList\",\"@id\":\"http:\/\/vincentians.com\/fr\/ephemerides-21-avril\/#breadcrumb\",\"itemListElement\":[{\"@type\":\"ListItem\",\"position\":1,\"name\":\"Portada\",\"item\":\"http:\/\/vincentians.com\/fr\/\"},{\"@type\":\"ListItem\",\"position\":2,\"name\":\"Eph\u00e9m\u00e9rides : 21 avril\"}]},{\"@type\":\"WebSite\",\"@id\":\"http:\/\/vincentians.com\/fr\/#website\",\"url\":\"http:\/\/vincentians.com\/fr\/\",\"name\":\"Nous Sommes Vincentiens\",\"description\":\"Know more to serve more\",\"potentialAction\":[{\"@type\":\"SearchAction\",\"target\":{\"@type\":\"EntryPoint\",\"urlTemplate\":\"http:\/\/vincentians.com\/fr\/?s={search_term_string}\"},\"query-input\":{\"@type\":\"PropertyValueSpecification\",\"valueRequired\":true,\"valueName\":\"search_term_string\"}}],\"inLanguage\":\"fr-FR\"},{\"@type\":\"Person\",\"@id\":\"http:\/\/vincentians.com\/fr\/#\/schema\/person\/9623ef4d9aa3b2dfb8c061f1499288f2\",\"name\":\"Francisco Javier Fern\u00e1ndez Chento\",\"image\":{\"@type\":\"ImageObject\",\"inLanguage\":\"fr-FR\",\"@id\":\"http:\/\/vincentians.com\/fr\/#\/schema\/person\/image\/\",\"url\":\"https:\/\/secure.gravatar.com\/avatar\/497d5cde87b4c3d097d0315953521681ba2cd523ee66e5077c3711f7021e65de?s=96&d=mm&r=g\",\"contentUrl\":\"https:\/\/secure.gravatar.com\/avatar\/497d5cde87b4c3d097d0315953521681ba2cd523ee66e5077c3711f7021e65de?s=96&d=mm&r=g\",\"caption\":\"Francisco Javier Fern\u00e1ndez Chento\"},\"description\":\"Director General y cofundador de La Red de Formaci\u00f3n Vicenciana. Javier es laico vicenciano, afiliado a la Congregaci\u00f3n de la Misi\u00f3n y miembro del Equipo de Misiones Populares de la provincia can\u00f3nica de Zaragoza (Espa\u00f1a) de la Congregaci\u00f3n de la Misi\u00f3n. Graduado en la Universidad Oberta de Catalunya con cuatro grados (Asistente de direcci\u00f3n, Gesti\u00f3n Administrativa, Recursos Humanos y Contabilidad Avanzada). Bil\u00edng\u00fce Espa\u00f1ol\/Ingl\u00e9s. gestiona y mantiene varias p\u00e1ginas web cristianas y vicencianas, incluida including La Red de Formaci\u00f3n Vicenciana, de la que es cofundador. Actualmente es responsable del \u00e1rea de Espa\u00f1ol de .famvin, la Red de Noticias de la Familia Vicenciana. Tambi\u00e9n es m\u00fasico cat\u00f3lico y ha editado varios discos. Es Director General y cofundador de Trovador, una reconocida compa\u00f1\u00eda discogr\u00e1fica critiana de Espa\u00f1a. Trabaja en las Tecnolog\u00edas de la Informaci\u00f3n, ofreciendo servicios de alojamiento, dise\u00f1o y mantenimiento Web, as\u00ed como asesoramiento, formaci\u00f3n y soluciones inform\u00e1ticas, gesti\u00f3n documental y digitalizaci\u00f3n de textos, edici\u00f3n y maquetaci\u00f3n de libros, revistas, flyers, etc.\",\"sameAs\":[\"http:\/\/chento.org\",\"https:\/\/www.facebook.com\/JavierChento\",\"https:\/\/x.com\/https:\/\/twitter.com\/javierchento\"],\"url\":\"http:\/\/vincentians.com\/fr\/author\/chento\/\"}]}<\/script>\n<!-- \/ Yoast SEO plugin. -->","yoast_head_json":{"title":"Eph\u00e9m\u00e9rides : 21 avril - Nous Sommes Vincentiens","robots":{"index":"index","follow":"follow","max-snippet":"max-snippet:-1","max-image-preview":"max-image-preview:large","max-video-preview":"max-video-preview:-1"},"canonical":"http:\/\/vincentians.com\/fr\/ephemerides-21-avril\/","og_locale":"fr_FR","og_type":"article","og_title":"Eph\u00e9m\u00e9rides : 21 avril - Nous Sommes Vincentiens","og_description":"1741. \u00c0 Rome , la Congr\u00e9gation des Rites approuve l&rsquo;office propre \u00e0 la messe de saint Vincent. D\u00e8s le lendemain de la b\u00e9atification de notre bienheureux P\u00e8re, le 13 ao\u00fbt 1729, la d\u00e9votion filiale fit ... Read More","og_url":"http:\/\/vincentians.com\/fr\/ephemerides-21-avril\/","og_site_name":"Nous Sommes Vincentiens","article_publisher":"https:\/\/www.facebook.com\/WeAreVincentians\/","article_author":"https:\/\/www.facebook.com\/JavierChento","article_published_time":"2017-04-20T22:01:17+00:00","og_image":[{"width":1200,"height":630,"url":"https:\/\/i0.wp.com\/vincentians.com\/fr\/wp-content\/uploads\/sites\/10\/2016\/07\/ephemerides-fb.jpg?fit=1200%2C630","type":"image\/jpeg"}],"author":"Francisco Javier Fern\u00e1ndez Chento","twitter_card":"summary_large_image","twitter_creator":"@https:\/\/twitter.com\/javierchento","twitter_site":"@WeVincentians","twitter_misc":{"\u00c9crit par":"Francisco Javier Fern\u00e1ndez Chento","Dur\u00e9e de lecture estim\u00e9e":"4 minutes"},"schema":{"@context":"https:\/\/schema.org","@graph":[{"@type":"WebPage","@id":"http:\/\/vincentians.com\/fr\/ephemerides-21-avril\/","url":"http:\/\/vincentians.com\/fr\/ephemerides-21-avril\/","name":"Eph\u00e9m\u00e9rides : 21 avril - Nous Sommes Vincentiens","isPartOf":{"@id":"http:\/\/vincentians.com\/fr\/#website"},"primaryImageOfPage":{"@id":"http:\/\/vincentians.com\/fr\/ephemerides-21-avril\/#primaryimage"},"image":{"@id":"http:\/\/vincentians.com\/fr\/ephemerides-21-avril\/#primaryimage"},"thumbnailUrl":"https:\/\/i0.wp.com\/vincentians.com\/fr\/wp-content\/uploads\/sites\/10\/2016\/07\/ephemerides-fb.jpg?fit=1200%2C630","datePublished":"2017-04-20T22:01:17+00:00","author":{"@id":"http:\/\/vincentians.com\/fr\/#\/schema\/person\/9623ef4d9aa3b2dfb8c061f1499288f2"},"breadcrumb":{"@id":"http:\/\/vincentians.com\/fr\/ephemerides-21-avril\/#breadcrumb"},"inLanguage":"fr-FR","potentialAction":[{"@type":"ReadAction","target":["http:\/\/vincentians.com\/fr\/ephemerides-21-avril\/"]}]},{"@type":"ImageObject","inLanguage":"fr-FR","@id":"http:\/\/vincentians.com\/fr\/ephemerides-21-avril\/#primaryimage","url":"https:\/\/i0.wp.com\/vincentians.com\/fr\/wp-content\/uploads\/sites\/10\/2016\/07\/ephemerides-fb.jpg?fit=1200%2C630","contentUrl":"https:\/\/i0.wp.com\/vincentians.com\/fr\/wp-content\/uploads\/sites\/10\/2016\/07\/ephemerides-fb.jpg?fit=1200%2C630","width":1200,"height":630},{"@type":"BreadcrumbList","@id":"http:\/\/vincentians.com\/fr\/ephemerides-21-avril\/#breadcrumb","itemListElement":[{"@type":"ListItem","position":1,"name":"Portada","item":"http:\/\/vincentians.com\/fr\/"},{"@type":"ListItem","position":2,"name":"Eph\u00e9m\u00e9rides : 21 avril"}]},{"@type":"WebSite","@id":"http:\/\/vincentians.com\/fr\/#website","url":"http:\/\/vincentians.com\/fr\/","name":"Nous Sommes Vincentiens","description":"Know more to serve more","potentialAction":[{"@type":"SearchAction","target":{"@type":"EntryPoint","urlTemplate":"http:\/\/vincentians.com\/fr\/?s={search_term_string}"},"query-input":{"@type":"PropertyValueSpecification","valueRequired":true,"valueName":"search_term_string"}}],"inLanguage":"fr-FR"},{"@type":"Person","@id":"http:\/\/vincentians.com\/fr\/#\/schema\/person\/9623ef4d9aa3b2dfb8c061f1499288f2","name":"Francisco Javier Fern\u00e1ndez Chento","image":{"@type":"ImageObject","inLanguage":"fr-FR","@id":"http:\/\/vincentians.com\/fr\/#\/schema\/person\/image\/","url":"https:\/\/secure.gravatar.com\/avatar\/497d5cde87b4c3d097d0315953521681ba2cd523ee66e5077c3711f7021e65de?s=96&d=mm&r=g","contentUrl":"https:\/\/secure.gravatar.com\/avatar\/497d5cde87b4c3d097d0315953521681ba2cd523ee66e5077c3711f7021e65de?s=96&d=mm&r=g","caption":"Francisco Javier Fern\u00e1ndez Chento"},"description":"Director General y cofundador de La Red de Formaci\u00f3n Vicenciana. Javier es laico vicenciano, afiliado a la Congregaci\u00f3n de la Misi\u00f3n y miembro del Equipo de Misiones Populares de la provincia can\u00f3nica de Zaragoza (Espa\u00f1a) de la Congregaci\u00f3n de la Misi\u00f3n. Graduado en la Universidad Oberta de Catalunya con cuatro grados (Asistente de direcci\u00f3n, Gesti\u00f3n Administrativa, Recursos Humanos y Contabilidad Avanzada). Bil\u00edng\u00fce Espa\u00f1ol\/Ingl\u00e9s. gestiona y mantiene varias p\u00e1ginas web cristianas y vicencianas, incluida including La Red de Formaci\u00f3n Vicenciana, de la que es cofundador. Actualmente es responsable del \u00e1rea de Espa\u00f1ol de .famvin, la Red de Noticias de la Familia Vicenciana. Tambi\u00e9n es m\u00fasico cat\u00f3lico y ha editado varios discos. Es Director General y cofundador de Trovador, una reconocida compa\u00f1\u00eda discogr\u00e1fica critiana de Espa\u00f1a. Trabaja en las Tecnolog\u00edas de la Informaci\u00f3n, ofreciendo servicios de alojamiento, dise\u00f1o y mantenimiento Web, as\u00ed como asesoramiento, formaci\u00f3n y soluciones inform\u00e1ticas, gesti\u00f3n documental y digitalizaci\u00f3n de textos, edici\u00f3n y maquetaci\u00f3n de libros, revistas, flyers, etc.","sameAs":["http:\/\/chento.org","https:\/\/www.facebook.com\/JavierChento","https:\/\/x.com\/https:\/\/twitter.com\/javierchento"],"url":"http:\/\/vincentians.com\/fr\/author\/chento\/"}]}},"jetpack_publicize_connections":[],"jetpack_featured_media_url":"https:\/\/i0.wp.com\/vincentians.com\/fr\/wp-content\/uploads\/sites\/10\/2016\/07\/ephemerides-fb.jpg?fit=1200%2C630","jetpack_sharing_enabled":true,"jetpack_shortlink":"https:\/\/wp.me\/p7ETMP-Nxi","jetpack-related-posts":[{"id":190395,"url":"http:\/\/vincentians.com\/fr\/ephemerides-20-avril\/","url_meta":{"origin":190420,"position":0},"title":"Eph\u00e9m\u00e9rides : 20 avril","author":"Francisco Javier Fern\u00e1ndez Chento","date":"20\/04\/2017","format":false,"excerpt":"1741. \u00c0 Rome , la Congr\u00e9gation des Rites approuve l'office propre \u00e0 la messe de saint Vincent. D\u00e8s le lendemain de la b\u00e9atification de notre bienheureux P\u00e8re, le 13 ao\u00fbt 1729, la d\u00e9votion filiale fit s'\u00e9panouir un peu partout une floraison d'offices. A Paris la messe et des v\u00eapres du\u2026","rel":"","context":"Dans &quot;\u00c9ph\u00e9m\u00e9rides vincentiens&quot;","block_context":{"text":"\u00c9ph\u00e9m\u00e9rides vincentiens","link":"http:\/\/vincentians.com\/fr\/category\/ephemerides-vincentiens\/"},"img":{"alt_text":"","src":"https:\/\/i0.wp.com\/vincentians.com\/fr\/wp-content\/uploads\/sites\/10\/2016\/07\/ephemerides-fb.jpg?fit=1200%2C630&resize=350%2C200","width":350,"height":200,"srcset":"https:\/\/i0.wp.com\/vincentians.com\/fr\/wp-content\/uploads\/sites\/10\/2016\/07\/ephemerides-fb.jpg?fit=1200%2C630&resize=350%2C200 1x, https:\/\/i0.wp.com\/vincentians.com\/fr\/wp-content\/uploads\/sites\/10\/2016\/07\/ephemerides-fb.jpg?fit=1200%2C630&resize=525%2C300 1.5x, https:\/\/i0.wp.com\/vincentians.com\/fr\/wp-content\/uploads\/sites\/10\/2016\/07\/ephemerides-fb.jpg?fit=1200%2C630&resize=700%2C400 2x, https:\/\/i0.wp.com\/vincentians.com\/fr\/wp-content\/uploads\/sites\/10\/2016\/07\/ephemerides-fb.jpg?fit=1200%2C630&resize=1050%2C600 3x"},"classes":[]},{"id":42953,"url":"http:\/\/vincentians.com\/fr\/marguerite-rutan-une-intrepide-fille-de-saint-vincent\/","url_meta":{"origin":190420,"position":1},"title":"Marguerite Rutan, une intr\u00e9pide fille de Saint Vincent","author":"Francisco Javier Fern\u00e1ndez Chento","date":"14\/11\/2013","format":false,"excerpt":"Le 19 juin 2011, plus de deux cents ans apr\u00e8s sa\u00a0d\u00e9capitation, s\u0153ur Marguerite Rutan,\u00a0premi\u00e8re sup\u00e9rieure de l'h\u00f4pital, sera\u00a0b\u00e9atifi\u00e9e par l'\u00e9missaire du pape dans les\u00a0ar\u00e8nes de la ville. Sous l'\u00e9gide de Mgr\u00a0Breton, un comit\u00e9 permanent et 15 \u00ab\u00a0animateurs de chantiers \u00bb pr\u00e9parent la\u00a0b\u00e9atification de s\u0153ur Marguerite Rutan. Il fut un temps\u2026","rel":"","context":"Dans &quot;Marguerite Rutan&quot;","block_context":{"text":"Marguerite Rutan","link":"http:\/\/vincentians.com\/fr\/category\/marguerite-rutan\/"},"img":{"alt_text":"","src":"https:\/\/i0.wp.com\/vincentiens.org\/wp-content\/uploads\/2012\/10\/rutan1-143x300.jpg?resize=350%2C200","width":350,"height":200},"classes":[]},{"id":190182,"url":"http:\/\/vincentians.com\/fr\/ephemerides-22-septembre\/","url_meta":{"origin":190420,"position":2},"title":"Eph\u00e9m\u00e9rides : 22 septembre","author":"Francisco Javier Fern\u00e1ndez Chento","date":"22\/09\/2016","format":false,"excerpt":"1623. \u00c0 Paris, l\u2019archev\u00eaque Jean-Fran\u00e7ois de Gondi, donne \u00e0 Monsieur Vincent l\u2019autorisation d\u2019\u00e9tablir la Confr\u00e9rie de la Charit\u00e9 \u00e0 Clichy, dont il est devenu le cur\u00e9 onze ails auparavant. Apr\u00e8s un an de r\u00e9sidence effective, il a d\u00fb, \u00e0 son grand regret et sur les conseils de M. de B\u00e9rulle,\u2026","rel":"","context":"Dans &quot;\u00c9ph\u00e9m\u00e9rides vincentiens&quot;","block_context":{"text":"\u00c9ph\u00e9m\u00e9rides vincentiens","link":"http:\/\/vincentians.com\/fr\/category\/ephemerides-vincentiens\/"},"img":{"alt_text":"","src":"https:\/\/i0.wp.com\/vincentians.com\/fr\/wp-content\/uploads\/sites\/10\/2016\/07\/ephemerides-fb.jpg?fit=1200%2C630&resize=350%2C200","width":350,"height":200,"srcset":"https:\/\/i0.wp.com\/vincentians.com\/fr\/wp-content\/uploads\/sites\/10\/2016\/07\/ephemerides-fb.jpg?fit=1200%2C630&resize=350%2C200 1x, https:\/\/i0.wp.com\/vincentians.com\/fr\/wp-content\/uploads\/sites\/10\/2016\/07\/ephemerides-fb.jpg?fit=1200%2C630&resize=525%2C300 1.5x, https:\/\/i0.wp.com\/vincentians.com\/fr\/wp-content\/uploads\/sites\/10\/2016\/07\/ephemerides-fb.jpg?fit=1200%2C630&resize=700%2C400 2x, https:\/\/i0.wp.com\/vincentians.com\/fr\/wp-content\/uploads\/sites\/10\/2016\/07\/ephemerides-fb.jpg?fit=1200%2C630&resize=1050%2C600 3x"},"classes":[]},{"id":105521,"url":"http:\/\/vincentians.com\/fr\/ephemerides-12-janvier\/","url_meta":{"origin":190420,"position":3},"title":"Eph\u00e9m\u00e9rides: 12 janvier","author":"Francisco Javier Fern\u00e1ndez Chento","date":"12\/01\/2017","format":false,"excerpt":"1633. \u00c0 Rome. le Pape Urbain VIII signe la Bulle \u00abSalvatoris Nostri\u00bb qui approuve la Congr\u00e9gation de la Mission. Les efforts pers\u00e9v\u00e9rants de Monsieur Vincent sont donc r\u00e9compens\u00e9s, et largement\u00a0!... Apr\u00e8s l'autorisation \u00e9piscopale donn\u00e9e par Jean-Fran\u00e7ois de Gondi, le 24 avril 1626\u00a0; apr\u00e8s les lettres patentes, d\u00e9livr\u00e9es par le roi\u2026","rel":"","context":"Dans &quot;\u00c9ph\u00e9m\u00e9rides vincentiens&quot;","block_context":{"text":"\u00c9ph\u00e9m\u00e9rides vincentiens","link":"http:\/\/vincentians.com\/fr\/category\/ephemerides-vincentiens\/"},"img":{"alt_text":"","src":"https:\/\/i0.wp.com\/vincentians.com\/fr\/wp-content\/uploads\/sites\/10\/2016\/07\/ephemerides-fb.jpg?fit=1200%2C630&resize=350%2C200","width":350,"height":200,"srcset":"https:\/\/i0.wp.com\/vincentians.com\/fr\/wp-content\/uploads\/sites\/10\/2016\/07\/ephemerides-fb.jpg?fit=1200%2C630&resize=350%2C200 1x, https:\/\/i0.wp.com\/vincentians.com\/fr\/wp-content\/uploads\/sites\/10\/2016\/07\/ephemerides-fb.jpg?fit=1200%2C630&resize=525%2C300 1.5x, https:\/\/i0.wp.com\/vincentians.com\/fr\/wp-content\/uploads\/sites\/10\/2016\/07\/ephemerides-fb.jpg?fit=1200%2C630&resize=700%2C400 2x, https:\/\/i0.wp.com\/vincentians.com\/fr\/wp-content\/uploads\/sites\/10\/2016\/07\/ephemerides-fb.jpg?fit=1200%2C630&resize=1050%2C600 3x"},"classes":[]},{"id":190185,"url":"http:\/\/vincentians.com\/fr\/ephemerides-25-septembre\/","url_meta":{"origin":190420,"position":4},"title":"Eph\u00e9m\u00e9rides : 25 septembre","author":"Francisco Javier Fern\u00e1ndez Chento","date":"25\/09\/2016","format":false,"excerpt":"1628. \u00c0 Rome, la Propagande rejette compl\u00e8tement la deuxi\u00e8me supplique que,\u2014 la premi\u00e8re \u00e0 peine repouss\u00e9e, \u2014 Monsieur Vincent lui a adress\u00e9e pour obtenir l\u2019approbation de sa petite Compagnie. Si, dans la Ville \u00c9ternelle, son projet est combattu en sourdine, Monsieur Vincent, par contre, est tenace. Cette fois, il va\u2026","rel":"","context":"Dans &quot;\u00c9ph\u00e9m\u00e9rides vincentiens&quot;","block_context":{"text":"\u00c9ph\u00e9m\u00e9rides vincentiens","link":"http:\/\/vincentians.com\/fr\/category\/ephemerides-vincentiens\/"},"img":{"alt_text":"","src":"https:\/\/i0.wp.com\/vincentians.com\/fr\/wp-content\/uploads\/sites\/10\/2016\/07\/ephemerides-fb.jpg?fit=1200%2C630&resize=350%2C200","width":350,"height":200,"srcset":"https:\/\/i0.wp.com\/vincentians.com\/fr\/wp-content\/uploads\/sites\/10\/2016\/07\/ephemerides-fb.jpg?fit=1200%2C630&resize=350%2C200 1x, https:\/\/i0.wp.com\/vincentians.com\/fr\/wp-content\/uploads\/sites\/10\/2016\/07\/ephemerides-fb.jpg?fit=1200%2C630&resize=525%2C300 1.5x, https:\/\/i0.wp.com\/vincentians.com\/fr\/wp-content\/uploads\/sites\/10\/2016\/07\/ephemerides-fb.jpg?fit=1200%2C630&resize=700%2C400 2x, https:\/\/i0.wp.com\/vincentians.com\/fr\/wp-content\/uploads\/sites\/10\/2016\/07\/ephemerides-fb.jpg?fit=1200%2C630&resize=1050%2C600 3x"},"classes":[]},{"id":190586,"url":"http:\/\/vincentians.com\/fr\/ephemerides-04-juin\/","url_meta":{"origin":190420,"position":5},"title":"Eph\u00e9m\u00e9rides: 04 juin","author":"Francisco Javier Fern\u00e1ndez Chento","date":"04\/06\/2017","format":false,"excerpt":"1623. Dans l\u2019\u00e9glise Saint-Nicolas des Champs, sainte Louise de Marillac est subitement d\u00e9livr\u00e9e des doutes qui l\u2019assaillent et a la pr\u00e9monition d\u2019\u00eatre un jour avec des personnes \u201callant et venant\u201d, se consacrant \u00e0 Dieu pour le service des Pauvres.(R) 1788. \u00c0 Paris, apr\u00e8s avoir \u00e9lu M. Jean-F\u00e9lix Cayla comme neuvi\u00e8me\u2026","rel":"","context":"Dans &quot;\u00c9ph\u00e9m\u00e9rides vincentiens&quot;","block_context":{"text":"\u00c9ph\u00e9m\u00e9rides vincentiens","link":"http:\/\/vincentians.com\/fr\/category\/ephemerides-vincentiens\/"},"img":{"alt_text":"","src":"https:\/\/i0.wp.com\/vincentians.com\/fr\/wp-content\/uploads\/sites\/10\/2016\/07\/ephemerides-fb.jpg?fit=1200%2C630&resize=350%2C200","width":350,"height":200,"srcset":"https:\/\/i0.wp.com\/vincentians.com\/fr\/wp-content\/uploads\/sites\/10\/2016\/07\/ephemerides-fb.jpg?fit=1200%2C630&resize=350%2C200 1x, https:\/\/i0.wp.com\/vincentians.com\/fr\/wp-content\/uploads\/sites\/10\/2016\/07\/ephemerides-fb.jpg?fit=1200%2C630&resize=525%2C300 1.5x, https:\/\/i0.wp.com\/vincentians.com\/fr\/wp-content\/uploads\/sites\/10\/2016\/07\/ephemerides-fb.jpg?fit=1200%2C630&resize=700%2C400 2x, https:\/\/i0.wp.com\/vincentians.com\/fr\/wp-content\/uploads\/sites\/10\/2016\/07\/ephemerides-fb.jpg?fit=1200%2C630&resize=1050%2C600 3x"},"classes":[]}],"_links":{"self":[{"href":"http:\/\/vincentians.com\/fr\/wp-json\/wp\/v2\/posts\/190420","targetHints":{"allow":["GET"]}}],"collection":[{"href":"http:\/\/vincentians.com\/fr\/wp-json\/wp\/v2\/posts"}],"about":[{"href":"http:\/\/vincentians.com\/fr\/wp-json\/wp\/v2\/types\/post"}],"author":[{"embeddable":true,"href":"http:\/\/vincentians.com\/fr\/wp-json\/wp\/v2\/users\/4"}],"replies":[{"embeddable":true,"href":"http:\/\/vincentians.com\/fr\/wp-json\/wp\/v2\/comments?post=190420"}],"version-history":[{"count":0,"href":"http:\/\/vincentians.com\/fr\/wp-json\/wp\/v2\/posts\/190420\/revisions"}],"wp:featuredmedia":[{"embeddable":true,"href":"http:\/\/vincentians.com\/fr\/wp-json\/wp\/v2\/media\/149897"}],"wp:attachment":[{"href":"http:\/\/vincentians.com\/fr\/wp-json\/wp\/v2\/media?parent=190420"}],"wp:term":[{"taxonomy":"category","embeddable":true,"href":"http:\/\/vincentians.com\/fr\/wp-json\/wp\/v2\/categories?post=190420"},{"taxonomy":"post_tag","embeddable":true,"href":"http:\/\/vincentians.com\/fr\/wp-json\/wp\/v2\/tags?post=190420"}],"curies":[{"name":"wp","href":"https:\/\/api.w.org\/{rel}","templated":true}]}}