{"id":190419,"date":"2017-04-24T00:01:17","date_gmt":"2017-04-23T22:01:17","guid":{"rendered":"http:\/\/vincentians.com\/fr\/?p=190419"},"modified":"2016-08-11T18:01:57","modified_gmt":"2016-08-11T16:01:57","slug":"ephemerides-24-avril","status":"publish","type":"post","link":"http:\/\/vincentians.com\/fr\/ephemerides-24-avril\/","title":{"rendered":"Eph\u00e9m\u00e9rides : 24 avril"},"content":{"rendered":"<p><b>1581<\/b>. \u00c0 Pouy , pr\u00e8s de Dax , naissance de saint Vincent de Paul (1).<\/p>\n<p><b>1816<\/b>. \u00c0 Paris , mort de M. Dominique-Fran\u00e7ois Hanon, vicaire g\u00e9n\u00e9ral de la Congr\u00e9gation. Les seize premi\u00e8res ann\u00e9es de sa vie se pass\u00e8rent dans le dioc\u00e8se d&rsquo;Arras, \u00e0 Saint-Pol , son lieu de naissance, et \u00e0 Saint-Omer . Le 20 octobre 1772, il entrait \u00e0 Saint-Lazare. A 23 ans, il enseigne la philosophie et la th\u00e9ologie au S\u00e9minaire de Metz dont l&rsquo;\u00e9v\u00eaque, le Cardinal de Montmorency, avant de partir en exil en 1790, lui confie l&rsquo;administration. M. Hanon dirigeait le S\u00e9minaire d&rsquo; Amiens , quand, sur le choix des confr\u00e8res, le Souverain Pontife, le 14 octobre 1807, le nomma vicaire g\u00e9n\u00e9ral de la Congr\u00e9gation, avec pouvoirs ordinaires et extraordinaires. La t\u00e2che de M. Hanon \u00e9tait particuli\u00e8rement lourde\u00a0: il lui fallait, du moins en France, reconstituer la Compagnie. Il se heurta d&rsquo;abord \u00e0 l&rsquo;inexistence d&rsquo;une maison parisienne pour regrouper les confr\u00e8res dispers\u00e9s et pour recevoir les jeunes gens qui, nombreux pourtant, demandaient leur admission. Les lenteurs et les n\u00e9gligences du Gouver-nement fran\u00e7ais emp\u00each\u00e8rent M. Hanon de donner une solution \u00e0 ce probl\u00e8me primordial. Ensuite le vicaire g\u00e9n\u00e9ral se heurta \u00e0 la volont\u00e9 imp\u00e9rieuse et \u00e0 la mauvaise humeur de Napol\u00e9on\u00a0; mais l&rsquo;humble pr\u00eatre, voulant garder intact l&rsquo;h\u00e9ritage de saint Vincent, tint bon contre l&rsquo;Empereur. Et parce que M. Hanon ne voulait pas que la direction des Filles de la Charit\u00e9 f\u00fbt enlev\u00e9e au Sup\u00e9rieur g\u00e9n\u00e9ral et confi\u00e9e aux \u00e9v\u00eaques, un d\u00e9cret imp\u00e9rial supprima la Congr\u00e9gation, et, pendant trois ans, le vicaire g\u00e9n\u00e9ral connut les souffrances de l&#8217;emprison-nement. V\u00e9ritable homme de gouvernement, M. Hanon avait pr\u00e9vu l&rsquo;orage et pris toutes les dispositions n\u00e9cessaires pour que, du moins, les \u00e9tablissements d&rsquo;Italie, d&rsquo;Espagne et du Portugal n&rsquo;eussent pas \u00e0 souffrir de cet \u00e9tat de choses. Quand, le 13 avril 1814, il recouvre la libert\u00e9, M. Hanon reprend, h\u00e9ro\u00efquement et presque seul, sa t\u00e2che. Il r\u00e9ussit \u00e0 pacifier la Compagnie des Filles de la Charit\u00e9 o\u00f9 des cornettes ambitieuses avaient sem\u00e9 la d\u00e9sunion\u00a0; il obtient du pouvoir royal le r\u00e9tablissement de la Mission. Il a tout juste le temps de commu-niquer aux confr\u00e8res cette heureuse d\u00e9cision\u00a0; la mort vient l&#8217;emp\u00eacher de voir se r\u00e9aliser en France la r\u00e9surrection de la petite Compagnie pour laquelle il a, \u2014 on peut bien le dire \u2014 subi un vrai martyre physique et moral (2).<\/p>\n<p><b>1864<\/b>. Au Berceau-de-Saint-Vincent , le P\u00e8re \u00c9tienne, le Cardinal Donnet, archev\u00eaque de Bordeaux, douze \u00e9v\u00eaques, cinq cent pr\u00eatres, les autorit\u00e9s civiles et trente mille p\u00e8lerins inaugurent la chapelle et l&rsquo;oeuvre destin\u00e9es \u00e0 comm\u00e9morer, au lieu de sa naissance, le souvenir glorieux de notre bienheureux P\u00e8re (3).<\/p>\n<p><b>1871<\/b>. \u00c0 Reuilly, nos Soeurs au nombre de 14 sont gard\u00e9es \u00e0 vue. Elles se sont group\u00e9es dans la lingerie, au-dessus de la Communaut\u00e9 envahie par leurs gardiens. Une \u00e0 une, elles doivent compara\u00eetre devant eux, comme devant le tribunal, sainte Catherine comme les autres&#8230; l\u00e0-haut, elle ne cesse d&rsquo;encourager ses compagnes\u00a0: \u00ab\u00a0Gardez confiance. Tout finalement ira bien\u00a0\u00bb. Mais, bien entendu, le chapelet ne quitte pas ses doigts. Les \u00ab\u00a0citoyennes\u00a0\u00bb qui les rempla\u00e7aient firent cependant tant de sottises et \u00e9taient si d\u00e9sagr\u00e9ables pour les Soeurs que les communards mirent en jugement la plus enrag\u00e9e. Ils appel\u00e8rent comme t\u00e9moin \u00e0 charge Soeur Catherine, et cette fois-ci. on la vit quitter la maison entre deux communards\u00a0: grand \u00e9moi au dehors\u00a0! Pour elle, au lieu d&rsquo;accabler la coupable, elle l&rsquo;excuse et la sauve, puis revient, toute simple, toute bonne, aussi calme qu&rsquo;elle \u00e9tait partie. (R)<\/p>\n<dl>\n<dd>1) Coste , I, p. 18.<\/dd>\n<dd>2) Annales , t. 50, pp. 344-345\u00a0; t. 75, pp. 315-319\u00a0; t. 77, pp. 105-115, 265-283, 384-414\u00a0; t. 78, pp. 139-141.<\/dd>\n<dd>3) Annales , t. 52, pp. 492, 494.<\/dd>\n<\/dl>\n","protected":false},"excerpt":{"rendered":"<p>1581. \u00c0 Pouy , pr\u00e8s de Dax , naissance de saint Vincent de Paul (1). 1816. \u00c0 Paris , mort de M. Dominique-Fran\u00e7ois Hanon, vicaire g\u00e9n\u00e9ral de la Congr\u00e9gation. Les seize premi\u00e8res ann\u00e9es de sa &#8230; <a href=\"http:\/\/vincentians.com\/fr\/ephemerides-24-avril\/\" class=\"more-link\">Read More<\/a><\/p>\n","protected":false},"author":4,"featured_media":149897,"comment_status":"open","ping_status":"open","sticky":false,"template":"","format":"standard","meta":{"jetpack_post_was_ever_published":false,"_jetpack_newsletter_access":"","_jetpack_dont_email_post_to_subs":false,"_jetpack_newsletter_tier_id":0,"_jetpack_memberships_contains_paywalled_content":false,"_jetpack_memberships_contains_paid_content":false,"footnotes":"","jetpack_publicize_message":"","jetpack_publicize_feature_enabled":true,"jetpack_social_post_already_shared":true,"jetpack_social_options":{"image_generator_settings":{"template":"highway","default_image_id":0,"font":"","enabled":false},"version":2}},"categories":[119],"tags":[],"class_list":["post-190419","post","type-post","status-publish","format-standard","has-post-thumbnail","hentry","category-ephemerides-vincentiens"],"yoast_head":"<!-- This site is optimized with the Yoast SEO plugin v26.3 - https:\/\/yoast.com\/wordpress\/plugins\/seo\/ -->\n<title>Eph\u00e9m\u00e9rides : 24 avril - Nous Sommes Vincentiens<\/title>\n<meta name=\"robots\" content=\"index, follow, max-snippet:-1, max-image-preview:large, max-video-preview:-1\" \/>\n<link rel=\"canonical\" href=\"http:\/\/vincentians.com\/fr\/ephemerides-24-avril\/\" \/>\n<meta property=\"og:locale\" content=\"fr_FR\" \/>\n<meta property=\"og:type\" content=\"article\" \/>\n<meta property=\"og:title\" content=\"Eph\u00e9m\u00e9rides : 24 avril - Nous Sommes Vincentiens\" \/>\n<meta property=\"og:description\" content=\"1581. \u00c0 Pouy , pr\u00e8s de Dax , naissance de saint Vincent de Paul (1). 1816. \u00c0 Paris , mort de M. Dominique-Fran\u00e7ois Hanon, vicaire g\u00e9n\u00e9ral de la Congr\u00e9gation. Les seize premi\u00e8res ann\u00e9es de sa ... Read More\" \/>\n<meta property=\"og:url\" content=\"http:\/\/vincentians.com\/fr\/ephemerides-24-avril\/\" \/>\n<meta property=\"og:site_name\" content=\"Nous Sommes Vincentiens\" \/>\n<meta property=\"article:publisher\" content=\"https:\/\/www.facebook.com\/WeAreVincentians\/\" \/>\n<meta property=\"article:author\" content=\"https:\/\/www.facebook.com\/JavierChento\" \/>\n<meta property=\"article:published_time\" content=\"2017-04-23T22:01:17+00:00\" \/>\n<meta property=\"og:image\" content=\"https:\/\/i0.wp.com\/vincentians.com\/fr\/wp-content\/uploads\/sites\/10\/2016\/07\/ephemerides-fb.jpg?fit=1200%2C630\" \/>\n\t<meta property=\"og:image:width\" content=\"1200\" \/>\n\t<meta property=\"og:image:height\" content=\"630\" \/>\n\t<meta property=\"og:image:type\" content=\"image\/jpeg\" \/>\n<meta name=\"author\" content=\"Francisco Javier Fern\u00e1ndez Chento\" \/>\n<meta name=\"twitter:card\" content=\"summary_large_image\" \/>\n<meta name=\"twitter:creator\" content=\"@https:\/\/twitter.com\/javierchento\" \/>\n<meta name=\"twitter:site\" content=\"@WeVincentians\" \/>\n<meta name=\"twitter:label1\" content=\"\u00c9crit par\" \/>\n\t<meta name=\"twitter:data1\" content=\"Francisco Javier Fern\u00e1ndez Chento\" \/>\n\t<meta name=\"twitter:label2\" content=\"Dur\u00e9e de lecture estim\u00e9e\" \/>\n\t<meta name=\"twitter:data2\" content=\"3 minutes\" \/>\n<script type=\"application\/ld+json\" class=\"yoast-schema-graph\">{\"@context\":\"https:\/\/schema.org\",\"@graph\":[{\"@type\":\"WebPage\",\"@id\":\"http:\/\/vincentians.com\/fr\/ephemerides-24-avril\/\",\"url\":\"http:\/\/vincentians.com\/fr\/ephemerides-24-avril\/\",\"name\":\"Eph\u00e9m\u00e9rides : 24 avril - Nous Sommes Vincentiens\",\"isPartOf\":{\"@id\":\"http:\/\/vincentians.com\/fr\/#website\"},\"primaryImageOfPage\":{\"@id\":\"http:\/\/vincentians.com\/fr\/ephemerides-24-avril\/#primaryimage\"},\"image\":{\"@id\":\"http:\/\/vincentians.com\/fr\/ephemerides-24-avril\/#primaryimage\"},\"thumbnailUrl\":\"https:\/\/i0.wp.com\/vincentians.com\/fr\/wp-content\/uploads\/sites\/10\/2016\/07\/ephemerides-fb.jpg?fit=1200%2C630\",\"datePublished\":\"2017-04-23T22:01:17+00:00\",\"author\":{\"@id\":\"http:\/\/vincentians.com\/fr\/#\/schema\/person\/9623ef4d9aa3b2dfb8c061f1499288f2\"},\"breadcrumb\":{\"@id\":\"http:\/\/vincentians.com\/fr\/ephemerides-24-avril\/#breadcrumb\"},\"inLanguage\":\"fr-FR\",\"potentialAction\":[{\"@type\":\"ReadAction\",\"target\":[\"http:\/\/vincentians.com\/fr\/ephemerides-24-avril\/\"]}]},{\"@type\":\"ImageObject\",\"inLanguage\":\"fr-FR\",\"@id\":\"http:\/\/vincentians.com\/fr\/ephemerides-24-avril\/#primaryimage\",\"url\":\"https:\/\/i0.wp.com\/vincentians.com\/fr\/wp-content\/uploads\/sites\/10\/2016\/07\/ephemerides-fb.jpg?fit=1200%2C630\",\"contentUrl\":\"https:\/\/i0.wp.com\/vincentians.com\/fr\/wp-content\/uploads\/sites\/10\/2016\/07\/ephemerides-fb.jpg?fit=1200%2C630\",\"width\":1200,\"height\":630},{\"@type\":\"BreadcrumbList\",\"@id\":\"http:\/\/vincentians.com\/fr\/ephemerides-24-avril\/#breadcrumb\",\"itemListElement\":[{\"@type\":\"ListItem\",\"position\":1,\"name\":\"Portada\",\"item\":\"http:\/\/vincentians.com\/fr\/\"},{\"@type\":\"ListItem\",\"position\":2,\"name\":\"Eph\u00e9m\u00e9rides : 24 avril\"}]},{\"@type\":\"WebSite\",\"@id\":\"http:\/\/vincentians.com\/fr\/#website\",\"url\":\"http:\/\/vincentians.com\/fr\/\",\"name\":\"Nous Sommes Vincentiens\",\"description\":\"Know more to serve more\",\"potentialAction\":[{\"@type\":\"SearchAction\",\"target\":{\"@type\":\"EntryPoint\",\"urlTemplate\":\"http:\/\/vincentians.com\/fr\/?s={search_term_string}\"},\"query-input\":{\"@type\":\"PropertyValueSpecification\",\"valueRequired\":true,\"valueName\":\"search_term_string\"}}],\"inLanguage\":\"fr-FR\"},{\"@type\":\"Person\",\"@id\":\"http:\/\/vincentians.com\/fr\/#\/schema\/person\/9623ef4d9aa3b2dfb8c061f1499288f2\",\"name\":\"Francisco Javier Fern\u00e1ndez Chento\",\"image\":{\"@type\":\"ImageObject\",\"inLanguage\":\"fr-FR\",\"@id\":\"http:\/\/vincentians.com\/fr\/#\/schema\/person\/image\/\",\"url\":\"https:\/\/secure.gravatar.com\/avatar\/497d5cde87b4c3d097d0315953521681ba2cd523ee66e5077c3711f7021e65de?s=96&d=mm&r=g\",\"contentUrl\":\"https:\/\/secure.gravatar.com\/avatar\/497d5cde87b4c3d097d0315953521681ba2cd523ee66e5077c3711f7021e65de?s=96&d=mm&r=g\",\"caption\":\"Francisco Javier Fern\u00e1ndez Chento\"},\"description\":\"Director General y cofundador de La Red de Formaci\u00f3n Vicenciana. Javier es laico vicenciano, afiliado a la Congregaci\u00f3n de la Misi\u00f3n y miembro del Equipo de Misiones Populares de la provincia can\u00f3nica de Zaragoza (Espa\u00f1a) de la Congregaci\u00f3n de la Misi\u00f3n. Graduado en la Universidad Oberta de Catalunya con cuatro grados (Asistente de direcci\u00f3n, Gesti\u00f3n Administrativa, Recursos Humanos y Contabilidad Avanzada). Bil\u00edng\u00fce Espa\u00f1ol\/Ingl\u00e9s. gestiona y mantiene varias p\u00e1ginas web cristianas y vicencianas, incluida including La Red de Formaci\u00f3n Vicenciana, de la que es cofundador. Actualmente es responsable del \u00e1rea de Espa\u00f1ol de .famvin, la Red de Noticias de la Familia Vicenciana. Tambi\u00e9n es m\u00fasico cat\u00f3lico y ha editado varios discos. Es Director General y cofundador de Trovador, una reconocida compa\u00f1\u00eda discogr\u00e1fica critiana de Espa\u00f1a. Trabaja en las Tecnolog\u00edas de la Informaci\u00f3n, ofreciendo servicios de alojamiento, dise\u00f1o y mantenimiento Web, as\u00ed como asesoramiento, formaci\u00f3n y soluciones inform\u00e1ticas, gesti\u00f3n documental y digitalizaci\u00f3n de textos, edici\u00f3n y maquetaci\u00f3n de libros, revistas, flyers, etc.\",\"sameAs\":[\"http:\/\/chento.org\",\"https:\/\/www.facebook.com\/JavierChento\",\"https:\/\/x.com\/https:\/\/twitter.com\/javierchento\"],\"url\":\"http:\/\/vincentians.com\/fr\/author\/chento\/\"}]}<\/script>\n<!-- \/ Yoast SEO plugin. -->","yoast_head_json":{"title":"Eph\u00e9m\u00e9rides : 24 avril - Nous Sommes Vincentiens","robots":{"index":"index","follow":"follow","max-snippet":"max-snippet:-1","max-image-preview":"max-image-preview:large","max-video-preview":"max-video-preview:-1"},"canonical":"http:\/\/vincentians.com\/fr\/ephemerides-24-avril\/","og_locale":"fr_FR","og_type":"article","og_title":"Eph\u00e9m\u00e9rides : 24 avril - Nous Sommes Vincentiens","og_description":"1581. \u00c0 Pouy , pr\u00e8s de Dax , naissance de saint Vincent de Paul (1). 1816. \u00c0 Paris , mort de M. Dominique-Fran\u00e7ois Hanon, vicaire g\u00e9n\u00e9ral de la Congr\u00e9gation. Les seize premi\u00e8res ann\u00e9es de sa ... Read More","og_url":"http:\/\/vincentians.com\/fr\/ephemerides-24-avril\/","og_site_name":"Nous Sommes Vincentiens","article_publisher":"https:\/\/www.facebook.com\/WeAreVincentians\/","article_author":"https:\/\/www.facebook.com\/JavierChento","article_published_time":"2017-04-23T22:01:17+00:00","og_image":[{"width":1200,"height":630,"url":"https:\/\/i0.wp.com\/vincentians.com\/fr\/wp-content\/uploads\/sites\/10\/2016\/07\/ephemerides-fb.jpg?fit=1200%2C630","type":"image\/jpeg"}],"author":"Francisco Javier Fern\u00e1ndez Chento","twitter_card":"summary_large_image","twitter_creator":"@https:\/\/twitter.com\/javierchento","twitter_site":"@WeVincentians","twitter_misc":{"\u00c9crit par":"Francisco Javier Fern\u00e1ndez Chento","Dur\u00e9e de lecture estim\u00e9e":"3 minutes"},"schema":{"@context":"https:\/\/schema.org","@graph":[{"@type":"WebPage","@id":"http:\/\/vincentians.com\/fr\/ephemerides-24-avril\/","url":"http:\/\/vincentians.com\/fr\/ephemerides-24-avril\/","name":"Eph\u00e9m\u00e9rides : 24 avril - Nous Sommes Vincentiens","isPartOf":{"@id":"http:\/\/vincentians.com\/fr\/#website"},"primaryImageOfPage":{"@id":"http:\/\/vincentians.com\/fr\/ephemerides-24-avril\/#primaryimage"},"image":{"@id":"http:\/\/vincentians.com\/fr\/ephemerides-24-avril\/#primaryimage"},"thumbnailUrl":"https:\/\/i0.wp.com\/vincentians.com\/fr\/wp-content\/uploads\/sites\/10\/2016\/07\/ephemerides-fb.jpg?fit=1200%2C630","datePublished":"2017-04-23T22:01:17+00:00","author":{"@id":"http:\/\/vincentians.com\/fr\/#\/schema\/person\/9623ef4d9aa3b2dfb8c061f1499288f2"},"breadcrumb":{"@id":"http:\/\/vincentians.com\/fr\/ephemerides-24-avril\/#breadcrumb"},"inLanguage":"fr-FR","potentialAction":[{"@type":"ReadAction","target":["http:\/\/vincentians.com\/fr\/ephemerides-24-avril\/"]}]},{"@type":"ImageObject","inLanguage":"fr-FR","@id":"http:\/\/vincentians.com\/fr\/ephemerides-24-avril\/#primaryimage","url":"https:\/\/i0.wp.com\/vincentians.com\/fr\/wp-content\/uploads\/sites\/10\/2016\/07\/ephemerides-fb.jpg?fit=1200%2C630","contentUrl":"https:\/\/i0.wp.com\/vincentians.com\/fr\/wp-content\/uploads\/sites\/10\/2016\/07\/ephemerides-fb.jpg?fit=1200%2C630","width":1200,"height":630},{"@type":"BreadcrumbList","@id":"http:\/\/vincentians.com\/fr\/ephemerides-24-avril\/#breadcrumb","itemListElement":[{"@type":"ListItem","position":1,"name":"Portada","item":"http:\/\/vincentians.com\/fr\/"},{"@type":"ListItem","position":2,"name":"Eph\u00e9m\u00e9rides : 24 avril"}]},{"@type":"WebSite","@id":"http:\/\/vincentians.com\/fr\/#website","url":"http:\/\/vincentians.com\/fr\/","name":"Nous Sommes Vincentiens","description":"Know more to serve more","potentialAction":[{"@type":"SearchAction","target":{"@type":"EntryPoint","urlTemplate":"http:\/\/vincentians.com\/fr\/?s={search_term_string}"},"query-input":{"@type":"PropertyValueSpecification","valueRequired":true,"valueName":"search_term_string"}}],"inLanguage":"fr-FR"},{"@type":"Person","@id":"http:\/\/vincentians.com\/fr\/#\/schema\/person\/9623ef4d9aa3b2dfb8c061f1499288f2","name":"Francisco Javier Fern\u00e1ndez Chento","image":{"@type":"ImageObject","inLanguage":"fr-FR","@id":"http:\/\/vincentians.com\/fr\/#\/schema\/person\/image\/","url":"https:\/\/secure.gravatar.com\/avatar\/497d5cde87b4c3d097d0315953521681ba2cd523ee66e5077c3711f7021e65de?s=96&d=mm&r=g","contentUrl":"https:\/\/secure.gravatar.com\/avatar\/497d5cde87b4c3d097d0315953521681ba2cd523ee66e5077c3711f7021e65de?s=96&d=mm&r=g","caption":"Francisco Javier Fern\u00e1ndez Chento"},"description":"Director General y cofundador de La Red de Formaci\u00f3n Vicenciana. Javier es laico vicenciano, afiliado a la Congregaci\u00f3n de la Misi\u00f3n y miembro del Equipo de Misiones Populares de la provincia can\u00f3nica de Zaragoza (Espa\u00f1a) de la Congregaci\u00f3n de la Misi\u00f3n. Graduado en la Universidad Oberta de Catalunya con cuatro grados (Asistente de direcci\u00f3n, Gesti\u00f3n Administrativa, Recursos Humanos y Contabilidad Avanzada). Bil\u00edng\u00fce Espa\u00f1ol\/Ingl\u00e9s. gestiona y mantiene varias p\u00e1ginas web cristianas y vicencianas, incluida including La Red de Formaci\u00f3n Vicenciana, de la que es cofundador. Actualmente es responsable del \u00e1rea de Espa\u00f1ol de .famvin, la Red de Noticias de la Familia Vicenciana. Tambi\u00e9n es m\u00fasico cat\u00f3lico y ha editado varios discos. Es Director General y cofundador de Trovador, una reconocida compa\u00f1\u00eda discogr\u00e1fica critiana de Espa\u00f1a. Trabaja en las Tecnolog\u00edas de la Informaci\u00f3n, ofreciendo servicios de alojamiento, dise\u00f1o y mantenimiento Web, as\u00ed como asesoramiento, formaci\u00f3n y soluciones inform\u00e1ticas, gesti\u00f3n documental y digitalizaci\u00f3n de textos, edici\u00f3n y maquetaci\u00f3n de libros, revistas, flyers, etc.","sameAs":["http:\/\/chento.org","https:\/\/www.facebook.com\/JavierChento","https:\/\/x.com\/https:\/\/twitter.com\/javierchento"],"url":"http:\/\/vincentians.com\/fr\/author\/chento\/"}]}},"jetpack_publicize_connections":[],"jetpack_featured_media_url":"https:\/\/i0.wp.com\/vincentians.com\/fr\/wp-content\/uploads\/sites\/10\/2016\/07\/ephemerides-fb.jpg?fit=1200%2C630","jetpack_sharing_enabled":true,"jetpack_shortlink":"https:\/\/wp.me\/p7ETMP-Nxh","jetpack-related-posts":[{"id":103890,"url":"http:\/\/vincentians.com\/fr\/ephemerides-29-octobre\/","url_meta":{"origin":190419,"position":0},"title":"Eph\u00e9m\u00e9rides: 29 octobre","author":"Francisco Javier Fern\u00e1ndez Chento","date":"29\/10\/2016","format":false,"excerpt":"1653. \u00c0 Paris, fondation de l\u2019Hospice du Nom-de-J\u00e9sus \u201cpour les vieux ouvriers\u201d. 1655. \u00c0 La Rochelle, trois Pr\u00eatres de la Mission\u00a0: Claude Dufour, Mathurin de Belleville et Nicolas Pr\u00e9vost, s\u2019embarquent \u00e0 destination de Madagascar. C\u2019est la troisi\u00e8me \u00e9quipe que Monsieur Vincent envoie vers la grande \u00cele. Des trois partants d\u2019aujourd\u2019hui,\u2026","rel":"","context":"Dans &quot;\u00c9ph\u00e9m\u00e9rides vincentiens&quot;","block_context":{"text":"\u00c9ph\u00e9m\u00e9rides vincentiens","link":"http:\/\/vincentians.com\/fr\/category\/ephemerides-vincentiens\/"},"img":{"alt_text":"","src":"https:\/\/i0.wp.com\/vincentians.com\/fr\/wp-content\/uploads\/sites\/10\/2016\/07\/ephemerides-fb.jpg?fit=1200%2C630&resize=350%2C200","width":350,"height":200,"srcset":"https:\/\/i0.wp.com\/vincentians.com\/fr\/wp-content\/uploads\/sites\/10\/2016\/07\/ephemerides-fb.jpg?fit=1200%2C630&resize=350%2C200 1x, https:\/\/i0.wp.com\/vincentians.com\/fr\/wp-content\/uploads\/sites\/10\/2016\/07\/ephemerides-fb.jpg?fit=1200%2C630&resize=525%2C300 1.5x, https:\/\/i0.wp.com\/vincentians.com\/fr\/wp-content\/uploads\/sites\/10\/2016\/07\/ephemerides-fb.jpg?fit=1200%2C630&resize=700%2C400 2x, https:\/\/i0.wp.com\/vincentians.com\/fr\/wp-content\/uploads\/sites\/10\/2016\/07\/ephemerides-fb.jpg?fit=1200%2C630&resize=1050%2C600 3x"},"classes":[]},{"id":108351,"url":"http:\/\/vincentians.com\/fr\/ephemerides-15-fevrier\/","url_meta":{"origin":190419,"position":1},"title":"Eph\u00e9m\u00e9rides: 15 f\u00e9vrier","author":"Francisco Javier Fern\u00e1ndez Chento","date":"15\/02\/2017","format":false,"excerpt":"En 1766, \u00e0 l'infirmerie royale de Versailles, d\u00e9c\u00e8s de Soeur Lema\u00eetre 15\u00e8me Sup\u00e9rieure de la Compagnie de 1748 \u00e0 1754 et de 1760 \u00e0 1763. En 1811 , \u00e0 Paris , Napol\u00e9on donne l'ordre \u00e0 Savary, ministre de la Police, d'arr\u00eater M. Hanon, vicaire g\u00e9n\u00e9ral de la Congr\u00e9gation de la\u2026","rel":"","context":"Dans &quot;\u00c9ph\u00e9m\u00e9rides vincentiens&quot;","block_context":{"text":"\u00c9ph\u00e9m\u00e9rides vincentiens","link":"http:\/\/vincentians.com\/fr\/category\/ephemerides-vincentiens\/"},"img":{"alt_text":"","src":"https:\/\/i0.wp.com\/vincentians.com\/fr\/wp-content\/uploads\/sites\/10\/2016\/07\/ephemerides-fb.jpg?fit=1200%2C630&resize=350%2C200","width":350,"height":200,"srcset":"https:\/\/i0.wp.com\/vincentians.com\/fr\/wp-content\/uploads\/sites\/10\/2016\/07\/ephemerides-fb.jpg?fit=1200%2C630&resize=350%2C200 1x, https:\/\/i0.wp.com\/vincentians.com\/fr\/wp-content\/uploads\/sites\/10\/2016\/07\/ephemerides-fb.jpg?fit=1200%2C630&resize=525%2C300 1.5x, https:\/\/i0.wp.com\/vincentians.com\/fr\/wp-content\/uploads\/sites\/10\/2016\/07\/ephemerides-fb.jpg?fit=1200%2C630&resize=700%2C400 2x, https:\/\/i0.wp.com\/vincentians.com\/fr\/wp-content\/uploads\/sites\/10\/2016\/07\/ephemerides-fb.jpg?fit=1200%2C630&resize=1050%2C600 3x"},"classes":[]},{"id":190186,"url":"http:\/\/vincentians.com\/fr\/ephemerides-26-septembre\/","url_meta":{"origin":190419,"position":2},"title":"Eph\u00e9m\u00e9rides : 26 septembre","author":"Francisco Javier Fern\u00e1ndez Chento","date":"26\/09\/2016","format":false,"excerpt":"1809. Au camp imp\u00e9rial de Sch\u0153nbrunn, non loin du ch\u00e2teau o\u00f9 devait mourir l\u2019Aiglon, Napol\u00e9on signe le d\u00e9cret qui, en r\u00e9voquant celui du 27 mai 1804, supprime la Congr\u00e9gation de la Mission. L\u2019Empereur se venge ainsi de la r\u00e9sistance que lui oppose M. Hanon, Vicaire g\u00e9n\u00e9ral de la petite Compagnie,\u2026","rel":"","context":"Dans &quot;\u00c9ph\u00e9m\u00e9rides vincentiens&quot;","block_context":{"text":"\u00c9ph\u00e9m\u00e9rides vincentiens","link":"http:\/\/vincentians.com\/fr\/category\/ephemerides-vincentiens\/"},"img":{"alt_text":"","src":"https:\/\/i0.wp.com\/vincentians.com\/fr\/wp-content\/uploads\/sites\/10\/2016\/07\/ephemerides-fb.jpg?fit=1200%2C630&resize=350%2C200","width":350,"height":200,"srcset":"https:\/\/i0.wp.com\/vincentians.com\/fr\/wp-content\/uploads\/sites\/10\/2016\/07\/ephemerides-fb.jpg?fit=1200%2C630&resize=350%2C200 1x, https:\/\/i0.wp.com\/vincentians.com\/fr\/wp-content\/uploads\/sites\/10\/2016\/07\/ephemerides-fb.jpg?fit=1200%2C630&resize=525%2C300 1.5x, https:\/\/i0.wp.com\/vincentians.com\/fr\/wp-content\/uploads\/sites\/10\/2016\/07\/ephemerides-fb.jpg?fit=1200%2C630&resize=700%2C400 2x, https:\/\/i0.wp.com\/vincentians.com\/fr\/wp-content\/uploads\/sites\/10\/2016\/07\/ephemerides-fb.jpg?fit=1200%2C630&resize=1050%2C600 3x"},"classes":[]},{"id":190065,"url":"http:\/\/vincentians.com\/fr\/ephemerides-12-aout\/","url_meta":{"origin":190419,"position":3},"title":"Eph\u00e9m\u00e9rides: 12 ao\u00fbt","author":"Francisco Javier Fern\u00e1ndez Chento","date":"12\/08\/2016","format":false,"excerpt":"1591. \u00c0 Paris, ou du moins non loin de la capitale, naissance de Louise de Marillac (1). 1659. \u00c0 Rome, le Pape Alexandre VII signe le bref \u00abAlias Nos\u00bb qui donne le statut fondamental du v\u0153u de pauvret\u00e9 \u00e9mis dans la Compagnie (2). 1752. \u00c0 Miranda, au Portugal, l\u2019\u00e9v\u00eaque Jean\u2026","rel":"","context":"Dans &quot;\u00c9ph\u00e9m\u00e9rides vincentiens&quot;","block_context":{"text":"\u00c9ph\u00e9m\u00e9rides vincentiens","link":"http:\/\/vincentians.com\/fr\/category\/ephemerides-vincentiens\/"},"img":{"alt_text":"","src":"https:\/\/i0.wp.com\/vincentians.com\/fr\/wp-content\/uploads\/sites\/10\/2016\/07\/ephemerides-fb.jpg?fit=1200%2C630&resize=350%2C200","width":350,"height":200,"srcset":"https:\/\/i0.wp.com\/vincentians.com\/fr\/wp-content\/uploads\/sites\/10\/2016\/07\/ephemerides-fb.jpg?fit=1200%2C630&resize=350%2C200 1x, https:\/\/i0.wp.com\/vincentians.com\/fr\/wp-content\/uploads\/sites\/10\/2016\/07\/ephemerides-fb.jpg?fit=1200%2C630&resize=525%2C300 1.5x, https:\/\/i0.wp.com\/vincentians.com\/fr\/wp-content\/uploads\/sites\/10\/2016\/07\/ephemerides-fb.jpg?fit=1200%2C630&resize=700%2C400 2x, https:\/\/i0.wp.com\/vincentians.com\/fr\/wp-content\/uploads\/sites\/10\/2016\/07\/ephemerides-fb.jpg?fit=1200%2C630&resize=1050%2C600 3x"},"classes":[]},{"id":105949,"url":"http:\/\/vincentians.com\/fr\/ephemerides-4-mars\/","url_meta":{"origin":190419,"position":4},"title":"Eph\u00e9m\u00e9rides: 4 mars","author":"Francisco Javier Fern\u00e1ndez Chento","date":"04\/03\/2017","format":false,"excerpt":"1658. Saint Vincent dit \u00e0 nos Premi\u00e8res Soeurs\u00a0: \"Filles de la Charit\u00e9, avez-vous ou\u00ef parler qu'il se soit trouv\u00e9 un plus beau nom ni plus favorable pour les Pauvres\u00bb et il revient sur la m\u00eame id\u00e9e dans plusieurs autres Entretiens\u00a0: \"Filles de la Charit\u00e9 veut dire Filles de l'amour de\u2026","rel":"","context":"Dans &quot;\u00c9ph\u00e9m\u00e9rides vincentiens&quot;","block_context":{"text":"\u00c9ph\u00e9m\u00e9rides vincentiens","link":"http:\/\/vincentians.com\/fr\/category\/ephemerides-vincentiens\/"},"img":{"alt_text":"","src":"https:\/\/i0.wp.com\/vincentians.com\/fr\/wp-content\/uploads\/sites\/10\/2016\/07\/ephemerides-fb.jpg?fit=1200%2C630&resize=350%2C200","width":350,"height":200,"srcset":"https:\/\/i0.wp.com\/vincentians.com\/fr\/wp-content\/uploads\/sites\/10\/2016\/07\/ephemerides-fb.jpg?fit=1200%2C630&resize=350%2C200 1x, https:\/\/i0.wp.com\/vincentians.com\/fr\/wp-content\/uploads\/sites\/10\/2016\/07\/ephemerides-fb.jpg?fit=1200%2C630&resize=525%2C300 1.5x, https:\/\/i0.wp.com\/vincentians.com\/fr\/wp-content\/uploads\/sites\/10\/2016\/07\/ephemerides-fb.jpg?fit=1200%2C630&resize=700%2C400 2x, https:\/\/i0.wp.com\/vincentians.com\/fr\/wp-content\/uploads\/sites\/10\/2016\/07\/ephemerides-fb.jpg?fit=1200%2C630&resize=1050%2C600 3x"},"classes":[]},{"id":104133,"url":"http:\/\/vincentians.com\/fr\/ephemerides-6-novembre\/","url_meta":{"origin":190419,"position":5},"title":"Eph\u00e9m\u00e9rides: 6 novembre","author":"Francisco Javier Fern\u00e1ndez Chento","date":"06\/11\/2016","format":false,"excerpt":"1640. D\u00e9part des premi\u00e8res Filles de la Charit\u00e9 pour l\u2019h\u00f4pital de Sedan. Un autre groupe partira en 1654\u00a0: \u201cVoyons leur dit saint Vincent, voyons ce que vous devez faire pour que Dieu soit honor\u00e9. Je crois, mes Soeurs, qu\u2019il ne faut autre chose que la pratique des vertus qui composent\u2026","rel":"","context":"Dans &quot;\u00c9ph\u00e9m\u00e9rides vincentiens&quot;","block_context":{"text":"\u00c9ph\u00e9m\u00e9rides vincentiens","link":"http:\/\/vincentians.com\/fr\/category\/ephemerides-vincentiens\/"},"img":{"alt_text":"","src":"https:\/\/i0.wp.com\/vincentians.com\/fr\/wp-content\/uploads\/sites\/10\/2016\/07\/ephemerides-fb.jpg?fit=1200%2C630&resize=350%2C200","width":350,"height":200,"srcset":"https:\/\/i0.wp.com\/vincentians.com\/fr\/wp-content\/uploads\/sites\/10\/2016\/07\/ephemerides-fb.jpg?fit=1200%2C630&resize=350%2C200 1x, https:\/\/i0.wp.com\/vincentians.com\/fr\/wp-content\/uploads\/sites\/10\/2016\/07\/ephemerides-fb.jpg?fit=1200%2C630&resize=525%2C300 1.5x, https:\/\/i0.wp.com\/vincentians.com\/fr\/wp-content\/uploads\/sites\/10\/2016\/07\/ephemerides-fb.jpg?fit=1200%2C630&resize=700%2C400 2x, https:\/\/i0.wp.com\/vincentians.com\/fr\/wp-content\/uploads\/sites\/10\/2016\/07\/ephemerides-fb.jpg?fit=1200%2C630&resize=1050%2C600 3x"},"classes":[]}],"_links":{"self":[{"href":"http:\/\/vincentians.com\/fr\/wp-json\/wp\/v2\/posts\/190419","targetHints":{"allow":["GET"]}}],"collection":[{"href":"http:\/\/vincentians.com\/fr\/wp-json\/wp\/v2\/posts"}],"about":[{"href":"http:\/\/vincentians.com\/fr\/wp-json\/wp\/v2\/types\/post"}],"author":[{"embeddable":true,"href":"http:\/\/vincentians.com\/fr\/wp-json\/wp\/v2\/users\/4"}],"replies":[{"embeddable":true,"href":"http:\/\/vincentians.com\/fr\/wp-json\/wp\/v2\/comments?post=190419"}],"version-history":[{"count":0,"href":"http:\/\/vincentians.com\/fr\/wp-json\/wp\/v2\/posts\/190419\/revisions"}],"wp:featuredmedia":[{"embeddable":true,"href":"http:\/\/vincentians.com\/fr\/wp-json\/wp\/v2\/media\/149897"}],"wp:attachment":[{"href":"http:\/\/vincentians.com\/fr\/wp-json\/wp\/v2\/media?parent=190419"}],"wp:term":[{"taxonomy":"category","embeddable":true,"href":"http:\/\/vincentians.com\/fr\/wp-json\/wp\/v2\/categories?post=190419"},{"taxonomy":"post_tag","embeddable":true,"href":"http:\/\/vincentians.com\/fr\/wp-json\/wp\/v2\/tags?post=190419"}],"curies":[{"name":"wp","href":"https:\/\/api.w.org\/{rel}","templated":true}]}}