{"id":190393,"date":"2017-04-26T00:01:17","date_gmt":"2017-04-25T22:01:17","guid":{"rendered":"http:\/\/vincentians.com\/fr\/?p=190393"},"modified":"2016-08-11T18:03:35","modified_gmt":"2016-08-11T16:03:35","slug":"ephemerides-26-avril","status":"publish","type":"post","link":"http:\/\/vincentians.com\/fr\/ephemerides-26-avril\/","title":{"rendered":"Eph\u00e9m\u00e9rides : 26 avril"},"content":{"rendered":"<p><b>1830<\/b>. \u00c0 Paris, Catherine Labour\u00e9 qui, avec les autres Soeurs, vient en p\u00e8lerinage \u00e0 la chapelle de la rue de S\u00e8vres, tous les jours pendant la neuvaine qui suit la Translation des reliques de notre bienheureux P\u00e8re, voit, \u00e0 chacun de ses s\u00e9jours rue du Bac, lui appara\u00eetre le coeur de saint Vincent. Il se montre au-dessus du petit reliquaire qui \u00e9tait alors plac\u00e9 devant l&rsquo;autel actuel de saint Joseph (1).<\/p>\n<p><b>1643<\/b>. Saint Vincent fait une conf\u00e9rence aux premi\u00e8res Soeurs \u00ab\u00a0sur le danger de la d\u00e9sunion, sujet de tr\u00e8s grande importance puisqu&rsquo;il ne regarde rien moins que la continuation ou l&rsquo;enti\u00e8re dissolution de votre Compagnie\u00a0\u00bb. Les premi\u00e8res Soeurs donnent leurs pens\u00e9es avec simplicit\u00e9\u00a0: \u00ab\u00a0Nous devons grandement appr\u00e9hender la d\u00e9sunion, dit l&rsquo;une, parce que si deux Soeurs visitent tes malades et ont ensemble quelque discorde, il est bien difficile qu&rsquo;elle ne paraisse et comme cela, le prochain en serait scandalis\u00e9\u00a0\u00bb. \u00ab\u00a0Elle engendrerait, dit une autre, des aversions et murmures et tes malades ne seraient pas servis avec charit\u00e9\u00a0\u00bb. \u00ab\u00a0Il nous serait difficile d&rsquo;avoir union et charit\u00e9 avec les \u00e9trangers, constate une troisi\u00e8me, si nous nous habituions \u00e0 \u00eatre d\u00e9sunies ensemble\u00a0\u00bb.(R)<\/p>\n<p><b>1899<\/b>. \u00c0 Paris , la grippe infectieuse qui le tient depuis quelques jours, emporte M. Jules Chevalier, assistant de la Congr\u00e9gation et directeur des Filles de la Charit\u00e9. Il a soixante-quatorze ans. Or, quand au lendemain de son ordination, en 1848, on l&rsquo;envoya enseigner au grand s\u00e9minaire d&rsquo;Albi, son sup\u00e9rieur, M. Bourdarie, en voyant d\u00e9barquer ce jeune pr\u00eatre \u00e0 la mine ch\u00e9tive, s&rsquo;\u00e9cria\u00a0: \u00abOn m&rsquo;envoie un moribond\u00a0!\u00bb Le \u00abmoribond\u00bb qui, originaire du dioc\u00e8se de Sens, \u00e9tait entr\u00e9 dans la Compagnie en 1845, commen\u00e7a par conqu\u00e9rir les s\u00e9minaristes albigeois par son enseignement s\u00e9rieux et son maintien religieux. L&rsquo;archev\u00eaque lui-m\u00eame, Mgr de Jerphanion, \u00e0 ce jeune professeur confie son \u00e2me\u00a0: car M. Chevalier se r\u00e9v\u00e8le d\u00e9j\u00e0 comme un directeur plein de d\u00e9licatesse qui \u00ab\u00a0touche aux \u00e2mes comme la ros\u00e9e, aux fleurs\u00bb. L&rsquo;archev\u00eaque lui demande m\u00eame de participer \u00e0 l&rsquo;administration de son dioc\u00e8se. Alors, M. Chevalier \u00e9crit des mandements, r\u00e9dige les nouveaux statuts dioc\u00e9sains, \u00e9tablit diverses oeuvres, fonde le Carmel de Castres , recrute des moines pour l&rsquo;abbaye d&rsquo;En-Calcat . De si belles premi\u00e8res ann\u00e9es de sacerdoce lui valent, en 1866, une patente de sup\u00e9rieur\u00a0: le grand s\u00e9minaire d&rsquo;Amiens le re\u00e7oit et conna\u00eet alors une \u00e8re nouvelle\u00a0: le vieux b\u00e2timent est rajeuni, le r\u00e9gime am\u00e9lior\u00e9 et la discipline r\u00e9tablie. L&rsquo;Assembl\u00e9e g\u00e9n\u00e9rale de 1874 donne M. Chevalier comme assistant \u00e0 M. Bor\u00e9 qui le charge en m\u00eame temps de la direction des Filles de la Charit\u00e9. Son esprit conciliant, sa bienveillance naturelle et surnaturelle, son d\u00e9vouement sans bornes, sa grande connaissance de l&rsquo;esprit et du pass\u00e9 vincentiens, sa grande facilit\u00e9 de travail permettent \u00e0 M. Chevalier d&rsquo;accomplir, \u00e0 la satisfaction de tous et de toutes, sa double t\u00e2che. Ce pr\u00eatre qui, sans poss\u00e9der la fougue d&rsquo;un orateur, avait \u00abla diction et le charme qui ravit et subjugue\u00bb, s&rsquo;adonna \u00e0 l&rsquo;apostolat par la parole, et aussi par la plume. Parmi ses ouvrages, il faut mentionner le \u00abManuel des Dames de Charit\u00e9\u00bb\u00a0; une notice sur \u00abLa M\u00e9daille miraculeuse\u00bb r\u00e9dig\u00e9e d&rsquo;apr\u00e8s les confidences que lui fit Soeur Catherine Labour\u00e9, et surtout deux gros volumes d&rsquo; \u00abInstructions aux Filles de la Charit\u00e9\u00bb qui prolongent tr\u00e8s utilement la profonde action de ce grand directeur d&rsquo;\u00e2mes que fut M. Chevalier (2).<\/p>\n<dl>\n<dd>1) Edmond Crapez, La V\u00e9n\u00e9rable Catherine Labour\u00e9, pp. 36-37,<\/dd>\n<dd>2) M. Jules Chevalier , Paris 1900, 139 pages.<\/dd>\n<\/dl>\n","protected":false},"excerpt":{"rendered":"<p>1830. \u00c0 Paris, Catherine Labour\u00e9 qui, avec les autres Soeurs, vient en p\u00e8lerinage \u00e0 la chapelle de la rue de S\u00e8vres, tous les jours pendant la neuvaine qui suit la Translation des reliques de notre &#8230; <a href=\"http:\/\/vincentians.com\/fr\/ephemerides-26-avril\/\" class=\"more-link\">Read More<\/a><\/p>\n","protected":false},"author":4,"featured_media":149897,"comment_status":"open","ping_status":"open","sticky":false,"template":"","format":"standard","meta":{"jetpack_post_was_ever_published":false,"_jetpack_newsletter_access":"","_jetpack_dont_email_post_to_subs":false,"_jetpack_newsletter_tier_id":0,"_jetpack_memberships_contains_paywalled_content":false,"_jetpack_memberships_contains_paid_content":false,"footnotes":"","jetpack_publicize_message":"","jetpack_publicize_feature_enabled":true,"jetpack_social_post_already_shared":true,"jetpack_social_options":{"image_generator_settings":{"template":"highway","default_image_id":0,"font":"","enabled":false},"version":2}},"categories":[119],"tags":[],"class_list":["post-190393","post","type-post","status-publish","format-standard","has-post-thumbnail","hentry","category-ephemerides-vincentiens"],"yoast_head":"<!-- This site is optimized with the Yoast SEO plugin v26.3 - https:\/\/yoast.com\/wordpress\/plugins\/seo\/ -->\n<title>Eph\u00e9m\u00e9rides : 26 avril - Nous Sommes Vincentiens<\/title>\n<meta name=\"robots\" content=\"index, follow, max-snippet:-1, max-image-preview:large, max-video-preview:-1\" \/>\n<link rel=\"canonical\" href=\"https:\/\/vincentians.com\/fr\/ephemerides-26-avril\/\" \/>\n<meta property=\"og:locale\" content=\"fr_FR\" \/>\n<meta property=\"og:type\" content=\"article\" \/>\n<meta property=\"og:title\" content=\"Eph\u00e9m\u00e9rides : 26 avril - Nous Sommes Vincentiens\" \/>\n<meta property=\"og:description\" content=\"1830. \u00c0 Paris, Catherine Labour\u00e9 qui, avec les autres Soeurs, vient en p\u00e8lerinage \u00e0 la chapelle de la rue de S\u00e8vres, tous les jours pendant la neuvaine qui suit la Translation des reliques de notre ... Read More\" \/>\n<meta property=\"og:url\" content=\"https:\/\/vincentians.com\/fr\/ephemerides-26-avril\/\" \/>\n<meta property=\"og:site_name\" content=\"Nous Sommes Vincentiens\" \/>\n<meta property=\"article:publisher\" content=\"https:\/\/www.facebook.com\/WeAreVincentians\/\" \/>\n<meta property=\"article:author\" content=\"https:\/\/www.facebook.com\/JavierChento\" \/>\n<meta property=\"article:published_time\" content=\"2017-04-25T22:01:17+00:00\" \/>\n<meta property=\"og:image\" content=\"https:\/\/i0.wp.com\/vincentians.com\/fr\/wp-content\/uploads\/sites\/10\/2016\/07\/ephemerides-fb.jpg?fit=1200%2C630&ssl=1\" \/>\n\t<meta property=\"og:image:width\" content=\"1200\" \/>\n\t<meta property=\"og:image:height\" content=\"630\" \/>\n\t<meta property=\"og:image:type\" content=\"image\/jpeg\" \/>\n<meta name=\"author\" content=\"Francisco Javier Fern\u00e1ndez Chento\" \/>\n<meta name=\"twitter:card\" content=\"summary_large_image\" \/>\n<meta name=\"twitter:creator\" content=\"@https:\/\/twitter.com\/javierchento\" \/>\n<meta name=\"twitter:site\" content=\"@WeVincentians\" \/>\n<meta name=\"twitter:label1\" content=\"\u00c9crit par\" \/>\n\t<meta name=\"twitter:data1\" content=\"Francisco Javier Fern\u00e1ndez Chento\" \/>\n\t<meta name=\"twitter:label2\" content=\"Dur\u00e9e de lecture estim\u00e9e\" \/>\n\t<meta name=\"twitter:data2\" content=\"3 minutes\" \/>\n<script type=\"application\/ld+json\" class=\"yoast-schema-graph\">{\"@context\":\"https:\/\/schema.org\",\"@graph\":[{\"@type\":\"WebPage\",\"@id\":\"https:\/\/vincentians.com\/fr\/ephemerides-26-avril\/\",\"url\":\"https:\/\/vincentians.com\/fr\/ephemerides-26-avril\/\",\"name\":\"Eph\u00e9m\u00e9rides : 26 avril - Nous Sommes Vincentiens\",\"isPartOf\":{\"@id\":\"http:\/\/vincentians.com\/fr\/#website\"},\"primaryImageOfPage\":{\"@id\":\"https:\/\/vincentians.com\/fr\/ephemerides-26-avril\/#primaryimage\"},\"image\":{\"@id\":\"https:\/\/vincentians.com\/fr\/ephemerides-26-avril\/#primaryimage\"},\"thumbnailUrl\":\"https:\/\/i0.wp.com\/vincentians.com\/fr\/wp-content\/uploads\/sites\/10\/2016\/07\/ephemerides-fb.jpg?fit=1200%2C630\",\"datePublished\":\"2017-04-25T22:01:17+00:00\",\"author\":{\"@id\":\"http:\/\/vincentians.com\/fr\/#\/schema\/person\/9623ef4d9aa3b2dfb8c061f1499288f2\"},\"breadcrumb\":{\"@id\":\"https:\/\/vincentians.com\/fr\/ephemerides-26-avril\/#breadcrumb\"},\"inLanguage\":\"fr-FR\",\"potentialAction\":[{\"@type\":\"ReadAction\",\"target\":[\"https:\/\/vincentians.com\/fr\/ephemerides-26-avril\/\"]}]},{\"@type\":\"ImageObject\",\"inLanguage\":\"fr-FR\",\"@id\":\"https:\/\/vincentians.com\/fr\/ephemerides-26-avril\/#primaryimage\",\"url\":\"https:\/\/i0.wp.com\/vincentians.com\/fr\/wp-content\/uploads\/sites\/10\/2016\/07\/ephemerides-fb.jpg?fit=1200%2C630\",\"contentUrl\":\"https:\/\/i0.wp.com\/vincentians.com\/fr\/wp-content\/uploads\/sites\/10\/2016\/07\/ephemerides-fb.jpg?fit=1200%2C630\",\"width\":1200,\"height\":630},{\"@type\":\"BreadcrumbList\",\"@id\":\"https:\/\/vincentians.com\/fr\/ephemerides-26-avril\/#breadcrumb\",\"itemListElement\":[{\"@type\":\"ListItem\",\"position\":1,\"name\":\"Portada\",\"item\":\"http:\/\/vincentians.com\/fr\/\"},{\"@type\":\"ListItem\",\"position\":2,\"name\":\"Eph\u00e9m\u00e9rides : 26 avril\"}]},{\"@type\":\"WebSite\",\"@id\":\"http:\/\/vincentians.com\/fr\/#website\",\"url\":\"http:\/\/vincentians.com\/fr\/\",\"name\":\"Nous Sommes Vincentiens\",\"description\":\"Know more to serve more\",\"potentialAction\":[{\"@type\":\"SearchAction\",\"target\":{\"@type\":\"EntryPoint\",\"urlTemplate\":\"http:\/\/vincentians.com\/fr\/?s={search_term_string}\"},\"query-input\":{\"@type\":\"PropertyValueSpecification\",\"valueRequired\":true,\"valueName\":\"search_term_string\"}}],\"inLanguage\":\"fr-FR\"},{\"@type\":\"Person\",\"@id\":\"http:\/\/vincentians.com\/fr\/#\/schema\/person\/9623ef4d9aa3b2dfb8c061f1499288f2\",\"name\":\"Francisco Javier Fern\u00e1ndez Chento\",\"image\":{\"@type\":\"ImageObject\",\"inLanguage\":\"fr-FR\",\"@id\":\"http:\/\/vincentians.com\/fr\/#\/schema\/person\/image\/\",\"url\":\"https:\/\/secure.gravatar.com\/avatar\/497d5cde87b4c3d097d0315953521681ba2cd523ee66e5077c3711f7021e65de?s=96&d=mm&r=g\",\"contentUrl\":\"https:\/\/secure.gravatar.com\/avatar\/497d5cde87b4c3d097d0315953521681ba2cd523ee66e5077c3711f7021e65de?s=96&d=mm&r=g\",\"caption\":\"Francisco Javier Fern\u00e1ndez Chento\"},\"description\":\"Director General y cofundador de La Red de Formaci\u00f3n Vicenciana. Javier es laico vicenciano, afiliado a la Congregaci\u00f3n de la Misi\u00f3n y miembro del Equipo de Misiones Populares de la provincia can\u00f3nica de Zaragoza (Espa\u00f1a) de la Congregaci\u00f3n de la Misi\u00f3n. Graduado en la Universidad Oberta de Catalunya con cuatro grados (Asistente de direcci\u00f3n, Gesti\u00f3n Administrativa, Recursos Humanos y Contabilidad Avanzada). Bil\u00edng\u00fce Espa\u00f1ol\/Ingl\u00e9s. gestiona y mantiene varias p\u00e1ginas web cristianas y vicencianas, incluida including La Red de Formaci\u00f3n Vicenciana, de la que es cofundador. Actualmente es responsable del \u00e1rea de Espa\u00f1ol de .famvin, la Red de Noticias de la Familia Vicenciana. Tambi\u00e9n es m\u00fasico cat\u00f3lico y ha editado varios discos. Es Director General y cofundador de Trovador, una reconocida compa\u00f1\u00eda discogr\u00e1fica critiana de Espa\u00f1a. Trabaja en las Tecnolog\u00edas de la Informaci\u00f3n, ofreciendo servicios de alojamiento, dise\u00f1o y mantenimiento Web, as\u00ed como asesoramiento, formaci\u00f3n y soluciones inform\u00e1ticas, gesti\u00f3n documental y digitalizaci\u00f3n de textos, edici\u00f3n y maquetaci\u00f3n de libros, revistas, flyers, etc.\",\"sameAs\":[\"http:\/\/chento.org\",\"https:\/\/www.facebook.com\/JavierChento\",\"https:\/\/x.com\/https:\/\/twitter.com\/javierchento\"],\"url\":\"http:\/\/vincentians.com\/fr\/author\/chento\/\"}]}<\/script>\n<!-- \/ Yoast SEO plugin. -->","yoast_head_json":{"title":"Eph\u00e9m\u00e9rides : 26 avril - Nous Sommes Vincentiens","robots":{"index":"index","follow":"follow","max-snippet":"max-snippet:-1","max-image-preview":"max-image-preview:large","max-video-preview":"max-video-preview:-1"},"canonical":"https:\/\/vincentians.com\/fr\/ephemerides-26-avril\/","og_locale":"fr_FR","og_type":"article","og_title":"Eph\u00e9m\u00e9rides : 26 avril - Nous Sommes Vincentiens","og_description":"1830. \u00c0 Paris, Catherine Labour\u00e9 qui, avec les autres Soeurs, vient en p\u00e8lerinage \u00e0 la chapelle de la rue de S\u00e8vres, tous les jours pendant la neuvaine qui suit la Translation des reliques de notre ... Read More","og_url":"https:\/\/vincentians.com\/fr\/ephemerides-26-avril\/","og_site_name":"Nous Sommes Vincentiens","article_publisher":"https:\/\/www.facebook.com\/WeAreVincentians\/","article_author":"https:\/\/www.facebook.com\/JavierChento","article_published_time":"2017-04-25T22:01:17+00:00","og_image":[{"width":1200,"height":630,"url":"https:\/\/i0.wp.com\/vincentians.com\/fr\/wp-content\/uploads\/sites\/10\/2016\/07\/ephemerides-fb.jpg?fit=1200%2C630&ssl=1","type":"image\/jpeg"}],"author":"Francisco Javier Fern\u00e1ndez Chento","twitter_card":"summary_large_image","twitter_creator":"@https:\/\/twitter.com\/javierchento","twitter_site":"@WeVincentians","twitter_misc":{"\u00c9crit par":"Francisco Javier Fern\u00e1ndez Chento","Dur\u00e9e de lecture estim\u00e9e":"3 minutes"},"schema":{"@context":"https:\/\/schema.org","@graph":[{"@type":"WebPage","@id":"https:\/\/vincentians.com\/fr\/ephemerides-26-avril\/","url":"https:\/\/vincentians.com\/fr\/ephemerides-26-avril\/","name":"Eph\u00e9m\u00e9rides : 26 avril - Nous Sommes Vincentiens","isPartOf":{"@id":"http:\/\/vincentians.com\/fr\/#website"},"primaryImageOfPage":{"@id":"https:\/\/vincentians.com\/fr\/ephemerides-26-avril\/#primaryimage"},"image":{"@id":"https:\/\/vincentians.com\/fr\/ephemerides-26-avril\/#primaryimage"},"thumbnailUrl":"https:\/\/i0.wp.com\/vincentians.com\/fr\/wp-content\/uploads\/sites\/10\/2016\/07\/ephemerides-fb.jpg?fit=1200%2C630","datePublished":"2017-04-25T22:01:17+00:00","author":{"@id":"http:\/\/vincentians.com\/fr\/#\/schema\/person\/9623ef4d9aa3b2dfb8c061f1499288f2"},"breadcrumb":{"@id":"https:\/\/vincentians.com\/fr\/ephemerides-26-avril\/#breadcrumb"},"inLanguage":"fr-FR","potentialAction":[{"@type":"ReadAction","target":["https:\/\/vincentians.com\/fr\/ephemerides-26-avril\/"]}]},{"@type":"ImageObject","inLanguage":"fr-FR","@id":"https:\/\/vincentians.com\/fr\/ephemerides-26-avril\/#primaryimage","url":"https:\/\/i0.wp.com\/vincentians.com\/fr\/wp-content\/uploads\/sites\/10\/2016\/07\/ephemerides-fb.jpg?fit=1200%2C630","contentUrl":"https:\/\/i0.wp.com\/vincentians.com\/fr\/wp-content\/uploads\/sites\/10\/2016\/07\/ephemerides-fb.jpg?fit=1200%2C630","width":1200,"height":630},{"@type":"BreadcrumbList","@id":"https:\/\/vincentians.com\/fr\/ephemerides-26-avril\/#breadcrumb","itemListElement":[{"@type":"ListItem","position":1,"name":"Portada","item":"http:\/\/vincentians.com\/fr\/"},{"@type":"ListItem","position":2,"name":"Eph\u00e9m\u00e9rides : 26 avril"}]},{"@type":"WebSite","@id":"http:\/\/vincentians.com\/fr\/#website","url":"http:\/\/vincentians.com\/fr\/","name":"Nous Sommes Vincentiens","description":"Know more to serve more","potentialAction":[{"@type":"SearchAction","target":{"@type":"EntryPoint","urlTemplate":"http:\/\/vincentians.com\/fr\/?s={search_term_string}"},"query-input":{"@type":"PropertyValueSpecification","valueRequired":true,"valueName":"search_term_string"}}],"inLanguage":"fr-FR"},{"@type":"Person","@id":"http:\/\/vincentians.com\/fr\/#\/schema\/person\/9623ef4d9aa3b2dfb8c061f1499288f2","name":"Francisco Javier Fern\u00e1ndez Chento","image":{"@type":"ImageObject","inLanguage":"fr-FR","@id":"http:\/\/vincentians.com\/fr\/#\/schema\/person\/image\/","url":"https:\/\/secure.gravatar.com\/avatar\/497d5cde87b4c3d097d0315953521681ba2cd523ee66e5077c3711f7021e65de?s=96&d=mm&r=g","contentUrl":"https:\/\/secure.gravatar.com\/avatar\/497d5cde87b4c3d097d0315953521681ba2cd523ee66e5077c3711f7021e65de?s=96&d=mm&r=g","caption":"Francisco Javier Fern\u00e1ndez Chento"},"description":"Director General y cofundador de La Red de Formaci\u00f3n Vicenciana. Javier es laico vicenciano, afiliado a la Congregaci\u00f3n de la Misi\u00f3n y miembro del Equipo de Misiones Populares de la provincia can\u00f3nica de Zaragoza (Espa\u00f1a) de la Congregaci\u00f3n de la Misi\u00f3n. Graduado en la Universidad Oberta de Catalunya con cuatro grados (Asistente de direcci\u00f3n, Gesti\u00f3n Administrativa, Recursos Humanos y Contabilidad Avanzada). Bil\u00edng\u00fce Espa\u00f1ol\/Ingl\u00e9s. gestiona y mantiene varias p\u00e1ginas web cristianas y vicencianas, incluida including La Red de Formaci\u00f3n Vicenciana, de la que es cofundador. Actualmente es responsable del \u00e1rea de Espa\u00f1ol de .famvin, la Red de Noticias de la Familia Vicenciana. Tambi\u00e9n es m\u00fasico cat\u00f3lico y ha editado varios discos. Es Director General y cofundador de Trovador, una reconocida compa\u00f1\u00eda discogr\u00e1fica critiana de Espa\u00f1a. Trabaja en las Tecnolog\u00edas de la Informaci\u00f3n, ofreciendo servicios de alojamiento, dise\u00f1o y mantenimiento Web, as\u00ed como asesoramiento, formaci\u00f3n y soluciones inform\u00e1ticas, gesti\u00f3n documental y digitalizaci\u00f3n de textos, edici\u00f3n y maquetaci\u00f3n de libros, revistas, flyers, etc.","sameAs":["http:\/\/chento.org","https:\/\/www.facebook.com\/JavierChento","https:\/\/x.com\/https:\/\/twitter.com\/javierchento"],"url":"http:\/\/vincentians.com\/fr\/author\/chento\/"}]}},"jetpack_publicize_connections":[],"jetpack_featured_media_url":"https:\/\/i0.wp.com\/vincentians.com\/fr\/wp-content\/uploads\/sites\/10\/2016\/07\/ephemerides-fb.jpg?fit=1200%2C630","jetpack_sharing_enabled":true,"jetpack_shortlink":"https:\/\/wp.me\/p7ETMP-NwR","jetpack-related-posts":[{"id":190419,"url":"http:\/\/vincentians.com\/fr\/ephemerides-24-avril\/","url_meta":{"origin":190393,"position":0},"title":"Eph\u00e9m\u00e9rides : 24 avril","author":"Francisco Javier Fern\u00e1ndez Chento","date":"24\/04\/2017","format":false,"excerpt":"1581. \u00c0 Pouy , pr\u00e8s de Dax , naissance de saint Vincent de Paul (1). 1816. \u00c0 Paris , mort de M. Dominique-Fran\u00e7ois Hanon, vicaire g\u00e9n\u00e9ral de la Congr\u00e9gation. Les seize premi\u00e8res ann\u00e9es de sa vie se pass\u00e8rent dans le dioc\u00e8se d'Arras, \u00e0 Saint-Pol , son lieu de naissance, et\u2026","rel":"","context":"Dans &quot;\u00c9ph\u00e9m\u00e9rides vincentiens&quot;","block_context":{"text":"\u00c9ph\u00e9m\u00e9rides vincentiens","link":"http:\/\/vincentians.com\/fr\/category\/ephemerides-vincentiens\/"},"img":{"alt_text":"","src":"https:\/\/i0.wp.com\/vincentians.com\/fr\/wp-content\/uploads\/sites\/10\/2016\/07\/ephemerides-fb.jpg?fit=1200%2C630&resize=350%2C200","width":350,"height":200,"srcset":"https:\/\/i0.wp.com\/vincentians.com\/fr\/wp-content\/uploads\/sites\/10\/2016\/07\/ephemerides-fb.jpg?fit=1200%2C630&resize=350%2C200 1x, https:\/\/i0.wp.com\/vincentians.com\/fr\/wp-content\/uploads\/sites\/10\/2016\/07\/ephemerides-fb.jpg?fit=1200%2C630&resize=525%2C300 1.5x, https:\/\/i0.wp.com\/vincentians.com\/fr\/wp-content\/uploads\/sites\/10\/2016\/07\/ephemerides-fb.jpg?fit=1200%2C630&resize=700%2C400 2x, https:\/\/i0.wp.com\/vincentians.com\/fr\/wp-content\/uploads\/sites\/10\/2016\/07\/ephemerides-fb.jpg?fit=1200%2C630&resize=1050%2C600 3x"},"classes":[]},{"id":104144,"url":"http:\/\/vincentians.com\/fr\/ephemerides-29-novembre\/","url_meta":{"origin":190393,"position":1},"title":"Eph\u00e9m\u00e9rides: 29 novembre","author":"Francisco Javier Fern\u00e1ndez Chento","date":"29\/11\/2016","format":false,"excerpt":"1633. \u00c0 Paris, en la maison de Mlle Le Gras, proche Saint-Nicolas du Chardonnet \u2014 rue des Foss\u00e9s-Saint-Victor \u2014 trois ou quatre filles s\u2019assemblent pour apprendre \u00e0 servir les pauvres\u2026 C\u2019est une consid\u00e9ration d\u2019utilit\u00e9 pratique qui est \u00e0 l\u2019origine de ce petit fait\u00a0: les d\u00e9tails concrets et peu rago\u00fbtants de\u2026","rel":"","context":"Dans &quot;\u00c9ph\u00e9m\u00e9rides vincentiens&quot;","block_context":{"text":"\u00c9ph\u00e9m\u00e9rides vincentiens","link":"http:\/\/vincentians.com\/fr\/category\/ephemerides-vincentiens\/"},"img":{"alt_text":"","src":"https:\/\/i0.wp.com\/vincentians.com\/fr\/wp-content\/uploads\/sites\/10\/2016\/07\/ephemerides-fb.jpg?fit=1200%2C630&resize=350%2C200","width":350,"height":200,"srcset":"https:\/\/i0.wp.com\/vincentians.com\/fr\/wp-content\/uploads\/sites\/10\/2016\/07\/ephemerides-fb.jpg?fit=1200%2C630&resize=350%2C200 1x, https:\/\/i0.wp.com\/vincentians.com\/fr\/wp-content\/uploads\/sites\/10\/2016\/07\/ephemerides-fb.jpg?fit=1200%2C630&resize=525%2C300 1.5x, https:\/\/i0.wp.com\/vincentians.com\/fr\/wp-content\/uploads\/sites\/10\/2016\/07\/ephemerides-fb.jpg?fit=1200%2C630&resize=700%2C400 2x, https:\/\/i0.wp.com\/vincentians.com\/fr\/wp-content\/uploads\/sites\/10\/2016\/07\/ephemerides-fb.jpg?fit=1200%2C630&resize=1050%2C600 3x"},"classes":[]},{"id":190413,"url":"http:\/\/vincentians.com\/fr\/ephemerides-08-avril\/","url_meta":{"origin":190393,"position":2},"title":"Eph\u00e9m\u00e9rides : 08 avril","author":"Francisco Javier Fern\u00e1ndez Chento","date":"08\/04\/2017","format":false,"excerpt":"1655. Le jeudi, 8e jour d'avril, se fit la petite Conf\u00e9rence au parloir de Saint-Lazare en la pr\u00e9sence de M. Notre Tr\u00e8s Honor\u00e9 P\u00e8re, de M. Alm\u00e9ras, pour lors premier assistant sous Monsieur Vincent \u00e0 Saint-Lazare, de M. Portail, de Mademoiselle Legras et trois de nos S\u0153urs, au sujet du\u2026","rel":"","context":"Dans &quot;\u00c9ph\u00e9m\u00e9rides vincentiens&quot;","block_context":{"text":"\u00c9ph\u00e9m\u00e9rides vincentiens","link":"http:\/\/vincentians.com\/fr\/category\/ephemerides-vincentiens\/"},"img":{"alt_text":"","src":"https:\/\/i0.wp.com\/vincentians.com\/fr\/wp-content\/uploads\/sites\/10\/2016\/07\/ephemerides-fb.jpg?fit=1200%2C630&resize=350%2C200","width":350,"height":200,"srcset":"https:\/\/i0.wp.com\/vincentians.com\/fr\/wp-content\/uploads\/sites\/10\/2016\/07\/ephemerides-fb.jpg?fit=1200%2C630&resize=350%2C200 1x, https:\/\/i0.wp.com\/vincentians.com\/fr\/wp-content\/uploads\/sites\/10\/2016\/07\/ephemerides-fb.jpg?fit=1200%2C630&resize=525%2C300 1.5x, https:\/\/i0.wp.com\/vincentians.com\/fr\/wp-content\/uploads\/sites\/10\/2016\/07\/ephemerides-fb.jpg?fit=1200%2C630&resize=700%2C400 2x, https:\/\/i0.wp.com\/vincentians.com\/fr\/wp-content\/uploads\/sites\/10\/2016\/07\/ephemerides-fb.jpg?fit=1200%2C630&resize=1050%2C600 3x"},"classes":[]},{"id":189328,"url":"http:\/\/vincentians.com\/fr\/ephemerides-14-juilliet\/","url_meta":{"origin":190393,"position":3},"title":"Eph\u00e9m\u00e9rides: 14 juilliet","author":"Francisco Javier Fern\u00e1ndez Chento","date":"14\/07\/2017","format":false,"excerpt":"1692. M\u00e8re Marie Moreau et les trois S\u0153urs offici\u00e8res signent le contrat d\u2019\u00e9tablissement d\u2019une troisi\u00e8me S\u0153ur dans la communaut\u00e9 de la paroisse de la Trinit\u00e9 de Ch\u00e2lons-en-Champagne. Cette S\u0153ur est particuli\u00e8rement destin\u00e9e au service des pauvres de la paroisse Saint-Alpin. (C) 1705. La comtesse de Broglie, accompagn\u00e9e de sa m\u00e8re\u2026","rel":"","context":"Dans &quot;\u00c9ph\u00e9m\u00e9rides vincentiens&quot;","block_context":{"text":"\u00c9ph\u00e9m\u00e9rides vincentiens","link":"http:\/\/vincentians.com\/fr\/category\/ephemerides-vincentiens\/"},"img":{"alt_text":"","src":"https:\/\/i0.wp.com\/vincentians.com\/fr\/wp-content\/uploads\/sites\/10\/2016\/07\/ephemerides-fb.jpg?fit=1200%2C630&resize=350%2C200","width":350,"height":200,"srcset":"https:\/\/i0.wp.com\/vincentians.com\/fr\/wp-content\/uploads\/sites\/10\/2016\/07\/ephemerides-fb.jpg?fit=1200%2C630&resize=350%2C200 1x, https:\/\/i0.wp.com\/vincentians.com\/fr\/wp-content\/uploads\/sites\/10\/2016\/07\/ephemerides-fb.jpg?fit=1200%2C630&resize=525%2C300 1.5x, https:\/\/i0.wp.com\/vincentians.com\/fr\/wp-content\/uploads\/sites\/10\/2016\/07\/ephemerides-fb.jpg?fit=1200%2C630&resize=700%2C400 2x, https:\/\/i0.wp.com\/vincentians.com\/fr\/wp-content\/uploads\/sites\/10\/2016\/07\/ephemerides-fb.jpg?fit=1200%2C630&resize=1050%2C600 3x"},"classes":[]},{"id":106452,"url":"http:\/\/vincentians.com\/fr\/ephemerides-22-mai\/","url_meta":{"origin":190393,"position":4},"title":"Eph\u00e9m\u00e9rides: 22 mai","author":"Francisco Javier Fern\u00e1ndez Chento","date":"22\/05\/2017","format":false,"excerpt":"En 1657, dans son entretien avec nos Premi\u00e8res S\u0153urs, saint Vincent explique comment choisir les Offici\u00e8res de la Compagnie\u00a0: \u201cTout le bien et tout le mal de la Maison d\u00e9pend de la Sup\u00e9rieure et des Offici\u00e8res\u201d remarque-t-il et Il d\u00e9sire des filles saines de corps, \u00e0 l\u2019esprit bien fait, bonnes\u2026","rel":"","context":"Dans &quot;\u00c9ph\u00e9m\u00e9rides vincentiens&quot;","block_context":{"text":"\u00c9ph\u00e9m\u00e9rides vincentiens","link":"http:\/\/vincentians.com\/fr\/category\/ephemerides-vincentiens\/"},"img":{"alt_text":"","src":"https:\/\/i0.wp.com\/vincentians.com\/fr\/wp-content\/uploads\/sites\/10\/2016\/07\/ephemerides-fb.jpg?fit=1200%2C630&resize=350%2C200","width":350,"height":200,"srcset":"https:\/\/i0.wp.com\/vincentians.com\/fr\/wp-content\/uploads\/sites\/10\/2016\/07\/ephemerides-fb.jpg?fit=1200%2C630&resize=350%2C200 1x, https:\/\/i0.wp.com\/vincentians.com\/fr\/wp-content\/uploads\/sites\/10\/2016\/07\/ephemerides-fb.jpg?fit=1200%2C630&resize=525%2C300 1.5x, https:\/\/i0.wp.com\/vincentians.com\/fr\/wp-content\/uploads\/sites\/10\/2016\/07\/ephemerides-fb.jpg?fit=1200%2C630&resize=700%2C400 2x, https:\/\/i0.wp.com\/vincentians.com\/fr\/wp-content\/uploads\/sites\/10\/2016\/07\/ephemerides-fb.jpg?fit=1200%2C630&resize=1050%2C600 3x"},"classes":[]},{"id":106453,"url":"http:\/\/vincentians.com\/fr\/ephemerides-23-mai\/","url_meta":{"origin":190393,"position":5},"title":"Eph\u00e9m\u00e9rides: 23 mai","author":"Francisco Javier Fern\u00e1ndez Chento","date":"23\/05\/2017","format":false,"excerpt":"En 1615, \u00e0 Paris, Monsieur Vincent constitue Jean Morin son procureur pour prendre possession d'un canonicat \u00e0 Ecouis. C'est M. de Gondi, chez qui il est pr\u00e9cepteur depuis 1613, qui lui a fait obtenir cette charge de tr\u00e9sorier et de chanoine du chapitre coll\u00e9gial. Ecouis, qui d\u00e9pendait alors de Rouen,\u2026","rel":"","context":"Dans &quot;\u00c9ph\u00e9m\u00e9rides vincentiens&quot;","block_context":{"text":"\u00c9ph\u00e9m\u00e9rides vincentiens","link":"http:\/\/vincentians.com\/fr\/category\/ephemerides-vincentiens\/"},"img":{"alt_text":"","src":"https:\/\/i0.wp.com\/vincentians.com\/fr\/wp-content\/uploads\/sites\/10\/2016\/07\/ephemerides-fb.jpg?fit=1200%2C630&resize=350%2C200","width":350,"height":200,"srcset":"https:\/\/i0.wp.com\/vincentians.com\/fr\/wp-content\/uploads\/sites\/10\/2016\/07\/ephemerides-fb.jpg?fit=1200%2C630&resize=350%2C200 1x, https:\/\/i0.wp.com\/vincentians.com\/fr\/wp-content\/uploads\/sites\/10\/2016\/07\/ephemerides-fb.jpg?fit=1200%2C630&resize=525%2C300 1.5x, https:\/\/i0.wp.com\/vincentians.com\/fr\/wp-content\/uploads\/sites\/10\/2016\/07\/ephemerides-fb.jpg?fit=1200%2C630&resize=700%2C400 2x, https:\/\/i0.wp.com\/vincentians.com\/fr\/wp-content\/uploads\/sites\/10\/2016\/07\/ephemerides-fb.jpg?fit=1200%2C630&resize=1050%2C600 3x"},"classes":[]}],"_links":{"self":[{"href":"http:\/\/vincentians.com\/fr\/wp-json\/wp\/v2\/posts\/190393","targetHints":{"allow":["GET"]}}],"collection":[{"href":"http:\/\/vincentians.com\/fr\/wp-json\/wp\/v2\/posts"}],"about":[{"href":"http:\/\/vincentians.com\/fr\/wp-json\/wp\/v2\/types\/post"}],"author":[{"embeddable":true,"href":"http:\/\/vincentians.com\/fr\/wp-json\/wp\/v2\/users\/4"}],"replies":[{"embeddable":true,"href":"http:\/\/vincentians.com\/fr\/wp-json\/wp\/v2\/comments?post=190393"}],"version-history":[{"count":0,"href":"http:\/\/vincentians.com\/fr\/wp-json\/wp\/v2\/posts\/190393\/revisions"}],"wp:featuredmedia":[{"embeddable":true,"href":"http:\/\/vincentians.com\/fr\/wp-json\/wp\/v2\/media\/149897"}],"wp:attachment":[{"href":"http:\/\/vincentians.com\/fr\/wp-json\/wp\/v2\/media?parent=190393"}],"wp:term":[{"taxonomy":"category","embeddable":true,"href":"http:\/\/vincentians.com\/fr\/wp-json\/wp\/v2\/categories?post=190393"},{"taxonomy":"post_tag","embeddable":true,"href":"http:\/\/vincentians.com\/fr\/wp-json\/wp\/v2\/tags?post=190393"}],"curies":[{"name":"wp","href":"https:\/\/api.w.org\/{rel}","templated":true}]}}