{"id":190375,"date":"2017-05-05T00:01:17","date_gmt":"2017-05-04T22:01:17","guid":{"rendered":"http:\/\/vincentians.com\/fr\/?p=190375"},"modified":"2016-08-11T17:41:15","modified_gmt":"2016-08-11T15:41:15","slug":"ephemerides-05-mai","status":"publish","type":"post","link":"http:\/\/vincentians.com\/fr\/ephemerides-05-mai\/","title":{"rendered":"Eph\u00e9m\u00e9rides : 05 mai"},"content":{"rendered":"<p><b>1877<\/b>. Les S\u0153urs de l\u2019orphelinat de M\u00e9nilmontant, gard\u00e9es \u00e0 vue depuis quelques jours sont lib\u00e9r\u00e9es, mais les perquisitions reprendront les jours suivants, une enfant ayant affirm\u00e9 l\u2019existence d\u2019un souterrain communiquant avec l\u2019\u00e9glise. Il fallut quitter la Maison et quinze femmes vinrent remplacer les S\u0153urs. Deux par deux, celles-ci cherch\u00e8rent refuge chez d\u2019anciennes compagnes ou dans des maisons amies. (R)<\/p>\n<p><b>1875<\/b>. Ouverture d\u2019une Maison de Filles de la Charit\u00e9 \u00e0 T\u00e9h\u00e9ran. (R)<\/p>\n<p><b>1879<\/b>. \u00c0 Angers, en l&rsquo;\u00e9glise Sainte-Th\u00e9r\u00e8se, sont c\u00e9l\u00e9br\u00e9es les obs\u00e8ques de M. Jean-Louis Mellier. Avant d&rsquo;entrer, \u00e0 quarante-quatre ans, au s\u00e9minaire interne, M. Mellier servit pendant vingt ans le dioc\u00e8se d&rsquo;Orl\u00e9ans, o\u00f9 il \u00e9tait n\u00e9 le 30 novembre 1813. Comme vicaire \u00e0 Montargis, puis \u00e0 Sainte-Croix d&rsquo;Orl\u00e9ans\u00a0; comme cur\u00e9-archipr\u00eatre de Pithiviers, M. Mellier a \u00e9t\u00e9 partout \u00e0 la hauteur de sa t\u00e2che. Mgr Dupanloup se plaisait \u00e0 assister aux cat\u00e9chismes que faisait M. Mellier \u00e0 Orl\u00e9ans\u00a0; et l\u2019illustre \u00e9v\u00eaque, qui, d&rsquo;ailleurs, avec sa vivacit\u00e9 bien connue, refusa d&rsquo;abord tout net de laisser l&rsquo;archipr\u00eatre de Pithiviers entrer chez les Lazaristes, disait\u00a0: \u00abM. Melllier est, par l&rsquo;ensemble de ses aptitudes, le pr\u00eatre le plus complet de mon dioc\u00e8se.\u00bb Quand il eut termin\u00e9 son s\u00e9minaire, M. Mellier fut charg\u00e9 par le P. Etienne d&rsquo;aller fonder \u00e0 Angers une maison de Missions. Alors, pendant seize ans, \u00e0 travers l&rsquo;Anjou et la Bretagne, M. Mellier sema la parole de Dieu avec une admirable \u00e9loquence qui savait s\u2019adapter merveilleusement aux auditoires les plus vari\u00e9s. Il fut souvent demand\u00e9 pour des retraites pastorales, et celles qu&rsquo;il pr\u00eacha, entre autres, aux pr\u00eatres d&rsquo;Orl\u00e9ans et de Paris, connurent un succ\u00e8s du meilleur aloi. En 1873, il est appel\u00e9 \u00e0 la Maison-M\u00e8re pour remplacer M. Vicart comme assistant et comme directeur des Filles de la Charit\u00e9. Outre ses autres qualit\u00e9s, les confr\u00e8res purent appr\u00e9cier alors son agr\u00e9able talent de causeur \u00e0 la verve charmante et distingu\u00e9e et toujours charitable. M. Mellier a d&rsquo;ailleurs fait mentir l&rsquo;affirmation qui pr\u00e9tend que les gens d&rsquo;esprit ne disent pas de sottises, mais en commettent. Sur un billet dat\u00e9 du 17 octobre 1873, le P\u00e8re Etienne avait d\u00e9sign\u00e9 M. Mellier comme vicaire g\u00e9n\u00e9ral. Grand fut l&rsquo;abattement de ce dernier \u00e0 l&rsquo;ouverture de la cassette, le 13 mars 1874\u00a0; mais plus grande fut sa joie quand, six mois apr\u00e8s, M. Bor\u00e9 fut \u00e9lu sup\u00e9rieur g\u00e9n\u00e9ral, et que lui, le vicaire g\u00e9n\u00e9ral, put, selon son mot, redevenir Louis Mellier et retourner dans la maison qu&rsquo;il avait fond\u00e9e, rue du Silence, \u00e0 Angers. Apr\u00e8s y avoir travaill\u00e9 jusqu&rsquo;au bout, il y mourut le m\u00eame jour que le P\u00e8re Bor\u00e9, mais \u00e0 un an d&rsquo;intervalle (1).<\/p>\n<p><b>1935<\/b>. \u00c0 Antoura commence le triduum de festivit\u00e9s qui doit marquer le centenaire du Coll\u00e8ge, le tri cinquantenaire de l&rsquo;arriv\u00e9e des Lazaristes \u00e0 Antoura, et les noces d&rsquo;argent de sup\u00e9rieur de M. Sarloutte. Un nombre impressionnant de personnages religieux, civils et militaires, participe \u00e0 ces r\u00e9jouissances. L&rsquo;Acad\u00e9mie fran\u00e7aise elle-m\u00eame y est officiellement repr\u00e9sent\u00e9e par M. Georges Lecomte, en habit vert (2).<\/p>\n<p><b>1946<\/b>. Istanbul f\u00eate le centenaire des Conf\u00e9rences de saint Vincent de Paul qui, sur l\u2019initiative de M. Bor\u00e9, simple la\u00efc encore, y prirent naissance le 6 mars 1846. La pr\u00e9sence de deux \u00e9v\u00eaques lazaristes, Mgr Marina et Mgr Descuffi, ach\u00e8ve de donner \u00e0 celle journ\u00e9e son caract\u00e8re solennelle et pourtant familial (3).<\/p>\n<dl>\n<dd>1) Annales, t. 44, pp. 364-378\u00a0; t. 91, pp. 25-29.<\/dd>\n<dd>2) Annales, t. 100, pp. 947-962.<\/dd>\n<dd>3) Annales, t. 110-111, pp. 166-174.<\/dd>\n<\/dl>\n","protected":false},"excerpt":{"rendered":"<p>1877. Les S\u0153urs de l\u2019orphelinat de M\u00e9nilmontant, gard\u00e9es \u00e0 vue depuis quelques jours sont lib\u00e9r\u00e9es, mais les perquisitions reprendront les jours suivants, une enfant ayant affirm\u00e9 l\u2019existence d\u2019un souterrain communiquant avec l\u2019\u00e9glise. Il fallut quitter &#8230; <a href=\"http:\/\/vincentians.com\/fr\/ephemerides-05-mai\/\" class=\"more-link\">Read More<\/a><\/p>\n","protected":false},"author":4,"featured_media":149897,"comment_status":"open","ping_status":"open","sticky":false,"template":"","format":"standard","meta":{"jetpack_post_was_ever_published":false,"_jetpack_newsletter_access":"","_jetpack_dont_email_post_to_subs":false,"_jetpack_newsletter_tier_id":0,"_jetpack_memberships_contains_paywalled_content":false,"_jetpack_memberships_contains_paid_content":false,"footnotes":"","jetpack_publicize_message":"","jetpack_publicize_feature_enabled":true,"jetpack_social_post_already_shared":true,"jetpack_social_options":{"image_generator_settings":{"template":"highway","default_image_id":0,"font":"","enabled":false},"version":2}},"categories":[119],"tags":[],"class_list":["post-190375","post","type-post","status-publish","format-standard","has-post-thumbnail","hentry","category-ephemerides-vincentiens"],"yoast_head":"<!-- This site is optimized with the Yoast SEO plugin v26.3 - https:\/\/yoast.com\/wordpress\/plugins\/seo\/ -->\n<title>Eph\u00e9m\u00e9rides : 05 mai - Nous Sommes Vincentiens<\/title>\n<meta name=\"robots\" content=\"index, follow, max-snippet:-1, max-image-preview:large, max-video-preview:-1\" \/>\n<link rel=\"canonical\" href=\"https:\/\/vincentians.com\/fr\/ephemerides-05-mai\/\" \/>\n<meta property=\"og:locale\" content=\"fr_FR\" \/>\n<meta property=\"og:type\" content=\"article\" \/>\n<meta property=\"og:title\" content=\"Eph\u00e9m\u00e9rides : 05 mai - Nous Sommes Vincentiens\" \/>\n<meta property=\"og:description\" content=\"1877. Les S\u0153urs de l\u2019orphelinat de M\u00e9nilmontant, gard\u00e9es \u00e0 vue depuis quelques jours sont lib\u00e9r\u00e9es, mais les perquisitions reprendront les jours suivants, une enfant ayant affirm\u00e9 l\u2019existence d\u2019un souterrain communiquant avec l\u2019\u00e9glise. Il fallut quitter ... Read More\" \/>\n<meta property=\"og:url\" content=\"https:\/\/vincentians.com\/fr\/ephemerides-05-mai\/\" \/>\n<meta property=\"og:site_name\" content=\"Nous Sommes Vincentiens\" \/>\n<meta property=\"article:publisher\" content=\"https:\/\/www.facebook.com\/WeAreVincentians\/\" \/>\n<meta property=\"article:author\" content=\"https:\/\/www.facebook.com\/JavierChento\" \/>\n<meta property=\"article:published_time\" content=\"2017-05-04T22:01:17+00:00\" \/>\n<meta property=\"og:image\" content=\"https:\/\/i0.wp.com\/vincentians.com\/fr\/wp-content\/uploads\/sites\/10\/2016\/07\/ephemerides-fb.jpg?fit=1200%2C630&ssl=1\" \/>\n\t<meta property=\"og:image:width\" content=\"1200\" \/>\n\t<meta property=\"og:image:height\" content=\"630\" \/>\n\t<meta property=\"og:image:type\" content=\"image\/jpeg\" \/>\n<meta name=\"author\" content=\"Francisco Javier Fern\u00e1ndez Chento\" \/>\n<meta name=\"twitter:card\" content=\"summary_large_image\" \/>\n<meta name=\"twitter:creator\" content=\"@https:\/\/twitter.com\/javierchento\" \/>\n<meta name=\"twitter:site\" content=\"@WeVincentians\" \/>\n<meta name=\"twitter:label1\" content=\"\u00c9crit par\" \/>\n\t<meta name=\"twitter:data1\" content=\"Francisco Javier Fern\u00e1ndez Chento\" \/>\n\t<meta name=\"twitter:label2\" content=\"Dur\u00e9e de lecture estim\u00e9e\" \/>\n\t<meta name=\"twitter:data2\" content=\"3 minutes\" \/>\n<script type=\"application\/ld+json\" class=\"yoast-schema-graph\">{\"@context\":\"https:\/\/schema.org\",\"@graph\":[{\"@type\":\"WebPage\",\"@id\":\"https:\/\/vincentians.com\/fr\/ephemerides-05-mai\/\",\"url\":\"https:\/\/vincentians.com\/fr\/ephemerides-05-mai\/\",\"name\":\"Eph\u00e9m\u00e9rides : 05 mai - Nous Sommes Vincentiens\",\"isPartOf\":{\"@id\":\"https:\/\/vincentians.com\/fr\/#website\"},\"primaryImageOfPage\":{\"@id\":\"https:\/\/vincentians.com\/fr\/ephemerides-05-mai\/#primaryimage\"},\"image\":{\"@id\":\"https:\/\/vincentians.com\/fr\/ephemerides-05-mai\/#primaryimage\"},\"thumbnailUrl\":\"https:\/\/i0.wp.com\/vincentians.com\/fr\/wp-content\/uploads\/sites\/10\/2016\/07\/ephemerides-fb.jpg?fit=1200%2C630\",\"datePublished\":\"2017-05-04T22:01:17+00:00\",\"author\":{\"@id\":\"https:\/\/vincentians.com\/fr\/#\/schema\/person\/9623ef4d9aa3b2dfb8c061f1499288f2\"},\"breadcrumb\":{\"@id\":\"https:\/\/vincentians.com\/fr\/ephemerides-05-mai\/#breadcrumb\"},\"inLanguage\":\"fr-FR\",\"potentialAction\":[{\"@type\":\"ReadAction\",\"target\":[\"https:\/\/vincentians.com\/fr\/ephemerides-05-mai\/\"]}]},{\"@type\":\"ImageObject\",\"inLanguage\":\"fr-FR\",\"@id\":\"https:\/\/vincentians.com\/fr\/ephemerides-05-mai\/#primaryimage\",\"url\":\"https:\/\/i0.wp.com\/vincentians.com\/fr\/wp-content\/uploads\/sites\/10\/2016\/07\/ephemerides-fb.jpg?fit=1200%2C630\",\"contentUrl\":\"https:\/\/i0.wp.com\/vincentians.com\/fr\/wp-content\/uploads\/sites\/10\/2016\/07\/ephemerides-fb.jpg?fit=1200%2C630\",\"width\":1200,\"height\":630},{\"@type\":\"BreadcrumbList\",\"@id\":\"https:\/\/vincentians.com\/fr\/ephemerides-05-mai\/#breadcrumb\",\"itemListElement\":[{\"@type\":\"ListItem\",\"position\":1,\"name\":\"Portada\",\"item\":\"https:\/\/vincentians.com\/fr\/\"},{\"@type\":\"ListItem\",\"position\":2,\"name\":\"Eph\u00e9m\u00e9rides : 05 mai\"}]},{\"@type\":\"WebSite\",\"@id\":\"https:\/\/vincentians.com\/fr\/#website\",\"url\":\"https:\/\/vincentians.com\/fr\/\",\"name\":\"Nous Sommes Vincentiens\",\"description\":\"Know more to serve more\",\"potentialAction\":[{\"@type\":\"SearchAction\",\"target\":{\"@type\":\"EntryPoint\",\"urlTemplate\":\"https:\/\/vincentians.com\/fr\/?s={search_term_string}\"},\"query-input\":{\"@type\":\"PropertyValueSpecification\",\"valueRequired\":true,\"valueName\":\"search_term_string\"}}],\"inLanguage\":\"fr-FR\"},{\"@type\":\"Person\",\"@id\":\"https:\/\/vincentians.com\/fr\/#\/schema\/person\/9623ef4d9aa3b2dfb8c061f1499288f2\",\"name\":\"Francisco Javier Fern\u00e1ndez Chento\",\"image\":{\"@type\":\"ImageObject\",\"inLanguage\":\"fr-FR\",\"@id\":\"https:\/\/vincentians.com\/fr\/#\/schema\/person\/image\/\",\"url\":\"https:\/\/secure.gravatar.com\/avatar\/497d5cde87b4c3d097d0315953521681ba2cd523ee66e5077c3711f7021e65de?s=96&d=mm&r=g\",\"contentUrl\":\"https:\/\/secure.gravatar.com\/avatar\/497d5cde87b4c3d097d0315953521681ba2cd523ee66e5077c3711f7021e65de?s=96&d=mm&r=g\",\"caption\":\"Francisco Javier Fern\u00e1ndez Chento\"},\"description\":\"Director General y cofundador de La Red de Formaci\u00f3n Vicenciana. Javier es laico vicenciano, afiliado a la Congregaci\u00f3n de la Misi\u00f3n y miembro del Equipo de Misiones Populares de la provincia can\u00f3nica de Zaragoza (Espa\u00f1a) de la Congregaci\u00f3n de la Misi\u00f3n. Graduado en la Universidad Oberta de Catalunya con cuatro grados (Asistente de direcci\u00f3n, Gesti\u00f3n Administrativa, Recursos Humanos y Contabilidad Avanzada). Bil\u00edng\u00fce Espa\u00f1ol\/Ingl\u00e9s. gestiona y mantiene varias p\u00e1ginas web cristianas y vicencianas, incluida including La Red de Formaci\u00f3n Vicenciana, de la que es cofundador. Actualmente es responsable del \u00e1rea de Espa\u00f1ol de .famvin, la Red de Noticias de la Familia Vicenciana. Tambi\u00e9n es m\u00fasico cat\u00f3lico y ha editado varios discos. Es Director General y cofundador de Trovador, una reconocida compa\u00f1\u00eda discogr\u00e1fica critiana de Espa\u00f1a. Trabaja en las Tecnolog\u00edas de la Informaci\u00f3n, ofreciendo servicios de alojamiento, dise\u00f1o y mantenimiento Web, as\u00ed como asesoramiento, formaci\u00f3n y soluciones inform\u00e1ticas, gesti\u00f3n documental y digitalizaci\u00f3n de textos, edici\u00f3n y maquetaci\u00f3n de libros, revistas, flyers, etc.\",\"sameAs\":[\"http:\/\/chento.org\",\"https:\/\/www.facebook.com\/JavierChento\",\"https:\/\/x.com\/https:\/\/twitter.com\/javierchento\"],\"url\":\"http:\/\/vincentians.com\/fr\/author\/chento\/\"}]}<\/script>\n<!-- \/ Yoast SEO plugin. -->","yoast_head_json":{"title":"Eph\u00e9m\u00e9rides : 05 mai - Nous Sommes Vincentiens","robots":{"index":"index","follow":"follow","max-snippet":"max-snippet:-1","max-image-preview":"max-image-preview:large","max-video-preview":"max-video-preview:-1"},"canonical":"https:\/\/vincentians.com\/fr\/ephemerides-05-mai\/","og_locale":"fr_FR","og_type":"article","og_title":"Eph\u00e9m\u00e9rides : 05 mai - Nous Sommes Vincentiens","og_description":"1877. Les S\u0153urs de l\u2019orphelinat de M\u00e9nilmontant, gard\u00e9es \u00e0 vue depuis quelques jours sont lib\u00e9r\u00e9es, mais les perquisitions reprendront les jours suivants, une enfant ayant affirm\u00e9 l\u2019existence d\u2019un souterrain communiquant avec l\u2019\u00e9glise. Il fallut quitter ... Read More","og_url":"https:\/\/vincentians.com\/fr\/ephemerides-05-mai\/","og_site_name":"Nous Sommes Vincentiens","article_publisher":"https:\/\/www.facebook.com\/WeAreVincentians\/","article_author":"https:\/\/www.facebook.com\/JavierChento","article_published_time":"2017-05-04T22:01:17+00:00","og_image":[{"width":1200,"height":630,"url":"https:\/\/i0.wp.com\/vincentians.com\/fr\/wp-content\/uploads\/sites\/10\/2016\/07\/ephemerides-fb.jpg?fit=1200%2C630&ssl=1","type":"image\/jpeg"}],"author":"Francisco Javier Fern\u00e1ndez Chento","twitter_card":"summary_large_image","twitter_creator":"@https:\/\/twitter.com\/javierchento","twitter_site":"@WeVincentians","twitter_misc":{"\u00c9crit par":"Francisco Javier Fern\u00e1ndez Chento","Dur\u00e9e de lecture estim\u00e9e":"3 minutes"},"schema":{"@context":"https:\/\/schema.org","@graph":[{"@type":"WebPage","@id":"https:\/\/vincentians.com\/fr\/ephemerides-05-mai\/","url":"https:\/\/vincentians.com\/fr\/ephemerides-05-mai\/","name":"Eph\u00e9m\u00e9rides : 05 mai - Nous Sommes Vincentiens","isPartOf":{"@id":"https:\/\/vincentians.com\/fr\/#website"},"primaryImageOfPage":{"@id":"https:\/\/vincentians.com\/fr\/ephemerides-05-mai\/#primaryimage"},"image":{"@id":"https:\/\/vincentians.com\/fr\/ephemerides-05-mai\/#primaryimage"},"thumbnailUrl":"https:\/\/i0.wp.com\/vincentians.com\/fr\/wp-content\/uploads\/sites\/10\/2016\/07\/ephemerides-fb.jpg?fit=1200%2C630","datePublished":"2017-05-04T22:01:17+00:00","author":{"@id":"https:\/\/vincentians.com\/fr\/#\/schema\/person\/9623ef4d9aa3b2dfb8c061f1499288f2"},"breadcrumb":{"@id":"https:\/\/vincentians.com\/fr\/ephemerides-05-mai\/#breadcrumb"},"inLanguage":"fr-FR","potentialAction":[{"@type":"ReadAction","target":["https:\/\/vincentians.com\/fr\/ephemerides-05-mai\/"]}]},{"@type":"ImageObject","inLanguage":"fr-FR","@id":"https:\/\/vincentians.com\/fr\/ephemerides-05-mai\/#primaryimage","url":"https:\/\/i0.wp.com\/vincentians.com\/fr\/wp-content\/uploads\/sites\/10\/2016\/07\/ephemerides-fb.jpg?fit=1200%2C630","contentUrl":"https:\/\/i0.wp.com\/vincentians.com\/fr\/wp-content\/uploads\/sites\/10\/2016\/07\/ephemerides-fb.jpg?fit=1200%2C630","width":1200,"height":630},{"@type":"BreadcrumbList","@id":"https:\/\/vincentians.com\/fr\/ephemerides-05-mai\/#breadcrumb","itemListElement":[{"@type":"ListItem","position":1,"name":"Portada","item":"https:\/\/vincentians.com\/fr\/"},{"@type":"ListItem","position":2,"name":"Eph\u00e9m\u00e9rides : 05 mai"}]},{"@type":"WebSite","@id":"https:\/\/vincentians.com\/fr\/#website","url":"https:\/\/vincentians.com\/fr\/","name":"Nous Sommes Vincentiens","description":"Know more to serve more","potentialAction":[{"@type":"SearchAction","target":{"@type":"EntryPoint","urlTemplate":"https:\/\/vincentians.com\/fr\/?s={search_term_string}"},"query-input":{"@type":"PropertyValueSpecification","valueRequired":true,"valueName":"search_term_string"}}],"inLanguage":"fr-FR"},{"@type":"Person","@id":"https:\/\/vincentians.com\/fr\/#\/schema\/person\/9623ef4d9aa3b2dfb8c061f1499288f2","name":"Francisco Javier Fern\u00e1ndez Chento","image":{"@type":"ImageObject","inLanguage":"fr-FR","@id":"https:\/\/vincentians.com\/fr\/#\/schema\/person\/image\/","url":"https:\/\/secure.gravatar.com\/avatar\/497d5cde87b4c3d097d0315953521681ba2cd523ee66e5077c3711f7021e65de?s=96&d=mm&r=g","contentUrl":"https:\/\/secure.gravatar.com\/avatar\/497d5cde87b4c3d097d0315953521681ba2cd523ee66e5077c3711f7021e65de?s=96&d=mm&r=g","caption":"Francisco Javier Fern\u00e1ndez Chento"},"description":"Director General y cofundador de La Red de Formaci\u00f3n Vicenciana. Javier es laico vicenciano, afiliado a la Congregaci\u00f3n de la Misi\u00f3n y miembro del Equipo de Misiones Populares de la provincia can\u00f3nica de Zaragoza (Espa\u00f1a) de la Congregaci\u00f3n de la Misi\u00f3n. Graduado en la Universidad Oberta de Catalunya con cuatro grados (Asistente de direcci\u00f3n, Gesti\u00f3n Administrativa, Recursos Humanos y Contabilidad Avanzada). Bil\u00edng\u00fce Espa\u00f1ol\/Ingl\u00e9s. gestiona y mantiene varias p\u00e1ginas web cristianas y vicencianas, incluida including La Red de Formaci\u00f3n Vicenciana, de la que es cofundador. Actualmente es responsable del \u00e1rea de Espa\u00f1ol de .famvin, la Red de Noticias de la Familia Vicenciana. Tambi\u00e9n es m\u00fasico cat\u00f3lico y ha editado varios discos. Es Director General y cofundador de Trovador, una reconocida compa\u00f1\u00eda discogr\u00e1fica critiana de Espa\u00f1a. Trabaja en las Tecnolog\u00edas de la Informaci\u00f3n, ofreciendo servicios de alojamiento, dise\u00f1o y mantenimiento Web, as\u00ed como asesoramiento, formaci\u00f3n y soluciones inform\u00e1ticas, gesti\u00f3n documental y digitalizaci\u00f3n de textos, edici\u00f3n y maquetaci\u00f3n de libros, revistas, flyers, etc.","sameAs":["http:\/\/chento.org","https:\/\/www.facebook.com\/JavierChento","https:\/\/x.com\/https:\/\/twitter.com\/javierchento"],"url":"http:\/\/vincentians.com\/fr\/author\/chento\/"}]}},"jetpack_publicize_connections":[],"jetpack_featured_media_url":"https:\/\/i0.wp.com\/vincentians.com\/fr\/wp-content\/uploads\/sites\/10\/2016\/07\/ephemerides-fb.jpg?fit=1200%2C630","jetpack_sharing_enabled":true,"jetpack_shortlink":"https:\/\/wp.me\/p7ETMP-Nwz","jetpack-related-posts":[{"id":190060,"url":"http:\/\/vincentians.com\/fr\/ephemerides-16-aout\/","url_meta":{"origin":190375,"position":0},"title":"Eph\u00e9m\u00e9rides: 16 ao\u00fbt","author":"Francisco Javier Fern\u00e1ndez Chento","date":"16\/08\/2016","format":false,"excerpt":"1685. Le procureur de la Charit\u00e9 des pauvres de Saint-Quentin et M\u00e8re Mathurine Gu\u00e9rin avec les trois S\u0153urs offici\u00e8res signent le contrat d\u2019\u00e9tablissement de deux S\u0153urs pour le service des pauvres de Saint-Quentin. S\u0153ur Claude Crosset (56 ans et 30 de vocation) est la premi\u00e8re S\u0153ur Servante. Sa compagne S\u0153ur\u2026","rel":"","context":"Dans &quot;\u00c9ph\u00e9m\u00e9rides vincentiens&quot;","block_context":{"text":"\u00c9ph\u00e9m\u00e9rides vincentiens","link":"http:\/\/vincentians.com\/fr\/category\/ephemerides-vincentiens\/"},"img":{"alt_text":"","src":"https:\/\/i0.wp.com\/vincentians.com\/fr\/wp-content\/uploads\/sites\/10\/2016\/07\/ephemerides-fb.jpg?fit=1200%2C630&resize=350%2C200","width":350,"height":200,"srcset":"https:\/\/i0.wp.com\/vincentians.com\/fr\/wp-content\/uploads\/sites\/10\/2016\/07\/ephemerides-fb.jpg?fit=1200%2C630&resize=350%2C200 1x, https:\/\/i0.wp.com\/vincentians.com\/fr\/wp-content\/uploads\/sites\/10\/2016\/07\/ephemerides-fb.jpg?fit=1200%2C630&resize=525%2C300 1.5x, https:\/\/i0.wp.com\/vincentians.com\/fr\/wp-content\/uploads\/sites\/10\/2016\/07\/ephemerides-fb.jpg?fit=1200%2C630&resize=700%2C400 2x, https:\/\/i0.wp.com\/vincentians.com\/fr\/wp-content\/uploads\/sites\/10\/2016\/07\/ephemerides-fb.jpg?fit=1200%2C630&resize=1050%2C600 3x"},"classes":[]},{"id":180858,"url":"http:\/\/vincentians.com\/fr\/ephemerides-11-fevrier\/","url_meta":{"origin":190375,"position":1},"title":"Eph\u00e9m\u00e9rides: 11 f\u00e9vrier","author":"Francisco Javier Fern\u00e1ndez Chento","date":"11\/02\/2017","format":false,"excerpt":"En la f\u00eate de Notre-Dame de Lourdes, on aime entendre sainte Louise s'\u00e9crier\u00a0: \"O mon Dieu\u00a0! que la perfection de son \u00e2me sainte unie \u00e0 son corps soit, je vous prie, manifest\u00e9e \u00e0 toutes les cr\u00e9atures, afin qu'elles admirent et adorent votre toute puissance et qu'elles vous glorifient \u00e9ternellement de\u2026","rel":"","context":"Dans &quot;\u00c9ph\u00e9m\u00e9rides vincentiens&quot;","block_context":{"text":"\u00c9ph\u00e9m\u00e9rides vincentiens","link":"http:\/\/vincentians.com\/fr\/category\/ephemerides-vincentiens\/"},"img":{"alt_text":"","src":"https:\/\/i0.wp.com\/vincentians.com\/fr\/wp-content\/uploads\/sites\/10\/2016\/07\/ephemerides-fb.jpg?fit=1200%2C630&resize=350%2C200","width":350,"height":200,"srcset":"https:\/\/i0.wp.com\/vincentians.com\/fr\/wp-content\/uploads\/sites\/10\/2016\/07\/ephemerides-fb.jpg?fit=1200%2C630&resize=350%2C200 1x, https:\/\/i0.wp.com\/vincentians.com\/fr\/wp-content\/uploads\/sites\/10\/2016\/07\/ephemerides-fb.jpg?fit=1200%2C630&resize=525%2C300 1.5x, https:\/\/i0.wp.com\/vincentians.com\/fr\/wp-content\/uploads\/sites\/10\/2016\/07\/ephemerides-fb.jpg?fit=1200%2C630&resize=700%2C400 2x, https:\/\/i0.wp.com\/vincentians.com\/fr\/wp-content\/uploads\/sites\/10\/2016\/07\/ephemerides-fb.jpg?fit=1200%2C630&resize=1050%2C600 3x"},"classes":[]},{"id":190236,"url":"http:\/\/vincentians.com\/fr\/ephemerides-10-octobre\/","url_meta":{"origin":190375,"position":2},"title":"Eph\u00e9m\u00e9rides : 10 octobre","author":"Francisco Javier Fern\u00e1ndez Chento","date":"10\/10\/2016","format":false,"excerpt":"1662. Monsieur Alm\u00e9ras poursuit la r\u00e9flexion sur l\u2019esprit de la Compagnie des Filles de la Charit\u00e9. Le th\u00e8me de la conf\u00e9rence de ce jour est l\u2019humilit\u00e9, si souvent recommand\u00e9e par Monsieur Vincent et Mademoiselle Le Gras. (C) 1690. Monsieur de la Montaigne, syndic de l\u2019\u00e9glise Sainte-Eulalie de Bordeaux, a re\u00e7u\u2026","rel":"","context":"Dans &quot;\u00c9ph\u00e9m\u00e9rides vincentiens&quot;","block_context":{"text":"\u00c9ph\u00e9m\u00e9rides vincentiens","link":"http:\/\/vincentians.com\/fr\/category\/ephemerides-vincentiens\/"},"img":{"alt_text":"","src":"https:\/\/i0.wp.com\/vincentians.com\/fr\/wp-content\/uploads\/sites\/10\/2016\/07\/ephemerides-fb.jpg?fit=1200%2C630&resize=350%2C200","width":350,"height":200,"srcset":"https:\/\/i0.wp.com\/vincentians.com\/fr\/wp-content\/uploads\/sites\/10\/2016\/07\/ephemerides-fb.jpg?fit=1200%2C630&resize=350%2C200 1x, https:\/\/i0.wp.com\/vincentians.com\/fr\/wp-content\/uploads\/sites\/10\/2016\/07\/ephemerides-fb.jpg?fit=1200%2C630&resize=525%2C300 1.5x, https:\/\/i0.wp.com\/vincentians.com\/fr\/wp-content\/uploads\/sites\/10\/2016\/07\/ephemerides-fb.jpg?fit=1200%2C630&resize=700%2C400 2x, https:\/\/i0.wp.com\/vincentians.com\/fr\/wp-content\/uploads\/sites\/10\/2016\/07\/ephemerides-fb.jpg?fit=1200%2C630&resize=1050%2C600 3x"},"classes":[]},{"id":107797,"url":"http:\/\/vincentians.com\/fr\/ephemerides-30-janvier\/","url_meta":{"origin":190375,"position":3},"title":"Eph\u00e9m\u00e9rides: 30 janvier","author":"Francisco Javier Fern\u00e1ndez Chento","date":"30\/01\/2017","format":false,"excerpt":"En 1874, \u00e0 Rome , Pie IX d\u00e9cerne \u00e0 l'oeuvre de la Tr\u00e8s Sainte Trinit\u00e9 le titre d'Archiconfr\u00e9rie, par le Bref Expositum est Nobis. L'oeuvre qu'a fond\u00e9e Marie Pellerin pour le soulagement des \u00e2mes du Purgatoire, et qui, par une suite de circonstances providentielles, s'\u00e9tait comme plac\u00e9e, en 1857, entre\u2026","rel":"","context":"Dans &quot;\u00c9ph\u00e9m\u00e9rides vincentiens&quot;","block_context":{"text":"\u00c9ph\u00e9m\u00e9rides vincentiens","link":"http:\/\/vincentians.com\/fr\/category\/ephemerides-vincentiens\/"},"img":{"alt_text":"","src":"https:\/\/i0.wp.com\/vincentians.com\/fr\/wp-content\/uploads\/sites\/10\/2016\/07\/ephemerides-fb.jpg?fit=1200%2C630&resize=350%2C200","width":350,"height":200,"srcset":"https:\/\/i0.wp.com\/vincentians.com\/fr\/wp-content\/uploads\/sites\/10\/2016\/07\/ephemerides-fb.jpg?fit=1200%2C630&resize=350%2C200 1x, https:\/\/i0.wp.com\/vincentians.com\/fr\/wp-content\/uploads\/sites\/10\/2016\/07\/ephemerides-fb.jpg?fit=1200%2C630&resize=525%2C300 1.5x, https:\/\/i0.wp.com\/vincentians.com\/fr\/wp-content\/uploads\/sites\/10\/2016\/07\/ephemerides-fb.jpg?fit=1200%2C630&resize=700%2C400 2x, https:\/\/i0.wp.com\/vincentians.com\/fr\/wp-content\/uploads\/sites\/10\/2016\/07\/ephemerides-fb.jpg?fit=1200%2C630&resize=1050%2C600 3x"},"classes":[]},{"id":190333,"url":"http:\/\/vincentians.com\/fr\/ephemerides-01-mai\/","url_meta":{"origin":190375,"position":4},"title":"Eph\u00e9m\u00e9rides : 01 mai","author":"Francisco Javier Fern\u00e1ndez Chento","date":"01\/05\/2017","format":false,"excerpt":"1636. Sainte Louise quitte la premi\u00e8re Maison-M\u00e8re, rue de Versailles, pour se rendre au quartier de la Chapelle qui deviendra une seconde Maison-M\u00e8re. Elle y r\u00e9sidera avec nos premi\u00e8res S\u0153urs jusqu\u2019en 1641. Sur la fa\u00e7ade de cette maison devenue caf\u00e9, une plaque comm\u00e9morative a \u00e9t\u00e9 plac\u00e9e pour rappeler ce souvenir.(R)\u2026","rel":"","context":"Dans &quot;\u00c9ph\u00e9m\u00e9rides vincentiens&quot;","block_context":{"text":"\u00c9ph\u00e9m\u00e9rides vincentiens","link":"http:\/\/vincentians.com\/fr\/category\/ephemerides-vincentiens\/"},"img":{"alt_text":"","src":"https:\/\/i0.wp.com\/vincentians.com\/fr\/wp-content\/uploads\/sites\/10\/2016\/07\/ephemerides-fb.jpg?fit=1200%2C630&resize=350%2C200","width":350,"height":200,"srcset":"https:\/\/i0.wp.com\/vincentians.com\/fr\/wp-content\/uploads\/sites\/10\/2016\/07\/ephemerides-fb.jpg?fit=1200%2C630&resize=350%2C200 1x, https:\/\/i0.wp.com\/vincentians.com\/fr\/wp-content\/uploads\/sites\/10\/2016\/07\/ephemerides-fb.jpg?fit=1200%2C630&resize=525%2C300 1.5x, https:\/\/i0.wp.com\/vincentians.com\/fr\/wp-content\/uploads\/sites\/10\/2016\/07\/ephemerides-fb.jpg?fit=1200%2C630&resize=700%2C400 2x, https:\/\/i0.wp.com\/vincentians.com\/fr\/wp-content\/uploads\/sites\/10\/2016\/07\/ephemerides-fb.jpg?fit=1200%2C630&resize=1050%2C600 3x"},"classes":[]},{"id":104859,"url":"http:\/\/vincentians.com\/fr\/ephemerides-7-decembre\/","url_meta":{"origin":190375,"position":5},"title":"Eph\u00e9m\u00e9rides: 7 d\u00e9cembre","author":"Francisco Javier Fern\u00e1ndez Chento","date":"07\/12\/2016","format":false,"excerpt":"1658. Sainte Louise \u00e9crit \u00e0 saint Vincent\u00a0: \u201cpour l\u2019accomplissement de sa sainte volont\u00e9 sur la Compagnie, de demander pardon \u00e0 Notre-Seigneur pour l\u2019amour du choix qu\u2019il a fait de sa tr\u00e8s sainte M\u00e8re, de toutes les fautes contre la puret\u00e9 int\u00e9rieure et ext\u00e9rieure, et la gr\u00e2ce de la vraie puret\u00e9\u2026","rel":"","context":"Dans &quot;\u00c9ph\u00e9m\u00e9rides vincentiens&quot;","block_context":{"text":"\u00c9ph\u00e9m\u00e9rides vincentiens","link":"http:\/\/vincentians.com\/fr\/category\/ephemerides-vincentiens\/"},"img":{"alt_text":"","src":"https:\/\/i0.wp.com\/vincentians.com\/fr\/wp-content\/uploads\/sites\/10\/2016\/07\/ephemerides-fb.jpg?fit=1200%2C630&resize=350%2C200","width":350,"height":200,"srcset":"https:\/\/i0.wp.com\/vincentians.com\/fr\/wp-content\/uploads\/sites\/10\/2016\/07\/ephemerides-fb.jpg?fit=1200%2C630&resize=350%2C200 1x, https:\/\/i0.wp.com\/vincentians.com\/fr\/wp-content\/uploads\/sites\/10\/2016\/07\/ephemerides-fb.jpg?fit=1200%2C630&resize=525%2C300 1.5x, https:\/\/i0.wp.com\/vincentians.com\/fr\/wp-content\/uploads\/sites\/10\/2016\/07\/ephemerides-fb.jpg?fit=1200%2C630&resize=700%2C400 2x, https:\/\/i0.wp.com\/vincentians.com\/fr\/wp-content\/uploads\/sites\/10\/2016\/07\/ephemerides-fb.jpg?fit=1200%2C630&resize=1050%2C600 3x"},"classes":[]}],"_links":{"self":[{"href":"http:\/\/vincentians.com\/fr\/wp-json\/wp\/v2\/posts\/190375","targetHints":{"allow":["GET"]}}],"collection":[{"href":"http:\/\/vincentians.com\/fr\/wp-json\/wp\/v2\/posts"}],"about":[{"href":"http:\/\/vincentians.com\/fr\/wp-json\/wp\/v2\/types\/post"}],"author":[{"embeddable":true,"href":"http:\/\/vincentians.com\/fr\/wp-json\/wp\/v2\/users\/4"}],"replies":[{"embeddable":true,"href":"http:\/\/vincentians.com\/fr\/wp-json\/wp\/v2\/comments?post=190375"}],"version-history":[{"count":0,"href":"http:\/\/vincentians.com\/fr\/wp-json\/wp\/v2\/posts\/190375\/revisions"}],"wp:featuredmedia":[{"embeddable":true,"href":"http:\/\/vincentians.com\/fr\/wp-json\/wp\/v2\/media\/149897"}],"wp:attachment":[{"href":"http:\/\/vincentians.com\/fr\/wp-json\/wp\/v2\/media?parent=190375"}],"wp:term":[{"taxonomy":"category","embeddable":true,"href":"http:\/\/vincentians.com\/fr\/wp-json\/wp\/v2\/categories?post=190375"},{"taxonomy":"post_tag","embeddable":true,"href":"http:\/\/vincentians.com\/fr\/wp-json\/wp\/v2\/tags?post=190375"}],"curies":[{"name":"wp","href":"https:\/\/api.w.org\/{rel}","templated":true}]}}