{"id":190349,"date":"2017-03-25T00:01:17","date_gmt":"2017-03-24T23:01:17","guid":{"rendered":"http:\/\/vincentians.com\/fr\/?p=190349"},"modified":"2016-08-11T17:27:42","modified_gmt":"2016-08-11T15:27:42","slug":"ephemerides-25-mars","status":"publish","type":"post","link":"http:\/\/vincentians.com\/fr\/ephemerides-25-mars\/","title":{"rendered":"Eph\u00e9m\u00e9rides 25 mars"},"content":{"rendered":"<p><b>1634<\/b>. \u00c0 Paris , Louise de Marillac, autoris\u00e9e par Monsieur Vincent, renouvelle son voeu de viduit\u00e9 (1). C&rsquo;est en souvenir de cette cons\u00e9cration de leur M\u00e8re au service du Seigneur de la Charit\u00e9, que les Filles de la Charit\u00e9 ont choisi la f\u00eate de l&rsquo;Annonciation, pour faire chaque ann\u00e9e la R\u00e9novation de leurs Voeux. D&rsquo;ailleurs, c&rsquo;est pendant la messe de ce m\u00eame jour, qu&rsquo;en 1642, Mlle Le Gras, Soeur Barbe Angiboust et trois autres privil\u00e9gi\u00e9es s&rsquo;engag\u00e8rent pour toute la dur\u00e9e de leur vie, au service des Pauvres (2).<\/p>\n<p><b>1644<\/b>. En l&rsquo;\u00e9glise Saint-Nicolas du Chardonnet, elle renouvellera cette promesse, s&rsquo;engageant avec Barbe Angiboust et trois autres Soeurs \u00e0 vivre en pauvret\u00e9, chastet\u00e9, ob\u00e9issance et service des Pauvres. L&rsquo;ann\u00e9e suivante, c&rsquo;est Jeanne Dalmagne qui prit les m\u00eames engagements. Elle partait pour le ciel un an apr\u00e8s jour pour jour, disant en mourant \u00ab\u00a0n&rsquo;avoir d&rsquo;autre regret que de n&rsquo;avoir pas assez bien servi les Pauvres\u00a0\u00bb, alors que toutes celles qui vivaient avec elle ont t\u00e9moign\u00e9 qu&rsquo;elle les \u00ab\u00a0assistait et servait avec beaucoup d&rsquo;affection\u00a0\u00bb. Elle avait 33 ans.(R)<\/p>\n<p><b>1657<\/b>. \u00c0 Paris, mort de Jean Jourdain. N\u00e9 dans le dioc\u00e8se de Chartres, il servit d&rsquo;abord comme \u00e9cuyer et ma\u00eetre d&rsquo;h\u00f4tel chez la marquise de Maignelay, et entra le 13 f\u00e9vrier 1627 dans la Compagnie. Il en fut le premier Fr\u00e8re coadjuteur. De caract\u00e8re un peu prompt et m\u00eame violent, il faisait preuve aussi d&rsquo;un z\u00e8le intempestif dans la pratique de la correction fraternelle. Mais sa grande cordialit\u00e9 compensait tout (3).<\/p>\n<p><b>1813<\/b>. D\u00e9cret demandant \u00e0 la Ville de Paris d&rsquo;acqu\u00e9rir l&rsquo;H\u00f4tel de Ch\u00e2tillon (rue du Bac, Maison-M\u00e8re actuelle) et d&rsquo;y loger les Filles de la Charit\u00e9 qui avaient \u00e9t\u00e9 install\u00e9es rue du Vieux-Colombier \u00e0 la fin de la R\u00e9volution.(R)<\/p>\n<p><b>1824<\/b>. \u00c0 Donaldsonville , Mgr Dubourg, \u00e9v\u00eaque de la Louisiane et de la Floride, qui dirigeait auparavant la communaut\u00e9 de M\u00e8re Seton, donne la cons\u00e9cration \u00e9piscopale \u00e0 son coadjuteur, notre confr\u00e8re Mgr Joseph Rosati. Venu en Am\u00e9rique du Nord avec F\u00e9lix de Andreis en 1816, Mgr Rosati, qui, au jour de son sacre, est \u00e2g\u00e9 de trente-cinq ans, a \u00e9t\u00e9 le premier sup\u00e9rieur du s\u00e9minaire des Barrens, l&rsquo;actuel Perryville\u00a0; puis, \u00e0 la mort de M. de Andreis, il est devenu le sup\u00e9rieur des Lazaristes de l&rsquo;Arn\u00e9rique du Nord. Aujourd&rsquo;hui, c&rsquo;est un f\u00e9cond \u00e9piscopat de dix-neuf ans qu&rsquo;il inaugure (4).<\/p>\n<p><b>1850<\/b>. Les Soeurs de Saint-Joseph, fond\u00e9es par M\u00e8re Seton et qui vivaient des R\u00e8gles des Filles de la Charit\u00e9 s&rsquo;unissent \u00e0 la Compagnie. (R)<\/p>\n<p><b>1870<\/b>. Le P\u00e8re Etienne qui, dans sa circulaire du 1er janvier, avait recommand\u00e9 aux missionnaires de ne pas prendre part aux ardentes discussions que soulevait la question de l&rsquo;infaillibilit\u00e9 pontificale, h\u00e9sitait lui-m\u00eame \u00e0 prendre position en la mati\u00e8re. Mais un jeune confr\u00e8re l&rsquo;ayant averti que son silence devenait l&rsquo;objet de commentaires injurieux, le P\u00e8re Etienne se d\u00e9cide et adresse, en ce jour, au Souverain Pontife, une fort belle lettre. Il y souhaite, en son nom et au nom de la Compagnie, que l&rsquo;infaillibilit\u00e9 du successeur de saint Pierre devienne un dogme de foi catholique. Cette lettre fut remise \u00e0 Pie IX par notre confr\u00e8re Mgr Delaplace, vicaire apostolique du Kiang-Si, qui si\u00e9geait parmi les P\u00e8res du Concile du Vatican (5).<\/p>\n<p><b>1937<\/b>. \u00c0 Rome , un d\u00e9cret de la Congr\u00e9gation pour l&rsquo;Eglise orientale et sign\u00e9 par le cardinal Tisserant, \u00e9rige en pr\u00e9fecture apostolique du Tigr\u00e9 les territoires d&rsquo;Abyssinie confi\u00e9s aux Lazaristes italiens. La r\u00e9sidence du pr\u00e9fet sera Adigrat (6).<\/p>\n<dl>\n<dd>1) Coste , I, p. 385.<\/dd>\n<dd>2) Coste , I, p. 399.<\/dd>\n<dd>3) Not. , I, pp. 373-375.<\/dd>\n<dd>4) Annales , t. 119-120, p 215.<\/dd>\n<dd>5) Vie du P\u00e8re Etienne, pp. 503 sq.<\/dd>\n<dd>6) Annales , t. 103, pp. 16l-162 et 590-593.<\/dd>\n<\/dl>\n","protected":false},"excerpt":{"rendered":"<p>1634. \u00c0 Paris , Louise de Marillac, autoris\u00e9e par Monsieur Vincent, renouvelle son voeu de viduit\u00e9 (1). C&rsquo;est en souvenir de cette cons\u00e9cration de leur M\u00e8re au service du Seigneur de la Charit\u00e9, que les &#8230; <a href=\"http:\/\/vincentians.com\/fr\/ephemerides-25-mars\/\" class=\"more-link\">Read More<\/a><\/p>\n","protected":false},"author":4,"featured_media":149897,"comment_status":"open","ping_status":"open","sticky":false,"template":"","format":"standard","meta":{"jetpack_post_was_ever_published":false,"_jetpack_newsletter_access":"","_jetpack_dont_email_post_to_subs":false,"_jetpack_newsletter_tier_id":0,"_jetpack_memberships_contains_paywalled_content":false,"_jetpack_memberships_contains_paid_content":false,"footnotes":"","jetpack_publicize_message":"","jetpack_publicize_feature_enabled":true,"jetpack_social_post_already_shared":true,"jetpack_social_options":{"image_generator_settings":{"template":"highway","default_image_id":0,"font":"","enabled":false},"version":2}},"categories":[119],"tags":[],"class_list":["post-190349","post","type-post","status-publish","format-standard","has-post-thumbnail","hentry","category-ephemerides-vincentiens"],"yoast_head":"<!-- This site is optimized with the Yoast SEO plugin v26.3 - https:\/\/yoast.com\/wordpress\/plugins\/seo\/ -->\n<title>Eph\u00e9m\u00e9rides 25 mars - Nous Sommes Vincentiens<\/title>\n<meta name=\"robots\" content=\"index, follow, max-snippet:-1, max-image-preview:large, max-video-preview:-1\" \/>\n<link rel=\"canonical\" href=\"http:\/\/vincentians.com\/fr\/ephemerides-25-mars\/\" \/>\n<meta property=\"og:locale\" content=\"fr_FR\" \/>\n<meta property=\"og:type\" content=\"article\" \/>\n<meta property=\"og:title\" content=\"Eph\u00e9m\u00e9rides 25 mars - Nous Sommes Vincentiens\" \/>\n<meta property=\"og:description\" content=\"1634. \u00c0 Paris , Louise de Marillac, autoris\u00e9e par Monsieur Vincent, renouvelle son voeu de viduit\u00e9 (1). C&rsquo;est en souvenir de cette cons\u00e9cration de leur M\u00e8re au service du Seigneur de la Charit\u00e9, que les ... Read More\" \/>\n<meta property=\"og:url\" content=\"http:\/\/vincentians.com\/fr\/ephemerides-25-mars\/\" \/>\n<meta property=\"og:site_name\" content=\"Nous Sommes Vincentiens\" \/>\n<meta property=\"article:publisher\" content=\"https:\/\/www.facebook.com\/WeAreVincentians\/\" \/>\n<meta property=\"article:author\" content=\"https:\/\/www.facebook.com\/JavierChento\" \/>\n<meta property=\"article:published_time\" content=\"2017-03-24T23:01:17+00:00\" \/>\n<meta property=\"og:image\" content=\"https:\/\/i0.wp.com\/vincentians.com\/fr\/wp-content\/uploads\/sites\/10\/2016\/07\/ephemerides-fb.jpg?fit=1200%2C630\" \/>\n\t<meta property=\"og:image:width\" content=\"1200\" \/>\n\t<meta property=\"og:image:height\" content=\"630\" \/>\n\t<meta property=\"og:image:type\" content=\"image\/jpeg\" \/>\n<meta name=\"author\" content=\"Francisco Javier Fern\u00e1ndez Chento\" \/>\n<meta name=\"twitter:card\" content=\"summary_large_image\" \/>\n<meta name=\"twitter:creator\" content=\"@https:\/\/twitter.com\/javierchento\" \/>\n<meta name=\"twitter:site\" content=\"@WeVincentians\" \/>\n<meta name=\"twitter:label1\" content=\"\u00c9crit par\" \/>\n\t<meta name=\"twitter:data1\" content=\"Francisco Javier Fern\u00e1ndez Chento\" \/>\n\t<meta name=\"twitter:label2\" content=\"Dur\u00e9e de lecture estim\u00e9e\" \/>\n\t<meta name=\"twitter:data2\" content=\"3 minutes\" \/>\n<script type=\"application\/ld+json\" class=\"yoast-schema-graph\">{\"@context\":\"https:\/\/schema.org\",\"@graph\":[{\"@type\":\"WebPage\",\"@id\":\"http:\/\/vincentians.com\/fr\/ephemerides-25-mars\/\",\"url\":\"http:\/\/vincentians.com\/fr\/ephemerides-25-mars\/\",\"name\":\"Eph\u00e9m\u00e9rides 25 mars - Nous Sommes Vincentiens\",\"isPartOf\":{\"@id\":\"http:\/\/vincentians.com\/fr\/#website\"},\"primaryImageOfPage\":{\"@id\":\"http:\/\/vincentians.com\/fr\/ephemerides-25-mars\/#primaryimage\"},\"image\":{\"@id\":\"http:\/\/vincentians.com\/fr\/ephemerides-25-mars\/#primaryimage\"},\"thumbnailUrl\":\"https:\/\/i0.wp.com\/vincentians.com\/fr\/wp-content\/uploads\/sites\/10\/2016\/07\/ephemerides-fb.jpg?fit=1200%2C630\",\"datePublished\":\"2017-03-24T23:01:17+00:00\",\"author\":{\"@id\":\"http:\/\/vincentians.com\/fr\/#\/schema\/person\/9623ef4d9aa3b2dfb8c061f1499288f2\"},\"breadcrumb\":{\"@id\":\"http:\/\/vincentians.com\/fr\/ephemerides-25-mars\/#breadcrumb\"},\"inLanguage\":\"fr-FR\",\"potentialAction\":[{\"@type\":\"ReadAction\",\"target\":[\"http:\/\/vincentians.com\/fr\/ephemerides-25-mars\/\"]}]},{\"@type\":\"ImageObject\",\"inLanguage\":\"fr-FR\",\"@id\":\"http:\/\/vincentians.com\/fr\/ephemerides-25-mars\/#primaryimage\",\"url\":\"https:\/\/i0.wp.com\/vincentians.com\/fr\/wp-content\/uploads\/sites\/10\/2016\/07\/ephemerides-fb.jpg?fit=1200%2C630\",\"contentUrl\":\"https:\/\/i0.wp.com\/vincentians.com\/fr\/wp-content\/uploads\/sites\/10\/2016\/07\/ephemerides-fb.jpg?fit=1200%2C630\",\"width\":1200,\"height\":630},{\"@type\":\"BreadcrumbList\",\"@id\":\"http:\/\/vincentians.com\/fr\/ephemerides-25-mars\/#breadcrumb\",\"itemListElement\":[{\"@type\":\"ListItem\",\"position\":1,\"name\":\"Portada\",\"item\":\"http:\/\/vincentians.com\/fr\/\"},{\"@type\":\"ListItem\",\"position\":2,\"name\":\"Eph\u00e9m\u00e9rides 25 mars\"}]},{\"@type\":\"WebSite\",\"@id\":\"http:\/\/vincentians.com\/fr\/#website\",\"url\":\"http:\/\/vincentians.com\/fr\/\",\"name\":\"Nous Sommes Vincentiens\",\"description\":\"Know more to serve more\",\"potentialAction\":[{\"@type\":\"SearchAction\",\"target\":{\"@type\":\"EntryPoint\",\"urlTemplate\":\"http:\/\/vincentians.com\/fr\/?s={search_term_string}\"},\"query-input\":{\"@type\":\"PropertyValueSpecification\",\"valueRequired\":true,\"valueName\":\"search_term_string\"}}],\"inLanguage\":\"fr-FR\"},{\"@type\":\"Person\",\"@id\":\"http:\/\/vincentians.com\/fr\/#\/schema\/person\/9623ef4d9aa3b2dfb8c061f1499288f2\",\"name\":\"Francisco Javier Fern\u00e1ndez Chento\",\"image\":{\"@type\":\"ImageObject\",\"inLanguage\":\"fr-FR\",\"@id\":\"http:\/\/vincentians.com\/fr\/#\/schema\/person\/image\/\",\"url\":\"https:\/\/secure.gravatar.com\/avatar\/497d5cde87b4c3d097d0315953521681ba2cd523ee66e5077c3711f7021e65de?s=96&d=mm&r=g\",\"contentUrl\":\"https:\/\/secure.gravatar.com\/avatar\/497d5cde87b4c3d097d0315953521681ba2cd523ee66e5077c3711f7021e65de?s=96&d=mm&r=g\",\"caption\":\"Francisco Javier Fern\u00e1ndez Chento\"},\"description\":\"Director General y cofundador de La Red de Formaci\u00f3n Vicenciana. Javier es laico vicenciano, afiliado a la Congregaci\u00f3n de la Misi\u00f3n y miembro del Equipo de Misiones Populares de la provincia can\u00f3nica de Zaragoza (Espa\u00f1a) de la Congregaci\u00f3n de la Misi\u00f3n. Graduado en la Universidad Oberta de Catalunya con cuatro grados (Asistente de direcci\u00f3n, Gesti\u00f3n Administrativa, Recursos Humanos y Contabilidad Avanzada). Bil\u00edng\u00fce Espa\u00f1ol\/Ingl\u00e9s. gestiona y mantiene varias p\u00e1ginas web cristianas y vicencianas, incluida including La Red de Formaci\u00f3n Vicenciana, de la que es cofundador. Actualmente es responsable del \u00e1rea de Espa\u00f1ol de .famvin, la Red de Noticias de la Familia Vicenciana. Tambi\u00e9n es m\u00fasico cat\u00f3lico y ha editado varios discos. Es Director General y cofundador de Trovador, una reconocida compa\u00f1\u00eda discogr\u00e1fica critiana de Espa\u00f1a. Trabaja en las Tecnolog\u00edas de la Informaci\u00f3n, ofreciendo servicios de alojamiento, dise\u00f1o y mantenimiento Web, as\u00ed como asesoramiento, formaci\u00f3n y soluciones inform\u00e1ticas, gesti\u00f3n documental y digitalizaci\u00f3n de textos, edici\u00f3n y maquetaci\u00f3n de libros, revistas, flyers, etc.\",\"sameAs\":[\"http:\/\/chento.org\",\"https:\/\/www.facebook.com\/JavierChento\",\"https:\/\/x.com\/https:\/\/twitter.com\/javierchento\"],\"url\":\"http:\/\/vincentians.com\/fr\/author\/chento\/\"}]}<\/script>\n<!-- \/ Yoast SEO plugin. -->","yoast_head_json":{"title":"Eph\u00e9m\u00e9rides 25 mars - Nous Sommes Vincentiens","robots":{"index":"index","follow":"follow","max-snippet":"max-snippet:-1","max-image-preview":"max-image-preview:large","max-video-preview":"max-video-preview:-1"},"canonical":"http:\/\/vincentians.com\/fr\/ephemerides-25-mars\/","og_locale":"fr_FR","og_type":"article","og_title":"Eph\u00e9m\u00e9rides 25 mars - Nous Sommes Vincentiens","og_description":"1634. \u00c0 Paris , Louise de Marillac, autoris\u00e9e par Monsieur Vincent, renouvelle son voeu de viduit\u00e9 (1). C&rsquo;est en souvenir de cette cons\u00e9cration de leur M\u00e8re au service du Seigneur de la Charit\u00e9, que les ... Read More","og_url":"http:\/\/vincentians.com\/fr\/ephemerides-25-mars\/","og_site_name":"Nous Sommes Vincentiens","article_publisher":"https:\/\/www.facebook.com\/WeAreVincentians\/","article_author":"https:\/\/www.facebook.com\/JavierChento","article_published_time":"2017-03-24T23:01:17+00:00","og_image":[{"width":1200,"height":630,"url":"https:\/\/i0.wp.com\/vincentians.com\/fr\/wp-content\/uploads\/sites\/10\/2016\/07\/ephemerides-fb.jpg?fit=1200%2C630","type":"image\/jpeg"}],"author":"Francisco Javier Fern\u00e1ndez Chento","twitter_card":"summary_large_image","twitter_creator":"@https:\/\/twitter.com\/javierchento","twitter_site":"@WeVincentians","twitter_misc":{"\u00c9crit par":"Francisco Javier Fern\u00e1ndez Chento","Dur\u00e9e de lecture estim\u00e9e":"3 minutes"},"schema":{"@context":"https:\/\/schema.org","@graph":[{"@type":"WebPage","@id":"http:\/\/vincentians.com\/fr\/ephemerides-25-mars\/","url":"http:\/\/vincentians.com\/fr\/ephemerides-25-mars\/","name":"Eph\u00e9m\u00e9rides 25 mars - Nous Sommes Vincentiens","isPartOf":{"@id":"http:\/\/vincentians.com\/fr\/#website"},"primaryImageOfPage":{"@id":"http:\/\/vincentians.com\/fr\/ephemerides-25-mars\/#primaryimage"},"image":{"@id":"http:\/\/vincentians.com\/fr\/ephemerides-25-mars\/#primaryimage"},"thumbnailUrl":"https:\/\/i0.wp.com\/vincentians.com\/fr\/wp-content\/uploads\/sites\/10\/2016\/07\/ephemerides-fb.jpg?fit=1200%2C630","datePublished":"2017-03-24T23:01:17+00:00","author":{"@id":"http:\/\/vincentians.com\/fr\/#\/schema\/person\/9623ef4d9aa3b2dfb8c061f1499288f2"},"breadcrumb":{"@id":"http:\/\/vincentians.com\/fr\/ephemerides-25-mars\/#breadcrumb"},"inLanguage":"fr-FR","potentialAction":[{"@type":"ReadAction","target":["http:\/\/vincentians.com\/fr\/ephemerides-25-mars\/"]}]},{"@type":"ImageObject","inLanguage":"fr-FR","@id":"http:\/\/vincentians.com\/fr\/ephemerides-25-mars\/#primaryimage","url":"https:\/\/i0.wp.com\/vincentians.com\/fr\/wp-content\/uploads\/sites\/10\/2016\/07\/ephemerides-fb.jpg?fit=1200%2C630","contentUrl":"https:\/\/i0.wp.com\/vincentians.com\/fr\/wp-content\/uploads\/sites\/10\/2016\/07\/ephemerides-fb.jpg?fit=1200%2C630","width":1200,"height":630},{"@type":"BreadcrumbList","@id":"http:\/\/vincentians.com\/fr\/ephemerides-25-mars\/#breadcrumb","itemListElement":[{"@type":"ListItem","position":1,"name":"Portada","item":"http:\/\/vincentians.com\/fr\/"},{"@type":"ListItem","position":2,"name":"Eph\u00e9m\u00e9rides 25 mars"}]},{"@type":"WebSite","@id":"http:\/\/vincentians.com\/fr\/#website","url":"http:\/\/vincentians.com\/fr\/","name":"Nous Sommes Vincentiens","description":"Know more to serve more","potentialAction":[{"@type":"SearchAction","target":{"@type":"EntryPoint","urlTemplate":"http:\/\/vincentians.com\/fr\/?s={search_term_string}"},"query-input":{"@type":"PropertyValueSpecification","valueRequired":true,"valueName":"search_term_string"}}],"inLanguage":"fr-FR"},{"@type":"Person","@id":"http:\/\/vincentians.com\/fr\/#\/schema\/person\/9623ef4d9aa3b2dfb8c061f1499288f2","name":"Francisco Javier Fern\u00e1ndez Chento","image":{"@type":"ImageObject","inLanguage":"fr-FR","@id":"http:\/\/vincentians.com\/fr\/#\/schema\/person\/image\/","url":"https:\/\/secure.gravatar.com\/avatar\/497d5cde87b4c3d097d0315953521681ba2cd523ee66e5077c3711f7021e65de?s=96&d=mm&r=g","contentUrl":"https:\/\/secure.gravatar.com\/avatar\/497d5cde87b4c3d097d0315953521681ba2cd523ee66e5077c3711f7021e65de?s=96&d=mm&r=g","caption":"Francisco Javier Fern\u00e1ndez Chento"},"description":"Director General y cofundador de La Red de Formaci\u00f3n Vicenciana. Javier es laico vicenciano, afiliado a la Congregaci\u00f3n de la Misi\u00f3n y miembro del Equipo de Misiones Populares de la provincia can\u00f3nica de Zaragoza (Espa\u00f1a) de la Congregaci\u00f3n de la Misi\u00f3n. Graduado en la Universidad Oberta de Catalunya con cuatro grados (Asistente de direcci\u00f3n, Gesti\u00f3n Administrativa, Recursos Humanos y Contabilidad Avanzada). Bil\u00edng\u00fce Espa\u00f1ol\/Ingl\u00e9s. gestiona y mantiene varias p\u00e1ginas web cristianas y vicencianas, incluida including La Red de Formaci\u00f3n Vicenciana, de la que es cofundador. Actualmente es responsable del \u00e1rea de Espa\u00f1ol de .famvin, la Red de Noticias de la Familia Vicenciana. Tambi\u00e9n es m\u00fasico cat\u00f3lico y ha editado varios discos. Es Director General y cofundador de Trovador, una reconocida compa\u00f1\u00eda discogr\u00e1fica critiana de Espa\u00f1a. Trabaja en las Tecnolog\u00edas de la Informaci\u00f3n, ofreciendo servicios de alojamiento, dise\u00f1o y mantenimiento Web, as\u00ed como asesoramiento, formaci\u00f3n y soluciones inform\u00e1ticas, gesti\u00f3n documental y digitalizaci\u00f3n de textos, edici\u00f3n y maquetaci\u00f3n de libros, revistas, flyers, etc.","sameAs":["http:\/\/chento.org","https:\/\/www.facebook.com\/JavierChento","https:\/\/x.com\/https:\/\/twitter.com\/javierchento"],"url":"http:\/\/vincentians.com\/fr\/author\/chento\/"}]}},"jetpack_publicize_connections":[],"jetpack_featured_media_url":"https:\/\/i0.wp.com\/vincentians.com\/fr\/wp-content\/uploads\/sites\/10\/2016\/07\/ephemerides-fb.jpg?fit=1200%2C630","jetpack_sharing_enabled":true,"jetpack_shortlink":"https:\/\/wp.me\/p7ETMP-Nw9","jetpack-related-posts":[{"id":104517,"url":"http:\/\/vincentians.com\/fr\/louise-de-marillac-lettre-0043-a-ma-soeur-barbe\/","url_meta":{"origin":190349,"position":0},"title":"Louise de Marillac, Lettre 0043: \u00e0 ma S\u0153ur Barbe","author":"Francisco Javier Fern\u00e1ndez Chento","date":"16\/08\/2016","format":false,"excerpt":"Fille de la Charit\u00e9, servante des Pauvres Malades, de la Paroisse Saint-Paul (\u00e0 Paris) (vers 1636). Ma Tr\u00e8s Ch\u00e8re S\u0153ur, Je suis bien en soin de la maladie de notre ch\u00e8re S\u0153ur que je salue de tout mon c\u0153ur, aux pieds de J\u00e9sus-Christ, souvent la conviant, par son saint amour,\u2026","rel":"","context":"Dans &quot;\u00c9crits de Louise de Marillac&quot;","block_context":{"text":"\u00c9crits de Louise de Marillac","link":"http:\/\/vincentians.com\/fr\/category\/ecrits-de-louise-de-marillac\/"},"img":{"alt_text":"","src":"https:\/\/i0.wp.com\/vincentians.com\/fr\/wp-content\/uploads\/sites\/10\/2016\/07\/cartas-luisa-de-marillac.jpg?fit=1200%2C630&resize=350%2C200","width":350,"height":200,"srcset":"https:\/\/i0.wp.com\/vincentians.com\/fr\/wp-content\/uploads\/sites\/10\/2016\/07\/cartas-luisa-de-marillac.jpg?fit=1200%2C630&resize=350%2C200 1x, https:\/\/i0.wp.com\/vincentians.com\/fr\/wp-content\/uploads\/sites\/10\/2016\/07\/cartas-luisa-de-marillac.jpg?fit=1200%2C630&resize=525%2C300 1.5x, https:\/\/i0.wp.com\/vincentians.com\/fr\/wp-content\/uploads\/sites\/10\/2016\/07\/cartas-luisa-de-marillac.jpg?fit=1200%2C630&resize=700%2C400 2x, https:\/\/i0.wp.com\/vincentians.com\/fr\/wp-content\/uploads\/sites\/10\/2016\/07\/cartas-luisa-de-marillac.jpg?fit=1200%2C630&resize=1050%2C600 3x"},"classes":[]},{"id":190191,"url":"http:\/\/vincentians.com\/fr\/ephemerides-01-octobre\/","url_meta":{"origin":190349,"position":1},"title":"Eph\u00e9m\u00e9rides : 01 octobre","author":"Francisco Javier Fern\u00e1ndez Chento","date":"01\/10\/2016","format":false,"excerpt":"1636. Saint Vincent d\u00e9signe Barbe Angiboust et Louise Ganset pour fonder la Maison de Charit\u00e9 de Richelieu\u00a0: \u201cMon Dieu, Mademoiselle, \u00e9crit-il, quel bonheur \u00e0 ces bonnes filles de s\u2019en aller au lieu o\u00f9 elles vont continuer la charit\u00e9 que Notre-Seigneur exer\u00e7ait sur la terre\u00a0!\u2026 Qu\u2019elles s\u2019en iront la t\u00eate lev\u00e9e\u2026","rel":"","context":"Dans &quot;\u00c9ph\u00e9m\u00e9rides vincentiens&quot;","block_context":{"text":"\u00c9ph\u00e9m\u00e9rides vincentiens","link":"http:\/\/vincentians.com\/fr\/category\/ephemerides-vincentiens\/"},"img":{"alt_text":"","src":"https:\/\/i0.wp.com\/vincentians.com\/fr\/wp-content\/uploads\/sites\/10\/2016\/07\/ephemerides-fb.jpg?fit=1200%2C630&resize=350%2C200","width":350,"height":200,"srcset":"https:\/\/i0.wp.com\/vincentians.com\/fr\/wp-content\/uploads\/sites\/10\/2016\/07\/ephemerides-fb.jpg?fit=1200%2C630&resize=350%2C200 1x, https:\/\/i0.wp.com\/vincentians.com\/fr\/wp-content\/uploads\/sites\/10\/2016\/07\/ephemerides-fb.jpg?fit=1200%2C630&resize=525%2C300 1.5x, https:\/\/i0.wp.com\/vincentians.com\/fr\/wp-content\/uploads\/sites\/10\/2016\/07\/ephemerides-fb.jpg?fit=1200%2C630&resize=700%2C400 2x, https:\/\/i0.wp.com\/vincentians.com\/fr\/wp-content\/uploads\/sites\/10\/2016\/07\/ephemerides-fb.jpg?fit=1200%2C630&resize=1050%2C600 3x"},"classes":[]},{"id":105256,"url":"http:\/\/vincentians.com\/fr\/ephemerides-27-decembre\/","url_meta":{"origin":190349,"position":2},"title":"Eph\u00e9m\u00e9rides: 27 d\u00e9cembre","author":"Francisco Javier Fern\u00e1ndez Chento","date":"27\/12\/2016","format":false,"excerpt":"1658. Mort \u00e0 Ch\u00e2teaudun de S\u0153ur Barbe Angiboust\u00a0: \u201cElle nous encourageait \u00e0 ne point nous \u00e9pargner au travail pour le service des Pauvres\u2026 elle \u00e9tait fort gaie avec nos S\u0153urs\u2026 Elle avait grand z\u00e8le pour le service des Pauvres et un soin tout particulier pour l\u2019instruction des enfants\u2026 Avec les\u2026","rel":"","context":"Dans &quot;\u00c9ph\u00e9m\u00e9rides vincentiens&quot;","block_context":{"text":"\u00c9ph\u00e9m\u00e9rides vincentiens","link":"http:\/\/vincentians.com\/fr\/category\/ephemerides-vincentiens\/"},"img":{"alt_text":"","src":"https:\/\/i0.wp.com\/vincentians.com\/fr\/wp-content\/uploads\/sites\/10\/2016\/07\/ephemerides-fb.jpg?fit=1200%2C630&resize=350%2C200","width":350,"height":200,"srcset":"https:\/\/i0.wp.com\/vincentians.com\/fr\/wp-content\/uploads\/sites\/10\/2016\/07\/ephemerides-fb.jpg?fit=1200%2C630&resize=350%2C200 1x, https:\/\/i0.wp.com\/vincentians.com\/fr\/wp-content\/uploads\/sites\/10\/2016\/07\/ephemerides-fb.jpg?fit=1200%2C630&resize=525%2C300 1.5x, https:\/\/i0.wp.com\/vincentians.com\/fr\/wp-content\/uploads\/sites\/10\/2016\/07\/ephemerides-fb.jpg?fit=1200%2C630&resize=700%2C400 2x, https:\/\/i0.wp.com\/vincentians.com\/fr\/wp-content\/uploads\/sites\/10\/2016\/07\/ephemerides-fb.jpg?fit=1200%2C630&resize=1050%2C600 3x"},"classes":[]},{"id":190223,"url":"http:\/\/vincentians.com\/fr\/ephemerides-02-octobre\/","url_meta":{"origin":190349,"position":3},"title":"Eph\u00e9m\u00e9rides : 02 octobre","author":"Francisco Javier Fern\u00e1ndez Chento","date":"02\/10\/2016","format":false,"excerpt":"1655. Sainte Louise \u00e9crit \u00e0 S\u0153ur Barbe Angiboust \u00e0 Bernay\u00a0: \u201cJe crois que vous savez l\u2019\u00e9tat d\u00e9plorable de la pauvre Pologne et combien la guerre y est grande. L\u2019admirable Providence a fait diff\u00e9rer le partement de nos trois S\u0153urs qui devaient y aller jusqu\u2019au temps o\u00f9 elles ont \u00e9t\u00e9 seulement\u2026","rel":"","context":"Dans &quot;\u00c9ph\u00e9m\u00e9rides vincentiens&quot;","block_context":{"text":"\u00c9ph\u00e9m\u00e9rides vincentiens","link":"http:\/\/vincentians.com\/fr\/category\/ephemerides-vincentiens\/"},"img":{"alt_text":"","src":"https:\/\/i0.wp.com\/vincentians.com\/fr\/wp-content\/uploads\/sites\/10\/2016\/07\/ephemerides-fb.jpg?fit=1200%2C630&resize=350%2C200","width":350,"height":200,"srcset":"https:\/\/i0.wp.com\/vincentians.com\/fr\/wp-content\/uploads\/sites\/10\/2016\/07\/ephemerides-fb.jpg?fit=1200%2C630&resize=350%2C200 1x, https:\/\/i0.wp.com\/vincentians.com\/fr\/wp-content\/uploads\/sites\/10\/2016\/07\/ephemerides-fb.jpg?fit=1200%2C630&resize=525%2C300 1.5x, https:\/\/i0.wp.com\/vincentians.com\/fr\/wp-content\/uploads\/sites\/10\/2016\/07\/ephemerides-fb.jpg?fit=1200%2C630&resize=700%2C400 2x, https:\/\/i0.wp.com\/vincentians.com\/fr\/wp-content\/uploads\/sites\/10\/2016\/07\/ephemerides-fb.jpg?fit=1200%2C630&resize=1050%2C600 3x"},"classes":[]},{"id":190569,"url":"http:\/\/vincentians.com\/fr\/ephemerides-23-juin\/","url_meta":{"origin":190349,"position":4},"title":"Eph\u00e9m\u00e9rides: 23 juin","author":"Francisco Javier Fern\u00e1ndez Chento","date":"23\/06\/2017","format":false,"excerpt":"1604. \u00c0 l'\u00e2ge de 24 ans, Fran\u00e7oise-Marguerite de Silly \u00e9pousait le G\u00e9n\u00e9ral des Gal\u00e8res, Philippe-Enimanuel de Gondi\u00a0; et les fils qui naquirent de leur union furent la raison des premi\u00e8res relations de Monsieur Vincent avec Mme de Gondi. Cette m\u00e8re selon le c\u0153ur de Dieu disait\u00a0: \u00abJe souhaite bien plus\u2026","rel":"","context":"Dans &quot;\u00c9ph\u00e9m\u00e9rides vincentiens&quot;","block_context":{"text":"\u00c9ph\u00e9m\u00e9rides vincentiens","link":"http:\/\/vincentians.com\/fr\/category\/ephemerides-vincentiens\/"},"img":{"alt_text":"","src":"https:\/\/i0.wp.com\/vincentians.com\/fr\/wp-content\/uploads\/sites\/10\/2016\/07\/ephemerides-fb.jpg?fit=1200%2C630&resize=350%2C200","width":350,"height":200,"srcset":"https:\/\/i0.wp.com\/vincentians.com\/fr\/wp-content\/uploads\/sites\/10\/2016\/07\/ephemerides-fb.jpg?fit=1200%2C630&resize=350%2C200 1x, https:\/\/i0.wp.com\/vincentians.com\/fr\/wp-content\/uploads\/sites\/10\/2016\/07\/ephemerides-fb.jpg?fit=1200%2C630&resize=525%2C300 1.5x, https:\/\/i0.wp.com\/vincentians.com\/fr\/wp-content\/uploads\/sites\/10\/2016\/07\/ephemerides-fb.jpg?fit=1200%2C630&resize=700%2C400 2x, https:\/\/i0.wp.com\/vincentians.com\/fr\/wp-content\/uploads\/sites\/10\/2016\/07\/ephemerides-fb.jpg?fit=1200%2C630&resize=1050%2C600 3x"},"classes":[]},{"id":104144,"url":"http:\/\/vincentians.com\/fr\/ephemerides-29-novembre\/","url_meta":{"origin":190349,"position":5},"title":"Eph\u00e9m\u00e9rides: 29 novembre","author":"Francisco Javier Fern\u00e1ndez Chento","date":"29\/11\/2016","format":false,"excerpt":"1633. \u00c0 Paris, en la maison de Mlle Le Gras, proche Saint-Nicolas du Chardonnet \u2014 rue des Foss\u00e9s-Saint-Victor \u2014 trois ou quatre filles s\u2019assemblent pour apprendre \u00e0 servir les pauvres\u2026 C\u2019est une consid\u00e9ration d\u2019utilit\u00e9 pratique qui est \u00e0 l\u2019origine de ce petit fait\u00a0: les d\u00e9tails concrets et peu rago\u00fbtants de\u2026","rel":"","context":"Dans &quot;\u00c9ph\u00e9m\u00e9rides vincentiens&quot;","block_context":{"text":"\u00c9ph\u00e9m\u00e9rides vincentiens","link":"http:\/\/vincentians.com\/fr\/category\/ephemerides-vincentiens\/"},"img":{"alt_text":"","src":"https:\/\/i0.wp.com\/vincentians.com\/fr\/wp-content\/uploads\/sites\/10\/2016\/07\/ephemerides-fb.jpg?fit=1200%2C630&resize=350%2C200","width":350,"height":200,"srcset":"https:\/\/i0.wp.com\/vincentians.com\/fr\/wp-content\/uploads\/sites\/10\/2016\/07\/ephemerides-fb.jpg?fit=1200%2C630&resize=350%2C200 1x, https:\/\/i0.wp.com\/vincentians.com\/fr\/wp-content\/uploads\/sites\/10\/2016\/07\/ephemerides-fb.jpg?fit=1200%2C630&resize=525%2C300 1.5x, https:\/\/i0.wp.com\/vincentians.com\/fr\/wp-content\/uploads\/sites\/10\/2016\/07\/ephemerides-fb.jpg?fit=1200%2C630&resize=700%2C400 2x, https:\/\/i0.wp.com\/vincentians.com\/fr\/wp-content\/uploads\/sites\/10\/2016\/07\/ephemerides-fb.jpg?fit=1200%2C630&resize=1050%2C600 3x"},"classes":[]}],"_links":{"self":[{"href":"http:\/\/vincentians.com\/fr\/wp-json\/wp\/v2\/posts\/190349","targetHints":{"allow":["GET"]}}],"collection":[{"href":"http:\/\/vincentians.com\/fr\/wp-json\/wp\/v2\/posts"}],"about":[{"href":"http:\/\/vincentians.com\/fr\/wp-json\/wp\/v2\/types\/post"}],"author":[{"embeddable":true,"href":"http:\/\/vincentians.com\/fr\/wp-json\/wp\/v2\/users\/4"}],"replies":[{"embeddable":true,"href":"http:\/\/vincentians.com\/fr\/wp-json\/wp\/v2\/comments?post=190349"}],"version-history":[{"count":0,"href":"http:\/\/vincentians.com\/fr\/wp-json\/wp\/v2\/posts\/190349\/revisions"}],"wp:featuredmedia":[{"embeddable":true,"href":"http:\/\/vincentians.com\/fr\/wp-json\/wp\/v2\/media\/149897"}],"wp:attachment":[{"href":"http:\/\/vincentians.com\/fr\/wp-json\/wp\/v2\/media?parent=190349"}],"wp:term":[{"taxonomy":"category","embeddable":true,"href":"http:\/\/vincentians.com\/fr\/wp-json\/wp\/v2\/categories?post=190349"},{"taxonomy":"post_tag","embeddable":true,"href":"http:\/\/vincentians.com\/fr\/wp-json\/wp\/v2\/tags?post=190349"}],"curies":[{"name":"wp","href":"https:\/\/api.w.org\/{rel}","templated":true}]}}