{"id":190336,"date":"2017-03-26T00:01:17","date_gmt":"2017-03-25T23:01:17","guid":{"rendered":"http:\/\/vincentians.com\/fr\/?p=190336"},"modified":"2016-08-11T17:28:16","modified_gmt":"2016-08-11T15:28:16","slug":"ephemerides-26-mars","status":"publish","type":"post","link":"http:\/\/vincentians.com\/fr\/ephemerides-26-mars\/","title":{"rendered":"Eph\u00e9m\u00e9rides : 26 mars"},"content":{"rendered":"<p><b>l697<\/b>. \u00c0 Paris , mort de M. Edme Jolly, troisi\u00e8me Sup\u00e9rieur g\u00e9n\u00e9ral de la Congr\u00e9gation de la Mission. Fils du procureur fiscal de Doue, au dioc\u00e8se de Meaux, o\u00f9 il est n\u00e9 le 24 octobre 1622, Edme Jolly, apr\u00e8s avoir \u00e9tudi\u00e9 la philosophie et la th\u00e9ologie \u00e0 Beauvais, avait \u00e9t\u00e9 choisi par l&rsquo;ambassadeur de France, le marquis de Fontenay, comme gentilhomme de sa compagnie \u00e0 Rome. Dans la Ville \u00c9ternelle, Edme Jolly fut employ\u00e9 quelque temps au tribunal de la Daterie. Mais au cours d&rsquo;une retraite, il se d\u00e9cida \u00e0 entrer \u00e0 Saint-Lazare. Il avait alors vingt-quatre ans. Lorsque, le 5 janvier 1673, la troisi\u00e8me Assembl\u00e9e g\u00e9n\u00e9rale le donna comme successeur \u00e0 M. Alm\u00e9ras, ce fut une explosion de joie, car, depuis que Monsieur Vincent avait accueilli dans sa Compagnie, ce jeune homme, le 13 novembre 1646, l&rsquo;admiration n&rsquo;avait fait que cro\u00eetre \u00e0 l&rsquo;endroit de M. Edme Jolly. Il \u00e9tait d&rsquo;ailleurs le seul \u00e0 ne pas apercevoir les riches qualit\u00e9s de sa nature\u00a0; et lui qui, de bonne heure, se donna \u00e0 une authentique pratique de l&rsquo;humilit\u00e9, n&rsquo;ambitionnait que la derni\u00e8re place. Mais la Providence, par la voie des circonstances, se chargeait de r\u00e9v\u00e9ler la valeur de cet homme. Rome, o\u00f9 il fut ordonn\u00e9 pr\u00eatre, fut son premier champ d&rsquo;action\u00a0; il y fut tour \u00e0 tour procureur, consulteur provincial, sup\u00e9rieur et visiteur. Il s&rsquo;y r\u00e9v\u00e9la, habile n\u00e9gociateur\u00a0: c&rsquo;est lui, par exemple, qui, alors que ses pr\u00e9d\u00e9cesseurs y avaient \u00e9chou\u00e9, obtint du Saint-Si\u00e8ge, en deux mois et demi, l&rsquo;approbation des Voeux de la Compagnie. Il entreprendra bien d&rsquo;autres d\u00e9marches aupr\u00e8s des Souverains Pontifes, et toujours avec succ\u00e8s\u00a0: car il savait utiliser les moyens surnaturels et les moyens naturels. C&rsquo;est en quoi r\u00e9side la prudence qui fut l&rsquo;une des qualit\u00e9s ma\u00eetresses de M. Jolly. Son g\u00e9n\u00e9ralat de vingt-quatre ans marque dans l&rsquo;histoire de la petite Compagnie. D&rsquo;abord par les exemples comme par les directives qu&rsquo;il a donn\u00e9s, il a su non seulement maintenir mais vivifier l&rsquo;esprit de saint Vincent. Il a convoqu\u00e9 et pr\u00e9sid\u00e9 trois Assembl\u00e9es g\u00e9n\u00e9rales. Il a vu l&rsquo;effectif de la Congr\u00e9gation cro\u00eetre de deux tiers; et aux trente-cinq \u00e9tablissements que poss\u00e9dait la Compagnie \u00e0 la mort de M. Alm\u00e9ras, il en a ajout\u00e9 quarante, parmi lesquels la paroisse Notre-Dame de Versailles et, \u00e0 Paris, l&rsquo;H\u00f4tel Royal des Invalides&#8230; Et tandis que, dans la soir\u00e9e du 26 mars 1697, sa t\u00eate s&rsquo;inclinait doucement, ce n&rsquo;est pas simplement son dernier soupir que les t\u00e9moins de sa vie pouvaient recueillir et l&rsquo;h\u00e9ritage d&rsquo;une famille religieuse solidement d\u00e9velopp\u00e9e, mais encore et surtout, l&rsquo;exemple d&rsquo;une existence qui fut tout enti\u00e8re vou\u00e9e \u00e0 l&rsquo;imitation fid\u00e8le des vertus de saint Vincent. M. Jolly avait d\u00e9sign\u00e9 comme vicaire g\u00e9n\u00e9ral M. Maurice Faure. Il \u00e9tait pour lors sup\u00e9rieur \u00e0 Fontainebleau. L&rsquo;un de ses premiers actes fut de faire rassembler les documents qui ont permis la composition d&rsquo;une tr\u00e8s riche notice sur Edme Jolly (1).<\/p>\n<p><b>1805<\/b>. M\u00e8re Seton exprime sa joie de sa premi\u00e8re Communion la veille\u00a0: \u00ab\u00a0Enfin, Dieu est mien et je suis sienne\u00a0! Maintenant que tout suive son cours. Je l&rsquo;ai re\u00e7u&#8230; Il me sembla qu&rsquo;au lieu de l&rsquo;accueil humble, plein de tendresse que je m&rsquo;\u00e9tais attendue \u00e0 lui donner ce n&rsquo;\u00e9tait qu&rsquo;un triomphe de joie et d&rsquo;all\u00e9gresse, parce qu&rsquo;Il \u00e9tait venu, Lui, le lib\u00e9rateur, ma protection, mon bouclier, ma force et mon salut, devenu mien pour ce monde et pour l&rsquo;autre\u00a0\u00bb. (R)<\/p>\n<dl>\n<dd>1) Not. , III, pp 387-512\u00a0; et Circ. , I, p. 125.<\/dd>\n<\/dl>\n","protected":false},"excerpt":{"rendered":"<p>l697. \u00c0 Paris , mort de M. Edme Jolly, troisi\u00e8me Sup\u00e9rieur g\u00e9n\u00e9ral de la Congr\u00e9gation de la Mission. Fils du procureur fiscal de Doue, au dioc\u00e8se de Meaux, o\u00f9 il est n\u00e9 le 24 octobre &#8230; <a href=\"http:\/\/vincentians.com\/fr\/ephemerides-26-mars\/\" class=\"more-link\">Read More<\/a><\/p>\n","protected":false},"author":4,"featured_media":149897,"comment_status":"open","ping_status":"open","sticky":false,"template":"","format":"standard","meta":{"jetpack_post_was_ever_published":false,"_jetpack_newsletter_access":"","_jetpack_dont_email_post_to_subs":false,"_jetpack_newsletter_tier_id":0,"_jetpack_memberships_contains_paywalled_content":false,"_jetpack_memberships_contains_paid_content":false,"footnotes":"","jetpack_publicize_message":"","jetpack_publicize_feature_enabled":true,"jetpack_social_post_already_shared":true,"jetpack_social_options":{"image_generator_settings":{"template":"highway","default_image_id":0,"font":"","enabled":false},"version":2}},"categories":[119],"tags":[],"class_list":["post-190336","post","type-post","status-publish","format-standard","has-post-thumbnail","hentry","category-ephemerides-vincentiens"],"yoast_head":"<!-- This site is optimized with the Yoast SEO plugin v26.3 - https:\/\/yoast.com\/wordpress\/plugins\/seo\/ -->\n<title>Eph\u00e9m\u00e9rides : 26 mars - Nous Sommes Vincentiens<\/title>\n<meta name=\"robots\" content=\"index, follow, max-snippet:-1, max-image-preview:large, max-video-preview:-1\" \/>\n<link rel=\"canonical\" href=\"https:\/\/vincentians.com\/fr\/ephemerides-26-mars\/\" \/>\n<meta property=\"og:locale\" content=\"fr_FR\" \/>\n<meta property=\"og:type\" content=\"article\" \/>\n<meta property=\"og:title\" content=\"Eph\u00e9m\u00e9rides : 26 mars - Nous Sommes Vincentiens\" \/>\n<meta property=\"og:description\" content=\"l697. \u00c0 Paris , mort de M. Edme Jolly, troisi\u00e8me Sup\u00e9rieur g\u00e9n\u00e9ral de la Congr\u00e9gation de la Mission. Fils du procureur fiscal de Doue, au dioc\u00e8se de Meaux, o\u00f9 il est n\u00e9 le 24 octobre ... Read More\" \/>\n<meta property=\"og:url\" content=\"https:\/\/vincentians.com\/fr\/ephemerides-26-mars\/\" \/>\n<meta property=\"og:site_name\" content=\"Nous Sommes Vincentiens\" \/>\n<meta property=\"article:publisher\" content=\"https:\/\/www.facebook.com\/WeAreVincentians\/\" \/>\n<meta property=\"article:author\" content=\"https:\/\/www.facebook.com\/JavierChento\" \/>\n<meta property=\"article:published_time\" content=\"2017-03-25T23:01:17+00:00\" \/>\n<meta property=\"og:image\" content=\"https:\/\/i0.wp.com\/vincentians.com\/fr\/wp-content\/uploads\/sites\/10\/2016\/07\/ephemerides-fb.jpg?fit=1200%2C630&ssl=1\" \/>\n\t<meta property=\"og:image:width\" content=\"1200\" \/>\n\t<meta property=\"og:image:height\" content=\"630\" \/>\n\t<meta property=\"og:image:type\" content=\"image\/jpeg\" \/>\n<meta name=\"author\" content=\"Francisco Javier Fern\u00e1ndez Chento\" \/>\n<meta name=\"twitter:card\" content=\"summary_large_image\" \/>\n<meta name=\"twitter:creator\" content=\"@https:\/\/twitter.com\/javierchento\" \/>\n<meta name=\"twitter:site\" content=\"@WeVincentians\" \/>\n<meta name=\"twitter:label1\" content=\"\u00c9crit par\" \/>\n\t<meta name=\"twitter:data1\" content=\"Francisco Javier Fern\u00e1ndez Chento\" \/>\n\t<meta name=\"twitter:label2\" content=\"Dur\u00e9e de lecture estim\u00e9e\" \/>\n\t<meta name=\"twitter:data2\" content=\"3 minutes\" \/>\n<script type=\"application\/ld+json\" class=\"yoast-schema-graph\">{\"@context\":\"https:\/\/schema.org\",\"@graph\":[{\"@type\":\"WebPage\",\"@id\":\"https:\/\/vincentians.com\/fr\/ephemerides-26-mars\/\",\"url\":\"https:\/\/vincentians.com\/fr\/ephemerides-26-mars\/\",\"name\":\"Eph\u00e9m\u00e9rides : 26 mars - Nous Sommes Vincentiens\",\"isPartOf\":{\"@id\":\"https:\/\/vincentians.com\/fr\/#website\"},\"primaryImageOfPage\":{\"@id\":\"https:\/\/vincentians.com\/fr\/ephemerides-26-mars\/#primaryimage\"},\"image\":{\"@id\":\"https:\/\/vincentians.com\/fr\/ephemerides-26-mars\/#primaryimage\"},\"thumbnailUrl\":\"https:\/\/i0.wp.com\/vincentians.com\/fr\/wp-content\/uploads\/sites\/10\/2016\/07\/ephemerides-fb.jpg?fit=1200%2C630\",\"datePublished\":\"2017-03-25T23:01:17+00:00\",\"author\":{\"@id\":\"https:\/\/vincentians.com\/fr\/#\/schema\/person\/9623ef4d9aa3b2dfb8c061f1499288f2\"},\"breadcrumb\":{\"@id\":\"https:\/\/vincentians.com\/fr\/ephemerides-26-mars\/#breadcrumb\"},\"inLanguage\":\"fr-FR\",\"potentialAction\":[{\"@type\":\"ReadAction\",\"target\":[\"https:\/\/vincentians.com\/fr\/ephemerides-26-mars\/\"]}]},{\"@type\":\"ImageObject\",\"inLanguage\":\"fr-FR\",\"@id\":\"https:\/\/vincentians.com\/fr\/ephemerides-26-mars\/#primaryimage\",\"url\":\"https:\/\/i0.wp.com\/vincentians.com\/fr\/wp-content\/uploads\/sites\/10\/2016\/07\/ephemerides-fb.jpg?fit=1200%2C630\",\"contentUrl\":\"https:\/\/i0.wp.com\/vincentians.com\/fr\/wp-content\/uploads\/sites\/10\/2016\/07\/ephemerides-fb.jpg?fit=1200%2C630\",\"width\":1200,\"height\":630},{\"@type\":\"BreadcrumbList\",\"@id\":\"https:\/\/vincentians.com\/fr\/ephemerides-26-mars\/#breadcrumb\",\"itemListElement\":[{\"@type\":\"ListItem\",\"position\":1,\"name\":\"Portada\",\"item\":\"https:\/\/vincentians.com\/fr\/\"},{\"@type\":\"ListItem\",\"position\":2,\"name\":\"Eph\u00e9m\u00e9rides : 26 mars\"}]},{\"@type\":\"WebSite\",\"@id\":\"https:\/\/vincentians.com\/fr\/#website\",\"url\":\"https:\/\/vincentians.com\/fr\/\",\"name\":\"Nous Sommes Vincentiens\",\"description\":\"Know more to serve more\",\"potentialAction\":[{\"@type\":\"SearchAction\",\"target\":{\"@type\":\"EntryPoint\",\"urlTemplate\":\"https:\/\/vincentians.com\/fr\/?s={search_term_string}\"},\"query-input\":{\"@type\":\"PropertyValueSpecification\",\"valueRequired\":true,\"valueName\":\"search_term_string\"}}],\"inLanguage\":\"fr-FR\"},{\"@type\":\"Person\",\"@id\":\"https:\/\/vincentians.com\/fr\/#\/schema\/person\/9623ef4d9aa3b2dfb8c061f1499288f2\",\"name\":\"Francisco Javier Fern\u00e1ndez Chento\",\"image\":{\"@type\":\"ImageObject\",\"inLanguage\":\"fr-FR\",\"@id\":\"https:\/\/vincentians.com\/fr\/#\/schema\/person\/image\/\",\"url\":\"https:\/\/secure.gravatar.com\/avatar\/497d5cde87b4c3d097d0315953521681ba2cd523ee66e5077c3711f7021e65de?s=96&d=mm&r=g\",\"contentUrl\":\"https:\/\/secure.gravatar.com\/avatar\/497d5cde87b4c3d097d0315953521681ba2cd523ee66e5077c3711f7021e65de?s=96&d=mm&r=g\",\"caption\":\"Francisco Javier Fern\u00e1ndez Chento\"},\"description\":\"Director General y cofundador de La Red de Formaci\u00f3n Vicenciana. Javier es laico vicenciano, afiliado a la Congregaci\u00f3n de la Misi\u00f3n y miembro del Equipo de Misiones Populares de la provincia can\u00f3nica de Zaragoza (Espa\u00f1a) de la Congregaci\u00f3n de la Misi\u00f3n. Graduado en la Universidad Oberta de Catalunya con cuatro grados (Asistente de direcci\u00f3n, Gesti\u00f3n Administrativa, Recursos Humanos y Contabilidad Avanzada). Bil\u00edng\u00fce Espa\u00f1ol\/Ingl\u00e9s. gestiona y mantiene varias p\u00e1ginas web cristianas y vicencianas, incluida including La Red de Formaci\u00f3n Vicenciana, de la que es cofundador. Actualmente es responsable del \u00e1rea de Espa\u00f1ol de .famvin, la Red de Noticias de la Familia Vicenciana. Tambi\u00e9n es m\u00fasico cat\u00f3lico y ha editado varios discos. Es Director General y cofundador de Trovador, una reconocida compa\u00f1\u00eda discogr\u00e1fica critiana de Espa\u00f1a. Trabaja en las Tecnolog\u00edas de la Informaci\u00f3n, ofreciendo servicios de alojamiento, dise\u00f1o y mantenimiento Web, as\u00ed como asesoramiento, formaci\u00f3n y soluciones inform\u00e1ticas, gesti\u00f3n documental y digitalizaci\u00f3n de textos, edici\u00f3n y maquetaci\u00f3n de libros, revistas, flyers, etc.\",\"sameAs\":[\"http:\/\/chento.org\",\"https:\/\/www.facebook.com\/JavierChento\",\"https:\/\/x.com\/https:\/\/twitter.com\/javierchento\"],\"url\":\"http:\/\/vincentians.com\/fr\/author\/chento\/\"}]}<\/script>\n<!-- \/ Yoast SEO plugin. -->","yoast_head_json":{"title":"Eph\u00e9m\u00e9rides : 26 mars - Nous Sommes Vincentiens","robots":{"index":"index","follow":"follow","max-snippet":"max-snippet:-1","max-image-preview":"max-image-preview:large","max-video-preview":"max-video-preview:-1"},"canonical":"https:\/\/vincentians.com\/fr\/ephemerides-26-mars\/","og_locale":"fr_FR","og_type":"article","og_title":"Eph\u00e9m\u00e9rides : 26 mars - Nous Sommes Vincentiens","og_description":"l697. \u00c0 Paris , mort de M. Edme Jolly, troisi\u00e8me Sup\u00e9rieur g\u00e9n\u00e9ral de la Congr\u00e9gation de la Mission. Fils du procureur fiscal de Doue, au dioc\u00e8se de Meaux, o\u00f9 il est n\u00e9 le 24 octobre ... Read More","og_url":"https:\/\/vincentians.com\/fr\/ephemerides-26-mars\/","og_site_name":"Nous Sommes Vincentiens","article_publisher":"https:\/\/www.facebook.com\/WeAreVincentians\/","article_author":"https:\/\/www.facebook.com\/JavierChento","article_published_time":"2017-03-25T23:01:17+00:00","og_image":[{"width":1200,"height":630,"url":"https:\/\/i0.wp.com\/vincentians.com\/fr\/wp-content\/uploads\/sites\/10\/2016\/07\/ephemerides-fb.jpg?fit=1200%2C630&ssl=1","type":"image\/jpeg"}],"author":"Francisco Javier Fern\u00e1ndez Chento","twitter_card":"summary_large_image","twitter_creator":"@https:\/\/twitter.com\/javierchento","twitter_site":"@WeVincentians","twitter_misc":{"\u00c9crit par":"Francisco Javier Fern\u00e1ndez Chento","Dur\u00e9e de lecture estim\u00e9e":"3 minutes"},"schema":{"@context":"https:\/\/schema.org","@graph":[{"@type":"WebPage","@id":"https:\/\/vincentians.com\/fr\/ephemerides-26-mars\/","url":"https:\/\/vincentians.com\/fr\/ephemerides-26-mars\/","name":"Eph\u00e9m\u00e9rides : 26 mars - Nous Sommes Vincentiens","isPartOf":{"@id":"https:\/\/vincentians.com\/fr\/#website"},"primaryImageOfPage":{"@id":"https:\/\/vincentians.com\/fr\/ephemerides-26-mars\/#primaryimage"},"image":{"@id":"https:\/\/vincentians.com\/fr\/ephemerides-26-mars\/#primaryimage"},"thumbnailUrl":"https:\/\/i0.wp.com\/vincentians.com\/fr\/wp-content\/uploads\/sites\/10\/2016\/07\/ephemerides-fb.jpg?fit=1200%2C630","datePublished":"2017-03-25T23:01:17+00:00","author":{"@id":"https:\/\/vincentians.com\/fr\/#\/schema\/person\/9623ef4d9aa3b2dfb8c061f1499288f2"},"breadcrumb":{"@id":"https:\/\/vincentians.com\/fr\/ephemerides-26-mars\/#breadcrumb"},"inLanguage":"fr-FR","potentialAction":[{"@type":"ReadAction","target":["https:\/\/vincentians.com\/fr\/ephemerides-26-mars\/"]}]},{"@type":"ImageObject","inLanguage":"fr-FR","@id":"https:\/\/vincentians.com\/fr\/ephemerides-26-mars\/#primaryimage","url":"https:\/\/i0.wp.com\/vincentians.com\/fr\/wp-content\/uploads\/sites\/10\/2016\/07\/ephemerides-fb.jpg?fit=1200%2C630","contentUrl":"https:\/\/i0.wp.com\/vincentians.com\/fr\/wp-content\/uploads\/sites\/10\/2016\/07\/ephemerides-fb.jpg?fit=1200%2C630","width":1200,"height":630},{"@type":"BreadcrumbList","@id":"https:\/\/vincentians.com\/fr\/ephemerides-26-mars\/#breadcrumb","itemListElement":[{"@type":"ListItem","position":1,"name":"Portada","item":"https:\/\/vincentians.com\/fr\/"},{"@type":"ListItem","position":2,"name":"Eph\u00e9m\u00e9rides : 26 mars"}]},{"@type":"WebSite","@id":"https:\/\/vincentians.com\/fr\/#website","url":"https:\/\/vincentians.com\/fr\/","name":"Nous Sommes Vincentiens","description":"Know more to serve more","potentialAction":[{"@type":"SearchAction","target":{"@type":"EntryPoint","urlTemplate":"https:\/\/vincentians.com\/fr\/?s={search_term_string}"},"query-input":{"@type":"PropertyValueSpecification","valueRequired":true,"valueName":"search_term_string"}}],"inLanguage":"fr-FR"},{"@type":"Person","@id":"https:\/\/vincentians.com\/fr\/#\/schema\/person\/9623ef4d9aa3b2dfb8c061f1499288f2","name":"Francisco Javier Fern\u00e1ndez Chento","image":{"@type":"ImageObject","inLanguage":"fr-FR","@id":"https:\/\/vincentians.com\/fr\/#\/schema\/person\/image\/","url":"https:\/\/secure.gravatar.com\/avatar\/497d5cde87b4c3d097d0315953521681ba2cd523ee66e5077c3711f7021e65de?s=96&d=mm&r=g","contentUrl":"https:\/\/secure.gravatar.com\/avatar\/497d5cde87b4c3d097d0315953521681ba2cd523ee66e5077c3711f7021e65de?s=96&d=mm&r=g","caption":"Francisco Javier Fern\u00e1ndez Chento"},"description":"Director General y cofundador de La Red de Formaci\u00f3n Vicenciana. Javier es laico vicenciano, afiliado a la Congregaci\u00f3n de la Misi\u00f3n y miembro del Equipo de Misiones Populares de la provincia can\u00f3nica de Zaragoza (Espa\u00f1a) de la Congregaci\u00f3n de la Misi\u00f3n. Graduado en la Universidad Oberta de Catalunya con cuatro grados (Asistente de direcci\u00f3n, Gesti\u00f3n Administrativa, Recursos Humanos y Contabilidad Avanzada). Bil\u00edng\u00fce Espa\u00f1ol\/Ingl\u00e9s. gestiona y mantiene varias p\u00e1ginas web cristianas y vicencianas, incluida including La Red de Formaci\u00f3n Vicenciana, de la que es cofundador. Actualmente es responsable del \u00e1rea de Espa\u00f1ol de .famvin, la Red de Noticias de la Familia Vicenciana. Tambi\u00e9n es m\u00fasico cat\u00f3lico y ha editado varios discos. Es Director General y cofundador de Trovador, una reconocida compa\u00f1\u00eda discogr\u00e1fica critiana de Espa\u00f1a. Trabaja en las Tecnolog\u00edas de la Informaci\u00f3n, ofreciendo servicios de alojamiento, dise\u00f1o y mantenimiento Web, as\u00ed como asesoramiento, formaci\u00f3n y soluciones inform\u00e1ticas, gesti\u00f3n documental y digitalizaci\u00f3n de textos, edici\u00f3n y maquetaci\u00f3n de libros, revistas, flyers, etc.","sameAs":["http:\/\/chento.org","https:\/\/www.facebook.com\/JavierChento","https:\/\/x.com\/https:\/\/twitter.com\/javierchento"],"url":"http:\/\/vincentians.com\/fr\/author\/chento\/"}]}},"jetpack_publicize_connections":[],"jetpack_featured_media_url":"https:\/\/i0.wp.com\/vincentians.com\/fr\/wp-content\/uploads\/sites\/10\/2016\/07\/ephemerides-fb.jpg?fit=1200%2C630","jetpack_sharing_enabled":true,"jetpack_shortlink":"https:\/\/wp.me\/p7ETMP-NvW","jetpack-related-posts":[{"id":107804,"url":"http:\/\/vincentians.com\/fr\/ephemerides-23-janvier\/","url_meta":{"origin":190336,"position":0},"title":"Eph\u00e9m\u00e9rides: 23 janvier","author":"Francisco Javier Fern\u00e1ndez Chento","date":"23\/01\/2017","format":false,"excerpt":"En 1658, \u00e0 Saint-Lazare , Monsieur Vincent signe les patentes qui conf\u00e8rent \u00e0 Edme Jolly les pouvoirs de visiteur pour l'Italie. Depuis dix ans d\u00e9j\u00e0, Edme Jolly est romain : apr\u00e8s dix-huit mois de s\u00e9minaire, et \u00e2g\u00e9 de vingt-six ans, il a \u00e9t\u00e9 envoy\u00e9 dans la Ville Eternelle. Pr\u00eatre \u00e0\u2026","rel":"","context":"Dans &quot;\u00c9ph\u00e9m\u00e9rides vincentiens&quot;","block_context":{"text":"\u00c9ph\u00e9m\u00e9rides vincentiens","link":"http:\/\/vincentians.com\/fr\/category\/ephemerides-vincentiens\/"},"img":{"alt_text":"","src":"https:\/\/i0.wp.com\/vincentians.com\/fr\/wp-content\/uploads\/sites\/10\/2016\/07\/ephemerides-fb.jpg?fit=1200%2C630&resize=350%2C200","width":350,"height":200,"srcset":"https:\/\/i0.wp.com\/vincentians.com\/fr\/wp-content\/uploads\/sites\/10\/2016\/07\/ephemerides-fb.jpg?fit=1200%2C630&resize=350%2C200 1x, https:\/\/i0.wp.com\/vincentians.com\/fr\/wp-content\/uploads\/sites\/10\/2016\/07\/ephemerides-fb.jpg?fit=1200%2C630&resize=525%2C300 1.5x, https:\/\/i0.wp.com\/vincentians.com\/fr\/wp-content\/uploads\/sites\/10\/2016\/07\/ephemerides-fb.jpg?fit=1200%2C630&resize=700%2C400 2x, https:\/\/i0.wp.com\/vincentians.com\/fr\/wp-content\/uploads\/sites\/10\/2016\/07\/ephemerides-fb.jpg?fit=1200%2C630&resize=1050%2C600 3x"},"classes":[]},{"id":105537,"url":"http:\/\/vincentians.com\/fr\/ephemerides-5-janvier\/","url_meta":{"origin":190336,"position":1},"title":"Eph\u00e9m\u00e9rides: 5 janvier","author":"Francisco Javier Fern\u00e1ndez Chento","date":"05\/01\/2017","format":false,"excerpt":"1629. Saint Vincent \u00e9crit \u00e0 sainte Louise\u00a0: \u201cJe prie Dieu que vous et moi ayons toujours un m\u00eame vouloir et non vouloir avec Lui et en Lui puisque c\u2019est un paradis anticip\u00e9\u201d. (R) 1673. \u00c0 Saint-Lazare, la troisi\u00e8me Assembl\u00e9e g\u00e9n\u00e9rale choisit Edme Jolly comme successeur de saint Vincent et de\u2026","rel":"","context":"Dans &quot;\u00c9ph\u00e9m\u00e9rides vincentiens&quot;","block_context":{"text":"\u00c9ph\u00e9m\u00e9rides vincentiens","link":"http:\/\/vincentians.com\/fr\/category\/ephemerides-vincentiens\/"},"img":{"alt_text":"","src":"https:\/\/i0.wp.com\/vincentians.com\/fr\/wp-content\/uploads\/sites\/10\/2016\/07\/ephemerides-fb.jpg?fit=1200%2C630&resize=350%2C200","width":350,"height":200,"srcset":"https:\/\/i0.wp.com\/vincentians.com\/fr\/wp-content\/uploads\/sites\/10\/2016\/07\/ephemerides-fb.jpg?fit=1200%2C630&resize=350%2C200 1x, https:\/\/i0.wp.com\/vincentians.com\/fr\/wp-content\/uploads\/sites\/10\/2016\/07\/ephemerides-fb.jpg?fit=1200%2C630&resize=525%2C300 1.5x, https:\/\/i0.wp.com\/vincentians.com\/fr\/wp-content\/uploads\/sites\/10\/2016\/07\/ephemerides-fb.jpg?fit=1200%2C630&resize=700%2C400 2x, https:\/\/i0.wp.com\/vincentians.com\/fr\/wp-content\/uploads\/sites\/10\/2016\/07\/ephemerides-fb.jpg?fit=1200%2C630&resize=1050%2C600 3x"},"classes":[]},{"id":105526,"url":"http:\/\/vincentians.com\/fr\/ephemerides-2-janvier\/","url_meta":{"origin":190336,"position":2},"title":"Eph\u00e9m\u00e9rides: 2 janvier","author":"Francisco Javier Fern\u00e1ndez Chento","date":"02\/01\/2017","format":false,"excerpt":"1640. Les premi\u00e8res S\u0153urs sont envoy\u00e9es par saint Vincent soigner les Gal\u00e9riens malades, pour lesquels il a obtenu la Tour Saint-Bernard qui leur servira d\u2019h\u00f4pital\u00a0: \u201cEn assistant ces pauvres gens, \u00e9crit sainte Louise, elles lui rendront un service qui agr\u00e9e \u00e0 Dieu autant que s\u2019il \u00e9tait fait \u00e0 la personne\u2026","rel":"","context":"Dans &quot;\u00c9ph\u00e9m\u00e9rides vincentiens&quot;","block_context":{"text":"\u00c9ph\u00e9m\u00e9rides vincentiens","link":"http:\/\/vincentians.com\/fr\/category\/ephemerides-vincentiens\/"},"img":{"alt_text":"","src":"https:\/\/i0.wp.com\/vincentians.com\/fr\/wp-content\/uploads\/sites\/10\/2016\/07\/ephemerides-fb.jpg?fit=1200%2C630&resize=350%2C200","width":350,"height":200,"srcset":"https:\/\/i0.wp.com\/vincentians.com\/fr\/wp-content\/uploads\/sites\/10\/2016\/07\/ephemerides-fb.jpg?fit=1200%2C630&resize=350%2C200 1x, https:\/\/i0.wp.com\/vincentians.com\/fr\/wp-content\/uploads\/sites\/10\/2016\/07\/ephemerides-fb.jpg?fit=1200%2C630&resize=525%2C300 1.5x, https:\/\/i0.wp.com\/vincentians.com\/fr\/wp-content\/uploads\/sites\/10\/2016\/07\/ephemerides-fb.jpg?fit=1200%2C630&resize=700%2C400 2x, https:\/\/i0.wp.com\/vincentians.com\/fr\/wp-content\/uploads\/sites\/10\/2016\/07\/ephemerides-fb.jpg?fit=1200%2C630&resize=1050%2C600 3x"},"classes":[]},{"id":106434,"url":"http:\/\/vincentians.com\/fr\/ephemerides-17-mai\/","url_meta":{"origin":190336,"position":3},"title":"Eph\u00e9m\u00e9rides: 17 mai","author":"Francisco Javier Fern\u00e1ndez Chento","date":"17\/05\/2017","format":false,"excerpt":"En 1610, \u00e0 Paris, Monsieur Vincent qui depuis peu est aum\u00f4nier de la Reine Marguerite, re\u00e7oit un b\u00e9n\u00e9fice qui, pense-t-il, va le tirer de la g\u00eane. L'archev\u00eaque d'Aix, Hurault de l'H\u00f4pital, lui c\u00e8de l'abbaye de Saint-L\u00e9onard de Chaumes, au dioc\u00e8se de Saintes. Sur le papier, les revenus de ce monast\u00e8re\u2026","rel":"","context":"Dans &quot;\u00c9ph\u00e9m\u00e9rides vincentiens&quot;","block_context":{"text":"\u00c9ph\u00e9m\u00e9rides vincentiens","link":"http:\/\/vincentians.com\/fr\/category\/ephemerides-vincentiens\/"},"img":{"alt_text":"","src":"https:\/\/i0.wp.com\/vincentians.com\/fr\/wp-content\/uploads\/sites\/10\/2016\/07\/ephemerides-fb.jpg?fit=1200%2C630&resize=350%2C200","width":350,"height":200,"srcset":"https:\/\/i0.wp.com\/vincentians.com\/fr\/wp-content\/uploads\/sites\/10\/2016\/07\/ephemerides-fb.jpg?fit=1200%2C630&resize=350%2C200 1x, https:\/\/i0.wp.com\/vincentians.com\/fr\/wp-content\/uploads\/sites\/10\/2016\/07\/ephemerides-fb.jpg?fit=1200%2C630&resize=525%2C300 1.5x, https:\/\/i0.wp.com\/vincentians.com\/fr\/wp-content\/uploads\/sites\/10\/2016\/07\/ephemerides-fb.jpg?fit=1200%2C630&resize=700%2C400 2x, https:\/\/i0.wp.com\/vincentians.com\/fr\/wp-content\/uploads\/sites\/10\/2016\/07\/ephemerides-fb.jpg?fit=1200%2C630&resize=1050%2C600 3x"},"classes":[]},{"id":106439,"url":"http:\/\/vincentians.com\/fr\/ephemerides-12-mai\/","url_meta":{"origin":190336,"position":4},"title":"Eph\u00e9m\u00e9rides: 12 mai","author":"Francisco Javier Fern\u00e1ndez Chento","date":"12\/05\/2017","format":false,"excerpt":"En 1648, \u00e0 Alger, mort de M. Lesage au service des pestif\u00e9r\u00e9s.(R) En 1657, Sainte Louise \u00e9crit \u00e0 S\u0153ur C\u00e9cile \u00e0 Angers\u00a0: \u201c\u2026Quand je ressens quelque petit m\u00e9contentement de quelques-unes de nos S\u0153urs et que je consid\u00e8re de pr\u00e8s pour en conna\u00eetre la cause, il faut que je vous avoue\u2026","rel":"","context":"Dans &quot;\u00c9ph\u00e9m\u00e9rides vincentiens&quot;","block_context":{"text":"\u00c9ph\u00e9m\u00e9rides vincentiens","link":"http:\/\/vincentians.com\/fr\/category\/ephemerides-vincentiens\/"},"img":{"alt_text":"","src":"https:\/\/i0.wp.com\/vincentians.com\/fr\/wp-content\/uploads\/sites\/10\/2016\/07\/ephemerides-fb.jpg?fit=1200%2C630&resize=350%2C200","width":350,"height":200,"srcset":"https:\/\/i0.wp.com\/vincentians.com\/fr\/wp-content\/uploads\/sites\/10\/2016\/07\/ephemerides-fb.jpg?fit=1200%2C630&resize=350%2C200 1x, https:\/\/i0.wp.com\/vincentians.com\/fr\/wp-content\/uploads\/sites\/10\/2016\/07\/ephemerides-fb.jpg?fit=1200%2C630&resize=525%2C300 1.5x, https:\/\/i0.wp.com\/vincentians.com\/fr\/wp-content\/uploads\/sites\/10\/2016\/07\/ephemerides-fb.jpg?fit=1200%2C630&resize=700%2C400 2x, https:\/\/i0.wp.com\/vincentians.com\/fr\/wp-content\/uploads\/sites\/10\/2016\/07\/ephemerides-fb.jpg?fit=1200%2C630&resize=1050%2C600 3x"},"classes":[]},{"id":190229,"url":"http:\/\/vincentians.com\/fr\/ephemerides-08-octobre\/","url_meta":{"origin":190336,"position":5},"title":"Eph\u00e9m\u00e9rides : 08 octobre","author":"Francisco Javier Fern\u00e1ndez Chento","date":"08\/10\/2016","format":false,"excerpt":"1642. De Paris, Monsieur Vincent adresse \u00e0 Jean Brunet et \u00e0 \u00c9tienne Blatiron une lettre o\u00f9 il leur dit\u00a0: \u00abJe vous ai d\u00e9j\u00e0 \u00e9crit que la Providence de Dieu vous appelle \u00e0 Rome pour un nouvel \u00e9tablissement\u2026\u00bb C\u2019est une aimable fa\u00e7on de r\u00e9p\u00e9ter aux deux destinataires que sa d\u00e9cision, \u00e0\u2026","rel":"","context":"Dans &quot;\u00c9ph\u00e9m\u00e9rides vincentiens&quot;","block_context":{"text":"\u00c9ph\u00e9m\u00e9rides vincentiens","link":"http:\/\/vincentians.com\/fr\/category\/ephemerides-vincentiens\/"},"img":{"alt_text":"","src":"https:\/\/i0.wp.com\/vincentians.com\/fr\/wp-content\/uploads\/sites\/10\/2016\/07\/ephemerides-fb.jpg?fit=1200%2C630&resize=350%2C200","width":350,"height":200,"srcset":"https:\/\/i0.wp.com\/vincentians.com\/fr\/wp-content\/uploads\/sites\/10\/2016\/07\/ephemerides-fb.jpg?fit=1200%2C630&resize=350%2C200 1x, https:\/\/i0.wp.com\/vincentians.com\/fr\/wp-content\/uploads\/sites\/10\/2016\/07\/ephemerides-fb.jpg?fit=1200%2C630&resize=525%2C300 1.5x, https:\/\/i0.wp.com\/vincentians.com\/fr\/wp-content\/uploads\/sites\/10\/2016\/07\/ephemerides-fb.jpg?fit=1200%2C630&resize=700%2C400 2x, https:\/\/i0.wp.com\/vincentians.com\/fr\/wp-content\/uploads\/sites\/10\/2016\/07\/ephemerides-fb.jpg?fit=1200%2C630&resize=1050%2C600 3x"},"classes":[]}],"_links":{"self":[{"href":"http:\/\/vincentians.com\/fr\/wp-json\/wp\/v2\/posts\/190336","targetHints":{"allow":["GET"]}}],"collection":[{"href":"http:\/\/vincentians.com\/fr\/wp-json\/wp\/v2\/posts"}],"about":[{"href":"http:\/\/vincentians.com\/fr\/wp-json\/wp\/v2\/types\/post"}],"author":[{"embeddable":true,"href":"http:\/\/vincentians.com\/fr\/wp-json\/wp\/v2\/users\/4"}],"replies":[{"embeddable":true,"href":"http:\/\/vincentians.com\/fr\/wp-json\/wp\/v2\/comments?post=190336"}],"version-history":[{"count":0,"href":"http:\/\/vincentians.com\/fr\/wp-json\/wp\/v2\/posts\/190336\/revisions"}],"wp:featuredmedia":[{"embeddable":true,"href":"http:\/\/vincentians.com\/fr\/wp-json\/wp\/v2\/media\/149897"}],"wp:attachment":[{"href":"http:\/\/vincentians.com\/fr\/wp-json\/wp\/v2\/media?parent=190336"}],"wp:term":[{"taxonomy":"category","embeddable":true,"href":"http:\/\/vincentians.com\/fr\/wp-json\/wp\/v2\/categories?post=190336"},{"taxonomy":"post_tag","embeddable":true,"href":"http:\/\/vincentians.com\/fr\/wp-json\/wp\/v2\/tags?post=190336"}],"curies":[{"name":"wp","href":"https:\/\/api.w.org\/{rel}","templated":true}]}}