{"id":190231,"date":"2016-10-15T00:01:09","date_gmt":"2016-10-14T22:01:09","guid":{"rendered":"http:\/\/vincentians.com\/fr\/?p=190231"},"modified":"2016-08-09T18:54:20","modified_gmt":"2016-08-09T16:54:20","slug":"ephemerides-15-octobre","status":"publish","type":"post","link":"http:\/\/vincentians.com\/fr\/ephemerides-15-octobre\/","title":{"rendered":"Eph\u00e9m\u00e9rides : 15 octobre"},"content":{"rendered":"<p><b>1656<\/b>. Saint Vincent parle aux Premi\u00e8res S\u0153urs: \u201cVotre vocation est des plus grandes et des plus saintes qui soient dans l\u2019Eglise. Oh\u00a0! qu\u2019il est n\u00e9cessaire que vous ayez une grande vertu pour pers\u00e9v\u00e9rer\u00a0! car vous n\u2019\u00eates pas seulement pour servir les corps des pauvres malades, mais encore pour leur donner instruction en ce que vous pourrez. C\u2019est pourquoi il est bon que vous ne perdiez aucune occasion de vous bien instruire vous-m\u00eame\u201d. (R)<\/p>\n<p><b>1682<\/b>. \u00c0 Bordeaux, l\u2019archev\u00eaque Louis d\u2019Anglure de Bourlemont, confie aux Pr\u00eatres de la Mission son grand s\u00e9minaire et la direction du p\u00e8lerinage de Notre-Dame de Montuzet. Le contrat de fondation pr\u00e9voit qu\u2019\u00e0 c\u00f4t\u00e9 des confr\u00e8res charg\u00e9s des s\u00e9minaristes, il y aura une \u00e9quipe \u00e0 laquelle incombera la pr\u00e9dication des missions dans le dioc\u00e8se. En t\u00eate de la liste des sup\u00e9rieurs qui conduiront le s\u00e9minaire de Bordeaux jusqu\u2019\u00e0 la R\u00e9volution, se lit le nom de Ren\u00e9 Simon qui, quelques ann\u00e9es auparavant, avait habilement travaill\u00e9 \u00e0 Rome (1).<\/p>\n<p><b>1695<\/b>. Jean Baptiste Colbert, archev\u00eaque de Toulouse, en son nom et comme premier administrateur de l\u2019h\u00f4pital des Incurables de Toulouse signe avec M\u00e8re Mathurine Gu\u00e9rin et deux S\u0153urs offici\u00e8res (S\u0153ur Mich\u00e8le Duchange, d\u00e9pensi\u00e8re, est absente) le contrat pour l\u2019\u00e9tablissement de deux S\u0153urs qui auront seules le soin des malades accueillis dans cet h\u00f4pital. (C)<\/p>\n<p><b>1820<\/b>. \u00c0 Saint-Louis, aux \u00c9tats-Unis, F\u00e9lix de Andreis, \u00e0 l\u2019\u00e2ge de quarante-deux ans, ach\u00e8ve sa belle vie apostolique. Sa mort s\u2019accompagne de prodiges qui font r\u00e9p\u00e9ter ce que l\u2019on disait d\u00e9j\u00e0 de son vivant\u00a0: \u00abC\u2019est un saint\u00a0!\u00bb\u2026 Une trentaine d\u2019ann\u00e9es auparavant, le visiteur de G\u00e8nes a h\u00e9sit\u00e9 \u00e0 recevoir dans la petite Compagnie ce jeune homme de dix-huit ans, originaire de Demonte, dans le Pi\u00e9mont\u00a0: parmi les remarquables talents de F\u00e9lix de Andreis, il en est un qui inqui\u00e8te le visiteur\u00a0: c\u2019est son inclination pour la po\u00e9sie. Avec la surcharge de travail qui marquera la vie de F\u00e9lix de Andreis, sa \u00abnature po\u00e9tique\u00bb, \u2014 comme on disait alors \u2014 s\u2019expriment tout simplement par les effusions de son \u00e2me en dialogue permanent avec Dieu. Tr\u00e8s vite, le sacerdoce de F\u00e9lix de Andreis atteint un rayonnement extraordinaire\u00a0: il excelle dans la pr\u00e9dication\u00a0; il excelle dans l\u2019enseignement de la th\u00e9ologie\u00a0; et \u00e0 Rome, les conf\u00e9rences qu\u2019il donne, attire de belles assembl\u00e9es de pr\u00eatres, et les cardinaux ne sont pas parmi les moins avides de ses auditeurs. Un jour, Mgr Dubourg, l\u2019\u00e9v\u00eaque de la Nouvelle-Orl\u00e9ans, venu \u00e0 Rome pour se faire sacrer et pour recruter quelques pr\u00eatres pour son immense dioc\u00e8se, assiste \u00e0 l\u2019une des conf\u00e9rences de M. de Andreis, et, du premier coup il sent qu\u2019il lui faut ce pr\u00eatre et qu\u2019avec lui il pourra enraciner l\u2019\u00c9glise sur les berges du Mississipi. C\u2019est ainsi que F\u00e9lix de Andreis devient le premier sup\u00e9rieur lazariste d\u2019Am\u00e9rique. En juillet 1816, il arrive dans le Nouveau-Monde, avec une petite \u00e9quipe de pr\u00eatres, de clercs et de fr\u00e8res. Le futur Mgr Rosati est de ce nombre. Des \u00e2mes dans une lamentable indigence spirituelle et le d\u00e9nuement mat\u00e9riel le plus complet, accueillent nos missionnaires. Mais le z\u00e8le des uns et des autres est si grand qu\u2019en quelques ann\u00e9es le catholicisme prend dans la Louisiane une vigueur d\u2019o\u00f9 d\u00e9coule sa vitalit\u00e9 d\u2019aujourd\u2019hui. Et il est clair que c\u2019est l\u2019\u00e2me de F\u00e9lix de Andreis qui communique \u00e0 ses confr\u00e8res cette ardeur qui leur fait accomplir un immense labeur et qui implante cet authentique esprit de saint Vincent dont vivent aujourd\u2019hui nos provinces des \u00c9tats-Unis en plein essor. La cause de b\u00e9atification de F\u00e9lix de Andreis a \u00e9t\u00e9 introduite en Cour de Rome le 29 ao\u00fbt 1902 (2).<\/p>\n<p><b>1833<\/b>. M. Durando, b\u00e9atifi\u00e9en 2002, est nomm\u00e9 Directeur de la Province de Turin qui s\u2019organise avec 33 Filles de la Charit\u00e9 italiennes et quelques fran\u00e7aises. La Province prend un rapide essor\u00a0: en dix ans, vingt nouveaux \u00e9tablissements sont fond\u00e9s, et la Province s\u2019\u00e9tend par la suite en Emilie, Ligurie, Lombardie, Pi\u00e9mont, Sardaigne et m\u00eame en Suisse italienne. (R)<\/p>\n<p><b>1849<\/b>. Trois S\u0153urs sont envoy\u00e9es pour le Service des typhiques \u00e0 Marengo (Alg\u00e9rie). Bient\u00f4t s\u2019ouvrirent les classes et un h\u00f4pital qui durant l\u2019\u00e9pid\u00e9mie suivante re\u00e7ut jusqu\u2019\u00e0 180 contagieux. Il fut cependant la\u00efcis\u00e9 en 1879 comme les classes qui furent roouvertes par la suite jusqu\u2019en 1915. (R)<\/p>\n<dl>\n<dd>1) Notices, III, p. 701.<\/dd>\n<dd>2) Annales, t. 58, pp. 289-315, 429-442, 598-626\u00a0; t. 59, pp. 213-232\u00a0: t. 60. pp. 108-134, 256-295\u00a0: t. 67, pp. 551-557\u00a0; t. 83, 1186-1193\u00a0: t. 96, pp. 849-850.<\/dd>\n<\/dl>\n","protected":false},"excerpt":{"rendered":"<p>1656. Saint Vincent parle aux Premi\u00e8res S\u0153urs: \u201cVotre vocation est des plus grandes et des plus saintes qui soient dans l\u2019Eglise. Oh\u00a0! qu\u2019il est n\u00e9cessaire que vous ayez une grande vertu pour pers\u00e9v\u00e9rer\u00a0! car vous &#8230; <a href=\"http:\/\/vincentians.com\/fr\/ephemerides-15-octobre\/\" class=\"more-link\">Read More<\/a><\/p>\n","protected":false},"author":4,"featured_media":149897,"comment_status":"open","ping_status":"open","sticky":false,"template":"","format":"standard","meta":{"jetpack_post_was_ever_published":false,"_jetpack_newsletter_access":"","_jetpack_dont_email_post_to_subs":false,"_jetpack_newsletter_tier_id":0,"_jetpack_memberships_contains_paywalled_content":false,"_jetpack_memberships_contains_paid_content":false,"footnotes":"","jetpack_publicize_message":"","jetpack_publicize_feature_enabled":true,"jetpack_social_post_already_shared":true,"jetpack_social_options":{"image_generator_settings":{"template":"highway","default_image_id":0,"font":"","enabled":false},"version":2}},"categories":[119],"tags":[],"class_list":["post-190231","post","type-post","status-publish","format-standard","has-post-thumbnail","hentry","category-ephemerides-vincentiens"],"yoast_head":"<!-- This site is optimized with the Yoast SEO plugin v26.3 - https:\/\/yoast.com\/wordpress\/plugins\/seo\/ -->\n<title>Eph\u00e9m\u00e9rides : 15 octobre - Nous Sommes Vincentiens<\/title>\n<meta name=\"robots\" content=\"index, follow, max-snippet:-1, max-image-preview:large, max-video-preview:-1\" \/>\n<link rel=\"canonical\" href=\"https:\/\/vincentians.com\/fr\/ephemerides-15-octobre\/\" \/>\n<meta property=\"og:locale\" content=\"fr_FR\" \/>\n<meta property=\"og:type\" content=\"article\" \/>\n<meta property=\"og:title\" content=\"Eph\u00e9m\u00e9rides : 15 octobre - Nous Sommes Vincentiens\" \/>\n<meta property=\"og:description\" content=\"1656. Saint Vincent parle aux Premi\u00e8res S\u0153urs: \u201cVotre vocation est des plus grandes et des plus saintes qui soient dans l\u2019Eglise. Oh\u00a0! qu\u2019il est n\u00e9cessaire que vous ayez une grande vertu pour pers\u00e9v\u00e9rer\u00a0! car vous ... Read More\" \/>\n<meta property=\"og:url\" content=\"https:\/\/vincentians.com\/fr\/ephemerides-15-octobre\/\" \/>\n<meta property=\"og:site_name\" content=\"Nous Sommes Vincentiens\" \/>\n<meta property=\"article:publisher\" content=\"https:\/\/www.facebook.com\/WeAreVincentians\/\" \/>\n<meta property=\"article:author\" content=\"https:\/\/www.facebook.com\/JavierChento\" \/>\n<meta property=\"article:published_time\" content=\"2016-10-14T22:01:09+00:00\" \/>\n<meta property=\"og:image\" content=\"https:\/\/i0.wp.com\/vincentians.com\/fr\/wp-content\/uploads\/sites\/10\/2016\/07\/ephemerides-fb.jpg?fit=1200%2C630&ssl=1\" \/>\n\t<meta property=\"og:image:width\" content=\"1200\" \/>\n\t<meta property=\"og:image:height\" content=\"630\" \/>\n\t<meta property=\"og:image:type\" content=\"image\/jpeg\" \/>\n<meta name=\"author\" content=\"Francisco Javier Fern\u00e1ndez Chento\" \/>\n<meta name=\"twitter:card\" content=\"summary_large_image\" \/>\n<meta name=\"twitter:creator\" content=\"@https:\/\/twitter.com\/javierchento\" \/>\n<meta name=\"twitter:site\" content=\"@WeVincentians\" \/>\n<meta name=\"twitter:label1\" content=\"\u00c9crit par\" \/>\n\t<meta name=\"twitter:data1\" content=\"Francisco Javier Fern\u00e1ndez Chento\" \/>\n\t<meta name=\"twitter:label2\" content=\"Dur\u00e9e de lecture estim\u00e9e\" \/>\n\t<meta name=\"twitter:data2\" content=\"4 minutes\" \/>\n<script type=\"application\/ld+json\" class=\"yoast-schema-graph\">{\"@context\":\"https:\/\/schema.org\",\"@graph\":[{\"@type\":\"WebPage\",\"@id\":\"https:\/\/vincentians.com\/fr\/ephemerides-15-octobre\/\",\"url\":\"https:\/\/vincentians.com\/fr\/ephemerides-15-octobre\/\",\"name\":\"Eph\u00e9m\u00e9rides : 15 octobre - Nous Sommes Vincentiens\",\"isPartOf\":{\"@id\":\"https:\/\/vincentians.com\/fr\/#website\"},\"primaryImageOfPage\":{\"@id\":\"https:\/\/vincentians.com\/fr\/ephemerides-15-octobre\/#primaryimage\"},\"image\":{\"@id\":\"https:\/\/vincentians.com\/fr\/ephemerides-15-octobre\/#primaryimage\"},\"thumbnailUrl\":\"https:\/\/i0.wp.com\/vincentians.com\/fr\/wp-content\/uploads\/sites\/10\/2016\/07\/ephemerides-fb.jpg?fit=1200%2C630\",\"datePublished\":\"2016-10-14T22:01:09+00:00\",\"author\":{\"@id\":\"https:\/\/vincentians.com\/fr\/#\/schema\/person\/9623ef4d9aa3b2dfb8c061f1499288f2\"},\"breadcrumb\":{\"@id\":\"https:\/\/vincentians.com\/fr\/ephemerides-15-octobre\/#breadcrumb\"},\"inLanguage\":\"fr-FR\",\"potentialAction\":[{\"@type\":\"ReadAction\",\"target\":[\"https:\/\/vincentians.com\/fr\/ephemerides-15-octobre\/\"]}]},{\"@type\":\"ImageObject\",\"inLanguage\":\"fr-FR\",\"@id\":\"https:\/\/vincentians.com\/fr\/ephemerides-15-octobre\/#primaryimage\",\"url\":\"https:\/\/i0.wp.com\/vincentians.com\/fr\/wp-content\/uploads\/sites\/10\/2016\/07\/ephemerides-fb.jpg?fit=1200%2C630\",\"contentUrl\":\"https:\/\/i0.wp.com\/vincentians.com\/fr\/wp-content\/uploads\/sites\/10\/2016\/07\/ephemerides-fb.jpg?fit=1200%2C630\",\"width\":1200,\"height\":630},{\"@type\":\"BreadcrumbList\",\"@id\":\"https:\/\/vincentians.com\/fr\/ephemerides-15-octobre\/#breadcrumb\",\"itemListElement\":[{\"@type\":\"ListItem\",\"position\":1,\"name\":\"Portada\",\"item\":\"https:\/\/vincentians.com\/fr\/\"},{\"@type\":\"ListItem\",\"position\":2,\"name\":\"Eph\u00e9m\u00e9rides : 15 octobre\"}]},{\"@type\":\"WebSite\",\"@id\":\"https:\/\/vincentians.com\/fr\/#website\",\"url\":\"https:\/\/vincentians.com\/fr\/\",\"name\":\"Nous Sommes Vincentiens\",\"description\":\"Know more to serve more\",\"potentialAction\":[{\"@type\":\"SearchAction\",\"target\":{\"@type\":\"EntryPoint\",\"urlTemplate\":\"https:\/\/vincentians.com\/fr\/?s={search_term_string}\"},\"query-input\":{\"@type\":\"PropertyValueSpecification\",\"valueRequired\":true,\"valueName\":\"search_term_string\"}}],\"inLanguage\":\"fr-FR\"},{\"@type\":\"Person\",\"@id\":\"https:\/\/vincentians.com\/fr\/#\/schema\/person\/9623ef4d9aa3b2dfb8c061f1499288f2\",\"name\":\"Francisco Javier Fern\u00e1ndez Chento\",\"image\":{\"@type\":\"ImageObject\",\"inLanguage\":\"fr-FR\",\"@id\":\"https:\/\/vincentians.com\/fr\/#\/schema\/person\/image\/\",\"url\":\"https:\/\/secure.gravatar.com\/avatar\/497d5cde87b4c3d097d0315953521681ba2cd523ee66e5077c3711f7021e65de?s=96&d=mm&r=g\",\"contentUrl\":\"https:\/\/secure.gravatar.com\/avatar\/497d5cde87b4c3d097d0315953521681ba2cd523ee66e5077c3711f7021e65de?s=96&d=mm&r=g\",\"caption\":\"Francisco Javier Fern\u00e1ndez Chento\"},\"description\":\"Director General y cofundador de La Red de Formaci\u00f3n Vicenciana. Javier es laico vicenciano, afiliado a la Congregaci\u00f3n de la Misi\u00f3n y miembro del Equipo de Misiones Populares de la provincia can\u00f3nica de Zaragoza (Espa\u00f1a) de la Congregaci\u00f3n de la Misi\u00f3n. Graduado en la Universidad Oberta de Catalunya con cuatro grados (Asistente de direcci\u00f3n, Gesti\u00f3n Administrativa, Recursos Humanos y Contabilidad Avanzada). Bil\u00edng\u00fce Espa\u00f1ol\/Ingl\u00e9s. gestiona y mantiene varias p\u00e1ginas web cristianas y vicencianas, incluida including La Red de Formaci\u00f3n Vicenciana, de la que es cofundador. Actualmente es responsable del \u00e1rea de Espa\u00f1ol de .famvin, la Red de Noticias de la Familia Vicenciana. Tambi\u00e9n es m\u00fasico cat\u00f3lico y ha editado varios discos. Es Director General y cofundador de Trovador, una reconocida compa\u00f1\u00eda discogr\u00e1fica critiana de Espa\u00f1a. Trabaja en las Tecnolog\u00edas de la Informaci\u00f3n, ofreciendo servicios de alojamiento, dise\u00f1o y mantenimiento Web, as\u00ed como asesoramiento, formaci\u00f3n y soluciones inform\u00e1ticas, gesti\u00f3n documental y digitalizaci\u00f3n de textos, edici\u00f3n y maquetaci\u00f3n de libros, revistas, flyers, etc.\",\"sameAs\":[\"http:\/\/chento.org\",\"https:\/\/www.facebook.com\/JavierChento\",\"https:\/\/x.com\/https:\/\/twitter.com\/javierchento\"],\"url\":\"http:\/\/vincentians.com\/fr\/author\/chento\/\"}]}<\/script>\n<!-- \/ Yoast SEO plugin. -->","yoast_head_json":{"title":"Eph\u00e9m\u00e9rides : 15 octobre - Nous Sommes Vincentiens","robots":{"index":"index","follow":"follow","max-snippet":"max-snippet:-1","max-image-preview":"max-image-preview:large","max-video-preview":"max-video-preview:-1"},"canonical":"https:\/\/vincentians.com\/fr\/ephemerides-15-octobre\/","og_locale":"fr_FR","og_type":"article","og_title":"Eph\u00e9m\u00e9rides : 15 octobre - Nous Sommes Vincentiens","og_description":"1656. Saint Vincent parle aux Premi\u00e8res S\u0153urs: \u201cVotre vocation est des plus grandes et des plus saintes qui soient dans l\u2019Eglise. Oh\u00a0! qu\u2019il est n\u00e9cessaire que vous ayez une grande vertu pour pers\u00e9v\u00e9rer\u00a0! car vous ... Read More","og_url":"https:\/\/vincentians.com\/fr\/ephemerides-15-octobre\/","og_site_name":"Nous Sommes Vincentiens","article_publisher":"https:\/\/www.facebook.com\/WeAreVincentians\/","article_author":"https:\/\/www.facebook.com\/JavierChento","article_published_time":"2016-10-14T22:01:09+00:00","og_image":[{"width":1200,"height":630,"url":"https:\/\/i0.wp.com\/vincentians.com\/fr\/wp-content\/uploads\/sites\/10\/2016\/07\/ephemerides-fb.jpg?fit=1200%2C630&ssl=1","type":"image\/jpeg"}],"author":"Francisco Javier Fern\u00e1ndez Chento","twitter_card":"summary_large_image","twitter_creator":"@https:\/\/twitter.com\/javierchento","twitter_site":"@WeVincentians","twitter_misc":{"\u00c9crit par":"Francisco Javier Fern\u00e1ndez Chento","Dur\u00e9e de lecture estim\u00e9e":"4 minutes"},"schema":{"@context":"https:\/\/schema.org","@graph":[{"@type":"WebPage","@id":"https:\/\/vincentians.com\/fr\/ephemerides-15-octobre\/","url":"https:\/\/vincentians.com\/fr\/ephemerides-15-octobre\/","name":"Eph\u00e9m\u00e9rides : 15 octobre - Nous Sommes Vincentiens","isPartOf":{"@id":"https:\/\/vincentians.com\/fr\/#website"},"primaryImageOfPage":{"@id":"https:\/\/vincentians.com\/fr\/ephemerides-15-octobre\/#primaryimage"},"image":{"@id":"https:\/\/vincentians.com\/fr\/ephemerides-15-octobre\/#primaryimage"},"thumbnailUrl":"https:\/\/i0.wp.com\/vincentians.com\/fr\/wp-content\/uploads\/sites\/10\/2016\/07\/ephemerides-fb.jpg?fit=1200%2C630","datePublished":"2016-10-14T22:01:09+00:00","author":{"@id":"https:\/\/vincentians.com\/fr\/#\/schema\/person\/9623ef4d9aa3b2dfb8c061f1499288f2"},"breadcrumb":{"@id":"https:\/\/vincentians.com\/fr\/ephemerides-15-octobre\/#breadcrumb"},"inLanguage":"fr-FR","potentialAction":[{"@type":"ReadAction","target":["https:\/\/vincentians.com\/fr\/ephemerides-15-octobre\/"]}]},{"@type":"ImageObject","inLanguage":"fr-FR","@id":"https:\/\/vincentians.com\/fr\/ephemerides-15-octobre\/#primaryimage","url":"https:\/\/i0.wp.com\/vincentians.com\/fr\/wp-content\/uploads\/sites\/10\/2016\/07\/ephemerides-fb.jpg?fit=1200%2C630","contentUrl":"https:\/\/i0.wp.com\/vincentians.com\/fr\/wp-content\/uploads\/sites\/10\/2016\/07\/ephemerides-fb.jpg?fit=1200%2C630","width":1200,"height":630},{"@type":"BreadcrumbList","@id":"https:\/\/vincentians.com\/fr\/ephemerides-15-octobre\/#breadcrumb","itemListElement":[{"@type":"ListItem","position":1,"name":"Portada","item":"https:\/\/vincentians.com\/fr\/"},{"@type":"ListItem","position":2,"name":"Eph\u00e9m\u00e9rides : 15 octobre"}]},{"@type":"WebSite","@id":"https:\/\/vincentians.com\/fr\/#website","url":"https:\/\/vincentians.com\/fr\/","name":"Nous Sommes Vincentiens","description":"Know more to serve more","potentialAction":[{"@type":"SearchAction","target":{"@type":"EntryPoint","urlTemplate":"https:\/\/vincentians.com\/fr\/?s={search_term_string}"},"query-input":{"@type":"PropertyValueSpecification","valueRequired":true,"valueName":"search_term_string"}}],"inLanguage":"fr-FR"},{"@type":"Person","@id":"https:\/\/vincentians.com\/fr\/#\/schema\/person\/9623ef4d9aa3b2dfb8c061f1499288f2","name":"Francisco Javier Fern\u00e1ndez Chento","image":{"@type":"ImageObject","inLanguage":"fr-FR","@id":"https:\/\/vincentians.com\/fr\/#\/schema\/person\/image\/","url":"https:\/\/secure.gravatar.com\/avatar\/497d5cde87b4c3d097d0315953521681ba2cd523ee66e5077c3711f7021e65de?s=96&d=mm&r=g","contentUrl":"https:\/\/secure.gravatar.com\/avatar\/497d5cde87b4c3d097d0315953521681ba2cd523ee66e5077c3711f7021e65de?s=96&d=mm&r=g","caption":"Francisco Javier Fern\u00e1ndez Chento"},"description":"Director General y cofundador de La Red de Formaci\u00f3n Vicenciana. Javier es laico vicenciano, afiliado a la Congregaci\u00f3n de la Misi\u00f3n y miembro del Equipo de Misiones Populares de la provincia can\u00f3nica de Zaragoza (Espa\u00f1a) de la Congregaci\u00f3n de la Misi\u00f3n. Graduado en la Universidad Oberta de Catalunya con cuatro grados (Asistente de direcci\u00f3n, Gesti\u00f3n Administrativa, Recursos Humanos y Contabilidad Avanzada). Bil\u00edng\u00fce Espa\u00f1ol\/Ingl\u00e9s. gestiona y mantiene varias p\u00e1ginas web cristianas y vicencianas, incluida including La Red de Formaci\u00f3n Vicenciana, de la que es cofundador. Actualmente es responsable del \u00e1rea de Espa\u00f1ol de .famvin, la Red de Noticias de la Familia Vicenciana. Tambi\u00e9n es m\u00fasico cat\u00f3lico y ha editado varios discos. Es Director General y cofundador de Trovador, una reconocida compa\u00f1\u00eda discogr\u00e1fica critiana de Espa\u00f1a. Trabaja en las Tecnolog\u00edas de la Informaci\u00f3n, ofreciendo servicios de alojamiento, dise\u00f1o y mantenimiento Web, as\u00ed como asesoramiento, formaci\u00f3n y soluciones inform\u00e1ticas, gesti\u00f3n documental y digitalizaci\u00f3n de textos, edici\u00f3n y maquetaci\u00f3n de libros, revistas, flyers, etc.","sameAs":["http:\/\/chento.org","https:\/\/www.facebook.com\/JavierChento","https:\/\/x.com\/https:\/\/twitter.com\/javierchento"],"url":"http:\/\/vincentians.com\/fr\/author\/chento\/"}]}},"jetpack_publicize_connections":[],"jetpack_featured_media_url":"https:\/\/i0.wp.com\/vincentians.com\/fr\/wp-content\/uploads\/sites\/10\/2016\/07\/ephemerides-fb.jpg?fit=1200%2C630","jetpack_sharing_enabled":true,"jetpack_shortlink":"https:\/\/wp.me\/p7ETMP-Nuf","jetpack-related-posts":[{"id":105534,"url":"http:\/\/vincentians.com\/fr\/ephemerides-11-janvier\/","url_meta":{"origin":190231,"position":0},"title":"Eph\u00e9m\u00e9rides: 11 janvier","author":"Francisco Javier Fern\u00e1ndez Chento","date":"11\/01\/2017","format":false,"excerpt":"1659. Sainte Louise \u00e9crit \u00e0 saint Vincent au sujet de notre genre de vie\u00a0: \u201cQuelques esprits d\u00e9licats de la Compagnie ont r\u00e9pugnance \u00e0 ce mot de \u201cconfr\u00e9rie\u201d et ne voudraient que Soci\u00e9t\u00e9 ou Communaut\u00e9. Je pris la libert\u00e9 de dire que ce mot \u00e9tait essentiel\u2026 et qu\u2019il signifiait \"s\u00e9cularit\u00e9\"\u00a0; que\u2026","rel":"","context":"Dans &quot;\u00c9ph\u00e9m\u00e9rides vincentiens&quot;","block_context":{"text":"\u00c9ph\u00e9m\u00e9rides vincentiens","link":"http:\/\/vincentians.com\/fr\/category\/ephemerides-vincentiens\/"},"img":{"alt_text":"","src":"https:\/\/i0.wp.com\/vincentians.com\/fr\/wp-content\/uploads\/sites\/10\/2016\/07\/ephemerides-fb.jpg?fit=1200%2C630&resize=350%2C200","width":350,"height":200,"srcset":"https:\/\/i0.wp.com\/vincentians.com\/fr\/wp-content\/uploads\/sites\/10\/2016\/07\/ephemerides-fb.jpg?fit=1200%2C630&resize=350%2C200 1x, https:\/\/i0.wp.com\/vincentians.com\/fr\/wp-content\/uploads\/sites\/10\/2016\/07\/ephemerides-fb.jpg?fit=1200%2C630&resize=525%2C300 1.5x, https:\/\/i0.wp.com\/vincentians.com\/fr\/wp-content\/uploads\/sites\/10\/2016\/07\/ephemerides-fb.jpg?fit=1200%2C630&resize=700%2C400 2x, https:\/\/i0.wp.com\/vincentians.com\/fr\/wp-content\/uploads\/sites\/10\/2016\/07\/ephemerides-fb.jpg?fit=1200%2C630&resize=1050%2C600 3x"},"classes":[]},{"id":189321,"url":"http:\/\/vincentians.com\/fr\/ephemerides-17-juilliet\/","url_meta":{"origin":190231,"position":1},"title":"Eph\u00e9m\u00e9rides: 17 juilliet","author":"Francisco Javier Fern\u00e1ndez Chento","date":"17\/07\/2017","format":false,"excerpt":"1699. Monsieur Fran\u00e7ois de Lamoignon, seigneur de Basville, vient r\u00e9gulariser la situation des deux S\u0153urs \u00e9tablies sur ses terres et qui, depuis le 12 octobre 1689, assistent les malades de Saint Cheron et des hameaux environnants. Le contrat est sign\u00e9 devant notaire par lui-m\u00eame et M\u00e8re Julienne La Boue et\u2026","rel":"","context":"Dans &quot;\u00c9ph\u00e9m\u00e9rides vincentiens&quot;","block_context":{"text":"\u00c9ph\u00e9m\u00e9rides vincentiens","link":"http:\/\/vincentians.com\/fr\/category\/ephemerides-vincentiens\/"},"img":{"alt_text":"","src":"https:\/\/i0.wp.com\/vincentians.com\/fr\/wp-content\/uploads\/sites\/10\/2016\/07\/ephemerides-fb.jpg?fit=1200%2C630&resize=350%2C200","width":350,"height":200,"srcset":"https:\/\/i0.wp.com\/vincentians.com\/fr\/wp-content\/uploads\/sites\/10\/2016\/07\/ephemerides-fb.jpg?fit=1200%2C630&resize=350%2C200 1x, https:\/\/i0.wp.com\/vincentians.com\/fr\/wp-content\/uploads\/sites\/10\/2016\/07\/ephemerides-fb.jpg?fit=1200%2C630&resize=525%2C300 1.5x, https:\/\/i0.wp.com\/vincentians.com\/fr\/wp-content\/uploads\/sites\/10\/2016\/07\/ephemerides-fb.jpg?fit=1200%2C630&resize=700%2C400 2x, https:\/\/i0.wp.com\/vincentians.com\/fr\/wp-content\/uploads\/sites\/10\/2016\/07\/ephemerides-fb.jpg?fit=1200%2C630&resize=1050%2C600 3x"},"classes":[]},{"id":190559,"url":"http:\/\/vincentians.com\/fr\/ephemerides-01-juin\/","url_meta":{"origin":190231,"position":2},"title":"Eph\u00e9m\u00e9rides: 01 juin","author":"Francisco Javier Fern\u00e1ndez Chento","date":"01\/06\/2017","format":false,"excerpt":"1675. \u00c0 Paris, les Pr\u00eatres de la Mission, install\u00e9s dans le logis situ\u00e9 \u00e0 l'ouest de la chapelle des Invalides, inaugurent leurs fonctions par une grande mission qui se cl\u00f4turera le 30 juin (1). 1863. \u00c0 Cuba, notre confr\u00e8re, M. J\u00e9r\u00f4me Viladas, prend possession de l'ancien couvent de Notre-Dame de\u2026","rel":"","context":"Dans &quot;\u00c9ph\u00e9m\u00e9rides vincentiens&quot;","block_context":{"text":"\u00c9ph\u00e9m\u00e9rides vincentiens","link":"http:\/\/vincentians.com\/fr\/category\/ephemerides-vincentiens\/"},"img":{"alt_text":"","src":"https:\/\/i0.wp.com\/vincentians.com\/fr\/wp-content\/uploads\/sites\/10\/2016\/07\/ephemerides-fb.jpg?fit=1200%2C630&resize=350%2C200","width":350,"height":200,"srcset":"https:\/\/i0.wp.com\/vincentians.com\/fr\/wp-content\/uploads\/sites\/10\/2016\/07\/ephemerides-fb.jpg?fit=1200%2C630&resize=350%2C200 1x, https:\/\/i0.wp.com\/vincentians.com\/fr\/wp-content\/uploads\/sites\/10\/2016\/07\/ephemerides-fb.jpg?fit=1200%2C630&resize=525%2C300 1.5x, https:\/\/i0.wp.com\/vincentians.com\/fr\/wp-content\/uploads\/sites\/10\/2016\/07\/ephemerides-fb.jpg?fit=1200%2C630&resize=700%2C400 2x, https:\/\/i0.wp.com\/vincentians.com\/fr\/wp-content\/uploads\/sites\/10\/2016\/07\/ephemerides-fb.jpg?fit=1200%2C630&resize=1050%2C600 3x"},"classes":[]},{"id":52054,"url":"http:\/\/vincentians.com\/fr\/saint-vincent-de-paul-et-sa-mission-sociale-iii-laction-2\/","url_meta":{"origin":190231,"position":3},"title":"Saint Vincent De Paul Et Sa Mission Sociale. III &#8211; L\u2019action (2)","author":"Francisco Javier Fern\u00e1ndez Chento","date":"26\/12\/2014","format":false,"excerpt":"LA RENAISSANCE RELIGIEUSE. \u2014 Le compl\u00e9ment des missions. \u2014 \u00c9tat du clerg\u00e9 depuis le concile de Trente. \u2014 N\u00e9cessit\u00e9 d\u2019une r\u00e9forme. \u2014 Les exercices des ordinands. \u2014 Saint-Lazare. \u2014 La conf\u00e9rence du mardi. \u2014 Bossuet. \u2014 Les retraites spirituelles. \u2014 Le coll\u00e8ge des Bons-Enfants. \u2014 Vincent de Paul et Olier.\u2026","rel":"","context":"Dans &quot;Vincent de Paul&quot;","block_context":{"text":"Vincent de Paul","link":"http:\/\/vincentians.com\/fr\/category\/the-vincentian-family\/founders\/vincent-de-paul\/"},"img":{"alt_text":"","src":"https:\/\/i0.wp.com\/vincentians.com\/fr\/wp-content\/uploads\/sites\/10\/2016\/07\/vincent-et-sa-action-sociale.jpg?fit=1160%2C630&resize=350%2C200","width":350,"height":200,"srcset":"https:\/\/i0.wp.com\/vincentians.com\/fr\/wp-content\/uploads\/sites\/10\/2016\/07\/vincent-et-sa-action-sociale.jpg?fit=1160%2C630&resize=350%2C200 1x, https:\/\/i0.wp.com\/vincentians.com\/fr\/wp-content\/uploads\/sites\/10\/2016\/07\/vincent-et-sa-action-sociale.jpg?fit=1160%2C630&resize=525%2C300 1.5x, https:\/\/i0.wp.com\/vincentians.com\/fr\/wp-content\/uploads\/sites\/10\/2016\/07\/vincent-et-sa-action-sociale.jpg?fit=1160%2C630&resize=700%2C400 2x, https:\/\/i0.wp.com\/vincentians.com\/fr\/wp-content\/uploads\/sites\/10\/2016\/07\/vincent-et-sa-action-sociale.jpg?fit=1160%2C630&resize=1050%2C600 3x"},"classes":[]},{"id":52068,"url":"http:\/\/vincentians.com\/fr\/saint-vincent-de-paul-et-sa-mission-sociale-vi-la-posterite-1\/","url_meta":{"origin":190231,"position":4},"title":"Saint Vincent De Paul Et Sa Mission Sociale. VI &#8211; La Post\u00e9rit\u00e9 (1)","author":"Francisco Javier Fern\u00e1ndez Chento","date":"30\/12\/2014","format":false,"excerpt":"L\u2019ACCROISSEMENT. \u2014 Extension des deux familles de saint Vincent de Paul. \u2014 Progr\u00e8s de leurs \u0153uvres. \u2014 Les missions \u00e9trang\u00e8res et les s\u00e9minaires. \u2014 Les successeurs de saint Vincent. \u2014 Congr\u00e9gations religieuses fond\u00e9es sur le mod\u00e8le de la Mission. \u2014 Les Filles de la Charit\u00e9 en France et \u00e0 l\u2019\u00e9tranger.\u2026","rel":"","context":"Dans &quot;Vincent de Paul&quot;","block_context":{"text":"Vincent de Paul","link":"http:\/\/vincentians.com\/fr\/category\/the-vincentian-family\/founders\/vincent-de-paul\/"},"img":{"alt_text":"","src":"https:\/\/i0.wp.com\/vincentians.com\/fr\/wp-content\/uploads\/sites\/10\/2016\/07\/vincent-et-sa-action-sociale.jpg?fit=1160%2C630&resize=350%2C200","width":350,"height":200,"srcset":"https:\/\/i0.wp.com\/vincentians.com\/fr\/wp-content\/uploads\/sites\/10\/2016\/07\/vincent-et-sa-action-sociale.jpg?fit=1160%2C630&resize=350%2C200 1x, https:\/\/i0.wp.com\/vincentians.com\/fr\/wp-content\/uploads\/sites\/10\/2016\/07\/vincent-et-sa-action-sociale.jpg?fit=1160%2C630&resize=525%2C300 1.5x, https:\/\/i0.wp.com\/vincentians.com\/fr\/wp-content\/uploads\/sites\/10\/2016\/07\/vincent-et-sa-action-sociale.jpg?fit=1160%2C630&resize=700%2C400 2x, https:\/\/i0.wp.com\/vincentians.com\/fr\/wp-content\/uploads\/sites\/10\/2016\/07\/vincent-et-sa-action-sociale.jpg?fit=1160%2C630&resize=1050%2C600 3x"},"classes":[]},{"id":103893,"url":"http:\/\/vincentians.com\/fr\/ephemerides-31-octobre\/","url_meta":{"origin":190231,"position":5},"title":"Eph\u00e9m\u00e9rides: 31 octobre","author":"Francisco Javier Fern\u00e1ndez Chento","date":"31\/10\/2016","format":false,"excerpt":"1650. Sainte Louise \u00e9crit une de ses M\u00e9ditations\u00a0: \u201cIl m\u2019a sembl\u00e9 que pour \u00eatre fid\u00e8les \u00e0 Dieu, nous devions \u00eatre en une grande union les unes avec les autres, comme le Saint-Esprit est l\u2019union du P\u00e8re et du Fils. La vie que volontairement nous entreprenons se doit exercer dans cette\u2026","rel":"","context":"Dans &quot;\u00c9ph\u00e9m\u00e9rides vincentiens&quot;","block_context":{"text":"\u00c9ph\u00e9m\u00e9rides vincentiens","link":"http:\/\/vincentians.com\/fr\/category\/ephemerides-vincentiens\/"},"img":{"alt_text":"","src":"https:\/\/i0.wp.com\/vincentians.com\/fr\/wp-content\/uploads\/sites\/10\/2016\/07\/ephemerides-fb.jpg?fit=1200%2C630&resize=350%2C200","width":350,"height":200,"srcset":"https:\/\/i0.wp.com\/vincentians.com\/fr\/wp-content\/uploads\/sites\/10\/2016\/07\/ephemerides-fb.jpg?fit=1200%2C630&resize=350%2C200 1x, https:\/\/i0.wp.com\/vincentians.com\/fr\/wp-content\/uploads\/sites\/10\/2016\/07\/ephemerides-fb.jpg?fit=1200%2C630&resize=525%2C300 1.5x, https:\/\/i0.wp.com\/vincentians.com\/fr\/wp-content\/uploads\/sites\/10\/2016\/07\/ephemerides-fb.jpg?fit=1200%2C630&resize=700%2C400 2x, https:\/\/i0.wp.com\/vincentians.com\/fr\/wp-content\/uploads\/sites\/10\/2016\/07\/ephemerides-fb.jpg?fit=1200%2C630&resize=1050%2C600 3x"},"classes":[]}],"_links":{"self":[{"href":"http:\/\/vincentians.com\/fr\/wp-json\/wp\/v2\/posts\/190231","targetHints":{"allow":["GET"]}}],"collection":[{"href":"http:\/\/vincentians.com\/fr\/wp-json\/wp\/v2\/posts"}],"about":[{"href":"http:\/\/vincentians.com\/fr\/wp-json\/wp\/v2\/types\/post"}],"author":[{"embeddable":true,"href":"http:\/\/vincentians.com\/fr\/wp-json\/wp\/v2\/users\/4"}],"replies":[{"embeddable":true,"href":"http:\/\/vincentians.com\/fr\/wp-json\/wp\/v2\/comments?post=190231"}],"version-history":[{"count":0,"href":"http:\/\/vincentians.com\/fr\/wp-json\/wp\/v2\/posts\/190231\/revisions"}],"wp:featuredmedia":[{"embeddable":true,"href":"http:\/\/vincentians.com\/fr\/wp-json\/wp\/v2\/media\/149897"}],"wp:attachment":[{"href":"http:\/\/vincentians.com\/fr\/wp-json\/wp\/v2\/media?parent=190231"}],"wp:term":[{"taxonomy":"category","embeddable":true,"href":"http:\/\/vincentians.com\/fr\/wp-json\/wp\/v2\/categories?post=190231"},{"taxonomy":"post_tag","embeddable":true,"href":"http:\/\/vincentians.com\/fr\/wp-json\/wp\/v2\/tags?post=190231"}],"curies":[{"name":"wp","href":"https:\/\/api.w.org\/{rel}","templated":true}]}}