{"id":190230,"date":"2016-10-16T00:01:09","date_gmt":"2016-10-15T22:01:09","guid":{"rendered":"http:\/\/vincentians.com\/fr\/?p=190230"},"modified":"2016-08-09T18:54:30","modified_gmt":"2016-08-09T16:54:30","slug":"ephemerides-16-octobre","status":"publish","type":"post","link":"http:\/\/vincentians.com\/fr\/ephemerides-16-octobre\/","title":{"rendered":"Eph\u00e9m\u00e9rides : 16 octobre"},"content":{"rendered":"<p><b>1650<\/b>. Sainte Louise \u00e9crit dans ses M\u00e9ditations\u00a0: \u201cLa Sainte Trinit\u00e9 m\u2019a aim\u00e9e de toute \u00e9ternit\u00e9 et m\u2019a cr\u00e9\u00e9e pour sa gloire. Je ne pouvais \u00eatre ni subsister hors de Dieu puisqu\u2019il est mon principe. Il veut aussi et doit \u00eatre ma fin, ayant fait toutes les cr\u00e9utures pour me servir de moyens pour y parvenir comme sont les fleuves qui conduisent les eaux de la mer. Apr\u00e8s avoir reconnu mon indignit\u00e9 et ma mis\u00e8re, j\u2019ai vu que, par seule bont\u00e9 et amour, Il veut \u00eatre ma force dans les affaires les plus p\u00e9nibles entreprises pour son service, avec sentiment de grande consolation dans la vue de ma pauvret\u00e9.\u201d (R)<\/p>\n<p><b>1761<\/b>. \u00c0 Hecourt, un haro est interjet\u00e9 contre S\u0153ur Scholastique de Mouchy, dans la paroisse depuis 20 ans, mais d\u2019humeur si impossible qu\u2019aucune s\u0153ur ne peut demeurer avec elle. Elle est accus\u00e9e de vol par le Cur\u00e9, le syndic et les habitants de la paroisse. Elle est imm\u00e9diatement emprisonn\u00e9e \u00e0 Gisors. (C) Le \u201charo\u201d, formule juridique utilis\u00e9e en Normandie, permet d\u2019arr\u00eater imm\u00e9diatement le coupable et de le conduire devant le juge.<\/p>\n<p><b>1919<\/b>. \u00c0 Paris, en pr\u00e9sence du l\u00e9gat de Beno\u00eet XV et de tout l\u2019\u00e9piscopat fran\u00e7ais, le cardinal Amette consacre l\u2019\u00e9glise du V\u0153u National au Sacr\u00e9-C\u0153ur, sur la colline de Montmartre. \u00c0 cette c\u00e9r\u00e9monie qui fait date dans l\u2019histoire religieuse de la France, la Maison-M\u00e8re a \u00e9t\u00e9 associ\u00e9e, non seulement parce que, en plus du cardinal Vico, l\u00e9gat du Souverain Pontife, elle a h\u00e9berge seize \u00e9v\u00eaques de France, mais aussi parce qu\u2019elle a pr\u00eat\u00e9 la voix de ses jeunes gens pour les chants liturgiques. Et la presse de l\u2019\u00e9poque s\u2019est extasi\u00e9e sur la vaillance des clercs de la Mission dont les cordes vocales n\u2019ont trahi aucune fatigue au cours de la c\u00e9r\u00e9monie qui, commenc\u00e9e \u00e0 7 h. 30 du matin, ne s\u2019est termin\u00e9e qu\u2019\u00e0 une heure de l\u2019apr\u00e8s-midi\u2026 Pour la petite Compagnie toute enti\u00e8re, la cons\u00e9cration de l\u2019\u00e9glise de Montmartre, \u00e9rig\u00e9e en basilique mineure, ce m\u00eame jour, doit rester comme une date tr\u00e8s douce, puisque, dans ce sanctuaire devenu un des hauts lieux de la Chr\u00e9tient\u00e9, sur ce Mont des Martyrs o\u00f9 notre bienheureux P\u00e8re vint prier, une, chapelle a \u00e9t\u00e9 d\u00e9di\u00e9e \u00e0 saint Vincent de Paul. Et c\u2019est un de ses fils, Mgr Reynaud, vicaire apostolique du Tch\u00e9-kiang qui en consacre l\u2019autel, au moment m\u00eame o\u00f9 le cardinal Amette et dix-huit autres \u00e9v\u00eaques font de m\u00eame pour le ma\u00eetre-autel et les autels lat\u00e9raux. Tandis que, assist\u00e9 des visiteurs de Pologne et de Barcelone, Mgr Reynaud accomplit les rites sacr\u00e9s, le T.H.P. Verdier, par sa pr\u00e9sence, rappelle la d\u00e9votion du T.H.P. Fiat pour le Sacr\u00e9-C\u0153ur, et aussi les inlassables d\u00e9marches que le P\u00e8re Villette, alors procureur g\u00e9n\u00e9ral, entreprit pour que le manque d\u2019argent ne v\u00eent pas arr\u00eater l\u2019\u00e9dification de cet autel d\u00e9di\u00e9 \u00e0 saint Vincent de Paul (1).<\/p>\n<p><b>1941<\/b>. \u00c0 Rome, Pie XII \u00e9rige en vicariat apostolique la pr\u00e9fecture de Surabaja, o\u00f9 nos confr\u00e8res hollandais se d\u00e9vouent depuis 1923. Tout en se souciant de leurs compatriotes \u00e9tablis sur cette portion de l\u2019\u00eele de Java, ils ont entam\u00e9, sous l\u2019impulsion de Mgr de Backere, premier pr\u00e9fet apostolique, la conqu\u00eate \u00e9vang\u00e9lique des Javanais eux-m\u00eames, sans se laisser arr\u00eater par le fait que cette population est sous l\u2019influence de l\u2019Islam. Mgr Verhoeks, le premier vicaire apostolique, a continu\u00e9 ce labeur que, malheureusement, l\u2019invasion japonaise de 1942 et les quatre ans de lutte du pays pour son ind\u00e9pendance, ont contrecarr\u00e9.Entra\u00een\u00e9s par leur confr\u00e8re et \u00e9v\u00eaque, Mgr Klooster, et le c\u0153ur plein d\u2019espoir, les Lazaristes qui, depuis 1958, constituaient une province, jetterent la graine \u00e9vang\u00e9lique dans ce vaste champ dont la superficie \u2014 vingt-six mille quatre vent soixante et un kilom\u00e8tres carr\u00e9s \u2014 compait onze millions d\u2019habitants, dont vingt mille catholiques (2).<\/p>\n","protected":false},"excerpt":{"rendered":"<p>1650. Sainte Louise \u00e9crit dans ses M\u00e9ditations\u00a0: \u201cLa Sainte Trinit\u00e9 m\u2019a aim\u00e9e de toute \u00e9ternit\u00e9 et m\u2019a cr\u00e9\u00e9e pour sa gloire. Je ne pouvais \u00eatre ni subsister hors de Dieu puisqu\u2019il est mon principe. Il &#8230; <a href=\"http:\/\/vincentians.com\/fr\/ephemerides-16-octobre\/\" class=\"more-link\">Read More<\/a><\/p>\n","protected":false},"author":4,"featured_media":149897,"comment_status":"open","ping_status":"open","sticky":false,"template":"","format":"standard","meta":{"jetpack_post_was_ever_published":false,"_jetpack_newsletter_access":"","_jetpack_dont_email_post_to_subs":false,"_jetpack_newsletter_tier_id":0,"_jetpack_memberships_contains_paywalled_content":false,"_jetpack_memberships_contains_paid_content":false,"footnotes":"","jetpack_publicize_message":"","jetpack_publicize_feature_enabled":true,"jetpack_social_post_already_shared":true,"jetpack_social_options":{"image_generator_settings":{"template":"highway","default_image_id":0,"font":"","enabled":false},"version":2}},"categories":[119],"tags":[],"class_list":["post-190230","post","type-post","status-publish","format-standard","has-post-thumbnail","hentry","category-ephemerides-vincentiens"],"yoast_head":"<!-- This site is optimized with the Yoast SEO plugin v26.3 - https:\/\/yoast.com\/wordpress\/plugins\/seo\/ -->\n<title>Eph\u00e9m\u00e9rides : 16 octobre - Nous Sommes Vincentiens<\/title>\n<meta name=\"robots\" content=\"index, follow, max-snippet:-1, max-image-preview:large, max-video-preview:-1\" \/>\n<link rel=\"canonical\" href=\"https:\/\/vincentians.com\/fr\/ephemerides-16-octobre\/\" \/>\n<meta property=\"og:locale\" content=\"fr_FR\" \/>\n<meta property=\"og:type\" content=\"article\" \/>\n<meta property=\"og:title\" content=\"Eph\u00e9m\u00e9rides : 16 octobre - Nous Sommes Vincentiens\" \/>\n<meta property=\"og:description\" content=\"1650. Sainte Louise \u00e9crit dans ses M\u00e9ditations\u00a0: \u201cLa Sainte Trinit\u00e9 m\u2019a aim\u00e9e de toute \u00e9ternit\u00e9 et m\u2019a cr\u00e9\u00e9e pour sa gloire. Je ne pouvais \u00eatre ni subsister hors de Dieu puisqu\u2019il est mon principe. Il ... Read More\" \/>\n<meta property=\"og:url\" content=\"https:\/\/vincentians.com\/fr\/ephemerides-16-octobre\/\" \/>\n<meta property=\"og:site_name\" content=\"Nous Sommes Vincentiens\" \/>\n<meta property=\"article:publisher\" content=\"https:\/\/www.facebook.com\/WeAreVincentians\/\" \/>\n<meta property=\"article:author\" content=\"https:\/\/www.facebook.com\/JavierChento\" \/>\n<meta property=\"article:published_time\" content=\"2016-10-15T22:01:09+00:00\" \/>\n<meta property=\"og:image\" content=\"https:\/\/i0.wp.com\/vincentians.com\/fr\/wp-content\/uploads\/sites\/10\/2016\/07\/ephemerides-fb.jpg?fit=1200%2C630&ssl=1\" \/>\n\t<meta property=\"og:image:width\" content=\"1200\" \/>\n\t<meta property=\"og:image:height\" content=\"630\" \/>\n\t<meta property=\"og:image:type\" content=\"image\/jpeg\" \/>\n<meta name=\"author\" content=\"Francisco Javier Fern\u00e1ndez Chento\" \/>\n<meta name=\"twitter:card\" content=\"summary_large_image\" \/>\n<meta name=\"twitter:creator\" content=\"@https:\/\/twitter.com\/javierchento\" \/>\n<meta name=\"twitter:site\" content=\"@WeVincentians\" \/>\n<meta name=\"twitter:label1\" content=\"\u00c9crit par\" \/>\n\t<meta name=\"twitter:data1\" content=\"Francisco Javier Fern\u00e1ndez Chento\" \/>\n\t<meta name=\"twitter:label2\" content=\"Dur\u00e9e de lecture estim\u00e9e\" \/>\n\t<meta name=\"twitter:data2\" content=\"4 minutes\" \/>\n<script type=\"application\/ld+json\" class=\"yoast-schema-graph\">{\"@context\":\"https:\/\/schema.org\",\"@graph\":[{\"@type\":\"WebPage\",\"@id\":\"https:\/\/vincentians.com\/fr\/ephemerides-16-octobre\/\",\"url\":\"https:\/\/vincentians.com\/fr\/ephemerides-16-octobre\/\",\"name\":\"Eph\u00e9m\u00e9rides : 16 octobre - Nous Sommes Vincentiens\",\"isPartOf\":{\"@id\":\"http:\/\/vincentians.com\/fr\/#website\"},\"primaryImageOfPage\":{\"@id\":\"https:\/\/vincentians.com\/fr\/ephemerides-16-octobre\/#primaryimage\"},\"image\":{\"@id\":\"https:\/\/vincentians.com\/fr\/ephemerides-16-octobre\/#primaryimage\"},\"thumbnailUrl\":\"https:\/\/i0.wp.com\/vincentians.com\/fr\/wp-content\/uploads\/sites\/10\/2016\/07\/ephemerides-fb.jpg?fit=1200%2C630\",\"datePublished\":\"2016-10-15T22:01:09+00:00\",\"author\":{\"@id\":\"http:\/\/vincentians.com\/fr\/#\/schema\/person\/9623ef4d9aa3b2dfb8c061f1499288f2\"},\"breadcrumb\":{\"@id\":\"https:\/\/vincentians.com\/fr\/ephemerides-16-octobre\/#breadcrumb\"},\"inLanguage\":\"fr-FR\",\"potentialAction\":[{\"@type\":\"ReadAction\",\"target\":[\"https:\/\/vincentians.com\/fr\/ephemerides-16-octobre\/\"]}]},{\"@type\":\"ImageObject\",\"inLanguage\":\"fr-FR\",\"@id\":\"https:\/\/vincentians.com\/fr\/ephemerides-16-octobre\/#primaryimage\",\"url\":\"https:\/\/i0.wp.com\/vincentians.com\/fr\/wp-content\/uploads\/sites\/10\/2016\/07\/ephemerides-fb.jpg?fit=1200%2C630\",\"contentUrl\":\"https:\/\/i0.wp.com\/vincentians.com\/fr\/wp-content\/uploads\/sites\/10\/2016\/07\/ephemerides-fb.jpg?fit=1200%2C630\",\"width\":1200,\"height\":630},{\"@type\":\"BreadcrumbList\",\"@id\":\"https:\/\/vincentians.com\/fr\/ephemerides-16-octobre\/#breadcrumb\",\"itemListElement\":[{\"@type\":\"ListItem\",\"position\":1,\"name\":\"Portada\",\"item\":\"http:\/\/vincentians.com\/fr\/\"},{\"@type\":\"ListItem\",\"position\":2,\"name\":\"Eph\u00e9m\u00e9rides : 16 octobre\"}]},{\"@type\":\"WebSite\",\"@id\":\"http:\/\/vincentians.com\/fr\/#website\",\"url\":\"http:\/\/vincentians.com\/fr\/\",\"name\":\"Nous Sommes Vincentiens\",\"description\":\"Know more to serve more\",\"potentialAction\":[{\"@type\":\"SearchAction\",\"target\":{\"@type\":\"EntryPoint\",\"urlTemplate\":\"http:\/\/vincentians.com\/fr\/?s={search_term_string}\"},\"query-input\":{\"@type\":\"PropertyValueSpecification\",\"valueRequired\":true,\"valueName\":\"search_term_string\"}}],\"inLanguage\":\"fr-FR\"},{\"@type\":\"Person\",\"@id\":\"http:\/\/vincentians.com\/fr\/#\/schema\/person\/9623ef4d9aa3b2dfb8c061f1499288f2\",\"name\":\"Francisco Javier Fern\u00e1ndez Chento\",\"image\":{\"@type\":\"ImageObject\",\"inLanguage\":\"fr-FR\",\"@id\":\"http:\/\/vincentians.com\/fr\/#\/schema\/person\/image\/\",\"url\":\"https:\/\/secure.gravatar.com\/avatar\/497d5cde87b4c3d097d0315953521681ba2cd523ee66e5077c3711f7021e65de?s=96&d=mm&r=g\",\"contentUrl\":\"https:\/\/secure.gravatar.com\/avatar\/497d5cde87b4c3d097d0315953521681ba2cd523ee66e5077c3711f7021e65de?s=96&d=mm&r=g\",\"caption\":\"Francisco Javier Fern\u00e1ndez Chento\"},\"description\":\"Director General y cofundador de La Red de Formaci\u00f3n Vicenciana. Javier es laico vicenciano, afiliado a la Congregaci\u00f3n de la Misi\u00f3n y miembro del Equipo de Misiones Populares de la provincia can\u00f3nica de Zaragoza (Espa\u00f1a) de la Congregaci\u00f3n de la Misi\u00f3n. Graduado en la Universidad Oberta de Catalunya con cuatro grados (Asistente de direcci\u00f3n, Gesti\u00f3n Administrativa, Recursos Humanos y Contabilidad Avanzada). Bil\u00edng\u00fce Espa\u00f1ol\/Ingl\u00e9s. gestiona y mantiene varias p\u00e1ginas web cristianas y vicencianas, incluida including La Red de Formaci\u00f3n Vicenciana, de la que es cofundador. Actualmente es responsable del \u00e1rea de Espa\u00f1ol de .famvin, la Red de Noticias de la Familia Vicenciana. Tambi\u00e9n es m\u00fasico cat\u00f3lico y ha editado varios discos. Es Director General y cofundador de Trovador, una reconocida compa\u00f1\u00eda discogr\u00e1fica critiana de Espa\u00f1a. Trabaja en las Tecnolog\u00edas de la Informaci\u00f3n, ofreciendo servicios de alojamiento, dise\u00f1o y mantenimiento Web, as\u00ed como asesoramiento, formaci\u00f3n y soluciones inform\u00e1ticas, gesti\u00f3n documental y digitalizaci\u00f3n de textos, edici\u00f3n y maquetaci\u00f3n de libros, revistas, flyers, etc.\",\"sameAs\":[\"http:\/\/chento.org\",\"https:\/\/www.facebook.com\/JavierChento\",\"https:\/\/x.com\/https:\/\/twitter.com\/javierchento\"],\"url\":\"http:\/\/vincentians.com\/fr\/author\/chento\/\"}]}<\/script>\n<!-- \/ Yoast SEO plugin. -->","yoast_head_json":{"title":"Eph\u00e9m\u00e9rides : 16 octobre - Nous Sommes Vincentiens","robots":{"index":"index","follow":"follow","max-snippet":"max-snippet:-1","max-image-preview":"max-image-preview:large","max-video-preview":"max-video-preview:-1"},"canonical":"https:\/\/vincentians.com\/fr\/ephemerides-16-octobre\/","og_locale":"fr_FR","og_type":"article","og_title":"Eph\u00e9m\u00e9rides : 16 octobre - Nous Sommes Vincentiens","og_description":"1650. Sainte Louise \u00e9crit dans ses M\u00e9ditations\u00a0: \u201cLa Sainte Trinit\u00e9 m\u2019a aim\u00e9e de toute \u00e9ternit\u00e9 et m\u2019a cr\u00e9\u00e9e pour sa gloire. Je ne pouvais \u00eatre ni subsister hors de Dieu puisqu\u2019il est mon principe. Il ... Read More","og_url":"https:\/\/vincentians.com\/fr\/ephemerides-16-octobre\/","og_site_name":"Nous Sommes Vincentiens","article_publisher":"https:\/\/www.facebook.com\/WeAreVincentians\/","article_author":"https:\/\/www.facebook.com\/JavierChento","article_published_time":"2016-10-15T22:01:09+00:00","og_image":[{"width":1200,"height":630,"url":"https:\/\/i0.wp.com\/vincentians.com\/fr\/wp-content\/uploads\/sites\/10\/2016\/07\/ephemerides-fb.jpg?fit=1200%2C630&ssl=1","type":"image\/jpeg"}],"author":"Francisco Javier Fern\u00e1ndez Chento","twitter_card":"summary_large_image","twitter_creator":"@https:\/\/twitter.com\/javierchento","twitter_site":"@WeVincentians","twitter_misc":{"\u00c9crit par":"Francisco Javier Fern\u00e1ndez Chento","Dur\u00e9e de lecture estim\u00e9e":"4 minutes"},"schema":{"@context":"https:\/\/schema.org","@graph":[{"@type":"WebPage","@id":"https:\/\/vincentians.com\/fr\/ephemerides-16-octobre\/","url":"https:\/\/vincentians.com\/fr\/ephemerides-16-octobre\/","name":"Eph\u00e9m\u00e9rides : 16 octobre - Nous Sommes Vincentiens","isPartOf":{"@id":"http:\/\/vincentians.com\/fr\/#website"},"primaryImageOfPage":{"@id":"https:\/\/vincentians.com\/fr\/ephemerides-16-octobre\/#primaryimage"},"image":{"@id":"https:\/\/vincentians.com\/fr\/ephemerides-16-octobre\/#primaryimage"},"thumbnailUrl":"https:\/\/i0.wp.com\/vincentians.com\/fr\/wp-content\/uploads\/sites\/10\/2016\/07\/ephemerides-fb.jpg?fit=1200%2C630","datePublished":"2016-10-15T22:01:09+00:00","author":{"@id":"http:\/\/vincentians.com\/fr\/#\/schema\/person\/9623ef4d9aa3b2dfb8c061f1499288f2"},"breadcrumb":{"@id":"https:\/\/vincentians.com\/fr\/ephemerides-16-octobre\/#breadcrumb"},"inLanguage":"fr-FR","potentialAction":[{"@type":"ReadAction","target":["https:\/\/vincentians.com\/fr\/ephemerides-16-octobre\/"]}]},{"@type":"ImageObject","inLanguage":"fr-FR","@id":"https:\/\/vincentians.com\/fr\/ephemerides-16-octobre\/#primaryimage","url":"https:\/\/i0.wp.com\/vincentians.com\/fr\/wp-content\/uploads\/sites\/10\/2016\/07\/ephemerides-fb.jpg?fit=1200%2C630","contentUrl":"https:\/\/i0.wp.com\/vincentians.com\/fr\/wp-content\/uploads\/sites\/10\/2016\/07\/ephemerides-fb.jpg?fit=1200%2C630","width":1200,"height":630},{"@type":"BreadcrumbList","@id":"https:\/\/vincentians.com\/fr\/ephemerides-16-octobre\/#breadcrumb","itemListElement":[{"@type":"ListItem","position":1,"name":"Portada","item":"http:\/\/vincentians.com\/fr\/"},{"@type":"ListItem","position":2,"name":"Eph\u00e9m\u00e9rides : 16 octobre"}]},{"@type":"WebSite","@id":"http:\/\/vincentians.com\/fr\/#website","url":"http:\/\/vincentians.com\/fr\/","name":"Nous Sommes Vincentiens","description":"Know more to serve more","potentialAction":[{"@type":"SearchAction","target":{"@type":"EntryPoint","urlTemplate":"http:\/\/vincentians.com\/fr\/?s={search_term_string}"},"query-input":{"@type":"PropertyValueSpecification","valueRequired":true,"valueName":"search_term_string"}}],"inLanguage":"fr-FR"},{"@type":"Person","@id":"http:\/\/vincentians.com\/fr\/#\/schema\/person\/9623ef4d9aa3b2dfb8c061f1499288f2","name":"Francisco Javier Fern\u00e1ndez Chento","image":{"@type":"ImageObject","inLanguage":"fr-FR","@id":"http:\/\/vincentians.com\/fr\/#\/schema\/person\/image\/","url":"https:\/\/secure.gravatar.com\/avatar\/497d5cde87b4c3d097d0315953521681ba2cd523ee66e5077c3711f7021e65de?s=96&d=mm&r=g","contentUrl":"https:\/\/secure.gravatar.com\/avatar\/497d5cde87b4c3d097d0315953521681ba2cd523ee66e5077c3711f7021e65de?s=96&d=mm&r=g","caption":"Francisco Javier Fern\u00e1ndez Chento"},"description":"Director General y cofundador de La Red de Formaci\u00f3n Vicenciana. Javier es laico vicenciano, afiliado a la Congregaci\u00f3n de la Misi\u00f3n y miembro del Equipo de Misiones Populares de la provincia can\u00f3nica de Zaragoza (Espa\u00f1a) de la Congregaci\u00f3n de la Misi\u00f3n. Graduado en la Universidad Oberta de Catalunya con cuatro grados (Asistente de direcci\u00f3n, Gesti\u00f3n Administrativa, Recursos Humanos y Contabilidad Avanzada). Bil\u00edng\u00fce Espa\u00f1ol\/Ingl\u00e9s. gestiona y mantiene varias p\u00e1ginas web cristianas y vicencianas, incluida including La Red de Formaci\u00f3n Vicenciana, de la que es cofundador. Actualmente es responsable del \u00e1rea de Espa\u00f1ol de .famvin, la Red de Noticias de la Familia Vicenciana. Tambi\u00e9n es m\u00fasico cat\u00f3lico y ha editado varios discos. Es Director General y cofundador de Trovador, una reconocida compa\u00f1\u00eda discogr\u00e1fica critiana de Espa\u00f1a. Trabaja en las Tecnolog\u00edas de la Informaci\u00f3n, ofreciendo servicios de alojamiento, dise\u00f1o y mantenimiento Web, as\u00ed como asesoramiento, formaci\u00f3n y soluciones inform\u00e1ticas, gesti\u00f3n documental y digitalizaci\u00f3n de textos, edici\u00f3n y maquetaci\u00f3n de libros, revistas, flyers, etc.","sameAs":["http:\/\/chento.org","https:\/\/www.facebook.com\/JavierChento","https:\/\/x.com\/https:\/\/twitter.com\/javierchento"],"url":"http:\/\/vincentians.com\/fr\/author\/chento\/"}]}},"jetpack_publicize_connections":[],"jetpack_featured_media_url":"https:\/\/i0.wp.com\/vincentians.com\/fr\/wp-content\/uploads\/sites\/10\/2016\/07\/ephemerides-fb.jpg?fit=1200%2C630","jetpack_sharing_enabled":true,"jetpack_shortlink":"https:\/\/wp.me\/p7ETMP-Nue","jetpack-related-posts":[{"id":190413,"url":"http:\/\/vincentians.com\/fr\/ephemerides-08-avril\/","url_meta":{"origin":190230,"position":0},"title":"Eph\u00e9m\u00e9rides : 08 avril","author":"Francisco Javier Fern\u00e1ndez Chento","date":"08\/04\/2017","format":false,"excerpt":"1655. Le jeudi, 8e jour d'avril, se fit la petite Conf\u00e9rence au parloir de Saint-Lazare en la pr\u00e9sence de M. Notre Tr\u00e8s Honor\u00e9 P\u00e8re, de M. Alm\u00e9ras, pour lors premier assistant sous Monsieur Vincent \u00e0 Saint-Lazare, de M. Portail, de Mademoiselle Legras et trois de nos S\u0153urs, au sujet du\u2026","rel":"","context":"Dans &quot;\u00c9ph\u00e9m\u00e9rides vincentiens&quot;","block_context":{"text":"\u00c9ph\u00e9m\u00e9rides vincentiens","link":"http:\/\/vincentians.com\/fr\/category\/ephemerides-vincentiens\/"},"img":{"alt_text":"","src":"https:\/\/i0.wp.com\/vincentians.com\/fr\/wp-content\/uploads\/sites\/10\/2016\/07\/ephemerides-fb.jpg?fit=1200%2C630&resize=350%2C200","width":350,"height":200,"srcset":"https:\/\/i0.wp.com\/vincentians.com\/fr\/wp-content\/uploads\/sites\/10\/2016\/07\/ephemerides-fb.jpg?fit=1200%2C630&resize=350%2C200 1x, https:\/\/i0.wp.com\/vincentians.com\/fr\/wp-content\/uploads\/sites\/10\/2016\/07\/ephemerides-fb.jpg?fit=1200%2C630&resize=525%2C300 1.5x, https:\/\/i0.wp.com\/vincentians.com\/fr\/wp-content\/uploads\/sites\/10\/2016\/07\/ephemerides-fb.jpg?fit=1200%2C630&resize=700%2C400 2x, https:\/\/i0.wp.com\/vincentians.com\/fr\/wp-content\/uploads\/sites\/10\/2016\/07\/ephemerides-fb.jpg?fit=1200%2C630&resize=1050%2C600 3x"},"classes":[]},{"id":106453,"url":"http:\/\/vincentians.com\/fr\/ephemerides-23-mai\/","url_meta":{"origin":190230,"position":1},"title":"Eph\u00e9m\u00e9rides: 23 mai","author":"Francisco Javier Fern\u00e1ndez Chento","date":"23\/05\/2017","format":false,"excerpt":"En 1615, \u00e0 Paris, Monsieur Vincent constitue Jean Morin son procureur pour prendre possession d'un canonicat \u00e0 Ecouis. C'est M. de Gondi, chez qui il est pr\u00e9cepteur depuis 1613, qui lui a fait obtenir cette charge de tr\u00e9sorier et de chanoine du chapitre coll\u00e9gial. Ecouis, qui d\u00e9pendait alors de Rouen,\u2026","rel":"","context":"Dans &quot;\u00c9ph\u00e9m\u00e9rides vincentiens&quot;","block_context":{"text":"\u00c9ph\u00e9m\u00e9rides vincentiens","link":"http:\/\/vincentians.com\/fr\/category\/ephemerides-vincentiens\/"},"img":{"alt_text":"","src":"https:\/\/i0.wp.com\/vincentians.com\/fr\/wp-content\/uploads\/sites\/10\/2016\/07\/ephemerides-fb.jpg?fit=1200%2C630&resize=350%2C200","width":350,"height":200,"srcset":"https:\/\/i0.wp.com\/vincentians.com\/fr\/wp-content\/uploads\/sites\/10\/2016\/07\/ephemerides-fb.jpg?fit=1200%2C630&resize=350%2C200 1x, https:\/\/i0.wp.com\/vincentians.com\/fr\/wp-content\/uploads\/sites\/10\/2016\/07\/ephemerides-fb.jpg?fit=1200%2C630&resize=525%2C300 1.5x, https:\/\/i0.wp.com\/vincentians.com\/fr\/wp-content\/uploads\/sites\/10\/2016\/07\/ephemerides-fb.jpg?fit=1200%2C630&resize=700%2C400 2x, https:\/\/i0.wp.com\/vincentians.com\/fr\/wp-content\/uploads\/sites\/10\/2016\/07\/ephemerides-fb.jpg?fit=1200%2C630&resize=1050%2C600 3x"},"classes":[]},{"id":190399,"url":"http:\/\/vincentians.com\/fr\/ephemerides-11-avril\/","url_meta":{"origin":190230,"position":2},"title":"Eph\u00e9m\u00e9rides : 11 avril","author":"Francisco Javier Fern\u00e1ndez Chento","date":"11\/04\/2017","format":false,"excerpt":"1627. \u00c0 Montreuil , Monsieur Vincent r\u00e9dige le r\u00e8glement de la Confr\u00e9rie de la Charit\u00e9 pour cette localit\u00e9 qui, selon l'expression m\u00eame de l'acte, se trouve situ\u00e9e \u00absur le bois de Vincennes\u00bb. Comme, dans la paroisse, existait d\u00e9j\u00e0 la Confr\u00e9rie du Saint Nom de J\u00e9sus, Monsieur Vincent y unit la\u2026","rel":"","context":"Dans &quot;\u00c9ph\u00e9m\u00e9rides vincentiens&quot;","block_context":{"text":"\u00c9ph\u00e9m\u00e9rides vincentiens","link":"http:\/\/vincentians.com\/fr\/category\/ephemerides-vincentiens\/"},"img":{"alt_text":"","src":"https:\/\/i0.wp.com\/vincentians.com\/fr\/wp-content\/uploads\/sites\/10\/2016\/07\/ephemerides-fb.jpg?fit=1200%2C630&resize=350%2C200","width":350,"height":200,"srcset":"https:\/\/i0.wp.com\/vincentians.com\/fr\/wp-content\/uploads\/sites\/10\/2016\/07\/ephemerides-fb.jpg?fit=1200%2C630&resize=350%2C200 1x, https:\/\/i0.wp.com\/vincentians.com\/fr\/wp-content\/uploads\/sites\/10\/2016\/07\/ephemerides-fb.jpg?fit=1200%2C630&resize=525%2C300 1.5x, https:\/\/i0.wp.com\/vincentians.com\/fr\/wp-content\/uploads\/sites\/10\/2016\/07\/ephemerides-fb.jpg?fit=1200%2C630&resize=700%2C400 2x, https:\/\/i0.wp.com\/vincentians.com\/fr\/wp-content\/uploads\/sites\/10\/2016\/07\/ephemerides-fb.jpg?fit=1200%2C630&resize=1050%2C600 3x"},"classes":[]},{"id":108324,"url":"http:\/\/vincentians.com\/fr\/ephemerides-1-fevrier\/","url_meta":{"origin":190230,"position":3},"title":"Eph\u00e9m\u00e9rides: 1 f\u00e9vrier","author":"Francisco Javier Fern\u00e1ndez Chento","date":"01\/02\/2017","format":false,"excerpt":"En 1640, \u00e0 Angers , est sign\u00e9 l'acte d'introduction des Filles de la Charit\u00e9 \u00e0 l'h\u00f4pital Saint-Jean. Saint Vincent tenait beaucoup \u00e0 cet \u00e9tablissement. Il y avait \u00e9t\u00e9 amen\u00e9 par la pr\u00e9sidente Goussault, tr\u00e8s \u00e9mue elle-m\u00eame de l'abandon dans lequel infirmi\u00e8res et aum\u00f4niers laissaient les malades de cet antique h\u00f4pital.\u2026","rel":"","context":"Dans &quot;\u00c9ph\u00e9m\u00e9rides vincentiens&quot;","block_context":{"text":"\u00c9ph\u00e9m\u00e9rides vincentiens","link":"http:\/\/vincentians.com\/fr\/category\/ephemerides-vincentiens\/"},"img":{"alt_text":"","src":"https:\/\/i0.wp.com\/vincentians.com\/fr\/wp-content\/uploads\/sites\/10\/2016\/07\/ephemerides-fb.jpg?fit=1200%2C630&resize=350%2C200","width":350,"height":200,"srcset":"https:\/\/i0.wp.com\/vincentians.com\/fr\/wp-content\/uploads\/sites\/10\/2016\/07\/ephemerides-fb.jpg?fit=1200%2C630&resize=350%2C200 1x, https:\/\/i0.wp.com\/vincentians.com\/fr\/wp-content\/uploads\/sites\/10\/2016\/07\/ephemerides-fb.jpg?fit=1200%2C630&resize=525%2C300 1.5x, https:\/\/i0.wp.com\/vincentians.com\/fr\/wp-content\/uploads\/sites\/10\/2016\/07\/ephemerides-fb.jpg?fit=1200%2C630&resize=700%2C400 2x, https:\/\/i0.wp.com\/vincentians.com\/fr\/wp-content\/uploads\/sites\/10\/2016\/07\/ephemerides-fb.jpg?fit=1200%2C630&resize=1050%2C600 3x"},"classes":[]},{"id":105538,"url":"http:\/\/vincentians.com\/fr\/ephemerides-3-janvier\/","url_meta":{"origin":190230,"position":4},"title":"Eph\u00e9m\u00e9rides: 3 janvier","author":"Francisco Javier Fern\u00e1ndez Chento","date":"03\/01\/2017","format":false,"excerpt":"1686. \u00c0 Saint-Lazare, mort du Fr\u00e8re Bertrand Ducournau. B\u00e9ni est ce nom, parce qu'il est celui de l'homme par qui nous sont parvenus les entretiens de saint Vincent \u00e0 ses missionnaires. Jusqu'en 1657, nul, parmi les compagnons de notre Bienheureux P\u00e8re, ne semble avoir pens\u00e9 que les paroles du Fondateur\u2026","rel":"","context":"Dans &quot;\u00c9ph\u00e9m\u00e9rides vincentiens&quot;","block_context":{"text":"\u00c9ph\u00e9m\u00e9rides vincentiens","link":"http:\/\/vincentians.com\/fr\/category\/ephemerides-vincentiens\/"},"img":{"alt_text":"","src":"https:\/\/i0.wp.com\/vincentians.com\/fr\/wp-content\/uploads\/sites\/10\/2016\/07\/ephemerides-fb.jpg?fit=1200%2C630&resize=350%2C200","width":350,"height":200,"srcset":"https:\/\/i0.wp.com\/vincentians.com\/fr\/wp-content\/uploads\/sites\/10\/2016\/07\/ephemerides-fb.jpg?fit=1200%2C630&resize=350%2C200 1x, https:\/\/i0.wp.com\/vincentians.com\/fr\/wp-content\/uploads\/sites\/10\/2016\/07\/ephemerides-fb.jpg?fit=1200%2C630&resize=525%2C300 1.5x, https:\/\/i0.wp.com\/vincentians.com\/fr\/wp-content\/uploads\/sites\/10\/2016\/07\/ephemerides-fb.jpg?fit=1200%2C630&resize=700%2C400 2x, https:\/\/i0.wp.com\/vincentians.com\/fr\/wp-content\/uploads\/sites\/10\/2016\/07\/ephemerides-fb.jpg?fit=1200%2C630&resize=1050%2C600 3x"},"classes":[]},{"id":106435,"url":"http:\/\/vincentians.com\/fr\/ephemerides-16-mai\/","url_meta":{"origin":190230,"position":5},"title":"Eph\u00e9m\u00e9rides: 16 mai","author":"Francisco Javier Fern\u00e1ndez Chento","date":"16\/05\/2017","format":false,"excerpt":"Sainte Louise s\u2019adresse aux premi\u00e8res S\u0153urs\u00a0: \u201cMon Dieu\u00a0! qu\u2019il y a de grands tr\u00e9sors cach\u00e9s dans la Providence\u00a0! Oui, me direz-vous, mais c\u2019est pour Dieu que je me mets en peine. Ce n\u2019est plus pour Dieu que vous vous mettez en peine si vous peinez pour Le servir\u2026 Notre-Seigneur veut\u2026","rel":"","context":"Dans &quot;\u00c9ph\u00e9m\u00e9rides vincentiens&quot;","block_context":{"text":"\u00c9ph\u00e9m\u00e9rides vincentiens","link":"http:\/\/vincentians.com\/fr\/category\/ephemerides-vincentiens\/"},"img":{"alt_text":"","src":"https:\/\/i0.wp.com\/vincentians.com\/fr\/wp-content\/uploads\/sites\/10\/2016\/07\/ephemerides-fb.jpg?fit=1200%2C630&resize=350%2C200","width":350,"height":200,"srcset":"https:\/\/i0.wp.com\/vincentians.com\/fr\/wp-content\/uploads\/sites\/10\/2016\/07\/ephemerides-fb.jpg?fit=1200%2C630&resize=350%2C200 1x, https:\/\/i0.wp.com\/vincentians.com\/fr\/wp-content\/uploads\/sites\/10\/2016\/07\/ephemerides-fb.jpg?fit=1200%2C630&resize=525%2C300 1.5x, https:\/\/i0.wp.com\/vincentians.com\/fr\/wp-content\/uploads\/sites\/10\/2016\/07\/ephemerides-fb.jpg?fit=1200%2C630&resize=700%2C400 2x, https:\/\/i0.wp.com\/vincentians.com\/fr\/wp-content\/uploads\/sites\/10\/2016\/07\/ephemerides-fb.jpg?fit=1200%2C630&resize=1050%2C600 3x"},"classes":[]}],"_links":{"self":[{"href":"http:\/\/vincentians.com\/fr\/wp-json\/wp\/v2\/posts\/190230","targetHints":{"allow":["GET"]}}],"collection":[{"href":"http:\/\/vincentians.com\/fr\/wp-json\/wp\/v2\/posts"}],"about":[{"href":"http:\/\/vincentians.com\/fr\/wp-json\/wp\/v2\/types\/post"}],"author":[{"embeddable":true,"href":"http:\/\/vincentians.com\/fr\/wp-json\/wp\/v2\/users\/4"}],"replies":[{"embeddable":true,"href":"http:\/\/vincentians.com\/fr\/wp-json\/wp\/v2\/comments?post=190230"}],"version-history":[{"count":0,"href":"http:\/\/vincentians.com\/fr\/wp-json\/wp\/v2\/posts\/190230\/revisions"}],"wp:featuredmedia":[{"embeddable":true,"href":"http:\/\/vincentians.com\/fr\/wp-json\/wp\/v2\/media\/149897"}],"wp:attachment":[{"href":"http:\/\/vincentians.com\/fr\/wp-json\/wp\/v2\/media?parent=190230"}],"wp:term":[{"taxonomy":"category","embeddable":true,"href":"http:\/\/vincentians.com\/fr\/wp-json\/wp\/v2\/categories?post=190230"},{"taxonomy":"post_tag","embeddable":true,"href":"http:\/\/vincentians.com\/fr\/wp-json\/wp\/v2\/tags?post=190230"}],"curies":[{"name":"wp","href":"https:\/\/api.w.org\/{rel}","templated":true}]}}