{"id":190229,"date":"2016-10-08T00:01:09","date_gmt":"2016-10-07T22:01:09","guid":{"rendered":"http:\/\/vincentians.com\/fr\/?p=190229"},"modified":"2016-08-09T18:52:53","modified_gmt":"2016-08-09T16:52:53","slug":"ephemerides-08-octobre","status":"publish","type":"post","link":"http:\/\/vincentians.com\/fr\/ephemerides-08-octobre\/","title":{"rendered":"Eph\u00e9m\u00e9rides : 08 octobre"},"content":{"rendered":"<div id=\"mw-content-text\" class=\"mw-content-ltr\" dir=\"ltr\" lang=\"fr\">\n<p><b>1642<\/b>. De Paris, Monsieur Vincent adresse \u00e0 Jean Brunet et \u00e0 \u00c9tienne Blatiron une lettre o\u00f9 il leur dit\u00a0: \u00abJe vous ai d\u00e9j\u00e0 \u00e9crit que la Providence de Dieu vous appelle \u00e0 Rome pour un nouvel \u00e9tablissement\u2026\u00bb C\u2019est une aimable fa\u00e7on de r\u00e9p\u00e9ter aux deux destinataires que sa d\u00e9cision, \u00e0 lui Vincent, d\u2019abandonner la maison d\u2019Alet est irr\u00e9vocable. Et pourtant trois ans \u00e0 peine se sont \u00e9coul\u00e9s depuis qu\u2019\u00c9tienne Blatiron est venu installer la Mission, puis un s\u00e9minaire sur les rives de l\u2019Aude. Et pourtant aussi l\u2019\u00e9v\u00eaque du lieu est un ami de Monsieur Vincent\u00a0: c\u2019est Nicolas Pavillon. Mais Je jeune \u00e9v\u00eaque qui n\u2019a en t\u00eate que la r\u00e9forme chr\u00e9tienne de son minuscule dioc\u00e8se, a oubli\u00e9 que les ouvriers qui lui sont pr\u00eat\u00e9s sont des hommes de communaut\u00e9, et il n\u2019a rien fait, \u2014 au contraire\u00a0! \u2014 pour leur faciliter la pratique de la vie commune\u2026 Apr\u00e8s le d\u00e9part des Pr\u00eatres de la Mission, l\u2019\u00e9v\u00eaque reconna\u00eetra sa faute et en \u00e9crira \u00e0 Monsieur Vincent sa contrition dans une lettre toute saupoudr\u00e9e d\u2019humilit\u00e9. Mais le dioc\u00e8se d\u2019Alet devra attendre trente-six ans avant de voir revenir les Pr\u00eatres de la Mission avec, comme premier sup\u00e9rieur, Fran\u00e7ois H\u00e9bert, le futur \u00e9v\u00eaque d\u2019Agen. \u00c0 Alet, que Lacour qualifie de \u00abville peu consid\u00e9rable, n\u2019y ayant presque que la cath\u00e9drale et les chanoines\u00bb, H\u00e9bert ne s\u00e9journa que fort peu de temps\u00a0; mais les confr\u00e8res en garderont le s\u00e9minaire jusqu\u2019\u00e0 la R\u00e9volution (1).<\/p>\n<p><b>1688<\/b>. Monsieur Rossignol, bourgeois de Paris, M\u00e8re Mathurine Gu\u00e9rin, les S\u0153urs offici\u00e8res, Monsieur Edme Jolly signent un contrat ratifiant l\u2019\u00e9tablissement de Pantin. Les S\u0153urs y servent les pauvres et instruisent les petites filles depuis plusieurs ann\u00e9es. (C)<\/p>\n<p><b>1695<\/b>. \u00c0 Paris, contrat est pass\u00e9 par devant deux notaires du Ch\u00e2telet, entre le sup\u00e9rieur g\u00e9n\u00e9ral, Edme Jolly et Pierre Gaillard, doyen de la cath\u00e9drale de Langres. Ce digne homme fournit un capital de 5.400 livres pour qu\u2019un quatri\u00e8me Pr\u00eatre de la Mission soit envoy\u00e9 \u00e0 la maison de Dijon. Cet \u00e9tablissement a \u00e9t\u00e9 fond\u00e9 en 1681, dans le but de donner des missions gratuites dans le dioc\u00e8se de Langres. En raison de certaines difficult\u00e9s et malgr\u00e9 les privil\u00e8ges obtenus du roi et de l\u2019\u00c9v\u00eaque, la r\u00e9sidence des missionnaires n\u2019a pas pu \u00eatre fix\u00e9e \u00e0 Langres. Jusqu\u2019\u00e0 la R\u00e9volution, la mission de Dijon \u00e9vang\u00e9lisera le dioc\u00e8se de Langres et celui de Dijon (2).<\/p>\n<p><b>1696<\/b>. L\u2019\u00e9v\u00eaque de Bar-le-Duc a donn\u00e9 procuration \u00e0 Pierre Colliquet, juge, pour signer le contrat d\u2019\u00e9tablissement de deux S\u0153urs \u00e0 la paroisse Notre-Dame de Bar-le-Duc. M\u00e8re Mathurine Gu\u00e9rin et les S\u0153urs offici\u00e8res apposent leur signature \u00e0 ce contrat. En lien avec la Confr\u00e9rie de la Charit\u00e9, les S\u0153urs serviront les malades de la ville et des faubourgs, sans avoir obligation de les veiller la nuit. (C)<\/p>\n<p><b>1870<\/b>. \u00c0 Paris, les S\u0153urs de la maison d&rsquo;enfants \u00ab\u00a0Eug\u00e8ne Napol\u00e8on\u00a0\u00bb re\u00e7oivent 200 orphelins de l\u2019ann\u00e9e\u00a0: elles remplacent les \u201cjeunes ouvri\u00e8res de la ville de Paris\u201d jusqu\u2019alors re\u00e7ues dans l\u2019orphelinat. (R)<\/p>\n<p><b>1912<\/b>. La premi\u00e8re guerre balkanique (octobre 1912-mai 1913) am\u00e8ne \u00e0 Constantinople de nombreux bless\u00e9s surtout apr\u00e8s la bataille de Kirk-Kilisse. Aux S\u0153urs sont confi\u00e9es douze ambulances, et bient\u00f4t le chol\u00e9ra fait son apparition sans ralentir leur z\u00e8le. M\u00eame d\u00e9vouement en Roumanie avec S\u0153ur Pucci et \u00e0 Monastir avec S\u0153ur Viollet. (R)<\/p>\n<p><b>1924<\/b>. \u00c0 Paris, le T.H.P. Verdier commence \u00e0 20 h. 15 le voyage au cours duquel il va porter la b\u00e9n\u00e9diction de notre bienheureux P\u00e8re aux S\u0153urs et aux confr\u00e8res d\u2019Espagne. Ce voyage, malgr\u00e9 les lourdes fatigues qu\u2019il suppose, vaudra au T.H. P\u00e8re de d\u00e9licates attentions de la part de tous et de toutes. Les personnalit\u00e9s eccl\u00e9siastiques, le roi Alphonse XIII et la reine font un accueil exquis au successeur de saint Vincent qui peut penser, pour lors, \u00abqu\u2019entre la France et l\u2019Espagne, il n\u2019y a plus de Pyr\u00e9n\u00e9es\u00bb. Le T.H. P\u00e8re sera de retour a Paris, le 22 novembre (3).<\/p>\n<dl>\n<dd>1) S.V., II, p. 302\u00a0; Coste, II, pp. 98-99\u00a0: Annales, t. 63, p. 624.<\/dd>\n<dd>2) Notices, III, p. 699\u00a0; Annales, t. 122, pp. 540-550.<\/dd>\n<dd>3) Annales, t. 90, pp. 388-404.<\/dd>\n<\/dl>\n<\/div>\n","protected":false},"excerpt":{"rendered":"<p>1642. De Paris, Monsieur Vincent adresse \u00e0 Jean Brunet et \u00e0 \u00c9tienne Blatiron une lettre o\u00f9 il leur dit\u00a0: \u00abJe vous ai d\u00e9j\u00e0 \u00e9crit que la Providence de Dieu vous appelle \u00e0 Rome pour un &#8230; <a href=\"http:\/\/vincentians.com\/fr\/ephemerides-08-octobre\/\" class=\"more-link\">Read More<\/a><\/p>\n","protected":false},"author":4,"featured_media":149897,"comment_status":"open","ping_status":"open","sticky":false,"template":"","format":"standard","meta":{"jetpack_post_was_ever_published":false,"_jetpack_newsletter_access":"","_jetpack_dont_email_post_to_subs":false,"_jetpack_newsletter_tier_id":0,"_jetpack_memberships_contains_paywalled_content":false,"_jetpack_memberships_contains_paid_content":false,"footnotes":"","jetpack_publicize_message":"","jetpack_publicize_feature_enabled":true,"jetpack_social_post_already_shared":true,"jetpack_social_options":{"image_generator_settings":{"template":"highway","default_image_id":0,"font":"","enabled":false},"version":2}},"categories":[119],"tags":[],"class_list":["post-190229","post","type-post","status-publish","format-standard","has-post-thumbnail","hentry","category-ephemerides-vincentiens"],"yoast_head":"<!-- This site is optimized with the Yoast SEO plugin v26.3 - https:\/\/yoast.com\/wordpress\/plugins\/seo\/ -->\n<title>Eph\u00e9m\u00e9rides : 08 octobre - Nous Sommes Vincentiens<\/title>\n<meta name=\"robots\" content=\"index, follow, max-snippet:-1, max-image-preview:large, max-video-preview:-1\" \/>\n<link rel=\"canonical\" href=\"https:\/\/vincentians.com\/fr\/ephemerides-08-octobre\/\" \/>\n<meta property=\"og:locale\" content=\"fr_FR\" \/>\n<meta property=\"og:type\" content=\"article\" \/>\n<meta property=\"og:title\" content=\"Eph\u00e9m\u00e9rides : 08 octobre - Nous Sommes Vincentiens\" \/>\n<meta property=\"og:description\" content=\"1642. De Paris, Monsieur Vincent adresse \u00e0 Jean Brunet et \u00e0 \u00c9tienne Blatiron une lettre o\u00f9 il leur dit\u00a0: \u00abJe vous ai d\u00e9j\u00e0 \u00e9crit que la Providence de Dieu vous appelle \u00e0 Rome pour un ... Read More\" \/>\n<meta property=\"og:url\" content=\"https:\/\/vincentians.com\/fr\/ephemerides-08-octobre\/\" \/>\n<meta property=\"og:site_name\" content=\"Nous Sommes Vincentiens\" \/>\n<meta property=\"article:publisher\" content=\"https:\/\/www.facebook.com\/WeAreVincentians\/\" \/>\n<meta property=\"article:author\" content=\"https:\/\/www.facebook.com\/JavierChento\" \/>\n<meta property=\"article:published_time\" content=\"2016-10-07T22:01:09+00:00\" \/>\n<meta property=\"og:image\" content=\"https:\/\/i0.wp.com\/vincentians.com\/fr\/wp-content\/uploads\/sites\/10\/2016\/07\/ephemerides-fb.jpg?fit=1200%2C630&ssl=1\" \/>\n\t<meta property=\"og:image:width\" content=\"1200\" \/>\n\t<meta property=\"og:image:height\" content=\"630\" \/>\n\t<meta property=\"og:image:type\" content=\"image\/jpeg\" \/>\n<meta name=\"author\" content=\"Francisco Javier Fern\u00e1ndez Chento\" \/>\n<meta name=\"twitter:card\" content=\"summary_large_image\" \/>\n<meta name=\"twitter:creator\" content=\"@https:\/\/twitter.com\/javierchento\" \/>\n<meta name=\"twitter:site\" content=\"@WeVincentians\" \/>\n<meta name=\"twitter:label1\" content=\"\u00c9crit par\" \/>\n\t<meta name=\"twitter:data1\" content=\"Francisco Javier Fern\u00e1ndez Chento\" \/>\n\t<meta name=\"twitter:label2\" content=\"Dur\u00e9e de lecture estim\u00e9e\" \/>\n\t<meta name=\"twitter:data2\" content=\"4 minutes\" \/>\n<script type=\"application\/ld+json\" class=\"yoast-schema-graph\">{\"@context\":\"https:\/\/schema.org\",\"@graph\":[{\"@type\":\"WebPage\",\"@id\":\"https:\/\/vincentians.com\/fr\/ephemerides-08-octobre\/\",\"url\":\"https:\/\/vincentians.com\/fr\/ephemerides-08-octobre\/\",\"name\":\"Eph\u00e9m\u00e9rides : 08 octobre - Nous Sommes Vincentiens\",\"isPartOf\":{\"@id\":\"http:\/\/vincentians.com\/fr\/#website\"},\"primaryImageOfPage\":{\"@id\":\"https:\/\/vincentians.com\/fr\/ephemerides-08-octobre\/#primaryimage\"},\"image\":{\"@id\":\"https:\/\/vincentians.com\/fr\/ephemerides-08-octobre\/#primaryimage\"},\"thumbnailUrl\":\"https:\/\/i0.wp.com\/vincentians.com\/fr\/wp-content\/uploads\/sites\/10\/2016\/07\/ephemerides-fb.jpg?fit=1200%2C630\",\"datePublished\":\"2016-10-07T22:01:09+00:00\",\"author\":{\"@id\":\"http:\/\/vincentians.com\/fr\/#\/schema\/person\/9623ef4d9aa3b2dfb8c061f1499288f2\"},\"breadcrumb\":{\"@id\":\"https:\/\/vincentians.com\/fr\/ephemerides-08-octobre\/#breadcrumb\"},\"inLanguage\":\"fr-FR\",\"potentialAction\":[{\"@type\":\"ReadAction\",\"target\":[\"https:\/\/vincentians.com\/fr\/ephemerides-08-octobre\/\"]}]},{\"@type\":\"ImageObject\",\"inLanguage\":\"fr-FR\",\"@id\":\"https:\/\/vincentians.com\/fr\/ephemerides-08-octobre\/#primaryimage\",\"url\":\"https:\/\/i0.wp.com\/vincentians.com\/fr\/wp-content\/uploads\/sites\/10\/2016\/07\/ephemerides-fb.jpg?fit=1200%2C630\",\"contentUrl\":\"https:\/\/i0.wp.com\/vincentians.com\/fr\/wp-content\/uploads\/sites\/10\/2016\/07\/ephemerides-fb.jpg?fit=1200%2C630\",\"width\":1200,\"height\":630},{\"@type\":\"BreadcrumbList\",\"@id\":\"https:\/\/vincentians.com\/fr\/ephemerides-08-octobre\/#breadcrumb\",\"itemListElement\":[{\"@type\":\"ListItem\",\"position\":1,\"name\":\"Portada\",\"item\":\"http:\/\/vincentians.com\/fr\/\"},{\"@type\":\"ListItem\",\"position\":2,\"name\":\"Eph\u00e9m\u00e9rides : 08 octobre\"}]},{\"@type\":\"WebSite\",\"@id\":\"http:\/\/vincentians.com\/fr\/#website\",\"url\":\"http:\/\/vincentians.com\/fr\/\",\"name\":\"Nous Sommes Vincentiens\",\"description\":\"Know more to serve more\",\"potentialAction\":[{\"@type\":\"SearchAction\",\"target\":{\"@type\":\"EntryPoint\",\"urlTemplate\":\"http:\/\/vincentians.com\/fr\/?s={search_term_string}\"},\"query-input\":{\"@type\":\"PropertyValueSpecification\",\"valueRequired\":true,\"valueName\":\"search_term_string\"}}],\"inLanguage\":\"fr-FR\"},{\"@type\":\"Person\",\"@id\":\"http:\/\/vincentians.com\/fr\/#\/schema\/person\/9623ef4d9aa3b2dfb8c061f1499288f2\",\"name\":\"Francisco Javier Fern\u00e1ndez Chento\",\"image\":{\"@type\":\"ImageObject\",\"inLanguage\":\"fr-FR\",\"@id\":\"http:\/\/vincentians.com\/fr\/#\/schema\/person\/image\/\",\"url\":\"https:\/\/secure.gravatar.com\/avatar\/497d5cde87b4c3d097d0315953521681ba2cd523ee66e5077c3711f7021e65de?s=96&d=mm&r=g\",\"contentUrl\":\"https:\/\/secure.gravatar.com\/avatar\/497d5cde87b4c3d097d0315953521681ba2cd523ee66e5077c3711f7021e65de?s=96&d=mm&r=g\",\"caption\":\"Francisco Javier Fern\u00e1ndez Chento\"},\"description\":\"Director General y cofundador de La Red de Formaci\u00f3n Vicenciana. Javier es laico vicenciano, afiliado a la Congregaci\u00f3n de la Misi\u00f3n y miembro del Equipo de Misiones Populares de la provincia can\u00f3nica de Zaragoza (Espa\u00f1a) de la Congregaci\u00f3n de la Misi\u00f3n. Graduado en la Universidad Oberta de Catalunya con cuatro grados (Asistente de direcci\u00f3n, Gesti\u00f3n Administrativa, Recursos Humanos y Contabilidad Avanzada). Bil\u00edng\u00fce Espa\u00f1ol\/Ingl\u00e9s. gestiona y mantiene varias p\u00e1ginas web cristianas y vicencianas, incluida including La Red de Formaci\u00f3n Vicenciana, de la que es cofundador. Actualmente es responsable del \u00e1rea de Espa\u00f1ol de .famvin, la Red de Noticias de la Familia Vicenciana. Tambi\u00e9n es m\u00fasico cat\u00f3lico y ha editado varios discos. Es Director General y cofundador de Trovador, una reconocida compa\u00f1\u00eda discogr\u00e1fica critiana de Espa\u00f1a. Trabaja en las Tecnolog\u00edas de la Informaci\u00f3n, ofreciendo servicios de alojamiento, dise\u00f1o y mantenimiento Web, as\u00ed como asesoramiento, formaci\u00f3n y soluciones inform\u00e1ticas, gesti\u00f3n documental y digitalizaci\u00f3n de textos, edici\u00f3n y maquetaci\u00f3n de libros, revistas, flyers, etc.\",\"sameAs\":[\"http:\/\/chento.org\",\"https:\/\/www.facebook.com\/JavierChento\",\"https:\/\/x.com\/https:\/\/twitter.com\/javierchento\"],\"url\":\"http:\/\/vincentians.com\/fr\/author\/chento\/\"}]}<\/script>\n<!-- \/ Yoast SEO plugin. -->","yoast_head_json":{"title":"Eph\u00e9m\u00e9rides : 08 octobre - Nous Sommes Vincentiens","robots":{"index":"index","follow":"follow","max-snippet":"max-snippet:-1","max-image-preview":"max-image-preview:large","max-video-preview":"max-video-preview:-1"},"canonical":"https:\/\/vincentians.com\/fr\/ephemerides-08-octobre\/","og_locale":"fr_FR","og_type":"article","og_title":"Eph\u00e9m\u00e9rides : 08 octobre - Nous Sommes Vincentiens","og_description":"1642. De Paris, Monsieur Vincent adresse \u00e0 Jean Brunet et \u00e0 \u00c9tienne Blatiron une lettre o\u00f9 il leur dit\u00a0: \u00abJe vous ai d\u00e9j\u00e0 \u00e9crit que la Providence de Dieu vous appelle \u00e0 Rome pour un ... Read More","og_url":"https:\/\/vincentians.com\/fr\/ephemerides-08-octobre\/","og_site_name":"Nous Sommes Vincentiens","article_publisher":"https:\/\/www.facebook.com\/WeAreVincentians\/","article_author":"https:\/\/www.facebook.com\/JavierChento","article_published_time":"2016-10-07T22:01:09+00:00","og_image":[{"width":1200,"height":630,"url":"https:\/\/i0.wp.com\/vincentians.com\/fr\/wp-content\/uploads\/sites\/10\/2016\/07\/ephemerides-fb.jpg?fit=1200%2C630&ssl=1","type":"image\/jpeg"}],"author":"Francisco Javier Fern\u00e1ndez Chento","twitter_card":"summary_large_image","twitter_creator":"@https:\/\/twitter.com\/javierchento","twitter_site":"@WeVincentians","twitter_misc":{"\u00c9crit par":"Francisco Javier Fern\u00e1ndez Chento","Dur\u00e9e de lecture estim\u00e9e":"4 minutes"},"schema":{"@context":"https:\/\/schema.org","@graph":[{"@type":"WebPage","@id":"https:\/\/vincentians.com\/fr\/ephemerides-08-octobre\/","url":"https:\/\/vincentians.com\/fr\/ephemerides-08-octobre\/","name":"Eph\u00e9m\u00e9rides : 08 octobre - Nous Sommes Vincentiens","isPartOf":{"@id":"http:\/\/vincentians.com\/fr\/#website"},"primaryImageOfPage":{"@id":"https:\/\/vincentians.com\/fr\/ephemerides-08-octobre\/#primaryimage"},"image":{"@id":"https:\/\/vincentians.com\/fr\/ephemerides-08-octobre\/#primaryimage"},"thumbnailUrl":"https:\/\/i0.wp.com\/vincentians.com\/fr\/wp-content\/uploads\/sites\/10\/2016\/07\/ephemerides-fb.jpg?fit=1200%2C630","datePublished":"2016-10-07T22:01:09+00:00","author":{"@id":"http:\/\/vincentians.com\/fr\/#\/schema\/person\/9623ef4d9aa3b2dfb8c061f1499288f2"},"breadcrumb":{"@id":"https:\/\/vincentians.com\/fr\/ephemerides-08-octobre\/#breadcrumb"},"inLanguage":"fr-FR","potentialAction":[{"@type":"ReadAction","target":["https:\/\/vincentians.com\/fr\/ephemerides-08-octobre\/"]}]},{"@type":"ImageObject","inLanguage":"fr-FR","@id":"https:\/\/vincentians.com\/fr\/ephemerides-08-octobre\/#primaryimage","url":"https:\/\/i0.wp.com\/vincentians.com\/fr\/wp-content\/uploads\/sites\/10\/2016\/07\/ephemerides-fb.jpg?fit=1200%2C630","contentUrl":"https:\/\/i0.wp.com\/vincentians.com\/fr\/wp-content\/uploads\/sites\/10\/2016\/07\/ephemerides-fb.jpg?fit=1200%2C630","width":1200,"height":630},{"@type":"BreadcrumbList","@id":"https:\/\/vincentians.com\/fr\/ephemerides-08-octobre\/#breadcrumb","itemListElement":[{"@type":"ListItem","position":1,"name":"Portada","item":"http:\/\/vincentians.com\/fr\/"},{"@type":"ListItem","position":2,"name":"Eph\u00e9m\u00e9rides : 08 octobre"}]},{"@type":"WebSite","@id":"http:\/\/vincentians.com\/fr\/#website","url":"http:\/\/vincentians.com\/fr\/","name":"Nous Sommes Vincentiens","description":"Know more to serve more","potentialAction":[{"@type":"SearchAction","target":{"@type":"EntryPoint","urlTemplate":"http:\/\/vincentians.com\/fr\/?s={search_term_string}"},"query-input":{"@type":"PropertyValueSpecification","valueRequired":true,"valueName":"search_term_string"}}],"inLanguage":"fr-FR"},{"@type":"Person","@id":"http:\/\/vincentians.com\/fr\/#\/schema\/person\/9623ef4d9aa3b2dfb8c061f1499288f2","name":"Francisco Javier Fern\u00e1ndez Chento","image":{"@type":"ImageObject","inLanguage":"fr-FR","@id":"http:\/\/vincentians.com\/fr\/#\/schema\/person\/image\/","url":"https:\/\/secure.gravatar.com\/avatar\/497d5cde87b4c3d097d0315953521681ba2cd523ee66e5077c3711f7021e65de?s=96&d=mm&r=g","contentUrl":"https:\/\/secure.gravatar.com\/avatar\/497d5cde87b4c3d097d0315953521681ba2cd523ee66e5077c3711f7021e65de?s=96&d=mm&r=g","caption":"Francisco Javier Fern\u00e1ndez Chento"},"description":"Director General y cofundador de La Red de Formaci\u00f3n Vicenciana. Javier es laico vicenciano, afiliado a la Congregaci\u00f3n de la Misi\u00f3n y miembro del Equipo de Misiones Populares de la provincia can\u00f3nica de Zaragoza (Espa\u00f1a) de la Congregaci\u00f3n de la Misi\u00f3n. Graduado en la Universidad Oberta de Catalunya con cuatro grados (Asistente de direcci\u00f3n, Gesti\u00f3n Administrativa, Recursos Humanos y Contabilidad Avanzada). Bil\u00edng\u00fce Espa\u00f1ol\/Ingl\u00e9s. gestiona y mantiene varias p\u00e1ginas web cristianas y vicencianas, incluida including La Red de Formaci\u00f3n Vicenciana, de la que es cofundador. Actualmente es responsable del \u00e1rea de Espa\u00f1ol de .famvin, la Red de Noticias de la Familia Vicenciana. Tambi\u00e9n es m\u00fasico cat\u00f3lico y ha editado varios discos. Es Director General y cofundador de Trovador, una reconocida compa\u00f1\u00eda discogr\u00e1fica critiana de Espa\u00f1a. Trabaja en las Tecnolog\u00edas de la Informaci\u00f3n, ofreciendo servicios de alojamiento, dise\u00f1o y mantenimiento Web, as\u00ed como asesoramiento, formaci\u00f3n y soluciones inform\u00e1ticas, gesti\u00f3n documental y digitalizaci\u00f3n de textos, edici\u00f3n y maquetaci\u00f3n de libros, revistas, flyers, etc.","sameAs":["http:\/\/chento.org","https:\/\/www.facebook.com\/JavierChento","https:\/\/x.com\/https:\/\/twitter.com\/javierchento"],"url":"http:\/\/vincentians.com\/fr\/author\/chento\/"}]}},"jetpack_publicize_connections":[],"jetpack_featured_media_url":"https:\/\/i0.wp.com\/vincentians.com\/fr\/wp-content\/uploads\/sites\/10\/2016\/07\/ephemerides-fb.jpg?fit=1200%2C630","jetpack_sharing_enabled":true,"jetpack_shortlink":"https:\/\/wp.me\/p7ETMP-Nud","jetpack-related-posts":[{"id":190184,"url":"http:\/\/vincentians.com\/fr\/ephemerides-24-septembre\/","url_meta":{"origin":190229,"position":0},"title":"Eph\u00e9m\u00e9rides : 24 septembre","author":"Francisco Javier Fern\u00e1ndez Chento","date":"24\/09\/2016","format":false,"excerpt":"1641. \u00c0 Annecy, Jacques de Cordon donne \u00e0 nos confr\u00e8res, \u00e9tablis depuis deux ans en cette ville, un capital de quatorze mille florins, \u00e0 charge de pr\u00eacher des missions dans les terres de Genevois et Compaisi\u00e8res dont il a la commanderie. Dans le contrat, sign\u00e9 par devant notaire, Jacques de\u2026","rel":"","context":"Dans &quot;\u00c9ph\u00e9m\u00e9rides vincentiens&quot;","block_context":{"text":"\u00c9ph\u00e9m\u00e9rides vincentiens","link":"http:\/\/vincentians.com\/fr\/category\/ephemerides-vincentiens\/"},"img":{"alt_text":"","src":"https:\/\/i0.wp.com\/vincentians.com\/fr\/wp-content\/uploads\/sites\/10\/2016\/07\/ephemerides-fb.jpg?fit=1200%2C630&resize=350%2C200","width":350,"height":200,"srcset":"https:\/\/i0.wp.com\/vincentians.com\/fr\/wp-content\/uploads\/sites\/10\/2016\/07\/ephemerides-fb.jpg?fit=1200%2C630&resize=350%2C200 1x, https:\/\/i0.wp.com\/vincentians.com\/fr\/wp-content\/uploads\/sites\/10\/2016\/07\/ephemerides-fb.jpg?fit=1200%2C630&resize=525%2C300 1.5x, https:\/\/i0.wp.com\/vincentians.com\/fr\/wp-content\/uploads\/sites\/10\/2016\/07\/ephemerides-fb.jpg?fit=1200%2C630&resize=700%2C400 2x, https:\/\/i0.wp.com\/vincentians.com\/fr\/wp-content\/uploads\/sites\/10\/2016\/07\/ephemerides-fb.jpg?fit=1200%2C630&resize=1050%2C600 3x"},"classes":[]},{"id":190066,"url":"http:\/\/vincentians.com\/fr\/ephemerides-17-aout\/","url_meta":{"origin":190229,"position":1},"title":"Eph\u00e9m\u00e9rides : 17 ao\u00fbt","author":"Francisco Javier Fern\u00e1ndez Chento","date":"17\/08\/2016","format":false,"excerpt":"1665. \u00c0 Paris, l\u2019archev\u00eaque, Hardouin de Beaumont de P\u00e9r\u00e9fixe, approuve les Constitutions relatives au sup\u00e9rieur g\u00e9n\u00e9ral et \u00e0 l\u2019administration de la Compagnie. C\u2019est M. Alm\u00e9ras qui a achev\u00e9 de les pr\u00e9parer. Ce fut l\u2019un de ses premiers soucis lorsqu\u2019il fut \u00e9lu pour succ\u00e9der \u00e0 Monsieur Vincent. Il avait alors entre\u2026","rel":"","context":"Dans &quot;\u00c9ph\u00e9m\u00e9rides vincentiens&quot;","block_context":{"text":"\u00c9ph\u00e9m\u00e9rides vincentiens","link":"http:\/\/vincentians.com\/fr\/category\/ephemerides-vincentiens\/"},"img":{"alt_text":"","src":"https:\/\/i0.wp.com\/vincentians.com\/fr\/wp-content\/uploads\/sites\/10\/2016\/07\/ephemerides-fb.jpg?fit=1200%2C630&resize=350%2C200","width":350,"height":200,"srcset":"https:\/\/i0.wp.com\/vincentians.com\/fr\/wp-content\/uploads\/sites\/10\/2016\/07\/ephemerides-fb.jpg?fit=1200%2C630&resize=350%2C200 1x, https:\/\/i0.wp.com\/vincentians.com\/fr\/wp-content\/uploads\/sites\/10\/2016\/07\/ephemerides-fb.jpg?fit=1200%2C630&resize=525%2C300 1.5x, https:\/\/i0.wp.com\/vincentians.com\/fr\/wp-content\/uploads\/sites\/10\/2016\/07\/ephemerides-fb.jpg?fit=1200%2C630&resize=700%2C400 2x, https:\/\/i0.wp.com\/vincentians.com\/fr\/wp-content\/uploads\/sites\/10\/2016\/07\/ephemerides-fb.jpg?fit=1200%2C630&resize=1050%2C600 3x"},"classes":[]},{"id":190055,"url":"http:\/\/vincentians.com\/fr\/ephemerides-03-aout\/","url_meta":{"origin":190229,"position":2},"title":"Eph\u00e9m\u00e9rides: 03 ao\u00fbt","author":"Francisco Javier Fern\u00e1ndez Chento","date":"03\/08\/2017","format":false,"excerpt":"1657. \u00c0 G\u00eanes, M. Dominique Boccone meurt de la peste. Seul confr\u00e8re italien de la maison, il est d\u00e9j\u00e0 la troisi\u00e8me des victimes que l\u2019\u00e9pid\u00e9mie a faites dans la maison de G\u00eanes depuis un peu plus de quinze jours. Avant lui, Fran\u00e7ois Vincent \u2014 du dioc\u00e8se de Meaux \u2014 et\u2026","rel":"","context":"Dans &quot;\u00c9ph\u00e9m\u00e9rides vincentiens&quot;","block_context":{"text":"\u00c9ph\u00e9m\u00e9rides vincentiens","link":"http:\/\/vincentians.com\/fr\/category\/ephemerides-vincentiens\/"},"img":{"alt_text":"","src":"https:\/\/i0.wp.com\/vincentians.com\/fr\/wp-content\/uploads\/sites\/10\/2016\/07\/ephemerides-fb.jpg?fit=1200%2C630&resize=350%2C200","width":350,"height":200,"srcset":"https:\/\/i0.wp.com\/vincentians.com\/fr\/wp-content\/uploads\/sites\/10\/2016\/07\/ephemerides-fb.jpg?fit=1200%2C630&resize=350%2C200 1x, https:\/\/i0.wp.com\/vincentians.com\/fr\/wp-content\/uploads\/sites\/10\/2016\/07\/ephemerides-fb.jpg?fit=1200%2C630&resize=525%2C300 1.5x, https:\/\/i0.wp.com\/vincentians.com\/fr\/wp-content\/uploads\/sites\/10\/2016\/07\/ephemerides-fb.jpg?fit=1200%2C630&resize=700%2C400 2x, https:\/\/i0.wp.com\/vincentians.com\/fr\/wp-content\/uploads\/sites\/10\/2016\/07\/ephemerides-fb.jpg?fit=1200%2C630&resize=1050%2C600 3x"},"classes":[]},{"id":190189,"url":"http:\/\/vincentians.com\/fr\/ephemerides-29-septembre\/","url_meta":{"origin":190229,"position":3},"title":"Eph\u00e9m\u00e9rides : 29 septembre","author":"Francisco Javier Fern\u00e1ndez Chento","date":"29\/09\/2016","format":false,"excerpt":"1663. Dans l\u2019anse des Gallions, \u00e0 dix-huit lieues de Fort-Dauphin, le Saint-Charles qui a quitt\u00e9 Paimb\u0153uf, le 20 mai, jette l\u2019ancre. Il a \u00e0 son bord la septi\u00e8me \u00e9quipe vincentienne de missionnaires envoy\u00e9s \u00e0 Madagascar, et qui comprend MM. Etienne et Mani\u00e9 et les Fr\u00e8res Patte et Lebrun. La travers\u00e9e\u2026","rel":"","context":"Dans &quot;\u00c9ph\u00e9m\u00e9rides vincentiens&quot;","block_context":{"text":"\u00c9ph\u00e9m\u00e9rides vincentiens","link":"http:\/\/vincentians.com\/fr\/category\/ephemerides-vincentiens\/"},"img":{"alt_text":"","src":"https:\/\/i0.wp.com\/vincentians.com\/fr\/wp-content\/uploads\/sites\/10\/2016\/07\/ephemerides-fb.jpg?fit=1200%2C630&resize=350%2C200","width":350,"height":200,"srcset":"https:\/\/i0.wp.com\/vincentians.com\/fr\/wp-content\/uploads\/sites\/10\/2016\/07\/ephemerides-fb.jpg?fit=1200%2C630&resize=350%2C200 1x, https:\/\/i0.wp.com\/vincentians.com\/fr\/wp-content\/uploads\/sites\/10\/2016\/07\/ephemerides-fb.jpg?fit=1200%2C630&resize=525%2C300 1.5x, https:\/\/i0.wp.com\/vincentians.com\/fr\/wp-content\/uploads\/sites\/10\/2016\/07\/ephemerides-fb.jpg?fit=1200%2C630&resize=700%2C400 2x, https:\/\/i0.wp.com\/vincentians.com\/fr\/wp-content\/uploads\/sites\/10\/2016\/07\/ephemerides-fb.jpg?fit=1200%2C630&resize=1050%2C600 3x"},"classes":[]},{"id":190172,"url":"http:\/\/vincentians.com\/fr\/ephemerides-12-septembre\/","url_meta":{"origin":190229,"position":4},"title":"Eph\u00e9m\u00e9rides : 12 septembre","author":"Francisco Javier Fern\u00e1ndez Chento","date":"12\/09\/2016","format":false,"excerpt":"1628. \u00c0 Beauvais, Monsieur Vincent, r\u00e9pondant \u00e0 l\u2019invitation de l\u2019\u00e9v\u00eaque, Augustin Potier, arrive pour diriger la retraite des ordinands, qui va se prolonger pendant une quinzaine de jours (1). 1648. Mademoiselle le Gras accueille dans la Compagnie celle qui sera Sup\u00e9rieure G\u00e9n\u00e9rale durant 21 ans. Mathurine Gu\u00e9rin, \u00e2g\u00e9e de 17\u2026","rel":"","context":"Dans &quot;\u00c9ph\u00e9m\u00e9rides vincentiens&quot;","block_context":{"text":"\u00c9ph\u00e9m\u00e9rides vincentiens","link":"http:\/\/vincentians.com\/fr\/category\/ephemerides-vincentiens\/"},"img":{"alt_text":"","src":"https:\/\/i0.wp.com\/vincentians.com\/fr\/wp-content\/uploads\/sites\/10\/2016\/07\/ephemerides-fb.jpg?fit=1200%2C630&resize=350%2C200","width":350,"height":200,"srcset":"https:\/\/i0.wp.com\/vincentians.com\/fr\/wp-content\/uploads\/sites\/10\/2016\/07\/ephemerides-fb.jpg?fit=1200%2C630&resize=350%2C200 1x, https:\/\/i0.wp.com\/vincentians.com\/fr\/wp-content\/uploads\/sites\/10\/2016\/07\/ephemerides-fb.jpg?fit=1200%2C630&resize=525%2C300 1.5x, https:\/\/i0.wp.com\/vincentians.com\/fr\/wp-content\/uploads\/sites\/10\/2016\/07\/ephemerides-fb.jpg?fit=1200%2C630&resize=700%2C400 2x, https:\/\/i0.wp.com\/vincentians.com\/fr\/wp-content\/uploads\/sites\/10\/2016\/07\/ephemerides-fb.jpg?fit=1200%2C630&resize=1050%2C600 3x"},"classes":[]},{"id":104138,"url":"http:\/\/vincentians.com\/fr\/ephemerides-23-novembre\/","url_meta":{"origin":190229,"position":5},"title":"Eph\u00e9m\u00e9rides: 23 novembre","author":"Francisco Javier Fern\u00e1ndez Chento","date":"23\/11\/2016","format":false,"excerpt":"1660. \u00c0 Paris, \u00e0 Saint-Germain-l\u2019Auxerrois, \u2014 l\u2019\u00e9glise paroissiale de la Cour \u2014 les membres de la Conf\u00e9rence des Mardis font c\u00e9l\u00e9brer un service solennel pour Monsieur Vincent\u2026 Qu\u2019ils aient attendu deux mois pour s\u2019acquitter de ce devoir de gratitude envers leur fondateur d\u00e9funt, s\u2019explique par le fait que l\u2019orateur, charg\u00e9\u2026","rel":"","context":"Dans &quot;\u00c9ph\u00e9m\u00e9rides vincentiens&quot;","block_context":{"text":"\u00c9ph\u00e9m\u00e9rides vincentiens","link":"http:\/\/vincentians.com\/fr\/category\/ephemerides-vincentiens\/"},"img":{"alt_text":"","src":"https:\/\/i0.wp.com\/vincentians.com\/fr\/wp-content\/uploads\/sites\/10\/2016\/07\/ephemerides-fb.jpg?fit=1200%2C630&resize=350%2C200","width":350,"height":200,"srcset":"https:\/\/i0.wp.com\/vincentians.com\/fr\/wp-content\/uploads\/sites\/10\/2016\/07\/ephemerides-fb.jpg?fit=1200%2C630&resize=350%2C200 1x, https:\/\/i0.wp.com\/vincentians.com\/fr\/wp-content\/uploads\/sites\/10\/2016\/07\/ephemerides-fb.jpg?fit=1200%2C630&resize=525%2C300 1.5x, https:\/\/i0.wp.com\/vincentians.com\/fr\/wp-content\/uploads\/sites\/10\/2016\/07\/ephemerides-fb.jpg?fit=1200%2C630&resize=700%2C400 2x, https:\/\/i0.wp.com\/vincentians.com\/fr\/wp-content\/uploads\/sites\/10\/2016\/07\/ephemerides-fb.jpg?fit=1200%2C630&resize=1050%2C600 3x"},"classes":[]}],"_links":{"self":[{"href":"http:\/\/vincentians.com\/fr\/wp-json\/wp\/v2\/posts\/190229","targetHints":{"allow":["GET"]}}],"collection":[{"href":"http:\/\/vincentians.com\/fr\/wp-json\/wp\/v2\/posts"}],"about":[{"href":"http:\/\/vincentians.com\/fr\/wp-json\/wp\/v2\/types\/post"}],"author":[{"embeddable":true,"href":"http:\/\/vincentians.com\/fr\/wp-json\/wp\/v2\/users\/4"}],"replies":[{"embeddable":true,"href":"http:\/\/vincentians.com\/fr\/wp-json\/wp\/v2\/comments?post=190229"}],"version-history":[{"count":0,"href":"http:\/\/vincentians.com\/fr\/wp-json\/wp\/v2\/posts\/190229\/revisions"}],"wp:featuredmedia":[{"embeddable":true,"href":"http:\/\/vincentians.com\/fr\/wp-json\/wp\/v2\/media\/149897"}],"wp:attachment":[{"href":"http:\/\/vincentians.com\/fr\/wp-json\/wp\/v2\/media?parent=190229"}],"wp:term":[{"taxonomy":"category","embeddable":true,"href":"http:\/\/vincentians.com\/fr\/wp-json\/wp\/v2\/categories?post=190229"},{"taxonomy":"post_tag","embeddable":true,"href":"http:\/\/vincentians.com\/fr\/wp-json\/wp\/v2\/tags?post=190229"}],"curies":[{"name":"wp","href":"https:\/\/api.w.org\/{rel}","templated":true}]}}