{"id":190190,"date":"2016-09-30T00:01:09","date_gmt":"2016-09-29T22:01:09","guid":{"rendered":"http:\/\/vincentians.com\/fr\/?p=190190"},"modified":"2016-08-09T18:44:16","modified_gmt":"2016-08-09T16:44:16","slug":"ephemerides-30-septembre","status":"publish","type":"post","link":"http:\/\/vincentians.com\/fr\/ephemerides-30-septembre\/","title":{"rendered":"Eph\u00e9m\u00e9rides : 30 septembre"},"content":{"rendered":"<p><b>1887<\/b>. \u00c0 Paris, Henri Romans est re\u00e7u au S\u00e9minaire interne. Il est le premier Lazariste de Hollande qui ait fait ses \u00e9tudes secondaires \u00e0 Wernhout, o\u00f9, en 1882, sous le coup des lois Jules Ferry, l\u2019\u00c9cole apostolique de Loos s\u2019est transport\u00e9e. Apr\u00e8s l\u2019ordination sacerdotale que, malgr\u00e9 la fragilit\u00e9 de sa sant\u00e9, il recevra \u00e0 Aire-sur-Adour en 1894, M. Romans ira conqu\u00e9rir \u00e0 Rome un dipl\u00f4me de licenci\u00e9 en th\u00e9ologie que lui signe le P\u00e8re Lepidi, de \u00abla Minerve\u00bb. Le s\u00e9minaire d\u2019Amiens l\u2019accueille comme professeur d\u2019\u00e9criture sainte\u00a0; c\u2019est la mati\u00e8re o\u00f9 il excellera toute sa vie. Il ne redoute pas d\u2019enseigner des opinions avanc\u00e9es, jusqu\u2019au jour o\u00f9 on lui rapporte la r\u00e9flexion que le P\u00e8re Pouget fit \u00e0 un confr\u00e8re de passage \u00e0 la Maison-M\u00e8re\u00a0: \u00abEh bien, votre M. Romans, il y va un peu fort\u00a0!\u2026\u00bb La pers\u00e9cution de Combes renvoie M. Romans en Hollande. Panningen b\u00e9n\u00e9ficie d\u2019un enseignement que, par son travail et sa culture, M. Romans enrichit toujours. En 1921, il devient le premier visiteur de Hollande, et, en onze ans de gouvernement, il donne \u00e0 la jeune province un essor rapide et durable\u00a0: par lui, la Bolivie, Java, le vicariat de Yungpingfou, en Chine, sont abondamment fournis en confr\u00e8res, et il installe la Maison centra le \u00e0 Nim\u00e8gue. En 1932, fatigu\u00e9, M. Romans donne sa d\u00e9mission. Mais, l\u2019Assembl\u00e9e de 1933 n\u2019accepte pas que cet homme de valeur reste dans le rang et elle le donne comme assistant au T.H.P. Souvay. Pendant quatorze ans, il sera le conseiller aimable, discret, au courant de tout\u00a0; l\u2019Allemagne, la Hongrie et Rome le verront venir \u00e0 elles comme commissaire extraordinaire. Ses quatre derni\u00e8res ann\u00e9es de vie se passent \u00e0 Nim\u00e8gue, dans une retraite laborieuse jusqu\u2019\u00e0 ce 20 septembre 1951, o\u00f9 la mort vient le chercher. Durant ses soixante-quatre ann\u00e9es de vie vincentienne, M. Romans a prodigu\u00e9 \u00e0 la petite Compagnie un amour vrai et pratique qui mobilisa \u00e0 son service sa science profonde doubl\u00e9e d\u2019un grand sens des r\u00e9alit\u00e9s, toutes deux guid\u00e9es par un jugement d\u2019une belle rectitude et surnaturalis\u00e9es par une authentique pi\u00e9t\u00e9. La Hollande peut \u00eatre fi\u00e8re de l\u2019avoir eu comme premier visiteur (1).<\/p>\n<p><b>1919<\/b>. \u00c0 Paris, la vingt-huiti\u00e8me Assembl\u00e9e g\u00e9n\u00e9rale proc\u00e8de \u00e0 l\u2019\u00e9lection du successeur du T.H.P. Villette. Tous les d\u00e9put\u00e9s n\u2019\u00e9taient pas pr\u00e9sents \u00e0 l\u2019ouverture, le 27 septembre; ceux de Perse et du Mexique ne sont arriv\u00e9s qu\u2019hier au soir; ceux d\u2019Allemagne entrent dans la salle o\u00f9 sont enferm\u00e9s les \u00e9lecteurs, juste au moment o\u00f9 le d\u00e9pouillement du premier scrutin va commencer. On les fait voter et l\u2019urne re\u00e7oit ainsi quatre-vingt-quinze bulletins. Fait inou\u00ef dans l\u2019histoire de la petite Compagnie, c\u2019est \u00e0 la presque unanimit\u00e9 que M. Fran\u00e7ois Verdier est \u00e9lu dix-huiti\u00e8me sup\u00e9rieur g\u00e9n\u00e9ral (2).<\/p>\n<dl>\n<dd>1) Annales, t. 117, pp. 85-95.<\/dd>\n<dd>2) Annales, t. 84, pp. 655-656.<\/dd>\n<\/dl>\n","protected":false},"excerpt":{"rendered":"<p>1887. \u00c0 Paris, Henri Romans est re\u00e7u au S\u00e9minaire interne. Il est le premier Lazariste de Hollande qui ait fait ses \u00e9tudes secondaires \u00e0 Wernhout, o\u00f9, en 1882, sous le coup des lois Jules Ferry, &#8230; <a href=\"http:\/\/vincentians.com\/fr\/ephemerides-30-septembre\/\" class=\"more-link\">Read More<\/a><\/p>\n","protected":false},"author":4,"featured_media":149897,"comment_status":"open","ping_status":"open","sticky":false,"template":"","format":"standard","meta":{"jetpack_post_was_ever_published":false,"_jetpack_newsletter_access":"","_jetpack_dont_email_post_to_subs":false,"_jetpack_newsletter_tier_id":0,"_jetpack_memberships_contains_paywalled_content":false,"_jetpack_memberships_contains_paid_content":false,"footnotes":"","jetpack_publicize_message":"","jetpack_publicize_feature_enabled":true,"jetpack_social_post_already_shared":true,"jetpack_social_options":{"image_generator_settings":{"template":"highway","default_image_id":0,"font":"","enabled":false},"version":2}},"categories":[119],"tags":[],"class_list":["post-190190","post","type-post","status-publish","format-standard","has-post-thumbnail","hentry","category-ephemerides-vincentiens"],"yoast_head":"<!-- This site is optimized with the Yoast SEO plugin v26.3 - https:\/\/yoast.com\/wordpress\/plugins\/seo\/ -->\n<title>Eph\u00e9m\u00e9rides : 30 septembre - Nous Sommes Vincentiens<\/title>\n<meta name=\"robots\" content=\"index, follow, max-snippet:-1, max-image-preview:large, max-video-preview:-1\" \/>\n<link rel=\"canonical\" href=\"http:\/\/vincentians.com\/fr\/ephemerides-30-septembre\/\" \/>\n<meta property=\"og:locale\" content=\"fr_FR\" \/>\n<meta property=\"og:type\" content=\"article\" \/>\n<meta property=\"og:title\" content=\"Eph\u00e9m\u00e9rides : 30 septembre - Nous Sommes Vincentiens\" \/>\n<meta property=\"og:description\" content=\"1887. \u00c0 Paris, Henri Romans est re\u00e7u au S\u00e9minaire interne. Il est le premier Lazariste de Hollande qui ait fait ses \u00e9tudes secondaires \u00e0 Wernhout, o\u00f9, en 1882, sous le coup des lois Jules Ferry, ... Read More\" \/>\n<meta property=\"og:url\" content=\"http:\/\/vincentians.com\/fr\/ephemerides-30-septembre\/\" \/>\n<meta property=\"og:site_name\" content=\"Nous Sommes Vincentiens\" \/>\n<meta property=\"article:publisher\" content=\"https:\/\/www.facebook.com\/WeAreVincentians\/\" \/>\n<meta property=\"article:author\" content=\"https:\/\/www.facebook.com\/JavierChento\" \/>\n<meta property=\"article:published_time\" content=\"2016-09-29T22:01:09+00:00\" \/>\n<meta property=\"og:image\" content=\"https:\/\/i0.wp.com\/vincentians.com\/fr\/wp-content\/uploads\/sites\/10\/2016\/07\/ephemerides-fb.jpg?fit=1200%2C630\" \/>\n\t<meta property=\"og:image:width\" content=\"1200\" \/>\n\t<meta property=\"og:image:height\" content=\"630\" \/>\n\t<meta property=\"og:image:type\" content=\"image\/jpeg\" \/>\n<meta name=\"author\" content=\"Francisco Javier Fern\u00e1ndez Chento\" \/>\n<meta name=\"twitter:card\" content=\"summary_large_image\" \/>\n<meta name=\"twitter:creator\" content=\"@https:\/\/twitter.com\/javierchento\" \/>\n<meta name=\"twitter:site\" content=\"@WeVincentians\" \/>\n<meta name=\"twitter:label1\" content=\"\u00c9crit par\" \/>\n\t<meta name=\"twitter:data1\" content=\"Francisco Javier Fern\u00e1ndez Chento\" \/>\n\t<meta name=\"twitter:label2\" content=\"Dur\u00e9e de lecture estim\u00e9e\" \/>\n\t<meta name=\"twitter:data2\" content=\"3 minutes\" \/>\n<script type=\"application\/ld+json\" class=\"yoast-schema-graph\">{\"@context\":\"https:\/\/schema.org\",\"@graph\":[{\"@type\":\"WebPage\",\"@id\":\"http:\/\/vincentians.com\/fr\/ephemerides-30-septembre\/\",\"url\":\"http:\/\/vincentians.com\/fr\/ephemerides-30-septembre\/\",\"name\":\"Eph\u00e9m\u00e9rides : 30 septembre - Nous Sommes Vincentiens\",\"isPartOf\":{\"@id\":\"http:\/\/vincentians.com\/fr\/#website\"},\"primaryImageOfPage\":{\"@id\":\"http:\/\/vincentians.com\/fr\/ephemerides-30-septembre\/#primaryimage\"},\"image\":{\"@id\":\"http:\/\/vincentians.com\/fr\/ephemerides-30-septembre\/#primaryimage\"},\"thumbnailUrl\":\"https:\/\/i0.wp.com\/vincentians.com\/fr\/wp-content\/uploads\/sites\/10\/2016\/07\/ephemerides-fb.jpg?fit=1200%2C630\",\"datePublished\":\"2016-09-29T22:01:09+00:00\",\"author\":{\"@id\":\"http:\/\/vincentians.com\/fr\/#\/schema\/person\/9623ef4d9aa3b2dfb8c061f1499288f2\"},\"breadcrumb\":{\"@id\":\"http:\/\/vincentians.com\/fr\/ephemerides-30-septembre\/#breadcrumb\"},\"inLanguage\":\"fr-FR\",\"potentialAction\":[{\"@type\":\"ReadAction\",\"target\":[\"http:\/\/vincentians.com\/fr\/ephemerides-30-septembre\/\"]}]},{\"@type\":\"ImageObject\",\"inLanguage\":\"fr-FR\",\"@id\":\"http:\/\/vincentians.com\/fr\/ephemerides-30-septembre\/#primaryimage\",\"url\":\"https:\/\/i0.wp.com\/vincentians.com\/fr\/wp-content\/uploads\/sites\/10\/2016\/07\/ephemerides-fb.jpg?fit=1200%2C630\",\"contentUrl\":\"https:\/\/i0.wp.com\/vincentians.com\/fr\/wp-content\/uploads\/sites\/10\/2016\/07\/ephemerides-fb.jpg?fit=1200%2C630\",\"width\":1200,\"height\":630},{\"@type\":\"BreadcrumbList\",\"@id\":\"http:\/\/vincentians.com\/fr\/ephemerides-30-septembre\/#breadcrumb\",\"itemListElement\":[{\"@type\":\"ListItem\",\"position\":1,\"name\":\"Portada\",\"item\":\"http:\/\/vincentians.com\/fr\/\"},{\"@type\":\"ListItem\",\"position\":2,\"name\":\"Eph\u00e9m\u00e9rides : 30 septembre\"}]},{\"@type\":\"WebSite\",\"@id\":\"http:\/\/vincentians.com\/fr\/#website\",\"url\":\"http:\/\/vincentians.com\/fr\/\",\"name\":\"Nous Sommes Vincentiens\",\"description\":\"Know more to serve more\",\"potentialAction\":[{\"@type\":\"SearchAction\",\"target\":{\"@type\":\"EntryPoint\",\"urlTemplate\":\"http:\/\/vincentians.com\/fr\/?s={search_term_string}\"},\"query-input\":{\"@type\":\"PropertyValueSpecification\",\"valueRequired\":true,\"valueName\":\"search_term_string\"}}],\"inLanguage\":\"fr-FR\"},{\"@type\":\"Person\",\"@id\":\"http:\/\/vincentians.com\/fr\/#\/schema\/person\/9623ef4d9aa3b2dfb8c061f1499288f2\",\"name\":\"Francisco Javier Fern\u00e1ndez Chento\",\"image\":{\"@type\":\"ImageObject\",\"inLanguage\":\"fr-FR\",\"@id\":\"http:\/\/vincentians.com\/fr\/#\/schema\/person\/image\/\",\"url\":\"https:\/\/secure.gravatar.com\/avatar\/497d5cde87b4c3d097d0315953521681ba2cd523ee66e5077c3711f7021e65de?s=96&d=mm&r=g\",\"contentUrl\":\"https:\/\/secure.gravatar.com\/avatar\/497d5cde87b4c3d097d0315953521681ba2cd523ee66e5077c3711f7021e65de?s=96&d=mm&r=g\",\"caption\":\"Francisco Javier Fern\u00e1ndez Chento\"},\"description\":\"Director General y cofundador de La Red de Formaci\u00f3n Vicenciana. Javier es laico vicenciano, afiliado a la Congregaci\u00f3n de la Misi\u00f3n y miembro del Equipo de Misiones Populares de la provincia can\u00f3nica de Zaragoza (Espa\u00f1a) de la Congregaci\u00f3n de la Misi\u00f3n. Graduado en la Universidad Oberta de Catalunya con cuatro grados (Asistente de direcci\u00f3n, Gesti\u00f3n Administrativa, Recursos Humanos y Contabilidad Avanzada). Bil\u00edng\u00fce Espa\u00f1ol\/Ingl\u00e9s. gestiona y mantiene varias p\u00e1ginas web cristianas y vicencianas, incluida including La Red de Formaci\u00f3n Vicenciana, de la que es cofundador. Actualmente es responsable del \u00e1rea de Espa\u00f1ol de .famvin, la Red de Noticias de la Familia Vicenciana. Tambi\u00e9n es m\u00fasico cat\u00f3lico y ha editado varios discos. Es Director General y cofundador de Trovador, una reconocida compa\u00f1\u00eda discogr\u00e1fica critiana de Espa\u00f1a. Trabaja en las Tecnolog\u00edas de la Informaci\u00f3n, ofreciendo servicios de alojamiento, dise\u00f1o y mantenimiento Web, as\u00ed como asesoramiento, formaci\u00f3n y soluciones inform\u00e1ticas, gesti\u00f3n documental y digitalizaci\u00f3n de textos, edici\u00f3n y maquetaci\u00f3n de libros, revistas, flyers, etc.\",\"sameAs\":[\"http:\/\/chento.org\",\"https:\/\/www.facebook.com\/JavierChento\",\"https:\/\/x.com\/https:\/\/twitter.com\/javierchento\"],\"url\":\"http:\/\/vincentians.com\/fr\/author\/chento\/\"}]}<\/script>\n<!-- \/ Yoast SEO plugin. -->","yoast_head_json":{"title":"Eph\u00e9m\u00e9rides : 30 septembre - Nous Sommes Vincentiens","robots":{"index":"index","follow":"follow","max-snippet":"max-snippet:-1","max-image-preview":"max-image-preview:large","max-video-preview":"max-video-preview:-1"},"canonical":"http:\/\/vincentians.com\/fr\/ephemerides-30-septembre\/","og_locale":"fr_FR","og_type":"article","og_title":"Eph\u00e9m\u00e9rides : 30 septembre - Nous Sommes Vincentiens","og_description":"1887. \u00c0 Paris, Henri Romans est re\u00e7u au S\u00e9minaire interne. Il est le premier Lazariste de Hollande qui ait fait ses \u00e9tudes secondaires \u00e0 Wernhout, o\u00f9, en 1882, sous le coup des lois Jules Ferry, ... Read More","og_url":"http:\/\/vincentians.com\/fr\/ephemerides-30-septembre\/","og_site_name":"Nous Sommes Vincentiens","article_publisher":"https:\/\/www.facebook.com\/WeAreVincentians\/","article_author":"https:\/\/www.facebook.com\/JavierChento","article_published_time":"2016-09-29T22:01:09+00:00","og_image":[{"width":1200,"height":630,"url":"https:\/\/i0.wp.com\/vincentians.com\/fr\/wp-content\/uploads\/sites\/10\/2016\/07\/ephemerides-fb.jpg?fit=1200%2C630","type":"image\/jpeg"}],"author":"Francisco Javier Fern\u00e1ndez Chento","twitter_card":"summary_large_image","twitter_creator":"@https:\/\/twitter.com\/javierchento","twitter_site":"@WeVincentians","twitter_misc":{"\u00c9crit par":"Francisco Javier Fern\u00e1ndez Chento","Dur\u00e9e de lecture estim\u00e9e":"3 minutes"},"schema":{"@context":"https:\/\/schema.org","@graph":[{"@type":"WebPage","@id":"http:\/\/vincentians.com\/fr\/ephemerides-30-septembre\/","url":"http:\/\/vincentians.com\/fr\/ephemerides-30-septembre\/","name":"Eph\u00e9m\u00e9rides : 30 septembre - Nous Sommes Vincentiens","isPartOf":{"@id":"http:\/\/vincentians.com\/fr\/#website"},"primaryImageOfPage":{"@id":"http:\/\/vincentians.com\/fr\/ephemerides-30-septembre\/#primaryimage"},"image":{"@id":"http:\/\/vincentians.com\/fr\/ephemerides-30-septembre\/#primaryimage"},"thumbnailUrl":"https:\/\/i0.wp.com\/vincentians.com\/fr\/wp-content\/uploads\/sites\/10\/2016\/07\/ephemerides-fb.jpg?fit=1200%2C630","datePublished":"2016-09-29T22:01:09+00:00","author":{"@id":"http:\/\/vincentians.com\/fr\/#\/schema\/person\/9623ef4d9aa3b2dfb8c061f1499288f2"},"breadcrumb":{"@id":"http:\/\/vincentians.com\/fr\/ephemerides-30-septembre\/#breadcrumb"},"inLanguage":"fr-FR","potentialAction":[{"@type":"ReadAction","target":["http:\/\/vincentians.com\/fr\/ephemerides-30-septembre\/"]}]},{"@type":"ImageObject","inLanguage":"fr-FR","@id":"http:\/\/vincentians.com\/fr\/ephemerides-30-septembre\/#primaryimage","url":"https:\/\/i0.wp.com\/vincentians.com\/fr\/wp-content\/uploads\/sites\/10\/2016\/07\/ephemerides-fb.jpg?fit=1200%2C630","contentUrl":"https:\/\/i0.wp.com\/vincentians.com\/fr\/wp-content\/uploads\/sites\/10\/2016\/07\/ephemerides-fb.jpg?fit=1200%2C630","width":1200,"height":630},{"@type":"BreadcrumbList","@id":"http:\/\/vincentians.com\/fr\/ephemerides-30-septembre\/#breadcrumb","itemListElement":[{"@type":"ListItem","position":1,"name":"Portada","item":"http:\/\/vincentians.com\/fr\/"},{"@type":"ListItem","position":2,"name":"Eph\u00e9m\u00e9rides : 30 septembre"}]},{"@type":"WebSite","@id":"http:\/\/vincentians.com\/fr\/#website","url":"http:\/\/vincentians.com\/fr\/","name":"Nous Sommes Vincentiens","description":"Know more to serve more","potentialAction":[{"@type":"SearchAction","target":{"@type":"EntryPoint","urlTemplate":"http:\/\/vincentians.com\/fr\/?s={search_term_string}"},"query-input":{"@type":"PropertyValueSpecification","valueRequired":true,"valueName":"search_term_string"}}],"inLanguage":"fr-FR"},{"@type":"Person","@id":"http:\/\/vincentians.com\/fr\/#\/schema\/person\/9623ef4d9aa3b2dfb8c061f1499288f2","name":"Francisco Javier Fern\u00e1ndez Chento","image":{"@type":"ImageObject","inLanguage":"fr-FR","@id":"http:\/\/vincentians.com\/fr\/#\/schema\/person\/image\/","url":"https:\/\/secure.gravatar.com\/avatar\/497d5cde87b4c3d097d0315953521681ba2cd523ee66e5077c3711f7021e65de?s=96&d=mm&r=g","contentUrl":"https:\/\/secure.gravatar.com\/avatar\/497d5cde87b4c3d097d0315953521681ba2cd523ee66e5077c3711f7021e65de?s=96&d=mm&r=g","caption":"Francisco Javier Fern\u00e1ndez Chento"},"description":"Director General y cofundador de La Red de Formaci\u00f3n Vicenciana. Javier es laico vicenciano, afiliado a la Congregaci\u00f3n de la Misi\u00f3n y miembro del Equipo de Misiones Populares de la provincia can\u00f3nica de Zaragoza (Espa\u00f1a) de la Congregaci\u00f3n de la Misi\u00f3n. Graduado en la Universidad Oberta de Catalunya con cuatro grados (Asistente de direcci\u00f3n, Gesti\u00f3n Administrativa, Recursos Humanos y Contabilidad Avanzada). Bil\u00edng\u00fce Espa\u00f1ol\/Ingl\u00e9s. gestiona y mantiene varias p\u00e1ginas web cristianas y vicencianas, incluida including La Red de Formaci\u00f3n Vicenciana, de la que es cofundador. Actualmente es responsable del \u00e1rea de Espa\u00f1ol de .famvin, la Red de Noticias de la Familia Vicenciana. Tambi\u00e9n es m\u00fasico cat\u00f3lico y ha editado varios discos. Es Director General y cofundador de Trovador, una reconocida compa\u00f1\u00eda discogr\u00e1fica critiana de Espa\u00f1a. Trabaja en las Tecnolog\u00edas de la Informaci\u00f3n, ofreciendo servicios de alojamiento, dise\u00f1o y mantenimiento Web, as\u00ed como asesoramiento, formaci\u00f3n y soluciones inform\u00e1ticas, gesti\u00f3n documental y digitalizaci\u00f3n de textos, edici\u00f3n y maquetaci\u00f3n de libros, revistas, flyers, etc.","sameAs":["http:\/\/chento.org","https:\/\/www.facebook.com\/JavierChento","https:\/\/x.com\/https:\/\/twitter.com\/javierchento"],"url":"http:\/\/vincentians.com\/fr\/author\/chento\/"}]}},"jetpack_publicize_connections":[],"jetpack_featured_media_url":"https:\/\/i0.wp.com\/vincentians.com\/fr\/wp-content\/uploads\/sites\/10\/2016\/07\/ephemerides-fb.jpg?fit=1200%2C630","jetpack_sharing_enabled":true,"jetpack_shortlink":"https:\/\/wp.me\/p7ETMP-NtA","jetpack-related-posts":[{"id":190155,"url":"http:\/\/vincentians.com\/fr\/ephemerides-31-aout\/","url_meta":{"origin":190190,"position":0},"title":"Eph\u00e9m\u00e9rides : 31 ao\u00fbt","author":"Francisco Javier Fern\u00e1ndez Chento","date":"31\/08\/2016","format":false,"excerpt":"1915. \u00c0 la Maison-M\u00e8re, dans la soir\u00e9e, les m\u00e9decins appel\u00e9s en consultation, laissent entendre que le T.H.P. Fiat est proche de sa fin. Le lendemain matin, vers 7 heures et demie, le quinzi\u00e8me successeur de saint Vincent meurt\u2026 Les brebis paternelles qu\u2019au sortir de ses classes, il menait pa\u00eetre dans\u2026","rel":"","context":"Dans &quot;\u00c9ph\u00e9m\u00e9rides vincentiens&quot;","block_context":{"text":"\u00c9ph\u00e9m\u00e9rides vincentiens","link":"http:\/\/vincentians.com\/fr\/category\/ephemerides-vincentiens\/"},"img":{"alt_text":"","src":"https:\/\/i0.wp.com\/vincentians.com\/fr\/wp-content\/uploads\/sites\/10\/2016\/07\/ephemerides-fb.jpg?fit=1200%2C630&resize=350%2C200","width":350,"height":200,"srcset":"https:\/\/i0.wp.com\/vincentians.com\/fr\/wp-content\/uploads\/sites\/10\/2016\/07\/ephemerides-fb.jpg?fit=1200%2C630&resize=350%2C200 1x, https:\/\/i0.wp.com\/vincentians.com\/fr\/wp-content\/uploads\/sites\/10\/2016\/07\/ephemerides-fb.jpg?fit=1200%2C630&resize=525%2C300 1.5x, https:\/\/i0.wp.com\/vincentians.com\/fr\/wp-content\/uploads\/sites\/10\/2016\/07\/ephemerides-fb.jpg?fit=1200%2C630&resize=700%2C400 2x, https:\/\/i0.wp.com\/vincentians.com\/fr\/wp-content\/uploads\/sites\/10\/2016\/07\/ephemerides-fb.jpg?fit=1200%2C630&resize=1050%2C600 3x"},"classes":[]},{"id":189321,"url":"http:\/\/vincentians.com\/fr\/ephemerides-17-juilliet\/","url_meta":{"origin":190190,"position":1},"title":"Eph\u00e9m\u00e9rides: 17 juilliet","author":"Francisco Javier Fern\u00e1ndez Chento","date":"17\/07\/2017","format":false,"excerpt":"1699. Monsieur Fran\u00e7ois de Lamoignon, seigneur de Basville, vient r\u00e9gulariser la situation des deux S\u0153urs \u00e9tablies sur ses terres et qui, depuis le 12 octobre 1689, assistent les malades de Saint Cheron et des hameaux environnants. Le contrat est sign\u00e9 devant notaire par lui-m\u00eame et M\u00e8re Julienne La Boue et\u2026","rel":"","context":"Dans &quot;\u00c9ph\u00e9m\u00e9rides vincentiens&quot;","block_context":{"text":"\u00c9ph\u00e9m\u00e9rides vincentiens","link":"http:\/\/vincentians.com\/fr\/category\/ephemerides-vincentiens\/"},"img":{"alt_text":"","src":"https:\/\/i0.wp.com\/vincentians.com\/fr\/wp-content\/uploads\/sites\/10\/2016\/07\/ephemerides-fb.jpg?fit=1200%2C630&resize=350%2C200","width":350,"height":200,"srcset":"https:\/\/i0.wp.com\/vincentians.com\/fr\/wp-content\/uploads\/sites\/10\/2016\/07\/ephemerides-fb.jpg?fit=1200%2C630&resize=350%2C200 1x, https:\/\/i0.wp.com\/vincentians.com\/fr\/wp-content\/uploads\/sites\/10\/2016\/07\/ephemerides-fb.jpg?fit=1200%2C630&resize=525%2C300 1.5x, https:\/\/i0.wp.com\/vincentians.com\/fr\/wp-content\/uploads\/sites\/10\/2016\/07\/ephemerides-fb.jpg?fit=1200%2C630&resize=700%2C400 2x, https:\/\/i0.wp.com\/vincentians.com\/fr\/wp-content\/uploads\/sites\/10\/2016\/07\/ephemerides-fb.jpg?fit=1200%2C630&resize=1050%2C600 3x"},"classes":[]},{"id":105941,"url":"http:\/\/vincentians.com\/fr\/ephemerides-1-mars\/","url_meta":{"origin":190190,"position":2},"title":"Eph\u00e9m\u00e9rides: 1 mars","author":"Francisco Javier Fern\u00e1ndez Chento","date":"01\/03\/2017","format":false,"excerpt":"1624. \u00c0 Paris , sont sign\u00e9es les lettres qui nomment saint Vincent Principal du Coll\u00e8ge des Bons-Enfants. Tout proche de l'\u00e9glise Saint-Nicolas du Chardonnet, cette maison quasi-inhabit\u00e9e, \u00e9tait \u00e0 la disposition de Jean-Fran\u00e7ois de Gondi, archev\u00eaque de Paris. Il ne fit aucune difficult\u00e9 quand son fr\u00e8re, le g\u00e9n\u00e9ral des gal\u00e8res,\u2026","rel":"","context":"Dans &quot;\u00c9ph\u00e9m\u00e9rides vincentiens&quot;","block_context":{"text":"\u00c9ph\u00e9m\u00e9rides vincentiens","link":"http:\/\/vincentians.com\/fr\/category\/ephemerides-vincentiens\/"},"img":{"alt_text":"","src":"https:\/\/i0.wp.com\/vincentians.com\/fr\/wp-content\/uploads\/sites\/10\/2016\/07\/ephemerides-fb.jpg?fit=1200%2C630&resize=350%2C200","width":350,"height":200,"srcset":"https:\/\/i0.wp.com\/vincentians.com\/fr\/wp-content\/uploads\/sites\/10\/2016\/07\/ephemerides-fb.jpg?fit=1200%2C630&resize=350%2C200 1x, https:\/\/i0.wp.com\/vincentians.com\/fr\/wp-content\/uploads\/sites\/10\/2016\/07\/ephemerides-fb.jpg?fit=1200%2C630&resize=525%2C300 1.5x, https:\/\/i0.wp.com\/vincentians.com\/fr\/wp-content\/uploads\/sites\/10\/2016\/07\/ephemerides-fb.jpg?fit=1200%2C630&resize=700%2C400 2x, https:\/\/i0.wp.com\/vincentians.com\/fr\/wp-content\/uploads\/sites\/10\/2016\/07\/ephemerides-fb.jpg?fit=1200%2C630&resize=1050%2C600 3x"},"classes":[]},{"id":104149,"url":"http:\/\/vincentians.com\/fr\/ephemerides-16-novembre\/","url_meta":{"origin":190190,"position":3},"title":"Eph\u00e9m\u00e9rides: 16 novembre","author":"Francisco Javier Fern\u00e1ndez Chento","date":"16\/11\/2016","format":false,"excerpt":"1654. Marie Joly qui est enfin arriv\u00e9e \u00e0 Paris (cf. 9 octobre 1654) ne peut r\u00e9sister \u00e0 la tentation qui la tenaille. Apr\u00e8s le repas, elle prend ses affaires et sans rien dire, quitte la Maison M\u00e8re. Avant de monter dans le coche, elle s\u2019interroge sur son comportement. Le remords\u2026","rel":"","context":"Dans &quot;\u00c9ph\u00e9m\u00e9rides vincentiens&quot;","block_context":{"text":"\u00c9ph\u00e9m\u00e9rides vincentiens","link":"http:\/\/vincentians.com\/fr\/category\/ephemerides-vincentiens\/"},"img":{"alt_text":"","src":"https:\/\/i0.wp.com\/vincentians.com\/fr\/wp-content\/uploads\/sites\/10\/2016\/07\/ephemerides-fb.jpg?fit=1200%2C630&resize=350%2C200","width":350,"height":200,"srcset":"https:\/\/i0.wp.com\/vincentians.com\/fr\/wp-content\/uploads\/sites\/10\/2016\/07\/ephemerides-fb.jpg?fit=1200%2C630&resize=350%2C200 1x, https:\/\/i0.wp.com\/vincentians.com\/fr\/wp-content\/uploads\/sites\/10\/2016\/07\/ephemerides-fb.jpg?fit=1200%2C630&resize=525%2C300 1.5x, https:\/\/i0.wp.com\/vincentians.com\/fr\/wp-content\/uploads\/sites\/10\/2016\/07\/ephemerides-fb.jpg?fit=1200%2C630&resize=700%2C400 2x, https:\/\/i0.wp.com\/vincentians.com\/fr\/wp-content\/uploads\/sites\/10\/2016\/07\/ephemerides-fb.jpg?fit=1200%2C630&resize=1050%2C600 3x"},"classes":[]},{"id":190340,"url":"http:\/\/vincentians.com\/fr\/ephemerides-19-mars\/","url_meta":{"origin":190190,"position":4},"title":"Eph\u00e9m\u00e9rides : 19 mars","author":"Francisco Javier Fern\u00e1ndez Chento","date":"19\/03\/2017","format":false,"excerpt":"l794. Au Mans, Jean Guibaud est guillotin\u00e9. Il \u00e9tait n\u00e9 le 25 janvier 176l, aux Toucas pr\u00e8s de Solli\u00e8s, dans le Var. Apr\u00e8s son ordination, il fut plac\u00e9 au Mans\u00a0; il y donna des missions jusqu'au jour o\u00f9, en 1792, un \u00e9v\u00eaque constitutionnel fut install\u00e9 dans la ville. Quand le\u2026","rel":"","context":"Dans &quot;\u00c9ph\u00e9m\u00e9rides vincentiens&quot;","block_context":{"text":"\u00c9ph\u00e9m\u00e9rides vincentiens","link":"http:\/\/vincentians.com\/fr\/category\/ephemerides-vincentiens\/"},"img":{"alt_text":"","src":"https:\/\/i0.wp.com\/vincentians.com\/fr\/wp-content\/uploads\/sites\/10\/2016\/07\/ephemerides-fb.jpg?fit=1200%2C630&resize=350%2C200","width":350,"height":200,"srcset":"https:\/\/i0.wp.com\/vincentians.com\/fr\/wp-content\/uploads\/sites\/10\/2016\/07\/ephemerides-fb.jpg?fit=1200%2C630&resize=350%2C200 1x, https:\/\/i0.wp.com\/vincentians.com\/fr\/wp-content\/uploads\/sites\/10\/2016\/07\/ephemerides-fb.jpg?fit=1200%2C630&resize=525%2C300 1.5x, https:\/\/i0.wp.com\/vincentians.com\/fr\/wp-content\/uploads\/sites\/10\/2016\/07\/ephemerides-fb.jpg?fit=1200%2C630&resize=700%2C400 2x, https:\/\/i0.wp.com\/vincentians.com\/fr\/wp-content\/uploads\/sites\/10\/2016\/07\/ephemerides-fb.jpg?fit=1200%2C630&resize=1050%2C600 3x"},"classes":[]},{"id":190185,"url":"http:\/\/vincentians.com\/fr\/ephemerides-25-septembre\/","url_meta":{"origin":190190,"position":5},"title":"Eph\u00e9m\u00e9rides : 25 septembre","author":"Francisco Javier Fern\u00e1ndez Chento","date":"25\/09\/2016","format":false,"excerpt":"1628. \u00c0 Rome, la Propagande rejette compl\u00e8tement la deuxi\u00e8me supplique que,\u2014 la premi\u00e8re \u00e0 peine repouss\u00e9e, \u2014 Monsieur Vincent lui a adress\u00e9e pour obtenir l\u2019approbation de sa petite Compagnie. Si, dans la Ville \u00c9ternelle, son projet est combattu en sourdine, Monsieur Vincent, par contre, est tenace. Cette fois, il va\u2026","rel":"","context":"Dans &quot;\u00c9ph\u00e9m\u00e9rides vincentiens&quot;","block_context":{"text":"\u00c9ph\u00e9m\u00e9rides vincentiens","link":"http:\/\/vincentians.com\/fr\/category\/ephemerides-vincentiens\/"},"img":{"alt_text":"","src":"https:\/\/i0.wp.com\/vincentians.com\/fr\/wp-content\/uploads\/sites\/10\/2016\/07\/ephemerides-fb.jpg?fit=1200%2C630&resize=350%2C200","width":350,"height":200,"srcset":"https:\/\/i0.wp.com\/vincentians.com\/fr\/wp-content\/uploads\/sites\/10\/2016\/07\/ephemerides-fb.jpg?fit=1200%2C630&resize=350%2C200 1x, https:\/\/i0.wp.com\/vincentians.com\/fr\/wp-content\/uploads\/sites\/10\/2016\/07\/ephemerides-fb.jpg?fit=1200%2C630&resize=525%2C300 1.5x, https:\/\/i0.wp.com\/vincentians.com\/fr\/wp-content\/uploads\/sites\/10\/2016\/07\/ephemerides-fb.jpg?fit=1200%2C630&resize=700%2C400 2x, https:\/\/i0.wp.com\/vincentians.com\/fr\/wp-content\/uploads\/sites\/10\/2016\/07\/ephemerides-fb.jpg?fit=1200%2C630&resize=1050%2C600 3x"},"classes":[]}],"_links":{"self":[{"href":"http:\/\/vincentians.com\/fr\/wp-json\/wp\/v2\/posts\/190190","targetHints":{"allow":["GET"]}}],"collection":[{"href":"http:\/\/vincentians.com\/fr\/wp-json\/wp\/v2\/posts"}],"about":[{"href":"http:\/\/vincentians.com\/fr\/wp-json\/wp\/v2\/types\/post"}],"author":[{"embeddable":true,"href":"http:\/\/vincentians.com\/fr\/wp-json\/wp\/v2\/users\/4"}],"replies":[{"embeddable":true,"href":"http:\/\/vincentians.com\/fr\/wp-json\/wp\/v2\/comments?post=190190"}],"version-history":[{"count":0,"href":"http:\/\/vincentians.com\/fr\/wp-json\/wp\/v2\/posts\/190190\/revisions"}],"wp:featuredmedia":[{"embeddable":true,"href":"http:\/\/vincentians.com\/fr\/wp-json\/wp\/v2\/media\/149897"}],"wp:attachment":[{"href":"http:\/\/vincentians.com\/fr\/wp-json\/wp\/v2\/media?parent=190190"}],"wp:term":[{"taxonomy":"category","embeddable":true,"href":"http:\/\/vincentians.com\/fr\/wp-json\/wp\/v2\/categories?post=190190"},{"taxonomy":"post_tag","embeddable":true,"href":"http:\/\/vincentians.com\/fr\/wp-json\/wp\/v2\/tags?post=190190"}],"curies":[{"name":"wp","href":"https:\/\/api.w.org\/{rel}","templated":true}]}}