{"id":190189,"date":"2016-09-29T00:01:09","date_gmt":"2016-09-28T22:01:09","guid":{"rendered":"http:\/\/vincentians.com\/fr\/?p=190189"},"modified":"2016-08-09T18:43:57","modified_gmt":"2016-08-09T16:43:57","slug":"ephemerides-29-septembre","status":"publish","type":"post","link":"http:\/\/vincentians.com\/fr\/ephemerides-29-septembre\/","title":{"rendered":"Eph\u00e9m\u00e9rides : 29 septembre"},"content":{"rendered":"<p><b>1663<\/b>. Dans l\u2019anse des Gallions, \u00e0 dix-huit lieues de Fort-Dauphin, le Saint-Charles qui a quitt\u00e9 Paimb\u0153uf, le 20 mai, jette l\u2019ancre. Il a \u00e0 son bord la septi\u00e8me \u00e9quipe vincentienne de missionnaires envoy\u00e9s \u00e0 Madagascar, et qui comprend MM. Etienne et Mani\u00e9 et les Fr\u00e8res Patte et Lebrun. La travers\u00e9e n\u2019a pas \u00e9t\u00e9 d\u00e9pourvue de p\u00e9rip\u00e9ties plus ou moins tragiques\u00a0: il n\u2019y a eu cependant qu\u2019un seul passager \u00e0 mourir. Le 14 septembre, apr\u00e8s avoir doubl\u00e9 le Cap de Bonne-Esp\u00e9rance, voyageurs ont aper\u00e7u, \u2014 \u00e0 temps pour l\u2019\u00e9viter, \u2014 un iceberg d\u2019une demi-lieue de circonf\u00e9rence. Dans son r\u00e9cit adress\u00e9 \u00e0 M. Alm\u00e9ras, M. Etienne notera fi\u00e8rement\u00a0: \u00abNous sommes les premiers qui ayons rencontr\u00e9 une montagne de cette sorte, en allant \u00e0 Madagascar\u00bb (1).<\/p>\n<p><b>1671<\/b>. De Paris, M. Alm\u00e9ras annonce que Cl\u00e9ment X accorde de nouvelles faveurs \u00e0 la Compagnie. Elles ont \u00e9t\u00e9 obtenues par le cardinal Spinola enthousiasm\u00e9 des missions que les confr\u00e8res de Rome ont donn\u00e9es en son \u00e9v\u00each\u00e9 de Sutri (2).<\/p>\n<p><b>1856<\/b>. \u00c0 Ch\u00e2tillon-les-Dombes, le T.H.P. Etienne assiste \u00e0 l\u2019inauguration de la statue que la population a voulu dresser, sur l\u2019une des places de l\u2019antique cit\u00e9, \u00e0 la gloire de saint Vincent de Paul, son ancien cur\u00e9. La statue est due au ciseau du sculpteur bressan \u00c9milien Cabuchet. Le P\u00e8re Etienne prononce le discours de circonstance\u00a0: il y montre que Ch\u00e2tillon est la terre natale des \u0153uvres charitables de saint Vincent, puisqu\u2019elles d\u00e9rivent de cette association des Dames de la Charit\u00e9 que le saint pr\u00eatre cr\u00e9a \u00e0 Ch\u00e2tillon (3).<\/p>\n<p><b>1883<\/b>. \u00c0 Ch\u00e2teau-l\u2019Ev\u00eaque, \u00e0 la suite de la retraite pastorale que leur a pr\u00each\u00e9e ce si peu banal pr\u00e9dicateur qu\u2019\u00e9tait notre confr\u00e8re, M. Gillot, un bon groupe de pr\u00eatres de P\u00e9rigueux, conduits par leur \u00e9v\u00eaque, Mgr Dabert, vient en p\u00e8lerinage aux lieux o\u00f9 saint Vincent re\u00e7ut l\u2019onction sacerdotale. Dans l\u2019\u00e9glise, brillamment illumin\u00e9e, l\u2019\u00e9v\u00eaque c\u00e9l\u00e8bre la messe \u00e0 laquelle tous les pr\u00eatres communient. Quatre-vingts Filles de la Charit\u00e9, qui terminent, elles aussi, leur retraite, se sont jointes \u00e0 eux, ainsi qu\u2019une centaine de fid\u00e8les. Apr\u00e8s la messe, Mgr Dabert prononce un beau discours, dans lequel il montre que le sacerdoce re\u00e7ut par saint Vincent en cet endroit fut la source de sa Charit\u00e9. Et l\u2019\u00e9v\u00eaque d\u00e9clare\u00a0: \u00abJe suis heureux de r\u00e9aliser aujourd\u2019hui une pens\u00e9e qui me pr\u00e9occupait depuis bien des ann\u00e9es\u00a0: le p\u00e8lerinage est d\u00e9sormais inaugur\u00e9\u00a0; maintenant nous attendons les p\u00e8lerinages des membres des Conf\u00e9rences de Saint-Vincent-de-Paul, des Dames de la Charit\u00e9, des Enfants de Marie, des fid\u00e8les\u00bb (4).<\/p>\n<dl>\n<dd>1) M\u00e9moires C.M. IX, p. 468.<\/dd>\n<dd>2) Circulaires, t. I, p. 116.<\/dd>\n<dd>3) Annales, t. 44, pp. 540-545.<\/dd>\n<dd>4) Annales, t. 49, pp. 21-22.<\/dd>\n<\/dl>\n","protected":false},"excerpt":{"rendered":"<p>1663. Dans l\u2019anse des Gallions, \u00e0 dix-huit lieues de Fort-Dauphin, le Saint-Charles qui a quitt\u00e9 Paimb\u0153uf, le 20 mai, jette l\u2019ancre. Il a \u00e0 son bord la septi\u00e8me \u00e9quipe vincentienne de missionnaires envoy\u00e9s \u00e0 Madagascar, &#8230; <a href=\"http:\/\/vincentians.com\/fr\/ephemerides-29-septembre\/\" class=\"more-link\">Read More<\/a><\/p>\n","protected":false},"author":4,"featured_media":149897,"comment_status":"open","ping_status":"open","sticky":false,"template":"","format":"standard","meta":{"jetpack_post_was_ever_published":false,"_jetpack_newsletter_access":"","_jetpack_dont_email_post_to_subs":false,"_jetpack_newsletter_tier_id":0,"_jetpack_memberships_contains_paywalled_content":false,"_jetpack_memberships_contains_paid_content":false,"footnotes":"","jetpack_publicize_message":"","jetpack_publicize_feature_enabled":true,"jetpack_social_post_already_shared":true,"jetpack_social_options":{"image_generator_settings":{"template":"highway","default_image_id":0,"font":"","enabled":false},"version":2}},"categories":[119],"tags":[],"class_list":["post-190189","post","type-post","status-publish","format-standard","has-post-thumbnail","hentry","category-ephemerides-vincentiens"],"yoast_head":"<!-- This site is optimized with the Yoast SEO plugin v26.3 - https:\/\/yoast.com\/wordpress\/plugins\/seo\/ -->\n<title>Eph\u00e9m\u00e9rides : 29 septembre - Nous Sommes Vincentiens<\/title>\n<meta name=\"robots\" content=\"index, follow, max-snippet:-1, max-image-preview:large, max-video-preview:-1\" \/>\n<link rel=\"canonical\" href=\"http:\/\/vincentians.com\/fr\/ephemerides-29-septembre\/\" \/>\n<meta property=\"og:locale\" content=\"fr_FR\" \/>\n<meta property=\"og:type\" content=\"article\" \/>\n<meta property=\"og:title\" content=\"Eph\u00e9m\u00e9rides : 29 septembre - Nous Sommes Vincentiens\" \/>\n<meta property=\"og:description\" content=\"1663. Dans l\u2019anse des Gallions, \u00e0 dix-huit lieues de Fort-Dauphin, le Saint-Charles qui a quitt\u00e9 Paimb\u0153uf, le 20 mai, jette l\u2019ancre. Il a \u00e0 son bord la septi\u00e8me \u00e9quipe vincentienne de missionnaires envoy\u00e9s \u00e0 Madagascar, ... Read More\" \/>\n<meta property=\"og:url\" content=\"http:\/\/vincentians.com\/fr\/ephemerides-29-septembre\/\" \/>\n<meta property=\"og:site_name\" content=\"Nous Sommes Vincentiens\" \/>\n<meta property=\"article:publisher\" content=\"https:\/\/www.facebook.com\/WeAreVincentians\/\" \/>\n<meta property=\"article:author\" content=\"https:\/\/www.facebook.com\/JavierChento\" \/>\n<meta property=\"article:published_time\" content=\"2016-09-28T22:01:09+00:00\" \/>\n<meta property=\"og:image\" content=\"https:\/\/i0.wp.com\/vincentians.com\/fr\/wp-content\/uploads\/sites\/10\/2016\/07\/ephemerides-fb.jpg?fit=1200%2C630\" \/>\n\t<meta property=\"og:image:width\" content=\"1200\" \/>\n\t<meta property=\"og:image:height\" content=\"630\" \/>\n\t<meta property=\"og:image:type\" content=\"image\/jpeg\" \/>\n<meta name=\"author\" content=\"Francisco Javier Fern\u00e1ndez Chento\" \/>\n<meta name=\"twitter:card\" content=\"summary_large_image\" \/>\n<meta name=\"twitter:creator\" content=\"@https:\/\/twitter.com\/javierchento\" \/>\n<meta name=\"twitter:site\" content=\"@WeVincentians\" \/>\n<meta name=\"twitter:label1\" content=\"\u00c9crit par\" \/>\n\t<meta name=\"twitter:data1\" content=\"Francisco Javier Fern\u00e1ndez Chento\" \/>\n\t<meta name=\"twitter:label2\" content=\"Dur\u00e9e de lecture estim\u00e9e\" \/>\n\t<meta name=\"twitter:data2\" content=\"2 minutes\" \/>\n<script type=\"application\/ld+json\" class=\"yoast-schema-graph\">{\"@context\":\"https:\/\/schema.org\",\"@graph\":[{\"@type\":\"WebPage\",\"@id\":\"http:\/\/vincentians.com\/fr\/ephemerides-29-septembre\/\",\"url\":\"http:\/\/vincentians.com\/fr\/ephemerides-29-septembre\/\",\"name\":\"Eph\u00e9m\u00e9rides : 29 septembre - Nous Sommes Vincentiens\",\"isPartOf\":{\"@id\":\"http:\/\/vincentians.com\/fr\/#website\"},\"primaryImageOfPage\":{\"@id\":\"http:\/\/vincentians.com\/fr\/ephemerides-29-septembre\/#primaryimage\"},\"image\":{\"@id\":\"http:\/\/vincentians.com\/fr\/ephemerides-29-septembre\/#primaryimage\"},\"thumbnailUrl\":\"https:\/\/i0.wp.com\/vincentians.com\/fr\/wp-content\/uploads\/sites\/10\/2016\/07\/ephemerides-fb.jpg?fit=1200%2C630\",\"datePublished\":\"2016-09-28T22:01:09+00:00\",\"author\":{\"@id\":\"http:\/\/vincentians.com\/fr\/#\/schema\/person\/9623ef4d9aa3b2dfb8c061f1499288f2\"},\"breadcrumb\":{\"@id\":\"http:\/\/vincentians.com\/fr\/ephemerides-29-septembre\/#breadcrumb\"},\"inLanguage\":\"fr-FR\",\"potentialAction\":[{\"@type\":\"ReadAction\",\"target\":[\"http:\/\/vincentians.com\/fr\/ephemerides-29-septembre\/\"]}]},{\"@type\":\"ImageObject\",\"inLanguage\":\"fr-FR\",\"@id\":\"http:\/\/vincentians.com\/fr\/ephemerides-29-septembre\/#primaryimage\",\"url\":\"https:\/\/i0.wp.com\/vincentians.com\/fr\/wp-content\/uploads\/sites\/10\/2016\/07\/ephemerides-fb.jpg?fit=1200%2C630\",\"contentUrl\":\"https:\/\/i0.wp.com\/vincentians.com\/fr\/wp-content\/uploads\/sites\/10\/2016\/07\/ephemerides-fb.jpg?fit=1200%2C630\",\"width\":1200,\"height\":630},{\"@type\":\"BreadcrumbList\",\"@id\":\"http:\/\/vincentians.com\/fr\/ephemerides-29-septembre\/#breadcrumb\",\"itemListElement\":[{\"@type\":\"ListItem\",\"position\":1,\"name\":\"Portada\",\"item\":\"http:\/\/vincentians.com\/fr\/\"},{\"@type\":\"ListItem\",\"position\":2,\"name\":\"Eph\u00e9m\u00e9rides : 29 septembre\"}]},{\"@type\":\"WebSite\",\"@id\":\"http:\/\/vincentians.com\/fr\/#website\",\"url\":\"http:\/\/vincentians.com\/fr\/\",\"name\":\"Nous Sommes Vincentiens\",\"description\":\"Know more to serve more\",\"potentialAction\":[{\"@type\":\"SearchAction\",\"target\":{\"@type\":\"EntryPoint\",\"urlTemplate\":\"http:\/\/vincentians.com\/fr\/?s={search_term_string}\"},\"query-input\":{\"@type\":\"PropertyValueSpecification\",\"valueRequired\":true,\"valueName\":\"search_term_string\"}}],\"inLanguage\":\"fr-FR\"},{\"@type\":\"Person\",\"@id\":\"http:\/\/vincentians.com\/fr\/#\/schema\/person\/9623ef4d9aa3b2dfb8c061f1499288f2\",\"name\":\"Francisco Javier Fern\u00e1ndez Chento\",\"image\":{\"@type\":\"ImageObject\",\"inLanguage\":\"fr-FR\",\"@id\":\"http:\/\/vincentians.com\/fr\/#\/schema\/person\/image\/\",\"url\":\"https:\/\/secure.gravatar.com\/avatar\/497d5cde87b4c3d097d0315953521681ba2cd523ee66e5077c3711f7021e65de?s=96&d=mm&r=g\",\"contentUrl\":\"https:\/\/secure.gravatar.com\/avatar\/497d5cde87b4c3d097d0315953521681ba2cd523ee66e5077c3711f7021e65de?s=96&d=mm&r=g\",\"caption\":\"Francisco Javier Fern\u00e1ndez Chento\"},\"description\":\"Director General y cofundador de La Red de Formaci\u00f3n Vicenciana. Javier es laico vicenciano, afiliado a la Congregaci\u00f3n de la Misi\u00f3n y miembro del Equipo de Misiones Populares de la provincia can\u00f3nica de Zaragoza (Espa\u00f1a) de la Congregaci\u00f3n de la Misi\u00f3n. Graduado en la Universidad Oberta de Catalunya con cuatro grados (Asistente de direcci\u00f3n, Gesti\u00f3n Administrativa, Recursos Humanos y Contabilidad Avanzada). Bil\u00edng\u00fce Espa\u00f1ol\/Ingl\u00e9s. gestiona y mantiene varias p\u00e1ginas web cristianas y vicencianas, incluida including La Red de Formaci\u00f3n Vicenciana, de la que es cofundador. Actualmente es responsable del \u00e1rea de Espa\u00f1ol de .famvin, la Red de Noticias de la Familia Vicenciana. Tambi\u00e9n es m\u00fasico cat\u00f3lico y ha editado varios discos. Es Director General y cofundador de Trovador, una reconocida compa\u00f1\u00eda discogr\u00e1fica critiana de Espa\u00f1a. Trabaja en las Tecnolog\u00edas de la Informaci\u00f3n, ofreciendo servicios de alojamiento, dise\u00f1o y mantenimiento Web, as\u00ed como asesoramiento, formaci\u00f3n y soluciones inform\u00e1ticas, gesti\u00f3n documental y digitalizaci\u00f3n de textos, edici\u00f3n y maquetaci\u00f3n de libros, revistas, flyers, etc.\",\"sameAs\":[\"http:\/\/chento.org\",\"https:\/\/www.facebook.com\/JavierChento\",\"https:\/\/x.com\/https:\/\/twitter.com\/javierchento\"],\"url\":\"http:\/\/vincentians.com\/fr\/author\/chento\/\"}]}<\/script>\n<!-- \/ Yoast SEO plugin. -->","yoast_head_json":{"title":"Eph\u00e9m\u00e9rides : 29 septembre - Nous Sommes Vincentiens","robots":{"index":"index","follow":"follow","max-snippet":"max-snippet:-1","max-image-preview":"max-image-preview:large","max-video-preview":"max-video-preview:-1"},"canonical":"http:\/\/vincentians.com\/fr\/ephemerides-29-septembre\/","og_locale":"fr_FR","og_type":"article","og_title":"Eph\u00e9m\u00e9rides : 29 septembre - Nous Sommes Vincentiens","og_description":"1663. Dans l\u2019anse des Gallions, \u00e0 dix-huit lieues de Fort-Dauphin, le Saint-Charles qui a quitt\u00e9 Paimb\u0153uf, le 20 mai, jette l\u2019ancre. Il a \u00e0 son bord la septi\u00e8me \u00e9quipe vincentienne de missionnaires envoy\u00e9s \u00e0 Madagascar, ... Read More","og_url":"http:\/\/vincentians.com\/fr\/ephemerides-29-septembre\/","og_site_name":"Nous Sommes Vincentiens","article_publisher":"https:\/\/www.facebook.com\/WeAreVincentians\/","article_author":"https:\/\/www.facebook.com\/JavierChento","article_published_time":"2016-09-28T22:01:09+00:00","og_image":[{"width":1200,"height":630,"url":"https:\/\/i0.wp.com\/vincentians.com\/fr\/wp-content\/uploads\/sites\/10\/2016\/07\/ephemerides-fb.jpg?fit=1200%2C630","type":"image\/jpeg"}],"author":"Francisco Javier Fern\u00e1ndez Chento","twitter_card":"summary_large_image","twitter_creator":"@https:\/\/twitter.com\/javierchento","twitter_site":"@WeVincentians","twitter_misc":{"\u00c9crit par":"Francisco Javier Fern\u00e1ndez Chento","Dur\u00e9e de lecture estim\u00e9e":"2 minutes"},"schema":{"@context":"https:\/\/schema.org","@graph":[{"@type":"WebPage","@id":"http:\/\/vincentians.com\/fr\/ephemerides-29-septembre\/","url":"http:\/\/vincentians.com\/fr\/ephemerides-29-septembre\/","name":"Eph\u00e9m\u00e9rides : 29 septembre - Nous Sommes Vincentiens","isPartOf":{"@id":"http:\/\/vincentians.com\/fr\/#website"},"primaryImageOfPage":{"@id":"http:\/\/vincentians.com\/fr\/ephemerides-29-septembre\/#primaryimage"},"image":{"@id":"http:\/\/vincentians.com\/fr\/ephemerides-29-septembre\/#primaryimage"},"thumbnailUrl":"https:\/\/i0.wp.com\/vincentians.com\/fr\/wp-content\/uploads\/sites\/10\/2016\/07\/ephemerides-fb.jpg?fit=1200%2C630","datePublished":"2016-09-28T22:01:09+00:00","author":{"@id":"http:\/\/vincentians.com\/fr\/#\/schema\/person\/9623ef4d9aa3b2dfb8c061f1499288f2"},"breadcrumb":{"@id":"http:\/\/vincentians.com\/fr\/ephemerides-29-septembre\/#breadcrumb"},"inLanguage":"fr-FR","potentialAction":[{"@type":"ReadAction","target":["http:\/\/vincentians.com\/fr\/ephemerides-29-septembre\/"]}]},{"@type":"ImageObject","inLanguage":"fr-FR","@id":"http:\/\/vincentians.com\/fr\/ephemerides-29-septembre\/#primaryimage","url":"https:\/\/i0.wp.com\/vincentians.com\/fr\/wp-content\/uploads\/sites\/10\/2016\/07\/ephemerides-fb.jpg?fit=1200%2C630","contentUrl":"https:\/\/i0.wp.com\/vincentians.com\/fr\/wp-content\/uploads\/sites\/10\/2016\/07\/ephemerides-fb.jpg?fit=1200%2C630","width":1200,"height":630},{"@type":"BreadcrumbList","@id":"http:\/\/vincentians.com\/fr\/ephemerides-29-septembre\/#breadcrumb","itemListElement":[{"@type":"ListItem","position":1,"name":"Portada","item":"http:\/\/vincentians.com\/fr\/"},{"@type":"ListItem","position":2,"name":"Eph\u00e9m\u00e9rides : 29 septembre"}]},{"@type":"WebSite","@id":"http:\/\/vincentians.com\/fr\/#website","url":"http:\/\/vincentians.com\/fr\/","name":"Nous Sommes Vincentiens","description":"Know more to serve more","potentialAction":[{"@type":"SearchAction","target":{"@type":"EntryPoint","urlTemplate":"http:\/\/vincentians.com\/fr\/?s={search_term_string}"},"query-input":{"@type":"PropertyValueSpecification","valueRequired":true,"valueName":"search_term_string"}}],"inLanguage":"fr-FR"},{"@type":"Person","@id":"http:\/\/vincentians.com\/fr\/#\/schema\/person\/9623ef4d9aa3b2dfb8c061f1499288f2","name":"Francisco Javier Fern\u00e1ndez Chento","image":{"@type":"ImageObject","inLanguage":"fr-FR","@id":"http:\/\/vincentians.com\/fr\/#\/schema\/person\/image\/","url":"https:\/\/secure.gravatar.com\/avatar\/497d5cde87b4c3d097d0315953521681ba2cd523ee66e5077c3711f7021e65de?s=96&d=mm&r=g","contentUrl":"https:\/\/secure.gravatar.com\/avatar\/497d5cde87b4c3d097d0315953521681ba2cd523ee66e5077c3711f7021e65de?s=96&d=mm&r=g","caption":"Francisco Javier Fern\u00e1ndez Chento"},"description":"Director General y cofundador de La Red de Formaci\u00f3n Vicenciana. Javier es laico vicenciano, afiliado a la Congregaci\u00f3n de la Misi\u00f3n y miembro del Equipo de Misiones Populares de la provincia can\u00f3nica de Zaragoza (Espa\u00f1a) de la Congregaci\u00f3n de la Misi\u00f3n. Graduado en la Universidad Oberta de Catalunya con cuatro grados (Asistente de direcci\u00f3n, Gesti\u00f3n Administrativa, Recursos Humanos y Contabilidad Avanzada). Bil\u00edng\u00fce Espa\u00f1ol\/Ingl\u00e9s. gestiona y mantiene varias p\u00e1ginas web cristianas y vicencianas, incluida including La Red de Formaci\u00f3n Vicenciana, de la que es cofundador. Actualmente es responsable del \u00e1rea de Espa\u00f1ol de .famvin, la Red de Noticias de la Familia Vicenciana. Tambi\u00e9n es m\u00fasico cat\u00f3lico y ha editado varios discos. Es Director General y cofundador de Trovador, una reconocida compa\u00f1\u00eda discogr\u00e1fica critiana de Espa\u00f1a. Trabaja en las Tecnolog\u00edas de la Informaci\u00f3n, ofreciendo servicios de alojamiento, dise\u00f1o y mantenimiento Web, as\u00ed como asesoramiento, formaci\u00f3n y soluciones inform\u00e1ticas, gesti\u00f3n documental y digitalizaci\u00f3n de textos, edici\u00f3n y maquetaci\u00f3n de libros, revistas, flyers, etc.","sameAs":["http:\/\/chento.org","https:\/\/www.facebook.com\/JavierChento","https:\/\/x.com\/https:\/\/twitter.com\/javierchento"],"url":"http:\/\/vincentians.com\/fr\/author\/chento\/"}]}},"jetpack_publicize_connections":[],"jetpack_featured_media_url":"https:\/\/i0.wp.com\/vincentians.com\/fr\/wp-content\/uploads\/sites\/10\/2016\/07\/ephemerides-fb.jpg?fit=1200%2C630","jetpack_sharing_enabled":true,"jetpack_shortlink":"https:\/\/wp.me\/p7ETMP-Ntz","jetpack-related-posts":[{"id":190066,"url":"http:\/\/vincentians.com\/fr\/ephemerides-17-aout\/","url_meta":{"origin":190189,"position":0},"title":"Eph\u00e9m\u00e9rides : 17 ao\u00fbt","author":"Francisco Javier Fern\u00e1ndez Chento","date":"17\/08\/2016","format":false,"excerpt":"1665. \u00c0 Paris, l\u2019archev\u00eaque, Hardouin de Beaumont de P\u00e9r\u00e9fixe, approuve les Constitutions relatives au sup\u00e9rieur g\u00e9n\u00e9ral et \u00e0 l\u2019administration de la Compagnie. C\u2019est M. Alm\u00e9ras qui a achev\u00e9 de les pr\u00e9parer. Ce fut l\u2019un de ses premiers soucis lorsqu\u2019il fut \u00e9lu pour succ\u00e9der \u00e0 Monsieur Vincent. Il avait alors entre\u2026","rel":"","context":"Dans &quot;\u00c9ph\u00e9m\u00e9rides vincentiens&quot;","block_context":{"text":"\u00c9ph\u00e9m\u00e9rides vincentiens","link":"http:\/\/vincentians.com\/fr\/category\/ephemerides-vincentiens\/"},"img":{"alt_text":"","src":"https:\/\/i0.wp.com\/vincentians.com\/fr\/wp-content\/uploads\/sites\/10\/2016\/07\/ephemerides-fb.jpg?fit=1200%2C630&resize=350%2C200","width":350,"height":200,"srcset":"https:\/\/i0.wp.com\/vincentians.com\/fr\/wp-content\/uploads\/sites\/10\/2016\/07\/ephemerides-fb.jpg?fit=1200%2C630&resize=350%2C200 1x, https:\/\/i0.wp.com\/vincentians.com\/fr\/wp-content\/uploads\/sites\/10\/2016\/07\/ephemerides-fb.jpg?fit=1200%2C630&resize=525%2C300 1.5x, https:\/\/i0.wp.com\/vincentians.com\/fr\/wp-content\/uploads\/sites\/10\/2016\/07\/ephemerides-fb.jpg?fit=1200%2C630&resize=700%2C400 2x, https:\/\/i0.wp.com\/vincentians.com\/fr\/wp-content\/uploads\/sites\/10\/2016\/07\/ephemerides-fb.jpg?fit=1200%2C630&resize=1050%2C600 3x"},"classes":[]},{"id":105949,"url":"http:\/\/vincentians.com\/fr\/ephemerides-4-mars\/","url_meta":{"origin":190189,"position":1},"title":"Eph\u00e9m\u00e9rides: 4 mars","author":"Francisco Javier Fern\u00e1ndez Chento","date":"04\/03\/2017","format":false,"excerpt":"1658. Saint Vincent dit \u00e0 nos Premi\u00e8res Soeurs\u00a0: \"Filles de la Charit\u00e9, avez-vous ou\u00ef parler qu'il se soit trouv\u00e9 un plus beau nom ni plus favorable pour les Pauvres\u00bb et il revient sur la m\u00eame id\u00e9e dans plusieurs autres Entretiens\u00a0: \"Filles de la Charit\u00e9 veut dire Filles de l'amour de\u2026","rel":"","context":"Dans &quot;\u00c9ph\u00e9m\u00e9rides vincentiens&quot;","block_context":{"text":"\u00c9ph\u00e9m\u00e9rides vincentiens","link":"http:\/\/vincentians.com\/fr\/category\/ephemerides-vincentiens\/"},"img":{"alt_text":"","src":"https:\/\/i0.wp.com\/vincentians.com\/fr\/wp-content\/uploads\/sites\/10\/2016\/07\/ephemerides-fb.jpg?fit=1200%2C630&resize=350%2C200","width":350,"height":200,"srcset":"https:\/\/i0.wp.com\/vincentians.com\/fr\/wp-content\/uploads\/sites\/10\/2016\/07\/ephemerides-fb.jpg?fit=1200%2C630&resize=350%2C200 1x, https:\/\/i0.wp.com\/vincentians.com\/fr\/wp-content\/uploads\/sites\/10\/2016\/07\/ephemerides-fb.jpg?fit=1200%2C630&resize=525%2C300 1.5x, https:\/\/i0.wp.com\/vincentians.com\/fr\/wp-content\/uploads\/sites\/10\/2016\/07\/ephemerides-fb.jpg?fit=1200%2C630&resize=700%2C400 2x, https:\/\/i0.wp.com\/vincentians.com\/fr\/wp-content\/uploads\/sites\/10\/2016\/07\/ephemerides-fb.jpg?fit=1200%2C630&resize=1050%2C600 3x"},"classes":[]},{"id":190162,"url":"http:\/\/vincentians.com\/fr\/ephemerides-02-septembre\/","url_meta":{"origin":190189,"position":2},"title":"Eph\u00e9m\u00e9rides : 02 septembre","author":"Francisco Javier Fern\u00e1ndez Chento","date":"02\/09\/2016","format":false,"excerpt":"1672. \u00c0 Paris, qui c\u00e9l\u00e9brait alors en ce jour la f\u00eate de saint Lazare, M. Ren\u00e9 Alm\u00e9ras, premier successeur de saint Vincent, meurt \u00e0 9 heures et demie du matin (1). Sa famille, famille ais\u00e9e de magistrats, qui r\u00e9sidait \u00e0 Paris o\u00f9 il naquit en 1612, fit tout pour emp\u00eacher\u2026","rel":"","context":"Dans &quot;\u00c9ph\u00e9m\u00e9rides vincentiens&quot;","block_context":{"text":"\u00c9ph\u00e9m\u00e9rides vincentiens","link":"http:\/\/vincentians.com\/fr\/category\/ephemerides-vincentiens\/"},"img":{"alt_text":"","src":"https:\/\/i0.wp.com\/vincentians.com\/fr\/wp-content\/uploads\/sites\/10\/2016\/07\/ephemerides-fb.jpg?fit=1200%2C630&resize=350%2C200","width":350,"height":200,"srcset":"https:\/\/i0.wp.com\/vincentians.com\/fr\/wp-content\/uploads\/sites\/10\/2016\/07\/ephemerides-fb.jpg?fit=1200%2C630&resize=350%2C200 1x, https:\/\/i0.wp.com\/vincentians.com\/fr\/wp-content\/uploads\/sites\/10\/2016\/07\/ephemerides-fb.jpg?fit=1200%2C630&resize=525%2C300 1.5x, https:\/\/i0.wp.com\/vincentians.com\/fr\/wp-content\/uploads\/sites\/10\/2016\/07\/ephemerides-fb.jpg?fit=1200%2C630&resize=700%2C400 2x, https:\/\/i0.wp.com\/vincentians.com\/fr\/wp-content\/uploads\/sites\/10\/2016\/07\/ephemerides-fb.jpg?fit=1200%2C630&resize=1050%2C600 3x"},"classes":[]},{"id":190174,"url":"http:\/\/vincentians.com\/fr\/ephemerides-14-septembre\/","url_meta":{"origin":190189,"position":3},"title":"Eph\u00e9m\u00e9rides : 14 septembre","author":"Francisco Javier Fern\u00e1ndez Chento","date":"14\/09\/2016","format":false,"excerpt":"1628. \u00c0 Beauvais, Monsieur Vincent proc\u00e8de \u00e0 l\u2019examen des Ordinands\u00a0; il s\u2019y livrera encore pendant les deux jours suivants. La retraite commencera le dimanche 17. Notre bienheureux P\u00e8re y fera l\u2019explication des commandements de Dieu. D\u2019autres entretiens seront assur\u00e9s par. Louis Messier et J\u00e9r\u00f4me Duchesne, tous deux docteurs de Sorbonne.\u2026","rel":"","context":"Dans &quot;\u00c9ph\u00e9m\u00e9rides vincentiens&quot;","block_context":{"text":"\u00c9ph\u00e9m\u00e9rides vincentiens","link":"http:\/\/vincentians.com\/fr\/category\/ephemerides-vincentiens\/"},"img":{"alt_text":"","src":"https:\/\/i0.wp.com\/vincentians.com\/fr\/wp-content\/uploads\/sites\/10\/2016\/07\/ephemerides-fb.jpg?fit=1200%2C630&resize=350%2C200","width":350,"height":200,"srcset":"https:\/\/i0.wp.com\/vincentians.com\/fr\/wp-content\/uploads\/sites\/10\/2016\/07\/ephemerides-fb.jpg?fit=1200%2C630&resize=350%2C200 1x, https:\/\/i0.wp.com\/vincentians.com\/fr\/wp-content\/uploads\/sites\/10\/2016\/07\/ephemerides-fb.jpg?fit=1200%2C630&resize=525%2C300 1.5x, https:\/\/i0.wp.com\/vincentians.com\/fr\/wp-content\/uploads\/sites\/10\/2016\/07\/ephemerides-fb.jpg?fit=1200%2C630&resize=700%2C400 2x, https:\/\/i0.wp.com\/vincentians.com\/fr\/wp-content\/uploads\/sites\/10\/2016\/07\/ephemerides-fb.jpg?fit=1200%2C630&resize=1050%2C600 3x"},"classes":[]},{"id":190170,"url":"http:\/\/vincentians.com\/fr\/ephemerides-09-septembre\/","url_meta":{"origin":190189,"position":4},"title":"Eph\u00e9m\u00e9rides : 09 septembre","author":"Francisco Javier Fern\u00e1ndez Chento","date":"09\/09\/2016","format":false,"excerpt":"1673. Madeleine de Lamoignon, au nom des Dames de la Charit\u00e9 de Rennes signe avec M\u00e8re Nicole Haran, S\u0153ur Fran\u00e7oise Carcireux, assistante et S\u0153ur Barbe Bailly, \u00e9conome (la d\u00e9pensi\u00e8re vient de mourir) le contrat d\u2019\u00e9tablissement de trois S\u0153urs pour servir les pauvres malades et non les personnes riches de la\u2026","rel":"","context":"Dans &quot;\u00c9ph\u00e9m\u00e9rides vincentiens&quot;","block_context":{"text":"\u00c9ph\u00e9m\u00e9rides vincentiens","link":"http:\/\/vincentians.com\/fr\/category\/ephemerides-vincentiens\/"},"img":{"alt_text":"","src":"https:\/\/i0.wp.com\/vincentians.com\/fr\/wp-content\/uploads\/sites\/10\/2016\/07\/ephemerides-fb.jpg?fit=1200%2C630&resize=350%2C200","width":350,"height":200,"srcset":"https:\/\/i0.wp.com\/vincentians.com\/fr\/wp-content\/uploads\/sites\/10\/2016\/07\/ephemerides-fb.jpg?fit=1200%2C630&resize=350%2C200 1x, https:\/\/i0.wp.com\/vincentians.com\/fr\/wp-content\/uploads\/sites\/10\/2016\/07\/ephemerides-fb.jpg?fit=1200%2C630&resize=525%2C300 1.5x, https:\/\/i0.wp.com\/vincentians.com\/fr\/wp-content\/uploads\/sites\/10\/2016\/07\/ephemerides-fb.jpg?fit=1200%2C630&resize=700%2C400 2x, https:\/\/i0.wp.com\/vincentians.com\/fr\/wp-content\/uploads\/sites\/10\/2016\/07\/ephemerides-fb.jpg?fit=1200%2C630&resize=1050%2C600 3x"},"classes":[]},{"id":190346,"url":"http:\/\/vincentians.com\/fr\/ephemerides-31-mars\/","url_meta":{"origin":190189,"position":5},"title":"Eph\u00e9m\u00e9rides : 31 mars","author":"Francisco Javier Fern\u00e1ndez Chento","date":"31\/03\/2017","format":false,"excerpt":"1665. Sur la c\u00f4te du Cap Vert, Charles Boussordec meurt, noy\u00e9. Onze ans auparavant, il quittait sa Bretagne natale, apr\u00e8s y avoir exerc\u00e9 le minist\u00e8re dans le dioc\u00e8se de Tr\u00e9guier. C'\u00e9tait l'ann\u00e9e m\u00eame o\u00f9 Monsieur Vincent \u00e9tablissait solidement ses pr\u00eatres au s\u00e9minaire de Tr\u00e9guier. Re\u00e7u \u00e0 Saint-Lazare par notre Bienheureux\u2026","rel":"","context":"Dans &quot;\u00c9ph\u00e9m\u00e9rides vincentiens&quot;","block_context":{"text":"\u00c9ph\u00e9m\u00e9rides vincentiens","link":"http:\/\/vincentians.com\/fr\/category\/ephemerides-vincentiens\/"},"img":{"alt_text":"","src":"https:\/\/i0.wp.com\/vincentians.com\/fr\/wp-content\/uploads\/sites\/10\/2016\/07\/ephemerides-fb.jpg?fit=1200%2C630&resize=350%2C200","width":350,"height":200,"srcset":"https:\/\/i0.wp.com\/vincentians.com\/fr\/wp-content\/uploads\/sites\/10\/2016\/07\/ephemerides-fb.jpg?fit=1200%2C630&resize=350%2C200 1x, https:\/\/i0.wp.com\/vincentians.com\/fr\/wp-content\/uploads\/sites\/10\/2016\/07\/ephemerides-fb.jpg?fit=1200%2C630&resize=525%2C300 1.5x, https:\/\/i0.wp.com\/vincentians.com\/fr\/wp-content\/uploads\/sites\/10\/2016\/07\/ephemerides-fb.jpg?fit=1200%2C630&resize=700%2C400 2x, https:\/\/i0.wp.com\/vincentians.com\/fr\/wp-content\/uploads\/sites\/10\/2016\/07\/ephemerides-fb.jpg?fit=1200%2C630&resize=1050%2C600 3x"},"classes":[]}],"_links":{"self":[{"href":"http:\/\/vincentians.com\/fr\/wp-json\/wp\/v2\/posts\/190189","targetHints":{"allow":["GET"]}}],"collection":[{"href":"http:\/\/vincentians.com\/fr\/wp-json\/wp\/v2\/posts"}],"about":[{"href":"http:\/\/vincentians.com\/fr\/wp-json\/wp\/v2\/types\/post"}],"author":[{"embeddable":true,"href":"http:\/\/vincentians.com\/fr\/wp-json\/wp\/v2\/users\/4"}],"replies":[{"embeddable":true,"href":"http:\/\/vincentians.com\/fr\/wp-json\/wp\/v2\/comments?post=190189"}],"version-history":[{"count":0,"href":"http:\/\/vincentians.com\/fr\/wp-json\/wp\/v2\/posts\/190189\/revisions"}],"wp:featuredmedia":[{"embeddable":true,"href":"http:\/\/vincentians.com\/fr\/wp-json\/wp\/v2\/media\/149897"}],"wp:attachment":[{"href":"http:\/\/vincentians.com\/fr\/wp-json\/wp\/v2\/media?parent=190189"}],"wp:term":[{"taxonomy":"category","embeddable":true,"href":"http:\/\/vincentians.com\/fr\/wp-json\/wp\/v2\/categories?post=190189"},{"taxonomy":"post_tag","embeddable":true,"href":"http:\/\/vincentians.com\/fr\/wp-json\/wp\/v2\/tags?post=190189"}],"curies":[{"name":"wp","href":"https:\/\/api.w.org\/{rel}","templated":true}]}}