{"id":190184,"date":"2016-09-24T00:01:59","date_gmt":"2016-09-23T22:01:59","guid":{"rendered":"http:\/\/vincentians.com\/fr\/?p=190184"},"modified":"2016-08-09T18:43:05","modified_gmt":"2016-08-09T16:43:05","slug":"ephemerides-24-septembre","status":"publish","type":"post","link":"http:\/\/vincentians.com\/fr\/ephemerides-24-septembre\/","title":{"rendered":"Eph\u00e9m\u00e9rides : 24 septembre"},"content":{"rendered":"<p><b>1641<\/b>. \u00c0 Annecy, Jacques de Cordon donne \u00e0 nos confr\u00e8res, \u00e9tablis depuis deux ans en cette ville, un capital de quatorze mille florins, \u00e0 charge de pr\u00eacher des missions dans les terres de Genevois et Compaisi\u00e8res dont il a la commanderie. Dans le contrat, sign\u00e9 par devant notaire, Jacques de Cordon a fait ins\u00e9rer une aimable clause\u00a0: si les obligations sp\u00e9cifi\u00e9es dans cet acte ne sont pas ex\u00e9cut\u00e9es, les quatorze mille florins devront, avec les m\u00eames conditions, \u00eatre transmis aux R\u00e9v\u00e9rends P\u00e8res j\u00e9suites (1).<\/p>\n<p><b>1825<\/b>. \u00c0 Paris et \u00e0 l\u2019archev\u00each\u00e9, Jean-Baptiste Etienne, qui a vingt-quatre ans, est ordonn\u00e9 pr\u00eatre par Mgr de Qu\u00e9len. C\u2019est le pr\u00e9lat lui-m\u00eame qui, ayant d\u00e9j\u00e0 eu l\u2019occasion d\u2019appr\u00e9cier M. Etienne, a tenu \u00e0 lui imposer les mains dans sa chapelle domestique (2).<\/p>\n<p><b>1882<\/b>. \u00c0 Ch\u00e2tillon-les-Dombes, une extraordinaire journ\u00e9e de f\u00eate se d\u00e9roule en l\u2019honneur de saint Vincent de Paul. Le cur\u00e9 a pris \u00e0 c\u0153ur de rendre plus sensible le souvenir du saint qui fut son pr\u00e9d\u00e9cesseur \u00e0 la t\u00eate de la paroisse en 1617 l\u2019actuel pasteur a voulu que la chambre habit\u00e9e par Monsieur Vincent f\u00fbt transform\u00e9e en oratoire, et que \u2014 meilleure fa\u00e7on encore de perp\u00e9tuer la grande m\u00e9moire\u00a0! \u2014 les Filles de la Charit\u00e9 s\u2019installent dans la petite cit\u00e9. \u2014 Mgr Soubiranne, \u00e9v\u00eaque de Belley, pr\u00e9side la journ\u00e9e\u00a0; il en sera aussi l\u2019orateur et prononcera un beau pan\u00e9gyrique \u00e0 l\u2019\u00e9glise, apr\u00e8s que le T.H.P. Fiat, invit\u00e9 par Sa Grandeur, aura c\u00e9l\u00e9br\u00e9 la premi\u00e8re messe dans cette chambre, o\u00f9 Monsieur Vincent eut l\u2019id\u00e9e de la Confr\u00e9rie de la Charit\u00e9 et en composa le premier r\u00e8glement. La maison de Ch\u00e2tillon o\u00f9 logea saint Vincent \u00e9tait dans un \u00e9tat assez d\u00e9labr\u00e9, quand les Filles de la Charit\u00e9, sur les conseils du cur\u00e9, l\u2019achet\u00e8rent\u00a0; mais les architectes de Notre-Dame de Fourni\u00e8re, Pierre Bosan et Pierre Perrin, avec un total d\u00e9sint\u00e9ressement, ont dirig\u00e9 sa restauration et y ont ajout\u00e9 des d\u00e9pendances. Au soir de cette journ\u00e9e, l\u2019\u00e9v\u00eaque de Belley disait, en parcourant les rues illumin\u00e9es de la cit\u00e9\u00a0: \u00abJe suis le plus heureux \u00e9v\u00eaque de France, puisque je suis le chef spirituel d\u2019un dioc\u00e8se qui compte les deux saint Pr\u00eatres les plus populaires du monde entier\u00bb, saint Vincent de Paul et le Cur\u00e9 d\u2019Ars (3).<\/p>\n<p><b>1955<\/b>. \u00c0 Panningen, ont lieu les obs\u00e8ques de M. Henri Romans, d\u00e9c\u00e9d\u00e9 le 20 septembre, dans sa quatre-vingt-uni\u00e8me ann\u00e9e. De ce vrai fils de saint Vincent qui fut, durant onze ans, le premier Visiteur de Hollande, et, pendant quatorze ans, assistant du Sup\u00e9rieur g\u00e9n\u00e9ral, l\u2019\u00e9difiant souvenir sera plus longuement \u00e9voqu\u00e9 au jour anniversaire de son entr\u00e9e dans la petite Compagnie, le 30 septembre (4).<\/p>\n<dl>\n<dd>1) Notices, I, p. 520.<\/dd>\n<dd>2) Rosset\u00a0: Vie de M. Etienne, p. 27.<\/dd>\n<dd>3) Annales, t. 48, pp. 5-21.<\/dd>\n<dd>4) Annales, t. 117. pp 85-95.<\/dd>\n<\/dl>\n","protected":false},"excerpt":{"rendered":"<p>1641. \u00c0 Annecy, Jacques de Cordon donne \u00e0 nos confr\u00e8res, \u00e9tablis depuis deux ans en cette ville, un capital de quatorze mille florins, \u00e0 charge de pr\u00eacher des missions dans les terres de Genevois et &#8230; <a href=\"http:\/\/vincentians.com\/fr\/ephemerides-24-septembre\/\" class=\"more-link\">Read More<\/a><\/p>\n","protected":false},"author":4,"featured_media":149897,"comment_status":"open","ping_status":"open","sticky":false,"template":"","format":"standard","meta":{"jetpack_post_was_ever_published":false,"_jetpack_newsletter_access":"","_jetpack_dont_email_post_to_subs":false,"_jetpack_newsletter_tier_id":0,"_jetpack_memberships_contains_paywalled_content":false,"_jetpack_memberships_contains_paid_content":false,"footnotes":"","jetpack_publicize_message":"","jetpack_publicize_feature_enabled":true,"jetpack_social_post_already_shared":true,"jetpack_social_options":{"image_generator_settings":{"template":"highway","default_image_id":0,"font":"","enabled":false},"version":2}},"categories":[119],"tags":[],"class_list":["post-190184","post","type-post","status-publish","format-standard","has-post-thumbnail","hentry","category-ephemerides-vincentiens"],"yoast_head":"<!-- This site is optimized with the Yoast SEO plugin v26.3 - https:\/\/yoast.com\/wordpress\/plugins\/seo\/ -->\n<title>Eph\u00e9m\u00e9rides : 24 septembre - Nous Sommes Vincentiens<\/title>\n<meta name=\"robots\" content=\"index, follow, max-snippet:-1, max-image-preview:large, max-video-preview:-1\" \/>\n<link rel=\"canonical\" href=\"http:\/\/vincentians.com\/fr\/ephemerides-24-septembre\/\" \/>\n<meta property=\"og:locale\" content=\"fr_FR\" \/>\n<meta property=\"og:type\" content=\"article\" \/>\n<meta property=\"og:title\" content=\"Eph\u00e9m\u00e9rides : 24 septembre - Nous Sommes Vincentiens\" \/>\n<meta property=\"og:description\" content=\"1641. \u00c0 Annecy, Jacques de Cordon donne \u00e0 nos confr\u00e8res, \u00e9tablis depuis deux ans en cette ville, un capital de quatorze mille florins, \u00e0 charge de pr\u00eacher des missions dans les terres de Genevois et ... Read More\" \/>\n<meta property=\"og:url\" content=\"http:\/\/vincentians.com\/fr\/ephemerides-24-septembre\/\" \/>\n<meta property=\"og:site_name\" content=\"Nous Sommes Vincentiens\" \/>\n<meta property=\"article:publisher\" content=\"https:\/\/www.facebook.com\/WeAreVincentians\/\" \/>\n<meta property=\"article:author\" content=\"https:\/\/www.facebook.com\/JavierChento\" \/>\n<meta property=\"article:published_time\" content=\"2016-09-23T22:01:59+00:00\" \/>\n<meta property=\"og:image\" content=\"https:\/\/i0.wp.com\/vincentians.com\/fr\/wp-content\/uploads\/sites\/10\/2016\/07\/ephemerides-fb.jpg?fit=1200%2C630\" \/>\n\t<meta property=\"og:image:width\" content=\"1200\" \/>\n\t<meta property=\"og:image:height\" content=\"630\" \/>\n\t<meta property=\"og:image:type\" content=\"image\/jpeg\" \/>\n<meta name=\"author\" content=\"Francisco Javier Fern\u00e1ndez Chento\" \/>\n<meta name=\"twitter:card\" content=\"summary_large_image\" \/>\n<meta name=\"twitter:creator\" content=\"@https:\/\/twitter.com\/javierchento\" \/>\n<meta name=\"twitter:site\" content=\"@WeVincentians\" \/>\n<meta name=\"twitter:label1\" content=\"\u00c9crit par\" \/>\n\t<meta name=\"twitter:data1\" content=\"Francisco Javier Fern\u00e1ndez Chento\" \/>\n\t<meta name=\"twitter:label2\" content=\"Dur\u00e9e de lecture estim\u00e9e\" \/>\n\t<meta name=\"twitter:data2\" content=\"3 minutes\" \/>\n<script type=\"application\/ld+json\" class=\"yoast-schema-graph\">{\"@context\":\"https:\/\/schema.org\",\"@graph\":[{\"@type\":\"WebPage\",\"@id\":\"http:\/\/vincentians.com\/fr\/ephemerides-24-septembre\/\",\"url\":\"http:\/\/vincentians.com\/fr\/ephemerides-24-septembre\/\",\"name\":\"Eph\u00e9m\u00e9rides : 24 septembre - Nous Sommes Vincentiens\",\"isPartOf\":{\"@id\":\"http:\/\/vincentians.com\/fr\/#website\"},\"primaryImageOfPage\":{\"@id\":\"http:\/\/vincentians.com\/fr\/ephemerides-24-septembre\/#primaryimage\"},\"image\":{\"@id\":\"http:\/\/vincentians.com\/fr\/ephemerides-24-septembre\/#primaryimage\"},\"thumbnailUrl\":\"https:\/\/i0.wp.com\/vincentians.com\/fr\/wp-content\/uploads\/sites\/10\/2016\/07\/ephemerides-fb.jpg?fit=1200%2C630\",\"datePublished\":\"2016-09-23T22:01:59+00:00\",\"author\":{\"@id\":\"http:\/\/vincentians.com\/fr\/#\/schema\/person\/9623ef4d9aa3b2dfb8c061f1499288f2\"},\"breadcrumb\":{\"@id\":\"http:\/\/vincentians.com\/fr\/ephemerides-24-septembre\/#breadcrumb\"},\"inLanguage\":\"fr-FR\",\"potentialAction\":[{\"@type\":\"ReadAction\",\"target\":[\"http:\/\/vincentians.com\/fr\/ephemerides-24-septembre\/\"]}]},{\"@type\":\"ImageObject\",\"inLanguage\":\"fr-FR\",\"@id\":\"http:\/\/vincentians.com\/fr\/ephemerides-24-septembre\/#primaryimage\",\"url\":\"https:\/\/i0.wp.com\/vincentians.com\/fr\/wp-content\/uploads\/sites\/10\/2016\/07\/ephemerides-fb.jpg?fit=1200%2C630\",\"contentUrl\":\"https:\/\/i0.wp.com\/vincentians.com\/fr\/wp-content\/uploads\/sites\/10\/2016\/07\/ephemerides-fb.jpg?fit=1200%2C630\",\"width\":1200,\"height\":630},{\"@type\":\"BreadcrumbList\",\"@id\":\"http:\/\/vincentians.com\/fr\/ephemerides-24-septembre\/#breadcrumb\",\"itemListElement\":[{\"@type\":\"ListItem\",\"position\":1,\"name\":\"Portada\",\"item\":\"http:\/\/vincentians.com\/fr\/\"},{\"@type\":\"ListItem\",\"position\":2,\"name\":\"Eph\u00e9m\u00e9rides : 24 septembre\"}]},{\"@type\":\"WebSite\",\"@id\":\"http:\/\/vincentians.com\/fr\/#website\",\"url\":\"http:\/\/vincentians.com\/fr\/\",\"name\":\"Nous Sommes Vincentiens\",\"description\":\"Know more to serve more\",\"potentialAction\":[{\"@type\":\"SearchAction\",\"target\":{\"@type\":\"EntryPoint\",\"urlTemplate\":\"http:\/\/vincentians.com\/fr\/?s={search_term_string}\"},\"query-input\":{\"@type\":\"PropertyValueSpecification\",\"valueRequired\":true,\"valueName\":\"search_term_string\"}}],\"inLanguage\":\"fr-FR\"},{\"@type\":\"Person\",\"@id\":\"http:\/\/vincentians.com\/fr\/#\/schema\/person\/9623ef4d9aa3b2dfb8c061f1499288f2\",\"name\":\"Francisco Javier Fern\u00e1ndez Chento\",\"image\":{\"@type\":\"ImageObject\",\"inLanguage\":\"fr-FR\",\"@id\":\"http:\/\/vincentians.com\/fr\/#\/schema\/person\/image\/\",\"url\":\"https:\/\/secure.gravatar.com\/avatar\/497d5cde87b4c3d097d0315953521681ba2cd523ee66e5077c3711f7021e65de?s=96&d=mm&r=g\",\"contentUrl\":\"https:\/\/secure.gravatar.com\/avatar\/497d5cde87b4c3d097d0315953521681ba2cd523ee66e5077c3711f7021e65de?s=96&d=mm&r=g\",\"caption\":\"Francisco Javier Fern\u00e1ndez Chento\"},\"description\":\"Director General y cofundador de La Red de Formaci\u00f3n Vicenciana. Javier es laico vicenciano, afiliado a la Congregaci\u00f3n de la Misi\u00f3n y miembro del Equipo de Misiones Populares de la provincia can\u00f3nica de Zaragoza (Espa\u00f1a) de la Congregaci\u00f3n de la Misi\u00f3n. Graduado en la Universidad Oberta de Catalunya con cuatro grados (Asistente de direcci\u00f3n, Gesti\u00f3n Administrativa, Recursos Humanos y Contabilidad Avanzada). Bil\u00edng\u00fce Espa\u00f1ol\/Ingl\u00e9s. gestiona y mantiene varias p\u00e1ginas web cristianas y vicencianas, incluida including La Red de Formaci\u00f3n Vicenciana, de la que es cofundador. Actualmente es responsable del \u00e1rea de Espa\u00f1ol de .famvin, la Red de Noticias de la Familia Vicenciana. Tambi\u00e9n es m\u00fasico cat\u00f3lico y ha editado varios discos. Es Director General y cofundador de Trovador, una reconocida compa\u00f1\u00eda discogr\u00e1fica critiana de Espa\u00f1a. Trabaja en las Tecnolog\u00edas de la Informaci\u00f3n, ofreciendo servicios de alojamiento, dise\u00f1o y mantenimiento Web, as\u00ed como asesoramiento, formaci\u00f3n y soluciones inform\u00e1ticas, gesti\u00f3n documental y digitalizaci\u00f3n de textos, edici\u00f3n y maquetaci\u00f3n de libros, revistas, flyers, etc.\",\"sameAs\":[\"http:\/\/chento.org\",\"https:\/\/www.facebook.com\/JavierChento\",\"https:\/\/x.com\/https:\/\/twitter.com\/javierchento\"],\"url\":\"http:\/\/vincentians.com\/fr\/author\/chento\/\"}]}<\/script>\n<!-- \/ Yoast SEO plugin. -->","yoast_head_json":{"title":"Eph\u00e9m\u00e9rides : 24 septembre - Nous Sommes Vincentiens","robots":{"index":"index","follow":"follow","max-snippet":"max-snippet:-1","max-image-preview":"max-image-preview:large","max-video-preview":"max-video-preview:-1"},"canonical":"http:\/\/vincentians.com\/fr\/ephemerides-24-septembre\/","og_locale":"fr_FR","og_type":"article","og_title":"Eph\u00e9m\u00e9rides : 24 septembre - Nous Sommes Vincentiens","og_description":"1641. \u00c0 Annecy, Jacques de Cordon donne \u00e0 nos confr\u00e8res, \u00e9tablis depuis deux ans en cette ville, un capital de quatorze mille florins, \u00e0 charge de pr\u00eacher des missions dans les terres de Genevois et ... Read More","og_url":"http:\/\/vincentians.com\/fr\/ephemerides-24-septembre\/","og_site_name":"Nous Sommes Vincentiens","article_publisher":"https:\/\/www.facebook.com\/WeAreVincentians\/","article_author":"https:\/\/www.facebook.com\/JavierChento","article_published_time":"2016-09-23T22:01:59+00:00","og_image":[{"width":1200,"height":630,"url":"https:\/\/i0.wp.com\/vincentians.com\/fr\/wp-content\/uploads\/sites\/10\/2016\/07\/ephemerides-fb.jpg?fit=1200%2C630","type":"image\/jpeg"}],"author":"Francisco Javier Fern\u00e1ndez Chento","twitter_card":"summary_large_image","twitter_creator":"@https:\/\/twitter.com\/javierchento","twitter_site":"@WeVincentians","twitter_misc":{"\u00c9crit par":"Francisco Javier Fern\u00e1ndez Chento","Dur\u00e9e de lecture estim\u00e9e":"3 minutes"},"schema":{"@context":"https:\/\/schema.org","@graph":[{"@type":"WebPage","@id":"http:\/\/vincentians.com\/fr\/ephemerides-24-septembre\/","url":"http:\/\/vincentians.com\/fr\/ephemerides-24-septembre\/","name":"Eph\u00e9m\u00e9rides : 24 septembre - Nous Sommes Vincentiens","isPartOf":{"@id":"http:\/\/vincentians.com\/fr\/#website"},"primaryImageOfPage":{"@id":"http:\/\/vincentians.com\/fr\/ephemerides-24-septembre\/#primaryimage"},"image":{"@id":"http:\/\/vincentians.com\/fr\/ephemerides-24-septembre\/#primaryimage"},"thumbnailUrl":"https:\/\/i0.wp.com\/vincentians.com\/fr\/wp-content\/uploads\/sites\/10\/2016\/07\/ephemerides-fb.jpg?fit=1200%2C630","datePublished":"2016-09-23T22:01:59+00:00","author":{"@id":"http:\/\/vincentians.com\/fr\/#\/schema\/person\/9623ef4d9aa3b2dfb8c061f1499288f2"},"breadcrumb":{"@id":"http:\/\/vincentians.com\/fr\/ephemerides-24-septembre\/#breadcrumb"},"inLanguage":"fr-FR","potentialAction":[{"@type":"ReadAction","target":["http:\/\/vincentians.com\/fr\/ephemerides-24-septembre\/"]}]},{"@type":"ImageObject","inLanguage":"fr-FR","@id":"http:\/\/vincentians.com\/fr\/ephemerides-24-septembre\/#primaryimage","url":"https:\/\/i0.wp.com\/vincentians.com\/fr\/wp-content\/uploads\/sites\/10\/2016\/07\/ephemerides-fb.jpg?fit=1200%2C630","contentUrl":"https:\/\/i0.wp.com\/vincentians.com\/fr\/wp-content\/uploads\/sites\/10\/2016\/07\/ephemerides-fb.jpg?fit=1200%2C630","width":1200,"height":630},{"@type":"BreadcrumbList","@id":"http:\/\/vincentians.com\/fr\/ephemerides-24-septembre\/#breadcrumb","itemListElement":[{"@type":"ListItem","position":1,"name":"Portada","item":"http:\/\/vincentians.com\/fr\/"},{"@type":"ListItem","position":2,"name":"Eph\u00e9m\u00e9rides : 24 septembre"}]},{"@type":"WebSite","@id":"http:\/\/vincentians.com\/fr\/#website","url":"http:\/\/vincentians.com\/fr\/","name":"Nous Sommes Vincentiens","description":"Know more to serve more","potentialAction":[{"@type":"SearchAction","target":{"@type":"EntryPoint","urlTemplate":"http:\/\/vincentians.com\/fr\/?s={search_term_string}"},"query-input":{"@type":"PropertyValueSpecification","valueRequired":true,"valueName":"search_term_string"}}],"inLanguage":"fr-FR"},{"@type":"Person","@id":"http:\/\/vincentians.com\/fr\/#\/schema\/person\/9623ef4d9aa3b2dfb8c061f1499288f2","name":"Francisco Javier Fern\u00e1ndez Chento","image":{"@type":"ImageObject","inLanguage":"fr-FR","@id":"http:\/\/vincentians.com\/fr\/#\/schema\/person\/image\/","url":"https:\/\/secure.gravatar.com\/avatar\/497d5cde87b4c3d097d0315953521681ba2cd523ee66e5077c3711f7021e65de?s=96&d=mm&r=g","contentUrl":"https:\/\/secure.gravatar.com\/avatar\/497d5cde87b4c3d097d0315953521681ba2cd523ee66e5077c3711f7021e65de?s=96&d=mm&r=g","caption":"Francisco Javier Fern\u00e1ndez Chento"},"description":"Director General y cofundador de La Red de Formaci\u00f3n Vicenciana. Javier es laico vicenciano, afiliado a la Congregaci\u00f3n de la Misi\u00f3n y miembro del Equipo de Misiones Populares de la provincia can\u00f3nica de Zaragoza (Espa\u00f1a) de la Congregaci\u00f3n de la Misi\u00f3n. Graduado en la Universidad Oberta de Catalunya con cuatro grados (Asistente de direcci\u00f3n, Gesti\u00f3n Administrativa, Recursos Humanos y Contabilidad Avanzada). Bil\u00edng\u00fce Espa\u00f1ol\/Ingl\u00e9s. gestiona y mantiene varias p\u00e1ginas web cristianas y vicencianas, incluida including La Red de Formaci\u00f3n Vicenciana, de la que es cofundador. Actualmente es responsable del \u00e1rea de Espa\u00f1ol de .famvin, la Red de Noticias de la Familia Vicenciana. Tambi\u00e9n es m\u00fasico cat\u00f3lico y ha editado varios discos. Es Director General y cofundador de Trovador, una reconocida compa\u00f1\u00eda discogr\u00e1fica critiana de Espa\u00f1a. Trabaja en las Tecnolog\u00edas de la Informaci\u00f3n, ofreciendo servicios de alojamiento, dise\u00f1o y mantenimiento Web, as\u00ed como asesoramiento, formaci\u00f3n y soluciones inform\u00e1ticas, gesti\u00f3n documental y digitalizaci\u00f3n de textos, edici\u00f3n y maquetaci\u00f3n de libros, revistas, flyers, etc.","sameAs":["http:\/\/chento.org","https:\/\/www.facebook.com\/JavierChento","https:\/\/x.com\/https:\/\/twitter.com\/javierchento"],"url":"http:\/\/vincentians.com\/fr\/author\/chento\/"}]}},"jetpack_publicize_connections":[],"jetpack_featured_media_url":"https:\/\/i0.wp.com\/vincentians.com\/fr\/wp-content\/uploads\/sites\/10\/2016\/07\/ephemerides-fb.jpg?fit=1200%2C630","jetpack_sharing_enabled":true,"jetpack_shortlink":"https:\/\/wp.me\/p7ETMP-Ntu","jetpack-related-posts":[{"id":190345,"url":"http:\/\/vincentians.com\/fr\/ephemerides-12-mars\/","url_meta":{"origin":190184,"position":0},"title":"Eph\u00e9m\u00e9rides : 12 mars","author":"Francisco Javier Fern\u00e1ndez Chento","date":"12\/03\/2017","format":false,"excerpt":"1656. Sainte Louise \u00e9crit aux Premi\u00e8res Soeurs\u00a0: \"Je vous exhorte de tout mon coeur \u00e0 la fid\u00e9lit\u00e9 que vous devez \u00e0 Dieu dans la pratique des vertus n\u00e9cessaires \u00e0 votre vocation. Que vous \u00eates heureuses d'avoir un si grand nombre de malades \u00e0 servir. Oh\u00a0! qu'il para\u00eet bien que Dieu\u2026","rel":"","context":"Dans &quot;\u00c9ph\u00e9m\u00e9rides vincentiens&quot;","block_context":{"text":"\u00c9ph\u00e9m\u00e9rides vincentiens","link":"http:\/\/vincentians.com\/fr\/category\/ephemerides-vincentiens\/"},"img":{"alt_text":"","src":"https:\/\/i0.wp.com\/vincentians.com\/fr\/wp-content\/uploads\/sites\/10\/2016\/07\/ephemerides-fb.jpg?fit=1200%2C630&resize=350%2C200","width":350,"height":200,"srcset":"https:\/\/i0.wp.com\/vincentians.com\/fr\/wp-content\/uploads\/sites\/10\/2016\/07\/ephemerides-fb.jpg?fit=1200%2C630&resize=350%2C200 1x, https:\/\/i0.wp.com\/vincentians.com\/fr\/wp-content\/uploads\/sites\/10\/2016\/07\/ephemerides-fb.jpg?fit=1200%2C630&resize=525%2C300 1.5x, https:\/\/i0.wp.com\/vincentians.com\/fr\/wp-content\/uploads\/sites\/10\/2016\/07\/ephemerides-fb.jpg?fit=1200%2C630&resize=700%2C400 2x, https:\/\/i0.wp.com\/vincentians.com\/fr\/wp-content\/uploads\/sites\/10\/2016\/07\/ephemerides-fb.jpg?fit=1200%2C630&resize=1050%2C600 3x"},"classes":[]},{"id":104861,"url":"http:\/\/vincentians.com\/fr\/ephemerides-11-decembre\/","url_meta":{"origin":190184,"position":1},"title":"Eph\u00e9m\u00e9rides: 11 d\u00e9cembre","author":"Francisco Javier Fern\u00e1ndez Chento","date":"11\/12\/2016","format":false,"excerpt":"1598. \u00c0 Dax, Guillaume de Massiot, vicaire g\u00e9n\u00e9ral de Jean-Jacques Dusault, l\u2019\u00e9v\u00eaque du lieu, signe les lettres autorisant Vincent de Paul \u00e0 se faire ordonner diacre par n\u2019importe quel pr\u00e9lat \u201cen gr\u00e2ce et communion\u201d avec le Si\u00e8ge apostolique. 1617. La premi\u00e8re \u201cassociation de la\u00efcs\u201d pour le Service des Pauvres vient\u2026","rel":"","context":"Dans &quot;\u00c9ph\u00e9m\u00e9rides vincentiens&quot;","block_context":{"text":"\u00c9ph\u00e9m\u00e9rides vincentiens","link":"http:\/\/vincentians.com\/fr\/category\/ephemerides-vincentiens\/"},"img":{"alt_text":"","src":"https:\/\/i0.wp.com\/vincentians.com\/fr\/wp-content\/uploads\/sites\/10\/2016\/07\/ephemerides-fb.jpg?fit=1200%2C630&resize=350%2C200","width":350,"height":200,"srcset":"https:\/\/i0.wp.com\/vincentians.com\/fr\/wp-content\/uploads\/sites\/10\/2016\/07\/ephemerides-fb.jpg?fit=1200%2C630&resize=350%2C200 1x, https:\/\/i0.wp.com\/vincentians.com\/fr\/wp-content\/uploads\/sites\/10\/2016\/07\/ephemerides-fb.jpg?fit=1200%2C630&resize=525%2C300 1.5x, https:\/\/i0.wp.com\/vincentians.com\/fr\/wp-content\/uploads\/sites\/10\/2016\/07\/ephemerides-fb.jpg?fit=1200%2C630&resize=700%2C400 2x, https:\/\/i0.wp.com\/vincentians.com\/fr\/wp-content\/uploads\/sites\/10\/2016\/07\/ephemerides-fb.jpg?fit=1200%2C630&resize=1050%2C600 3x"},"classes":[]},{"id":190172,"url":"http:\/\/vincentians.com\/fr\/ephemerides-12-septembre\/","url_meta":{"origin":190184,"position":2},"title":"Eph\u00e9m\u00e9rides : 12 septembre","author":"Francisco Javier Fern\u00e1ndez Chento","date":"12\/09\/2016","format":false,"excerpt":"1628. \u00c0 Beauvais, Monsieur Vincent, r\u00e9pondant \u00e0 l\u2019invitation de l\u2019\u00e9v\u00eaque, Augustin Potier, arrive pour diriger la retraite des ordinands, qui va se prolonger pendant une quinzaine de jours (1). 1648. Mademoiselle le Gras accueille dans la Compagnie celle qui sera Sup\u00e9rieure G\u00e9n\u00e9rale durant 21 ans. Mathurine Gu\u00e9rin, \u00e2g\u00e9e de 17\u2026","rel":"","context":"Dans &quot;\u00c9ph\u00e9m\u00e9rides vincentiens&quot;","block_context":{"text":"\u00c9ph\u00e9m\u00e9rides vincentiens","link":"http:\/\/vincentians.com\/fr\/category\/ephemerides-vincentiens\/"},"img":{"alt_text":"","src":"https:\/\/i0.wp.com\/vincentians.com\/fr\/wp-content\/uploads\/sites\/10\/2016\/07\/ephemerides-fb.jpg?fit=1200%2C630&resize=350%2C200","width":350,"height":200,"srcset":"https:\/\/i0.wp.com\/vincentians.com\/fr\/wp-content\/uploads\/sites\/10\/2016\/07\/ephemerides-fb.jpg?fit=1200%2C630&resize=350%2C200 1x, https:\/\/i0.wp.com\/vincentians.com\/fr\/wp-content\/uploads\/sites\/10\/2016\/07\/ephemerides-fb.jpg?fit=1200%2C630&resize=525%2C300 1.5x, https:\/\/i0.wp.com\/vincentians.com\/fr\/wp-content\/uploads\/sites\/10\/2016\/07\/ephemerides-fb.jpg?fit=1200%2C630&resize=700%2C400 2x, https:\/\/i0.wp.com\/vincentians.com\/fr\/wp-content\/uploads\/sites\/10\/2016\/07\/ephemerides-fb.jpg?fit=1200%2C630&resize=1050%2C600 3x"},"classes":[]},{"id":190063,"url":"http:\/\/vincentians.com\/fr\/ephemerides-10-aout\/","url_meta":{"origin":190184,"position":3},"title":"Eph\u00e9m\u00e9rides: 10 ao\u00fbt","author":"Francisco Javier Fern\u00e1ndez Chento","date":"10\/08\/2016","format":false,"excerpt":"1722. Dans sa circulaire, Monsieur Bonnet engage les S\u0153urs \u00e0 lire l\u2019Instruction sur les V\u0153ux de Monsieur H\u00e9nin, avant la R\u00e9novation et au moment de la retraite annuelle. Il rappelle que les v\u0153ux sont des v\u0153ux simples et non solennels, n\u2019\u00e9tant pas re\u00e7us publiquement par l\u2019Eglise. Mais ces v\u0153ux obligent\u2026","rel":"","context":"Dans &quot;\u00c9ph\u00e9m\u00e9rides vincentiens&quot;","block_context":{"text":"\u00c9ph\u00e9m\u00e9rides vincentiens","link":"http:\/\/vincentians.com\/fr\/category\/ephemerides-vincentiens\/"},"img":{"alt_text":"","src":"https:\/\/i0.wp.com\/vincentians.com\/fr\/wp-content\/uploads\/sites\/10\/2016\/07\/ephemerides-fb.jpg?fit=1200%2C630&resize=350%2C200","width":350,"height":200,"srcset":"https:\/\/i0.wp.com\/vincentians.com\/fr\/wp-content\/uploads\/sites\/10\/2016\/07\/ephemerides-fb.jpg?fit=1200%2C630&resize=350%2C200 1x, https:\/\/i0.wp.com\/vincentians.com\/fr\/wp-content\/uploads\/sites\/10\/2016\/07\/ephemerides-fb.jpg?fit=1200%2C630&resize=525%2C300 1.5x, https:\/\/i0.wp.com\/vincentians.com\/fr\/wp-content\/uploads\/sites\/10\/2016\/07\/ephemerides-fb.jpg?fit=1200%2C630&resize=700%2C400 2x, https:\/\/i0.wp.com\/vincentians.com\/fr\/wp-content\/uploads\/sites\/10\/2016\/07\/ephemerides-fb.jpg?fit=1200%2C630&resize=1050%2C600 3x"},"classes":[]},{"id":108347,"url":"http:\/\/vincentians.com\/fr\/ephemerides-16-fevrier\/","url_meta":{"origin":190184,"position":4},"title":"Eph\u00e9m\u00e9rides: 16 f\u00e9vrier","author":"Francisco Javier Fern\u00e1ndez Chento","date":"16\/02\/2017","format":false,"excerpt":"En 1622 , \u00e0 Paris, c'est aux environs de ce jour que saint Vincent inaugure ses fonctions de sup\u00e9rieur de la Visitation, en faisant la visite canonique du monast\u00e8re de la rue du Petit-Musc. Il pr\u00e9side, \u00e0 l'issue de cette visite, l'\u00e9lection d'Anne-Catherine de Beaumont d\u00e9sign\u00e9e pour diriger l'\u00e9tablissement, puisque\u2026","rel":"","context":"Dans &quot;\u00c9ph\u00e9m\u00e9rides vincentiens&quot;","block_context":{"text":"\u00c9ph\u00e9m\u00e9rides vincentiens","link":"http:\/\/vincentians.com\/fr\/category\/ephemerides-vincentiens\/"},"img":{"alt_text":"","src":"https:\/\/i0.wp.com\/vincentians.com\/fr\/wp-content\/uploads\/sites\/10\/2016\/07\/ephemerides-fb.jpg?fit=1200%2C630&resize=350%2C200","width":350,"height":200,"srcset":"https:\/\/i0.wp.com\/vincentians.com\/fr\/wp-content\/uploads\/sites\/10\/2016\/07\/ephemerides-fb.jpg?fit=1200%2C630&resize=350%2C200 1x, https:\/\/i0.wp.com\/vincentians.com\/fr\/wp-content\/uploads\/sites\/10\/2016\/07\/ephemerides-fb.jpg?fit=1200%2C630&resize=525%2C300 1.5x, https:\/\/i0.wp.com\/vincentians.com\/fr\/wp-content\/uploads\/sites\/10\/2016\/07\/ephemerides-fb.jpg?fit=1200%2C630&resize=700%2C400 2x, https:\/\/i0.wp.com\/vincentians.com\/fr\/wp-content\/uploads\/sites\/10\/2016\/07\/ephemerides-fb.jpg?fit=1200%2C630&resize=1050%2C600 3x"},"classes":[]},{"id":189332,"url":"http:\/\/vincentians.com\/fr\/ephemerides-10-juilliet\/","url_meta":{"origin":190184,"position":5},"title":"Eph\u00e9m\u00e9rides: 10 juilliet","author":"Francisco Javier Fern\u00e1ndez Chento","date":"10\/07\/2017","format":false,"excerpt":"1661. Monsieur de Horgny entreprend un cycle de conf\u00e9rences sur les R\u00e8gles qui se poursuivra tout au long de l\u2019ann\u00e9e. Il souligne les trois vertus de charit\u00e9, humilit\u00e9 et simplicit\u00e9 qui caract\u00e9risent l\u2019esprit de la Compagnie des Filles de la Charit\u00e9. (C) 1665. M\u00e8re Marguerite Ch\u00e9tif et les offici\u00e8res, S\u0153ur\u2026","rel":"","context":"Dans &quot;\u00c9ph\u00e9m\u00e9rides vincentiens&quot;","block_context":{"text":"\u00c9ph\u00e9m\u00e9rides vincentiens","link":"http:\/\/vincentians.com\/fr\/category\/ephemerides-vincentiens\/"},"img":{"alt_text":"","src":"https:\/\/i0.wp.com\/vincentians.com\/fr\/wp-content\/uploads\/sites\/10\/2016\/07\/ephemerides-fb.jpg?fit=1200%2C630&resize=350%2C200","width":350,"height":200,"srcset":"https:\/\/i0.wp.com\/vincentians.com\/fr\/wp-content\/uploads\/sites\/10\/2016\/07\/ephemerides-fb.jpg?fit=1200%2C630&resize=350%2C200 1x, https:\/\/i0.wp.com\/vincentians.com\/fr\/wp-content\/uploads\/sites\/10\/2016\/07\/ephemerides-fb.jpg?fit=1200%2C630&resize=525%2C300 1.5x, https:\/\/i0.wp.com\/vincentians.com\/fr\/wp-content\/uploads\/sites\/10\/2016\/07\/ephemerides-fb.jpg?fit=1200%2C630&resize=700%2C400 2x, https:\/\/i0.wp.com\/vincentians.com\/fr\/wp-content\/uploads\/sites\/10\/2016\/07\/ephemerides-fb.jpg?fit=1200%2C630&resize=1050%2C600 3x"},"classes":[]}],"_links":{"self":[{"href":"http:\/\/vincentians.com\/fr\/wp-json\/wp\/v2\/posts\/190184","targetHints":{"allow":["GET"]}}],"collection":[{"href":"http:\/\/vincentians.com\/fr\/wp-json\/wp\/v2\/posts"}],"about":[{"href":"http:\/\/vincentians.com\/fr\/wp-json\/wp\/v2\/types\/post"}],"author":[{"embeddable":true,"href":"http:\/\/vincentians.com\/fr\/wp-json\/wp\/v2\/users\/4"}],"replies":[{"embeddable":true,"href":"http:\/\/vincentians.com\/fr\/wp-json\/wp\/v2\/comments?post=190184"}],"version-history":[{"count":0,"href":"http:\/\/vincentians.com\/fr\/wp-json\/wp\/v2\/posts\/190184\/revisions"}],"wp:featuredmedia":[{"embeddable":true,"href":"http:\/\/vincentians.com\/fr\/wp-json\/wp\/v2\/media\/149897"}],"wp:attachment":[{"href":"http:\/\/vincentians.com\/fr\/wp-json\/wp\/v2\/media?parent=190184"}],"wp:term":[{"taxonomy":"category","embeddable":true,"href":"http:\/\/vincentians.com\/fr\/wp-json\/wp\/v2\/categories?post=190184"},{"taxonomy":"post_tag","embeddable":true,"href":"http:\/\/vincentians.com\/fr\/wp-json\/wp\/v2\/tags?post=190184"}],"curies":[{"name":"wp","href":"https:\/\/api.w.org\/{rel}","templated":true}]}}