{"id":190175,"date":"2016-09-15T00:01:46","date_gmt":"2016-09-14T22:01:46","guid":{"rendered":"http:\/\/vincentians.com\/fr\/?p=190175"},"modified":"2016-08-09T18:35:56","modified_gmt":"2016-08-09T16:35:56","slug":"ephemerides-15-septembre","status":"publish","type":"post","link":"http:\/\/vincentians.com\/fr\/ephemerides-15-septembre\/","title":{"rendered":"Eph\u00e9m\u00e9rides : 15 septembre"},"content":{"rendered":"<p><b>1627<\/b>. \u00c0 Saint-Germain-en-Laye, Louis XIII signe les lettres confirmant l\u2019union du coll\u00e8ge des Bons-Enfants \u00e0 la Compagnie. (1).<\/p>\n<p><b>1736<\/b>. \u00c0 la demande du Prieur de l\u2019abbaye de Rebais, un contrat est sign\u00e9 par son procureur, M\u00e8re Julienne Jouvin et les s\u0153urs Offici\u00e8res pour l\u2019\u00e9tablissement de trois S\u0153urs \u00e0 l\u2019h\u00f4pital Saint-Roch et Sainte-Marguerite de Rebais-en-Brie et pour l\u2019instruction des petites filles de la ville. (C)<\/p>\n<p><b>1760<\/b>. Le procureur des Administrateurs de l\u2019h\u00f4pital de Montluel signe avec M\u00e8re Madeleine Lema\u00eetre le contrat d\u2019\u00e9tablissement de quatre S\u0153urs pour le service des malades et de la pharmacie de l\u2019h\u00f4pital. Les S\u0153urs sont envoy\u00e9es le 27 octobre. (C)<\/p>\n<p><b>1806<\/b>. \u00c0 Paris, en la Maison-M\u00e8re des Filles de la Charit\u00e9, rue du Vieux-Colombier, M. Fran\u00e7ois-Florentin Brunet, vicaire g\u00e9n\u00e9ral de la Mission, meurt \u00e0 l\u2019\u00e2ge de soixante-quinze ans. N\u00e9 \u00e0 Bulgn\u00e9ville, en Lorraine, il entra \u00e0 l\u2019\u00e2ge de seize ans dans la Compagnie. Charg\u00e9 d\u2019enseigner la philosophie, puis la th\u00e9ologie aux s\u00e9minaristes de Toul, il est, \u00e0 partir de 1757, sup\u00e9rieur du grand s\u00e9minaire d\u2019Amiens\u00a0; il y reste quinze ans\u00a0; puis il s\u2019en va diriger successivement les s\u00e9minaires de Soissons, de Ch\u00e2lons-sur-Marne et de Poitiers\u00a0; en ce dernier poste, il est en m\u00eame temps visiteur du Poitou. En 1788, l\u2019Assembl\u00e9e g\u00e9n\u00e9rale le donne comme deuxi\u00e8me assistant au nouveau sup\u00e9rieur g\u00e9n\u00e9ral, M. Cayla de la Garde. Malgr\u00e9 son labeur ordinaire, M. Brunet a trouv\u00e9 le moyen de composer divers ouvrages, parmi lesquels des Elementa Theologiae\u2026, en cinq volumes, un Trait\u00e9 des devoirs des p\u00e9nitents et des confesseurs, et surtout son Parall\u00e8le des Religions, en cinq volumes, dont le Dictionnaire historique de Feller, donne cette appr\u00e9ciation\u00a0: \u00abcompilation un peu longue, mais pleine de recherches et o\u00f9 l\u2019auteur a mis \u00e0 contribution les travaux des plus habiles \u00e9crivains modernes\u00bb (2). Pour M. Brunet, la tourmente r\u00e9volutionnaire sonna le glas de ses heures studieuses. Apr\u00e8s avoir failli perdre la vie lors du pillage de Saint-Lazare, il inaugura une p\u00e9riode d\u2019existence qui fit de lui l\u2019ange consolateur du Sup\u00e9rieur g\u00e9n\u00e9ral. Il accompagna, en effet, M. Cayla dans les p\u00e9r\u00e9grinations p\u00e9nibles et p\u00e9rilleuses qui conduisirent le successeur de saint Vincent \u00e0 Rome. M. Brunet l\u2019y assista jusque dans l\u2019agonie qui, en lib\u00e9rant M. Cayla de ses douloureux soucis, les fit retomber sur lui-m\u00eame. Vicaire g\u00e9n\u00e9ral, M. Brunet, pendant six ans, a fort \u00e0 faire pour sauvegarder l\u2019h\u00e9ritage de saint Vincent. Il veut d\u2019abord le r\u00e9tablissement de la Compagnie en France et obtient de Napol\u00e9on un d\u00e9cret en ce sens. Mais il n\u2019aboutit pas \u00e0 se faire donner, dans la capitale, le logement qui aurait permis de rassembler les confr\u00e8res dispers\u00e9s. Par contre, il les r\u00e9installe \u00e0 Valfleury et il aurait pu ouvrir davantage de maisons si, \u00e0 Rome, M. Sicardi avait su entreb\u00e2iller les fen\u00eatres de son esprit sur un plus large horizon\u00a0: celui de l\u2019int\u00e9r\u00eat g\u00e9n\u00e9ral de la Compagnie. Les soucis ont eu raison, presque d\u2019un seul coup, de la robuste sant\u00e9 lorraine de M. Brunet\u00a0: il a vraiment donn\u00e9 sa vie pour la famille vincentienne et il a pratiqu\u00e9 l\u2019h\u00e9ro\u00efsme de l\u2019amabilit\u00e9\u00a0; car, accabl\u00e9 sans arr\u00eat par les difficult\u00e9s s\u2019opposant \u00e0 sa volont\u00e9 de restauration, il a toujours dissimul\u00e9 ses peines sous les dehors les plus am\u00e8nes\u00a0: la s\u00e9v\u00e9rit\u00e9, il la gardait pour lui, aux autres, il ne donna que la plus indulgente douceur (3).<\/p>\n<dl>\n<dd>1) Actes du Gouvernement p. 9.<\/dd>\n<dd>2) Dictionnaire Historique, Paris, 1848, t. II, p. 260.<\/dd>\n<dd>3) Annales, t. 76. pp. 119-121. 274- 278, 390-406.<\/dd>\n<\/dl>\n","protected":false},"excerpt":{"rendered":"<p>1627. \u00c0 Saint-Germain-en-Laye, Louis XIII signe les lettres confirmant l\u2019union du coll\u00e8ge des Bons-Enfants \u00e0 la Compagnie. (1). 1736. \u00c0 la demande du Prieur de l\u2019abbaye de Rebais, un contrat est sign\u00e9 par son procureur, &#8230; <a href=\"http:\/\/vincentians.com\/fr\/ephemerides-15-septembre\/\" class=\"more-link\">Read More<\/a><\/p>\n","protected":false},"author":4,"featured_media":149897,"comment_status":"open","ping_status":"open","sticky":false,"template":"","format":"standard","meta":{"jetpack_post_was_ever_published":false,"_jetpack_newsletter_access":"","_jetpack_dont_email_post_to_subs":false,"_jetpack_newsletter_tier_id":0,"_jetpack_memberships_contains_paywalled_content":false,"_jetpack_memberships_contains_paid_content":false,"footnotes":"","jetpack_publicize_message":"","jetpack_publicize_feature_enabled":true,"jetpack_social_post_already_shared":true,"jetpack_social_options":{"image_generator_settings":{"template":"highway","default_image_id":0,"font":"","enabled":false},"version":2}},"categories":[119],"tags":[],"class_list":["post-190175","post","type-post","status-publish","format-standard","has-post-thumbnail","hentry","category-ephemerides-vincentiens"],"yoast_head":"<!-- This site is optimized with the Yoast SEO plugin v26.3 - https:\/\/yoast.com\/wordpress\/plugins\/seo\/ -->\n<title>Eph\u00e9m\u00e9rides : 15 septembre - Nous Sommes Vincentiens<\/title>\n<meta name=\"robots\" content=\"index, follow, max-snippet:-1, max-image-preview:large, max-video-preview:-1\" \/>\n<link rel=\"canonical\" href=\"https:\/\/vincentians.com\/fr\/ephemerides-15-septembre\/\" \/>\n<meta property=\"og:locale\" content=\"fr_FR\" \/>\n<meta property=\"og:type\" content=\"article\" \/>\n<meta property=\"og:title\" content=\"Eph\u00e9m\u00e9rides : 15 septembre - Nous Sommes Vincentiens\" \/>\n<meta property=\"og:description\" content=\"1627. \u00c0 Saint-Germain-en-Laye, Louis XIII signe les lettres confirmant l\u2019union du coll\u00e8ge des Bons-Enfants \u00e0 la Compagnie. (1). 1736. \u00c0 la demande du Prieur de l\u2019abbaye de Rebais, un contrat est sign\u00e9 par son procureur, ... Read More\" \/>\n<meta property=\"og:url\" content=\"https:\/\/vincentians.com\/fr\/ephemerides-15-septembre\/\" \/>\n<meta property=\"og:site_name\" content=\"Nous Sommes Vincentiens\" \/>\n<meta property=\"article:publisher\" content=\"https:\/\/www.facebook.com\/WeAreVincentians\/\" \/>\n<meta property=\"article:author\" content=\"https:\/\/www.facebook.com\/JavierChento\" \/>\n<meta property=\"article:published_time\" content=\"2016-09-14T22:01:46+00:00\" \/>\n<meta property=\"og:image\" content=\"https:\/\/i0.wp.com\/vincentians.com\/fr\/wp-content\/uploads\/sites\/10\/2016\/07\/ephemerides-fb.jpg?fit=1200%2C630&ssl=1\" \/>\n\t<meta property=\"og:image:width\" content=\"1200\" \/>\n\t<meta property=\"og:image:height\" content=\"630\" \/>\n\t<meta property=\"og:image:type\" content=\"image\/jpeg\" \/>\n<meta name=\"author\" content=\"Francisco Javier Fern\u00e1ndez Chento\" \/>\n<meta name=\"twitter:card\" content=\"summary_large_image\" \/>\n<meta name=\"twitter:creator\" content=\"@https:\/\/twitter.com\/javierchento\" \/>\n<meta name=\"twitter:site\" content=\"@WeVincentians\" \/>\n<meta name=\"twitter:label1\" content=\"\u00c9crit par\" \/>\n\t<meta name=\"twitter:data1\" content=\"Francisco Javier Fern\u00e1ndez Chento\" \/>\n\t<meta name=\"twitter:label2\" content=\"Dur\u00e9e de lecture estim\u00e9e\" \/>\n\t<meta name=\"twitter:data2\" content=\"3 minutes\" \/>\n<script type=\"application\/ld+json\" class=\"yoast-schema-graph\">{\"@context\":\"https:\/\/schema.org\",\"@graph\":[{\"@type\":\"WebPage\",\"@id\":\"https:\/\/vincentians.com\/fr\/ephemerides-15-septembre\/\",\"url\":\"https:\/\/vincentians.com\/fr\/ephemerides-15-septembre\/\",\"name\":\"Eph\u00e9m\u00e9rides : 15 septembre - Nous Sommes Vincentiens\",\"isPartOf\":{\"@id\":\"http:\/\/vincentians.com\/fr\/#website\"},\"primaryImageOfPage\":{\"@id\":\"https:\/\/vincentians.com\/fr\/ephemerides-15-septembre\/#primaryimage\"},\"image\":{\"@id\":\"https:\/\/vincentians.com\/fr\/ephemerides-15-septembre\/#primaryimage\"},\"thumbnailUrl\":\"https:\/\/i0.wp.com\/vincentians.com\/fr\/wp-content\/uploads\/sites\/10\/2016\/07\/ephemerides-fb.jpg?fit=1200%2C630\",\"datePublished\":\"2016-09-14T22:01:46+00:00\",\"author\":{\"@id\":\"http:\/\/vincentians.com\/fr\/#\/schema\/person\/9623ef4d9aa3b2dfb8c061f1499288f2\"},\"breadcrumb\":{\"@id\":\"https:\/\/vincentians.com\/fr\/ephemerides-15-septembre\/#breadcrumb\"},\"inLanguage\":\"fr-FR\",\"potentialAction\":[{\"@type\":\"ReadAction\",\"target\":[\"https:\/\/vincentians.com\/fr\/ephemerides-15-septembre\/\"]}]},{\"@type\":\"ImageObject\",\"inLanguage\":\"fr-FR\",\"@id\":\"https:\/\/vincentians.com\/fr\/ephemerides-15-septembre\/#primaryimage\",\"url\":\"https:\/\/i0.wp.com\/vincentians.com\/fr\/wp-content\/uploads\/sites\/10\/2016\/07\/ephemerides-fb.jpg?fit=1200%2C630\",\"contentUrl\":\"https:\/\/i0.wp.com\/vincentians.com\/fr\/wp-content\/uploads\/sites\/10\/2016\/07\/ephemerides-fb.jpg?fit=1200%2C630\",\"width\":1200,\"height\":630},{\"@type\":\"BreadcrumbList\",\"@id\":\"https:\/\/vincentians.com\/fr\/ephemerides-15-septembre\/#breadcrumb\",\"itemListElement\":[{\"@type\":\"ListItem\",\"position\":1,\"name\":\"Portada\",\"item\":\"http:\/\/vincentians.com\/fr\/\"},{\"@type\":\"ListItem\",\"position\":2,\"name\":\"Eph\u00e9m\u00e9rides : 15 septembre\"}]},{\"@type\":\"WebSite\",\"@id\":\"http:\/\/vincentians.com\/fr\/#website\",\"url\":\"http:\/\/vincentians.com\/fr\/\",\"name\":\"Nous Sommes Vincentiens\",\"description\":\"Know more to serve more\",\"potentialAction\":[{\"@type\":\"SearchAction\",\"target\":{\"@type\":\"EntryPoint\",\"urlTemplate\":\"http:\/\/vincentians.com\/fr\/?s={search_term_string}\"},\"query-input\":{\"@type\":\"PropertyValueSpecification\",\"valueRequired\":true,\"valueName\":\"search_term_string\"}}],\"inLanguage\":\"fr-FR\"},{\"@type\":\"Person\",\"@id\":\"http:\/\/vincentians.com\/fr\/#\/schema\/person\/9623ef4d9aa3b2dfb8c061f1499288f2\",\"name\":\"Francisco Javier Fern\u00e1ndez Chento\",\"image\":{\"@type\":\"ImageObject\",\"inLanguage\":\"fr-FR\",\"@id\":\"http:\/\/vincentians.com\/fr\/#\/schema\/person\/image\/\",\"url\":\"https:\/\/secure.gravatar.com\/avatar\/497d5cde87b4c3d097d0315953521681ba2cd523ee66e5077c3711f7021e65de?s=96&d=mm&r=g\",\"contentUrl\":\"https:\/\/secure.gravatar.com\/avatar\/497d5cde87b4c3d097d0315953521681ba2cd523ee66e5077c3711f7021e65de?s=96&d=mm&r=g\",\"caption\":\"Francisco Javier Fern\u00e1ndez Chento\"},\"description\":\"Director General y cofundador de La Red de Formaci\u00f3n Vicenciana. Javier es laico vicenciano, afiliado a la Congregaci\u00f3n de la Misi\u00f3n y miembro del Equipo de Misiones Populares de la provincia can\u00f3nica de Zaragoza (Espa\u00f1a) de la Congregaci\u00f3n de la Misi\u00f3n. Graduado en la Universidad Oberta de Catalunya con cuatro grados (Asistente de direcci\u00f3n, Gesti\u00f3n Administrativa, Recursos Humanos y Contabilidad Avanzada). Bil\u00edng\u00fce Espa\u00f1ol\/Ingl\u00e9s. gestiona y mantiene varias p\u00e1ginas web cristianas y vicencianas, incluida including La Red de Formaci\u00f3n Vicenciana, de la que es cofundador. Actualmente es responsable del \u00e1rea de Espa\u00f1ol de .famvin, la Red de Noticias de la Familia Vicenciana. Tambi\u00e9n es m\u00fasico cat\u00f3lico y ha editado varios discos. Es Director General y cofundador de Trovador, una reconocida compa\u00f1\u00eda discogr\u00e1fica critiana de Espa\u00f1a. Trabaja en las Tecnolog\u00edas de la Informaci\u00f3n, ofreciendo servicios de alojamiento, dise\u00f1o y mantenimiento Web, as\u00ed como asesoramiento, formaci\u00f3n y soluciones inform\u00e1ticas, gesti\u00f3n documental y digitalizaci\u00f3n de textos, edici\u00f3n y maquetaci\u00f3n de libros, revistas, flyers, etc.\",\"sameAs\":[\"http:\/\/chento.org\",\"https:\/\/www.facebook.com\/JavierChento\",\"https:\/\/x.com\/https:\/\/twitter.com\/javierchento\"],\"url\":\"http:\/\/vincentians.com\/fr\/author\/chento\/\"}]}<\/script>\n<!-- \/ Yoast SEO plugin. -->","yoast_head_json":{"title":"Eph\u00e9m\u00e9rides : 15 septembre - Nous Sommes Vincentiens","robots":{"index":"index","follow":"follow","max-snippet":"max-snippet:-1","max-image-preview":"max-image-preview:large","max-video-preview":"max-video-preview:-1"},"canonical":"https:\/\/vincentians.com\/fr\/ephemerides-15-septembre\/","og_locale":"fr_FR","og_type":"article","og_title":"Eph\u00e9m\u00e9rides : 15 septembre - Nous Sommes Vincentiens","og_description":"1627. \u00c0 Saint-Germain-en-Laye, Louis XIII signe les lettres confirmant l\u2019union du coll\u00e8ge des Bons-Enfants \u00e0 la Compagnie. (1). 1736. \u00c0 la demande du Prieur de l\u2019abbaye de Rebais, un contrat est sign\u00e9 par son procureur, ... Read More","og_url":"https:\/\/vincentians.com\/fr\/ephemerides-15-septembre\/","og_site_name":"Nous Sommes Vincentiens","article_publisher":"https:\/\/www.facebook.com\/WeAreVincentians\/","article_author":"https:\/\/www.facebook.com\/JavierChento","article_published_time":"2016-09-14T22:01:46+00:00","og_image":[{"width":1200,"height":630,"url":"https:\/\/i0.wp.com\/vincentians.com\/fr\/wp-content\/uploads\/sites\/10\/2016\/07\/ephemerides-fb.jpg?fit=1200%2C630&ssl=1","type":"image\/jpeg"}],"author":"Francisco Javier Fern\u00e1ndez Chento","twitter_card":"summary_large_image","twitter_creator":"@https:\/\/twitter.com\/javierchento","twitter_site":"@WeVincentians","twitter_misc":{"\u00c9crit par":"Francisco Javier Fern\u00e1ndez Chento","Dur\u00e9e de lecture estim\u00e9e":"3 minutes"},"schema":{"@context":"https:\/\/schema.org","@graph":[{"@type":"WebPage","@id":"https:\/\/vincentians.com\/fr\/ephemerides-15-septembre\/","url":"https:\/\/vincentians.com\/fr\/ephemerides-15-septembre\/","name":"Eph\u00e9m\u00e9rides : 15 septembre - Nous Sommes Vincentiens","isPartOf":{"@id":"http:\/\/vincentians.com\/fr\/#website"},"primaryImageOfPage":{"@id":"https:\/\/vincentians.com\/fr\/ephemerides-15-septembre\/#primaryimage"},"image":{"@id":"https:\/\/vincentians.com\/fr\/ephemerides-15-septembre\/#primaryimage"},"thumbnailUrl":"https:\/\/i0.wp.com\/vincentians.com\/fr\/wp-content\/uploads\/sites\/10\/2016\/07\/ephemerides-fb.jpg?fit=1200%2C630","datePublished":"2016-09-14T22:01:46+00:00","author":{"@id":"http:\/\/vincentians.com\/fr\/#\/schema\/person\/9623ef4d9aa3b2dfb8c061f1499288f2"},"breadcrumb":{"@id":"https:\/\/vincentians.com\/fr\/ephemerides-15-septembre\/#breadcrumb"},"inLanguage":"fr-FR","potentialAction":[{"@type":"ReadAction","target":["https:\/\/vincentians.com\/fr\/ephemerides-15-septembre\/"]}]},{"@type":"ImageObject","inLanguage":"fr-FR","@id":"https:\/\/vincentians.com\/fr\/ephemerides-15-septembre\/#primaryimage","url":"https:\/\/i0.wp.com\/vincentians.com\/fr\/wp-content\/uploads\/sites\/10\/2016\/07\/ephemerides-fb.jpg?fit=1200%2C630","contentUrl":"https:\/\/i0.wp.com\/vincentians.com\/fr\/wp-content\/uploads\/sites\/10\/2016\/07\/ephemerides-fb.jpg?fit=1200%2C630","width":1200,"height":630},{"@type":"BreadcrumbList","@id":"https:\/\/vincentians.com\/fr\/ephemerides-15-septembre\/#breadcrumb","itemListElement":[{"@type":"ListItem","position":1,"name":"Portada","item":"http:\/\/vincentians.com\/fr\/"},{"@type":"ListItem","position":2,"name":"Eph\u00e9m\u00e9rides : 15 septembre"}]},{"@type":"WebSite","@id":"http:\/\/vincentians.com\/fr\/#website","url":"http:\/\/vincentians.com\/fr\/","name":"Nous Sommes Vincentiens","description":"Know more to serve more","potentialAction":[{"@type":"SearchAction","target":{"@type":"EntryPoint","urlTemplate":"http:\/\/vincentians.com\/fr\/?s={search_term_string}"},"query-input":{"@type":"PropertyValueSpecification","valueRequired":true,"valueName":"search_term_string"}}],"inLanguage":"fr-FR"},{"@type":"Person","@id":"http:\/\/vincentians.com\/fr\/#\/schema\/person\/9623ef4d9aa3b2dfb8c061f1499288f2","name":"Francisco Javier Fern\u00e1ndez Chento","image":{"@type":"ImageObject","inLanguage":"fr-FR","@id":"http:\/\/vincentians.com\/fr\/#\/schema\/person\/image\/","url":"https:\/\/secure.gravatar.com\/avatar\/497d5cde87b4c3d097d0315953521681ba2cd523ee66e5077c3711f7021e65de?s=96&d=mm&r=g","contentUrl":"https:\/\/secure.gravatar.com\/avatar\/497d5cde87b4c3d097d0315953521681ba2cd523ee66e5077c3711f7021e65de?s=96&d=mm&r=g","caption":"Francisco Javier Fern\u00e1ndez Chento"},"description":"Director General y cofundador de La Red de Formaci\u00f3n Vicenciana. Javier es laico vicenciano, afiliado a la Congregaci\u00f3n de la Misi\u00f3n y miembro del Equipo de Misiones Populares de la provincia can\u00f3nica de Zaragoza (Espa\u00f1a) de la Congregaci\u00f3n de la Misi\u00f3n. Graduado en la Universidad Oberta de Catalunya con cuatro grados (Asistente de direcci\u00f3n, Gesti\u00f3n Administrativa, Recursos Humanos y Contabilidad Avanzada). Bil\u00edng\u00fce Espa\u00f1ol\/Ingl\u00e9s. gestiona y mantiene varias p\u00e1ginas web cristianas y vicencianas, incluida including La Red de Formaci\u00f3n Vicenciana, de la que es cofundador. Actualmente es responsable del \u00e1rea de Espa\u00f1ol de .famvin, la Red de Noticias de la Familia Vicenciana. Tambi\u00e9n es m\u00fasico cat\u00f3lico y ha editado varios discos. Es Director General y cofundador de Trovador, una reconocida compa\u00f1\u00eda discogr\u00e1fica critiana de Espa\u00f1a. Trabaja en las Tecnolog\u00edas de la Informaci\u00f3n, ofreciendo servicios de alojamiento, dise\u00f1o y mantenimiento Web, as\u00ed como asesoramiento, formaci\u00f3n y soluciones inform\u00e1ticas, gesti\u00f3n documental y digitalizaci\u00f3n de textos, edici\u00f3n y maquetaci\u00f3n de libros, revistas, flyers, etc.","sameAs":["http:\/\/chento.org","https:\/\/www.facebook.com\/JavierChento","https:\/\/x.com\/https:\/\/twitter.com\/javierchento"],"url":"http:\/\/vincentians.com\/fr\/author\/chento\/"}]}},"jetpack_publicize_connections":[],"jetpack_featured_media_url":"https:\/\/i0.wp.com\/vincentians.com\/fr\/wp-content\/uploads\/sites\/10\/2016\/07\/ephemerides-fb.jpg?fit=1200%2C630","jetpack_sharing_enabled":true,"jetpack_shortlink":"https:\/\/wp.me\/p7ETMP-Ntl","jetpack-related-posts":[{"id":190069,"url":"http:\/\/vincentians.com\/fr\/ephemerides-13-aout\/","url_meta":{"origin":190175,"position":0},"title":"Eph\u00e9m\u00e9rides: 13 ao\u00fbt","author":"Francisco Javier Fern\u00e1ndez Chento","date":"13\/08\/2016","format":false,"excerpt":"1685. Le procureur de l\u2019Ev\u00eaque et des administrateurs de l\u2019h\u00f4pital de Montauban signe, devant notaires \u00e0 Paris, le contrat d\u2019\u00e9tablissement de quatre S\u0153urs pour le soulagement des pauvres malades et la gloire de Dieu. S\u0153ur Adrienne Hurpy est la premi\u00e8re S\u0153ur Servante. (C) 1705. Le procureur des Dames de la\u2026","rel":"","context":"Dans &quot;\u00c9ph\u00e9m\u00e9rides vincentiens&quot;","block_context":{"text":"\u00c9ph\u00e9m\u00e9rides vincentiens","link":"http:\/\/vincentians.com\/fr\/category\/ephemerides-vincentiens\/"},"img":{"alt_text":"","src":"https:\/\/i0.wp.com\/vincentians.com\/fr\/wp-content\/uploads\/sites\/10\/2016\/07\/ephemerides-fb.jpg?fit=1200%2C630&resize=350%2C200","width":350,"height":200,"srcset":"https:\/\/i0.wp.com\/vincentians.com\/fr\/wp-content\/uploads\/sites\/10\/2016\/07\/ephemerides-fb.jpg?fit=1200%2C630&resize=350%2C200 1x, https:\/\/i0.wp.com\/vincentians.com\/fr\/wp-content\/uploads\/sites\/10\/2016\/07\/ephemerides-fb.jpg?fit=1200%2C630&resize=525%2C300 1.5x, https:\/\/i0.wp.com\/vincentians.com\/fr\/wp-content\/uploads\/sites\/10\/2016\/07\/ephemerides-fb.jpg?fit=1200%2C630&resize=700%2C400 2x, https:\/\/i0.wp.com\/vincentians.com\/fr\/wp-content\/uploads\/sites\/10\/2016\/07\/ephemerides-fb.jpg?fit=1200%2C630&resize=1050%2C600 3x"},"classes":[]},{"id":190171,"url":"http:\/\/vincentians.com\/fr\/ephemerides-11-septembre\/","url_meta":{"origin":190175,"position":1},"title":"Eph\u00e9m\u00e9rides : 11 septembre","author":"Francisco Javier Fern\u00e1ndez Chento","date":"11\/09\/2016","format":false,"excerpt":"1685. Monsieur Louis de Noailles, \u00e9v\u00eaque de Ch\u00e2lons sur Marne signe avec M\u00e8re Mathurine Gu\u00e9rin et les trois offici\u00e8res le contrat d\u2019\u00e9tablissement de deux S\u0153urs \u00e0 Etoges pour assister les pauvres malades et instruire les petites filles pauvres. Les rentes ont \u00e9t\u00e9 constitu\u00e9es par Monsieur d\u2019Anglure de Savigny. (C) 1702.\u2026","rel":"","context":"Dans &quot;\u00c9ph\u00e9m\u00e9rides vincentiens&quot;","block_context":{"text":"\u00c9ph\u00e9m\u00e9rides vincentiens","link":"http:\/\/vincentians.com\/fr\/category\/ephemerides-vincentiens\/"},"img":{"alt_text":"","src":"https:\/\/i0.wp.com\/vincentians.com\/fr\/wp-content\/uploads\/sites\/10\/2016\/07\/ephemerides-fb.jpg?fit=1200%2C630&resize=350%2C200","width":350,"height":200,"srcset":"https:\/\/i0.wp.com\/vincentians.com\/fr\/wp-content\/uploads\/sites\/10\/2016\/07\/ephemerides-fb.jpg?fit=1200%2C630&resize=350%2C200 1x, https:\/\/i0.wp.com\/vincentians.com\/fr\/wp-content\/uploads\/sites\/10\/2016\/07\/ephemerides-fb.jpg?fit=1200%2C630&resize=525%2C300 1.5x, https:\/\/i0.wp.com\/vincentians.com\/fr\/wp-content\/uploads\/sites\/10\/2016\/07\/ephemerides-fb.jpg?fit=1200%2C630&resize=700%2C400 2x, https:\/\/i0.wp.com\/vincentians.com\/fr\/wp-content\/uploads\/sites\/10\/2016\/07\/ephemerides-fb.jpg?fit=1200%2C630&resize=1050%2C600 3x"},"classes":[]},{"id":189316,"url":"http:\/\/vincentians.com\/fr\/ephemerides-26-juilliet\/","url_meta":{"origin":190175,"position":2},"title":"Eph\u00e9m\u00e9rides: 26 juilliet","author":"Francisco Javier Fern\u00e1ndez Chento","date":"26\/07\/2017","format":false,"excerpt":"1646. Louise de Marillac part de Paris pour aller conduire six S\u0153urs \u00e0 l\u2019h\u00f4pital de Nantes\u00a0: Elisabeth Martin la S\u0153ur Servante, Claude Carr\u00e9, l\u2019assistante, Marguerite Noret, Catherine Bagard, Perrette de Sedan, Antoinette Duhamel. Sont aussi du voyage Elisabeth Turgis qui rejoint en cours de route la petite communaut\u00e9 de Richelieu,\u2026","rel":"","context":"Dans &quot;\u00c9ph\u00e9m\u00e9rides vincentiens&quot;","block_context":{"text":"\u00c9ph\u00e9m\u00e9rides vincentiens","link":"http:\/\/vincentians.com\/fr\/category\/ephemerides-vincentiens\/"},"img":{"alt_text":"","src":"https:\/\/i0.wp.com\/vincentians.com\/fr\/wp-content\/uploads\/sites\/10\/2016\/07\/ephemerides-fb.jpg?fit=1200%2C630&resize=350%2C200","width":350,"height":200,"srcset":"https:\/\/i0.wp.com\/vincentians.com\/fr\/wp-content\/uploads\/sites\/10\/2016\/07\/ephemerides-fb.jpg?fit=1200%2C630&resize=350%2C200 1x, https:\/\/i0.wp.com\/vincentians.com\/fr\/wp-content\/uploads\/sites\/10\/2016\/07\/ephemerides-fb.jpg?fit=1200%2C630&resize=525%2C300 1.5x, https:\/\/i0.wp.com\/vincentians.com\/fr\/wp-content\/uploads\/sites\/10\/2016\/07\/ephemerides-fb.jpg?fit=1200%2C630&resize=700%2C400 2x, https:\/\/i0.wp.com\/vincentians.com\/fr\/wp-content\/uploads\/sites\/10\/2016\/07\/ephemerides-fb.jpg?fit=1200%2C630&resize=1050%2C600 3x"},"classes":[]},{"id":190052,"url":"http:\/\/vincentians.com\/fr\/ephemerides-01-aout\/","url_meta":{"origin":190175,"position":3},"title":"Eph\u00e9m\u00e9rides: 01 ao\u00fbt","author":"Francisco Javier Fern\u00e1ndez Chento","date":"01\/08\/2017","format":false,"excerpt":"1617. En l\u2019\u00e9glise Saint-Martin de Bu\u00e9nans, et en celle de Saint-Andr\u00e9 de Ch\u00e2tillon, qui en est l\u2019annexe. Monsieur Vincent est install\u00e9 cur\u00e9, dans le courant de l\u2019apr\u00e8s-midi et selon le c\u00e9r\u00e9monial habituel (1). 1697, 1724 et 1843. \u00c0 Paris, ouverture des Ve, IXe et XIXe, Assembl\u00e9es g\u00e9n\u00e9rales. Celle de 1697\u2026","rel":"","context":"Dans &quot;\u00c9ph\u00e9m\u00e9rides vincentiens&quot;","block_context":{"text":"\u00c9ph\u00e9m\u00e9rides vincentiens","link":"http:\/\/vincentians.com\/fr\/category\/ephemerides-vincentiens\/"},"img":{"alt_text":"","src":"https:\/\/i0.wp.com\/vincentians.com\/fr\/wp-content\/uploads\/sites\/10\/2016\/07\/ephemerides-fb.jpg?fit=1200%2C630&resize=350%2C200","width":350,"height":200,"srcset":"https:\/\/i0.wp.com\/vincentians.com\/fr\/wp-content\/uploads\/sites\/10\/2016\/07\/ephemerides-fb.jpg?fit=1200%2C630&resize=350%2C200 1x, https:\/\/i0.wp.com\/vincentians.com\/fr\/wp-content\/uploads\/sites\/10\/2016\/07\/ephemerides-fb.jpg?fit=1200%2C630&resize=525%2C300 1.5x, https:\/\/i0.wp.com\/vincentians.com\/fr\/wp-content\/uploads\/sites\/10\/2016\/07\/ephemerides-fb.jpg?fit=1200%2C630&resize=700%2C400 2x, https:\/\/i0.wp.com\/vincentians.com\/fr\/wp-content\/uploads\/sites\/10\/2016\/07\/ephemerides-fb.jpg?fit=1200%2C630&resize=1050%2C600 3x"},"classes":[]},{"id":104144,"url":"http:\/\/vincentians.com\/fr\/ephemerides-29-novembre\/","url_meta":{"origin":190175,"position":4},"title":"Eph\u00e9m\u00e9rides: 29 novembre","author":"Francisco Javier Fern\u00e1ndez Chento","date":"29\/11\/2016","format":false,"excerpt":"1633. \u00c0 Paris, en la maison de Mlle Le Gras, proche Saint-Nicolas du Chardonnet \u2014 rue des Foss\u00e9s-Saint-Victor \u2014 trois ou quatre filles s\u2019assemblent pour apprendre \u00e0 servir les pauvres\u2026 C\u2019est une consid\u00e9ration d\u2019utilit\u00e9 pratique qui est \u00e0 l\u2019origine de ce petit fait\u00a0: les d\u00e9tails concrets et peu rago\u00fbtants de\u2026","rel":"","context":"Dans &quot;\u00c9ph\u00e9m\u00e9rides vincentiens&quot;","block_context":{"text":"\u00c9ph\u00e9m\u00e9rides vincentiens","link":"http:\/\/vincentians.com\/fr\/category\/ephemerides-vincentiens\/"},"img":{"alt_text":"","src":"https:\/\/i0.wp.com\/vincentians.com\/fr\/wp-content\/uploads\/sites\/10\/2016\/07\/ephemerides-fb.jpg?fit=1200%2C630&resize=350%2C200","width":350,"height":200,"srcset":"https:\/\/i0.wp.com\/vincentians.com\/fr\/wp-content\/uploads\/sites\/10\/2016\/07\/ephemerides-fb.jpg?fit=1200%2C630&resize=350%2C200 1x, https:\/\/i0.wp.com\/vincentians.com\/fr\/wp-content\/uploads\/sites\/10\/2016\/07\/ephemerides-fb.jpg?fit=1200%2C630&resize=525%2C300 1.5x, https:\/\/i0.wp.com\/vincentians.com\/fr\/wp-content\/uploads\/sites\/10\/2016\/07\/ephemerides-fb.jpg?fit=1200%2C630&resize=700%2C400 2x, https:\/\/i0.wp.com\/vincentians.com\/fr\/wp-content\/uploads\/sites\/10\/2016\/07\/ephemerides-fb.jpg?fit=1200%2C630&resize=1050%2C600 3x"},"classes":[]},{"id":104146,"url":"http:\/\/vincentians.com\/fr\/ephemerides-13-novembre\/","url_meta":{"origin":190175,"position":5},"title":"Eph\u00e9m\u00e9rides: 13 novembre","author":"Francisco Javier Fern\u00e1ndez Chento","date":"13\/11\/2016","format":false,"excerpt":"1646. \u00c0 Paris, Edme Jolly est re\u00e7u au s\u00e9minaire interne. Il a vingt-quatre ans (1). 1686. Anne-Louise d\u2019Orl\u00e9ans, duchesse de Montpensier, signe le contrat pour les Filles de la Charit\u00e9 \u00e9tablies \u00e0 l\u2019h\u00f4pital Saint-Louis de Criel depuis le 6 mars 1685. S\u0153ur Jeanne Tardif est la premi\u00e8re S\u0153ur Servante. En\u2026","rel":"","context":"Dans &quot;\u00c9ph\u00e9m\u00e9rides vincentiens&quot;","block_context":{"text":"\u00c9ph\u00e9m\u00e9rides vincentiens","link":"http:\/\/vincentians.com\/fr\/category\/ephemerides-vincentiens\/"},"img":{"alt_text":"","src":"https:\/\/i0.wp.com\/vincentians.com\/fr\/wp-content\/uploads\/sites\/10\/2016\/07\/ephemerides-fb.jpg?fit=1200%2C630&resize=350%2C200","width":350,"height":200,"srcset":"https:\/\/i0.wp.com\/vincentians.com\/fr\/wp-content\/uploads\/sites\/10\/2016\/07\/ephemerides-fb.jpg?fit=1200%2C630&resize=350%2C200 1x, https:\/\/i0.wp.com\/vincentians.com\/fr\/wp-content\/uploads\/sites\/10\/2016\/07\/ephemerides-fb.jpg?fit=1200%2C630&resize=525%2C300 1.5x, https:\/\/i0.wp.com\/vincentians.com\/fr\/wp-content\/uploads\/sites\/10\/2016\/07\/ephemerides-fb.jpg?fit=1200%2C630&resize=700%2C400 2x, https:\/\/i0.wp.com\/vincentians.com\/fr\/wp-content\/uploads\/sites\/10\/2016\/07\/ephemerides-fb.jpg?fit=1200%2C630&resize=1050%2C600 3x"},"classes":[]}],"_links":{"self":[{"href":"http:\/\/vincentians.com\/fr\/wp-json\/wp\/v2\/posts\/190175","targetHints":{"allow":["GET"]}}],"collection":[{"href":"http:\/\/vincentians.com\/fr\/wp-json\/wp\/v2\/posts"}],"about":[{"href":"http:\/\/vincentians.com\/fr\/wp-json\/wp\/v2\/types\/post"}],"author":[{"embeddable":true,"href":"http:\/\/vincentians.com\/fr\/wp-json\/wp\/v2\/users\/4"}],"replies":[{"embeddable":true,"href":"http:\/\/vincentians.com\/fr\/wp-json\/wp\/v2\/comments?post=190175"}],"version-history":[{"count":0,"href":"http:\/\/vincentians.com\/fr\/wp-json\/wp\/v2\/posts\/190175\/revisions"}],"wp:featuredmedia":[{"embeddable":true,"href":"http:\/\/vincentians.com\/fr\/wp-json\/wp\/v2\/media\/149897"}],"wp:attachment":[{"href":"http:\/\/vincentians.com\/fr\/wp-json\/wp\/v2\/media?parent=190175"}],"wp:term":[{"taxonomy":"category","embeddable":true,"href":"http:\/\/vincentians.com\/fr\/wp-json\/wp\/v2\/categories?post=190175"},{"taxonomy":"post_tag","embeddable":true,"href":"http:\/\/vincentians.com\/fr\/wp-json\/wp\/v2\/tags?post=190175"}],"curies":[{"name":"wp","href":"https:\/\/api.w.org\/{rel}","templated":true}]}}