{"id":190132,"date":"2016-08-20T00:01:19","date_gmt":"2016-08-19T22:01:19","guid":{"rendered":"http:\/\/vincentians.com\/fr\/?p=190132"},"modified":"2016-08-09T18:22:01","modified_gmt":"2016-08-09T16:22:01","slug":"ephemerides-20-aout","status":"publish","type":"post","link":"http:\/\/vincentians.com\/fr\/ephemerides-20-aout\/","title":{"rendered":"Eph\u00e9m\u00e9rides : 20 ao\u00fbt"},"content":{"rendered":"<p><b>1617<\/b>. \u00c0 Ch\u00e2tillon-les-Dombes, dont il est le cur\u00e9 depuis un mois, Monsieur Vincent lance, au pr\u00f4ne, un appel en faveur d\u2019une famille malade d\u2019un village voisin. L\u2019apr\u00e8s-midi, c\u2019est une v\u00e9ritable procession de charit\u00e9 qui s\u2019y rend. Le g\u00e9nie organisateur de Monsieur Vincent a vite fait de voir ce qu\u2019il peut r\u00e9sulter de cet \u00e9lan, et il en fait sortir la Confr\u00e9rie de la Charit\u00e9 (1).<\/p>\n<p><b>1671<\/b>. Monsieur Alm\u00e9ras, entour\u00e9 de son Conseil, et en pr\u00e9sence de M\u00e8re Mathurine Gu\u00e9rin, de S\u0153ur Philippe Bailly, assistante et S\u0153ur Suzanne Chantereau, d\u00e9pensi\u00e8re, re\u00e7oit des mains de S\u0153ur Barbe Bailly, tr\u00e9sori\u00e8re, la somme de 22 440 livres pour le rachat du terrain de Monsieur de Chassebras (cf. 30 juillet 1671). Une quittance est \u00e9tablie et sign\u00e9e par tous les pr\u00e9sents. (C)<\/p>\n<p><b>1717<\/b>. \u00c0 Mornant, dans le dioc\u00e8se de Lyon, Fran\u00e7ois de Murard qui, quatre ans auparavant, consentit \u00e0 l\u2019union de son prieur\u00e9 au s\u00e9minaire interne de Lyon, verse une rente perp\u00e9tuelle pour que, dans son prieur\u00e9, un petit s\u00e9minaire soit install\u00e9 et confi\u00e9 aux Lazaristes. Cet \u00e9tablissement subsistera jusqu\u2019\u00e0 la R\u00e9volution, et dans la topographie lyonnaise, conserve toujours son nom des Lazaristes (2).<\/p>\n<p><b>1732<\/b>. \u00c0 l\u2019appel des Administrateurs de l\u2019h\u00f4pital de Bayeux, M\u00e8re P\u00e2que Carlier et ses offici\u00e8res signent le contrat d\u2019\u00e9tablissement de six S\u0153urs \u00e0 l\u2019h\u00f4pital. Ce contrat est contresign\u00e9 par l\u2019intendant de l\u2019Ev\u00eaque qui a re\u00e7u procuration le 28 juillet 1732. Les S\u0153urs sont envoy\u00e9es pour le soulagement des malades et valides de l\u2019h\u00f4pital. Elles n\u2019auront pas \u00e0 servir les femmes dans leur accouchement, ni aucune femme ou fille d\u00e9bauch\u00e9e. (C)<\/p>\n<p><b>1751<\/b>. Monsieur Roberdeau, ayant re\u00e7u procuration de Monseigneur Du Guesclin, \u00e9v\u00eaque de Cahors, signe avec M\u00e8re Madeleine Lema\u00eetre et les trois offici\u00e8res, le contrat d\u2019\u00e9tablissement de deux S\u0153urs pour le service des malades des paroisses de Cahors. Ces deux S\u0153urs seront log\u00e9es \u00e0 l\u2019h\u00f4pital des Orphelines. (C)<\/p>\n<p><b>1787<\/b>. M\u00e8re Ren\u00e9e Dubois signe le contrat de r\u00e9siliation de l\u2019\u00e9tablissement de Fontenay-aux-Roses commenc\u00e9 en 1642. Les raison invoqu\u00e9es sont\u00a0: les indemnit\u00e9s vers\u00e9es ne permettent plus de vivre et de r\u00e9parer la maison qui tombe en ruine. Les S\u0153urs partent le 20 octobre. (C)<\/p>\n<p><b>1791<\/b>. \u00c0 Rochefort, le club r\u00e9volutionnaire qui s\u2019intitule \u00abSoci\u00e9t\u00e9 des Amis de la Constitution\u00bb, d\u00e9nonce au Conseil municipal nos confr\u00e8res de la paroisse Saint-Louis. Leur belle \u00e9quipe, dirig\u00e9e par Claude Cosson, qui est le cur\u00e9, compte neuf pr\u00eatres et deux fr\u00e8res. Tous ont refus\u00e9 le serment et se sont abstenus de prendre part aux f\u00eates religieuses occasionn\u00e9es par des \u00e9v\u00e9nements politiques. Dans les journ\u00e9es pr\u00e9c\u00e9dant le 20 ao\u00fbt, Bertier, cur\u00e9 constitutionnel, appartenant \u00e0 un Ordre religieux dont les membres ont tous jur\u00e9 fid\u00e9lit\u00e9 \u00e0 la Constitution, est venu jeter l\u2019interdit sur l\u2019\u00e9glise Saint-Louis, dont la destruction a \u00e9t\u00e9, par suite, d\u00e9cid\u00e9e. Mais le ministre de la Marine en revendiquera la propri\u00e9t\u00e9 et transformera l\u2019\u00e9glise en magasin et le clocher en tour de signalisation. Quant \u00e0 nos confr\u00e8res pratiquement condamn\u00e9s \u00e0 mort par la d\u00e9nonciation faite contre eux en ce jour, ils doivent s\u2019enfuir ou se cacher (3).<\/p>\n<p><b>1844<\/b>. Le prince Friedrich Von Schwarzenberg, cardinal-\u00e9v\u00eaque de Salzbourg, installe six religieuses et, \u00e0 leur t\u00eate, M\u00e8re Ambrosia Preisingen, pour le service de l\u2019h\u00f4pital de Schwarzach. Elles venaient de Munich et sont appel\u00e9es \u201cS\u0153urs de la Charit\u00e9\u201d. Elles s\u2019uniront \u00e0 la Compagnie en 1882. (R)<\/p>\n<p><b>1850<\/b>. Arrestation des Missionnaires au Coll\u00e8ge Alb\u00e9roni \u00e0 Plaisance.<\/p>\n<p><b>1850<\/b>. \u00c0 Plaisance o\u00f9 les Pr\u00eatres de la Mission sont en butte \u00e0 l\u2019hostilit\u00e9 du chapitre, le Coll\u00e8ge Alb\u00e9roni est envahi par les soldats du duc de Parme. Le sup\u00e9rieur et les professeurs sont mis en \u00e9tat d\u2019arrestation et soumis \u00e0 un long et minutieux interrogatoire, tandis que la troupe se livre dans tout l\u2019\u00e9tablissement \u00e0 de s\u00e9v\u00e8res perquisitions et saisit tout objet qui peut para\u00eetre suspect, comme les \u0153uvres de l\u2019abb\u00e9 Gioberti, dont la doctrine a chatouill\u00e9 la mauvaise humeur des hommes au pouvoir, quelques journaux de date ancienne, des copies d\u2019odes et de sonnets traitant de l\u2019ind\u00e9pendance italienne et attribu\u00e9s aux \u00e9l\u00e8ves du Coll\u00e8ge. Cette odieuse agression va provoquer, avec le vif m\u00e9contentement du Souverain Pontife, des activit\u00e9s diplomatiques entre la France et Parme (4).<\/p>\n<dl>\n<dd>1) Coste, 1, pp. 303-304.<\/dd>\n<dd>2) Notices, IV, p. 193.<\/dd>\n<dd>3) Annales, t. 51, pp, 176-178.<\/dd>\n<dd>4) Rosset\u00a0: Vie de M. \u00c9tienne, p. 316<\/dd>\n<\/dl>\n","protected":false},"excerpt":{"rendered":"<p>1617. \u00c0 Ch\u00e2tillon-les-Dombes, dont il est le cur\u00e9 depuis un mois, Monsieur Vincent lance, au pr\u00f4ne, un appel en faveur d\u2019une famille malade d\u2019un village voisin. L\u2019apr\u00e8s-midi, c\u2019est une v\u00e9ritable procession de charit\u00e9 qui s\u2019y &#8230; <a href=\"http:\/\/vincentians.com\/fr\/ephemerides-20-aout\/\" class=\"more-link\">Read More<\/a><\/p>\n","protected":false},"author":4,"featured_media":149897,"comment_status":"open","ping_status":"open","sticky":false,"template":"","format":"standard","meta":{"jetpack_post_was_ever_published":false,"_jetpack_newsletter_access":"","_jetpack_dont_email_post_to_subs":false,"_jetpack_newsletter_tier_id":0,"_jetpack_memberships_contains_paywalled_content":false,"_jetpack_memberships_contains_paid_content":false,"footnotes":"","jetpack_publicize_message":"","jetpack_publicize_feature_enabled":true,"jetpack_social_post_already_shared":true,"jetpack_social_options":{"image_generator_settings":{"template":"highway","default_image_id":0,"font":"","enabled":false},"version":2}},"categories":[119],"tags":[],"class_list":["post-190132","post","type-post","status-publish","format-standard","has-post-thumbnail","hentry","category-ephemerides-vincentiens"],"yoast_head":"<!-- This site is optimized with the Yoast SEO plugin v26.3 - https:\/\/yoast.com\/wordpress\/plugins\/seo\/ -->\n<title>Eph\u00e9m\u00e9rides : 20 ao\u00fbt - Nous Sommes Vincentiens<\/title>\n<meta name=\"robots\" content=\"index, follow, max-snippet:-1, max-image-preview:large, max-video-preview:-1\" \/>\n<link rel=\"canonical\" href=\"http:\/\/vincentians.com\/fr\/ephemerides-20-aout\/\" \/>\n<meta property=\"og:locale\" content=\"fr_FR\" \/>\n<meta property=\"og:type\" content=\"article\" \/>\n<meta property=\"og:title\" content=\"Eph\u00e9m\u00e9rides : 20 ao\u00fbt - Nous Sommes Vincentiens\" \/>\n<meta property=\"og:description\" content=\"1617. \u00c0 Ch\u00e2tillon-les-Dombes, dont il est le cur\u00e9 depuis un mois, Monsieur Vincent lance, au pr\u00f4ne, un appel en faveur d\u2019une famille malade d\u2019un village voisin. L\u2019apr\u00e8s-midi, c\u2019est une v\u00e9ritable procession de charit\u00e9 qui s\u2019y ... Read More\" \/>\n<meta property=\"og:url\" content=\"http:\/\/vincentians.com\/fr\/ephemerides-20-aout\/\" \/>\n<meta property=\"og:site_name\" content=\"Nous Sommes Vincentiens\" \/>\n<meta property=\"article:publisher\" content=\"https:\/\/www.facebook.com\/WeAreVincentians\/\" \/>\n<meta property=\"article:author\" content=\"https:\/\/www.facebook.com\/JavierChento\" \/>\n<meta property=\"article:published_time\" content=\"2016-08-19T22:01:19+00:00\" \/>\n<meta property=\"og:image\" content=\"https:\/\/i0.wp.com\/vincentians.com\/fr\/wp-content\/uploads\/sites\/10\/2016\/07\/ephemerides-fb.jpg?fit=1200%2C630\" \/>\n\t<meta property=\"og:image:width\" content=\"1200\" \/>\n\t<meta property=\"og:image:height\" content=\"630\" \/>\n\t<meta property=\"og:image:type\" content=\"image\/jpeg\" \/>\n<meta name=\"author\" content=\"Francisco Javier Fern\u00e1ndez Chento\" \/>\n<meta name=\"twitter:card\" content=\"summary_large_image\" \/>\n<meta name=\"twitter:creator\" content=\"@https:\/\/twitter.com\/javierchento\" \/>\n<meta name=\"twitter:site\" content=\"@WeVincentians\" \/>\n<meta name=\"twitter:label1\" content=\"\u00c9crit par\" \/>\n\t<meta name=\"twitter:data1\" content=\"Francisco Javier Fern\u00e1ndez Chento\" \/>\n\t<meta name=\"twitter:label2\" content=\"Dur\u00e9e de lecture estim\u00e9e\" \/>\n\t<meta name=\"twitter:data2\" content=\"4 minutes\" \/>\n<script type=\"application\/ld+json\" class=\"yoast-schema-graph\">{\"@context\":\"https:\/\/schema.org\",\"@graph\":[{\"@type\":\"WebPage\",\"@id\":\"http:\/\/vincentians.com\/fr\/ephemerides-20-aout\/\",\"url\":\"http:\/\/vincentians.com\/fr\/ephemerides-20-aout\/\",\"name\":\"Eph\u00e9m\u00e9rides : 20 ao\u00fbt - Nous Sommes Vincentiens\",\"isPartOf\":{\"@id\":\"http:\/\/vincentians.com\/fr\/#website\"},\"primaryImageOfPage\":{\"@id\":\"http:\/\/vincentians.com\/fr\/ephemerides-20-aout\/#primaryimage\"},\"image\":{\"@id\":\"http:\/\/vincentians.com\/fr\/ephemerides-20-aout\/#primaryimage\"},\"thumbnailUrl\":\"https:\/\/i0.wp.com\/vincentians.com\/fr\/wp-content\/uploads\/sites\/10\/2016\/07\/ephemerides-fb.jpg?fit=1200%2C630\",\"datePublished\":\"2016-08-19T22:01:19+00:00\",\"author\":{\"@id\":\"http:\/\/vincentians.com\/fr\/#\/schema\/person\/9623ef4d9aa3b2dfb8c061f1499288f2\"},\"breadcrumb\":{\"@id\":\"http:\/\/vincentians.com\/fr\/ephemerides-20-aout\/#breadcrumb\"},\"inLanguage\":\"fr-FR\",\"potentialAction\":[{\"@type\":\"ReadAction\",\"target\":[\"http:\/\/vincentians.com\/fr\/ephemerides-20-aout\/\"]}]},{\"@type\":\"ImageObject\",\"inLanguage\":\"fr-FR\",\"@id\":\"http:\/\/vincentians.com\/fr\/ephemerides-20-aout\/#primaryimage\",\"url\":\"https:\/\/i0.wp.com\/vincentians.com\/fr\/wp-content\/uploads\/sites\/10\/2016\/07\/ephemerides-fb.jpg?fit=1200%2C630\",\"contentUrl\":\"https:\/\/i0.wp.com\/vincentians.com\/fr\/wp-content\/uploads\/sites\/10\/2016\/07\/ephemerides-fb.jpg?fit=1200%2C630\",\"width\":1200,\"height\":630},{\"@type\":\"BreadcrumbList\",\"@id\":\"http:\/\/vincentians.com\/fr\/ephemerides-20-aout\/#breadcrumb\",\"itemListElement\":[{\"@type\":\"ListItem\",\"position\":1,\"name\":\"Portada\",\"item\":\"http:\/\/vincentians.com\/fr\/\"},{\"@type\":\"ListItem\",\"position\":2,\"name\":\"Eph\u00e9m\u00e9rides : 20 ao\u00fbt\"}]},{\"@type\":\"WebSite\",\"@id\":\"http:\/\/vincentians.com\/fr\/#website\",\"url\":\"http:\/\/vincentians.com\/fr\/\",\"name\":\"Nous Sommes Vincentiens\",\"description\":\"Know more to serve more\",\"potentialAction\":[{\"@type\":\"SearchAction\",\"target\":{\"@type\":\"EntryPoint\",\"urlTemplate\":\"http:\/\/vincentians.com\/fr\/?s={search_term_string}\"},\"query-input\":{\"@type\":\"PropertyValueSpecification\",\"valueRequired\":true,\"valueName\":\"search_term_string\"}}],\"inLanguage\":\"fr-FR\"},{\"@type\":\"Person\",\"@id\":\"http:\/\/vincentians.com\/fr\/#\/schema\/person\/9623ef4d9aa3b2dfb8c061f1499288f2\",\"name\":\"Francisco Javier Fern\u00e1ndez Chento\",\"image\":{\"@type\":\"ImageObject\",\"inLanguage\":\"fr-FR\",\"@id\":\"http:\/\/vincentians.com\/fr\/#\/schema\/person\/image\/\",\"url\":\"https:\/\/secure.gravatar.com\/avatar\/497d5cde87b4c3d097d0315953521681ba2cd523ee66e5077c3711f7021e65de?s=96&d=mm&r=g\",\"contentUrl\":\"https:\/\/secure.gravatar.com\/avatar\/497d5cde87b4c3d097d0315953521681ba2cd523ee66e5077c3711f7021e65de?s=96&d=mm&r=g\",\"caption\":\"Francisco Javier Fern\u00e1ndez Chento\"},\"description\":\"Director General y cofundador de La Red de Formaci\u00f3n Vicenciana. Javier es laico vicenciano, afiliado a la Congregaci\u00f3n de la Misi\u00f3n y miembro del Equipo de Misiones Populares de la provincia can\u00f3nica de Zaragoza (Espa\u00f1a) de la Congregaci\u00f3n de la Misi\u00f3n. Graduado en la Universidad Oberta de Catalunya con cuatro grados (Asistente de direcci\u00f3n, Gesti\u00f3n Administrativa, Recursos Humanos y Contabilidad Avanzada). Bil\u00edng\u00fce Espa\u00f1ol\/Ingl\u00e9s. gestiona y mantiene varias p\u00e1ginas web cristianas y vicencianas, incluida including La Red de Formaci\u00f3n Vicenciana, de la que es cofundador. Actualmente es responsable del \u00e1rea de Espa\u00f1ol de .famvin, la Red de Noticias de la Familia Vicenciana. Tambi\u00e9n es m\u00fasico cat\u00f3lico y ha editado varios discos. Es Director General y cofundador de Trovador, una reconocida compa\u00f1\u00eda discogr\u00e1fica critiana de Espa\u00f1a. Trabaja en las Tecnolog\u00edas de la Informaci\u00f3n, ofreciendo servicios de alojamiento, dise\u00f1o y mantenimiento Web, as\u00ed como asesoramiento, formaci\u00f3n y soluciones inform\u00e1ticas, gesti\u00f3n documental y digitalizaci\u00f3n de textos, edici\u00f3n y maquetaci\u00f3n de libros, revistas, flyers, etc.\",\"sameAs\":[\"http:\/\/chento.org\",\"https:\/\/www.facebook.com\/JavierChento\",\"https:\/\/x.com\/https:\/\/twitter.com\/javierchento\"],\"url\":\"http:\/\/vincentians.com\/fr\/author\/chento\/\"}]}<\/script>\n<!-- \/ Yoast SEO plugin. -->","yoast_head_json":{"title":"Eph\u00e9m\u00e9rides : 20 ao\u00fbt - Nous Sommes Vincentiens","robots":{"index":"index","follow":"follow","max-snippet":"max-snippet:-1","max-image-preview":"max-image-preview:large","max-video-preview":"max-video-preview:-1"},"canonical":"http:\/\/vincentians.com\/fr\/ephemerides-20-aout\/","og_locale":"fr_FR","og_type":"article","og_title":"Eph\u00e9m\u00e9rides : 20 ao\u00fbt - Nous Sommes Vincentiens","og_description":"1617. \u00c0 Ch\u00e2tillon-les-Dombes, dont il est le cur\u00e9 depuis un mois, Monsieur Vincent lance, au pr\u00f4ne, un appel en faveur d\u2019une famille malade d\u2019un village voisin. L\u2019apr\u00e8s-midi, c\u2019est une v\u00e9ritable procession de charit\u00e9 qui s\u2019y ... Read More","og_url":"http:\/\/vincentians.com\/fr\/ephemerides-20-aout\/","og_site_name":"Nous Sommes Vincentiens","article_publisher":"https:\/\/www.facebook.com\/WeAreVincentians\/","article_author":"https:\/\/www.facebook.com\/JavierChento","article_published_time":"2016-08-19T22:01:19+00:00","og_image":[{"width":1200,"height":630,"url":"https:\/\/i0.wp.com\/vincentians.com\/fr\/wp-content\/uploads\/sites\/10\/2016\/07\/ephemerides-fb.jpg?fit=1200%2C630","type":"image\/jpeg"}],"author":"Francisco Javier Fern\u00e1ndez Chento","twitter_card":"summary_large_image","twitter_creator":"@https:\/\/twitter.com\/javierchento","twitter_site":"@WeVincentians","twitter_misc":{"\u00c9crit par":"Francisco Javier Fern\u00e1ndez Chento","Dur\u00e9e de lecture estim\u00e9e":"4 minutes"},"schema":{"@context":"https:\/\/schema.org","@graph":[{"@type":"WebPage","@id":"http:\/\/vincentians.com\/fr\/ephemerides-20-aout\/","url":"http:\/\/vincentians.com\/fr\/ephemerides-20-aout\/","name":"Eph\u00e9m\u00e9rides : 20 ao\u00fbt - Nous Sommes Vincentiens","isPartOf":{"@id":"http:\/\/vincentians.com\/fr\/#website"},"primaryImageOfPage":{"@id":"http:\/\/vincentians.com\/fr\/ephemerides-20-aout\/#primaryimage"},"image":{"@id":"http:\/\/vincentians.com\/fr\/ephemerides-20-aout\/#primaryimage"},"thumbnailUrl":"https:\/\/i0.wp.com\/vincentians.com\/fr\/wp-content\/uploads\/sites\/10\/2016\/07\/ephemerides-fb.jpg?fit=1200%2C630","datePublished":"2016-08-19T22:01:19+00:00","author":{"@id":"http:\/\/vincentians.com\/fr\/#\/schema\/person\/9623ef4d9aa3b2dfb8c061f1499288f2"},"breadcrumb":{"@id":"http:\/\/vincentians.com\/fr\/ephemerides-20-aout\/#breadcrumb"},"inLanguage":"fr-FR","potentialAction":[{"@type":"ReadAction","target":["http:\/\/vincentians.com\/fr\/ephemerides-20-aout\/"]}]},{"@type":"ImageObject","inLanguage":"fr-FR","@id":"http:\/\/vincentians.com\/fr\/ephemerides-20-aout\/#primaryimage","url":"https:\/\/i0.wp.com\/vincentians.com\/fr\/wp-content\/uploads\/sites\/10\/2016\/07\/ephemerides-fb.jpg?fit=1200%2C630","contentUrl":"https:\/\/i0.wp.com\/vincentians.com\/fr\/wp-content\/uploads\/sites\/10\/2016\/07\/ephemerides-fb.jpg?fit=1200%2C630","width":1200,"height":630},{"@type":"BreadcrumbList","@id":"http:\/\/vincentians.com\/fr\/ephemerides-20-aout\/#breadcrumb","itemListElement":[{"@type":"ListItem","position":1,"name":"Portada","item":"http:\/\/vincentians.com\/fr\/"},{"@type":"ListItem","position":2,"name":"Eph\u00e9m\u00e9rides : 20 ao\u00fbt"}]},{"@type":"WebSite","@id":"http:\/\/vincentians.com\/fr\/#website","url":"http:\/\/vincentians.com\/fr\/","name":"Nous Sommes Vincentiens","description":"Know more to serve more","potentialAction":[{"@type":"SearchAction","target":{"@type":"EntryPoint","urlTemplate":"http:\/\/vincentians.com\/fr\/?s={search_term_string}"},"query-input":{"@type":"PropertyValueSpecification","valueRequired":true,"valueName":"search_term_string"}}],"inLanguage":"fr-FR"},{"@type":"Person","@id":"http:\/\/vincentians.com\/fr\/#\/schema\/person\/9623ef4d9aa3b2dfb8c061f1499288f2","name":"Francisco Javier Fern\u00e1ndez Chento","image":{"@type":"ImageObject","inLanguage":"fr-FR","@id":"http:\/\/vincentians.com\/fr\/#\/schema\/person\/image\/","url":"https:\/\/secure.gravatar.com\/avatar\/497d5cde87b4c3d097d0315953521681ba2cd523ee66e5077c3711f7021e65de?s=96&d=mm&r=g","contentUrl":"https:\/\/secure.gravatar.com\/avatar\/497d5cde87b4c3d097d0315953521681ba2cd523ee66e5077c3711f7021e65de?s=96&d=mm&r=g","caption":"Francisco Javier Fern\u00e1ndez Chento"},"description":"Director General y cofundador de La Red de Formaci\u00f3n Vicenciana. Javier es laico vicenciano, afiliado a la Congregaci\u00f3n de la Misi\u00f3n y miembro del Equipo de Misiones Populares de la provincia can\u00f3nica de Zaragoza (Espa\u00f1a) de la Congregaci\u00f3n de la Misi\u00f3n. Graduado en la Universidad Oberta de Catalunya con cuatro grados (Asistente de direcci\u00f3n, Gesti\u00f3n Administrativa, Recursos Humanos y Contabilidad Avanzada). Bil\u00edng\u00fce Espa\u00f1ol\/Ingl\u00e9s. gestiona y mantiene varias p\u00e1ginas web cristianas y vicencianas, incluida including La Red de Formaci\u00f3n Vicenciana, de la que es cofundador. Actualmente es responsable del \u00e1rea de Espa\u00f1ol de .famvin, la Red de Noticias de la Familia Vicenciana. Tambi\u00e9n es m\u00fasico cat\u00f3lico y ha editado varios discos. Es Director General y cofundador de Trovador, una reconocida compa\u00f1\u00eda discogr\u00e1fica critiana de Espa\u00f1a. Trabaja en las Tecnolog\u00edas de la Informaci\u00f3n, ofreciendo servicios de alojamiento, dise\u00f1o y mantenimiento Web, as\u00ed como asesoramiento, formaci\u00f3n y soluciones inform\u00e1ticas, gesti\u00f3n documental y digitalizaci\u00f3n de textos, edici\u00f3n y maquetaci\u00f3n de libros, revistas, flyers, etc.","sameAs":["http:\/\/chento.org","https:\/\/www.facebook.com\/JavierChento","https:\/\/x.com\/https:\/\/twitter.com\/javierchento"],"url":"http:\/\/vincentians.com\/fr\/author\/chento\/"}]}},"jetpack_publicize_connections":[],"jetpack_featured_media_url":"https:\/\/i0.wp.com\/vincentians.com\/fr\/wp-content\/uploads\/sites\/10\/2016\/07\/ephemerides-fb.jpg?fit=1200%2C630","jetpack_sharing_enabled":true,"jetpack_shortlink":"https:\/\/wp.me\/p7ETMP-NsE","jetpack-related-posts":[{"id":38477,"url":"http:\/\/vincentians.com\/fr\/le-directeur-provincial-animateur-des-filles-de-la-charite\/","url_meta":{"origin":190132,"position":0},"title":"Le Directeur Provincial \u201canimateur\u201d des Filles de la Charit\u00e9","author":"Francisco Javier Fern\u00e1ndez Chento","date":"03\/10\/2012","format":false,"excerpt":"Dans les Constitutions des Filles de la Charit\u00e9, nous trouvons \u00e0 l\u2019article 3.38: le Directeur Provincial est un pr\u00eatre de la Congr\u00e9gation de la Mission, nomm\u00e9 par le Sup\u00e9rieur G\u00e9n\u00e9ral; \u201cil partage avec la Visitatrice et son Conseil la responsabilit\u00e9 de promouvoir l\u2019esprit vincentien dans la Province\u201d Missionnaire, le directeur\u2026","rel":"","context":"Dans &quot;Congr\u00e9gation de la Mission&quot;","block_context":{"text":"Congr\u00e9gation de la Mission","link":"http:\/\/vincentians.com\/fr\/category\/congregation-de-la-mission\/"},"img":{"alt_text":"","src":"https:\/\/i0.wp.com\/vincentiens.org\/wp-content\/uploads\/2011\/05\/filles_charite-228x300.jpg?resize=350%2C200","width":350,"height":200},"classes":[]},{"id":190174,"url":"http:\/\/vincentians.com\/fr\/ephemerides-14-septembre\/","url_meta":{"origin":190132,"position":1},"title":"Eph\u00e9m\u00e9rides : 14 septembre","author":"Francisco Javier Fern\u00e1ndez Chento","date":"14\/09\/2016","format":false,"excerpt":"1628. \u00c0 Beauvais, Monsieur Vincent proc\u00e8de \u00e0 l\u2019examen des Ordinands\u00a0; il s\u2019y livrera encore pendant les deux jours suivants. La retraite commencera le dimanche 17. Notre bienheureux P\u00e8re y fera l\u2019explication des commandements de Dieu. D\u2019autres entretiens seront assur\u00e9s par. Louis Messier et J\u00e9r\u00f4me Duchesne, tous deux docteurs de Sorbonne.\u2026","rel":"","context":"Dans &quot;\u00c9ph\u00e9m\u00e9rides vincentiens&quot;","block_context":{"text":"\u00c9ph\u00e9m\u00e9rides vincentiens","link":"http:\/\/vincentians.com\/fr\/category\/ephemerides-vincentiens\/"},"img":{"alt_text":"","src":"https:\/\/i0.wp.com\/vincentians.com\/fr\/wp-content\/uploads\/sites\/10\/2016\/07\/ephemerides-fb.jpg?fit=1200%2C630&resize=350%2C200","width":350,"height":200,"srcset":"https:\/\/i0.wp.com\/vincentians.com\/fr\/wp-content\/uploads\/sites\/10\/2016\/07\/ephemerides-fb.jpg?fit=1200%2C630&resize=350%2C200 1x, https:\/\/i0.wp.com\/vincentians.com\/fr\/wp-content\/uploads\/sites\/10\/2016\/07\/ephemerides-fb.jpg?fit=1200%2C630&resize=525%2C300 1.5x, https:\/\/i0.wp.com\/vincentians.com\/fr\/wp-content\/uploads\/sites\/10\/2016\/07\/ephemerides-fb.jpg?fit=1200%2C630&resize=700%2C400 2x, https:\/\/i0.wp.com\/vincentians.com\/fr\/wp-content\/uploads\/sites\/10\/2016\/07\/ephemerides-fb.jpg?fit=1200%2C630&resize=1050%2C600 3x"},"classes":[]},{"id":189332,"url":"http:\/\/vincentians.com\/fr\/ephemerides-10-juilliet\/","url_meta":{"origin":190132,"position":2},"title":"Eph\u00e9m\u00e9rides: 10 juilliet","author":"Francisco Javier Fern\u00e1ndez Chento","date":"10\/07\/2017","format":false,"excerpt":"1661. Monsieur de Horgny entreprend un cycle de conf\u00e9rences sur les R\u00e8gles qui se poursuivra tout au long de l\u2019ann\u00e9e. Il souligne les trois vertus de charit\u00e9, humilit\u00e9 et simplicit\u00e9 qui caract\u00e9risent l\u2019esprit de la Compagnie des Filles de la Charit\u00e9. (C) 1665. M\u00e8re Marguerite Ch\u00e9tif et les offici\u00e8res, S\u0153ur\u2026","rel":"","context":"Dans &quot;\u00c9ph\u00e9m\u00e9rides vincentiens&quot;","block_context":{"text":"\u00c9ph\u00e9m\u00e9rides vincentiens","link":"http:\/\/vincentians.com\/fr\/category\/ephemerides-vincentiens\/"},"img":{"alt_text":"","src":"https:\/\/i0.wp.com\/vincentians.com\/fr\/wp-content\/uploads\/sites\/10\/2016\/07\/ephemerides-fb.jpg?fit=1200%2C630&resize=350%2C200","width":350,"height":200,"srcset":"https:\/\/i0.wp.com\/vincentians.com\/fr\/wp-content\/uploads\/sites\/10\/2016\/07\/ephemerides-fb.jpg?fit=1200%2C630&resize=350%2C200 1x, https:\/\/i0.wp.com\/vincentians.com\/fr\/wp-content\/uploads\/sites\/10\/2016\/07\/ephemerides-fb.jpg?fit=1200%2C630&resize=525%2C300 1.5x, https:\/\/i0.wp.com\/vincentians.com\/fr\/wp-content\/uploads\/sites\/10\/2016\/07\/ephemerides-fb.jpg?fit=1200%2C630&resize=700%2C400 2x, https:\/\/i0.wp.com\/vincentians.com\/fr\/wp-content\/uploads\/sites\/10\/2016\/07\/ephemerides-fb.jpg?fit=1200%2C630&resize=1050%2C600 3x"},"classes":[]},{"id":190169,"url":"http:\/\/vincentians.com\/fr\/ephemerides-10-septembre\/","url_meta":{"origin":190132,"position":3},"title":"Eph\u00e9m\u00e9rides : 10 septembre","author":"Francisco Javier Fern\u00e1ndez Chento","date":"10\/09\/2016","format":false,"excerpt":"1598. \u00c0 Dax, Guillaume de Massiot, Vicaire g\u00e9n\u00e9ral charg\u00e9 de l\u2019administration du dioc\u00e8se pendant la vacance du si\u00e8ge, signe et d\u00e9livre les lettres dimissoriales qui permettent \u00e0 Vincent de Paul de se faire ordonner sous-diacre par un \u00e9v\u00eaque de son choix. Vincent qui, \u00e0 cette \u00e9poque, a dix-huit ans \u00e0\u2026","rel":"","context":"Dans &quot;\u00c9ph\u00e9m\u00e9rides vincentiens&quot;","block_context":{"text":"\u00c9ph\u00e9m\u00e9rides vincentiens","link":"http:\/\/vincentians.com\/fr\/category\/ephemerides-vincentiens\/"},"img":{"alt_text":"","src":"https:\/\/i0.wp.com\/vincentians.com\/fr\/wp-content\/uploads\/sites\/10\/2016\/07\/ephemerides-fb.jpg?fit=1200%2C630&resize=350%2C200","width":350,"height":200,"srcset":"https:\/\/i0.wp.com\/vincentians.com\/fr\/wp-content\/uploads\/sites\/10\/2016\/07\/ephemerides-fb.jpg?fit=1200%2C630&resize=350%2C200 1x, https:\/\/i0.wp.com\/vincentians.com\/fr\/wp-content\/uploads\/sites\/10\/2016\/07\/ephemerides-fb.jpg?fit=1200%2C630&resize=525%2C300 1.5x, https:\/\/i0.wp.com\/vincentians.com\/fr\/wp-content\/uploads\/sites\/10\/2016\/07\/ephemerides-fb.jpg?fit=1200%2C630&resize=700%2C400 2x, https:\/\/i0.wp.com\/vincentians.com\/fr\/wp-content\/uploads\/sites\/10\/2016\/07\/ephemerides-fb.jpg?fit=1200%2C630&resize=1050%2C600 3x"},"classes":[]},{"id":104144,"url":"http:\/\/vincentians.com\/fr\/ephemerides-29-novembre\/","url_meta":{"origin":190132,"position":4},"title":"Eph\u00e9m\u00e9rides: 29 novembre","author":"Francisco Javier Fern\u00e1ndez Chento","date":"29\/11\/2016","format":false,"excerpt":"1633. \u00c0 Paris, en la maison de Mlle Le Gras, proche Saint-Nicolas du Chardonnet \u2014 rue des Foss\u00e9s-Saint-Victor \u2014 trois ou quatre filles s\u2019assemblent pour apprendre \u00e0 servir les pauvres\u2026 C\u2019est une consid\u00e9ration d\u2019utilit\u00e9 pratique qui est \u00e0 l\u2019origine de ce petit fait\u00a0: les d\u00e9tails concrets et peu rago\u00fbtants de\u2026","rel":"","context":"Dans &quot;\u00c9ph\u00e9m\u00e9rides vincentiens&quot;","block_context":{"text":"\u00c9ph\u00e9m\u00e9rides vincentiens","link":"http:\/\/vincentians.com\/fr\/category\/ephemerides-vincentiens\/"},"img":{"alt_text":"","src":"https:\/\/i0.wp.com\/vincentians.com\/fr\/wp-content\/uploads\/sites\/10\/2016\/07\/ephemerides-fb.jpg?fit=1200%2C630&resize=350%2C200","width":350,"height":200,"srcset":"https:\/\/i0.wp.com\/vincentians.com\/fr\/wp-content\/uploads\/sites\/10\/2016\/07\/ephemerides-fb.jpg?fit=1200%2C630&resize=350%2C200 1x, https:\/\/i0.wp.com\/vincentians.com\/fr\/wp-content\/uploads\/sites\/10\/2016\/07\/ephemerides-fb.jpg?fit=1200%2C630&resize=525%2C300 1.5x, https:\/\/i0.wp.com\/vincentians.com\/fr\/wp-content\/uploads\/sites\/10\/2016\/07\/ephemerides-fb.jpg?fit=1200%2C630&resize=700%2C400 2x, https:\/\/i0.wp.com\/vincentians.com\/fr\/wp-content\/uploads\/sites\/10\/2016\/07\/ephemerides-fb.jpg?fit=1200%2C630&resize=1050%2C600 3x"},"classes":[]},{"id":190171,"url":"http:\/\/vincentians.com\/fr\/ephemerides-11-septembre\/","url_meta":{"origin":190132,"position":5},"title":"Eph\u00e9m\u00e9rides : 11 septembre","author":"Francisco Javier Fern\u00e1ndez Chento","date":"11\/09\/2016","format":false,"excerpt":"1685. Monsieur Louis de Noailles, \u00e9v\u00eaque de Ch\u00e2lons sur Marne signe avec M\u00e8re Mathurine Gu\u00e9rin et les trois offici\u00e8res le contrat d\u2019\u00e9tablissement de deux S\u0153urs \u00e0 Etoges pour assister les pauvres malades et instruire les petites filles pauvres. Les rentes ont \u00e9t\u00e9 constitu\u00e9es par Monsieur d\u2019Anglure de Savigny. (C) 1702.\u2026","rel":"","context":"Dans &quot;\u00c9ph\u00e9m\u00e9rides vincentiens&quot;","block_context":{"text":"\u00c9ph\u00e9m\u00e9rides vincentiens","link":"http:\/\/vincentians.com\/fr\/category\/ephemerides-vincentiens\/"},"img":{"alt_text":"","src":"https:\/\/i0.wp.com\/vincentians.com\/fr\/wp-content\/uploads\/sites\/10\/2016\/07\/ephemerides-fb.jpg?fit=1200%2C630&resize=350%2C200","width":350,"height":200,"srcset":"https:\/\/i0.wp.com\/vincentians.com\/fr\/wp-content\/uploads\/sites\/10\/2016\/07\/ephemerides-fb.jpg?fit=1200%2C630&resize=350%2C200 1x, https:\/\/i0.wp.com\/vincentians.com\/fr\/wp-content\/uploads\/sites\/10\/2016\/07\/ephemerides-fb.jpg?fit=1200%2C630&resize=525%2C300 1.5x, https:\/\/i0.wp.com\/vincentians.com\/fr\/wp-content\/uploads\/sites\/10\/2016\/07\/ephemerides-fb.jpg?fit=1200%2C630&resize=700%2C400 2x, https:\/\/i0.wp.com\/vincentians.com\/fr\/wp-content\/uploads\/sites\/10\/2016\/07\/ephemerides-fb.jpg?fit=1200%2C630&resize=1050%2C600 3x"},"classes":[]}],"_links":{"self":[{"href":"http:\/\/vincentians.com\/fr\/wp-json\/wp\/v2\/posts\/190132","targetHints":{"allow":["GET"]}}],"collection":[{"href":"http:\/\/vincentians.com\/fr\/wp-json\/wp\/v2\/posts"}],"about":[{"href":"http:\/\/vincentians.com\/fr\/wp-json\/wp\/v2\/types\/post"}],"author":[{"embeddable":true,"href":"http:\/\/vincentians.com\/fr\/wp-json\/wp\/v2\/users\/4"}],"replies":[{"embeddable":true,"href":"http:\/\/vincentians.com\/fr\/wp-json\/wp\/v2\/comments?post=190132"}],"version-history":[{"count":0,"href":"http:\/\/vincentians.com\/fr\/wp-json\/wp\/v2\/posts\/190132\/revisions"}],"wp:featuredmedia":[{"embeddable":true,"href":"http:\/\/vincentians.com\/fr\/wp-json\/wp\/v2\/media\/149897"}],"wp:attachment":[{"href":"http:\/\/vincentians.com\/fr\/wp-json\/wp\/v2\/media?parent=190132"}],"wp:term":[{"taxonomy":"category","embeddable":true,"href":"http:\/\/vincentians.com\/fr\/wp-json\/wp\/v2\/categories?post=190132"},{"taxonomy":"post_tag","embeddable":true,"href":"http:\/\/vincentians.com\/fr\/wp-json\/wp\/v2\/tags?post=190132"}],"curies":[{"name":"wp","href":"https:\/\/api.w.org\/{rel}","templated":true}]}}