{"id":190067,"date":"2016-08-15T00:01:28","date_gmt":"2016-08-14T22:01:28","guid":{"rendered":"http:\/\/vincentians.com\/fr\/?p=190067"},"modified":"2016-08-08T19:22:24","modified_gmt":"2016-08-08T17:22:24","slug":"ephemerides-15-aout","status":"publish","type":"post","link":"http:\/\/vincentians.com\/fr\/ephemerides-15-aout\/","title":{"rendered":"Eph\u00e9m\u00e9rides: 15 ao\u00fbt"},"content":{"rendered":"<p><b>1662<\/b>. Dans la trentaine de maisons que comportent alors les dix provinces de la Compagnie des Filles de la Charit\u00e9, on lit, pour la premi\u00e8re fois, \u00e0 la fin de l\u2019oraison, \u00abl\u2019acte par lequel la Congr\u00e9gation de Mission prend la Sainte Vierge comme protectrice\u00bb (1).<\/p>\n<p><b>1717<\/b>. Au cours du Conseil de ce jour, pr\u00e9sid\u00e9e par Monsieur Bonnet, S\u0153ur Catherine Naudin (53 ans et 23 de vocation) est choisie pour remplacer comme d\u00e9pensi\u00e8re S\u0153ur Anne Godefroy qui, peu apr\u00e8s son arriv\u00e9e \u00e0 la maison M\u00e8re, a \u00e9t\u00e9 atteinte d\u2019une attaque d\u2019apoplexie. (C)<\/p>\n<p><b>1779<\/b>. \u00c0 Evora, au Portugal, les Pr\u00eatres de la Mission s\u2019\u00e9tablissent au grand s\u00e9minaire. C\u2019est pour remplacer les J\u00e9suites qu\u2019ils y ont \u00e9t\u00e9 appel\u00e9s par le cardinal-archev\u00eaque, Jean-Cosme da Cunha\u00a0; la reine, dona Maria, s\u2019est engag\u00e9e \u00e0 fournir les fonds n\u00e9cessaires \u00e0 leur subsistance (2).<\/p>\n<p><b>1809<\/b>. \u00c0 Angers, naissance de Monsieur Eug\u00e8ne Bor\u00e9 (3).<\/p>\n<p><b>1835<\/b>. \u00c0 Paris, ouverture de la XVIIIe Assembl\u00e9e g\u00e9n\u00e9rale. En cette ann\u00e9e, une Assembl\u00e9e sexennale devait avoir lieu. Le sup\u00e9rieur g\u00e9n\u00e9ral, M. Salhorgne, qui, pr\u00e8s de ses quatre vingts ans, se voit accabl\u00e9 d\u2019infirmit\u00e9s et entour\u00e9 d\u2019assistants courb\u00e9s eux-m\u00eames sous le poids de l\u2019\u00e2ge, transforme cette Assembl\u00e9e sexennale en Assembl\u00e9e g\u00e9n\u00e9rale. Vingt-neuf membres sont pr\u00e9sents\u00a0; les visiteurs et les d\u00e9put\u00e9s de Pologne et du Portugal n\u2019y participent pas. D\u00e8s la premi\u00e8re session qui se tient en ce jour, M. Salhorgne donne sa d\u00e9mission et se retire aussit\u00f4t pour laisser \u00e0 la discussion pleine libert\u00e9 (4). Alors, M. Richenet, deuxi\u00e8me assistant, croit devoir prendre la parole\u00a0; il dit toute sa v\u00e9n\u00e9ration pour le sup\u00e9rieur g\u00e9n\u00e9ral et fait remarquer que ses infirmit\u00e9s physiques n\u2019ont nullement alt\u00e9r\u00e9 les facult\u00e9s intellectuelles de M. Salhorgne. S\u2019il vient d\u2019offrir sa d\u00e9mission, c\u2019est parce qu\u2019il ne se sent pas suffisamment aid\u00e9 par un Conseil dont les membres sont trop \u00e2g\u00e9s. Que l\u2019Assembl\u00e9e accepte donc plut\u00f4t la d\u00e9mission des assistants et conserve M. Salhorgne \u00e0 la t\u00eate de la Compagnie. Malgr\u00e9 ces consid\u00e9rations, l\u2019Assembl\u00e9e juge de son devoir d\u2019accepter la d\u00e9mission du sup\u00e9rieur g\u00e9n\u00e9ral. Une d\u00e9putation de quatre membres s\u2019en va aussit\u00f4t faire part de cette d\u00e9cision \u00e0 M. Salhorgne. Le v\u00e9n\u00e9rable vieillard l\u2019accueille avec joie et, du coup, revient dans la salle de r\u00e9union proclamer sa reconnaissance \u00e0 l\u2019Assembl\u00e9e (5).<\/p>\n<p><b>1900<\/b>. \u00c0 P\u00e9kin, dans la soir\u00e9e, tandis que les troupes alli\u00e9es p\u00e9n\u00e8trent dans la ville, M. Pascal-Rapha\u00ebl d\u2019Addosio, en se rendant du Nan-tang au P\u00e9-tang, est massacr\u00e9 dans la rue par des soldats chinois. On ne retrouvera m\u00eame pas son corps. M. d\u2019Addosio \u00e9tait n\u00e9 dans les environs de Naples, le 19 d\u00e9cembre 1835\u00a0; mais c\u2019est \u00e0 Paris qu\u2019il fit son s\u00e9minaire, ses \u00e9tudes et re\u00e7ut la pr\u00eatrise le 2 juin 1860. M. d\u2019Addosio a travaill\u00e9 dans le vicariat de P\u00e9kin, mis \u00e0 part les trois ans qu\u2019il donna au Tch\u00e9-li sud-ouest (6).<\/p>\n<dl>\n<dd>1) Circulaires, t. I, pp. 56-57.<\/dd>\n<dd>2) Notices, IV. pp. 630-631.<\/dd>\n<dd>3) Eug\u00e8ne Bor\u00e9. Paris, Josse, 1879, p. 1.<\/dd>\n<dd>4) Rosset\u00a0: Vie de M. \u00c9tienne, pp. 88-S9\u00a0; (Circulaires. t. II, p. 463.<\/dd>\n<dd>5) t. 90, pp. 104-108..<\/dd>\n<dd>6) Annales, t. 66. pp. 114 et 121.<\/dd>\n<\/dl>\n","protected":false},"excerpt":{"rendered":"<p>1662. Dans la trentaine de maisons que comportent alors les dix provinces de la Compagnie des Filles de la Charit\u00e9, on lit, pour la premi\u00e8re fois, \u00e0 la fin de l\u2019oraison, \u00abl\u2019acte par lequel la &#8230; <a href=\"http:\/\/vincentians.com\/fr\/ephemerides-15-aout\/\" class=\"more-link\">Read More<\/a><\/p>\n","protected":false},"author":4,"featured_media":149897,"comment_status":"open","ping_status":"open","sticky":false,"template":"","format":"standard","meta":{"jetpack_post_was_ever_published":false,"_jetpack_newsletter_access":"","_jetpack_dont_email_post_to_subs":false,"_jetpack_newsletter_tier_id":0,"_jetpack_memberships_contains_paywalled_content":false,"_jetpack_memberships_contains_paid_content":false,"footnotes":"","jetpack_publicize_message":"","jetpack_publicize_feature_enabled":true,"jetpack_social_post_already_shared":true,"jetpack_social_options":{"image_generator_settings":{"template":"highway","default_image_id":0,"font":"","enabled":false},"version":2}},"categories":[119],"tags":[],"class_list":["post-190067","post","type-post","status-publish","format-standard","has-post-thumbnail","hentry","category-ephemerides-vincentiens"],"yoast_head":"<!-- This site is optimized with the Yoast SEO plugin v26.3 - https:\/\/yoast.com\/wordpress\/plugins\/seo\/ -->\n<title>Eph\u00e9m\u00e9rides: 15 ao\u00fbt - Nous Sommes Vincentiens<\/title>\n<meta name=\"robots\" content=\"index, follow, max-snippet:-1, max-image-preview:large, max-video-preview:-1\" \/>\n<link rel=\"canonical\" href=\"http:\/\/vincentians.com\/fr\/ephemerides-15-aout\/\" \/>\n<meta property=\"og:locale\" content=\"fr_FR\" \/>\n<meta property=\"og:type\" content=\"article\" \/>\n<meta property=\"og:title\" content=\"Eph\u00e9m\u00e9rides: 15 ao\u00fbt - Nous Sommes Vincentiens\" \/>\n<meta property=\"og:description\" content=\"1662. Dans la trentaine de maisons que comportent alors les dix provinces de la Compagnie des Filles de la Charit\u00e9, on lit, pour la premi\u00e8re fois, \u00e0 la fin de l\u2019oraison, \u00abl\u2019acte par lequel la ... Read More\" \/>\n<meta property=\"og:url\" content=\"http:\/\/vincentians.com\/fr\/ephemerides-15-aout\/\" \/>\n<meta property=\"og:site_name\" content=\"Nous Sommes Vincentiens\" \/>\n<meta property=\"article:publisher\" content=\"https:\/\/www.facebook.com\/WeAreVincentians\/\" \/>\n<meta property=\"article:author\" content=\"https:\/\/www.facebook.com\/JavierChento\" \/>\n<meta property=\"article:published_time\" content=\"2016-08-14T22:01:28+00:00\" \/>\n<meta property=\"og:image\" content=\"https:\/\/i0.wp.com\/vincentians.com\/fr\/wp-content\/uploads\/sites\/10\/2016\/07\/ephemerides-fb.jpg?fit=1200%2C630\" \/>\n\t<meta property=\"og:image:width\" content=\"1200\" \/>\n\t<meta property=\"og:image:height\" content=\"630\" \/>\n\t<meta property=\"og:image:type\" content=\"image\/jpeg\" \/>\n<meta name=\"author\" content=\"Francisco Javier Fern\u00e1ndez Chento\" \/>\n<meta name=\"twitter:card\" content=\"summary_large_image\" \/>\n<meta name=\"twitter:creator\" content=\"@https:\/\/twitter.com\/javierchento\" \/>\n<meta name=\"twitter:site\" content=\"@WeVincentians\" \/>\n<meta name=\"twitter:label1\" content=\"\u00c9crit par\" \/>\n\t<meta name=\"twitter:data1\" content=\"Francisco Javier Fern\u00e1ndez Chento\" \/>\n\t<meta name=\"twitter:label2\" content=\"Dur\u00e9e de lecture estim\u00e9e\" \/>\n\t<meta name=\"twitter:data2\" content=\"3 minutes\" \/>\n<script type=\"application\/ld+json\" class=\"yoast-schema-graph\">{\"@context\":\"https:\/\/schema.org\",\"@graph\":[{\"@type\":\"WebPage\",\"@id\":\"http:\/\/vincentians.com\/fr\/ephemerides-15-aout\/\",\"url\":\"http:\/\/vincentians.com\/fr\/ephemerides-15-aout\/\",\"name\":\"Eph\u00e9m\u00e9rides: 15 ao\u00fbt - Nous Sommes Vincentiens\",\"isPartOf\":{\"@id\":\"https:\/\/vincentians.com\/fr\/#website\"},\"primaryImageOfPage\":{\"@id\":\"http:\/\/vincentians.com\/fr\/ephemerides-15-aout\/#primaryimage\"},\"image\":{\"@id\":\"http:\/\/vincentians.com\/fr\/ephemerides-15-aout\/#primaryimage\"},\"thumbnailUrl\":\"https:\/\/i0.wp.com\/vincentians.com\/fr\/wp-content\/uploads\/sites\/10\/2016\/07\/ephemerides-fb.jpg?fit=1200%2C630\",\"datePublished\":\"2016-08-14T22:01:28+00:00\",\"author\":{\"@id\":\"https:\/\/vincentians.com\/fr\/#\/schema\/person\/9623ef4d9aa3b2dfb8c061f1499288f2\"},\"breadcrumb\":{\"@id\":\"http:\/\/vincentians.com\/fr\/ephemerides-15-aout\/#breadcrumb\"},\"inLanguage\":\"fr-FR\",\"potentialAction\":[{\"@type\":\"ReadAction\",\"target\":[\"http:\/\/vincentians.com\/fr\/ephemerides-15-aout\/\"]}]},{\"@type\":\"ImageObject\",\"inLanguage\":\"fr-FR\",\"@id\":\"http:\/\/vincentians.com\/fr\/ephemerides-15-aout\/#primaryimage\",\"url\":\"https:\/\/i0.wp.com\/vincentians.com\/fr\/wp-content\/uploads\/sites\/10\/2016\/07\/ephemerides-fb.jpg?fit=1200%2C630\",\"contentUrl\":\"https:\/\/i0.wp.com\/vincentians.com\/fr\/wp-content\/uploads\/sites\/10\/2016\/07\/ephemerides-fb.jpg?fit=1200%2C630\",\"width\":1200,\"height\":630},{\"@type\":\"BreadcrumbList\",\"@id\":\"http:\/\/vincentians.com\/fr\/ephemerides-15-aout\/#breadcrumb\",\"itemListElement\":[{\"@type\":\"ListItem\",\"position\":1,\"name\":\"Portada\",\"item\":\"https:\/\/vincentians.com\/fr\/\"},{\"@type\":\"ListItem\",\"position\":2,\"name\":\"Eph\u00e9m\u00e9rides: 15 ao\u00fbt\"}]},{\"@type\":\"WebSite\",\"@id\":\"https:\/\/vincentians.com\/fr\/#website\",\"url\":\"https:\/\/vincentians.com\/fr\/\",\"name\":\"Nous Sommes Vincentiens\",\"description\":\"Know more to serve more\",\"potentialAction\":[{\"@type\":\"SearchAction\",\"target\":{\"@type\":\"EntryPoint\",\"urlTemplate\":\"https:\/\/vincentians.com\/fr\/?s={search_term_string}\"},\"query-input\":{\"@type\":\"PropertyValueSpecification\",\"valueRequired\":true,\"valueName\":\"search_term_string\"}}],\"inLanguage\":\"fr-FR\"},{\"@type\":\"Person\",\"@id\":\"https:\/\/vincentians.com\/fr\/#\/schema\/person\/9623ef4d9aa3b2dfb8c061f1499288f2\",\"name\":\"Francisco Javier Fern\u00e1ndez Chento\",\"image\":{\"@type\":\"ImageObject\",\"inLanguage\":\"fr-FR\",\"@id\":\"https:\/\/vincentians.com\/fr\/#\/schema\/person\/image\/\",\"url\":\"https:\/\/secure.gravatar.com\/avatar\/497d5cde87b4c3d097d0315953521681ba2cd523ee66e5077c3711f7021e65de?s=96&d=mm&r=g\",\"contentUrl\":\"https:\/\/secure.gravatar.com\/avatar\/497d5cde87b4c3d097d0315953521681ba2cd523ee66e5077c3711f7021e65de?s=96&d=mm&r=g\",\"caption\":\"Francisco Javier Fern\u00e1ndez Chento\"},\"description\":\"Director General y cofundador de La Red de Formaci\u00f3n Vicenciana. Javier es laico vicenciano, afiliado a la Congregaci\u00f3n de la Misi\u00f3n y miembro del Equipo de Misiones Populares de la provincia can\u00f3nica de Zaragoza (Espa\u00f1a) de la Congregaci\u00f3n de la Misi\u00f3n. Graduado en la Universidad Oberta de Catalunya con cuatro grados (Asistente de direcci\u00f3n, Gesti\u00f3n Administrativa, Recursos Humanos y Contabilidad Avanzada). Bil\u00edng\u00fce Espa\u00f1ol\/Ingl\u00e9s. gestiona y mantiene varias p\u00e1ginas web cristianas y vicencianas, incluida including La Red de Formaci\u00f3n Vicenciana, de la que es cofundador. Actualmente es responsable del \u00e1rea de Espa\u00f1ol de .famvin, la Red de Noticias de la Familia Vicenciana. Tambi\u00e9n es m\u00fasico cat\u00f3lico y ha editado varios discos. Es Director General y cofundador de Trovador, una reconocida compa\u00f1\u00eda discogr\u00e1fica critiana de Espa\u00f1a. Trabaja en las Tecnolog\u00edas de la Informaci\u00f3n, ofreciendo servicios de alojamiento, dise\u00f1o y mantenimiento Web, as\u00ed como asesoramiento, formaci\u00f3n y soluciones inform\u00e1ticas, gesti\u00f3n documental y digitalizaci\u00f3n de textos, edici\u00f3n y maquetaci\u00f3n de libros, revistas, flyers, etc.\",\"sameAs\":[\"http:\/\/chento.org\",\"https:\/\/www.facebook.com\/JavierChento\",\"https:\/\/x.com\/https:\/\/twitter.com\/javierchento\"],\"url\":\"http:\/\/vincentians.com\/fr\/author\/chento\/\"}]}<\/script>\n<!-- \/ Yoast SEO plugin. -->","yoast_head_json":{"title":"Eph\u00e9m\u00e9rides: 15 ao\u00fbt - Nous Sommes Vincentiens","robots":{"index":"index","follow":"follow","max-snippet":"max-snippet:-1","max-image-preview":"max-image-preview:large","max-video-preview":"max-video-preview:-1"},"canonical":"http:\/\/vincentians.com\/fr\/ephemerides-15-aout\/","og_locale":"fr_FR","og_type":"article","og_title":"Eph\u00e9m\u00e9rides: 15 ao\u00fbt - Nous Sommes Vincentiens","og_description":"1662. Dans la trentaine de maisons que comportent alors les dix provinces de la Compagnie des Filles de la Charit\u00e9, on lit, pour la premi\u00e8re fois, \u00e0 la fin de l\u2019oraison, \u00abl\u2019acte par lequel la ... Read More","og_url":"http:\/\/vincentians.com\/fr\/ephemerides-15-aout\/","og_site_name":"Nous Sommes Vincentiens","article_publisher":"https:\/\/www.facebook.com\/WeAreVincentians\/","article_author":"https:\/\/www.facebook.com\/JavierChento","article_published_time":"2016-08-14T22:01:28+00:00","og_image":[{"width":1200,"height":630,"url":"https:\/\/i0.wp.com\/vincentians.com\/fr\/wp-content\/uploads\/sites\/10\/2016\/07\/ephemerides-fb.jpg?fit=1200%2C630","type":"image\/jpeg"}],"author":"Francisco Javier Fern\u00e1ndez Chento","twitter_card":"summary_large_image","twitter_creator":"@https:\/\/twitter.com\/javierchento","twitter_site":"@WeVincentians","twitter_misc":{"\u00c9crit par":"Francisco Javier Fern\u00e1ndez Chento","Dur\u00e9e de lecture estim\u00e9e":"3 minutes"},"schema":{"@context":"https:\/\/schema.org","@graph":[{"@type":"WebPage","@id":"http:\/\/vincentians.com\/fr\/ephemerides-15-aout\/","url":"http:\/\/vincentians.com\/fr\/ephemerides-15-aout\/","name":"Eph\u00e9m\u00e9rides: 15 ao\u00fbt - Nous Sommes Vincentiens","isPartOf":{"@id":"https:\/\/vincentians.com\/fr\/#website"},"primaryImageOfPage":{"@id":"http:\/\/vincentians.com\/fr\/ephemerides-15-aout\/#primaryimage"},"image":{"@id":"http:\/\/vincentians.com\/fr\/ephemerides-15-aout\/#primaryimage"},"thumbnailUrl":"https:\/\/i0.wp.com\/vincentians.com\/fr\/wp-content\/uploads\/sites\/10\/2016\/07\/ephemerides-fb.jpg?fit=1200%2C630","datePublished":"2016-08-14T22:01:28+00:00","author":{"@id":"https:\/\/vincentians.com\/fr\/#\/schema\/person\/9623ef4d9aa3b2dfb8c061f1499288f2"},"breadcrumb":{"@id":"http:\/\/vincentians.com\/fr\/ephemerides-15-aout\/#breadcrumb"},"inLanguage":"fr-FR","potentialAction":[{"@type":"ReadAction","target":["http:\/\/vincentians.com\/fr\/ephemerides-15-aout\/"]}]},{"@type":"ImageObject","inLanguage":"fr-FR","@id":"http:\/\/vincentians.com\/fr\/ephemerides-15-aout\/#primaryimage","url":"https:\/\/i0.wp.com\/vincentians.com\/fr\/wp-content\/uploads\/sites\/10\/2016\/07\/ephemerides-fb.jpg?fit=1200%2C630","contentUrl":"https:\/\/i0.wp.com\/vincentians.com\/fr\/wp-content\/uploads\/sites\/10\/2016\/07\/ephemerides-fb.jpg?fit=1200%2C630","width":1200,"height":630},{"@type":"BreadcrumbList","@id":"http:\/\/vincentians.com\/fr\/ephemerides-15-aout\/#breadcrumb","itemListElement":[{"@type":"ListItem","position":1,"name":"Portada","item":"https:\/\/vincentians.com\/fr\/"},{"@type":"ListItem","position":2,"name":"Eph\u00e9m\u00e9rides: 15 ao\u00fbt"}]},{"@type":"WebSite","@id":"https:\/\/vincentians.com\/fr\/#website","url":"https:\/\/vincentians.com\/fr\/","name":"Nous Sommes Vincentiens","description":"Know more to serve more","potentialAction":[{"@type":"SearchAction","target":{"@type":"EntryPoint","urlTemplate":"https:\/\/vincentians.com\/fr\/?s={search_term_string}"},"query-input":{"@type":"PropertyValueSpecification","valueRequired":true,"valueName":"search_term_string"}}],"inLanguage":"fr-FR"},{"@type":"Person","@id":"https:\/\/vincentians.com\/fr\/#\/schema\/person\/9623ef4d9aa3b2dfb8c061f1499288f2","name":"Francisco Javier Fern\u00e1ndez Chento","image":{"@type":"ImageObject","inLanguage":"fr-FR","@id":"https:\/\/vincentians.com\/fr\/#\/schema\/person\/image\/","url":"https:\/\/secure.gravatar.com\/avatar\/497d5cde87b4c3d097d0315953521681ba2cd523ee66e5077c3711f7021e65de?s=96&d=mm&r=g","contentUrl":"https:\/\/secure.gravatar.com\/avatar\/497d5cde87b4c3d097d0315953521681ba2cd523ee66e5077c3711f7021e65de?s=96&d=mm&r=g","caption":"Francisco Javier Fern\u00e1ndez Chento"},"description":"Director General y cofundador de La Red de Formaci\u00f3n Vicenciana. Javier es laico vicenciano, afiliado a la Congregaci\u00f3n de la Misi\u00f3n y miembro del Equipo de Misiones Populares de la provincia can\u00f3nica de Zaragoza (Espa\u00f1a) de la Congregaci\u00f3n de la Misi\u00f3n. Graduado en la Universidad Oberta de Catalunya con cuatro grados (Asistente de direcci\u00f3n, Gesti\u00f3n Administrativa, Recursos Humanos y Contabilidad Avanzada). Bil\u00edng\u00fce Espa\u00f1ol\/Ingl\u00e9s. gestiona y mantiene varias p\u00e1ginas web cristianas y vicencianas, incluida including La Red de Formaci\u00f3n Vicenciana, de la que es cofundador. Actualmente es responsable del \u00e1rea de Espa\u00f1ol de .famvin, la Red de Noticias de la Familia Vicenciana. Tambi\u00e9n es m\u00fasico cat\u00f3lico y ha editado varios discos. Es Director General y cofundador de Trovador, una reconocida compa\u00f1\u00eda discogr\u00e1fica critiana de Espa\u00f1a. Trabaja en las Tecnolog\u00edas de la Informaci\u00f3n, ofreciendo servicios de alojamiento, dise\u00f1o y mantenimiento Web, as\u00ed como asesoramiento, formaci\u00f3n y soluciones inform\u00e1ticas, gesti\u00f3n documental y digitalizaci\u00f3n de textos, edici\u00f3n y maquetaci\u00f3n de libros, revistas, flyers, etc.","sameAs":["http:\/\/chento.org","https:\/\/www.facebook.com\/JavierChento","https:\/\/x.com\/https:\/\/twitter.com\/javierchento"],"url":"http:\/\/vincentians.com\/fr\/author\/chento\/"}]}},"jetpack_publicize_connections":[],"jetpack_featured_media_url":"https:\/\/i0.wp.com\/vincentians.com\/fr\/wp-content\/uploads\/sites\/10\/2016\/07\/ephemerides-fb.jpg?fit=1200%2C630","jetpack_sharing_enabled":true,"jetpack_shortlink":"https:\/\/wp.me\/p7ETMP-NrB","jetpack-related-posts":[{"id":190135,"url":"http:\/\/vincentians.com\/fr\/ephemerides-23-aout\/","url_meta":{"origin":190067,"position":0},"title":"Eph\u00e9m\u00e9rides : 23 ao\u00fbt","author":"Francisco Javier Fern\u00e1ndez Chento","date":"23\/08\/2016","format":false,"excerpt":"1703. Le directeur de l\u2019H\u00f4tel-Dieu de Vichy, en son nom et en celui des autres administrateurs, r\u00e9gularise la situation des trois S\u0153urs envoy\u00e9es \u00e0 l\u2019h\u00f4pital le 24 ao\u00fbt 1696. Il signe le contrat d\u2019\u00e9tablissement avec M\u00e8re Marie Gu\u00e9rin et les S\u0153urs offici\u00e8res. (C) 1758. En un an (cf. 12 mai\u2026","rel":"","context":"Dans &quot;\u00c9ph\u00e9m\u00e9rides vincentiens&quot;","block_context":{"text":"\u00c9ph\u00e9m\u00e9rides vincentiens","link":"http:\/\/vincentians.com\/fr\/category\/ephemerides-vincentiens\/"},"img":{"alt_text":"","src":"https:\/\/i0.wp.com\/vincentians.com\/fr\/wp-content\/uploads\/sites\/10\/2016\/07\/ephemerides-fb.jpg?fit=1200%2C630&resize=350%2C200","width":350,"height":200,"srcset":"https:\/\/i0.wp.com\/vincentians.com\/fr\/wp-content\/uploads\/sites\/10\/2016\/07\/ephemerides-fb.jpg?fit=1200%2C630&resize=350%2C200 1x, https:\/\/i0.wp.com\/vincentians.com\/fr\/wp-content\/uploads\/sites\/10\/2016\/07\/ephemerides-fb.jpg?fit=1200%2C630&resize=525%2C300 1.5x, https:\/\/i0.wp.com\/vincentians.com\/fr\/wp-content\/uploads\/sites\/10\/2016\/07\/ephemerides-fb.jpg?fit=1200%2C630&resize=700%2C400 2x, https:\/\/i0.wp.com\/vincentians.com\/fr\/wp-content\/uploads\/sites\/10\/2016\/07\/ephemerides-fb.jpg?fit=1200%2C630&resize=1050%2C600 3x"},"classes":[]},{"id":189336,"url":"http:\/\/vincentians.com\/fr\/ephemerides-06-juilliet\/","url_meta":{"origin":190067,"position":1},"title":"Eph\u00e9m\u00e9rides: 06 juilliet","author":"Francisco Javier Fern\u00e1ndez Chento","date":"06\/07\/2017","format":false,"excerpt":"1688. \u00c0 Alger, le Fr\u00e8re Fran\u00e7ois Francillon meurt, supplici\u00e9 \u00e0 la gueule d\u2019un canon. Originaire du dioc\u00e8se de Poitiers, il entra dans la Compagnie en avril 1645. Il fut le premier Fr\u00e8re qui, avec Julien Gu\u00e9rin, vint \u00e0 l\u2019unis, et c\u2019est lui qui conduisit de Marseille \u00e0 Alger, Michel Montmasson.\u2026","rel":"","context":"Dans &quot;\u00c9ph\u00e9m\u00e9rides vincentiens&quot;","block_context":{"text":"\u00c9ph\u00e9m\u00e9rides vincentiens","link":"http:\/\/vincentians.com\/fr\/category\/ephemerides-vincentiens\/"},"img":{"alt_text":"","src":"https:\/\/i0.wp.com\/vincentians.com\/fr\/wp-content\/uploads\/sites\/10\/2016\/07\/ephemerides-fb.jpg?fit=1200%2C630&resize=350%2C200","width":350,"height":200,"srcset":"https:\/\/i0.wp.com\/vincentians.com\/fr\/wp-content\/uploads\/sites\/10\/2016\/07\/ephemerides-fb.jpg?fit=1200%2C630&resize=350%2C200 1x, https:\/\/i0.wp.com\/vincentians.com\/fr\/wp-content\/uploads\/sites\/10\/2016\/07\/ephemerides-fb.jpg?fit=1200%2C630&resize=525%2C300 1.5x, https:\/\/i0.wp.com\/vincentians.com\/fr\/wp-content\/uploads\/sites\/10\/2016\/07\/ephemerides-fb.jpg?fit=1200%2C630&resize=700%2C400 2x, https:\/\/i0.wp.com\/vincentians.com\/fr\/wp-content\/uploads\/sites\/10\/2016\/07\/ephemerides-fb.jpg?fit=1200%2C630&resize=1050%2C600 3x"},"classes":[]},{"id":104146,"url":"http:\/\/vincentians.com\/fr\/ephemerides-13-novembre\/","url_meta":{"origin":190067,"position":2},"title":"Eph\u00e9m\u00e9rides: 13 novembre","author":"Francisco Javier Fern\u00e1ndez Chento","date":"13\/11\/2016","format":false,"excerpt":"1646. \u00c0 Paris, Edme Jolly est re\u00e7u au s\u00e9minaire interne. Il a vingt-quatre ans (1). 1686. Anne-Louise d\u2019Orl\u00e9ans, duchesse de Montpensier, signe le contrat pour les Filles de la Charit\u00e9 \u00e9tablies \u00e0 l\u2019h\u00f4pital Saint-Louis de Criel depuis le 6 mars 1685. S\u0153ur Jeanne Tardif est la premi\u00e8re S\u0153ur Servante. En\u2026","rel":"","context":"Dans &quot;\u00c9ph\u00e9m\u00e9rides vincentiens&quot;","block_context":{"text":"\u00c9ph\u00e9m\u00e9rides vincentiens","link":"http:\/\/vincentians.com\/fr\/category\/ephemerides-vincentiens\/"},"img":{"alt_text":"","src":"https:\/\/i0.wp.com\/vincentians.com\/fr\/wp-content\/uploads\/sites\/10\/2016\/07\/ephemerides-fb.jpg?fit=1200%2C630&resize=350%2C200","width":350,"height":200,"srcset":"https:\/\/i0.wp.com\/vincentians.com\/fr\/wp-content\/uploads\/sites\/10\/2016\/07\/ephemerides-fb.jpg?fit=1200%2C630&resize=350%2C200 1x, https:\/\/i0.wp.com\/vincentians.com\/fr\/wp-content\/uploads\/sites\/10\/2016\/07\/ephemerides-fb.jpg?fit=1200%2C630&resize=525%2C300 1.5x, https:\/\/i0.wp.com\/vincentians.com\/fr\/wp-content\/uploads\/sites\/10\/2016\/07\/ephemerides-fb.jpg?fit=1200%2C630&resize=700%2C400 2x, https:\/\/i0.wp.com\/vincentians.com\/fr\/wp-content\/uploads\/sites\/10\/2016\/07\/ephemerides-fb.jpg?fit=1200%2C630&resize=1050%2C600 3x"},"classes":[]},{"id":190399,"url":"http:\/\/vincentians.com\/fr\/ephemerides-11-avril\/","url_meta":{"origin":190067,"position":3},"title":"Eph\u00e9m\u00e9rides : 11 avril","author":"Francisco Javier Fern\u00e1ndez Chento","date":"11\/04\/2017","format":false,"excerpt":"1627. \u00c0 Montreuil , Monsieur Vincent r\u00e9dige le r\u00e8glement de la Confr\u00e9rie de la Charit\u00e9 pour cette localit\u00e9 qui, selon l'expression m\u00eame de l'acte, se trouve situ\u00e9e \u00absur le bois de Vincennes\u00bb. Comme, dans la paroisse, existait d\u00e9j\u00e0 la Confr\u00e9rie du Saint Nom de J\u00e9sus, Monsieur Vincent y unit la\u2026","rel":"","context":"Dans &quot;\u00c9ph\u00e9m\u00e9rides vincentiens&quot;","block_context":{"text":"\u00c9ph\u00e9m\u00e9rides vincentiens","link":"http:\/\/vincentians.com\/fr\/category\/ephemerides-vincentiens\/"},"img":{"alt_text":"","src":"https:\/\/i0.wp.com\/vincentians.com\/fr\/wp-content\/uploads\/sites\/10\/2016\/07\/ephemerides-fb.jpg?fit=1200%2C630&resize=350%2C200","width":350,"height":200,"srcset":"https:\/\/i0.wp.com\/vincentians.com\/fr\/wp-content\/uploads\/sites\/10\/2016\/07\/ephemerides-fb.jpg?fit=1200%2C630&resize=350%2C200 1x, https:\/\/i0.wp.com\/vincentians.com\/fr\/wp-content\/uploads\/sites\/10\/2016\/07\/ephemerides-fb.jpg?fit=1200%2C630&resize=525%2C300 1.5x, https:\/\/i0.wp.com\/vincentians.com\/fr\/wp-content\/uploads\/sites\/10\/2016\/07\/ephemerides-fb.jpg?fit=1200%2C630&resize=700%2C400 2x, https:\/\/i0.wp.com\/vincentians.com\/fr\/wp-content\/uploads\/sites\/10\/2016\/07\/ephemerides-fb.jpg?fit=1200%2C630&resize=1050%2C600 3x"},"classes":[]},{"id":190169,"url":"http:\/\/vincentians.com\/fr\/ephemerides-10-septembre\/","url_meta":{"origin":190067,"position":4},"title":"Eph\u00e9m\u00e9rides : 10 septembre","author":"Francisco Javier Fern\u00e1ndez Chento","date":"10\/09\/2016","format":false,"excerpt":"1598. \u00c0 Dax, Guillaume de Massiot, Vicaire g\u00e9n\u00e9ral charg\u00e9 de l\u2019administration du dioc\u00e8se pendant la vacance du si\u00e8ge, signe et d\u00e9livre les lettres dimissoriales qui permettent \u00e0 Vincent de Paul de se faire ordonner sous-diacre par un \u00e9v\u00eaque de son choix. Vincent qui, \u00e0 cette \u00e9poque, a dix-huit ans \u00e0\u2026","rel":"","context":"Dans &quot;\u00c9ph\u00e9m\u00e9rides vincentiens&quot;","block_context":{"text":"\u00c9ph\u00e9m\u00e9rides vincentiens","link":"http:\/\/vincentians.com\/fr\/category\/ephemerides-vincentiens\/"},"img":{"alt_text":"","src":"https:\/\/i0.wp.com\/vincentians.com\/fr\/wp-content\/uploads\/sites\/10\/2016\/07\/ephemerides-fb.jpg?fit=1200%2C630&resize=350%2C200","width":350,"height":200,"srcset":"https:\/\/i0.wp.com\/vincentians.com\/fr\/wp-content\/uploads\/sites\/10\/2016\/07\/ephemerides-fb.jpg?fit=1200%2C630&resize=350%2C200 1x, https:\/\/i0.wp.com\/vincentians.com\/fr\/wp-content\/uploads\/sites\/10\/2016\/07\/ephemerides-fb.jpg?fit=1200%2C630&resize=525%2C300 1.5x, https:\/\/i0.wp.com\/vincentians.com\/fr\/wp-content\/uploads\/sites\/10\/2016\/07\/ephemerides-fb.jpg?fit=1200%2C630&resize=700%2C400 2x, https:\/\/i0.wp.com\/vincentians.com\/fr\/wp-content\/uploads\/sites\/10\/2016\/07\/ephemerides-fb.jpg?fit=1200%2C630&resize=1050%2C600 3x"},"classes":[]},{"id":190055,"url":"http:\/\/vincentians.com\/fr\/ephemerides-03-aout\/","url_meta":{"origin":190067,"position":5},"title":"Eph\u00e9m\u00e9rides: 03 ao\u00fbt","author":"Francisco Javier Fern\u00e1ndez Chento","date":"03\/08\/2017","format":false,"excerpt":"1657. \u00c0 G\u00eanes, M. Dominique Boccone meurt de la peste. Seul confr\u00e8re italien de la maison, il est d\u00e9j\u00e0 la troisi\u00e8me des victimes que l\u2019\u00e9pid\u00e9mie a faites dans la maison de G\u00eanes depuis un peu plus de quinze jours. Avant lui, Fran\u00e7ois Vincent \u2014 du dioc\u00e8se de Meaux \u2014 et\u2026","rel":"","context":"Dans &quot;\u00c9ph\u00e9m\u00e9rides vincentiens&quot;","block_context":{"text":"\u00c9ph\u00e9m\u00e9rides vincentiens","link":"http:\/\/vincentians.com\/fr\/category\/ephemerides-vincentiens\/"},"img":{"alt_text":"","src":"https:\/\/i0.wp.com\/vincentians.com\/fr\/wp-content\/uploads\/sites\/10\/2016\/07\/ephemerides-fb.jpg?fit=1200%2C630&resize=350%2C200","width":350,"height":200,"srcset":"https:\/\/i0.wp.com\/vincentians.com\/fr\/wp-content\/uploads\/sites\/10\/2016\/07\/ephemerides-fb.jpg?fit=1200%2C630&resize=350%2C200 1x, https:\/\/i0.wp.com\/vincentians.com\/fr\/wp-content\/uploads\/sites\/10\/2016\/07\/ephemerides-fb.jpg?fit=1200%2C630&resize=525%2C300 1.5x, https:\/\/i0.wp.com\/vincentians.com\/fr\/wp-content\/uploads\/sites\/10\/2016\/07\/ephemerides-fb.jpg?fit=1200%2C630&resize=700%2C400 2x, https:\/\/i0.wp.com\/vincentians.com\/fr\/wp-content\/uploads\/sites\/10\/2016\/07\/ephemerides-fb.jpg?fit=1200%2C630&resize=1050%2C600 3x"},"classes":[]}],"_links":{"self":[{"href":"http:\/\/vincentians.com\/fr\/wp-json\/wp\/v2\/posts\/190067","targetHints":{"allow":["GET"]}}],"collection":[{"href":"http:\/\/vincentians.com\/fr\/wp-json\/wp\/v2\/posts"}],"about":[{"href":"http:\/\/vincentians.com\/fr\/wp-json\/wp\/v2\/types\/post"}],"author":[{"embeddable":true,"href":"http:\/\/vincentians.com\/fr\/wp-json\/wp\/v2\/users\/4"}],"replies":[{"embeddable":true,"href":"http:\/\/vincentians.com\/fr\/wp-json\/wp\/v2\/comments?post=190067"}],"version-history":[{"count":0,"href":"http:\/\/vincentians.com\/fr\/wp-json\/wp\/v2\/posts\/190067\/revisions"}],"wp:featuredmedia":[{"embeddable":true,"href":"http:\/\/vincentians.com\/fr\/wp-json\/wp\/v2\/media\/149897"}],"wp:attachment":[{"href":"http:\/\/vincentians.com\/fr\/wp-json\/wp\/v2\/media?parent=190067"}],"wp:term":[{"taxonomy":"category","embeddable":true,"href":"http:\/\/vincentians.com\/fr\/wp-json\/wp\/v2\/categories?post=190067"},{"taxonomy":"post_tag","embeddable":true,"href":"http:\/\/vincentians.com\/fr\/wp-json\/wp\/v2\/tags?post=190067"}],"curies":[{"name":"wp","href":"https:\/\/api.w.org\/{rel}","templated":true}]}}