{"id":190058,"date":"2017-08-06T00:01:04","date_gmt":"2017-08-05T22:01:04","guid":{"rendered":"http:\/\/vincentians.com\/fr\/?p=190058"},"modified":"2016-08-08T19:16:04","modified_gmt":"2016-08-08T17:16:04","slug":"ephemerides-06-aout","status":"publish","type":"post","link":"http:\/\/vincentians.com\/fr\/ephemerides-06-aout\/","title":{"rendered":"Eph\u00e9m\u00e9rides: 06 ao\u00fbt"},"content":{"rendered":"<p><b>1686<\/b>. \u00c0 la demande de l\u2019\u00e9v\u00eaque d\u2019Agen, Mgr Jules Mascaron, M\u00e8re Mathurine Gu\u00e9rin et les trois S\u0153urs offici\u00e8res avec l\u2019accord de Monsieur Edme Jolly, signent en pr\u00e9sence des notaires du Ch\u00e2telet de Paris, le contrat d\u2019\u00e9tablissement de 3 S\u0153urs \u00e0 l\u2019h\u00f4pital d\u2019Agen. L\u2019\u00e9v\u00eaque souhaite que tout soit fait \u201c\u00e0 la gloire de Dieu\u201d. (C)<\/p>\n<p><b>1815<\/b>. \u00c0 Paris, rue du Bac o\u00f9 les Filles de la Charit\u00e9, ont, depuis le 28 juin, commenc\u00e9 \u00e0 installer leur Maison-M\u00e8re, a lieu la b\u00e9n\u00e9diction de la chapelle. Elle n\u2019a pas la physionomie qu\u2019elle a prise aujourd\u2019hui. La chapelle primitive n\u2019avait qu\u2019une nef. Les colonnes actuelles indiquent ses limites dans le sens de la largeur. Le ma\u00eetre-autel, qui est aujourd\u2019hui l\u2019autel lat\u00e9ral d\u00e9di\u00e9 \u00e0 saint Vincent, \u00e9tait plac\u00e9 au milieu du ch\u0153ur, \u00e0 peu pr\u00e8s sur la ligne qui joint l\u2019autel de la \u00abVierge puissante\u00bb \u00e0 la porte de la sacristie. Le sanctuaire avait son mur du fond l\u00e9g\u00e8rement cintr\u00e9, mais pas de coupole. C\u2019est cette chapelle, b\u00e9nite aujourd\u2019hui, qui deviendra le lieu des apparitions de Notre-Dame de la M\u00e9daille Miraculeuse\u00a0: les transformations, en effet, n\u2019ont commenc\u00e9 qu\u2019en 1849. Il est \u00e0 remarquer que dans l\u2019ancienne chapelle les novices n\u2019avaient pas de bancs\u00a0: le dimanche, seulement on disposait des banquettes. La journ\u00e9e de la b\u00e9n\u00e9diction fut marqu\u00e9e par une conf\u00e9rence que M. Hanon, vicaire g\u00e9n\u00e9ral, fit aux S\u0153urs sur la D\u00e9dicace (1).<\/p>\n<p><b>1851<\/b>. Au Berceau de Saint Vincent de Paul, en pr\u00e9sence, d\u2019une part, du T.H.P. Etienne, de M. Aladel, assistant, de M. Bourdarie, visiteur d\u2019Aquitaine, de M. Truquet, sup\u00e9rieur de Notre-Dame-du-Pouy, et ordonnateur de la f\u00eate\u00a0; et, d\u2019autre part, en pr\u00e9sence de M. Jaubert, pr\u00e9fet des Landes, M. Montaubin, sous-pr\u00e9fet de Dax, M. Soubiran, maire de Mont-de-Marsan, et de beaucoup d\u2019autres notabilit\u00e9s, d\u2019un beau groupe de Lazaristes et de Filles de la Charit\u00e9, et devant une foule de plus de cinq mille personnes, Mgr Fran\u00e7ois Lann\u00e9lue, \u00e9v\u00eaque d\u2019Aire, pose la premi\u00e8re pierre de la chapelle qui doit \u00eatre le monument de la reconnaissance dacquoise et m\u00eame nationale \u00e0 notre bienheureux P\u00e8re. Apr\u00e8s la messe qu\u2019il a c\u00e9l\u00e9br\u00e9e sur un autel plac\u00e9 dans le creux du ch\u00eane de saint Vincent, Mgr Lann\u00e9luc a adress\u00e9 quelques mots vibrants \u00e0 l\u2019assistance, puis dans cette premi\u00e8re pierre qui fera bloc avec les fondements du pilier nord soutenant la coupole, il a scell\u00e9 divers objets\u00a0: une relique de saint Vincent, son mandement du 19 juillet 1850 par lequel il a annonc\u00e9 le projet d\u2019\u00e9rection d\u2019un monument au lieu de la naissance du saint des Landes, une plaque en plomb portant les noms des membres des trois commissions institu\u00e9es pour cette \u0153uvre et des monnaies au mill\u00e9sime de 1851. La c\u00e9r\u00e9monie s\u2019est achev\u00e9e par un fort beau discours de M. Etienne, et\u2026 une qu\u00eate qui a rapport\u00e9 1.300 francs (2).<\/p>\n<p><b>1931<\/b>. \u00c0 Paris, sous la pr\u00e9sidence du T.H.P. Verdier, les cent douze membres de la XXIX, Assembl\u00e9e g\u00e9n\u00e9rale ach\u00e8vent leurs travaux qui ont surtout port\u00e9 sur la r\u00e9vision des Constitutions (3).<\/p>\n<dl>\n<dd>1) Parrang, in Petites Annales, 1903, pp. 364-370\u00a0: Annales, t. 74, pp. 581-600.<\/dd>\n<dd>2) Annales, t. 52, pp. 59-97.<\/dd>\n<dd>3) Annales, t. 96, p. 729, et t. 97, p 16.<\/dd>\n<\/dl>\n","protected":false},"excerpt":{"rendered":"<p>1686. \u00c0 la demande de l\u2019\u00e9v\u00eaque d\u2019Agen, Mgr Jules Mascaron, M\u00e8re Mathurine Gu\u00e9rin et les trois S\u0153urs offici\u00e8res avec l\u2019accord de Monsieur Edme Jolly, signent en pr\u00e9sence des notaires du Ch\u00e2telet de Paris, le contrat &#8230; <a href=\"http:\/\/vincentians.com\/fr\/ephemerides-06-aout\/\" class=\"more-link\">Read More<\/a><\/p>\n","protected":false},"author":4,"featured_media":149897,"comment_status":"open","ping_status":"open","sticky":false,"template":"","format":"standard","meta":{"jetpack_post_was_ever_published":false,"_jetpack_newsletter_access":"","_jetpack_dont_email_post_to_subs":false,"_jetpack_newsletter_tier_id":0,"_jetpack_memberships_contains_paywalled_content":false,"_jetpack_memberships_contains_paid_content":false,"footnotes":"","jetpack_publicize_message":"","jetpack_publicize_feature_enabled":true,"jetpack_social_post_already_shared":true,"jetpack_social_options":{"image_generator_settings":{"template":"highway","default_image_id":0,"font":"","enabled":false},"version":2}},"categories":[119],"tags":[],"class_list":["post-190058","post","type-post","status-publish","format-standard","has-post-thumbnail","hentry","category-ephemerides-vincentiens"],"yoast_head":"<!-- This site is optimized with the Yoast SEO plugin v26.3 - https:\/\/yoast.com\/wordpress\/plugins\/seo\/ -->\n<title>Eph\u00e9m\u00e9rides: 06 ao\u00fbt - Nous Sommes Vincentiens<\/title>\n<meta name=\"robots\" content=\"index, follow, max-snippet:-1, max-image-preview:large, max-video-preview:-1\" \/>\n<link rel=\"canonical\" href=\"http:\/\/vincentians.com\/fr\/ephemerides-06-aout\/\" \/>\n<meta property=\"og:locale\" content=\"fr_FR\" \/>\n<meta property=\"og:type\" content=\"article\" \/>\n<meta property=\"og:title\" content=\"Eph\u00e9m\u00e9rides: 06 ao\u00fbt - Nous Sommes Vincentiens\" \/>\n<meta property=\"og:description\" content=\"1686. \u00c0 la demande de l\u2019\u00e9v\u00eaque d\u2019Agen, Mgr Jules Mascaron, M\u00e8re Mathurine Gu\u00e9rin et les trois S\u0153urs offici\u00e8res avec l\u2019accord de Monsieur Edme Jolly, signent en pr\u00e9sence des notaires du Ch\u00e2telet de Paris, le contrat ... Read More\" \/>\n<meta property=\"og:url\" content=\"http:\/\/vincentians.com\/fr\/ephemerides-06-aout\/\" \/>\n<meta property=\"og:site_name\" content=\"Nous Sommes Vincentiens\" \/>\n<meta property=\"article:publisher\" content=\"https:\/\/www.facebook.com\/WeAreVincentians\/\" \/>\n<meta property=\"article:author\" content=\"https:\/\/www.facebook.com\/JavierChento\" \/>\n<meta property=\"article:published_time\" content=\"2017-08-05T22:01:04+00:00\" \/>\n<meta property=\"og:image\" content=\"https:\/\/i0.wp.com\/vincentians.com\/fr\/wp-content\/uploads\/sites\/10\/2016\/07\/ephemerides-fb.jpg?fit=1200%2C630\" \/>\n\t<meta property=\"og:image:width\" content=\"1200\" \/>\n\t<meta property=\"og:image:height\" content=\"630\" \/>\n\t<meta property=\"og:image:type\" content=\"image\/jpeg\" \/>\n<meta name=\"author\" content=\"Francisco Javier Fern\u00e1ndez Chento\" \/>\n<meta name=\"twitter:card\" content=\"summary_large_image\" \/>\n<meta name=\"twitter:creator\" content=\"@https:\/\/twitter.com\/javierchento\" \/>\n<meta name=\"twitter:site\" content=\"@WeVincentians\" \/>\n<meta name=\"twitter:label1\" content=\"\u00c9crit par\" \/>\n\t<meta name=\"twitter:data1\" content=\"Francisco Javier Fern\u00e1ndez Chento\" \/>\n\t<meta name=\"twitter:label2\" content=\"Dur\u00e9e de lecture estim\u00e9e\" \/>\n\t<meta name=\"twitter:data2\" content=\"3 minutes\" \/>\n<script type=\"application\/ld+json\" class=\"yoast-schema-graph\">{\"@context\":\"https:\/\/schema.org\",\"@graph\":[{\"@type\":\"WebPage\",\"@id\":\"http:\/\/vincentians.com\/fr\/ephemerides-06-aout\/\",\"url\":\"http:\/\/vincentians.com\/fr\/ephemerides-06-aout\/\",\"name\":\"Eph\u00e9m\u00e9rides: 06 ao\u00fbt - Nous Sommes Vincentiens\",\"isPartOf\":{\"@id\":\"http:\/\/vincentians.com\/fr\/#website\"},\"primaryImageOfPage\":{\"@id\":\"http:\/\/vincentians.com\/fr\/ephemerides-06-aout\/#primaryimage\"},\"image\":{\"@id\":\"http:\/\/vincentians.com\/fr\/ephemerides-06-aout\/#primaryimage\"},\"thumbnailUrl\":\"https:\/\/i0.wp.com\/vincentians.com\/fr\/wp-content\/uploads\/sites\/10\/2016\/07\/ephemerides-fb.jpg?fit=1200%2C630\",\"datePublished\":\"2017-08-05T22:01:04+00:00\",\"author\":{\"@id\":\"http:\/\/vincentians.com\/fr\/#\/schema\/person\/9623ef4d9aa3b2dfb8c061f1499288f2\"},\"breadcrumb\":{\"@id\":\"http:\/\/vincentians.com\/fr\/ephemerides-06-aout\/#breadcrumb\"},\"inLanguage\":\"fr-FR\",\"potentialAction\":[{\"@type\":\"ReadAction\",\"target\":[\"http:\/\/vincentians.com\/fr\/ephemerides-06-aout\/\"]}]},{\"@type\":\"ImageObject\",\"inLanguage\":\"fr-FR\",\"@id\":\"http:\/\/vincentians.com\/fr\/ephemerides-06-aout\/#primaryimage\",\"url\":\"https:\/\/i0.wp.com\/vincentians.com\/fr\/wp-content\/uploads\/sites\/10\/2016\/07\/ephemerides-fb.jpg?fit=1200%2C630\",\"contentUrl\":\"https:\/\/i0.wp.com\/vincentians.com\/fr\/wp-content\/uploads\/sites\/10\/2016\/07\/ephemerides-fb.jpg?fit=1200%2C630\",\"width\":1200,\"height\":630},{\"@type\":\"BreadcrumbList\",\"@id\":\"http:\/\/vincentians.com\/fr\/ephemerides-06-aout\/#breadcrumb\",\"itemListElement\":[{\"@type\":\"ListItem\",\"position\":1,\"name\":\"Portada\",\"item\":\"http:\/\/vincentians.com\/fr\/\"},{\"@type\":\"ListItem\",\"position\":2,\"name\":\"Eph\u00e9m\u00e9rides: 06 ao\u00fbt\"}]},{\"@type\":\"WebSite\",\"@id\":\"http:\/\/vincentians.com\/fr\/#website\",\"url\":\"http:\/\/vincentians.com\/fr\/\",\"name\":\"Nous Sommes Vincentiens\",\"description\":\"Know more to serve more\",\"potentialAction\":[{\"@type\":\"SearchAction\",\"target\":{\"@type\":\"EntryPoint\",\"urlTemplate\":\"http:\/\/vincentians.com\/fr\/?s={search_term_string}\"},\"query-input\":{\"@type\":\"PropertyValueSpecification\",\"valueRequired\":true,\"valueName\":\"search_term_string\"}}],\"inLanguage\":\"fr-FR\"},{\"@type\":\"Person\",\"@id\":\"http:\/\/vincentians.com\/fr\/#\/schema\/person\/9623ef4d9aa3b2dfb8c061f1499288f2\",\"name\":\"Francisco Javier Fern\u00e1ndez Chento\",\"image\":{\"@type\":\"ImageObject\",\"inLanguage\":\"fr-FR\",\"@id\":\"http:\/\/vincentians.com\/fr\/#\/schema\/person\/image\/\",\"url\":\"https:\/\/secure.gravatar.com\/avatar\/497d5cde87b4c3d097d0315953521681ba2cd523ee66e5077c3711f7021e65de?s=96&d=mm&r=g\",\"contentUrl\":\"https:\/\/secure.gravatar.com\/avatar\/497d5cde87b4c3d097d0315953521681ba2cd523ee66e5077c3711f7021e65de?s=96&d=mm&r=g\",\"caption\":\"Francisco Javier Fern\u00e1ndez Chento\"},\"description\":\"Director General y cofundador de La Red de Formaci\u00f3n Vicenciana. Javier es laico vicenciano, afiliado a la Congregaci\u00f3n de la Misi\u00f3n y miembro del Equipo de Misiones Populares de la provincia can\u00f3nica de Zaragoza (Espa\u00f1a) de la Congregaci\u00f3n de la Misi\u00f3n. Graduado en la Universidad Oberta de Catalunya con cuatro grados (Asistente de direcci\u00f3n, Gesti\u00f3n Administrativa, Recursos Humanos y Contabilidad Avanzada). Bil\u00edng\u00fce Espa\u00f1ol\/Ingl\u00e9s. gestiona y mantiene varias p\u00e1ginas web cristianas y vicencianas, incluida including La Red de Formaci\u00f3n Vicenciana, de la que es cofundador. Actualmente es responsable del \u00e1rea de Espa\u00f1ol de .famvin, la Red de Noticias de la Familia Vicenciana. Tambi\u00e9n es m\u00fasico cat\u00f3lico y ha editado varios discos. Es Director General y cofundador de Trovador, una reconocida compa\u00f1\u00eda discogr\u00e1fica critiana de Espa\u00f1a. Trabaja en las Tecnolog\u00edas de la Informaci\u00f3n, ofreciendo servicios de alojamiento, dise\u00f1o y mantenimiento Web, as\u00ed como asesoramiento, formaci\u00f3n y soluciones inform\u00e1ticas, gesti\u00f3n documental y digitalizaci\u00f3n de textos, edici\u00f3n y maquetaci\u00f3n de libros, revistas, flyers, etc.\",\"sameAs\":[\"http:\/\/chento.org\",\"https:\/\/www.facebook.com\/JavierChento\",\"https:\/\/x.com\/https:\/\/twitter.com\/javierchento\"],\"url\":\"http:\/\/vincentians.com\/fr\/author\/chento\/\"}]}<\/script>\n<!-- \/ Yoast SEO plugin. -->","yoast_head_json":{"title":"Eph\u00e9m\u00e9rides: 06 ao\u00fbt - Nous Sommes Vincentiens","robots":{"index":"index","follow":"follow","max-snippet":"max-snippet:-1","max-image-preview":"max-image-preview:large","max-video-preview":"max-video-preview:-1"},"canonical":"http:\/\/vincentians.com\/fr\/ephemerides-06-aout\/","og_locale":"fr_FR","og_type":"article","og_title":"Eph\u00e9m\u00e9rides: 06 ao\u00fbt - Nous Sommes Vincentiens","og_description":"1686. \u00c0 la demande de l\u2019\u00e9v\u00eaque d\u2019Agen, Mgr Jules Mascaron, M\u00e8re Mathurine Gu\u00e9rin et les trois S\u0153urs offici\u00e8res avec l\u2019accord de Monsieur Edme Jolly, signent en pr\u00e9sence des notaires du Ch\u00e2telet de Paris, le contrat ... Read More","og_url":"http:\/\/vincentians.com\/fr\/ephemerides-06-aout\/","og_site_name":"Nous Sommes Vincentiens","article_publisher":"https:\/\/www.facebook.com\/WeAreVincentians\/","article_author":"https:\/\/www.facebook.com\/JavierChento","article_published_time":"2017-08-05T22:01:04+00:00","og_image":[{"width":1200,"height":630,"url":"https:\/\/i0.wp.com\/vincentians.com\/fr\/wp-content\/uploads\/sites\/10\/2016\/07\/ephemerides-fb.jpg?fit=1200%2C630","type":"image\/jpeg"}],"author":"Francisco Javier Fern\u00e1ndez Chento","twitter_card":"summary_large_image","twitter_creator":"@https:\/\/twitter.com\/javierchento","twitter_site":"@WeVincentians","twitter_misc":{"\u00c9crit par":"Francisco Javier Fern\u00e1ndez Chento","Dur\u00e9e de lecture estim\u00e9e":"3 minutes"},"schema":{"@context":"https:\/\/schema.org","@graph":[{"@type":"WebPage","@id":"http:\/\/vincentians.com\/fr\/ephemerides-06-aout\/","url":"http:\/\/vincentians.com\/fr\/ephemerides-06-aout\/","name":"Eph\u00e9m\u00e9rides: 06 ao\u00fbt - Nous Sommes Vincentiens","isPartOf":{"@id":"http:\/\/vincentians.com\/fr\/#website"},"primaryImageOfPage":{"@id":"http:\/\/vincentians.com\/fr\/ephemerides-06-aout\/#primaryimage"},"image":{"@id":"http:\/\/vincentians.com\/fr\/ephemerides-06-aout\/#primaryimage"},"thumbnailUrl":"https:\/\/i0.wp.com\/vincentians.com\/fr\/wp-content\/uploads\/sites\/10\/2016\/07\/ephemerides-fb.jpg?fit=1200%2C630","datePublished":"2017-08-05T22:01:04+00:00","author":{"@id":"http:\/\/vincentians.com\/fr\/#\/schema\/person\/9623ef4d9aa3b2dfb8c061f1499288f2"},"breadcrumb":{"@id":"http:\/\/vincentians.com\/fr\/ephemerides-06-aout\/#breadcrumb"},"inLanguage":"fr-FR","potentialAction":[{"@type":"ReadAction","target":["http:\/\/vincentians.com\/fr\/ephemerides-06-aout\/"]}]},{"@type":"ImageObject","inLanguage":"fr-FR","@id":"http:\/\/vincentians.com\/fr\/ephemerides-06-aout\/#primaryimage","url":"https:\/\/i0.wp.com\/vincentians.com\/fr\/wp-content\/uploads\/sites\/10\/2016\/07\/ephemerides-fb.jpg?fit=1200%2C630","contentUrl":"https:\/\/i0.wp.com\/vincentians.com\/fr\/wp-content\/uploads\/sites\/10\/2016\/07\/ephemerides-fb.jpg?fit=1200%2C630","width":1200,"height":630},{"@type":"BreadcrumbList","@id":"http:\/\/vincentians.com\/fr\/ephemerides-06-aout\/#breadcrumb","itemListElement":[{"@type":"ListItem","position":1,"name":"Portada","item":"http:\/\/vincentians.com\/fr\/"},{"@type":"ListItem","position":2,"name":"Eph\u00e9m\u00e9rides: 06 ao\u00fbt"}]},{"@type":"WebSite","@id":"http:\/\/vincentians.com\/fr\/#website","url":"http:\/\/vincentians.com\/fr\/","name":"Nous Sommes Vincentiens","description":"Know more to serve more","potentialAction":[{"@type":"SearchAction","target":{"@type":"EntryPoint","urlTemplate":"http:\/\/vincentians.com\/fr\/?s={search_term_string}"},"query-input":{"@type":"PropertyValueSpecification","valueRequired":true,"valueName":"search_term_string"}}],"inLanguage":"fr-FR"},{"@type":"Person","@id":"http:\/\/vincentians.com\/fr\/#\/schema\/person\/9623ef4d9aa3b2dfb8c061f1499288f2","name":"Francisco Javier Fern\u00e1ndez Chento","image":{"@type":"ImageObject","inLanguage":"fr-FR","@id":"http:\/\/vincentians.com\/fr\/#\/schema\/person\/image\/","url":"https:\/\/secure.gravatar.com\/avatar\/497d5cde87b4c3d097d0315953521681ba2cd523ee66e5077c3711f7021e65de?s=96&d=mm&r=g","contentUrl":"https:\/\/secure.gravatar.com\/avatar\/497d5cde87b4c3d097d0315953521681ba2cd523ee66e5077c3711f7021e65de?s=96&d=mm&r=g","caption":"Francisco Javier Fern\u00e1ndez Chento"},"description":"Director General y cofundador de La Red de Formaci\u00f3n Vicenciana. Javier es laico vicenciano, afiliado a la Congregaci\u00f3n de la Misi\u00f3n y miembro del Equipo de Misiones Populares de la provincia can\u00f3nica de Zaragoza (Espa\u00f1a) de la Congregaci\u00f3n de la Misi\u00f3n. Graduado en la Universidad Oberta de Catalunya con cuatro grados (Asistente de direcci\u00f3n, Gesti\u00f3n Administrativa, Recursos Humanos y Contabilidad Avanzada). Bil\u00edng\u00fce Espa\u00f1ol\/Ingl\u00e9s. gestiona y mantiene varias p\u00e1ginas web cristianas y vicencianas, incluida including La Red de Formaci\u00f3n Vicenciana, de la que es cofundador. Actualmente es responsable del \u00e1rea de Espa\u00f1ol de .famvin, la Red de Noticias de la Familia Vicenciana. Tambi\u00e9n es m\u00fasico cat\u00f3lico y ha editado varios discos. Es Director General y cofundador de Trovador, una reconocida compa\u00f1\u00eda discogr\u00e1fica critiana de Espa\u00f1a. Trabaja en las Tecnolog\u00edas de la Informaci\u00f3n, ofreciendo servicios de alojamiento, dise\u00f1o y mantenimiento Web, as\u00ed como asesoramiento, formaci\u00f3n y soluciones inform\u00e1ticas, gesti\u00f3n documental y digitalizaci\u00f3n de textos, edici\u00f3n y maquetaci\u00f3n de libros, revistas, flyers, etc.","sameAs":["http:\/\/chento.org","https:\/\/www.facebook.com\/JavierChento","https:\/\/x.com\/https:\/\/twitter.com\/javierchento"],"url":"http:\/\/vincentians.com\/fr\/author\/chento\/"}]}},"jetpack_publicize_connections":[],"jetpack_featured_media_url":"https:\/\/i0.wp.com\/vincentians.com\/fr\/wp-content\/uploads\/sites\/10\/2016\/07\/ephemerides-fb.jpg?fit=1200%2C630","jetpack_sharing_enabled":true,"jetpack_shortlink":"https:\/\/wp.me\/p7ETMP-Nrs","jetpack-related-posts":[{"id":190334,"url":"http:\/\/vincentians.com\/fr\/ephemerides-30-mars\/","url_meta":{"origin":190058,"position":0},"title":"Eph\u00e9m\u00e9rides : 30 mars","author":"Francisco Javier Fern\u00e1ndez Chento","date":"30\/03\/2017","format":false,"excerpt":"1652. Sainte Louise \u00e9crit\u00a0: \"Bon courage\u00a0! Travaillez bien \u00e0 votre perfection en tant d'occasions que vous avez de souffrir, d'exercer la douceur, la patience, les rebuts et surmontez toutes les contradictions que vous rencontrez. Ayez un grand coeur qui ne trouve rien de difficile pour le tr\u00e8s Saint Amour de\u2026","rel":"","context":"Dans &quot;\u00c9ph\u00e9m\u00e9rides vincentiens&quot;","block_context":{"text":"\u00c9ph\u00e9m\u00e9rides vincentiens","link":"http:\/\/vincentians.com\/fr\/category\/ephemerides-vincentiens\/"},"img":{"alt_text":"","src":"https:\/\/i0.wp.com\/vincentians.com\/fr\/wp-content\/uploads\/sites\/10\/2016\/07\/ephemerides-fb.jpg?fit=1200%2C630&resize=350%2C200","width":350,"height":200,"srcset":"https:\/\/i0.wp.com\/vincentians.com\/fr\/wp-content\/uploads\/sites\/10\/2016\/07\/ephemerides-fb.jpg?fit=1200%2C630&resize=350%2C200 1x, https:\/\/i0.wp.com\/vincentians.com\/fr\/wp-content\/uploads\/sites\/10\/2016\/07\/ephemerides-fb.jpg?fit=1200%2C630&resize=525%2C300 1.5x, https:\/\/i0.wp.com\/vincentians.com\/fr\/wp-content\/uploads\/sites\/10\/2016\/07\/ephemerides-fb.jpg?fit=1200%2C630&resize=700%2C400 2x, https:\/\/i0.wp.com\/vincentians.com\/fr\/wp-content\/uploads\/sites\/10\/2016\/07\/ephemerides-fb.jpg?fit=1200%2C630&resize=1050%2C600 3x"},"classes":[]},{"id":104140,"url":"http:\/\/vincentians.com\/fr\/ephemerides-25-novembre\/","url_meta":{"origin":190058,"position":1},"title":"Eph\u00e9m\u00e9rides: 25 novembre","author":"Francisco Javier Fern\u00e1ndez Chento","date":"25\/11\/2016","format":false,"excerpt":"1921. \u00c0 Paris, en la chapelle des Filles de la Charit\u00e9, rue du Bac, Mgr Chesnelong, archev\u00eaque de Sens, consacre le ma\u00eetre-autel\u2026 La derni\u00e8re visite canonique a r\u00e9v\u00e9l\u00e9 que, dans le sanctuaire marial, les prescriptions de la liturgie ont \u00e9t\u00e9 viol\u00e9es\u00a0: en effet, alors que dans toute \u00e9glise l\u2019autel majeur\u2026","rel":"","context":"Dans &quot;\u00c9ph\u00e9m\u00e9rides vincentiens&quot;","block_context":{"text":"\u00c9ph\u00e9m\u00e9rides vincentiens","link":"http:\/\/vincentians.com\/fr\/category\/ephemerides-vincentiens\/"},"img":{"alt_text":"","src":"https:\/\/i0.wp.com\/vincentians.com\/fr\/wp-content\/uploads\/sites\/10\/2016\/07\/ephemerides-fb.jpg?fit=1200%2C630&resize=350%2C200","width":350,"height":200,"srcset":"https:\/\/i0.wp.com\/vincentians.com\/fr\/wp-content\/uploads\/sites\/10\/2016\/07\/ephemerides-fb.jpg?fit=1200%2C630&resize=350%2C200 1x, https:\/\/i0.wp.com\/vincentians.com\/fr\/wp-content\/uploads\/sites\/10\/2016\/07\/ephemerides-fb.jpg?fit=1200%2C630&resize=525%2C300 1.5x, https:\/\/i0.wp.com\/vincentians.com\/fr\/wp-content\/uploads\/sites\/10\/2016\/07\/ephemerides-fb.jpg?fit=1200%2C630&resize=700%2C400 2x, https:\/\/i0.wp.com\/vincentians.com\/fr\/wp-content\/uploads\/sites\/10\/2016\/07\/ephemerides-fb.jpg?fit=1200%2C630&resize=1050%2C600 3x"},"classes":[]},{"id":190230,"url":"http:\/\/vincentians.com\/fr\/ephemerides-16-octobre\/","url_meta":{"origin":190058,"position":2},"title":"Eph\u00e9m\u00e9rides : 16 octobre","author":"Francisco Javier Fern\u00e1ndez Chento","date":"16\/10\/2016","format":false,"excerpt":"1650. Sainte Louise \u00e9crit dans ses M\u00e9ditations\u00a0: \u201cLa Sainte Trinit\u00e9 m\u2019a aim\u00e9e de toute \u00e9ternit\u00e9 et m\u2019a cr\u00e9\u00e9e pour sa gloire. Je ne pouvais \u00eatre ni subsister hors de Dieu puisqu\u2019il est mon principe. Il veut aussi et doit \u00eatre ma fin, ayant fait toutes les cr\u00e9utures pour me servir\u2026","rel":"","context":"Dans &quot;\u00c9ph\u00e9m\u00e9rides vincentiens&quot;","block_context":{"text":"\u00c9ph\u00e9m\u00e9rides vincentiens","link":"http:\/\/vincentians.com\/fr\/category\/ephemerides-vincentiens\/"},"img":{"alt_text":"","src":"https:\/\/i0.wp.com\/vincentians.com\/fr\/wp-content\/uploads\/sites\/10\/2016\/07\/ephemerides-fb.jpg?fit=1200%2C630&resize=350%2C200","width":350,"height":200,"srcset":"https:\/\/i0.wp.com\/vincentians.com\/fr\/wp-content\/uploads\/sites\/10\/2016\/07\/ephemerides-fb.jpg?fit=1200%2C630&resize=350%2C200 1x, https:\/\/i0.wp.com\/vincentians.com\/fr\/wp-content\/uploads\/sites\/10\/2016\/07\/ephemerides-fb.jpg?fit=1200%2C630&resize=525%2C300 1.5x, https:\/\/i0.wp.com\/vincentians.com\/fr\/wp-content\/uploads\/sites\/10\/2016\/07\/ephemerides-fb.jpg?fit=1200%2C630&resize=700%2C400 2x, https:\/\/i0.wp.com\/vincentians.com\/fr\/wp-content\/uploads\/sites\/10\/2016\/07\/ephemerides-fb.jpg?fit=1200%2C630&resize=1050%2C600 3x"},"classes":[]},{"id":103880,"url":"http:\/\/vincentians.com\/fr\/ephemerides-1-novembre\/","url_meta":{"origin":190058,"position":3},"title":"Eph\u00e9m\u00e9rides: 1 novembre","author":"Francisco Javier Fern\u00e1ndez Chento","date":"01\/11\/2016","format":false,"excerpt":"1659. S\u0153ur Mathurine Gu\u00e9rin qui \u00e9tait \u00e0 La F\u00e8re \u00e0 servir les Pauvres Malades a \u00e9t\u00e9 victime d\u2019une calomnie. Mademoiselle lui \u00e9crit pour l\u2019encourager\u00a0: \u201cLa f\u00eate que nous c\u00e9l\u00e9brons aujourd\u2019hui vous r\u00e9pond par la bouche de Notre-Seigneur, prof\u00e9rant la derni\u00e8re b\u00e9atitude \u00e0 ses ap\u00f4tres, \u00e0 l\u2019article que vous croyez le\u2026","rel":"","context":"Dans &quot;\u00c9ph\u00e9m\u00e9rides vincentiens&quot;","block_context":{"text":"\u00c9ph\u00e9m\u00e9rides vincentiens","link":"http:\/\/vincentians.com\/fr\/category\/ephemerides-vincentiens\/"},"img":{"alt_text":"","src":"https:\/\/i0.wp.com\/vincentians.com\/fr\/wp-content\/uploads\/sites\/10\/2016\/07\/ephemerides-fb.jpg?fit=1200%2C630&resize=350%2C200","width":350,"height":200,"srcset":"https:\/\/i0.wp.com\/vincentians.com\/fr\/wp-content\/uploads\/sites\/10\/2016\/07\/ephemerides-fb.jpg?fit=1200%2C630&resize=350%2C200 1x, https:\/\/i0.wp.com\/vincentians.com\/fr\/wp-content\/uploads\/sites\/10\/2016\/07\/ephemerides-fb.jpg?fit=1200%2C630&resize=525%2C300 1.5x, https:\/\/i0.wp.com\/vincentians.com\/fr\/wp-content\/uploads\/sites\/10\/2016\/07\/ephemerides-fb.jpg?fit=1200%2C630&resize=700%2C400 2x, https:\/\/i0.wp.com\/vincentians.com\/fr\/wp-content\/uploads\/sites\/10\/2016\/07\/ephemerides-fb.jpg?fit=1200%2C630&resize=1050%2C600 3x"},"classes":[]},{"id":190585,"url":"http:\/\/vincentians.com\/fr\/ephemerides-14-juin\/","url_meta":{"origin":190058,"position":4},"title":"Eph\u00e9m\u00e9rides: 14 juin","author":"Francisco Javier Fern\u00e1ndez Chento","date":"14\/06\/2017","format":false,"excerpt":"1640. Mgr d'Elb\u00e8ne, \u00e9v\u00eaque d'Agen, unit \u00e0 la Congr\u00e9gation de la Mission, la chapelle de Notre-Dame de la Rose, situ\u00e9e sur les terres de la duchesse d'Aiguillon, dans l'actuel Lot-et-Garonne. Le contrat demande cinq pr\u00eatres\u00a0: deux pour assurer le service de la chapelle redevenue depuis 1624 un lieu de p\u00e8lerinage\u2026","rel":"","context":"Dans &quot;\u00c9ph\u00e9m\u00e9rides vincentiens&quot;","block_context":{"text":"\u00c9ph\u00e9m\u00e9rides vincentiens","link":"http:\/\/vincentians.com\/fr\/category\/ephemerides-vincentiens\/"},"img":{"alt_text":"","src":"https:\/\/i0.wp.com\/vincentians.com\/fr\/wp-content\/uploads\/sites\/10\/2016\/07\/ephemerides-fb.jpg?fit=1200%2C630&resize=350%2C200","width":350,"height":200,"srcset":"https:\/\/i0.wp.com\/vincentians.com\/fr\/wp-content\/uploads\/sites\/10\/2016\/07\/ephemerides-fb.jpg?fit=1200%2C630&resize=350%2C200 1x, https:\/\/i0.wp.com\/vincentians.com\/fr\/wp-content\/uploads\/sites\/10\/2016\/07\/ephemerides-fb.jpg?fit=1200%2C630&resize=525%2C300 1.5x, https:\/\/i0.wp.com\/vincentians.com\/fr\/wp-content\/uploads\/sites\/10\/2016\/07\/ephemerides-fb.jpg?fit=1200%2C630&resize=700%2C400 2x, https:\/\/i0.wp.com\/vincentians.com\/fr\/wp-content\/uploads\/sites\/10\/2016\/07\/ephemerides-fb.jpg?fit=1200%2C630&resize=1050%2C600 3x"},"classes":[]},{"id":105260,"url":"http:\/\/vincentians.com\/fr\/ephemerides-23-decembre\/","url_meta":{"origin":190058,"position":5},"title":"Eph\u00e9m\u00e9rides: 23 d\u00e9cembre","author":"Francisco Javier Fern\u00e1ndez Chento","date":"23\/12\/2016","format":false,"excerpt":"1804. \u00c0 Paris, le pape Pie VII honore de sa visite la Maison-M\u00e8re des Filles de la Charit\u00e9, rue du Vieux Colombier\u2026 Arriv\u00e9 dans la capitale le 28 novembre pour le sacre de Napol\u00e9on, dont les fastes se sont d\u00e9roul\u00e9s \u00e0 Notre-Dame le 2 d\u00e9cembre, le Souverain Pontife a, en\u2026","rel":"","context":"Dans &quot;\u00c9ph\u00e9m\u00e9rides vincentiens&quot;","block_context":{"text":"\u00c9ph\u00e9m\u00e9rides vincentiens","link":"http:\/\/vincentians.com\/fr\/category\/ephemerides-vincentiens\/"},"img":{"alt_text":"","src":"https:\/\/i0.wp.com\/vincentians.com\/fr\/wp-content\/uploads\/sites\/10\/2016\/07\/ephemerides-fb.jpg?fit=1200%2C630&resize=350%2C200","width":350,"height":200,"srcset":"https:\/\/i0.wp.com\/vincentians.com\/fr\/wp-content\/uploads\/sites\/10\/2016\/07\/ephemerides-fb.jpg?fit=1200%2C630&resize=350%2C200 1x, https:\/\/i0.wp.com\/vincentians.com\/fr\/wp-content\/uploads\/sites\/10\/2016\/07\/ephemerides-fb.jpg?fit=1200%2C630&resize=525%2C300 1.5x, https:\/\/i0.wp.com\/vincentians.com\/fr\/wp-content\/uploads\/sites\/10\/2016\/07\/ephemerides-fb.jpg?fit=1200%2C630&resize=700%2C400 2x, https:\/\/i0.wp.com\/vincentians.com\/fr\/wp-content\/uploads\/sites\/10\/2016\/07\/ephemerides-fb.jpg?fit=1200%2C630&resize=1050%2C600 3x"},"classes":[]}],"_links":{"self":[{"href":"http:\/\/vincentians.com\/fr\/wp-json\/wp\/v2\/posts\/190058","targetHints":{"allow":["GET"]}}],"collection":[{"href":"http:\/\/vincentians.com\/fr\/wp-json\/wp\/v2\/posts"}],"about":[{"href":"http:\/\/vincentians.com\/fr\/wp-json\/wp\/v2\/types\/post"}],"author":[{"embeddable":true,"href":"http:\/\/vincentians.com\/fr\/wp-json\/wp\/v2\/users\/4"}],"replies":[{"embeddable":true,"href":"http:\/\/vincentians.com\/fr\/wp-json\/wp\/v2\/comments?post=190058"}],"version-history":[{"count":0,"href":"http:\/\/vincentians.com\/fr\/wp-json\/wp\/v2\/posts\/190058\/revisions"}],"wp:featuredmedia":[{"embeddable":true,"href":"http:\/\/vincentians.com\/fr\/wp-json\/wp\/v2\/media\/149897"}],"wp:attachment":[{"href":"http:\/\/vincentians.com\/fr\/wp-json\/wp\/v2\/media?parent=190058"}],"wp:term":[{"taxonomy":"category","embeddable":true,"href":"http:\/\/vincentians.com\/fr\/wp-json\/wp\/v2\/categories?post=190058"},{"taxonomy":"post_tag","embeddable":true,"href":"http:\/\/vincentians.com\/fr\/wp-json\/wp\/v2\/tags?post=190058"}],"curies":[{"name":"wp","href":"https:\/\/api.w.org\/{rel}","templated":true}]}}