{"id":190057,"date":"2017-08-05T00:01:03","date_gmt":"2017-08-04T22:01:03","guid":{"rendered":"http:\/\/vincentians.com\/fr\/?p=190057"},"modified":"2016-08-08T19:15:48","modified_gmt":"2016-08-08T17:15:48","slug":"ephemerides-05-aout","status":"publish","type":"post","link":"http:\/\/vincentians.com\/fr\/ephemerides-05-aout\/","title":{"rendered":"Eph\u00e9m\u00e9rides: 05 ao\u00fbt"},"content":{"rendered":"<p><b>1689<\/b>. \u00c0 Saint-Pol-de-L\u00e9on, en Bretagne, l\u2019\u00e9v\u00eaque, Mgr Pierre Le Nevoux de la Brousse, confie son s\u00e9minaire aux Pr\u00eatres de la Mission. Trois confr\u00e8res et deux fr\u00e8res sont pr\u00e9vus pour cette \u0153uvre, et le pr\u00e9lat leur attribue une pension de 1.500 &lsquo;livres sur les revenus du S\u00e9minaire (1).<\/p>\n<p><b>1672<\/b>. Monsieur Alm\u00e9ras, Sup\u00e9rieur G\u00e9n\u00e9ral, signe et scelle de son sceau le texte revu et corrig\u00e9 des R\u00e8gles communes des Filles de la Charit\u00e9.Toutes les S\u0153urs Servantes pr\u00e9sentes \u00e0 Paris apposent le signature \u00e0 la suite. Cette r\u00e9daction \u00e9tait devenue n\u00e9cessaire par suite des nombreuses copies faites \u00e0 la main, incompl\u00e8tes et plus ou moins fid\u00e8les qui s\u2019\u00e9taient r\u00e9pandues dans les maisons. Toute copie de ce document sera authentifi\u00e9e par la signature de la Sup\u00e9rieure G\u00e9n\u00e9rale et le cachet de la Compagnie. (C)<\/p>\n<p><b>1772<\/b>. La Pologne est d\u00e9membr\u00e9e entre la Prusse, la Russie et l\u2019Autriche. Les S\u0153urs demeurent dans les diff\u00e9rentes maisons et poursuivent leur activit\u00e9 pr\u00e8s des pauvres.<\/p>\n<p><b>1833<\/b>. \u00c0 Paris, une main inconnue r\u00e9dige, en espagnol, une courte notice sur les visions dont fut favoris\u00e9e sainte Catherine Labour\u00e9 et sur trois gu\u00e9risons et une conversion obtenues par le moyen de la M\u00e9daille Miraculeuse. Ce document a \u00e9t\u00e9 d\u00e9couvert en 1934 \u00e0 l\u2019H\u00f4pital des Incurables &lsquo;de Madrid. A-t-il \u00e9t\u00e9 reproduit en plusieurs exemplaires et diffus\u00e9\u00a0? A-t-il \u00e9t\u00e9 \u00e9crit par notre confr\u00e8re, Carlos Lamboley qui, avec M. Aladel, \u00e9tait aum\u00f4nier de la Communaut\u00e9 et dont la signature se trouve au bas du post-scriptum ajout\u00e9 au document en question\u00a0? Questions difficiles \u00e0 r\u00e9soudre. Quoi qu\u2019il en soit, cette notice espagnole dat\u00e9e de 1833 est le plus ancien document \u00e9crit que nous ayons sur les Apparitions de 1830 (2). La premi\u00e8re notice en fran\u00e7ais sur ces m\u00eames faits, parut \u00e0 Paris en avril 1834, sous la signature de l\u2019abb\u00e9 Le Guillou, aum\u00f4nier de l\u2019H\u00f4pital de la Charit\u00e9\u00a0: Mgr de Qu\u00e9len l\u2019avait charg\u00e9 de l\u2019enqu\u00eate sur les circonstances se rapportant \u00e0 la M\u00e9daille Miraculeuse (3).<\/p>\n<p><b>1921<\/b>. \u00c0 Shanghai, arrivent les premiers confr\u00e8res am\u00e9ricains qui vont se d\u00e9vouer dans le Kiang-si. Ils sont la r\u00e9ponse \u00e0 l\u2019appel au secours qu\u2019a lanc\u00e9 Mgr Clerc-Renaud, embarrass\u00e9 par la p\u00e9nurie de missionnaires fran\u00e7ais dont la guerre est la cause. L\u2019\u00e9quipe, qui d\u00e9borde d\u2019un entrain joyeux, est compos\u00e9e de cinq pr\u00eatres et de quatre \u00e9tudiants en th\u00e9ologie. Le sup\u00e9rieur est M. John O\u2019Shea qui a alors trente-quatre ans. Gentleman et missionnaire, ce chef fera honneur \u00e0 cette premi\u00e8re troupe d\u2019ap\u00f4tres am\u00e9ricains qui sera suivie de beaucoup d\u2019autres. Devenu en 1921, coadjuteur de Mgr Dumond, qui d\u2019ailleurs lui conf\u00e8re lui-m\u00eame la cons\u00e9cration \u00e9piscopale, Mgr O\u2019Shea aura, en 1931, la charge de gouverner le vicariat apostolique de Kanchow, et lors de l\u2019\u00e9tablissement de la hi\u00e9rarchie catholique en Chine, il sera le premier \u00e9v\u00eaque du dioc\u00e8se de Kanchow. Mgr O\u2019Shea, en 1955, est rentr\u00e9 en Am\u00e9rique avec l\u2019aur\u00e9ole de confesseur de la foi\u00a0: il a connu, lui aussi, une rigoureuse d\u00e9tention de sept mois dans les prisons communistes\u00a0: son grand corps est sorti \u00e9puis\u00e9\u00a0; mais son grand c\u0153ur s\u2019y est montr\u00e9 invincible (4).<\/p>\n<dl>\n<dd>1) Notices III, p. 715.<\/dd>\n<dd>2) Annales, t. 99, pp. 9-12.<\/dd>\n<dd>3) Crapez\u00a0: Vie de la V\u00e9n\u00e9rable Catherine Labour\u00e9, pp. 108-109.<\/dd>\n<dd>4) Annales, t. 87, pp. 364, 388-391\u00a0; t. 93, pp. 119 et 746\u00a0; t. 96, p. 855\u00a0; t. 119-120, p. 183.<\/dd>\n<\/dl>\n","protected":false},"excerpt":{"rendered":"<p>1689. \u00c0 Saint-Pol-de-L\u00e9on, en Bretagne, l\u2019\u00e9v\u00eaque, Mgr Pierre Le Nevoux de la Brousse, confie son s\u00e9minaire aux Pr\u00eatres de la Mission. Trois confr\u00e8res et deux fr\u00e8res sont pr\u00e9vus pour cette \u0153uvre, et le pr\u00e9lat leur &#8230; <a href=\"http:\/\/vincentians.com\/fr\/ephemerides-05-aout\/\" class=\"more-link\">Read More<\/a><\/p>\n","protected":false},"author":4,"featured_media":149897,"comment_status":"open","ping_status":"open","sticky":false,"template":"","format":"standard","meta":{"jetpack_post_was_ever_published":false,"_jetpack_newsletter_access":"","_jetpack_dont_email_post_to_subs":false,"_jetpack_newsletter_tier_id":0,"_jetpack_memberships_contains_paywalled_content":false,"_jetpack_memberships_contains_paid_content":false,"footnotes":"","jetpack_publicize_message":"","jetpack_publicize_feature_enabled":true,"jetpack_social_post_already_shared":true,"jetpack_social_options":{"image_generator_settings":{"template":"highway","default_image_id":0,"font":"","enabled":false},"version":2}},"categories":[119],"tags":[],"class_list":["post-190057","post","type-post","status-publish","format-standard","has-post-thumbnail","hentry","category-ephemerides-vincentiens"],"yoast_head":"<!-- This site is optimized with the Yoast SEO plugin v26.3 - https:\/\/yoast.com\/wordpress\/plugins\/seo\/ -->\n<title>Eph\u00e9m\u00e9rides: 05 ao\u00fbt - Nous Sommes Vincentiens<\/title>\n<meta name=\"robots\" content=\"index, follow, max-snippet:-1, max-image-preview:large, max-video-preview:-1\" \/>\n<link rel=\"canonical\" href=\"http:\/\/vincentians.com\/fr\/ephemerides-05-aout\/\" \/>\n<meta property=\"og:locale\" content=\"fr_FR\" \/>\n<meta property=\"og:type\" content=\"article\" \/>\n<meta property=\"og:title\" content=\"Eph\u00e9m\u00e9rides: 05 ao\u00fbt - Nous Sommes Vincentiens\" \/>\n<meta property=\"og:description\" content=\"1689. \u00c0 Saint-Pol-de-L\u00e9on, en Bretagne, l\u2019\u00e9v\u00eaque, Mgr Pierre Le Nevoux de la Brousse, confie son s\u00e9minaire aux Pr\u00eatres de la Mission. Trois confr\u00e8res et deux fr\u00e8res sont pr\u00e9vus pour cette \u0153uvre, et le pr\u00e9lat leur ... Read More\" \/>\n<meta property=\"og:url\" content=\"http:\/\/vincentians.com\/fr\/ephemerides-05-aout\/\" \/>\n<meta property=\"og:site_name\" content=\"Nous Sommes Vincentiens\" \/>\n<meta property=\"article:publisher\" content=\"https:\/\/www.facebook.com\/WeAreVincentians\/\" \/>\n<meta property=\"article:author\" content=\"https:\/\/www.facebook.com\/JavierChento\" \/>\n<meta property=\"article:published_time\" content=\"2017-08-04T22:01:03+00:00\" \/>\n<meta property=\"og:image\" content=\"https:\/\/i0.wp.com\/vincentians.com\/fr\/wp-content\/uploads\/sites\/10\/2016\/07\/ephemerides-fb.jpg?fit=1200%2C630\" \/>\n\t<meta property=\"og:image:width\" content=\"1200\" \/>\n\t<meta property=\"og:image:height\" content=\"630\" \/>\n\t<meta property=\"og:image:type\" content=\"image\/jpeg\" \/>\n<meta name=\"author\" content=\"Francisco Javier Fern\u00e1ndez Chento\" \/>\n<meta name=\"twitter:card\" content=\"summary_large_image\" \/>\n<meta name=\"twitter:creator\" content=\"@https:\/\/twitter.com\/javierchento\" \/>\n<meta name=\"twitter:site\" content=\"@WeVincentians\" \/>\n<meta name=\"twitter:label1\" content=\"\u00c9crit par\" \/>\n\t<meta name=\"twitter:data1\" content=\"Francisco Javier Fern\u00e1ndez Chento\" \/>\n\t<meta name=\"twitter:label2\" content=\"Dur\u00e9e de lecture estim\u00e9e\" \/>\n\t<meta name=\"twitter:data2\" content=\"3 minutes\" \/>\n<script type=\"application\/ld+json\" class=\"yoast-schema-graph\">{\"@context\":\"https:\/\/schema.org\",\"@graph\":[{\"@type\":\"WebPage\",\"@id\":\"http:\/\/vincentians.com\/fr\/ephemerides-05-aout\/\",\"url\":\"http:\/\/vincentians.com\/fr\/ephemerides-05-aout\/\",\"name\":\"Eph\u00e9m\u00e9rides: 05 ao\u00fbt - Nous Sommes Vincentiens\",\"isPartOf\":{\"@id\":\"http:\/\/vincentians.com\/fr\/#website\"},\"primaryImageOfPage\":{\"@id\":\"http:\/\/vincentians.com\/fr\/ephemerides-05-aout\/#primaryimage\"},\"image\":{\"@id\":\"http:\/\/vincentians.com\/fr\/ephemerides-05-aout\/#primaryimage\"},\"thumbnailUrl\":\"https:\/\/i0.wp.com\/vincentians.com\/fr\/wp-content\/uploads\/sites\/10\/2016\/07\/ephemerides-fb.jpg?fit=1200%2C630\",\"datePublished\":\"2017-08-04T22:01:03+00:00\",\"author\":{\"@id\":\"http:\/\/vincentians.com\/fr\/#\/schema\/person\/9623ef4d9aa3b2dfb8c061f1499288f2\"},\"breadcrumb\":{\"@id\":\"http:\/\/vincentians.com\/fr\/ephemerides-05-aout\/#breadcrumb\"},\"inLanguage\":\"fr-FR\",\"potentialAction\":[{\"@type\":\"ReadAction\",\"target\":[\"http:\/\/vincentians.com\/fr\/ephemerides-05-aout\/\"]}]},{\"@type\":\"ImageObject\",\"inLanguage\":\"fr-FR\",\"@id\":\"http:\/\/vincentians.com\/fr\/ephemerides-05-aout\/#primaryimage\",\"url\":\"https:\/\/i0.wp.com\/vincentians.com\/fr\/wp-content\/uploads\/sites\/10\/2016\/07\/ephemerides-fb.jpg?fit=1200%2C630\",\"contentUrl\":\"https:\/\/i0.wp.com\/vincentians.com\/fr\/wp-content\/uploads\/sites\/10\/2016\/07\/ephemerides-fb.jpg?fit=1200%2C630\",\"width\":1200,\"height\":630},{\"@type\":\"BreadcrumbList\",\"@id\":\"http:\/\/vincentians.com\/fr\/ephemerides-05-aout\/#breadcrumb\",\"itemListElement\":[{\"@type\":\"ListItem\",\"position\":1,\"name\":\"Portada\",\"item\":\"http:\/\/vincentians.com\/fr\/\"},{\"@type\":\"ListItem\",\"position\":2,\"name\":\"Eph\u00e9m\u00e9rides: 05 ao\u00fbt\"}]},{\"@type\":\"WebSite\",\"@id\":\"http:\/\/vincentians.com\/fr\/#website\",\"url\":\"http:\/\/vincentians.com\/fr\/\",\"name\":\"Nous Sommes Vincentiens\",\"description\":\"Know more to serve more\",\"potentialAction\":[{\"@type\":\"SearchAction\",\"target\":{\"@type\":\"EntryPoint\",\"urlTemplate\":\"http:\/\/vincentians.com\/fr\/?s={search_term_string}\"},\"query-input\":{\"@type\":\"PropertyValueSpecification\",\"valueRequired\":true,\"valueName\":\"search_term_string\"}}],\"inLanguage\":\"fr-FR\"},{\"@type\":\"Person\",\"@id\":\"http:\/\/vincentians.com\/fr\/#\/schema\/person\/9623ef4d9aa3b2dfb8c061f1499288f2\",\"name\":\"Francisco Javier Fern\u00e1ndez Chento\",\"image\":{\"@type\":\"ImageObject\",\"inLanguage\":\"fr-FR\",\"@id\":\"http:\/\/vincentians.com\/fr\/#\/schema\/person\/image\/\",\"url\":\"https:\/\/secure.gravatar.com\/avatar\/497d5cde87b4c3d097d0315953521681ba2cd523ee66e5077c3711f7021e65de?s=96&d=mm&r=g\",\"contentUrl\":\"https:\/\/secure.gravatar.com\/avatar\/497d5cde87b4c3d097d0315953521681ba2cd523ee66e5077c3711f7021e65de?s=96&d=mm&r=g\",\"caption\":\"Francisco Javier Fern\u00e1ndez Chento\"},\"description\":\"Director General y cofundador de La Red de Formaci\u00f3n Vicenciana. Javier es laico vicenciano, afiliado a la Congregaci\u00f3n de la Misi\u00f3n y miembro del Equipo de Misiones Populares de la provincia can\u00f3nica de Zaragoza (Espa\u00f1a) de la Congregaci\u00f3n de la Misi\u00f3n. Graduado en la Universidad Oberta de Catalunya con cuatro grados (Asistente de direcci\u00f3n, Gesti\u00f3n Administrativa, Recursos Humanos y Contabilidad Avanzada). Bil\u00edng\u00fce Espa\u00f1ol\/Ingl\u00e9s. gestiona y mantiene varias p\u00e1ginas web cristianas y vicencianas, incluida including La Red de Formaci\u00f3n Vicenciana, de la que es cofundador. Actualmente es responsable del \u00e1rea de Espa\u00f1ol de .famvin, la Red de Noticias de la Familia Vicenciana. Tambi\u00e9n es m\u00fasico cat\u00f3lico y ha editado varios discos. Es Director General y cofundador de Trovador, una reconocida compa\u00f1\u00eda discogr\u00e1fica critiana de Espa\u00f1a. Trabaja en las Tecnolog\u00edas de la Informaci\u00f3n, ofreciendo servicios de alojamiento, dise\u00f1o y mantenimiento Web, as\u00ed como asesoramiento, formaci\u00f3n y soluciones inform\u00e1ticas, gesti\u00f3n documental y digitalizaci\u00f3n de textos, edici\u00f3n y maquetaci\u00f3n de libros, revistas, flyers, etc.\",\"sameAs\":[\"http:\/\/chento.org\",\"https:\/\/www.facebook.com\/JavierChento\",\"https:\/\/x.com\/https:\/\/twitter.com\/javierchento\"],\"url\":\"http:\/\/vincentians.com\/fr\/author\/chento\/\"}]}<\/script>\n<!-- \/ Yoast SEO plugin. -->","yoast_head_json":{"title":"Eph\u00e9m\u00e9rides: 05 ao\u00fbt - Nous Sommes Vincentiens","robots":{"index":"index","follow":"follow","max-snippet":"max-snippet:-1","max-image-preview":"max-image-preview:large","max-video-preview":"max-video-preview:-1"},"canonical":"http:\/\/vincentians.com\/fr\/ephemerides-05-aout\/","og_locale":"fr_FR","og_type":"article","og_title":"Eph\u00e9m\u00e9rides: 05 ao\u00fbt - Nous Sommes Vincentiens","og_description":"1689. \u00c0 Saint-Pol-de-L\u00e9on, en Bretagne, l\u2019\u00e9v\u00eaque, Mgr Pierre Le Nevoux de la Brousse, confie son s\u00e9minaire aux Pr\u00eatres de la Mission. Trois confr\u00e8res et deux fr\u00e8res sont pr\u00e9vus pour cette \u0153uvre, et le pr\u00e9lat leur ... Read More","og_url":"http:\/\/vincentians.com\/fr\/ephemerides-05-aout\/","og_site_name":"Nous Sommes Vincentiens","article_publisher":"https:\/\/www.facebook.com\/WeAreVincentians\/","article_author":"https:\/\/www.facebook.com\/JavierChento","article_published_time":"2017-08-04T22:01:03+00:00","og_image":[{"width":1200,"height":630,"url":"https:\/\/i0.wp.com\/vincentians.com\/fr\/wp-content\/uploads\/sites\/10\/2016\/07\/ephemerides-fb.jpg?fit=1200%2C630","type":"image\/jpeg"}],"author":"Francisco Javier Fern\u00e1ndez Chento","twitter_card":"summary_large_image","twitter_creator":"@https:\/\/twitter.com\/javierchento","twitter_site":"@WeVincentians","twitter_misc":{"\u00c9crit par":"Francisco Javier Fern\u00e1ndez Chento","Dur\u00e9e de lecture estim\u00e9e":"3 minutes"},"schema":{"@context":"https:\/\/schema.org","@graph":[{"@type":"WebPage","@id":"http:\/\/vincentians.com\/fr\/ephemerides-05-aout\/","url":"http:\/\/vincentians.com\/fr\/ephemerides-05-aout\/","name":"Eph\u00e9m\u00e9rides: 05 ao\u00fbt - Nous Sommes Vincentiens","isPartOf":{"@id":"http:\/\/vincentians.com\/fr\/#website"},"primaryImageOfPage":{"@id":"http:\/\/vincentians.com\/fr\/ephemerides-05-aout\/#primaryimage"},"image":{"@id":"http:\/\/vincentians.com\/fr\/ephemerides-05-aout\/#primaryimage"},"thumbnailUrl":"https:\/\/i0.wp.com\/vincentians.com\/fr\/wp-content\/uploads\/sites\/10\/2016\/07\/ephemerides-fb.jpg?fit=1200%2C630","datePublished":"2017-08-04T22:01:03+00:00","author":{"@id":"http:\/\/vincentians.com\/fr\/#\/schema\/person\/9623ef4d9aa3b2dfb8c061f1499288f2"},"breadcrumb":{"@id":"http:\/\/vincentians.com\/fr\/ephemerides-05-aout\/#breadcrumb"},"inLanguage":"fr-FR","potentialAction":[{"@type":"ReadAction","target":["http:\/\/vincentians.com\/fr\/ephemerides-05-aout\/"]}]},{"@type":"ImageObject","inLanguage":"fr-FR","@id":"http:\/\/vincentians.com\/fr\/ephemerides-05-aout\/#primaryimage","url":"https:\/\/i0.wp.com\/vincentians.com\/fr\/wp-content\/uploads\/sites\/10\/2016\/07\/ephemerides-fb.jpg?fit=1200%2C630","contentUrl":"https:\/\/i0.wp.com\/vincentians.com\/fr\/wp-content\/uploads\/sites\/10\/2016\/07\/ephemerides-fb.jpg?fit=1200%2C630","width":1200,"height":630},{"@type":"BreadcrumbList","@id":"http:\/\/vincentians.com\/fr\/ephemerides-05-aout\/#breadcrumb","itemListElement":[{"@type":"ListItem","position":1,"name":"Portada","item":"http:\/\/vincentians.com\/fr\/"},{"@type":"ListItem","position":2,"name":"Eph\u00e9m\u00e9rides: 05 ao\u00fbt"}]},{"@type":"WebSite","@id":"http:\/\/vincentians.com\/fr\/#website","url":"http:\/\/vincentians.com\/fr\/","name":"Nous Sommes Vincentiens","description":"Know more to serve more","potentialAction":[{"@type":"SearchAction","target":{"@type":"EntryPoint","urlTemplate":"http:\/\/vincentians.com\/fr\/?s={search_term_string}"},"query-input":{"@type":"PropertyValueSpecification","valueRequired":true,"valueName":"search_term_string"}}],"inLanguage":"fr-FR"},{"@type":"Person","@id":"http:\/\/vincentians.com\/fr\/#\/schema\/person\/9623ef4d9aa3b2dfb8c061f1499288f2","name":"Francisco Javier Fern\u00e1ndez Chento","image":{"@type":"ImageObject","inLanguage":"fr-FR","@id":"http:\/\/vincentians.com\/fr\/#\/schema\/person\/image\/","url":"https:\/\/secure.gravatar.com\/avatar\/497d5cde87b4c3d097d0315953521681ba2cd523ee66e5077c3711f7021e65de?s=96&d=mm&r=g","contentUrl":"https:\/\/secure.gravatar.com\/avatar\/497d5cde87b4c3d097d0315953521681ba2cd523ee66e5077c3711f7021e65de?s=96&d=mm&r=g","caption":"Francisco Javier Fern\u00e1ndez Chento"},"description":"Director General y cofundador de La Red de Formaci\u00f3n Vicenciana. Javier es laico vicenciano, afiliado a la Congregaci\u00f3n de la Misi\u00f3n y miembro del Equipo de Misiones Populares de la provincia can\u00f3nica de Zaragoza (Espa\u00f1a) de la Congregaci\u00f3n de la Misi\u00f3n. Graduado en la Universidad Oberta de Catalunya con cuatro grados (Asistente de direcci\u00f3n, Gesti\u00f3n Administrativa, Recursos Humanos y Contabilidad Avanzada). Bil\u00edng\u00fce Espa\u00f1ol\/Ingl\u00e9s. gestiona y mantiene varias p\u00e1ginas web cristianas y vicencianas, incluida including La Red de Formaci\u00f3n Vicenciana, de la que es cofundador. Actualmente es responsable del \u00e1rea de Espa\u00f1ol de .famvin, la Red de Noticias de la Familia Vicenciana. Tambi\u00e9n es m\u00fasico cat\u00f3lico y ha editado varios discos. Es Director General y cofundador de Trovador, una reconocida compa\u00f1\u00eda discogr\u00e1fica critiana de Espa\u00f1a. Trabaja en las Tecnolog\u00edas de la Informaci\u00f3n, ofreciendo servicios de alojamiento, dise\u00f1o y mantenimiento Web, as\u00ed como asesoramiento, formaci\u00f3n y soluciones inform\u00e1ticas, gesti\u00f3n documental y digitalizaci\u00f3n de textos, edici\u00f3n y maquetaci\u00f3n de libros, revistas, flyers, etc.","sameAs":["http:\/\/chento.org","https:\/\/www.facebook.com\/JavierChento","https:\/\/x.com\/https:\/\/twitter.com\/javierchento"],"url":"http:\/\/vincentians.com\/fr\/author\/chento\/"}]}},"jetpack_publicize_connections":[],"jetpack_featured_media_url":"https:\/\/i0.wp.com\/vincentians.com\/fr\/wp-content\/uploads\/sites\/10\/2016\/07\/ephemerides-fb.jpg?fit=1200%2C630","jetpack_sharing_enabled":true,"jetpack_shortlink":"https:\/\/wp.me\/p7ETMP-Nrr","jetpack-related-posts":[{"id":190065,"url":"http:\/\/vincentians.com\/fr\/ephemerides-12-aout\/","url_meta":{"origin":190057,"position":0},"title":"Eph\u00e9m\u00e9rides: 12 ao\u00fbt","author":"Francisco Javier Fern\u00e1ndez Chento","date":"12\/08\/2016","format":false,"excerpt":"1591. \u00c0 Paris, ou du moins non loin de la capitale, naissance de Louise de Marillac (1). 1659. \u00c0 Rome, le Pape Alexandre VII signe le bref \u00abAlias Nos\u00bb qui donne le statut fondamental du v\u0153u de pauvret\u00e9 \u00e9mis dans la Compagnie (2). 1752. \u00c0 Miranda, au Portugal, l\u2019\u00e9v\u00eaque Jean\u2026","rel":"","context":"Dans &quot;\u00c9ph\u00e9m\u00e9rides vincentiens&quot;","block_context":{"text":"\u00c9ph\u00e9m\u00e9rides vincentiens","link":"http:\/\/vincentians.com\/fr\/category\/ephemerides-vincentiens\/"},"img":{"alt_text":"","src":"https:\/\/i0.wp.com\/vincentians.com\/fr\/wp-content\/uploads\/sites\/10\/2016\/07\/ephemerides-fb.jpg?fit=1200%2C630&resize=350%2C200","width":350,"height":200,"srcset":"https:\/\/i0.wp.com\/vincentians.com\/fr\/wp-content\/uploads\/sites\/10\/2016\/07\/ephemerides-fb.jpg?fit=1200%2C630&resize=350%2C200 1x, https:\/\/i0.wp.com\/vincentians.com\/fr\/wp-content\/uploads\/sites\/10\/2016\/07\/ephemerides-fb.jpg?fit=1200%2C630&resize=525%2C300 1.5x, https:\/\/i0.wp.com\/vincentians.com\/fr\/wp-content\/uploads\/sites\/10\/2016\/07\/ephemerides-fb.jpg?fit=1200%2C630&resize=700%2C400 2x, https:\/\/i0.wp.com\/vincentians.com\/fr\/wp-content\/uploads\/sites\/10\/2016\/07\/ephemerides-fb.jpg?fit=1200%2C630&resize=1050%2C600 3x"},"classes":[]},{"id":190137,"url":"http:\/\/vincentians.com\/fr\/ephemerides-27-aout\/","url_meta":{"origin":190057,"position":1},"title":"Eph\u00e9m\u00e9rides : 27 ao\u00fbt","author":"Francisco Javier Fern\u00e1ndez Chento","date":"27\/08\/2016","format":false,"excerpt":"1660. Monsieur Vincent pr\u00e9side l'\u00e9lection de la Sup\u00e9rieure G\u00e9n\u00e9rale et des Offici\u00e8res de la Compagnie apr\u00e8s la mort de Mademoiselle Le Gras\u00a0: \u201cSi vous me dites: Monsieur, qui peut soutenir la Compagnie de la Charit\u00e9\u00a0? Je vous dirai, mes S\u0153urs, que c'est l'humilit\u00e9. Et quoi encore\u00a0? l'humilit\u00e9\u201d. Monsieur Vincent nomme\u2026","rel":"","context":"Dans &quot;\u00c9ph\u00e9m\u00e9rides vincentiens&quot;","block_context":{"text":"\u00c9ph\u00e9m\u00e9rides vincentiens","link":"http:\/\/vincentians.com\/fr\/category\/ephemerides-vincentiens\/"},"img":{"alt_text":"","src":"https:\/\/i0.wp.com\/vincentians.com\/fr\/wp-content\/uploads\/sites\/10\/2016\/07\/ephemerides-fb.jpg?fit=1200%2C630&resize=350%2C200","width":350,"height":200,"srcset":"https:\/\/i0.wp.com\/vincentians.com\/fr\/wp-content\/uploads\/sites\/10\/2016\/07\/ephemerides-fb.jpg?fit=1200%2C630&resize=350%2C200 1x, https:\/\/i0.wp.com\/vincentians.com\/fr\/wp-content\/uploads\/sites\/10\/2016\/07\/ephemerides-fb.jpg?fit=1200%2C630&resize=525%2C300 1.5x, https:\/\/i0.wp.com\/vincentians.com\/fr\/wp-content\/uploads\/sites\/10\/2016\/07\/ephemerides-fb.jpg?fit=1200%2C630&resize=700%2C400 2x, https:\/\/i0.wp.com\/vincentians.com\/fr\/wp-content\/uploads\/sites\/10\/2016\/07\/ephemerides-fb.jpg?fit=1200%2C630&resize=1050%2C600 3x"},"classes":[]},{"id":105943,"url":"http:\/\/vincentians.com\/fr\/ephemerides-10-mai\/","url_meta":{"origin":190057,"position":2},"title":"Eph\u00e9m\u00e9rides: 10 mai","author":"Francisco Javier Fern\u00e1ndez Chento","date":"10\/05\/2017","format":false,"excerpt":"En 1711, \u00e0 Paris, \u00e9lection de M. Jean Bonnet, 6e Sup\u00e9rieur G\u00e9n\u00e9ral. N\u00e9 \u00e0 Fontainebleau le 29 mars 1664, il re\u00e7ut la tonsure des mains de Bossuet. Entr\u00e9 au S\u00e9minaire interne des Lazaristes en 1681, il est plac\u00e9 au Grand S\u00e9minaire d\u2019Auxerre, puis devient Sup\u00e9rieur \u00e0 celui de Chartres. Assistant\u2026","rel":"","context":"Dans &quot;\u00c9ph\u00e9m\u00e9rides vincentiens&quot;","block_context":{"text":"\u00c9ph\u00e9m\u00e9rides vincentiens","link":"http:\/\/vincentians.com\/fr\/category\/ephemerides-vincentiens\/"},"img":{"alt_text":"","src":"https:\/\/i0.wp.com\/vincentians.com\/fr\/wp-content\/uploads\/sites\/10\/2016\/07\/ephemerides-fb.jpg?fit=1200%2C630&resize=350%2C200","width":350,"height":200,"srcset":"https:\/\/i0.wp.com\/vincentians.com\/fr\/wp-content\/uploads\/sites\/10\/2016\/07\/ephemerides-fb.jpg?fit=1200%2C630&resize=350%2C200 1x, https:\/\/i0.wp.com\/vincentians.com\/fr\/wp-content\/uploads\/sites\/10\/2016\/07\/ephemerides-fb.jpg?fit=1200%2C630&resize=525%2C300 1.5x, https:\/\/i0.wp.com\/vincentians.com\/fr\/wp-content\/uploads\/sites\/10\/2016\/07\/ephemerides-fb.jpg?fit=1200%2C630&resize=700%2C400 2x, https:\/\/i0.wp.com\/vincentians.com\/fr\/wp-content\/uploads\/sites\/10\/2016\/07\/ephemerides-fb.jpg?fit=1200%2C630&resize=1050%2C600 3x"},"classes":[]},{"id":190178,"url":"http:\/\/vincentians.com\/fr\/ephemerides-18-septembre\/","url_meta":{"origin":190057,"position":3},"title":"Eph\u00e9m\u00e9rides : 18 septembre","author":"Francisco Javier Fern\u00e1ndez Chento","date":"18\/09\/2016","format":false,"excerpt":"1715. \u00c0 Dax, le sieur Jean, notaire, r\u00e9dige le contrat par lequel le cur\u00e9 de Heugas, Louis Dumas, seigneur de Bergoignan, donne aux missionnaires \u00e9tablis \u00e0 Notre-Dame-de-Buglose, depuis neuf ans, une somme de 6.194 livres. Parmi les conditions de cette donation, il y a celle de faire de deux ans\u2026","rel":"","context":"Dans &quot;\u00c9ph\u00e9m\u00e9rides vincentiens&quot;","block_context":{"text":"\u00c9ph\u00e9m\u00e9rides vincentiens","link":"http:\/\/vincentians.com\/fr\/category\/ephemerides-vincentiens\/"},"img":{"alt_text":"","src":"https:\/\/i0.wp.com\/vincentians.com\/fr\/wp-content\/uploads\/sites\/10\/2016\/07\/ephemerides-fb.jpg?fit=1200%2C630&resize=350%2C200","width":350,"height":200,"srcset":"https:\/\/i0.wp.com\/vincentians.com\/fr\/wp-content\/uploads\/sites\/10\/2016\/07\/ephemerides-fb.jpg?fit=1200%2C630&resize=350%2C200 1x, https:\/\/i0.wp.com\/vincentians.com\/fr\/wp-content\/uploads\/sites\/10\/2016\/07\/ephemerides-fb.jpg?fit=1200%2C630&resize=525%2C300 1.5x, https:\/\/i0.wp.com\/vincentians.com\/fr\/wp-content\/uploads\/sites\/10\/2016\/07\/ephemerides-fb.jpg?fit=1200%2C630&resize=700%2C400 2x, https:\/\/i0.wp.com\/vincentians.com\/fr\/wp-content\/uploads\/sites\/10\/2016\/07\/ephemerides-fb.jpg?fit=1200%2C630&resize=1050%2C600 3x"},"classes":[]},{"id":105534,"url":"http:\/\/vincentians.com\/fr\/ephemerides-11-janvier\/","url_meta":{"origin":190057,"position":4},"title":"Eph\u00e9m\u00e9rides: 11 janvier","author":"Francisco Javier Fern\u00e1ndez Chento","date":"11\/01\/2017","format":false,"excerpt":"1659. Sainte Louise \u00e9crit \u00e0 saint Vincent au sujet de notre genre de vie\u00a0: \u201cQuelques esprits d\u00e9licats de la Compagnie ont r\u00e9pugnance \u00e0 ce mot de \u201cconfr\u00e9rie\u201d et ne voudraient que Soci\u00e9t\u00e9 ou Communaut\u00e9. Je pris la libert\u00e9 de dire que ce mot \u00e9tait essentiel\u2026 et qu\u2019il signifiait \"s\u00e9cularit\u00e9\"\u00a0; que\u2026","rel":"","context":"Dans &quot;\u00c9ph\u00e9m\u00e9rides vincentiens&quot;","block_context":{"text":"\u00c9ph\u00e9m\u00e9rides vincentiens","link":"http:\/\/vincentians.com\/fr\/category\/ephemerides-vincentiens\/"},"img":{"alt_text":"","src":"https:\/\/i0.wp.com\/vincentians.com\/fr\/wp-content\/uploads\/sites\/10\/2016\/07\/ephemerides-fb.jpg?fit=1200%2C630&resize=350%2C200","width":350,"height":200,"srcset":"https:\/\/i0.wp.com\/vincentians.com\/fr\/wp-content\/uploads\/sites\/10\/2016\/07\/ephemerides-fb.jpg?fit=1200%2C630&resize=350%2C200 1x, https:\/\/i0.wp.com\/vincentians.com\/fr\/wp-content\/uploads\/sites\/10\/2016\/07\/ephemerides-fb.jpg?fit=1200%2C630&resize=525%2C300 1.5x, https:\/\/i0.wp.com\/vincentians.com\/fr\/wp-content\/uploads\/sites\/10\/2016\/07\/ephemerides-fb.jpg?fit=1200%2C630&resize=700%2C400 2x, https:\/\/i0.wp.com\/vincentians.com\/fr\/wp-content\/uploads\/sites\/10\/2016\/07\/ephemerides-fb.jpg?fit=1200%2C630&resize=1050%2C600 3x"},"classes":[]},{"id":190185,"url":"http:\/\/vincentians.com\/fr\/ephemerides-25-septembre\/","url_meta":{"origin":190057,"position":5},"title":"Eph\u00e9m\u00e9rides : 25 septembre","author":"Francisco Javier Fern\u00e1ndez Chento","date":"25\/09\/2016","format":false,"excerpt":"1628. \u00c0 Rome, la Propagande rejette compl\u00e8tement la deuxi\u00e8me supplique que,\u2014 la premi\u00e8re \u00e0 peine repouss\u00e9e, \u2014 Monsieur Vincent lui a adress\u00e9e pour obtenir l\u2019approbation de sa petite Compagnie. Si, dans la Ville \u00c9ternelle, son projet est combattu en sourdine, Monsieur Vincent, par contre, est tenace. Cette fois, il va\u2026","rel":"","context":"Dans &quot;\u00c9ph\u00e9m\u00e9rides vincentiens&quot;","block_context":{"text":"\u00c9ph\u00e9m\u00e9rides vincentiens","link":"http:\/\/vincentians.com\/fr\/category\/ephemerides-vincentiens\/"},"img":{"alt_text":"","src":"https:\/\/i0.wp.com\/vincentians.com\/fr\/wp-content\/uploads\/sites\/10\/2016\/07\/ephemerides-fb.jpg?fit=1200%2C630&resize=350%2C200","width":350,"height":200,"srcset":"https:\/\/i0.wp.com\/vincentians.com\/fr\/wp-content\/uploads\/sites\/10\/2016\/07\/ephemerides-fb.jpg?fit=1200%2C630&resize=350%2C200 1x, https:\/\/i0.wp.com\/vincentians.com\/fr\/wp-content\/uploads\/sites\/10\/2016\/07\/ephemerides-fb.jpg?fit=1200%2C630&resize=525%2C300 1.5x, https:\/\/i0.wp.com\/vincentians.com\/fr\/wp-content\/uploads\/sites\/10\/2016\/07\/ephemerides-fb.jpg?fit=1200%2C630&resize=700%2C400 2x, https:\/\/i0.wp.com\/vincentians.com\/fr\/wp-content\/uploads\/sites\/10\/2016\/07\/ephemerides-fb.jpg?fit=1200%2C630&resize=1050%2C600 3x"},"classes":[]}],"_links":{"self":[{"href":"http:\/\/vincentians.com\/fr\/wp-json\/wp\/v2\/posts\/190057","targetHints":{"allow":["GET"]}}],"collection":[{"href":"http:\/\/vincentians.com\/fr\/wp-json\/wp\/v2\/posts"}],"about":[{"href":"http:\/\/vincentians.com\/fr\/wp-json\/wp\/v2\/types\/post"}],"author":[{"embeddable":true,"href":"http:\/\/vincentians.com\/fr\/wp-json\/wp\/v2\/users\/4"}],"replies":[{"embeddable":true,"href":"http:\/\/vincentians.com\/fr\/wp-json\/wp\/v2\/comments?post=190057"}],"version-history":[{"count":0,"href":"http:\/\/vincentians.com\/fr\/wp-json\/wp\/v2\/posts\/190057\/revisions"}],"wp:featuredmedia":[{"embeddable":true,"href":"http:\/\/vincentians.com\/fr\/wp-json\/wp\/v2\/media\/149897"}],"wp:attachment":[{"href":"http:\/\/vincentians.com\/fr\/wp-json\/wp\/v2\/media?parent=190057"}],"wp:term":[{"taxonomy":"category","embeddable":true,"href":"http:\/\/vincentians.com\/fr\/wp-json\/wp\/v2\/categories?post=190057"},{"taxonomy":"post_tag","embeddable":true,"href":"http:\/\/vincentians.com\/fr\/wp-json\/wp\/v2\/tags?post=190057"}],"curies":[{"name":"wp","href":"https:\/\/api.w.org\/{rel}","templated":true}]}}