{"id":189852,"date":"2016-08-13T06:00:35","date_gmt":"2016-08-13T04:00:35","guid":{"rendered":"http:\/\/vincentians.com\/fr\/?p=189852"},"modified":"2016-08-04T04:08:06","modified_gmt":"2016-08-04T02:08:06","slug":"les-contributions-du-charisme-vincentien-la-mission-leglise-10-fin","status":"publish","type":"post","link":"http:\/\/vincentians.com\/fr\/les-contributions-du-charisme-vincentien-la-mission-leglise-10-fin\/","title":{"rendered":"Les contributions du charisme vincentien \u00e0 la mission de l&rsquo;Eglise (10 &#8211; Fin)"},"content":{"rendered":"<h2><strong>10. Le mouvement circulaire vincentien\u00a0: du Christ aux pauvres, des pauvres au Christ<\/strong><\/h2>\n<p>Pour conclure cette r\u00e9flexion sur les contributions du charisme vincentien \u00e0 la mission de l&rsquo;Eglise, il semble opportun de se r\u00e9f\u00e9rer au mouvement circulaire du charisme vincentien\u00a0: du Christ aux pauvres\u00a0; des pauvres au Christ<span id='easy-footnote-1-189852' class='easy-footnote-margin-adjust'><\/span><span class='easy-footnote'><a href='http:\/\/vincentians.com\/fr\/les-contributions-du-charisme-vincentien-la-mission-leglise-10-fin\/#easy-footnote-bottom-1-189852' title='CPAG-80, \u201cLineas de fuerza de la experiencia espiritual del se\u00f1or Vicente: La experiencia spiritual del se\u00f1or Vicente y la nuestra\u201d [Lignes de force de l\u2019exp\u00e9rience spirituelle de Monsieur Vncent: L\u2019exp\u00e9rience spirituelle de Monsieur Vincent et la n\u00f4tre] in Anales (1977), 278-283. C. FERN\u00c1NDEZ, \u201cEl pobre en el coraz\u00f3n de San Vicente de Pa\u00fal\u201d [Le pauvre dans le c\u0153ur de Saint Vincent de Paul] in &lt;em&gt;La experiencia espiritual de San Vicente de Pa\u00fal&lt;\/em&gt;, Editorial CEME, Salamanca, 2011, 507-529; J. M. IB\u00c1\u00d1EZ, \u201cOpci\u00f3n Vicenciana por los pobres\u201d [L\u2019option vincentienne pour les pauvres] in &lt;em&gt;Respuesta vicenciana a las nuevas formas de pobreza,&lt;\/em&gt; Editorial CEME, Salamanca, 1988, 115-157. S. BARQU\u00cdN, \u201cEl pobre, lugar teol\u00f3gico en el carisma vicenciano\u201d [Le pauvre, lieu th\u00e9ologique du charisme vincentien] in &lt;em&gt;Carisma, vicenciano, memoria y profec\u00eda&lt;\/em&gt;, Editorial CEME, Salamanca, 2001, 127-204. J. CORERA, \u201cEl pobre seg\u00fan san Vicente\u201d [Le pauvre selon saint Vincent] in &lt;em&gt;Vincentiana&lt;\/em&gt;, (1984), 578-586.'><sup>1<\/sup><\/a><\/span>.<\/p>\n<p><em>\u00ab\u00a0Aimons l\u2019Amour\u00a0\u00bb <\/em>\u00e9crivait Louise en contemplant le Christ sur la croix. C\u2019est ainsi qu&rsquo;elle consid\u00e9rait le service des pauvres, comme une r\u00e9ponse d&rsquo;amour \u00e0 l&rsquo;Amour\u00a0(cf. Ecrits, 816-817, A.27)\u00a0:<\/p>\n<p style=\"padding-left: 30px;\">Travaillons donc bien au service corporel et spirituel des pauvres malades pour l&rsquo;amour de J\u00e9sus Crucifi\u00e9 (Ecrits, 513, L.531b).<\/p>\n<p>Tous les actes de service doivent \u00eatre remplis de cet amour\u00a0:<\/p>\n<p style=\"padding-left: 30px;\"><em>\u2026servir vos pauvres malades, en l&rsquo;esprit de douceur et de grande compassion, pour imiter Notre-Seigneur qui en usait de la sorte avec tous les plus f\u00e2cheux.<\/em> (Ecrits, 433, L.383).<\/p>\n<p>J&rsquo;ai toujours \u00e9t\u00e9 impressionn\u00e9 par la relation \u00e9troite que Louise \u00e9tablit entre l&rsquo;union avec Dieu, le service des pauvres, l\u2019union et la cordialit\u00e9 au sein de la communaut\u00e9. De l&rsquo;avis de Louise, ces r\u00e9alit\u00e9s ne sont pas distinctes\u00a0: la pri\u00e8re, le service des pauvres, le souci de leur soin et de leur salut, la fraternit\u00e9 jaillissent de la m\u00eame exp\u00e9rience et se concr\u00e9tisent dans le cheminement \u00e0 la suite de J\u00e9sus-Christ, le Seigneur Crucifi\u00e9. En octobre 1646, Louise \u00e9crit aux S\u0153urs de Nantes\u00a0:<\/p>\n<p style=\"padding-left: 30px;\">Lisez-vous votre r\u00e8glement et vos offices ? dites-vous soir et matin les pri\u00e8res des Malades et le Benedicite et Gr\u00e2ces aux repas ? Avez-vous vos serviettes aux lits de vos malades ? Les tenez-vous bien proprement ? mais surtout, mes ch\u00e8res S\u0153urs, avez-vous un grand amour pour leur salut ? C&rsquo;est cela particuli\u00e8rement que notre bon Dieu attend de vous. (Ecrits, 181, L.160).<\/p>\n<p>Vincent formule \u00e0 de nombreuses reprises le mouvement circulaire du charisme vincentien. Rappelons quelques-unes de ses paroles. Le 16 mars, 1642, Vincent a parl\u00e9 aux Filles de la Charit\u00e9 lors d\u2019une conf\u00e9rence\u00a0:<\/p>\n<p style=\"padding-left: 30px;\">Les pauvres ont l&rsquo;honneur de repr\u00e9senter les membres de J\u00e9sus-Christ, qui tient les services qu&rsquo;on leur fait comme faits \u00e0 lui-m\u00eame (Coste IX, 61).<\/p>\n<p>Puis, lors de la conf\u00e9rence du 13 f\u00e9vrier 1646, Vincent a d\u00e9clar\u00e9\u00a0:<\/p>\n<p style=\"padding-left: 30px;\">Servant les pauvres, on sert J\u00e9sus-Christ. O mes filles, que cela est vrai ! Vous servez J\u00e9sus-Christ en la personne des pauvres. Et cela est aussi vrai que nous sommes ici. Une s\u0153ur ira dix fois le jour voir les malades, et dix fois par jour elle y trouvera Dieu\u2026. Si Dieu donne une \u00e9ternit\u00e9 bienheureuse \u00e0 ceux qui ne leur ont donn\u00e9 qu&rsquo;un verre d&rsquo;eau, que donnera-t-il \u00e0 la Fille de la Charit\u00e9 qui quitte tout et se donne elle-m\u00eame pour les servir tout le temps de sa vie ? \u2026 Elle a sujet d&rsquo;esp\u00e9rer d&rsquo;\u00eatre de celles \u00e0 qui il dira : \u00ab Venez, les b\u00e9nis de mon P\u00e8re, poss\u00e9dez le royaume qui vous a \u00e9t\u00e9 pr\u00e9par\u00e9\u00a0\u00bb \u2026 \u00a0Les pauvres assist\u00e9s par elle seront ses intercesseurs aupr\u00e8s de Dieu\u00a0; ils viendront en foule au-devant d&rsquo;elle\u00a0; ils diront au bon Dieu : \u00ab Mon Dieu, voici celle qui nous a assist\u00e9s pour votre amour ; mon Dieu, voici celle qui nous a appris \u00e0 vous conna\u00eetre\u00a0\u00bb (Coste IX, 252-253).<\/p>\n<p>Ce naturel \u00e0 passer du Christ aux pauvres et des pauvres, sans pauses ni bonds, a \u00e9t\u00e9 et continue d&rsquo;\u00eatre une contribution significative du charisme vincentien \u00e0 la mission de l&rsquo;\u00c9glise.<\/p>\n<h2><strong>Conclusion<\/strong><\/h2>\n<p>En soulignant les contributions du charisme vincentien \u00e0 la mission de l&rsquo;\u00e9glise, nous ne voulons pas susciter une certaine autosatisfaction. Le Pape Fran\u00e7ois nous explique le vrai sens du regard reconnaissant sur notre pass\u00e9\u00a0:<em> \u00ab Je crois que, plut\u00f4t que de vivre dans une utopie, vous trouverez des fa\u00e7ons de cr\u00e9er des \u00ab\u00a0espaces alternatifs\u00a0\u00bb, o\u00f9 l&rsquo;approche \u00e9vang\u00e9lique du don de soi, la fraternit\u00e9, diff\u00e9rences embrassant, et l&rsquo;amour les uns des autres peuvent prosp\u00e9rer\u00a0\u00bb<\/em><span id='easy-footnote-2-189852' class='easy-footnote-margin-adjust'><\/span><span class='easy-footnote'><a href='http:\/\/vincentians.com\/fr\/les-contributions-du-charisme-vincentien-la-mission-leglise-10-fin\/#easy-footnote-bottom-2-189852' title='Pape Fran\u00e7ois. &lt;em&gt;Lettre Apostolique \u00e0 toutes les personnes consacr\u00e9es&lt;\/em&gt;, 21 novembre, 2014, II, 2. URL : &lt;a href=&quot;http:\/\/w2.vatican.va\/content\/francesco\/fr\/apost_letters\/documents\/papa-francesco_lettera-ap_20141121_lettera-consacrati.html&quot;&gt;http:\/\/w2.vatican.va\/content\/francesco\/fr\/apost_letters\/documents\/papa-francesco_lettera-ap_20141121_lettera-consacrati.html&lt;\/a&gt;'><sup>2<\/sup><\/a><\/span>.<\/p>\n<p>Il me semble que nous sommes au temps des grandes structures au service de la mission de l&rsquo;\u00c9glise. Cependant, la contribution du charisme vincentien ne consiste pas seulement \u00e0 encourager les gens \u00e0 vivre une \u00ab\u00a0utopie\u00a0\u00bb<span id='easy-footnote-3-189852' class='easy-footnote-margin-adjust'><\/span><span class='easy-footnote'><a href='http:\/\/vincentians.com\/fr\/les-contributions-du-charisme-vincentien-la-mission-leglise-10-fin\/#easy-footnote-bottom-3-189852' title='De par son \u00e9tymologie, le mot \u201cutopie\u201d fait r\u00e9f\u00e9rence \u00e0 un non-lieu.'><sup>3<\/sup><\/a><\/span>, mais aussi \u00e0 cr\u00e9er des \u00ab\u00a0lieux\u00a0\u00bb, des espaces dans lesquels les pauvres peuvent \u00e9prouver la joie de l&rsquo;\u00c9vangile, gu\u00e9rir de leurs blessures et o\u00f9 nous pouvons tous continuer \u00e0 \u00eatre touch\u00e9s par la Bonne Nouvelle.<\/p>\n<p>Ce sont l\u00e0 les \u00ab\u00a0espaces\u00a0\u00bb \u00e0 partir desquels le charisme vincentien continue de contribuer \u00e0 la mission de l&rsquo;Eglise.<\/p>\n<h3><strong><em>T\u00e9l\u00e9charger l&rsquo;article complet:<\/em><br \/>\n<\/strong><\/h3>\n[wpfilebase tag=file id=175 \/]\n","protected":false},"excerpt":{"rendered":"<p>10. Le mouvement circulaire vincentien\u00a0: du Christ aux pauvres, des pauvres au Christ Pour conclure cette r\u00e9flexion sur les contributions du charisme vincentien \u00e0 la mission de l&rsquo;Eglise, il semble opportun de se r\u00e9f\u00e9rer au &#8230; <a href=\"http:\/\/vincentians.com\/fr\/les-contributions-du-charisme-vincentien-la-mission-leglise-10-fin\/\" class=\"more-link\">Read More<\/a><\/p>\n","protected":false},"author":4,"featured_media":148885,"comment_status":"open","ping_status":"open","sticky":false,"template":"","format":"standard","meta":{"jetpack_post_was_ever_published":false,"_jetpack_newsletter_access":"","_jetpack_dont_email_post_to_subs":false,"_jetpack_newsletter_tier_id":0,"_jetpack_memberships_contains_paywalled_content":false,"_jetpack_memberships_contains_paid_content":false,"footnotes":"","jetpack_publicize_message":"","jetpack_publicize_feature_enabled":true,"jetpack_social_post_already_shared":true,"jetpack_social_options":{"image_generator_settings":{"template":"highway","default_image_id":0,"font":"","enabled":false},"version":2}},"categories":[118],"tags":[],"class_list":["post-189852","post","type-post","status-publish","format-standard","has-post-thumbnail","hentry","category-formation-vincentienne"],"yoast_head":"<!-- This site is optimized with the Yoast SEO plugin v26.3 - https:\/\/yoast.com\/wordpress\/plugins\/seo\/ -->\n<title>Les contributions du charisme vincentien \u00e0 la mission de l&#039;Eglise (10 - Fin) - Nous Sommes Vincentiens<\/title>\n<meta name=\"robots\" content=\"index, follow, max-snippet:-1, max-image-preview:large, max-video-preview:-1\" \/>\n<link rel=\"canonical\" href=\"http:\/\/vincentians.com\/fr\/les-contributions-du-charisme-vincentien-la-mission-leglise-10-fin\/\" \/>\n<meta property=\"og:locale\" content=\"fr_FR\" \/>\n<meta property=\"og:type\" content=\"article\" \/>\n<meta property=\"og:title\" content=\"Les contributions du charisme vincentien \u00e0 la mission de l&#039;Eglise (10 - Fin) - Nous Sommes Vincentiens\" \/>\n<meta property=\"og:description\" content=\"10. Le mouvement circulaire vincentien\u00a0: du Christ aux pauvres, des pauvres au Christ Pour conclure cette r\u00e9flexion sur les contributions du charisme vincentien \u00e0 la mission de l&rsquo;Eglise, il semble opportun de se r\u00e9f\u00e9rer au ... Read More\" \/>\n<meta property=\"og:url\" content=\"http:\/\/vincentians.com\/fr\/les-contributions-du-charisme-vincentien-la-mission-leglise-10-fin\/\" \/>\n<meta property=\"og:site_name\" content=\"Nous Sommes Vincentiens\" \/>\n<meta property=\"article:publisher\" content=\"https:\/\/www.facebook.com\/WeAreVincentians\/\" \/>\n<meta property=\"article:author\" content=\"https:\/\/www.facebook.com\/JavierChento\" \/>\n<meta property=\"article:published_time\" content=\"2016-08-13T04:00:35+00:00\" \/>\n<meta property=\"og:image\" content=\"https:\/\/i0.wp.com\/vincentians.com\/fr\/wp-content\/uploads\/sites\/10\/2016\/06\/contributions-charism.jpg?fit=1200%2C630\" \/>\n\t<meta property=\"og:image:width\" content=\"1200\" \/>\n\t<meta property=\"og:image:height\" content=\"630\" \/>\n\t<meta property=\"og:image:type\" content=\"image\/jpeg\" \/>\n<meta name=\"author\" content=\"Francisco Javier Fern\u00e1ndez Chento\" \/>\n<meta name=\"twitter:card\" content=\"summary_large_image\" \/>\n<meta name=\"twitter:creator\" content=\"@https:\/\/twitter.com\/javierchento\" \/>\n<meta name=\"twitter:site\" content=\"@WeVincentians\" \/>\n<meta name=\"twitter:label1\" content=\"\u00c9crit par\" \/>\n\t<meta name=\"twitter:data1\" content=\"Francisco Javier Fern\u00e1ndez Chento\" \/>\n\t<meta name=\"twitter:label2\" content=\"Dur\u00e9e de lecture estim\u00e9e\" \/>\n\t<meta name=\"twitter:data2\" content=\"5 minutes\" \/>\n<script type=\"application\/ld+json\" class=\"yoast-schema-graph\">{\"@context\":\"https:\/\/schema.org\",\"@graph\":[{\"@type\":\"WebPage\",\"@id\":\"http:\/\/vincentians.com\/fr\/les-contributions-du-charisme-vincentien-la-mission-leglise-10-fin\/\",\"url\":\"http:\/\/vincentians.com\/fr\/les-contributions-du-charisme-vincentien-la-mission-leglise-10-fin\/\",\"name\":\"Les contributions du charisme vincentien \u00e0 la mission de l'Eglise (10 - Fin) - Nous Sommes Vincentiens\",\"isPartOf\":{\"@id\":\"https:\/\/vincentians.com\/fr\/#website\"},\"primaryImageOfPage\":{\"@id\":\"http:\/\/vincentians.com\/fr\/les-contributions-du-charisme-vincentien-la-mission-leglise-10-fin\/#primaryimage\"},\"image\":{\"@id\":\"http:\/\/vincentians.com\/fr\/les-contributions-du-charisme-vincentien-la-mission-leglise-10-fin\/#primaryimage\"},\"thumbnailUrl\":\"https:\/\/i0.wp.com\/vincentians.com\/fr\/wp-content\/uploads\/sites\/10\/2016\/06\/contributions-charism.jpg?fit=1200%2C630\",\"datePublished\":\"2016-08-13T04:00:35+00:00\",\"author\":{\"@id\":\"https:\/\/vincentians.com\/fr\/#\/schema\/person\/9623ef4d9aa3b2dfb8c061f1499288f2\"},\"breadcrumb\":{\"@id\":\"http:\/\/vincentians.com\/fr\/les-contributions-du-charisme-vincentien-la-mission-leglise-10-fin\/#breadcrumb\"},\"inLanguage\":\"fr-FR\",\"potentialAction\":[{\"@type\":\"ReadAction\",\"target\":[\"http:\/\/vincentians.com\/fr\/les-contributions-du-charisme-vincentien-la-mission-leglise-10-fin\/\"]}]},{\"@type\":\"ImageObject\",\"inLanguage\":\"fr-FR\",\"@id\":\"http:\/\/vincentians.com\/fr\/les-contributions-du-charisme-vincentien-la-mission-leglise-10-fin\/#primaryimage\",\"url\":\"https:\/\/i0.wp.com\/vincentians.com\/fr\/wp-content\/uploads\/sites\/10\/2016\/06\/contributions-charism.jpg?fit=1200%2C630\",\"contentUrl\":\"https:\/\/i0.wp.com\/vincentians.com\/fr\/wp-content\/uploads\/sites\/10\/2016\/06\/contributions-charism.jpg?fit=1200%2C630\",\"width\":1200,\"height\":630},{\"@type\":\"BreadcrumbList\",\"@id\":\"http:\/\/vincentians.com\/fr\/les-contributions-du-charisme-vincentien-la-mission-leglise-10-fin\/#breadcrumb\",\"itemListElement\":[{\"@type\":\"ListItem\",\"position\":1,\"name\":\"Portada\",\"item\":\"https:\/\/vincentians.com\/fr\/\"},{\"@type\":\"ListItem\",\"position\":2,\"name\":\"Les contributions du charisme vincentien \u00e0 la mission de l&rsquo;Eglise (10 &#8211; Fin)\"}]},{\"@type\":\"WebSite\",\"@id\":\"https:\/\/vincentians.com\/fr\/#website\",\"url\":\"https:\/\/vincentians.com\/fr\/\",\"name\":\"Nous Sommes Vincentiens\",\"description\":\"Know more to serve more\",\"potentialAction\":[{\"@type\":\"SearchAction\",\"target\":{\"@type\":\"EntryPoint\",\"urlTemplate\":\"https:\/\/vincentians.com\/fr\/?s={search_term_string}\"},\"query-input\":{\"@type\":\"PropertyValueSpecification\",\"valueRequired\":true,\"valueName\":\"search_term_string\"}}],\"inLanguage\":\"fr-FR\"},{\"@type\":\"Person\",\"@id\":\"https:\/\/vincentians.com\/fr\/#\/schema\/person\/9623ef4d9aa3b2dfb8c061f1499288f2\",\"name\":\"Francisco Javier Fern\u00e1ndez Chento\",\"image\":{\"@type\":\"ImageObject\",\"inLanguage\":\"fr-FR\",\"@id\":\"https:\/\/vincentians.com\/fr\/#\/schema\/person\/image\/\",\"url\":\"https:\/\/secure.gravatar.com\/avatar\/497d5cde87b4c3d097d0315953521681ba2cd523ee66e5077c3711f7021e65de?s=96&d=mm&r=g\",\"contentUrl\":\"https:\/\/secure.gravatar.com\/avatar\/497d5cde87b4c3d097d0315953521681ba2cd523ee66e5077c3711f7021e65de?s=96&d=mm&r=g\",\"caption\":\"Francisco Javier Fern\u00e1ndez Chento\"},\"description\":\"Director General y cofundador de La Red de Formaci\u00f3n Vicenciana. Javier es laico vicenciano, afiliado a la Congregaci\u00f3n de la Misi\u00f3n y miembro del Equipo de Misiones Populares de la provincia can\u00f3nica de Zaragoza (Espa\u00f1a) de la Congregaci\u00f3n de la Misi\u00f3n. Graduado en la Universidad Oberta de Catalunya con cuatro grados (Asistente de direcci\u00f3n, Gesti\u00f3n Administrativa, Recursos Humanos y Contabilidad Avanzada). Bil\u00edng\u00fce Espa\u00f1ol\/Ingl\u00e9s. gestiona y mantiene varias p\u00e1ginas web cristianas y vicencianas, incluida including La Red de Formaci\u00f3n Vicenciana, de la que es cofundador. Actualmente es responsable del \u00e1rea de Espa\u00f1ol de .famvin, la Red de Noticias de la Familia Vicenciana. Tambi\u00e9n es m\u00fasico cat\u00f3lico y ha editado varios discos. Es Director General y cofundador de Trovador, una reconocida compa\u00f1\u00eda discogr\u00e1fica critiana de Espa\u00f1a. Trabaja en las Tecnolog\u00edas de la Informaci\u00f3n, ofreciendo servicios de alojamiento, dise\u00f1o y mantenimiento Web, as\u00ed como asesoramiento, formaci\u00f3n y soluciones inform\u00e1ticas, gesti\u00f3n documental y digitalizaci\u00f3n de textos, edici\u00f3n y maquetaci\u00f3n de libros, revistas, flyers, etc.\",\"sameAs\":[\"http:\/\/chento.org\",\"https:\/\/www.facebook.com\/JavierChento\",\"https:\/\/x.com\/https:\/\/twitter.com\/javierchento\"],\"url\":\"http:\/\/vincentians.com\/fr\/author\/chento\/\"}]}<\/script>\n<!-- \/ Yoast SEO plugin. -->","yoast_head_json":{"title":"Les contributions du charisme vincentien \u00e0 la mission de l'Eglise (10 - Fin) - Nous Sommes Vincentiens","robots":{"index":"index","follow":"follow","max-snippet":"max-snippet:-1","max-image-preview":"max-image-preview:large","max-video-preview":"max-video-preview:-1"},"canonical":"http:\/\/vincentians.com\/fr\/les-contributions-du-charisme-vincentien-la-mission-leglise-10-fin\/","og_locale":"fr_FR","og_type":"article","og_title":"Les contributions du charisme vincentien \u00e0 la mission de l'Eglise (10 - Fin) - Nous Sommes Vincentiens","og_description":"10. Le mouvement circulaire vincentien\u00a0: du Christ aux pauvres, des pauvres au Christ Pour conclure cette r\u00e9flexion sur les contributions du charisme vincentien \u00e0 la mission de l&rsquo;Eglise, il semble opportun de se r\u00e9f\u00e9rer au ... Read More","og_url":"http:\/\/vincentians.com\/fr\/les-contributions-du-charisme-vincentien-la-mission-leglise-10-fin\/","og_site_name":"Nous Sommes Vincentiens","article_publisher":"https:\/\/www.facebook.com\/WeAreVincentians\/","article_author":"https:\/\/www.facebook.com\/JavierChento","article_published_time":"2016-08-13T04:00:35+00:00","og_image":[{"width":1200,"height":630,"url":"https:\/\/i0.wp.com\/vincentians.com\/fr\/wp-content\/uploads\/sites\/10\/2016\/06\/contributions-charism.jpg?fit=1200%2C630","type":"image\/jpeg"}],"author":"Francisco Javier Fern\u00e1ndez Chento","twitter_card":"summary_large_image","twitter_creator":"@https:\/\/twitter.com\/javierchento","twitter_site":"@WeVincentians","twitter_misc":{"\u00c9crit par":"Francisco Javier Fern\u00e1ndez Chento","Dur\u00e9e de lecture estim\u00e9e":"5 minutes"},"schema":{"@context":"https:\/\/schema.org","@graph":[{"@type":"WebPage","@id":"http:\/\/vincentians.com\/fr\/les-contributions-du-charisme-vincentien-la-mission-leglise-10-fin\/","url":"http:\/\/vincentians.com\/fr\/les-contributions-du-charisme-vincentien-la-mission-leglise-10-fin\/","name":"Les contributions du charisme vincentien \u00e0 la mission de l'Eglise (10 - Fin) - Nous Sommes Vincentiens","isPartOf":{"@id":"https:\/\/vincentians.com\/fr\/#website"},"primaryImageOfPage":{"@id":"http:\/\/vincentians.com\/fr\/les-contributions-du-charisme-vincentien-la-mission-leglise-10-fin\/#primaryimage"},"image":{"@id":"http:\/\/vincentians.com\/fr\/les-contributions-du-charisme-vincentien-la-mission-leglise-10-fin\/#primaryimage"},"thumbnailUrl":"https:\/\/i0.wp.com\/vincentians.com\/fr\/wp-content\/uploads\/sites\/10\/2016\/06\/contributions-charism.jpg?fit=1200%2C630","datePublished":"2016-08-13T04:00:35+00:00","author":{"@id":"https:\/\/vincentians.com\/fr\/#\/schema\/person\/9623ef4d9aa3b2dfb8c061f1499288f2"},"breadcrumb":{"@id":"http:\/\/vincentians.com\/fr\/les-contributions-du-charisme-vincentien-la-mission-leglise-10-fin\/#breadcrumb"},"inLanguage":"fr-FR","potentialAction":[{"@type":"ReadAction","target":["http:\/\/vincentians.com\/fr\/les-contributions-du-charisme-vincentien-la-mission-leglise-10-fin\/"]}]},{"@type":"ImageObject","inLanguage":"fr-FR","@id":"http:\/\/vincentians.com\/fr\/les-contributions-du-charisme-vincentien-la-mission-leglise-10-fin\/#primaryimage","url":"https:\/\/i0.wp.com\/vincentians.com\/fr\/wp-content\/uploads\/sites\/10\/2016\/06\/contributions-charism.jpg?fit=1200%2C630","contentUrl":"https:\/\/i0.wp.com\/vincentians.com\/fr\/wp-content\/uploads\/sites\/10\/2016\/06\/contributions-charism.jpg?fit=1200%2C630","width":1200,"height":630},{"@type":"BreadcrumbList","@id":"http:\/\/vincentians.com\/fr\/les-contributions-du-charisme-vincentien-la-mission-leglise-10-fin\/#breadcrumb","itemListElement":[{"@type":"ListItem","position":1,"name":"Portada","item":"https:\/\/vincentians.com\/fr\/"},{"@type":"ListItem","position":2,"name":"Les contributions du charisme vincentien \u00e0 la mission de l&rsquo;Eglise (10 &#8211; Fin)"}]},{"@type":"WebSite","@id":"https:\/\/vincentians.com\/fr\/#website","url":"https:\/\/vincentians.com\/fr\/","name":"Nous Sommes Vincentiens","description":"Know more to serve more","potentialAction":[{"@type":"SearchAction","target":{"@type":"EntryPoint","urlTemplate":"https:\/\/vincentians.com\/fr\/?s={search_term_string}"},"query-input":{"@type":"PropertyValueSpecification","valueRequired":true,"valueName":"search_term_string"}}],"inLanguage":"fr-FR"},{"@type":"Person","@id":"https:\/\/vincentians.com\/fr\/#\/schema\/person\/9623ef4d9aa3b2dfb8c061f1499288f2","name":"Francisco Javier Fern\u00e1ndez Chento","image":{"@type":"ImageObject","inLanguage":"fr-FR","@id":"https:\/\/vincentians.com\/fr\/#\/schema\/person\/image\/","url":"https:\/\/secure.gravatar.com\/avatar\/497d5cde87b4c3d097d0315953521681ba2cd523ee66e5077c3711f7021e65de?s=96&d=mm&r=g","contentUrl":"https:\/\/secure.gravatar.com\/avatar\/497d5cde87b4c3d097d0315953521681ba2cd523ee66e5077c3711f7021e65de?s=96&d=mm&r=g","caption":"Francisco Javier Fern\u00e1ndez Chento"},"description":"Director General y cofundador de La Red de Formaci\u00f3n Vicenciana. Javier es laico vicenciano, afiliado a la Congregaci\u00f3n de la Misi\u00f3n y miembro del Equipo de Misiones Populares de la provincia can\u00f3nica de Zaragoza (Espa\u00f1a) de la Congregaci\u00f3n de la Misi\u00f3n. Graduado en la Universidad Oberta de Catalunya con cuatro grados (Asistente de direcci\u00f3n, Gesti\u00f3n Administrativa, Recursos Humanos y Contabilidad Avanzada). Bil\u00edng\u00fce Espa\u00f1ol\/Ingl\u00e9s. gestiona y mantiene varias p\u00e1ginas web cristianas y vicencianas, incluida including La Red de Formaci\u00f3n Vicenciana, de la que es cofundador. Actualmente es responsable del \u00e1rea de Espa\u00f1ol de .famvin, la Red de Noticias de la Familia Vicenciana. Tambi\u00e9n es m\u00fasico cat\u00f3lico y ha editado varios discos. Es Director General y cofundador de Trovador, una reconocida compa\u00f1\u00eda discogr\u00e1fica critiana de Espa\u00f1a. Trabaja en las Tecnolog\u00edas de la Informaci\u00f3n, ofreciendo servicios de alojamiento, dise\u00f1o y mantenimiento Web, as\u00ed como asesoramiento, formaci\u00f3n y soluciones inform\u00e1ticas, gesti\u00f3n documental y digitalizaci\u00f3n de textos, edici\u00f3n y maquetaci\u00f3n de libros, revistas, flyers, etc.","sameAs":["http:\/\/chento.org","https:\/\/www.facebook.com\/JavierChento","https:\/\/x.com\/https:\/\/twitter.com\/javierchento"],"url":"http:\/\/vincentians.com\/fr\/author\/chento\/"}]}},"jetpack_publicize_connections":[],"jetpack_featured_media_url":"https:\/\/i0.wp.com\/vincentians.com\/fr\/wp-content\/uploads\/sites\/10\/2016\/06\/contributions-charism.jpg?fit=1200%2C630","jetpack_sharing_enabled":true,"jetpack_shortlink":"https:\/\/wp.me\/p7ETMP-No8","jetpack-related-posts":[{"id":38257,"url":"http:\/\/vincentians.com\/fr\/elements-dunion-dans-la-famille-vincentienne\/","url_meta":{"origin":189852,"position":0},"title":"\u00c9l\u00e9ments d\u2019union dans la Famille Vincentienne","author":"Francisco Javier Fern\u00e1ndez Chento","date":"04\/08\/2016","format":false,"excerpt":"A. De quelle famille parlons-nous ? Lorsque nous parlons de la Famille Vincentienne nous faisons allusion \u00e0 tous ces groupes d\u2019associations ou \u00e0 des congr\u00e9gations qui, dans leur vie (style) et dans leur action (apostolat), s\u2019inspirent avec diverses nuances, de ce que nous appelons aujourd\u2019hui \u00ab charisme vincentien \u00bb. D\u2019autre\u2026","rel":"","context":"Dans &quot;La Famille Vincentienne&quot;","block_context":{"text":"La Famille Vincentienne","link":"http:\/\/vincentians.com\/fr\/category\/la-famille-vincentienne\/"},"img":{"alt_text":"","src":"https:\/\/i0.wp.com\/vincentians.com\/fr\/wp-content\/uploads\/sites\/10\/2014\/01\/Vincentian-Family-leaders-meeting-in-Paris.jpg?fit=1200%2C630&resize=350%2C200","width":350,"height":200,"srcset":"https:\/\/i0.wp.com\/vincentians.com\/fr\/wp-content\/uploads\/sites\/10\/2014\/01\/Vincentian-Family-leaders-meeting-in-Paris.jpg?fit=1200%2C630&resize=350%2C200 1x, https:\/\/i0.wp.com\/vincentians.com\/fr\/wp-content\/uploads\/sites\/10\/2014\/01\/Vincentian-Family-leaders-meeting-in-Paris.jpg?fit=1200%2C630&resize=525%2C300 1.5x, https:\/\/i0.wp.com\/vincentians.com\/fr\/wp-content\/uploads\/sites\/10\/2014\/01\/Vincentian-Family-leaders-meeting-in-Paris.jpg?fit=1200%2C630&resize=700%2C400 2x, https:\/\/i0.wp.com\/vincentians.com\/fr\/wp-content\/uploads\/sites\/10\/2014\/01\/Vincentian-Family-leaders-meeting-in-Paris.jpg?fit=1200%2C630&resize=1050%2C600 3x"},"classes":[]},{"id":189845,"url":"http:\/\/vincentians.com\/fr\/les-contributions-du-charisme-vincentien-la-mission-leglise-3\/","url_meta":{"origin":189852,"position":1},"title":"Les contributions du charisme vincentien \u00e0 la mission de l&rsquo;Eglise (3)","author":"Francisco Javier Fern\u00e1ndez Chento","date":"06\/08\/2016","format":false,"excerpt":"3. La participation des la\u00efcs, particuli\u00e8rement des femmes, dans la mission des Ap\u00f4tres Les biographes de Vincent de Paul et de Louise de Marillac mettent en \u00e9vidence leur importante contribution \u00e0 la promotion des la\u00efcs, en particulier des femmes, dans l\u2019apostolat de l'\u00c9glise. Les impressionnantes r\u00e9alisations vincentiennes ne peuvent \u00eatre\u2026","rel":"","context":"Dans &quot;Formation Vincentienne&quot;","block_context":{"text":"Formation Vincentienne","link":"http:\/\/vincentians.com\/fr\/category\/formation-vincentienne\/"},"img":{"alt_text":"","src":"https:\/\/i0.wp.com\/vincentians.com\/fr\/wp-content\/uploads\/sites\/10\/2016\/06\/contributions-charism.jpg?fit=1200%2C630&resize=350%2C200","width":350,"height":200,"srcset":"https:\/\/i0.wp.com\/vincentians.com\/fr\/wp-content\/uploads\/sites\/10\/2016\/06\/contributions-charism.jpg?fit=1200%2C630&resize=350%2C200 1x, https:\/\/i0.wp.com\/vincentians.com\/fr\/wp-content\/uploads\/sites\/10\/2016\/06\/contributions-charism.jpg?fit=1200%2C630&resize=525%2C300 1.5x, https:\/\/i0.wp.com\/vincentians.com\/fr\/wp-content\/uploads\/sites\/10\/2016\/06\/contributions-charism.jpg?fit=1200%2C630&resize=700%2C400 2x, https:\/\/i0.wp.com\/vincentians.com\/fr\/wp-content\/uploads\/sites\/10\/2016\/06\/contributions-charism.jpg?fit=1200%2C630&resize=1050%2C600 3x"},"classes":[]},{"id":189851,"url":"http:\/\/vincentians.com\/fr\/les-contributions-du-charisme-vincentien-la-mission-leglise-9\/","url_meta":{"origin":189852,"position":2},"title":"Les contributions du charisme vincentien \u00e0 la mission de l&rsquo;Eglise (9)","author":"Francisco Javier Fern\u00e1ndez Chento","date":"12\/08\/2016","format":false,"excerpt":"9. La cr\u00e9ativit\u00e9 Nous avons rappel\u00e9 plus haut le fait que, pour Vincent, \u00ab\u00a0l\u2019\u00e9v\u00e9nement est le signe de Dieu, surtout quand cela concerne directement les pauvres. L\u2019\u00e9v\u00e9nement lui r\u00e9v\u00e8le la volont\u00e9 de Dieu\u00a0\u00bb. La cr\u00e9ativit\u00e9, en tant que contribution du charisme vincentien \u00e0 la mission de l'Eglise, est une capacit\u00e9\u2026","rel":"","context":"Dans &quot;Formation Vincentienne&quot;","block_context":{"text":"Formation Vincentienne","link":"http:\/\/vincentians.com\/fr\/category\/formation-vincentienne\/"},"img":{"alt_text":"","src":"https:\/\/i0.wp.com\/vincentians.com\/fr\/wp-content\/uploads\/sites\/10\/2016\/06\/contributions-charism.jpg?fit=1200%2C630&resize=350%2C200","width":350,"height":200,"srcset":"https:\/\/i0.wp.com\/vincentians.com\/fr\/wp-content\/uploads\/sites\/10\/2016\/06\/contributions-charism.jpg?fit=1200%2C630&resize=350%2C200 1x, https:\/\/i0.wp.com\/vincentians.com\/fr\/wp-content\/uploads\/sites\/10\/2016\/06\/contributions-charism.jpg?fit=1200%2C630&resize=525%2C300 1.5x, https:\/\/i0.wp.com\/vincentians.com\/fr\/wp-content\/uploads\/sites\/10\/2016\/06\/contributions-charism.jpg?fit=1200%2C630&resize=700%2C400 2x, https:\/\/i0.wp.com\/vincentians.com\/fr\/wp-content\/uploads\/sites\/10\/2016\/06\/contributions-charism.jpg?fit=1200%2C630&resize=1050%2C600 3x"},"classes":[]},{"id":38477,"url":"http:\/\/vincentians.com\/fr\/le-directeur-provincial-animateur-des-filles-de-la-charite\/","url_meta":{"origin":189852,"position":3},"title":"Le Directeur Provincial \u201canimateur\u201d des Filles de la Charit\u00e9","author":"Francisco Javier Fern\u00e1ndez Chento","date":"03\/10\/2012","format":false,"excerpt":"Dans les Constitutions des Filles de la Charit\u00e9, nous trouvons \u00e0 l\u2019article 3.38: le Directeur Provincial est un pr\u00eatre de la Congr\u00e9gation de la Mission, nomm\u00e9 par le Sup\u00e9rieur G\u00e9n\u00e9ral; \u201cil partage avec la Visitatrice et son Conseil la responsabilit\u00e9 de promouvoir l\u2019esprit vincentien dans la Province\u201d Missionnaire, le directeur\u2026","rel":"","context":"Dans &quot;Congr\u00e9gation de la Mission&quot;","block_context":{"text":"Congr\u00e9gation de la Mission","link":"http:\/\/vincentians.com\/fr\/category\/congregation-de-la-mission\/"},"img":{"alt_text":"","src":"https:\/\/i0.wp.com\/vincentiens.org\/wp-content\/uploads\/2011\/05\/filles_charite-228x300.jpg?resize=350%2C200","width":350,"height":200},"classes":[]},{"id":189847,"url":"http:\/\/vincentians.com\/fr\/les-contributions-du-charisme-vincentien-la-mission-leglise-4\/","url_meta":{"origin":189852,"position":4},"title":"Les contributions du charisme vincentien \u00e0 la mission de l&rsquo;Eglise (4)","author":"Francisco Javier Fern\u00e1ndez Chento","date":"07\/08\/2016","format":false,"excerpt":"4. Le salut des pauvres au centre de la mission de l'\u00c9glise Vincent de Paul et Louise de Marillac ont partag\u00e9 la m\u00eame exp\u00e9rience\u00a0: les pauvres sont membres du Christ et en tant que tels, ils sont membres de l'Eglise. Dans l'\u00c9glise, le Corps du Christ, les pauvres occupent une\u2026","rel":"","context":"Dans &quot;Formation Vincentienne&quot;","block_context":{"text":"Formation Vincentienne","link":"http:\/\/vincentians.com\/fr\/category\/formation-vincentienne\/"},"img":{"alt_text":"","src":"https:\/\/i0.wp.com\/vincentians.com\/fr\/wp-content\/uploads\/sites\/10\/2016\/06\/contributions-charism.jpg?fit=1200%2C630&resize=350%2C200","width":350,"height":200,"srcset":"https:\/\/i0.wp.com\/vincentians.com\/fr\/wp-content\/uploads\/sites\/10\/2016\/06\/contributions-charism.jpg?fit=1200%2C630&resize=350%2C200 1x, https:\/\/i0.wp.com\/vincentians.com\/fr\/wp-content\/uploads\/sites\/10\/2016\/06\/contributions-charism.jpg?fit=1200%2C630&resize=525%2C300 1.5x, https:\/\/i0.wp.com\/vincentians.com\/fr\/wp-content\/uploads\/sites\/10\/2016\/06\/contributions-charism.jpg?fit=1200%2C630&resize=700%2C400 2x, https:\/\/i0.wp.com\/vincentians.com\/fr\/wp-content\/uploads\/sites\/10\/2016\/06\/contributions-charism.jpg?fit=1200%2C630&resize=1050%2C600 3x"},"classes":[]},{"id":189846,"url":"http:\/\/vincentians.com\/fr\/les-contributions-du-charisme-vincentien-la-mission-leglise-5\/","url_meta":{"origin":189852,"position":5},"title":"Les contributions du charisme vincentien \u00e0 la mission de l&rsquo;Eglise (5)","author":"Francisco Javier Fern\u00e1ndez Chento","date":"08\/08\/2016","format":false,"excerpt":"5. Le monde, tel que vu et voulu par Dieu, cadre de la mission de l'Eglise Afin de d\u00e9crire la vision vincentienne du monde et de l'histoire, le P\u00e8re Morin a utilis\u00e9 la comparaison du regard. Ainsi, il d\u00e9crit le cheminement spirituel de Vincent de Paul comme l\u2019histoire d\u2019un regard\u2026","rel":"","context":"Dans &quot;Formation Vincentienne&quot;","block_context":{"text":"Formation Vincentienne","link":"http:\/\/vincentians.com\/fr\/category\/formation-vincentienne\/"},"img":{"alt_text":"","src":"https:\/\/i0.wp.com\/vincentians.com\/fr\/wp-content\/uploads\/sites\/10\/2016\/06\/contributions-charism.jpg?fit=1200%2C630&resize=350%2C200","width":350,"height":200,"srcset":"https:\/\/i0.wp.com\/vincentians.com\/fr\/wp-content\/uploads\/sites\/10\/2016\/06\/contributions-charism.jpg?fit=1200%2C630&resize=350%2C200 1x, https:\/\/i0.wp.com\/vincentians.com\/fr\/wp-content\/uploads\/sites\/10\/2016\/06\/contributions-charism.jpg?fit=1200%2C630&resize=525%2C300 1.5x, https:\/\/i0.wp.com\/vincentians.com\/fr\/wp-content\/uploads\/sites\/10\/2016\/06\/contributions-charism.jpg?fit=1200%2C630&resize=700%2C400 2x, https:\/\/i0.wp.com\/vincentians.com\/fr\/wp-content\/uploads\/sites\/10\/2016\/06\/contributions-charism.jpg?fit=1200%2C630&resize=1050%2C600 3x"},"classes":[]}],"_links":{"self":[{"href":"http:\/\/vincentians.com\/fr\/wp-json\/wp\/v2\/posts\/189852","targetHints":{"allow":["GET"]}}],"collection":[{"href":"http:\/\/vincentians.com\/fr\/wp-json\/wp\/v2\/posts"}],"about":[{"href":"http:\/\/vincentians.com\/fr\/wp-json\/wp\/v2\/types\/post"}],"author":[{"embeddable":true,"href":"http:\/\/vincentians.com\/fr\/wp-json\/wp\/v2\/users\/4"}],"replies":[{"embeddable":true,"href":"http:\/\/vincentians.com\/fr\/wp-json\/wp\/v2\/comments?post=189852"}],"version-history":[{"count":0,"href":"http:\/\/vincentians.com\/fr\/wp-json\/wp\/v2\/posts\/189852\/revisions"}],"wp:featuredmedia":[{"embeddable":true,"href":"http:\/\/vincentians.com\/fr\/wp-json\/wp\/v2\/media\/148885"}],"wp:attachment":[{"href":"http:\/\/vincentians.com\/fr\/wp-json\/wp\/v2\/media?parent=189852"}],"wp:term":[{"taxonomy":"category","embeddable":true,"href":"http:\/\/vincentians.com\/fr\/wp-json\/wp\/v2\/categories?post=189852"},{"taxonomy":"post_tag","embeddable":true,"href":"http:\/\/vincentians.com\/fr\/wp-json\/wp\/v2\/tags?post=189852"}],"curies":[{"name":"wp","href":"https:\/\/api.w.org\/{rel}","templated":true}]}}