{"id":189850,"date":"2016-08-11T06:00:10","date_gmt":"2016-08-11T04:00:10","guid":{"rendered":"http:\/\/vincentians.com\/fr\/?p=189850"},"modified":"2016-11-14T08:21:38","modified_gmt":"2016-11-14T07:21:38","slug":"les-contributions-du-charisme-vincentien-la-mission-leglise-8","status":"publish","type":"post","link":"http:\/\/vincentians.com\/fr\/les-contributions-du-charisme-vincentien-la-mission-leglise-8\/","title":{"rendered":"Les contributions du charisme vincentien \u00e0 la mission de l&rsquo;Eglise (8)"},"content":{"rendered":"<h2><strong>8. La charit\u00e9 anime la mission et la mission est la charit\u00e9<\/strong><\/h2>\n<p>Dans la synagogue de Nazareth<span id='easy-footnote-1-189850' class='easy-footnote-margin-adjust'><\/span><span class='easy-footnote'><a href='http:\/\/vincentians.com\/fr\/les-contributions-du-charisme-vincentien-la-mission-leglise-8\/#easy-footnote-bottom-1-189850' title='Lc 4, 16-21. J\u2019utilise ici mon article &lt;em&gt;Dimensi\u00f3n Social del Jubileo &lt;\/em&gt;[Dimension sociale du Jubil\u00e9]. C\u00e1ritas, Pamplona, 2000. Cf. A. VANHOYE, L\u2019anno giubilare nel vangelo di Luca [L\u2019ann\u00e9e jubilaire dans l\u2019\u00e9vangile de Luc], Tertium Millennium, (1997), 22-25. Cf. C.M. MARTINI, &lt;em&gt;El evangelizador en San Lucas &lt;\/em&gt;[L\u2019\u00e9vang\u00e9lisateur en saint Luc], Ediciones Paulinas, Bogot\u00e1, 19854. A. GEORGE, &lt;em&gt;El evangelio seg\u00fan san Lucas &lt;\/em&gt;[L\u2019\u00e9vangile selon saint Luc], Verbo Divino, Estella, 1976.'><sup>1<\/sup><\/a><\/span> et \u00e0 partir d\u2019un texte du proph\u00e8te Isa\u00efe (<em>L\u2019Esprit du Seigneur est sur moi parce que le Seigneur m\u2019a consacr\u00e9 par l\u2019onction. Il m\u2019a envoy\u00e9 porter la Bonne Nouvelle aux pauvres\u2026), <\/em>J\u00e9sus d\u00e9finit sa mission et donne aux paroles du proph\u00e8te une valeur programmatique au d\u00e9but de son minist\u00e8re public. Dans cette sc\u00e8ne, qui constitue le slogan de la vie de Vincent de Paul, il convient de noter combien J\u00e9sus personnalise les paroles du proph\u00e8te\u00a0: \u00ab\u00a0sur moi\u00a0\u00bb, \u00ab m\u2019a oint\u00a0\u00bb, \u00ab\u00a0m&rsquo;a envoy\u00e9\u00a0\u00bb. On est \u00e9galement impressionn\u00e9 par l\u2019\u00ab\u00a0aujourd&rsquo;hui\u00a0\u00bb que prononce J\u00e9sus apr\u00e8s avoir termin\u00e9 la lecture.<\/p>\n<p>Le charisme vincentien a rendu explicite le fait que la vie chr\u00e9tienne prolonge la vie et la mission du Christ quand il \u00e9tait sur la terre\u00a0; il a mis \u00e0 jour le sens de l&rsquo;\u00e9vang\u00e9lisation des pauvres\u00a0: agir et enseigner, comme J\u00e9sus, les paroles et les actions pr\u00e9dites par les proph\u00e8tes (Coste XII, 84).<\/p>\n<p>Ainsi, le service des pauvres et tous les travaux qui sont entrepris pour leur promotion et leur lib\u00e9ration, signes proph\u00e9tiques et messianiques, \u00ab\u00a0<em>manifestent la pr\u00e9sence mis\u00e9ricordieuse du P\u00e8re qui, en J\u00e9sus, chemine aux c\u00f4t\u00e9s des pauvres et les sauve\u00a0\u00bb<\/em><span id='easy-footnote-2-189850' class='easy-footnote-margin-adjust'><\/span><span class='easy-footnote'><a href='http:\/\/vincentians.com\/fr\/les-contributions-du-charisme-vincentien-la-mission-leglise-8\/#easy-footnote-bottom-2-189850' title='P. Jaramillo Rivas, \u201cEl A\u00f1o del Padre y la Pastoral de la Caridad\u201d [L\u2019Ann\u00e9e du P\u00e8re et la Pastorale de la Charit\u00e9] in &lt;em&gt;Corintios XIII&lt;\/em&gt;, (1999), 261. [T.L.]'><sup>2<\/sup><\/a><\/span>. D\u2019o\u00f9 l\u2019invitation de Vincent\u00a0: \u00ab\u00a0<em>Allons donc, mes fr\u00e8res, et nous employons avec un nouvel amour \u00e0 servir les pauvres, et m\u00eame cherchons les plus pauvres et les plus abandonn\u00e9s\u00a0\u00bb <\/em>(Coste, XI, 393).<\/p>\n<p>L&rsquo;amour et la charit\u00e9 sont \u00e0 l&rsquo;origine m\u00eame de la mission. L&rsquo;amour du Christ est infini (cf. Coste XII, 108). Si nous d\u00e9couvrons l&rsquo;amour de J\u00e9sus-Christ et nous nous rev\u00eatons de son amour, nous serons en mesure de nous consacrer au salut de nos fr\u00e8res et s\u0153urs\u00a0:<\/p>\n<p style=\"padding-left: 30px;\">Regardons le Fils de Dieu ; oh ! quel c\u0153ur de charit\u00e9 ! quelle flamme d&rsquo;amour ! Mon J\u00e9sus, dites-nous, vous, un peu, s&rsquo;il vous pla\u00eet, qui vous a tir\u00e9 du ciel pour venir souffrir la mal\u00e9diction de la terre, tant de pers\u00e9cutions et de tourments que vous y avez re\u00e7us. O Sauveur ! \u00f4 source de l&rsquo;amour humili\u00e9 jusqu&rsquo;\u00e0 nous et jusqu&rsquo;\u00e0 un supplice inf\u00e2me, qui en cela a plus aim\u00e9 le prochain que vous-m\u00eame\u00a0? Vous \u00eates venu vous exposer \u00e0 toutes nos mis\u00e8res, prendre la forme de p\u00e9cheur, mener une vie souffrante et souffrir une mort honteuse pour nous ; y a-t-il un amour pareil ? Mais qui pourrait aimer d&rsquo;une &lsquo;amour des cr\u00e9atures que de quitter le tr\u00f4ne de son P\u00e8re pour venir prendre un corps sujet aux infirmit\u00e9s Et pourquoi ? Pour \u00e9tablir entre nous par son exemple et sa parole la charit\u00e9 du prochain. C&rsquo;est cet amour qui l\u2019a crucifi\u00e9 et qui a fait cette production admirable de notre r\u00e9demption. O messieurs, si nous avions un peu de cet amour, demeurerions-nous les bras crois\u00e9s ? Ceux que nous pourrions assister, les laisserions nous p\u00e9rir ? Oh ! non, la charit\u00e9 ne peut demeurer oisive\u00a0; elle nous applique au salut et \u00e0 la consolation des autres. (Coste XII, 264-265).<\/p>\n<p><em>\u00a0<\/em>P\u00e9n\u00e9tr\u00e9s de cet amour de J\u00e9sus-Christ nous pourrons \u00ab\u00a0<em>servir les plus mis\u00e9rables, les plus abandonn\u00e9s et les plus accabl\u00e9s de mis\u00e8res corporelles et spirituelles\u00a0\u00bb<\/em> (Coste XI, 77).<\/p>\n<p>La mission devient la charit\u00e9 parce que, \u00e0 la suite de J\u00e9sus-Christ, la v\u00e9ritable \u00e9vang\u00e9lisation est proclamation, annonce et service aussi, action transformatrice\u00a0:<\/p>\n<p style=\"padding-left: 30px;\">Que les pr\u00eatres s&rsquo;appliquent au soin des pauvres, n&rsquo;a-ce pas \u00e9t\u00e9 l&rsquo;office de Notre-Seigneur et de plusieurs grands saints, qui n&rsquo;ont pas seulement recommand\u00e9 les pauvres, mais qui les pauvres, mais qui les ont eux-m\u00eames consol\u00e9s, soulag\u00e9s et gu\u00e9ris. Les pauvres ne sont-ils pas les membres afflig\u00e9s de Notre-Seigneur ? Ne sont-ils pas nos fr\u00e8res ? Et si les pr\u00eatres les abandonnent, qui voulez-vous qui les assiste? De sorte que, s&rsquo;il s&rsquo;en trouve parmi nous qui pensent qu&rsquo;ils sont \u00e0 la Mission pour \u00e9vang\u00e9liser les pauvres et non pour les soulager, pour rem\u00e9dier \u00e0 leurs besoins spirituels et non aux temporels, je r\u00e9ponds que nous les devons assister et faire assister en toutes les mani\u00e8res, par nous et par autrui, si nous voulons entendre ces agr\u00e9ables paroles du souverain Juge des vivants et des morts : \u00abVenez, les bien-aim\u00e9s de mon P\u00e8re ; poss\u00e9dez le royaume qui vous a \u00e9t\u00e9 pr\u00e9par\u00e9, pour ce que j&rsquo;ai eu faim, et vous m&rsquo;avez donn\u00e9 \u00e0 manger ; j&rsquo;ai \u00e9t\u00e9 nu, et vous m&rsquo;avez v\u00eatu, malade, et vous m&rsquo;avez assist\u00e9 \u00bb (6) Faire cela, c&rsquo;est \u00e9vang\u00e9liser par paroles et par \u0153uvres, et c&rsquo;est le plus parfait, et c&rsquo;est aussi ce que Notre-Seigneur a pratiqu\u00e9, et ce que doivent faire ceux qui le repr\u00e9sentent sur la terre d&rsquo;office et de caract\u00e8re, comme les pr\u00eatres&#8230; (Coste XII, 87-88).<\/p>\n<p>Charit\u00e9-mission, mission-charit\u00e9. La mission d\u00e9coule de l&rsquo;Amour\u00a0; la charit\u00e9 met en mouvement et anime en permanence la mission. La mission devient charit\u00e9, s\u2019exprime dans les signes annonc\u00e9s par les proph\u00e8tes, les signes de l&rsquo;amour<span id='easy-footnote-3-189850' class='easy-footnote-margin-adjust'><\/span><span class='easy-footnote'><a href='http:\/\/vincentians.com\/fr\/les-contributions-du-charisme-vincentien-la-mission-leglise-8\/#easy-footnote-bottom-3-189850' title='Paul VI \u00e9tablissait un lien entre la proclamation de l&amp;rsquo;\u00c9vangile et le processus d&amp;rsquo;inculturation en consid\u00e9rant le processus de promotion humaine sociale comme faisant partie int\u00e9grante de l&amp;rsquo;\u00e9vang\u00e9lisation. Cf. &lt;em&gt;Evangelii Nuntiandi,&lt;\/em&gt; #17-22 et #29-35. Citant Paul VI &lt;em&gt;(Evangelii Nuntiandi&lt;\/em&gt;, #17), le Pape Fran\u00e7ois affirme : &lt;em&gt;\u00ab \u00c9vang\u00e9liser c\u2019est rendre pr\u00e9sent dans le monde le Royaume de Dieu. Mais \u00ab aucune d\u00e9finition partielle et fragmentaire ne donne raison de la r\u00e9alit\u00e9 riche, complexe et dynamique qu\u2019est l\u2019\u00e9vang\u00e9lisation, sinon au risque de l\u2019appauvrir et m\u00eame de la mutiler \u00bb&lt;\/em&gt; (&lt;em&gt;Evangelii Gaudium&lt;\/em&gt;, #176).'><sup>3<\/sup><\/a><\/span>.<\/p>\n<p>C\u2019est cette exp\u00e9rience de Charit\u00e9-Mission qui fait du service spirituel et corporel non pas deux fins distinctes du charisme vincentien, mais plut\u00f4t deux aspects du m\u00eame but, de la m\u00eame mission \u00e9vang\u00e9lisatrice.<\/p>\n<p>Les Constitutions de la Congr\u00e9gation de la Mission concr\u00e9tisent cette contribution du charisme vincentien \u00e0 la mission de l&rsquo;Eglise\u00a0:<\/p>\n<p style=\"padding-left: 30px;\">A la suite de J\u00e9sus-Christ, les membres de la Congr\u00e9gation de la Mission <em>\u00ab\u00a0s&rsquo;appliquent \u00e0 l&rsquo;\u00e9vang\u00e9lisation des pauvres, surtout des plus abandonn\u00e9s\u00a0\u00bb<\/em>\u00a0(Constitutions 1.2)\u00a0;\u00a0<em>\u00ab\u00a0leur \u00e9vang\u00e9lisation est en effet le signe de l&rsquo;approche du royaume de Dieu sur terre\u00a0\u00bb<\/em> (cf. Mt 11. 51) (Constitutions, 12.1)\u00a0; <em>\u00ab\u00a0Depuis le temps du Fondateur et sous son inspiration, la Congr\u00e9gation de la Mission se reconna\u00eet appel\u00e9e par Dieu \u00e0 poursuivre l&rsquo;\u0153uvre d&rsquo;\u00e9vang\u00e9lisation des pauvres. Il est donc permis d&rsquo;affirmer avec toute l&rsquo;Eglise, d&rsquo;une mani\u00e8re particuli\u00e8re, que pour elle la charge d&rsquo;\u00e9vang\u00e9liser est sa gr\u00e2ce et sa vocation propre et l&rsquo;expression de son identit\u00e9 la plus profonde (cf. EN, 14). Bien plus, tous et chacun de ses membres osent dire avec J\u00e9sus : \u00ab Il me faut annoncer la bonne nouvelle du Royaume de Dieu, car c&rsquo;est pour cela que j&rsquo;ai \u00e9t\u00e9 envoy\u00e9 \u00bb (Lc 4, 43). <\/em>(Constitutions, #10).<\/p>\n<p style=\"padding-left: 30px;\">La charit\u00e9 est la source de la mission\u00a0: \u00ab\u00a0<em>La charit\u00e9 du Christ rempli de compassion pour les foules (cf. Mc 8, 2) est la source de toute notre activit\u00e9 apostolique ; elle nous incite, selon les termes de saint Vincent, \u00e0 \u00ab rendre effectif l&rsquo;Evangile \u00bb (SV, XII, 84). Dans les diverses conjonctures de temps et de lieux, notre \u00e9vang\u00e9lisation, en paroles et en actes, doit donc viser \u00e0 ce que, par la conversion et la c\u00e9l\u00e9bration des sacrements, tous adh\u00e8rent \u00ab au R\u00e8gne, c&rsquo;est-\u00e0-dire au monde nouveau, au nouvel \u00e9tat de chose, \u00e0 la nouvelle mani\u00e8re d&rsquo;\u00eatre et de vivre, de vivre ensemble, que l&rsquo;Evangile inaugure\u00a0\u00bb (EN, 23).\u00a0 <\/em>(Constitutions, #11).<\/p>\n<p style=\"padding-left: 30px;\">La mission est la charit\u00e9\u00a0: <em>\u00ab\u00a0A la suite de saint Vincent qui s&rsquo;inspirait de la parabole du bon Samaritain (Lc 10,30-37) en se portant efficacement au secours des abandonn\u00e9s, les Provinces et les Confr\u00e8res eux-m\u00eames s&rsquo;efforceront d&rsquo;aider, selon leurs moyens, ceux qui sont rejet\u00e9s de la soci\u00e9t\u00e9, les victimes des calamit\u00e9s et des injustices de tous genres et ceux qui sont touch\u00e9s par les diverses formes de la mis\u00e8re morale de notre temps. <\/em>(Constitutions, #18).<\/p>\n<p>Les Constitutions des Filles de la Charit\u00e9 concr\u00e9tisent \u00e9galement cette contribution du charisme vincentien \u00e0 la mission de l&rsquo;Eglise\u00a0:<\/p>\n<p style=\"padding-left: 30px;\">La Compagnie participe \u00e0 la mission. <em>\u00ab\u00a0La Compagnie participe \u00e0 la Mission universelle de Salut de l\u2019Eglise, selon le charisme de ses Fondateurs, Saint Vincent de Paul et Sainte Louise de Marillac\u00a0\u00bb<\/em> (Constitutions, #1a).<\/p>\n<p style=\"padding-left: 30px;\"><em>\u00ab\u00a0Les S\u0153urs contemplent et rejoignent le Christ dans le c\u0153ur et la vie des Pauvres o\u00f9 sa gr\u00e2ce est toujours \u00e0 l&rsquo;\u0153uvre pour les sanctifier et les sauver. Elles ont le souci primordial de leur faire conna\u00eetre Dieu, d\u2019annoncer l\u2019Evangile et de rendre pr\u00e9sent le Royaume\u00a0\u00bb<\/em> (Constitutions, 10a).<\/p>\n<p style=\"padding-left: 30px;\">La charit\u00e9 est la source de la mission\u00a0: <em>\u00ab\u00a0A l&rsquo;\u00e9cole du Fils de Dieu, les Filles de la Charit\u00e9 apprennent qu&rsquo;il n&rsquo;y a pas de mis\u00e8re qui leur soit \u00e9trang\u00e8re. Le Christ appelle continuellement leur Compagnie par leurs fr\u00e8res et s\u0153urs souffrants, par les signes des temps, par l&rsquo;Eglise. Multiples sont les formes de pauvret\u00e9, multiples les formes de service\u00a0: un est l&rsquo;amour que Dieu fait na\u00eetre en celles qu&rsquo;il a \u00ab appel\u00e9es et assembl\u00e9es\u00a0\u00bb <\/em>(Constitutions, #11a).<\/p>\n<p style=\"padding-left: 30px;\">La mission est la charit\u00e9\u00a0: \u00ab\u00a0<em>Fid\u00e8le \u00e0 cet Esprit, la Compagnie se tient disponible et mobile pour r\u00e9pondre avec cr\u00e9ativit\u00e9 et courage aux appels de l\u2019Eglise et aux urgences des pauvres, dans le respect des cultures\u00a0\u00bb<\/em> (Constitutions, 12b).<\/p>\n<p style=\"padding-left: 30px;\">Mission et charit\u00e9 sont ins\u00e9parables\u00a0: \u00ab\u00a0<em>Dans le souci constant d&rsquo;une promotion pl\u00e9ni\u00e8re de l&rsquo;homme, la Compagnie ne s\u00e9pare pas le service corporel du service spirituel, l&rsquo;\u0153uvre d&rsquo;humanisation de l&rsquo;\u0153uvre d&rsquo;\u00e9vang\u00e9lisation. Elle unit service et pr\u00e9sence, se souvenant du Seigneur qui r\u00e9v\u00e9lait ainsi l&rsquo;Amour du P\u00e8re et donnait comme signe de sa mission : \u00ab\u00a0Les aveugles voient, les boiteux marchent&#8230; et la Bonne Nouvelle est annonc\u00e9e aux Pauvres \u00bb<\/em> (Constitutions, #14).<\/p>\n<h3><strong><em>T\u00e9l\u00e9charger l&rsquo;article complet:<\/em><br \/>\n<\/strong><\/h3>\n[wpfilebase tag=file id=175 \/]\n","protected":false},"excerpt":{"rendered":"<p>8. La charit\u00e9 anime la mission et la mission est la charit\u00e9 Dans la synagogue de Nazareth et \u00e0 partir d\u2019un texte du proph\u00e8te Isa\u00efe (L\u2019Esprit du Seigneur est sur moi parce que le Seigneur &#8230; <a href=\"http:\/\/vincentians.com\/fr\/les-contributions-du-charisme-vincentien-la-mission-leglise-8\/\" class=\"more-link\">Read More<\/a><\/p>\n","protected":false},"author":4,"featured_media":148885,"comment_status":"open","ping_status":"open","sticky":false,"template":"","format":"standard","meta":{"jetpack_post_was_ever_published":false,"_jetpack_newsletter_access":"","_jetpack_dont_email_post_to_subs":true,"_jetpack_newsletter_tier_id":0,"_jetpack_memberships_contains_paywalled_content":false,"_jetpack_memberships_contains_paid_content":false,"footnotes":"","jetpack_publicize_message":"","jetpack_publicize_feature_enabled":true,"jetpack_social_post_already_shared":true,"jetpack_social_options":{"image_generator_settings":{"template":"highway","default_image_id":0,"font":"","enabled":false},"version":2}},"categories":[118],"tags":[],"class_list":["post-189850","post","type-post","status-publish","format-standard","has-post-thumbnail","hentry","category-formation-vincentienne"],"yoast_head":"<!-- This site is optimized with the Yoast SEO plugin v26.3 - https:\/\/yoast.com\/wordpress\/plugins\/seo\/ -->\n<title>Les contributions du charisme vincentien \u00e0 la mission de l&#039;Eglise (8) - Nous Sommes Vincentiens<\/title>\n<meta name=\"robots\" content=\"index, follow, max-snippet:-1, max-image-preview:large, max-video-preview:-1\" \/>\n<link rel=\"canonical\" href=\"http:\/\/vincentians.com\/fr\/les-contributions-du-charisme-vincentien-la-mission-leglise-8\/\" \/>\n<meta property=\"og:locale\" content=\"fr_FR\" \/>\n<meta property=\"og:type\" content=\"article\" \/>\n<meta property=\"og:title\" content=\"Les contributions du charisme vincentien \u00e0 la mission de l&#039;Eglise (8) - Nous Sommes Vincentiens\" \/>\n<meta property=\"og:description\" content=\"8. La charit\u00e9 anime la mission et la mission est la charit\u00e9 Dans la synagogue de Nazareth et \u00e0 partir d\u2019un texte du proph\u00e8te Isa\u00efe (L\u2019Esprit du Seigneur est sur moi parce que le Seigneur ... Read More\" \/>\n<meta property=\"og:url\" content=\"http:\/\/vincentians.com\/fr\/les-contributions-du-charisme-vincentien-la-mission-leglise-8\/\" \/>\n<meta property=\"og:site_name\" content=\"Nous Sommes Vincentiens\" \/>\n<meta property=\"article:publisher\" content=\"https:\/\/www.facebook.com\/WeAreVincentians\/\" \/>\n<meta property=\"article:author\" content=\"https:\/\/www.facebook.com\/JavierChento\" \/>\n<meta property=\"article:published_time\" content=\"2016-08-11T04:00:10+00:00\" \/>\n<meta property=\"article:modified_time\" content=\"2016-11-14T07:21:38+00:00\" \/>\n<meta property=\"og:image\" content=\"https:\/\/i0.wp.com\/vincentians.com\/fr\/wp-content\/uploads\/sites\/10\/2016\/06\/contributions-charism.jpg?fit=1200%2C630\" \/>\n\t<meta property=\"og:image:width\" content=\"1200\" \/>\n\t<meta property=\"og:image:height\" content=\"630\" \/>\n\t<meta property=\"og:image:type\" content=\"image\/jpeg\" \/>\n<meta name=\"author\" content=\"Francisco Javier Fern\u00e1ndez Chento\" \/>\n<meta name=\"twitter:card\" content=\"summary_large_image\" \/>\n<meta name=\"twitter:creator\" content=\"@https:\/\/twitter.com\/javierchento\" \/>\n<meta name=\"twitter:site\" content=\"@WeVincentians\" \/>\n<meta name=\"twitter:label1\" content=\"\u00c9crit par\" \/>\n\t<meta name=\"twitter:data1\" content=\"Francisco Javier Fern\u00e1ndez Chento\" \/>\n\t<meta name=\"twitter:label2\" content=\"Dur\u00e9e de lecture estim\u00e9e\" \/>\n\t<meta name=\"twitter:data2\" content=\"9 minutes\" \/>\n<script type=\"application\/ld+json\" class=\"yoast-schema-graph\">{\"@context\":\"https:\/\/schema.org\",\"@graph\":[{\"@type\":\"WebPage\",\"@id\":\"http:\/\/vincentians.com\/fr\/les-contributions-du-charisme-vincentien-la-mission-leglise-8\/\",\"url\":\"http:\/\/vincentians.com\/fr\/les-contributions-du-charisme-vincentien-la-mission-leglise-8\/\",\"name\":\"Les contributions du charisme vincentien \u00e0 la mission de l'Eglise (8) - Nous Sommes Vincentiens\",\"isPartOf\":{\"@id\":\"https:\/\/vincentians.com\/fr\/#website\"},\"primaryImageOfPage\":{\"@id\":\"http:\/\/vincentians.com\/fr\/les-contributions-du-charisme-vincentien-la-mission-leglise-8\/#primaryimage\"},\"image\":{\"@id\":\"http:\/\/vincentians.com\/fr\/les-contributions-du-charisme-vincentien-la-mission-leglise-8\/#primaryimage\"},\"thumbnailUrl\":\"https:\/\/i0.wp.com\/vincentians.com\/fr\/wp-content\/uploads\/sites\/10\/2016\/06\/contributions-charism.jpg?fit=1200%2C630\",\"datePublished\":\"2016-08-11T04:00:10+00:00\",\"dateModified\":\"2016-11-14T07:21:38+00:00\",\"author\":{\"@id\":\"https:\/\/vincentians.com\/fr\/#\/schema\/person\/9623ef4d9aa3b2dfb8c061f1499288f2\"},\"breadcrumb\":{\"@id\":\"http:\/\/vincentians.com\/fr\/les-contributions-du-charisme-vincentien-la-mission-leglise-8\/#breadcrumb\"},\"inLanguage\":\"fr-FR\",\"potentialAction\":[{\"@type\":\"ReadAction\",\"target\":[\"http:\/\/vincentians.com\/fr\/les-contributions-du-charisme-vincentien-la-mission-leglise-8\/\"]}]},{\"@type\":\"ImageObject\",\"inLanguage\":\"fr-FR\",\"@id\":\"http:\/\/vincentians.com\/fr\/les-contributions-du-charisme-vincentien-la-mission-leglise-8\/#primaryimage\",\"url\":\"https:\/\/i0.wp.com\/vincentians.com\/fr\/wp-content\/uploads\/sites\/10\/2016\/06\/contributions-charism.jpg?fit=1200%2C630\",\"contentUrl\":\"https:\/\/i0.wp.com\/vincentians.com\/fr\/wp-content\/uploads\/sites\/10\/2016\/06\/contributions-charism.jpg?fit=1200%2C630\",\"width\":1200,\"height\":630},{\"@type\":\"BreadcrumbList\",\"@id\":\"http:\/\/vincentians.com\/fr\/les-contributions-du-charisme-vincentien-la-mission-leglise-8\/#breadcrumb\",\"itemListElement\":[{\"@type\":\"ListItem\",\"position\":1,\"name\":\"Portada\",\"item\":\"https:\/\/vincentians.com\/fr\/\"},{\"@type\":\"ListItem\",\"position\":2,\"name\":\"Les contributions du charisme vincentien \u00e0 la mission de l&rsquo;Eglise (8)\"}]},{\"@type\":\"WebSite\",\"@id\":\"https:\/\/vincentians.com\/fr\/#website\",\"url\":\"https:\/\/vincentians.com\/fr\/\",\"name\":\"Nous Sommes Vincentiens\",\"description\":\"Know more to serve more\",\"potentialAction\":[{\"@type\":\"SearchAction\",\"target\":{\"@type\":\"EntryPoint\",\"urlTemplate\":\"https:\/\/vincentians.com\/fr\/?s={search_term_string}\"},\"query-input\":{\"@type\":\"PropertyValueSpecification\",\"valueRequired\":true,\"valueName\":\"search_term_string\"}}],\"inLanguage\":\"fr-FR\"},{\"@type\":\"Person\",\"@id\":\"https:\/\/vincentians.com\/fr\/#\/schema\/person\/9623ef4d9aa3b2dfb8c061f1499288f2\",\"name\":\"Francisco Javier Fern\u00e1ndez Chento\",\"image\":{\"@type\":\"ImageObject\",\"inLanguage\":\"fr-FR\",\"@id\":\"https:\/\/vincentians.com\/fr\/#\/schema\/person\/image\/\",\"url\":\"https:\/\/secure.gravatar.com\/avatar\/497d5cde87b4c3d097d0315953521681ba2cd523ee66e5077c3711f7021e65de?s=96&d=mm&r=g\",\"contentUrl\":\"https:\/\/secure.gravatar.com\/avatar\/497d5cde87b4c3d097d0315953521681ba2cd523ee66e5077c3711f7021e65de?s=96&d=mm&r=g\",\"caption\":\"Francisco Javier Fern\u00e1ndez Chento\"},\"description\":\"Director General y cofundador de La Red de Formaci\u00f3n Vicenciana. Javier es laico vicenciano, afiliado a la Congregaci\u00f3n de la Misi\u00f3n y miembro del Equipo de Misiones Populares de la provincia can\u00f3nica de Zaragoza (Espa\u00f1a) de la Congregaci\u00f3n de la Misi\u00f3n. Graduado en la Universidad Oberta de Catalunya con cuatro grados (Asistente de direcci\u00f3n, Gesti\u00f3n Administrativa, Recursos Humanos y Contabilidad Avanzada). Bil\u00edng\u00fce Espa\u00f1ol\/Ingl\u00e9s. gestiona y mantiene varias p\u00e1ginas web cristianas y vicencianas, incluida including La Red de Formaci\u00f3n Vicenciana, de la que es cofundador. Actualmente es responsable del \u00e1rea de Espa\u00f1ol de .famvin, la Red de Noticias de la Familia Vicenciana. Tambi\u00e9n es m\u00fasico cat\u00f3lico y ha editado varios discos. Es Director General y cofundador de Trovador, una reconocida compa\u00f1\u00eda discogr\u00e1fica critiana de Espa\u00f1a. Trabaja en las Tecnolog\u00edas de la Informaci\u00f3n, ofreciendo servicios de alojamiento, dise\u00f1o y mantenimiento Web, as\u00ed como asesoramiento, formaci\u00f3n y soluciones inform\u00e1ticas, gesti\u00f3n documental y digitalizaci\u00f3n de textos, edici\u00f3n y maquetaci\u00f3n de libros, revistas, flyers, etc.\",\"sameAs\":[\"http:\/\/chento.org\",\"https:\/\/www.facebook.com\/JavierChento\",\"https:\/\/x.com\/https:\/\/twitter.com\/javierchento\"],\"url\":\"http:\/\/vincentians.com\/fr\/author\/chento\/\"}]}<\/script>\n<!-- \/ Yoast SEO plugin. -->","yoast_head_json":{"title":"Les contributions du charisme vincentien \u00e0 la mission de l'Eglise (8) - Nous Sommes Vincentiens","robots":{"index":"index","follow":"follow","max-snippet":"max-snippet:-1","max-image-preview":"max-image-preview:large","max-video-preview":"max-video-preview:-1"},"canonical":"http:\/\/vincentians.com\/fr\/les-contributions-du-charisme-vincentien-la-mission-leglise-8\/","og_locale":"fr_FR","og_type":"article","og_title":"Les contributions du charisme vincentien \u00e0 la mission de l'Eglise (8) - Nous Sommes Vincentiens","og_description":"8. La charit\u00e9 anime la mission et la mission est la charit\u00e9 Dans la synagogue de Nazareth et \u00e0 partir d\u2019un texte du proph\u00e8te Isa\u00efe (L\u2019Esprit du Seigneur est sur moi parce que le Seigneur ... Read More","og_url":"http:\/\/vincentians.com\/fr\/les-contributions-du-charisme-vincentien-la-mission-leglise-8\/","og_site_name":"Nous Sommes Vincentiens","article_publisher":"https:\/\/www.facebook.com\/WeAreVincentians\/","article_author":"https:\/\/www.facebook.com\/JavierChento","article_published_time":"2016-08-11T04:00:10+00:00","article_modified_time":"2016-11-14T07:21:38+00:00","og_image":[{"width":1200,"height":630,"url":"https:\/\/i0.wp.com\/vincentians.com\/fr\/wp-content\/uploads\/sites\/10\/2016\/06\/contributions-charism.jpg?fit=1200%2C630","type":"image\/jpeg"}],"author":"Francisco Javier Fern\u00e1ndez Chento","twitter_card":"summary_large_image","twitter_creator":"@https:\/\/twitter.com\/javierchento","twitter_site":"@WeVincentians","twitter_misc":{"\u00c9crit par":"Francisco Javier Fern\u00e1ndez Chento","Dur\u00e9e de lecture estim\u00e9e":"9 minutes"},"schema":{"@context":"https:\/\/schema.org","@graph":[{"@type":"WebPage","@id":"http:\/\/vincentians.com\/fr\/les-contributions-du-charisme-vincentien-la-mission-leglise-8\/","url":"http:\/\/vincentians.com\/fr\/les-contributions-du-charisme-vincentien-la-mission-leglise-8\/","name":"Les contributions du charisme vincentien \u00e0 la mission de l'Eglise (8) - Nous Sommes Vincentiens","isPartOf":{"@id":"https:\/\/vincentians.com\/fr\/#website"},"primaryImageOfPage":{"@id":"http:\/\/vincentians.com\/fr\/les-contributions-du-charisme-vincentien-la-mission-leglise-8\/#primaryimage"},"image":{"@id":"http:\/\/vincentians.com\/fr\/les-contributions-du-charisme-vincentien-la-mission-leglise-8\/#primaryimage"},"thumbnailUrl":"https:\/\/i0.wp.com\/vincentians.com\/fr\/wp-content\/uploads\/sites\/10\/2016\/06\/contributions-charism.jpg?fit=1200%2C630","datePublished":"2016-08-11T04:00:10+00:00","dateModified":"2016-11-14T07:21:38+00:00","author":{"@id":"https:\/\/vincentians.com\/fr\/#\/schema\/person\/9623ef4d9aa3b2dfb8c061f1499288f2"},"breadcrumb":{"@id":"http:\/\/vincentians.com\/fr\/les-contributions-du-charisme-vincentien-la-mission-leglise-8\/#breadcrumb"},"inLanguage":"fr-FR","potentialAction":[{"@type":"ReadAction","target":["http:\/\/vincentians.com\/fr\/les-contributions-du-charisme-vincentien-la-mission-leglise-8\/"]}]},{"@type":"ImageObject","inLanguage":"fr-FR","@id":"http:\/\/vincentians.com\/fr\/les-contributions-du-charisme-vincentien-la-mission-leglise-8\/#primaryimage","url":"https:\/\/i0.wp.com\/vincentians.com\/fr\/wp-content\/uploads\/sites\/10\/2016\/06\/contributions-charism.jpg?fit=1200%2C630","contentUrl":"https:\/\/i0.wp.com\/vincentians.com\/fr\/wp-content\/uploads\/sites\/10\/2016\/06\/contributions-charism.jpg?fit=1200%2C630","width":1200,"height":630},{"@type":"BreadcrumbList","@id":"http:\/\/vincentians.com\/fr\/les-contributions-du-charisme-vincentien-la-mission-leglise-8\/#breadcrumb","itemListElement":[{"@type":"ListItem","position":1,"name":"Portada","item":"https:\/\/vincentians.com\/fr\/"},{"@type":"ListItem","position":2,"name":"Les contributions du charisme vincentien \u00e0 la mission de l&rsquo;Eglise (8)"}]},{"@type":"WebSite","@id":"https:\/\/vincentians.com\/fr\/#website","url":"https:\/\/vincentians.com\/fr\/","name":"Nous Sommes Vincentiens","description":"Know more to serve more","potentialAction":[{"@type":"SearchAction","target":{"@type":"EntryPoint","urlTemplate":"https:\/\/vincentians.com\/fr\/?s={search_term_string}"},"query-input":{"@type":"PropertyValueSpecification","valueRequired":true,"valueName":"search_term_string"}}],"inLanguage":"fr-FR"},{"@type":"Person","@id":"https:\/\/vincentians.com\/fr\/#\/schema\/person\/9623ef4d9aa3b2dfb8c061f1499288f2","name":"Francisco Javier Fern\u00e1ndez Chento","image":{"@type":"ImageObject","inLanguage":"fr-FR","@id":"https:\/\/vincentians.com\/fr\/#\/schema\/person\/image\/","url":"https:\/\/secure.gravatar.com\/avatar\/497d5cde87b4c3d097d0315953521681ba2cd523ee66e5077c3711f7021e65de?s=96&d=mm&r=g","contentUrl":"https:\/\/secure.gravatar.com\/avatar\/497d5cde87b4c3d097d0315953521681ba2cd523ee66e5077c3711f7021e65de?s=96&d=mm&r=g","caption":"Francisco Javier Fern\u00e1ndez Chento"},"description":"Director General y cofundador de La Red de Formaci\u00f3n Vicenciana. Javier es laico vicenciano, afiliado a la Congregaci\u00f3n de la Misi\u00f3n y miembro del Equipo de Misiones Populares de la provincia can\u00f3nica de Zaragoza (Espa\u00f1a) de la Congregaci\u00f3n de la Misi\u00f3n. Graduado en la Universidad Oberta de Catalunya con cuatro grados (Asistente de direcci\u00f3n, Gesti\u00f3n Administrativa, Recursos Humanos y Contabilidad Avanzada). Bil\u00edng\u00fce Espa\u00f1ol\/Ingl\u00e9s. gestiona y mantiene varias p\u00e1ginas web cristianas y vicencianas, incluida including La Red de Formaci\u00f3n Vicenciana, de la que es cofundador. Actualmente es responsable del \u00e1rea de Espa\u00f1ol de .famvin, la Red de Noticias de la Familia Vicenciana. Tambi\u00e9n es m\u00fasico cat\u00f3lico y ha editado varios discos. Es Director General y cofundador de Trovador, una reconocida compa\u00f1\u00eda discogr\u00e1fica critiana de Espa\u00f1a. Trabaja en las Tecnolog\u00edas de la Informaci\u00f3n, ofreciendo servicios de alojamiento, dise\u00f1o y mantenimiento Web, as\u00ed como asesoramiento, formaci\u00f3n y soluciones inform\u00e1ticas, gesti\u00f3n documental y digitalizaci\u00f3n de textos, edici\u00f3n y maquetaci\u00f3n de libros, revistas, flyers, etc.","sameAs":["http:\/\/chento.org","https:\/\/www.facebook.com\/JavierChento","https:\/\/x.com\/https:\/\/twitter.com\/javierchento"],"url":"http:\/\/vincentians.com\/fr\/author\/chento\/"}]}},"jetpack_publicize_connections":[],"jetpack_featured_media_url":"https:\/\/i0.wp.com\/vincentians.com\/fr\/wp-content\/uploads\/sites\/10\/2016\/06\/contributions-charism.jpg?fit=1200%2C630","jetpack_sharing_enabled":true,"jetpack_shortlink":"https:\/\/wp.me\/p7ETMP-No6","jetpack-related-posts":[{"id":38257,"url":"http:\/\/vincentians.com\/fr\/elements-dunion-dans-la-famille-vincentienne\/","url_meta":{"origin":189850,"position":0},"title":"\u00c9l\u00e9ments d\u2019union dans la Famille Vincentienne","author":"Francisco Javier Fern\u00e1ndez Chento","date":"04\/08\/2016","format":false,"excerpt":"A. De quelle famille parlons-nous ? Lorsque nous parlons de la Famille Vincentienne nous faisons allusion \u00e0 tous ces groupes d\u2019associations ou \u00e0 des congr\u00e9gations qui, dans leur vie (style) et dans leur action (apostolat), s\u2019inspirent avec diverses nuances, de ce que nous appelons aujourd\u2019hui \u00ab charisme vincentien \u00bb. D\u2019autre\u2026","rel":"","context":"Dans &quot;La Famille Vincentienne&quot;","block_context":{"text":"La Famille Vincentienne","link":"http:\/\/vincentians.com\/fr\/category\/la-famille-vincentienne\/"},"img":{"alt_text":"","src":"https:\/\/i0.wp.com\/vincentians.com\/fr\/wp-content\/uploads\/sites\/10\/2014\/01\/Vincentian-Family-leaders-meeting-in-Paris.jpg?fit=1200%2C630&resize=350%2C200","width":350,"height":200,"srcset":"https:\/\/i0.wp.com\/vincentians.com\/fr\/wp-content\/uploads\/sites\/10\/2014\/01\/Vincentian-Family-leaders-meeting-in-Paris.jpg?fit=1200%2C630&resize=350%2C200 1x, https:\/\/i0.wp.com\/vincentians.com\/fr\/wp-content\/uploads\/sites\/10\/2014\/01\/Vincentian-Family-leaders-meeting-in-Paris.jpg?fit=1200%2C630&resize=525%2C300 1.5x, https:\/\/i0.wp.com\/vincentians.com\/fr\/wp-content\/uploads\/sites\/10\/2014\/01\/Vincentian-Family-leaders-meeting-in-Paris.jpg?fit=1200%2C630&resize=700%2C400 2x, https:\/\/i0.wp.com\/vincentians.com\/fr\/wp-content\/uploads\/sites\/10\/2014\/01\/Vincentian-Family-leaders-meeting-in-Paris.jpg?fit=1200%2C630&resize=1050%2C600 3x"},"classes":[]},{"id":38477,"url":"http:\/\/vincentians.com\/fr\/le-directeur-provincial-animateur-des-filles-de-la-charite\/","url_meta":{"origin":189850,"position":1},"title":"Le Directeur Provincial \u201canimateur\u201d des Filles de la Charit\u00e9","author":"Francisco Javier Fern\u00e1ndez Chento","date":"03\/10\/2012","format":false,"excerpt":"Dans les Constitutions des Filles de la Charit\u00e9, nous trouvons \u00e0 l\u2019article 3.38: le Directeur Provincial est un pr\u00eatre de la Congr\u00e9gation de la Mission, nomm\u00e9 par le Sup\u00e9rieur G\u00e9n\u00e9ral; \u201cil partage avec la Visitatrice et son Conseil la responsabilit\u00e9 de promouvoir l\u2019esprit vincentien dans la Province\u201d Missionnaire, le directeur\u2026","rel":"","context":"Dans &quot;Congr\u00e9gation de la Mission&quot;","block_context":{"text":"Congr\u00e9gation de la Mission","link":"http:\/\/vincentians.com\/fr\/category\/congregation-de-la-mission\/"},"img":{"alt_text":"","src":"https:\/\/i0.wp.com\/vincentiens.org\/wp-content\/uploads\/2011\/05\/filles_charite-228x300.jpg?resize=350%2C200","width":350,"height":200},"classes":[]},{"id":39762,"url":"http:\/\/vincentians.com\/fr\/lidentite-de-la-fille-de-la-charite-elements-caracteristiques-et-distinctifs-comment-la-fdlc-peut-elle-la-vivre-aujourdhui\/","url_meta":{"origin":189850,"position":2},"title":"L\u2019identit\u00e9 de la Fille de la Charit\u00e9: \u00c9l\u00e9ments caract\u00e9ristiques et distinctifs. Comment la FdlC peut-elle la vivre aujourd\u2019hui?","author":"Francisco Javier Fern\u00e1ndez Chento","date":"05\/10\/2012","format":false,"excerpt":"Introduction Aujourd\u2019hui, les id\u00e9ologies rationalistes et totalitaires sont en partie tomb\u00e9es, et les grands progr\u00e8s scientifiques et techniques r\u00e9alis\u00e9s offrent sans aucun doute \u00e0 notre monde d\u2019immenses possibilit\u00e9s. Les progr\u00e8s mat\u00e9riels donnent lieu \u00e0 l\u2019am\u00e9lioration des conditions de vie de l\u2019humanit\u00e9 dans diff\u00e9rents domaines de la sant\u00e9, de l\u2019\u00e9ducation et\u2026","rel":"","context":"Dans &quot;Filles de la Charit\u00e9&quot;","block_context":{"text":"Filles de la Charit\u00e9","link":"http:\/\/vincentians.com\/fr\/category\/filles-de-la-charite\/"},"img":{"alt_text":"","src":"https:\/\/i0.wp.com\/vincentiens.org\/wp-content\/uploads\/2011\/05\/cruz_sv-212x300.jpg?resize=350%2C200","width":350,"height":200},"classes":[]},{"id":189848,"url":"http:\/\/vincentians.com\/fr\/les-contributions-du-charisme-vincentien-la-mission-leglise-6\/","url_meta":{"origin":189850,"position":3},"title":"Les contributions du charisme vincentien \u00e0 la mission de l&rsquo;Eglise (6)","author":"Francisco Javier Fern\u00e1ndez Chento","date":"09\/08\/2016","format":false,"excerpt":"6. La mission de l'Eglise et les ouvriers de l\u2019Evangile Lorsque le Pape Fran\u00e7ois a parl\u00e9 de l'urgence de la mission \u00e9vang\u00e9lisatrice de l'Eglise dans monde actuel, il s\u2019est exclam\u00e9\u00a0: \u00ab\u00a0Comme je voudrais trouver les paroles pour encourager une p\u00e9riode \u00e9vang\u00e9lisatrice plus fervente, joyeuse, g\u00e9n\u00e9reuse, audacieuse, pleine d\u2019amour profond, et\u2026","rel":"","context":"Dans &quot;Formation Vincentienne&quot;","block_context":{"text":"Formation Vincentienne","link":"http:\/\/vincentians.com\/fr\/category\/formation-vincentienne\/"},"img":{"alt_text":"","src":"https:\/\/i0.wp.com\/vincentians.com\/fr\/wp-content\/uploads\/sites\/10\/2016\/06\/contributions-charism.jpg?fit=1200%2C630&resize=350%2C200","width":350,"height":200,"srcset":"https:\/\/i0.wp.com\/vincentians.com\/fr\/wp-content\/uploads\/sites\/10\/2016\/06\/contributions-charism.jpg?fit=1200%2C630&resize=350%2C200 1x, https:\/\/i0.wp.com\/vincentians.com\/fr\/wp-content\/uploads\/sites\/10\/2016\/06\/contributions-charism.jpg?fit=1200%2C630&resize=525%2C300 1.5x, https:\/\/i0.wp.com\/vincentians.com\/fr\/wp-content\/uploads\/sites\/10\/2016\/06\/contributions-charism.jpg?fit=1200%2C630&resize=700%2C400 2x, https:\/\/i0.wp.com\/vincentians.com\/fr\/wp-content\/uploads\/sites\/10\/2016\/06\/contributions-charism.jpg?fit=1200%2C630&resize=1050%2C600 3x"},"classes":[]},{"id":189852,"url":"http:\/\/vincentians.com\/fr\/les-contributions-du-charisme-vincentien-la-mission-leglise-10-fin\/","url_meta":{"origin":189850,"position":4},"title":"Les contributions du charisme vincentien \u00e0 la mission de l&rsquo;Eglise (10 &#8211; Fin)","author":"Francisco Javier Fern\u00e1ndez Chento","date":"13\/08\/2016","format":false,"excerpt":"10. Le mouvement circulaire vincentien\u00a0: du Christ aux pauvres, des pauvres au Christ Pour conclure cette r\u00e9flexion sur les contributions du charisme vincentien \u00e0 la mission de l'Eglise, il semble opportun de se r\u00e9f\u00e9rer au mouvement circulaire du charisme vincentien\u00a0: du Christ aux pauvres\u00a0; des pauvres au Christ. \u00ab\u00a0Aimons l\u2019Amour\u00a0\u00bb\u2026","rel":"","context":"Dans &quot;Formation Vincentienne&quot;","block_context":{"text":"Formation Vincentienne","link":"http:\/\/vincentians.com\/fr\/category\/formation-vincentienne\/"},"img":{"alt_text":"","src":"https:\/\/i0.wp.com\/vincentians.com\/fr\/wp-content\/uploads\/sites\/10\/2016\/06\/contributions-charism.jpg?fit=1200%2C630&resize=350%2C200","width":350,"height":200,"srcset":"https:\/\/i0.wp.com\/vincentians.com\/fr\/wp-content\/uploads\/sites\/10\/2016\/06\/contributions-charism.jpg?fit=1200%2C630&resize=350%2C200 1x, https:\/\/i0.wp.com\/vincentians.com\/fr\/wp-content\/uploads\/sites\/10\/2016\/06\/contributions-charism.jpg?fit=1200%2C630&resize=525%2C300 1.5x, https:\/\/i0.wp.com\/vincentians.com\/fr\/wp-content\/uploads\/sites\/10\/2016\/06\/contributions-charism.jpg?fit=1200%2C630&resize=700%2C400 2x, https:\/\/i0.wp.com\/vincentians.com\/fr\/wp-content\/uploads\/sites\/10\/2016\/06\/contributions-charism.jpg?fit=1200%2C630&resize=1050%2C600 3x"},"classes":[]},{"id":189843,"url":"http:\/\/vincentians.com\/fr\/les-contributions-du-charisme-vincentien-la-mission-leglise-1\/","url_meta":{"origin":189850,"position":5},"title":"Les contributions du charisme vincentien \u00e0 la mission de l&rsquo;Eglise (1)","author":"Francisco Javier Fern\u00e1ndez Chento","date":"04\/08\/2016","format":false,"excerpt":"Introduction Alors que nous r\u00e9fl\u00e9chissons sur la contribution du charisme vincentien \u00e0 la mission de l'Eglise, il semble n\u00e9cessaire de commencer par quelques pr\u00e9cisions. 1. Lorsque nous parlons du charisme vincentien, nous faisons r\u00e9f\u00e9rence au don de l'Esprit, un don que Dieu a accord\u00e9 \u00e0 l'Eglise \u00e0 travers la personne\u2026","rel":"","context":"Dans &quot;Formation Vincentienne&quot;","block_context":{"text":"Formation Vincentienne","link":"http:\/\/vincentians.com\/fr\/category\/formation-vincentienne\/"},"img":{"alt_text":"","src":"https:\/\/i0.wp.com\/vincentians.com\/fr\/wp-content\/uploads\/sites\/10\/2016\/06\/contributions-charism.jpg?fit=1200%2C630&resize=350%2C200","width":350,"height":200,"srcset":"https:\/\/i0.wp.com\/vincentians.com\/fr\/wp-content\/uploads\/sites\/10\/2016\/06\/contributions-charism.jpg?fit=1200%2C630&resize=350%2C200 1x, https:\/\/i0.wp.com\/vincentians.com\/fr\/wp-content\/uploads\/sites\/10\/2016\/06\/contributions-charism.jpg?fit=1200%2C630&resize=525%2C300 1.5x, https:\/\/i0.wp.com\/vincentians.com\/fr\/wp-content\/uploads\/sites\/10\/2016\/06\/contributions-charism.jpg?fit=1200%2C630&resize=700%2C400 2x, https:\/\/i0.wp.com\/vincentians.com\/fr\/wp-content\/uploads\/sites\/10\/2016\/06\/contributions-charism.jpg?fit=1200%2C630&resize=1050%2C600 3x"},"classes":[]}],"_links":{"self":[{"href":"http:\/\/vincentians.com\/fr\/wp-json\/wp\/v2\/posts\/189850","targetHints":{"allow":["GET"]}}],"collection":[{"href":"http:\/\/vincentians.com\/fr\/wp-json\/wp\/v2\/posts"}],"about":[{"href":"http:\/\/vincentians.com\/fr\/wp-json\/wp\/v2\/types\/post"}],"author":[{"embeddable":true,"href":"http:\/\/vincentians.com\/fr\/wp-json\/wp\/v2\/users\/4"}],"replies":[{"embeddable":true,"href":"http:\/\/vincentians.com\/fr\/wp-json\/wp\/v2\/comments?post=189850"}],"version-history":[{"count":3,"href":"http:\/\/vincentians.com\/fr\/wp-json\/wp\/v2\/posts\/189850\/revisions"}],"predecessor-version":[{"id":190815,"href":"http:\/\/vincentians.com\/fr\/wp-json\/wp\/v2\/posts\/189850\/revisions\/190815"}],"wp:featuredmedia":[{"embeddable":true,"href":"http:\/\/vincentians.com\/fr\/wp-json\/wp\/v2\/media\/148885"}],"wp:attachment":[{"href":"http:\/\/vincentians.com\/fr\/wp-json\/wp\/v2\/media?parent=189850"}],"wp:term":[{"taxonomy":"category","embeddable":true,"href":"http:\/\/vincentians.com\/fr\/wp-json\/wp\/v2\/categories?post=189850"},{"taxonomy":"post_tag","embeddable":true,"href":"http:\/\/vincentians.com\/fr\/wp-json\/wp\/v2\/tags?post=189850"}],"curies":[{"name":"wp","href":"https:\/\/api.w.org\/{rel}","templated":true}]}}