{"id":189846,"date":"2016-08-08T06:00:34","date_gmt":"2016-08-08T04:00:34","guid":{"rendered":"http:\/\/vincentians.com\/fr\/?p=189846"},"modified":"2016-08-04T03:52:06","modified_gmt":"2016-08-04T01:52:06","slug":"les-contributions-du-charisme-vincentien-la-mission-leglise-5","status":"publish","type":"post","link":"http:\/\/vincentians.com\/fr\/les-contributions-du-charisme-vincentien-la-mission-leglise-5\/","title":{"rendered":"Les contributions du charisme vincentien \u00e0 la mission de l&rsquo;Eglise (5)"},"content":{"rendered":"<h2><strong>5. Le monde, tel que vu et voulu par Dieu, cadre de la mission de l&rsquo;Eglise <\/strong><\/h2>\n<p>Afin de d\u00e9crire la vision vincentienne du monde et de l&rsquo;histoire, le P\u00e8re Morin a utilis\u00e9 la comparaison du regard. Ainsi, il d\u00e9crit le cheminement spirituel de Vincent de Paul comme l\u2019histoire d\u2019un regard sur les pauvres\u00a0: un regard qui s\u2019\u00e9largit \u00e0 travers la rencontre des pauvres jusqu\u2019\u00e0 la reconnaissance de tous les pauvres\u00a0; un regard devenu universel de la petite paroisse de Ch\u00e2tillon\u2026 jusqu\u2019au Madagascar\u00a0; un regard qui s\u2019approfondit avec le temps\u00a0: des pauvres \u00e0 J\u00e9sus-Christ, de J\u00e9sus-Christ aux pauvres<span id='easy-footnote-1-189846' class='easy-footnote-margin-adjust'><\/span><span class='easy-footnote'><a href='http:\/\/vincentians.com\/fr\/les-contributions-du-charisme-vincentien-la-mission-leglise-5\/#easy-footnote-bottom-1-189846' title='J. MORIN, \u201cHistoria de una mirada sobre el pobre\u201d [Histoire d\u2019un regard sur les pauvres] in &lt;em&gt;En tiempos de San Vicente de Pa\u00fal y hoy&lt;\/em&gt;, CEME, Salamanca, 1997, volumen I, 377-401.'><sup>1<\/sup><\/a><\/span>.<\/p>\n<p>Voulant voir le monde comme Dieu le voit et le veut, Vincent en est venu \u00e0 comprendre que les \u0153uvres et les institutions qu\u2019il a fond\u00e9es ne sont pas siennes, sinon qu\u2019elles sont fond\u00e9es et \u00e9tablies par Dieu\u00a0:<\/p>\n<p style=\"padding-left: 30px;\">Le bien que Dieu veut se fait quasi de lui-m\u00eame, sans qu&rsquo;on y pense ; c&rsquo;est comme cela que notre congr\u00e9gation a pris naissance, que les exercices des missions et des ordinands ont commenc\u00e9, que la compagnie des Filles de la Charit\u00e9 a \u00e9t\u00e9 faite, que celle des dames pour l&rsquo;assistance des pauvres de l&rsquo;H\u00f4tel-Dieu de Paris et des malades des paroisses s&rsquo;est \u00e9tablie, que l&rsquo;on a pris soin des enfants trouv\u00e9s et qu&rsquo;enfin toutes les \u0153uvres dont nous nous trouvons \u00e0 pr\u00e9sent charg\u00e9s ont \u00e9t\u00e9 mises au jour. Et rien de tout cela n&rsquo;a \u00e9t\u00e9 entrepris avec dessein de notre part ; mais Dieu, qui voulait \u00eatre servi en telles occasions, les a lui-m\u00eame suscit\u00e9es insensiblement ; et s&rsquo;il s&rsquo;est servi de nous, nous ne savions pourtant o\u00f9 cela allait. (Coste IV, 122-123).<\/p>\n<p>Dans les \u00e9crits proph\u00e9tiques, nous trouvons souvent l&rsquo;expression\u00a0: \u00ab\u00a0<em>Que voyez-vous\u00a0?<\/em>\u00a0\u00bb (Amos 8, 1\u00a0; J\u00e9r\u00e9mie 1, 11), suivie des mots\u00a0: \u00ab\u00a0<em>Puis le Seigneur me montra\u2026<\/em>\u00a0\u00bb ou alors \u00ab\u00a0<em>le Seigneur me dit\u2026<\/em>\u00a0\u00bb. Ainsi, en est-il de l&rsquo;argile dans les mains du potier, de la vigne avec des raisins aigres, du figuier. La r\u00e9alit\u00e9 est transform\u00e9e par le regard du proph\u00e8te, c\u2019est-\u00e0-dire que Dieu permet au proph\u00e8te de voir le monde et l&rsquo;histoire, pas comme ses contemporains voient ces r\u00e9alit\u00e9s, mais comme Dieu les voit et les veut. P\u00e8re J.-P. Renouard assure que, pour Vincent, \u00ab\u00a0<em>l\u2019\u00e9v\u00e9nement est un signe de Dieu, surtout quand cela concerne directement les pauvres. Pour lui, l\u2019\u00e9v\u00e9nement est porteur de Dieu\u00a0; il lui r\u00e9v\u00e8le Sa volont\u00e9\u00a0\u00bb<\/em><span id='easy-footnote-2-189846' class='easy-footnote-margin-adjust'><\/span><span class='easy-footnote'><a href='http:\/\/vincentians.com\/fr\/les-contributions-du-charisme-vincentien-la-mission-leglise-5\/#easy-footnote-bottom-2-189846' title='&lt;em&gt;Ibid&lt;\/em&gt;, Volume II, 395.'><sup>2<\/sup><\/a><\/span>.<\/p>\n<p>La capacit\u00e9 de voir le monde comme Dieu le voit et le veut porte Vincent de Paul \u00e0 affirmer\u00a0:\u00a0<em>\u00ab\u00a0Les pauvres, qui ne savent o\u00f9 aller, ni que faire, qui souffrent d\u00e9j\u00e0, et qui se multiplient tous les jours, c\u2019est l\u00e0 mon poids et ma douleur<\/em>\u00a0\u00bb<em>.<\/em><span id='easy-footnote-3-189846' class='easy-footnote-margin-adjust'><\/span><span class='easy-footnote'><a href='http:\/\/vincentians.com\/fr\/les-contributions-du-charisme-vincentien-la-mission-leglise-5\/#easy-footnote-bottom-3-189846' title='P. COLLET, &lt;em&gt;op. cit., &lt;\/em&gt;I, 479.'><sup>3<\/sup><\/a><\/span> Et \u00e0 d\u00e9noncer en m\u00eame temps le fait que \u00ab\u00a0<em>les grands ne respirent qu&rsquo;honneurs et richesses\u00a0\u00bb <\/em>(Coste XI, 25).\u00a0Il fera tous les efforts possibles pour la lib\u00e9ration et le salut des pauvres\u00a0\u00ab\u00a0<em>afin que nous soyons non seulement sauv\u00e9s, mais sauveurs, comme lui [le Christ]<\/em>\u00a0\u00bb (Coste XII, 113). Convaincu qu\u2019il \u00e9tait du fait qu\u2019 \u00ab\u00a0<em>Il ne me suffit pas d&rsquo;aimer Dieu, si mon prochain ne l&rsquo;aime\u00a0\u00bb<\/em> (Coste XII, 262).<\/p>\n<p>Vincent avertit qu\u2019il faut voir les \u00e9v\u00e9nements comme Dieu les voit\u00a0: \u00ab\u00a0<em>regarder ces choses-l\u00e0 comme elles sont en Dieu et non comme elles paraissent hors de lui, parce que, autrement, nous pourrions nous tromper et agir autrement qu&rsquo;il ne veut\u00a0\u00bb <\/em>(Coste VII, 388).<\/p>\n<p style=\"padding-left: 30px;\">S&rsquo;ajuster tous au jugement que Dieu fait des choses\u2026 Ajustons donc notre jugement, comme Notre-Seigneur, au jugement de Dieu, qui nous est connu par les Saintes \u00c9critures\u2026. Alors, in nomine Domini, on peut former son raisonnement au sens le plus conforme \u00e0 l&rsquo;esprit de l&rsquo;Evangile. (Coste XII, 213-214).<\/p>\n<p>Lors de la conf\u00e9rence du 27 avril 1657, Vincent a d\u00e9clar\u00e9\u00a0:<\/p>\n<p style=\"padding-left: 30px;\">Je ne dois pas consid\u00e9rer un pauvre paysan ou une pauvre femme selon leur ext\u00e9rieur, ni selon ce qui parait de la port\u00e9e de leur esprit ; d&rsquo;autant que bien souvent ils n&rsquo;ont pas presque la figure, ni l&rsquo;esprit de personnes raisonnables, tant ils sont grossiers et terrestres. Mais tournez la m\u00e9daille, et vous verrez par les lumi\u00e8res de la foi que le Fils de Dieu\u2026 Qu&rsquo;il fait beau voir les pauvres, si nous les consid\u00e9rons en Dieu et dans l&rsquo;estime que J\u00e9sus-Christ en a faite ! Mais, si nous les regardons selon les sentiments de la chair et de l&rsquo;esprit mondain, ils para\u00eetront m\u00e9prisables. (Coste XI, 32).<\/p>\n<p>C\u2019est ce regard sur le monde, tel que Dieu le voit et le veut, qui explique l&rsquo;engagement vincentien pour la cause des pauvres, car, si nous voyons les choses avec les yeux de Dieu, les pauvres repr\u00e9sentent J\u00e9sus-Christ\u00a0; ils sont les membres souffrants du corps du Christ.<\/p>\n<p>Dans les \u00e9crits de Louise de Marillac, nous trouvons de nombreuses expressions qui d\u00e9crivent les pauvres tels qu\u2019ils sont vus et aim\u00e9s par Dieu\u00a0: \u00ab\u00a0les membres de J\u00e9sus\u00a0\u00bb (Ecrits, 8, L.1), \u00ab\u00a0nos ma\u00eetres\u00a0\u00bb (Ecrits, 14, L.43), \u00ab\u00a0pauvres cr\u00e9atures que [Dieu] veut consid\u00e9rer comme ses membres\u00a0\u00bb (Ecrits 19, L.9), \u00ab\u00a0nos chers ma\u00eetres\u00a0\u00bb (Ecrits, 38, L.426), \u00ab\u00a0\u00e2mes rachet\u00e9es par le sang du Fils de Dieu\u00a0\u00bb (Ecrits, 52, L.41), \u00ab\u00a0nos ma\u00eetres, les chers membres du Christ\u00a0\u00bb (Ecrits, 81, L.547), \u00ab\u00a0les membres de J\u00e9sus-Christ\u00a0\u00bb (Ecrits, 112, L.104b\u00a0; 408, L. 389), \u00ab\u00a0cr\u00e9atures rachet\u00e9es par le sang du Fils de Dieu\u00a0\u00bb (Ecrits, 419, L.367), \u00ab\u00a0membres de J\u00e9sus-Christ et nos ma\u00eetres\u00a0\u00bb (Ecrits, 466, L.424).<\/p>\n<p>Le monde, tel que Dieu le voit et le veut, est ainsi le cadre de la mission de l&rsquo;\u00c9glise, de telle sorte que lorsque le service des pauvres l\u2019exige, on est pr\u00eat \u00e0 abandonner la pri\u00e8re et m\u00eame l&rsquo;Eucharistie\u00a0: agir ainsi ne revient pas \u00e0 n\u00e9gliger les devoirs de la religion, mais \u00e0 quitter Dieu pour Dieu. Vincent d\u00e9clare\u00a0:<\/p>\n<p style=\"padding-left: 30px;\">Si le bon plaisir de Dieu \u00e9tait de vous faire assister un malade le dimanche, au lieu de vous faire aller \u00e0 la messe, quoique d&rsquo;obligation, oh ! il le faudrait faire. On appelle cela : quitter Dieu pour Dieu. (Coste X, 94-95).<\/p>\n<p>De son c\u00f4t\u00e9, Louise affirme\u00a0:<\/p>\n<p style=\"padding-left: 30px;\">Laisser quelques-uns de vos exercices, soit pour assister votre S\u0153ur, soit pour le service des pauvres, pour l&rsquo;amour de Dieu, c&rsquo;est ce qu&rsquo;il demande de vous. (Ecrits, 524, L.547b).<\/p>\n<p>Servir les pauvres, c\u2019est aller \u00e0 la rencontre de Dieu\u00a0:<\/p>\n<p style=\"padding-left: 30px;\">Allez voir de pauvres for\u00e7ats \u00e0 la cha\u00eene, vous y trouverez Dieu ; servez ces petits enfants, vous y trouverez Dieu. O mes filles, que cela est obligeant ! Vous allez en de pauvres maisons, mais vous y trouvez Dieu. (Coste IX, 252).<\/p>\n<p>Le charisme vincentien a contribu\u00e9 \u00e0 la mission de l&rsquo;Eglise dans le sens o\u00f9 les disciples de J\u00e9sus-Christ sont attentifs au monde qui les entoure, en particulier le monde des pauvres. Parce qu\u2019ils voient le monde comme Dieu le voit et comme Dieu le veut, ils s&rsquo;engagent \u00e0 le transformer.<\/p>\n<h3><strong><em>T\u00e9l\u00e9charger l&rsquo;article complet:<\/em><br \/>\n<\/strong><\/h3>\n[wpfilebase tag=file id=175 \/]\n","protected":false},"excerpt":{"rendered":"<p>5. Le monde, tel que vu et voulu par Dieu, cadre de la mission de l&rsquo;Eglise Afin de d\u00e9crire la vision vincentienne du monde et de l&rsquo;histoire, le P\u00e8re Morin a utilis\u00e9 la comparaison du &#8230; <a href=\"http:\/\/vincentians.com\/fr\/les-contributions-du-charisme-vincentien-la-mission-leglise-5\/\" class=\"more-link\">Read More<\/a><\/p>\n","protected":false},"author":4,"featured_media":148885,"comment_status":"open","ping_status":"open","sticky":false,"template":"","format":"standard","meta":{"jetpack_post_was_ever_published":false,"_jetpack_newsletter_access":"","_jetpack_dont_email_post_to_subs":false,"_jetpack_newsletter_tier_id":0,"_jetpack_memberships_contains_paywalled_content":false,"_jetpack_memberships_contains_paid_content":false,"footnotes":"","jetpack_publicize_message":"","jetpack_publicize_feature_enabled":true,"jetpack_social_post_already_shared":true,"jetpack_social_options":{"image_generator_settings":{"template":"highway","default_image_id":0,"font":"","enabled":false},"version":2}},"categories":[118],"tags":[],"class_list":["post-189846","post","type-post","status-publish","format-standard","has-post-thumbnail","hentry","category-formation-vincentienne"],"yoast_head":"<!-- This site is optimized with the Yoast SEO plugin v26.3 - https:\/\/yoast.com\/wordpress\/plugins\/seo\/ -->\n<title>Les contributions du charisme vincentien \u00e0 la mission de l&#039;Eglise (5) - Nous Sommes Vincentiens<\/title>\n<meta name=\"robots\" content=\"index, follow, max-snippet:-1, max-image-preview:large, max-video-preview:-1\" \/>\n<link rel=\"canonical\" href=\"https:\/\/vincentians.com\/fr\/les-contributions-du-charisme-vincentien-la-mission-leglise-5\/\" \/>\n<meta property=\"og:locale\" content=\"fr_FR\" \/>\n<meta property=\"og:type\" content=\"article\" \/>\n<meta property=\"og:title\" content=\"Les contributions du charisme vincentien \u00e0 la mission de l&#039;Eglise (5) - Nous Sommes Vincentiens\" \/>\n<meta property=\"og:description\" content=\"5. Le monde, tel que vu et voulu par Dieu, cadre de la mission de l&rsquo;Eglise Afin de d\u00e9crire la vision vincentienne du monde et de l&rsquo;histoire, le P\u00e8re Morin a utilis\u00e9 la comparaison du ... Read More\" \/>\n<meta property=\"og:url\" content=\"https:\/\/vincentians.com\/fr\/les-contributions-du-charisme-vincentien-la-mission-leglise-5\/\" \/>\n<meta property=\"og:site_name\" content=\"Nous Sommes Vincentiens\" \/>\n<meta property=\"article:publisher\" content=\"https:\/\/www.facebook.com\/WeAreVincentians\/\" \/>\n<meta property=\"article:author\" content=\"https:\/\/www.facebook.com\/JavierChento\" \/>\n<meta property=\"article:published_time\" content=\"2016-08-08T04:00:34+00:00\" \/>\n<meta property=\"og:image\" content=\"https:\/\/i0.wp.com\/vincentians.com\/fr\/wp-content\/uploads\/sites\/10\/2016\/06\/contributions-charism.jpg?fit=1200%2C630&ssl=1\" \/>\n\t<meta property=\"og:image:width\" content=\"1200\" \/>\n\t<meta property=\"og:image:height\" content=\"630\" \/>\n\t<meta property=\"og:image:type\" content=\"image\/jpeg\" \/>\n<meta name=\"author\" content=\"Francisco Javier Fern\u00e1ndez Chento\" \/>\n<meta name=\"twitter:card\" content=\"summary_large_image\" \/>\n<meta name=\"twitter:creator\" content=\"@https:\/\/twitter.com\/javierchento\" \/>\n<meta name=\"twitter:site\" content=\"@WeVincentians\" \/>\n<meta name=\"twitter:label1\" content=\"\u00c9crit par\" \/>\n\t<meta name=\"twitter:data1\" content=\"Francisco Javier Fern\u00e1ndez Chento\" \/>\n\t<meta name=\"twitter:label2\" content=\"Dur\u00e9e de lecture estim\u00e9e\" \/>\n\t<meta name=\"twitter:data2\" content=\"6 minutes\" \/>\n<script type=\"application\/ld+json\" class=\"yoast-schema-graph\">{\"@context\":\"https:\/\/schema.org\",\"@graph\":[{\"@type\":\"WebPage\",\"@id\":\"https:\/\/vincentians.com\/fr\/les-contributions-du-charisme-vincentien-la-mission-leglise-5\/\",\"url\":\"https:\/\/vincentians.com\/fr\/les-contributions-du-charisme-vincentien-la-mission-leglise-5\/\",\"name\":\"Les contributions du charisme vincentien \u00e0 la mission de l'Eglise (5) - Nous Sommes Vincentiens\",\"isPartOf\":{\"@id\":\"http:\/\/vincentians.com\/fr\/#website\"},\"primaryImageOfPage\":{\"@id\":\"https:\/\/vincentians.com\/fr\/les-contributions-du-charisme-vincentien-la-mission-leglise-5\/#primaryimage\"},\"image\":{\"@id\":\"https:\/\/vincentians.com\/fr\/les-contributions-du-charisme-vincentien-la-mission-leglise-5\/#primaryimage\"},\"thumbnailUrl\":\"https:\/\/i0.wp.com\/vincentians.com\/fr\/wp-content\/uploads\/sites\/10\/2016\/06\/contributions-charism.jpg?fit=1200%2C630\",\"datePublished\":\"2016-08-08T04:00:34+00:00\",\"author\":{\"@id\":\"http:\/\/vincentians.com\/fr\/#\/schema\/person\/9623ef4d9aa3b2dfb8c061f1499288f2\"},\"breadcrumb\":{\"@id\":\"https:\/\/vincentians.com\/fr\/les-contributions-du-charisme-vincentien-la-mission-leglise-5\/#breadcrumb\"},\"inLanguage\":\"fr-FR\",\"potentialAction\":[{\"@type\":\"ReadAction\",\"target\":[\"https:\/\/vincentians.com\/fr\/les-contributions-du-charisme-vincentien-la-mission-leglise-5\/\"]}]},{\"@type\":\"ImageObject\",\"inLanguage\":\"fr-FR\",\"@id\":\"https:\/\/vincentians.com\/fr\/les-contributions-du-charisme-vincentien-la-mission-leglise-5\/#primaryimage\",\"url\":\"https:\/\/i0.wp.com\/vincentians.com\/fr\/wp-content\/uploads\/sites\/10\/2016\/06\/contributions-charism.jpg?fit=1200%2C630\",\"contentUrl\":\"https:\/\/i0.wp.com\/vincentians.com\/fr\/wp-content\/uploads\/sites\/10\/2016\/06\/contributions-charism.jpg?fit=1200%2C630\",\"width\":1200,\"height\":630},{\"@type\":\"BreadcrumbList\",\"@id\":\"https:\/\/vincentians.com\/fr\/les-contributions-du-charisme-vincentien-la-mission-leglise-5\/#breadcrumb\",\"itemListElement\":[{\"@type\":\"ListItem\",\"position\":1,\"name\":\"Portada\",\"item\":\"http:\/\/vincentians.com\/fr\/\"},{\"@type\":\"ListItem\",\"position\":2,\"name\":\"Les contributions du charisme vincentien \u00e0 la mission de l&rsquo;Eglise (5)\"}]},{\"@type\":\"WebSite\",\"@id\":\"http:\/\/vincentians.com\/fr\/#website\",\"url\":\"http:\/\/vincentians.com\/fr\/\",\"name\":\"Nous Sommes Vincentiens\",\"description\":\"Know more to serve more\",\"potentialAction\":[{\"@type\":\"SearchAction\",\"target\":{\"@type\":\"EntryPoint\",\"urlTemplate\":\"http:\/\/vincentians.com\/fr\/?s={search_term_string}\"},\"query-input\":{\"@type\":\"PropertyValueSpecification\",\"valueRequired\":true,\"valueName\":\"search_term_string\"}}],\"inLanguage\":\"fr-FR\"},{\"@type\":\"Person\",\"@id\":\"http:\/\/vincentians.com\/fr\/#\/schema\/person\/9623ef4d9aa3b2dfb8c061f1499288f2\",\"name\":\"Francisco Javier Fern\u00e1ndez Chento\",\"image\":{\"@type\":\"ImageObject\",\"inLanguage\":\"fr-FR\",\"@id\":\"http:\/\/vincentians.com\/fr\/#\/schema\/person\/image\/\",\"url\":\"https:\/\/secure.gravatar.com\/avatar\/497d5cde87b4c3d097d0315953521681ba2cd523ee66e5077c3711f7021e65de?s=96&d=mm&r=g\",\"contentUrl\":\"https:\/\/secure.gravatar.com\/avatar\/497d5cde87b4c3d097d0315953521681ba2cd523ee66e5077c3711f7021e65de?s=96&d=mm&r=g\",\"caption\":\"Francisco Javier Fern\u00e1ndez Chento\"},\"description\":\"Director General y cofundador de La Red de Formaci\u00f3n Vicenciana. Javier es laico vicenciano, afiliado a la Congregaci\u00f3n de la Misi\u00f3n y miembro del Equipo de Misiones Populares de la provincia can\u00f3nica de Zaragoza (Espa\u00f1a) de la Congregaci\u00f3n de la Misi\u00f3n. Graduado en la Universidad Oberta de Catalunya con cuatro grados (Asistente de direcci\u00f3n, Gesti\u00f3n Administrativa, Recursos Humanos y Contabilidad Avanzada). Bil\u00edng\u00fce Espa\u00f1ol\/Ingl\u00e9s. gestiona y mantiene varias p\u00e1ginas web cristianas y vicencianas, incluida including La Red de Formaci\u00f3n Vicenciana, de la que es cofundador. Actualmente es responsable del \u00e1rea de Espa\u00f1ol de .famvin, la Red de Noticias de la Familia Vicenciana. Tambi\u00e9n es m\u00fasico cat\u00f3lico y ha editado varios discos. Es Director General y cofundador de Trovador, una reconocida compa\u00f1\u00eda discogr\u00e1fica critiana de Espa\u00f1a. Trabaja en las Tecnolog\u00edas de la Informaci\u00f3n, ofreciendo servicios de alojamiento, dise\u00f1o y mantenimiento Web, as\u00ed como asesoramiento, formaci\u00f3n y soluciones inform\u00e1ticas, gesti\u00f3n documental y digitalizaci\u00f3n de textos, edici\u00f3n y maquetaci\u00f3n de libros, revistas, flyers, etc.\",\"sameAs\":[\"http:\/\/chento.org\",\"https:\/\/www.facebook.com\/JavierChento\",\"https:\/\/x.com\/https:\/\/twitter.com\/javierchento\"],\"url\":\"http:\/\/vincentians.com\/fr\/author\/chento\/\"}]}<\/script>\n<!-- \/ Yoast SEO plugin. -->","yoast_head_json":{"title":"Les contributions du charisme vincentien \u00e0 la mission de l'Eglise (5) - Nous Sommes Vincentiens","robots":{"index":"index","follow":"follow","max-snippet":"max-snippet:-1","max-image-preview":"max-image-preview:large","max-video-preview":"max-video-preview:-1"},"canonical":"https:\/\/vincentians.com\/fr\/les-contributions-du-charisme-vincentien-la-mission-leglise-5\/","og_locale":"fr_FR","og_type":"article","og_title":"Les contributions du charisme vincentien \u00e0 la mission de l'Eglise (5) - Nous Sommes Vincentiens","og_description":"5. Le monde, tel que vu et voulu par Dieu, cadre de la mission de l&rsquo;Eglise Afin de d\u00e9crire la vision vincentienne du monde et de l&rsquo;histoire, le P\u00e8re Morin a utilis\u00e9 la comparaison du ... Read More","og_url":"https:\/\/vincentians.com\/fr\/les-contributions-du-charisme-vincentien-la-mission-leglise-5\/","og_site_name":"Nous Sommes Vincentiens","article_publisher":"https:\/\/www.facebook.com\/WeAreVincentians\/","article_author":"https:\/\/www.facebook.com\/JavierChento","article_published_time":"2016-08-08T04:00:34+00:00","og_image":[{"width":1200,"height":630,"url":"https:\/\/i0.wp.com\/vincentians.com\/fr\/wp-content\/uploads\/sites\/10\/2016\/06\/contributions-charism.jpg?fit=1200%2C630&ssl=1","type":"image\/jpeg"}],"author":"Francisco Javier Fern\u00e1ndez Chento","twitter_card":"summary_large_image","twitter_creator":"@https:\/\/twitter.com\/javierchento","twitter_site":"@WeVincentians","twitter_misc":{"\u00c9crit par":"Francisco Javier Fern\u00e1ndez Chento","Dur\u00e9e de lecture estim\u00e9e":"6 minutes"},"schema":{"@context":"https:\/\/schema.org","@graph":[{"@type":"WebPage","@id":"https:\/\/vincentians.com\/fr\/les-contributions-du-charisme-vincentien-la-mission-leglise-5\/","url":"https:\/\/vincentians.com\/fr\/les-contributions-du-charisme-vincentien-la-mission-leglise-5\/","name":"Les contributions du charisme vincentien \u00e0 la mission de l'Eglise (5) - Nous Sommes Vincentiens","isPartOf":{"@id":"http:\/\/vincentians.com\/fr\/#website"},"primaryImageOfPage":{"@id":"https:\/\/vincentians.com\/fr\/les-contributions-du-charisme-vincentien-la-mission-leglise-5\/#primaryimage"},"image":{"@id":"https:\/\/vincentians.com\/fr\/les-contributions-du-charisme-vincentien-la-mission-leglise-5\/#primaryimage"},"thumbnailUrl":"https:\/\/i0.wp.com\/vincentians.com\/fr\/wp-content\/uploads\/sites\/10\/2016\/06\/contributions-charism.jpg?fit=1200%2C630","datePublished":"2016-08-08T04:00:34+00:00","author":{"@id":"http:\/\/vincentians.com\/fr\/#\/schema\/person\/9623ef4d9aa3b2dfb8c061f1499288f2"},"breadcrumb":{"@id":"https:\/\/vincentians.com\/fr\/les-contributions-du-charisme-vincentien-la-mission-leglise-5\/#breadcrumb"},"inLanguage":"fr-FR","potentialAction":[{"@type":"ReadAction","target":["https:\/\/vincentians.com\/fr\/les-contributions-du-charisme-vincentien-la-mission-leglise-5\/"]}]},{"@type":"ImageObject","inLanguage":"fr-FR","@id":"https:\/\/vincentians.com\/fr\/les-contributions-du-charisme-vincentien-la-mission-leglise-5\/#primaryimage","url":"https:\/\/i0.wp.com\/vincentians.com\/fr\/wp-content\/uploads\/sites\/10\/2016\/06\/contributions-charism.jpg?fit=1200%2C630","contentUrl":"https:\/\/i0.wp.com\/vincentians.com\/fr\/wp-content\/uploads\/sites\/10\/2016\/06\/contributions-charism.jpg?fit=1200%2C630","width":1200,"height":630},{"@type":"BreadcrumbList","@id":"https:\/\/vincentians.com\/fr\/les-contributions-du-charisme-vincentien-la-mission-leglise-5\/#breadcrumb","itemListElement":[{"@type":"ListItem","position":1,"name":"Portada","item":"http:\/\/vincentians.com\/fr\/"},{"@type":"ListItem","position":2,"name":"Les contributions du charisme vincentien \u00e0 la mission de l&rsquo;Eglise (5)"}]},{"@type":"WebSite","@id":"http:\/\/vincentians.com\/fr\/#website","url":"http:\/\/vincentians.com\/fr\/","name":"Nous Sommes Vincentiens","description":"Know more to serve more","potentialAction":[{"@type":"SearchAction","target":{"@type":"EntryPoint","urlTemplate":"http:\/\/vincentians.com\/fr\/?s={search_term_string}"},"query-input":{"@type":"PropertyValueSpecification","valueRequired":true,"valueName":"search_term_string"}}],"inLanguage":"fr-FR"},{"@type":"Person","@id":"http:\/\/vincentians.com\/fr\/#\/schema\/person\/9623ef4d9aa3b2dfb8c061f1499288f2","name":"Francisco Javier Fern\u00e1ndez Chento","image":{"@type":"ImageObject","inLanguage":"fr-FR","@id":"http:\/\/vincentians.com\/fr\/#\/schema\/person\/image\/","url":"https:\/\/secure.gravatar.com\/avatar\/497d5cde87b4c3d097d0315953521681ba2cd523ee66e5077c3711f7021e65de?s=96&d=mm&r=g","contentUrl":"https:\/\/secure.gravatar.com\/avatar\/497d5cde87b4c3d097d0315953521681ba2cd523ee66e5077c3711f7021e65de?s=96&d=mm&r=g","caption":"Francisco Javier Fern\u00e1ndez Chento"},"description":"Director General y cofundador de La Red de Formaci\u00f3n Vicenciana. Javier es laico vicenciano, afiliado a la Congregaci\u00f3n de la Misi\u00f3n y miembro del Equipo de Misiones Populares de la provincia can\u00f3nica de Zaragoza (Espa\u00f1a) de la Congregaci\u00f3n de la Misi\u00f3n. Graduado en la Universidad Oberta de Catalunya con cuatro grados (Asistente de direcci\u00f3n, Gesti\u00f3n Administrativa, Recursos Humanos y Contabilidad Avanzada). Bil\u00edng\u00fce Espa\u00f1ol\/Ingl\u00e9s. gestiona y mantiene varias p\u00e1ginas web cristianas y vicencianas, incluida including La Red de Formaci\u00f3n Vicenciana, de la que es cofundador. Actualmente es responsable del \u00e1rea de Espa\u00f1ol de .famvin, la Red de Noticias de la Familia Vicenciana. Tambi\u00e9n es m\u00fasico cat\u00f3lico y ha editado varios discos. Es Director General y cofundador de Trovador, una reconocida compa\u00f1\u00eda discogr\u00e1fica critiana de Espa\u00f1a. Trabaja en las Tecnolog\u00edas de la Informaci\u00f3n, ofreciendo servicios de alojamiento, dise\u00f1o y mantenimiento Web, as\u00ed como asesoramiento, formaci\u00f3n y soluciones inform\u00e1ticas, gesti\u00f3n documental y digitalizaci\u00f3n de textos, edici\u00f3n y maquetaci\u00f3n de libros, revistas, flyers, etc.","sameAs":["http:\/\/chento.org","https:\/\/www.facebook.com\/JavierChento","https:\/\/x.com\/https:\/\/twitter.com\/javierchento"],"url":"http:\/\/vincentians.com\/fr\/author\/chento\/"}]}},"jetpack_publicize_connections":[],"jetpack_featured_media_url":"https:\/\/i0.wp.com\/vincentians.com\/fr\/wp-content\/uploads\/sites\/10\/2016\/06\/contributions-charism.jpg?fit=1200%2C630","jetpack_sharing_enabled":true,"jetpack_shortlink":"https:\/\/wp.me\/p7ETMP-No2","jetpack-related-posts":[{"id":38257,"url":"http:\/\/vincentians.com\/fr\/elements-dunion-dans-la-famille-vincentienne\/","url_meta":{"origin":189846,"position":0},"title":"\u00c9l\u00e9ments d\u2019union dans la Famille Vincentienne","author":"Francisco Javier Fern\u00e1ndez Chento","date":"04\/08\/2016","format":false,"excerpt":"A. De quelle famille parlons-nous ? Lorsque nous parlons de la Famille Vincentienne nous faisons allusion \u00e0 tous ces groupes d\u2019associations ou \u00e0 des congr\u00e9gations qui, dans leur vie (style) et dans leur action (apostolat), s\u2019inspirent avec diverses nuances, de ce que nous appelons aujourd\u2019hui \u00ab charisme vincentien \u00bb. D\u2019autre\u2026","rel":"","context":"Dans &quot;La Famille Vincentienne&quot;","block_context":{"text":"La Famille Vincentienne","link":"http:\/\/vincentians.com\/fr\/category\/la-famille-vincentienne\/"},"img":{"alt_text":"","src":"https:\/\/i0.wp.com\/vincentians.com\/fr\/wp-content\/uploads\/sites\/10\/2014\/01\/Vincentian-Family-leaders-meeting-in-Paris.jpg?fit=1200%2C630&resize=350%2C200","width":350,"height":200,"srcset":"https:\/\/i0.wp.com\/vincentians.com\/fr\/wp-content\/uploads\/sites\/10\/2014\/01\/Vincentian-Family-leaders-meeting-in-Paris.jpg?fit=1200%2C630&resize=350%2C200 1x, https:\/\/i0.wp.com\/vincentians.com\/fr\/wp-content\/uploads\/sites\/10\/2014\/01\/Vincentian-Family-leaders-meeting-in-Paris.jpg?fit=1200%2C630&resize=525%2C300 1.5x, https:\/\/i0.wp.com\/vincentians.com\/fr\/wp-content\/uploads\/sites\/10\/2014\/01\/Vincentian-Family-leaders-meeting-in-Paris.jpg?fit=1200%2C630&resize=700%2C400 2x, https:\/\/i0.wp.com\/vincentians.com\/fr\/wp-content\/uploads\/sites\/10\/2014\/01\/Vincentian-Family-leaders-meeting-in-Paris.jpg?fit=1200%2C630&resize=1050%2C600 3x"},"classes":[]},{"id":38477,"url":"http:\/\/vincentians.com\/fr\/le-directeur-provincial-animateur-des-filles-de-la-charite\/","url_meta":{"origin":189846,"position":1},"title":"Le Directeur Provincial \u201canimateur\u201d des Filles de la Charit\u00e9","author":"Francisco Javier Fern\u00e1ndez Chento","date":"03\/10\/2012","format":false,"excerpt":"Dans les Constitutions des Filles de la Charit\u00e9, nous trouvons \u00e0 l\u2019article 3.38: le Directeur Provincial est un pr\u00eatre de la Congr\u00e9gation de la Mission, nomm\u00e9 par le Sup\u00e9rieur G\u00e9n\u00e9ral; \u201cil partage avec la Visitatrice et son Conseil la responsabilit\u00e9 de promouvoir l\u2019esprit vincentien dans la Province\u201d Missionnaire, le directeur\u2026","rel":"","context":"Dans &quot;Congr\u00e9gation de la Mission&quot;","block_context":{"text":"Congr\u00e9gation de la Mission","link":"http:\/\/vincentians.com\/fr\/category\/congregation-de-la-mission\/"},"img":{"alt_text":"","src":"https:\/\/i0.wp.com\/vincentiens.org\/wp-content\/uploads\/2011\/05\/filles_charite-228x300.jpg?resize=350%2C200","width":350,"height":200},"classes":[]},{"id":39762,"url":"http:\/\/vincentians.com\/fr\/lidentite-de-la-fille-de-la-charite-elements-caracteristiques-et-distinctifs-comment-la-fdlc-peut-elle-la-vivre-aujourdhui\/","url_meta":{"origin":189846,"position":2},"title":"L\u2019identit\u00e9 de la Fille de la Charit\u00e9: \u00c9l\u00e9ments caract\u00e9ristiques et distinctifs. Comment la FdlC peut-elle la vivre aujourd\u2019hui?","author":"Francisco Javier Fern\u00e1ndez Chento","date":"05\/10\/2012","format":false,"excerpt":"Introduction Aujourd\u2019hui, les id\u00e9ologies rationalistes et totalitaires sont en partie tomb\u00e9es, et les grands progr\u00e8s scientifiques et techniques r\u00e9alis\u00e9s offrent sans aucun doute \u00e0 notre monde d\u2019immenses possibilit\u00e9s. Les progr\u00e8s mat\u00e9riels donnent lieu \u00e0 l\u2019am\u00e9lioration des conditions de vie de l\u2019humanit\u00e9 dans diff\u00e9rents domaines de la sant\u00e9, de l\u2019\u00e9ducation et\u2026","rel":"","context":"Dans &quot;Filles de la Charit\u00e9&quot;","block_context":{"text":"Filles de la Charit\u00e9","link":"http:\/\/vincentians.com\/fr\/category\/filles-de-la-charite\/"},"img":{"alt_text":"","src":"https:\/\/i0.wp.com\/vincentiens.org\/wp-content\/uploads\/2011\/05\/cruz_sv-212x300.jpg?resize=350%2C200","width":350,"height":200},"classes":[]},{"id":189847,"url":"http:\/\/vincentians.com\/fr\/les-contributions-du-charisme-vincentien-la-mission-leglise-4\/","url_meta":{"origin":189846,"position":3},"title":"Les contributions du charisme vincentien \u00e0 la mission de l&rsquo;Eglise (4)","author":"Francisco Javier Fern\u00e1ndez Chento","date":"07\/08\/2016","format":false,"excerpt":"4. Le salut des pauvres au centre de la mission de l'\u00c9glise Vincent de Paul et Louise de Marillac ont partag\u00e9 la m\u00eame exp\u00e9rience\u00a0: les pauvres sont membres du Christ et en tant que tels, ils sont membres de l'Eglise. Dans l'\u00c9glise, le Corps du Christ, les pauvres occupent une\u2026","rel":"","context":"Dans &quot;Formation Vincentienne&quot;","block_context":{"text":"Formation Vincentienne","link":"http:\/\/vincentians.com\/fr\/category\/formation-vincentienne\/"},"img":{"alt_text":"","src":"https:\/\/i0.wp.com\/vincentians.com\/fr\/wp-content\/uploads\/sites\/10\/2016\/06\/contributions-charism.jpg?fit=1200%2C630&resize=350%2C200","width":350,"height":200,"srcset":"https:\/\/i0.wp.com\/vincentians.com\/fr\/wp-content\/uploads\/sites\/10\/2016\/06\/contributions-charism.jpg?fit=1200%2C630&resize=350%2C200 1x, https:\/\/i0.wp.com\/vincentians.com\/fr\/wp-content\/uploads\/sites\/10\/2016\/06\/contributions-charism.jpg?fit=1200%2C630&resize=525%2C300 1.5x, https:\/\/i0.wp.com\/vincentians.com\/fr\/wp-content\/uploads\/sites\/10\/2016\/06\/contributions-charism.jpg?fit=1200%2C630&resize=700%2C400 2x, https:\/\/i0.wp.com\/vincentians.com\/fr\/wp-content\/uploads\/sites\/10\/2016\/06\/contributions-charism.jpg?fit=1200%2C630&resize=1050%2C600 3x"},"classes":[]},{"id":189852,"url":"http:\/\/vincentians.com\/fr\/les-contributions-du-charisme-vincentien-la-mission-leglise-10-fin\/","url_meta":{"origin":189846,"position":4},"title":"Les contributions du charisme vincentien \u00e0 la mission de l&rsquo;Eglise (10 &#8211; Fin)","author":"Francisco Javier Fern\u00e1ndez Chento","date":"13\/08\/2016","format":false,"excerpt":"10. Le mouvement circulaire vincentien\u00a0: du Christ aux pauvres, des pauvres au Christ Pour conclure cette r\u00e9flexion sur les contributions du charisme vincentien \u00e0 la mission de l'Eglise, il semble opportun de se r\u00e9f\u00e9rer au mouvement circulaire du charisme vincentien\u00a0: du Christ aux pauvres\u00a0; des pauvres au Christ. \u00ab\u00a0Aimons l\u2019Amour\u00a0\u00bb\u2026","rel":"","context":"Dans &quot;Formation Vincentienne&quot;","block_context":{"text":"Formation Vincentienne","link":"http:\/\/vincentians.com\/fr\/category\/formation-vincentienne\/"},"img":{"alt_text":"","src":"https:\/\/i0.wp.com\/vincentians.com\/fr\/wp-content\/uploads\/sites\/10\/2016\/06\/contributions-charism.jpg?fit=1200%2C630&resize=350%2C200","width":350,"height":200,"srcset":"https:\/\/i0.wp.com\/vincentians.com\/fr\/wp-content\/uploads\/sites\/10\/2016\/06\/contributions-charism.jpg?fit=1200%2C630&resize=350%2C200 1x, https:\/\/i0.wp.com\/vincentians.com\/fr\/wp-content\/uploads\/sites\/10\/2016\/06\/contributions-charism.jpg?fit=1200%2C630&resize=525%2C300 1.5x, https:\/\/i0.wp.com\/vincentians.com\/fr\/wp-content\/uploads\/sites\/10\/2016\/06\/contributions-charism.jpg?fit=1200%2C630&resize=700%2C400 2x, https:\/\/i0.wp.com\/vincentians.com\/fr\/wp-content\/uploads\/sites\/10\/2016\/06\/contributions-charism.jpg?fit=1200%2C630&resize=1050%2C600 3x"},"classes":[]},{"id":41345,"url":"http:\/\/vincentians.com\/fr\/la-spiritualite-de-la-fille-de-la-charite\/","url_meta":{"origin":189846,"position":5},"title":"La Spiritualit\u00e9 de la Fille de la Charit\u00e9","author":"Francisco Javier Fern\u00e1ndez Chento","date":"17\/11\/2013","format":false,"excerpt":"Il m\u2019a \u00e9t\u00e9 demand\u00e9 de pr\u00e9senter la spiritualit\u00e9 de la FdlC et comment vivre aujourd\u2019hui la spiritualit\u00e9 de la Compagnie? Je n\u2019ai pas la pr\u00e9tention de faire un expos\u00e9 fondamental sur la spiritualit\u00e9 de la FdlC. Je vais vous partager tout simplement ma mani\u00e8re de pr\u00e9senter notre spiritualit\u00e9 aux jeunes\u2026","rel":"","context":"Dans &quot;Filles de la Charit\u00e9&quot;","block_context":{"text":"Filles de la Charit\u00e9","link":"http:\/\/vincentians.com\/fr\/category\/filles-de-la-charite\/"},"img":{"alt_text":"","src":"https:\/\/i0.wp.com\/vincentiens.org\/wp-content\/uploads\/2011\/05\/cruz_sv-212x300.jpg?resize=350%2C200","width":350,"height":200},"classes":[]}],"_links":{"self":[{"href":"http:\/\/vincentians.com\/fr\/wp-json\/wp\/v2\/posts\/189846","targetHints":{"allow":["GET"]}}],"collection":[{"href":"http:\/\/vincentians.com\/fr\/wp-json\/wp\/v2\/posts"}],"about":[{"href":"http:\/\/vincentians.com\/fr\/wp-json\/wp\/v2\/types\/post"}],"author":[{"embeddable":true,"href":"http:\/\/vincentians.com\/fr\/wp-json\/wp\/v2\/users\/4"}],"replies":[{"embeddable":true,"href":"http:\/\/vincentians.com\/fr\/wp-json\/wp\/v2\/comments?post=189846"}],"version-history":[{"count":0,"href":"http:\/\/vincentians.com\/fr\/wp-json\/wp\/v2\/posts\/189846\/revisions"}],"wp:featuredmedia":[{"embeddable":true,"href":"http:\/\/vincentians.com\/fr\/wp-json\/wp\/v2\/media\/148885"}],"wp:attachment":[{"href":"http:\/\/vincentians.com\/fr\/wp-json\/wp\/v2\/media?parent=189846"}],"wp:term":[{"taxonomy":"category","embeddable":true,"href":"http:\/\/vincentians.com\/fr\/wp-json\/wp\/v2\/categories?post=189846"},{"taxonomy":"post_tag","embeddable":true,"href":"http:\/\/vincentians.com\/fr\/wp-json\/wp\/v2\/tags?post=189846"}],"curies":[{"name":"wp","href":"https:\/\/api.w.org\/{rel}","templated":true}]}}