{"id":189771,"date":"2015-01-22T07:18:22","date_gmt":"2015-01-22T06:18:22","guid":{"rendered":"http:\/\/vincentiens.org\/?p=151051"},"modified":"2015-01-22T07:18:22","modified_gmt":"2015-01-22T06:18:22","slug":"histoire-generale-de-la-congregation-de-la-mission-76","status":"publish","type":"post","link":"http:\/\/vincentians.com\/fr\/histoire-generale-de-la-congregation-de-la-mission-76\/","title":{"rendered":"Histoire g\u00e9n\u00e9rale de la Congr\u00e9gation de la Mission (76)"},"content":{"rendered":"<h2><b><b><b><strong>LXXVI. Affaires temporelles de la Congr\u00e9gation<\/strong><\/b><\/b><\/b><\/h2>\n<p><a href=\"https:\/\/i0.wp.com\/vincentiens.org\/wp-content\/uploads\/2012\/12\/logocm.png\"><img data-recalc-dims=\"1\" loading=\"lazy\" decoding=\"async\" class=\"alignright size-medium wp-image-104093\" src=\"https:\/\/i0.wp.com\/vincentiens.org\/wp-content\/uploads\/2012\/12\/logocm-245x300.png?resize=245%2C300\" alt=\"logocm\" width=\"245\" height=\"300\" \/><\/a>Depuis que nous avons fait mention en cette Histoire de l\u2019\u00e9lection de M. Bonnet au g\u00e9n\u00e9ralat, nous n\u2019avons parl\u00e9 que des fonctions spirituelles exerc\u00e9espar les missionnaires sous son gouvernement. Il faut dire \u00e0 pr\u00e9sent quelque chose du temporel, dont la connaissance n\u2019est pas \u00e0 n\u00e9gliger pour ceux qui souhaitent bien savoir le progr\u00e8s de l\u2019institut. Les maisons n\u2019y sont fond\u00e9es que pour la subsistance d\u2019un petit nombre des ouvriers n\u00e9cessaires pour s\u2019acquitter des fonctions pour lesquelles on les a appel\u00e9s en divers endroits, sans que le ch\u0153ur, les messes, les sermons, ou autres emplois y apportent aucun \u00e9molument, comme dans les autres communaut\u00e9s. Ces fonctions consistent ordinairement en quelques pensions ou b\u00e9n\u00e9fices unis, dont le revenu fasse \u00e0 peu pr\u00e8s cent \u00e9cus par an pour chaque pr\u00eatre, et moins pour les fr\u00e8res, ce qui doit ensuite fournir \u00e0 la subsistance des ouvriers, tant en sant\u00e9 qu\u2019en maladie, aux changements, voyages, frais communs, et autres d\u00e9penses indispensables \u00e0 un corps compos\u00e9 de plusieurs communaut\u00e9s dispers\u00e9es. La modicit\u00e9 de ce revenu a oblig\u00e9 les premiers sup\u00e9rieurs g\u00e9n\u00e9rauxet les sup\u00e9rieurs particuliers de veiller exactement \u00e0 conserver le temporel, n\u00e9cessaire d\u2019ailleurs pour maintenir le bon ordre et la r\u00e9gularit\u00e9 parmi les sujets, lesquels n\u2019ayant pas leur n\u00e9cessaire, murmurent immanquablement, et se go\u00fbtent de l\u2019observance de la r\u00e8gle.<\/p>\n<p>Tout ce temporel allait assez son train sous le g\u00e9n\u00e9ralat de M. Watel, tant de la part de ceux qui devaient payer, que du c\u00f4t\u00e9 des missionnaires, au soin desquels l\u2019administration en \u00e9tait confi\u00e9e. Il n\u2019en fut pas tout \u00e0 fait de m\u00eame sous son successeur. La mort du roi Louis XIV mit du d\u00e9rangement, et les d\u00e9penses superflues de quelques-uns avaient mis certaines maisons fort \u00e0 l\u2019\u00e9troit. M. Bonnet voulant pourvoir \u00e0 cette conservation, donna l\u2019ordre suivant aux maisons, \u00e0 qui il \u00e9crivit, pour cet effet, du onze mars 1716 : Quoique nous ne soyons pas riches, mais au contraire pauvres dans toutes nos maisons, nous ne laissons pas de croire qu\u2019il faut nous appliquer s\u00e9rieusement \u00e0 conserver le peu que Dieu nous a donn\u00e9, et ne le pas dissiper par desproc\u00e8s mal concert\u00e9s ; et pour cela nous avons pris la r\u00e9solution d\u2019avoir ici, \u00e0 Paris, un conseil de trois des plus c\u00e9l\u00e8bres avocats, avec lesquels nous consulterons une fois par mois c\u00e9ans, toutes nos affaires temporelles, celles des autres maisons et m\u00eame celles des particuliers, afin de bien d\u00e9fendre les bonnes, accommoder les douteuses, et n\u2019en entreprendre jamais de mauvaises. Ainsi, quand on voudra plaider, soit pour attaquer, soit pour d\u00e9fendre, il faudra, \u00e0 moins qu\u2019on ne soit bien press\u00e9, envoyer un sommaire de l\u2019affaire dress\u00e9 par un procureur ou autre homme de m\u00e9tier, pour en d\u00e9lib\u00e9rer avec ces messieurs, desquels on enverra ensuite l\u2019avis. M. Vincent avait \u00e9tabli, de son temps, un semblable conseil, et ne faisait presque aucune affaire sans la lui communiquer. Les principales communaut\u00e9s de Paris en usent de m\u00eame, et cela fait un bon effet dans les tribunaux o\u00f9 il faut plaider. Les juges voyant qu\u2019on n\u2019entreprend rien que par l\u2019avis des plushabiles avocats. Ils sont mieux dispos\u00e9s \u00e0 nous traiter favorablement ; au lieu que s\u2019ils remarquaient qu\u2019on plaide l\u00e9g\u00e8rement, ils seraient plus en garde et auraient plus lieu de se d\u00e9fier. Cela demande un peu plus d\u2019assiduit\u00e9 et de diligence, on t\u00e2chera, de part et d\u2019autre, \u00e0 n\u2019en pas manquer.<\/p>\n<p>On voit que M. Bonnet, outre l\u2019attention qu\u2019il para\u00eet avoir au temporel, voulait ramener toutes les pratiques usit\u00e9es sous M. Vincent. Nonobstant cette mani\u00e8re d\u2019agir du g\u00e9n\u00e9ral \u00e0 l\u2019\u00e9gard du temporel, on se plaignit qu\u2019en certaines maisons, il y avait de la dissipation, jusqu\u2019\u00e0 engager les fonds par des emprunts, quelques-uns disaient m\u00eame qu\u2019\u00e0 St.-Lazare, il s\u2019\u00e9tait fait des d\u00e9penses \u00e0 planter des arbres, &amp;c. , qui n\u2019avaient pas \u00e9t\u00e9 de grande utilit\u00e9. La mauvaise administration faisait crier ailleurs en certains endroits on fut accus\u00e9 aupr\u00e8s des \u00e9v\u00eaques, et m\u00eame devant des tribunaux s\u00e9culiers, de dissiper, et ne pas faire bon usage, du bien affect\u00e9 pour le s\u00e9minaire. M. Bonnet se vit oblig\u00e9 d\u2019y rem\u00e9dieren \u00e9crivant une lettre circulaire \u00e0 toutes les maisons sur ce sujet, en date de 18 mai 1719, o\u00f9 il repr\u00e9sente que certains sup\u00e9rieurs disposaient du temporel de leur maison \u00e0 leur gr\u00e9, sans la participation d\u2019aucun des officiers domestiques, et pr\u00e9tendaient m\u00eame avoir de droit d\u2019en disposer despotiquement, tout comme fait un p\u00e8re de famille, des biens qui lui sont propres. Ce qui avait jet\u00e9 quelques maisons dans un tr\u00e8s pauvre \u00e9tat, et l\u2019avait embarrass\u00e9 lui-m\u00eame pour leur faire \u00e9viter la honte d\u2019une banqueroute, leur conserver du cr\u00e9dit, et les faire subsister honorablement apr\u00e8s ces repr\u00e9sentations, il ajoutait que ce d\u00e9sordre venait souvent de ce que les sup\u00e9rieurs re\u00e7oivent l\u2019argent de la maison, au lieu que cela appartient au procureur, selon les r\u00e8gles, soit de ce que l\u2019ayant ainsi re\u00e7u, ils le gardaient chez eux dans leur chambre. Et c\u2019est le procureur qui doit le garder dans un coffrebien ferm\u00e9 de deux diff\u00e9rentes cl\u00e9s, dont l\u2019une soit entre les mains du sup\u00e9rieur, et l\u2019autre chez le procureur comme disent les m\u00eames r\u00e8gles, soit qu\u2019ils disposent de cet argent \u00e0 l\u2019insu du procureur sans l\u2019avis des consulteurs, et en font des d\u00e9penses inutiles, et quelque fois peu convenables \u00e0 la frugalit\u00e9, modestie, et pauvret\u00e9 dont on fait profession. Ce que les r\u00e8gles des sup\u00e9rieurs d\u00e9fendent.<\/p>\n<p>Le g\u00e9n\u00e9ral veut qu\u2019on rem\u00e9die incessamment \u00e0 cela, et que les sup\u00e9rieurs remettent au coffre-fort l\u2019argent de la maison, n\u2019en gardant qu\u2019une clef ; que tout l\u2019argent passe ainsi dans le coffre et n\u2019en soit tir\u00e9 que par le sup\u00e9rieur et le procureur ensemble, pour \u00eatre employ\u00e9 aux besoins de la famille selon la r\u00e8gle, sans jamais disposer de rien de consid\u00e9rable, qu\u2019apr\u00e8s en avoir d\u00e9lib\u00e9r\u00e9 avec les consulteurs et obtenu la permission du visiteur ou du g\u00e9n\u00e9ral, ob\u00e9issant en ceci \u00e0 sa r\u00e8gle ; que dans la consulte on ne conclue jamais qu\u2019aux d\u00e9penses absolumentn\u00e9cessaires ou \u00e9videmment utile au plus grand bien de la maison et, en cas que les sup\u00e9rieurs s\u2019\u00e9cartent de cette conduite, les officiers de la maison en \u00e9criront sans d\u00e9lai aux sup\u00e9rieurs majeurs, afin d\u2019arr\u00eater le d\u00e9sordre dans son principe, et emp\u00eacher que la mauvaise administration ne d\u00e9g\u00e9n\u00e8re en une ruine enti\u00e8re du temporel et, par une suite n\u00e9cessaire, du spirituel de leur maison. Les visiteurs, dans le cours de leurs visites, ne doivent pas se contenter de r\u00e9gler par mani\u00e8re d\u2019acquit les livres de recettes, de d\u00e9penses, de mis et de tir\u00e9 du coffre, mais examiner \u00e0 fond en quel \u00e9tat sont les maisons pour le spirituel et le temporel, et s\u2019informer exactement des dettes actives et passives, pour en envoyer l\u2019\u00e9tat au g\u00e9n\u00e9ral, suivant leur propre r\u00e8gle. Apr\u00e8s tous ces moyens, continue M. Bonnet, qui d\u00e9pendent des officiers, sup\u00e9rieurs et visiteurs, il en reste un plus efficace que tous les autres, entre les mains du g\u00e9n\u00e9ral, c\u2019est dene pas laisser en place des personnes propres \u00e0 ruiner les familles qu\u2019ils sont oblig\u00e9s d\u2019\u00e9difier en toutes fa\u00e7ons, et pour le spirituel et pour le temporel. On ne peut disconvenir que M. Bonnet n\u2019eut tr\u00e8s grande raison d\u2019obliger ainsi tous les sup\u00e9rieurs \u00e0 se conformer exactement aux r\u00e8gles des officiers, et qu\u2019autrement c\u2019est un sujet de tentation, m\u00eame pour la fid\u00e9lit\u00e9, d\u2019avoir seul en maniement et en sa disposition, le bien d\u2019une communaut\u00e9, tandis qu\u2019il n\u2019est pas permis \u00e0 raison des v\u0153ux, de garder ou de disposer de son propre sans d\u00e9pendance. Il radoucit un peu sa lettre sur la fin, laquelle para\u00eet d\u2019un style vigoureux : Je pr\u00e9sume volontiers, que vous n\u2019en n\u2019avez pas besoin, mais comme le mal devint commun, il ne paraissait donc pas dans une seule maison, il ne faut pas attendre \u00e0 y rem\u00e9dier, qu\u2019il soit g\u00e9n\u00e9ral, et toutefois irr\u00e9parable. Il r\u00e9p\u00e9ta le m\u00eame avis en peu de mots :par sa lettre du 1er janvier 1719 : Quelques maisons, dit-il, se sont endett\u00e9es, non seulement par le malheur des temps, mais encore par des emprunts notables pour des choses inutiles, et seulement par plaisir. Les sup\u00e9rieurs n\u2019en feront pas, d\u00e9sormais, d\u2019un peu consid\u00e9rables, soit par eux-m\u00eames, soit par leur procureur, ou tout \u00e0 la fois ou successivement, sans auparavant nous en dire les raisons et obtenir notre permission, \u00e0 quoi les visiteurs tiendront la main dans le cours de leurs visites.<\/p>\n<p>Un autre accident, comme on dit ci-dessus, d\u00e9rangea le temporel des maisons, savoir la mort du roi Louis XIV, que chacun sait avoir \u00e9t\u00e9, pendant toute sa vie, un protecteur d\u00e9clar\u00e9 de la Congr\u00e9gation, qu\u2019il aimait et estimait. Une grande partie des maisons avaient presque tout leur temporel en rente sur la ville de Paris, et elle avait toujours pay\u00e9, except\u00e9 dans les derni\u00e8res ann\u00e9es de ce long r\u00e8gne, o\u00f9 les grands besoins de l\u2019\u00e9tat oblig\u00e8rent S[a] M[ajest\u00e9] \u00e0 faire retarder les payements. Apr\u00e8s la conclusion de la paix, le roi fit publier un \u00e9dit, au mois de d\u00e9cembre 1713, portant \u00e9rection, en principal, de ces rentes arr\u00e9rag\u00e9es, r\u00e9duction desdites rentes d\u00e9sormais au denier 24 et suppression m\u00eame des deux cinqui\u00e8mes du fonds, en cas que les contrats fussent nouveaux, ce qui commen\u00e7a \u00e0 affliger les maisons de la Compagnie. Celle de St.-Lazare avait d\u2019anciens privil\u00e8ges pour le sel et les entr\u00e9es de vin \u00e0 Paris. La Congr\u00e9gation avait pareillement dans toute l\u2019\u00e9tendue du royaume ses causes commises au Grand Conseil, auquel on \u00e9voquait toutes les affaires qui \u00e9taient suscit\u00e9es en province. Cela ne faisait pas plaisir aux Parlements et \u00e0 celui de Bretagne en particulier ; soit que quelques sup\u00e9rieurs des maisons de cette province n\u2019eussent pas r\u00e9pondre honn\u00eatementaux exploits qui lui \u00e9taient signifi\u00e9s de la part du parlement, se souvint des anciennes brouilleries qu\u2019on avait eues dans la maison de St.-M\u00e9en, \u00e0 l\u2019occasion des religieux de cette abbaye o\u00f9 d\u2019autres B\u00e9n\u00e9dictins ayant voulu rentrer dans la mense, avaient fait intervenir le Parlement pour en chasser les missionnaires, dont il y en avait eu quelques-uns uns d\u2019emprisonn\u00e9s, et on avait interpos\u00e9 l\u2019autorit\u00e9 royale pour terminer cette affaire, et tirer d\u2019autorit\u00e9 ceux qui \u00e9taient en prison apr\u00e8s la mort du roi. Ces messieurs \u00e9crivirent fortement a S[on] A[ltesse] R[oyale] le duc d\u2019Orl\u00e9ans, r\u00e9gent, pour faire casser ces <em>committimus<\/em> odieux aux cours du pays.<\/p>\n<p>On suscita m\u00eame \u00e0 cette maison de St.-M\u00e9en des affaires tr\u00e8s \u00e9pineuses, et on y accusa les missionnaires de pas moins que d\u2019avoir suborn\u00e9 des habitants pour se mettre en possession de la paroisse, corrompu des t\u00e9moinspour appuyer ses int\u00e9r\u00eats, abus\u00e9 de son minist\u00e8re, dominer despotiquement sur le temporel et spirituel de la paroisse. Les proc\u00e9dures furent tr\u00e8s irr\u00e9guli\u00e8res. La plupart de mission[nai]res de la maison, ayant \u00e9t\u00e9 d\u00e9cr\u00e9t\u00e9s d\u2019ajournement personnel, sans aucune information pr\u00e9alable, et 16 monitoires publi\u00e9s, sans rien trouver qui chargea. Le parlement qui \u00e9tait piqu\u00e9, ne laissa pas de condamner par arr\u00eat aux d\u00e9pens, \u00e9pices, et retrait d\u2019arr\u00eat, et de donner d\u2019autres arr\u00eats fl\u00e9trissants, M. Hamon<span id='easy-footnote-1-189771' class='easy-footnote-margin-adjust'><\/span><span class='easy-footnote'><a href='http:\/\/vincentians.com\/fr\/histoire-generale-de-la-congregation-de-la-mission-76\/#easy-footnote-bottom-1-189771' title='Louis Hamon, 1665-1738.'><sup>1<\/sup><\/a><\/span>, sup\u00e9rieur de cette maison, en soutint vivement les int\u00e9r\u00eats ; \u00e9tant all\u00e9 \u00e0 Paris par permission de M. Bonnet, il pr\u00e9senta la requ\u00eate au Conseil priv\u00e9 du Roi pour la cassation desdits arr\u00eats et faire nommer les calomniateurs. Elle fut admise, puis signifi\u00e9e au procureur g\u00e9n\u00e9ral du Parlement, et ces arr\u00eats solennellement cass\u00e9s. Cette cour fit bien autrement mortifi\u00e9e dans cem\u00eame temps, car ayant tent\u00e9 de publier un arr\u00eat ensuite de ce qui s\u2019\u00e9tait pass\u00e9 dans les \u00e9tats, o\u00f9 l\u2019intention du roi pour le payement des droits, n\u2019avait pas \u00e9t\u00e9 agr\u00e9e, pourtant d\u00e9fense sous peine de concussion de faire leur ancien d\u00e9nier sans ordre expr\u00e8s des \u00e9tats, onze conseillers furent exil\u00e9s, qui d\u2019un c\u00f4t\u00e9, qui d\u2019un autre, le conseil priv\u00e9 du roi cassa l\u2019arr\u00eat, et fit signifier le sien, par un huissier de la reine, avec ordre d\u2019assembler les chambres, biffer des registres desdits arr\u00eats pour mettre en place celui du conseil, et le faire afficher aux portes de toutes les chambres et du greffe.<\/p>\n<p>M. Bonnet ayant appris toutes ces plaintes qu\u2019on faisait en province, marqua, dans une lettre en date du 1<sup>er<\/sup> janvier 1717, ce que lui avait repr\u00e9sent\u00e9 l\u00e0-dessus Mgr le chancelier Voisin. Je dois vous avertir, dit-il, que quelques Parlements se sont adress\u00e9s \u00e0 Mgr le duc d\u2019Orl\u00e9ans pour nous faire \u00f4ter ou r\u00e9former notre \u00e9vocation au Grand Conseil, sous pr\u00e9texte d\u2019abus ou de trop grande \u00e9tendue. Mr. le Chancelier, \u00e0 qui la plainte a \u00e9t\u00e9 envoy\u00e9e, a eu la bont\u00e9 de nous en avertir et j\u2019ai promis \u00e0 Sa Grandeur de ne nous en plus servir que dans les affaires d\u2019importance et quand on ne pourrait pas faire autrement. Suivant quoi je vous prie, il parle aux sup\u00e9rieurs de toutes les maisons, de n\u2019\u00e9voquer \u00e0 l\u2019avenir aucune cause sans notre permission, et de ne pas la demander pour des choses de peu de cons\u00e9quence, mais seulement pour celles qui en valent la peine, accordant vos affaires \u00e0 l\u2019amiable, le plus que vous pourrez. Il fit pourtant si bien, qu\u2019il obt\u00eent des nouvelles lettres d\u2019\u00e9vocation, dont il informa la Compagnie le premier janvier 1719. Je vous envoie, dit-il, deux exemplaires de nos lettres d\u2019\u00e9vocation, qui nous avons fait renouveler, \u00e0 l\u2019exemple de la plupart des communaut\u00e9s de Paris. Et comme quelques parlements se sont plaints que par ces privil\u00e8ges, il arrivait \u00e0 quelques-unes de nos maisons d\u2019intimider les pauvres parties, ou de les ruiner par de longs voyages \u00e0 Paris. Mr. le chancelier Voisin, et puis son successeur, M. Dargenson, nous ont conseill\u00e9s d\u2019user de cette gr\u00e2ce fort sobrement, pour ne pas nous rendre \u00e0 charge, et ne pas nous exposer aux suites de l\u2019odiosit\u00e9 publique. Il renouvelle ce qu\u2019il avait d\u00e9j\u00e0 recommand\u00e9 aux sup\u00e9rieurs de ne point \u00e9voquer que des affaires consid\u00e9rables, avec la permission du g\u00e9n\u00e9ral, et ajoute qu\u2019afin que ce m\u00e9nagement ne nuise pas \u00e0 la Compagnie, M. Dargenson, gardedes Sceaux, lui avait obtenu de S[a] M[ajest\u00e9] de pouvoir appeler, des jugements o\u00f9 on serait l\u00e9s\u00e9, au Grand Conseil, sans \u00eatre oblig\u00e9 de poursuivre les parties victorieuses aux tribunaux sup\u00e9rieurs des lieux o\u00f9 ces parties auront \u00e9t\u00e9 favoris\u00e9es au pr\u00e9judice de la Congr\u00e9gation. C\u2019\u00e9tait l\u00e0 jouir, en quelque mani\u00e8re, de la gr\u00e2ce enti\u00e8re de l\u2019\u00e9vocation, comme ci-devant la maison de St.-Lazare recouvra encore les premiers privil\u00e8ges pour l\u2019entr\u00e9e du vin, &amp;c.<\/p>\n<p>Le g\u00e9n\u00e9ral en donna avis \u00e0 la Compagnie, le 26 9bre 1719, disant : S[on] A[ltesse] R[oyale] R\u00e9gent du Royaume a eu la bont\u00e9 de nous rendre notre privil\u00e8ge pour le sel et le vin ; M. Dargenson, garde des Sceaux, nous a beaucoup aid\u00e9 \u00e0 obtenir cette gr\u00e2ce ; il \u00e9tait, pour lors, en faveur aupr\u00e8s de Mgr le R\u00e9gent apr\u00e8s la disgr\u00e2ce de M. le chancelier Daguesseau, et ancien ami de laCongr\u00e9gation, qu\u2019il avait honor\u00e9e de sa protection, tandis qu\u2019il a \u00e9t\u00e9 lieutenant g\u00e9n\u00e9ral de police de la ville de Paris.<\/p>\n<p>On a pu remarquer ci-dessus que quand le Roi tr\u00e8s chr\u00e9tien mourut le 1<sup>er<\/sup> 7bre 1715, M. Bonnet, g\u00e9n\u00e9ral de la Compagnie, \u00e9tait \u00e0 Lyon, dans le cours de ses visites ; il devait encore aller de l\u00e0 \u00e0 St.-Flour ; mais cette triste nouvelle l\u2019obligea de se rendre en diligence \u00e0 Paris. Et y \u00e9tant arriv\u00e9, comme le roi Louis XV \u00e9tant en minorit\u00e9, il alla offrir ses respects \u00e0 S[on] A[ltesse] R[oyale] Mgr le duc d\u2019Orl\u00e9ans, r\u00e9gent, de qui il fut bien re\u00e7u, et ce prince eut la bont\u00e9 de lui dire qu\u2019il consid\u00e9rerait la Congr\u00e9gation.<\/p>\n<p>On se flatta d\u2019abord que les rentes de la ville seraient mieux pay\u00e9es que ci-dessus. M. Dusaray<span id='easy-footnote-2-189771' class='easy-footnote-margin-adjust'><\/span><span class='easy-footnote'><a href='http:\/\/vincentians.com\/fr\/histoire-generale-de-la-congregation-de-la-mission-76\/#easy-footnote-bottom-2-189771' title='Charles Dusarray, n\u00e9 1655.'><sup>2<\/sup><\/a><\/span><a href=\"#_ftn2\" name=\"_ftnref2\"><\/a>, encore pour lors procureur g\u00e9n\u00e9ral de la Congr\u00e9gation, l\u2019\u00e9crivit ainsi aux maisons ; et, en effet, l\u2019on commen\u00e7a bient\u00f4t \u00e0 le faire. Toutefois l\u2019argent, qui \u00e9tait revenu dans sa valeur intrins\u00e8que, fut rare apr\u00e8s la mort du roi, et sur diverses repr\u00e9sentations des n\u00e9gociants, le R\u00e9gent le remit sur le pied o\u00f9 il \u00e9tait pendant la guerre. Les grandes dettes de la couronne embarrass\u00e8rent pour y satisfaire. Le R\u00e9gent taxa, par le moyen d\u2019une Chambre de justice cr\u00e9\u00e9e expr\u00e8s, tous ceux qui s\u2019\u00e9taient enrichis en temps de guerre dans les partis, et on croyait que cette taxe suffirait pour acquitter lesdites dettes. Bient\u00f4t apr\u00e8s on jugea \u00e0 propos de retrancher les privil\u00e8ges de franc sal\u00e9 et d\u2019entr\u00e9es aux corps et aux communaut\u00e9s ; celle de St.-Lazare y perdait par an dix mille livres. La chose n\u2019en demeura pas l\u00e0 ; le fameux Jean Law, \u00e9tant mis \u00e0 la t\u00eate de l\u2019affaire, fit go\u00fbter son syst\u00e8me sur le cr\u00e9dit des papiers qu\u2019il pr\u00e9tendait faire rouler dans le royaume avec succ\u00e8s pour le roi et les sujets, en sorte que tout l\u2019argent serait entre les mains du roi, qui ypourrait faire le gain que tous les n\u00e9gociants ensemble y font. Pour cela, on augmenta exorbitamment les esp\u00e8ces jusqu\u2019\u00e0 pr\u00e8s de la moiti\u00e9 de leur valeur, et puis encore davantage ; on r\u00e9solut de payer le capital de toutes les dettes du royaume, ce qui fut ex\u00e9cut\u00e9 en papier au commencement de l\u2019ann\u00e9e 1720. Ces papiers furent bient\u00f4t apr\u00e8s d\u00e9cri\u00e9s par un \u00e9dit du mois de mai 1720. Bien des gens avaient fait une fortune immense, mais une infinit\u00e9 d\u2019autres, et surtout des communaut\u00e9s, se trouv\u00e8rent ruin\u00e9s, \u00e9tant rembours\u00e9es en billets. Celles de la Congr\u00e9gation ne furent pas plus \u00e9pargn\u00e9es que les autres : la seule maison de St.-Lazare perdit tout d\u2019un coup plus de quatorze mille livres de rentes, les autres \u00e0 proportion, n\u2019y en ayant presque point qui n\u2019e\u00fbt une grande partie de son fonds sur la ville de Paris ou sur le clerg\u00e9, et tout fut pay\u00e9 en papier. M. Bonnet \u00e9crivit le 1<sup>er<\/sup> janvier 1718 : Toutes les maisonsde France sont \u00e0 l\u2019\u00e9troit pour le temporel, et celle-ci \u00e0 proportion plus que toutes les autres. Il faut pourtant esp\u00e9rer que Dieu ne nous laissera pas manquer du n\u00e9cessaire, pourvu que nous soyons fid\u00e8les \u00e0 nos r\u00e8gles, \u00e0 nos v\u0153ux et \u00e0 nos devoirs. Et en 1719 : Cette maison, quoique mise fort \u00e0 l\u2019\u00e9troit, n\u2019a pourtant rien retranch\u00e9 des bonnes \u0153uvres qui s\u2019y font ; nous y sommes encore 35 pr\u00eatres, 61 \u00e9tudiants, 35 s\u00e9minaristes et 80 fr\u00e8res, tous, gr\u00e2ce \u00e0 Dieu, appliqu\u00e9s aux fonctions ordinaires.<\/p>\n<p>Au commencement de 1721, M. Bonnet \u00e9crivit encore \u00e0 la Compagnie : Cette maison, aussi bien que la plupart des autres de France, est fort d\u00e9grad\u00e9e par rapport au temporel, \u00e9trangement diminu\u00e9 partout. C\u2019est qu\u2019on ne savait que faire de tous ces billets dont on se voyait charg\u00e9. Quelques maisons \u00e9tablies dans les grandes villes en firent des acquisitions ; on ne donna pas le temps aux autres d\u2019en faire autant, selon que le procureur g\u00e9n\u00e9ral manda que M. Bonnet en laissait la libert\u00e9 aux maisons, pour remplacer ainsi leur capital ;on n\u2019en trouvait pas non plus la commodit\u00e9 en plusieurs endroits, et les fonds n\u2019avaient plus de prix. Ainsi l\u2019on se vit oblig\u00e9 \u00e0 remettre de nouveau son bien sur la ville, au denier qu\u2019il pl\u00fbt au roi d\u2019assigner. M. Bonnet continue : Nous esp\u00e9rons que Dieu nous soutiendra si nous lui sommes fid\u00e8les et qu\u2019il augmentera nos biens spirituels, \u00e0 proportion de la diminution des autres. Outre la sacr\u00e9e personne du roi, signal\u00e9 protecteur de la Comp[agn]ie, que toutes les maisons de France perdirent, la mort enleva quelques ann\u00e9es apr\u00e8s Mme. Fran\u00e7oise d\u2019Aubign\u00e9, marquise de Maintenon, fondatrice en particulier de la Maison royale de St.-Cyr. Elle d\u00e9c\u00e9da \u00e0 St.-Cyr, o\u00f9 elle s\u2019\u00e9tait retir\u00e9e depuis la mort du roi, le 15 avril 1719, apr\u00e8s une longue vie de 83 ans, qui avait \u00e9t\u00e9 pleine de pi\u00e9t\u00e9 en toutes sortes de bonnes \u0153uvres, tr\u00e8s d\u00e9gag\u00e9e de l\u2019esprit du monde et de toutes ses fausses maximes, toujours \u00e9loign\u00e9e du vice, uniforme et constante dans la pratique des vertus : c\u2019est l\u2019\u00e9loge qu\u2019en fit M. Bonnet, en la recommandant aux pri\u00e8res de la Congr\u00e9gation, laquelle perdait une amie fid\u00e8le et constante et une protectrice \u00e9galement puissante et remplie de bonne volont\u00e9 dans tous les temps et en toutes sortes d\u2019occasions. Dans le commencement, Dieu donna \u00e0 la Compagnie Mme. la duchesse d\u2019Aiguillon, ni\u00e8ce du cardinal de Richelieu, tout-puissant en France, et M. Vincent avait toujours eu recours \u00e0 elle dans ses besoins ; la Providence lui a donn\u00e9 de m\u00eame, dans la suite, Mme. de Maintenon, dame la plus accr\u00e9dit\u00e9e dans l\u2019esprit du roi, et on s\u2019adressait \u00e0 elle quand on voulait repr\u00e9senter quelque chose \u00e0 S[a] M[ajest\u00e9] ou obtenir quelques gr\u00e2ces n\u00e9cessaires pour unir des b\u00e9n\u00e9fices \u00e0 certaines maisons. Celle de Lyon, trouvant des difficult\u00e9s pour avoir le consentement de M. de Tess\u00e9, abb\u00e9 de Savigny, afin de proc\u00e9der \u00e0 l\u2019union du prieur\u00e9 de Mornant, d\u00e9pendant de cette abbaye, Madame de Maintenon en \u00e9crivit au mar\u00e9chal, son p\u00e8re, qui \u00e9tait pour lors au fond de l\u2019Espagne, lequel manda \u00e0 M. l\u2019abb\u00e9, son fils, de faire tout ce que Madame de Maintenon souhaiterait.<\/p>\n","protected":false},"excerpt":{"rendered":"<p>LXXVI. Affaires temporelles de la Congr\u00e9gation Depuis que nous avons fait mention en cette Histoire de l\u2019\u00e9lection de M. Bonnet au g\u00e9n\u00e9ralat, nous n\u2019avons parl\u00e9 que des fonctions spirituelles exerc\u00e9espar les missionnaires sous son gouvernement. &#8230; <a href=\"http:\/\/vincentians.com\/fr\/histoire-generale-de-la-congregation-de-la-mission-76\/\" class=\"more-link\">Read More<\/a><\/p>\n","protected":false},"author":4,"featured_media":189808,"comment_status":"open","ping_status":"open","sticky":false,"template":"","format":"standard","meta":{"jetpack_post_was_ever_published":false,"_jetpack_newsletter_access":"","_jetpack_dont_email_post_to_subs":false,"_jetpack_newsletter_tier_id":0,"_jetpack_memberships_contains_paywalled_content":false,"_jetpack_memberships_contains_paid_content":false,"footnotes":"","jetpack_publicize_message":"","jetpack_publicize_feature_enabled":true,"jetpack_social_post_already_shared":true,"jetpack_social_options":{"image_generator_settings":{"template":"highway","default_image_id":0,"font":"","enabled":false},"version":2}},"categories":[134],"tags":[],"class_list":["post-189771","post","type-post","status-publish","format-standard","has-post-thumbnail","hentry","category-histoire-de-la-congregation-de-la-mission"],"yoast_head":"<!-- This site is optimized with the Yoast SEO plugin v26.3 - https:\/\/yoast.com\/wordpress\/plugins\/seo\/ -->\n<title>Histoire g\u00e9n\u00e9rale de la Congr\u00e9gation de la Mission (76) - Nous Sommes Vincentiens<\/title>\n<meta name=\"robots\" content=\"index, follow, max-snippet:-1, max-image-preview:large, max-video-preview:-1\" \/>\n<link rel=\"canonical\" href=\"http:\/\/vincentians.com\/fr\/histoire-generale-de-la-congregation-de-la-mission-76\/\" \/>\n<meta property=\"og:locale\" content=\"fr_FR\" \/>\n<meta property=\"og:type\" content=\"article\" \/>\n<meta property=\"og:title\" content=\"Histoire g\u00e9n\u00e9rale de la Congr\u00e9gation de la Mission (76) - Nous Sommes Vincentiens\" \/>\n<meta property=\"og:description\" content=\"LXXVI. Affaires temporelles de la Congr\u00e9gation Depuis que nous avons fait mention en cette Histoire de l\u2019\u00e9lection de M. Bonnet au g\u00e9n\u00e9ralat, nous n\u2019avons parl\u00e9 que des fonctions spirituelles exerc\u00e9espar les missionnaires sous son gouvernement. ... Read More\" \/>\n<meta property=\"og:url\" content=\"http:\/\/vincentians.com\/fr\/histoire-generale-de-la-congregation-de-la-mission-76\/\" \/>\n<meta property=\"og:site_name\" content=\"Nous Sommes Vincentiens\" \/>\n<meta property=\"article:publisher\" content=\"https:\/\/www.facebook.com\/WeAreVincentians\/\" \/>\n<meta property=\"article:author\" content=\"https:\/\/www.facebook.com\/JavierChento\" \/>\n<meta property=\"article:published_time\" content=\"2015-01-22T06:18:22+00:00\" \/>\n<meta property=\"og:image\" content=\"https:\/\/i0.wp.com\/vincentians.com\/fr\/wp-content\/uploads\/sites\/10\/2016\/07\/histoire-generale-de-la-congregation-de-la-mission.jpg?fit=1200%2C630\" \/>\n\t<meta property=\"og:image:width\" content=\"1200\" \/>\n\t<meta property=\"og:image:height\" content=\"630\" \/>\n\t<meta property=\"og:image:type\" content=\"image\/jpeg\" \/>\n<meta name=\"author\" content=\"Francisco Javier Fern\u00e1ndez Chento\" \/>\n<meta name=\"twitter:card\" content=\"summary_large_image\" \/>\n<meta name=\"twitter:creator\" content=\"@https:\/\/twitter.com\/javierchento\" \/>\n<meta name=\"twitter:site\" content=\"@WeVincentians\" \/>\n<meta name=\"twitter:label1\" content=\"\u00c9crit par\" \/>\n\t<meta name=\"twitter:data1\" content=\"Francisco Javier Fern\u00e1ndez Chento\" \/>\n\t<meta name=\"twitter:label2\" content=\"Dur\u00e9e de lecture estim\u00e9e\" \/>\n\t<meta name=\"twitter:data2\" content=\"19 minutes\" \/>\n<script type=\"application\/ld+json\" class=\"yoast-schema-graph\">{\"@context\":\"https:\/\/schema.org\",\"@graph\":[{\"@type\":\"WebPage\",\"@id\":\"http:\/\/vincentians.com\/fr\/histoire-generale-de-la-congregation-de-la-mission-76\/\",\"url\":\"http:\/\/vincentians.com\/fr\/histoire-generale-de-la-congregation-de-la-mission-76\/\",\"name\":\"Histoire g\u00e9n\u00e9rale de la Congr\u00e9gation de la Mission (76) - Nous Sommes Vincentiens\",\"isPartOf\":{\"@id\":\"https:\/\/vincentians.com\/fr\/#website\"},\"primaryImageOfPage\":{\"@id\":\"http:\/\/vincentians.com\/fr\/histoire-generale-de-la-congregation-de-la-mission-76\/#primaryimage\"},\"image\":{\"@id\":\"http:\/\/vincentians.com\/fr\/histoire-generale-de-la-congregation-de-la-mission-76\/#primaryimage\"},\"thumbnailUrl\":\"https:\/\/i0.wp.com\/vincentians.com\/fr\/wp-content\/uploads\/sites\/10\/2016\/07\/histoire-generale-de-la-congregation-de-la-mission.jpg?fit=1200%2C630\",\"datePublished\":\"2015-01-22T06:18:22+00:00\",\"author\":{\"@id\":\"https:\/\/vincentians.com\/fr\/#\/schema\/person\/9623ef4d9aa3b2dfb8c061f1499288f2\"},\"breadcrumb\":{\"@id\":\"http:\/\/vincentians.com\/fr\/histoire-generale-de-la-congregation-de-la-mission-76\/#breadcrumb\"},\"inLanguage\":\"fr-FR\",\"potentialAction\":[{\"@type\":\"ReadAction\",\"target\":[\"http:\/\/vincentians.com\/fr\/histoire-generale-de-la-congregation-de-la-mission-76\/\"]}]},{\"@type\":\"ImageObject\",\"inLanguage\":\"fr-FR\",\"@id\":\"http:\/\/vincentians.com\/fr\/histoire-generale-de-la-congregation-de-la-mission-76\/#primaryimage\",\"url\":\"https:\/\/i0.wp.com\/vincentians.com\/fr\/wp-content\/uploads\/sites\/10\/2016\/07\/histoire-generale-de-la-congregation-de-la-mission.jpg?fit=1200%2C630\",\"contentUrl\":\"https:\/\/i0.wp.com\/vincentians.com\/fr\/wp-content\/uploads\/sites\/10\/2016\/07\/histoire-generale-de-la-congregation-de-la-mission.jpg?fit=1200%2C630\",\"width\":1200,\"height\":630},{\"@type\":\"BreadcrumbList\",\"@id\":\"http:\/\/vincentians.com\/fr\/histoire-generale-de-la-congregation-de-la-mission-76\/#breadcrumb\",\"itemListElement\":[{\"@type\":\"ListItem\",\"position\":1,\"name\":\"Portada\",\"item\":\"https:\/\/vincentians.com\/fr\/\"},{\"@type\":\"ListItem\",\"position\":2,\"name\":\"Histoire g\u00e9n\u00e9rale de la Congr\u00e9gation de la Mission (76)\"}]},{\"@type\":\"WebSite\",\"@id\":\"https:\/\/vincentians.com\/fr\/#website\",\"url\":\"https:\/\/vincentians.com\/fr\/\",\"name\":\"Nous Sommes Vincentiens\",\"description\":\"Know more to serve more\",\"potentialAction\":[{\"@type\":\"SearchAction\",\"target\":{\"@type\":\"EntryPoint\",\"urlTemplate\":\"https:\/\/vincentians.com\/fr\/?s={search_term_string}\"},\"query-input\":{\"@type\":\"PropertyValueSpecification\",\"valueRequired\":true,\"valueName\":\"search_term_string\"}}],\"inLanguage\":\"fr-FR\"},{\"@type\":\"Person\",\"@id\":\"https:\/\/vincentians.com\/fr\/#\/schema\/person\/9623ef4d9aa3b2dfb8c061f1499288f2\",\"name\":\"Francisco Javier Fern\u00e1ndez Chento\",\"image\":{\"@type\":\"ImageObject\",\"inLanguage\":\"fr-FR\",\"@id\":\"https:\/\/vincentians.com\/fr\/#\/schema\/person\/image\/\",\"url\":\"https:\/\/secure.gravatar.com\/avatar\/497d5cde87b4c3d097d0315953521681ba2cd523ee66e5077c3711f7021e65de?s=96&d=mm&r=g\",\"contentUrl\":\"https:\/\/secure.gravatar.com\/avatar\/497d5cde87b4c3d097d0315953521681ba2cd523ee66e5077c3711f7021e65de?s=96&d=mm&r=g\",\"caption\":\"Francisco Javier Fern\u00e1ndez Chento\"},\"description\":\"Director General y cofundador de La Red de Formaci\u00f3n Vicenciana. Javier es laico vicenciano, afiliado a la Congregaci\u00f3n de la Misi\u00f3n y miembro del Equipo de Misiones Populares de la provincia can\u00f3nica de Zaragoza (Espa\u00f1a) de la Congregaci\u00f3n de la Misi\u00f3n. Graduado en la Universidad Oberta de Catalunya con cuatro grados (Asistente de direcci\u00f3n, Gesti\u00f3n Administrativa, Recursos Humanos y Contabilidad Avanzada). Bil\u00edng\u00fce Espa\u00f1ol\/Ingl\u00e9s. gestiona y mantiene varias p\u00e1ginas web cristianas y vicencianas, incluida including La Red de Formaci\u00f3n Vicenciana, de la que es cofundador. Actualmente es responsable del \u00e1rea de Espa\u00f1ol de .famvin, la Red de Noticias de la Familia Vicenciana. Tambi\u00e9n es m\u00fasico cat\u00f3lico y ha editado varios discos. Es Director General y cofundador de Trovador, una reconocida compa\u00f1\u00eda discogr\u00e1fica critiana de Espa\u00f1a. Trabaja en las Tecnolog\u00edas de la Informaci\u00f3n, ofreciendo servicios de alojamiento, dise\u00f1o y mantenimiento Web, as\u00ed como asesoramiento, formaci\u00f3n y soluciones inform\u00e1ticas, gesti\u00f3n documental y digitalizaci\u00f3n de textos, edici\u00f3n y maquetaci\u00f3n de libros, revistas, flyers, etc.\",\"sameAs\":[\"http:\/\/chento.org\",\"https:\/\/www.facebook.com\/JavierChento\",\"https:\/\/x.com\/https:\/\/twitter.com\/javierchento\"],\"url\":\"http:\/\/vincentians.com\/fr\/author\/chento\/\"}]}<\/script>\n<!-- \/ Yoast SEO plugin. -->","yoast_head_json":{"title":"Histoire g\u00e9n\u00e9rale de la Congr\u00e9gation de la Mission (76) - Nous Sommes Vincentiens","robots":{"index":"index","follow":"follow","max-snippet":"max-snippet:-1","max-image-preview":"max-image-preview:large","max-video-preview":"max-video-preview:-1"},"canonical":"http:\/\/vincentians.com\/fr\/histoire-generale-de-la-congregation-de-la-mission-76\/","og_locale":"fr_FR","og_type":"article","og_title":"Histoire g\u00e9n\u00e9rale de la Congr\u00e9gation de la Mission (76) - Nous Sommes Vincentiens","og_description":"LXXVI. Affaires temporelles de la Congr\u00e9gation Depuis que nous avons fait mention en cette Histoire de l\u2019\u00e9lection de M. Bonnet au g\u00e9n\u00e9ralat, nous n\u2019avons parl\u00e9 que des fonctions spirituelles exerc\u00e9espar les missionnaires sous son gouvernement. ... Read More","og_url":"http:\/\/vincentians.com\/fr\/histoire-generale-de-la-congregation-de-la-mission-76\/","og_site_name":"Nous Sommes Vincentiens","article_publisher":"https:\/\/www.facebook.com\/WeAreVincentians\/","article_author":"https:\/\/www.facebook.com\/JavierChento","article_published_time":"2015-01-22T06:18:22+00:00","og_image":[{"width":1200,"height":630,"url":"https:\/\/i0.wp.com\/vincentians.com\/fr\/wp-content\/uploads\/sites\/10\/2016\/07\/histoire-generale-de-la-congregation-de-la-mission.jpg?fit=1200%2C630","type":"image\/jpeg"}],"author":"Francisco Javier Fern\u00e1ndez Chento","twitter_card":"summary_large_image","twitter_creator":"@https:\/\/twitter.com\/javierchento","twitter_site":"@WeVincentians","twitter_misc":{"\u00c9crit par":"Francisco Javier Fern\u00e1ndez Chento","Dur\u00e9e de lecture estim\u00e9e":"19 minutes"},"schema":{"@context":"https:\/\/schema.org","@graph":[{"@type":"WebPage","@id":"http:\/\/vincentians.com\/fr\/histoire-generale-de-la-congregation-de-la-mission-76\/","url":"http:\/\/vincentians.com\/fr\/histoire-generale-de-la-congregation-de-la-mission-76\/","name":"Histoire g\u00e9n\u00e9rale de la Congr\u00e9gation de la Mission (76) - Nous Sommes Vincentiens","isPartOf":{"@id":"https:\/\/vincentians.com\/fr\/#website"},"primaryImageOfPage":{"@id":"http:\/\/vincentians.com\/fr\/histoire-generale-de-la-congregation-de-la-mission-76\/#primaryimage"},"image":{"@id":"http:\/\/vincentians.com\/fr\/histoire-generale-de-la-congregation-de-la-mission-76\/#primaryimage"},"thumbnailUrl":"https:\/\/i0.wp.com\/vincentians.com\/fr\/wp-content\/uploads\/sites\/10\/2016\/07\/histoire-generale-de-la-congregation-de-la-mission.jpg?fit=1200%2C630","datePublished":"2015-01-22T06:18:22+00:00","author":{"@id":"https:\/\/vincentians.com\/fr\/#\/schema\/person\/9623ef4d9aa3b2dfb8c061f1499288f2"},"breadcrumb":{"@id":"http:\/\/vincentians.com\/fr\/histoire-generale-de-la-congregation-de-la-mission-76\/#breadcrumb"},"inLanguage":"fr-FR","potentialAction":[{"@type":"ReadAction","target":["http:\/\/vincentians.com\/fr\/histoire-generale-de-la-congregation-de-la-mission-76\/"]}]},{"@type":"ImageObject","inLanguage":"fr-FR","@id":"http:\/\/vincentians.com\/fr\/histoire-generale-de-la-congregation-de-la-mission-76\/#primaryimage","url":"https:\/\/i0.wp.com\/vincentians.com\/fr\/wp-content\/uploads\/sites\/10\/2016\/07\/histoire-generale-de-la-congregation-de-la-mission.jpg?fit=1200%2C630","contentUrl":"https:\/\/i0.wp.com\/vincentians.com\/fr\/wp-content\/uploads\/sites\/10\/2016\/07\/histoire-generale-de-la-congregation-de-la-mission.jpg?fit=1200%2C630","width":1200,"height":630},{"@type":"BreadcrumbList","@id":"http:\/\/vincentians.com\/fr\/histoire-generale-de-la-congregation-de-la-mission-76\/#breadcrumb","itemListElement":[{"@type":"ListItem","position":1,"name":"Portada","item":"https:\/\/vincentians.com\/fr\/"},{"@type":"ListItem","position":2,"name":"Histoire g\u00e9n\u00e9rale de la Congr\u00e9gation de la Mission (76)"}]},{"@type":"WebSite","@id":"https:\/\/vincentians.com\/fr\/#website","url":"https:\/\/vincentians.com\/fr\/","name":"Nous Sommes Vincentiens","description":"Know more to serve more","potentialAction":[{"@type":"SearchAction","target":{"@type":"EntryPoint","urlTemplate":"https:\/\/vincentians.com\/fr\/?s={search_term_string}"},"query-input":{"@type":"PropertyValueSpecification","valueRequired":true,"valueName":"search_term_string"}}],"inLanguage":"fr-FR"},{"@type":"Person","@id":"https:\/\/vincentians.com\/fr\/#\/schema\/person\/9623ef4d9aa3b2dfb8c061f1499288f2","name":"Francisco Javier Fern\u00e1ndez Chento","image":{"@type":"ImageObject","inLanguage":"fr-FR","@id":"https:\/\/vincentians.com\/fr\/#\/schema\/person\/image\/","url":"https:\/\/secure.gravatar.com\/avatar\/497d5cde87b4c3d097d0315953521681ba2cd523ee66e5077c3711f7021e65de?s=96&d=mm&r=g","contentUrl":"https:\/\/secure.gravatar.com\/avatar\/497d5cde87b4c3d097d0315953521681ba2cd523ee66e5077c3711f7021e65de?s=96&d=mm&r=g","caption":"Francisco Javier Fern\u00e1ndez Chento"},"description":"Director General y cofundador de La Red de Formaci\u00f3n Vicenciana. Javier es laico vicenciano, afiliado a la Congregaci\u00f3n de la Misi\u00f3n y miembro del Equipo de Misiones Populares de la provincia can\u00f3nica de Zaragoza (Espa\u00f1a) de la Congregaci\u00f3n de la Misi\u00f3n. Graduado en la Universidad Oberta de Catalunya con cuatro grados (Asistente de direcci\u00f3n, Gesti\u00f3n Administrativa, Recursos Humanos y Contabilidad Avanzada). Bil\u00edng\u00fce Espa\u00f1ol\/Ingl\u00e9s. gestiona y mantiene varias p\u00e1ginas web cristianas y vicencianas, incluida including La Red de Formaci\u00f3n Vicenciana, de la que es cofundador. Actualmente es responsable del \u00e1rea de Espa\u00f1ol de .famvin, la Red de Noticias de la Familia Vicenciana. Tambi\u00e9n es m\u00fasico cat\u00f3lico y ha editado varios discos. Es Director General y cofundador de Trovador, una reconocida compa\u00f1\u00eda discogr\u00e1fica critiana de Espa\u00f1a. Trabaja en las Tecnolog\u00edas de la Informaci\u00f3n, ofreciendo servicios de alojamiento, dise\u00f1o y mantenimiento Web, as\u00ed como asesoramiento, formaci\u00f3n y soluciones inform\u00e1ticas, gesti\u00f3n documental y digitalizaci\u00f3n de textos, edici\u00f3n y maquetaci\u00f3n de libros, revistas, flyers, etc.","sameAs":["http:\/\/chento.org","https:\/\/www.facebook.com\/JavierChento","https:\/\/x.com\/https:\/\/twitter.com\/javierchento"],"url":"http:\/\/vincentians.com\/fr\/author\/chento\/"}]}},"jetpack_publicize_connections":[],"jetpack_featured_media_url":"https:\/\/i0.wp.com\/vincentians.com\/fr\/wp-content\/uploads\/sites\/10\/2016\/07\/histoire-generale-de-la-congregation-de-la-mission.jpg?fit=1200%2C630","jetpack_sharing_enabled":true,"jetpack_shortlink":"https:\/\/wp.me\/p7ETMP-NmP","jetpack-related-posts":[{"id":38477,"url":"http:\/\/vincentians.com\/fr\/le-directeur-provincial-animateur-des-filles-de-la-charite\/","url_meta":{"origin":189771,"position":0},"title":"Le Directeur Provincial \u201canimateur\u201d des Filles de la Charit\u00e9","author":"Francisco Javier Fern\u00e1ndez Chento","date":"03\/10\/2012","format":false,"excerpt":"Dans les Constitutions des Filles de la Charit\u00e9, nous trouvons \u00e0 l\u2019article 3.38: le Directeur Provincial est un pr\u00eatre de la Congr\u00e9gation de la Mission, nomm\u00e9 par le Sup\u00e9rieur G\u00e9n\u00e9ral; \u201cil partage avec la Visitatrice et son Conseil la responsabilit\u00e9 de promouvoir l\u2019esprit vincentien dans la Province\u201d Missionnaire, le directeur\u2026","rel":"","context":"Dans &quot;Congr\u00e9gation de la Mission&quot;","block_context":{"text":"Congr\u00e9gation de la Mission","link":"http:\/\/vincentians.com\/fr\/category\/congregation-de-la-mission\/"},"img":{"alt_text":"","src":"https:\/\/i0.wp.com\/vincentiens.org\/wp-content\/uploads\/2011\/05\/filles_charite-228x300.jpg?resize=350%2C200","width":350,"height":200},"classes":[]},{"id":54376,"url":"http:\/\/vincentians.com\/fr\/des-conseils-evangeliques\/","url_meta":{"origin":189771,"position":1},"title":"Des Conseils Evangeliques","author":"Francisco Javier Fern\u00e1ndez Chento","date":"04\/12\/2012","format":false,"excerpt":"Remarque pr\u00e9liminaire: Vaste est la litt\u00e9rature postconciliaire traitant des Conseils Evang\u00e9liques dans leurs relations avec la vie religieuse dans l'Eglise. A nous d'\u00e9tudier et de m\u00e9diter ces publi\u00adcations, surtout celles relatives aux Instituts de vie commune et aux Instituts S\u00e9culiers. I. Les conseils \u00e9vang\u00e9liques en g\u00e9n\u00e9ral 1.1 Aspect Th\u00e9ologique 1.1.1.\u2026","rel":"","context":"Dans &quot;Spiritualit\u00e9 Vincentienne&quot;","block_context":{"text":"Spiritualit\u00e9 Vincentienne","link":"http:\/\/vincentians.com\/fr\/category\/spiritualite-vincentienne\/"},"img":{"alt_text":"","src":"https:\/\/i0.wp.com\/vincentiens.org\/wp-content\/uploads\/2012\/12\/consejos-164x300.jpg?resize=350%2C200","width":350,"height":200},"classes":[]},{"id":52035,"url":"http:\/\/vincentians.com\/fr\/saint-vincent-de-paul-et-sa-mission-sociale-ii-les-oeuvres-2\/","url_meta":{"origin":189771,"position":2},"title":"Saint Vincent De Paul Et Sa Mission Sociale. II &#8211; Les \u0152uvres (2)","author":"Francisco Javier Fern\u00e1ndez Chento","date":"22\/12\/2014","format":false,"excerpt":"LA CONGR\u00c9GATION DE LA MISSION. \u2014 Fondation de la Mission. \u2014 Madame de Gondi. \u2014 Vincent de Paul est nomm\u00e9 sup\u00e9rieur du coll\u00e8ge des Bons-Enfants. \u2014 Les fondateurs d\u2019ordre. \u2014 But de la Congr\u00e9gation de la Mission. \u2014 L\u2019\u00e9vang\u00e9lisation des pauvres. \u2014 \u00c9tablissement \u00e0 Saint-Lazare. \u2014 Premiers travaux des missionnaires.\u2026","rel":"","context":"Dans &quot;Vincent de Paul&quot;","block_context":{"text":"Vincent de Paul","link":"http:\/\/vincentians.com\/fr\/category\/the-vincentian-family\/founders\/vincent-de-paul\/"},"img":{"alt_text":"","src":"https:\/\/i0.wp.com\/vincentians.com\/fr\/wp-content\/uploads\/sites\/10\/2016\/07\/vincent-et-sa-action-sociale.jpg?fit=1160%2C630&resize=350%2C200","width":350,"height":200,"srcset":"https:\/\/i0.wp.com\/vincentians.com\/fr\/wp-content\/uploads\/sites\/10\/2016\/07\/vincent-et-sa-action-sociale.jpg?fit=1160%2C630&resize=350%2C200 1x, https:\/\/i0.wp.com\/vincentians.com\/fr\/wp-content\/uploads\/sites\/10\/2016\/07\/vincent-et-sa-action-sociale.jpg?fit=1160%2C630&resize=525%2C300 1.5x, https:\/\/i0.wp.com\/vincentians.com\/fr\/wp-content\/uploads\/sites\/10\/2016\/07\/vincent-et-sa-action-sociale.jpg?fit=1160%2C630&resize=700%2C400 2x, https:\/\/i0.wp.com\/vincentians.com\/fr\/wp-content\/uploads\/sites\/10\/2016\/07\/vincent-et-sa-action-sociale.jpg?fit=1160%2C630&resize=1050%2C600 3x"},"classes":[]},{"id":54379,"url":"http:\/\/vincentians.com\/fr\/les-voeux-dans-la-congregation-nature-necessite-et-utilite\/","url_meta":{"origin":189771,"position":3},"title":"Les voeux dans la Congr\u00e9gation: nature, necessit\u00e9 et utilit\u00e9","author":"Francisco Javier Fern\u00e1ndez Chento","date":"03\/11\/2012","format":false,"excerpt":"Remarque pr\u00e9liminaire: Les membres de ce Groupe, constitu\u00e9 par le Sup\u00e9rieur G\u00e9n\u00e9ral (Constitutions n. 54, D\u00e9crets Temporaires n. 2) s'acquittent d'un double devoir: chacun y repr\u00e9sente une section de la Congr\u00e9gation (un groupe linguistique ou g\u00e9ographique), y travaille avec sa propre comp\u00e9tence. En tant que repr\u00e9sentant, il doit veiller \u00e1\u2026","rel":"","context":"Dans &quot;Congr\u00e9gation de la Mission&quot;","block_context":{"text":"Congr\u00e9gation de la Mission","link":"http:\/\/vincentians.com\/fr\/category\/congregation-de-la-mission\/"},"img":{"alt_text":"","src":"https:\/\/i0.wp.com\/vincentiens.org\/wp-content\/uploads\/2011\/08\/logocm-237x300.jpg?resize=350%2C200","width":350,"height":200},"classes":[]},{"id":52068,"url":"http:\/\/vincentians.com\/fr\/saint-vincent-de-paul-et-sa-mission-sociale-vi-la-posterite-1\/","url_meta":{"origin":189771,"position":4},"title":"Saint Vincent De Paul Et Sa Mission Sociale. VI &#8211; La Post\u00e9rit\u00e9 (1)","author":"Francisco Javier Fern\u00e1ndez Chento","date":"30\/12\/2014","format":false,"excerpt":"L\u2019ACCROISSEMENT. \u2014 Extension des deux familles de saint Vincent de Paul. \u2014 Progr\u00e8s de leurs \u0153uvres. \u2014 Les missions \u00e9trang\u00e8res et les s\u00e9minaires. \u2014 Les successeurs de saint Vincent. \u2014 Congr\u00e9gations religieuses fond\u00e9es sur le mod\u00e8le de la Mission. \u2014 Les Filles de la Charit\u00e9 en France et \u00e0 l\u2019\u00e9tranger.\u2026","rel":"","context":"Dans &quot;Vincent de Paul&quot;","block_context":{"text":"Vincent de Paul","link":"http:\/\/vincentians.com\/fr\/category\/the-vincentian-family\/founders\/vincent-de-paul\/"},"img":{"alt_text":"","src":"https:\/\/i0.wp.com\/vincentians.com\/fr\/wp-content\/uploads\/sites\/10\/2016\/07\/vincent-et-sa-action-sociale.jpg?fit=1160%2C630&resize=350%2C200","width":350,"height":200,"srcset":"https:\/\/i0.wp.com\/vincentians.com\/fr\/wp-content\/uploads\/sites\/10\/2016\/07\/vincent-et-sa-action-sociale.jpg?fit=1160%2C630&resize=350%2C200 1x, https:\/\/i0.wp.com\/vincentians.com\/fr\/wp-content\/uploads\/sites\/10\/2016\/07\/vincent-et-sa-action-sociale.jpg?fit=1160%2C630&resize=525%2C300 1.5x, https:\/\/i0.wp.com\/vincentians.com\/fr\/wp-content\/uploads\/sites\/10\/2016\/07\/vincent-et-sa-action-sociale.jpg?fit=1160%2C630&resize=700%2C400 2x, https:\/\/i0.wp.com\/vincentians.com\/fr\/wp-content\/uploads\/sites\/10\/2016\/07\/vincent-et-sa-action-sociale.jpg?fit=1160%2C630&resize=1050%2C600 3x"},"classes":[]},{"id":54380,"url":"http:\/\/vincentians.com\/fr\/levolution-du-voeu-de-pauvrete-des-pretres-de-la-mission-jusquen-1659\/","url_meta":{"origin":189771,"position":5},"title":"L&rsquo;\u00e9volution Du Voeu De Pauvret\u00e9 Des Pr\u00e9tres De La Mission Jusqu&rsquo;en 1659","author":"Francisco Javier Fern\u00e1ndez Chento","date":"04\/11\/2012","format":false,"excerpt":"Le r\u00e9gime actuel du v\u0153u de pauvret\u00e9 dans la Congr\u00e9gation de la Mission est r\u00e9gl\u00e9 par le bref Alias Nos, promulgu\u00e9 per le pape Alexandre VII, le 12 ao\u00fbt 1659. C'\u00e9tait l\u00e0 un point d'arriv\u00e9e, apr\u00e8s une longue \u00e9laboration de la mati\u00e8re pendant plusieurs ann\u00e9es, et non sans difficult\u00e9s et\u2026","rel":"","context":"Dans &quot;Congr\u00e9gation de la Mission&quot;","block_context":{"text":"Congr\u00e9gation de la Mission","link":"http:\/\/vincentians.com\/fr\/category\/congregation-de-la-mission\/"},"img":{"alt_text":"","src":"https:\/\/i0.wp.com\/vincentiens.org\/wp-content\/uploads\/2011\/11\/logocmotro-216x300.jpg?resize=350%2C200","width":350,"height":200},"classes":[]}],"_links":{"self":[{"href":"http:\/\/vincentians.com\/fr\/wp-json\/wp\/v2\/posts\/189771","targetHints":{"allow":["GET"]}}],"collection":[{"href":"http:\/\/vincentians.com\/fr\/wp-json\/wp\/v2\/posts"}],"about":[{"href":"http:\/\/vincentians.com\/fr\/wp-json\/wp\/v2\/types\/post"}],"author":[{"embeddable":true,"href":"http:\/\/vincentians.com\/fr\/wp-json\/wp\/v2\/users\/4"}],"replies":[{"embeddable":true,"href":"http:\/\/vincentians.com\/fr\/wp-json\/wp\/v2\/comments?post=189771"}],"version-history":[{"count":0,"href":"http:\/\/vincentians.com\/fr\/wp-json\/wp\/v2\/posts\/189771\/revisions"}],"wp:featuredmedia":[{"embeddable":true,"href":"http:\/\/vincentians.com\/fr\/wp-json\/wp\/v2\/media\/189808"}],"wp:attachment":[{"href":"http:\/\/vincentians.com\/fr\/wp-json\/wp\/v2\/media?parent=189771"}],"wp:term":[{"taxonomy":"category","embeddable":true,"href":"http:\/\/vincentians.com\/fr\/wp-json\/wp\/v2\/categories?post=189771"},{"taxonomy":"post_tag","embeddable":true,"href":"http:\/\/vincentians.com\/fr\/wp-json\/wp\/v2\/tags?post=189771"}],"curies":[{"name":"wp","href":"https:\/\/api.w.org\/{rel}","templated":true}]}}