{"id":189331,"date":"2017-07-11T00:01:41","date_gmt":"2017-07-10T22:01:41","guid":{"rendered":"http:\/\/vincentians.com\/fr\/?p=189331"},"modified":"2016-08-11T21:56:48","modified_gmt":"2016-08-11T19:56:48","slug":"ephemerides-11-juilliet","status":"publish","type":"post","link":"http:\/\/vincentians.com\/fr\/ephemerides-11-juilliet\/","title":{"rendered":"Eph\u00e9m\u00e9rides: 11 juilliet"},"content":{"rendered":"<p><b>1657<\/b>. \u00c0 Paris, Monsieur Vincent pr\u00e9side l\u2019assembl\u00e9e des Dames de la Charit\u00e9 de l\u2019H\u00f4tel-Dieu. Cette r\u00e9union avait lieu chaque semaine chez la sup\u00e9rieure des Dames, ou \u00e0 Saint-Lazare, ou chez les S\u0153urs. L\u2019assembl\u00e9e de ce jour m\u00e9rite d\u2019\u00eatre not\u00e9e, parce qu\u2019Abelly nous a conserv\u00e9 le texte du discours que Monsieur Vincent y pronon\u00e7a. Sa lecture permet de se rendre compte comment \u00e0 travers les questions pratiques et les consid\u00e9rations d\u2019ordre surnaturel, notre bienheureux P\u00e8re se faisait l\u2019animateur de ce beau mouvement de charit\u00e9 qui, chaque jour, amenait les grandes dames \u00e0 ce vaste asile de la souffrance, l\u2019H\u00f4tel-Dieu. En cette ann\u00e9e 1657, c\u2019est-\u00e0-dire trente-trois ans apr\u00e8s sa fondation, cette confr\u00e9rie, la plus importante de celles qu\u2019\u00e9tablit saint Vincent, groupait, sous la direction de la duchesse d\u2019Aiguillon, cent cinquante Dames. Aujourd\u2019hui, en disant ce chiffre, Monsieur Vincent fait remarquer que, dans ses commencements, la Confr\u00e9rie de l\u2019H\u00f4tel-Dieu comptait de deux \u00e0 trois cents Dames\u00a0: les d\u00e9funtes n\u2019ont pas \u00e9t\u00e9 remplac\u00e9es. Pour encourager ses auditrices \u00e0 continuer leur t\u00e2che et aussi \u00e0 se recruter de nouvelles compagnes, le fondateur leur montre avec chaleur la beaut\u00e9 des \u0153uvres qu\u2019elles ont entreprises et les moyens qu\u2019elles doivent prendre pour ne pas laisser p\u00e9rir ces \u0153uvres (1).<\/p>\n<p><b>1740<\/b>. Par mandement du Roi, les S\u0153urs de Choisy-le-Roi sont expropri\u00e9es d\u2019une partie de leur terrain \u00e0 cause de l\u2019\u00e9largissement de la rue. Le Conseil qui d\u00e9lib\u00e8re en ce jour demande que les S\u0153urs puissent continuer \u00e0 avoir la jouissance du petit cours d\u2019eau qui passait dans leur jardin et qu\u2019il ne soit imput\u00e9 aux S\u0153urs aucune charge suppl\u00e9mentaire. (C)<\/p>\n<p><b>1759<\/b>. \u00c0 Paris, cl\u00f4ture de la douzi\u00e8me Assembl\u00e9e g\u00e9n\u00e9rale. En ce qui concerne l\u2019administration de la Compagnie, cette Assembl\u00e9e a refus\u00e9 la d\u00e9mission que lui offrait M. de Bras, sup\u00e9rieur g\u00e9n\u00e9ral depuis douze ans\u00a0; elle a ensuite remplac\u00e9 trois assistants d\u00e9missionnaires en \u00e9lisant MM. Testori, Gandon, et Mac\u00e9. Quant aux d\u00e9crets \u00e9mis par cette Assembl\u00e9e, M. de Bras, dans sa circulaire du 11 novembre 1759, en fait un commentaire d\u00e9taill\u00e9. Il faut remarquer la vigueur avec laquelle le sup\u00e9rieur g\u00e9n\u00e9ral y r\u00e9pond \u00e0 un reproche imm\u00e9rit\u00e9 venu de la province du Poitou, \u00e0 propos de la n\u00e9gligence des \u00e9tudes \u00e0 la Maison-M\u00e8re (2).<\/p>\n<p><b>1774<\/b>. Madame de Courtavel, comtesse d\u2019Argouges et M\u00e8re Ren\u00e9e Malville et les S\u0153urs offici\u00e8res, signent le contrat d\u2019\u00e9tablissement de trois S\u0153urs pour le soin des malades d\u2019Ass\u00e9 le Boisne et de Gesne le Gandelin, villages proches d\u2019Alen\u00e7on. Les S\u0153urs n\u2019y seront envoy\u00e9es qu\u2019en juin 1777. (C)<\/p>\n<p><b>1835<\/b>. \u00c0 Madrid, les jeunes clercs qui constituent le s\u00e9minaire interne, quittent la capitale espagnole pour se r\u00e9fugier \u00e0 Guisona. C\u2019\u00e9tait une sage mesure\u00a0: car la r\u00e9volution venait d\u2019\u00e9clater et, dans la journ\u00e9e du 16 juillet, les couvents de Madrid allaient \u00eatre envahis et des religieux massacr\u00e9s. A quelques exceptions pr\u00e8s, nos confr\u00e8res durent se r\u00e9fugier \u00e0 l\u2019\u00e9tranger. La plupart trouv\u00e8rent un fraternel accueil \u00e0 la Maison-M\u00e8re ou \u00e0 Montolieu. Il faudra attendre une vingtaine d\u2019ann\u00e9es pour que puissent reprendre, dans la p\u00e9ninsule ib\u00e9rique, les \u0153uvres de la province espagnole qui, \u00e9rig\u00e9e en 1774, comptait, en 1835, au moment de la r\u00e9volution, huit maisons (3).<\/p>\n<dl>\n<dd>1) Coste, I, pp. 332-335.<\/dd>\n<dd>2) Circulaires, t. I, pp. 614-631.<\/dd>\n<dd>3) Coste\u00a0: La Congr\u00e9gation de la Mission, p. 173-174.<\/dd>\n<\/dl>\n","protected":false},"excerpt":{"rendered":"<p>1657. \u00c0 Paris, Monsieur Vincent pr\u00e9side l\u2019assembl\u00e9e des Dames de la Charit\u00e9 de l\u2019H\u00f4tel-Dieu. Cette r\u00e9union avait lieu chaque semaine chez la sup\u00e9rieure des Dames, ou \u00e0 Saint-Lazare, ou chez les S\u0153urs. L\u2019assembl\u00e9e de ce &#8230; <a href=\"http:\/\/vincentians.com\/fr\/ephemerides-11-juilliet\/\" class=\"more-link\">Read More<\/a><\/p>\n","protected":false},"author":4,"featured_media":149897,"comment_status":"open","ping_status":"open","sticky":false,"template":"","format":"standard","meta":{"jetpack_post_was_ever_published":false,"_jetpack_newsletter_access":"","_jetpack_dont_email_post_to_subs":false,"_jetpack_newsletter_tier_id":0,"_jetpack_memberships_contains_paywalled_content":false,"_jetpack_memberships_contains_paid_content":false,"footnotes":"","jetpack_publicize_message":"","jetpack_publicize_feature_enabled":true,"jetpack_social_post_already_shared":true,"jetpack_social_options":{"image_generator_settings":{"template":"highway","default_image_id":0,"font":"","enabled":false},"version":2}},"categories":[119],"tags":[],"class_list":["post-189331","post","type-post","status-publish","format-standard","has-post-thumbnail","hentry","category-ephemerides-vincentiens"],"yoast_head":"<!-- This site is optimized with the Yoast SEO plugin v26.3 - https:\/\/yoast.com\/wordpress\/plugins\/seo\/ -->\n<title>Eph\u00e9m\u00e9rides: 11 juilliet - Nous Sommes Vincentiens<\/title>\n<meta name=\"robots\" content=\"index, follow, max-snippet:-1, max-image-preview:large, max-video-preview:-1\" \/>\n<link rel=\"canonical\" href=\"http:\/\/vincentians.com\/fr\/ephemerides-11-juilliet\/\" \/>\n<meta property=\"og:locale\" content=\"fr_FR\" \/>\n<meta property=\"og:type\" content=\"article\" \/>\n<meta property=\"og:title\" content=\"Eph\u00e9m\u00e9rides: 11 juilliet - Nous Sommes Vincentiens\" \/>\n<meta property=\"og:description\" content=\"1657. \u00c0 Paris, Monsieur Vincent pr\u00e9side l\u2019assembl\u00e9e des Dames de la Charit\u00e9 de l\u2019H\u00f4tel-Dieu. Cette r\u00e9union avait lieu chaque semaine chez la sup\u00e9rieure des Dames, ou \u00e0 Saint-Lazare, ou chez les S\u0153urs. L\u2019assembl\u00e9e de ce ... Read More\" \/>\n<meta property=\"og:url\" content=\"http:\/\/vincentians.com\/fr\/ephemerides-11-juilliet\/\" \/>\n<meta property=\"og:site_name\" content=\"Nous Sommes Vincentiens\" \/>\n<meta property=\"article:publisher\" content=\"https:\/\/www.facebook.com\/WeAreVincentians\/\" \/>\n<meta property=\"article:author\" content=\"https:\/\/www.facebook.com\/JavierChento\" \/>\n<meta property=\"article:published_time\" content=\"2017-07-10T22:01:41+00:00\" \/>\n<meta property=\"og:image\" content=\"https:\/\/i0.wp.com\/vincentians.com\/fr\/wp-content\/uploads\/sites\/10\/2016\/07\/ephemerides-fb.jpg?fit=1200%2C630\" \/>\n\t<meta property=\"og:image:width\" content=\"1200\" \/>\n\t<meta property=\"og:image:height\" content=\"630\" \/>\n\t<meta property=\"og:image:type\" content=\"image\/jpeg\" \/>\n<meta name=\"author\" content=\"Francisco Javier Fern\u00e1ndez Chento\" \/>\n<meta name=\"twitter:card\" content=\"summary_large_image\" \/>\n<meta name=\"twitter:creator\" content=\"@https:\/\/twitter.com\/javierchento\" \/>\n<meta name=\"twitter:site\" content=\"@WeVincentians\" \/>\n<meta name=\"twitter:label1\" content=\"\u00c9crit par\" \/>\n\t<meta name=\"twitter:data1\" content=\"Francisco Javier Fern\u00e1ndez Chento\" \/>\n\t<meta name=\"twitter:label2\" content=\"Dur\u00e9e de lecture estim\u00e9e\" \/>\n\t<meta name=\"twitter:data2\" content=\"3 minutes\" \/>\n<script type=\"application\/ld+json\" class=\"yoast-schema-graph\">{\"@context\":\"https:\/\/schema.org\",\"@graph\":[{\"@type\":\"WebPage\",\"@id\":\"http:\/\/vincentians.com\/fr\/ephemerides-11-juilliet\/\",\"url\":\"http:\/\/vincentians.com\/fr\/ephemerides-11-juilliet\/\",\"name\":\"Eph\u00e9m\u00e9rides: 11 juilliet - Nous Sommes Vincentiens\",\"isPartOf\":{\"@id\":\"http:\/\/vincentians.com\/fr\/#website\"},\"primaryImageOfPage\":{\"@id\":\"http:\/\/vincentians.com\/fr\/ephemerides-11-juilliet\/#primaryimage\"},\"image\":{\"@id\":\"http:\/\/vincentians.com\/fr\/ephemerides-11-juilliet\/#primaryimage\"},\"thumbnailUrl\":\"https:\/\/i0.wp.com\/vincentians.com\/fr\/wp-content\/uploads\/sites\/10\/2016\/07\/ephemerides-fb.jpg?fit=1200%2C630\",\"datePublished\":\"2017-07-10T22:01:41+00:00\",\"author\":{\"@id\":\"http:\/\/vincentians.com\/fr\/#\/schema\/person\/9623ef4d9aa3b2dfb8c061f1499288f2\"},\"breadcrumb\":{\"@id\":\"http:\/\/vincentians.com\/fr\/ephemerides-11-juilliet\/#breadcrumb\"},\"inLanguage\":\"fr-FR\",\"potentialAction\":[{\"@type\":\"ReadAction\",\"target\":[\"http:\/\/vincentians.com\/fr\/ephemerides-11-juilliet\/\"]}]},{\"@type\":\"ImageObject\",\"inLanguage\":\"fr-FR\",\"@id\":\"http:\/\/vincentians.com\/fr\/ephemerides-11-juilliet\/#primaryimage\",\"url\":\"https:\/\/i0.wp.com\/vincentians.com\/fr\/wp-content\/uploads\/sites\/10\/2016\/07\/ephemerides-fb.jpg?fit=1200%2C630\",\"contentUrl\":\"https:\/\/i0.wp.com\/vincentians.com\/fr\/wp-content\/uploads\/sites\/10\/2016\/07\/ephemerides-fb.jpg?fit=1200%2C630\",\"width\":1200,\"height\":630},{\"@type\":\"BreadcrumbList\",\"@id\":\"http:\/\/vincentians.com\/fr\/ephemerides-11-juilliet\/#breadcrumb\",\"itemListElement\":[{\"@type\":\"ListItem\",\"position\":1,\"name\":\"Portada\",\"item\":\"http:\/\/vincentians.com\/fr\/\"},{\"@type\":\"ListItem\",\"position\":2,\"name\":\"Eph\u00e9m\u00e9rides: 11 juilliet\"}]},{\"@type\":\"WebSite\",\"@id\":\"http:\/\/vincentians.com\/fr\/#website\",\"url\":\"http:\/\/vincentians.com\/fr\/\",\"name\":\"Nous Sommes Vincentiens\",\"description\":\"Know more to serve more\",\"potentialAction\":[{\"@type\":\"SearchAction\",\"target\":{\"@type\":\"EntryPoint\",\"urlTemplate\":\"http:\/\/vincentians.com\/fr\/?s={search_term_string}\"},\"query-input\":{\"@type\":\"PropertyValueSpecification\",\"valueRequired\":true,\"valueName\":\"search_term_string\"}}],\"inLanguage\":\"fr-FR\"},{\"@type\":\"Person\",\"@id\":\"http:\/\/vincentians.com\/fr\/#\/schema\/person\/9623ef4d9aa3b2dfb8c061f1499288f2\",\"name\":\"Francisco Javier Fern\u00e1ndez Chento\",\"image\":{\"@type\":\"ImageObject\",\"inLanguage\":\"fr-FR\",\"@id\":\"http:\/\/vincentians.com\/fr\/#\/schema\/person\/image\/\",\"url\":\"https:\/\/secure.gravatar.com\/avatar\/497d5cde87b4c3d097d0315953521681ba2cd523ee66e5077c3711f7021e65de?s=96&d=mm&r=g\",\"contentUrl\":\"https:\/\/secure.gravatar.com\/avatar\/497d5cde87b4c3d097d0315953521681ba2cd523ee66e5077c3711f7021e65de?s=96&d=mm&r=g\",\"caption\":\"Francisco Javier Fern\u00e1ndez Chento\"},\"description\":\"Director General y cofundador de La Red de Formaci\u00f3n Vicenciana. Javier es laico vicenciano, afiliado a la Congregaci\u00f3n de la Misi\u00f3n y miembro del Equipo de Misiones Populares de la provincia can\u00f3nica de Zaragoza (Espa\u00f1a) de la Congregaci\u00f3n de la Misi\u00f3n. Graduado en la Universidad Oberta de Catalunya con cuatro grados (Asistente de direcci\u00f3n, Gesti\u00f3n Administrativa, Recursos Humanos y Contabilidad Avanzada). Bil\u00edng\u00fce Espa\u00f1ol\/Ingl\u00e9s. gestiona y mantiene varias p\u00e1ginas web cristianas y vicencianas, incluida including La Red de Formaci\u00f3n Vicenciana, de la que es cofundador. Actualmente es responsable del \u00e1rea de Espa\u00f1ol de .famvin, la Red de Noticias de la Familia Vicenciana. Tambi\u00e9n es m\u00fasico cat\u00f3lico y ha editado varios discos. Es Director General y cofundador de Trovador, una reconocida compa\u00f1\u00eda discogr\u00e1fica critiana de Espa\u00f1a. Trabaja en las Tecnolog\u00edas de la Informaci\u00f3n, ofreciendo servicios de alojamiento, dise\u00f1o y mantenimiento Web, as\u00ed como asesoramiento, formaci\u00f3n y soluciones inform\u00e1ticas, gesti\u00f3n documental y digitalizaci\u00f3n de textos, edici\u00f3n y maquetaci\u00f3n de libros, revistas, flyers, etc.\",\"sameAs\":[\"http:\/\/chento.org\",\"https:\/\/www.facebook.com\/JavierChento\",\"https:\/\/x.com\/https:\/\/twitter.com\/javierchento\"],\"url\":\"http:\/\/vincentians.com\/fr\/author\/chento\/\"}]}<\/script>\n<!-- \/ Yoast SEO plugin. -->","yoast_head_json":{"title":"Eph\u00e9m\u00e9rides: 11 juilliet - Nous Sommes Vincentiens","robots":{"index":"index","follow":"follow","max-snippet":"max-snippet:-1","max-image-preview":"max-image-preview:large","max-video-preview":"max-video-preview:-1"},"canonical":"http:\/\/vincentians.com\/fr\/ephemerides-11-juilliet\/","og_locale":"fr_FR","og_type":"article","og_title":"Eph\u00e9m\u00e9rides: 11 juilliet - Nous Sommes Vincentiens","og_description":"1657. \u00c0 Paris, Monsieur Vincent pr\u00e9side l\u2019assembl\u00e9e des Dames de la Charit\u00e9 de l\u2019H\u00f4tel-Dieu. Cette r\u00e9union avait lieu chaque semaine chez la sup\u00e9rieure des Dames, ou \u00e0 Saint-Lazare, ou chez les S\u0153urs. L\u2019assembl\u00e9e de ce ... Read More","og_url":"http:\/\/vincentians.com\/fr\/ephemerides-11-juilliet\/","og_site_name":"Nous Sommes Vincentiens","article_publisher":"https:\/\/www.facebook.com\/WeAreVincentians\/","article_author":"https:\/\/www.facebook.com\/JavierChento","article_published_time":"2017-07-10T22:01:41+00:00","og_image":[{"width":1200,"height":630,"url":"https:\/\/i0.wp.com\/vincentians.com\/fr\/wp-content\/uploads\/sites\/10\/2016\/07\/ephemerides-fb.jpg?fit=1200%2C630","type":"image\/jpeg"}],"author":"Francisco Javier Fern\u00e1ndez Chento","twitter_card":"summary_large_image","twitter_creator":"@https:\/\/twitter.com\/javierchento","twitter_site":"@WeVincentians","twitter_misc":{"\u00c9crit par":"Francisco Javier Fern\u00e1ndez Chento","Dur\u00e9e de lecture estim\u00e9e":"3 minutes"},"schema":{"@context":"https:\/\/schema.org","@graph":[{"@type":"WebPage","@id":"http:\/\/vincentians.com\/fr\/ephemerides-11-juilliet\/","url":"http:\/\/vincentians.com\/fr\/ephemerides-11-juilliet\/","name":"Eph\u00e9m\u00e9rides: 11 juilliet - Nous Sommes Vincentiens","isPartOf":{"@id":"http:\/\/vincentians.com\/fr\/#website"},"primaryImageOfPage":{"@id":"http:\/\/vincentians.com\/fr\/ephemerides-11-juilliet\/#primaryimage"},"image":{"@id":"http:\/\/vincentians.com\/fr\/ephemerides-11-juilliet\/#primaryimage"},"thumbnailUrl":"https:\/\/i0.wp.com\/vincentians.com\/fr\/wp-content\/uploads\/sites\/10\/2016\/07\/ephemerides-fb.jpg?fit=1200%2C630","datePublished":"2017-07-10T22:01:41+00:00","author":{"@id":"http:\/\/vincentians.com\/fr\/#\/schema\/person\/9623ef4d9aa3b2dfb8c061f1499288f2"},"breadcrumb":{"@id":"http:\/\/vincentians.com\/fr\/ephemerides-11-juilliet\/#breadcrumb"},"inLanguage":"fr-FR","potentialAction":[{"@type":"ReadAction","target":["http:\/\/vincentians.com\/fr\/ephemerides-11-juilliet\/"]}]},{"@type":"ImageObject","inLanguage":"fr-FR","@id":"http:\/\/vincentians.com\/fr\/ephemerides-11-juilliet\/#primaryimage","url":"https:\/\/i0.wp.com\/vincentians.com\/fr\/wp-content\/uploads\/sites\/10\/2016\/07\/ephemerides-fb.jpg?fit=1200%2C630","contentUrl":"https:\/\/i0.wp.com\/vincentians.com\/fr\/wp-content\/uploads\/sites\/10\/2016\/07\/ephemerides-fb.jpg?fit=1200%2C630","width":1200,"height":630},{"@type":"BreadcrumbList","@id":"http:\/\/vincentians.com\/fr\/ephemerides-11-juilliet\/#breadcrumb","itemListElement":[{"@type":"ListItem","position":1,"name":"Portada","item":"http:\/\/vincentians.com\/fr\/"},{"@type":"ListItem","position":2,"name":"Eph\u00e9m\u00e9rides: 11 juilliet"}]},{"@type":"WebSite","@id":"http:\/\/vincentians.com\/fr\/#website","url":"http:\/\/vincentians.com\/fr\/","name":"Nous Sommes Vincentiens","description":"Know more to serve more","potentialAction":[{"@type":"SearchAction","target":{"@type":"EntryPoint","urlTemplate":"http:\/\/vincentians.com\/fr\/?s={search_term_string}"},"query-input":{"@type":"PropertyValueSpecification","valueRequired":true,"valueName":"search_term_string"}}],"inLanguage":"fr-FR"},{"@type":"Person","@id":"http:\/\/vincentians.com\/fr\/#\/schema\/person\/9623ef4d9aa3b2dfb8c061f1499288f2","name":"Francisco Javier Fern\u00e1ndez Chento","image":{"@type":"ImageObject","inLanguage":"fr-FR","@id":"http:\/\/vincentians.com\/fr\/#\/schema\/person\/image\/","url":"https:\/\/secure.gravatar.com\/avatar\/497d5cde87b4c3d097d0315953521681ba2cd523ee66e5077c3711f7021e65de?s=96&d=mm&r=g","contentUrl":"https:\/\/secure.gravatar.com\/avatar\/497d5cde87b4c3d097d0315953521681ba2cd523ee66e5077c3711f7021e65de?s=96&d=mm&r=g","caption":"Francisco Javier Fern\u00e1ndez Chento"},"description":"Director General y cofundador de La Red de Formaci\u00f3n Vicenciana. Javier es laico vicenciano, afiliado a la Congregaci\u00f3n de la Misi\u00f3n y miembro del Equipo de Misiones Populares de la provincia can\u00f3nica de Zaragoza (Espa\u00f1a) de la Congregaci\u00f3n de la Misi\u00f3n. Graduado en la Universidad Oberta de Catalunya con cuatro grados (Asistente de direcci\u00f3n, Gesti\u00f3n Administrativa, Recursos Humanos y Contabilidad Avanzada). Bil\u00edng\u00fce Espa\u00f1ol\/Ingl\u00e9s. gestiona y mantiene varias p\u00e1ginas web cristianas y vicencianas, incluida including La Red de Formaci\u00f3n Vicenciana, de la que es cofundador. Actualmente es responsable del \u00e1rea de Espa\u00f1ol de .famvin, la Red de Noticias de la Familia Vicenciana. Tambi\u00e9n es m\u00fasico cat\u00f3lico y ha editado varios discos. Es Director General y cofundador de Trovador, una reconocida compa\u00f1\u00eda discogr\u00e1fica critiana de Espa\u00f1a. Trabaja en las Tecnolog\u00edas de la Informaci\u00f3n, ofreciendo servicios de alojamiento, dise\u00f1o y mantenimiento Web, as\u00ed como asesoramiento, formaci\u00f3n y soluciones inform\u00e1ticas, gesti\u00f3n documental y digitalizaci\u00f3n de textos, edici\u00f3n y maquetaci\u00f3n de libros, revistas, flyers, etc.","sameAs":["http:\/\/chento.org","https:\/\/www.facebook.com\/JavierChento","https:\/\/x.com\/https:\/\/twitter.com\/javierchento"],"url":"http:\/\/vincentians.com\/fr\/author\/chento\/"}]}},"jetpack_publicize_connections":[],"jetpack_featured_media_url":"https:\/\/i0.wp.com\/vincentians.com\/fr\/wp-content\/uploads\/sites\/10\/2016\/07\/ephemerides-fb.jpg?fit=1200%2C630","jetpack_sharing_enabled":true,"jetpack_shortlink":"https:\/\/wp.me\/p7ETMP-NfJ","jetpack-related-posts":[{"id":52041,"url":"http:\/\/vincentians.com\/fr\/saint-vincent-de-paul-et-sa-mission-sociale-ii-les-oeuvres-4\/","url_meta":{"origin":189331,"position":0},"title":"Saint Vincent De Paul Et Sa Mission Sociale. II &#8211; Les \u0152uvres (4)","author":"Francisco Javier Fern\u00e1ndez Chento","date":"24\/12\/2014","format":false,"excerpt":"L\u2019H\u00d4PITAL. \u2014 La charit\u00e9 dans les premiers si\u00e8cles de l\u2019\u00c9glise. \u2014 Institutions hospitali\u00e8res du moyen \u00e2ge. \u2014 L\u2019antiquit\u00e9 et le christianisme. \u2014 L\u2019h\u00f4pital dans les temps modernes. \u2014 R\u00f4le de saint Vincent de Paul. \u2014 Diverses fondations du saint. \u2014 L\u2019h\u00f4pital du Nom-de-J\u00e9sus. \u2014 L\u2019H\u00f4pital g\u00e9n\u00e9ral. \u2014 La Madeleine. \u2014\u2026","rel":"","context":"Dans &quot;Vincent de Paul&quot;","block_context":{"text":"Vincent de Paul","link":"http:\/\/vincentians.com\/fr\/category\/the-vincentian-family\/founders\/vincent-de-paul\/"},"img":{"alt_text":"","src":"https:\/\/i0.wp.com\/vincentians.com\/fr\/wp-content\/uploads\/sites\/10\/2016\/07\/vincent-et-sa-action-sociale.jpg?fit=1160%2C630&resize=350%2C200","width":350,"height":200,"srcset":"https:\/\/i0.wp.com\/vincentians.com\/fr\/wp-content\/uploads\/sites\/10\/2016\/07\/vincent-et-sa-action-sociale.jpg?fit=1160%2C630&resize=350%2C200 1x, https:\/\/i0.wp.com\/vincentians.com\/fr\/wp-content\/uploads\/sites\/10\/2016\/07\/vincent-et-sa-action-sociale.jpg?fit=1160%2C630&resize=525%2C300 1.5x, https:\/\/i0.wp.com\/vincentians.com\/fr\/wp-content\/uploads\/sites\/10\/2016\/07\/vincent-et-sa-action-sociale.jpg?fit=1160%2C630&resize=700%2C400 2x, https:\/\/i0.wp.com\/vincentians.com\/fr\/wp-content\/uploads\/sites\/10\/2016\/07\/vincent-et-sa-action-sociale.jpg?fit=1160%2C630&resize=1050%2C600 3x"},"classes":[]},{"id":104144,"url":"http:\/\/vincentians.com\/fr\/ephemerides-29-novembre\/","url_meta":{"origin":189331,"position":1},"title":"Eph\u00e9m\u00e9rides: 29 novembre","author":"Francisco Javier Fern\u00e1ndez Chento","date":"29\/11\/2016","format":false,"excerpt":"1633. \u00c0 Paris, en la maison de Mlle Le Gras, proche Saint-Nicolas du Chardonnet \u2014 rue des Foss\u00e9s-Saint-Victor \u2014 trois ou quatre filles s\u2019assemblent pour apprendre \u00e0 servir les pauvres\u2026 C\u2019est une consid\u00e9ration d\u2019utilit\u00e9 pratique qui est \u00e0 l\u2019origine de ce petit fait\u00a0: les d\u00e9tails concrets et peu rago\u00fbtants de\u2026","rel":"","context":"Dans &quot;\u00c9ph\u00e9m\u00e9rides vincentiens&quot;","block_context":{"text":"\u00c9ph\u00e9m\u00e9rides vincentiens","link":"http:\/\/vincentians.com\/fr\/category\/ephemerides-vincentiens\/"},"img":{"alt_text":"","src":"https:\/\/i0.wp.com\/vincentians.com\/fr\/wp-content\/uploads\/sites\/10\/2016\/07\/ephemerides-fb.jpg?fit=1200%2C630&resize=350%2C200","width":350,"height":200,"srcset":"https:\/\/i0.wp.com\/vincentians.com\/fr\/wp-content\/uploads\/sites\/10\/2016\/07\/ephemerides-fb.jpg?fit=1200%2C630&resize=350%2C200 1x, https:\/\/i0.wp.com\/vincentians.com\/fr\/wp-content\/uploads\/sites\/10\/2016\/07\/ephemerides-fb.jpg?fit=1200%2C630&resize=525%2C300 1.5x, https:\/\/i0.wp.com\/vincentians.com\/fr\/wp-content\/uploads\/sites\/10\/2016\/07\/ephemerides-fb.jpg?fit=1200%2C630&resize=700%2C400 2x, https:\/\/i0.wp.com\/vincentians.com\/fr\/wp-content\/uploads\/sites\/10\/2016\/07\/ephemerides-fb.jpg?fit=1200%2C630&resize=1050%2C600 3x"},"classes":[]},{"id":52038,"url":"http:\/\/vincentians.com\/fr\/saint-vincent-de-paul-et-sa-mission-sociale-ii-les-oeuvres-3\/","url_meta":{"origin":189331,"position":2},"title":"Saint Vincent De Paul Et Sa Mission Sociale. II &#8211; Les \u0152uvres (3)","author":"Francisco Javier Fern\u00e1ndez Chento","date":"23\/12\/2014","format":false,"excerpt":"LA S\u0152UR DE CHARIT\u00c9. \u2014 Mademoiselle Le Gras et Vincent de Paul. \u2014 Premiers rapports ; premi\u00e8res \u0153uvres. \u2014 Institution des Filles de la Charit\u00e9, servantes des pauvres. \u2014 Une nouvelle religieuse. \u2014 Conf\u00e9rences. \u2014 R\u00e8gles. \u2014 L\u2019H\u00f4tel de Rambouillet et l\u2019H\u00f4tel-Dieu. \u2014 Les Dames de la Charit\u00e9. Madame Goussault.\u2026","rel":"","context":"Dans &quot;Vincent de Paul&quot;","block_context":{"text":"Vincent de Paul","link":"http:\/\/vincentians.com\/fr\/category\/the-vincentian-family\/founders\/vincent-de-paul\/"},"img":{"alt_text":"","src":"https:\/\/i0.wp.com\/vincentians.com\/fr\/wp-content\/uploads\/sites\/10\/2016\/07\/vincent-et-sa-action-sociale.jpg?fit=1160%2C630&resize=350%2C200","width":350,"height":200,"srcset":"https:\/\/i0.wp.com\/vincentians.com\/fr\/wp-content\/uploads\/sites\/10\/2016\/07\/vincent-et-sa-action-sociale.jpg?fit=1160%2C630&resize=350%2C200 1x, https:\/\/i0.wp.com\/vincentians.com\/fr\/wp-content\/uploads\/sites\/10\/2016\/07\/vincent-et-sa-action-sociale.jpg?fit=1160%2C630&resize=525%2C300 1.5x, https:\/\/i0.wp.com\/vincentians.com\/fr\/wp-content\/uploads\/sites\/10\/2016\/07\/vincent-et-sa-action-sociale.jpg?fit=1160%2C630&resize=700%2C400 2x, https:\/\/i0.wp.com\/vincentians.com\/fr\/wp-content\/uploads\/sites\/10\/2016\/07\/vincent-et-sa-action-sociale.jpg?fit=1160%2C630&resize=1050%2C600 3x"},"classes":[]},{"id":105392,"url":"http:\/\/vincentians.com\/fr\/la-vie-de-mademoiselle-le-gras-livre-second-chapitre-1\/","url_meta":{"origin":189331,"position":3},"title":"La Vie de Mademoiselle Le Gras. Livre Second, Chapitre 1","author":"Francisco Javier Fern\u00e1ndez Chento","date":"29\/08\/2016","format":false,"excerpt":"Les Confr\u00e9ries de Charit\u00e9, depuis l'ann\u00e9e mil six cent dix sept, que la premi\u00e8re avait \u00e9t\u00e9 institu\u00e9e par Monsieur Vincent, n'avaient pas encore toute la perfection qui leur \u00e9tait n\u00e9cessaire. Dans les paroisses de la campagne o\u00f9 elles avaient \u00e9t\u00e9 premi\u00e8rement \u00e9tablies, les femmes qui s'y engageaient, assistaient elles-m\u00eames les\u2026","rel":"","context":"Dans &quot;Louise de Marillac&quot;","block_context":{"text":"Louise de Marillac","link":"http:\/\/vincentians.com\/fr\/category\/the-vincentian-family\/founders\/louise-de-marillac\/"},"img":{"alt_text":"","src":"https:\/\/i0.wp.com\/vincentians.com\/fr\/wp-content\/uploads\/sites\/10\/2016\/07\/louise-de-marillac.jpg?fit=1200%2C630&resize=350%2C200","width":350,"height":200,"srcset":"https:\/\/i0.wp.com\/vincentians.com\/fr\/wp-content\/uploads\/sites\/10\/2016\/07\/louise-de-marillac.jpg?fit=1200%2C630&resize=350%2C200 1x, https:\/\/i0.wp.com\/vincentians.com\/fr\/wp-content\/uploads\/sites\/10\/2016\/07\/louise-de-marillac.jpg?fit=1200%2C630&resize=525%2C300 1.5x, https:\/\/i0.wp.com\/vincentians.com\/fr\/wp-content\/uploads\/sites\/10\/2016\/07\/louise-de-marillac.jpg?fit=1200%2C630&resize=700%2C400 2x, https:\/\/i0.wp.com\/vincentians.com\/fr\/wp-content\/uploads\/sites\/10\/2016\/07\/louise-de-marillac.jpg?fit=1200%2C630&resize=1050%2C600 3x"},"classes":[]},{"id":38477,"url":"http:\/\/vincentians.com\/fr\/le-directeur-provincial-animateur-des-filles-de-la-charite\/","url_meta":{"origin":189331,"position":4},"title":"Le Directeur Provincial \u201canimateur\u201d des Filles de la Charit\u00e9","author":"Francisco Javier Fern\u00e1ndez Chento","date":"03\/10\/2012","format":false,"excerpt":"Dans les Constitutions des Filles de la Charit\u00e9, nous trouvons \u00e0 l\u2019article 3.38: le Directeur Provincial est un pr\u00eatre de la Congr\u00e9gation de la Mission, nomm\u00e9 par le Sup\u00e9rieur G\u00e9n\u00e9ral; \u201cil partage avec la Visitatrice et son Conseil la responsabilit\u00e9 de promouvoir l\u2019esprit vincentien dans la Province\u201d Missionnaire, le directeur\u2026","rel":"","context":"Dans &quot;Congr\u00e9gation de la Mission&quot;","block_context":{"text":"Congr\u00e9gation de la Mission","link":"http:\/\/vincentians.com\/fr\/category\/congregation-de-la-mission\/"},"img":{"alt_text":"","src":"https:\/\/i0.wp.com\/vincentiens.org\/wp-content\/uploads\/2011\/05\/filles_charite-228x300.jpg?resize=350%2C200","width":350,"height":200},"classes":[]},{"id":104530,"url":"http:\/\/vincentians.com\/fr\/louise-de-marillac-lettre-0006-a-monsieur-vincent\/","url_meta":{"origin":189331,"position":5},"title":"Louise de Marillac, Lettre 0006: \u00e0 Monsieur Vincent","author":"Francisco Javier Fern\u00e1ndez Chento","date":"23\/08\/2016","format":false,"excerpt":"d\u00e9cembre 1636 Monsieur, Madame de Beaufort m'a mand\u00e9 que voici le temps, le plus propre pour travailler \u00e0 l'\u00e9tablissement de la Charit\u00e9 de Saint-Etienne, et que Monsieur le Cur\u00e9 le d\u00e9sire fort; et pour ce sujet a trouv\u00e9 bon qu'elle, et une autre Dame, fissent la qu\u00eate ces f\u00eates- ce\u2026","rel":"","context":"Dans &quot;\u00c9crits de Louise de Marillac&quot;","block_context":{"text":"\u00c9crits de Louise de Marillac","link":"http:\/\/vincentians.com\/fr\/category\/ecrits-de-louise-de-marillac\/"},"img":{"alt_text":"","src":"https:\/\/i0.wp.com\/vincentians.com\/fr\/wp-content\/uploads\/sites\/10\/2016\/07\/cartas-luisa-de-marillac.jpg?fit=1200%2C630&resize=350%2C200","width":350,"height":200,"srcset":"https:\/\/i0.wp.com\/vincentians.com\/fr\/wp-content\/uploads\/sites\/10\/2016\/07\/cartas-luisa-de-marillac.jpg?fit=1200%2C630&resize=350%2C200 1x, https:\/\/i0.wp.com\/vincentians.com\/fr\/wp-content\/uploads\/sites\/10\/2016\/07\/cartas-luisa-de-marillac.jpg?fit=1200%2C630&resize=525%2C300 1.5x, https:\/\/i0.wp.com\/vincentians.com\/fr\/wp-content\/uploads\/sites\/10\/2016\/07\/cartas-luisa-de-marillac.jpg?fit=1200%2C630&resize=700%2C400 2x, https:\/\/i0.wp.com\/vincentians.com\/fr\/wp-content\/uploads\/sites\/10\/2016\/07\/cartas-luisa-de-marillac.jpg?fit=1200%2C630&resize=1050%2C600 3x"},"classes":[]}],"_links":{"self":[{"href":"http:\/\/vincentians.com\/fr\/wp-json\/wp\/v2\/posts\/189331","targetHints":{"allow":["GET"]}}],"collection":[{"href":"http:\/\/vincentians.com\/fr\/wp-json\/wp\/v2\/posts"}],"about":[{"href":"http:\/\/vincentians.com\/fr\/wp-json\/wp\/v2\/types\/post"}],"author":[{"embeddable":true,"href":"http:\/\/vincentians.com\/fr\/wp-json\/wp\/v2\/users\/4"}],"replies":[{"embeddable":true,"href":"http:\/\/vincentians.com\/fr\/wp-json\/wp\/v2\/comments?post=189331"}],"version-history":[{"count":0,"href":"http:\/\/vincentians.com\/fr\/wp-json\/wp\/v2\/posts\/189331\/revisions"}],"wp:featuredmedia":[{"embeddable":true,"href":"http:\/\/vincentians.com\/fr\/wp-json\/wp\/v2\/media\/149897"}],"wp:attachment":[{"href":"http:\/\/vincentians.com\/fr\/wp-json\/wp\/v2\/media?parent=189331"}],"wp:term":[{"taxonomy":"category","embeddable":true,"href":"http:\/\/vincentians.com\/fr\/wp-json\/wp\/v2\/categories?post=189331"},{"taxonomy":"post_tag","embeddable":true,"href":"http:\/\/vincentians.com\/fr\/wp-json\/wp\/v2\/tags?post=189331"}],"curies":[{"name":"wp","href":"https:\/\/api.w.org\/{rel}","templated":true}]}}